{"id":1397,"date":"2025-12-12T11:14:41","date_gmt":"2025-12-12T11:14:41","guid":{"rendered":"https:\/\/agrupacionespsoe.es\/ponferrada\/?p=1397"},"modified":"2025-12-12T11:15:40","modified_gmt":"2025-12-12T11:15:40","slug":"el-grupo-socialista-acusa-al-equipo-de-gobierno-de-ponferrada-de-ignorar-la-igualdad-y-la-cooperacion-al-desarrollo-al-dejar-sin-presupuesto-sus-subvenciones","status":"publish","type":"post","link":"https:\/\/agrupacionespsoe.es\/ponferrada\/el-grupo-socialista-acusa-al-equipo-de-gobierno-de-ponferrada-de-ignorar-la-igualdad-y-la-cooperacion-al-desarrollo-al-dejar-sin-presupuesto-sus-subvenciones\/","title":{"rendered":"\u00abEl Grupo Socialista acusa al equipo de gobierno de Ponferrada de ignorar la igualdad y la cooperaci\u00f3n al desarrollo al dejar sin presupuesto sus subvenciones\u00bb"},"content":{"rendered":"\n<p>El Grupo Municipal Socialista denuncia la incoherencia y el sesgo ideol\u00f3gico del equipo de gobierno del PP y Coalici\u00f3n por el Bierzo, que aprob\u00f3 en pleno \u2014el 16 de mayo de 2025\u2014 el Plan Estrat\u00e9gico de Subvenciones para el periodo 2025\u20132027, incluyendo la Convocatoria P\u00fablica de Cooperaci\u00f3n Internacional, pero ha sido incapaz de dotar de presupuesto las partidas necesarias para ponerlo en marcha.<\/p>\n\n\n\n<p>El Grupo Socialista recuerda que este plan estrat\u00e9gico es la herramienta que ordena, da seguridad y garantiza la continuidad de las ayudas a las asociaciones y entidades que trabajan en la ciudad. \u201cPara ellas no es un tr\u00e1mite est\u00e9tico: es la base sobre la que planifican su actividad anual, sus proyectos y su viabilidad. Dejar sin cr\u00e9dito estas convocatorias no es un descuido: es un desprecio\u201d.<\/p>\n\n\n\n<p>No es una casualidad que las \u00fanicas subvenciones a las que no han dotado de presupuesto este a\u00f1o hayan sido las incluidas en materia de igualdad entre hombres y mujeres y las subvenciones para programas de Cooperaci\u00f3n al Desarrollo. Adem\u00e1s de los dos cert\u00e1menes destinados a la sensibilizaci\u00f3n de los j\u00f3venes en igualdad y violencia de g\u00e9nero.<\/p>\n\n\n\n<p>Son importes m\u00ednimos dentro de un presupuesto municipal, pero aun as\u00ed el gobierno municipal no les ha asignado ni un euro.<\/p>\n\n\n\n<p>El PSOE denuncia que el problema no era elegir entre cooperaci\u00f3n o igualdad y las asociaciones vecinales, todas ellas pod\u00edan y deb\u00edan financiarse. Bastaba con recortar alguno de los m\u00faltiples gastos innecesarios o superfluos que s\u00ed han salido adelante para dotar las partidas que afectan a derechos fundamentales, sensibilizaci\u00f3n social y proyectos humanitarios.<\/p>\n\n\n\n<p>\u201cNo ha sido una cuesti\u00f3n de falta de recursos: ha sido una cuesti\u00f3n de prioridades o de ideolog\u00eda. Y el PP y CB han demostrado que su prioridad no son ni la igualdad, ni la cooperaci\u00f3n, ni el apoyo a las entidades que trabajan por una sociedad m\u00e1s justa dentro y fuera de Ponferrada\u201d, se\u00f1alan los socialistas.<\/p>\n\n\n\n<p>Ahora han sacado unas bases para la tramitaci\u00f3n anticipada de estas subvenciones al desarrollo que est\u00e1n condicionadas a la existencia de cr\u00e9dito adecuado y suficiente en el momento de la resoluci\u00f3n de concesi\u00f3n, y por lo que nosotros sabemos no tienen ese cr\u00e9dito, es simplemente maquillaje para aparentar que se preocupan.<\/p>\n\n\n\n<p>\u201cSi el equipo de gobierno cree en la cooperaci\u00f3n y en la igualdad, lo demuestra financi\u00e1ndolas. Pero si prefiere gastar en propaganda, eventos y decisiones improvisadas, entonces deja claro cu\u00e1l es su modelo de ciudad\u201d, a\u00f1ade el Grupo Socialista.<\/p>\n\n\n\n<p>El Grupo Municipal Socialista pide al equipo de gobierno que dote de cr\u00e9dito todas las actuaciones que ven\u00edan recogidas en el Plan Estrat\u00e9gico de Subvenciones, que son para muchas entidades una herramienta esencial de trabajo y supervivencia. \u201cEl gobierno del PP y CB deja claro cu\u00e1les son sus prioridades pol\u00edticas y est\u00e1 claro que entre ellas, no est\u00e1 ni la igualdad ni la cooperaci\u00f3n al desarrollo. Dir\u00e1n que es problema de falta de presupuesto, pero han llevado modificaciones presupuestarias en la mayor\u00eda de los plenos celebrados. Hay muchas gastos superfluos e innecesarios que pueden reducirse para dotar de presupuesto estas partidas, no lo hacen porque no tienen inter\u00e9s\u201d.&nbsp;<\/p>\n\n\n\n<figure class=\"wp-block-image size-large\"><img loading=\"lazy\" decoding=\"async\" width=\"1024\" height=\"622\" src=\"https:\/\/agrupacionespsoe.es\/ponferrada\/wp-content\/uploads\/sites\/36\/2025\/12\/WhatsApp-Image-2025-12-12-at-12.12.25-1024x622.jpeg\" alt=\"\" class=\"wp-image-1398\" srcset=\"https:\/\/agrupacionespsoe.es\/ponferrada\/wp-content\/uploads\/sites\/36\/2025\/12\/WhatsApp-Image-2025-12-12-at-12.12.25-1024x622.jpeg 1024w, https:\/\/agrupacionespsoe.es\/ponferrada\/wp-content\/uploads\/sites\/36\/2025\/12\/WhatsApp-Image-2025-12-12-at-12.12.25-300x182.jpeg 300w, https:\/\/agrupacionespsoe.es\/ponferrada\/wp-content\/uploads\/sites\/36\/2025\/12\/WhatsApp-Image-2025-12-12-at-12.12.25-768x467.jpeg 768w, https:\/\/agrupacionespsoe.es\/ponferrada\/wp-content\/uploads\/sites\/36\/2025\/12\/WhatsApp-Image-2025-12-12-at-12.12.25-1536x933.jpeg 1536w, https:\/\/agrupacionespsoe.es\/ponferrada\/wp-content\/uploads\/sites\/36\/2025\/12\/WhatsApp-Image-2025-12-12-at-12.12.25.jpeg 1600w\" sizes=\"auto, (max-width: 1024px) 100vw, 1024px\" \/><\/figure>\n","protected":false},"excerpt":{"rendered":"<p>El Grupo Municipal Socialista denuncia la incoherencia y el sesgo ideol\u00f3gico del equipo de gobierno del PP y Coalici\u00f3n por el Bierzo, que aprob\u00f3 en pleno \u2014el 16 de mayo de 2025\u2014 el Plan Estrat\u00e9gico de Subvenciones para el periodo 2025\u20132027, incluyendo la Convocatoria P\u00fablica de Cooperaci\u00f3n Internacional, pero ha sido incapaz de dotar de &#8230;<\/p>\n","protected":false},"author":32,"featured_media":1398,"comment_status":"open","ping_status":"open","sticky":false,"template":"","format":"standard","meta":{"_jetpack_memberships_contains_paid_content":false,"footnotes":""},"categories":[6],"tags":[],"class_list":["post-1397","post","type-post","status-publish","format-standard","has-post-thumbnail","hentry","category-actualidad"],"yoast_head":"<!-- This site is optimized with the Yoast SEO plugin v24.0 - https:\/\/yoast.com\/wordpress\/plugins\/seo\/ -->\n<title>&quot;El Grupo Socialista acusa al equipo de gobierno de Ponferrada de ignorar la igualdad y la cooperaci\u00f3n al desarrollo al dejar sin presupuesto sus subvenciones&quot; - Agrupaci\u00f3n Socialista de Ponferrada<\/title>\n<meta name=\"robots\" content=\"index, follow, max-snippet:-1, max-image-preview:large, max-video-preview:-1\" \/>\n<link rel=\"canonical\" href=\"https:\/\/agrupacionespsoe.es\/ponferrada\/el-grupo-socialista-acusa-al-equipo-de-gobierno-de-ponferrada-de-ignorar-la-igualdad-y-la-cooperacion-al-desarrollo-al-dejar-sin-presupuesto-sus-subvenciones\/\" \/>\n<meta property=\"og:locale\" content=\"es_ES\" \/>\n<meta property=\"og:type\" content=\"article\" \/>\n<meta property=\"og:title\" content=\"&quot;El Grupo Socialista acusa al equipo de gobierno de Ponferrada de ignorar la igualdad y la cooperaci\u00f3n al desarrollo al dejar sin presupuesto sus subvenciones&quot; - Agrupaci\u00f3n Socialista de Ponferrada\" \/>\n<meta property=\"og:description\" content=\"El Grupo Municipal Socialista denuncia la incoherencia y el sesgo ideol\u00f3gico del equipo de gobierno del PP y Coalici\u00f3n por el Bierzo, que aprob\u00f3 en pleno \u2014el 16 de mayo de 2025\u2014 el Plan Estrat\u00e9gico de Subvenciones para el periodo 2025\u20132027, incluyendo la Convocatoria P\u00fablica de Cooperaci\u00f3n Internacional, pero ha sido incapaz de dotar de ...\" \/>\n<meta property=\"og:url\" content=\"https:\/\/agrupacionespsoe.es\/ponferrada\/el-grupo-socialista-acusa-al-equipo-de-gobierno-de-ponferrada-de-ignorar-la-igualdad-y-la-cooperacion-al-desarrollo-al-dejar-sin-presupuesto-sus-subvenciones\/\" \/>\n<meta property=\"og:site_name\" content=\"Agrupaci\u00f3n Socialista de Ponferrada\" \/>\n<meta property=\"article:published_time\" content=\"2025-12-12T11:14:41+00:00\" \/>\n<meta property=\"article:modified_time\" content=\"2025-12-12T11:15:40+00:00\" \/>\n<meta property=\"og:image\" content=\"https:\/\/agrupacionespsoe.es\/ponferrada\/wp-content\/uploads\/sites\/36\/2025\/12\/WhatsApp-Image-2025-12-12-at-12.12.25.jpeg\" \/>\n\t<meta property=\"og:image:width\" content=\"1600\" \/>\n\t<meta property=\"og:image:height\" content=\"972\" \/>\n\t<meta property=\"og:image:type\" content=\"image\/jpeg\" \/>\n<meta name=\"author\" content=\"ponferrada2\" \/>\n<meta name=\"twitter:card\" content=\"summary_large_image\" \/>\n<meta name=\"twitter:label1\" content=\"Escrito por\" \/>\n\t<meta name=\"twitter:data1\" content=\"ponferrada2\" \/>\n\t<meta name=\"twitter:label2\" content=\"Tiempo de lectura\" \/>\n\t<meta name=\"twitter:data2\" content=\"3 minutos\" \/>\n<script type=\"application\/ld+json\" class=\"yoast-schema-graph\">{\"@context\":\"https:\/\/schema.org\",\"@graph\":[{\"@type\":\"Article\",\"@id\":\"https:\/\/agrupacionespsoe.es\/ponferrada\/el-grupo-socialista-acusa-al-equipo-de-gobierno-de-ponferrada-de-ignorar-la-igualdad-y-la-cooperacion-al-desarrollo-al-dejar-sin-presupuesto-sus-subvenciones\/#article\",\"isPartOf\":{\"@id\":\"https:\/\/agrupacionespsoe.es\/ponferrada\/el-grupo-socialista-acusa-al-equipo-de-gobierno-de-ponferrada-de-ignorar-la-igualdad-y-la-cooperacion-al-desarrollo-al-dejar-sin-presupuesto-sus-subvenciones\/\"},\"author\":{\"name\":\"ponferrada2\",\"@id\":\"https:\/\/agrupacionespsoe.es\/ponferrada\/#\/schema\/person\/cd29ee627f3b70c05d415f02596debaa\"},\"headline\":\"\u00abEl Grupo Socialista acusa al equipo de gobierno de Ponferrada de ignorar la igualdad y la cooperaci\u00f3n al desarrollo al dejar sin presupuesto sus subvenciones\u00bb\",\"datePublished\":\"2025-12-12T11:14:41+00:00\",\"dateModified\":\"2025-12-12T11:15:40+00:00\",\"mainEntityOfPage\":{\"@id\":\"https:\/\/agrupacionespsoe.es\/ponferrada\/el-grupo-socialista-acusa-al-equipo-de-gobierno-de-ponferrada-de-ignorar-la-igualdad-y-la-cooperacion-al-desarrollo-al-dejar-sin-presupuesto-sus-subvenciones\/\"},\"wordCount\":586,\"commentCount\":0,\"publisher\":{\"@id\":\"https:\/\/agrupacionespsoe.es\/ponferrada\/#organization\"},\"image\":{\"@id\":\"https:\/\/agrupacionespsoe.es\/ponferrada\/el-grupo-socialista-acusa-al-equipo-de-gobierno-de-ponferrada-de-ignorar-la-igualdad-y-la-cooperacion-al-desarrollo-al-dejar-sin-presupuesto-sus-subvenciones\/#primaryimage\"},\"thumbnailUrl\":\"https:\/\/agrupacionespsoe.es\/ponferrada\/wp-content\/uploads\/sites\/36\/2025\/12\/WhatsApp-Image-2025-12-12-at-12.12.25.jpeg\",\"articleSection\":[\"ACTUALIDAD\"],\"inLanguage\":\"es\",\"potentialAction\":[{\"@type\":\"CommentAction\",\"name\":\"Comment\",\"target\":[\"https:\/\/agrupacionespsoe.es\/ponferrada\/el-grupo-socialista-acusa-al-equipo-de-gobierno-de-ponferrada-de-ignorar-la-igualdad-y-la-cooperacion-al-desarrollo-al-dejar-sin-presupuesto-sus-subvenciones\/#respond\"]}]},{\"@type\":\"WebPage\",\"@id\":\"https:\/\/agrupacionespsoe.es\/ponferrada\/el-grupo-socialista-acusa-al-equipo-de-gobierno-de-ponferrada-de-ignorar-la-igualdad-y-la-cooperacion-al-desarrollo-al-dejar-sin-presupuesto-sus-subvenciones\/\",\"url\":\"https:\/\/agrupacionespsoe.es\/ponferrada\/el-grupo-socialista-acusa-al-equipo-de-gobierno-de-ponferrada-de-ignorar-la-igualdad-y-la-cooperacion-al-desarrollo-al-dejar-sin-presupuesto-sus-subvenciones\/\",\"name\":\"\\\"El Grupo Socialista acusa al equipo de gobierno de Ponferrada de ignorar la igualdad y la cooperaci\u00f3n al desarrollo al dejar sin presupuesto sus subvenciones\\\" - Agrupaci\u00f3n Socialista de Ponferrada\",\"isPartOf\":{\"@id\":\"https:\/\/agrupacionespsoe.es\/ponferrada\/#website\"},\"primaryImageOfPage\":{\"@id\":\"https:\/\/agrupacionespsoe.es\/ponferrada\/el-grupo-socialista-acusa-al-equipo-de-gobierno-de-ponferrada-de-ignorar-la-igualdad-y-la-cooperacion-al-desarrollo-al-dejar-sin-presupuesto-sus-subvenciones\/#primaryimage\"},\"image\":{\"@id\":\"https:\/\/agrupacionespsoe.es\/ponferrada\/el-grupo-socialista-acusa-al-equipo-de-gobierno-de-ponferrada-de-ignorar-la-igualdad-y-la-cooperacion-al-desarrollo-al-dejar-sin-presupuesto-sus-subvenciones\/#primaryimage\"},\"thumbnailUrl\":\"https:\/\/agrupacionespsoe.es\/ponferrada\/wp-content\/uploads\/sites\/36\/2025\/12\/WhatsApp-Image-2025-12-12-at-12.12.25.jpeg\",\"datePublished\":\"2025-12-12T11:14:41+00:00\",\"dateModified\":\"2025-12-12T11:15:40+00:00\",\"breadcrumb\":{\"@id\":\"https:\/\/agrupacionespsoe.es\/ponferrada\/el-grupo-socialista-acusa-al-equipo-de-gobierno-de-ponferrada-de-ignorar-la-igualdad-y-la-cooperacion-al-desarrollo-al-dejar-sin-presupuesto-sus-subvenciones\/#breadcrumb\"},\"inLanguage\":\"es\",\"potentialAction\":[{\"@type\":\"ReadAction\",\"target\":[\"https:\/\/agrupacionespsoe.es\/ponferrada\/el-grupo-socialista-acusa-al-equipo-de-gobierno-de-ponferrada-de-ignorar-la-igualdad-y-la-cooperacion-al-desarrollo-al-dejar-sin-presupuesto-sus-subvenciones\/\"]}]},{\"@type\":\"ImageObject\",\"inLanguage\":\"es\",\"@id\":\"https:\/\/agrupacionespsoe.es\/ponferrada\/el-grupo-socialista-acusa-al-equipo-de-gobierno-de-ponferrada-de-ignorar-la-igualdad-y-la-cooperacion-al-desarrollo-al-dejar-sin-presupuesto-sus-subvenciones\/#primaryimage\",\"url\":\"https:\/\/agrupacionespsoe.es\/ponferrada\/wp-content\/uploads\/sites\/36\/2025\/12\/WhatsApp-Image-2025-12-12-at-12.12.25.jpeg\",\"contentUrl\":\"https:\/\/agrupacionespsoe.es\/ponferrada\/wp-content\/uploads\/sites\/36\/2025\/12\/WhatsApp-Image-2025-12-12-at-12.12.25.jpeg\",\"width\":1600,\"height\":972},{\"@type\":\"BreadcrumbList\",\"@id\":\"https:\/\/agrupacionespsoe.es\/ponferrada\/el-grupo-socialista-acusa-al-equipo-de-gobierno-de-ponferrada-de-ignorar-la-igualdad-y-la-cooperacion-al-desarrollo-al-dejar-sin-presupuesto-sus-subvenciones\/#breadcrumb\",\"itemListElement\":[{\"@type\":\"ListItem\",\"position\":1,\"name\":\"Portada\",\"item\":\"https:\/\/agrupacionespsoe.es\/ponferrada\/\"},{\"@type\":\"ListItem\",\"position\":2,\"name\":\"\u00abEl Grupo Socialista acusa al equipo de gobierno de Ponferrada de ignorar la igualdad y la cooperaci\u00f3n al desarrollo al dejar sin presupuesto sus subvenciones\u00bb\"}]},{\"@type\":\"WebSite\",\"@id\":\"https:\/\/agrupacionespsoe.es\/ponferrada\/#website\",\"url\":\"https:\/\/agrupacionespsoe.es\/ponferrada\/\",\"name\":\"Agrupaci\u00f3n Socialista de Ponferrada\",\"description\":\"Agrupaci\u00f3n Socialista de Ponferrada\",\"publisher\":{\"@id\":\"https:\/\/agrupacionespsoe.es\/ponferrada\/#organization\"},\"potentialAction\":[{\"@type\":\"SearchAction\",\"target\":{\"@type\":\"EntryPoint\",\"urlTemplate\":\"https:\/\/agrupacionespsoe.es\/ponferrada\/?s={search_term_string}\"},\"query-input\":{\"@type\":\"PropertyValueSpecification\",\"valueRequired\":true,\"valueName\":\"search_term_string\"}}],\"inLanguage\":\"es\"},{\"@type\":\"Organization\",\"@id\":\"https:\/\/agrupacionespsoe.es\/ponferrada\/#organization\",\"name\":\"Agrupaci\u00f3n Socialista de Ponferrada\",\"url\":\"https:\/\/agrupacionespsoe.es\/ponferrada\/\",\"logo\":{\"@type\":\"ImageObject\",\"inLanguage\":\"es\",\"@id\":\"https:\/\/agrupacionespsoe.es\/ponferrada\/#\/schema\/logo\/image\/\",\"url\":\"https:\/\/agrupacionespsoe.es\/wp-content\/uploads\/2022\/07\/Logotipo_electoral_del_PSOE.png\",\"contentUrl\":\"https:\/\/agrupacionespsoe.es\/wp-content\/uploads\/2022\/07\/Logotipo_electoral_del_PSOE.png\",\"width\":422,\"height\":422,\"caption\":\"Agrupaci\u00f3n Socialista de Ponferrada\"},\"image\":{\"@id\":\"https:\/\/agrupacionespsoe.es\/ponferrada\/#\/schema\/logo\/image\/\"}},{\"@type\":\"Person\",\"@id\":\"https:\/\/agrupacionespsoe.es\/ponferrada\/#\/schema\/person\/cd29ee627f3b70c05d415f02596debaa\",\"name\":\"ponferrada2\",\"image\":{\"@type\":\"ImageObject\",\"inLanguage\":\"es\",\"@id\":\"https:\/\/agrupacionespsoe.es\/ponferrada\/#\/schema\/person\/image\/\",\"url\":\"https:\/\/secure.gravatar.com\/avatar\/f499eeb60144c664cf7b7edf75549b50?s=96&d=mm&r=g\",\"contentUrl\":\"https:\/\/secure.gravatar.com\/avatar\/f499eeb60144c664cf7b7edf75549b50?s=96&d=mm&r=g\",\"caption\":\"ponferrada2\"},\"url\":\"https:\/\/agrupacionespsoe.es\/ponferrada\/author\/ponferrada2\/\"}]}<\/script>\n<!-- \/ Yoast SEO plugin. -->","yoast_head_json":{"title":"\"El Grupo Socialista acusa al equipo de gobierno de Ponferrada de ignorar la igualdad y la cooperaci\u00f3n al desarrollo al dejar sin presupuesto sus subvenciones\" - Agrupaci\u00f3n Socialista de Ponferrada","robots":{"index":"index","follow":"follow","max-snippet":"max-snippet:-1","max-image-preview":"max-image-preview:large","max-video-preview":"max-video-preview:-1"},"canonical":"https:\/\/agrupacionespsoe.es\/ponferrada\/el-grupo-socialista-acusa-al-equipo-de-gobierno-de-ponferrada-de-ignorar-la-igualdad-y-la-cooperacion-al-desarrollo-al-dejar-sin-presupuesto-sus-subvenciones\/","og_locale":"es_ES","og_type":"article","og_title":"\"El Grupo Socialista acusa al equipo de gobierno de Ponferrada de ignorar la igualdad y la cooperaci\u00f3n al desarrollo al dejar sin presupuesto sus subvenciones\" - Agrupaci\u00f3n Socialista de Ponferrada","og_description":"El Grupo Municipal Socialista denuncia la incoherencia y el sesgo ideol\u00f3gico del equipo de gobierno del PP y Coalici\u00f3n por el Bierzo, que aprob\u00f3 en pleno \u2014el 16 de mayo de 2025\u2014 el Plan Estrat\u00e9gico de Subvenciones para el periodo 2025\u20132027, incluyendo la Convocatoria P\u00fablica de Cooperaci\u00f3n Internacional, pero ha sido incapaz de dotar de ...","og_url":"https:\/\/agrupacionespsoe.es\/ponferrada\/el-grupo-socialista-acusa-al-equipo-de-gobierno-de-ponferrada-de-ignorar-la-igualdad-y-la-cooperacion-al-desarrollo-al-dejar-sin-presupuesto-sus-subvenciones\/","og_site_name":"Agrupaci\u00f3n Socialista de Ponferrada","article_published_time":"2025-12-12T11:14:41+00:00","article_modified_time":"2025-12-12T11:15:40+00:00","og_image":[{"width":1600,"height":972,"url":"https:\/\/agrupacionespsoe.es\/ponferrada\/wp-content\/uploads\/sites\/36\/2025\/12\/WhatsApp-Image-2025-12-12-at-12.12.25.jpeg","type":"image\/jpeg"}],"author":"ponferrada2","twitter_card":"summary_large_image","twitter_misc":{"Escrito por":"ponferrada2","Tiempo de lectura":"3 minutos"},"schema":{"@context":"https:\/\/schema.org","@graph":[{"@type":"Article","@id":"https:\/\/agrupacionespsoe.es\/ponferrada\/el-grupo-socialista-acusa-al-equipo-de-gobierno-de-ponferrada-de-ignorar-la-igualdad-y-la-cooperacion-al-desarrollo-al-dejar-sin-presupuesto-sus-subvenciones\/#article","isPartOf":{"@id":"https:\/\/agrupacionespsoe.es\/ponferrada\/el-grupo-socialista-acusa-al-equipo-de-gobierno-de-ponferrada-de-ignorar-la-igualdad-y-la-cooperacion-al-desarrollo-al-dejar-sin-presupuesto-sus-subvenciones\/"},"author":{"name":"ponferrada2","@id":"https:\/\/agrupacionespsoe.es\/ponferrada\/#\/schema\/person\/cd29ee627f3b70c05d415f02596debaa"},"headline":"\u00abEl Grupo Socialista acusa al equipo de gobierno de Ponferrada de ignorar la igualdad y la cooperaci\u00f3n al desarrollo al dejar sin presupuesto sus subvenciones\u00bb","datePublished":"2025-12-12T11:14:41+00:00","dateModified":"2025-12-12T11:15:40+00:00","mainEntityOfPage":{"@id":"https:\/\/agrupacionespsoe.es\/ponferrada\/el-grupo-socialista-acusa-al-equipo-de-gobierno-de-ponferrada-de-ignorar-la-igualdad-y-la-cooperacion-al-desarrollo-al-dejar-sin-presupuesto-sus-subvenciones\/"},"wordCount":586,"commentCount":0,"publisher":{"@id":"https:\/\/agrupacionespsoe.es\/ponferrada\/#organization"},"image":{"@id":"https:\/\/agrupacionespsoe.es\/ponferrada\/el-grupo-socialista-acusa-al-equipo-de-gobierno-de-ponferrada-de-ignorar-la-igualdad-y-la-cooperacion-al-desarrollo-al-dejar-sin-presupuesto-sus-subvenciones\/#primaryimage"},"thumbnailUrl":"https:\/\/agrupacionespsoe.es\/ponferrada\/wp-content\/uploads\/sites\/36\/2025\/12\/WhatsApp-Image-2025-12-12-at-12.12.25.jpeg","articleSection":["ACTUALIDAD"],"inLanguage":"es","potentialAction":[{"@type":"CommentAction","name":"Comment","target":["https:\/\/agrupacionespsoe.es\/ponferrada\/el-grupo-socialista-acusa-al-equipo-de-gobierno-de-ponferrada-de-ignorar-la-igualdad-y-la-cooperacion-al-desarrollo-al-dejar-sin-presupuesto-sus-subvenciones\/#respond"]}]},{"@type":"WebPage","@id":"https:\/\/agrupacionespsoe.es\/ponferrada\/el-grupo-socialista-acusa-al-equipo-de-gobierno-de-ponferrada-de-ignorar-la-igualdad-y-la-cooperacion-al-desarrollo-al-dejar-sin-presupuesto-sus-subvenciones\/","url":"https:\/\/agrupacionespsoe.es\/ponferrada\/el-grupo-socialista-acusa-al-equipo-de-gobierno-de-ponferrada-de-ignorar-la-igualdad-y-la-cooperacion-al-desarrollo-al-dejar-sin-presupuesto-sus-subvenciones\/","name":"\"El Grupo Socialista acusa al equipo de gobierno de Ponferrada de ignorar la igualdad y la cooperaci\u00f3n al desarrollo al dejar sin presupuesto sus subvenciones\" - Agrupaci\u00f3n Socialista de Ponferrada","isPartOf":{"@id":"https:\/\/agrupacionespsoe.es\/ponferrada\/#website"},"primaryImageOfPage":{"@id":"https:\/\/agrupacionespsoe.es\/ponferrada\/el-grupo-socialista-acusa-al-equipo-de-gobierno-de-ponferrada-de-ignorar-la-igualdad-y-la-cooperacion-al-desarrollo-al-dejar-sin-presupuesto-sus-subvenciones\/#primaryimage"},"image":{"@id":"https:\/\/agrupacionespsoe.es\/ponferrada\/el-grupo-socialista-acusa-al-equipo-de-gobierno-de-ponferrada-de-ignorar-la-igualdad-y-la-cooperacion-al-desarrollo-al-dejar-sin-presupuesto-sus-subvenciones\/#primaryimage"},"thumbnailUrl":"https:\/\/agrupacionespsoe.es\/ponferrada\/wp-content\/uploads\/sites\/36\/2025\/12\/WhatsApp-Image-2025-12-12-at-12.12.25.jpeg","datePublished":"2025-12-12T11:14:41+00:00","dateModified":"2025-12-12T11:15:40+00:00","breadcrumb":{"@id":"https:\/\/agrupacionespsoe.es\/ponferrada\/el-grupo-socialista-acusa-al-equipo-de-gobierno-de-ponferrada-de-ignorar-la-igualdad-y-la-cooperacion-al-desarrollo-al-dejar-sin-presupuesto-sus-subvenciones\/#breadcrumb"},"inLanguage":"es","potentialAction":[{"@type":"ReadAction","target":["https:\/\/agrupacionespsoe.es\/ponferrada\/el-grupo-socialista-acusa-al-equipo-de-gobierno-de-ponferrada-de-ignorar-la-igualdad-y-la-cooperacion-al-desarrollo-al-dejar-sin-presupuesto-sus-subvenciones\/"]}]},{"@type":"ImageObject","inLanguage":"es","@id":"https:\/\/agrupacionespsoe.es\/ponferrada\/el-grupo-socialista-acusa-al-equipo-de-gobierno-de-ponferrada-de-ignorar-la-igualdad-y-la-cooperacion-al-desarrollo-al-dejar-sin-presupuesto-sus-subvenciones\/#primaryimage","url":"https:\/\/agrupacionespsoe.es\/ponferrada\/wp-content\/uploads\/sites\/36\/2025\/12\/WhatsApp-Image-2025-12-12-at-12.12.25.jpeg","contentUrl":"https:\/\/agrupacionespsoe.es\/ponferrada\/wp-content\/uploads\/sites\/36\/2025\/12\/WhatsApp-Image-2025-12-12-at-12.12.25.jpeg","width":1600,"height":972},{"@type":"BreadcrumbList","@id":"https:\/\/agrupacionespsoe.es\/ponferrada\/el-grupo-socialista-acusa-al-equipo-de-gobierno-de-ponferrada-de-ignorar-la-igualdad-y-la-cooperacion-al-desarrollo-al-dejar-sin-presupuesto-sus-subvenciones\/#breadcrumb","itemListElement":[{"@type":"ListItem","position":1,"name":"Portada","item":"https:\/\/agrupacionespsoe.es\/ponferrada\/"},{"@type":"ListItem","position":2,"name":"\u00abEl Grupo Socialista acusa al equipo de gobierno de Ponferrada de ignorar la igualdad y la cooperaci\u00f3n al desarrollo al dejar sin presupuesto sus subvenciones\u00bb"}]},{"@type":"WebSite","@id":"https:\/\/agrupacionespsoe.es\/ponferrada\/#website","url":"https:\/\/agrupacionespsoe.es\/ponferrada\/","name":"Agrupaci\u00f3n Socialista de Ponferrada","description":"Agrupaci\u00f3n Socialista de Ponferrada","publisher":{"@id":"https:\/\/agrupacionespsoe.es\/ponferrada\/#organization"},"potentialAction":[{"@type":"SearchAction","target":{"@type":"EntryPoint","urlTemplate":"https:\/\/agrupacionespsoe.es\/ponferrada\/?s={search_term_string}"},"query-input":{"@type":"PropertyValueSpecification","valueRequired":true,"valueName":"search_term_string"}}],"inLanguage":"es"},{"@type":"Organization","@id":"https:\/\/agrupacionespsoe.es\/ponferrada\/#organization","name":"Agrupaci\u00f3n Socialista de Ponferrada","url":"https:\/\/agrupacionespsoe.es\/ponferrada\/","logo":{"@type":"ImageObject","inLanguage":"es","@id":"https:\/\/agrupacionespsoe.es\/ponferrada\/#\/schema\/logo\/image\/","url":"https:\/\/agrupacionespsoe.es\/wp-content\/uploads\/2022\/07\/Logotipo_electoral_del_PSOE.png","contentUrl":"https:\/\/agrupacionespsoe.es\/wp-content\/uploads\/2022\/07\/Logotipo_electoral_del_PSOE.png","width":422,"height":422,"caption":"Agrupaci\u00f3n Socialista de Ponferrada"},"image":{"@id":"https:\/\/agrupacionespsoe.es\/ponferrada\/#\/schema\/logo\/image\/"}},{"@type":"Person","@id":"https:\/\/agrupacionespsoe.es\/ponferrada\/#\/schema\/person\/cd29ee627f3b70c05d415f02596debaa","name":"ponferrada2","image":{"@type":"ImageObject","inLanguage":"es","@id":"https:\/\/agrupacionespsoe.es\/ponferrada\/#\/schema\/person\/image\/","url":"https:\/\/secure.gravatar.com\/avatar\/f499eeb60144c664cf7b7edf75549b50?s=96&d=mm&r=g","contentUrl":"https:\/\/secure.gravatar.com\/avatar\/f499eeb60144c664cf7b7edf75549b50?s=96&d=mm&r=g","caption":"ponferrada2"},"url":"https:\/\/agrupacionespsoe.es\/ponferrada\/author\/ponferrada2\/"}]}},"jetpack_featured_media_url":"https:\/\/agrupacionespsoe.es\/ponferrada\/wp-content\/uploads\/sites\/36\/2025\/12\/WhatsApp-Image-2025-12-12-at-12.12.25.jpeg","jetpack_sharing_enabled":true,"_links":{"self":[{"href":"https:\/\/agrupacionespsoe.es\/ponferrada\/wp-json\/wp\/v2\/posts\/1397","targetHints":{"allow":["GET"]}}],"collection":[{"href":"https:\/\/agrupacionespsoe.es\/ponferrada\/wp-json\/wp\/v2\/posts"}],"about":[{"href":"https:\/\/agrupacionespsoe.es\/ponferrada\/wp-json\/wp\/v2\/types\/post"}],"author":[{"embeddable":true,"href":"https:\/\/agrupacionespsoe.es\/ponferrada\/wp-json\/wp\/v2\/users\/32"}],"replies":[{"embeddable":true,"href":"https:\/\/agrupacionespsoe.es\/ponferrada\/wp-json\/wp\/v2\/comments?post=1397"}],"version-history":[{"count":6,"href":"https:\/\/agrupacionespsoe.es\/ponferrada\/wp-json\/wp\/v2\/posts\/1397\/revisions"}],"predecessor-version":[{"id":1404,"href":"https:\/\/agrupacionespsoe.es\/ponferrada\/wp-json\/wp\/v2\/posts\/1397\/revisions\/1404"}],"wp:featuredmedia":[{"embeddable":true,"href":"https:\/\/agrupacionespsoe.es\/ponferrada\/wp-json\/wp\/v2\/media\/1398"}],"wp:attachment":[{"href":"https:\/\/agrupacionespsoe.es\/ponferrada\/wp-json\/wp\/v2\/media?parent=1397"}],"wp:term":[{"taxonomy":"category","embeddable":true,"href":"https:\/\/agrupacionespsoe.es\/ponferrada\/wp-json\/wp\/v2\/categories?post=1397"},{"taxonomy":"post_tag","embeddable":true,"href":"https:\/\/agrupacionespsoe.es\/ponferrada\/wp-json\/wp\/v2\/tags?post=1397"}],"curies":[{"name":"wp","href":"https:\/\/api.w.org\/{rel}","templated":true}]}}