{"id":1388,"date":"2025-12-10T12:57:07","date_gmt":"2025-12-10T12:57:07","guid":{"rendered":"https:\/\/agrupacionespsoe.es\/ponferrada\/?p=1388"},"modified":"2025-12-10T12:57:53","modified_gmt":"2025-12-10T12:57:53","slug":"el-grupo-socialista-denuncia-el-paripe-del-alcalde-y-exige-que-las-decisiones-sobre-los-servicios-publicos-las-determinen-los-informes-tecnicos-y-no-la-ideologia","status":"publish","type":"post","link":"https:\/\/agrupacionespsoe.es\/ponferrada\/el-grupo-socialista-denuncia-el-paripe-del-alcalde-y-exige-que-las-decisiones-sobre-los-servicios-publicos-las-determinen-los-informes-tecnicos-y-no-la-ideologia\/","title":{"rendered":"El Grupo Socialista denuncia el \u201cparip\u00e9\u201d del alcalde y exige que las decisiones sobre los servicios p\u00fablicos las determinen los informes t\u00e9cnicos y no la ideolog\u00eda"},"content":{"rendered":"\n<p>El PSOE denuncia el \u201cparip\u00e9\u201d del alcalde con las comisiones de servicios p\u00fablicos y reclama que se cumpla la ley y se escuche a los t\u00e9cnicos**<\/p>\n\n\n\n<p>El portavoz del Grupo Municipal Socialista denunci\u00f3 esta ma\u00f1ana la forma en que el alcalde ha gestionado las reuniones celebradas ayer sobre la forma de gesti\u00f3n de los servicios p\u00fablicos municipales. Seg\u00fan explic\u00f3, lo ocurrido es \u201cempezar la casa por el tejado\u201d y supone \u201cel mundo al rev\u00e9s\u201d, porque el equipo de gobierno pretende que los grupos pol\u00edticos se posicionen antes de que existan informes t\u00e9cnicos, jur\u00eddicos o econ\u00f3micos que permitan evaluar cu\u00e1l es la mejor opci\u00f3n.<\/p>\n\n\n\n<p>El portavoz subray\u00f3 que decidir c\u00f3mo se gestionan los servicios p\u00fablicos <strong>no es una cuesti\u00f3n ideol\u00f3gica<\/strong>, sino un proceso que debe apoyarse en documentaci\u00f3n t\u00e9cnica y en informes que justifiquen cada decisi\u00f3n. Record\u00f3 que la propia Ley de Contratos establece que <strong>la gesti\u00f3n directa es el sistema ordinario<\/strong>, y que solo cuando se acredita documentalmente que el Ayuntamiento no dispone de medios suficientes puede plantearse acudir a una gesti\u00f3n indirecta.<\/p>\n\n\n\n<p>\u201cEsto no va de decir si quiero gesti\u00f3n directa o indirecta. Va de ver qu\u00e9 dicen los informes. Y si los informes dicen que la gesti\u00f3n directa es mejor, habr\u00e1 que asumirlo, aunque no coincida con la idea inicial de cada uno\u201d, se\u00f1al\u00f3. A\u00f1adi\u00f3 que adoptar decisiones contra el criterio t\u00e9cnico \u201cpuede llegar a tener incluso consecuencias jur\u00eddico-penales si se provoca un perjuicio econ\u00f3mico al Ayuntamiento\u201d.<\/p>\n\n\n\n<p>El portavoz explic\u00f3 que cuando el anterior gobierno municipal licit\u00f3 el contrato puente de limpieza viaria y recogida de residuos, lo hizo bas\u00e1ndose en un estudio de costes profundo. Ese estudio reflejaba que, en limpieza y basura, la diferencia entre gesti\u00f3n directa e indirecta era m\u00ednima \u2014apenas 3.000 euros en un caso y unos 60.000 en otro\u2014 y que, en parques y jardines, la gesti\u00f3n p\u00fablica era <strong>900.000 euros m\u00e1s barata<\/strong>, motivo por el cual se opt\u00f3 por esa modalidad.<\/p>\n\n\n\n<p>Tambi\u00e9n record\u00f3 que gran parte del coste del contrato estaba vinculado al plan de inversiones, y que durante el mandato anterior el Ayuntamiento invirti\u00f3 cerca de <strong>dos millones de euros en maquinaria<\/strong> para preparar precisamente una futura transici\u00f3n a la gesti\u00f3n directa. \u201cSi antes la diferencia de costes era peque\u00f1a y ahora ya contamos con gran parte de la maquinaria, es bastante razonable pensar que los informes podr\u00edan concluir que hoy la mejor forma de gesti\u00f3n es la directa. Pero eso lo tienen que decir los t\u00e9cnicos, no el alcalde\u201d.<\/p>\n\n\n\n<p>Sobre la reuni\u00f3n de ayer, el portavoz se\u00f1al\u00f3 que no se permiti\u00f3 intervenir a los t\u00e9cnicos presentes y que el alcalde buscaba \u00fanicamente una declaraci\u00f3n previa de los grupos pol\u00edticos. \u201cFue un parip\u00e9\u201d, afirm\u00f3, \u201cporque la decisi\u00f3n est\u00e1 tomada desde la campa\u00f1a electoral. El alcalde lo ha repetido varias veces: quiere la gesti\u00f3n a trav\u00e9s de empresas, sin esperar a los informes t\u00e9cnicos\u201d.<\/p>\n\n\n\n<p>El portavoz tambi\u00e9n denunci\u00f3 la forma autoritaria en la que se desarroll\u00f3 la reuni\u00f3n, afirmando que el alcalde lleg\u00f3 incluso a intentar expulsar a un concejal socialista por recordarle que antes de decidir hay que estudiar los informes. \u201cEl se\u00f1or alcalde se cree por encima del bien y del mal, no recibe a nadie y act\u00faa como si pudiera imponerlo todo. Ayer casi expulsa a Pedro Fern\u00e1ndez simplemente por defender que los informes t\u00e9cnicos son los que deben guiar el trabajo\u201d.<\/p>\n\n\n\n<p>Adem\u00e1s, el PSOE alert\u00f3 de la falta de trabajo del equipo de gobierno respecto a los contratos que vencen pr\u00f3ximamente. Record\u00f3 que:<\/p>\n\n\n\n<ul class=\"wp-block-list\">\n<li>el contrato de autob\u00fas urbano vence el <strong>4 de enero<\/strong>,<\/li>\n\n\n\n<li>el de la ORA vence en <strong>abril<\/strong>,<\/li>\n\n\n\n<li>y el de recogida de basuras y limpieza viaria vence en <strong>agosto<\/strong>,<\/li>\n<\/ul>\n\n\n\n<p>sin que el alcalde haya hecho \u201cabsolutamente nada\u201d. \u201cEl l\u00edo que montaron con el transporte p\u00fablico ya fue grave, y estamos en las mismas. No han trabajado ni un solo d\u00eda para preparar estos servicios. La decisi\u00f3n ya est\u00e1 tomada y, si pueden, volver\u00e1n a recurrir a decisiones por Junta de Gobierno, como hicieron con el bus\u201d.<\/p>\n\n\n\n<p>El portavoz concluy\u00f3 que todo lo ocurrido demuestra que este Ayuntamiento, con el actual equipo de gobierno, \u201ces una performance continua, sin rigor y sin respeto por las normas ni por los procesos que garantizan transparencia, publicidad y concurrencia\u201d.<\/p>\n\n\n\n<figure class=\"wp-block-image size-large\"><img loading=\"lazy\" decoding=\"async\" width=\"1024\" height=\"768\" src=\"https:\/\/agrupacionespsoe.es\/ponferrada\/wp-content\/uploads\/sites\/36\/2025\/12\/WhatsApp-Image-2025-12-10-at-13.53.32-1024x768.jpeg\" alt=\"\" class=\"wp-image-1389\" srcset=\"https:\/\/agrupacionespsoe.es\/ponferrada\/wp-content\/uploads\/sites\/36\/2025\/12\/WhatsApp-Image-2025-12-10-at-13.53.32-1024x768.jpeg 1024w, https:\/\/agrupacionespsoe.es\/ponferrada\/wp-content\/uploads\/sites\/36\/2025\/12\/WhatsApp-Image-2025-12-10-at-13.53.32-300x225.jpeg 300w, https:\/\/agrupacionespsoe.es\/ponferrada\/wp-content\/uploads\/sites\/36\/2025\/12\/WhatsApp-Image-2025-12-10-at-13.53.32-768x576.jpeg 768w, https:\/\/agrupacionespsoe.es\/ponferrada\/wp-content\/uploads\/sites\/36\/2025\/12\/WhatsApp-Image-2025-12-10-at-13.53.32-1536x1152.jpeg 1536w, https:\/\/agrupacionespsoe.es\/ponferrada\/wp-content\/uploads\/sites\/36\/2025\/12\/WhatsApp-Image-2025-12-10-at-13.53.32.jpeg 1600w\" sizes=\"auto, (max-width: 1024px) 100vw, 1024px\" \/><\/figure>\n","protected":false},"excerpt":{"rendered":"<p>El PSOE denuncia el \u201cparip\u00e9\u201d del alcalde con las comisiones de servicios p\u00fablicos y reclama que se cumpla la ley y se escuche a los t\u00e9cnicos** El portavoz del Grupo Municipal Socialista denunci\u00f3 esta ma\u00f1ana la forma en que el alcalde ha gestionado las reuniones celebradas ayer sobre la forma de gesti\u00f3n de los servicios &#8230;<\/p>\n","protected":false},"author":32,"featured_media":1389,"comment_status":"open","ping_status":"open","sticky":false,"template":"","format":"standard","meta":{"_jetpack_memberships_contains_paid_content":false,"footnotes":""},"categories":[6],"tags":[],"class_list":["post-1388","post","type-post","status-publish","format-standard","has-post-thumbnail","hentry","category-actualidad"],"yoast_head":"<!-- This site is optimized with the Yoast SEO plugin v24.0 - https:\/\/yoast.com\/wordpress\/plugins\/seo\/ -->\n<title>El Grupo Socialista denuncia el \u201cparip\u00e9\u201d del alcalde y exige que las decisiones sobre los servicios p\u00fablicos las determinen los informes t\u00e9cnicos y no la ideolog\u00eda - Agrupaci\u00f3n Socialista de Ponferrada<\/title>\n<meta name=\"robots\" content=\"index, follow, max-snippet:-1, max-image-preview:large, max-video-preview:-1\" \/>\n<link rel=\"canonical\" href=\"https:\/\/agrupacionespsoe.es\/ponferrada\/el-grupo-socialista-denuncia-el-paripe-del-alcalde-y-exige-que-las-decisiones-sobre-los-servicios-publicos-las-determinen-los-informes-tecnicos-y-no-la-ideologia\/\" \/>\n<meta property=\"og:locale\" content=\"es_ES\" \/>\n<meta property=\"og:type\" content=\"article\" \/>\n<meta property=\"og:title\" content=\"El Grupo Socialista denuncia el \u201cparip\u00e9\u201d del alcalde y exige que las decisiones sobre los servicios p\u00fablicos las determinen los informes t\u00e9cnicos y no la ideolog\u00eda - Agrupaci\u00f3n Socialista de Ponferrada\" \/>\n<meta property=\"og:description\" content=\"El PSOE denuncia el \u201cparip\u00e9\u201d del alcalde con las comisiones de servicios p\u00fablicos y reclama que se cumpla la ley y se escuche a los t\u00e9cnicos** El portavoz del Grupo Municipal Socialista denunci\u00f3 esta ma\u00f1ana la forma en que el alcalde ha gestionado las reuniones celebradas ayer sobre la forma de gesti\u00f3n de los servicios ...\" \/>\n<meta property=\"og:url\" content=\"https:\/\/agrupacionespsoe.es\/ponferrada\/el-grupo-socialista-denuncia-el-paripe-del-alcalde-y-exige-que-las-decisiones-sobre-los-servicios-publicos-las-determinen-los-informes-tecnicos-y-no-la-ideologia\/\" \/>\n<meta property=\"og:site_name\" content=\"Agrupaci\u00f3n Socialista de Ponferrada\" \/>\n<meta property=\"article:published_time\" content=\"2025-12-10T12:57:07+00:00\" \/>\n<meta property=\"article:modified_time\" content=\"2025-12-10T12:57:53+00:00\" \/>\n<meta property=\"og:image\" content=\"https:\/\/agrupacionespsoe.es\/ponferrada\/wp-content\/uploads\/sites\/36\/2025\/12\/WhatsApp-Image-2025-12-10-at-13.53.32.jpeg\" \/>\n\t<meta property=\"og:image:width\" content=\"1600\" \/>\n\t<meta property=\"og:image:height\" content=\"1200\" \/>\n\t<meta property=\"og:image:type\" content=\"image\/jpeg\" \/>\n<meta name=\"author\" content=\"ponferrada2\" \/>\n<meta name=\"twitter:card\" content=\"summary_large_image\" \/>\n<meta name=\"twitter:label1\" content=\"Escrito por\" \/>\n\t<meta name=\"twitter:data1\" content=\"ponferrada2\" \/>\n\t<meta name=\"twitter:label2\" content=\"Tiempo de lectura\" \/>\n\t<meta name=\"twitter:data2\" content=\"4 minutos\" \/>\n<script type=\"application\/ld+json\" class=\"yoast-schema-graph\">{\"@context\":\"https:\/\/schema.org\",\"@graph\":[{\"@type\":\"Article\",\"@id\":\"https:\/\/agrupacionespsoe.es\/ponferrada\/el-grupo-socialista-denuncia-el-paripe-del-alcalde-y-exige-que-las-decisiones-sobre-los-servicios-publicos-las-determinen-los-informes-tecnicos-y-no-la-ideologia\/#article\",\"isPartOf\":{\"@id\":\"https:\/\/agrupacionespsoe.es\/ponferrada\/el-grupo-socialista-denuncia-el-paripe-del-alcalde-y-exige-que-las-decisiones-sobre-los-servicios-publicos-las-determinen-los-informes-tecnicos-y-no-la-ideologia\/\"},\"author\":{\"name\":\"ponferrada2\",\"@id\":\"https:\/\/agrupacionespsoe.es\/ponferrada\/#\/schema\/person\/cd29ee627f3b70c05d415f02596debaa\"},\"headline\":\"El Grupo Socialista denuncia el \u201cparip\u00e9\u201d del alcalde y exige que las decisiones sobre los servicios p\u00fablicos las determinen los informes t\u00e9cnicos y no la ideolog\u00eda\",\"datePublished\":\"2025-12-10T12:57:07+00:00\",\"dateModified\":\"2025-12-10T12:57:53+00:00\",\"mainEntityOfPage\":{\"@id\":\"https:\/\/agrupacionespsoe.es\/ponferrada\/el-grupo-socialista-denuncia-el-paripe-del-alcalde-y-exige-que-las-decisiones-sobre-los-servicios-publicos-las-determinen-los-informes-tecnicos-y-no-la-ideologia\/\"},\"wordCount\":791,\"commentCount\":0,\"publisher\":{\"@id\":\"https:\/\/agrupacionespsoe.es\/ponferrada\/#organization\"},\"image\":{\"@id\":\"https:\/\/agrupacionespsoe.es\/ponferrada\/el-grupo-socialista-denuncia-el-paripe-del-alcalde-y-exige-que-las-decisiones-sobre-los-servicios-publicos-las-determinen-los-informes-tecnicos-y-no-la-ideologia\/#primaryimage\"},\"thumbnailUrl\":\"https:\/\/agrupacionespsoe.es\/ponferrada\/wp-content\/uploads\/sites\/36\/2025\/12\/WhatsApp-Image-2025-12-10-at-13.53.32.jpeg\",\"articleSection\":[\"ACTUALIDAD\"],\"inLanguage\":\"es\",\"potentialAction\":[{\"@type\":\"CommentAction\",\"name\":\"Comment\",\"target\":[\"https:\/\/agrupacionespsoe.es\/ponferrada\/el-grupo-socialista-denuncia-el-paripe-del-alcalde-y-exige-que-las-decisiones-sobre-los-servicios-publicos-las-determinen-los-informes-tecnicos-y-no-la-ideologia\/#respond\"]}]},{\"@type\":\"WebPage\",\"@id\":\"https:\/\/agrupacionespsoe.es\/ponferrada\/el-grupo-socialista-denuncia-el-paripe-del-alcalde-y-exige-que-las-decisiones-sobre-los-servicios-publicos-las-determinen-los-informes-tecnicos-y-no-la-ideologia\/\",\"url\":\"https:\/\/agrupacionespsoe.es\/ponferrada\/el-grupo-socialista-denuncia-el-paripe-del-alcalde-y-exige-que-las-decisiones-sobre-los-servicios-publicos-las-determinen-los-informes-tecnicos-y-no-la-ideologia\/\",\"name\":\"El Grupo Socialista denuncia el \u201cparip\u00e9\u201d del alcalde y exige que las decisiones sobre los servicios p\u00fablicos las determinen los informes t\u00e9cnicos y no la ideolog\u00eda - Agrupaci\u00f3n Socialista de Ponferrada\",\"isPartOf\":{\"@id\":\"https:\/\/agrupacionespsoe.es\/ponferrada\/#website\"},\"primaryImageOfPage\":{\"@id\":\"https:\/\/agrupacionespsoe.es\/ponferrada\/el-grupo-socialista-denuncia-el-paripe-del-alcalde-y-exige-que-las-decisiones-sobre-los-servicios-publicos-las-determinen-los-informes-tecnicos-y-no-la-ideologia\/#primaryimage\"},\"image\":{\"@id\":\"https:\/\/agrupacionespsoe.es\/ponferrada\/el-grupo-socialista-denuncia-el-paripe-del-alcalde-y-exige-que-las-decisiones-sobre-los-servicios-publicos-las-determinen-los-informes-tecnicos-y-no-la-ideologia\/#primaryimage\"},\"thumbnailUrl\":\"https:\/\/agrupacionespsoe.es\/ponferrada\/wp-content\/uploads\/sites\/36\/2025\/12\/WhatsApp-Image-2025-12-10-at-13.53.32.jpeg\",\"datePublished\":\"2025-12-10T12:57:07+00:00\",\"dateModified\":\"2025-12-10T12:57:53+00:00\",\"breadcrumb\":{\"@id\":\"https:\/\/agrupacionespsoe.es\/ponferrada\/el-grupo-socialista-denuncia-el-paripe-del-alcalde-y-exige-que-las-decisiones-sobre-los-servicios-publicos-las-determinen-los-informes-tecnicos-y-no-la-ideologia\/#breadcrumb\"},\"inLanguage\":\"es\",\"potentialAction\":[{\"@type\":\"ReadAction\",\"target\":[\"https:\/\/agrupacionespsoe.es\/ponferrada\/el-grupo-socialista-denuncia-el-paripe-del-alcalde-y-exige-que-las-decisiones-sobre-los-servicios-publicos-las-determinen-los-informes-tecnicos-y-no-la-ideologia\/\"]}]},{\"@type\":\"ImageObject\",\"inLanguage\":\"es\",\"@id\":\"https:\/\/agrupacionespsoe.es\/ponferrada\/el-grupo-socialista-denuncia-el-paripe-del-alcalde-y-exige-que-las-decisiones-sobre-los-servicios-publicos-las-determinen-los-informes-tecnicos-y-no-la-ideologia\/#primaryimage\",\"url\":\"https:\/\/agrupacionespsoe.es\/ponferrada\/wp-content\/uploads\/sites\/36\/2025\/12\/WhatsApp-Image-2025-12-10-at-13.53.32.jpeg\",\"contentUrl\":\"https:\/\/agrupacionespsoe.es\/ponferrada\/wp-content\/uploads\/sites\/36\/2025\/12\/WhatsApp-Image-2025-12-10-at-13.53.32.jpeg\",\"width\":1600,\"height\":1200},{\"@type\":\"BreadcrumbList\",\"@id\":\"https:\/\/agrupacionespsoe.es\/ponferrada\/el-grupo-socialista-denuncia-el-paripe-del-alcalde-y-exige-que-las-decisiones-sobre-los-servicios-publicos-las-determinen-los-informes-tecnicos-y-no-la-ideologia\/#breadcrumb\",\"itemListElement\":[{\"@type\":\"ListItem\",\"position\":1,\"name\":\"Portada\",\"item\":\"https:\/\/agrupacionespsoe.es\/ponferrada\/\"},{\"@type\":\"ListItem\",\"position\":2,\"name\":\"El Grupo Socialista denuncia el \u201cparip\u00e9\u201d del alcalde y exige que las decisiones sobre los servicios p\u00fablicos las determinen los informes t\u00e9cnicos y no la ideolog\u00eda\"}]},{\"@type\":\"WebSite\",\"@id\":\"https:\/\/agrupacionespsoe.es\/ponferrada\/#website\",\"url\":\"https:\/\/agrupacionespsoe.es\/ponferrada\/\",\"name\":\"Agrupaci\u00f3n Socialista de Ponferrada\",\"description\":\"Agrupaci\u00f3n Socialista de Ponferrada\",\"publisher\":{\"@id\":\"https:\/\/agrupacionespsoe.es\/ponferrada\/#organization\"},\"potentialAction\":[{\"@type\":\"SearchAction\",\"target\":{\"@type\":\"EntryPoint\",\"urlTemplate\":\"https:\/\/agrupacionespsoe.es\/ponferrada\/?s={search_term_string}\"},\"query-input\":{\"@type\":\"PropertyValueSpecification\",\"valueRequired\":true,\"valueName\":\"search_term_string\"}}],\"inLanguage\":\"es\"},{\"@type\":\"Organization\",\"@id\":\"https:\/\/agrupacionespsoe.es\/ponferrada\/#organization\",\"name\":\"Agrupaci\u00f3n Socialista de Ponferrada\",\"url\":\"https:\/\/agrupacionespsoe.es\/ponferrada\/\",\"logo\":{\"@type\":\"ImageObject\",\"inLanguage\":\"es\",\"@id\":\"https:\/\/agrupacionespsoe.es\/ponferrada\/#\/schema\/logo\/image\/\",\"url\":\"https:\/\/agrupacionespsoe.es\/wp-content\/uploads\/2022\/07\/Logotipo_electoral_del_PSOE.png\",\"contentUrl\":\"https:\/\/agrupacionespsoe.es\/wp-content\/uploads\/2022\/07\/Logotipo_electoral_del_PSOE.png\",\"width\":422,\"height\":422,\"caption\":\"Agrupaci\u00f3n Socialista de Ponferrada\"},\"image\":{\"@id\":\"https:\/\/agrupacionespsoe.es\/ponferrada\/#\/schema\/logo\/image\/\"}},{\"@type\":\"Person\",\"@id\":\"https:\/\/agrupacionespsoe.es\/ponferrada\/#\/schema\/person\/cd29ee627f3b70c05d415f02596debaa\",\"name\":\"ponferrada2\",\"image\":{\"@type\":\"ImageObject\",\"inLanguage\":\"es\",\"@id\":\"https:\/\/agrupacionespsoe.es\/ponferrada\/#\/schema\/person\/image\/\",\"url\":\"https:\/\/secure.gravatar.com\/avatar\/f499eeb60144c664cf7b7edf75549b50?s=96&d=mm&r=g\",\"contentUrl\":\"https:\/\/secure.gravatar.com\/avatar\/f499eeb60144c664cf7b7edf75549b50?s=96&d=mm&r=g\",\"caption\":\"ponferrada2\"},\"url\":\"https:\/\/agrupacionespsoe.es\/ponferrada\/author\/ponferrada2\/\"}]}<\/script>\n<!-- \/ Yoast SEO plugin. -->","yoast_head_json":{"title":"El Grupo Socialista denuncia el \u201cparip\u00e9\u201d del alcalde y exige que las decisiones sobre los servicios p\u00fablicos las determinen los informes t\u00e9cnicos y no la ideolog\u00eda - Agrupaci\u00f3n Socialista de Ponferrada","robots":{"index":"index","follow":"follow","max-snippet":"max-snippet:-1","max-image-preview":"max-image-preview:large","max-video-preview":"max-video-preview:-1"},"canonical":"https:\/\/agrupacionespsoe.es\/ponferrada\/el-grupo-socialista-denuncia-el-paripe-del-alcalde-y-exige-que-las-decisiones-sobre-los-servicios-publicos-las-determinen-los-informes-tecnicos-y-no-la-ideologia\/","og_locale":"es_ES","og_type":"article","og_title":"El Grupo Socialista denuncia el \u201cparip\u00e9\u201d del alcalde y exige que las decisiones sobre los servicios p\u00fablicos las determinen los informes t\u00e9cnicos y no la ideolog\u00eda - Agrupaci\u00f3n Socialista de Ponferrada","og_description":"El PSOE denuncia el \u201cparip\u00e9\u201d del alcalde con las comisiones de servicios p\u00fablicos y reclama que se cumpla la ley y se escuche a los t\u00e9cnicos** El portavoz del Grupo Municipal Socialista denunci\u00f3 esta ma\u00f1ana la forma en que el alcalde ha gestionado las reuniones celebradas ayer sobre la forma de gesti\u00f3n de los servicios ...","og_url":"https:\/\/agrupacionespsoe.es\/ponferrada\/el-grupo-socialista-denuncia-el-paripe-del-alcalde-y-exige-que-las-decisiones-sobre-los-servicios-publicos-las-determinen-los-informes-tecnicos-y-no-la-ideologia\/","og_site_name":"Agrupaci\u00f3n Socialista de Ponferrada","article_published_time":"2025-12-10T12:57:07+00:00","article_modified_time":"2025-12-10T12:57:53+00:00","og_image":[{"width":1600,"height":1200,"url":"https:\/\/agrupacionespsoe.es\/ponferrada\/wp-content\/uploads\/sites\/36\/2025\/12\/WhatsApp-Image-2025-12-10-at-13.53.32.jpeg","type":"image\/jpeg"}],"author":"ponferrada2","twitter_card":"summary_large_image","twitter_misc":{"Escrito por":"ponferrada2","Tiempo de lectura":"4 minutos"},"schema":{"@context":"https:\/\/schema.org","@graph":[{"@type":"Article","@id":"https:\/\/agrupacionespsoe.es\/ponferrada\/el-grupo-socialista-denuncia-el-paripe-del-alcalde-y-exige-que-las-decisiones-sobre-los-servicios-publicos-las-determinen-los-informes-tecnicos-y-no-la-ideologia\/#article","isPartOf":{"@id":"https:\/\/agrupacionespsoe.es\/ponferrada\/el-grupo-socialista-denuncia-el-paripe-del-alcalde-y-exige-que-las-decisiones-sobre-los-servicios-publicos-las-determinen-los-informes-tecnicos-y-no-la-ideologia\/"},"author":{"name":"ponferrada2","@id":"https:\/\/agrupacionespsoe.es\/ponferrada\/#\/schema\/person\/cd29ee627f3b70c05d415f02596debaa"},"headline":"El Grupo Socialista denuncia el \u201cparip\u00e9\u201d del alcalde y exige que las decisiones sobre los servicios p\u00fablicos las determinen los informes t\u00e9cnicos y no la ideolog\u00eda","datePublished":"2025-12-10T12:57:07+00:00","dateModified":"2025-12-10T12:57:53+00:00","mainEntityOfPage":{"@id":"https:\/\/agrupacionespsoe.es\/ponferrada\/el-grupo-socialista-denuncia-el-paripe-del-alcalde-y-exige-que-las-decisiones-sobre-los-servicios-publicos-las-determinen-los-informes-tecnicos-y-no-la-ideologia\/"},"wordCount":791,"commentCount":0,"publisher":{"@id":"https:\/\/agrupacionespsoe.es\/ponferrada\/#organization"},"image":{"@id":"https:\/\/agrupacionespsoe.es\/ponferrada\/el-grupo-socialista-denuncia-el-paripe-del-alcalde-y-exige-que-las-decisiones-sobre-los-servicios-publicos-las-determinen-los-informes-tecnicos-y-no-la-ideologia\/#primaryimage"},"thumbnailUrl":"https:\/\/agrupacionespsoe.es\/ponferrada\/wp-content\/uploads\/sites\/36\/2025\/12\/WhatsApp-Image-2025-12-10-at-13.53.32.jpeg","articleSection":["ACTUALIDAD"],"inLanguage":"es","potentialAction":[{"@type":"CommentAction","name":"Comment","target":["https:\/\/agrupacionespsoe.es\/ponferrada\/el-grupo-socialista-denuncia-el-paripe-del-alcalde-y-exige-que-las-decisiones-sobre-los-servicios-publicos-las-determinen-los-informes-tecnicos-y-no-la-ideologia\/#respond"]}]},{"@type":"WebPage","@id":"https:\/\/agrupacionespsoe.es\/ponferrada\/el-grupo-socialista-denuncia-el-paripe-del-alcalde-y-exige-que-las-decisiones-sobre-los-servicios-publicos-las-determinen-los-informes-tecnicos-y-no-la-ideologia\/","url":"https:\/\/agrupacionespsoe.es\/ponferrada\/el-grupo-socialista-denuncia-el-paripe-del-alcalde-y-exige-que-las-decisiones-sobre-los-servicios-publicos-las-determinen-los-informes-tecnicos-y-no-la-ideologia\/","name":"El Grupo Socialista denuncia el \u201cparip\u00e9\u201d del alcalde y exige que las decisiones sobre los servicios p\u00fablicos las determinen los informes t\u00e9cnicos y no la ideolog\u00eda - Agrupaci\u00f3n Socialista de Ponferrada","isPartOf":{"@id":"https:\/\/agrupacionespsoe.es\/ponferrada\/#website"},"primaryImageOfPage":{"@id":"https:\/\/agrupacionespsoe.es\/ponferrada\/el-grupo-socialista-denuncia-el-paripe-del-alcalde-y-exige-que-las-decisiones-sobre-los-servicios-publicos-las-determinen-los-informes-tecnicos-y-no-la-ideologia\/#primaryimage"},"image":{"@id":"https:\/\/agrupacionespsoe.es\/ponferrada\/el-grupo-socialista-denuncia-el-paripe-del-alcalde-y-exige-que-las-decisiones-sobre-los-servicios-publicos-las-determinen-los-informes-tecnicos-y-no-la-ideologia\/#primaryimage"},"thumbnailUrl":"https:\/\/agrupacionespsoe.es\/ponferrada\/wp-content\/uploads\/sites\/36\/2025\/12\/WhatsApp-Image-2025-12-10-at-13.53.32.jpeg","datePublished":"2025-12-10T12:57:07+00:00","dateModified":"2025-12-10T12:57:53+00:00","breadcrumb":{"@id":"https:\/\/agrupacionespsoe.es\/ponferrada\/el-grupo-socialista-denuncia-el-paripe-del-alcalde-y-exige-que-las-decisiones-sobre-los-servicios-publicos-las-determinen-los-informes-tecnicos-y-no-la-ideologia\/#breadcrumb"},"inLanguage":"es","potentialAction":[{"@type":"ReadAction","target":["https:\/\/agrupacionespsoe.es\/ponferrada\/el-grupo-socialista-denuncia-el-paripe-del-alcalde-y-exige-que-las-decisiones-sobre-los-servicios-publicos-las-determinen-los-informes-tecnicos-y-no-la-ideologia\/"]}]},{"@type":"ImageObject","inLanguage":"es","@id":"https:\/\/agrupacionespsoe.es\/ponferrada\/el-grupo-socialista-denuncia-el-paripe-del-alcalde-y-exige-que-las-decisiones-sobre-los-servicios-publicos-las-determinen-los-informes-tecnicos-y-no-la-ideologia\/#primaryimage","url":"https:\/\/agrupacionespsoe.es\/ponferrada\/wp-content\/uploads\/sites\/36\/2025\/12\/WhatsApp-Image-2025-12-10-at-13.53.32.jpeg","contentUrl":"https:\/\/agrupacionespsoe.es\/ponferrada\/wp-content\/uploads\/sites\/36\/2025\/12\/WhatsApp-Image-2025-12-10-at-13.53.32.jpeg","width":1600,"height":1200},{"@type":"BreadcrumbList","@id":"https:\/\/agrupacionespsoe.es\/ponferrada\/el-grupo-socialista-denuncia-el-paripe-del-alcalde-y-exige-que-las-decisiones-sobre-los-servicios-publicos-las-determinen-los-informes-tecnicos-y-no-la-ideologia\/#breadcrumb","itemListElement":[{"@type":"ListItem","position":1,"name":"Portada","item":"https:\/\/agrupacionespsoe.es\/ponferrada\/"},{"@type":"ListItem","position":2,"name":"El Grupo Socialista denuncia el \u201cparip\u00e9\u201d del alcalde y exige que las decisiones sobre los servicios p\u00fablicos las determinen los informes t\u00e9cnicos y no la ideolog\u00eda"}]},{"@type":"WebSite","@id":"https:\/\/agrupacionespsoe.es\/ponferrada\/#website","url":"https:\/\/agrupacionespsoe.es\/ponferrada\/","name":"Agrupaci\u00f3n Socialista de Ponferrada","description":"Agrupaci\u00f3n Socialista de Ponferrada","publisher":{"@id":"https:\/\/agrupacionespsoe.es\/ponferrada\/#organization"},"potentialAction":[{"@type":"SearchAction","target":{"@type":"EntryPoint","urlTemplate":"https:\/\/agrupacionespsoe.es\/ponferrada\/?s={search_term_string}"},"query-input":{"@type":"PropertyValueSpecification","valueRequired":true,"valueName":"search_term_string"}}],"inLanguage":"es"},{"@type":"Organization","@id":"https:\/\/agrupacionespsoe.es\/ponferrada\/#organization","name":"Agrupaci\u00f3n Socialista de Ponferrada","url":"https:\/\/agrupacionespsoe.es\/ponferrada\/","logo":{"@type":"ImageObject","inLanguage":"es","@id":"https:\/\/agrupacionespsoe.es\/ponferrada\/#\/schema\/logo\/image\/","url":"https:\/\/agrupacionespsoe.es\/wp-content\/uploads\/2022\/07\/Logotipo_electoral_del_PSOE.png","contentUrl":"https:\/\/agrupacionespsoe.es\/wp-content\/uploads\/2022\/07\/Logotipo_electoral_del_PSOE.png","width":422,"height":422,"caption":"Agrupaci\u00f3n Socialista de Ponferrada"},"image":{"@id":"https:\/\/agrupacionespsoe.es\/ponferrada\/#\/schema\/logo\/image\/"}},{"@type":"Person","@id":"https:\/\/agrupacionespsoe.es\/ponferrada\/#\/schema\/person\/cd29ee627f3b70c05d415f02596debaa","name":"ponferrada2","image":{"@type":"ImageObject","inLanguage":"es","@id":"https:\/\/agrupacionespsoe.es\/ponferrada\/#\/schema\/person\/image\/","url":"https:\/\/secure.gravatar.com\/avatar\/f499eeb60144c664cf7b7edf75549b50?s=96&d=mm&r=g","contentUrl":"https:\/\/secure.gravatar.com\/avatar\/f499eeb60144c664cf7b7edf75549b50?s=96&d=mm&r=g","caption":"ponferrada2"},"url":"https:\/\/agrupacionespsoe.es\/ponferrada\/author\/ponferrada2\/"}]}},"jetpack_featured_media_url":"https:\/\/agrupacionespsoe.es\/ponferrada\/wp-content\/uploads\/sites\/36\/2025\/12\/WhatsApp-Image-2025-12-10-at-13.53.32.jpeg","jetpack_sharing_enabled":true,"_links":{"self":[{"href":"https:\/\/agrupacionespsoe.es\/ponferrada\/wp-json\/wp\/v2\/posts\/1388","targetHints":{"allow":["GET"]}}],"collection":[{"href":"https:\/\/agrupacionespsoe.es\/ponferrada\/wp-json\/wp\/v2\/posts"}],"about":[{"href":"https:\/\/agrupacionespsoe.es\/ponferrada\/wp-json\/wp\/v2\/types\/post"}],"author":[{"embeddable":true,"href":"https:\/\/agrupacionespsoe.es\/ponferrada\/wp-json\/wp\/v2\/users\/32"}],"replies":[{"embeddable":true,"href":"https:\/\/agrupacionespsoe.es\/ponferrada\/wp-json\/wp\/v2\/comments?post=1388"}],"version-history":[{"count":3,"href":"https:\/\/agrupacionespsoe.es\/ponferrada\/wp-json\/wp\/v2\/posts\/1388\/revisions"}],"predecessor-version":[{"id":1392,"href":"https:\/\/agrupacionespsoe.es\/ponferrada\/wp-json\/wp\/v2\/posts\/1388\/revisions\/1392"}],"wp:featuredmedia":[{"embeddable":true,"href":"https:\/\/agrupacionespsoe.es\/ponferrada\/wp-json\/wp\/v2\/media\/1389"}],"wp:attachment":[{"href":"https:\/\/agrupacionespsoe.es\/ponferrada\/wp-json\/wp\/v2\/media?parent=1388"}],"wp:term":[{"taxonomy":"category","embeddable":true,"href":"https:\/\/agrupacionespsoe.es\/ponferrada\/wp-json\/wp\/v2\/categories?post=1388"},{"taxonomy":"post_tag","embeddable":true,"href":"https:\/\/agrupacionespsoe.es\/ponferrada\/wp-json\/wp\/v2\/tags?post=1388"}],"curies":[{"name":"wp","href":"https:\/\/api.w.org\/{rel}","templated":true}]}}