{"id":1365,"date":"2025-12-02T11:51:20","date_gmt":"2025-12-02T11:51:20","guid":{"rendered":"https:\/\/agrupacionespsoe.es\/ponferrada\/?p=1365"},"modified":"2025-12-02T16:21:30","modified_gmt":"2025-12-02T16:21:30","slug":"el-grupo-socialista-denuncia-el-bloqueo-deliberado-del-equipo-de-gobierno-con-la-modificacion-de-la-tasa-del-mercadillo-seis-meses-de-paralisis-inseguridad-juridica-y-perjuicio-directo-para-los-come","status":"publish","type":"post","link":"https:\/\/agrupacionespsoe.es\/ponferrada\/el-grupo-socialista-denuncia-el-bloqueo-deliberado-del-equipo-de-gobierno-con-la-modificacion-de-la-tasa-del-mercadillo-seis-meses-de-paralisis-inseguridad-juridica-y-perjuicio-directo-para-los-come\/","title":{"rendered":"El Grupo Socialista denuncia el bloqueo deliberado del equipo de gobierno con la modificaci\u00f3n de la tasa del mercadillo: seis meses de par\u00e1lisis, inseguridad jur\u00eddica y perjuicio directo para los comerciantes"},"content":{"rendered":"\n<p>El Grupo Municipal Socialista denuncia que el alcalde Marco Morala y su equipo de gobierno llevan m\u00e1s de cinco meses incumpliendo un acuerdo de Pleno aprobado el 19 de junio de 2025, que ordenaba iniciar la modificaci\u00f3n de la Ordenanza Fiscal que regula la tasa que pagan los puestos del mercadillo municipal.<\/p>\n\n\n\n<p>Este bloqueo est\u00e1 provocando una situaci\u00f3n preocupante de inseguridad jur\u00eddica, ya que ni los comerciantes ni nadie salvo el concejal del \u00e1rea saben con certeza qu\u00e9 ordenanza se est\u00e1 aplicando, qu\u00e9 criterios se est\u00e1n usando para cobrar la tasa ni qu\u00e9 cuant\u00eda est\u00e1n pagando realmente los vendedores ambulantes.<\/p>\n\n\n\n<p>Queremos recordar que este Pleno fue convocado a petici\u00f3n del grupo socialista ante los continuos vaivenes del equipo de gobierno en lo que respecta a la tasa de los puestos exteriores del mercadillo municipal. El acuerdo aprobado por mayor\u00eda obligaba al equipo de gobierno a iniciar el expediente para sustituir la medida actual en metros cuadrados por metros lineales, tal y como se lleva aplicando desde su aprobaci\u00f3n en 2002, a\u00f1o en el que se aprob\u00f3 la ordenanza. Sin embargo, el equipo de gobierno no ha tramitado el expediente, no ha respondido a las solicitudes oficiales de informaci\u00f3n, no ha ofrecido explicaci\u00f3n alguna sobre los plazos y ha incumplido de forma flagrante su obligaci\u00f3n legal de ejecutar lo aprobado por el Pleno.<\/p>\n\n\n\n<p>Desde el grupo socialista creemos que la situaci\u00f3n puede agravarse con la apertura del nuevo mercadillo en Flores del Sil, ya que desconocemos bajo qu\u00e9 ordenanza y bajo qu\u00e9 tarifas se est\u00e1 cobrando la tasa. La cobranza de esa tasa puede suponer una vulneraci\u00f3n evidente de los principios de seguridad jur\u00eddica, legalidad tributaria y transparencia administrativa.<\/p>\n\n\n\n<p>Ante esta situaci\u00f3n, el Grupo Municipal Socialista ha presentado una queja ante el Procurador del Com\u00fan para que inste formalmente al Ayuntamiento a cumplir con su deber legal y con lo acordado democr\u00e1ticamente por el Pleno. No es aceptable que una decisi\u00f3n aprobada en el Pleno por mayor\u00eda siga sin ejecutarse porque al alcalde y a su equipo no les interesa aplicarla.<\/p>\n\n\n\n<p>Desde el grupo socialista hemos preguntado en numerosas ocasiones en las comisiones del \u00e1rea por la aplicaci\u00f3n de la tasa y por el expediente para modificarla sin lograr ninguna respuesta satisfactoria ni aclaratoria.<\/p>\n\n\n\n<p>Desde el grupo socialista exigimos la ejecuci\u00f3n inmediata del acuerdo plenario, la tramitaci\u00f3n urgente del expediente, la publicaci\u00f3n clara de la ordenanza aplicable y la informaci\u00f3n detallada de las tasas cobradas desde junio hasta hoy. Mientras el equipo de gobierno contin\u00faa demostrando su incapacidad para gestionar lo m\u00e1s b\u00e1sico, el Grupo Socialista seguir\u00e1 defendiendo la legalidad, la transparencia y los derechos de los comerciantes y de la ciudadan\u00eda.<\/p>\n\n\n\n<figure class=\"wp-block-gallery has-nested-images columns-default is-cropped wp-block-gallery-1 is-layout-flex wp-block-gallery-is-layout-flex\">\n<figure class=\"wp-block-image size-large\"><img loading=\"lazy\" decoding=\"async\" width=\"1024\" height=\"770\" data-id=\"1366\" src=\"https:\/\/agrupacionespsoe.es\/ponferrada\/wp-content\/uploads\/sites\/36\/2025\/12\/WhatsApp-Image-2025-12-02-at-12.49.05-1024x770.jpeg\" alt=\"\" class=\"wp-image-1366\" srcset=\"https:\/\/agrupacionespsoe.es\/ponferrada\/wp-content\/uploads\/sites\/36\/2025\/12\/WhatsApp-Image-2025-12-02-at-12.49.05-1024x770.jpeg 1024w, https:\/\/agrupacionespsoe.es\/ponferrada\/wp-content\/uploads\/sites\/36\/2025\/12\/WhatsApp-Image-2025-12-02-at-12.49.05-300x225.jpeg 300w, https:\/\/agrupacionespsoe.es\/ponferrada\/wp-content\/uploads\/sites\/36\/2025\/12\/WhatsApp-Image-2025-12-02-at-12.49.05-768x577.jpeg 768w, https:\/\/agrupacionespsoe.es\/ponferrada\/wp-content\/uploads\/sites\/36\/2025\/12\/WhatsApp-Image-2025-12-02-at-12.49.05-1536x1154.jpeg 1536w, https:\/\/agrupacionespsoe.es\/ponferrada\/wp-content\/uploads\/sites\/36\/2025\/12\/WhatsApp-Image-2025-12-02-at-12.49.05.jpeg 2048w\" sizes=\"auto, (max-width: 1024px) 100vw, 1024px\" \/><\/figure>\n<\/figure>\n","protected":false},"excerpt":{"rendered":"<p>El Grupo Municipal Socialista denuncia que el alcalde Marco Morala y su equipo de gobierno llevan m\u00e1s de cinco meses incumpliendo un acuerdo de Pleno aprobado el 19 de junio de 2025, que ordenaba iniciar la modificaci\u00f3n de la Ordenanza Fiscal que regula la tasa que pagan los puestos del mercadillo municipal. Este bloqueo est\u00e1 &#8230;<\/p>\n","protected":false},"author":32,"featured_media":1366,"comment_status":"open","ping_status":"open","sticky":false,"template":"","format":"standard","meta":{"_jetpack_memberships_contains_paid_content":false,"footnotes":""},"categories":[6],"tags":[],"class_list":["post-1365","post","type-post","status-publish","format-standard","has-post-thumbnail","hentry","category-actualidad"],"yoast_head":"<!-- This site is optimized with the Yoast SEO plugin v24.0 - https:\/\/yoast.com\/wordpress\/plugins\/seo\/ -->\n<title>El Grupo Socialista denuncia el bloqueo deliberado del equipo de gobierno con la modificaci\u00f3n de la tasa del mercadillo: seis meses de par\u00e1lisis, inseguridad jur\u00eddica y perjuicio directo para los comerciantes - Agrupaci\u00f3n Socialista de Ponferrada<\/title>\n<meta name=\"robots\" content=\"index, follow, max-snippet:-1, max-image-preview:large, max-video-preview:-1\" \/>\n<link rel=\"canonical\" href=\"https:\/\/agrupacionespsoe.es\/ponferrada\/el-grupo-socialista-denuncia-el-bloqueo-deliberado-del-equipo-de-gobierno-con-la-modificacion-de-la-tasa-del-mercadillo-seis-meses-de-paralisis-inseguridad-juridica-y-perjuicio-directo-para-los-come\/\" \/>\n<meta property=\"og:locale\" content=\"es_ES\" \/>\n<meta property=\"og:type\" content=\"article\" \/>\n<meta property=\"og:title\" content=\"El Grupo Socialista denuncia el bloqueo deliberado del equipo de gobierno con la modificaci\u00f3n de la tasa del mercadillo: seis meses de par\u00e1lisis, inseguridad jur\u00eddica y perjuicio directo para los comerciantes - Agrupaci\u00f3n Socialista de Ponferrada\" \/>\n<meta property=\"og:description\" content=\"El Grupo Municipal Socialista denuncia que el alcalde Marco Morala y su equipo de gobierno llevan m\u00e1s de cinco meses incumpliendo un acuerdo de Pleno aprobado el 19 de junio de 2025, que ordenaba iniciar la modificaci\u00f3n de la Ordenanza Fiscal que regula la tasa que pagan los puestos del mercadillo municipal. Este bloqueo est\u00e1 ...\" \/>\n<meta property=\"og:url\" content=\"https:\/\/agrupacionespsoe.es\/ponferrada\/el-grupo-socialista-denuncia-el-bloqueo-deliberado-del-equipo-de-gobierno-con-la-modificacion-de-la-tasa-del-mercadillo-seis-meses-de-paralisis-inseguridad-juridica-y-perjuicio-directo-para-los-come\/\" \/>\n<meta property=\"og:site_name\" content=\"Agrupaci\u00f3n Socialista de Ponferrada\" \/>\n<meta property=\"article:published_time\" content=\"2025-12-02T11:51:20+00:00\" \/>\n<meta property=\"article:modified_time\" content=\"2025-12-02T16:21:30+00:00\" \/>\n<meta property=\"og:image\" content=\"https:\/\/agrupacionespsoe.es\/ponferrada\/wp-content\/uploads\/sites\/36\/2025\/12\/WhatsApp-Image-2025-12-02-at-12.49.05.jpeg\" \/>\n\t<meta property=\"og:image:width\" content=\"2048\" \/>\n\t<meta property=\"og:image:height\" content=\"1539\" \/>\n\t<meta property=\"og:image:type\" content=\"image\/jpeg\" \/>\n<meta name=\"author\" content=\"ponferrada2\" \/>\n<meta name=\"twitter:card\" content=\"summary_large_image\" \/>\n<meta name=\"twitter:label1\" content=\"Escrito por\" \/>\n\t<meta name=\"twitter:data1\" content=\"ponferrada2\" \/>\n\t<meta name=\"twitter:label2\" content=\"Tiempo de lectura\" \/>\n\t<meta name=\"twitter:data2\" content=\"3 minutos\" \/>\n<script type=\"application\/ld+json\" class=\"yoast-schema-graph\">{\"@context\":\"https:\/\/schema.org\",\"@graph\":[{\"@type\":\"Article\",\"@id\":\"https:\/\/agrupacionespsoe.es\/ponferrada\/el-grupo-socialista-denuncia-el-bloqueo-deliberado-del-equipo-de-gobierno-con-la-modificacion-de-la-tasa-del-mercadillo-seis-meses-de-paralisis-inseguridad-juridica-y-perjuicio-directo-para-los-come\/#article\",\"isPartOf\":{\"@id\":\"https:\/\/agrupacionespsoe.es\/ponferrada\/el-grupo-socialista-denuncia-el-bloqueo-deliberado-del-equipo-de-gobierno-con-la-modificacion-de-la-tasa-del-mercadillo-seis-meses-de-paralisis-inseguridad-juridica-y-perjuicio-directo-para-los-come\/\"},\"author\":{\"name\":\"ponferrada2\",\"@id\":\"https:\/\/agrupacionespsoe.es\/ponferrada\/#\/schema\/person\/cd29ee627f3b70c05d415f02596debaa\"},\"headline\":\"El Grupo Socialista denuncia el bloqueo deliberado del equipo de gobierno con la modificaci\u00f3n de la tasa del mercadillo: seis meses de par\u00e1lisis, inseguridad jur\u00eddica y perjuicio directo para los comerciantes\",\"datePublished\":\"2025-12-02T11:51:20+00:00\",\"dateModified\":\"2025-12-02T16:21:30+00:00\",\"mainEntityOfPage\":{\"@id\":\"https:\/\/agrupacionespsoe.es\/ponferrada\/el-grupo-socialista-denuncia-el-bloqueo-deliberado-del-equipo-de-gobierno-con-la-modificacion-de-la-tasa-del-mercadillo-seis-meses-de-paralisis-inseguridad-juridica-y-perjuicio-directo-para-los-come\/\"},\"wordCount\":503,\"commentCount\":0,\"publisher\":{\"@id\":\"https:\/\/agrupacionespsoe.es\/ponferrada\/#organization\"},\"image\":{\"@id\":\"https:\/\/agrupacionespsoe.es\/ponferrada\/el-grupo-socialista-denuncia-el-bloqueo-deliberado-del-equipo-de-gobierno-con-la-modificacion-de-la-tasa-del-mercadillo-seis-meses-de-paralisis-inseguridad-juridica-y-perjuicio-directo-para-los-come\/#primaryimage\"},\"thumbnailUrl\":\"https:\/\/agrupacionespsoe.es\/ponferrada\/wp-content\/uploads\/sites\/36\/2025\/12\/WhatsApp-Image-2025-12-02-at-12.49.05.jpeg\",\"articleSection\":[\"ACTUALIDAD\"],\"inLanguage\":\"es\",\"potentialAction\":[{\"@type\":\"CommentAction\",\"name\":\"Comment\",\"target\":[\"https:\/\/agrupacionespsoe.es\/ponferrada\/el-grupo-socialista-denuncia-el-bloqueo-deliberado-del-equipo-de-gobierno-con-la-modificacion-de-la-tasa-del-mercadillo-seis-meses-de-paralisis-inseguridad-juridica-y-perjuicio-directo-para-los-come\/#respond\"]}]},{\"@type\":\"WebPage\",\"@id\":\"https:\/\/agrupacionespsoe.es\/ponferrada\/el-grupo-socialista-denuncia-el-bloqueo-deliberado-del-equipo-de-gobierno-con-la-modificacion-de-la-tasa-del-mercadillo-seis-meses-de-paralisis-inseguridad-juridica-y-perjuicio-directo-para-los-come\/\",\"url\":\"https:\/\/agrupacionespsoe.es\/ponferrada\/el-grupo-socialista-denuncia-el-bloqueo-deliberado-del-equipo-de-gobierno-con-la-modificacion-de-la-tasa-del-mercadillo-seis-meses-de-paralisis-inseguridad-juridica-y-perjuicio-directo-para-los-come\/\",\"name\":\"El Grupo Socialista denuncia el bloqueo deliberado del equipo de gobierno con la modificaci\u00f3n de la tasa del mercadillo: seis meses de par\u00e1lisis, inseguridad jur\u00eddica y perjuicio directo para los comerciantes - Agrupaci\u00f3n Socialista de Ponferrada\",\"isPartOf\":{\"@id\":\"https:\/\/agrupacionespsoe.es\/ponferrada\/#website\"},\"primaryImageOfPage\":{\"@id\":\"https:\/\/agrupacionespsoe.es\/ponferrada\/el-grupo-socialista-denuncia-el-bloqueo-deliberado-del-equipo-de-gobierno-con-la-modificacion-de-la-tasa-del-mercadillo-seis-meses-de-paralisis-inseguridad-juridica-y-perjuicio-directo-para-los-come\/#primaryimage\"},\"image\":{\"@id\":\"https:\/\/agrupacionespsoe.es\/ponferrada\/el-grupo-socialista-denuncia-el-bloqueo-deliberado-del-equipo-de-gobierno-con-la-modificacion-de-la-tasa-del-mercadillo-seis-meses-de-paralisis-inseguridad-juridica-y-perjuicio-directo-para-los-come\/#primaryimage\"},\"thumbnailUrl\":\"https:\/\/agrupacionespsoe.es\/ponferrada\/wp-content\/uploads\/sites\/36\/2025\/12\/WhatsApp-Image-2025-12-02-at-12.49.05.jpeg\",\"datePublished\":\"2025-12-02T11:51:20+00:00\",\"dateModified\":\"2025-12-02T16:21:30+00:00\",\"breadcrumb\":{\"@id\":\"https:\/\/agrupacionespsoe.es\/ponferrada\/el-grupo-socialista-denuncia-el-bloqueo-deliberado-del-equipo-de-gobierno-con-la-modificacion-de-la-tasa-del-mercadillo-seis-meses-de-paralisis-inseguridad-juridica-y-perjuicio-directo-para-los-come\/#breadcrumb\"},\"inLanguage\":\"es\",\"potentialAction\":[{\"@type\":\"ReadAction\",\"target\":[\"https:\/\/agrupacionespsoe.es\/ponferrada\/el-grupo-socialista-denuncia-el-bloqueo-deliberado-del-equipo-de-gobierno-con-la-modificacion-de-la-tasa-del-mercadillo-seis-meses-de-paralisis-inseguridad-juridica-y-perjuicio-directo-para-los-come\/\"]}]},{\"@type\":\"ImageObject\",\"inLanguage\":\"es\",\"@id\":\"https:\/\/agrupacionespsoe.es\/ponferrada\/el-grupo-socialista-denuncia-el-bloqueo-deliberado-del-equipo-de-gobierno-con-la-modificacion-de-la-tasa-del-mercadillo-seis-meses-de-paralisis-inseguridad-juridica-y-perjuicio-directo-para-los-come\/#primaryimage\",\"url\":\"https:\/\/agrupacionespsoe.es\/ponferrada\/wp-content\/uploads\/sites\/36\/2025\/12\/WhatsApp-Image-2025-12-02-at-12.49.05.jpeg\",\"contentUrl\":\"https:\/\/agrupacionespsoe.es\/ponferrada\/wp-content\/uploads\/sites\/36\/2025\/12\/WhatsApp-Image-2025-12-02-at-12.49.05.jpeg\",\"width\":2048,\"height\":1539},{\"@type\":\"BreadcrumbList\",\"@id\":\"https:\/\/agrupacionespsoe.es\/ponferrada\/el-grupo-socialista-denuncia-el-bloqueo-deliberado-del-equipo-de-gobierno-con-la-modificacion-de-la-tasa-del-mercadillo-seis-meses-de-paralisis-inseguridad-juridica-y-perjuicio-directo-para-los-come\/#breadcrumb\",\"itemListElement\":[{\"@type\":\"ListItem\",\"position\":1,\"name\":\"Portada\",\"item\":\"https:\/\/agrupacionespsoe.es\/ponferrada\/\"},{\"@type\":\"ListItem\",\"position\":2,\"name\":\"El Grupo Socialista denuncia el bloqueo deliberado del equipo de gobierno con la modificaci\u00f3n de la tasa del mercadillo: seis meses de par\u00e1lisis, inseguridad jur\u00eddica y perjuicio directo para los comerciantes\"}]},{\"@type\":\"WebSite\",\"@id\":\"https:\/\/agrupacionespsoe.es\/ponferrada\/#website\",\"url\":\"https:\/\/agrupacionespsoe.es\/ponferrada\/\",\"name\":\"Agrupaci\u00f3n Socialista de Ponferrada\",\"description\":\"Agrupaci\u00f3n Socialista de Ponferrada\",\"publisher\":{\"@id\":\"https:\/\/agrupacionespsoe.es\/ponferrada\/#organization\"},\"potentialAction\":[{\"@type\":\"SearchAction\",\"target\":{\"@type\":\"EntryPoint\",\"urlTemplate\":\"https:\/\/agrupacionespsoe.es\/ponferrada\/?s={search_term_string}\"},\"query-input\":{\"@type\":\"PropertyValueSpecification\",\"valueRequired\":true,\"valueName\":\"search_term_string\"}}],\"inLanguage\":\"es\"},{\"@type\":\"Organization\",\"@id\":\"https:\/\/agrupacionespsoe.es\/ponferrada\/#organization\",\"name\":\"Agrupaci\u00f3n Socialista de Ponferrada\",\"url\":\"https:\/\/agrupacionespsoe.es\/ponferrada\/\",\"logo\":{\"@type\":\"ImageObject\",\"inLanguage\":\"es\",\"@id\":\"https:\/\/agrupacionespsoe.es\/ponferrada\/#\/schema\/logo\/image\/\",\"url\":\"https:\/\/agrupacionespsoe.es\/wp-content\/uploads\/2022\/07\/Logotipo_electoral_del_PSOE.png\",\"contentUrl\":\"https:\/\/agrupacionespsoe.es\/wp-content\/uploads\/2022\/07\/Logotipo_electoral_del_PSOE.png\",\"width\":422,\"height\":422,\"caption\":\"Agrupaci\u00f3n Socialista de Ponferrada\"},\"image\":{\"@id\":\"https:\/\/agrupacionespsoe.es\/ponferrada\/#\/schema\/logo\/image\/\"}},{\"@type\":\"Person\",\"@id\":\"https:\/\/agrupacionespsoe.es\/ponferrada\/#\/schema\/person\/cd29ee627f3b70c05d415f02596debaa\",\"name\":\"ponferrada2\",\"image\":{\"@type\":\"ImageObject\",\"inLanguage\":\"es\",\"@id\":\"https:\/\/agrupacionespsoe.es\/ponferrada\/#\/schema\/person\/image\/\",\"url\":\"https:\/\/secure.gravatar.com\/avatar\/f499eeb60144c664cf7b7edf75549b50?s=96&d=mm&r=g\",\"contentUrl\":\"https:\/\/secure.gravatar.com\/avatar\/f499eeb60144c664cf7b7edf75549b50?s=96&d=mm&r=g\",\"caption\":\"ponferrada2\"},\"url\":\"https:\/\/agrupacionespsoe.es\/ponferrada\/author\/ponferrada2\/\"}]}<\/script>\n<!-- \/ Yoast SEO plugin. -->","yoast_head_json":{"title":"El Grupo Socialista denuncia el bloqueo deliberado del equipo de gobierno con la modificaci\u00f3n de la tasa del mercadillo: seis meses de par\u00e1lisis, inseguridad jur\u00eddica y perjuicio directo para los comerciantes - Agrupaci\u00f3n Socialista de Ponferrada","robots":{"index":"index","follow":"follow","max-snippet":"max-snippet:-1","max-image-preview":"max-image-preview:large","max-video-preview":"max-video-preview:-1"},"canonical":"https:\/\/agrupacionespsoe.es\/ponferrada\/el-grupo-socialista-denuncia-el-bloqueo-deliberado-del-equipo-de-gobierno-con-la-modificacion-de-la-tasa-del-mercadillo-seis-meses-de-paralisis-inseguridad-juridica-y-perjuicio-directo-para-los-come\/","og_locale":"es_ES","og_type":"article","og_title":"El Grupo Socialista denuncia el bloqueo deliberado del equipo de gobierno con la modificaci\u00f3n de la tasa del mercadillo: seis meses de par\u00e1lisis, inseguridad jur\u00eddica y perjuicio directo para los comerciantes - Agrupaci\u00f3n Socialista de Ponferrada","og_description":"El Grupo Municipal Socialista denuncia que el alcalde Marco Morala y su equipo de gobierno llevan m\u00e1s de cinco meses incumpliendo un acuerdo de Pleno aprobado el 19 de junio de 2025, que ordenaba iniciar la modificaci\u00f3n de la Ordenanza Fiscal que regula la tasa que pagan los puestos del mercadillo municipal. Este bloqueo est\u00e1 ...","og_url":"https:\/\/agrupacionespsoe.es\/ponferrada\/el-grupo-socialista-denuncia-el-bloqueo-deliberado-del-equipo-de-gobierno-con-la-modificacion-de-la-tasa-del-mercadillo-seis-meses-de-paralisis-inseguridad-juridica-y-perjuicio-directo-para-los-come\/","og_site_name":"Agrupaci\u00f3n Socialista de Ponferrada","article_published_time":"2025-12-02T11:51:20+00:00","article_modified_time":"2025-12-02T16:21:30+00:00","og_image":[{"width":2048,"height":1539,"url":"https:\/\/agrupacionespsoe.es\/ponferrada\/wp-content\/uploads\/sites\/36\/2025\/12\/WhatsApp-Image-2025-12-02-at-12.49.05.jpeg","type":"image\/jpeg"}],"author":"ponferrada2","twitter_card":"summary_large_image","twitter_misc":{"Escrito por":"ponferrada2","Tiempo de lectura":"3 minutos"},"schema":{"@context":"https:\/\/schema.org","@graph":[{"@type":"Article","@id":"https:\/\/agrupacionespsoe.es\/ponferrada\/el-grupo-socialista-denuncia-el-bloqueo-deliberado-del-equipo-de-gobierno-con-la-modificacion-de-la-tasa-del-mercadillo-seis-meses-de-paralisis-inseguridad-juridica-y-perjuicio-directo-para-los-come\/#article","isPartOf":{"@id":"https:\/\/agrupacionespsoe.es\/ponferrada\/el-grupo-socialista-denuncia-el-bloqueo-deliberado-del-equipo-de-gobierno-con-la-modificacion-de-la-tasa-del-mercadillo-seis-meses-de-paralisis-inseguridad-juridica-y-perjuicio-directo-para-los-come\/"},"author":{"name":"ponferrada2","@id":"https:\/\/agrupacionespsoe.es\/ponferrada\/#\/schema\/person\/cd29ee627f3b70c05d415f02596debaa"},"headline":"El Grupo Socialista denuncia el bloqueo deliberado del equipo de gobierno con la modificaci\u00f3n de la tasa del mercadillo: seis meses de par\u00e1lisis, inseguridad jur\u00eddica y perjuicio directo para los comerciantes","datePublished":"2025-12-02T11:51:20+00:00","dateModified":"2025-12-02T16:21:30+00:00","mainEntityOfPage":{"@id":"https:\/\/agrupacionespsoe.es\/ponferrada\/el-grupo-socialista-denuncia-el-bloqueo-deliberado-del-equipo-de-gobierno-con-la-modificacion-de-la-tasa-del-mercadillo-seis-meses-de-paralisis-inseguridad-juridica-y-perjuicio-directo-para-los-come\/"},"wordCount":503,"commentCount":0,"publisher":{"@id":"https:\/\/agrupacionespsoe.es\/ponferrada\/#organization"},"image":{"@id":"https:\/\/agrupacionespsoe.es\/ponferrada\/el-grupo-socialista-denuncia-el-bloqueo-deliberado-del-equipo-de-gobierno-con-la-modificacion-de-la-tasa-del-mercadillo-seis-meses-de-paralisis-inseguridad-juridica-y-perjuicio-directo-para-los-come\/#primaryimage"},"thumbnailUrl":"https:\/\/agrupacionespsoe.es\/ponferrada\/wp-content\/uploads\/sites\/36\/2025\/12\/WhatsApp-Image-2025-12-02-at-12.49.05.jpeg","articleSection":["ACTUALIDAD"],"inLanguage":"es","potentialAction":[{"@type":"CommentAction","name":"Comment","target":["https:\/\/agrupacionespsoe.es\/ponferrada\/el-grupo-socialista-denuncia-el-bloqueo-deliberado-del-equipo-de-gobierno-con-la-modificacion-de-la-tasa-del-mercadillo-seis-meses-de-paralisis-inseguridad-juridica-y-perjuicio-directo-para-los-come\/#respond"]}]},{"@type":"WebPage","@id":"https:\/\/agrupacionespsoe.es\/ponferrada\/el-grupo-socialista-denuncia-el-bloqueo-deliberado-del-equipo-de-gobierno-con-la-modificacion-de-la-tasa-del-mercadillo-seis-meses-de-paralisis-inseguridad-juridica-y-perjuicio-directo-para-los-come\/","url":"https:\/\/agrupacionespsoe.es\/ponferrada\/el-grupo-socialista-denuncia-el-bloqueo-deliberado-del-equipo-de-gobierno-con-la-modificacion-de-la-tasa-del-mercadillo-seis-meses-de-paralisis-inseguridad-juridica-y-perjuicio-directo-para-los-come\/","name":"El Grupo Socialista denuncia el bloqueo deliberado del equipo de gobierno con la modificaci\u00f3n de la tasa del mercadillo: seis meses de par\u00e1lisis, inseguridad jur\u00eddica y perjuicio directo para los comerciantes - Agrupaci\u00f3n Socialista de Ponferrada","isPartOf":{"@id":"https:\/\/agrupacionespsoe.es\/ponferrada\/#website"},"primaryImageOfPage":{"@id":"https:\/\/agrupacionespsoe.es\/ponferrada\/el-grupo-socialista-denuncia-el-bloqueo-deliberado-del-equipo-de-gobierno-con-la-modificacion-de-la-tasa-del-mercadillo-seis-meses-de-paralisis-inseguridad-juridica-y-perjuicio-directo-para-los-come\/#primaryimage"},"image":{"@id":"https:\/\/agrupacionespsoe.es\/ponferrada\/el-grupo-socialista-denuncia-el-bloqueo-deliberado-del-equipo-de-gobierno-con-la-modificacion-de-la-tasa-del-mercadillo-seis-meses-de-paralisis-inseguridad-juridica-y-perjuicio-directo-para-los-come\/#primaryimage"},"thumbnailUrl":"https:\/\/agrupacionespsoe.es\/ponferrada\/wp-content\/uploads\/sites\/36\/2025\/12\/WhatsApp-Image-2025-12-02-at-12.49.05.jpeg","datePublished":"2025-12-02T11:51:20+00:00","dateModified":"2025-12-02T16:21:30+00:00","breadcrumb":{"@id":"https:\/\/agrupacionespsoe.es\/ponferrada\/el-grupo-socialista-denuncia-el-bloqueo-deliberado-del-equipo-de-gobierno-con-la-modificacion-de-la-tasa-del-mercadillo-seis-meses-de-paralisis-inseguridad-juridica-y-perjuicio-directo-para-los-come\/#breadcrumb"},"inLanguage":"es","potentialAction":[{"@type":"ReadAction","target":["https:\/\/agrupacionespsoe.es\/ponferrada\/el-grupo-socialista-denuncia-el-bloqueo-deliberado-del-equipo-de-gobierno-con-la-modificacion-de-la-tasa-del-mercadillo-seis-meses-de-paralisis-inseguridad-juridica-y-perjuicio-directo-para-los-come\/"]}]},{"@type":"ImageObject","inLanguage":"es","@id":"https:\/\/agrupacionespsoe.es\/ponferrada\/el-grupo-socialista-denuncia-el-bloqueo-deliberado-del-equipo-de-gobierno-con-la-modificacion-de-la-tasa-del-mercadillo-seis-meses-de-paralisis-inseguridad-juridica-y-perjuicio-directo-para-los-come\/#primaryimage","url":"https:\/\/agrupacionespsoe.es\/ponferrada\/wp-content\/uploads\/sites\/36\/2025\/12\/WhatsApp-Image-2025-12-02-at-12.49.05.jpeg","contentUrl":"https:\/\/agrupacionespsoe.es\/ponferrada\/wp-content\/uploads\/sites\/36\/2025\/12\/WhatsApp-Image-2025-12-02-at-12.49.05.jpeg","width":2048,"height":1539},{"@type":"BreadcrumbList","@id":"https:\/\/agrupacionespsoe.es\/ponferrada\/el-grupo-socialista-denuncia-el-bloqueo-deliberado-del-equipo-de-gobierno-con-la-modificacion-de-la-tasa-del-mercadillo-seis-meses-de-paralisis-inseguridad-juridica-y-perjuicio-directo-para-los-come\/#breadcrumb","itemListElement":[{"@type":"ListItem","position":1,"name":"Portada","item":"https:\/\/agrupacionespsoe.es\/ponferrada\/"},{"@type":"ListItem","position":2,"name":"El Grupo Socialista denuncia el bloqueo deliberado del equipo de gobierno con la modificaci\u00f3n de la tasa del mercadillo: seis meses de par\u00e1lisis, inseguridad jur\u00eddica y perjuicio directo para los comerciantes"}]},{"@type":"WebSite","@id":"https:\/\/agrupacionespsoe.es\/ponferrada\/#website","url":"https:\/\/agrupacionespsoe.es\/ponferrada\/","name":"Agrupaci\u00f3n Socialista de Ponferrada","description":"Agrupaci\u00f3n Socialista de Ponferrada","publisher":{"@id":"https:\/\/agrupacionespsoe.es\/ponferrada\/#organization"},"potentialAction":[{"@type":"SearchAction","target":{"@type":"EntryPoint","urlTemplate":"https:\/\/agrupacionespsoe.es\/ponferrada\/?s={search_term_string}"},"query-input":{"@type":"PropertyValueSpecification","valueRequired":true,"valueName":"search_term_string"}}],"inLanguage":"es"},{"@type":"Organization","@id":"https:\/\/agrupacionespsoe.es\/ponferrada\/#organization","name":"Agrupaci\u00f3n Socialista de Ponferrada","url":"https:\/\/agrupacionespsoe.es\/ponferrada\/","logo":{"@type":"ImageObject","inLanguage":"es","@id":"https:\/\/agrupacionespsoe.es\/ponferrada\/#\/schema\/logo\/image\/","url":"https:\/\/agrupacionespsoe.es\/wp-content\/uploads\/2022\/07\/Logotipo_electoral_del_PSOE.png","contentUrl":"https:\/\/agrupacionespsoe.es\/wp-content\/uploads\/2022\/07\/Logotipo_electoral_del_PSOE.png","width":422,"height":422,"caption":"Agrupaci\u00f3n Socialista de Ponferrada"},"image":{"@id":"https:\/\/agrupacionespsoe.es\/ponferrada\/#\/schema\/logo\/image\/"}},{"@type":"Person","@id":"https:\/\/agrupacionespsoe.es\/ponferrada\/#\/schema\/person\/cd29ee627f3b70c05d415f02596debaa","name":"ponferrada2","image":{"@type":"ImageObject","inLanguage":"es","@id":"https:\/\/agrupacionespsoe.es\/ponferrada\/#\/schema\/person\/image\/","url":"https:\/\/secure.gravatar.com\/avatar\/f499eeb60144c664cf7b7edf75549b50?s=96&d=mm&r=g","contentUrl":"https:\/\/secure.gravatar.com\/avatar\/f499eeb60144c664cf7b7edf75549b50?s=96&d=mm&r=g","caption":"ponferrada2"},"url":"https:\/\/agrupacionespsoe.es\/ponferrada\/author\/ponferrada2\/"}]}},"jetpack_featured_media_url":"https:\/\/agrupacionespsoe.es\/ponferrada\/wp-content\/uploads\/sites\/36\/2025\/12\/WhatsApp-Image-2025-12-02-at-12.49.05.jpeg","jetpack_sharing_enabled":true,"_links":{"self":[{"href":"https:\/\/agrupacionespsoe.es\/ponferrada\/wp-json\/wp\/v2\/posts\/1365","targetHints":{"allow":["GET"]}}],"collection":[{"href":"https:\/\/agrupacionespsoe.es\/ponferrada\/wp-json\/wp\/v2\/posts"}],"about":[{"href":"https:\/\/agrupacionespsoe.es\/ponferrada\/wp-json\/wp\/v2\/types\/post"}],"author":[{"embeddable":true,"href":"https:\/\/agrupacionespsoe.es\/ponferrada\/wp-json\/wp\/v2\/users\/32"}],"replies":[{"embeddable":true,"href":"https:\/\/agrupacionespsoe.es\/ponferrada\/wp-json\/wp\/v2\/comments?post=1365"}],"version-history":[{"count":4,"href":"https:\/\/agrupacionespsoe.es\/ponferrada\/wp-json\/wp\/v2\/posts\/1365\/revisions"}],"predecessor-version":[{"id":1370,"href":"https:\/\/agrupacionespsoe.es\/ponferrada\/wp-json\/wp\/v2\/posts\/1365\/revisions\/1370"}],"wp:featuredmedia":[{"embeddable":true,"href":"https:\/\/agrupacionespsoe.es\/ponferrada\/wp-json\/wp\/v2\/media\/1366"}],"wp:attachment":[{"href":"https:\/\/agrupacionespsoe.es\/ponferrada\/wp-json\/wp\/v2\/media?parent=1365"}],"wp:term":[{"taxonomy":"category","embeddable":true,"href":"https:\/\/agrupacionespsoe.es\/ponferrada\/wp-json\/wp\/v2\/categories?post=1365"},{"taxonomy":"post_tag","embeddable":true,"href":"https:\/\/agrupacionespsoe.es\/ponferrada\/wp-json\/wp\/v2\/tags?post=1365"}],"curies":[{"name":"wp","href":"https:\/\/api.w.org\/{rel}","templated":true}]}}