{"id":1361,"date":"2025-11-25T12:45:26","date_gmt":"2025-11-25T12:45:26","guid":{"rendered":"https:\/\/agrupacionespsoe.es\/ponferrada\/?p=1361"},"modified":"2025-11-28T12:52:02","modified_gmt":"2025-11-28T12:52:02","slug":"dos-anos-y-medio-sin-actuar-cero-euros-en-el-fibrocemento-y-una-rueda-de-prensa-para-presentar-dos-cartas-el-balance-real-de-morala","status":"publish","type":"post","link":"https:\/\/agrupacionespsoe.es\/ponferrada\/dos-anos-y-medio-sin-actuar-cero-euros-en-el-fibrocemento-y-una-rueda-de-prensa-para-presentar-dos-cartas-el-balance-real-de-morala\/","title":{"rendered":"Dos a\u00f1os y medio sin actuar, cero euros en el fibrocemento y una rueda de prensa para presentar dos cartas: el balance real de Morala"},"content":{"rendered":"\n<p>El Grupo Municipal Socialista considera una absoluta tomadura de pelo que el alcalde de Ponferrada convoque a los medios de comunicaci\u00f3n para presentar como \u201cgran anuncio estrat\u00e9gico\u201d el simple hecho de haber redactado y enviado dos cartas. Es para el grupo socialista, probablemente, el ejemplo m\u00e1s gr\u00e1fico de lo que est\u00e1 siendo este mandato: apariencia, humo y una gesti\u00f3n basada en notas de encargo, intenciones y proyectos imaginarios.<\/p>\n\n\n\n<p>Seg\u00fan explic\u00f3 el propio alcalde, el Ayuntamiento \u201cpone en marcha la maquinaria administrativa\u201d para una obra \u201curgente\u201d porque \u2014textualmente\u2014 ha remitido una solicitud de financiaci\u00f3n a la Junta y otra al Gobierno de Espa\u00f1a. Ni proyecto aprobado, ni financiaci\u00f3n comprometida, ni plazos, ni licitaci\u00f3n, ni ejecuci\u00f3n. Dos cartas. Ese es todo el contenido real del anuncio.<\/p>\n\n\n\n<p>Desde el grupo socialista criticamos que si esto es lo que Morala entiende por \u201cactuar con urgencia\u201d, no queremos imaginar c\u00f3mo ser\u00e1 cuando la inversi\u00f3n tenga posibilidades reales de materializarse. Esta es la en\u00e9sima venta de humo parece que como no tiene proyectos reales que presentar ni avances tangibles que explicar, ya convoca ruedas de prensa para cualquier cosa, aunque sea para contarnos que ha puesto dos cartas en el buz\u00f3n. No sabemos si lo pr\u00f3ximo ser\u00e1 anunciar una llamada perdida o pedir festivo local si alguna administraci\u00f3n le confirma que estudiar\u00e1 la inversi\u00f3n.<\/p>\n\n\n\n<p>Y mientras sigue anunciando humo y echando la culpa de todo al anterior equipo de gobierno, los vecinos y vecinas siguen esperando soluciones tangibles a sus problemas diarios.<\/p>\n\n\n\n<p>Desde el grupo socialista queremos recordar que cuando el anterior gobierno municipal tuvo que actuar sobre las instalaciones de abastecimiento de agua, lo hizo con hechos y no con papeles: 187.500 euros invertidos en un nuevo sistema de decantaci\u00f3n lamelar en la ETAP de San Clemente, sustituyendo un sistema inservible por los arrastres de barro y lodos. Equipos de automatizaci\u00f3n instalados para garantizar el funcionamiento estable de la planta sin necesidad de operarios 24 horas.<\/p>\n\n\n\n<p>O por ejemplo los 350.000 euros para renovar 1,5 kil\u00f3metros de tuber\u00eda de fibrocemento entre San Esteban y los dep\u00f3sitos de San Lorenzo, eliminando materiales obsoletos y riesgos para la salud p\u00fablica.<\/p>\n\n\n\n<p>Eso s\u00ed fueron actuaciones urgentes, reales y necesarias. Eso s\u00ed mejor\u00f3 el abastecimiento y la seguridad del sistema. Y, sobre todo, eso s\u00ed se hizo desde la responsabilidad y no desde la propaganda.<\/p>\n\n\n\n<p>Desde el grupo socialista tambi\u00e9n quieren recordar que cuando Marco Morala estaba en la oposici\u00f3n exig\u00eda exactamente lo que hoy es incapaz de hacer. Reclamaba p\u00fablicamente una inversi\u00f3n \u201cno inferior a dos millones de euros\u201d para renovar la red de fibrocemento, denunciando que era un \u201ccompromiso olvidado\u201d y reivindicando que deb\u00eda actuarse \u201ccuanto antes\u201d por salud p\u00fablica, eficiencia y seguridad. Incluso acusaba entonces al gobierno municipal de no avanzar lo suficiente en una infraestructura b\u00e1sica que \u2014seg\u00fan \u00e9l mismo dec\u00eda\u2014 \u201cno luce, pero es imprescindible\u201d. Sin embargo, casi dos a\u00f1os y medio despu\u00e9s de ocupar la Alcald\u00eda, Morala no ha destinado ni un solo euro a esta renovaci\u00f3n, demostrando de nuevo que aquello que exig\u00eda con tanta contundencia desde la oposici\u00f3n no era una prioridad real, sino simplemente un argumento m\u00e1s de su discurso.<\/p>\n\n\n\n<p>Y ahora tras el episodio de agua no potable lo m\u00e1s urgente que ha hecho el alcalde es difundir que ha escrito dos cartas. De nuevo, una puesta en escena para simular gesti\u00f3n donde solo hay asuntos de mero tr\u00e1mite.<\/p>\n\n\n\n<p>Desde el Grupo Socialista seguiremos insistiendo en que invierta en la sustituci\u00f3n de la red de fibrocemento, seguiremos exigiendo soluciones reales, inversiones reales y proyectos reales. Mientras el Alcalde est\u00e1 instalado en el marketing sin resultados y en la venta de humo la ciudadan\u00eda seguir\u00e1 esperando a un gobierno que gobierne en lugar de hacerle oposici\u00f3n a la oposici\u00f3n.<\/p>\n\n\n\n<figure class=\"wp-block-image size-full\"><img loading=\"lazy\" decoding=\"async\" width=\"638\" height=\"684\" src=\"https:\/\/agrupacionespsoe.es\/ponferrada\/wp-content\/uploads\/sites\/36\/2025\/11\/image-4.png\" alt=\"\" class=\"wp-image-1362\" srcset=\"https:\/\/agrupacionespsoe.es\/ponferrada\/wp-content\/uploads\/sites\/36\/2025\/11\/image-4.png 638w, https:\/\/agrupacionespsoe.es\/ponferrada\/wp-content\/uploads\/sites\/36\/2025\/11\/image-4-280x300.png 280w\" sizes=\"auto, (max-width: 638px) 100vw, 638px\" \/><\/figure>\n","protected":false},"excerpt":{"rendered":"<p>El Grupo Municipal Socialista considera una absoluta tomadura de pelo que el alcalde de Ponferrada convoque a los medios de comunicaci\u00f3n para presentar como \u201cgran anuncio estrat\u00e9gico\u201d el simple hecho de haber redactado y enviado dos cartas. Es para el grupo socialista, probablemente, el ejemplo m\u00e1s gr\u00e1fico de lo que est\u00e1 siendo este mandato: apariencia, &#8230;<\/p>\n","protected":false},"author":32,"featured_media":1362,"comment_status":"open","ping_status":"open","sticky":false,"template":"","format":"standard","meta":{"_jetpack_memberships_contains_paid_content":false,"footnotes":""},"categories":[6],"tags":[],"class_list":["post-1361","post","type-post","status-publish","format-standard","has-post-thumbnail","hentry","category-actualidad"],"yoast_head":"<!-- This site is optimized with the Yoast SEO plugin v24.0 - https:\/\/yoast.com\/wordpress\/plugins\/seo\/ -->\n<title>Dos a\u00f1os y medio sin actuar, cero euros en el fibrocemento y una rueda de prensa para presentar dos cartas: el balance real de Morala - Agrupaci\u00f3n Socialista de Ponferrada<\/title>\n<meta name=\"robots\" content=\"index, follow, max-snippet:-1, max-image-preview:large, max-video-preview:-1\" \/>\n<link rel=\"canonical\" href=\"https:\/\/agrupacionespsoe.es\/ponferrada\/dos-anos-y-medio-sin-actuar-cero-euros-en-el-fibrocemento-y-una-rueda-de-prensa-para-presentar-dos-cartas-el-balance-real-de-morala\/\" \/>\n<meta property=\"og:locale\" content=\"es_ES\" \/>\n<meta property=\"og:type\" content=\"article\" \/>\n<meta property=\"og:title\" content=\"Dos a\u00f1os y medio sin actuar, cero euros en el fibrocemento y una rueda de prensa para presentar dos cartas: el balance real de Morala - Agrupaci\u00f3n Socialista de Ponferrada\" \/>\n<meta property=\"og:description\" content=\"El Grupo Municipal Socialista considera una absoluta tomadura de pelo que el alcalde de Ponferrada convoque a los medios de comunicaci\u00f3n para presentar como \u201cgran anuncio estrat\u00e9gico\u201d el simple hecho de haber redactado y enviado dos cartas. Es para el grupo socialista, probablemente, el ejemplo m\u00e1s gr\u00e1fico de lo que est\u00e1 siendo este mandato: apariencia, ...\" \/>\n<meta property=\"og:url\" content=\"https:\/\/agrupacionespsoe.es\/ponferrada\/dos-anos-y-medio-sin-actuar-cero-euros-en-el-fibrocemento-y-una-rueda-de-prensa-para-presentar-dos-cartas-el-balance-real-de-morala\/\" \/>\n<meta property=\"og:site_name\" content=\"Agrupaci\u00f3n Socialista de Ponferrada\" \/>\n<meta property=\"article:published_time\" content=\"2025-11-25T12:45:26+00:00\" \/>\n<meta property=\"article:modified_time\" content=\"2025-11-28T12:52:02+00:00\" \/>\n<meta property=\"og:image\" content=\"https:\/\/agrupacionespsoe.es\/ponferrada\/wp-content\/uploads\/sites\/36\/2025\/11\/image-4.png\" \/>\n\t<meta property=\"og:image:width\" content=\"638\" \/>\n\t<meta property=\"og:image:height\" content=\"684\" \/>\n\t<meta property=\"og:image:type\" content=\"image\/png\" \/>\n<meta name=\"author\" content=\"ponferrada2\" \/>\n<meta name=\"twitter:card\" content=\"summary_large_image\" \/>\n<meta name=\"twitter:label1\" content=\"Escrito por\" \/>\n\t<meta name=\"twitter:data1\" content=\"ponferrada2\" \/>\n\t<meta name=\"twitter:label2\" content=\"Tiempo de lectura\" \/>\n\t<meta name=\"twitter:data2\" content=\"4 minutos\" \/>\n<script type=\"application\/ld+json\" class=\"yoast-schema-graph\">{\"@context\":\"https:\/\/schema.org\",\"@graph\":[{\"@type\":\"Article\",\"@id\":\"https:\/\/agrupacionespsoe.es\/ponferrada\/dos-anos-y-medio-sin-actuar-cero-euros-en-el-fibrocemento-y-una-rueda-de-prensa-para-presentar-dos-cartas-el-balance-real-de-morala\/#article\",\"isPartOf\":{\"@id\":\"https:\/\/agrupacionespsoe.es\/ponferrada\/dos-anos-y-medio-sin-actuar-cero-euros-en-el-fibrocemento-y-una-rueda-de-prensa-para-presentar-dos-cartas-el-balance-real-de-morala\/\"},\"author\":{\"name\":\"ponferrada2\",\"@id\":\"https:\/\/agrupacionespsoe.es\/ponferrada\/#\/schema\/person\/cd29ee627f3b70c05d415f02596debaa\"},\"headline\":\"Dos a\u00f1os y medio sin actuar, cero euros en el fibrocemento y una rueda de prensa para presentar dos cartas: el balance real de Morala\",\"datePublished\":\"2025-11-25T12:45:26+00:00\",\"dateModified\":\"2025-11-28T12:52:02+00:00\",\"mainEntityOfPage\":{\"@id\":\"https:\/\/agrupacionespsoe.es\/ponferrada\/dos-anos-y-medio-sin-actuar-cero-euros-en-el-fibrocemento-y-una-rueda-de-prensa-para-presentar-dos-cartas-el-balance-real-de-morala\/\"},\"wordCount\":689,\"commentCount\":0,\"publisher\":{\"@id\":\"https:\/\/agrupacionespsoe.es\/ponferrada\/#organization\"},\"image\":{\"@id\":\"https:\/\/agrupacionespsoe.es\/ponferrada\/dos-anos-y-medio-sin-actuar-cero-euros-en-el-fibrocemento-y-una-rueda-de-prensa-para-presentar-dos-cartas-el-balance-real-de-morala\/#primaryimage\"},\"thumbnailUrl\":\"https:\/\/agrupacionespsoe.es\/ponferrada\/wp-content\/uploads\/sites\/36\/2025\/11\/image-4.png\",\"articleSection\":[\"ACTUALIDAD\"],\"inLanguage\":\"es\",\"potentialAction\":[{\"@type\":\"CommentAction\",\"name\":\"Comment\",\"target\":[\"https:\/\/agrupacionespsoe.es\/ponferrada\/dos-anos-y-medio-sin-actuar-cero-euros-en-el-fibrocemento-y-una-rueda-de-prensa-para-presentar-dos-cartas-el-balance-real-de-morala\/#respond\"]}]},{\"@type\":\"WebPage\",\"@id\":\"https:\/\/agrupacionespsoe.es\/ponferrada\/dos-anos-y-medio-sin-actuar-cero-euros-en-el-fibrocemento-y-una-rueda-de-prensa-para-presentar-dos-cartas-el-balance-real-de-morala\/\",\"url\":\"https:\/\/agrupacionespsoe.es\/ponferrada\/dos-anos-y-medio-sin-actuar-cero-euros-en-el-fibrocemento-y-una-rueda-de-prensa-para-presentar-dos-cartas-el-balance-real-de-morala\/\",\"name\":\"Dos a\u00f1os y medio sin actuar, cero euros en el fibrocemento y una rueda de prensa para presentar dos cartas: el balance real de Morala - Agrupaci\u00f3n Socialista de Ponferrada\",\"isPartOf\":{\"@id\":\"https:\/\/agrupacionespsoe.es\/ponferrada\/#website\"},\"primaryImageOfPage\":{\"@id\":\"https:\/\/agrupacionespsoe.es\/ponferrada\/dos-anos-y-medio-sin-actuar-cero-euros-en-el-fibrocemento-y-una-rueda-de-prensa-para-presentar-dos-cartas-el-balance-real-de-morala\/#primaryimage\"},\"image\":{\"@id\":\"https:\/\/agrupacionespsoe.es\/ponferrada\/dos-anos-y-medio-sin-actuar-cero-euros-en-el-fibrocemento-y-una-rueda-de-prensa-para-presentar-dos-cartas-el-balance-real-de-morala\/#primaryimage\"},\"thumbnailUrl\":\"https:\/\/agrupacionespsoe.es\/ponferrada\/wp-content\/uploads\/sites\/36\/2025\/11\/image-4.png\",\"datePublished\":\"2025-11-25T12:45:26+00:00\",\"dateModified\":\"2025-11-28T12:52:02+00:00\",\"breadcrumb\":{\"@id\":\"https:\/\/agrupacionespsoe.es\/ponferrada\/dos-anos-y-medio-sin-actuar-cero-euros-en-el-fibrocemento-y-una-rueda-de-prensa-para-presentar-dos-cartas-el-balance-real-de-morala\/#breadcrumb\"},\"inLanguage\":\"es\",\"potentialAction\":[{\"@type\":\"ReadAction\",\"target\":[\"https:\/\/agrupacionespsoe.es\/ponferrada\/dos-anos-y-medio-sin-actuar-cero-euros-en-el-fibrocemento-y-una-rueda-de-prensa-para-presentar-dos-cartas-el-balance-real-de-morala\/\"]}]},{\"@type\":\"ImageObject\",\"inLanguage\":\"es\",\"@id\":\"https:\/\/agrupacionespsoe.es\/ponferrada\/dos-anos-y-medio-sin-actuar-cero-euros-en-el-fibrocemento-y-una-rueda-de-prensa-para-presentar-dos-cartas-el-balance-real-de-morala\/#primaryimage\",\"url\":\"https:\/\/agrupacionespsoe.es\/ponferrada\/wp-content\/uploads\/sites\/36\/2025\/11\/image-4.png\",\"contentUrl\":\"https:\/\/agrupacionespsoe.es\/ponferrada\/wp-content\/uploads\/sites\/36\/2025\/11\/image-4.png\",\"width\":638,\"height\":684},{\"@type\":\"BreadcrumbList\",\"@id\":\"https:\/\/agrupacionespsoe.es\/ponferrada\/dos-anos-y-medio-sin-actuar-cero-euros-en-el-fibrocemento-y-una-rueda-de-prensa-para-presentar-dos-cartas-el-balance-real-de-morala\/#breadcrumb\",\"itemListElement\":[{\"@type\":\"ListItem\",\"position\":1,\"name\":\"Portada\",\"item\":\"https:\/\/agrupacionespsoe.es\/ponferrada\/\"},{\"@type\":\"ListItem\",\"position\":2,\"name\":\"Dos a\u00f1os y medio sin actuar, cero euros en el fibrocemento y una rueda de prensa para presentar dos cartas: el balance real de Morala\"}]},{\"@type\":\"WebSite\",\"@id\":\"https:\/\/agrupacionespsoe.es\/ponferrada\/#website\",\"url\":\"https:\/\/agrupacionespsoe.es\/ponferrada\/\",\"name\":\"Agrupaci\u00f3n Socialista de Ponferrada\",\"description\":\"Agrupaci\u00f3n Socialista de Ponferrada\",\"publisher\":{\"@id\":\"https:\/\/agrupacionespsoe.es\/ponferrada\/#organization\"},\"potentialAction\":[{\"@type\":\"SearchAction\",\"target\":{\"@type\":\"EntryPoint\",\"urlTemplate\":\"https:\/\/agrupacionespsoe.es\/ponferrada\/?s={search_term_string}\"},\"query-input\":{\"@type\":\"PropertyValueSpecification\",\"valueRequired\":true,\"valueName\":\"search_term_string\"}}],\"inLanguage\":\"es\"},{\"@type\":\"Organization\",\"@id\":\"https:\/\/agrupacionespsoe.es\/ponferrada\/#organization\",\"name\":\"Agrupaci\u00f3n Socialista de Ponferrada\",\"url\":\"https:\/\/agrupacionespsoe.es\/ponferrada\/\",\"logo\":{\"@type\":\"ImageObject\",\"inLanguage\":\"es\",\"@id\":\"https:\/\/agrupacionespsoe.es\/ponferrada\/#\/schema\/logo\/image\/\",\"url\":\"https:\/\/agrupacionespsoe.es\/wp-content\/uploads\/2022\/07\/Logotipo_electoral_del_PSOE.png\",\"contentUrl\":\"https:\/\/agrupacionespsoe.es\/wp-content\/uploads\/2022\/07\/Logotipo_electoral_del_PSOE.png\",\"width\":422,\"height\":422,\"caption\":\"Agrupaci\u00f3n Socialista de Ponferrada\"},\"image\":{\"@id\":\"https:\/\/agrupacionespsoe.es\/ponferrada\/#\/schema\/logo\/image\/\"}},{\"@type\":\"Person\",\"@id\":\"https:\/\/agrupacionespsoe.es\/ponferrada\/#\/schema\/person\/cd29ee627f3b70c05d415f02596debaa\",\"name\":\"ponferrada2\",\"image\":{\"@type\":\"ImageObject\",\"inLanguage\":\"es\",\"@id\":\"https:\/\/agrupacionespsoe.es\/ponferrada\/#\/schema\/person\/image\/\",\"url\":\"https:\/\/secure.gravatar.com\/avatar\/f499eeb60144c664cf7b7edf75549b50?s=96&d=mm&r=g\",\"contentUrl\":\"https:\/\/secure.gravatar.com\/avatar\/f499eeb60144c664cf7b7edf75549b50?s=96&d=mm&r=g\",\"caption\":\"ponferrada2\"},\"url\":\"https:\/\/agrupacionespsoe.es\/ponferrada\/author\/ponferrada2\/\"}]}<\/script>\n<!-- \/ Yoast SEO plugin. -->","yoast_head_json":{"title":"Dos a\u00f1os y medio sin actuar, cero euros en el fibrocemento y una rueda de prensa para presentar dos cartas: el balance real de Morala - Agrupaci\u00f3n Socialista de Ponferrada","robots":{"index":"index","follow":"follow","max-snippet":"max-snippet:-1","max-image-preview":"max-image-preview:large","max-video-preview":"max-video-preview:-1"},"canonical":"https:\/\/agrupacionespsoe.es\/ponferrada\/dos-anos-y-medio-sin-actuar-cero-euros-en-el-fibrocemento-y-una-rueda-de-prensa-para-presentar-dos-cartas-el-balance-real-de-morala\/","og_locale":"es_ES","og_type":"article","og_title":"Dos a\u00f1os y medio sin actuar, cero euros en el fibrocemento y una rueda de prensa para presentar dos cartas: el balance real de Morala - Agrupaci\u00f3n Socialista de Ponferrada","og_description":"El Grupo Municipal Socialista considera una absoluta tomadura de pelo que el alcalde de Ponferrada convoque a los medios de comunicaci\u00f3n para presentar como \u201cgran anuncio estrat\u00e9gico\u201d el simple hecho de haber redactado y enviado dos cartas. Es para el grupo socialista, probablemente, el ejemplo m\u00e1s gr\u00e1fico de lo que est\u00e1 siendo este mandato: apariencia, ...","og_url":"https:\/\/agrupacionespsoe.es\/ponferrada\/dos-anos-y-medio-sin-actuar-cero-euros-en-el-fibrocemento-y-una-rueda-de-prensa-para-presentar-dos-cartas-el-balance-real-de-morala\/","og_site_name":"Agrupaci\u00f3n Socialista de Ponferrada","article_published_time":"2025-11-25T12:45:26+00:00","article_modified_time":"2025-11-28T12:52:02+00:00","og_image":[{"width":638,"height":684,"url":"https:\/\/agrupacionespsoe.es\/ponferrada\/wp-content\/uploads\/sites\/36\/2025\/11\/image-4.png","type":"image\/png"}],"author":"ponferrada2","twitter_card":"summary_large_image","twitter_misc":{"Escrito por":"ponferrada2","Tiempo de lectura":"4 minutos"},"schema":{"@context":"https:\/\/schema.org","@graph":[{"@type":"Article","@id":"https:\/\/agrupacionespsoe.es\/ponferrada\/dos-anos-y-medio-sin-actuar-cero-euros-en-el-fibrocemento-y-una-rueda-de-prensa-para-presentar-dos-cartas-el-balance-real-de-morala\/#article","isPartOf":{"@id":"https:\/\/agrupacionespsoe.es\/ponferrada\/dos-anos-y-medio-sin-actuar-cero-euros-en-el-fibrocemento-y-una-rueda-de-prensa-para-presentar-dos-cartas-el-balance-real-de-morala\/"},"author":{"name":"ponferrada2","@id":"https:\/\/agrupacionespsoe.es\/ponferrada\/#\/schema\/person\/cd29ee627f3b70c05d415f02596debaa"},"headline":"Dos a\u00f1os y medio sin actuar, cero euros en el fibrocemento y una rueda de prensa para presentar dos cartas: el balance real de Morala","datePublished":"2025-11-25T12:45:26+00:00","dateModified":"2025-11-28T12:52:02+00:00","mainEntityOfPage":{"@id":"https:\/\/agrupacionespsoe.es\/ponferrada\/dos-anos-y-medio-sin-actuar-cero-euros-en-el-fibrocemento-y-una-rueda-de-prensa-para-presentar-dos-cartas-el-balance-real-de-morala\/"},"wordCount":689,"commentCount":0,"publisher":{"@id":"https:\/\/agrupacionespsoe.es\/ponferrada\/#organization"},"image":{"@id":"https:\/\/agrupacionespsoe.es\/ponferrada\/dos-anos-y-medio-sin-actuar-cero-euros-en-el-fibrocemento-y-una-rueda-de-prensa-para-presentar-dos-cartas-el-balance-real-de-morala\/#primaryimage"},"thumbnailUrl":"https:\/\/agrupacionespsoe.es\/ponferrada\/wp-content\/uploads\/sites\/36\/2025\/11\/image-4.png","articleSection":["ACTUALIDAD"],"inLanguage":"es","potentialAction":[{"@type":"CommentAction","name":"Comment","target":["https:\/\/agrupacionespsoe.es\/ponferrada\/dos-anos-y-medio-sin-actuar-cero-euros-en-el-fibrocemento-y-una-rueda-de-prensa-para-presentar-dos-cartas-el-balance-real-de-morala\/#respond"]}]},{"@type":"WebPage","@id":"https:\/\/agrupacionespsoe.es\/ponferrada\/dos-anos-y-medio-sin-actuar-cero-euros-en-el-fibrocemento-y-una-rueda-de-prensa-para-presentar-dos-cartas-el-balance-real-de-morala\/","url":"https:\/\/agrupacionespsoe.es\/ponferrada\/dos-anos-y-medio-sin-actuar-cero-euros-en-el-fibrocemento-y-una-rueda-de-prensa-para-presentar-dos-cartas-el-balance-real-de-morala\/","name":"Dos a\u00f1os y medio sin actuar, cero euros en el fibrocemento y una rueda de prensa para presentar dos cartas: el balance real de Morala - Agrupaci\u00f3n Socialista de Ponferrada","isPartOf":{"@id":"https:\/\/agrupacionespsoe.es\/ponferrada\/#website"},"primaryImageOfPage":{"@id":"https:\/\/agrupacionespsoe.es\/ponferrada\/dos-anos-y-medio-sin-actuar-cero-euros-en-el-fibrocemento-y-una-rueda-de-prensa-para-presentar-dos-cartas-el-balance-real-de-morala\/#primaryimage"},"image":{"@id":"https:\/\/agrupacionespsoe.es\/ponferrada\/dos-anos-y-medio-sin-actuar-cero-euros-en-el-fibrocemento-y-una-rueda-de-prensa-para-presentar-dos-cartas-el-balance-real-de-morala\/#primaryimage"},"thumbnailUrl":"https:\/\/agrupacionespsoe.es\/ponferrada\/wp-content\/uploads\/sites\/36\/2025\/11\/image-4.png","datePublished":"2025-11-25T12:45:26+00:00","dateModified":"2025-11-28T12:52:02+00:00","breadcrumb":{"@id":"https:\/\/agrupacionespsoe.es\/ponferrada\/dos-anos-y-medio-sin-actuar-cero-euros-en-el-fibrocemento-y-una-rueda-de-prensa-para-presentar-dos-cartas-el-balance-real-de-morala\/#breadcrumb"},"inLanguage":"es","potentialAction":[{"@type":"ReadAction","target":["https:\/\/agrupacionespsoe.es\/ponferrada\/dos-anos-y-medio-sin-actuar-cero-euros-en-el-fibrocemento-y-una-rueda-de-prensa-para-presentar-dos-cartas-el-balance-real-de-morala\/"]}]},{"@type":"ImageObject","inLanguage":"es","@id":"https:\/\/agrupacionespsoe.es\/ponferrada\/dos-anos-y-medio-sin-actuar-cero-euros-en-el-fibrocemento-y-una-rueda-de-prensa-para-presentar-dos-cartas-el-balance-real-de-morala\/#primaryimage","url":"https:\/\/agrupacionespsoe.es\/ponferrada\/wp-content\/uploads\/sites\/36\/2025\/11\/image-4.png","contentUrl":"https:\/\/agrupacionespsoe.es\/ponferrada\/wp-content\/uploads\/sites\/36\/2025\/11\/image-4.png","width":638,"height":684},{"@type":"BreadcrumbList","@id":"https:\/\/agrupacionespsoe.es\/ponferrada\/dos-anos-y-medio-sin-actuar-cero-euros-en-el-fibrocemento-y-una-rueda-de-prensa-para-presentar-dos-cartas-el-balance-real-de-morala\/#breadcrumb","itemListElement":[{"@type":"ListItem","position":1,"name":"Portada","item":"https:\/\/agrupacionespsoe.es\/ponferrada\/"},{"@type":"ListItem","position":2,"name":"Dos a\u00f1os y medio sin actuar, cero euros en el fibrocemento y una rueda de prensa para presentar dos cartas: el balance real de Morala"}]},{"@type":"WebSite","@id":"https:\/\/agrupacionespsoe.es\/ponferrada\/#website","url":"https:\/\/agrupacionespsoe.es\/ponferrada\/","name":"Agrupaci\u00f3n Socialista de Ponferrada","description":"Agrupaci\u00f3n Socialista de Ponferrada","publisher":{"@id":"https:\/\/agrupacionespsoe.es\/ponferrada\/#organization"},"potentialAction":[{"@type":"SearchAction","target":{"@type":"EntryPoint","urlTemplate":"https:\/\/agrupacionespsoe.es\/ponferrada\/?s={search_term_string}"},"query-input":{"@type":"PropertyValueSpecification","valueRequired":true,"valueName":"search_term_string"}}],"inLanguage":"es"},{"@type":"Organization","@id":"https:\/\/agrupacionespsoe.es\/ponferrada\/#organization","name":"Agrupaci\u00f3n Socialista de Ponferrada","url":"https:\/\/agrupacionespsoe.es\/ponferrada\/","logo":{"@type":"ImageObject","inLanguage":"es","@id":"https:\/\/agrupacionespsoe.es\/ponferrada\/#\/schema\/logo\/image\/","url":"https:\/\/agrupacionespsoe.es\/wp-content\/uploads\/2022\/07\/Logotipo_electoral_del_PSOE.png","contentUrl":"https:\/\/agrupacionespsoe.es\/wp-content\/uploads\/2022\/07\/Logotipo_electoral_del_PSOE.png","width":422,"height":422,"caption":"Agrupaci\u00f3n Socialista de Ponferrada"},"image":{"@id":"https:\/\/agrupacionespsoe.es\/ponferrada\/#\/schema\/logo\/image\/"}},{"@type":"Person","@id":"https:\/\/agrupacionespsoe.es\/ponferrada\/#\/schema\/person\/cd29ee627f3b70c05d415f02596debaa","name":"ponferrada2","image":{"@type":"ImageObject","inLanguage":"es","@id":"https:\/\/agrupacionespsoe.es\/ponferrada\/#\/schema\/person\/image\/","url":"https:\/\/secure.gravatar.com\/avatar\/f499eeb60144c664cf7b7edf75549b50?s=96&d=mm&r=g","contentUrl":"https:\/\/secure.gravatar.com\/avatar\/f499eeb60144c664cf7b7edf75549b50?s=96&d=mm&r=g","caption":"ponferrada2"},"url":"https:\/\/agrupacionespsoe.es\/ponferrada\/author\/ponferrada2\/"}]}},"jetpack_featured_media_url":"https:\/\/agrupacionespsoe.es\/ponferrada\/wp-content\/uploads\/sites\/36\/2025\/11\/image-4.png","jetpack_sharing_enabled":true,"_links":{"self":[{"href":"https:\/\/agrupacionespsoe.es\/ponferrada\/wp-json\/wp\/v2\/posts\/1361","targetHints":{"allow":["GET"]}}],"collection":[{"href":"https:\/\/agrupacionespsoe.es\/ponferrada\/wp-json\/wp\/v2\/posts"}],"about":[{"href":"https:\/\/agrupacionespsoe.es\/ponferrada\/wp-json\/wp\/v2\/types\/post"}],"author":[{"embeddable":true,"href":"https:\/\/agrupacionespsoe.es\/ponferrada\/wp-json\/wp\/v2\/users\/32"}],"replies":[{"embeddable":true,"href":"https:\/\/agrupacionespsoe.es\/ponferrada\/wp-json\/wp\/v2\/comments?post=1361"}],"version-history":[{"count":2,"href":"https:\/\/agrupacionespsoe.es\/ponferrada\/wp-json\/wp\/v2\/posts\/1361\/revisions"}],"predecessor-version":[{"id":1364,"href":"https:\/\/agrupacionespsoe.es\/ponferrada\/wp-json\/wp\/v2\/posts\/1361\/revisions\/1364"}],"wp:featuredmedia":[{"embeddable":true,"href":"https:\/\/agrupacionespsoe.es\/ponferrada\/wp-json\/wp\/v2\/media\/1362"}],"wp:attachment":[{"href":"https:\/\/agrupacionespsoe.es\/ponferrada\/wp-json\/wp\/v2\/media?parent=1361"}],"wp:term":[{"taxonomy":"category","embeddable":true,"href":"https:\/\/agrupacionespsoe.es\/ponferrada\/wp-json\/wp\/v2\/categories?post=1361"},{"taxonomy":"post_tag","embeddable":true,"href":"https:\/\/agrupacionespsoe.es\/ponferrada\/wp-json\/wp\/v2\/tags?post=1361"}],"curies":[{"name":"wp","href":"https:\/\/api.w.org\/{rel}","templated":true}]}}