{"id":1356,"date":"2025-11-28T12:44:13","date_gmt":"2025-11-28T12:44:13","guid":{"rendered":"https:\/\/agrupacionespsoe.es\/ponferrada\/?p=1356"},"modified":"2025-11-28T12:45:20","modified_gmt":"2025-11-28T12:45:20","slug":"el-psoe-denuncia-que-morala-miente-y-demuestra-no-conocer-sus-competencias-tras-culpar-al-psoe-de-que-el-colegio-de-la-borreca-no-tenga-patio-cubierto","status":"publish","type":"post","link":"https:\/\/agrupacionespsoe.es\/ponferrada\/el-psoe-denuncia-que-morala-miente-y-demuestra-no-conocer-sus-competencias-tras-culpar-al-psoe-de-que-el-colegio-de-la-borreca-no-tenga-patio-cubierto\/","title":{"rendered":"El PSOE denuncia que Morala miente y demuestra no conocer sus competencias tras culpar al PSOE de que el colegio de La Borreca no tenga patio cubierto"},"content":{"rendered":"\n<p>Desde el Grupo Municipal Socialista hemos preguntado en Pleno qu\u00e9 se hizo con el dinero que desde el actual grupo de gobierno hab\u00edan comprometido para cubrir el patio del colegio de Flores del Sil.<\/p>\n\n\n\n<p>Lo hacemos a ra\u00edz de unas declaraciones del Alcalde Marco Morala quien este mes se\u00f1alaba p\u00fablicamente al AMPA del colegio La Borreca para que \u201cvayan a General Vives a pedirle responsabilidades al PSOE\u201d. Unas palabras impropias de un alcalde, que muestran no solo su nerviosismo pol\u00edtico, sino tambi\u00e9n su absoluta falta de conocimiento de las competencias municipales despu\u00e9s de m\u00e1s de dos a\u00f1os y medio al frente del Ayuntamiento.<\/p>\n\n\n\n<p>Desde el Grupo Socialista consideramos estas declaraciones grav\u00edsimas y completamente inadmisibles. El alcalde miente deliberadamente cuando afirma que el PSOE impidi\u00f3 que el Ayuntamiento cubriera el patio del colegio de Flores del Sil. La realidad es muy distinta y est\u00e1 documentada: en el Pleno del 1 de septiembre de 2023, el propio equipo de gobierno del PP y Coalici\u00f3n por El Bierzo incluy\u00f3 una modificaci\u00f3n de cr\u00e9dito, sufragada con remanentes, para financiar dicho patio cubierto. Y fue la Intervenci\u00f3n Municipal quien emiti\u00f3 un reparo suspensivo al considerar que esa obra no era competencia del Ayuntamiento. El propio alcalde tuvo que firmar el decreto de archivo del expediente en diciembre de 2024. Es decir, Morala sab\u00eda que desde el ayuntamiento no se pod\u00eda ejecutar ese proyecto y, aun as\u00ed, trata de culpar al PSOE de su propia incapacidad para conocer e interpretar sus competencias b\u00e1sicas.<\/p>\n\n\n\n<p>El alcalde nunca explic\u00f3 qu\u00e9 ocurri\u00f3 con el dinero reservado para esa obra ni con otras que tambi\u00e9n introdujo en aquella modificaci\u00f3n de cr\u00e9dito, como la sustituci\u00f3n del c\u00e9sped artificial en campos de f\u00fatbol, por eso hemos preguntado en el Pleno ordinario. En cambio, lo que no incluy\u00f3 fueron las piscinas climatizadas, decisi\u00f3n que dej\u00f3 a miles de usuarios sin servicio durante dos a\u00f1os y que a\u00fan contin\u00faa. De haberse incluido en ese momento, las piscinas no habr\u00edan estado cerradas tanto tiempo. Morala, en lugar de asumir su responsabilidad pol\u00edtica y de gesti\u00f3n, recurre ahora a se\u00f1alar a cualquiera para ocultar sus fracasos.<\/p>\n\n\n\n<p>A esto se suma su absoluta falta de influencia con la Junta de Castilla y Le\u00f3n. Es all\u00ed donde residen las competencias para ejecutar patios cubiertos en los centros educativos, como el propio alcalde ya comprob\u00f3 cuando tuvo que archivar su expediente, por que esa es la verdadera raz\u00f3n por la que el proyecto no se llev\u00f3 a cabo y no lo que cuenta \u00e9l: intervenci\u00f3n inform\u00f3 de un reparo de suspensi\u00f3n, lo que en la pr\u00e1ctica obliga a no seguir adelante por el proyecto porque cubrir patios no est\u00e1 dentro de las competencias municipales. Mientras en el mandato de Olegario Ram\u00f3n s\u00ed se ejecutaron patios cubiertos, en los m\u00e1s de dos a\u00f1os y medio de gobierno de Morala no se ha hecho ni uno solo. Su gesti\u00f3n se basa en culpar a otros para esconder que no es capaz de conseguir de la Junta todo lo que prometieron al formar el gobierno.<\/p>\n\n\n\n<p>La gravedad de sus declaraciones no reside solo en la mentira, sino tambi\u00e9n de la burla que supone para el AMPA que simplemente reclama lo que lleva una d\u00e9cada esperando. En lugar de ponerse a trabajar, Morala responde con ataques partidistas, descalificaciones y un intento constante de desviar la atenci\u00f3n para que nadie repare en su propia inacci\u00f3n.<\/p>\n\n\n\n<p>Este episodio encaja en una trayectoria preocupante del alcalde, m\u00e1s centrado en lanzar acusaciones, hacerse fotos ni conoce su trabajo, ni respeta a las familias, ni es capaz de asumir la responsabilidad que exige el cargo que ostenta.<\/p>\n\n\n\n<p>El Grupo Municipal Socialista aconseja al alcalde que abandone su pol\u00edtica de medias verdades o directamente de mentiras, que se ponga a trabajar en lugar de dedicar su tiempo a buscar culpables externos para justificar su desconocimiento, su inacci\u00f3n y su incapacidad de gesti\u00f3n. Por eso desde el Grupo socialista hemos pedido explicaciones para que d\u00e9 a conocer a la ciudadan\u00eda donde \u00a0gast\u00f3 los 2,3 millones que se aprobaron en aquellos remanentes destinados a obras que nunca se realizaron.<\/p>\n\n\n\n<figure class=\"wp-block-image size-large\"><img loading=\"lazy\" decoding=\"async\" width=\"1024\" height=\"768\" src=\"https:\/\/agrupacionespsoe.es\/ponferrada\/wp-content\/uploads\/sites\/36\/2025\/11\/WhatsApp-Image-2025-11-28-at-13.40.28-1024x768.jpeg\" alt=\"\" class=\"wp-image-1357\" srcset=\"https:\/\/agrupacionespsoe.es\/ponferrada\/wp-content\/uploads\/sites\/36\/2025\/11\/WhatsApp-Image-2025-11-28-at-13.40.28-1024x768.jpeg 1024w, https:\/\/agrupacionespsoe.es\/ponferrada\/wp-content\/uploads\/sites\/36\/2025\/11\/WhatsApp-Image-2025-11-28-at-13.40.28-300x225.jpeg 300w, https:\/\/agrupacionespsoe.es\/ponferrada\/wp-content\/uploads\/sites\/36\/2025\/11\/WhatsApp-Image-2025-11-28-at-13.40.28-768x576.jpeg 768w, https:\/\/agrupacionespsoe.es\/ponferrada\/wp-content\/uploads\/sites\/36\/2025\/11\/WhatsApp-Image-2025-11-28-at-13.40.28-1536x1152.jpeg 1536w, https:\/\/agrupacionespsoe.es\/ponferrada\/wp-content\/uploads\/sites\/36\/2025\/11\/WhatsApp-Image-2025-11-28-at-13.40.28.jpeg 2048w\" sizes=\"auto, (max-width: 1024px) 100vw, 1024px\" \/><\/figure>\n","protected":false},"excerpt":{"rendered":"<p>Desde el Grupo Municipal Socialista hemos preguntado en Pleno qu\u00e9 se hizo con el dinero que desde el actual grupo de gobierno hab\u00edan comprometido para cubrir el patio del colegio de Flores del Sil. Lo hacemos a ra\u00edz de unas declaraciones del Alcalde Marco Morala quien este mes se\u00f1alaba p\u00fablicamente al AMPA del colegio La &#8230;<\/p>\n","protected":false},"author":32,"featured_media":1357,"comment_status":"open","ping_status":"open","sticky":false,"template":"","format":"standard","meta":{"_jetpack_memberships_contains_paid_content":false,"footnotes":""},"categories":[6],"tags":[],"class_list":["post-1356","post","type-post","status-publish","format-standard","has-post-thumbnail","hentry","category-actualidad"],"yoast_head":"<!-- This site is optimized with the Yoast SEO plugin v24.0 - https:\/\/yoast.com\/wordpress\/plugins\/seo\/ -->\n<title>El PSOE denuncia que Morala miente y demuestra no conocer sus competencias tras culpar al PSOE de que el colegio de La Borreca no tenga patio cubierto - Agrupaci\u00f3n Socialista de Ponferrada<\/title>\n<meta name=\"robots\" content=\"index, follow, max-snippet:-1, max-image-preview:large, max-video-preview:-1\" \/>\n<link rel=\"canonical\" href=\"https:\/\/agrupacionespsoe.es\/ponferrada\/el-psoe-denuncia-que-morala-miente-y-demuestra-no-conocer-sus-competencias-tras-culpar-al-psoe-de-que-el-colegio-de-la-borreca-no-tenga-patio-cubierto\/\" \/>\n<meta property=\"og:locale\" content=\"es_ES\" \/>\n<meta property=\"og:type\" content=\"article\" \/>\n<meta property=\"og:title\" content=\"El PSOE denuncia que Morala miente y demuestra no conocer sus competencias tras culpar al PSOE de que el colegio de La Borreca no tenga patio cubierto - Agrupaci\u00f3n Socialista de Ponferrada\" \/>\n<meta property=\"og:description\" content=\"Desde el Grupo Municipal Socialista hemos preguntado en Pleno qu\u00e9 se hizo con el dinero que desde el actual grupo de gobierno hab\u00edan comprometido para cubrir el patio del colegio de Flores del Sil. Lo hacemos a ra\u00edz de unas declaraciones del Alcalde Marco Morala quien este mes se\u00f1alaba p\u00fablicamente al AMPA del colegio La ...\" \/>\n<meta property=\"og:url\" content=\"https:\/\/agrupacionespsoe.es\/ponferrada\/el-psoe-denuncia-que-morala-miente-y-demuestra-no-conocer-sus-competencias-tras-culpar-al-psoe-de-que-el-colegio-de-la-borreca-no-tenga-patio-cubierto\/\" \/>\n<meta property=\"og:site_name\" content=\"Agrupaci\u00f3n Socialista de Ponferrada\" \/>\n<meta property=\"article:published_time\" content=\"2025-11-28T12:44:13+00:00\" \/>\n<meta property=\"article:modified_time\" content=\"2025-11-28T12:45:20+00:00\" \/>\n<meta property=\"og:image\" content=\"https:\/\/agrupacionespsoe.es\/ponferrada\/wp-content\/uploads\/sites\/36\/2025\/11\/WhatsApp-Image-2025-11-28-at-13.40.28.jpeg\" \/>\n\t<meta property=\"og:image:width\" content=\"2048\" \/>\n\t<meta property=\"og:image:height\" content=\"1536\" \/>\n\t<meta property=\"og:image:type\" content=\"image\/jpeg\" \/>\n<meta name=\"author\" content=\"ponferrada2\" \/>\n<meta name=\"twitter:card\" content=\"summary_large_image\" \/>\n<meta name=\"twitter:label1\" content=\"Escrito por\" \/>\n\t<meta name=\"twitter:data1\" content=\"ponferrada2\" \/>\n\t<meta name=\"twitter:label2\" content=\"Tiempo de lectura\" \/>\n\t<meta name=\"twitter:data2\" content=\"4 minutos\" \/>\n<script type=\"application\/ld+json\" class=\"yoast-schema-graph\">{\"@context\":\"https:\/\/schema.org\",\"@graph\":[{\"@type\":\"Article\",\"@id\":\"https:\/\/agrupacionespsoe.es\/ponferrada\/el-psoe-denuncia-que-morala-miente-y-demuestra-no-conocer-sus-competencias-tras-culpar-al-psoe-de-que-el-colegio-de-la-borreca-no-tenga-patio-cubierto\/#article\",\"isPartOf\":{\"@id\":\"https:\/\/agrupacionespsoe.es\/ponferrada\/el-psoe-denuncia-que-morala-miente-y-demuestra-no-conocer-sus-competencias-tras-culpar-al-psoe-de-que-el-colegio-de-la-borreca-no-tenga-patio-cubierto\/\"},\"author\":{\"name\":\"ponferrada2\",\"@id\":\"https:\/\/agrupacionespsoe.es\/ponferrada\/#\/schema\/person\/cd29ee627f3b70c05d415f02596debaa\"},\"headline\":\"El PSOE denuncia que Morala miente y demuestra no conocer sus competencias tras culpar al PSOE de que el colegio de La Borreca no tenga patio cubierto\",\"datePublished\":\"2025-11-28T12:44:13+00:00\",\"dateModified\":\"2025-11-28T12:45:20+00:00\",\"mainEntityOfPage\":{\"@id\":\"https:\/\/agrupacionespsoe.es\/ponferrada\/el-psoe-denuncia-que-morala-miente-y-demuestra-no-conocer-sus-competencias-tras-culpar-al-psoe-de-que-el-colegio-de-la-borreca-no-tenga-patio-cubierto\/\"},\"wordCount\":750,\"commentCount\":0,\"publisher\":{\"@id\":\"https:\/\/agrupacionespsoe.es\/ponferrada\/#organization\"},\"image\":{\"@id\":\"https:\/\/agrupacionespsoe.es\/ponferrada\/el-psoe-denuncia-que-morala-miente-y-demuestra-no-conocer-sus-competencias-tras-culpar-al-psoe-de-que-el-colegio-de-la-borreca-no-tenga-patio-cubierto\/#primaryimage\"},\"thumbnailUrl\":\"https:\/\/agrupacionespsoe.es\/ponferrada\/wp-content\/uploads\/sites\/36\/2025\/11\/WhatsApp-Image-2025-11-28-at-13.40.28.jpeg\",\"articleSection\":[\"ACTUALIDAD\"],\"inLanguage\":\"es\",\"potentialAction\":[{\"@type\":\"CommentAction\",\"name\":\"Comment\",\"target\":[\"https:\/\/agrupacionespsoe.es\/ponferrada\/el-psoe-denuncia-que-morala-miente-y-demuestra-no-conocer-sus-competencias-tras-culpar-al-psoe-de-que-el-colegio-de-la-borreca-no-tenga-patio-cubierto\/#respond\"]}]},{\"@type\":\"WebPage\",\"@id\":\"https:\/\/agrupacionespsoe.es\/ponferrada\/el-psoe-denuncia-que-morala-miente-y-demuestra-no-conocer-sus-competencias-tras-culpar-al-psoe-de-que-el-colegio-de-la-borreca-no-tenga-patio-cubierto\/\",\"url\":\"https:\/\/agrupacionespsoe.es\/ponferrada\/el-psoe-denuncia-que-morala-miente-y-demuestra-no-conocer-sus-competencias-tras-culpar-al-psoe-de-que-el-colegio-de-la-borreca-no-tenga-patio-cubierto\/\",\"name\":\"El PSOE denuncia que Morala miente y demuestra no conocer sus competencias tras culpar al PSOE de que el colegio de La Borreca no tenga patio cubierto - Agrupaci\u00f3n Socialista de Ponferrada\",\"isPartOf\":{\"@id\":\"https:\/\/agrupacionespsoe.es\/ponferrada\/#website\"},\"primaryImageOfPage\":{\"@id\":\"https:\/\/agrupacionespsoe.es\/ponferrada\/el-psoe-denuncia-que-morala-miente-y-demuestra-no-conocer-sus-competencias-tras-culpar-al-psoe-de-que-el-colegio-de-la-borreca-no-tenga-patio-cubierto\/#primaryimage\"},\"image\":{\"@id\":\"https:\/\/agrupacionespsoe.es\/ponferrada\/el-psoe-denuncia-que-morala-miente-y-demuestra-no-conocer-sus-competencias-tras-culpar-al-psoe-de-que-el-colegio-de-la-borreca-no-tenga-patio-cubierto\/#primaryimage\"},\"thumbnailUrl\":\"https:\/\/agrupacionespsoe.es\/ponferrada\/wp-content\/uploads\/sites\/36\/2025\/11\/WhatsApp-Image-2025-11-28-at-13.40.28.jpeg\",\"datePublished\":\"2025-11-28T12:44:13+00:00\",\"dateModified\":\"2025-11-28T12:45:20+00:00\",\"breadcrumb\":{\"@id\":\"https:\/\/agrupacionespsoe.es\/ponferrada\/el-psoe-denuncia-que-morala-miente-y-demuestra-no-conocer-sus-competencias-tras-culpar-al-psoe-de-que-el-colegio-de-la-borreca-no-tenga-patio-cubierto\/#breadcrumb\"},\"inLanguage\":\"es\",\"potentialAction\":[{\"@type\":\"ReadAction\",\"target\":[\"https:\/\/agrupacionespsoe.es\/ponferrada\/el-psoe-denuncia-que-morala-miente-y-demuestra-no-conocer-sus-competencias-tras-culpar-al-psoe-de-que-el-colegio-de-la-borreca-no-tenga-patio-cubierto\/\"]}]},{\"@type\":\"ImageObject\",\"inLanguage\":\"es\",\"@id\":\"https:\/\/agrupacionespsoe.es\/ponferrada\/el-psoe-denuncia-que-morala-miente-y-demuestra-no-conocer-sus-competencias-tras-culpar-al-psoe-de-que-el-colegio-de-la-borreca-no-tenga-patio-cubierto\/#primaryimage\",\"url\":\"https:\/\/agrupacionespsoe.es\/ponferrada\/wp-content\/uploads\/sites\/36\/2025\/11\/WhatsApp-Image-2025-11-28-at-13.40.28.jpeg\",\"contentUrl\":\"https:\/\/agrupacionespsoe.es\/ponferrada\/wp-content\/uploads\/sites\/36\/2025\/11\/WhatsApp-Image-2025-11-28-at-13.40.28.jpeg\",\"width\":2048,\"height\":1536},{\"@type\":\"BreadcrumbList\",\"@id\":\"https:\/\/agrupacionespsoe.es\/ponferrada\/el-psoe-denuncia-que-morala-miente-y-demuestra-no-conocer-sus-competencias-tras-culpar-al-psoe-de-que-el-colegio-de-la-borreca-no-tenga-patio-cubierto\/#breadcrumb\",\"itemListElement\":[{\"@type\":\"ListItem\",\"position\":1,\"name\":\"Portada\",\"item\":\"https:\/\/agrupacionespsoe.es\/ponferrada\/\"},{\"@type\":\"ListItem\",\"position\":2,\"name\":\"El PSOE denuncia que Morala miente y demuestra no conocer sus competencias tras culpar al PSOE de que el colegio de La Borreca no tenga patio cubierto\"}]},{\"@type\":\"WebSite\",\"@id\":\"https:\/\/agrupacionespsoe.es\/ponferrada\/#website\",\"url\":\"https:\/\/agrupacionespsoe.es\/ponferrada\/\",\"name\":\"Agrupaci\u00f3n Socialista de Ponferrada\",\"description\":\"Agrupaci\u00f3n Socialista de Ponferrada\",\"publisher\":{\"@id\":\"https:\/\/agrupacionespsoe.es\/ponferrada\/#organization\"},\"potentialAction\":[{\"@type\":\"SearchAction\",\"target\":{\"@type\":\"EntryPoint\",\"urlTemplate\":\"https:\/\/agrupacionespsoe.es\/ponferrada\/?s={search_term_string}\"},\"query-input\":{\"@type\":\"PropertyValueSpecification\",\"valueRequired\":true,\"valueName\":\"search_term_string\"}}],\"inLanguage\":\"es\"},{\"@type\":\"Organization\",\"@id\":\"https:\/\/agrupacionespsoe.es\/ponferrada\/#organization\",\"name\":\"Agrupaci\u00f3n Socialista de Ponferrada\",\"url\":\"https:\/\/agrupacionespsoe.es\/ponferrada\/\",\"logo\":{\"@type\":\"ImageObject\",\"inLanguage\":\"es\",\"@id\":\"https:\/\/agrupacionespsoe.es\/ponferrada\/#\/schema\/logo\/image\/\",\"url\":\"https:\/\/agrupacionespsoe.es\/wp-content\/uploads\/2022\/07\/Logotipo_electoral_del_PSOE.png\",\"contentUrl\":\"https:\/\/agrupacionespsoe.es\/wp-content\/uploads\/2022\/07\/Logotipo_electoral_del_PSOE.png\",\"width\":422,\"height\":422,\"caption\":\"Agrupaci\u00f3n Socialista de Ponferrada\"},\"image\":{\"@id\":\"https:\/\/agrupacionespsoe.es\/ponferrada\/#\/schema\/logo\/image\/\"}},{\"@type\":\"Person\",\"@id\":\"https:\/\/agrupacionespsoe.es\/ponferrada\/#\/schema\/person\/cd29ee627f3b70c05d415f02596debaa\",\"name\":\"ponferrada2\",\"image\":{\"@type\":\"ImageObject\",\"inLanguage\":\"es\",\"@id\":\"https:\/\/agrupacionespsoe.es\/ponferrada\/#\/schema\/person\/image\/\",\"url\":\"https:\/\/secure.gravatar.com\/avatar\/f499eeb60144c664cf7b7edf75549b50?s=96&d=mm&r=g\",\"contentUrl\":\"https:\/\/secure.gravatar.com\/avatar\/f499eeb60144c664cf7b7edf75549b50?s=96&d=mm&r=g\",\"caption\":\"ponferrada2\"},\"url\":\"https:\/\/agrupacionespsoe.es\/ponferrada\/author\/ponferrada2\/\"}]}<\/script>\n<!-- \/ Yoast SEO plugin. -->","yoast_head_json":{"title":"El PSOE denuncia que Morala miente y demuestra no conocer sus competencias tras culpar al PSOE de que el colegio de La Borreca no tenga patio cubierto - Agrupaci\u00f3n Socialista de Ponferrada","robots":{"index":"index","follow":"follow","max-snippet":"max-snippet:-1","max-image-preview":"max-image-preview:large","max-video-preview":"max-video-preview:-1"},"canonical":"https:\/\/agrupacionespsoe.es\/ponferrada\/el-psoe-denuncia-que-morala-miente-y-demuestra-no-conocer-sus-competencias-tras-culpar-al-psoe-de-que-el-colegio-de-la-borreca-no-tenga-patio-cubierto\/","og_locale":"es_ES","og_type":"article","og_title":"El PSOE denuncia que Morala miente y demuestra no conocer sus competencias tras culpar al PSOE de que el colegio de La Borreca no tenga patio cubierto - Agrupaci\u00f3n Socialista de Ponferrada","og_description":"Desde el Grupo Municipal Socialista hemos preguntado en Pleno qu\u00e9 se hizo con el dinero que desde el actual grupo de gobierno hab\u00edan comprometido para cubrir el patio del colegio de Flores del Sil. Lo hacemos a ra\u00edz de unas declaraciones del Alcalde Marco Morala quien este mes se\u00f1alaba p\u00fablicamente al AMPA del colegio La ...","og_url":"https:\/\/agrupacionespsoe.es\/ponferrada\/el-psoe-denuncia-que-morala-miente-y-demuestra-no-conocer-sus-competencias-tras-culpar-al-psoe-de-que-el-colegio-de-la-borreca-no-tenga-patio-cubierto\/","og_site_name":"Agrupaci\u00f3n Socialista de Ponferrada","article_published_time":"2025-11-28T12:44:13+00:00","article_modified_time":"2025-11-28T12:45:20+00:00","og_image":[{"width":2048,"height":1536,"url":"https:\/\/agrupacionespsoe.es\/ponferrada\/wp-content\/uploads\/sites\/36\/2025\/11\/WhatsApp-Image-2025-11-28-at-13.40.28.jpeg","type":"image\/jpeg"}],"author":"ponferrada2","twitter_card":"summary_large_image","twitter_misc":{"Escrito por":"ponferrada2","Tiempo de lectura":"4 minutos"},"schema":{"@context":"https:\/\/schema.org","@graph":[{"@type":"Article","@id":"https:\/\/agrupacionespsoe.es\/ponferrada\/el-psoe-denuncia-que-morala-miente-y-demuestra-no-conocer-sus-competencias-tras-culpar-al-psoe-de-que-el-colegio-de-la-borreca-no-tenga-patio-cubierto\/#article","isPartOf":{"@id":"https:\/\/agrupacionespsoe.es\/ponferrada\/el-psoe-denuncia-que-morala-miente-y-demuestra-no-conocer-sus-competencias-tras-culpar-al-psoe-de-que-el-colegio-de-la-borreca-no-tenga-patio-cubierto\/"},"author":{"name":"ponferrada2","@id":"https:\/\/agrupacionespsoe.es\/ponferrada\/#\/schema\/person\/cd29ee627f3b70c05d415f02596debaa"},"headline":"El PSOE denuncia que Morala miente y demuestra no conocer sus competencias tras culpar al PSOE de que el colegio de La Borreca no tenga patio cubierto","datePublished":"2025-11-28T12:44:13+00:00","dateModified":"2025-11-28T12:45:20+00:00","mainEntityOfPage":{"@id":"https:\/\/agrupacionespsoe.es\/ponferrada\/el-psoe-denuncia-que-morala-miente-y-demuestra-no-conocer-sus-competencias-tras-culpar-al-psoe-de-que-el-colegio-de-la-borreca-no-tenga-patio-cubierto\/"},"wordCount":750,"commentCount":0,"publisher":{"@id":"https:\/\/agrupacionespsoe.es\/ponferrada\/#organization"},"image":{"@id":"https:\/\/agrupacionespsoe.es\/ponferrada\/el-psoe-denuncia-que-morala-miente-y-demuestra-no-conocer-sus-competencias-tras-culpar-al-psoe-de-que-el-colegio-de-la-borreca-no-tenga-patio-cubierto\/#primaryimage"},"thumbnailUrl":"https:\/\/agrupacionespsoe.es\/ponferrada\/wp-content\/uploads\/sites\/36\/2025\/11\/WhatsApp-Image-2025-11-28-at-13.40.28.jpeg","articleSection":["ACTUALIDAD"],"inLanguage":"es","potentialAction":[{"@type":"CommentAction","name":"Comment","target":["https:\/\/agrupacionespsoe.es\/ponferrada\/el-psoe-denuncia-que-morala-miente-y-demuestra-no-conocer-sus-competencias-tras-culpar-al-psoe-de-que-el-colegio-de-la-borreca-no-tenga-patio-cubierto\/#respond"]}]},{"@type":"WebPage","@id":"https:\/\/agrupacionespsoe.es\/ponferrada\/el-psoe-denuncia-que-morala-miente-y-demuestra-no-conocer-sus-competencias-tras-culpar-al-psoe-de-que-el-colegio-de-la-borreca-no-tenga-patio-cubierto\/","url":"https:\/\/agrupacionespsoe.es\/ponferrada\/el-psoe-denuncia-que-morala-miente-y-demuestra-no-conocer-sus-competencias-tras-culpar-al-psoe-de-que-el-colegio-de-la-borreca-no-tenga-patio-cubierto\/","name":"El PSOE denuncia que Morala miente y demuestra no conocer sus competencias tras culpar al PSOE de que el colegio de La Borreca no tenga patio cubierto - Agrupaci\u00f3n Socialista de Ponferrada","isPartOf":{"@id":"https:\/\/agrupacionespsoe.es\/ponferrada\/#website"},"primaryImageOfPage":{"@id":"https:\/\/agrupacionespsoe.es\/ponferrada\/el-psoe-denuncia-que-morala-miente-y-demuestra-no-conocer-sus-competencias-tras-culpar-al-psoe-de-que-el-colegio-de-la-borreca-no-tenga-patio-cubierto\/#primaryimage"},"image":{"@id":"https:\/\/agrupacionespsoe.es\/ponferrada\/el-psoe-denuncia-que-morala-miente-y-demuestra-no-conocer-sus-competencias-tras-culpar-al-psoe-de-que-el-colegio-de-la-borreca-no-tenga-patio-cubierto\/#primaryimage"},"thumbnailUrl":"https:\/\/agrupacionespsoe.es\/ponferrada\/wp-content\/uploads\/sites\/36\/2025\/11\/WhatsApp-Image-2025-11-28-at-13.40.28.jpeg","datePublished":"2025-11-28T12:44:13+00:00","dateModified":"2025-11-28T12:45:20+00:00","breadcrumb":{"@id":"https:\/\/agrupacionespsoe.es\/ponferrada\/el-psoe-denuncia-que-morala-miente-y-demuestra-no-conocer-sus-competencias-tras-culpar-al-psoe-de-que-el-colegio-de-la-borreca-no-tenga-patio-cubierto\/#breadcrumb"},"inLanguage":"es","potentialAction":[{"@type":"ReadAction","target":["https:\/\/agrupacionespsoe.es\/ponferrada\/el-psoe-denuncia-que-morala-miente-y-demuestra-no-conocer-sus-competencias-tras-culpar-al-psoe-de-que-el-colegio-de-la-borreca-no-tenga-patio-cubierto\/"]}]},{"@type":"ImageObject","inLanguage":"es","@id":"https:\/\/agrupacionespsoe.es\/ponferrada\/el-psoe-denuncia-que-morala-miente-y-demuestra-no-conocer-sus-competencias-tras-culpar-al-psoe-de-que-el-colegio-de-la-borreca-no-tenga-patio-cubierto\/#primaryimage","url":"https:\/\/agrupacionespsoe.es\/ponferrada\/wp-content\/uploads\/sites\/36\/2025\/11\/WhatsApp-Image-2025-11-28-at-13.40.28.jpeg","contentUrl":"https:\/\/agrupacionespsoe.es\/ponferrada\/wp-content\/uploads\/sites\/36\/2025\/11\/WhatsApp-Image-2025-11-28-at-13.40.28.jpeg","width":2048,"height":1536},{"@type":"BreadcrumbList","@id":"https:\/\/agrupacionespsoe.es\/ponferrada\/el-psoe-denuncia-que-morala-miente-y-demuestra-no-conocer-sus-competencias-tras-culpar-al-psoe-de-que-el-colegio-de-la-borreca-no-tenga-patio-cubierto\/#breadcrumb","itemListElement":[{"@type":"ListItem","position":1,"name":"Portada","item":"https:\/\/agrupacionespsoe.es\/ponferrada\/"},{"@type":"ListItem","position":2,"name":"El PSOE denuncia que Morala miente y demuestra no conocer sus competencias tras culpar al PSOE de que el colegio de La Borreca no tenga patio cubierto"}]},{"@type":"WebSite","@id":"https:\/\/agrupacionespsoe.es\/ponferrada\/#website","url":"https:\/\/agrupacionespsoe.es\/ponferrada\/","name":"Agrupaci\u00f3n Socialista de Ponferrada","description":"Agrupaci\u00f3n Socialista de Ponferrada","publisher":{"@id":"https:\/\/agrupacionespsoe.es\/ponferrada\/#organization"},"potentialAction":[{"@type":"SearchAction","target":{"@type":"EntryPoint","urlTemplate":"https:\/\/agrupacionespsoe.es\/ponferrada\/?s={search_term_string}"},"query-input":{"@type":"PropertyValueSpecification","valueRequired":true,"valueName":"search_term_string"}}],"inLanguage":"es"},{"@type":"Organization","@id":"https:\/\/agrupacionespsoe.es\/ponferrada\/#organization","name":"Agrupaci\u00f3n Socialista de Ponferrada","url":"https:\/\/agrupacionespsoe.es\/ponferrada\/","logo":{"@type":"ImageObject","inLanguage":"es","@id":"https:\/\/agrupacionespsoe.es\/ponferrada\/#\/schema\/logo\/image\/","url":"https:\/\/agrupacionespsoe.es\/wp-content\/uploads\/2022\/07\/Logotipo_electoral_del_PSOE.png","contentUrl":"https:\/\/agrupacionespsoe.es\/wp-content\/uploads\/2022\/07\/Logotipo_electoral_del_PSOE.png","width":422,"height":422,"caption":"Agrupaci\u00f3n Socialista de Ponferrada"},"image":{"@id":"https:\/\/agrupacionespsoe.es\/ponferrada\/#\/schema\/logo\/image\/"}},{"@type":"Person","@id":"https:\/\/agrupacionespsoe.es\/ponferrada\/#\/schema\/person\/cd29ee627f3b70c05d415f02596debaa","name":"ponferrada2","image":{"@type":"ImageObject","inLanguage":"es","@id":"https:\/\/agrupacionespsoe.es\/ponferrada\/#\/schema\/person\/image\/","url":"https:\/\/secure.gravatar.com\/avatar\/f499eeb60144c664cf7b7edf75549b50?s=96&d=mm&r=g","contentUrl":"https:\/\/secure.gravatar.com\/avatar\/f499eeb60144c664cf7b7edf75549b50?s=96&d=mm&r=g","caption":"ponferrada2"},"url":"https:\/\/agrupacionespsoe.es\/ponferrada\/author\/ponferrada2\/"}]}},"jetpack_featured_media_url":"https:\/\/agrupacionespsoe.es\/ponferrada\/wp-content\/uploads\/sites\/36\/2025\/11\/WhatsApp-Image-2025-11-28-at-13.40.28.jpeg","jetpack_sharing_enabled":true,"_links":{"self":[{"href":"https:\/\/agrupacionespsoe.es\/ponferrada\/wp-json\/wp\/v2\/posts\/1356","targetHints":{"allow":["GET"]}}],"collection":[{"href":"https:\/\/agrupacionespsoe.es\/ponferrada\/wp-json\/wp\/v2\/posts"}],"about":[{"href":"https:\/\/agrupacionespsoe.es\/ponferrada\/wp-json\/wp\/v2\/types\/post"}],"author":[{"embeddable":true,"href":"https:\/\/agrupacionespsoe.es\/ponferrada\/wp-json\/wp\/v2\/users\/32"}],"replies":[{"embeddable":true,"href":"https:\/\/agrupacionespsoe.es\/ponferrada\/wp-json\/wp\/v2\/comments?post=1356"}],"version-history":[{"count":3,"href":"https:\/\/agrupacionespsoe.es\/ponferrada\/wp-json\/wp\/v2\/posts\/1356\/revisions"}],"predecessor-version":[{"id":1360,"href":"https:\/\/agrupacionespsoe.es\/ponferrada\/wp-json\/wp\/v2\/posts\/1356\/revisions\/1360"}],"wp:featuredmedia":[{"embeddable":true,"href":"https:\/\/agrupacionespsoe.es\/ponferrada\/wp-json\/wp\/v2\/media\/1357"}],"wp:attachment":[{"href":"https:\/\/agrupacionespsoe.es\/ponferrada\/wp-json\/wp\/v2\/media?parent=1356"}],"wp:term":[{"taxonomy":"category","embeddable":true,"href":"https:\/\/agrupacionespsoe.es\/ponferrada\/wp-json\/wp\/v2\/categories?post=1356"},{"taxonomy":"post_tag","embeddable":true,"href":"https:\/\/agrupacionespsoe.es\/ponferrada\/wp-json\/wp\/v2\/tags?post=1356"}],"curies":[{"name":"wp","href":"https:\/\/api.w.org\/{rel}","templated":true}]}}