{"id":1352,"date":"2025-11-27T10:50:04","date_gmt":"2025-11-27T10:50:04","guid":{"rendered":"https:\/\/agrupacionespsoe.es\/ponferrada\/?p=1352"},"modified":"2025-11-27T10:50:05","modified_gmt":"2025-11-27T10:50:05","slug":"el-psoe-denuncia-la-paralisis-total-del-alcalde-en-el-transporte-urbano-dos-anos-y-medio-de-promesas-cero-mejoras-y-un-servicio-cada-vez-peor","status":"publish","type":"post","link":"https:\/\/agrupacionespsoe.es\/ponferrada\/el-psoe-denuncia-la-paralisis-total-del-alcalde-en-el-transporte-urbano-dos-anos-y-medio-de-promesas-cero-mejoras-y-un-servicio-cada-vez-peor\/","title":{"rendered":"El PSOE denuncia la par\u00e1lisis total del alcalde en el transporte urbano: dos a\u00f1os y medio de promesas, cero mejoras y un servicio cada vez peor"},"content":{"rendered":"\n<p>El Grupo Municipal Socialista nos hemos interesado por el estado del nuevo contrato &nbsp;del servicio municipal de transportes despu\u00e9s de constatar que, a pesar de que el contrato actual del Servicio Municipal de Transporte Urbano acaba a principios del 2026, el alcalde Marco Morala no ha sido capaz de avanzar en la comisi\u00f3n del estudio de la gesti\u00f3n de este servicio de cara a la renovaci\u00f3n del nuevo contrato.<\/p>\n\n\n\n<p>Queremos recordar que a principios de su mandato se\u00f1alaba que hab\u00eda heredado \u201cuna situaci\u00f3n provisional e ineficaz\u201d y que afrontar\u00eda el transporte urbano \u201ccon realismo, planificaci\u00f3n inmediata y sin improvisaciones\u201d, la realidad es que dos a\u00f1os y medio despu\u00e9s su gesti\u00f3n es exactamente eso: improvisaci\u00f3n, falta de planificaci\u00f3n y ausencia absoluta de soluciones.<\/p>\n\n\n\n<p>Eso es lo que han hecho con este servicio, llegaron tarde a la pr\u00f3rroga del contrato que venia del anterior equipo de gobierno, acababa el 17 de marzo y lo llevaron a Pleno el 22 de marzo, lo que les oblig\u00f3 a hacer una adjudicaci\u00f3n directa. Cuando acab\u00f3 la adjudicaci\u00f3n directa hicieron un contrato por un a\u00f1o, en el que decidieron cambiar la frecuencia de los autobuses que pasaron de circular cada hora a circular cada hora y media, menos servicio a un mayor precio.<\/p>\n\n\n\n<p>Mientras tanto el Alcalde incluso abri\u00f3 la puerta a la municipalizaci\u00f3n del servicio, asegurando que \u201clos t\u00e9cnicos decidir\u00edan la mejor opci\u00f3n\u201d y que \u00e9l actuar\u00eda \u201ccon transparencia y rigor\u201d.<\/p>\n\n\n\n<p>Estamos a finales de a\u00f1o y la realidad es que no se ha avanzado en ning\u00fan estudio serio, no se han presentado alternativas y la \u00fanica novedad ha sido constituir \u2014tarde y sin contenido\u2014 la comisi\u00f3n encargada de analizar el futuro del transporte urbano. A estas alturas del a\u00f1o, con el contrato tocando a su fin, es evidente que no llegar\u00e1n a tiempo para dise\u00f1ar un servicio mejor, ni introducir ni una sola mejora para los miles de usuarios que dependen del autob\u00fas cada d\u00eda.<\/p>\n\n\n\n<p>Los usuarios del transporte urbano llevan meses quej\u00e1ndose de las largas esperas para que veh\u00edculos que llegan de dos en dos, tras m\u00e1s de una hora de espera sin servicio, frecuencias insuficientes en los barrios, y un servicio de dif\u00edcil comprensi\u00f3n para los usuarios.<\/p>\n\n\n\n<p>Y a pesar de que el alcalde Morala se apresur\u00f3 entonces a anunciar que las incidencias \u201cestaban corregidas\u201d, son los propios usuarios, los que contin\u00faan enviando quejas.<\/p>\n\n\n\n<p>Morala aseguraba hace meses que era imprescindible disponer de informes t\u00e9cnicos exhaustivos, planificar el servicio, ofrecer informaci\u00f3n a los ciudadanos y trabajar \u201ccon transparencia y sin improvisaci\u00f3n\u201d. Pero la realidad es otra: han dejado pasar casi un a\u00f1o de contrato y no han avanzado absolutamente nada en la comisi\u00f3n de seguimiento, despu\u00e9s se sorprender\u00e1 y mostrar\u00e1 su indignaci\u00f3n cuando la oposici\u00f3n no est\u00e9 de acuerdo con sus decisiones sin contar con nadie.<\/p>\n\n\n\n<p>A pocos meses de que expire el contrato, todo apunta a otra soluci\u00f3n precipitada, de nuevo provisional, con los vecinos como principales perjudicados.<\/p>\n\n\n\n<p>Desde el Grupo Municipal Socialista denunciamos que esta inacci\u00f3n prolongada perjudica gravemente a miles de personas que dependen del autob\u00fas para ir a trabajar, al colegio, al hospital o para realizar cualquier gesti\u00f3n b\u00e1sica.<\/p>\n\n\n\n<p>Desde el grupo municipal socialista creemos que el alcalde no puede seguir instalando en la cultura de la excusa, la inacci\u00f3n y el parche. Se comprometi\u00f3 a estudiar cu\u00e1l es el mejor sistema para que el ayuntamiento preste el servicio y no ha avanzado nada. Desde el grupo socialista le avanzamos, como ya hemos dicho en numerosas ocasiones, que para nosotros la mejor forma de prestar este servicio es a trav\u00e9s de la gesti\u00f3n directa que permite al ayuntamiento ser sensible a las necesidades de los usuarios y a la conectividad de los barrios.<\/p>\n\n\n\n<figure class=\"wp-block-image size-large\"><img loading=\"lazy\" decoding=\"async\" width=\"1024\" height=\"768\" src=\"https:\/\/agrupacionespsoe.es\/ponferrada\/wp-content\/uploads\/sites\/36\/2025\/11\/WhatsApp-Image-2025-11-27-at-11.49.16-1024x768.jpeg\" alt=\"\" class=\"wp-image-1353\" srcset=\"https:\/\/agrupacionespsoe.es\/ponferrada\/wp-content\/uploads\/sites\/36\/2025\/11\/WhatsApp-Image-2025-11-27-at-11.49.16-1024x768.jpeg 1024w, https:\/\/agrupacionespsoe.es\/ponferrada\/wp-content\/uploads\/sites\/36\/2025\/11\/WhatsApp-Image-2025-11-27-at-11.49.16-300x225.jpeg 300w, https:\/\/agrupacionespsoe.es\/ponferrada\/wp-content\/uploads\/sites\/36\/2025\/11\/WhatsApp-Image-2025-11-27-at-11.49.16-768x576.jpeg 768w, https:\/\/agrupacionespsoe.es\/ponferrada\/wp-content\/uploads\/sites\/36\/2025\/11\/WhatsApp-Image-2025-11-27-at-11.49.16-1536x1152.jpeg 1536w, https:\/\/agrupacionespsoe.es\/ponferrada\/wp-content\/uploads\/sites\/36\/2025\/11\/WhatsApp-Image-2025-11-27-at-11.49.16.jpeg 2048w\" sizes=\"auto, (max-width: 1024px) 100vw, 1024px\" \/><\/figure>\n","protected":false},"excerpt":{"rendered":"<p>El Grupo Municipal Socialista nos hemos interesado por el estado del nuevo contrato &nbsp;del servicio municipal de transportes despu\u00e9s de constatar que, a pesar de que el contrato actual del Servicio Municipal de Transporte Urbano acaba a principios del 2026, el alcalde Marco Morala no ha sido capaz de avanzar en la comisi\u00f3n del estudio &#8230;<\/p>\n","protected":false},"author":32,"featured_media":1353,"comment_status":"open","ping_status":"open","sticky":false,"template":"","format":"standard","meta":{"_jetpack_memberships_contains_paid_content":false,"footnotes":""},"categories":[6],"tags":[],"class_list":["post-1352","post","type-post","status-publish","format-standard","has-post-thumbnail","hentry","category-actualidad"],"yoast_head":"<!-- This site is optimized with the Yoast SEO plugin v24.0 - https:\/\/yoast.com\/wordpress\/plugins\/seo\/ -->\n<title>El PSOE denuncia la par\u00e1lisis total del alcalde en el transporte urbano: dos a\u00f1os y medio de promesas, cero mejoras y un servicio cada vez peor - Agrupaci\u00f3n Socialista de Ponferrada<\/title>\n<meta name=\"robots\" content=\"index, follow, max-snippet:-1, max-image-preview:large, max-video-preview:-1\" \/>\n<link rel=\"canonical\" href=\"https:\/\/agrupacionespsoe.es\/ponferrada\/el-psoe-denuncia-la-paralisis-total-del-alcalde-en-el-transporte-urbano-dos-anos-y-medio-de-promesas-cero-mejoras-y-un-servicio-cada-vez-peor\/\" \/>\n<meta property=\"og:locale\" content=\"es_ES\" \/>\n<meta property=\"og:type\" content=\"article\" \/>\n<meta property=\"og:title\" content=\"El PSOE denuncia la par\u00e1lisis total del alcalde en el transporte urbano: dos a\u00f1os y medio de promesas, cero mejoras y un servicio cada vez peor - Agrupaci\u00f3n Socialista de Ponferrada\" \/>\n<meta property=\"og:description\" content=\"El Grupo Municipal Socialista nos hemos interesado por el estado del nuevo contrato &nbsp;del servicio municipal de transportes despu\u00e9s de constatar que, a pesar de que el contrato actual del Servicio Municipal de Transporte Urbano acaba a principios del 2026, el alcalde Marco Morala no ha sido capaz de avanzar en la comisi\u00f3n del estudio ...\" \/>\n<meta property=\"og:url\" content=\"https:\/\/agrupacionespsoe.es\/ponferrada\/el-psoe-denuncia-la-paralisis-total-del-alcalde-en-el-transporte-urbano-dos-anos-y-medio-de-promesas-cero-mejoras-y-un-servicio-cada-vez-peor\/\" \/>\n<meta property=\"og:site_name\" content=\"Agrupaci\u00f3n Socialista de Ponferrada\" \/>\n<meta property=\"article:published_time\" content=\"2025-11-27T10:50:04+00:00\" \/>\n<meta property=\"article:modified_time\" content=\"2025-11-27T10:50:05+00:00\" \/>\n<meta property=\"og:image\" content=\"https:\/\/agrupacionespsoe.es\/ponferrada\/wp-content\/uploads\/sites\/36\/2025\/11\/WhatsApp-Image-2025-11-27-at-11.49.16.jpeg\" \/>\n\t<meta property=\"og:image:width\" content=\"2048\" \/>\n\t<meta property=\"og:image:height\" content=\"1536\" \/>\n\t<meta property=\"og:image:type\" content=\"image\/jpeg\" \/>\n<meta name=\"author\" content=\"ponferrada2\" \/>\n<meta name=\"twitter:card\" content=\"summary_large_image\" \/>\n<meta name=\"twitter:label1\" content=\"Escrito por\" \/>\n\t<meta name=\"twitter:data1\" content=\"ponferrada2\" \/>\n\t<meta name=\"twitter:label2\" content=\"Tiempo de lectura\" \/>\n\t<meta name=\"twitter:data2\" content=\"4 minutos\" \/>\n<script type=\"application\/ld+json\" class=\"yoast-schema-graph\">{\"@context\":\"https:\/\/schema.org\",\"@graph\":[{\"@type\":\"Article\",\"@id\":\"https:\/\/agrupacionespsoe.es\/ponferrada\/el-psoe-denuncia-la-paralisis-total-del-alcalde-en-el-transporte-urbano-dos-anos-y-medio-de-promesas-cero-mejoras-y-un-servicio-cada-vez-peor\/#article\",\"isPartOf\":{\"@id\":\"https:\/\/agrupacionespsoe.es\/ponferrada\/el-psoe-denuncia-la-paralisis-total-del-alcalde-en-el-transporte-urbano-dos-anos-y-medio-de-promesas-cero-mejoras-y-un-servicio-cada-vez-peor\/\"},\"author\":{\"name\":\"ponferrada2\",\"@id\":\"https:\/\/agrupacionespsoe.es\/ponferrada\/#\/schema\/person\/cd29ee627f3b70c05d415f02596debaa\"},\"headline\":\"El PSOE denuncia la par\u00e1lisis total del alcalde en el transporte urbano: dos a\u00f1os y medio de promesas, cero mejoras y un servicio cada vez peor\",\"datePublished\":\"2025-11-27T10:50:04+00:00\",\"dateModified\":\"2025-11-27T10:50:05+00:00\",\"mainEntityOfPage\":{\"@id\":\"https:\/\/agrupacionespsoe.es\/ponferrada\/el-psoe-denuncia-la-paralisis-total-del-alcalde-en-el-transporte-urbano-dos-anos-y-medio-de-promesas-cero-mejoras-y-un-servicio-cada-vez-peor\/\"},\"wordCount\":695,\"commentCount\":0,\"publisher\":{\"@id\":\"https:\/\/agrupacionespsoe.es\/ponferrada\/#organization\"},\"image\":{\"@id\":\"https:\/\/agrupacionespsoe.es\/ponferrada\/el-psoe-denuncia-la-paralisis-total-del-alcalde-en-el-transporte-urbano-dos-anos-y-medio-de-promesas-cero-mejoras-y-un-servicio-cada-vez-peor\/#primaryimage\"},\"thumbnailUrl\":\"https:\/\/agrupacionespsoe.es\/ponferrada\/wp-content\/uploads\/sites\/36\/2025\/11\/WhatsApp-Image-2025-11-27-at-11.49.16.jpeg\",\"articleSection\":[\"ACTUALIDAD\"],\"inLanguage\":\"es\",\"potentialAction\":[{\"@type\":\"CommentAction\",\"name\":\"Comment\",\"target\":[\"https:\/\/agrupacionespsoe.es\/ponferrada\/el-psoe-denuncia-la-paralisis-total-del-alcalde-en-el-transporte-urbano-dos-anos-y-medio-de-promesas-cero-mejoras-y-un-servicio-cada-vez-peor\/#respond\"]}]},{\"@type\":\"WebPage\",\"@id\":\"https:\/\/agrupacionespsoe.es\/ponferrada\/el-psoe-denuncia-la-paralisis-total-del-alcalde-en-el-transporte-urbano-dos-anos-y-medio-de-promesas-cero-mejoras-y-un-servicio-cada-vez-peor\/\",\"url\":\"https:\/\/agrupacionespsoe.es\/ponferrada\/el-psoe-denuncia-la-paralisis-total-del-alcalde-en-el-transporte-urbano-dos-anos-y-medio-de-promesas-cero-mejoras-y-un-servicio-cada-vez-peor\/\",\"name\":\"El PSOE denuncia la par\u00e1lisis total del alcalde en el transporte urbano: dos a\u00f1os y medio de promesas, cero mejoras y un servicio cada vez peor - Agrupaci\u00f3n Socialista de Ponferrada\",\"isPartOf\":{\"@id\":\"https:\/\/agrupacionespsoe.es\/ponferrada\/#website\"},\"primaryImageOfPage\":{\"@id\":\"https:\/\/agrupacionespsoe.es\/ponferrada\/el-psoe-denuncia-la-paralisis-total-del-alcalde-en-el-transporte-urbano-dos-anos-y-medio-de-promesas-cero-mejoras-y-un-servicio-cada-vez-peor\/#primaryimage\"},\"image\":{\"@id\":\"https:\/\/agrupacionespsoe.es\/ponferrada\/el-psoe-denuncia-la-paralisis-total-del-alcalde-en-el-transporte-urbano-dos-anos-y-medio-de-promesas-cero-mejoras-y-un-servicio-cada-vez-peor\/#primaryimage\"},\"thumbnailUrl\":\"https:\/\/agrupacionespsoe.es\/ponferrada\/wp-content\/uploads\/sites\/36\/2025\/11\/WhatsApp-Image-2025-11-27-at-11.49.16.jpeg\",\"datePublished\":\"2025-11-27T10:50:04+00:00\",\"dateModified\":\"2025-11-27T10:50:05+00:00\",\"breadcrumb\":{\"@id\":\"https:\/\/agrupacionespsoe.es\/ponferrada\/el-psoe-denuncia-la-paralisis-total-del-alcalde-en-el-transporte-urbano-dos-anos-y-medio-de-promesas-cero-mejoras-y-un-servicio-cada-vez-peor\/#breadcrumb\"},\"inLanguage\":\"es\",\"potentialAction\":[{\"@type\":\"ReadAction\",\"target\":[\"https:\/\/agrupacionespsoe.es\/ponferrada\/el-psoe-denuncia-la-paralisis-total-del-alcalde-en-el-transporte-urbano-dos-anos-y-medio-de-promesas-cero-mejoras-y-un-servicio-cada-vez-peor\/\"]}]},{\"@type\":\"ImageObject\",\"inLanguage\":\"es\",\"@id\":\"https:\/\/agrupacionespsoe.es\/ponferrada\/el-psoe-denuncia-la-paralisis-total-del-alcalde-en-el-transporte-urbano-dos-anos-y-medio-de-promesas-cero-mejoras-y-un-servicio-cada-vez-peor\/#primaryimage\",\"url\":\"https:\/\/agrupacionespsoe.es\/ponferrada\/wp-content\/uploads\/sites\/36\/2025\/11\/WhatsApp-Image-2025-11-27-at-11.49.16.jpeg\",\"contentUrl\":\"https:\/\/agrupacionespsoe.es\/ponferrada\/wp-content\/uploads\/sites\/36\/2025\/11\/WhatsApp-Image-2025-11-27-at-11.49.16.jpeg\",\"width\":2048,\"height\":1536},{\"@type\":\"BreadcrumbList\",\"@id\":\"https:\/\/agrupacionespsoe.es\/ponferrada\/el-psoe-denuncia-la-paralisis-total-del-alcalde-en-el-transporte-urbano-dos-anos-y-medio-de-promesas-cero-mejoras-y-un-servicio-cada-vez-peor\/#breadcrumb\",\"itemListElement\":[{\"@type\":\"ListItem\",\"position\":1,\"name\":\"Portada\",\"item\":\"https:\/\/agrupacionespsoe.es\/ponferrada\/\"},{\"@type\":\"ListItem\",\"position\":2,\"name\":\"El PSOE denuncia la par\u00e1lisis total del alcalde en el transporte urbano: dos a\u00f1os y medio de promesas, cero mejoras y un servicio cada vez peor\"}]},{\"@type\":\"WebSite\",\"@id\":\"https:\/\/agrupacionespsoe.es\/ponferrada\/#website\",\"url\":\"https:\/\/agrupacionespsoe.es\/ponferrada\/\",\"name\":\"Agrupaci\u00f3n Socialista de Ponferrada\",\"description\":\"Agrupaci\u00f3n Socialista de Ponferrada\",\"publisher\":{\"@id\":\"https:\/\/agrupacionespsoe.es\/ponferrada\/#organization\"},\"potentialAction\":[{\"@type\":\"SearchAction\",\"target\":{\"@type\":\"EntryPoint\",\"urlTemplate\":\"https:\/\/agrupacionespsoe.es\/ponferrada\/?s={search_term_string}\"},\"query-input\":{\"@type\":\"PropertyValueSpecification\",\"valueRequired\":true,\"valueName\":\"search_term_string\"}}],\"inLanguage\":\"es\"},{\"@type\":\"Organization\",\"@id\":\"https:\/\/agrupacionespsoe.es\/ponferrada\/#organization\",\"name\":\"Agrupaci\u00f3n Socialista de Ponferrada\",\"url\":\"https:\/\/agrupacionespsoe.es\/ponferrada\/\",\"logo\":{\"@type\":\"ImageObject\",\"inLanguage\":\"es\",\"@id\":\"https:\/\/agrupacionespsoe.es\/ponferrada\/#\/schema\/logo\/image\/\",\"url\":\"https:\/\/agrupacionespsoe.es\/wp-content\/uploads\/2022\/07\/Logotipo_electoral_del_PSOE.png\",\"contentUrl\":\"https:\/\/agrupacionespsoe.es\/wp-content\/uploads\/2022\/07\/Logotipo_electoral_del_PSOE.png\",\"width\":422,\"height\":422,\"caption\":\"Agrupaci\u00f3n Socialista de Ponferrada\"},\"image\":{\"@id\":\"https:\/\/agrupacionespsoe.es\/ponferrada\/#\/schema\/logo\/image\/\"}},{\"@type\":\"Person\",\"@id\":\"https:\/\/agrupacionespsoe.es\/ponferrada\/#\/schema\/person\/cd29ee627f3b70c05d415f02596debaa\",\"name\":\"ponferrada2\",\"image\":{\"@type\":\"ImageObject\",\"inLanguage\":\"es\",\"@id\":\"https:\/\/agrupacionespsoe.es\/ponferrada\/#\/schema\/person\/image\/\",\"url\":\"https:\/\/secure.gravatar.com\/avatar\/f499eeb60144c664cf7b7edf75549b50?s=96&d=mm&r=g\",\"contentUrl\":\"https:\/\/secure.gravatar.com\/avatar\/f499eeb60144c664cf7b7edf75549b50?s=96&d=mm&r=g\",\"caption\":\"ponferrada2\"},\"url\":\"https:\/\/agrupacionespsoe.es\/ponferrada\/author\/ponferrada2\/\"}]}<\/script>\n<!-- \/ Yoast SEO plugin. -->","yoast_head_json":{"title":"El PSOE denuncia la par\u00e1lisis total del alcalde en el transporte urbano: dos a\u00f1os y medio de promesas, cero mejoras y un servicio cada vez peor - Agrupaci\u00f3n Socialista de Ponferrada","robots":{"index":"index","follow":"follow","max-snippet":"max-snippet:-1","max-image-preview":"max-image-preview:large","max-video-preview":"max-video-preview:-1"},"canonical":"https:\/\/agrupacionespsoe.es\/ponferrada\/el-psoe-denuncia-la-paralisis-total-del-alcalde-en-el-transporte-urbano-dos-anos-y-medio-de-promesas-cero-mejoras-y-un-servicio-cada-vez-peor\/","og_locale":"es_ES","og_type":"article","og_title":"El PSOE denuncia la par\u00e1lisis total del alcalde en el transporte urbano: dos a\u00f1os y medio de promesas, cero mejoras y un servicio cada vez peor - Agrupaci\u00f3n Socialista de Ponferrada","og_description":"El Grupo Municipal Socialista nos hemos interesado por el estado del nuevo contrato &nbsp;del servicio municipal de transportes despu\u00e9s de constatar que, a pesar de que el contrato actual del Servicio Municipal de Transporte Urbano acaba a principios del 2026, el alcalde Marco Morala no ha sido capaz de avanzar en la comisi\u00f3n del estudio ...","og_url":"https:\/\/agrupacionespsoe.es\/ponferrada\/el-psoe-denuncia-la-paralisis-total-del-alcalde-en-el-transporte-urbano-dos-anos-y-medio-de-promesas-cero-mejoras-y-un-servicio-cada-vez-peor\/","og_site_name":"Agrupaci\u00f3n Socialista de Ponferrada","article_published_time":"2025-11-27T10:50:04+00:00","article_modified_time":"2025-11-27T10:50:05+00:00","og_image":[{"width":2048,"height":1536,"url":"https:\/\/agrupacionespsoe.es\/ponferrada\/wp-content\/uploads\/sites\/36\/2025\/11\/WhatsApp-Image-2025-11-27-at-11.49.16.jpeg","type":"image\/jpeg"}],"author":"ponferrada2","twitter_card":"summary_large_image","twitter_misc":{"Escrito por":"ponferrada2","Tiempo de lectura":"4 minutos"},"schema":{"@context":"https:\/\/schema.org","@graph":[{"@type":"Article","@id":"https:\/\/agrupacionespsoe.es\/ponferrada\/el-psoe-denuncia-la-paralisis-total-del-alcalde-en-el-transporte-urbano-dos-anos-y-medio-de-promesas-cero-mejoras-y-un-servicio-cada-vez-peor\/#article","isPartOf":{"@id":"https:\/\/agrupacionespsoe.es\/ponferrada\/el-psoe-denuncia-la-paralisis-total-del-alcalde-en-el-transporte-urbano-dos-anos-y-medio-de-promesas-cero-mejoras-y-un-servicio-cada-vez-peor\/"},"author":{"name":"ponferrada2","@id":"https:\/\/agrupacionespsoe.es\/ponferrada\/#\/schema\/person\/cd29ee627f3b70c05d415f02596debaa"},"headline":"El PSOE denuncia la par\u00e1lisis total del alcalde en el transporte urbano: dos a\u00f1os y medio de promesas, cero mejoras y un servicio cada vez peor","datePublished":"2025-11-27T10:50:04+00:00","dateModified":"2025-11-27T10:50:05+00:00","mainEntityOfPage":{"@id":"https:\/\/agrupacionespsoe.es\/ponferrada\/el-psoe-denuncia-la-paralisis-total-del-alcalde-en-el-transporte-urbano-dos-anos-y-medio-de-promesas-cero-mejoras-y-un-servicio-cada-vez-peor\/"},"wordCount":695,"commentCount":0,"publisher":{"@id":"https:\/\/agrupacionespsoe.es\/ponferrada\/#organization"},"image":{"@id":"https:\/\/agrupacionespsoe.es\/ponferrada\/el-psoe-denuncia-la-paralisis-total-del-alcalde-en-el-transporte-urbano-dos-anos-y-medio-de-promesas-cero-mejoras-y-un-servicio-cada-vez-peor\/#primaryimage"},"thumbnailUrl":"https:\/\/agrupacionespsoe.es\/ponferrada\/wp-content\/uploads\/sites\/36\/2025\/11\/WhatsApp-Image-2025-11-27-at-11.49.16.jpeg","articleSection":["ACTUALIDAD"],"inLanguage":"es","potentialAction":[{"@type":"CommentAction","name":"Comment","target":["https:\/\/agrupacionespsoe.es\/ponferrada\/el-psoe-denuncia-la-paralisis-total-del-alcalde-en-el-transporte-urbano-dos-anos-y-medio-de-promesas-cero-mejoras-y-un-servicio-cada-vez-peor\/#respond"]}]},{"@type":"WebPage","@id":"https:\/\/agrupacionespsoe.es\/ponferrada\/el-psoe-denuncia-la-paralisis-total-del-alcalde-en-el-transporte-urbano-dos-anos-y-medio-de-promesas-cero-mejoras-y-un-servicio-cada-vez-peor\/","url":"https:\/\/agrupacionespsoe.es\/ponferrada\/el-psoe-denuncia-la-paralisis-total-del-alcalde-en-el-transporte-urbano-dos-anos-y-medio-de-promesas-cero-mejoras-y-un-servicio-cada-vez-peor\/","name":"El PSOE denuncia la par\u00e1lisis total del alcalde en el transporte urbano: dos a\u00f1os y medio de promesas, cero mejoras y un servicio cada vez peor - Agrupaci\u00f3n Socialista de Ponferrada","isPartOf":{"@id":"https:\/\/agrupacionespsoe.es\/ponferrada\/#website"},"primaryImageOfPage":{"@id":"https:\/\/agrupacionespsoe.es\/ponferrada\/el-psoe-denuncia-la-paralisis-total-del-alcalde-en-el-transporte-urbano-dos-anos-y-medio-de-promesas-cero-mejoras-y-un-servicio-cada-vez-peor\/#primaryimage"},"image":{"@id":"https:\/\/agrupacionespsoe.es\/ponferrada\/el-psoe-denuncia-la-paralisis-total-del-alcalde-en-el-transporte-urbano-dos-anos-y-medio-de-promesas-cero-mejoras-y-un-servicio-cada-vez-peor\/#primaryimage"},"thumbnailUrl":"https:\/\/agrupacionespsoe.es\/ponferrada\/wp-content\/uploads\/sites\/36\/2025\/11\/WhatsApp-Image-2025-11-27-at-11.49.16.jpeg","datePublished":"2025-11-27T10:50:04+00:00","dateModified":"2025-11-27T10:50:05+00:00","breadcrumb":{"@id":"https:\/\/agrupacionespsoe.es\/ponferrada\/el-psoe-denuncia-la-paralisis-total-del-alcalde-en-el-transporte-urbano-dos-anos-y-medio-de-promesas-cero-mejoras-y-un-servicio-cada-vez-peor\/#breadcrumb"},"inLanguage":"es","potentialAction":[{"@type":"ReadAction","target":["https:\/\/agrupacionespsoe.es\/ponferrada\/el-psoe-denuncia-la-paralisis-total-del-alcalde-en-el-transporte-urbano-dos-anos-y-medio-de-promesas-cero-mejoras-y-un-servicio-cada-vez-peor\/"]}]},{"@type":"ImageObject","inLanguage":"es","@id":"https:\/\/agrupacionespsoe.es\/ponferrada\/el-psoe-denuncia-la-paralisis-total-del-alcalde-en-el-transporte-urbano-dos-anos-y-medio-de-promesas-cero-mejoras-y-un-servicio-cada-vez-peor\/#primaryimage","url":"https:\/\/agrupacionespsoe.es\/ponferrada\/wp-content\/uploads\/sites\/36\/2025\/11\/WhatsApp-Image-2025-11-27-at-11.49.16.jpeg","contentUrl":"https:\/\/agrupacionespsoe.es\/ponferrada\/wp-content\/uploads\/sites\/36\/2025\/11\/WhatsApp-Image-2025-11-27-at-11.49.16.jpeg","width":2048,"height":1536},{"@type":"BreadcrumbList","@id":"https:\/\/agrupacionespsoe.es\/ponferrada\/el-psoe-denuncia-la-paralisis-total-del-alcalde-en-el-transporte-urbano-dos-anos-y-medio-de-promesas-cero-mejoras-y-un-servicio-cada-vez-peor\/#breadcrumb","itemListElement":[{"@type":"ListItem","position":1,"name":"Portada","item":"https:\/\/agrupacionespsoe.es\/ponferrada\/"},{"@type":"ListItem","position":2,"name":"El PSOE denuncia la par\u00e1lisis total del alcalde en el transporte urbano: dos a\u00f1os y medio de promesas, cero mejoras y un servicio cada vez peor"}]},{"@type":"WebSite","@id":"https:\/\/agrupacionespsoe.es\/ponferrada\/#website","url":"https:\/\/agrupacionespsoe.es\/ponferrada\/","name":"Agrupaci\u00f3n Socialista de Ponferrada","description":"Agrupaci\u00f3n Socialista de Ponferrada","publisher":{"@id":"https:\/\/agrupacionespsoe.es\/ponferrada\/#organization"},"potentialAction":[{"@type":"SearchAction","target":{"@type":"EntryPoint","urlTemplate":"https:\/\/agrupacionespsoe.es\/ponferrada\/?s={search_term_string}"},"query-input":{"@type":"PropertyValueSpecification","valueRequired":true,"valueName":"search_term_string"}}],"inLanguage":"es"},{"@type":"Organization","@id":"https:\/\/agrupacionespsoe.es\/ponferrada\/#organization","name":"Agrupaci\u00f3n Socialista de Ponferrada","url":"https:\/\/agrupacionespsoe.es\/ponferrada\/","logo":{"@type":"ImageObject","inLanguage":"es","@id":"https:\/\/agrupacionespsoe.es\/ponferrada\/#\/schema\/logo\/image\/","url":"https:\/\/agrupacionespsoe.es\/wp-content\/uploads\/2022\/07\/Logotipo_electoral_del_PSOE.png","contentUrl":"https:\/\/agrupacionespsoe.es\/wp-content\/uploads\/2022\/07\/Logotipo_electoral_del_PSOE.png","width":422,"height":422,"caption":"Agrupaci\u00f3n Socialista de Ponferrada"},"image":{"@id":"https:\/\/agrupacionespsoe.es\/ponferrada\/#\/schema\/logo\/image\/"}},{"@type":"Person","@id":"https:\/\/agrupacionespsoe.es\/ponferrada\/#\/schema\/person\/cd29ee627f3b70c05d415f02596debaa","name":"ponferrada2","image":{"@type":"ImageObject","inLanguage":"es","@id":"https:\/\/agrupacionespsoe.es\/ponferrada\/#\/schema\/person\/image\/","url":"https:\/\/secure.gravatar.com\/avatar\/f499eeb60144c664cf7b7edf75549b50?s=96&d=mm&r=g","contentUrl":"https:\/\/secure.gravatar.com\/avatar\/f499eeb60144c664cf7b7edf75549b50?s=96&d=mm&r=g","caption":"ponferrada2"},"url":"https:\/\/agrupacionespsoe.es\/ponferrada\/author\/ponferrada2\/"}]}},"jetpack_featured_media_url":"https:\/\/agrupacionespsoe.es\/ponferrada\/wp-content\/uploads\/sites\/36\/2025\/11\/WhatsApp-Image-2025-11-27-at-11.49.16.jpeg","jetpack_sharing_enabled":true,"_links":{"self":[{"href":"https:\/\/agrupacionespsoe.es\/ponferrada\/wp-json\/wp\/v2\/posts\/1352","targetHints":{"allow":["GET"]}}],"collection":[{"href":"https:\/\/agrupacionespsoe.es\/ponferrada\/wp-json\/wp\/v2\/posts"}],"about":[{"href":"https:\/\/agrupacionespsoe.es\/ponferrada\/wp-json\/wp\/v2\/types\/post"}],"author":[{"embeddable":true,"href":"https:\/\/agrupacionespsoe.es\/ponferrada\/wp-json\/wp\/v2\/users\/32"}],"replies":[{"embeddable":true,"href":"https:\/\/agrupacionespsoe.es\/ponferrada\/wp-json\/wp\/v2\/comments?post=1352"}],"version-history":[{"count":2,"href":"https:\/\/agrupacionespsoe.es\/ponferrada\/wp-json\/wp\/v2\/posts\/1352\/revisions"}],"predecessor-version":[{"id":1355,"href":"https:\/\/agrupacionespsoe.es\/ponferrada\/wp-json\/wp\/v2\/posts\/1352\/revisions\/1355"}],"wp:featuredmedia":[{"embeddable":true,"href":"https:\/\/agrupacionespsoe.es\/ponferrada\/wp-json\/wp\/v2\/media\/1353"}],"wp:attachment":[{"href":"https:\/\/agrupacionespsoe.es\/ponferrada\/wp-json\/wp\/v2\/media?parent=1352"}],"wp:term":[{"taxonomy":"category","embeddable":true,"href":"https:\/\/agrupacionespsoe.es\/ponferrada\/wp-json\/wp\/v2\/categories?post=1352"},{"taxonomy":"post_tag","embeddable":true,"href":"https:\/\/agrupacionespsoe.es\/ponferrada\/wp-json\/wp\/v2\/tags?post=1352"}],"curies":[{"name":"wp","href":"https:\/\/api.w.org\/{rel}","templated":true}]}}