{"id":1347,"date":"2025-11-26T11:13:30","date_gmt":"2025-11-26T11:13:30","guid":{"rendered":"https:\/\/agrupacionespsoe.es\/ponferrada\/?p=1347"},"modified":"2025-11-26T11:13:52","modified_gmt":"2025-11-26T11:13:52","slug":"el-grupo-socialista-reclama-explicaciones-por-una-posible-intervencion-politica-en-las-elecciones-del-centro-de-dia-por-parte-de-la-concejala-responsable-del-area","status":"publish","type":"post","link":"https:\/\/agrupacionespsoe.es\/ponferrada\/el-grupo-socialista-reclama-explicaciones-por-una-posible-intervencion-politica-en-las-elecciones-del-centro-de-dia-por-parte-de-la-concejala-responsable-del-area\/","title":{"rendered":"El Grupo Socialista reclama explicaciones por una posible intervenci\u00f3n pol\u00edtica en las elecciones del Centro de D\u00eda por parte de la concejala responsable del \u00e1rea"},"content":{"rendered":"\n<p>El Grupo Municipal Socialista ha solicitado explicaciones en la Comisi\u00f3n de Mayores tras recibir las denuncias de varios usuarios del centro de d\u00eda de Flores del Sil, denuncias que tambi\u00e9n han hecho p\u00fablicas a trav\u00e9s de las redes que hablan sobre una posible intervenci\u00f3n directa de la concejala responsable de mayores y participaci\u00f3n ciudadana, en plena campa\u00f1a electoral interna para la elecci\u00f3n del Consejo de Usuarios.<\/p>\n\n\n\n<p>Seg\u00fan dicho comunicado p\u00fablico, difundido por un grupo del Centro de D\u00eda, la concejala habr\u00eda aprovechado un acto social con personas mayores \u2014organizado para celebrar el D\u00eda del Socio\u2014 para solicitar abiertamente el voto a favor de un grupo concreto de candidatos que concurren a las elecciones internas. De confirmarse estos hechos, estar\u00edamos ante una injerencia pol\u00edtica absolutamente reprobable, incompatible con la neutralidad institucional que debe regir cualquier proceso participativo dentro de un servicio p\u00fablico.<\/p>\n\n\n\n<p>Para el Grupo Municipal Socialista, estas pr\u00e1cticas son rotundamente inadmisibles y no deber\u00edan producirse por parte de un miembro del equipo de gobierno. Utilizar la posici\u00f3n de autoridad derivada de un cargo para influir sobre personas mayores en un proceso electoral interno, que adem\u00e1s deber\u00eda caracterizarse por la imparcialidad, constituye un hecho de enorme gravedad.<\/p>\n\n\n\n<p>Por ello, hemos solicitado en la Comisi\u00f3n de Mayores toda la informaci\u00f3n disponible y vamos a exigir una aclaraci\u00f3n inmediata sobre lo sucedido: qu\u00e9 ocurri\u00f3 exactamente y por qu\u00e9 la concejala pide el voto para alguien concreto. &nbsp;<\/p>\n\n\n\n<p>Si los hechos se confirman, el Grupo Municipal Socialista va a pedir al Alcalde que le retire a la concejala sus delegaciones pol\u00edticas porque ese tipo de comportamiento e interferencias son incompatibles con el comportamiento que se espera de un representante p\u00fablico y resultan intolerables para cualquier dem\u00f3crata.<\/p>\n\n\n\n<p>A diferencia de la forma de actuar de este equipo de gobierno, desde el PSOE reiteramos nuestro compromiso firme con la limpieza, la transparencia y el respeto escrupuloso a los procesos participativos de todos los centros municipales, especialmente aquellos que atienden a personas mayores.<\/p>\n\n\n\n<figure class=\"wp-block-image size-large\"><img loading=\"lazy\" decoding=\"async\" width=\"461\" height=\"1024\" src=\"https:\/\/agrupacionespsoe.es\/ponferrada\/wp-content\/uploads\/sites\/36\/2025\/11\/WhatsApp-Image-2025-11-23-at-17.30.17-461x1024.jpeg\" alt=\"\" class=\"wp-image-1348\" srcset=\"https:\/\/agrupacionespsoe.es\/ponferrada\/wp-content\/uploads\/sites\/36\/2025\/11\/WhatsApp-Image-2025-11-23-at-17.30.17-461x1024.jpeg 461w, https:\/\/agrupacionespsoe.es\/ponferrada\/wp-content\/uploads\/sites\/36\/2025\/11\/WhatsApp-Image-2025-11-23-at-17.30.17-135x300.jpeg 135w, https:\/\/agrupacionespsoe.es\/ponferrada\/wp-content\/uploads\/sites\/36\/2025\/11\/WhatsApp-Image-2025-11-23-at-17.30.17-691x1536.jpeg 691w, https:\/\/agrupacionespsoe.es\/ponferrada\/wp-content\/uploads\/sites\/36\/2025\/11\/WhatsApp-Image-2025-11-23-at-17.30.17.jpeg 720w\" sizes=\"auto, (max-width: 461px) 100vw, 461px\" \/><\/figure>\n","protected":false},"excerpt":{"rendered":"<p>El Grupo Municipal Socialista ha solicitado explicaciones en la Comisi\u00f3n de Mayores tras recibir las denuncias de varios usuarios del centro de d\u00eda de Flores del Sil, denuncias que tambi\u00e9n han hecho p\u00fablicas a trav\u00e9s de las redes que hablan sobre una posible intervenci\u00f3n directa de la concejala responsable de mayores y participaci\u00f3n ciudadana, en &#8230;<\/p>\n","protected":false},"author":32,"featured_media":1348,"comment_status":"open","ping_status":"open","sticky":false,"template":"","format":"standard","meta":{"_jetpack_memberships_contains_paid_content":false,"footnotes":""},"categories":[6],"tags":[],"class_list":["post-1347","post","type-post","status-publish","format-standard","has-post-thumbnail","hentry","category-actualidad"],"yoast_head":"<!-- This site is optimized with the Yoast SEO plugin v24.0 - https:\/\/yoast.com\/wordpress\/plugins\/seo\/ -->\n<title>El Grupo Socialista reclama explicaciones por una posible intervenci\u00f3n pol\u00edtica en las elecciones del Centro de D\u00eda por parte de la concejala responsable del \u00e1rea - Agrupaci\u00f3n Socialista de Ponferrada<\/title>\n<meta name=\"robots\" content=\"index, follow, max-snippet:-1, max-image-preview:large, max-video-preview:-1\" \/>\n<link rel=\"canonical\" href=\"https:\/\/agrupacionespsoe.es\/ponferrada\/el-grupo-socialista-reclama-explicaciones-por-una-posible-intervencion-politica-en-las-elecciones-del-centro-de-dia-por-parte-de-la-concejala-responsable-del-area\/\" \/>\n<meta property=\"og:locale\" content=\"es_ES\" \/>\n<meta property=\"og:type\" content=\"article\" \/>\n<meta property=\"og:title\" content=\"El Grupo Socialista reclama explicaciones por una posible intervenci\u00f3n pol\u00edtica en las elecciones del Centro de D\u00eda por parte de la concejala responsable del \u00e1rea - Agrupaci\u00f3n Socialista de Ponferrada\" \/>\n<meta property=\"og:description\" content=\"El Grupo Municipal Socialista ha solicitado explicaciones en la Comisi\u00f3n de Mayores tras recibir las denuncias de varios usuarios del centro de d\u00eda de Flores del Sil, denuncias que tambi\u00e9n han hecho p\u00fablicas a trav\u00e9s de las redes que hablan sobre una posible intervenci\u00f3n directa de la concejala responsable de mayores y participaci\u00f3n ciudadana, en ...\" \/>\n<meta property=\"og:url\" content=\"https:\/\/agrupacionespsoe.es\/ponferrada\/el-grupo-socialista-reclama-explicaciones-por-una-posible-intervencion-politica-en-las-elecciones-del-centro-de-dia-por-parte-de-la-concejala-responsable-del-area\/\" \/>\n<meta property=\"og:site_name\" content=\"Agrupaci\u00f3n Socialista de Ponferrada\" \/>\n<meta property=\"article:published_time\" content=\"2025-11-26T11:13:30+00:00\" \/>\n<meta property=\"article:modified_time\" content=\"2025-11-26T11:13:52+00:00\" \/>\n<meta property=\"og:image\" content=\"https:\/\/agrupacionespsoe.es\/ponferrada\/wp-content\/uploads\/sites\/36\/2025\/11\/WhatsApp-Image-2025-11-23-at-17.30.17.jpeg\" \/>\n\t<meta property=\"og:image:width\" content=\"720\" \/>\n\t<meta property=\"og:image:height\" content=\"1600\" \/>\n\t<meta property=\"og:image:type\" content=\"image\/jpeg\" \/>\n<meta name=\"author\" content=\"ponferrada2\" \/>\n<meta name=\"twitter:card\" content=\"summary_large_image\" \/>\n<meta name=\"twitter:label1\" content=\"Escrito por\" \/>\n\t<meta name=\"twitter:data1\" content=\"ponferrada2\" \/>\n\t<meta name=\"twitter:label2\" content=\"Tiempo de lectura\" \/>\n\t<meta name=\"twitter:data2\" content=\"2 minutos\" \/>\n<script type=\"application\/ld+json\" class=\"yoast-schema-graph\">{\"@context\":\"https:\/\/schema.org\",\"@graph\":[{\"@type\":\"Article\",\"@id\":\"https:\/\/agrupacionespsoe.es\/ponferrada\/el-grupo-socialista-reclama-explicaciones-por-una-posible-intervencion-politica-en-las-elecciones-del-centro-de-dia-por-parte-de-la-concejala-responsable-del-area\/#article\",\"isPartOf\":{\"@id\":\"https:\/\/agrupacionespsoe.es\/ponferrada\/el-grupo-socialista-reclama-explicaciones-por-una-posible-intervencion-politica-en-las-elecciones-del-centro-de-dia-por-parte-de-la-concejala-responsable-del-area\/\"},\"author\":{\"name\":\"ponferrada2\",\"@id\":\"https:\/\/agrupacionespsoe.es\/ponferrada\/#\/schema\/person\/cd29ee627f3b70c05d415f02596debaa\"},\"headline\":\"El Grupo Socialista reclama explicaciones por una posible intervenci\u00f3n pol\u00edtica en las elecciones del Centro de D\u00eda por parte de la concejala responsable del \u00e1rea\",\"datePublished\":\"2025-11-26T11:13:30+00:00\",\"dateModified\":\"2025-11-26T11:13:52+00:00\",\"mainEntityOfPage\":{\"@id\":\"https:\/\/agrupacionespsoe.es\/ponferrada\/el-grupo-socialista-reclama-explicaciones-por-una-posible-intervencion-politica-en-las-elecciones-del-centro-de-dia-por-parte-de-la-concejala-responsable-del-area\/\"},\"wordCount\":382,\"commentCount\":0,\"publisher\":{\"@id\":\"https:\/\/agrupacionespsoe.es\/ponferrada\/#organization\"},\"image\":{\"@id\":\"https:\/\/agrupacionespsoe.es\/ponferrada\/el-grupo-socialista-reclama-explicaciones-por-una-posible-intervencion-politica-en-las-elecciones-del-centro-de-dia-por-parte-de-la-concejala-responsable-del-area\/#primaryimage\"},\"thumbnailUrl\":\"https:\/\/agrupacionespsoe.es\/ponferrada\/wp-content\/uploads\/sites\/36\/2025\/11\/WhatsApp-Image-2025-11-23-at-17.30.17.jpeg\",\"articleSection\":[\"ACTUALIDAD\"],\"inLanguage\":\"es\",\"potentialAction\":[{\"@type\":\"CommentAction\",\"name\":\"Comment\",\"target\":[\"https:\/\/agrupacionespsoe.es\/ponferrada\/el-grupo-socialista-reclama-explicaciones-por-una-posible-intervencion-politica-en-las-elecciones-del-centro-de-dia-por-parte-de-la-concejala-responsable-del-area\/#respond\"]}]},{\"@type\":\"WebPage\",\"@id\":\"https:\/\/agrupacionespsoe.es\/ponferrada\/el-grupo-socialista-reclama-explicaciones-por-una-posible-intervencion-politica-en-las-elecciones-del-centro-de-dia-por-parte-de-la-concejala-responsable-del-area\/\",\"url\":\"https:\/\/agrupacionespsoe.es\/ponferrada\/el-grupo-socialista-reclama-explicaciones-por-una-posible-intervencion-politica-en-las-elecciones-del-centro-de-dia-por-parte-de-la-concejala-responsable-del-area\/\",\"name\":\"El Grupo Socialista reclama explicaciones por una posible intervenci\u00f3n pol\u00edtica en las elecciones del Centro de D\u00eda por parte de la concejala responsable del \u00e1rea - Agrupaci\u00f3n Socialista de Ponferrada\",\"isPartOf\":{\"@id\":\"https:\/\/agrupacionespsoe.es\/ponferrada\/#website\"},\"primaryImageOfPage\":{\"@id\":\"https:\/\/agrupacionespsoe.es\/ponferrada\/el-grupo-socialista-reclama-explicaciones-por-una-posible-intervencion-politica-en-las-elecciones-del-centro-de-dia-por-parte-de-la-concejala-responsable-del-area\/#primaryimage\"},\"image\":{\"@id\":\"https:\/\/agrupacionespsoe.es\/ponferrada\/el-grupo-socialista-reclama-explicaciones-por-una-posible-intervencion-politica-en-las-elecciones-del-centro-de-dia-por-parte-de-la-concejala-responsable-del-area\/#primaryimage\"},\"thumbnailUrl\":\"https:\/\/agrupacionespsoe.es\/ponferrada\/wp-content\/uploads\/sites\/36\/2025\/11\/WhatsApp-Image-2025-11-23-at-17.30.17.jpeg\",\"datePublished\":\"2025-11-26T11:13:30+00:00\",\"dateModified\":\"2025-11-26T11:13:52+00:00\",\"breadcrumb\":{\"@id\":\"https:\/\/agrupacionespsoe.es\/ponferrada\/el-grupo-socialista-reclama-explicaciones-por-una-posible-intervencion-politica-en-las-elecciones-del-centro-de-dia-por-parte-de-la-concejala-responsable-del-area\/#breadcrumb\"},\"inLanguage\":\"es\",\"potentialAction\":[{\"@type\":\"ReadAction\",\"target\":[\"https:\/\/agrupacionespsoe.es\/ponferrada\/el-grupo-socialista-reclama-explicaciones-por-una-posible-intervencion-politica-en-las-elecciones-del-centro-de-dia-por-parte-de-la-concejala-responsable-del-area\/\"]}]},{\"@type\":\"ImageObject\",\"inLanguage\":\"es\",\"@id\":\"https:\/\/agrupacionespsoe.es\/ponferrada\/el-grupo-socialista-reclama-explicaciones-por-una-posible-intervencion-politica-en-las-elecciones-del-centro-de-dia-por-parte-de-la-concejala-responsable-del-area\/#primaryimage\",\"url\":\"https:\/\/agrupacionespsoe.es\/ponferrada\/wp-content\/uploads\/sites\/36\/2025\/11\/WhatsApp-Image-2025-11-23-at-17.30.17.jpeg\",\"contentUrl\":\"https:\/\/agrupacionespsoe.es\/ponferrada\/wp-content\/uploads\/sites\/36\/2025\/11\/WhatsApp-Image-2025-11-23-at-17.30.17.jpeg\",\"width\":720,\"height\":1600},{\"@type\":\"BreadcrumbList\",\"@id\":\"https:\/\/agrupacionespsoe.es\/ponferrada\/el-grupo-socialista-reclama-explicaciones-por-una-posible-intervencion-politica-en-las-elecciones-del-centro-de-dia-por-parte-de-la-concejala-responsable-del-area\/#breadcrumb\",\"itemListElement\":[{\"@type\":\"ListItem\",\"position\":1,\"name\":\"Portada\",\"item\":\"https:\/\/agrupacionespsoe.es\/ponferrada\/\"},{\"@type\":\"ListItem\",\"position\":2,\"name\":\"El Grupo Socialista reclama explicaciones por una posible intervenci\u00f3n pol\u00edtica en las elecciones del Centro de D\u00eda por parte de la concejala responsable del \u00e1rea\"}]},{\"@type\":\"WebSite\",\"@id\":\"https:\/\/agrupacionespsoe.es\/ponferrada\/#website\",\"url\":\"https:\/\/agrupacionespsoe.es\/ponferrada\/\",\"name\":\"Agrupaci\u00f3n Socialista de Ponferrada\",\"description\":\"Agrupaci\u00f3n Socialista de Ponferrada\",\"publisher\":{\"@id\":\"https:\/\/agrupacionespsoe.es\/ponferrada\/#organization\"},\"potentialAction\":[{\"@type\":\"SearchAction\",\"target\":{\"@type\":\"EntryPoint\",\"urlTemplate\":\"https:\/\/agrupacionespsoe.es\/ponferrada\/?s={search_term_string}\"},\"query-input\":{\"@type\":\"PropertyValueSpecification\",\"valueRequired\":true,\"valueName\":\"search_term_string\"}}],\"inLanguage\":\"es\"},{\"@type\":\"Organization\",\"@id\":\"https:\/\/agrupacionespsoe.es\/ponferrada\/#organization\",\"name\":\"Agrupaci\u00f3n Socialista de Ponferrada\",\"url\":\"https:\/\/agrupacionespsoe.es\/ponferrada\/\",\"logo\":{\"@type\":\"ImageObject\",\"inLanguage\":\"es\",\"@id\":\"https:\/\/agrupacionespsoe.es\/ponferrada\/#\/schema\/logo\/image\/\",\"url\":\"https:\/\/agrupacionespsoe.es\/wp-content\/uploads\/2022\/07\/Logotipo_electoral_del_PSOE.png\",\"contentUrl\":\"https:\/\/agrupacionespsoe.es\/wp-content\/uploads\/2022\/07\/Logotipo_electoral_del_PSOE.png\",\"width\":422,\"height\":422,\"caption\":\"Agrupaci\u00f3n Socialista de Ponferrada\"},\"image\":{\"@id\":\"https:\/\/agrupacionespsoe.es\/ponferrada\/#\/schema\/logo\/image\/\"}},{\"@type\":\"Person\",\"@id\":\"https:\/\/agrupacionespsoe.es\/ponferrada\/#\/schema\/person\/cd29ee627f3b70c05d415f02596debaa\",\"name\":\"ponferrada2\",\"image\":{\"@type\":\"ImageObject\",\"inLanguage\":\"es\",\"@id\":\"https:\/\/agrupacionespsoe.es\/ponferrada\/#\/schema\/person\/image\/\",\"url\":\"https:\/\/secure.gravatar.com\/avatar\/f499eeb60144c664cf7b7edf75549b50?s=96&d=mm&r=g\",\"contentUrl\":\"https:\/\/secure.gravatar.com\/avatar\/f499eeb60144c664cf7b7edf75549b50?s=96&d=mm&r=g\",\"caption\":\"ponferrada2\"},\"url\":\"https:\/\/agrupacionespsoe.es\/ponferrada\/author\/ponferrada2\/\"}]}<\/script>\n<!-- \/ Yoast SEO plugin. -->","yoast_head_json":{"title":"El Grupo Socialista reclama explicaciones por una posible intervenci\u00f3n pol\u00edtica en las elecciones del Centro de D\u00eda por parte de la concejala responsable del \u00e1rea - Agrupaci\u00f3n Socialista de Ponferrada","robots":{"index":"index","follow":"follow","max-snippet":"max-snippet:-1","max-image-preview":"max-image-preview:large","max-video-preview":"max-video-preview:-1"},"canonical":"https:\/\/agrupacionespsoe.es\/ponferrada\/el-grupo-socialista-reclama-explicaciones-por-una-posible-intervencion-politica-en-las-elecciones-del-centro-de-dia-por-parte-de-la-concejala-responsable-del-area\/","og_locale":"es_ES","og_type":"article","og_title":"El Grupo Socialista reclama explicaciones por una posible intervenci\u00f3n pol\u00edtica en las elecciones del Centro de D\u00eda por parte de la concejala responsable del \u00e1rea - Agrupaci\u00f3n Socialista de Ponferrada","og_description":"El Grupo Municipal Socialista ha solicitado explicaciones en la Comisi\u00f3n de Mayores tras recibir las denuncias de varios usuarios del centro de d\u00eda de Flores del Sil, denuncias que tambi\u00e9n han hecho p\u00fablicas a trav\u00e9s de las redes que hablan sobre una posible intervenci\u00f3n directa de la concejala responsable de mayores y participaci\u00f3n ciudadana, en ...","og_url":"https:\/\/agrupacionespsoe.es\/ponferrada\/el-grupo-socialista-reclama-explicaciones-por-una-posible-intervencion-politica-en-las-elecciones-del-centro-de-dia-por-parte-de-la-concejala-responsable-del-area\/","og_site_name":"Agrupaci\u00f3n Socialista de Ponferrada","article_published_time":"2025-11-26T11:13:30+00:00","article_modified_time":"2025-11-26T11:13:52+00:00","og_image":[{"width":720,"height":1600,"url":"https:\/\/agrupacionespsoe.es\/ponferrada\/wp-content\/uploads\/sites\/36\/2025\/11\/WhatsApp-Image-2025-11-23-at-17.30.17.jpeg","type":"image\/jpeg"}],"author":"ponferrada2","twitter_card":"summary_large_image","twitter_misc":{"Escrito por":"ponferrada2","Tiempo de lectura":"2 minutos"},"schema":{"@context":"https:\/\/schema.org","@graph":[{"@type":"Article","@id":"https:\/\/agrupacionespsoe.es\/ponferrada\/el-grupo-socialista-reclama-explicaciones-por-una-posible-intervencion-politica-en-las-elecciones-del-centro-de-dia-por-parte-de-la-concejala-responsable-del-area\/#article","isPartOf":{"@id":"https:\/\/agrupacionespsoe.es\/ponferrada\/el-grupo-socialista-reclama-explicaciones-por-una-posible-intervencion-politica-en-las-elecciones-del-centro-de-dia-por-parte-de-la-concejala-responsable-del-area\/"},"author":{"name":"ponferrada2","@id":"https:\/\/agrupacionespsoe.es\/ponferrada\/#\/schema\/person\/cd29ee627f3b70c05d415f02596debaa"},"headline":"El Grupo Socialista reclama explicaciones por una posible intervenci\u00f3n pol\u00edtica en las elecciones del Centro de D\u00eda por parte de la concejala responsable del \u00e1rea","datePublished":"2025-11-26T11:13:30+00:00","dateModified":"2025-11-26T11:13:52+00:00","mainEntityOfPage":{"@id":"https:\/\/agrupacionespsoe.es\/ponferrada\/el-grupo-socialista-reclama-explicaciones-por-una-posible-intervencion-politica-en-las-elecciones-del-centro-de-dia-por-parte-de-la-concejala-responsable-del-area\/"},"wordCount":382,"commentCount":0,"publisher":{"@id":"https:\/\/agrupacionespsoe.es\/ponferrada\/#organization"},"image":{"@id":"https:\/\/agrupacionespsoe.es\/ponferrada\/el-grupo-socialista-reclama-explicaciones-por-una-posible-intervencion-politica-en-las-elecciones-del-centro-de-dia-por-parte-de-la-concejala-responsable-del-area\/#primaryimage"},"thumbnailUrl":"https:\/\/agrupacionespsoe.es\/ponferrada\/wp-content\/uploads\/sites\/36\/2025\/11\/WhatsApp-Image-2025-11-23-at-17.30.17.jpeg","articleSection":["ACTUALIDAD"],"inLanguage":"es","potentialAction":[{"@type":"CommentAction","name":"Comment","target":["https:\/\/agrupacionespsoe.es\/ponferrada\/el-grupo-socialista-reclama-explicaciones-por-una-posible-intervencion-politica-en-las-elecciones-del-centro-de-dia-por-parte-de-la-concejala-responsable-del-area\/#respond"]}]},{"@type":"WebPage","@id":"https:\/\/agrupacionespsoe.es\/ponferrada\/el-grupo-socialista-reclama-explicaciones-por-una-posible-intervencion-politica-en-las-elecciones-del-centro-de-dia-por-parte-de-la-concejala-responsable-del-area\/","url":"https:\/\/agrupacionespsoe.es\/ponferrada\/el-grupo-socialista-reclama-explicaciones-por-una-posible-intervencion-politica-en-las-elecciones-del-centro-de-dia-por-parte-de-la-concejala-responsable-del-area\/","name":"El Grupo Socialista reclama explicaciones por una posible intervenci\u00f3n pol\u00edtica en las elecciones del Centro de D\u00eda por parte de la concejala responsable del \u00e1rea - Agrupaci\u00f3n Socialista de Ponferrada","isPartOf":{"@id":"https:\/\/agrupacionespsoe.es\/ponferrada\/#website"},"primaryImageOfPage":{"@id":"https:\/\/agrupacionespsoe.es\/ponferrada\/el-grupo-socialista-reclama-explicaciones-por-una-posible-intervencion-politica-en-las-elecciones-del-centro-de-dia-por-parte-de-la-concejala-responsable-del-area\/#primaryimage"},"image":{"@id":"https:\/\/agrupacionespsoe.es\/ponferrada\/el-grupo-socialista-reclama-explicaciones-por-una-posible-intervencion-politica-en-las-elecciones-del-centro-de-dia-por-parte-de-la-concejala-responsable-del-area\/#primaryimage"},"thumbnailUrl":"https:\/\/agrupacionespsoe.es\/ponferrada\/wp-content\/uploads\/sites\/36\/2025\/11\/WhatsApp-Image-2025-11-23-at-17.30.17.jpeg","datePublished":"2025-11-26T11:13:30+00:00","dateModified":"2025-11-26T11:13:52+00:00","breadcrumb":{"@id":"https:\/\/agrupacionespsoe.es\/ponferrada\/el-grupo-socialista-reclama-explicaciones-por-una-posible-intervencion-politica-en-las-elecciones-del-centro-de-dia-por-parte-de-la-concejala-responsable-del-area\/#breadcrumb"},"inLanguage":"es","potentialAction":[{"@type":"ReadAction","target":["https:\/\/agrupacionespsoe.es\/ponferrada\/el-grupo-socialista-reclama-explicaciones-por-una-posible-intervencion-politica-en-las-elecciones-del-centro-de-dia-por-parte-de-la-concejala-responsable-del-area\/"]}]},{"@type":"ImageObject","inLanguage":"es","@id":"https:\/\/agrupacionespsoe.es\/ponferrada\/el-grupo-socialista-reclama-explicaciones-por-una-posible-intervencion-politica-en-las-elecciones-del-centro-de-dia-por-parte-de-la-concejala-responsable-del-area\/#primaryimage","url":"https:\/\/agrupacionespsoe.es\/ponferrada\/wp-content\/uploads\/sites\/36\/2025\/11\/WhatsApp-Image-2025-11-23-at-17.30.17.jpeg","contentUrl":"https:\/\/agrupacionespsoe.es\/ponferrada\/wp-content\/uploads\/sites\/36\/2025\/11\/WhatsApp-Image-2025-11-23-at-17.30.17.jpeg","width":720,"height":1600},{"@type":"BreadcrumbList","@id":"https:\/\/agrupacionespsoe.es\/ponferrada\/el-grupo-socialista-reclama-explicaciones-por-una-posible-intervencion-politica-en-las-elecciones-del-centro-de-dia-por-parte-de-la-concejala-responsable-del-area\/#breadcrumb","itemListElement":[{"@type":"ListItem","position":1,"name":"Portada","item":"https:\/\/agrupacionespsoe.es\/ponferrada\/"},{"@type":"ListItem","position":2,"name":"El Grupo Socialista reclama explicaciones por una posible intervenci\u00f3n pol\u00edtica en las elecciones del Centro de D\u00eda por parte de la concejala responsable del \u00e1rea"}]},{"@type":"WebSite","@id":"https:\/\/agrupacionespsoe.es\/ponferrada\/#website","url":"https:\/\/agrupacionespsoe.es\/ponferrada\/","name":"Agrupaci\u00f3n Socialista de Ponferrada","description":"Agrupaci\u00f3n Socialista de Ponferrada","publisher":{"@id":"https:\/\/agrupacionespsoe.es\/ponferrada\/#organization"},"potentialAction":[{"@type":"SearchAction","target":{"@type":"EntryPoint","urlTemplate":"https:\/\/agrupacionespsoe.es\/ponferrada\/?s={search_term_string}"},"query-input":{"@type":"PropertyValueSpecification","valueRequired":true,"valueName":"search_term_string"}}],"inLanguage":"es"},{"@type":"Organization","@id":"https:\/\/agrupacionespsoe.es\/ponferrada\/#organization","name":"Agrupaci\u00f3n Socialista de Ponferrada","url":"https:\/\/agrupacionespsoe.es\/ponferrada\/","logo":{"@type":"ImageObject","inLanguage":"es","@id":"https:\/\/agrupacionespsoe.es\/ponferrada\/#\/schema\/logo\/image\/","url":"https:\/\/agrupacionespsoe.es\/wp-content\/uploads\/2022\/07\/Logotipo_electoral_del_PSOE.png","contentUrl":"https:\/\/agrupacionespsoe.es\/wp-content\/uploads\/2022\/07\/Logotipo_electoral_del_PSOE.png","width":422,"height":422,"caption":"Agrupaci\u00f3n Socialista de Ponferrada"},"image":{"@id":"https:\/\/agrupacionespsoe.es\/ponferrada\/#\/schema\/logo\/image\/"}},{"@type":"Person","@id":"https:\/\/agrupacionespsoe.es\/ponferrada\/#\/schema\/person\/cd29ee627f3b70c05d415f02596debaa","name":"ponferrada2","image":{"@type":"ImageObject","inLanguage":"es","@id":"https:\/\/agrupacionespsoe.es\/ponferrada\/#\/schema\/person\/image\/","url":"https:\/\/secure.gravatar.com\/avatar\/f499eeb60144c664cf7b7edf75549b50?s=96&d=mm&r=g","contentUrl":"https:\/\/secure.gravatar.com\/avatar\/f499eeb60144c664cf7b7edf75549b50?s=96&d=mm&r=g","caption":"ponferrada2"},"url":"https:\/\/agrupacionespsoe.es\/ponferrada\/author\/ponferrada2\/"}]}},"jetpack_featured_media_url":"https:\/\/agrupacionespsoe.es\/ponferrada\/wp-content\/uploads\/sites\/36\/2025\/11\/WhatsApp-Image-2025-11-23-at-17.30.17.jpeg","jetpack_sharing_enabled":true,"_links":{"self":[{"href":"https:\/\/agrupacionespsoe.es\/ponferrada\/wp-json\/wp\/v2\/posts\/1347","targetHints":{"allow":["GET"]}}],"collection":[{"href":"https:\/\/agrupacionespsoe.es\/ponferrada\/wp-json\/wp\/v2\/posts"}],"about":[{"href":"https:\/\/agrupacionespsoe.es\/ponferrada\/wp-json\/wp\/v2\/types\/post"}],"author":[{"embeddable":true,"href":"https:\/\/agrupacionespsoe.es\/ponferrada\/wp-json\/wp\/v2\/users\/32"}],"replies":[{"embeddable":true,"href":"https:\/\/agrupacionespsoe.es\/ponferrada\/wp-json\/wp\/v2\/comments?post=1347"}],"version-history":[{"count":3,"href":"https:\/\/agrupacionespsoe.es\/ponferrada\/wp-json\/wp\/v2\/posts\/1347\/revisions"}],"predecessor-version":[{"id":1351,"href":"https:\/\/agrupacionespsoe.es\/ponferrada\/wp-json\/wp\/v2\/posts\/1347\/revisions\/1351"}],"wp:featuredmedia":[{"embeddable":true,"href":"https:\/\/agrupacionespsoe.es\/ponferrada\/wp-json\/wp\/v2\/media\/1348"}],"wp:attachment":[{"href":"https:\/\/agrupacionespsoe.es\/ponferrada\/wp-json\/wp\/v2\/media?parent=1347"}],"wp:term":[{"taxonomy":"category","embeddable":true,"href":"https:\/\/agrupacionespsoe.es\/ponferrada\/wp-json\/wp\/v2\/categories?post=1347"},{"taxonomy":"post_tag","embeddable":true,"href":"https:\/\/agrupacionespsoe.es\/ponferrada\/wp-json\/wp\/v2\/tags?post=1347"}],"curies":[{"name":"wp","href":"https:\/\/api.w.org\/{rel}","templated":true}]}}