{"id":1331,"date":"2025-11-24T16:01:16","date_gmt":"2025-11-24T16:01:16","guid":{"rendered":"https:\/\/agrupacionespsoe.es\/ponferrada\/?p=1331"},"modified":"2025-11-26T10:28:33","modified_gmt":"2025-11-26T10:28:33","slug":"el-psoe-denuncia-el-abandono-absoluto-de-los-parques-y-zonas-publicas-de-ponferrada-bancos-rotos-vandalizados-sin-mantenimiento-y-vallas-olvidadas-durante-meses","status":"publish","type":"post","link":"https:\/\/agrupacionespsoe.es\/ponferrada\/el-psoe-denuncia-el-abandono-absoluto-de-los-parques-y-zonas-publicas-de-ponferrada-bancos-rotos-vandalizados-sin-mantenimiento-y-vallas-olvidadas-durante-meses\/","title":{"rendered":"El PSOE denuncia el abandono absoluto de los parques y zonas p\u00fablicas de Ponferrada: bancos rotos, vandalizados, sin mantenimiento y vallas olvidadas durante meses"},"content":{"rendered":"\n<p>El Grupo Municipal Socialista denuncia el estado de abandono generalizado que sufren sobre todo los parques de Ponferrada, una situaci\u00f3n que se ha convertido en la t\u00f3nica habitual tras m\u00e1s de dos a\u00f1os y medio de gesti\u00f3n del actual equipo de gobierno.<\/p>\n\n\n\n<p>Algunos vecinos nos han hecho llegar im\u00e1genes del estado de los bancos tanto del Parque de El Plant\u00edo, como el de La Concordia o el de Flores del Sil y se pueden ver bancos destrozados y vandalizados, con tablones deteriorados, astillados y un estado que hacen que sea dif\u00edcil de sentarse. A ello se suma la presencia de vallas de obra colocadas hace meses, rodeando agujeros o intervenciones sin finalizar, sin ning\u00fan tipo de explicaci\u00f3n, convirti\u00e9ndose en obst\u00e1culos permanentes.<\/p>\n\n\n\n<p>La falta de mantenimiento es tan evidente que incluso la vegetaci\u00f3n y las hojas se acumulan durante semanas sin que se act\u00fae, mientras que papeleras inexistentes o rotas obligan a los ciudadanos a convivir con espacios cada vez m\u00e1s degradados.<\/p>\n\n\n\n<p>Resulta incomprensible que el Ayuntamiento afirme estar \u201ccuidando la ciudad\u201d mientras las zonas p\u00fablicas muestran un abandono tan evidente. No hablamos de casos aislados, sino de una situaci\u00f3n repetida en barrios, avenidas, plazas y parques, donde el deterioro avanza a la vista de todos sin que nadie del equipo de gobierno act\u00fae.<\/p>\n\n\n\n<p>Desde el grupo socialista pedimos que esa supuesta brigada de parques y jardines que ya no est\u00e1n actuando sobre los juegos infantiles, a juzgar por su estado, act\u00fae al menos en los bancos y en el mobiliario urbano y pongan en marcha un plan de mantenimiento, reparaci\u00f3n y sustituci\u00f3n del mobiliario urbano deteriorado. Mucha inversi\u00f3n en felicidad pero las personas, sobre todo las mayores, que siguen saliendo al parque tienen muy dif\u00edcil encontrar un banco en el que poder sentarse. Las im\u00e1genes lo demuestran, \u00a0Ponferrada est\u00e1 cada vez m\u00e1s abandonada.<\/p>\n\n\n\n<figure class=\"wp-block-gallery has-nested-images columns-default is-cropped wp-block-gallery-1 is-layout-flex wp-block-gallery-is-layout-flex\">\n<figure class=\"wp-block-image size-large\"><img loading=\"lazy\" decoding=\"async\" width=\"1024\" height=\"473\" data-id=\"1332\" src=\"https:\/\/agrupacionespsoe.es\/ponferrada\/wp-content\/uploads\/sites\/36\/2025\/11\/WhatsApp-Image-2025-11-24-at-09.50.11-1-1024x473.jpeg\" alt=\"\" class=\"wp-image-1332\" srcset=\"https:\/\/agrupacionespsoe.es\/ponferrada\/wp-content\/uploads\/sites\/36\/2025\/11\/WhatsApp-Image-2025-11-24-at-09.50.11-1-1024x473.jpeg 1024w, https:\/\/agrupacionespsoe.es\/ponferrada\/wp-content\/uploads\/sites\/36\/2025\/11\/WhatsApp-Image-2025-11-24-at-09.50.11-1-300x138.jpeg 300w, https:\/\/agrupacionespsoe.es\/ponferrada\/wp-content\/uploads\/sites\/36\/2025\/11\/WhatsApp-Image-2025-11-24-at-09.50.11-1-768x354.jpeg 768w, https:\/\/agrupacionespsoe.es\/ponferrada\/wp-content\/uploads\/sites\/36\/2025\/11\/WhatsApp-Image-2025-11-24-at-09.50.11-1-1536x709.jpeg 1536w, https:\/\/agrupacionespsoe.es\/ponferrada\/wp-content\/uploads\/sites\/36\/2025\/11\/WhatsApp-Image-2025-11-24-at-09.50.11-1.jpeg 1976w\" sizes=\"auto, (max-width: 1024px) 100vw, 1024px\" \/><\/figure>\n\n\n\n<figure class=\"wp-block-image size-large\"><img loading=\"lazy\" decoding=\"async\" width=\"1024\" height=\"473\" data-id=\"1334\" src=\"https:\/\/agrupacionespsoe.es\/ponferrada\/wp-content\/uploads\/sites\/36\/2025\/11\/WhatsApp-Image-2025-11-24-at-09.50.11-2-1024x473.jpeg\" alt=\"\" class=\"wp-image-1334\" srcset=\"https:\/\/agrupacionespsoe.es\/ponferrada\/wp-content\/uploads\/sites\/36\/2025\/11\/WhatsApp-Image-2025-11-24-at-09.50.11-2-1024x473.jpeg 1024w, https:\/\/agrupacionespsoe.es\/ponferrada\/wp-content\/uploads\/sites\/36\/2025\/11\/WhatsApp-Image-2025-11-24-at-09.50.11-2-300x138.jpeg 300w, https:\/\/agrupacionespsoe.es\/ponferrada\/wp-content\/uploads\/sites\/36\/2025\/11\/WhatsApp-Image-2025-11-24-at-09.50.11-2-768x354.jpeg 768w, https:\/\/agrupacionespsoe.es\/ponferrada\/wp-content\/uploads\/sites\/36\/2025\/11\/WhatsApp-Image-2025-11-24-at-09.50.11-2-1536x709.jpeg 1536w, https:\/\/agrupacionespsoe.es\/ponferrada\/wp-content\/uploads\/sites\/36\/2025\/11\/WhatsApp-Image-2025-11-24-at-09.50.11-2.jpeg 1976w\" sizes=\"auto, (max-width: 1024px) 100vw, 1024px\" \/><\/figure>\n\n\n\n<figure class=\"wp-block-image size-large\"><img loading=\"lazy\" decoding=\"async\" width=\"1024\" height=\"473\" data-id=\"1335\" src=\"https:\/\/agrupacionespsoe.es\/ponferrada\/wp-content\/uploads\/sites\/36\/2025\/11\/WhatsApp-Image-2025-11-24-at-09.50.11-3-1024x473.jpeg\" alt=\"\" class=\"wp-image-1335\" srcset=\"https:\/\/agrupacionespsoe.es\/ponferrada\/wp-content\/uploads\/sites\/36\/2025\/11\/WhatsApp-Image-2025-11-24-at-09.50.11-3-1024x473.jpeg 1024w, https:\/\/agrupacionespsoe.es\/ponferrada\/wp-content\/uploads\/sites\/36\/2025\/11\/WhatsApp-Image-2025-11-24-at-09.50.11-3-300x138.jpeg 300w, https:\/\/agrupacionespsoe.es\/ponferrada\/wp-content\/uploads\/sites\/36\/2025\/11\/WhatsApp-Image-2025-11-24-at-09.50.11-3-768x354.jpeg 768w, https:\/\/agrupacionespsoe.es\/ponferrada\/wp-content\/uploads\/sites\/36\/2025\/11\/WhatsApp-Image-2025-11-24-at-09.50.11-3-1536x709.jpeg 1536w, https:\/\/agrupacionespsoe.es\/ponferrada\/wp-content\/uploads\/sites\/36\/2025\/11\/WhatsApp-Image-2025-11-24-at-09.50.11-3.jpeg 1976w\" sizes=\"auto, (max-width: 1024px) 100vw, 1024px\" \/><\/figure>\n\n\n\n<figure class=\"wp-block-image size-large\"><img loading=\"lazy\" decoding=\"async\" width=\"1024\" height=\"473\" data-id=\"1333\" src=\"https:\/\/agrupacionespsoe.es\/ponferrada\/wp-content\/uploads\/sites\/36\/2025\/11\/WhatsApp-Image-2025-11-24-at-09.50.11-4-1024x473.jpeg\" alt=\"\" class=\"wp-image-1333\" srcset=\"https:\/\/agrupacionespsoe.es\/ponferrada\/wp-content\/uploads\/sites\/36\/2025\/11\/WhatsApp-Image-2025-11-24-at-09.50.11-4-1024x473.jpeg 1024w, https:\/\/agrupacionespsoe.es\/ponferrada\/wp-content\/uploads\/sites\/36\/2025\/11\/WhatsApp-Image-2025-11-24-at-09.50.11-4-300x138.jpeg 300w, https:\/\/agrupacionespsoe.es\/ponferrada\/wp-content\/uploads\/sites\/36\/2025\/11\/WhatsApp-Image-2025-11-24-at-09.50.11-4-768x354.jpeg 768w, https:\/\/agrupacionespsoe.es\/ponferrada\/wp-content\/uploads\/sites\/36\/2025\/11\/WhatsApp-Image-2025-11-24-at-09.50.11-4-1536x709.jpeg 1536w, https:\/\/agrupacionespsoe.es\/ponferrada\/wp-content\/uploads\/sites\/36\/2025\/11\/WhatsApp-Image-2025-11-24-at-09.50.11-4.jpeg 1976w\" sizes=\"auto, (max-width: 1024px) 100vw, 1024px\" \/><\/figure>\n\n\n\n<figure class=\"wp-block-image size-large\"><img loading=\"lazy\" decoding=\"async\" width=\"1024\" height=\"473\" data-id=\"1336\" src=\"https:\/\/agrupacionespsoe.es\/ponferrada\/wp-content\/uploads\/sites\/36\/2025\/11\/WhatsApp-Image-2025-11-24-at-09.50.11-1024x473.jpeg\" alt=\"\" class=\"wp-image-1336\" srcset=\"https:\/\/agrupacionespsoe.es\/ponferrada\/wp-content\/uploads\/sites\/36\/2025\/11\/WhatsApp-Image-2025-11-24-at-09.50.11-1024x473.jpeg 1024w, https:\/\/agrupacionespsoe.es\/ponferrada\/wp-content\/uploads\/sites\/36\/2025\/11\/WhatsApp-Image-2025-11-24-at-09.50.11-300x138.jpeg 300w, https:\/\/agrupacionespsoe.es\/ponferrada\/wp-content\/uploads\/sites\/36\/2025\/11\/WhatsApp-Image-2025-11-24-at-09.50.11-768x354.jpeg 768w, https:\/\/agrupacionespsoe.es\/ponferrada\/wp-content\/uploads\/sites\/36\/2025\/11\/WhatsApp-Image-2025-11-24-at-09.50.11-1536x709.jpeg 1536w, https:\/\/agrupacionespsoe.es\/ponferrada\/wp-content\/uploads\/sites\/36\/2025\/11\/WhatsApp-Image-2025-11-24-at-09.50.11.jpeg 1976w\" sizes=\"auto, (max-width: 1024px) 100vw, 1024px\" \/><\/figure>\n\n\n\n<figure class=\"wp-block-image size-large\"><img loading=\"lazy\" decoding=\"async\" width=\"1024\" height=\"473\" data-id=\"1339\" src=\"https:\/\/agrupacionespsoe.es\/ponferrada\/wp-content\/uploads\/sites\/36\/2025\/11\/WhatsApp-Image-2025-11-24-at-09.50.12-1-1024x473.jpeg\" alt=\"\" class=\"wp-image-1339\" srcset=\"https:\/\/agrupacionespsoe.es\/ponferrada\/wp-content\/uploads\/sites\/36\/2025\/11\/WhatsApp-Image-2025-11-24-at-09.50.12-1-1024x473.jpeg 1024w, https:\/\/agrupacionespsoe.es\/ponferrada\/wp-content\/uploads\/sites\/36\/2025\/11\/WhatsApp-Image-2025-11-24-at-09.50.12-1-300x138.jpeg 300w, https:\/\/agrupacionespsoe.es\/ponferrada\/wp-content\/uploads\/sites\/36\/2025\/11\/WhatsApp-Image-2025-11-24-at-09.50.12-1-768x354.jpeg 768w, https:\/\/agrupacionespsoe.es\/ponferrada\/wp-content\/uploads\/sites\/36\/2025\/11\/WhatsApp-Image-2025-11-24-at-09.50.12-1-1536x709.jpeg 1536w, https:\/\/agrupacionespsoe.es\/ponferrada\/wp-content\/uploads\/sites\/36\/2025\/11\/WhatsApp-Image-2025-11-24-at-09.50.12-1.jpeg 1976w\" sizes=\"auto, (max-width: 1024px) 100vw, 1024px\" \/><\/figure>\n\n\n\n<figure class=\"wp-block-image size-large\"><img loading=\"lazy\" decoding=\"async\" width=\"1024\" height=\"473\" data-id=\"1337\" src=\"https:\/\/agrupacionespsoe.es\/ponferrada\/wp-content\/uploads\/sites\/36\/2025\/11\/WhatsApp-Image-2025-11-24-at-09.50.12-2-1024x473.jpeg\" alt=\"\" class=\"wp-image-1337\" srcset=\"https:\/\/agrupacionespsoe.es\/ponferrada\/wp-content\/uploads\/sites\/36\/2025\/11\/WhatsApp-Image-2025-11-24-at-09.50.12-2-1024x473.jpeg 1024w, https:\/\/agrupacionespsoe.es\/ponferrada\/wp-content\/uploads\/sites\/36\/2025\/11\/WhatsApp-Image-2025-11-24-at-09.50.12-2-300x138.jpeg 300w, https:\/\/agrupacionespsoe.es\/ponferrada\/wp-content\/uploads\/sites\/36\/2025\/11\/WhatsApp-Image-2025-11-24-at-09.50.12-2-768x354.jpeg 768w, https:\/\/agrupacionespsoe.es\/ponferrada\/wp-content\/uploads\/sites\/36\/2025\/11\/WhatsApp-Image-2025-11-24-at-09.50.12-2-1536x709.jpeg 1536w, https:\/\/agrupacionespsoe.es\/ponferrada\/wp-content\/uploads\/sites\/36\/2025\/11\/WhatsApp-Image-2025-11-24-at-09.50.12-2.jpeg 1976w\" sizes=\"auto, (max-width: 1024px) 100vw, 1024px\" \/><\/figure>\n\n\n\n<figure class=\"wp-block-image size-large\"><img loading=\"lazy\" decoding=\"async\" width=\"1024\" height=\"473\" data-id=\"1338\" src=\"https:\/\/agrupacionespsoe.es\/ponferrada\/wp-content\/uploads\/sites\/36\/2025\/11\/WhatsApp-Image-2025-11-24-at-09.50.12-3-1024x473.jpeg\" alt=\"\" class=\"wp-image-1338\" srcset=\"https:\/\/agrupacionespsoe.es\/ponferrada\/wp-content\/uploads\/sites\/36\/2025\/11\/WhatsApp-Image-2025-11-24-at-09.50.12-3-1024x473.jpeg 1024w, https:\/\/agrupacionespsoe.es\/ponferrada\/wp-content\/uploads\/sites\/36\/2025\/11\/WhatsApp-Image-2025-11-24-at-09.50.12-3-300x138.jpeg 300w, https:\/\/agrupacionespsoe.es\/ponferrada\/wp-content\/uploads\/sites\/36\/2025\/11\/WhatsApp-Image-2025-11-24-at-09.50.12-3-768x354.jpeg 768w, https:\/\/agrupacionespsoe.es\/ponferrada\/wp-content\/uploads\/sites\/36\/2025\/11\/WhatsApp-Image-2025-11-24-at-09.50.12-3-1536x709.jpeg 1536w, https:\/\/agrupacionespsoe.es\/ponferrada\/wp-content\/uploads\/sites\/36\/2025\/11\/WhatsApp-Image-2025-11-24-at-09.50.12-3.jpeg 1976w\" sizes=\"auto, (max-width: 1024px) 100vw, 1024px\" \/><\/figure>\n\n\n\n<figure class=\"wp-block-image size-large\"><img loading=\"lazy\" decoding=\"async\" width=\"1024\" height=\"473\" data-id=\"1340\" src=\"https:\/\/agrupacionespsoe.es\/ponferrada\/wp-content\/uploads\/sites\/36\/2025\/11\/WhatsApp-Image-2025-11-24-at-09.50.12-4-1024x473.jpeg\" alt=\"\" class=\"wp-image-1340\" srcset=\"https:\/\/agrupacionespsoe.es\/ponferrada\/wp-content\/uploads\/sites\/36\/2025\/11\/WhatsApp-Image-2025-11-24-at-09.50.12-4-1024x473.jpeg 1024w, https:\/\/agrupacionespsoe.es\/ponferrada\/wp-content\/uploads\/sites\/36\/2025\/11\/WhatsApp-Image-2025-11-24-at-09.50.12-4-300x138.jpeg 300w, https:\/\/agrupacionespsoe.es\/ponferrada\/wp-content\/uploads\/sites\/36\/2025\/11\/WhatsApp-Image-2025-11-24-at-09.50.12-4-768x354.jpeg 768w, https:\/\/agrupacionespsoe.es\/ponferrada\/wp-content\/uploads\/sites\/36\/2025\/11\/WhatsApp-Image-2025-11-24-at-09.50.12-4-1536x709.jpeg 1536w, https:\/\/agrupacionespsoe.es\/ponferrada\/wp-content\/uploads\/sites\/36\/2025\/11\/WhatsApp-Image-2025-11-24-at-09.50.12-4.jpeg 1976w\" sizes=\"auto, (max-width: 1024px) 100vw, 1024px\" \/><\/figure>\n\n\n\n<figure class=\"wp-block-image size-large\"><img loading=\"lazy\" decoding=\"async\" width=\"1024\" height=\"473\" data-id=\"1341\" src=\"https:\/\/agrupacionespsoe.es\/ponferrada\/wp-content\/uploads\/sites\/36\/2025\/11\/WhatsApp-Image-2025-11-24-at-09.50.12-1024x473.jpeg\" alt=\"\" class=\"wp-image-1341\" srcset=\"https:\/\/agrupacionespsoe.es\/ponferrada\/wp-content\/uploads\/sites\/36\/2025\/11\/WhatsApp-Image-2025-11-24-at-09.50.12-1024x473.jpeg 1024w, https:\/\/agrupacionespsoe.es\/ponferrada\/wp-content\/uploads\/sites\/36\/2025\/11\/WhatsApp-Image-2025-11-24-at-09.50.12-300x138.jpeg 300w, https:\/\/agrupacionespsoe.es\/ponferrada\/wp-content\/uploads\/sites\/36\/2025\/11\/WhatsApp-Image-2025-11-24-at-09.50.12-768x354.jpeg 768w, https:\/\/agrupacionespsoe.es\/ponferrada\/wp-content\/uploads\/sites\/36\/2025\/11\/WhatsApp-Image-2025-11-24-at-09.50.12-1536x709.jpeg 1536w, https:\/\/agrupacionespsoe.es\/ponferrada\/wp-content\/uploads\/sites\/36\/2025\/11\/WhatsApp-Image-2025-11-24-at-09.50.12.jpeg 1976w\" sizes=\"auto, (max-width: 1024px) 100vw, 1024px\" \/><\/figure>\n\n\n\n<figure class=\"wp-block-image size-large\"><img loading=\"lazy\" decoding=\"async\" width=\"1024\" height=\"473\" data-id=\"1342\" src=\"https:\/\/agrupacionespsoe.es\/ponferrada\/wp-content\/uploads\/sites\/36\/2025\/11\/WhatsApp-Image-2025-11-24-at-09.50.13-1024x473.jpeg\" alt=\"\" class=\"wp-image-1342\" srcset=\"https:\/\/agrupacionespsoe.es\/ponferrada\/wp-content\/uploads\/sites\/36\/2025\/11\/WhatsApp-Image-2025-11-24-at-09.50.13-1024x473.jpeg 1024w, https:\/\/agrupacionespsoe.es\/ponferrada\/wp-content\/uploads\/sites\/36\/2025\/11\/WhatsApp-Image-2025-11-24-at-09.50.13-300x138.jpeg 300w, https:\/\/agrupacionespsoe.es\/ponferrada\/wp-content\/uploads\/sites\/36\/2025\/11\/WhatsApp-Image-2025-11-24-at-09.50.13-768x354.jpeg 768w, https:\/\/agrupacionespsoe.es\/ponferrada\/wp-content\/uploads\/sites\/36\/2025\/11\/WhatsApp-Image-2025-11-24-at-09.50.13-1536x709.jpeg 1536w, https:\/\/agrupacionespsoe.es\/ponferrada\/wp-content\/uploads\/sites\/36\/2025\/11\/WhatsApp-Image-2025-11-24-at-09.50.13.jpeg 1976w\" sizes=\"auto, (max-width: 1024px) 100vw, 1024px\" \/><\/figure>\n<\/figure>\n","protected":false},"excerpt":{"rendered":"<p>El Grupo Municipal Socialista denuncia el estado de abandono generalizado que sufren sobre todo los parques de Ponferrada, una situaci\u00f3n que se ha convertido en la t\u00f3nica habitual tras m\u00e1s de dos a\u00f1os y medio de gesti\u00f3n del actual equipo de gobierno. Algunos vecinos nos han hecho llegar im\u00e1genes del estado de los bancos tanto &#8230;<\/p>\n","protected":false},"author":32,"featured_media":1343,"comment_status":"open","ping_status":"open","sticky":false,"template":"","format":"standard","meta":{"_jetpack_memberships_contains_paid_content":false,"footnotes":""},"categories":[6],"tags":[],"class_list":["post-1331","post","type-post","status-publish","format-standard","has-post-thumbnail","hentry","category-actualidad"],"yoast_head":"<!-- This site is optimized with the Yoast SEO plugin v24.0 - https:\/\/yoast.com\/wordpress\/plugins\/seo\/ -->\n<title>El PSOE denuncia el abandono absoluto de los parques y zonas p\u00fablicas de Ponferrada: bancos rotos, vandalizados, sin mantenimiento y vallas olvidadas durante meses - Agrupaci\u00f3n Socialista de Ponferrada<\/title>\n<meta name=\"robots\" content=\"index, follow, max-snippet:-1, max-image-preview:large, max-video-preview:-1\" \/>\n<link rel=\"canonical\" href=\"https:\/\/agrupacionespsoe.es\/ponferrada\/el-psoe-denuncia-el-abandono-absoluto-de-los-parques-y-zonas-publicas-de-ponferrada-bancos-rotos-vandalizados-sin-mantenimiento-y-vallas-olvidadas-durante-meses\/\" \/>\n<meta property=\"og:locale\" content=\"es_ES\" \/>\n<meta property=\"og:type\" content=\"article\" \/>\n<meta property=\"og:title\" content=\"El PSOE denuncia el abandono absoluto de los parques y zonas p\u00fablicas de Ponferrada: bancos rotos, vandalizados, sin mantenimiento y vallas olvidadas durante meses - Agrupaci\u00f3n Socialista de Ponferrada\" \/>\n<meta property=\"og:description\" content=\"El Grupo Municipal Socialista denuncia el estado de abandono generalizado que sufren sobre todo los parques de Ponferrada, una situaci\u00f3n que se ha convertido en la t\u00f3nica habitual tras m\u00e1s de dos a\u00f1os y medio de gesti\u00f3n del actual equipo de gobierno. Algunos vecinos nos han hecho llegar im\u00e1genes del estado de los bancos tanto ...\" \/>\n<meta property=\"og:url\" content=\"https:\/\/agrupacionespsoe.es\/ponferrada\/el-psoe-denuncia-el-abandono-absoluto-de-los-parques-y-zonas-publicas-de-ponferrada-bancos-rotos-vandalizados-sin-mantenimiento-y-vallas-olvidadas-durante-meses\/\" \/>\n<meta property=\"og:site_name\" content=\"Agrupaci\u00f3n Socialista de Ponferrada\" \/>\n<meta property=\"article:published_time\" content=\"2025-11-24T16:01:16+00:00\" \/>\n<meta property=\"article:modified_time\" content=\"2025-11-26T10:28:33+00:00\" \/>\n<meta property=\"og:image\" content=\"https:\/\/agrupacionespsoe.es\/ponferrada\/wp-content\/uploads\/sites\/36\/2025\/11\/WhatsApp-Image-2025-11-24-at-10.47.15.jpeg\" \/>\n\t<meta property=\"og:image:width\" content=\"2048\" \/>\n\t<meta property=\"og:image:height\" content=\"1537\" \/>\n\t<meta property=\"og:image:type\" content=\"image\/jpeg\" \/>\n<meta name=\"author\" content=\"ponferrada2\" \/>\n<meta name=\"twitter:card\" content=\"summary_large_image\" \/>\n<meta name=\"twitter:label1\" content=\"Escrito por\" \/>\n\t<meta name=\"twitter:data1\" content=\"ponferrada2\" \/>\n\t<meta name=\"twitter:label2\" content=\"Tiempo de lectura\" \/>\n\t<meta name=\"twitter:data2\" content=\"4 minutos\" \/>\n<script type=\"application\/ld+json\" class=\"yoast-schema-graph\">{\"@context\":\"https:\/\/schema.org\",\"@graph\":[{\"@type\":\"Article\",\"@id\":\"https:\/\/agrupacionespsoe.es\/ponferrada\/el-psoe-denuncia-el-abandono-absoluto-de-los-parques-y-zonas-publicas-de-ponferrada-bancos-rotos-vandalizados-sin-mantenimiento-y-vallas-olvidadas-durante-meses\/#article\",\"isPartOf\":{\"@id\":\"https:\/\/agrupacionespsoe.es\/ponferrada\/el-psoe-denuncia-el-abandono-absoluto-de-los-parques-y-zonas-publicas-de-ponferrada-bancos-rotos-vandalizados-sin-mantenimiento-y-vallas-olvidadas-durante-meses\/\"},\"author\":{\"name\":\"ponferrada2\",\"@id\":\"https:\/\/agrupacionespsoe.es\/ponferrada\/#\/schema\/person\/cd29ee627f3b70c05d415f02596debaa\"},\"headline\":\"El PSOE denuncia el abandono absoluto de los parques y zonas p\u00fablicas de Ponferrada: bancos rotos, vandalizados, sin mantenimiento y vallas olvidadas durante meses\",\"datePublished\":\"2025-11-24T16:01:16+00:00\",\"dateModified\":\"2025-11-26T10:28:33+00:00\",\"mainEntityOfPage\":{\"@id\":\"https:\/\/agrupacionespsoe.es\/ponferrada\/el-psoe-denuncia-el-abandono-absoluto-de-los-parques-y-zonas-publicas-de-ponferrada-bancos-rotos-vandalizados-sin-mantenimiento-y-vallas-olvidadas-durante-meses\/\"},\"wordCount\":354,\"commentCount\":0,\"publisher\":{\"@id\":\"https:\/\/agrupacionespsoe.es\/ponferrada\/#organization\"},\"image\":{\"@id\":\"https:\/\/agrupacionespsoe.es\/ponferrada\/el-psoe-denuncia-el-abandono-absoluto-de-los-parques-y-zonas-publicas-de-ponferrada-bancos-rotos-vandalizados-sin-mantenimiento-y-vallas-olvidadas-durante-meses\/#primaryimage\"},\"thumbnailUrl\":\"https:\/\/agrupacionespsoe.es\/ponferrada\/wp-content\/uploads\/sites\/36\/2025\/11\/WhatsApp-Image-2025-11-24-at-10.47.15.jpeg\",\"articleSection\":[\"ACTUALIDAD\"],\"inLanguage\":\"es\",\"potentialAction\":[{\"@type\":\"CommentAction\",\"name\":\"Comment\",\"target\":[\"https:\/\/agrupacionespsoe.es\/ponferrada\/el-psoe-denuncia-el-abandono-absoluto-de-los-parques-y-zonas-publicas-de-ponferrada-bancos-rotos-vandalizados-sin-mantenimiento-y-vallas-olvidadas-durante-meses\/#respond\"]}]},{\"@type\":\"WebPage\",\"@id\":\"https:\/\/agrupacionespsoe.es\/ponferrada\/el-psoe-denuncia-el-abandono-absoluto-de-los-parques-y-zonas-publicas-de-ponferrada-bancos-rotos-vandalizados-sin-mantenimiento-y-vallas-olvidadas-durante-meses\/\",\"url\":\"https:\/\/agrupacionespsoe.es\/ponferrada\/el-psoe-denuncia-el-abandono-absoluto-de-los-parques-y-zonas-publicas-de-ponferrada-bancos-rotos-vandalizados-sin-mantenimiento-y-vallas-olvidadas-durante-meses\/\",\"name\":\"El PSOE denuncia el abandono absoluto de los parques y zonas p\u00fablicas de Ponferrada: bancos rotos, vandalizados, sin mantenimiento y vallas olvidadas durante meses - Agrupaci\u00f3n Socialista de Ponferrada\",\"isPartOf\":{\"@id\":\"https:\/\/agrupacionespsoe.es\/ponferrada\/#website\"},\"primaryImageOfPage\":{\"@id\":\"https:\/\/agrupacionespsoe.es\/ponferrada\/el-psoe-denuncia-el-abandono-absoluto-de-los-parques-y-zonas-publicas-de-ponferrada-bancos-rotos-vandalizados-sin-mantenimiento-y-vallas-olvidadas-durante-meses\/#primaryimage\"},\"image\":{\"@id\":\"https:\/\/agrupacionespsoe.es\/ponferrada\/el-psoe-denuncia-el-abandono-absoluto-de-los-parques-y-zonas-publicas-de-ponferrada-bancos-rotos-vandalizados-sin-mantenimiento-y-vallas-olvidadas-durante-meses\/#primaryimage\"},\"thumbnailUrl\":\"https:\/\/agrupacionespsoe.es\/ponferrada\/wp-content\/uploads\/sites\/36\/2025\/11\/WhatsApp-Image-2025-11-24-at-10.47.15.jpeg\",\"datePublished\":\"2025-11-24T16:01:16+00:00\",\"dateModified\":\"2025-11-26T10:28:33+00:00\",\"breadcrumb\":{\"@id\":\"https:\/\/agrupacionespsoe.es\/ponferrada\/el-psoe-denuncia-el-abandono-absoluto-de-los-parques-y-zonas-publicas-de-ponferrada-bancos-rotos-vandalizados-sin-mantenimiento-y-vallas-olvidadas-durante-meses\/#breadcrumb\"},\"inLanguage\":\"es\",\"potentialAction\":[{\"@type\":\"ReadAction\",\"target\":[\"https:\/\/agrupacionespsoe.es\/ponferrada\/el-psoe-denuncia-el-abandono-absoluto-de-los-parques-y-zonas-publicas-de-ponferrada-bancos-rotos-vandalizados-sin-mantenimiento-y-vallas-olvidadas-durante-meses\/\"]}]},{\"@type\":\"ImageObject\",\"inLanguage\":\"es\",\"@id\":\"https:\/\/agrupacionespsoe.es\/ponferrada\/el-psoe-denuncia-el-abandono-absoluto-de-los-parques-y-zonas-publicas-de-ponferrada-bancos-rotos-vandalizados-sin-mantenimiento-y-vallas-olvidadas-durante-meses\/#primaryimage\",\"url\":\"https:\/\/agrupacionespsoe.es\/ponferrada\/wp-content\/uploads\/sites\/36\/2025\/11\/WhatsApp-Image-2025-11-24-at-10.47.15.jpeg\",\"contentUrl\":\"https:\/\/agrupacionespsoe.es\/ponferrada\/wp-content\/uploads\/sites\/36\/2025\/11\/WhatsApp-Image-2025-11-24-at-10.47.15.jpeg\",\"width\":2048,\"height\":1537},{\"@type\":\"BreadcrumbList\",\"@id\":\"https:\/\/agrupacionespsoe.es\/ponferrada\/el-psoe-denuncia-el-abandono-absoluto-de-los-parques-y-zonas-publicas-de-ponferrada-bancos-rotos-vandalizados-sin-mantenimiento-y-vallas-olvidadas-durante-meses\/#breadcrumb\",\"itemListElement\":[{\"@type\":\"ListItem\",\"position\":1,\"name\":\"Portada\",\"item\":\"https:\/\/agrupacionespsoe.es\/ponferrada\/\"},{\"@type\":\"ListItem\",\"position\":2,\"name\":\"El PSOE denuncia el abandono absoluto de los parques y zonas p\u00fablicas de Ponferrada: bancos rotos, vandalizados, sin mantenimiento y vallas olvidadas durante meses\"}]},{\"@type\":\"WebSite\",\"@id\":\"https:\/\/agrupacionespsoe.es\/ponferrada\/#website\",\"url\":\"https:\/\/agrupacionespsoe.es\/ponferrada\/\",\"name\":\"Agrupaci\u00f3n Socialista de Ponferrada\",\"description\":\"Agrupaci\u00f3n Socialista de Ponferrada\",\"publisher\":{\"@id\":\"https:\/\/agrupacionespsoe.es\/ponferrada\/#organization\"},\"potentialAction\":[{\"@type\":\"SearchAction\",\"target\":{\"@type\":\"EntryPoint\",\"urlTemplate\":\"https:\/\/agrupacionespsoe.es\/ponferrada\/?s={search_term_string}\"},\"query-input\":{\"@type\":\"PropertyValueSpecification\",\"valueRequired\":true,\"valueName\":\"search_term_string\"}}],\"inLanguage\":\"es\"},{\"@type\":\"Organization\",\"@id\":\"https:\/\/agrupacionespsoe.es\/ponferrada\/#organization\",\"name\":\"Agrupaci\u00f3n Socialista de Ponferrada\",\"url\":\"https:\/\/agrupacionespsoe.es\/ponferrada\/\",\"logo\":{\"@type\":\"ImageObject\",\"inLanguage\":\"es\",\"@id\":\"https:\/\/agrupacionespsoe.es\/ponferrada\/#\/schema\/logo\/image\/\",\"url\":\"https:\/\/agrupacionespsoe.es\/wp-content\/uploads\/2022\/07\/Logotipo_electoral_del_PSOE.png\",\"contentUrl\":\"https:\/\/agrupacionespsoe.es\/wp-content\/uploads\/2022\/07\/Logotipo_electoral_del_PSOE.png\",\"width\":422,\"height\":422,\"caption\":\"Agrupaci\u00f3n Socialista de Ponferrada\"},\"image\":{\"@id\":\"https:\/\/agrupacionespsoe.es\/ponferrada\/#\/schema\/logo\/image\/\"}},{\"@type\":\"Person\",\"@id\":\"https:\/\/agrupacionespsoe.es\/ponferrada\/#\/schema\/person\/cd29ee627f3b70c05d415f02596debaa\",\"name\":\"ponferrada2\",\"image\":{\"@type\":\"ImageObject\",\"inLanguage\":\"es\",\"@id\":\"https:\/\/agrupacionespsoe.es\/ponferrada\/#\/schema\/person\/image\/\",\"url\":\"https:\/\/secure.gravatar.com\/avatar\/f499eeb60144c664cf7b7edf75549b50?s=96&d=mm&r=g\",\"contentUrl\":\"https:\/\/secure.gravatar.com\/avatar\/f499eeb60144c664cf7b7edf75549b50?s=96&d=mm&r=g\",\"caption\":\"ponferrada2\"},\"url\":\"https:\/\/agrupacionespsoe.es\/ponferrada\/author\/ponferrada2\/\"}]}<\/script>\n<!-- \/ Yoast SEO plugin. -->","yoast_head_json":{"title":"El PSOE denuncia el abandono absoluto de los parques y zonas p\u00fablicas de Ponferrada: bancos rotos, vandalizados, sin mantenimiento y vallas olvidadas durante meses - Agrupaci\u00f3n Socialista de Ponferrada","robots":{"index":"index","follow":"follow","max-snippet":"max-snippet:-1","max-image-preview":"max-image-preview:large","max-video-preview":"max-video-preview:-1"},"canonical":"https:\/\/agrupacionespsoe.es\/ponferrada\/el-psoe-denuncia-el-abandono-absoluto-de-los-parques-y-zonas-publicas-de-ponferrada-bancos-rotos-vandalizados-sin-mantenimiento-y-vallas-olvidadas-durante-meses\/","og_locale":"es_ES","og_type":"article","og_title":"El PSOE denuncia el abandono absoluto de los parques y zonas p\u00fablicas de Ponferrada: bancos rotos, vandalizados, sin mantenimiento y vallas olvidadas durante meses - Agrupaci\u00f3n Socialista de Ponferrada","og_description":"El Grupo Municipal Socialista denuncia el estado de abandono generalizado que sufren sobre todo los parques de Ponferrada, una situaci\u00f3n que se ha convertido en la t\u00f3nica habitual tras m\u00e1s de dos a\u00f1os y medio de gesti\u00f3n del actual equipo de gobierno. Algunos vecinos nos han hecho llegar im\u00e1genes del estado de los bancos tanto ...","og_url":"https:\/\/agrupacionespsoe.es\/ponferrada\/el-psoe-denuncia-el-abandono-absoluto-de-los-parques-y-zonas-publicas-de-ponferrada-bancos-rotos-vandalizados-sin-mantenimiento-y-vallas-olvidadas-durante-meses\/","og_site_name":"Agrupaci\u00f3n Socialista de Ponferrada","article_published_time":"2025-11-24T16:01:16+00:00","article_modified_time":"2025-11-26T10:28:33+00:00","og_image":[{"width":2048,"height":1537,"url":"https:\/\/agrupacionespsoe.es\/ponferrada\/wp-content\/uploads\/sites\/36\/2025\/11\/WhatsApp-Image-2025-11-24-at-10.47.15.jpeg","type":"image\/jpeg"}],"author":"ponferrada2","twitter_card":"summary_large_image","twitter_misc":{"Escrito por":"ponferrada2","Tiempo de lectura":"4 minutos"},"schema":{"@context":"https:\/\/schema.org","@graph":[{"@type":"Article","@id":"https:\/\/agrupacionespsoe.es\/ponferrada\/el-psoe-denuncia-el-abandono-absoluto-de-los-parques-y-zonas-publicas-de-ponferrada-bancos-rotos-vandalizados-sin-mantenimiento-y-vallas-olvidadas-durante-meses\/#article","isPartOf":{"@id":"https:\/\/agrupacionespsoe.es\/ponferrada\/el-psoe-denuncia-el-abandono-absoluto-de-los-parques-y-zonas-publicas-de-ponferrada-bancos-rotos-vandalizados-sin-mantenimiento-y-vallas-olvidadas-durante-meses\/"},"author":{"name":"ponferrada2","@id":"https:\/\/agrupacionespsoe.es\/ponferrada\/#\/schema\/person\/cd29ee627f3b70c05d415f02596debaa"},"headline":"El PSOE denuncia el abandono absoluto de los parques y zonas p\u00fablicas de Ponferrada: bancos rotos, vandalizados, sin mantenimiento y vallas olvidadas durante meses","datePublished":"2025-11-24T16:01:16+00:00","dateModified":"2025-11-26T10:28:33+00:00","mainEntityOfPage":{"@id":"https:\/\/agrupacionespsoe.es\/ponferrada\/el-psoe-denuncia-el-abandono-absoluto-de-los-parques-y-zonas-publicas-de-ponferrada-bancos-rotos-vandalizados-sin-mantenimiento-y-vallas-olvidadas-durante-meses\/"},"wordCount":354,"commentCount":0,"publisher":{"@id":"https:\/\/agrupacionespsoe.es\/ponferrada\/#organization"},"image":{"@id":"https:\/\/agrupacionespsoe.es\/ponferrada\/el-psoe-denuncia-el-abandono-absoluto-de-los-parques-y-zonas-publicas-de-ponferrada-bancos-rotos-vandalizados-sin-mantenimiento-y-vallas-olvidadas-durante-meses\/#primaryimage"},"thumbnailUrl":"https:\/\/agrupacionespsoe.es\/ponferrada\/wp-content\/uploads\/sites\/36\/2025\/11\/WhatsApp-Image-2025-11-24-at-10.47.15.jpeg","articleSection":["ACTUALIDAD"],"inLanguage":"es","potentialAction":[{"@type":"CommentAction","name":"Comment","target":["https:\/\/agrupacionespsoe.es\/ponferrada\/el-psoe-denuncia-el-abandono-absoluto-de-los-parques-y-zonas-publicas-de-ponferrada-bancos-rotos-vandalizados-sin-mantenimiento-y-vallas-olvidadas-durante-meses\/#respond"]}]},{"@type":"WebPage","@id":"https:\/\/agrupacionespsoe.es\/ponferrada\/el-psoe-denuncia-el-abandono-absoluto-de-los-parques-y-zonas-publicas-de-ponferrada-bancos-rotos-vandalizados-sin-mantenimiento-y-vallas-olvidadas-durante-meses\/","url":"https:\/\/agrupacionespsoe.es\/ponferrada\/el-psoe-denuncia-el-abandono-absoluto-de-los-parques-y-zonas-publicas-de-ponferrada-bancos-rotos-vandalizados-sin-mantenimiento-y-vallas-olvidadas-durante-meses\/","name":"El PSOE denuncia el abandono absoluto de los parques y zonas p\u00fablicas de Ponferrada: bancos rotos, vandalizados, sin mantenimiento y vallas olvidadas durante meses - Agrupaci\u00f3n Socialista de Ponferrada","isPartOf":{"@id":"https:\/\/agrupacionespsoe.es\/ponferrada\/#website"},"primaryImageOfPage":{"@id":"https:\/\/agrupacionespsoe.es\/ponferrada\/el-psoe-denuncia-el-abandono-absoluto-de-los-parques-y-zonas-publicas-de-ponferrada-bancos-rotos-vandalizados-sin-mantenimiento-y-vallas-olvidadas-durante-meses\/#primaryimage"},"image":{"@id":"https:\/\/agrupacionespsoe.es\/ponferrada\/el-psoe-denuncia-el-abandono-absoluto-de-los-parques-y-zonas-publicas-de-ponferrada-bancos-rotos-vandalizados-sin-mantenimiento-y-vallas-olvidadas-durante-meses\/#primaryimage"},"thumbnailUrl":"https:\/\/agrupacionespsoe.es\/ponferrada\/wp-content\/uploads\/sites\/36\/2025\/11\/WhatsApp-Image-2025-11-24-at-10.47.15.jpeg","datePublished":"2025-11-24T16:01:16+00:00","dateModified":"2025-11-26T10:28:33+00:00","breadcrumb":{"@id":"https:\/\/agrupacionespsoe.es\/ponferrada\/el-psoe-denuncia-el-abandono-absoluto-de-los-parques-y-zonas-publicas-de-ponferrada-bancos-rotos-vandalizados-sin-mantenimiento-y-vallas-olvidadas-durante-meses\/#breadcrumb"},"inLanguage":"es","potentialAction":[{"@type":"ReadAction","target":["https:\/\/agrupacionespsoe.es\/ponferrada\/el-psoe-denuncia-el-abandono-absoluto-de-los-parques-y-zonas-publicas-de-ponferrada-bancos-rotos-vandalizados-sin-mantenimiento-y-vallas-olvidadas-durante-meses\/"]}]},{"@type":"ImageObject","inLanguage":"es","@id":"https:\/\/agrupacionespsoe.es\/ponferrada\/el-psoe-denuncia-el-abandono-absoluto-de-los-parques-y-zonas-publicas-de-ponferrada-bancos-rotos-vandalizados-sin-mantenimiento-y-vallas-olvidadas-durante-meses\/#primaryimage","url":"https:\/\/agrupacionespsoe.es\/ponferrada\/wp-content\/uploads\/sites\/36\/2025\/11\/WhatsApp-Image-2025-11-24-at-10.47.15.jpeg","contentUrl":"https:\/\/agrupacionespsoe.es\/ponferrada\/wp-content\/uploads\/sites\/36\/2025\/11\/WhatsApp-Image-2025-11-24-at-10.47.15.jpeg","width":2048,"height":1537},{"@type":"BreadcrumbList","@id":"https:\/\/agrupacionespsoe.es\/ponferrada\/el-psoe-denuncia-el-abandono-absoluto-de-los-parques-y-zonas-publicas-de-ponferrada-bancos-rotos-vandalizados-sin-mantenimiento-y-vallas-olvidadas-durante-meses\/#breadcrumb","itemListElement":[{"@type":"ListItem","position":1,"name":"Portada","item":"https:\/\/agrupacionespsoe.es\/ponferrada\/"},{"@type":"ListItem","position":2,"name":"El PSOE denuncia el abandono absoluto de los parques y zonas p\u00fablicas de Ponferrada: bancos rotos, vandalizados, sin mantenimiento y vallas olvidadas durante meses"}]},{"@type":"WebSite","@id":"https:\/\/agrupacionespsoe.es\/ponferrada\/#website","url":"https:\/\/agrupacionespsoe.es\/ponferrada\/","name":"Agrupaci\u00f3n Socialista de Ponferrada","description":"Agrupaci\u00f3n Socialista de Ponferrada","publisher":{"@id":"https:\/\/agrupacionespsoe.es\/ponferrada\/#organization"},"potentialAction":[{"@type":"SearchAction","target":{"@type":"EntryPoint","urlTemplate":"https:\/\/agrupacionespsoe.es\/ponferrada\/?s={search_term_string}"},"query-input":{"@type":"PropertyValueSpecification","valueRequired":true,"valueName":"search_term_string"}}],"inLanguage":"es"},{"@type":"Organization","@id":"https:\/\/agrupacionespsoe.es\/ponferrada\/#organization","name":"Agrupaci\u00f3n Socialista de Ponferrada","url":"https:\/\/agrupacionespsoe.es\/ponferrada\/","logo":{"@type":"ImageObject","inLanguage":"es","@id":"https:\/\/agrupacionespsoe.es\/ponferrada\/#\/schema\/logo\/image\/","url":"https:\/\/agrupacionespsoe.es\/wp-content\/uploads\/2022\/07\/Logotipo_electoral_del_PSOE.png","contentUrl":"https:\/\/agrupacionespsoe.es\/wp-content\/uploads\/2022\/07\/Logotipo_electoral_del_PSOE.png","width":422,"height":422,"caption":"Agrupaci\u00f3n Socialista de Ponferrada"},"image":{"@id":"https:\/\/agrupacionespsoe.es\/ponferrada\/#\/schema\/logo\/image\/"}},{"@type":"Person","@id":"https:\/\/agrupacionespsoe.es\/ponferrada\/#\/schema\/person\/cd29ee627f3b70c05d415f02596debaa","name":"ponferrada2","image":{"@type":"ImageObject","inLanguage":"es","@id":"https:\/\/agrupacionespsoe.es\/ponferrada\/#\/schema\/person\/image\/","url":"https:\/\/secure.gravatar.com\/avatar\/f499eeb60144c664cf7b7edf75549b50?s=96&d=mm&r=g","contentUrl":"https:\/\/secure.gravatar.com\/avatar\/f499eeb60144c664cf7b7edf75549b50?s=96&d=mm&r=g","caption":"ponferrada2"},"url":"https:\/\/agrupacionespsoe.es\/ponferrada\/author\/ponferrada2\/"}]}},"jetpack_featured_media_url":"https:\/\/agrupacionespsoe.es\/ponferrada\/wp-content\/uploads\/sites\/36\/2025\/11\/WhatsApp-Image-2025-11-24-at-10.47.15.jpeg","jetpack_sharing_enabled":true,"_links":{"self":[{"href":"https:\/\/agrupacionespsoe.es\/ponferrada\/wp-json\/wp\/v2\/posts\/1331","targetHints":{"allow":["GET"]}}],"collection":[{"href":"https:\/\/agrupacionespsoe.es\/ponferrada\/wp-json\/wp\/v2\/posts"}],"about":[{"href":"https:\/\/agrupacionespsoe.es\/ponferrada\/wp-json\/wp\/v2\/types\/post"}],"author":[{"embeddable":true,"href":"https:\/\/agrupacionespsoe.es\/ponferrada\/wp-json\/wp\/v2\/users\/32"}],"replies":[{"embeddable":true,"href":"https:\/\/agrupacionespsoe.es\/ponferrada\/wp-json\/wp\/v2\/comments?post=1331"}],"version-history":[{"count":2,"href":"https:\/\/agrupacionespsoe.es\/ponferrada\/wp-json\/wp\/v2\/posts\/1331\/revisions"}],"predecessor-version":[{"id":1345,"href":"https:\/\/agrupacionespsoe.es\/ponferrada\/wp-json\/wp\/v2\/posts\/1331\/revisions\/1345"}],"wp:featuredmedia":[{"embeddable":true,"href":"https:\/\/agrupacionespsoe.es\/ponferrada\/wp-json\/wp\/v2\/media\/1343"}],"wp:attachment":[{"href":"https:\/\/agrupacionespsoe.es\/ponferrada\/wp-json\/wp\/v2\/media?parent=1331"}],"wp:term":[{"taxonomy":"category","embeddable":true,"href":"https:\/\/agrupacionespsoe.es\/ponferrada\/wp-json\/wp\/v2\/categories?post=1331"},{"taxonomy":"post_tag","embeddable":true,"href":"https:\/\/agrupacionespsoe.es\/ponferrada\/wp-json\/wp\/v2\/tags?post=1331"}],"curies":[{"name":"wp","href":"https:\/\/api.w.org\/{rel}","templated":true}]}}