{"id":1327,"date":"2025-11-21T15:56:39","date_gmt":"2025-11-21T15:56:39","guid":{"rendered":"https:\/\/agrupacionespsoe.es\/ponferrada\/?p=1327"},"modified":"2025-11-21T15:56:41","modified_gmt":"2025-11-21T15:56:41","slug":"el-psoe-exige-explicaciones-por-la-presencia-de-una-persona-ajena-al-ayuntamiento-en-el-cecopi-durante-la-emergencia-del-agua-no-potable","status":"publish","type":"post","link":"https:\/\/agrupacionespsoe.es\/ponferrada\/el-psoe-exige-explicaciones-por-la-presencia-de-una-persona-ajena-al-ayuntamiento-en-el-cecopi-durante-la-emergencia-del-agua-no-potable\/","title":{"rendered":"El PSOE exige explicaciones por la presencia de una persona ajena al Ayuntamiento en el CECOPI durante la emergencia del agua no potable"},"content":{"rendered":"\n<p>El Grupo Municipal Socialista ha registrado una pregunta formal solicitando explicaciones al alcalde de Ponferrada ante la presencia de una persona completamente ajena al Ayuntamiento y a los servicios implicados en la reuni\u00f3n del CECOPI celebrada con motivo de la emergencia del agua no apta para el consumo de la semana pasada.<\/p>\n\n\n\n<p>El PSOE considera este hecho grave, puesto que el CECOPI \u2014Centro de Coordinaci\u00f3n Operativa Integrado\u2014 es un \u00f3rgano regulado por el PLANCAL y por la normativa estatal de Protecci\u00f3n Civil, cuya composici\u00f3n es estrictamente operativa y limitada a responsables p\u00fablicos, cuerpos de seguridad, servicios de emergencias y entidades directamente relacionadas con la gesti\u00f3n de la emergencia.<\/p>\n\n\n\n<p>Todos hemos podido comprobar c\u00f3mo en las reuniones que se produjeron particip\u00f3 una persona que no forma parte de la administraci\u00f3n, no pertenece a ning\u00fan cuerpo de seguridad, no es t\u00e9cnico municipal, no pertenece a ninguna concesionaria y no tiene competencias en Protecci\u00f3n Civil ni en la gesti\u00f3n de emergencias, se trata de Eduardo Fernandez, destacado miembro del PP que ha ocupado numerosos cargos de responsabilidad.<\/p>\n\n\n\n<p>Adem\u00e1s, el PSOE subraya que no se entiende que un equipo de gobierno que cuenta con cuatro personas de confianza en su estructura tenga que recurrir a una persona externa, sin contrato con el Ayuntamiento, sin vinculaci\u00f3n administrativa y que, hasta donde se conoce, no es experta ni en emergencias ni en cuestiones relacionadas con el agua. Una situaci\u00f3n que agrava todav\u00eda m\u00e1s la falta de rigor en una reuni\u00f3n de m\u00e1ximo nivel operativo.<\/p>\n\n\n\n<p>Es la forma de actuar del equipo de gobierno, que parece priorizar las amistades a los protocolos, comprometiendo la transparencia de la gesti\u00f3n de la emergencia y abriendo interrogantes sobre qui\u00e9n y en calidad de qu\u00e9 estaban en esa reuni\u00f3n de emergencia. Por ese motivo, el Grupo Municipal ha registrado una bater\u00eda de preguntas dirigidas al alcalde, solicitando saber , a qu\u00e9 entidad o empresa representa, con qu\u00e9 justificaci\u00f3n t\u00e9cnica se permiti\u00f3 su presencia en un \u00f3rgano reservado o qu\u00e9 funci\u00f3n desempe\u00f1\u00f3 en una reuni\u00f3n destinada exclusivamente a responsables de la gesti\u00f3n operativa de la emergencia<\/p>\n\n\n\n<p>Desde el grupo socialista consideramos \u201cinexplicable e inaceptable\u201d que, en una situaci\u00f3n tan delicada como una crisis de abastecimiento de agua potable, el equipo de gobierno permita la participaci\u00f3n de personas ajenas, poniendo en entredicho el cumplimiento de los protocolos de seguridad y coordinaci\u00f3n. Al final genera dudas sobre la qui\u00e9n estuvo presente, por qu\u00e9, qui\u00e9n lo autoriz\u00f3 y qu\u00e9 hac\u00eda exactamente una persona sin competencias en una reuni\u00f3n de Protecci\u00f3n Civil.<\/p>\n\n\n\n<p>Desde el Grupo Municipal Socialista se exige transparencia inmediata, la publicaci\u00f3n del acta oficial del CECOPI y una explicaci\u00f3n clara de un hecho que, tal y como se\u00f1alan, \u201cno puede normalizarse en un Ayuntamiento serio y responsable\u201d.<\/p>\n\n\n\n<figure class=\"wp-block-image size-large\"><img loading=\"lazy\" decoding=\"async\" width=\"968\" height=\"1024\" src=\"https:\/\/agrupacionespsoe.es\/ponferrada\/wp-content\/uploads\/sites\/36\/2025\/11\/WhatsApp-Image-2025-11-21-at-16.55.56-968x1024.jpeg\" alt=\"\" class=\"wp-image-1328\" srcset=\"https:\/\/agrupacionespsoe.es\/ponferrada\/wp-content\/uploads\/sites\/36\/2025\/11\/WhatsApp-Image-2025-11-21-at-16.55.56-968x1024.jpeg 968w, https:\/\/agrupacionespsoe.es\/ponferrada\/wp-content\/uploads\/sites\/36\/2025\/11\/WhatsApp-Image-2025-11-21-at-16.55.56-284x300.jpeg 284w, https:\/\/agrupacionespsoe.es\/ponferrada\/wp-content\/uploads\/sites\/36\/2025\/11\/WhatsApp-Image-2025-11-21-at-16.55.56-768x812.jpeg 768w, https:\/\/agrupacionespsoe.es\/ponferrada\/wp-content\/uploads\/sites\/36\/2025\/11\/WhatsApp-Image-2025-11-21-at-16.55.56.jpeg 1320w\" sizes=\"auto, (max-width: 968px) 100vw, 968px\" \/><figcaption class=\"wp-element-caption\">imagen del CECOPI<\/figcaption><\/figure>\n","protected":false},"excerpt":{"rendered":"<p>El Grupo Municipal Socialista ha registrado una pregunta formal solicitando explicaciones al alcalde de Ponferrada ante la presencia de una persona completamente ajena al Ayuntamiento y a los servicios implicados en la reuni\u00f3n del CECOPI celebrada con motivo de la emergencia del agua no apta para el consumo de la semana pasada. El PSOE considera &#8230;<\/p>\n","protected":false},"author":32,"featured_media":1328,"comment_status":"open","ping_status":"open","sticky":false,"template":"","format":"standard","meta":{"_jetpack_memberships_contains_paid_content":false,"footnotes":""},"categories":[6],"tags":[],"class_list":["post-1327","post","type-post","status-publish","format-standard","has-post-thumbnail","hentry","category-actualidad"],"yoast_head":"<!-- This site is optimized with the Yoast SEO plugin v24.0 - https:\/\/yoast.com\/wordpress\/plugins\/seo\/ -->\n<title>El PSOE exige explicaciones por la presencia de una persona ajena al Ayuntamiento en el CECOPI durante la emergencia del agua no potable - Agrupaci\u00f3n Socialista de Ponferrada<\/title>\n<meta name=\"robots\" content=\"index, follow, max-snippet:-1, max-image-preview:large, max-video-preview:-1\" \/>\n<link rel=\"canonical\" href=\"https:\/\/agrupacionespsoe.es\/ponferrada\/el-psoe-exige-explicaciones-por-la-presencia-de-una-persona-ajena-al-ayuntamiento-en-el-cecopi-durante-la-emergencia-del-agua-no-potable\/\" \/>\n<meta property=\"og:locale\" content=\"es_ES\" \/>\n<meta property=\"og:type\" content=\"article\" \/>\n<meta property=\"og:title\" content=\"El PSOE exige explicaciones por la presencia de una persona ajena al Ayuntamiento en el CECOPI durante la emergencia del agua no potable - Agrupaci\u00f3n Socialista de Ponferrada\" \/>\n<meta property=\"og:description\" content=\"El Grupo Municipal Socialista ha registrado una pregunta formal solicitando explicaciones al alcalde de Ponferrada ante la presencia de una persona completamente ajena al Ayuntamiento y a los servicios implicados en la reuni\u00f3n del CECOPI celebrada con motivo de la emergencia del agua no apta para el consumo de la semana pasada. El PSOE considera ...\" \/>\n<meta property=\"og:url\" content=\"https:\/\/agrupacionespsoe.es\/ponferrada\/el-psoe-exige-explicaciones-por-la-presencia-de-una-persona-ajena-al-ayuntamiento-en-el-cecopi-durante-la-emergencia-del-agua-no-potable\/\" \/>\n<meta property=\"og:site_name\" content=\"Agrupaci\u00f3n Socialista de Ponferrada\" \/>\n<meta property=\"article:published_time\" content=\"2025-11-21T15:56:39+00:00\" \/>\n<meta property=\"article:modified_time\" content=\"2025-11-21T15:56:41+00:00\" \/>\n<meta property=\"og:image\" content=\"https:\/\/agrupacionespsoe.es\/ponferrada\/wp-content\/uploads\/sites\/36\/2025\/11\/WhatsApp-Image-2025-11-21-at-16.55.56.jpeg\" \/>\n\t<meta property=\"og:image:width\" content=\"1320\" \/>\n\t<meta property=\"og:image:height\" content=\"1396\" \/>\n\t<meta property=\"og:image:type\" content=\"image\/jpeg\" \/>\n<meta name=\"author\" content=\"ponferrada2\" \/>\n<meta name=\"twitter:card\" content=\"summary_large_image\" \/>\n<meta name=\"twitter:label1\" content=\"Escrito por\" \/>\n\t<meta name=\"twitter:data1\" content=\"ponferrada2\" \/>\n\t<meta name=\"twitter:label2\" content=\"Tiempo de lectura\" \/>\n\t<meta name=\"twitter:data2\" content=\"3 minutos\" \/>\n<script type=\"application\/ld+json\" class=\"yoast-schema-graph\">{\"@context\":\"https:\/\/schema.org\",\"@graph\":[{\"@type\":\"Article\",\"@id\":\"https:\/\/agrupacionespsoe.es\/ponferrada\/el-psoe-exige-explicaciones-por-la-presencia-de-una-persona-ajena-al-ayuntamiento-en-el-cecopi-durante-la-emergencia-del-agua-no-potable\/#article\",\"isPartOf\":{\"@id\":\"https:\/\/agrupacionespsoe.es\/ponferrada\/el-psoe-exige-explicaciones-por-la-presencia-de-una-persona-ajena-al-ayuntamiento-en-el-cecopi-durante-la-emergencia-del-agua-no-potable\/\"},\"author\":{\"name\":\"ponferrada2\",\"@id\":\"https:\/\/agrupacionespsoe.es\/ponferrada\/#\/schema\/person\/cd29ee627f3b70c05d415f02596debaa\"},\"headline\":\"El PSOE exige explicaciones por la presencia de una persona ajena al Ayuntamiento en el CECOPI durante la emergencia del agua no potable\",\"datePublished\":\"2025-11-21T15:56:39+00:00\",\"dateModified\":\"2025-11-21T15:56:41+00:00\",\"mainEntityOfPage\":{\"@id\":\"https:\/\/agrupacionespsoe.es\/ponferrada\/el-psoe-exige-explicaciones-por-la-presencia-de-una-persona-ajena-al-ayuntamiento-en-el-cecopi-durante-la-emergencia-del-agua-no-potable\/\"},\"wordCount\":517,\"commentCount\":0,\"publisher\":{\"@id\":\"https:\/\/agrupacionespsoe.es\/ponferrada\/#organization\"},\"image\":{\"@id\":\"https:\/\/agrupacionespsoe.es\/ponferrada\/el-psoe-exige-explicaciones-por-la-presencia-de-una-persona-ajena-al-ayuntamiento-en-el-cecopi-durante-la-emergencia-del-agua-no-potable\/#primaryimage\"},\"thumbnailUrl\":\"https:\/\/agrupacionespsoe.es\/ponferrada\/wp-content\/uploads\/sites\/36\/2025\/11\/WhatsApp-Image-2025-11-21-at-16.55.56.jpeg\",\"articleSection\":[\"ACTUALIDAD\"],\"inLanguage\":\"es\",\"potentialAction\":[{\"@type\":\"CommentAction\",\"name\":\"Comment\",\"target\":[\"https:\/\/agrupacionespsoe.es\/ponferrada\/el-psoe-exige-explicaciones-por-la-presencia-de-una-persona-ajena-al-ayuntamiento-en-el-cecopi-durante-la-emergencia-del-agua-no-potable\/#respond\"]}]},{\"@type\":\"WebPage\",\"@id\":\"https:\/\/agrupacionespsoe.es\/ponferrada\/el-psoe-exige-explicaciones-por-la-presencia-de-una-persona-ajena-al-ayuntamiento-en-el-cecopi-durante-la-emergencia-del-agua-no-potable\/\",\"url\":\"https:\/\/agrupacionespsoe.es\/ponferrada\/el-psoe-exige-explicaciones-por-la-presencia-de-una-persona-ajena-al-ayuntamiento-en-el-cecopi-durante-la-emergencia-del-agua-no-potable\/\",\"name\":\"El PSOE exige explicaciones por la presencia de una persona ajena al Ayuntamiento en el CECOPI durante la emergencia del agua no potable - Agrupaci\u00f3n Socialista de Ponferrada\",\"isPartOf\":{\"@id\":\"https:\/\/agrupacionespsoe.es\/ponferrada\/#website\"},\"primaryImageOfPage\":{\"@id\":\"https:\/\/agrupacionespsoe.es\/ponferrada\/el-psoe-exige-explicaciones-por-la-presencia-de-una-persona-ajena-al-ayuntamiento-en-el-cecopi-durante-la-emergencia-del-agua-no-potable\/#primaryimage\"},\"image\":{\"@id\":\"https:\/\/agrupacionespsoe.es\/ponferrada\/el-psoe-exige-explicaciones-por-la-presencia-de-una-persona-ajena-al-ayuntamiento-en-el-cecopi-durante-la-emergencia-del-agua-no-potable\/#primaryimage\"},\"thumbnailUrl\":\"https:\/\/agrupacionespsoe.es\/ponferrada\/wp-content\/uploads\/sites\/36\/2025\/11\/WhatsApp-Image-2025-11-21-at-16.55.56.jpeg\",\"datePublished\":\"2025-11-21T15:56:39+00:00\",\"dateModified\":\"2025-11-21T15:56:41+00:00\",\"breadcrumb\":{\"@id\":\"https:\/\/agrupacionespsoe.es\/ponferrada\/el-psoe-exige-explicaciones-por-la-presencia-de-una-persona-ajena-al-ayuntamiento-en-el-cecopi-durante-la-emergencia-del-agua-no-potable\/#breadcrumb\"},\"inLanguage\":\"es\",\"potentialAction\":[{\"@type\":\"ReadAction\",\"target\":[\"https:\/\/agrupacionespsoe.es\/ponferrada\/el-psoe-exige-explicaciones-por-la-presencia-de-una-persona-ajena-al-ayuntamiento-en-el-cecopi-durante-la-emergencia-del-agua-no-potable\/\"]}]},{\"@type\":\"ImageObject\",\"inLanguage\":\"es\",\"@id\":\"https:\/\/agrupacionespsoe.es\/ponferrada\/el-psoe-exige-explicaciones-por-la-presencia-de-una-persona-ajena-al-ayuntamiento-en-el-cecopi-durante-la-emergencia-del-agua-no-potable\/#primaryimage\",\"url\":\"https:\/\/agrupacionespsoe.es\/ponferrada\/wp-content\/uploads\/sites\/36\/2025\/11\/WhatsApp-Image-2025-11-21-at-16.55.56.jpeg\",\"contentUrl\":\"https:\/\/agrupacionespsoe.es\/ponferrada\/wp-content\/uploads\/sites\/36\/2025\/11\/WhatsApp-Image-2025-11-21-at-16.55.56.jpeg\",\"width\":1320,\"height\":1396},{\"@type\":\"BreadcrumbList\",\"@id\":\"https:\/\/agrupacionespsoe.es\/ponferrada\/el-psoe-exige-explicaciones-por-la-presencia-de-una-persona-ajena-al-ayuntamiento-en-el-cecopi-durante-la-emergencia-del-agua-no-potable\/#breadcrumb\",\"itemListElement\":[{\"@type\":\"ListItem\",\"position\":1,\"name\":\"Portada\",\"item\":\"https:\/\/agrupacionespsoe.es\/ponferrada\/\"},{\"@type\":\"ListItem\",\"position\":2,\"name\":\"El PSOE exige explicaciones por la presencia de una persona ajena al Ayuntamiento en el CECOPI durante la emergencia del agua no potable\"}]},{\"@type\":\"WebSite\",\"@id\":\"https:\/\/agrupacionespsoe.es\/ponferrada\/#website\",\"url\":\"https:\/\/agrupacionespsoe.es\/ponferrada\/\",\"name\":\"Agrupaci\u00f3n Socialista de Ponferrada\",\"description\":\"Agrupaci\u00f3n Socialista de Ponferrada\",\"publisher\":{\"@id\":\"https:\/\/agrupacionespsoe.es\/ponferrada\/#organization\"},\"potentialAction\":[{\"@type\":\"SearchAction\",\"target\":{\"@type\":\"EntryPoint\",\"urlTemplate\":\"https:\/\/agrupacionespsoe.es\/ponferrada\/?s={search_term_string}\"},\"query-input\":{\"@type\":\"PropertyValueSpecification\",\"valueRequired\":true,\"valueName\":\"search_term_string\"}}],\"inLanguage\":\"es\"},{\"@type\":\"Organization\",\"@id\":\"https:\/\/agrupacionespsoe.es\/ponferrada\/#organization\",\"name\":\"Agrupaci\u00f3n Socialista de Ponferrada\",\"url\":\"https:\/\/agrupacionespsoe.es\/ponferrada\/\",\"logo\":{\"@type\":\"ImageObject\",\"inLanguage\":\"es\",\"@id\":\"https:\/\/agrupacionespsoe.es\/ponferrada\/#\/schema\/logo\/image\/\",\"url\":\"https:\/\/agrupacionespsoe.es\/wp-content\/uploads\/2022\/07\/Logotipo_electoral_del_PSOE.png\",\"contentUrl\":\"https:\/\/agrupacionespsoe.es\/wp-content\/uploads\/2022\/07\/Logotipo_electoral_del_PSOE.png\",\"width\":422,\"height\":422,\"caption\":\"Agrupaci\u00f3n Socialista de Ponferrada\"},\"image\":{\"@id\":\"https:\/\/agrupacionespsoe.es\/ponferrada\/#\/schema\/logo\/image\/\"}},{\"@type\":\"Person\",\"@id\":\"https:\/\/agrupacionespsoe.es\/ponferrada\/#\/schema\/person\/cd29ee627f3b70c05d415f02596debaa\",\"name\":\"ponferrada2\",\"image\":{\"@type\":\"ImageObject\",\"inLanguage\":\"es\",\"@id\":\"https:\/\/agrupacionespsoe.es\/ponferrada\/#\/schema\/person\/image\/\",\"url\":\"https:\/\/secure.gravatar.com\/avatar\/f499eeb60144c664cf7b7edf75549b50?s=96&d=mm&r=g\",\"contentUrl\":\"https:\/\/secure.gravatar.com\/avatar\/f499eeb60144c664cf7b7edf75549b50?s=96&d=mm&r=g\",\"caption\":\"ponferrada2\"},\"url\":\"https:\/\/agrupacionespsoe.es\/ponferrada\/author\/ponferrada2\/\"}]}<\/script>\n<!-- \/ Yoast SEO plugin. -->","yoast_head_json":{"title":"El PSOE exige explicaciones por la presencia de una persona ajena al Ayuntamiento en el CECOPI durante la emergencia del agua no potable - Agrupaci\u00f3n Socialista de Ponferrada","robots":{"index":"index","follow":"follow","max-snippet":"max-snippet:-1","max-image-preview":"max-image-preview:large","max-video-preview":"max-video-preview:-1"},"canonical":"https:\/\/agrupacionespsoe.es\/ponferrada\/el-psoe-exige-explicaciones-por-la-presencia-de-una-persona-ajena-al-ayuntamiento-en-el-cecopi-durante-la-emergencia-del-agua-no-potable\/","og_locale":"es_ES","og_type":"article","og_title":"El PSOE exige explicaciones por la presencia de una persona ajena al Ayuntamiento en el CECOPI durante la emergencia del agua no potable - Agrupaci\u00f3n Socialista de Ponferrada","og_description":"El Grupo Municipal Socialista ha registrado una pregunta formal solicitando explicaciones al alcalde de Ponferrada ante la presencia de una persona completamente ajena al Ayuntamiento y a los servicios implicados en la reuni\u00f3n del CECOPI celebrada con motivo de la emergencia del agua no apta para el consumo de la semana pasada. El PSOE considera ...","og_url":"https:\/\/agrupacionespsoe.es\/ponferrada\/el-psoe-exige-explicaciones-por-la-presencia-de-una-persona-ajena-al-ayuntamiento-en-el-cecopi-durante-la-emergencia-del-agua-no-potable\/","og_site_name":"Agrupaci\u00f3n Socialista de Ponferrada","article_published_time":"2025-11-21T15:56:39+00:00","article_modified_time":"2025-11-21T15:56:41+00:00","og_image":[{"width":1320,"height":1396,"url":"https:\/\/agrupacionespsoe.es\/ponferrada\/wp-content\/uploads\/sites\/36\/2025\/11\/WhatsApp-Image-2025-11-21-at-16.55.56.jpeg","type":"image\/jpeg"}],"author":"ponferrada2","twitter_card":"summary_large_image","twitter_misc":{"Escrito por":"ponferrada2","Tiempo de lectura":"3 minutos"},"schema":{"@context":"https:\/\/schema.org","@graph":[{"@type":"Article","@id":"https:\/\/agrupacionespsoe.es\/ponferrada\/el-psoe-exige-explicaciones-por-la-presencia-de-una-persona-ajena-al-ayuntamiento-en-el-cecopi-durante-la-emergencia-del-agua-no-potable\/#article","isPartOf":{"@id":"https:\/\/agrupacionespsoe.es\/ponferrada\/el-psoe-exige-explicaciones-por-la-presencia-de-una-persona-ajena-al-ayuntamiento-en-el-cecopi-durante-la-emergencia-del-agua-no-potable\/"},"author":{"name":"ponferrada2","@id":"https:\/\/agrupacionespsoe.es\/ponferrada\/#\/schema\/person\/cd29ee627f3b70c05d415f02596debaa"},"headline":"El PSOE exige explicaciones por la presencia de una persona ajena al Ayuntamiento en el CECOPI durante la emergencia del agua no potable","datePublished":"2025-11-21T15:56:39+00:00","dateModified":"2025-11-21T15:56:41+00:00","mainEntityOfPage":{"@id":"https:\/\/agrupacionespsoe.es\/ponferrada\/el-psoe-exige-explicaciones-por-la-presencia-de-una-persona-ajena-al-ayuntamiento-en-el-cecopi-durante-la-emergencia-del-agua-no-potable\/"},"wordCount":517,"commentCount":0,"publisher":{"@id":"https:\/\/agrupacionespsoe.es\/ponferrada\/#organization"},"image":{"@id":"https:\/\/agrupacionespsoe.es\/ponferrada\/el-psoe-exige-explicaciones-por-la-presencia-de-una-persona-ajena-al-ayuntamiento-en-el-cecopi-durante-la-emergencia-del-agua-no-potable\/#primaryimage"},"thumbnailUrl":"https:\/\/agrupacionespsoe.es\/ponferrada\/wp-content\/uploads\/sites\/36\/2025\/11\/WhatsApp-Image-2025-11-21-at-16.55.56.jpeg","articleSection":["ACTUALIDAD"],"inLanguage":"es","potentialAction":[{"@type":"CommentAction","name":"Comment","target":["https:\/\/agrupacionespsoe.es\/ponferrada\/el-psoe-exige-explicaciones-por-la-presencia-de-una-persona-ajena-al-ayuntamiento-en-el-cecopi-durante-la-emergencia-del-agua-no-potable\/#respond"]}]},{"@type":"WebPage","@id":"https:\/\/agrupacionespsoe.es\/ponferrada\/el-psoe-exige-explicaciones-por-la-presencia-de-una-persona-ajena-al-ayuntamiento-en-el-cecopi-durante-la-emergencia-del-agua-no-potable\/","url":"https:\/\/agrupacionespsoe.es\/ponferrada\/el-psoe-exige-explicaciones-por-la-presencia-de-una-persona-ajena-al-ayuntamiento-en-el-cecopi-durante-la-emergencia-del-agua-no-potable\/","name":"El PSOE exige explicaciones por la presencia de una persona ajena al Ayuntamiento en el CECOPI durante la emergencia del agua no potable - Agrupaci\u00f3n Socialista de Ponferrada","isPartOf":{"@id":"https:\/\/agrupacionespsoe.es\/ponferrada\/#website"},"primaryImageOfPage":{"@id":"https:\/\/agrupacionespsoe.es\/ponferrada\/el-psoe-exige-explicaciones-por-la-presencia-de-una-persona-ajena-al-ayuntamiento-en-el-cecopi-durante-la-emergencia-del-agua-no-potable\/#primaryimage"},"image":{"@id":"https:\/\/agrupacionespsoe.es\/ponferrada\/el-psoe-exige-explicaciones-por-la-presencia-de-una-persona-ajena-al-ayuntamiento-en-el-cecopi-durante-la-emergencia-del-agua-no-potable\/#primaryimage"},"thumbnailUrl":"https:\/\/agrupacionespsoe.es\/ponferrada\/wp-content\/uploads\/sites\/36\/2025\/11\/WhatsApp-Image-2025-11-21-at-16.55.56.jpeg","datePublished":"2025-11-21T15:56:39+00:00","dateModified":"2025-11-21T15:56:41+00:00","breadcrumb":{"@id":"https:\/\/agrupacionespsoe.es\/ponferrada\/el-psoe-exige-explicaciones-por-la-presencia-de-una-persona-ajena-al-ayuntamiento-en-el-cecopi-durante-la-emergencia-del-agua-no-potable\/#breadcrumb"},"inLanguage":"es","potentialAction":[{"@type":"ReadAction","target":["https:\/\/agrupacionespsoe.es\/ponferrada\/el-psoe-exige-explicaciones-por-la-presencia-de-una-persona-ajena-al-ayuntamiento-en-el-cecopi-durante-la-emergencia-del-agua-no-potable\/"]}]},{"@type":"ImageObject","inLanguage":"es","@id":"https:\/\/agrupacionespsoe.es\/ponferrada\/el-psoe-exige-explicaciones-por-la-presencia-de-una-persona-ajena-al-ayuntamiento-en-el-cecopi-durante-la-emergencia-del-agua-no-potable\/#primaryimage","url":"https:\/\/agrupacionespsoe.es\/ponferrada\/wp-content\/uploads\/sites\/36\/2025\/11\/WhatsApp-Image-2025-11-21-at-16.55.56.jpeg","contentUrl":"https:\/\/agrupacionespsoe.es\/ponferrada\/wp-content\/uploads\/sites\/36\/2025\/11\/WhatsApp-Image-2025-11-21-at-16.55.56.jpeg","width":1320,"height":1396},{"@type":"BreadcrumbList","@id":"https:\/\/agrupacionespsoe.es\/ponferrada\/el-psoe-exige-explicaciones-por-la-presencia-de-una-persona-ajena-al-ayuntamiento-en-el-cecopi-durante-la-emergencia-del-agua-no-potable\/#breadcrumb","itemListElement":[{"@type":"ListItem","position":1,"name":"Portada","item":"https:\/\/agrupacionespsoe.es\/ponferrada\/"},{"@type":"ListItem","position":2,"name":"El PSOE exige explicaciones por la presencia de una persona ajena al Ayuntamiento en el CECOPI durante la emergencia del agua no potable"}]},{"@type":"WebSite","@id":"https:\/\/agrupacionespsoe.es\/ponferrada\/#website","url":"https:\/\/agrupacionespsoe.es\/ponferrada\/","name":"Agrupaci\u00f3n Socialista de Ponferrada","description":"Agrupaci\u00f3n Socialista de Ponferrada","publisher":{"@id":"https:\/\/agrupacionespsoe.es\/ponferrada\/#organization"},"potentialAction":[{"@type":"SearchAction","target":{"@type":"EntryPoint","urlTemplate":"https:\/\/agrupacionespsoe.es\/ponferrada\/?s={search_term_string}"},"query-input":{"@type":"PropertyValueSpecification","valueRequired":true,"valueName":"search_term_string"}}],"inLanguage":"es"},{"@type":"Organization","@id":"https:\/\/agrupacionespsoe.es\/ponferrada\/#organization","name":"Agrupaci\u00f3n Socialista de Ponferrada","url":"https:\/\/agrupacionespsoe.es\/ponferrada\/","logo":{"@type":"ImageObject","inLanguage":"es","@id":"https:\/\/agrupacionespsoe.es\/ponferrada\/#\/schema\/logo\/image\/","url":"https:\/\/agrupacionespsoe.es\/wp-content\/uploads\/2022\/07\/Logotipo_electoral_del_PSOE.png","contentUrl":"https:\/\/agrupacionespsoe.es\/wp-content\/uploads\/2022\/07\/Logotipo_electoral_del_PSOE.png","width":422,"height":422,"caption":"Agrupaci\u00f3n Socialista de Ponferrada"},"image":{"@id":"https:\/\/agrupacionespsoe.es\/ponferrada\/#\/schema\/logo\/image\/"}},{"@type":"Person","@id":"https:\/\/agrupacionespsoe.es\/ponferrada\/#\/schema\/person\/cd29ee627f3b70c05d415f02596debaa","name":"ponferrada2","image":{"@type":"ImageObject","inLanguage":"es","@id":"https:\/\/agrupacionespsoe.es\/ponferrada\/#\/schema\/person\/image\/","url":"https:\/\/secure.gravatar.com\/avatar\/f499eeb60144c664cf7b7edf75549b50?s=96&d=mm&r=g","contentUrl":"https:\/\/secure.gravatar.com\/avatar\/f499eeb60144c664cf7b7edf75549b50?s=96&d=mm&r=g","caption":"ponferrada2"},"url":"https:\/\/agrupacionespsoe.es\/ponferrada\/author\/ponferrada2\/"}]}},"jetpack_featured_media_url":"https:\/\/agrupacionespsoe.es\/ponferrada\/wp-content\/uploads\/sites\/36\/2025\/11\/WhatsApp-Image-2025-11-21-at-16.55.56.jpeg","jetpack_sharing_enabled":true,"_links":{"self":[{"href":"https:\/\/agrupacionespsoe.es\/ponferrada\/wp-json\/wp\/v2\/posts\/1327","targetHints":{"allow":["GET"]}}],"collection":[{"href":"https:\/\/agrupacionespsoe.es\/ponferrada\/wp-json\/wp\/v2\/posts"}],"about":[{"href":"https:\/\/agrupacionespsoe.es\/ponferrada\/wp-json\/wp\/v2\/types\/post"}],"author":[{"embeddable":true,"href":"https:\/\/agrupacionespsoe.es\/ponferrada\/wp-json\/wp\/v2\/users\/32"}],"replies":[{"embeddable":true,"href":"https:\/\/agrupacionespsoe.es\/ponferrada\/wp-json\/wp\/v2\/comments?post=1327"}],"version-history":[{"count":2,"href":"https:\/\/agrupacionespsoe.es\/ponferrada\/wp-json\/wp\/v2\/posts\/1327\/revisions"}],"predecessor-version":[{"id":1330,"href":"https:\/\/agrupacionespsoe.es\/ponferrada\/wp-json\/wp\/v2\/posts\/1327\/revisions\/1330"}],"wp:featuredmedia":[{"embeddable":true,"href":"https:\/\/agrupacionespsoe.es\/ponferrada\/wp-json\/wp\/v2\/media\/1328"}],"wp:attachment":[{"href":"https:\/\/agrupacionespsoe.es\/ponferrada\/wp-json\/wp\/v2\/media?parent=1327"}],"wp:term":[{"taxonomy":"category","embeddable":true,"href":"https:\/\/agrupacionespsoe.es\/ponferrada\/wp-json\/wp\/v2\/categories?post=1327"},{"taxonomy":"post_tag","embeddable":true,"href":"https:\/\/agrupacionespsoe.es\/ponferrada\/wp-json\/wp\/v2\/tags?post=1327"}],"curies":[{"name":"wp","href":"https:\/\/api.w.org\/{rel}","templated":true}]}}