{"id":1310,"date":"2025-11-18T08:16:21","date_gmt":"2025-11-18T08:16:21","guid":{"rendered":"https:\/\/agrupacionespsoe.es\/ponferrada\/?p=1310"},"modified":"2025-11-18T08:17:40","modified_gmt":"2025-11-18T08:17:40","slug":"el-mercado-de-abastos-otro-ejemplo-del-caos-de-gestion-improvisacion-y-promesas-rotas-del-gobierno-pp-coalicion-por-el-bierzo","status":"publish","type":"post","link":"https:\/\/agrupacionespsoe.es\/ponferrada\/el-mercado-de-abastos-otro-ejemplo-del-caos-de-gestion-improvisacion-y-promesas-rotas-del-gobierno-pp-coalicion-por-el-bierzo\/","title":{"rendered":"El Mercado de Abastos, otro ejemplo del caos de gesti\u00f3n, improvisaci\u00f3n y promesas rotas del gobierno PP\u2013Coalici\u00f3n por El Bierzo"},"content":{"rendered":"\n<p>El Grupo Municipal Socialista denuncia los <strong>continuos vaivenes, rectificaciones y bandazos del equipo de gobierno formado por el Partido Popular y Coalici\u00f3n por El Bierzo,<\/strong> una din\u00e1mica que ya se ha convertido en la marca de identidad de este mandato. Un gobierno que anuncia proyectos, memorias, anteproyectos y \u201cgrandes ideas\u201d que nunca salen gratis \u2014porque todos exigen recursos t\u00e9cnicos y econ\u00f3micos\u2014 pero que terminan siempre guardados en un caj\u00f3n, sin resultados reales para la ciudadan\u00eda. Una aut\u00e9ntica pol\u00edtica de venta de humo, m\u00e1s centrada en la propaganda que en la gesti\u00f3n.<\/p>\n\n\n\n<p>En el caso del Mercado de Abastos, estamos ante uno de los ejemplos m\u00e1s claros de esta forma de gobernar. Coalici\u00f3n por El Bierzo lo elev\u00f3 en campa\u00f1a electoral a la categor\u00eda de \u201cproyecto estrella\u201d, lo incluy\u00f3 en su programa como eje de la revitalizaci\u00f3n del centro y lo incorpor\u00f3 expresamente al pacto de gobierno firmado con el PP, donde se compromet\u00edan a una inversi\u00f3n de 1,8 millones por parte de la Junta de Castilla y Le\u00f3n.<\/p>\n\n\n\n<p>Durante semanas, el concejal responsable del \u00e1rea present\u00f3 p\u00fablicamente una reforma integral del edificio, una inversi\u00f3n de m\u00e1s de 9 millones de euros, incluso lleg\u00f3 a plantear el traslado de la sede del Consejo Comarcal al propio Mercado de Abastos, una propuesta que gener\u00f3 un conflicto institucional innecesario y que deriv\u00f3 en una pol\u00e9mica p\u00fablica con el presidente del Consejo Comarcal. Otro ejemplo m\u00e1s del empe\u00f1o de este equipo de gobierno por colocar titulares antes de tener un proyecto s\u00f3lido, acordado y viable.<\/p>\n\n\n\n<p>Ese \u201cmegaproyecto\u201d, difundido incluso en reportajes oficiales realizados y pagados, gener\u00f3 preocupaci\u00f3n y molestias entre los actuales propietarios de los puestos, que tuvieron que solicitar una reuni\u00f3n con el responsable del \u00e1rea para que les informara del proyecto, que mostraron su preocupaci\u00f3n de manera p\u00fablica porque parec\u00eda que el equipo de gobierno iba a realizar la reforma por encima de ellos sin acuerdo, sin informaci\u00f3n sin un plan B que les permitiera seguir abiertos. Se les traslad\u00f3 que la remodelaci\u00f3n era inminente, que se iban a reducir el n\u00famero de puestos y que la Junta ya ten\u00eda la memoria del proyecto y que exist\u00eda un \u201ccompromiso\u201d de un mill\u00f3n de euros para cofinanciar la obra.<\/p>\n\n\n\n<p>Desde el grupo socialista se\u00f1alan que a pesar de todo lo anterior,&nbsp; despu\u00e9s de anuncios, entrevistas, v\u00eddeos, anteproyectos, memorias y titulares, el resultado final es sorprendente &nbsp;parece que han abandonado todo aquel proyecto integral y el gobierno anuncia ahora \u00fanicamente la construcci\u00f3n de un aparcamiento subterr\u00e1neo de 82 plazas. Un proyecto que, de ejecutarse, esperamos que no suponga invertir dinero p\u00fablico para terminar en una concesi\u00f3n privada, repitiendo el modelo que se ha demostrado que no ha funcionado de la Plaza del Ayuntamiento.<\/p>\n\n\n\n<p>A esto se le a\u00f1ade que ese mill\u00f3n que dicen tener no figura en ning\u00fan documento oficial, no est\u00e1 recogido en el proyecto de presupuestos que la Junta ha presentado para 2026 y sigue sin existir compromiso escrito alguno. Parece otra cortina de humo que est\u00e1n lanzando para justificar su inacci\u00f3n y los compromisos incumplidos.<\/p>\n\n\n\n<p>A todo ello se suma un hecho especialmente grave: <strong>este equipo de gobierno perdi\u00f3 una subvenci\u00f3n europea ya concedida, destinada a la mejora del suelo del Mercado de Abastos. M\u00e1s de 120.000 euros confirmados y disponibles<\/strong> para ejecutar una actuaci\u00f3n necesaria, que finalmente no se ejecutaron porque, seg\u00fan afirmaron, la reforma integral que estaban anunciando hac\u00eda \u201cin\u00fatil\u201d invertir en mejorar el pavimento para luego volver a levantarlo. Otro ejemplo de c\u00f3mo la improvisaci\u00f3n y la propaganda han terminado costando dinero real a Ponferrada. La ayuda estaba concedida y podr\u00eda haberse ejecutado sin problema, pero se dej\u00f3 perder en nombre de un \u201cmegaproyecto\u201d que hoy \u2014a la vista de los hechos\u2014 ni existe, ni avanza, ni se ejecutar\u00e1 tal y como se vendi\u00f3.<\/p>\n\n\n\n<p>Este giro radical no es un hecho aislado: es un patr\u00f3n. El mismo patr\u00f3n que ha afectado al soterramiento de la Avenida del Castillo, otro \u201cgran proyecto estrella\u201d repetido hasta la saciedad por Coalici\u00f3n por El Bierzo en campa\u00f1a y reflotado en el pacto de gobierno, pero que solo ha servido para dar preocupaciones y malestar a los vecinos y vecinas y para derrochar el dinero de los proyectos y las memorias que se realizaron.<\/p>\n\n\n\n<p>Este equipo de gobierno acumula un extenso cat\u00e1logo de proyectos fantasma, con memorias, anteproyectos, proyectos que se encargan y se pagan y que no se convierten en realidades, no pasan de ser grandes titulares<\/p>\n\n\n\n<p>Ponferrada necesita menos v\u00eddeos, menos titulares y menos humo, y m\u00e1s di\u00e1logo, rigor y proyectos reales. Y necesita, sobre todo, respeto hacia los comerciantes y hacia toda la ciudadan\u00eda que lleva dos a\u00f1os asistiendo a anuncios que nunca se materializan. El Mercado de Abastos merec\u00eda una planificaci\u00f3n seria y una reforma de verdad, no un espect\u00e1culo de promesas incumplidas que ahora se reduce a un aparcamiento incierto.<\/p>\n\n\n\n<figure class=\"wp-block-image size-full\"><img loading=\"lazy\" decoding=\"async\" width=\"739\" height=\"538\" src=\"https:\/\/agrupacionespsoe.es\/ponferrada\/wp-content\/uploads\/sites\/36\/2025\/11\/image-3.png\" alt=\"\" class=\"wp-image-1311\" srcset=\"https:\/\/agrupacionespsoe.es\/ponferrada\/wp-content\/uploads\/sites\/36\/2025\/11\/image-3.png 739w, https:\/\/agrupacionespsoe.es\/ponferrada\/wp-content\/uploads\/sites\/36\/2025\/11\/image-3-300x218.png 300w\" sizes=\"auto, (max-width: 739px) 100vw, 739px\" \/><\/figure>\n","protected":false},"excerpt":{"rendered":"<p>El Grupo Municipal Socialista denuncia los continuos vaivenes, rectificaciones y bandazos del equipo de gobierno formado por el Partido Popular y Coalici\u00f3n por El Bierzo, una din\u00e1mica que ya se ha convertido en la marca de identidad de este mandato. Un gobierno que anuncia proyectos, memorias, anteproyectos y \u201cgrandes ideas\u201d que nunca salen gratis \u2014porque &#8230;<\/p>\n","protected":false},"author":32,"featured_media":1311,"comment_status":"open","ping_status":"open","sticky":false,"template":"","format":"standard","meta":{"_jetpack_memberships_contains_paid_content":false,"footnotes":""},"categories":[6],"tags":[],"class_list":["post-1310","post","type-post","status-publish","format-standard","has-post-thumbnail","hentry","category-actualidad"],"yoast_head":"<!-- This site is optimized with the Yoast SEO plugin v24.0 - https:\/\/yoast.com\/wordpress\/plugins\/seo\/ -->\n<title>El Mercado de Abastos, otro ejemplo del caos de gesti\u00f3n, improvisaci\u00f3n y promesas rotas del gobierno PP\u2013Coalici\u00f3n por El Bierzo - Agrupaci\u00f3n Socialista de Ponferrada<\/title>\n<meta name=\"robots\" content=\"index, follow, max-snippet:-1, max-image-preview:large, max-video-preview:-1\" \/>\n<link rel=\"canonical\" href=\"https:\/\/agrupacionespsoe.es\/ponferrada\/el-mercado-de-abastos-otro-ejemplo-del-caos-de-gestion-improvisacion-y-promesas-rotas-del-gobierno-pp-coalicion-por-el-bierzo\/\" \/>\n<meta property=\"og:locale\" content=\"es_ES\" \/>\n<meta property=\"og:type\" content=\"article\" \/>\n<meta property=\"og:title\" content=\"El Mercado de Abastos, otro ejemplo del caos de gesti\u00f3n, improvisaci\u00f3n y promesas rotas del gobierno PP\u2013Coalici\u00f3n por El Bierzo - Agrupaci\u00f3n Socialista de Ponferrada\" \/>\n<meta property=\"og:description\" content=\"El Grupo Municipal Socialista denuncia los continuos vaivenes, rectificaciones y bandazos del equipo de gobierno formado por el Partido Popular y Coalici\u00f3n por El Bierzo, una din\u00e1mica que ya se ha convertido en la marca de identidad de este mandato. Un gobierno que anuncia proyectos, memorias, anteproyectos y \u201cgrandes ideas\u201d que nunca salen gratis \u2014porque ...\" \/>\n<meta property=\"og:url\" content=\"https:\/\/agrupacionespsoe.es\/ponferrada\/el-mercado-de-abastos-otro-ejemplo-del-caos-de-gestion-improvisacion-y-promesas-rotas-del-gobierno-pp-coalicion-por-el-bierzo\/\" \/>\n<meta property=\"og:site_name\" content=\"Agrupaci\u00f3n Socialista de Ponferrada\" \/>\n<meta property=\"article:published_time\" content=\"2025-11-18T08:16:21+00:00\" \/>\n<meta property=\"article:modified_time\" content=\"2025-11-18T08:17:40+00:00\" \/>\n<meta property=\"og:image\" content=\"https:\/\/agrupacionespsoe.es\/ponferrada\/wp-content\/uploads\/sites\/36\/2025\/11\/image-3.png\" \/>\n\t<meta property=\"og:image:width\" content=\"739\" \/>\n\t<meta property=\"og:image:height\" content=\"538\" \/>\n\t<meta property=\"og:image:type\" content=\"image\/png\" \/>\n<meta name=\"author\" content=\"ponferrada2\" \/>\n<meta name=\"twitter:card\" content=\"summary_large_image\" \/>\n<meta name=\"twitter:label1\" content=\"Escrito por\" \/>\n\t<meta name=\"twitter:data1\" content=\"ponferrada2\" \/>\n\t<meta name=\"twitter:label2\" content=\"Tiempo de lectura\" \/>\n\t<meta name=\"twitter:data2\" content=\"5 minutos\" \/>\n<script type=\"application\/ld+json\" class=\"yoast-schema-graph\">{\"@context\":\"https:\/\/schema.org\",\"@graph\":[{\"@type\":\"Article\",\"@id\":\"https:\/\/agrupacionespsoe.es\/ponferrada\/el-mercado-de-abastos-otro-ejemplo-del-caos-de-gestion-improvisacion-y-promesas-rotas-del-gobierno-pp-coalicion-por-el-bierzo\/#article\",\"isPartOf\":{\"@id\":\"https:\/\/agrupacionespsoe.es\/ponferrada\/el-mercado-de-abastos-otro-ejemplo-del-caos-de-gestion-improvisacion-y-promesas-rotas-del-gobierno-pp-coalicion-por-el-bierzo\/\"},\"author\":{\"name\":\"ponferrada2\",\"@id\":\"https:\/\/agrupacionespsoe.es\/ponferrada\/#\/schema\/person\/cd29ee627f3b70c05d415f02596debaa\"},\"headline\":\"El Mercado de Abastos, otro ejemplo del caos de gesti\u00f3n, improvisaci\u00f3n y promesas rotas del gobierno PP\u2013Coalici\u00f3n por El Bierzo\",\"datePublished\":\"2025-11-18T08:16:21+00:00\",\"dateModified\":\"2025-11-18T08:17:40+00:00\",\"mainEntityOfPage\":{\"@id\":\"https:\/\/agrupacionespsoe.es\/ponferrada\/el-mercado-de-abastos-otro-ejemplo-del-caos-de-gestion-improvisacion-y-promesas-rotas-del-gobierno-pp-coalicion-por-el-bierzo\/\"},\"wordCount\":894,\"commentCount\":0,\"publisher\":{\"@id\":\"https:\/\/agrupacionespsoe.es\/ponferrada\/#organization\"},\"image\":{\"@id\":\"https:\/\/agrupacionespsoe.es\/ponferrada\/el-mercado-de-abastos-otro-ejemplo-del-caos-de-gestion-improvisacion-y-promesas-rotas-del-gobierno-pp-coalicion-por-el-bierzo\/#primaryimage\"},\"thumbnailUrl\":\"https:\/\/agrupacionespsoe.es\/ponferrada\/wp-content\/uploads\/sites\/36\/2025\/11\/image-3.png\",\"articleSection\":[\"ACTUALIDAD\"],\"inLanguage\":\"es\",\"potentialAction\":[{\"@type\":\"CommentAction\",\"name\":\"Comment\",\"target\":[\"https:\/\/agrupacionespsoe.es\/ponferrada\/el-mercado-de-abastos-otro-ejemplo-del-caos-de-gestion-improvisacion-y-promesas-rotas-del-gobierno-pp-coalicion-por-el-bierzo\/#respond\"]}]},{\"@type\":\"WebPage\",\"@id\":\"https:\/\/agrupacionespsoe.es\/ponferrada\/el-mercado-de-abastos-otro-ejemplo-del-caos-de-gestion-improvisacion-y-promesas-rotas-del-gobierno-pp-coalicion-por-el-bierzo\/\",\"url\":\"https:\/\/agrupacionespsoe.es\/ponferrada\/el-mercado-de-abastos-otro-ejemplo-del-caos-de-gestion-improvisacion-y-promesas-rotas-del-gobierno-pp-coalicion-por-el-bierzo\/\",\"name\":\"El Mercado de Abastos, otro ejemplo del caos de gesti\u00f3n, improvisaci\u00f3n y promesas rotas del gobierno PP\u2013Coalici\u00f3n por El Bierzo - Agrupaci\u00f3n Socialista de Ponferrada\",\"isPartOf\":{\"@id\":\"https:\/\/agrupacionespsoe.es\/ponferrada\/#website\"},\"primaryImageOfPage\":{\"@id\":\"https:\/\/agrupacionespsoe.es\/ponferrada\/el-mercado-de-abastos-otro-ejemplo-del-caos-de-gestion-improvisacion-y-promesas-rotas-del-gobierno-pp-coalicion-por-el-bierzo\/#primaryimage\"},\"image\":{\"@id\":\"https:\/\/agrupacionespsoe.es\/ponferrada\/el-mercado-de-abastos-otro-ejemplo-del-caos-de-gestion-improvisacion-y-promesas-rotas-del-gobierno-pp-coalicion-por-el-bierzo\/#primaryimage\"},\"thumbnailUrl\":\"https:\/\/agrupacionespsoe.es\/ponferrada\/wp-content\/uploads\/sites\/36\/2025\/11\/image-3.png\",\"datePublished\":\"2025-11-18T08:16:21+00:00\",\"dateModified\":\"2025-11-18T08:17:40+00:00\",\"breadcrumb\":{\"@id\":\"https:\/\/agrupacionespsoe.es\/ponferrada\/el-mercado-de-abastos-otro-ejemplo-del-caos-de-gestion-improvisacion-y-promesas-rotas-del-gobierno-pp-coalicion-por-el-bierzo\/#breadcrumb\"},\"inLanguage\":\"es\",\"potentialAction\":[{\"@type\":\"ReadAction\",\"target\":[\"https:\/\/agrupacionespsoe.es\/ponferrada\/el-mercado-de-abastos-otro-ejemplo-del-caos-de-gestion-improvisacion-y-promesas-rotas-del-gobierno-pp-coalicion-por-el-bierzo\/\"]}]},{\"@type\":\"ImageObject\",\"inLanguage\":\"es\",\"@id\":\"https:\/\/agrupacionespsoe.es\/ponferrada\/el-mercado-de-abastos-otro-ejemplo-del-caos-de-gestion-improvisacion-y-promesas-rotas-del-gobierno-pp-coalicion-por-el-bierzo\/#primaryimage\",\"url\":\"https:\/\/agrupacionespsoe.es\/ponferrada\/wp-content\/uploads\/sites\/36\/2025\/11\/image-3.png\",\"contentUrl\":\"https:\/\/agrupacionespsoe.es\/ponferrada\/wp-content\/uploads\/sites\/36\/2025\/11\/image-3.png\",\"width\":739,\"height\":538},{\"@type\":\"BreadcrumbList\",\"@id\":\"https:\/\/agrupacionespsoe.es\/ponferrada\/el-mercado-de-abastos-otro-ejemplo-del-caos-de-gestion-improvisacion-y-promesas-rotas-del-gobierno-pp-coalicion-por-el-bierzo\/#breadcrumb\",\"itemListElement\":[{\"@type\":\"ListItem\",\"position\":1,\"name\":\"Portada\",\"item\":\"https:\/\/agrupacionespsoe.es\/ponferrada\/\"},{\"@type\":\"ListItem\",\"position\":2,\"name\":\"El Mercado de Abastos, otro ejemplo del caos de gesti\u00f3n, improvisaci\u00f3n y promesas rotas del gobierno PP\u2013Coalici\u00f3n por El Bierzo\"}]},{\"@type\":\"WebSite\",\"@id\":\"https:\/\/agrupacionespsoe.es\/ponferrada\/#website\",\"url\":\"https:\/\/agrupacionespsoe.es\/ponferrada\/\",\"name\":\"Agrupaci\u00f3n Socialista de Ponferrada\",\"description\":\"Agrupaci\u00f3n Socialista de Ponferrada\",\"publisher\":{\"@id\":\"https:\/\/agrupacionespsoe.es\/ponferrada\/#organization\"},\"potentialAction\":[{\"@type\":\"SearchAction\",\"target\":{\"@type\":\"EntryPoint\",\"urlTemplate\":\"https:\/\/agrupacionespsoe.es\/ponferrada\/?s={search_term_string}\"},\"query-input\":{\"@type\":\"PropertyValueSpecification\",\"valueRequired\":true,\"valueName\":\"search_term_string\"}}],\"inLanguage\":\"es\"},{\"@type\":\"Organization\",\"@id\":\"https:\/\/agrupacionespsoe.es\/ponferrada\/#organization\",\"name\":\"Agrupaci\u00f3n Socialista de Ponferrada\",\"url\":\"https:\/\/agrupacionespsoe.es\/ponferrada\/\",\"logo\":{\"@type\":\"ImageObject\",\"inLanguage\":\"es\",\"@id\":\"https:\/\/agrupacionespsoe.es\/ponferrada\/#\/schema\/logo\/image\/\",\"url\":\"https:\/\/agrupacionespsoe.es\/wp-content\/uploads\/2022\/07\/Logotipo_electoral_del_PSOE.png\",\"contentUrl\":\"https:\/\/agrupacionespsoe.es\/wp-content\/uploads\/2022\/07\/Logotipo_electoral_del_PSOE.png\",\"width\":422,\"height\":422,\"caption\":\"Agrupaci\u00f3n Socialista de Ponferrada\"},\"image\":{\"@id\":\"https:\/\/agrupacionespsoe.es\/ponferrada\/#\/schema\/logo\/image\/\"}},{\"@type\":\"Person\",\"@id\":\"https:\/\/agrupacionespsoe.es\/ponferrada\/#\/schema\/person\/cd29ee627f3b70c05d415f02596debaa\",\"name\":\"ponferrada2\",\"image\":{\"@type\":\"ImageObject\",\"inLanguage\":\"es\",\"@id\":\"https:\/\/agrupacionespsoe.es\/ponferrada\/#\/schema\/person\/image\/\",\"url\":\"https:\/\/secure.gravatar.com\/avatar\/f499eeb60144c664cf7b7edf75549b50?s=96&d=mm&r=g\",\"contentUrl\":\"https:\/\/secure.gravatar.com\/avatar\/f499eeb60144c664cf7b7edf75549b50?s=96&d=mm&r=g\",\"caption\":\"ponferrada2\"},\"url\":\"https:\/\/agrupacionespsoe.es\/ponferrada\/author\/ponferrada2\/\"}]}<\/script>\n<!-- \/ Yoast SEO plugin. -->","yoast_head_json":{"title":"El Mercado de Abastos, otro ejemplo del caos de gesti\u00f3n, improvisaci\u00f3n y promesas rotas del gobierno PP\u2013Coalici\u00f3n por El Bierzo - Agrupaci\u00f3n Socialista de Ponferrada","robots":{"index":"index","follow":"follow","max-snippet":"max-snippet:-1","max-image-preview":"max-image-preview:large","max-video-preview":"max-video-preview:-1"},"canonical":"https:\/\/agrupacionespsoe.es\/ponferrada\/el-mercado-de-abastos-otro-ejemplo-del-caos-de-gestion-improvisacion-y-promesas-rotas-del-gobierno-pp-coalicion-por-el-bierzo\/","og_locale":"es_ES","og_type":"article","og_title":"El Mercado de Abastos, otro ejemplo del caos de gesti\u00f3n, improvisaci\u00f3n y promesas rotas del gobierno PP\u2013Coalici\u00f3n por El Bierzo - Agrupaci\u00f3n Socialista de Ponferrada","og_description":"El Grupo Municipal Socialista denuncia los continuos vaivenes, rectificaciones y bandazos del equipo de gobierno formado por el Partido Popular y Coalici\u00f3n por El Bierzo, una din\u00e1mica que ya se ha convertido en la marca de identidad de este mandato. Un gobierno que anuncia proyectos, memorias, anteproyectos y \u201cgrandes ideas\u201d que nunca salen gratis \u2014porque ...","og_url":"https:\/\/agrupacionespsoe.es\/ponferrada\/el-mercado-de-abastos-otro-ejemplo-del-caos-de-gestion-improvisacion-y-promesas-rotas-del-gobierno-pp-coalicion-por-el-bierzo\/","og_site_name":"Agrupaci\u00f3n Socialista de Ponferrada","article_published_time":"2025-11-18T08:16:21+00:00","article_modified_time":"2025-11-18T08:17:40+00:00","og_image":[{"width":739,"height":538,"url":"https:\/\/agrupacionespsoe.es\/ponferrada\/wp-content\/uploads\/sites\/36\/2025\/11\/image-3.png","type":"image\/png"}],"author":"ponferrada2","twitter_card":"summary_large_image","twitter_misc":{"Escrito por":"ponferrada2","Tiempo de lectura":"5 minutos"},"schema":{"@context":"https:\/\/schema.org","@graph":[{"@type":"Article","@id":"https:\/\/agrupacionespsoe.es\/ponferrada\/el-mercado-de-abastos-otro-ejemplo-del-caos-de-gestion-improvisacion-y-promesas-rotas-del-gobierno-pp-coalicion-por-el-bierzo\/#article","isPartOf":{"@id":"https:\/\/agrupacionespsoe.es\/ponferrada\/el-mercado-de-abastos-otro-ejemplo-del-caos-de-gestion-improvisacion-y-promesas-rotas-del-gobierno-pp-coalicion-por-el-bierzo\/"},"author":{"name":"ponferrada2","@id":"https:\/\/agrupacionespsoe.es\/ponferrada\/#\/schema\/person\/cd29ee627f3b70c05d415f02596debaa"},"headline":"El Mercado de Abastos, otro ejemplo del caos de gesti\u00f3n, improvisaci\u00f3n y promesas rotas del gobierno PP\u2013Coalici\u00f3n por El Bierzo","datePublished":"2025-11-18T08:16:21+00:00","dateModified":"2025-11-18T08:17:40+00:00","mainEntityOfPage":{"@id":"https:\/\/agrupacionespsoe.es\/ponferrada\/el-mercado-de-abastos-otro-ejemplo-del-caos-de-gestion-improvisacion-y-promesas-rotas-del-gobierno-pp-coalicion-por-el-bierzo\/"},"wordCount":894,"commentCount":0,"publisher":{"@id":"https:\/\/agrupacionespsoe.es\/ponferrada\/#organization"},"image":{"@id":"https:\/\/agrupacionespsoe.es\/ponferrada\/el-mercado-de-abastos-otro-ejemplo-del-caos-de-gestion-improvisacion-y-promesas-rotas-del-gobierno-pp-coalicion-por-el-bierzo\/#primaryimage"},"thumbnailUrl":"https:\/\/agrupacionespsoe.es\/ponferrada\/wp-content\/uploads\/sites\/36\/2025\/11\/image-3.png","articleSection":["ACTUALIDAD"],"inLanguage":"es","potentialAction":[{"@type":"CommentAction","name":"Comment","target":["https:\/\/agrupacionespsoe.es\/ponferrada\/el-mercado-de-abastos-otro-ejemplo-del-caos-de-gestion-improvisacion-y-promesas-rotas-del-gobierno-pp-coalicion-por-el-bierzo\/#respond"]}]},{"@type":"WebPage","@id":"https:\/\/agrupacionespsoe.es\/ponferrada\/el-mercado-de-abastos-otro-ejemplo-del-caos-de-gestion-improvisacion-y-promesas-rotas-del-gobierno-pp-coalicion-por-el-bierzo\/","url":"https:\/\/agrupacionespsoe.es\/ponferrada\/el-mercado-de-abastos-otro-ejemplo-del-caos-de-gestion-improvisacion-y-promesas-rotas-del-gobierno-pp-coalicion-por-el-bierzo\/","name":"El Mercado de Abastos, otro ejemplo del caos de gesti\u00f3n, improvisaci\u00f3n y promesas rotas del gobierno PP\u2013Coalici\u00f3n por El Bierzo - Agrupaci\u00f3n Socialista de Ponferrada","isPartOf":{"@id":"https:\/\/agrupacionespsoe.es\/ponferrada\/#website"},"primaryImageOfPage":{"@id":"https:\/\/agrupacionespsoe.es\/ponferrada\/el-mercado-de-abastos-otro-ejemplo-del-caos-de-gestion-improvisacion-y-promesas-rotas-del-gobierno-pp-coalicion-por-el-bierzo\/#primaryimage"},"image":{"@id":"https:\/\/agrupacionespsoe.es\/ponferrada\/el-mercado-de-abastos-otro-ejemplo-del-caos-de-gestion-improvisacion-y-promesas-rotas-del-gobierno-pp-coalicion-por-el-bierzo\/#primaryimage"},"thumbnailUrl":"https:\/\/agrupacionespsoe.es\/ponferrada\/wp-content\/uploads\/sites\/36\/2025\/11\/image-3.png","datePublished":"2025-11-18T08:16:21+00:00","dateModified":"2025-11-18T08:17:40+00:00","breadcrumb":{"@id":"https:\/\/agrupacionespsoe.es\/ponferrada\/el-mercado-de-abastos-otro-ejemplo-del-caos-de-gestion-improvisacion-y-promesas-rotas-del-gobierno-pp-coalicion-por-el-bierzo\/#breadcrumb"},"inLanguage":"es","potentialAction":[{"@type":"ReadAction","target":["https:\/\/agrupacionespsoe.es\/ponferrada\/el-mercado-de-abastos-otro-ejemplo-del-caos-de-gestion-improvisacion-y-promesas-rotas-del-gobierno-pp-coalicion-por-el-bierzo\/"]}]},{"@type":"ImageObject","inLanguage":"es","@id":"https:\/\/agrupacionespsoe.es\/ponferrada\/el-mercado-de-abastos-otro-ejemplo-del-caos-de-gestion-improvisacion-y-promesas-rotas-del-gobierno-pp-coalicion-por-el-bierzo\/#primaryimage","url":"https:\/\/agrupacionespsoe.es\/ponferrada\/wp-content\/uploads\/sites\/36\/2025\/11\/image-3.png","contentUrl":"https:\/\/agrupacionespsoe.es\/ponferrada\/wp-content\/uploads\/sites\/36\/2025\/11\/image-3.png","width":739,"height":538},{"@type":"BreadcrumbList","@id":"https:\/\/agrupacionespsoe.es\/ponferrada\/el-mercado-de-abastos-otro-ejemplo-del-caos-de-gestion-improvisacion-y-promesas-rotas-del-gobierno-pp-coalicion-por-el-bierzo\/#breadcrumb","itemListElement":[{"@type":"ListItem","position":1,"name":"Portada","item":"https:\/\/agrupacionespsoe.es\/ponferrada\/"},{"@type":"ListItem","position":2,"name":"El Mercado de Abastos, otro ejemplo del caos de gesti\u00f3n, improvisaci\u00f3n y promesas rotas del gobierno PP\u2013Coalici\u00f3n por El Bierzo"}]},{"@type":"WebSite","@id":"https:\/\/agrupacionespsoe.es\/ponferrada\/#website","url":"https:\/\/agrupacionespsoe.es\/ponferrada\/","name":"Agrupaci\u00f3n Socialista de Ponferrada","description":"Agrupaci\u00f3n Socialista de Ponferrada","publisher":{"@id":"https:\/\/agrupacionespsoe.es\/ponferrada\/#organization"},"potentialAction":[{"@type":"SearchAction","target":{"@type":"EntryPoint","urlTemplate":"https:\/\/agrupacionespsoe.es\/ponferrada\/?s={search_term_string}"},"query-input":{"@type":"PropertyValueSpecification","valueRequired":true,"valueName":"search_term_string"}}],"inLanguage":"es"},{"@type":"Organization","@id":"https:\/\/agrupacionespsoe.es\/ponferrada\/#organization","name":"Agrupaci\u00f3n Socialista de Ponferrada","url":"https:\/\/agrupacionespsoe.es\/ponferrada\/","logo":{"@type":"ImageObject","inLanguage":"es","@id":"https:\/\/agrupacionespsoe.es\/ponferrada\/#\/schema\/logo\/image\/","url":"https:\/\/agrupacionespsoe.es\/wp-content\/uploads\/2022\/07\/Logotipo_electoral_del_PSOE.png","contentUrl":"https:\/\/agrupacionespsoe.es\/wp-content\/uploads\/2022\/07\/Logotipo_electoral_del_PSOE.png","width":422,"height":422,"caption":"Agrupaci\u00f3n Socialista de Ponferrada"},"image":{"@id":"https:\/\/agrupacionespsoe.es\/ponferrada\/#\/schema\/logo\/image\/"}},{"@type":"Person","@id":"https:\/\/agrupacionespsoe.es\/ponferrada\/#\/schema\/person\/cd29ee627f3b70c05d415f02596debaa","name":"ponferrada2","image":{"@type":"ImageObject","inLanguage":"es","@id":"https:\/\/agrupacionespsoe.es\/ponferrada\/#\/schema\/person\/image\/","url":"https:\/\/secure.gravatar.com\/avatar\/f499eeb60144c664cf7b7edf75549b50?s=96&d=mm&r=g","contentUrl":"https:\/\/secure.gravatar.com\/avatar\/f499eeb60144c664cf7b7edf75549b50?s=96&d=mm&r=g","caption":"ponferrada2"},"url":"https:\/\/agrupacionespsoe.es\/ponferrada\/author\/ponferrada2\/"}]}},"jetpack_featured_media_url":"https:\/\/agrupacionespsoe.es\/ponferrada\/wp-content\/uploads\/sites\/36\/2025\/11\/image-3.png","jetpack_sharing_enabled":true,"_links":{"self":[{"href":"https:\/\/agrupacionespsoe.es\/ponferrada\/wp-json\/wp\/v2\/posts\/1310","targetHints":{"allow":["GET"]}}],"collection":[{"href":"https:\/\/agrupacionespsoe.es\/ponferrada\/wp-json\/wp\/v2\/posts"}],"about":[{"href":"https:\/\/agrupacionespsoe.es\/ponferrada\/wp-json\/wp\/v2\/types\/post"}],"author":[{"embeddable":true,"href":"https:\/\/agrupacionespsoe.es\/ponferrada\/wp-json\/wp\/v2\/users\/32"}],"replies":[{"embeddable":true,"href":"https:\/\/agrupacionespsoe.es\/ponferrada\/wp-json\/wp\/v2\/comments?post=1310"}],"version-history":[{"count":5,"href":"https:\/\/agrupacionespsoe.es\/ponferrada\/wp-json\/wp\/v2\/posts\/1310\/revisions"}],"predecessor-version":[{"id":1317,"href":"https:\/\/agrupacionespsoe.es\/ponferrada\/wp-json\/wp\/v2\/posts\/1310\/revisions\/1317"}],"wp:featuredmedia":[{"embeddable":true,"href":"https:\/\/agrupacionespsoe.es\/ponferrada\/wp-json\/wp\/v2\/media\/1311"}],"wp:attachment":[{"href":"https:\/\/agrupacionespsoe.es\/ponferrada\/wp-json\/wp\/v2\/media?parent=1310"}],"wp:term":[{"taxonomy":"category","embeddable":true,"href":"https:\/\/agrupacionespsoe.es\/ponferrada\/wp-json\/wp\/v2\/categories?post=1310"},{"taxonomy":"post_tag","embeddable":true,"href":"https:\/\/agrupacionespsoe.es\/ponferrada\/wp-json\/wp\/v2\/tags?post=1310"}],"curies":[{"name":"wp","href":"https:\/\/api.w.org\/{rel}","templated":true}]}}