{"id":1300,"date":"2025-11-17T09:31:40","date_gmt":"2025-11-17T09:31:40","guid":{"rendered":"https:\/\/agrupacionespsoe.es\/ponferrada\/?p=1300"},"modified":"2025-11-17T09:31:41","modified_gmt":"2025-11-17T09:31:41","slug":"el-psoe-denuncia-el-descontrol-del-servicio-de-recogida-de-pilas-la-ciudadania-recicla-pero-el-equipo-de-gobierno-no-recoge","status":"publish","type":"post","link":"https:\/\/agrupacionespsoe.es\/ponferrada\/el-psoe-denuncia-el-descontrol-del-servicio-de-recogida-de-pilas-la-ciudadania-recicla-pero-el-equipo-de-gobierno-no-recoge\/","title":{"rendered":"El PSOE denuncia el descontrol del servicio de recogida de pilas: \u201cLa ciudadan\u00eda recicla, pero el equipo de gobierno no recoge\u201d"},"content":{"rendered":"\n<p>El Grupo Municipal Socialista denuncia el estado de total abandono en el que se encuentran los contenedores de pilas repartidos por Ponferrada, desbordados y a rebosar en la gran mayor\u00eda de los puntos de recogida, con pilas literalmente asomando y acumul\u00e1ndose en &nbsp;los dep\u00f3sitos.<\/p>\n\n\n\n<p>Esta situaci\u00f3n demuestra una falta absoluta de control y seguimiento por parte del concejal responsable, que no ha sido capaz de detectar un problema que es evidente en pr\u00e1cticamente todos los barrios del municipio. Es dif\u00edcil entender c\u00f3mo, ante un servicio tan visible y tan sensible desde el punto de vista ambiental, desde el equipo de gobierno no lo han detectado para ordenar su retirada.<\/p>\n\n\n\n<p>Desde el PSOE recordamos que el contrato dise\u00f1ado por el anterior equipo de gobierno inclu\u00eda expresamente la recogida peri\u00f3dica de pilas, la limpieza de los contenedores y la eliminaci\u00f3n de pegatinas y restos adheridos, precisamente para garantizar un mantenimiento adecuado y evitar situaciones de saturaci\u00f3n como la actual.<\/p>\n\n\n\n<figure class=\"wp-block-image size-large\"><img loading=\"lazy\" decoding=\"async\" width=\"473\" height=\"1024\" src=\"https:\/\/agrupacionespsoe.es\/ponferrada\/wp-content\/uploads\/sites\/36\/2025\/11\/WhatsApp-Image-2025-11-17-at-10.12.06-2-1-473x1024.jpeg\" alt=\"\" class=\"wp-image-1306\" srcset=\"https:\/\/agrupacionespsoe.es\/ponferrada\/wp-content\/uploads\/sites\/36\/2025\/11\/WhatsApp-Image-2025-11-17-at-10.12.06-2-1-473x1024.jpeg 473w, https:\/\/agrupacionespsoe.es\/ponferrada\/wp-content\/uploads\/sites\/36\/2025\/11\/WhatsApp-Image-2025-11-17-at-10.12.06-2-1-138x300.jpeg 138w, https:\/\/agrupacionespsoe.es\/ponferrada\/wp-content\/uploads\/sites\/36\/2025\/11\/WhatsApp-Image-2025-11-17-at-10.12.06-2-1-768x1664.jpeg 768w, https:\/\/agrupacionespsoe.es\/ponferrada\/wp-content\/uploads\/sites\/36\/2025\/11\/WhatsApp-Image-2025-11-17-at-10.12.06-2-1-709x1536.jpeg 709w, https:\/\/agrupacionespsoe.es\/ponferrada\/wp-content\/uploads\/sites\/36\/2025\/11\/WhatsApp-Image-2025-11-17-at-10.12.06-2-1.jpeg 912w\" sizes=\"auto, (max-width: 473px) 100vw, 473px\" \/><\/figure>\n\n\n\n<p>Por ello, no estamos ante un problema de medios ni de falta de previsi\u00f3n contractual, sino ante un problema de gesti\u00f3n. El equipo de gobierno tiene la obligaci\u00f3n de exigir el cumplimiento del contrato y supervisar que se realicen las recogidas con la frecuencia prevista. Sin ese control, la cadena de reciclaje se rompe.<\/p>\n\n\n\n<p>En Ponferrada, los vecinos y vecinas s\u00ed est\u00e1n haciendo su parte, reciclando correctamente y depositando las pilas en los puntos habilitados. Es el equipo de gobierno el que no est\u00e1 haciendo la suya.<\/p>\n\n\n\n<p>Desde el Grupo Municipal Socialista pedimos al equipo de gobierno y al concejal responsable que act\u00fae de inmediato, supervise el servicio, ordene la recogida en todos los puntos saturados y garantice que esta situaci\u00f3n no vuelve a repetirse. La gesti\u00f3n de los residuos no es un detalle menor: afecta al medio ambiente, a la imagen de la ciudad y a la confianza de la ciudadan\u00eda en los servicios municipales.<\/p>\n\n\n\n<figure class=\"wp-block-gallery has-nested-images columns-default is-cropped wp-block-gallery-1 is-layout-flex wp-block-gallery-is-layout-flex\">\n<figure class=\"wp-block-image size-large\"><img loading=\"lazy\" decoding=\"async\" width=\"1024\" height=\"612\" data-id=\"1303\" src=\"https:\/\/agrupacionespsoe.es\/ponferrada\/wp-content\/uploads\/sites\/36\/2025\/11\/WhatsApp-Image-2025-11-17-at-10.12.06-1-1-1024x612.jpeg\" alt=\"\" class=\"wp-image-1303\" srcset=\"https:\/\/agrupacionespsoe.es\/ponferrada\/wp-content\/uploads\/sites\/36\/2025\/11\/WhatsApp-Image-2025-11-17-at-10.12.06-1-1-1024x612.jpeg 1024w, https:\/\/agrupacionespsoe.es\/ponferrada\/wp-content\/uploads\/sites\/36\/2025\/11\/WhatsApp-Image-2025-11-17-at-10.12.06-1-1-300x179.jpeg 300w, https:\/\/agrupacionespsoe.es\/ponferrada\/wp-content\/uploads\/sites\/36\/2025\/11\/WhatsApp-Image-2025-11-17-at-10.12.06-1-1-768x459.jpeg 768w, https:\/\/agrupacionespsoe.es\/ponferrada\/wp-content\/uploads\/sites\/36\/2025\/11\/WhatsApp-Image-2025-11-17-at-10.12.06-1-1-1536x919.jpeg 1536w, https:\/\/agrupacionespsoe.es\/ponferrada\/wp-content\/uploads\/sites\/36\/2025\/11\/WhatsApp-Image-2025-11-17-at-10.12.06-1-1.jpeg 1540w\" sizes=\"auto, (max-width: 1024px) 100vw, 1024px\" \/><\/figure>\n\n\n\n<figure class=\"wp-block-image size-large\"><img loading=\"lazy\" decoding=\"async\" width=\"1024\" height=\"473\" data-id=\"1302\" src=\"https:\/\/agrupacionespsoe.es\/ponferrada\/wp-content\/uploads\/sites\/36\/2025\/11\/WhatsApp-Image-2025-11-17-at-10.12.06-1024x473.jpeg\" alt=\"\" class=\"wp-image-1302\" srcset=\"https:\/\/agrupacionespsoe.es\/ponferrada\/wp-content\/uploads\/sites\/36\/2025\/11\/WhatsApp-Image-2025-11-17-at-10.12.06-1024x473.jpeg 1024w, https:\/\/agrupacionespsoe.es\/ponferrada\/wp-content\/uploads\/sites\/36\/2025\/11\/WhatsApp-Image-2025-11-17-at-10.12.06-300x138.jpeg 300w, https:\/\/agrupacionespsoe.es\/ponferrada\/wp-content\/uploads\/sites\/36\/2025\/11\/WhatsApp-Image-2025-11-17-at-10.12.06-768x354.jpeg 768w, https:\/\/agrupacionespsoe.es\/ponferrada\/wp-content\/uploads\/sites\/36\/2025\/11\/WhatsApp-Image-2025-11-17-at-10.12.06-1536x709.jpeg 1536w, https:\/\/agrupacionespsoe.es\/ponferrada\/wp-content\/uploads\/sites\/36\/2025\/11\/WhatsApp-Image-2025-11-17-at-10.12.06.jpeg 1976w\" sizes=\"auto, (max-width: 1024px) 100vw, 1024px\" \/><\/figure>\n<\/figure>\n","protected":false},"excerpt":{"rendered":"<p>El Grupo Municipal Socialista denuncia el estado de total abandono en el que se encuentran los contenedores de pilas repartidos por Ponferrada, desbordados y a rebosar en la gran mayor\u00eda de los puntos de recogida, con pilas literalmente asomando y acumul\u00e1ndose en &nbsp;los dep\u00f3sitos. Esta situaci\u00f3n demuestra una falta absoluta de control y seguimiento por &#8230;<\/p>\n","protected":false},"author":32,"featured_media":1306,"comment_status":"open","ping_status":"open","sticky":false,"template":"","format":"standard","meta":{"_jetpack_memberships_contains_paid_content":false,"footnotes":""},"categories":[6],"tags":[],"class_list":["post-1300","post","type-post","status-publish","format-standard","has-post-thumbnail","hentry","category-actualidad"],"yoast_head":"<!-- This site is optimized with the Yoast SEO plugin v24.0 - https:\/\/yoast.com\/wordpress\/plugins\/seo\/ -->\n<title>El PSOE denuncia el descontrol del servicio de recogida de pilas: \u201cLa ciudadan\u00eda recicla, pero el equipo de gobierno no recoge\u201d - Agrupaci\u00f3n Socialista de Ponferrada<\/title>\n<meta name=\"robots\" content=\"index, follow, max-snippet:-1, max-image-preview:large, max-video-preview:-1\" \/>\n<link rel=\"canonical\" href=\"https:\/\/agrupacionespsoe.es\/ponferrada\/el-psoe-denuncia-el-descontrol-del-servicio-de-recogida-de-pilas-la-ciudadania-recicla-pero-el-equipo-de-gobierno-no-recoge\/\" \/>\n<meta property=\"og:locale\" content=\"es_ES\" \/>\n<meta property=\"og:type\" content=\"article\" \/>\n<meta property=\"og:title\" content=\"El PSOE denuncia el descontrol del servicio de recogida de pilas: \u201cLa ciudadan\u00eda recicla, pero el equipo de gobierno no recoge\u201d - Agrupaci\u00f3n Socialista de Ponferrada\" \/>\n<meta property=\"og:description\" content=\"El Grupo Municipal Socialista denuncia el estado de total abandono en el que se encuentran los contenedores de pilas repartidos por Ponferrada, desbordados y a rebosar en la gran mayor\u00eda de los puntos de recogida, con pilas literalmente asomando y acumul\u00e1ndose en &nbsp;los dep\u00f3sitos. Esta situaci\u00f3n demuestra una falta absoluta de control y seguimiento por ...\" \/>\n<meta property=\"og:url\" content=\"https:\/\/agrupacionespsoe.es\/ponferrada\/el-psoe-denuncia-el-descontrol-del-servicio-de-recogida-de-pilas-la-ciudadania-recicla-pero-el-equipo-de-gobierno-no-recoge\/\" \/>\n<meta property=\"og:site_name\" content=\"Agrupaci\u00f3n Socialista de Ponferrada\" \/>\n<meta property=\"article:published_time\" content=\"2025-11-17T09:31:40+00:00\" \/>\n<meta property=\"article:modified_time\" content=\"2025-11-17T09:31:41+00:00\" \/>\n<meta property=\"og:image\" content=\"https:\/\/agrupacionespsoe.es\/ponferrada\/wp-content\/uploads\/sites\/36\/2025\/11\/WhatsApp-Image-2025-11-17-at-10.12.06-2-1.jpeg\" \/>\n\t<meta property=\"og:image:width\" content=\"912\" \/>\n\t<meta property=\"og:image:height\" content=\"1976\" \/>\n\t<meta property=\"og:image:type\" content=\"image\/jpeg\" \/>\n<meta name=\"author\" content=\"ponferrada2\" \/>\n<meta name=\"twitter:card\" content=\"summary_large_image\" \/>\n<meta name=\"twitter:label1\" content=\"Escrito por\" \/>\n\t<meta name=\"twitter:data1\" content=\"ponferrada2\" \/>\n\t<meta name=\"twitter:label2\" content=\"Tiempo de lectura\" \/>\n\t<meta name=\"twitter:data2\" content=\"3 minutos\" \/>\n<script type=\"application\/ld+json\" class=\"yoast-schema-graph\">{\"@context\":\"https:\/\/schema.org\",\"@graph\":[{\"@type\":\"Article\",\"@id\":\"https:\/\/agrupacionespsoe.es\/ponferrada\/el-psoe-denuncia-el-descontrol-del-servicio-de-recogida-de-pilas-la-ciudadania-recicla-pero-el-equipo-de-gobierno-no-recoge\/#article\",\"isPartOf\":{\"@id\":\"https:\/\/agrupacionespsoe.es\/ponferrada\/el-psoe-denuncia-el-descontrol-del-servicio-de-recogida-de-pilas-la-ciudadania-recicla-pero-el-equipo-de-gobierno-no-recoge\/\"},\"author\":{\"name\":\"ponferrada2\",\"@id\":\"https:\/\/agrupacionespsoe.es\/ponferrada\/#\/schema\/person\/cd29ee627f3b70c05d415f02596debaa\"},\"headline\":\"El PSOE denuncia el descontrol del servicio de recogida de pilas: \u201cLa ciudadan\u00eda recicla, pero el equipo de gobierno no recoge\u201d\",\"datePublished\":\"2025-11-17T09:31:40+00:00\",\"dateModified\":\"2025-11-17T09:31:41+00:00\",\"mainEntityOfPage\":{\"@id\":\"https:\/\/agrupacionespsoe.es\/ponferrada\/el-psoe-denuncia-el-descontrol-del-servicio-de-recogida-de-pilas-la-ciudadania-recicla-pero-el-equipo-de-gobierno-no-recoge\/\"},\"wordCount\":356,\"commentCount\":0,\"publisher\":{\"@id\":\"https:\/\/agrupacionespsoe.es\/ponferrada\/#organization\"},\"image\":{\"@id\":\"https:\/\/agrupacionespsoe.es\/ponferrada\/el-psoe-denuncia-el-descontrol-del-servicio-de-recogida-de-pilas-la-ciudadania-recicla-pero-el-equipo-de-gobierno-no-recoge\/#primaryimage\"},\"thumbnailUrl\":\"https:\/\/agrupacionespsoe.es\/ponferrada\/wp-content\/uploads\/sites\/36\/2025\/11\/WhatsApp-Image-2025-11-17-at-10.12.06-2-1.jpeg\",\"articleSection\":[\"ACTUALIDAD\"],\"inLanguage\":\"es\",\"potentialAction\":[{\"@type\":\"CommentAction\",\"name\":\"Comment\",\"target\":[\"https:\/\/agrupacionespsoe.es\/ponferrada\/el-psoe-denuncia-el-descontrol-del-servicio-de-recogida-de-pilas-la-ciudadania-recicla-pero-el-equipo-de-gobierno-no-recoge\/#respond\"]}]},{\"@type\":\"WebPage\",\"@id\":\"https:\/\/agrupacionespsoe.es\/ponferrada\/el-psoe-denuncia-el-descontrol-del-servicio-de-recogida-de-pilas-la-ciudadania-recicla-pero-el-equipo-de-gobierno-no-recoge\/\",\"url\":\"https:\/\/agrupacionespsoe.es\/ponferrada\/el-psoe-denuncia-el-descontrol-del-servicio-de-recogida-de-pilas-la-ciudadania-recicla-pero-el-equipo-de-gobierno-no-recoge\/\",\"name\":\"El PSOE denuncia el descontrol del servicio de recogida de pilas: \u201cLa ciudadan\u00eda recicla, pero el equipo de gobierno no recoge\u201d - Agrupaci\u00f3n Socialista de Ponferrada\",\"isPartOf\":{\"@id\":\"https:\/\/agrupacionespsoe.es\/ponferrada\/#website\"},\"primaryImageOfPage\":{\"@id\":\"https:\/\/agrupacionespsoe.es\/ponferrada\/el-psoe-denuncia-el-descontrol-del-servicio-de-recogida-de-pilas-la-ciudadania-recicla-pero-el-equipo-de-gobierno-no-recoge\/#primaryimage\"},\"image\":{\"@id\":\"https:\/\/agrupacionespsoe.es\/ponferrada\/el-psoe-denuncia-el-descontrol-del-servicio-de-recogida-de-pilas-la-ciudadania-recicla-pero-el-equipo-de-gobierno-no-recoge\/#primaryimage\"},\"thumbnailUrl\":\"https:\/\/agrupacionespsoe.es\/ponferrada\/wp-content\/uploads\/sites\/36\/2025\/11\/WhatsApp-Image-2025-11-17-at-10.12.06-2-1.jpeg\",\"datePublished\":\"2025-11-17T09:31:40+00:00\",\"dateModified\":\"2025-11-17T09:31:41+00:00\",\"breadcrumb\":{\"@id\":\"https:\/\/agrupacionespsoe.es\/ponferrada\/el-psoe-denuncia-el-descontrol-del-servicio-de-recogida-de-pilas-la-ciudadania-recicla-pero-el-equipo-de-gobierno-no-recoge\/#breadcrumb\"},\"inLanguage\":\"es\",\"potentialAction\":[{\"@type\":\"ReadAction\",\"target\":[\"https:\/\/agrupacionespsoe.es\/ponferrada\/el-psoe-denuncia-el-descontrol-del-servicio-de-recogida-de-pilas-la-ciudadania-recicla-pero-el-equipo-de-gobierno-no-recoge\/\"]}]},{\"@type\":\"ImageObject\",\"inLanguage\":\"es\",\"@id\":\"https:\/\/agrupacionespsoe.es\/ponferrada\/el-psoe-denuncia-el-descontrol-del-servicio-de-recogida-de-pilas-la-ciudadania-recicla-pero-el-equipo-de-gobierno-no-recoge\/#primaryimage\",\"url\":\"https:\/\/agrupacionespsoe.es\/ponferrada\/wp-content\/uploads\/sites\/36\/2025\/11\/WhatsApp-Image-2025-11-17-at-10.12.06-2-1.jpeg\",\"contentUrl\":\"https:\/\/agrupacionespsoe.es\/ponferrada\/wp-content\/uploads\/sites\/36\/2025\/11\/WhatsApp-Image-2025-11-17-at-10.12.06-2-1.jpeg\",\"width\":912,\"height\":1976},{\"@type\":\"BreadcrumbList\",\"@id\":\"https:\/\/agrupacionespsoe.es\/ponferrada\/el-psoe-denuncia-el-descontrol-del-servicio-de-recogida-de-pilas-la-ciudadania-recicla-pero-el-equipo-de-gobierno-no-recoge\/#breadcrumb\",\"itemListElement\":[{\"@type\":\"ListItem\",\"position\":1,\"name\":\"Portada\",\"item\":\"https:\/\/agrupacionespsoe.es\/ponferrada\/\"},{\"@type\":\"ListItem\",\"position\":2,\"name\":\"El PSOE denuncia el descontrol del servicio de recogida de pilas: \u201cLa ciudadan\u00eda recicla, pero el equipo de gobierno no recoge\u201d\"}]},{\"@type\":\"WebSite\",\"@id\":\"https:\/\/agrupacionespsoe.es\/ponferrada\/#website\",\"url\":\"https:\/\/agrupacionespsoe.es\/ponferrada\/\",\"name\":\"Agrupaci\u00f3n Socialista de Ponferrada\",\"description\":\"Agrupaci\u00f3n Socialista de Ponferrada\",\"publisher\":{\"@id\":\"https:\/\/agrupacionespsoe.es\/ponferrada\/#organization\"},\"potentialAction\":[{\"@type\":\"SearchAction\",\"target\":{\"@type\":\"EntryPoint\",\"urlTemplate\":\"https:\/\/agrupacionespsoe.es\/ponferrada\/?s={search_term_string}\"},\"query-input\":{\"@type\":\"PropertyValueSpecification\",\"valueRequired\":true,\"valueName\":\"search_term_string\"}}],\"inLanguage\":\"es\"},{\"@type\":\"Organization\",\"@id\":\"https:\/\/agrupacionespsoe.es\/ponferrada\/#organization\",\"name\":\"Agrupaci\u00f3n Socialista de Ponferrada\",\"url\":\"https:\/\/agrupacionespsoe.es\/ponferrada\/\",\"logo\":{\"@type\":\"ImageObject\",\"inLanguage\":\"es\",\"@id\":\"https:\/\/agrupacionespsoe.es\/ponferrada\/#\/schema\/logo\/image\/\",\"url\":\"https:\/\/agrupacionespsoe.es\/wp-content\/uploads\/2022\/07\/Logotipo_electoral_del_PSOE.png\",\"contentUrl\":\"https:\/\/agrupacionespsoe.es\/wp-content\/uploads\/2022\/07\/Logotipo_electoral_del_PSOE.png\",\"width\":422,\"height\":422,\"caption\":\"Agrupaci\u00f3n Socialista de Ponferrada\"},\"image\":{\"@id\":\"https:\/\/agrupacionespsoe.es\/ponferrada\/#\/schema\/logo\/image\/\"}},{\"@type\":\"Person\",\"@id\":\"https:\/\/agrupacionespsoe.es\/ponferrada\/#\/schema\/person\/cd29ee627f3b70c05d415f02596debaa\",\"name\":\"ponferrada2\",\"image\":{\"@type\":\"ImageObject\",\"inLanguage\":\"es\",\"@id\":\"https:\/\/agrupacionespsoe.es\/ponferrada\/#\/schema\/person\/image\/\",\"url\":\"https:\/\/secure.gravatar.com\/avatar\/f499eeb60144c664cf7b7edf75549b50?s=96&d=mm&r=g\",\"contentUrl\":\"https:\/\/secure.gravatar.com\/avatar\/f499eeb60144c664cf7b7edf75549b50?s=96&d=mm&r=g\",\"caption\":\"ponferrada2\"},\"url\":\"https:\/\/agrupacionespsoe.es\/ponferrada\/author\/ponferrada2\/\"}]}<\/script>\n<!-- \/ Yoast SEO plugin. -->","yoast_head_json":{"title":"El PSOE denuncia el descontrol del servicio de recogida de pilas: \u201cLa ciudadan\u00eda recicla, pero el equipo de gobierno no recoge\u201d - Agrupaci\u00f3n Socialista de Ponferrada","robots":{"index":"index","follow":"follow","max-snippet":"max-snippet:-1","max-image-preview":"max-image-preview:large","max-video-preview":"max-video-preview:-1"},"canonical":"https:\/\/agrupacionespsoe.es\/ponferrada\/el-psoe-denuncia-el-descontrol-del-servicio-de-recogida-de-pilas-la-ciudadania-recicla-pero-el-equipo-de-gobierno-no-recoge\/","og_locale":"es_ES","og_type":"article","og_title":"El PSOE denuncia el descontrol del servicio de recogida de pilas: \u201cLa ciudadan\u00eda recicla, pero el equipo de gobierno no recoge\u201d - Agrupaci\u00f3n Socialista de Ponferrada","og_description":"El Grupo Municipal Socialista denuncia el estado de total abandono en el que se encuentran los contenedores de pilas repartidos por Ponferrada, desbordados y a rebosar en la gran mayor\u00eda de los puntos de recogida, con pilas literalmente asomando y acumul\u00e1ndose en &nbsp;los dep\u00f3sitos. Esta situaci\u00f3n demuestra una falta absoluta de control y seguimiento por ...","og_url":"https:\/\/agrupacionespsoe.es\/ponferrada\/el-psoe-denuncia-el-descontrol-del-servicio-de-recogida-de-pilas-la-ciudadania-recicla-pero-el-equipo-de-gobierno-no-recoge\/","og_site_name":"Agrupaci\u00f3n Socialista de Ponferrada","article_published_time":"2025-11-17T09:31:40+00:00","article_modified_time":"2025-11-17T09:31:41+00:00","og_image":[{"width":912,"height":1976,"url":"https:\/\/agrupacionespsoe.es\/ponferrada\/wp-content\/uploads\/sites\/36\/2025\/11\/WhatsApp-Image-2025-11-17-at-10.12.06-2-1.jpeg","type":"image\/jpeg"}],"author":"ponferrada2","twitter_card":"summary_large_image","twitter_misc":{"Escrito por":"ponferrada2","Tiempo de lectura":"3 minutos"},"schema":{"@context":"https:\/\/schema.org","@graph":[{"@type":"Article","@id":"https:\/\/agrupacionespsoe.es\/ponferrada\/el-psoe-denuncia-el-descontrol-del-servicio-de-recogida-de-pilas-la-ciudadania-recicla-pero-el-equipo-de-gobierno-no-recoge\/#article","isPartOf":{"@id":"https:\/\/agrupacionespsoe.es\/ponferrada\/el-psoe-denuncia-el-descontrol-del-servicio-de-recogida-de-pilas-la-ciudadania-recicla-pero-el-equipo-de-gobierno-no-recoge\/"},"author":{"name":"ponferrada2","@id":"https:\/\/agrupacionespsoe.es\/ponferrada\/#\/schema\/person\/cd29ee627f3b70c05d415f02596debaa"},"headline":"El PSOE denuncia el descontrol del servicio de recogida de pilas: \u201cLa ciudadan\u00eda recicla, pero el equipo de gobierno no recoge\u201d","datePublished":"2025-11-17T09:31:40+00:00","dateModified":"2025-11-17T09:31:41+00:00","mainEntityOfPage":{"@id":"https:\/\/agrupacionespsoe.es\/ponferrada\/el-psoe-denuncia-el-descontrol-del-servicio-de-recogida-de-pilas-la-ciudadania-recicla-pero-el-equipo-de-gobierno-no-recoge\/"},"wordCount":356,"commentCount":0,"publisher":{"@id":"https:\/\/agrupacionespsoe.es\/ponferrada\/#organization"},"image":{"@id":"https:\/\/agrupacionespsoe.es\/ponferrada\/el-psoe-denuncia-el-descontrol-del-servicio-de-recogida-de-pilas-la-ciudadania-recicla-pero-el-equipo-de-gobierno-no-recoge\/#primaryimage"},"thumbnailUrl":"https:\/\/agrupacionespsoe.es\/ponferrada\/wp-content\/uploads\/sites\/36\/2025\/11\/WhatsApp-Image-2025-11-17-at-10.12.06-2-1.jpeg","articleSection":["ACTUALIDAD"],"inLanguage":"es","potentialAction":[{"@type":"CommentAction","name":"Comment","target":["https:\/\/agrupacionespsoe.es\/ponferrada\/el-psoe-denuncia-el-descontrol-del-servicio-de-recogida-de-pilas-la-ciudadania-recicla-pero-el-equipo-de-gobierno-no-recoge\/#respond"]}]},{"@type":"WebPage","@id":"https:\/\/agrupacionespsoe.es\/ponferrada\/el-psoe-denuncia-el-descontrol-del-servicio-de-recogida-de-pilas-la-ciudadania-recicla-pero-el-equipo-de-gobierno-no-recoge\/","url":"https:\/\/agrupacionespsoe.es\/ponferrada\/el-psoe-denuncia-el-descontrol-del-servicio-de-recogida-de-pilas-la-ciudadania-recicla-pero-el-equipo-de-gobierno-no-recoge\/","name":"El PSOE denuncia el descontrol del servicio de recogida de pilas: \u201cLa ciudadan\u00eda recicla, pero el equipo de gobierno no recoge\u201d - Agrupaci\u00f3n Socialista de Ponferrada","isPartOf":{"@id":"https:\/\/agrupacionespsoe.es\/ponferrada\/#website"},"primaryImageOfPage":{"@id":"https:\/\/agrupacionespsoe.es\/ponferrada\/el-psoe-denuncia-el-descontrol-del-servicio-de-recogida-de-pilas-la-ciudadania-recicla-pero-el-equipo-de-gobierno-no-recoge\/#primaryimage"},"image":{"@id":"https:\/\/agrupacionespsoe.es\/ponferrada\/el-psoe-denuncia-el-descontrol-del-servicio-de-recogida-de-pilas-la-ciudadania-recicla-pero-el-equipo-de-gobierno-no-recoge\/#primaryimage"},"thumbnailUrl":"https:\/\/agrupacionespsoe.es\/ponferrada\/wp-content\/uploads\/sites\/36\/2025\/11\/WhatsApp-Image-2025-11-17-at-10.12.06-2-1.jpeg","datePublished":"2025-11-17T09:31:40+00:00","dateModified":"2025-11-17T09:31:41+00:00","breadcrumb":{"@id":"https:\/\/agrupacionespsoe.es\/ponferrada\/el-psoe-denuncia-el-descontrol-del-servicio-de-recogida-de-pilas-la-ciudadania-recicla-pero-el-equipo-de-gobierno-no-recoge\/#breadcrumb"},"inLanguage":"es","potentialAction":[{"@type":"ReadAction","target":["https:\/\/agrupacionespsoe.es\/ponferrada\/el-psoe-denuncia-el-descontrol-del-servicio-de-recogida-de-pilas-la-ciudadania-recicla-pero-el-equipo-de-gobierno-no-recoge\/"]}]},{"@type":"ImageObject","inLanguage":"es","@id":"https:\/\/agrupacionespsoe.es\/ponferrada\/el-psoe-denuncia-el-descontrol-del-servicio-de-recogida-de-pilas-la-ciudadania-recicla-pero-el-equipo-de-gobierno-no-recoge\/#primaryimage","url":"https:\/\/agrupacionespsoe.es\/ponferrada\/wp-content\/uploads\/sites\/36\/2025\/11\/WhatsApp-Image-2025-11-17-at-10.12.06-2-1.jpeg","contentUrl":"https:\/\/agrupacionespsoe.es\/ponferrada\/wp-content\/uploads\/sites\/36\/2025\/11\/WhatsApp-Image-2025-11-17-at-10.12.06-2-1.jpeg","width":912,"height":1976},{"@type":"BreadcrumbList","@id":"https:\/\/agrupacionespsoe.es\/ponferrada\/el-psoe-denuncia-el-descontrol-del-servicio-de-recogida-de-pilas-la-ciudadania-recicla-pero-el-equipo-de-gobierno-no-recoge\/#breadcrumb","itemListElement":[{"@type":"ListItem","position":1,"name":"Portada","item":"https:\/\/agrupacionespsoe.es\/ponferrada\/"},{"@type":"ListItem","position":2,"name":"El PSOE denuncia el descontrol del servicio de recogida de pilas: \u201cLa ciudadan\u00eda recicla, pero el equipo de gobierno no recoge\u201d"}]},{"@type":"WebSite","@id":"https:\/\/agrupacionespsoe.es\/ponferrada\/#website","url":"https:\/\/agrupacionespsoe.es\/ponferrada\/","name":"Agrupaci\u00f3n Socialista de Ponferrada","description":"Agrupaci\u00f3n Socialista de Ponferrada","publisher":{"@id":"https:\/\/agrupacionespsoe.es\/ponferrada\/#organization"},"potentialAction":[{"@type":"SearchAction","target":{"@type":"EntryPoint","urlTemplate":"https:\/\/agrupacionespsoe.es\/ponferrada\/?s={search_term_string}"},"query-input":{"@type":"PropertyValueSpecification","valueRequired":true,"valueName":"search_term_string"}}],"inLanguage":"es"},{"@type":"Organization","@id":"https:\/\/agrupacionespsoe.es\/ponferrada\/#organization","name":"Agrupaci\u00f3n Socialista de Ponferrada","url":"https:\/\/agrupacionespsoe.es\/ponferrada\/","logo":{"@type":"ImageObject","inLanguage":"es","@id":"https:\/\/agrupacionespsoe.es\/ponferrada\/#\/schema\/logo\/image\/","url":"https:\/\/agrupacionespsoe.es\/wp-content\/uploads\/2022\/07\/Logotipo_electoral_del_PSOE.png","contentUrl":"https:\/\/agrupacionespsoe.es\/wp-content\/uploads\/2022\/07\/Logotipo_electoral_del_PSOE.png","width":422,"height":422,"caption":"Agrupaci\u00f3n Socialista de Ponferrada"},"image":{"@id":"https:\/\/agrupacionespsoe.es\/ponferrada\/#\/schema\/logo\/image\/"}},{"@type":"Person","@id":"https:\/\/agrupacionespsoe.es\/ponferrada\/#\/schema\/person\/cd29ee627f3b70c05d415f02596debaa","name":"ponferrada2","image":{"@type":"ImageObject","inLanguage":"es","@id":"https:\/\/agrupacionespsoe.es\/ponferrada\/#\/schema\/person\/image\/","url":"https:\/\/secure.gravatar.com\/avatar\/f499eeb60144c664cf7b7edf75549b50?s=96&d=mm&r=g","contentUrl":"https:\/\/secure.gravatar.com\/avatar\/f499eeb60144c664cf7b7edf75549b50?s=96&d=mm&r=g","caption":"ponferrada2"},"url":"https:\/\/agrupacionespsoe.es\/ponferrada\/author\/ponferrada2\/"}]}},"jetpack_featured_media_url":"https:\/\/agrupacionespsoe.es\/ponferrada\/wp-content\/uploads\/sites\/36\/2025\/11\/WhatsApp-Image-2025-11-17-at-10.12.06-2-1.jpeg","jetpack_sharing_enabled":true,"_links":{"self":[{"href":"https:\/\/agrupacionespsoe.es\/ponferrada\/wp-json\/wp\/v2\/posts\/1300","targetHints":{"allow":["GET"]}}],"collection":[{"href":"https:\/\/agrupacionespsoe.es\/ponferrada\/wp-json\/wp\/v2\/posts"}],"about":[{"href":"https:\/\/agrupacionespsoe.es\/ponferrada\/wp-json\/wp\/v2\/types\/post"}],"author":[{"embeddable":true,"href":"https:\/\/agrupacionespsoe.es\/ponferrada\/wp-json\/wp\/v2\/users\/32"}],"replies":[{"embeddable":true,"href":"https:\/\/agrupacionespsoe.es\/ponferrada\/wp-json\/wp\/v2\/comments?post=1300"}],"version-history":[{"count":2,"href":"https:\/\/agrupacionespsoe.es\/ponferrada\/wp-json\/wp\/v2\/posts\/1300\/revisions"}],"predecessor-version":[{"id":1308,"href":"https:\/\/agrupacionespsoe.es\/ponferrada\/wp-json\/wp\/v2\/posts\/1300\/revisions\/1308"}],"wp:featuredmedia":[{"embeddable":true,"href":"https:\/\/agrupacionespsoe.es\/ponferrada\/wp-json\/wp\/v2\/media\/1306"}],"wp:attachment":[{"href":"https:\/\/agrupacionespsoe.es\/ponferrada\/wp-json\/wp\/v2\/media?parent=1300"}],"wp:term":[{"taxonomy":"category","embeddable":true,"href":"https:\/\/agrupacionespsoe.es\/ponferrada\/wp-json\/wp\/v2\/categories?post=1300"},{"taxonomy":"post_tag","embeddable":true,"href":"https:\/\/agrupacionespsoe.es\/ponferrada\/wp-json\/wp\/v2\/tags?post=1300"}],"curies":[{"name":"wp","href":"https:\/\/api.w.org\/{rel}","templated":true}]}}