{"id":1296,"date":"2025-11-14T17:51:19","date_gmt":"2025-11-14T17:51:19","guid":{"rendered":"https:\/\/agrupacionespsoe.es\/ponferrada\/?p=1296"},"modified":"2025-11-14T17:51:20","modified_gmt":"2025-11-14T17:51:20","slug":"el-psoe-pide-al-alcalde-que-envie-una-comunicacion-directa-a-los-moviles-ante-la-declaracion-de-agua-no-potable-en-algunas-zonas-del-municipio","status":"publish","type":"post","link":"https:\/\/agrupacionespsoe.es\/ponferrada\/el-psoe-pide-al-alcalde-que-envie-una-comunicacion-directa-a-los-moviles-ante-la-declaracion-de-agua-no-potable-en-algunas-zonas-del-municipio\/","title":{"rendered":"El PSOE pide al alcalde que env\u00ede una comunicaci\u00f3n directa a los m\u00f3viles ante la declaraci\u00f3n de agua no potable en algunas zonas del municipio"},"content":{"rendered":"\n<p>El Grupo Municipal Socialista muestra preocupaci\u00f3n por la falta de informaci\u00f3n directa y eficaz hacia la poblaci\u00f3n tras la declaraci\u00f3n del Ayuntamiento de Ponferrada, en la que se advierte de que el agua en muchas zonas del municipio ya no es apta para el consumo humano debido al aumento extremo de turbidez provocado por el derrumbe de la monta\u00f1a en la carretera de acceso a Pe\u00f1alba de Santiago.<\/p>\n\n\n\n<p>Esta situaci\u00f3n afecta a miles de vecinos de numerosos barrios y pedan\u00edas \u2014entre ellos la zona alta de Ponferrada, Flores del Sil, La Placa, La Estaci\u00f3n, Dehesas, Campo, San Lorenzo, Valdefrancos, Villar, Salas, San Esteban, Lombillo y otros\u2014, pero dudamos de que la difusi\u00f3n de esta informaci\u00f3n haya llegado a toda la poblaci\u00f3n.<\/p>\n\n\n\n<p>El PSOE recuerda que esta preocupaci\u00f3n no surge hoy: en todas las comisiones de los \u00faltimos meses, los concejales socialistas han solicitado informaci\u00f3n detallada al equipo de gobierno sobre las medidas previstas ante la evidente inestabilidad de la captaci\u00f3n afectada&nbsp; y los posibles episodios de turbidez.<\/p>\n\n\n\n<p>No queremos hablar de improvisaci\u00f3n ni de falta de previsi\u00f3n, porque ahora lo urgente es solucionar el problema y, sobre todo, informar adecuadamente a la ciudadan\u00eda. Sin embargo, es evidente que los derrumbes en la carretera de Pe\u00f1alba se vienen produciendo desde hace d\u00edas y que un gobierno m\u00e1s previsor habr\u00eda avanzado en las conversaciones que el anterior equipo de gobierno dej\u00f3 iniciadas con la Mancomunidad de El Bierzo Central para habilitar un enganche de agua de emergencia que permitiera garantizar el suministro en situaciones como \u00e9sta.<\/p>\n\n\n\n<p>Es imprescindible retomar ese camino porque Ponferrada no puede quedar aislada ni dependiente de los puntos de captaci\u00f3n actuales<\/p>\n\n\n\n<p>Como lo importante ahora son los ciudadanos afectados, nuestro portavoz ha pedido al alcalde que utilice todos los medios necesarios para asegurar que ning\u00fan vecino quede sin saber que el agua no puede beberse. Este tipo de alertas requieren una comunicaci\u00f3n inmediata, presencial y directa. El PSOE ha solicitado expresamente que operarios municipales acudan a los barrios afectados a colgar bandos informativos en portales, establecimientos y espacios p\u00fablicos, garantizando que la informaci\u00f3n llegue a todas las familias, especialmente a los mayores y a quienes no utilizan redes sociales.<\/p>\n\n\n\n<p>Pero no solo eso desde el PSOE tambi\u00e9n pedimos que se env\u00ede una alerta directa a los tel\u00e9fonos m\u00f3viles de todos los vecinos y vecinas de Ponferrada, advirtiendo de que el agua del grifo puede no es apta para el consumo, acompa\u00f1ada del mapa de las zonas afectadas. Sabemos que este sistema de aviso es posible, que incluso se ha ofrecido, y consideramos que lo verdaderamente urgente es garantizar que toda la poblaci\u00f3n conozca la situaci\u00f3n sin margen para dudas. En una situaci\u00f3n como esta, la comunicaci\u00f3n debe ser inmediata, inequ\u00edvoca y accesible para todos.<\/p>\n\n\n\n<p>Asimismo, pedimos a la Diputaci\u00f3n de Le\u00f3n que acelere al m\u00e1ximo la reparaci\u00f3n de la carretera de Pe\u00f1alba para reducir en la medida de lo posible el riesgo de nuevos desprendimientos que pongan en jaque la calidad del agua. El Grupo Municipal Socialista pide tambi\u00e9n que el alcalde explique de forma clara el plan de seguimiento, los tiempos previstos para recuperar la potabilidad y la frecuencia de los an\u00e1lisis, adem\u00e1s de mantener una comunicaci\u00f3n continua, transparente y accesible para toda la poblaci\u00f3n.<\/p>\n\n\n\n<figure class=\"wp-block-image size-large\"><img loading=\"lazy\" decoding=\"async\" width=\"1024\" height=\"724\" src=\"https:\/\/agrupacionespsoe.es\/ponferrada\/wp-content\/uploads\/sites\/36\/2025\/11\/WhatsApp-Image-2025-11-14-at-15.41.20-1024x724.jpeg\" alt=\"\" class=\"wp-image-1297\" srcset=\"https:\/\/agrupacionespsoe.es\/ponferrada\/wp-content\/uploads\/sites\/36\/2025\/11\/WhatsApp-Image-2025-11-14-at-15.41.20-1024x724.jpeg 1024w, https:\/\/agrupacionespsoe.es\/ponferrada\/wp-content\/uploads\/sites\/36\/2025\/11\/WhatsApp-Image-2025-11-14-at-15.41.20-300x212.jpeg 300w, https:\/\/agrupacionespsoe.es\/ponferrada\/wp-content\/uploads\/sites\/36\/2025\/11\/WhatsApp-Image-2025-11-14-at-15.41.20-768x543.jpeg 768w, https:\/\/agrupacionespsoe.es\/ponferrada\/wp-content\/uploads\/sites\/36\/2025\/11\/WhatsApp-Image-2025-11-14-at-15.41.20-1536x1086.jpeg 1536w, https:\/\/agrupacionespsoe.es\/ponferrada\/wp-content\/uploads\/sites\/36\/2025\/11\/WhatsApp-Image-2025-11-14-at-15.41.20.jpeg 1600w\" sizes=\"auto, (max-width: 1024px) 100vw, 1024px\" \/><\/figure>\n","protected":false},"excerpt":{"rendered":"<p>El Grupo Municipal Socialista muestra preocupaci\u00f3n por la falta de informaci\u00f3n directa y eficaz hacia la poblaci\u00f3n tras la declaraci\u00f3n del Ayuntamiento de Ponferrada, en la que se advierte de que el agua en muchas zonas del municipio ya no es apta para el consumo humano debido al aumento extremo de turbidez provocado por el &#8230;<\/p>\n","protected":false},"author":32,"featured_media":1297,"comment_status":"open","ping_status":"open","sticky":false,"template":"","format":"standard","meta":{"_jetpack_memberships_contains_paid_content":false,"footnotes":""},"categories":[6],"tags":[],"class_list":["post-1296","post","type-post","status-publish","format-standard","has-post-thumbnail","hentry","category-actualidad"],"yoast_head":"<!-- This site is optimized with the Yoast SEO plugin v24.0 - https:\/\/yoast.com\/wordpress\/plugins\/seo\/ -->\n<title>El PSOE pide al alcalde que env\u00ede una comunicaci\u00f3n directa a los m\u00f3viles ante la declaraci\u00f3n de agua no potable en algunas zonas del municipio - Agrupaci\u00f3n Socialista de Ponferrada<\/title>\n<meta name=\"robots\" content=\"index, follow, max-snippet:-1, max-image-preview:large, max-video-preview:-1\" \/>\n<link rel=\"canonical\" href=\"https:\/\/agrupacionespsoe.es\/ponferrada\/el-psoe-pide-al-alcalde-que-envie-una-comunicacion-directa-a-los-moviles-ante-la-declaracion-de-agua-no-potable-en-algunas-zonas-del-municipio\/\" \/>\n<meta property=\"og:locale\" content=\"es_ES\" \/>\n<meta property=\"og:type\" content=\"article\" \/>\n<meta property=\"og:title\" content=\"El PSOE pide al alcalde que env\u00ede una comunicaci\u00f3n directa a los m\u00f3viles ante la declaraci\u00f3n de agua no potable en algunas zonas del municipio - Agrupaci\u00f3n Socialista de Ponferrada\" \/>\n<meta property=\"og:description\" content=\"El Grupo Municipal Socialista muestra preocupaci\u00f3n por la falta de informaci\u00f3n directa y eficaz hacia la poblaci\u00f3n tras la declaraci\u00f3n del Ayuntamiento de Ponferrada, en la que se advierte de que el agua en muchas zonas del municipio ya no es apta para el consumo humano debido al aumento extremo de turbidez provocado por el ...\" \/>\n<meta property=\"og:url\" content=\"https:\/\/agrupacionespsoe.es\/ponferrada\/el-psoe-pide-al-alcalde-que-envie-una-comunicacion-directa-a-los-moviles-ante-la-declaracion-de-agua-no-potable-en-algunas-zonas-del-municipio\/\" \/>\n<meta property=\"og:site_name\" content=\"Agrupaci\u00f3n Socialista de Ponferrada\" \/>\n<meta property=\"article:published_time\" content=\"2025-11-14T17:51:19+00:00\" \/>\n<meta property=\"article:modified_time\" content=\"2025-11-14T17:51:20+00:00\" \/>\n<meta property=\"og:image\" content=\"https:\/\/agrupacionespsoe.es\/ponferrada\/wp-content\/uploads\/sites\/36\/2025\/11\/WhatsApp-Image-2025-11-14-at-15.41.20.jpeg\" \/>\n\t<meta property=\"og:image:width\" content=\"1600\" \/>\n\t<meta property=\"og:image:height\" content=\"1131\" \/>\n\t<meta property=\"og:image:type\" content=\"image\/jpeg\" \/>\n<meta name=\"author\" content=\"ponferrada2\" \/>\n<meta name=\"twitter:card\" content=\"summary_large_image\" \/>\n<meta name=\"twitter:label1\" content=\"Escrito por\" \/>\n\t<meta name=\"twitter:data1\" content=\"ponferrada2\" \/>\n\t<meta name=\"twitter:label2\" content=\"Tiempo de lectura\" \/>\n\t<meta name=\"twitter:data2\" content=\"3 minutos\" \/>\n<script type=\"application\/ld+json\" class=\"yoast-schema-graph\">{\"@context\":\"https:\/\/schema.org\",\"@graph\":[{\"@type\":\"Article\",\"@id\":\"https:\/\/agrupacionespsoe.es\/ponferrada\/el-psoe-pide-al-alcalde-que-envie-una-comunicacion-directa-a-los-moviles-ante-la-declaracion-de-agua-no-potable-en-algunas-zonas-del-municipio\/#article\",\"isPartOf\":{\"@id\":\"https:\/\/agrupacionespsoe.es\/ponferrada\/el-psoe-pide-al-alcalde-que-envie-una-comunicacion-directa-a-los-moviles-ante-la-declaracion-de-agua-no-potable-en-algunas-zonas-del-municipio\/\"},\"author\":{\"name\":\"ponferrada2\",\"@id\":\"https:\/\/agrupacionespsoe.es\/ponferrada\/#\/schema\/person\/cd29ee627f3b70c05d415f02596debaa\"},\"headline\":\"El PSOE pide al alcalde que env\u00ede una comunicaci\u00f3n directa a los m\u00f3viles ante la declaraci\u00f3n de agua no potable en algunas zonas del municipio\",\"datePublished\":\"2025-11-14T17:51:19+00:00\",\"dateModified\":\"2025-11-14T17:51:20+00:00\",\"mainEntityOfPage\":{\"@id\":\"https:\/\/agrupacionespsoe.es\/ponferrada\/el-psoe-pide-al-alcalde-que-envie-una-comunicacion-directa-a-los-moviles-ante-la-declaracion-de-agua-no-potable-en-algunas-zonas-del-municipio\/\"},\"wordCount\":615,\"commentCount\":0,\"publisher\":{\"@id\":\"https:\/\/agrupacionespsoe.es\/ponferrada\/#organization\"},\"image\":{\"@id\":\"https:\/\/agrupacionespsoe.es\/ponferrada\/el-psoe-pide-al-alcalde-que-envie-una-comunicacion-directa-a-los-moviles-ante-la-declaracion-de-agua-no-potable-en-algunas-zonas-del-municipio\/#primaryimage\"},\"thumbnailUrl\":\"https:\/\/agrupacionespsoe.es\/ponferrada\/wp-content\/uploads\/sites\/36\/2025\/11\/WhatsApp-Image-2025-11-14-at-15.41.20.jpeg\",\"articleSection\":[\"ACTUALIDAD\"],\"inLanguage\":\"es\",\"potentialAction\":[{\"@type\":\"CommentAction\",\"name\":\"Comment\",\"target\":[\"https:\/\/agrupacionespsoe.es\/ponferrada\/el-psoe-pide-al-alcalde-que-envie-una-comunicacion-directa-a-los-moviles-ante-la-declaracion-de-agua-no-potable-en-algunas-zonas-del-municipio\/#respond\"]}]},{\"@type\":\"WebPage\",\"@id\":\"https:\/\/agrupacionespsoe.es\/ponferrada\/el-psoe-pide-al-alcalde-que-envie-una-comunicacion-directa-a-los-moviles-ante-la-declaracion-de-agua-no-potable-en-algunas-zonas-del-municipio\/\",\"url\":\"https:\/\/agrupacionespsoe.es\/ponferrada\/el-psoe-pide-al-alcalde-que-envie-una-comunicacion-directa-a-los-moviles-ante-la-declaracion-de-agua-no-potable-en-algunas-zonas-del-municipio\/\",\"name\":\"El PSOE pide al alcalde que env\u00ede una comunicaci\u00f3n directa a los m\u00f3viles ante la declaraci\u00f3n de agua no potable en algunas zonas del municipio - Agrupaci\u00f3n Socialista de Ponferrada\",\"isPartOf\":{\"@id\":\"https:\/\/agrupacionespsoe.es\/ponferrada\/#website\"},\"primaryImageOfPage\":{\"@id\":\"https:\/\/agrupacionespsoe.es\/ponferrada\/el-psoe-pide-al-alcalde-que-envie-una-comunicacion-directa-a-los-moviles-ante-la-declaracion-de-agua-no-potable-en-algunas-zonas-del-municipio\/#primaryimage\"},\"image\":{\"@id\":\"https:\/\/agrupacionespsoe.es\/ponferrada\/el-psoe-pide-al-alcalde-que-envie-una-comunicacion-directa-a-los-moviles-ante-la-declaracion-de-agua-no-potable-en-algunas-zonas-del-municipio\/#primaryimage\"},\"thumbnailUrl\":\"https:\/\/agrupacionespsoe.es\/ponferrada\/wp-content\/uploads\/sites\/36\/2025\/11\/WhatsApp-Image-2025-11-14-at-15.41.20.jpeg\",\"datePublished\":\"2025-11-14T17:51:19+00:00\",\"dateModified\":\"2025-11-14T17:51:20+00:00\",\"breadcrumb\":{\"@id\":\"https:\/\/agrupacionespsoe.es\/ponferrada\/el-psoe-pide-al-alcalde-que-envie-una-comunicacion-directa-a-los-moviles-ante-la-declaracion-de-agua-no-potable-en-algunas-zonas-del-municipio\/#breadcrumb\"},\"inLanguage\":\"es\",\"potentialAction\":[{\"@type\":\"ReadAction\",\"target\":[\"https:\/\/agrupacionespsoe.es\/ponferrada\/el-psoe-pide-al-alcalde-que-envie-una-comunicacion-directa-a-los-moviles-ante-la-declaracion-de-agua-no-potable-en-algunas-zonas-del-municipio\/\"]}]},{\"@type\":\"ImageObject\",\"inLanguage\":\"es\",\"@id\":\"https:\/\/agrupacionespsoe.es\/ponferrada\/el-psoe-pide-al-alcalde-que-envie-una-comunicacion-directa-a-los-moviles-ante-la-declaracion-de-agua-no-potable-en-algunas-zonas-del-municipio\/#primaryimage\",\"url\":\"https:\/\/agrupacionespsoe.es\/ponferrada\/wp-content\/uploads\/sites\/36\/2025\/11\/WhatsApp-Image-2025-11-14-at-15.41.20.jpeg\",\"contentUrl\":\"https:\/\/agrupacionespsoe.es\/ponferrada\/wp-content\/uploads\/sites\/36\/2025\/11\/WhatsApp-Image-2025-11-14-at-15.41.20.jpeg\",\"width\":1600,\"height\":1131},{\"@type\":\"BreadcrumbList\",\"@id\":\"https:\/\/agrupacionespsoe.es\/ponferrada\/el-psoe-pide-al-alcalde-que-envie-una-comunicacion-directa-a-los-moviles-ante-la-declaracion-de-agua-no-potable-en-algunas-zonas-del-municipio\/#breadcrumb\",\"itemListElement\":[{\"@type\":\"ListItem\",\"position\":1,\"name\":\"Portada\",\"item\":\"https:\/\/agrupacionespsoe.es\/ponferrada\/\"},{\"@type\":\"ListItem\",\"position\":2,\"name\":\"El PSOE pide al alcalde que env\u00ede una comunicaci\u00f3n directa a los m\u00f3viles ante la declaraci\u00f3n de agua no potable en algunas zonas del municipio\"}]},{\"@type\":\"WebSite\",\"@id\":\"https:\/\/agrupacionespsoe.es\/ponferrada\/#website\",\"url\":\"https:\/\/agrupacionespsoe.es\/ponferrada\/\",\"name\":\"Agrupaci\u00f3n Socialista de Ponferrada\",\"description\":\"Agrupaci\u00f3n Socialista de Ponferrada\",\"publisher\":{\"@id\":\"https:\/\/agrupacionespsoe.es\/ponferrada\/#organization\"},\"potentialAction\":[{\"@type\":\"SearchAction\",\"target\":{\"@type\":\"EntryPoint\",\"urlTemplate\":\"https:\/\/agrupacionespsoe.es\/ponferrada\/?s={search_term_string}\"},\"query-input\":{\"@type\":\"PropertyValueSpecification\",\"valueRequired\":true,\"valueName\":\"search_term_string\"}}],\"inLanguage\":\"es\"},{\"@type\":\"Organization\",\"@id\":\"https:\/\/agrupacionespsoe.es\/ponferrada\/#organization\",\"name\":\"Agrupaci\u00f3n Socialista de Ponferrada\",\"url\":\"https:\/\/agrupacionespsoe.es\/ponferrada\/\",\"logo\":{\"@type\":\"ImageObject\",\"inLanguage\":\"es\",\"@id\":\"https:\/\/agrupacionespsoe.es\/ponferrada\/#\/schema\/logo\/image\/\",\"url\":\"https:\/\/agrupacionespsoe.es\/wp-content\/uploads\/2022\/07\/Logotipo_electoral_del_PSOE.png\",\"contentUrl\":\"https:\/\/agrupacionespsoe.es\/wp-content\/uploads\/2022\/07\/Logotipo_electoral_del_PSOE.png\",\"width\":422,\"height\":422,\"caption\":\"Agrupaci\u00f3n Socialista de Ponferrada\"},\"image\":{\"@id\":\"https:\/\/agrupacionespsoe.es\/ponferrada\/#\/schema\/logo\/image\/\"}},{\"@type\":\"Person\",\"@id\":\"https:\/\/agrupacionespsoe.es\/ponferrada\/#\/schema\/person\/cd29ee627f3b70c05d415f02596debaa\",\"name\":\"ponferrada2\",\"image\":{\"@type\":\"ImageObject\",\"inLanguage\":\"es\",\"@id\":\"https:\/\/agrupacionespsoe.es\/ponferrada\/#\/schema\/person\/image\/\",\"url\":\"https:\/\/secure.gravatar.com\/avatar\/f499eeb60144c664cf7b7edf75549b50?s=96&d=mm&r=g\",\"contentUrl\":\"https:\/\/secure.gravatar.com\/avatar\/f499eeb60144c664cf7b7edf75549b50?s=96&d=mm&r=g\",\"caption\":\"ponferrada2\"},\"url\":\"https:\/\/agrupacionespsoe.es\/ponferrada\/author\/ponferrada2\/\"}]}<\/script>\n<!-- \/ Yoast SEO plugin. -->","yoast_head_json":{"title":"El PSOE pide al alcalde que env\u00ede una comunicaci\u00f3n directa a los m\u00f3viles ante la declaraci\u00f3n de agua no potable en algunas zonas del municipio - Agrupaci\u00f3n Socialista de Ponferrada","robots":{"index":"index","follow":"follow","max-snippet":"max-snippet:-1","max-image-preview":"max-image-preview:large","max-video-preview":"max-video-preview:-1"},"canonical":"https:\/\/agrupacionespsoe.es\/ponferrada\/el-psoe-pide-al-alcalde-que-envie-una-comunicacion-directa-a-los-moviles-ante-la-declaracion-de-agua-no-potable-en-algunas-zonas-del-municipio\/","og_locale":"es_ES","og_type":"article","og_title":"El PSOE pide al alcalde que env\u00ede una comunicaci\u00f3n directa a los m\u00f3viles ante la declaraci\u00f3n de agua no potable en algunas zonas del municipio - Agrupaci\u00f3n Socialista de Ponferrada","og_description":"El Grupo Municipal Socialista muestra preocupaci\u00f3n por la falta de informaci\u00f3n directa y eficaz hacia la poblaci\u00f3n tras la declaraci\u00f3n del Ayuntamiento de Ponferrada, en la que se advierte de que el agua en muchas zonas del municipio ya no es apta para el consumo humano debido al aumento extremo de turbidez provocado por el ...","og_url":"https:\/\/agrupacionespsoe.es\/ponferrada\/el-psoe-pide-al-alcalde-que-envie-una-comunicacion-directa-a-los-moviles-ante-la-declaracion-de-agua-no-potable-en-algunas-zonas-del-municipio\/","og_site_name":"Agrupaci\u00f3n Socialista de Ponferrada","article_published_time":"2025-11-14T17:51:19+00:00","article_modified_time":"2025-11-14T17:51:20+00:00","og_image":[{"width":1600,"height":1131,"url":"https:\/\/agrupacionespsoe.es\/ponferrada\/wp-content\/uploads\/sites\/36\/2025\/11\/WhatsApp-Image-2025-11-14-at-15.41.20.jpeg","type":"image\/jpeg"}],"author":"ponferrada2","twitter_card":"summary_large_image","twitter_misc":{"Escrito por":"ponferrada2","Tiempo de lectura":"3 minutos"},"schema":{"@context":"https:\/\/schema.org","@graph":[{"@type":"Article","@id":"https:\/\/agrupacionespsoe.es\/ponferrada\/el-psoe-pide-al-alcalde-que-envie-una-comunicacion-directa-a-los-moviles-ante-la-declaracion-de-agua-no-potable-en-algunas-zonas-del-municipio\/#article","isPartOf":{"@id":"https:\/\/agrupacionespsoe.es\/ponferrada\/el-psoe-pide-al-alcalde-que-envie-una-comunicacion-directa-a-los-moviles-ante-la-declaracion-de-agua-no-potable-en-algunas-zonas-del-municipio\/"},"author":{"name":"ponferrada2","@id":"https:\/\/agrupacionespsoe.es\/ponferrada\/#\/schema\/person\/cd29ee627f3b70c05d415f02596debaa"},"headline":"El PSOE pide al alcalde que env\u00ede una comunicaci\u00f3n directa a los m\u00f3viles ante la declaraci\u00f3n de agua no potable en algunas zonas del municipio","datePublished":"2025-11-14T17:51:19+00:00","dateModified":"2025-11-14T17:51:20+00:00","mainEntityOfPage":{"@id":"https:\/\/agrupacionespsoe.es\/ponferrada\/el-psoe-pide-al-alcalde-que-envie-una-comunicacion-directa-a-los-moviles-ante-la-declaracion-de-agua-no-potable-en-algunas-zonas-del-municipio\/"},"wordCount":615,"commentCount":0,"publisher":{"@id":"https:\/\/agrupacionespsoe.es\/ponferrada\/#organization"},"image":{"@id":"https:\/\/agrupacionespsoe.es\/ponferrada\/el-psoe-pide-al-alcalde-que-envie-una-comunicacion-directa-a-los-moviles-ante-la-declaracion-de-agua-no-potable-en-algunas-zonas-del-municipio\/#primaryimage"},"thumbnailUrl":"https:\/\/agrupacionespsoe.es\/ponferrada\/wp-content\/uploads\/sites\/36\/2025\/11\/WhatsApp-Image-2025-11-14-at-15.41.20.jpeg","articleSection":["ACTUALIDAD"],"inLanguage":"es","potentialAction":[{"@type":"CommentAction","name":"Comment","target":["https:\/\/agrupacionespsoe.es\/ponferrada\/el-psoe-pide-al-alcalde-que-envie-una-comunicacion-directa-a-los-moviles-ante-la-declaracion-de-agua-no-potable-en-algunas-zonas-del-municipio\/#respond"]}]},{"@type":"WebPage","@id":"https:\/\/agrupacionespsoe.es\/ponferrada\/el-psoe-pide-al-alcalde-que-envie-una-comunicacion-directa-a-los-moviles-ante-la-declaracion-de-agua-no-potable-en-algunas-zonas-del-municipio\/","url":"https:\/\/agrupacionespsoe.es\/ponferrada\/el-psoe-pide-al-alcalde-que-envie-una-comunicacion-directa-a-los-moviles-ante-la-declaracion-de-agua-no-potable-en-algunas-zonas-del-municipio\/","name":"El PSOE pide al alcalde que env\u00ede una comunicaci\u00f3n directa a los m\u00f3viles ante la declaraci\u00f3n de agua no potable en algunas zonas del municipio - Agrupaci\u00f3n Socialista de Ponferrada","isPartOf":{"@id":"https:\/\/agrupacionespsoe.es\/ponferrada\/#website"},"primaryImageOfPage":{"@id":"https:\/\/agrupacionespsoe.es\/ponferrada\/el-psoe-pide-al-alcalde-que-envie-una-comunicacion-directa-a-los-moviles-ante-la-declaracion-de-agua-no-potable-en-algunas-zonas-del-municipio\/#primaryimage"},"image":{"@id":"https:\/\/agrupacionespsoe.es\/ponferrada\/el-psoe-pide-al-alcalde-que-envie-una-comunicacion-directa-a-los-moviles-ante-la-declaracion-de-agua-no-potable-en-algunas-zonas-del-municipio\/#primaryimage"},"thumbnailUrl":"https:\/\/agrupacionespsoe.es\/ponferrada\/wp-content\/uploads\/sites\/36\/2025\/11\/WhatsApp-Image-2025-11-14-at-15.41.20.jpeg","datePublished":"2025-11-14T17:51:19+00:00","dateModified":"2025-11-14T17:51:20+00:00","breadcrumb":{"@id":"https:\/\/agrupacionespsoe.es\/ponferrada\/el-psoe-pide-al-alcalde-que-envie-una-comunicacion-directa-a-los-moviles-ante-la-declaracion-de-agua-no-potable-en-algunas-zonas-del-municipio\/#breadcrumb"},"inLanguage":"es","potentialAction":[{"@type":"ReadAction","target":["https:\/\/agrupacionespsoe.es\/ponferrada\/el-psoe-pide-al-alcalde-que-envie-una-comunicacion-directa-a-los-moviles-ante-la-declaracion-de-agua-no-potable-en-algunas-zonas-del-municipio\/"]}]},{"@type":"ImageObject","inLanguage":"es","@id":"https:\/\/agrupacionespsoe.es\/ponferrada\/el-psoe-pide-al-alcalde-que-envie-una-comunicacion-directa-a-los-moviles-ante-la-declaracion-de-agua-no-potable-en-algunas-zonas-del-municipio\/#primaryimage","url":"https:\/\/agrupacionespsoe.es\/ponferrada\/wp-content\/uploads\/sites\/36\/2025\/11\/WhatsApp-Image-2025-11-14-at-15.41.20.jpeg","contentUrl":"https:\/\/agrupacionespsoe.es\/ponferrada\/wp-content\/uploads\/sites\/36\/2025\/11\/WhatsApp-Image-2025-11-14-at-15.41.20.jpeg","width":1600,"height":1131},{"@type":"BreadcrumbList","@id":"https:\/\/agrupacionespsoe.es\/ponferrada\/el-psoe-pide-al-alcalde-que-envie-una-comunicacion-directa-a-los-moviles-ante-la-declaracion-de-agua-no-potable-en-algunas-zonas-del-municipio\/#breadcrumb","itemListElement":[{"@type":"ListItem","position":1,"name":"Portada","item":"https:\/\/agrupacionespsoe.es\/ponferrada\/"},{"@type":"ListItem","position":2,"name":"El PSOE pide al alcalde que env\u00ede una comunicaci\u00f3n directa a los m\u00f3viles ante la declaraci\u00f3n de agua no potable en algunas zonas del municipio"}]},{"@type":"WebSite","@id":"https:\/\/agrupacionespsoe.es\/ponferrada\/#website","url":"https:\/\/agrupacionespsoe.es\/ponferrada\/","name":"Agrupaci\u00f3n Socialista de Ponferrada","description":"Agrupaci\u00f3n Socialista de Ponferrada","publisher":{"@id":"https:\/\/agrupacionespsoe.es\/ponferrada\/#organization"},"potentialAction":[{"@type":"SearchAction","target":{"@type":"EntryPoint","urlTemplate":"https:\/\/agrupacionespsoe.es\/ponferrada\/?s={search_term_string}"},"query-input":{"@type":"PropertyValueSpecification","valueRequired":true,"valueName":"search_term_string"}}],"inLanguage":"es"},{"@type":"Organization","@id":"https:\/\/agrupacionespsoe.es\/ponferrada\/#organization","name":"Agrupaci\u00f3n Socialista de Ponferrada","url":"https:\/\/agrupacionespsoe.es\/ponferrada\/","logo":{"@type":"ImageObject","inLanguage":"es","@id":"https:\/\/agrupacionespsoe.es\/ponferrada\/#\/schema\/logo\/image\/","url":"https:\/\/agrupacionespsoe.es\/wp-content\/uploads\/2022\/07\/Logotipo_electoral_del_PSOE.png","contentUrl":"https:\/\/agrupacionespsoe.es\/wp-content\/uploads\/2022\/07\/Logotipo_electoral_del_PSOE.png","width":422,"height":422,"caption":"Agrupaci\u00f3n Socialista de Ponferrada"},"image":{"@id":"https:\/\/agrupacionespsoe.es\/ponferrada\/#\/schema\/logo\/image\/"}},{"@type":"Person","@id":"https:\/\/agrupacionespsoe.es\/ponferrada\/#\/schema\/person\/cd29ee627f3b70c05d415f02596debaa","name":"ponferrada2","image":{"@type":"ImageObject","inLanguage":"es","@id":"https:\/\/agrupacionespsoe.es\/ponferrada\/#\/schema\/person\/image\/","url":"https:\/\/secure.gravatar.com\/avatar\/f499eeb60144c664cf7b7edf75549b50?s=96&d=mm&r=g","contentUrl":"https:\/\/secure.gravatar.com\/avatar\/f499eeb60144c664cf7b7edf75549b50?s=96&d=mm&r=g","caption":"ponferrada2"},"url":"https:\/\/agrupacionespsoe.es\/ponferrada\/author\/ponferrada2\/"}]}},"jetpack_featured_media_url":"https:\/\/agrupacionespsoe.es\/ponferrada\/wp-content\/uploads\/sites\/36\/2025\/11\/WhatsApp-Image-2025-11-14-at-15.41.20.jpeg","jetpack_sharing_enabled":true,"_links":{"self":[{"href":"https:\/\/agrupacionespsoe.es\/ponferrada\/wp-json\/wp\/v2\/posts\/1296","targetHints":{"allow":["GET"]}}],"collection":[{"href":"https:\/\/agrupacionespsoe.es\/ponferrada\/wp-json\/wp\/v2\/posts"}],"about":[{"href":"https:\/\/agrupacionespsoe.es\/ponferrada\/wp-json\/wp\/v2\/types\/post"}],"author":[{"embeddable":true,"href":"https:\/\/agrupacionespsoe.es\/ponferrada\/wp-json\/wp\/v2\/users\/32"}],"replies":[{"embeddable":true,"href":"https:\/\/agrupacionespsoe.es\/ponferrada\/wp-json\/wp\/v2\/comments?post=1296"}],"version-history":[{"count":2,"href":"https:\/\/agrupacionespsoe.es\/ponferrada\/wp-json\/wp\/v2\/posts\/1296\/revisions"}],"predecessor-version":[{"id":1299,"href":"https:\/\/agrupacionespsoe.es\/ponferrada\/wp-json\/wp\/v2\/posts\/1296\/revisions\/1299"}],"wp:featuredmedia":[{"embeddable":true,"href":"https:\/\/agrupacionespsoe.es\/ponferrada\/wp-json\/wp\/v2\/media\/1297"}],"wp:attachment":[{"href":"https:\/\/agrupacionespsoe.es\/ponferrada\/wp-json\/wp\/v2\/media?parent=1296"}],"wp:term":[{"taxonomy":"category","embeddable":true,"href":"https:\/\/agrupacionespsoe.es\/ponferrada\/wp-json\/wp\/v2\/categories?post=1296"},{"taxonomy":"post_tag","embeddable":true,"href":"https:\/\/agrupacionespsoe.es\/ponferrada\/wp-json\/wp\/v2\/tags?post=1296"}],"curies":[{"name":"wp","href":"https:\/\/api.w.org\/{rel}","templated":true}]}}