{"id":1282,"date":"2025-11-14T10:43:51","date_gmt":"2025-11-14T10:43:51","guid":{"rendered":"https:\/\/agrupacionespsoe.es\/ponferrada\/?p=1282"},"modified":"2025-11-14T10:50:44","modified_gmt":"2025-11-14T10:50:44","slug":"el-psoe-acusa-a-carlos-fernandez-de-difundir-bulos-y-desinformacion-para-desviar-la-atencion-de-la-limpieza-de-la-sede-del-pp","status":"publish","type":"post","link":"https:\/\/agrupacionespsoe.es\/ponferrada\/el-psoe-acusa-a-carlos-fernandez-de-difundir-bulos-y-desinformacion-para-desviar-la-atencion-de-la-limpieza-de-la-sede-del-pp\/","title":{"rendered":"\u201cEl PSOE acusa a Carlos Fern\u00e1ndez de difundir bulos y desinformaci\u00f3n para desviar la atenci\u00f3n de la limpieza de la sede del PP\u201d"},"content":{"rendered":"\n<p>Reaccionamos ante la informaci\u00f3n que en la ma\u00f1ana del jueves ha emitido Carlos Fern\u00e1ndez, concejal de Medio Ambiente, Transporte y Movilidad del Ayuntamiento de Ponferrada, que constituye un ejemplo claro de desinformaci\u00f3n y falta de rigor que resulta inaceptable en un representante p\u00fablico. El propio concejal difunde informaci\u00f3n falsa y manipulada, con la evidente intenci\u00f3n de generar una cortina de humo que desv\u00ede la atenci\u00f3n de noticias inc\u00f3modas para su partido.<\/p>\n\n\n\n<p>Fern\u00e1ndez afirma que el anterior concejal socialista, Jos\u00e9 Antonio Cart\u00f3n, \u201cenviaba personal municipal a limpiar la terraza de un bar-cafeter\u00eda del Parque del Plant\u00edo\u201d. Esta afirmaci\u00f3n es completamente falsa. Jos\u00e9 Antonio Cart\u00f3n, nunca estuvo al frente del \u00e1rea de Medio Ambiente ni de la brigada municipal, y por tanto jam\u00e1s pudo ordenar la limpieza de la terraza de ning\u00fan establecimiento. No se trata de una interpretaci\u00f3n o de un error menor: se trata de una invenci\u00f3n directa, difundida sin contrastar los hechos, sin ning\u00fan rigor y con un desprecio absoluto por la veracidad.<\/p>\n\n\n\n<figure class=\"wp-block-image size-large\"><img loading=\"lazy\" decoding=\"async\" width=\"1024\" height=\"461\" src=\"https:\/\/agrupacionespsoe.es\/ponferrada\/wp-content\/uploads\/sites\/36\/2025\/11\/WhatsApp-Image-2025-11-14-at-10.25.13-1024x461.jpeg\" alt=\"\" class=\"wp-image-1286\" srcset=\"https:\/\/agrupacionespsoe.es\/ponferrada\/wp-content\/uploads\/sites\/36\/2025\/11\/WhatsApp-Image-2025-11-14-at-10.25.13-1024x461.jpeg 1024w, https:\/\/agrupacionespsoe.es\/ponferrada\/wp-content\/uploads\/sites\/36\/2025\/11\/WhatsApp-Image-2025-11-14-at-10.25.13-300x135.jpeg 300w, https:\/\/agrupacionespsoe.es\/ponferrada\/wp-content\/uploads\/sites\/36\/2025\/11\/WhatsApp-Image-2025-11-14-at-10.25.13-768x346.jpeg 768w, https:\/\/agrupacionespsoe.es\/ponferrada\/wp-content\/uploads\/sites\/36\/2025\/11\/WhatsApp-Image-2025-11-14-at-10.25.13-1536x691.jpeg 1536w, https:\/\/agrupacionespsoe.es\/ponferrada\/wp-content\/uploads\/sites\/36\/2025\/11\/WhatsApp-Image-2025-11-14-at-10.25.13.jpeg 1600w\" sizes=\"auto, (max-width: 1024px) 100vw, 1024px\" \/><\/figure>\n\n\n\n<p>Queremos aclarar que en el anterior mandato no se limpiaba la terraza lo que se procuraba es que cuando se llevaba a cabo el soplado de las hojas, no se metieran en el espacio que ocupa el establecimiento. Al equipo de gobierno les puede resultar sorprendente que en el anterior mandato se soplaran las hojas a la vista de c\u00f3mo se acumulan por todas partes en este mandato. La acusaci\u00f3n resulta igual de rid\u00edcula que si le acus\u00e1ramos a \u00e9l de limpiar las terrazas de los establecimientos de la Plaza de la Encina cuando se realiza el baldeo manual solo porque limpian tambi\u00e9n ese espacio que ocupan.<\/p>\n\n\n\n<p>Al difundir este bulo, el concejal utiliza la comunicaci\u00f3n institucional como herramienta de manipulaci\u00f3n pol\u00edtica, en lugar de estar al servicio p\u00fablico.<\/p>\n\n\n\n<p>Para el grupo socialista resulta evidente que esta maniobra solo tiene como objetivo desviar la atenci\u00f3n de la noticia que dimos ayer sobre la limpieza de las pintadas en la sede del PP, recordamos que el Sr. Fern\u00e1ndez es presidente de la junta local del partido. En lugar de asumir responsabilidades y dar explicaciones claras sobre c\u00f3mo parece que han utilizado recursos p\u00fablicos para limpiar la fachada de su sede, el concejal opta por lanzar acusaciones infundadas y crear pol\u00e9mica con falsedades.<\/p>\n\n\n\n<p>Pedimos a Carlos Fern\u00e1ndez y al resto del equipo de gobierno que ejerzan su cargo con profesionalidad y respeto por la verdad, porque los vecinos de Ponferrada no merecen ser enga\u00f1ados por quienes cobran un sueldo por servirlos.<\/p>\n\n\n\n<figure class=\"wp-block-gallery has-nested-images columns-default is-cropped wp-block-gallery-1 is-layout-flex wp-block-gallery-is-layout-flex\">\n<figure class=\"wp-block-image size-large\"><img loading=\"lazy\" decoding=\"async\" width=\"1024\" height=\"443\" data-id=\"1283\" src=\"https:\/\/agrupacionespsoe.es\/ponferrada\/wp-content\/uploads\/sites\/36\/2025\/11\/WhatsApp-Image-2025-11-14-at-10.49.27-1024x443.jpeg\" alt=\"\" class=\"wp-image-1283\" srcset=\"https:\/\/agrupacionespsoe.es\/ponferrada\/wp-content\/uploads\/sites\/36\/2025\/11\/WhatsApp-Image-2025-11-14-at-10.49.27-1024x443.jpeg 1024w, https:\/\/agrupacionespsoe.es\/ponferrada\/wp-content\/uploads\/sites\/36\/2025\/11\/WhatsApp-Image-2025-11-14-at-10.49.27-300x130.jpeg 300w, https:\/\/agrupacionespsoe.es\/ponferrada\/wp-content\/uploads\/sites\/36\/2025\/11\/WhatsApp-Image-2025-11-14-at-10.49.27-768x333.jpeg 768w, https:\/\/agrupacionespsoe.es\/ponferrada\/wp-content\/uploads\/sites\/36\/2025\/11\/WhatsApp-Image-2025-11-14-at-10.49.27.jpeg 1536w\" sizes=\"auto, (max-width: 1024px) 100vw, 1024px\" \/><\/figure>\n\n\n\n<figure class=\"wp-block-image size-large\"><img loading=\"lazy\" decoding=\"async\" width=\"768\" height=\"1024\" data-id=\"1284\" src=\"https:\/\/agrupacionespsoe.es\/ponferrada\/wp-content\/uploads\/sites\/36\/2025\/11\/WhatsApp-Image-2025-11-14-at-10.51.10-768x1024.jpeg\" alt=\"\" class=\"wp-image-1284\" srcset=\"https:\/\/agrupacionespsoe.es\/ponferrada\/wp-content\/uploads\/sites\/36\/2025\/11\/WhatsApp-Image-2025-11-14-at-10.51.10-768x1024.jpeg 768w, https:\/\/agrupacionespsoe.es\/ponferrada\/wp-content\/uploads\/sites\/36\/2025\/11\/WhatsApp-Image-2025-11-14-at-10.51.10-225x300.jpeg 225w, https:\/\/agrupacionespsoe.es\/ponferrada\/wp-content\/uploads\/sites\/36\/2025\/11\/WhatsApp-Image-2025-11-14-at-10.51.10-1152x1536.jpeg 1152w, https:\/\/agrupacionespsoe.es\/ponferrada\/wp-content\/uploads\/sites\/36\/2025\/11\/WhatsApp-Image-2025-11-14-at-10.51.10.jpeg 1530w\" sizes=\"auto, (max-width: 768px) 100vw, 768px\" \/><\/figure>\n<\/figure>\n","protected":false},"excerpt":{"rendered":"<p>Reaccionamos ante la informaci\u00f3n que en la ma\u00f1ana del jueves ha emitido Carlos Fern\u00e1ndez, concejal de Medio Ambiente, Transporte y Movilidad del Ayuntamiento de Ponferrada, que constituye un ejemplo claro de desinformaci\u00f3n y falta de rigor que resulta inaceptable en un representante p\u00fablico. El propio concejal difunde informaci\u00f3n falsa y manipulada, con la evidente intenci\u00f3n &#8230;<\/p>\n","protected":false},"author":32,"featured_media":1286,"comment_status":"open","ping_status":"open","sticky":false,"template":"","format":"standard","meta":{"_jetpack_memberships_contains_paid_content":false,"footnotes":""},"categories":[6],"tags":[],"class_list":["post-1282","post","type-post","status-publish","format-standard","has-post-thumbnail","hentry","category-actualidad"],"yoast_head":"<!-- This site is optimized with the Yoast SEO plugin v24.0 - https:\/\/yoast.com\/wordpress\/plugins\/seo\/ -->\n<title>\u201cEl PSOE acusa a Carlos Fern\u00e1ndez de difundir bulos y desinformaci\u00f3n para desviar la atenci\u00f3n de la limpieza de la sede del PP\u201d - Agrupaci\u00f3n Socialista de Ponferrada<\/title>\n<meta name=\"robots\" content=\"index, follow, max-snippet:-1, max-image-preview:large, max-video-preview:-1\" \/>\n<link rel=\"canonical\" href=\"https:\/\/agrupacionespsoe.es\/ponferrada\/el-psoe-acusa-a-carlos-fernandez-de-difundir-bulos-y-desinformacion-para-desviar-la-atencion-de-la-limpieza-de-la-sede-del-pp\/\" \/>\n<meta property=\"og:locale\" content=\"es_ES\" \/>\n<meta property=\"og:type\" content=\"article\" \/>\n<meta property=\"og:title\" content=\"\u201cEl PSOE acusa a Carlos Fern\u00e1ndez de difundir bulos y desinformaci\u00f3n para desviar la atenci\u00f3n de la limpieza de la sede del PP\u201d - Agrupaci\u00f3n Socialista de Ponferrada\" \/>\n<meta property=\"og:description\" content=\"Reaccionamos ante la informaci\u00f3n que en la ma\u00f1ana del jueves ha emitido Carlos Fern\u00e1ndez, concejal de Medio Ambiente, Transporte y Movilidad del Ayuntamiento de Ponferrada, que constituye un ejemplo claro de desinformaci\u00f3n y falta de rigor que resulta inaceptable en un representante p\u00fablico. El propio concejal difunde informaci\u00f3n falsa y manipulada, con la evidente intenci\u00f3n ...\" \/>\n<meta property=\"og:url\" content=\"https:\/\/agrupacionespsoe.es\/ponferrada\/el-psoe-acusa-a-carlos-fernandez-de-difundir-bulos-y-desinformacion-para-desviar-la-atencion-de-la-limpieza-de-la-sede-del-pp\/\" \/>\n<meta property=\"og:site_name\" content=\"Agrupaci\u00f3n Socialista de Ponferrada\" \/>\n<meta property=\"article:published_time\" content=\"2025-11-14T10:43:51+00:00\" \/>\n<meta property=\"article:modified_time\" content=\"2025-11-14T10:50:44+00:00\" \/>\n<meta property=\"og:image\" content=\"https:\/\/agrupacionespsoe.es\/ponferrada\/wp-content\/uploads\/sites\/36\/2025\/11\/WhatsApp-Image-2025-11-14-at-10.25.13.jpeg\" \/>\n\t<meta property=\"og:image:width\" content=\"1600\" \/>\n\t<meta property=\"og:image:height\" content=\"720\" \/>\n\t<meta property=\"og:image:type\" content=\"image\/jpeg\" \/>\n<meta name=\"author\" content=\"ponferrada2\" \/>\n<meta name=\"twitter:card\" content=\"summary_large_image\" \/>\n<meta name=\"twitter:label1\" content=\"Escrito por\" \/>\n\t<meta name=\"twitter:data1\" content=\"ponferrada2\" \/>\n\t<meta name=\"twitter:label2\" content=\"Tiempo de lectura\" \/>\n\t<meta name=\"twitter:data2\" content=\"3 minutos\" \/>\n<script type=\"application\/ld+json\" class=\"yoast-schema-graph\">{\"@context\":\"https:\/\/schema.org\",\"@graph\":[{\"@type\":\"Article\",\"@id\":\"https:\/\/agrupacionespsoe.es\/ponferrada\/el-psoe-acusa-a-carlos-fernandez-de-difundir-bulos-y-desinformacion-para-desviar-la-atencion-de-la-limpieza-de-la-sede-del-pp\/#article\",\"isPartOf\":{\"@id\":\"https:\/\/agrupacionespsoe.es\/ponferrada\/el-psoe-acusa-a-carlos-fernandez-de-difundir-bulos-y-desinformacion-para-desviar-la-atencion-de-la-limpieza-de-la-sede-del-pp\/\"},\"author\":{\"name\":\"ponferrada2\",\"@id\":\"https:\/\/agrupacionespsoe.es\/ponferrada\/#\/schema\/person\/cd29ee627f3b70c05d415f02596debaa\"},\"headline\":\"\u201cEl PSOE acusa a Carlos Fern\u00e1ndez de difundir bulos y desinformaci\u00f3n para desviar la atenci\u00f3n de la limpieza de la sede del PP\u201d\",\"datePublished\":\"2025-11-14T10:43:51+00:00\",\"dateModified\":\"2025-11-14T10:50:44+00:00\",\"mainEntityOfPage\":{\"@id\":\"https:\/\/agrupacionespsoe.es\/ponferrada\/el-psoe-acusa-a-carlos-fernandez-de-difundir-bulos-y-desinformacion-para-desviar-la-atencion-de-la-limpieza-de-la-sede-del-pp\/\"},\"wordCount\":476,\"commentCount\":0,\"publisher\":{\"@id\":\"https:\/\/agrupacionespsoe.es\/ponferrada\/#organization\"},\"image\":{\"@id\":\"https:\/\/agrupacionespsoe.es\/ponferrada\/el-psoe-acusa-a-carlos-fernandez-de-difundir-bulos-y-desinformacion-para-desviar-la-atencion-de-la-limpieza-de-la-sede-del-pp\/#primaryimage\"},\"thumbnailUrl\":\"https:\/\/agrupacionespsoe.es\/ponferrada\/wp-content\/uploads\/sites\/36\/2025\/11\/WhatsApp-Image-2025-11-14-at-10.25.13.jpeg\",\"articleSection\":[\"ACTUALIDAD\"],\"inLanguage\":\"es\",\"potentialAction\":[{\"@type\":\"CommentAction\",\"name\":\"Comment\",\"target\":[\"https:\/\/agrupacionespsoe.es\/ponferrada\/el-psoe-acusa-a-carlos-fernandez-de-difundir-bulos-y-desinformacion-para-desviar-la-atencion-de-la-limpieza-de-la-sede-del-pp\/#respond\"]}]},{\"@type\":\"WebPage\",\"@id\":\"https:\/\/agrupacionespsoe.es\/ponferrada\/el-psoe-acusa-a-carlos-fernandez-de-difundir-bulos-y-desinformacion-para-desviar-la-atencion-de-la-limpieza-de-la-sede-del-pp\/\",\"url\":\"https:\/\/agrupacionespsoe.es\/ponferrada\/el-psoe-acusa-a-carlos-fernandez-de-difundir-bulos-y-desinformacion-para-desviar-la-atencion-de-la-limpieza-de-la-sede-del-pp\/\",\"name\":\"\u201cEl PSOE acusa a Carlos Fern\u00e1ndez de difundir bulos y desinformaci\u00f3n para desviar la atenci\u00f3n de la limpieza de la sede del PP\u201d - Agrupaci\u00f3n Socialista de Ponferrada\",\"isPartOf\":{\"@id\":\"https:\/\/agrupacionespsoe.es\/ponferrada\/#website\"},\"primaryImageOfPage\":{\"@id\":\"https:\/\/agrupacionespsoe.es\/ponferrada\/el-psoe-acusa-a-carlos-fernandez-de-difundir-bulos-y-desinformacion-para-desviar-la-atencion-de-la-limpieza-de-la-sede-del-pp\/#primaryimage\"},\"image\":{\"@id\":\"https:\/\/agrupacionespsoe.es\/ponferrada\/el-psoe-acusa-a-carlos-fernandez-de-difundir-bulos-y-desinformacion-para-desviar-la-atencion-de-la-limpieza-de-la-sede-del-pp\/#primaryimage\"},\"thumbnailUrl\":\"https:\/\/agrupacionespsoe.es\/ponferrada\/wp-content\/uploads\/sites\/36\/2025\/11\/WhatsApp-Image-2025-11-14-at-10.25.13.jpeg\",\"datePublished\":\"2025-11-14T10:43:51+00:00\",\"dateModified\":\"2025-11-14T10:50:44+00:00\",\"breadcrumb\":{\"@id\":\"https:\/\/agrupacionespsoe.es\/ponferrada\/el-psoe-acusa-a-carlos-fernandez-de-difundir-bulos-y-desinformacion-para-desviar-la-atencion-de-la-limpieza-de-la-sede-del-pp\/#breadcrumb\"},\"inLanguage\":\"es\",\"potentialAction\":[{\"@type\":\"ReadAction\",\"target\":[\"https:\/\/agrupacionespsoe.es\/ponferrada\/el-psoe-acusa-a-carlos-fernandez-de-difundir-bulos-y-desinformacion-para-desviar-la-atencion-de-la-limpieza-de-la-sede-del-pp\/\"]}]},{\"@type\":\"ImageObject\",\"inLanguage\":\"es\",\"@id\":\"https:\/\/agrupacionespsoe.es\/ponferrada\/el-psoe-acusa-a-carlos-fernandez-de-difundir-bulos-y-desinformacion-para-desviar-la-atencion-de-la-limpieza-de-la-sede-del-pp\/#primaryimage\",\"url\":\"https:\/\/agrupacionespsoe.es\/ponferrada\/wp-content\/uploads\/sites\/36\/2025\/11\/WhatsApp-Image-2025-11-14-at-10.25.13.jpeg\",\"contentUrl\":\"https:\/\/agrupacionespsoe.es\/ponferrada\/wp-content\/uploads\/sites\/36\/2025\/11\/WhatsApp-Image-2025-11-14-at-10.25.13.jpeg\",\"width\":1600,\"height\":720},{\"@type\":\"BreadcrumbList\",\"@id\":\"https:\/\/agrupacionespsoe.es\/ponferrada\/el-psoe-acusa-a-carlos-fernandez-de-difundir-bulos-y-desinformacion-para-desviar-la-atencion-de-la-limpieza-de-la-sede-del-pp\/#breadcrumb\",\"itemListElement\":[{\"@type\":\"ListItem\",\"position\":1,\"name\":\"Portada\",\"item\":\"https:\/\/agrupacionespsoe.es\/ponferrada\/\"},{\"@type\":\"ListItem\",\"position\":2,\"name\":\"\u201cEl PSOE acusa a Carlos Fern\u00e1ndez de difundir bulos y desinformaci\u00f3n para desviar la atenci\u00f3n de la limpieza de la sede del PP\u201d\"}]},{\"@type\":\"WebSite\",\"@id\":\"https:\/\/agrupacionespsoe.es\/ponferrada\/#website\",\"url\":\"https:\/\/agrupacionespsoe.es\/ponferrada\/\",\"name\":\"Agrupaci\u00f3n Socialista de Ponferrada\",\"description\":\"Agrupaci\u00f3n Socialista de Ponferrada\",\"publisher\":{\"@id\":\"https:\/\/agrupacionespsoe.es\/ponferrada\/#organization\"},\"potentialAction\":[{\"@type\":\"SearchAction\",\"target\":{\"@type\":\"EntryPoint\",\"urlTemplate\":\"https:\/\/agrupacionespsoe.es\/ponferrada\/?s={search_term_string}\"},\"query-input\":{\"@type\":\"PropertyValueSpecification\",\"valueRequired\":true,\"valueName\":\"search_term_string\"}}],\"inLanguage\":\"es\"},{\"@type\":\"Organization\",\"@id\":\"https:\/\/agrupacionespsoe.es\/ponferrada\/#organization\",\"name\":\"Agrupaci\u00f3n Socialista de Ponferrada\",\"url\":\"https:\/\/agrupacionespsoe.es\/ponferrada\/\",\"logo\":{\"@type\":\"ImageObject\",\"inLanguage\":\"es\",\"@id\":\"https:\/\/agrupacionespsoe.es\/ponferrada\/#\/schema\/logo\/image\/\",\"url\":\"https:\/\/agrupacionespsoe.es\/wp-content\/uploads\/2022\/07\/Logotipo_electoral_del_PSOE.png\",\"contentUrl\":\"https:\/\/agrupacionespsoe.es\/wp-content\/uploads\/2022\/07\/Logotipo_electoral_del_PSOE.png\",\"width\":422,\"height\":422,\"caption\":\"Agrupaci\u00f3n Socialista de Ponferrada\"},\"image\":{\"@id\":\"https:\/\/agrupacionespsoe.es\/ponferrada\/#\/schema\/logo\/image\/\"}},{\"@type\":\"Person\",\"@id\":\"https:\/\/agrupacionespsoe.es\/ponferrada\/#\/schema\/person\/cd29ee627f3b70c05d415f02596debaa\",\"name\":\"ponferrada2\",\"image\":{\"@type\":\"ImageObject\",\"inLanguage\":\"es\",\"@id\":\"https:\/\/agrupacionespsoe.es\/ponferrada\/#\/schema\/person\/image\/\",\"url\":\"https:\/\/secure.gravatar.com\/avatar\/f499eeb60144c664cf7b7edf75549b50?s=96&d=mm&r=g\",\"contentUrl\":\"https:\/\/secure.gravatar.com\/avatar\/f499eeb60144c664cf7b7edf75549b50?s=96&d=mm&r=g\",\"caption\":\"ponferrada2\"},\"url\":\"https:\/\/agrupacionespsoe.es\/ponferrada\/author\/ponferrada2\/\"}]}<\/script>\n<!-- \/ Yoast SEO plugin. -->","yoast_head_json":{"title":"\u201cEl PSOE acusa a Carlos Fern\u00e1ndez de difundir bulos y desinformaci\u00f3n para desviar la atenci\u00f3n de la limpieza de la sede del PP\u201d - Agrupaci\u00f3n Socialista de Ponferrada","robots":{"index":"index","follow":"follow","max-snippet":"max-snippet:-1","max-image-preview":"max-image-preview:large","max-video-preview":"max-video-preview:-1"},"canonical":"https:\/\/agrupacionespsoe.es\/ponferrada\/el-psoe-acusa-a-carlos-fernandez-de-difundir-bulos-y-desinformacion-para-desviar-la-atencion-de-la-limpieza-de-la-sede-del-pp\/","og_locale":"es_ES","og_type":"article","og_title":"\u201cEl PSOE acusa a Carlos Fern\u00e1ndez de difundir bulos y desinformaci\u00f3n para desviar la atenci\u00f3n de la limpieza de la sede del PP\u201d - Agrupaci\u00f3n Socialista de Ponferrada","og_description":"Reaccionamos ante la informaci\u00f3n que en la ma\u00f1ana del jueves ha emitido Carlos Fern\u00e1ndez, concejal de Medio Ambiente, Transporte y Movilidad del Ayuntamiento de Ponferrada, que constituye un ejemplo claro de desinformaci\u00f3n y falta de rigor que resulta inaceptable en un representante p\u00fablico. El propio concejal difunde informaci\u00f3n falsa y manipulada, con la evidente intenci\u00f3n ...","og_url":"https:\/\/agrupacionespsoe.es\/ponferrada\/el-psoe-acusa-a-carlos-fernandez-de-difundir-bulos-y-desinformacion-para-desviar-la-atencion-de-la-limpieza-de-la-sede-del-pp\/","og_site_name":"Agrupaci\u00f3n Socialista de Ponferrada","article_published_time":"2025-11-14T10:43:51+00:00","article_modified_time":"2025-11-14T10:50:44+00:00","og_image":[{"width":1600,"height":720,"url":"https:\/\/agrupacionespsoe.es\/ponferrada\/wp-content\/uploads\/sites\/36\/2025\/11\/WhatsApp-Image-2025-11-14-at-10.25.13.jpeg","type":"image\/jpeg"}],"author":"ponferrada2","twitter_card":"summary_large_image","twitter_misc":{"Escrito por":"ponferrada2","Tiempo de lectura":"3 minutos"},"schema":{"@context":"https:\/\/schema.org","@graph":[{"@type":"Article","@id":"https:\/\/agrupacionespsoe.es\/ponferrada\/el-psoe-acusa-a-carlos-fernandez-de-difundir-bulos-y-desinformacion-para-desviar-la-atencion-de-la-limpieza-de-la-sede-del-pp\/#article","isPartOf":{"@id":"https:\/\/agrupacionespsoe.es\/ponferrada\/el-psoe-acusa-a-carlos-fernandez-de-difundir-bulos-y-desinformacion-para-desviar-la-atencion-de-la-limpieza-de-la-sede-del-pp\/"},"author":{"name":"ponferrada2","@id":"https:\/\/agrupacionespsoe.es\/ponferrada\/#\/schema\/person\/cd29ee627f3b70c05d415f02596debaa"},"headline":"\u201cEl PSOE acusa a Carlos Fern\u00e1ndez de difundir bulos y desinformaci\u00f3n para desviar la atenci\u00f3n de la limpieza de la sede del PP\u201d","datePublished":"2025-11-14T10:43:51+00:00","dateModified":"2025-11-14T10:50:44+00:00","mainEntityOfPage":{"@id":"https:\/\/agrupacionespsoe.es\/ponferrada\/el-psoe-acusa-a-carlos-fernandez-de-difundir-bulos-y-desinformacion-para-desviar-la-atencion-de-la-limpieza-de-la-sede-del-pp\/"},"wordCount":476,"commentCount":0,"publisher":{"@id":"https:\/\/agrupacionespsoe.es\/ponferrada\/#organization"},"image":{"@id":"https:\/\/agrupacionespsoe.es\/ponferrada\/el-psoe-acusa-a-carlos-fernandez-de-difundir-bulos-y-desinformacion-para-desviar-la-atencion-de-la-limpieza-de-la-sede-del-pp\/#primaryimage"},"thumbnailUrl":"https:\/\/agrupacionespsoe.es\/ponferrada\/wp-content\/uploads\/sites\/36\/2025\/11\/WhatsApp-Image-2025-11-14-at-10.25.13.jpeg","articleSection":["ACTUALIDAD"],"inLanguage":"es","potentialAction":[{"@type":"CommentAction","name":"Comment","target":["https:\/\/agrupacionespsoe.es\/ponferrada\/el-psoe-acusa-a-carlos-fernandez-de-difundir-bulos-y-desinformacion-para-desviar-la-atencion-de-la-limpieza-de-la-sede-del-pp\/#respond"]}]},{"@type":"WebPage","@id":"https:\/\/agrupacionespsoe.es\/ponferrada\/el-psoe-acusa-a-carlos-fernandez-de-difundir-bulos-y-desinformacion-para-desviar-la-atencion-de-la-limpieza-de-la-sede-del-pp\/","url":"https:\/\/agrupacionespsoe.es\/ponferrada\/el-psoe-acusa-a-carlos-fernandez-de-difundir-bulos-y-desinformacion-para-desviar-la-atencion-de-la-limpieza-de-la-sede-del-pp\/","name":"\u201cEl PSOE acusa a Carlos Fern\u00e1ndez de difundir bulos y desinformaci\u00f3n para desviar la atenci\u00f3n de la limpieza de la sede del PP\u201d - Agrupaci\u00f3n Socialista de Ponferrada","isPartOf":{"@id":"https:\/\/agrupacionespsoe.es\/ponferrada\/#website"},"primaryImageOfPage":{"@id":"https:\/\/agrupacionespsoe.es\/ponferrada\/el-psoe-acusa-a-carlos-fernandez-de-difundir-bulos-y-desinformacion-para-desviar-la-atencion-de-la-limpieza-de-la-sede-del-pp\/#primaryimage"},"image":{"@id":"https:\/\/agrupacionespsoe.es\/ponferrada\/el-psoe-acusa-a-carlos-fernandez-de-difundir-bulos-y-desinformacion-para-desviar-la-atencion-de-la-limpieza-de-la-sede-del-pp\/#primaryimage"},"thumbnailUrl":"https:\/\/agrupacionespsoe.es\/ponferrada\/wp-content\/uploads\/sites\/36\/2025\/11\/WhatsApp-Image-2025-11-14-at-10.25.13.jpeg","datePublished":"2025-11-14T10:43:51+00:00","dateModified":"2025-11-14T10:50:44+00:00","breadcrumb":{"@id":"https:\/\/agrupacionespsoe.es\/ponferrada\/el-psoe-acusa-a-carlos-fernandez-de-difundir-bulos-y-desinformacion-para-desviar-la-atencion-de-la-limpieza-de-la-sede-del-pp\/#breadcrumb"},"inLanguage":"es","potentialAction":[{"@type":"ReadAction","target":["https:\/\/agrupacionespsoe.es\/ponferrada\/el-psoe-acusa-a-carlos-fernandez-de-difundir-bulos-y-desinformacion-para-desviar-la-atencion-de-la-limpieza-de-la-sede-del-pp\/"]}]},{"@type":"ImageObject","inLanguage":"es","@id":"https:\/\/agrupacionespsoe.es\/ponferrada\/el-psoe-acusa-a-carlos-fernandez-de-difundir-bulos-y-desinformacion-para-desviar-la-atencion-de-la-limpieza-de-la-sede-del-pp\/#primaryimage","url":"https:\/\/agrupacionespsoe.es\/ponferrada\/wp-content\/uploads\/sites\/36\/2025\/11\/WhatsApp-Image-2025-11-14-at-10.25.13.jpeg","contentUrl":"https:\/\/agrupacionespsoe.es\/ponferrada\/wp-content\/uploads\/sites\/36\/2025\/11\/WhatsApp-Image-2025-11-14-at-10.25.13.jpeg","width":1600,"height":720},{"@type":"BreadcrumbList","@id":"https:\/\/agrupacionespsoe.es\/ponferrada\/el-psoe-acusa-a-carlos-fernandez-de-difundir-bulos-y-desinformacion-para-desviar-la-atencion-de-la-limpieza-de-la-sede-del-pp\/#breadcrumb","itemListElement":[{"@type":"ListItem","position":1,"name":"Portada","item":"https:\/\/agrupacionespsoe.es\/ponferrada\/"},{"@type":"ListItem","position":2,"name":"\u201cEl PSOE acusa a Carlos Fern\u00e1ndez de difundir bulos y desinformaci\u00f3n para desviar la atenci\u00f3n de la limpieza de la sede del PP\u201d"}]},{"@type":"WebSite","@id":"https:\/\/agrupacionespsoe.es\/ponferrada\/#website","url":"https:\/\/agrupacionespsoe.es\/ponferrada\/","name":"Agrupaci\u00f3n Socialista de Ponferrada","description":"Agrupaci\u00f3n Socialista de Ponferrada","publisher":{"@id":"https:\/\/agrupacionespsoe.es\/ponferrada\/#organization"},"potentialAction":[{"@type":"SearchAction","target":{"@type":"EntryPoint","urlTemplate":"https:\/\/agrupacionespsoe.es\/ponferrada\/?s={search_term_string}"},"query-input":{"@type":"PropertyValueSpecification","valueRequired":true,"valueName":"search_term_string"}}],"inLanguage":"es"},{"@type":"Organization","@id":"https:\/\/agrupacionespsoe.es\/ponferrada\/#organization","name":"Agrupaci\u00f3n Socialista de Ponferrada","url":"https:\/\/agrupacionespsoe.es\/ponferrada\/","logo":{"@type":"ImageObject","inLanguage":"es","@id":"https:\/\/agrupacionespsoe.es\/ponferrada\/#\/schema\/logo\/image\/","url":"https:\/\/agrupacionespsoe.es\/wp-content\/uploads\/2022\/07\/Logotipo_electoral_del_PSOE.png","contentUrl":"https:\/\/agrupacionespsoe.es\/wp-content\/uploads\/2022\/07\/Logotipo_electoral_del_PSOE.png","width":422,"height":422,"caption":"Agrupaci\u00f3n Socialista de Ponferrada"},"image":{"@id":"https:\/\/agrupacionespsoe.es\/ponferrada\/#\/schema\/logo\/image\/"}},{"@type":"Person","@id":"https:\/\/agrupacionespsoe.es\/ponferrada\/#\/schema\/person\/cd29ee627f3b70c05d415f02596debaa","name":"ponferrada2","image":{"@type":"ImageObject","inLanguage":"es","@id":"https:\/\/agrupacionespsoe.es\/ponferrada\/#\/schema\/person\/image\/","url":"https:\/\/secure.gravatar.com\/avatar\/f499eeb60144c664cf7b7edf75549b50?s=96&d=mm&r=g","contentUrl":"https:\/\/secure.gravatar.com\/avatar\/f499eeb60144c664cf7b7edf75549b50?s=96&d=mm&r=g","caption":"ponferrada2"},"url":"https:\/\/agrupacionespsoe.es\/ponferrada\/author\/ponferrada2\/"}]}},"jetpack_featured_media_url":"https:\/\/agrupacionespsoe.es\/ponferrada\/wp-content\/uploads\/sites\/36\/2025\/11\/WhatsApp-Image-2025-11-14-at-10.25.13.jpeg","jetpack_sharing_enabled":true,"_links":{"self":[{"href":"https:\/\/agrupacionespsoe.es\/ponferrada\/wp-json\/wp\/v2\/posts\/1282","targetHints":{"allow":["GET"]}}],"collection":[{"href":"https:\/\/agrupacionespsoe.es\/ponferrada\/wp-json\/wp\/v2\/posts"}],"about":[{"href":"https:\/\/agrupacionespsoe.es\/ponferrada\/wp-json\/wp\/v2\/types\/post"}],"author":[{"embeddable":true,"href":"https:\/\/agrupacionespsoe.es\/ponferrada\/wp-json\/wp\/v2\/users\/32"}],"replies":[{"embeddable":true,"href":"https:\/\/agrupacionespsoe.es\/ponferrada\/wp-json\/wp\/v2\/comments?post=1282"}],"version-history":[{"count":4,"href":"https:\/\/agrupacionespsoe.es\/ponferrada\/wp-json\/wp\/v2\/posts\/1282\/revisions"}],"predecessor-version":[{"id":1290,"href":"https:\/\/agrupacionespsoe.es\/ponferrada\/wp-json\/wp\/v2\/posts\/1282\/revisions\/1290"}],"wp:featuredmedia":[{"embeddable":true,"href":"https:\/\/agrupacionespsoe.es\/ponferrada\/wp-json\/wp\/v2\/media\/1286"}],"wp:attachment":[{"href":"https:\/\/agrupacionespsoe.es\/ponferrada\/wp-json\/wp\/v2\/media?parent=1282"}],"wp:term":[{"taxonomy":"category","embeddable":true,"href":"https:\/\/agrupacionespsoe.es\/ponferrada\/wp-json\/wp\/v2\/categories?post=1282"},{"taxonomy":"post_tag","embeddable":true,"href":"https:\/\/agrupacionespsoe.es\/ponferrada\/wp-json\/wp\/v2\/tags?post=1282"}],"curies":[{"name":"wp","href":"https:\/\/api.w.org\/{rel}","templated":true}]}}