{"id":1278,"date":"2025-11-14T09:05:03","date_gmt":"2025-11-14T09:05:03","guid":{"rendered":"https:\/\/agrupacionespsoe.es\/ponferrada\/?p=1278"},"modified":"2025-11-14T09:05:03","modified_gmt":"2025-11-14T09:05:03","slug":"el-psoe-de-ponferrada-denuncia-que-morala-prefiere-los-microfonos-al-trabajo-ante-los-problemas-reales-de-la-ciudad","status":"publish","type":"post","link":"https:\/\/agrupacionespsoe.es\/ponferrada\/el-psoe-de-ponferrada-denuncia-que-morala-prefiere-los-microfonos-al-trabajo-ante-los-problemas-reales-de-la-ciudad\/","title":{"rendered":"El PSOE de Ponferrada denuncia que Morala prefiere los micr\u00f3fonos al trabajo ante los problemas reales de la ciudad"},"content":{"rendered":"\n<p>La Comisi\u00f3n Ejecutiva Municipal del PSOE de Ponferrada celebr\u00f3 este jueves su reuni\u00f3n ordinaria, en la que se abordaron diversos asuntos de actualidad pol\u00edtica y org\u00e1nica. Entre los acuerdos adoptados destaca la convocatoria de una Asamblea Extraordinaria en la que los cargos p\u00fablicos socialistas rendir\u00e1n cuentas ante la militancia sobre la gesti\u00f3n institucional desarrollada durante los \u00faltimos meses.<\/p>\n\n\n\n<p>La secretaria de organizaci\u00f3n del PSOE de Ponferrada subray\u00f3 que esta iniciativa responde al compromiso del partido con la transparencia, la participaci\u00f3n y la rendici\u00f3n de cuentas, principios fundamentales del socialismo ponferradino. \u201cQueremos que la militancia conozca de primera mano el trabajo que se est\u00e1 haciendo desde las instituciones. Nuestro compromiso es con la gente, no con el ruido ni la propaganda\u201d.<\/p>\n\n\n\n<p>Durante la reuni\u00f3n, la Ejecutiva tambi\u00e9n analiz\u00f3 las dos \u00faltimas visitas de Alfonso Fern\u00e1ndez Ma\u00f1ueco a Ponferrada. El se\u00f1or Presidente est\u00e1 en campa\u00f1a electoral, en lugar de solucionar los problemas del Bierzo. En la primera visita anunci\u00f3 la ampliaci\u00f3n del pol\u00edgono Industrial de La Llanada. Se trata en realidad de un brindis al sol, de una \u201cperformance\u201d, de una comedia\u2026 ya que lo firmado es un mero protocolo que no genera obligaci\u00f3n alguna para las partes. Gran parte de los terrenos son de propietarios particulares con los que ni siquiera se ha hablado y de los 10 millones de euros, en el proyecto de presupuestos de 2026, aparece una cantidad rid\u00edcula. Adem\u00e1s, esta misma semana ha venido a dar un mitin a Ponferrada, esper\u00e1bamos que anunciara el cumplimiento de las promesas del pacto de gobierno entre el PP y Coalici\u00f3n por El Bierzo, pero ni siquiera mencion\u00f3 ninguna de las inversiones que se recog\u00edan en ese pacto.<\/p>\n\n\n\n<p>Uno de los temas centrales de la reuni\u00f3n fue la situaci\u00f3n de las piscinas climatizadas, sobre las que el Grupo Municipal Socialista lleva meses reclamando actuaciones concretas.<\/p>\n\n\n\n<p>El PSOE record\u00f3 que ha exigido reiteradamente que se utilice de manera inmediata el mill\u00f3n de euros que supuestamente aportaba la Junta de Castilla y Le\u00f3n para ejecutar las obras urgentes que permitan reabrir las instalaciones. Sin embargo, el pasado mi\u00e9rcoles el alcalde sorprendi\u00f3 hablando de los 800.000 euros del consejero Santonja como aportaci\u00f3n de la Junta, \u201cuna cantidad que parece confirmar que nunca existi\u00f3 el mill\u00f3n de euros prometido\u201d.<\/p>\n\n\n\n<p>Adem\u00e1s, se explic\u00f3 la mentira reiterada del Alcalde que se\u00f1ala que las obras de la piscina que ideaban no costar\u00edan ni un euro al Ayuntamiento, cuando en el propio proyecto presentado por el equipo de gobierno se renunciaba a todas las inversiones municipales en materia de iluminaci\u00f3n hasta el a\u00f1o 2035 para destinar esos fondos a la obra de las piscinas climatizadas.<\/p>\n\n\n\n<p>\u201cDecir que no costar\u00e1 nada al Ayuntamiento es simplemente falso: se est\u00e1 hipotecando los 400.000 euros de inversi\u00f3n al a\u00f1o que debe hacer SOMACYL durante m\u00e1s de una d\u00e9cada para tapar la falta de compromiso real de la Junta\u201d, tambi\u00e9n han querido explicar que con esos fondos se hicieron en el anterior mandato inversiones tan importantes como la calefacci\u00f3n del colegio compostilla o el nuevo alumbrado en calles que no exist\u00eda como las Cabritas, Matinot y tantas otras.<\/p>\n\n\n\n<p>El PSOE advierte de que los fondos anunciados por la Junta son papel mojado, ya que ni siquiera est\u00e1 garantizada la aprobaci\u00f3n del presupuesto auton\u00f3mico, y lamenta que el PP local \u201csiga m\u00e1s preocupado por la foto y la propaganda que por ofrecer soluciones reales a los vecinos\u201d<\/p>\n\n\n\n<figure class=\"wp-block-image size-large\"><img loading=\"lazy\" decoding=\"async\" width=\"1024\" height=\"768\" src=\"https:\/\/agrupacionespsoe.es\/ponferrada\/wp-content\/uploads\/sites\/36\/2025\/11\/WhatsApp-Image-2025-11-14-at-09.49.26-1024x768.jpeg\" alt=\"\" class=\"wp-image-1279\" srcset=\"https:\/\/agrupacionespsoe.es\/ponferrada\/wp-content\/uploads\/sites\/36\/2025\/11\/WhatsApp-Image-2025-11-14-at-09.49.26-1024x768.jpeg 1024w, https:\/\/agrupacionespsoe.es\/ponferrada\/wp-content\/uploads\/sites\/36\/2025\/11\/WhatsApp-Image-2025-11-14-at-09.49.26-300x225.jpeg 300w, https:\/\/agrupacionespsoe.es\/ponferrada\/wp-content\/uploads\/sites\/36\/2025\/11\/WhatsApp-Image-2025-11-14-at-09.49.26-768x576.jpeg 768w, https:\/\/agrupacionespsoe.es\/ponferrada\/wp-content\/uploads\/sites\/36\/2025\/11\/WhatsApp-Image-2025-11-14-at-09.49.26-1536x1152.jpeg 1536w, https:\/\/agrupacionespsoe.es\/ponferrada\/wp-content\/uploads\/sites\/36\/2025\/11\/WhatsApp-Image-2025-11-14-at-09.49.26.jpeg 2048w\" sizes=\"auto, (max-width: 1024px) 100vw, 1024px\" \/><\/figure>\n","protected":false},"excerpt":{"rendered":"<p>La Comisi\u00f3n Ejecutiva Municipal del PSOE de Ponferrada celebr\u00f3 este jueves su reuni\u00f3n ordinaria, en la que se abordaron diversos asuntos de actualidad pol\u00edtica y org\u00e1nica. Entre los acuerdos adoptados destaca la convocatoria de una Asamblea Extraordinaria en la que los cargos p\u00fablicos socialistas rendir\u00e1n cuentas ante la militancia sobre la gesti\u00f3n institucional desarrollada durante &#8230;<\/p>\n","protected":false},"author":32,"featured_media":1279,"comment_status":"open","ping_status":"open","sticky":false,"template":"","format":"standard","meta":{"_jetpack_memberships_contains_paid_content":false,"footnotes":""},"categories":[6],"tags":[],"class_list":["post-1278","post","type-post","status-publish","format-standard","has-post-thumbnail","hentry","category-actualidad"],"yoast_head":"<!-- This site is optimized with the Yoast SEO plugin v24.0 - https:\/\/yoast.com\/wordpress\/plugins\/seo\/ -->\n<title>El PSOE de Ponferrada denuncia que Morala prefiere los micr\u00f3fonos al trabajo ante los problemas reales de la ciudad - Agrupaci\u00f3n Socialista de Ponferrada<\/title>\n<meta name=\"robots\" content=\"index, follow, max-snippet:-1, max-image-preview:large, max-video-preview:-1\" \/>\n<link rel=\"canonical\" href=\"https:\/\/agrupacionespsoe.es\/ponferrada\/el-psoe-de-ponferrada-denuncia-que-morala-prefiere-los-microfonos-al-trabajo-ante-los-problemas-reales-de-la-ciudad\/\" \/>\n<meta property=\"og:locale\" content=\"es_ES\" \/>\n<meta property=\"og:type\" content=\"article\" \/>\n<meta property=\"og:title\" content=\"El PSOE de Ponferrada denuncia que Morala prefiere los micr\u00f3fonos al trabajo ante los problemas reales de la ciudad - Agrupaci\u00f3n Socialista de Ponferrada\" \/>\n<meta property=\"og:description\" content=\"La Comisi\u00f3n Ejecutiva Municipal del PSOE de Ponferrada celebr\u00f3 este jueves su reuni\u00f3n ordinaria, en la que se abordaron diversos asuntos de actualidad pol\u00edtica y org\u00e1nica. Entre los acuerdos adoptados destaca la convocatoria de una Asamblea Extraordinaria en la que los cargos p\u00fablicos socialistas rendir\u00e1n cuentas ante la militancia sobre la gesti\u00f3n institucional desarrollada durante ...\" \/>\n<meta property=\"og:url\" content=\"https:\/\/agrupacionespsoe.es\/ponferrada\/el-psoe-de-ponferrada-denuncia-que-morala-prefiere-los-microfonos-al-trabajo-ante-los-problemas-reales-de-la-ciudad\/\" \/>\n<meta property=\"og:site_name\" content=\"Agrupaci\u00f3n Socialista de Ponferrada\" \/>\n<meta property=\"article:published_time\" content=\"2025-11-14T09:05:03+00:00\" \/>\n<meta property=\"og:image\" content=\"https:\/\/agrupacionespsoe.es\/ponferrada\/wp-content\/uploads\/sites\/36\/2025\/11\/WhatsApp-Image-2025-11-14-at-09.49.26.jpeg\" \/>\n\t<meta property=\"og:image:width\" content=\"2048\" \/>\n\t<meta property=\"og:image:height\" content=\"1536\" \/>\n\t<meta property=\"og:image:type\" content=\"image\/jpeg\" \/>\n<meta name=\"author\" content=\"ponferrada2\" \/>\n<meta name=\"twitter:card\" content=\"summary_large_image\" \/>\n<meta name=\"twitter:label1\" content=\"Escrito por\" \/>\n\t<meta name=\"twitter:data1\" content=\"ponferrada2\" \/>\n\t<meta name=\"twitter:label2\" content=\"Tiempo de lectura\" \/>\n\t<meta name=\"twitter:data2\" content=\"3 minutos\" \/>\n<script type=\"application\/ld+json\" class=\"yoast-schema-graph\">{\"@context\":\"https:\/\/schema.org\",\"@graph\":[{\"@type\":\"Article\",\"@id\":\"https:\/\/agrupacionespsoe.es\/ponferrada\/el-psoe-de-ponferrada-denuncia-que-morala-prefiere-los-microfonos-al-trabajo-ante-los-problemas-reales-de-la-ciudad\/#article\",\"isPartOf\":{\"@id\":\"https:\/\/agrupacionespsoe.es\/ponferrada\/el-psoe-de-ponferrada-denuncia-que-morala-prefiere-los-microfonos-al-trabajo-ante-los-problemas-reales-de-la-ciudad\/\"},\"author\":{\"name\":\"ponferrada2\",\"@id\":\"https:\/\/agrupacionespsoe.es\/ponferrada\/#\/schema\/person\/cd29ee627f3b70c05d415f02596debaa\"},\"headline\":\"El PSOE de Ponferrada denuncia que Morala prefiere los micr\u00f3fonos al trabajo ante los problemas reales de la ciudad\",\"datePublished\":\"2025-11-14T09:05:03+00:00\",\"dateModified\":\"2025-11-14T09:05:03+00:00\",\"mainEntityOfPage\":{\"@id\":\"https:\/\/agrupacionespsoe.es\/ponferrada\/el-psoe-de-ponferrada-denuncia-que-morala-prefiere-los-microfonos-al-trabajo-ante-los-problemas-reales-de-la-ciudad\/\"},\"wordCount\":623,\"commentCount\":0,\"publisher\":{\"@id\":\"https:\/\/agrupacionespsoe.es\/ponferrada\/#organization\"},\"image\":{\"@id\":\"https:\/\/agrupacionespsoe.es\/ponferrada\/el-psoe-de-ponferrada-denuncia-que-morala-prefiere-los-microfonos-al-trabajo-ante-los-problemas-reales-de-la-ciudad\/#primaryimage\"},\"thumbnailUrl\":\"https:\/\/agrupacionespsoe.es\/ponferrada\/wp-content\/uploads\/sites\/36\/2025\/11\/WhatsApp-Image-2025-11-14-at-09.49.26.jpeg\",\"articleSection\":[\"ACTUALIDAD\"],\"inLanguage\":\"es\",\"potentialAction\":[{\"@type\":\"CommentAction\",\"name\":\"Comment\",\"target\":[\"https:\/\/agrupacionespsoe.es\/ponferrada\/el-psoe-de-ponferrada-denuncia-que-morala-prefiere-los-microfonos-al-trabajo-ante-los-problemas-reales-de-la-ciudad\/#respond\"]}]},{\"@type\":\"WebPage\",\"@id\":\"https:\/\/agrupacionespsoe.es\/ponferrada\/el-psoe-de-ponferrada-denuncia-que-morala-prefiere-los-microfonos-al-trabajo-ante-los-problemas-reales-de-la-ciudad\/\",\"url\":\"https:\/\/agrupacionespsoe.es\/ponferrada\/el-psoe-de-ponferrada-denuncia-que-morala-prefiere-los-microfonos-al-trabajo-ante-los-problemas-reales-de-la-ciudad\/\",\"name\":\"El PSOE de Ponferrada denuncia que Morala prefiere los micr\u00f3fonos al trabajo ante los problemas reales de la ciudad - Agrupaci\u00f3n Socialista de Ponferrada\",\"isPartOf\":{\"@id\":\"https:\/\/agrupacionespsoe.es\/ponferrada\/#website\"},\"primaryImageOfPage\":{\"@id\":\"https:\/\/agrupacionespsoe.es\/ponferrada\/el-psoe-de-ponferrada-denuncia-que-morala-prefiere-los-microfonos-al-trabajo-ante-los-problemas-reales-de-la-ciudad\/#primaryimage\"},\"image\":{\"@id\":\"https:\/\/agrupacionespsoe.es\/ponferrada\/el-psoe-de-ponferrada-denuncia-que-morala-prefiere-los-microfonos-al-trabajo-ante-los-problemas-reales-de-la-ciudad\/#primaryimage\"},\"thumbnailUrl\":\"https:\/\/agrupacionespsoe.es\/ponferrada\/wp-content\/uploads\/sites\/36\/2025\/11\/WhatsApp-Image-2025-11-14-at-09.49.26.jpeg\",\"datePublished\":\"2025-11-14T09:05:03+00:00\",\"dateModified\":\"2025-11-14T09:05:03+00:00\",\"breadcrumb\":{\"@id\":\"https:\/\/agrupacionespsoe.es\/ponferrada\/el-psoe-de-ponferrada-denuncia-que-morala-prefiere-los-microfonos-al-trabajo-ante-los-problemas-reales-de-la-ciudad\/#breadcrumb\"},\"inLanguage\":\"es\",\"potentialAction\":[{\"@type\":\"ReadAction\",\"target\":[\"https:\/\/agrupacionespsoe.es\/ponferrada\/el-psoe-de-ponferrada-denuncia-que-morala-prefiere-los-microfonos-al-trabajo-ante-los-problemas-reales-de-la-ciudad\/\"]}]},{\"@type\":\"ImageObject\",\"inLanguage\":\"es\",\"@id\":\"https:\/\/agrupacionespsoe.es\/ponferrada\/el-psoe-de-ponferrada-denuncia-que-morala-prefiere-los-microfonos-al-trabajo-ante-los-problemas-reales-de-la-ciudad\/#primaryimage\",\"url\":\"https:\/\/agrupacionespsoe.es\/ponferrada\/wp-content\/uploads\/sites\/36\/2025\/11\/WhatsApp-Image-2025-11-14-at-09.49.26.jpeg\",\"contentUrl\":\"https:\/\/agrupacionespsoe.es\/ponferrada\/wp-content\/uploads\/sites\/36\/2025\/11\/WhatsApp-Image-2025-11-14-at-09.49.26.jpeg\",\"width\":2048,\"height\":1536},{\"@type\":\"BreadcrumbList\",\"@id\":\"https:\/\/agrupacionespsoe.es\/ponferrada\/el-psoe-de-ponferrada-denuncia-que-morala-prefiere-los-microfonos-al-trabajo-ante-los-problemas-reales-de-la-ciudad\/#breadcrumb\",\"itemListElement\":[{\"@type\":\"ListItem\",\"position\":1,\"name\":\"Portada\",\"item\":\"https:\/\/agrupacionespsoe.es\/ponferrada\/\"},{\"@type\":\"ListItem\",\"position\":2,\"name\":\"El PSOE de Ponferrada denuncia que Morala prefiere los micr\u00f3fonos al trabajo ante los problemas reales de la ciudad\"}]},{\"@type\":\"WebSite\",\"@id\":\"https:\/\/agrupacionespsoe.es\/ponferrada\/#website\",\"url\":\"https:\/\/agrupacionespsoe.es\/ponferrada\/\",\"name\":\"Agrupaci\u00f3n Socialista de Ponferrada\",\"description\":\"Agrupaci\u00f3n Socialista de Ponferrada\",\"publisher\":{\"@id\":\"https:\/\/agrupacionespsoe.es\/ponferrada\/#organization\"},\"potentialAction\":[{\"@type\":\"SearchAction\",\"target\":{\"@type\":\"EntryPoint\",\"urlTemplate\":\"https:\/\/agrupacionespsoe.es\/ponferrada\/?s={search_term_string}\"},\"query-input\":{\"@type\":\"PropertyValueSpecification\",\"valueRequired\":true,\"valueName\":\"search_term_string\"}}],\"inLanguage\":\"es\"},{\"@type\":\"Organization\",\"@id\":\"https:\/\/agrupacionespsoe.es\/ponferrada\/#organization\",\"name\":\"Agrupaci\u00f3n Socialista de Ponferrada\",\"url\":\"https:\/\/agrupacionespsoe.es\/ponferrada\/\",\"logo\":{\"@type\":\"ImageObject\",\"inLanguage\":\"es\",\"@id\":\"https:\/\/agrupacionespsoe.es\/ponferrada\/#\/schema\/logo\/image\/\",\"url\":\"https:\/\/agrupacionespsoe.es\/wp-content\/uploads\/2022\/07\/Logotipo_electoral_del_PSOE.png\",\"contentUrl\":\"https:\/\/agrupacionespsoe.es\/wp-content\/uploads\/2022\/07\/Logotipo_electoral_del_PSOE.png\",\"width\":422,\"height\":422,\"caption\":\"Agrupaci\u00f3n Socialista de Ponferrada\"},\"image\":{\"@id\":\"https:\/\/agrupacionespsoe.es\/ponferrada\/#\/schema\/logo\/image\/\"}},{\"@type\":\"Person\",\"@id\":\"https:\/\/agrupacionespsoe.es\/ponferrada\/#\/schema\/person\/cd29ee627f3b70c05d415f02596debaa\",\"name\":\"ponferrada2\",\"image\":{\"@type\":\"ImageObject\",\"inLanguage\":\"es\",\"@id\":\"https:\/\/agrupacionespsoe.es\/ponferrada\/#\/schema\/person\/image\/\",\"url\":\"https:\/\/secure.gravatar.com\/avatar\/f499eeb60144c664cf7b7edf75549b50?s=96&d=mm&r=g\",\"contentUrl\":\"https:\/\/secure.gravatar.com\/avatar\/f499eeb60144c664cf7b7edf75549b50?s=96&d=mm&r=g\",\"caption\":\"ponferrada2\"},\"url\":\"https:\/\/agrupacionespsoe.es\/ponferrada\/author\/ponferrada2\/\"}]}<\/script>\n<!-- \/ Yoast SEO plugin. -->","yoast_head_json":{"title":"El PSOE de Ponferrada denuncia que Morala prefiere los micr\u00f3fonos al trabajo ante los problemas reales de la ciudad - Agrupaci\u00f3n Socialista de Ponferrada","robots":{"index":"index","follow":"follow","max-snippet":"max-snippet:-1","max-image-preview":"max-image-preview:large","max-video-preview":"max-video-preview:-1"},"canonical":"https:\/\/agrupacionespsoe.es\/ponferrada\/el-psoe-de-ponferrada-denuncia-que-morala-prefiere-los-microfonos-al-trabajo-ante-los-problemas-reales-de-la-ciudad\/","og_locale":"es_ES","og_type":"article","og_title":"El PSOE de Ponferrada denuncia que Morala prefiere los micr\u00f3fonos al trabajo ante los problemas reales de la ciudad - Agrupaci\u00f3n Socialista de Ponferrada","og_description":"La Comisi\u00f3n Ejecutiva Municipal del PSOE de Ponferrada celebr\u00f3 este jueves su reuni\u00f3n ordinaria, en la que se abordaron diversos asuntos de actualidad pol\u00edtica y org\u00e1nica. Entre los acuerdos adoptados destaca la convocatoria de una Asamblea Extraordinaria en la que los cargos p\u00fablicos socialistas rendir\u00e1n cuentas ante la militancia sobre la gesti\u00f3n institucional desarrollada durante ...","og_url":"https:\/\/agrupacionespsoe.es\/ponferrada\/el-psoe-de-ponferrada-denuncia-que-morala-prefiere-los-microfonos-al-trabajo-ante-los-problemas-reales-de-la-ciudad\/","og_site_name":"Agrupaci\u00f3n Socialista de Ponferrada","article_published_time":"2025-11-14T09:05:03+00:00","og_image":[{"width":2048,"height":1536,"url":"https:\/\/agrupacionespsoe.es\/ponferrada\/wp-content\/uploads\/sites\/36\/2025\/11\/WhatsApp-Image-2025-11-14-at-09.49.26.jpeg","type":"image\/jpeg"}],"author":"ponferrada2","twitter_card":"summary_large_image","twitter_misc":{"Escrito por":"ponferrada2","Tiempo de lectura":"3 minutos"},"schema":{"@context":"https:\/\/schema.org","@graph":[{"@type":"Article","@id":"https:\/\/agrupacionespsoe.es\/ponferrada\/el-psoe-de-ponferrada-denuncia-que-morala-prefiere-los-microfonos-al-trabajo-ante-los-problemas-reales-de-la-ciudad\/#article","isPartOf":{"@id":"https:\/\/agrupacionespsoe.es\/ponferrada\/el-psoe-de-ponferrada-denuncia-que-morala-prefiere-los-microfonos-al-trabajo-ante-los-problemas-reales-de-la-ciudad\/"},"author":{"name":"ponferrada2","@id":"https:\/\/agrupacionespsoe.es\/ponferrada\/#\/schema\/person\/cd29ee627f3b70c05d415f02596debaa"},"headline":"El PSOE de Ponferrada denuncia que Morala prefiere los micr\u00f3fonos al trabajo ante los problemas reales de la ciudad","datePublished":"2025-11-14T09:05:03+00:00","dateModified":"2025-11-14T09:05:03+00:00","mainEntityOfPage":{"@id":"https:\/\/agrupacionespsoe.es\/ponferrada\/el-psoe-de-ponferrada-denuncia-que-morala-prefiere-los-microfonos-al-trabajo-ante-los-problemas-reales-de-la-ciudad\/"},"wordCount":623,"commentCount":0,"publisher":{"@id":"https:\/\/agrupacionespsoe.es\/ponferrada\/#organization"},"image":{"@id":"https:\/\/agrupacionespsoe.es\/ponferrada\/el-psoe-de-ponferrada-denuncia-que-morala-prefiere-los-microfonos-al-trabajo-ante-los-problemas-reales-de-la-ciudad\/#primaryimage"},"thumbnailUrl":"https:\/\/agrupacionespsoe.es\/ponferrada\/wp-content\/uploads\/sites\/36\/2025\/11\/WhatsApp-Image-2025-11-14-at-09.49.26.jpeg","articleSection":["ACTUALIDAD"],"inLanguage":"es","potentialAction":[{"@type":"CommentAction","name":"Comment","target":["https:\/\/agrupacionespsoe.es\/ponferrada\/el-psoe-de-ponferrada-denuncia-que-morala-prefiere-los-microfonos-al-trabajo-ante-los-problemas-reales-de-la-ciudad\/#respond"]}]},{"@type":"WebPage","@id":"https:\/\/agrupacionespsoe.es\/ponferrada\/el-psoe-de-ponferrada-denuncia-que-morala-prefiere-los-microfonos-al-trabajo-ante-los-problemas-reales-de-la-ciudad\/","url":"https:\/\/agrupacionespsoe.es\/ponferrada\/el-psoe-de-ponferrada-denuncia-que-morala-prefiere-los-microfonos-al-trabajo-ante-los-problemas-reales-de-la-ciudad\/","name":"El PSOE de Ponferrada denuncia que Morala prefiere los micr\u00f3fonos al trabajo ante los problemas reales de la ciudad - Agrupaci\u00f3n Socialista de Ponferrada","isPartOf":{"@id":"https:\/\/agrupacionespsoe.es\/ponferrada\/#website"},"primaryImageOfPage":{"@id":"https:\/\/agrupacionespsoe.es\/ponferrada\/el-psoe-de-ponferrada-denuncia-que-morala-prefiere-los-microfonos-al-trabajo-ante-los-problemas-reales-de-la-ciudad\/#primaryimage"},"image":{"@id":"https:\/\/agrupacionespsoe.es\/ponferrada\/el-psoe-de-ponferrada-denuncia-que-morala-prefiere-los-microfonos-al-trabajo-ante-los-problemas-reales-de-la-ciudad\/#primaryimage"},"thumbnailUrl":"https:\/\/agrupacionespsoe.es\/ponferrada\/wp-content\/uploads\/sites\/36\/2025\/11\/WhatsApp-Image-2025-11-14-at-09.49.26.jpeg","datePublished":"2025-11-14T09:05:03+00:00","dateModified":"2025-11-14T09:05:03+00:00","breadcrumb":{"@id":"https:\/\/agrupacionespsoe.es\/ponferrada\/el-psoe-de-ponferrada-denuncia-que-morala-prefiere-los-microfonos-al-trabajo-ante-los-problemas-reales-de-la-ciudad\/#breadcrumb"},"inLanguage":"es","potentialAction":[{"@type":"ReadAction","target":["https:\/\/agrupacionespsoe.es\/ponferrada\/el-psoe-de-ponferrada-denuncia-que-morala-prefiere-los-microfonos-al-trabajo-ante-los-problemas-reales-de-la-ciudad\/"]}]},{"@type":"ImageObject","inLanguage":"es","@id":"https:\/\/agrupacionespsoe.es\/ponferrada\/el-psoe-de-ponferrada-denuncia-que-morala-prefiere-los-microfonos-al-trabajo-ante-los-problemas-reales-de-la-ciudad\/#primaryimage","url":"https:\/\/agrupacionespsoe.es\/ponferrada\/wp-content\/uploads\/sites\/36\/2025\/11\/WhatsApp-Image-2025-11-14-at-09.49.26.jpeg","contentUrl":"https:\/\/agrupacionespsoe.es\/ponferrada\/wp-content\/uploads\/sites\/36\/2025\/11\/WhatsApp-Image-2025-11-14-at-09.49.26.jpeg","width":2048,"height":1536},{"@type":"BreadcrumbList","@id":"https:\/\/agrupacionespsoe.es\/ponferrada\/el-psoe-de-ponferrada-denuncia-que-morala-prefiere-los-microfonos-al-trabajo-ante-los-problemas-reales-de-la-ciudad\/#breadcrumb","itemListElement":[{"@type":"ListItem","position":1,"name":"Portada","item":"https:\/\/agrupacionespsoe.es\/ponferrada\/"},{"@type":"ListItem","position":2,"name":"El PSOE de Ponferrada denuncia que Morala prefiere los micr\u00f3fonos al trabajo ante los problemas reales de la ciudad"}]},{"@type":"WebSite","@id":"https:\/\/agrupacionespsoe.es\/ponferrada\/#website","url":"https:\/\/agrupacionespsoe.es\/ponferrada\/","name":"Agrupaci\u00f3n Socialista de Ponferrada","description":"Agrupaci\u00f3n Socialista de Ponferrada","publisher":{"@id":"https:\/\/agrupacionespsoe.es\/ponferrada\/#organization"},"potentialAction":[{"@type":"SearchAction","target":{"@type":"EntryPoint","urlTemplate":"https:\/\/agrupacionespsoe.es\/ponferrada\/?s={search_term_string}"},"query-input":{"@type":"PropertyValueSpecification","valueRequired":true,"valueName":"search_term_string"}}],"inLanguage":"es"},{"@type":"Organization","@id":"https:\/\/agrupacionespsoe.es\/ponferrada\/#organization","name":"Agrupaci\u00f3n Socialista de Ponferrada","url":"https:\/\/agrupacionespsoe.es\/ponferrada\/","logo":{"@type":"ImageObject","inLanguage":"es","@id":"https:\/\/agrupacionespsoe.es\/ponferrada\/#\/schema\/logo\/image\/","url":"https:\/\/agrupacionespsoe.es\/wp-content\/uploads\/2022\/07\/Logotipo_electoral_del_PSOE.png","contentUrl":"https:\/\/agrupacionespsoe.es\/wp-content\/uploads\/2022\/07\/Logotipo_electoral_del_PSOE.png","width":422,"height":422,"caption":"Agrupaci\u00f3n Socialista de Ponferrada"},"image":{"@id":"https:\/\/agrupacionespsoe.es\/ponferrada\/#\/schema\/logo\/image\/"}},{"@type":"Person","@id":"https:\/\/agrupacionespsoe.es\/ponferrada\/#\/schema\/person\/cd29ee627f3b70c05d415f02596debaa","name":"ponferrada2","image":{"@type":"ImageObject","inLanguage":"es","@id":"https:\/\/agrupacionespsoe.es\/ponferrada\/#\/schema\/person\/image\/","url":"https:\/\/secure.gravatar.com\/avatar\/f499eeb60144c664cf7b7edf75549b50?s=96&d=mm&r=g","contentUrl":"https:\/\/secure.gravatar.com\/avatar\/f499eeb60144c664cf7b7edf75549b50?s=96&d=mm&r=g","caption":"ponferrada2"},"url":"https:\/\/agrupacionespsoe.es\/ponferrada\/author\/ponferrada2\/"}]}},"jetpack_featured_media_url":"https:\/\/agrupacionespsoe.es\/ponferrada\/wp-content\/uploads\/sites\/36\/2025\/11\/WhatsApp-Image-2025-11-14-at-09.49.26.jpeg","jetpack_sharing_enabled":true,"_links":{"self":[{"href":"https:\/\/agrupacionespsoe.es\/ponferrada\/wp-json\/wp\/v2\/posts\/1278","targetHints":{"allow":["GET"]}}],"collection":[{"href":"https:\/\/agrupacionespsoe.es\/ponferrada\/wp-json\/wp\/v2\/posts"}],"about":[{"href":"https:\/\/agrupacionespsoe.es\/ponferrada\/wp-json\/wp\/v2\/types\/post"}],"author":[{"embeddable":true,"href":"https:\/\/agrupacionespsoe.es\/ponferrada\/wp-json\/wp\/v2\/users\/32"}],"replies":[{"embeddable":true,"href":"https:\/\/agrupacionespsoe.es\/ponferrada\/wp-json\/wp\/v2\/comments?post=1278"}],"version-history":[{"count":2,"href":"https:\/\/agrupacionespsoe.es\/ponferrada\/wp-json\/wp\/v2\/posts\/1278\/revisions"}],"predecessor-version":[{"id":1281,"href":"https:\/\/agrupacionespsoe.es\/ponferrada\/wp-json\/wp\/v2\/posts\/1278\/revisions\/1281"}],"wp:featuredmedia":[{"embeddable":true,"href":"https:\/\/agrupacionespsoe.es\/ponferrada\/wp-json\/wp\/v2\/media\/1279"}],"wp:attachment":[{"href":"https:\/\/agrupacionespsoe.es\/ponferrada\/wp-json\/wp\/v2\/media?parent=1278"}],"wp:term":[{"taxonomy":"category","embeddable":true,"href":"https:\/\/agrupacionespsoe.es\/ponferrada\/wp-json\/wp\/v2\/categories?post=1278"},{"taxonomy":"post_tag","embeddable":true,"href":"https:\/\/agrupacionespsoe.es\/ponferrada\/wp-json\/wp\/v2\/tags?post=1278"}],"curies":[{"name":"wp","href":"https:\/\/api.w.org\/{rel}","templated":true}]}}