{"id":1270,"date":"2025-11-12T10:12:27","date_gmt":"2025-11-12T10:12:27","guid":{"rendered":"https:\/\/agrupacionespsoe.es\/ponferrada\/?p=1270"},"modified":"2025-11-12T10:12:28","modified_gmt":"2025-11-12T10:12:28","slug":"el-equipo-de-gobierno-demuestra-un-celo-selectivo-en-la-limpieza-de-pintadas-en-ponferrada","status":"publish","type":"post","link":"https:\/\/agrupacionespsoe.es\/ponferrada\/el-equipo-de-gobierno-demuestra-un-celo-selectivo-en-la-limpieza-de-pintadas-en-ponferrada\/","title":{"rendered":"El equipo de gobierno demuestra un \u201ccelo selectivo\u201d en la limpieza de pintadas en Ponferrada"},"content":{"rendered":"\n<p>El Grupo Municipal Socialista denuncia la falta de igualdad de trato en las actuaciones de limpieza de pintadas, por parte de FCC Medio Ambiente y del equipo de gobierno del PP, tras la respuesta recibida a la solicitud de informaci\u00f3n sobre qui\u00e9n orden\u00f3 la limpieza de las pintadas aparecidas en la sede del Partido Popular antes de la visita del consejero de Medio Ambiente, Su\u00e1rez-Qui\u00f1ones y qui\u00e9n se iba a hacer cargo de su coste.<\/p>\n\n\n\n<p>Seg\u00fan la respuesta recibida ayer y enviada por el equipo de gobierno, FCC actu\u00f3 \u201cde oficio\u201d el pasado 27 de octubre de 2025, tras recibir una solicitud para eliminar las pintadas de la fachada del n\u00famero 21 de la calle Ortega y Gasset, donde se ubica la sede del PP.<\/p>\n\n\n\n<p>Desde el grupo socialista creemos que convenientemente no aclara qui\u00e9n realiz\u00f3 dicha solicitud, ni explica por qu\u00e9 en este caso se actu\u00f3 con tanta rapidez y diligencia, mientras que numerosas fachadas y muros del municipio permanecen cubiertos de pintadas durante meses sin que nadie intervenga.<\/p>\n\n\n\n<p>Desde el grupo socialista se\u00f1alan que \u201cnos gustar\u00eda saber cu\u00e1l es el criterio que sigue FCC para decidir d\u00f3nde act\u00faa de oficio y d\u00f3nde no. Porque parece que las pintadas se borran solo cuando afectan a determinadas fachadas o partidos pol\u00edticos\u201d.<\/p>\n\n\n\n<p>Recordamos que el propio contrato de limpieza viaria establece expresamente que \u201cla limpieza de pintadas se realizar\u00e1 en todos los edificios, muros, paredes y elementos del mobiliario urbano o patrimonio arquitect\u00f3nico, art\u00edstico o cultural que as\u00ed se determine, actuando de oficio o a petici\u00f3n expresa de los Servicios T\u00e9cnicos Municipales\u201d, que nosotros sepamos la sede del PP no cumple con ninguno de los criterios ni es mobiliario urbano ni constituye patrimonio arquitect\u00f3nico, art\u00edstico o cultural.<\/p>\n\n\n\n<p>Por tanto, no se est\u00e1 cumpliendo lo estipulado. Numerosas fachadas, muros e incluso espacios protegidos como la parte trasera de la Bas\u00edlica de la Encina permanecen llenos de pintadas sin que se haya actuado ni con la misma diligencia ni con el mismo celo, nos hace pensar que la actuaci\u00f3n del equipo de gobierno es arbitraria y que la igualdad de trato entre vecinos y zonas de la ciudad brilla por su ausencia.<\/p>\n\n\n\n<p>&nbsp;\u201cMientras las comunidades de vecinos esperan meses, la sede del PP se limpia en cuesti\u00f3n de horas. Esa es la diferencia entre tener el gobierno y ser un vecino m\u00e1s de Ponferrada\u201d, a\u00f1aden desde el PSOE.<\/p>\n\n\n\n<figure class=\"wp-block-image size-large\"><img loading=\"lazy\" decoding=\"async\" width=\"1024\" height=\"472\" src=\"https:\/\/agrupacionespsoe.es\/ponferrada\/wp-content\/uploads\/sites\/36\/2025\/11\/WhatsApp-Image-2025-11-12-at-11.06.26-1024x472.jpeg\" alt=\"\" class=\"wp-image-1271\" srcset=\"https:\/\/agrupacionespsoe.es\/ponferrada\/wp-content\/uploads\/sites\/36\/2025\/11\/WhatsApp-Image-2025-11-12-at-11.06.26-1024x472.jpeg 1024w, https:\/\/agrupacionespsoe.es\/ponferrada\/wp-content\/uploads\/sites\/36\/2025\/11\/WhatsApp-Image-2025-11-12-at-11.06.26-300x138.jpeg 300w, https:\/\/agrupacionespsoe.es\/ponferrada\/wp-content\/uploads\/sites\/36\/2025\/11\/WhatsApp-Image-2025-11-12-at-11.06.26-768x354.jpeg 768w, https:\/\/agrupacionespsoe.es\/ponferrada\/wp-content\/uploads\/sites\/36\/2025\/11\/WhatsApp-Image-2025-11-12-at-11.06.26-1536x708.jpeg 1536w, https:\/\/agrupacionespsoe.es\/ponferrada\/wp-content\/uploads\/sites\/36\/2025\/11\/WhatsApp-Image-2025-11-12-at-11.06.26.jpeg 1600w\" sizes=\"auto, (max-width: 1024px) 100vw, 1024px\" \/><figcaption class=\"wp-element-caption\">Bas\u00edlica de La Encina, entrada a la sacrist\u00eda<\/figcaption><\/figure>\n\n\n\n<p>\u201cLa limpieza viaria no puede depender de los colores de las fachadas, ni de las siglas que haya detr\u00e1s de una puerta. Lo p\u00fablico es de todos, y el Ayuntamiento debe actuar con la misma igualdad de trato\u201d.<\/p>\n\n\n\n<p>Desde el Grupo Municipal Socialista animamos a todas las comunidades de vecinos y vecinas de Ponferrada que sufran pintadas en sus fachadas a que se pongan en contacto directamente con la Concejal\u00eda de Medio Ambiente o con la empresa FCC, para solicitar la misma rapidez y eficacia que se demostr\u00f3 en la limpieza de la sede del Partido Popular. Si el servicio puede actuar \u201cde oficio\u201d en determinados casos, esperamos que lo haga tambi\u00e9n cuando se trate de viviendas particulares o comercios, porque la limpieza de la ciudad no puede depender de la ideolog\u00eda del inmueble, sino del derecho de todos los ponferradinos a disfrutar de un entorno digno y cuidado.<\/p>\n\n\n\n<p>M\u00e1s all\u00e1 de la iron\u00eda, lo que realmente parece es que el equipo de gobierno ha utilizado medios p\u00fablicos para un inter\u00e9s partidista, ya que la actuaci\u00f3n se realiz\u00f3 justo antes de la visita del consejero Su\u00e1rez-Qui\u00f1ones a la sede del Partido Popular. La respuesta oficial del equipo de gobierno parece m\u00e1s bien una excusa para ocultar el uso de recursos p\u00fablicos en beneficio privado, intentando desviar la responsabilidad hacia la empresa FCC, como si la decisi\u00f3n hubiera sido exclusivamente suya.<\/p>\n\n\n\n<p>El Grupo Municipal Socialista considera inaceptable que se usen servicios pagados por todos los ponferradinos para fines de partido, y exige transparencia, explicaciones y el cumplimiento estricto de la neutralidad institucional y la igualdad de trato que debe regir cualquier administraci\u00f3n p\u00fablica.<\/p>\n\n\n\n<figure class=\"wp-block-image size-large\"><img loading=\"lazy\" decoding=\"async\" width=\"1024\" height=\"768\" src=\"https:\/\/agrupacionespsoe.es\/ponferrada\/wp-content\/uploads\/sites\/36\/2025\/11\/ed746ceb-3265-473a-899d-c91af9a31354-1024x768.jpg\" alt=\"\" class=\"wp-image-1272\" srcset=\"https:\/\/agrupacionespsoe.es\/ponferrada\/wp-content\/uploads\/sites\/36\/2025\/11\/ed746ceb-3265-473a-899d-c91af9a31354-1024x768.jpg 1024w, https:\/\/agrupacionespsoe.es\/ponferrada\/wp-content\/uploads\/sites\/36\/2025\/11\/ed746ceb-3265-473a-899d-c91af9a31354-300x225.jpg 300w, https:\/\/agrupacionespsoe.es\/ponferrada\/wp-content\/uploads\/sites\/36\/2025\/11\/ed746ceb-3265-473a-899d-c91af9a31354-768x576.jpg 768w, https:\/\/agrupacionespsoe.es\/ponferrada\/wp-content\/uploads\/sites\/36\/2025\/11\/ed746ceb-3265-473a-899d-c91af9a31354-1536x1152.jpg 1536w, https:\/\/agrupacionespsoe.es\/ponferrada\/wp-content\/uploads\/sites\/36\/2025\/11\/ed746ceb-3265-473a-899d-c91af9a31354.jpg 1600w\" sizes=\"auto, (max-width: 1024px) 100vw, 1024px\" \/><\/figure>\n","protected":false},"excerpt":{"rendered":"<p>El Grupo Municipal Socialista denuncia la falta de igualdad de trato en las actuaciones de limpieza de pintadas, por parte de FCC Medio Ambiente y del equipo de gobierno del PP, tras la respuesta recibida a la solicitud de informaci\u00f3n sobre qui\u00e9n orden\u00f3 la limpieza de las pintadas aparecidas en la sede del Partido Popular &#8230;<\/p>\n","protected":false},"author":32,"featured_media":1271,"comment_status":"open","ping_status":"open","sticky":false,"template":"","format":"standard","meta":{"_jetpack_memberships_contains_paid_content":false,"footnotes":""},"categories":[6],"tags":[],"class_list":["post-1270","post","type-post","status-publish","format-standard","has-post-thumbnail","hentry","category-actualidad"],"yoast_head":"<!-- This site is optimized with the Yoast SEO plugin v24.0 - https:\/\/yoast.com\/wordpress\/plugins\/seo\/ -->\n<title>El equipo de gobierno demuestra un \u201ccelo selectivo\u201d en la limpieza de pintadas en Ponferrada - Agrupaci\u00f3n Socialista de Ponferrada<\/title>\n<meta name=\"robots\" content=\"index, follow, max-snippet:-1, max-image-preview:large, max-video-preview:-1\" \/>\n<link rel=\"canonical\" href=\"https:\/\/agrupacionespsoe.es\/ponferrada\/el-equipo-de-gobierno-demuestra-un-celo-selectivo-en-la-limpieza-de-pintadas-en-ponferrada\/\" \/>\n<meta property=\"og:locale\" content=\"es_ES\" \/>\n<meta property=\"og:type\" content=\"article\" \/>\n<meta property=\"og:title\" content=\"El equipo de gobierno demuestra un \u201ccelo selectivo\u201d en la limpieza de pintadas en Ponferrada - Agrupaci\u00f3n Socialista de Ponferrada\" \/>\n<meta property=\"og:description\" content=\"El Grupo Municipal Socialista denuncia la falta de igualdad de trato en las actuaciones de limpieza de pintadas, por parte de FCC Medio Ambiente y del equipo de gobierno del PP, tras la respuesta recibida a la solicitud de informaci\u00f3n sobre qui\u00e9n orden\u00f3 la limpieza de las pintadas aparecidas en la sede del Partido Popular ...\" \/>\n<meta property=\"og:url\" content=\"https:\/\/agrupacionespsoe.es\/ponferrada\/el-equipo-de-gobierno-demuestra-un-celo-selectivo-en-la-limpieza-de-pintadas-en-ponferrada\/\" \/>\n<meta property=\"og:site_name\" content=\"Agrupaci\u00f3n Socialista de Ponferrada\" \/>\n<meta property=\"article:published_time\" content=\"2025-11-12T10:12:27+00:00\" \/>\n<meta property=\"article:modified_time\" content=\"2025-11-12T10:12:28+00:00\" \/>\n<meta property=\"og:image\" content=\"https:\/\/agrupacionespsoe.es\/ponferrada\/wp-content\/uploads\/sites\/36\/2025\/11\/WhatsApp-Image-2025-11-12-at-11.06.26.jpeg\" \/>\n\t<meta property=\"og:image:width\" content=\"1600\" \/>\n\t<meta property=\"og:image:height\" content=\"738\" \/>\n\t<meta property=\"og:image:type\" content=\"image\/jpeg\" \/>\n<meta name=\"author\" content=\"ponferrada2\" \/>\n<meta name=\"twitter:card\" content=\"summary_large_image\" \/>\n<meta name=\"twitter:label1\" content=\"Escrito por\" \/>\n\t<meta name=\"twitter:data1\" content=\"ponferrada2\" \/>\n\t<meta name=\"twitter:label2\" content=\"Tiempo de lectura\" \/>\n\t<meta name=\"twitter:data2\" content=\"4 minutos\" \/>\n<script type=\"application\/ld+json\" class=\"yoast-schema-graph\">{\"@context\":\"https:\/\/schema.org\",\"@graph\":[{\"@type\":\"Article\",\"@id\":\"https:\/\/agrupacionespsoe.es\/ponferrada\/el-equipo-de-gobierno-demuestra-un-celo-selectivo-en-la-limpieza-de-pintadas-en-ponferrada\/#article\",\"isPartOf\":{\"@id\":\"https:\/\/agrupacionespsoe.es\/ponferrada\/el-equipo-de-gobierno-demuestra-un-celo-selectivo-en-la-limpieza-de-pintadas-en-ponferrada\/\"},\"author\":{\"name\":\"ponferrada2\",\"@id\":\"https:\/\/agrupacionespsoe.es\/ponferrada\/#\/schema\/person\/cd29ee627f3b70c05d415f02596debaa\"},\"headline\":\"El equipo de gobierno demuestra un \u201ccelo selectivo\u201d en la limpieza de pintadas en Ponferrada\",\"datePublished\":\"2025-11-12T10:12:27+00:00\",\"dateModified\":\"2025-11-12T10:12:28+00:00\",\"mainEntityOfPage\":{\"@id\":\"https:\/\/agrupacionespsoe.es\/ponferrada\/el-equipo-de-gobierno-demuestra-un-celo-selectivo-en-la-limpieza-de-pintadas-en-ponferrada\/\"},\"wordCount\":733,\"commentCount\":0,\"publisher\":{\"@id\":\"https:\/\/agrupacionespsoe.es\/ponferrada\/#organization\"},\"image\":{\"@id\":\"https:\/\/agrupacionespsoe.es\/ponferrada\/el-equipo-de-gobierno-demuestra-un-celo-selectivo-en-la-limpieza-de-pintadas-en-ponferrada\/#primaryimage\"},\"thumbnailUrl\":\"https:\/\/agrupacionespsoe.es\/ponferrada\/wp-content\/uploads\/sites\/36\/2025\/11\/WhatsApp-Image-2025-11-12-at-11.06.26.jpeg\",\"articleSection\":[\"ACTUALIDAD\"],\"inLanguage\":\"es\",\"potentialAction\":[{\"@type\":\"CommentAction\",\"name\":\"Comment\",\"target\":[\"https:\/\/agrupacionespsoe.es\/ponferrada\/el-equipo-de-gobierno-demuestra-un-celo-selectivo-en-la-limpieza-de-pintadas-en-ponferrada\/#respond\"]}]},{\"@type\":\"WebPage\",\"@id\":\"https:\/\/agrupacionespsoe.es\/ponferrada\/el-equipo-de-gobierno-demuestra-un-celo-selectivo-en-la-limpieza-de-pintadas-en-ponferrada\/\",\"url\":\"https:\/\/agrupacionespsoe.es\/ponferrada\/el-equipo-de-gobierno-demuestra-un-celo-selectivo-en-la-limpieza-de-pintadas-en-ponferrada\/\",\"name\":\"El equipo de gobierno demuestra un \u201ccelo selectivo\u201d en la limpieza de pintadas en Ponferrada - Agrupaci\u00f3n Socialista de Ponferrada\",\"isPartOf\":{\"@id\":\"https:\/\/agrupacionespsoe.es\/ponferrada\/#website\"},\"primaryImageOfPage\":{\"@id\":\"https:\/\/agrupacionespsoe.es\/ponferrada\/el-equipo-de-gobierno-demuestra-un-celo-selectivo-en-la-limpieza-de-pintadas-en-ponferrada\/#primaryimage\"},\"image\":{\"@id\":\"https:\/\/agrupacionespsoe.es\/ponferrada\/el-equipo-de-gobierno-demuestra-un-celo-selectivo-en-la-limpieza-de-pintadas-en-ponferrada\/#primaryimage\"},\"thumbnailUrl\":\"https:\/\/agrupacionespsoe.es\/ponferrada\/wp-content\/uploads\/sites\/36\/2025\/11\/WhatsApp-Image-2025-11-12-at-11.06.26.jpeg\",\"datePublished\":\"2025-11-12T10:12:27+00:00\",\"dateModified\":\"2025-11-12T10:12:28+00:00\",\"breadcrumb\":{\"@id\":\"https:\/\/agrupacionespsoe.es\/ponferrada\/el-equipo-de-gobierno-demuestra-un-celo-selectivo-en-la-limpieza-de-pintadas-en-ponferrada\/#breadcrumb\"},\"inLanguage\":\"es\",\"potentialAction\":[{\"@type\":\"ReadAction\",\"target\":[\"https:\/\/agrupacionespsoe.es\/ponferrada\/el-equipo-de-gobierno-demuestra-un-celo-selectivo-en-la-limpieza-de-pintadas-en-ponferrada\/\"]}]},{\"@type\":\"ImageObject\",\"inLanguage\":\"es\",\"@id\":\"https:\/\/agrupacionespsoe.es\/ponferrada\/el-equipo-de-gobierno-demuestra-un-celo-selectivo-en-la-limpieza-de-pintadas-en-ponferrada\/#primaryimage\",\"url\":\"https:\/\/agrupacionespsoe.es\/ponferrada\/wp-content\/uploads\/sites\/36\/2025\/11\/WhatsApp-Image-2025-11-12-at-11.06.26.jpeg\",\"contentUrl\":\"https:\/\/agrupacionespsoe.es\/ponferrada\/wp-content\/uploads\/sites\/36\/2025\/11\/WhatsApp-Image-2025-11-12-at-11.06.26.jpeg\",\"width\":1600,\"height\":738},{\"@type\":\"BreadcrumbList\",\"@id\":\"https:\/\/agrupacionespsoe.es\/ponferrada\/el-equipo-de-gobierno-demuestra-un-celo-selectivo-en-la-limpieza-de-pintadas-en-ponferrada\/#breadcrumb\",\"itemListElement\":[{\"@type\":\"ListItem\",\"position\":1,\"name\":\"Portada\",\"item\":\"https:\/\/agrupacionespsoe.es\/ponferrada\/\"},{\"@type\":\"ListItem\",\"position\":2,\"name\":\"El equipo de gobierno demuestra un \u201ccelo selectivo\u201d en la limpieza de pintadas en Ponferrada\"}]},{\"@type\":\"WebSite\",\"@id\":\"https:\/\/agrupacionespsoe.es\/ponferrada\/#website\",\"url\":\"https:\/\/agrupacionespsoe.es\/ponferrada\/\",\"name\":\"Agrupaci\u00f3n Socialista de Ponferrada\",\"description\":\"Agrupaci\u00f3n Socialista de Ponferrada\",\"publisher\":{\"@id\":\"https:\/\/agrupacionespsoe.es\/ponferrada\/#organization\"},\"potentialAction\":[{\"@type\":\"SearchAction\",\"target\":{\"@type\":\"EntryPoint\",\"urlTemplate\":\"https:\/\/agrupacionespsoe.es\/ponferrada\/?s={search_term_string}\"},\"query-input\":{\"@type\":\"PropertyValueSpecification\",\"valueRequired\":true,\"valueName\":\"search_term_string\"}}],\"inLanguage\":\"es\"},{\"@type\":\"Organization\",\"@id\":\"https:\/\/agrupacionespsoe.es\/ponferrada\/#organization\",\"name\":\"Agrupaci\u00f3n Socialista de Ponferrada\",\"url\":\"https:\/\/agrupacionespsoe.es\/ponferrada\/\",\"logo\":{\"@type\":\"ImageObject\",\"inLanguage\":\"es\",\"@id\":\"https:\/\/agrupacionespsoe.es\/ponferrada\/#\/schema\/logo\/image\/\",\"url\":\"https:\/\/agrupacionespsoe.es\/wp-content\/uploads\/2022\/07\/Logotipo_electoral_del_PSOE.png\",\"contentUrl\":\"https:\/\/agrupacionespsoe.es\/wp-content\/uploads\/2022\/07\/Logotipo_electoral_del_PSOE.png\",\"width\":422,\"height\":422,\"caption\":\"Agrupaci\u00f3n Socialista de Ponferrada\"},\"image\":{\"@id\":\"https:\/\/agrupacionespsoe.es\/ponferrada\/#\/schema\/logo\/image\/\"}},{\"@type\":\"Person\",\"@id\":\"https:\/\/agrupacionespsoe.es\/ponferrada\/#\/schema\/person\/cd29ee627f3b70c05d415f02596debaa\",\"name\":\"ponferrada2\",\"image\":{\"@type\":\"ImageObject\",\"inLanguage\":\"es\",\"@id\":\"https:\/\/agrupacionespsoe.es\/ponferrada\/#\/schema\/person\/image\/\",\"url\":\"https:\/\/secure.gravatar.com\/avatar\/f499eeb60144c664cf7b7edf75549b50?s=96&d=mm&r=g\",\"contentUrl\":\"https:\/\/secure.gravatar.com\/avatar\/f499eeb60144c664cf7b7edf75549b50?s=96&d=mm&r=g\",\"caption\":\"ponferrada2\"},\"url\":\"https:\/\/agrupacionespsoe.es\/ponferrada\/author\/ponferrada2\/\"}]}<\/script>\n<!-- \/ Yoast SEO plugin. -->","yoast_head_json":{"title":"El equipo de gobierno demuestra un \u201ccelo selectivo\u201d en la limpieza de pintadas en Ponferrada - Agrupaci\u00f3n Socialista de Ponferrada","robots":{"index":"index","follow":"follow","max-snippet":"max-snippet:-1","max-image-preview":"max-image-preview:large","max-video-preview":"max-video-preview:-1"},"canonical":"https:\/\/agrupacionespsoe.es\/ponferrada\/el-equipo-de-gobierno-demuestra-un-celo-selectivo-en-la-limpieza-de-pintadas-en-ponferrada\/","og_locale":"es_ES","og_type":"article","og_title":"El equipo de gobierno demuestra un \u201ccelo selectivo\u201d en la limpieza de pintadas en Ponferrada - Agrupaci\u00f3n Socialista de Ponferrada","og_description":"El Grupo Municipal Socialista denuncia la falta de igualdad de trato en las actuaciones de limpieza de pintadas, por parte de FCC Medio Ambiente y del equipo de gobierno del PP, tras la respuesta recibida a la solicitud de informaci\u00f3n sobre qui\u00e9n orden\u00f3 la limpieza de las pintadas aparecidas en la sede del Partido Popular ...","og_url":"https:\/\/agrupacionespsoe.es\/ponferrada\/el-equipo-de-gobierno-demuestra-un-celo-selectivo-en-la-limpieza-de-pintadas-en-ponferrada\/","og_site_name":"Agrupaci\u00f3n Socialista de Ponferrada","article_published_time":"2025-11-12T10:12:27+00:00","article_modified_time":"2025-11-12T10:12:28+00:00","og_image":[{"width":1600,"height":738,"url":"https:\/\/agrupacionespsoe.es\/ponferrada\/wp-content\/uploads\/sites\/36\/2025\/11\/WhatsApp-Image-2025-11-12-at-11.06.26.jpeg","type":"image\/jpeg"}],"author":"ponferrada2","twitter_card":"summary_large_image","twitter_misc":{"Escrito por":"ponferrada2","Tiempo de lectura":"4 minutos"},"schema":{"@context":"https:\/\/schema.org","@graph":[{"@type":"Article","@id":"https:\/\/agrupacionespsoe.es\/ponferrada\/el-equipo-de-gobierno-demuestra-un-celo-selectivo-en-la-limpieza-de-pintadas-en-ponferrada\/#article","isPartOf":{"@id":"https:\/\/agrupacionespsoe.es\/ponferrada\/el-equipo-de-gobierno-demuestra-un-celo-selectivo-en-la-limpieza-de-pintadas-en-ponferrada\/"},"author":{"name":"ponferrada2","@id":"https:\/\/agrupacionespsoe.es\/ponferrada\/#\/schema\/person\/cd29ee627f3b70c05d415f02596debaa"},"headline":"El equipo de gobierno demuestra un \u201ccelo selectivo\u201d en la limpieza de pintadas en Ponferrada","datePublished":"2025-11-12T10:12:27+00:00","dateModified":"2025-11-12T10:12:28+00:00","mainEntityOfPage":{"@id":"https:\/\/agrupacionespsoe.es\/ponferrada\/el-equipo-de-gobierno-demuestra-un-celo-selectivo-en-la-limpieza-de-pintadas-en-ponferrada\/"},"wordCount":733,"commentCount":0,"publisher":{"@id":"https:\/\/agrupacionespsoe.es\/ponferrada\/#organization"},"image":{"@id":"https:\/\/agrupacionespsoe.es\/ponferrada\/el-equipo-de-gobierno-demuestra-un-celo-selectivo-en-la-limpieza-de-pintadas-en-ponferrada\/#primaryimage"},"thumbnailUrl":"https:\/\/agrupacionespsoe.es\/ponferrada\/wp-content\/uploads\/sites\/36\/2025\/11\/WhatsApp-Image-2025-11-12-at-11.06.26.jpeg","articleSection":["ACTUALIDAD"],"inLanguage":"es","potentialAction":[{"@type":"CommentAction","name":"Comment","target":["https:\/\/agrupacionespsoe.es\/ponferrada\/el-equipo-de-gobierno-demuestra-un-celo-selectivo-en-la-limpieza-de-pintadas-en-ponferrada\/#respond"]}]},{"@type":"WebPage","@id":"https:\/\/agrupacionespsoe.es\/ponferrada\/el-equipo-de-gobierno-demuestra-un-celo-selectivo-en-la-limpieza-de-pintadas-en-ponferrada\/","url":"https:\/\/agrupacionespsoe.es\/ponferrada\/el-equipo-de-gobierno-demuestra-un-celo-selectivo-en-la-limpieza-de-pintadas-en-ponferrada\/","name":"El equipo de gobierno demuestra un \u201ccelo selectivo\u201d en la limpieza de pintadas en Ponferrada - Agrupaci\u00f3n Socialista de Ponferrada","isPartOf":{"@id":"https:\/\/agrupacionespsoe.es\/ponferrada\/#website"},"primaryImageOfPage":{"@id":"https:\/\/agrupacionespsoe.es\/ponferrada\/el-equipo-de-gobierno-demuestra-un-celo-selectivo-en-la-limpieza-de-pintadas-en-ponferrada\/#primaryimage"},"image":{"@id":"https:\/\/agrupacionespsoe.es\/ponferrada\/el-equipo-de-gobierno-demuestra-un-celo-selectivo-en-la-limpieza-de-pintadas-en-ponferrada\/#primaryimage"},"thumbnailUrl":"https:\/\/agrupacionespsoe.es\/ponferrada\/wp-content\/uploads\/sites\/36\/2025\/11\/WhatsApp-Image-2025-11-12-at-11.06.26.jpeg","datePublished":"2025-11-12T10:12:27+00:00","dateModified":"2025-11-12T10:12:28+00:00","breadcrumb":{"@id":"https:\/\/agrupacionespsoe.es\/ponferrada\/el-equipo-de-gobierno-demuestra-un-celo-selectivo-en-la-limpieza-de-pintadas-en-ponferrada\/#breadcrumb"},"inLanguage":"es","potentialAction":[{"@type":"ReadAction","target":["https:\/\/agrupacionespsoe.es\/ponferrada\/el-equipo-de-gobierno-demuestra-un-celo-selectivo-en-la-limpieza-de-pintadas-en-ponferrada\/"]}]},{"@type":"ImageObject","inLanguage":"es","@id":"https:\/\/agrupacionespsoe.es\/ponferrada\/el-equipo-de-gobierno-demuestra-un-celo-selectivo-en-la-limpieza-de-pintadas-en-ponferrada\/#primaryimage","url":"https:\/\/agrupacionespsoe.es\/ponferrada\/wp-content\/uploads\/sites\/36\/2025\/11\/WhatsApp-Image-2025-11-12-at-11.06.26.jpeg","contentUrl":"https:\/\/agrupacionespsoe.es\/ponferrada\/wp-content\/uploads\/sites\/36\/2025\/11\/WhatsApp-Image-2025-11-12-at-11.06.26.jpeg","width":1600,"height":738},{"@type":"BreadcrumbList","@id":"https:\/\/agrupacionespsoe.es\/ponferrada\/el-equipo-de-gobierno-demuestra-un-celo-selectivo-en-la-limpieza-de-pintadas-en-ponferrada\/#breadcrumb","itemListElement":[{"@type":"ListItem","position":1,"name":"Portada","item":"https:\/\/agrupacionespsoe.es\/ponferrada\/"},{"@type":"ListItem","position":2,"name":"El equipo de gobierno demuestra un \u201ccelo selectivo\u201d en la limpieza de pintadas en Ponferrada"}]},{"@type":"WebSite","@id":"https:\/\/agrupacionespsoe.es\/ponferrada\/#website","url":"https:\/\/agrupacionespsoe.es\/ponferrada\/","name":"Agrupaci\u00f3n Socialista de Ponferrada","description":"Agrupaci\u00f3n Socialista de Ponferrada","publisher":{"@id":"https:\/\/agrupacionespsoe.es\/ponferrada\/#organization"},"potentialAction":[{"@type":"SearchAction","target":{"@type":"EntryPoint","urlTemplate":"https:\/\/agrupacionespsoe.es\/ponferrada\/?s={search_term_string}"},"query-input":{"@type":"PropertyValueSpecification","valueRequired":true,"valueName":"search_term_string"}}],"inLanguage":"es"},{"@type":"Organization","@id":"https:\/\/agrupacionespsoe.es\/ponferrada\/#organization","name":"Agrupaci\u00f3n Socialista de Ponferrada","url":"https:\/\/agrupacionespsoe.es\/ponferrada\/","logo":{"@type":"ImageObject","inLanguage":"es","@id":"https:\/\/agrupacionespsoe.es\/ponferrada\/#\/schema\/logo\/image\/","url":"https:\/\/agrupacionespsoe.es\/wp-content\/uploads\/2022\/07\/Logotipo_electoral_del_PSOE.png","contentUrl":"https:\/\/agrupacionespsoe.es\/wp-content\/uploads\/2022\/07\/Logotipo_electoral_del_PSOE.png","width":422,"height":422,"caption":"Agrupaci\u00f3n Socialista de Ponferrada"},"image":{"@id":"https:\/\/agrupacionespsoe.es\/ponferrada\/#\/schema\/logo\/image\/"}},{"@type":"Person","@id":"https:\/\/agrupacionespsoe.es\/ponferrada\/#\/schema\/person\/cd29ee627f3b70c05d415f02596debaa","name":"ponferrada2","image":{"@type":"ImageObject","inLanguage":"es","@id":"https:\/\/agrupacionespsoe.es\/ponferrada\/#\/schema\/person\/image\/","url":"https:\/\/secure.gravatar.com\/avatar\/f499eeb60144c664cf7b7edf75549b50?s=96&d=mm&r=g","contentUrl":"https:\/\/secure.gravatar.com\/avatar\/f499eeb60144c664cf7b7edf75549b50?s=96&d=mm&r=g","caption":"ponferrada2"},"url":"https:\/\/agrupacionespsoe.es\/ponferrada\/author\/ponferrada2\/"}]}},"jetpack_featured_media_url":"https:\/\/agrupacionespsoe.es\/ponferrada\/wp-content\/uploads\/sites\/36\/2025\/11\/WhatsApp-Image-2025-11-12-at-11.06.26.jpeg","jetpack_sharing_enabled":true,"_links":{"self":[{"href":"https:\/\/agrupacionespsoe.es\/ponferrada\/wp-json\/wp\/v2\/posts\/1270","targetHints":{"allow":["GET"]}}],"collection":[{"href":"https:\/\/agrupacionespsoe.es\/ponferrada\/wp-json\/wp\/v2\/posts"}],"about":[{"href":"https:\/\/agrupacionespsoe.es\/ponferrada\/wp-json\/wp\/v2\/types\/post"}],"author":[{"embeddable":true,"href":"https:\/\/agrupacionespsoe.es\/ponferrada\/wp-json\/wp\/v2\/users\/32"}],"replies":[{"embeddable":true,"href":"https:\/\/agrupacionespsoe.es\/ponferrada\/wp-json\/wp\/v2\/comments?post=1270"}],"version-history":[{"count":2,"href":"https:\/\/agrupacionespsoe.es\/ponferrada\/wp-json\/wp\/v2\/posts\/1270\/revisions"}],"predecessor-version":[{"id":1274,"href":"https:\/\/agrupacionespsoe.es\/ponferrada\/wp-json\/wp\/v2\/posts\/1270\/revisions\/1274"}],"wp:featuredmedia":[{"embeddable":true,"href":"https:\/\/agrupacionespsoe.es\/ponferrada\/wp-json\/wp\/v2\/media\/1271"}],"wp:attachment":[{"href":"https:\/\/agrupacionespsoe.es\/ponferrada\/wp-json\/wp\/v2\/media?parent=1270"}],"wp:term":[{"taxonomy":"category","embeddable":true,"href":"https:\/\/agrupacionespsoe.es\/ponferrada\/wp-json\/wp\/v2\/categories?post=1270"},{"taxonomy":"post_tag","embeddable":true,"href":"https:\/\/agrupacionespsoe.es\/ponferrada\/wp-json\/wp\/v2\/tags?post=1270"}],"curies":[{"name":"wp","href":"https:\/\/api.w.org\/{rel}","templated":true}]}}