{"id":1259,"date":"2025-11-07T10:32:48","date_gmt":"2025-11-07T10:32:48","guid":{"rendered":"https:\/\/agrupacionespsoe.es\/ponferrada\/?p=1259"},"modified":"2025-11-07T10:32:49","modified_gmt":"2025-11-07T10:32:49","slug":"el-grupo-municipal-socialista-celebra-la-declaracion-de-ponferrada-como-bien-de-interes-cultural-y-recuerda-que-sin-el-impulso-del-psoe-no-se-habria-logrado","status":"publish","type":"post","link":"https:\/\/agrupacionespsoe.es\/ponferrada\/el-grupo-municipal-socialista-celebra-la-declaracion-de-ponferrada-como-bien-de-interes-cultural-y-recuerda-que-sin-el-impulso-del-psoe-no-se-habria-logrado\/","title":{"rendered":"El Grupo Municipal Socialista celebra la declaraci\u00f3n de Ponferrada como Bien de Inter\u00e9s Cultural y recuerda que sin el impulso del PSOE no se habr\u00eda logrado"},"content":{"rendered":"\n<p>El Grupo Municipal Socialista de Ponferrada celebra la aprobaci\u00f3n por parte de la Junta de Castilla y Le\u00f3n de la declaraci\u00f3n de la ciudad como Bien de Inter\u00e9s Cultural (BIC) con categor\u00eda de Conjunto Hist\u00f3rico, un reconocimiento que culmina un expediente iniciado en 1976 y que pone en valor el patrimonio hist\u00f3rico, arquitect\u00f3nico y cultural de Ponferrada.<\/p>\n\n\n\n<p>Los socialistas recuerdan que este logro no habr\u00eda sido posible sin el impulso del PSOE, que llev\u00f3 este asunto al Pleno de las Cortes de Castilla y Le\u00f3n el 28 de mayo de 2025, donde se aprob\u00f3 por unanimidad una moci\u00f3n socialista instando a la Junta a resolver los expedientes de BIC que llevaban d\u00e9cadas paralizados, entre ellos los de Ponferrada, Bembibre y Molinaseca. Un asunto que lleva reclamando de manera insistente desde el 2018, y ah\u00ed a diferencia de otros que intentan colgarse la medalla, desde el PSOE podemos tirar de hemeroteca para demostrarlo.<\/p>\n\n\n\n<p>\u201cCreemos que sin la insistencia y el trabajo del PSOE, este expediente se hubiera retrasado a\u00fan m\u00e1s. Se ha conseguido que la Junta cumpla con su obligaci\u00f3n despu\u00e9s de casi medio siglo de espera\u201d, subrayan desde el Grupo Municipal Socialista.<\/p>\n\n\n\n<p>&nbsp;\u201cNos alegra que el alcalde diga que el equipo de gobierno se ha interesado \u2018repetidas veces\u2019 y que lo ha \u2018defendido insistentemente\u2019, pero nos gustar\u00eda saber con cu\u00e1nta insistencia lo ha defendido\u201d. \u201cNos gustar\u00eda que el alcalde mostrara esa misma insistencia que dice haber tenido en otros asuntos que afectan directamente a los vecinos, como la defensa de la sanidad p\u00fablica, las inversiones en los colegios, la inversi\u00f3n necesaria para la reapertura de las piscinas, la inversi\u00f3n pendiente del nuevo centro de Salud de la zona alta o tantas otras promesas de la Junta que han quedado en humo. Si fuera as\u00ed de perseverante en esos temas, a Ponferrada le ir\u00eda mucho mejor\u201d, ironizan desde el grupo.<\/p>\n\n\n\n<p>Desde el Grupo Socialista deseamos que esta declaraci\u00f3n sirva para revitalizar el casco hist\u00f3rico y generar oportunidades, y no para convertirse en una traba por culpa de la burocracia o la falta de diligencia del PP de la Junta.<\/p>\n\n\n\n<p>\u201cEsperamos que el PP no gestione el BIC con el mismo desinter\u00e9s con el que ha tramitado el expediente que se ha demorado 49 a\u00f1os. El reconocimiento debe venir acompa\u00f1ado de ayudas, agilidad y sensibilidad hacia los propietarios, no de complicaciones administrativas\u201d, subrayan los concejales socialistas.<\/p>\n\n\n\n<p>Para finalizar desde el Grupo Socialista se\u00f1alan que \u201cPonferrada merec\u00eda este reconocimiento, y nos alegra que por fin se haya hecho justicia con nuestra ciudad y con quienes llevan d\u00e9cadas luchando por proteger su patrimonio. Ahora toca hacerlo bien\u201d.<\/p>\n\n\n\n<figure class=\"wp-block-image size-large\"><img loading=\"lazy\" decoding=\"async\" width=\"768\" height=\"1024\" src=\"https:\/\/agrupacionespsoe.es\/ponferrada\/wp-content\/uploads\/sites\/36\/2025\/11\/WhatsApp-Image-2025-11-07-at-10.52.35-768x1024.jpeg\" alt=\"\" class=\"wp-image-1260\" srcset=\"https:\/\/agrupacionespsoe.es\/ponferrada\/wp-content\/uploads\/sites\/36\/2025\/11\/WhatsApp-Image-2025-11-07-at-10.52.35-768x1024.jpeg 768w, https:\/\/agrupacionespsoe.es\/ponferrada\/wp-content\/uploads\/sites\/36\/2025\/11\/WhatsApp-Image-2025-11-07-at-10.52.35-225x300.jpeg 225w, https:\/\/agrupacionespsoe.es\/ponferrada\/wp-content\/uploads\/sites\/36\/2025\/11\/WhatsApp-Image-2025-11-07-at-10.52.35-1152x1536.jpeg 1152w, https:\/\/agrupacionespsoe.es\/ponferrada\/wp-content\/uploads\/sites\/36\/2025\/11\/WhatsApp-Image-2025-11-07-at-10.52.35.jpeg 1500w\" sizes=\"auto, (max-width: 768px) 100vw, 768px\" \/><\/figure>\n","protected":false},"excerpt":{"rendered":"<p>El Grupo Municipal Socialista de Ponferrada celebra la aprobaci\u00f3n por parte de la Junta de Castilla y Le\u00f3n de la declaraci\u00f3n de la ciudad como Bien de Inter\u00e9s Cultural (BIC) con categor\u00eda de Conjunto Hist\u00f3rico, un reconocimiento que culmina un expediente iniciado en 1976 y que pone en valor el patrimonio hist\u00f3rico, arquitect\u00f3nico y cultural &#8230;<\/p>\n","protected":false},"author":32,"featured_media":1260,"comment_status":"open","ping_status":"open","sticky":false,"template":"","format":"standard","meta":{"_jetpack_memberships_contains_paid_content":false,"footnotes":""},"categories":[6],"tags":[],"class_list":["post-1259","post","type-post","status-publish","format-standard","has-post-thumbnail","hentry","category-actualidad"],"yoast_head":"<!-- This site is optimized with the Yoast SEO plugin v24.0 - https:\/\/yoast.com\/wordpress\/plugins\/seo\/ -->\n<title>El Grupo Municipal Socialista celebra la declaraci\u00f3n de Ponferrada como Bien de Inter\u00e9s Cultural y recuerda que sin el impulso del PSOE no se habr\u00eda logrado - Agrupaci\u00f3n Socialista de Ponferrada<\/title>\n<meta name=\"robots\" content=\"index, follow, max-snippet:-1, max-image-preview:large, max-video-preview:-1\" \/>\n<link rel=\"canonical\" href=\"https:\/\/agrupacionespsoe.es\/ponferrada\/el-grupo-municipal-socialista-celebra-la-declaracion-de-ponferrada-como-bien-de-interes-cultural-y-recuerda-que-sin-el-impulso-del-psoe-no-se-habria-logrado\/\" \/>\n<meta property=\"og:locale\" content=\"es_ES\" \/>\n<meta property=\"og:type\" content=\"article\" \/>\n<meta property=\"og:title\" content=\"El Grupo Municipal Socialista celebra la declaraci\u00f3n de Ponferrada como Bien de Inter\u00e9s Cultural y recuerda que sin el impulso del PSOE no se habr\u00eda logrado - Agrupaci\u00f3n Socialista de Ponferrada\" \/>\n<meta property=\"og:description\" content=\"El Grupo Municipal Socialista de Ponferrada celebra la aprobaci\u00f3n por parte de la Junta de Castilla y Le\u00f3n de la declaraci\u00f3n de la ciudad como Bien de Inter\u00e9s Cultural (BIC) con categor\u00eda de Conjunto Hist\u00f3rico, un reconocimiento que culmina un expediente iniciado en 1976 y que pone en valor el patrimonio hist\u00f3rico, arquitect\u00f3nico y cultural ...\" \/>\n<meta property=\"og:url\" content=\"https:\/\/agrupacionespsoe.es\/ponferrada\/el-grupo-municipal-socialista-celebra-la-declaracion-de-ponferrada-como-bien-de-interes-cultural-y-recuerda-que-sin-el-impulso-del-psoe-no-se-habria-logrado\/\" \/>\n<meta property=\"og:site_name\" content=\"Agrupaci\u00f3n Socialista de Ponferrada\" \/>\n<meta property=\"article:published_time\" content=\"2025-11-07T10:32:48+00:00\" \/>\n<meta property=\"article:modified_time\" content=\"2025-11-07T10:32:49+00:00\" \/>\n<meta property=\"og:image\" content=\"https:\/\/agrupacionespsoe.es\/ponferrada\/wp-content\/uploads\/sites\/36\/2025\/11\/WhatsApp-Image-2025-11-07-at-10.52.35.jpeg\" \/>\n\t<meta property=\"og:image:width\" content=\"1500\" \/>\n\t<meta property=\"og:image:height\" content=\"2000\" \/>\n\t<meta property=\"og:image:type\" content=\"image\/jpeg\" \/>\n<meta name=\"author\" content=\"ponferrada2\" \/>\n<meta name=\"twitter:card\" content=\"summary_large_image\" \/>\n<meta name=\"twitter:label1\" content=\"Escrito por\" \/>\n\t<meta name=\"twitter:data1\" content=\"ponferrada2\" \/>\n\t<meta name=\"twitter:label2\" content=\"Tiempo de lectura\" \/>\n\t<meta name=\"twitter:data2\" content=\"3 minutos\" \/>\n<script type=\"application\/ld+json\" class=\"yoast-schema-graph\">{\"@context\":\"https:\/\/schema.org\",\"@graph\":[{\"@type\":\"Article\",\"@id\":\"https:\/\/agrupacionespsoe.es\/ponferrada\/el-grupo-municipal-socialista-celebra-la-declaracion-de-ponferrada-como-bien-de-interes-cultural-y-recuerda-que-sin-el-impulso-del-psoe-no-se-habria-logrado\/#article\",\"isPartOf\":{\"@id\":\"https:\/\/agrupacionespsoe.es\/ponferrada\/el-grupo-municipal-socialista-celebra-la-declaracion-de-ponferrada-como-bien-de-interes-cultural-y-recuerda-que-sin-el-impulso-del-psoe-no-se-habria-logrado\/\"},\"author\":{\"name\":\"ponferrada2\",\"@id\":\"https:\/\/agrupacionespsoe.es\/ponferrada\/#\/schema\/person\/cd29ee627f3b70c05d415f02596debaa\"},\"headline\":\"El Grupo Municipal Socialista celebra la declaraci\u00f3n de Ponferrada como Bien de Inter\u00e9s Cultural y recuerda que sin el impulso del PSOE no se habr\u00eda logrado\",\"datePublished\":\"2025-11-07T10:32:48+00:00\",\"dateModified\":\"2025-11-07T10:32:49+00:00\",\"mainEntityOfPage\":{\"@id\":\"https:\/\/agrupacionespsoe.es\/ponferrada\/el-grupo-municipal-socialista-celebra-la-declaracion-de-ponferrada-como-bien-de-interes-cultural-y-recuerda-que-sin-el-impulso-del-psoe-no-se-habria-logrado\/\"},\"wordCount\":489,\"commentCount\":0,\"publisher\":{\"@id\":\"https:\/\/agrupacionespsoe.es\/ponferrada\/#organization\"},\"image\":{\"@id\":\"https:\/\/agrupacionespsoe.es\/ponferrada\/el-grupo-municipal-socialista-celebra-la-declaracion-de-ponferrada-como-bien-de-interes-cultural-y-recuerda-que-sin-el-impulso-del-psoe-no-se-habria-logrado\/#primaryimage\"},\"thumbnailUrl\":\"https:\/\/agrupacionespsoe.es\/ponferrada\/wp-content\/uploads\/sites\/36\/2025\/11\/WhatsApp-Image-2025-11-07-at-10.52.35.jpeg\",\"articleSection\":[\"ACTUALIDAD\"],\"inLanguage\":\"es\",\"potentialAction\":[{\"@type\":\"CommentAction\",\"name\":\"Comment\",\"target\":[\"https:\/\/agrupacionespsoe.es\/ponferrada\/el-grupo-municipal-socialista-celebra-la-declaracion-de-ponferrada-como-bien-de-interes-cultural-y-recuerda-que-sin-el-impulso-del-psoe-no-se-habria-logrado\/#respond\"]}]},{\"@type\":\"WebPage\",\"@id\":\"https:\/\/agrupacionespsoe.es\/ponferrada\/el-grupo-municipal-socialista-celebra-la-declaracion-de-ponferrada-como-bien-de-interes-cultural-y-recuerda-que-sin-el-impulso-del-psoe-no-se-habria-logrado\/\",\"url\":\"https:\/\/agrupacionespsoe.es\/ponferrada\/el-grupo-municipal-socialista-celebra-la-declaracion-de-ponferrada-como-bien-de-interes-cultural-y-recuerda-que-sin-el-impulso-del-psoe-no-se-habria-logrado\/\",\"name\":\"El Grupo Municipal Socialista celebra la declaraci\u00f3n de Ponferrada como Bien de Inter\u00e9s Cultural y recuerda que sin el impulso del PSOE no se habr\u00eda logrado - Agrupaci\u00f3n Socialista de Ponferrada\",\"isPartOf\":{\"@id\":\"https:\/\/agrupacionespsoe.es\/ponferrada\/#website\"},\"primaryImageOfPage\":{\"@id\":\"https:\/\/agrupacionespsoe.es\/ponferrada\/el-grupo-municipal-socialista-celebra-la-declaracion-de-ponferrada-como-bien-de-interes-cultural-y-recuerda-que-sin-el-impulso-del-psoe-no-se-habria-logrado\/#primaryimage\"},\"image\":{\"@id\":\"https:\/\/agrupacionespsoe.es\/ponferrada\/el-grupo-municipal-socialista-celebra-la-declaracion-de-ponferrada-como-bien-de-interes-cultural-y-recuerda-que-sin-el-impulso-del-psoe-no-se-habria-logrado\/#primaryimage\"},\"thumbnailUrl\":\"https:\/\/agrupacionespsoe.es\/ponferrada\/wp-content\/uploads\/sites\/36\/2025\/11\/WhatsApp-Image-2025-11-07-at-10.52.35.jpeg\",\"datePublished\":\"2025-11-07T10:32:48+00:00\",\"dateModified\":\"2025-11-07T10:32:49+00:00\",\"breadcrumb\":{\"@id\":\"https:\/\/agrupacionespsoe.es\/ponferrada\/el-grupo-municipal-socialista-celebra-la-declaracion-de-ponferrada-como-bien-de-interes-cultural-y-recuerda-que-sin-el-impulso-del-psoe-no-se-habria-logrado\/#breadcrumb\"},\"inLanguage\":\"es\",\"potentialAction\":[{\"@type\":\"ReadAction\",\"target\":[\"https:\/\/agrupacionespsoe.es\/ponferrada\/el-grupo-municipal-socialista-celebra-la-declaracion-de-ponferrada-como-bien-de-interes-cultural-y-recuerda-que-sin-el-impulso-del-psoe-no-se-habria-logrado\/\"]}]},{\"@type\":\"ImageObject\",\"inLanguage\":\"es\",\"@id\":\"https:\/\/agrupacionespsoe.es\/ponferrada\/el-grupo-municipal-socialista-celebra-la-declaracion-de-ponferrada-como-bien-de-interes-cultural-y-recuerda-que-sin-el-impulso-del-psoe-no-se-habria-logrado\/#primaryimage\",\"url\":\"https:\/\/agrupacionespsoe.es\/ponferrada\/wp-content\/uploads\/sites\/36\/2025\/11\/WhatsApp-Image-2025-11-07-at-10.52.35.jpeg\",\"contentUrl\":\"https:\/\/agrupacionespsoe.es\/ponferrada\/wp-content\/uploads\/sites\/36\/2025\/11\/WhatsApp-Image-2025-11-07-at-10.52.35.jpeg\",\"width\":1500,\"height\":2000},{\"@type\":\"BreadcrumbList\",\"@id\":\"https:\/\/agrupacionespsoe.es\/ponferrada\/el-grupo-municipal-socialista-celebra-la-declaracion-de-ponferrada-como-bien-de-interes-cultural-y-recuerda-que-sin-el-impulso-del-psoe-no-se-habria-logrado\/#breadcrumb\",\"itemListElement\":[{\"@type\":\"ListItem\",\"position\":1,\"name\":\"Portada\",\"item\":\"https:\/\/agrupacionespsoe.es\/ponferrada\/\"},{\"@type\":\"ListItem\",\"position\":2,\"name\":\"El Grupo Municipal Socialista celebra la declaraci\u00f3n de Ponferrada como Bien de Inter\u00e9s Cultural y recuerda que sin el impulso del PSOE no se habr\u00eda logrado\"}]},{\"@type\":\"WebSite\",\"@id\":\"https:\/\/agrupacionespsoe.es\/ponferrada\/#website\",\"url\":\"https:\/\/agrupacionespsoe.es\/ponferrada\/\",\"name\":\"Agrupaci\u00f3n Socialista de Ponferrada\",\"description\":\"Agrupaci\u00f3n Socialista de Ponferrada\",\"publisher\":{\"@id\":\"https:\/\/agrupacionespsoe.es\/ponferrada\/#organization\"},\"potentialAction\":[{\"@type\":\"SearchAction\",\"target\":{\"@type\":\"EntryPoint\",\"urlTemplate\":\"https:\/\/agrupacionespsoe.es\/ponferrada\/?s={search_term_string}\"},\"query-input\":{\"@type\":\"PropertyValueSpecification\",\"valueRequired\":true,\"valueName\":\"search_term_string\"}}],\"inLanguage\":\"es\"},{\"@type\":\"Organization\",\"@id\":\"https:\/\/agrupacionespsoe.es\/ponferrada\/#organization\",\"name\":\"Agrupaci\u00f3n Socialista de Ponferrada\",\"url\":\"https:\/\/agrupacionespsoe.es\/ponferrada\/\",\"logo\":{\"@type\":\"ImageObject\",\"inLanguage\":\"es\",\"@id\":\"https:\/\/agrupacionespsoe.es\/ponferrada\/#\/schema\/logo\/image\/\",\"url\":\"https:\/\/agrupacionespsoe.es\/wp-content\/uploads\/2022\/07\/Logotipo_electoral_del_PSOE.png\",\"contentUrl\":\"https:\/\/agrupacionespsoe.es\/wp-content\/uploads\/2022\/07\/Logotipo_electoral_del_PSOE.png\",\"width\":422,\"height\":422,\"caption\":\"Agrupaci\u00f3n Socialista de Ponferrada\"},\"image\":{\"@id\":\"https:\/\/agrupacionespsoe.es\/ponferrada\/#\/schema\/logo\/image\/\"}},{\"@type\":\"Person\",\"@id\":\"https:\/\/agrupacionespsoe.es\/ponferrada\/#\/schema\/person\/cd29ee627f3b70c05d415f02596debaa\",\"name\":\"ponferrada2\",\"image\":{\"@type\":\"ImageObject\",\"inLanguage\":\"es\",\"@id\":\"https:\/\/agrupacionespsoe.es\/ponferrada\/#\/schema\/person\/image\/\",\"url\":\"https:\/\/secure.gravatar.com\/avatar\/f499eeb60144c664cf7b7edf75549b50?s=96&d=mm&r=g\",\"contentUrl\":\"https:\/\/secure.gravatar.com\/avatar\/f499eeb60144c664cf7b7edf75549b50?s=96&d=mm&r=g\",\"caption\":\"ponferrada2\"},\"url\":\"https:\/\/agrupacionespsoe.es\/ponferrada\/author\/ponferrada2\/\"}]}<\/script>\n<!-- \/ Yoast SEO plugin. -->","yoast_head_json":{"title":"El Grupo Municipal Socialista celebra la declaraci\u00f3n de Ponferrada como Bien de Inter\u00e9s Cultural y recuerda que sin el impulso del PSOE no se habr\u00eda logrado - Agrupaci\u00f3n Socialista de Ponferrada","robots":{"index":"index","follow":"follow","max-snippet":"max-snippet:-1","max-image-preview":"max-image-preview:large","max-video-preview":"max-video-preview:-1"},"canonical":"https:\/\/agrupacionespsoe.es\/ponferrada\/el-grupo-municipal-socialista-celebra-la-declaracion-de-ponferrada-como-bien-de-interes-cultural-y-recuerda-que-sin-el-impulso-del-psoe-no-se-habria-logrado\/","og_locale":"es_ES","og_type":"article","og_title":"El Grupo Municipal Socialista celebra la declaraci\u00f3n de Ponferrada como Bien de Inter\u00e9s Cultural y recuerda que sin el impulso del PSOE no se habr\u00eda logrado - Agrupaci\u00f3n Socialista de Ponferrada","og_description":"El Grupo Municipal Socialista de Ponferrada celebra la aprobaci\u00f3n por parte de la Junta de Castilla y Le\u00f3n de la declaraci\u00f3n de la ciudad como Bien de Inter\u00e9s Cultural (BIC) con categor\u00eda de Conjunto Hist\u00f3rico, un reconocimiento que culmina un expediente iniciado en 1976 y que pone en valor el patrimonio hist\u00f3rico, arquitect\u00f3nico y cultural ...","og_url":"https:\/\/agrupacionespsoe.es\/ponferrada\/el-grupo-municipal-socialista-celebra-la-declaracion-de-ponferrada-como-bien-de-interes-cultural-y-recuerda-que-sin-el-impulso-del-psoe-no-se-habria-logrado\/","og_site_name":"Agrupaci\u00f3n Socialista de Ponferrada","article_published_time":"2025-11-07T10:32:48+00:00","article_modified_time":"2025-11-07T10:32:49+00:00","og_image":[{"width":1500,"height":2000,"url":"https:\/\/agrupacionespsoe.es\/ponferrada\/wp-content\/uploads\/sites\/36\/2025\/11\/WhatsApp-Image-2025-11-07-at-10.52.35.jpeg","type":"image\/jpeg"}],"author":"ponferrada2","twitter_card":"summary_large_image","twitter_misc":{"Escrito por":"ponferrada2","Tiempo de lectura":"3 minutos"},"schema":{"@context":"https:\/\/schema.org","@graph":[{"@type":"Article","@id":"https:\/\/agrupacionespsoe.es\/ponferrada\/el-grupo-municipal-socialista-celebra-la-declaracion-de-ponferrada-como-bien-de-interes-cultural-y-recuerda-que-sin-el-impulso-del-psoe-no-se-habria-logrado\/#article","isPartOf":{"@id":"https:\/\/agrupacionespsoe.es\/ponferrada\/el-grupo-municipal-socialista-celebra-la-declaracion-de-ponferrada-como-bien-de-interes-cultural-y-recuerda-que-sin-el-impulso-del-psoe-no-se-habria-logrado\/"},"author":{"name":"ponferrada2","@id":"https:\/\/agrupacionespsoe.es\/ponferrada\/#\/schema\/person\/cd29ee627f3b70c05d415f02596debaa"},"headline":"El Grupo Municipal Socialista celebra la declaraci\u00f3n de Ponferrada como Bien de Inter\u00e9s Cultural y recuerda que sin el impulso del PSOE no se habr\u00eda logrado","datePublished":"2025-11-07T10:32:48+00:00","dateModified":"2025-11-07T10:32:49+00:00","mainEntityOfPage":{"@id":"https:\/\/agrupacionespsoe.es\/ponferrada\/el-grupo-municipal-socialista-celebra-la-declaracion-de-ponferrada-como-bien-de-interes-cultural-y-recuerda-que-sin-el-impulso-del-psoe-no-se-habria-logrado\/"},"wordCount":489,"commentCount":0,"publisher":{"@id":"https:\/\/agrupacionespsoe.es\/ponferrada\/#organization"},"image":{"@id":"https:\/\/agrupacionespsoe.es\/ponferrada\/el-grupo-municipal-socialista-celebra-la-declaracion-de-ponferrada-como-bien-de-interes-cultural-y-recuerda-que-sin-el-impulso-del-psoe-no-se-habria-logrado\/#primaryimage"},"thumbnailUrl":"https:\/\/agrupacionespsoe.es\/ponferrada\/wp-content\/uploads\/sites\/36\/2025\/11\/WhatsApp-Image-2025-11-07-at-10.52.35.jpeg","articleSection":["ACTUALIDAD"],"inLanguage":"es","potentialAction":[{"@type":"CommentAction","name":"Comment","target":["https:\/\/agrupacionespsoe.es\/ponferrada\/el-grupo-municipal-socialista-celebra-la-declaracion-de-ponferrada-como-bien-de-interes-cultural-y-recuerda-que-sin-el-impulso-del-psoe-no-se-habria-logrado\/#respond"]}]},{"@type":"WebPage","@id":"https:\/\/agrupacionespsoe.es\/ponferrada\/el-grupo-municipal-socialista-celebra-la-declaracion-de-ponferrada-como-bien-de-interes-cultural-y-recuerda-que-sin-el-impulso-del-psoe-no-se-habria-logrado\/","url":"https:\/\/agrupacionespsoe.es\/ponferrada\/el-grupo-municipal-socialista-celebra-la-declaracion-de-ponferrada-como-bien-de-interes-cultural-y-recuerda-que-sin-el-impulso-del-psoe-no-se-habria-logrado\/","name":"El Grupo Municipal Socialista celebra la declaraci\u00f3n de Ponferrada como Bien de Inter\u00e9s Cultural y recuerda que sin el impulso del PSOE no se habr\u00eda logrado - Agrupaci\u00f3n Socialista de Ponferrada","isPartOf":{"@id":"https:\/\/agrupacionespsoe.es\/ponferrada\/#website"},"primaryImageOfPage":{"@id":"https:\/\/agrupacionespsoe.es\/ponferrada\/el-grupo-municipal-socialista-celebra-la-declaracion-de-ponferrada-como-bien-de-interes-cultural-y-recuerda-que-sin-el-impulso-del-psoe-no-se-habria-logrado\/#primaryimage"},"image":{"@id":"https:\/\/agrupacionespsoe.es\/ponferrada\/el-grupo-municipal-socialista-celebra-la-declaracion-de-ponferrada-como-bien-de-interes-cultural-y-recuerda-que-sin-el-impulso-del-psoe-no-se-habria-logrado\/#primaryimage"},"thumbnailUrl":"https:\/\/agrupacionespsoe.es\/ponferrada\/wp-content\/uploads\/sites\/36\/2025\/11\/WhatsApp-Image-2025-11-07-at-10.52.35.jpeg","datePublished":"2025-11-07T10:32:48+00:00","dateModified":"2025-11-07T10:32:49+00:00","breadcrumb":{"@id":"https:\/\/agrupacionespsoe.es\/ponferrada\/el-grupo-municipal-socialista-celebra-la-declaracion-de-ponferrada-como-bien-de-interes-cultural-y-recuerda-que-sin-el-impulso-del-psoe-no-se-habria-logrado\/#breadcrumb"},"inLanguage":"es","potentialAction":[{"@type":"ReadAction","target":["https:\/\/agrupacionespsoe.es\/ponferrada\/el-grupo-municipal-socialista-celebra-la-declaracion-de-ponferrada-como-bien-de-interes-cultural-y-recuerda-que-sin-el-impulso-del-psoe-no-se-habria-logrado\/"]}]},{"@type":"ImageObject","inLanguage":"es","@id":"https:\/\/agrupacionespsoe.es\/ponferrada\/el-grupo-municipal-socialista-celebra-la-declaracion-de-ponferrada-como-bien-de-interes-cultural-y-recuerda-que-sin-el-impulso-del-psoe-no-se-habria-logrado\/#primaryimage","url":"https:\/\/agrupacionespsoe.es\/ponferrada\/wp-content\/uploads\/sites\/36\/2025\/11\/WhatsApp-Image-2025-11-07-at-10.52.35.jpeg","contentUrl":"https:\/\/agrupacionespsoe.es\/ponferrada\/wp-content\/uploads\/sites\/36\/2025\/11\/WhatsApp-Image-2025-11-07-at-10.52.35.jpeg","width":1500,"height":2000},{"@type":"BreadcrumbList","@id":"https:\/\/agrupacionespsoe.es\/ponferrada\/el-grupo-municipal-socialista-celebra-la-declaracion-de-ponferrada-como-bien-de-interes-cultural-y-recuerda-que-sin-el-impulso-del-psoe-no-se-habria-logrado\/#breadcrumb","itemListElement":[{"@type":"ListItem","position":1,"name":"Portada","item":"https:\/\/agrupacionespsoe.es\/ponferrada\/"},{"@type":"ListItem","position":2,"name":"El Grupo Municipal Socialista celebra la declaraci\u00f3n de Ponferrada como Bien de Inter\u00e9s Cultural y recuerda que sin el impulso del PSOE no se habr\u00eda logrado"}]},{"@type":"WebSite","@id":"https:\/\/agrupacionespsoe.es\/ponferrada\/#website","url":"https:\/\/agrupacionespsoe.es\/ponferrada\/","name":"Agrupaci\u00f3n Socialista de Ponferrada","description":"Agrupaci\u00f3n Socialista de Ponferrada","publisher":{"@id":"https:\/\/agrupacionespsoe.es\/ponferrada\/#organization"},"potentialAction":[{"@type":"SearchAction","target":{"@type":"EntryPoint","urlTemplate":"https:\/\/agrupacionespsoe.es\/ponferrada\/?s={search_term_string}"},"query-input":{"@type":"PropertyValueSpecification","valueRequired":true,"valueName":"search_term_string"}}],"inLanguage":"es"},{"@type":"Organization","@id":"https:\/\/agrupacionespsoe.es\/ponferrada\/#organization","name":"Agrupaci\u00f3n Socialista de Ponferrada","url":"https:\/\/agrupacionespsoe.es\/ponferrada\/","logo":{"@type":"ImageObject","inLanguage":"es","@id":"https:\/\/agrupacionespsoe.es\/ponferrada\/#\/schema\/logo\/image\/","url":"https:\/\/agrupacionespsoe.es\/wp-content\/uploads\/2022\/07\/Logotipo_electoral_del_PSOE.png","contentUrl":"https:\/\/agrupacionespsoe.es\/wp-content\/uploads\/2022\/07\/Logotipo_electoral_del_PSOE.png","width":422,"height":422,"caption":"Agrupaci\u00f3n Socialista de Ponferrada"},"image":{"@id":"https:\/\/agrupacionespsoe.es\/ponferrada\/#\/schema\/logo\/image\/"}},{"@type":"Person","@id":"https:\/\/agrupacionespsoe.es\/ponferrada\/#\/schema\/person\/cd29ee627f3b70c05d415f02596debaa","name":"ponferrada2","image":{"@type":"ImageObject","inLanguage":"es","@id":"https:\/\/agrupacionespsoe.es\/ponferrada\/#\/schema\/person\/image\/","url":"https:\/\/secure.gravatar.com\/avatar\/f499eeb60144c664cf7b7edf75549b50?s=96&d=mm&r=g","contentUrl":"https:\/\/secure.gravatar.com\/avatar\/f499eeb60144c664cf7b7edf75549b50?s=96&d=mm&r=g","caption":"ponferrada2"},"url":"https:\/\/agrupacionespsoe.es\/ponferrada\/author\/ponferrada2\/"}]}},"jetpack_featured_media_url":"https:\/\/agrupacionespsoe.es\/ponferrada\/wp-content\/uploads\/sites\/36\/2025\/11\/WhatsApp-Image-2025-11-07-at-10.52.35.jpeg","jetpack_sharing_enabled":true,"_links":{"self":[{"href":"https:\/\/agrupacionespsoe.es\/ponferrada\/wp-json\/wp\/v2\/posts\/1259","targetHints":{"allow":["GET"]}}],"collection":[{"href":"https:\/\/agrupacionespsoe.es\/ponferrada\/wp-json\/wp\/v2\/posts"}],"about":[{"href":"https:\/\/agrupacionespsoe.es\/ponferrada\/wp-json\/wp\/v2\/types\/post"}],"author":[{"embeddable":true,"href":"https:\/\/agrupacionespsoe.es\/ponferrada\/wp-json\/wp\/v2\/users\/32"}],"replies":[{"embeddable":true,"href":"https:\/\/agrupacionespsoe.es\/ponferrada\/wp-json\/wp\/v2\/comments?post=1259"}],"version-history":[{"count":2,"href":"https:\/\/agrupacionespsoe.es\/ponferrada\/wp-json\/wp\/v2\/posts\/1259\/revisions"}],"predecessor-version":[{"id":1262,"href":"https:\/\/agrupacionespsoe.es\/ponferrada\/wp-json\/wp\/v2\/posts\/1259\/revisions\/1262"}],"wp:featuredmedia":[{"embeddable":true,"href":"https:\/\/agrupacionespsoe.es\/ponferrada\/wp-json\/wp\/v2\/media\/1260"}],"wp:attachment":[{"href":"https:\/\/agrupacionespsoe.es\/ponferrada\/wp-json\/wp\/v2\/media?parent=1259"}],"wp:term":[{"taxonomy":"category","embeddable":true,"href":"https:\/\/agrupacionespsoe.es\/ponferrada\/wp-json\/wp\/v2\/categories?post=1259"},{"taxonomy":"post_tag","embeddable":true,"href":"https:\/\/agrupacionespsoe.es\/ponferrada\/wp-json\/wp\/v2\/tags?post=1259"}],"curies":[{"name":"wp","href":"https:\/\/api.w.org\/{rel}","templated":true}]}}