{"id":1245,"date":"2025-11-04T10:59:42","date_gmt":"2025-11-04T10:59:42","guid":{"rendered":"https:\/\/agrupacionespsoe.es\/ponferrada\/?p=1245"},"modified":"2025-11-04T11:33:09","modified_gmt":"2025-11-04T11:33:09","slug":"morala-confunde-gobernar-con-hacer-espectaculo-nos-alegramos-que-al-final-vayan-hacer-lo-que-les-llevamos-pidiendo-meses","status":"publish","type":"post","link":"https:\/\/agrupacionespsoe.es\/ponferrada\/morala-confunde-gobernar-con-hacer-espectaculo-nos-alegramos-que-al-final-vayan-hacer-lo-que-les-llevamos-pidiendo-meses\/","title":{"rendered":"Morala confunde gobernar con hacer espect\u00e1culo. Nos alegramos que al final vayan hacer lo que les llevamos pidiendo meses."},"content":{"rendered":"\n<p>El Grupo Municipal Socialista lamenta que el alcalde, Marco Morala, vuelva a utilizar las instituciones como escenario de propaganda, intentando culpar a la oposici\u00f3n de su propia incapacidad para gestionar.<\/p>\n\n\n\n<p>Desde el grupo socialista se\u00f1alan que a la vista de los acontecimientos, de trabajo y celeridad no puede presumir quien lleva desde que asumi\u00f3 la alcald\u00eda, m\u00e1s de dos a\u00f1os, con las piscinas cerradas y mareando el proyecto con versiones, cifras y discursos distintos seg\u00fan el d\u00eda y el p\u00fablico. M\u00e1s si tenemos en cuenta que ya en julio el propio consejero anunci\u00f3 el mill\u00f3n de euros para la piscina y fue en agosto cuando aprobaron en la comisi\u00f3n ese acuerdo que llevaron al pleno del viernes. Con esos antecedentes hay que tener poca verg\u00fcenza para hablar de celeridad y trabajo.<\/p>\n\n\n\n<p>Desde el grupo socialista se\u00f1alan que desde que lleg\u00f3 a la Alcald\u00eda, Morala ha improvisado con este asunto con claros intereses partidistas: primero no sab\u00eda cu\u00e1nto costaban las obras \u2014lleg\u00f3 a dar hasta cuatro cifras distintas\u2014, despu\u00e9s prometi\u00f3 un gran proyecto que no conoc\u00edan sus propios concejales, y finalmente convirti\u00f3 el Pleno municipal en un espect\u00e1culo pol\u00edtico, con medias verdades, ataques personales y mentiras.<\/p>\n\n\n\n<figure class=\"wp-block-image size-full\"><img loading=\"lazy\" decoding=\"async\" width=\"942\" height=\"611\" src=\"https:\/\/agrupacionespsoe.es\/ponferrada\/wp-content\/uploads\/sites\/36\/2025\/11\/olegario-R.png\" alt=\"\" class=\"wp-image-1248\" srcset=\"https:\/\/agrupacionespsoe.es\/ponferrada\/wp-content\/uploads\/sites\/36\/2025\/11\/olegario-R.png 942w, https:\/\/agrupacionespsoe.es\/ponferrada\/wp-content\/uploads\/sites\/36\/2025\/11\/olegario-R-300x195.png 300w, https:\/\/agrupacionespsoe.es\/ponferrada\/wp-content\/uploads\/sites\/36\/2025\/11\/olegario-R-768x498.png 768w\" sizes=\"auto, (max-width: 942px) 100vw, 942px\" \/><\/figure>\n\n\n\n<p>Resulta parad\u00f3jico o\u00edrle el viernes asegurar que el mill\u00f3n de euros de la Junta no pod\u00eda destinarse a reabrir las piscinas y que el proyecto no se pod\u00eda dividir para tres d\u00edas despu\u00e9s hacer exactamente lo que el PSOE le pidi\u00f3: utilizar ese mill\u00f3n para acometer las obras imprescindibles y abrir las instalaciones cuanto antes.<\/p>\n\n\n\n<p>Desde el grupo socialista est\u00e1 claro que a la vista de los hechos, su discurso del viernes fue un parip\u00e9 pat\u00e9tico, y un ejemplo de la pol\u00edtica espect\u00e1culo que practica pensado \u00fanicamente en culpar a otros y ocultar su falta de gesti\u00f3n, en lugar de anteponer las necesidades y las esperanzas de la ciudadan\u00eda, &nbsp;que necesitan y quieren las instalaciones abiertas, como demostr\u00f3 &nbsp;Mateo, miembro del Club de Nataci\u00f3n Bierzo Ponferrada que intervino en el Pleno Municipal del pasado viernes.<\/p>\n\n\n\n<p>A juicio del grupo socialista Morala no ha entendido todav\u00eda que ser alcalde no es hacer oposici\u00f3n a la oposici\u00f3n, sino dirigir, planificar y dialogar. Gobernar en minor\u00eda exige acuerdos, y ni una sola vez ha levantado el tel\u00e9fono para buscar consenso. Est\u00e1 claro que prefiere el titular al trabajo, la confrontaci\u00f3n al di\u00e1logo y el ruido al resultado.<\/p>\n\n\n\n<p>El grupo socialista reitera lo que dijimos en el Pleno, y lo que llevamos dos meses pidi\u00e9ndoles tienen que hacer las obras necesarias que permitan se reabran las piscinas lo antes posible, por eso nos alegramos que se pongan con lo urgente e importante. Porque lo importante es que de una vez por todas comiencen las obras para que las piscinas se vuelvan a abrir.<\/p>\n\n\n\n<p>Porque mientras el alcalde sigue con su circo de malabarismos y excusas, las piscinas contin\u00faan cerradas y la ciudad esperando soluciones reales.<\/p>\n\n\n\n<figure class=\"wp-block-embed is-type-video is-provider-youtube wp-block-embed-youtube wp-embed-aspect-4-3 wp-has-aspect-ratio\"><div class=\"wp-block-embed__wrapper\">\n<iframe loading=\"lazy\" title=\"\ud83c\udfca\u200d\u2640\ufe0fEl PP har\u00e1 lo que llevamos pidiendo desde hace meses, las piscinas por fin se arreglar\u00e1n.\" width=\"500\" height=\"375\" src=\"https:\/\/www.youtube.com\/embed\/k-yBrG1RfKM?feature=oembed\" frameborder=\"0\" allow=\"accelerometer; autoplay; clipboard-write; encrypted-media; gyroscope; picture-in-picture; web-share\" referrerpolicy=\"strict-origin-when-cross-origin\" allowfullscreen><\/iframe>\n<\/div><\/figure>\n\n\n\n<figure class=\"wp-block-video\"><\/figure>\n\n\n\n<p><\/p>\n","protected":false},"excerpt":{"rendered":"<p>El Grupo Municipal Socialista lamenta que el alcalde, Marco Morala, vuelva a utilizar las instituciones como escenario de propaganda, intentando culpar a la oposici\u00f3n de su propia incapacidad para gestionar. Desde el grupo socialista se\u00f1alan que a la vista de los acontecimientos, de trabajo y celeridad no puede presumir quien lleva desde que asumi\u00f3 la &#8230;<\/p>\n","protected":false},"author":32,"featured_media":1248,"comment_status":"open","ping_status":"open","sticky":false,"template":"","format":"standard","meta":{"_jetpack_memberships_contains_paid_content":false,"footnotes":""},"categories":[6],"tags":[],"class_list":["post-1245","post","type-post","status-publish","format-standard","has-post-thumbnail","hentry","category-actualidad"],"yoast_head":"<!-- This site is optimized with the Yoast SEO plugin v24.0 - https:\/\/yoast.com\/wordpress\/plugins\/seo\/ -->\n<title>Morala confunde gobernar con hacer espect\u00e1culo. Nos alegramos que al final vayan hacer lo que les llevamos pidiendo meses. - Agrupaci\u00f3n Socialista de Ponferrada<\/title>\n<meta name=\"robots\" content=\"index, follow, max-snippet:-1, max-image-preview:large, max-video-preview:-1\" \/>\n<link rel=\"canonical\" href=\"https:\/\/agrupacionespsoe.es\/ponferrada\/morala-confunde-gobernar-con-hacer-espectaculo-nos-alegramos-que-al-final-vayan-hacer-lo-que-les-llevamos-pidiendo-meses\/\" \/>\n<meta property=\"og:locale\" content=\"es_ES\" \/>\n<meta property=\"og:type\" content=\"article\" \/>\n<meta property=\"og:title\" content=\"Morala confunde gobernar con hacer espect\u00e1culo. Nos alegramos que al final vayan hacer lo que les llevamos pidiendo meses. - Agrupaci\u00f3n Socialista de Ponferrada\" \/>\n<meta property=\"og:description\" content=\"El Grupo Municipal Socialista lamenta que el alcalde, Marco Morala, vuelva a utilizar las instituciones como escenario de propaganda, intentando culpar a la oposici\u00f3n de su propia incapacidad para gestionar. Desde el grupo socialista se\u00f1alan que a la vista de los acontecimientos, de trabajo y celeridad no puede presumir quien lleva desde que asumi\u00f3 la ...\" \/>\n<meta property=\"og:url\" content=\"https:\/\/agrupacionespsoe.es\/ponferrada\/morala-confunde-gobernar-con-hacer-espectaculo-nos-alegramos-que-al-final-vayan-hacer-lo-que-les-llevamos-pidiendo-meses\/\" \/>\n<meta property=\"og:site_name\" content=\"Agrupaci\u00f3n Socialista de Ponferrada\" \/>\n<meta property=\"article:published_time\" content=\"2025-11-04T10:59:42+00:00\" \/>\n<meta property=\"article:modified_time\" content=\"2025-11-04T11:33:09+00:00\" \/>\n<meta property=\"og:image\" content=\"https:\/\/agrupacionespsoe.es\/ponferrada\/wp-content\/uploads\/sites\/36\/2025\/11\/olegario-R.png\" \/>\n\t<meta property=\"og:image:width\" content=\"942\" \/>\n\t<meta property=\"og:image:height\" content=\"611\" \/>\n\t<meta property=\"og:image:type\" content=\"image\/png\" \/>\n<meta name=\"author\" content=\"ponferrada2\" \/>\n<meta name=\"twitter:card\" content=\"summary_large_image\" \/>\n<meta name=\"twitter:label1\" content=\"Escrito por\" \/>\n\t<meta name=\"twitter:data1\" content=\"ponferrada2\" \/>\n\t<meta name=\"twitter:label2\" content=\"Tiempo de lectura\" \/>\n\t<meta name=\"twitter:data2\" content=\"3 minutos\" \/>\n<script type=\"application\/ld+json\" class=\"yoast-schema-graph\">{\"@context\":\"https:\/\/schema.org\",\"@graph\":[{\"@type\":\"Article\",\"@id\":\"https:\/\/agrupacionespsoe.es\/ponferrada\/morala-confunde-gobernar-con-hacer-espectaculo-nos-alegramos-que-al-final-vayan-hacer-lo-que-les-llevamos-pidiendo-meses\/#article\",\"isPartOf\":{\"@id\":\"https:\/\/agrupacionespsoe.es\/ponferrada\/morala-confunde-gobernar-con-hacer-espectaculo-nos-alegramos-que-al-final-vayan-hacer-lo-que-les-llevamos-pidiendo-meses\/\"},\"author\":{\"name\":\"ponferrada2\",\"@id\":\"https:\/\/agrupacionespsoe.es\/ponferrada\/#\/schema\/person\/cd29ee627f3b70c05d415f02596debaa\"},\"headline\":\"Morala confunde gobernar con hacer espect\u00e1culo. Nos alegramos que al final vayan hacer lo que les llevamos pidiendo meses.\",\"datePublished\":\"2025-11-04T10:59:42+00:00\",\"dateModified\":\"2025-11-04T11:33:09+00:00\",\"mainEntityOfPage\":{\"@id\":\"https:\/\/agrupacionespsoe.es\/ponferrada\/morala-confunde-gobernar-con-hacer-espectaculo-nos-alegramos-que-al-final-vayan-hacer-lo-que-les-llevamos-pidiendo-meses\/\"},\"wordCount\":549,\"commentCount\":0,\"publisher\":{\"@id\":\"https:\/\/agrupacionespsoe.es\/ponferrada\/#organization\"},\"image\":{\"@id\":\"https:\/\/agrupacionespsoe.es\/ponferrada\/morala-confunde-gobernar-con-hacer-espectaculo-nos-alegramos-que-al-final-vayan-hacer-lo-que-les-llevamos-pidiendo-meses\/#primaryimage\"},\"thumbnailUrl\":\"https:\/\/agrupacionespsoe.es\/ponferrada\/wp-content\/uploads\/sites\/36\/2025\/11\/olegario-R.png\",\"articleSection\":[\"ACTUALIDAD\"],\"inLanguage\":\"es\",\"potentialAction\":[{\"@type\":\"CommentAction\",\"name\":\"Comment\",\"target\":[\"https:\/\/agrupacionespsoe.es\/ponferrada\/morala-confunde-gobernar-con-hacer-espectaculo-nos-alegramos-que-al-final-vayan-hacer-lo-que-les-llevamos-pidiendo-meses\/#respond\"]}]},{\"@type\":\"WebPage\",\"@id\":\"https:\/\/agrupacionespsoe.es\/ponferrada\/morala-confunde-gobernar-con-hacer-espectaculo-nos-alegramos-que-al-final-vayan-hacer-lo-que-les-llevamos-pidiendo-meses\/\",\"url\":\"https:\/\/agrupacionespsoe.es\/ponferrada\/morala-confunde-gobernar-con-hacer-espectaculo-nos-alegramos-que-al-final-vayan-hacer-lo-que-les-llevamos-pidiendo-meses\/\",\"name\":\"Morala confunde gobernar con hacer espect\u00e1culo. Nos alegramos que al final vayan hacer lo que les llevamos pidiendo meses. - Agrupaci\u00f3n Socialista de Ponferrada\",\"isPartOf\":{\"@id\":\"https:\/\/agrupacionespsoe.es\/ponferrada\/#website\"},\"primaryImageOfPage\":{\"@id\":\"https:\/\/agrupacionespsoe.es\/ponferrada\/morala-confunde-gobernar-con-hacer-espectaculo-nos-alegramos-que-al-final-vayan-hacer-lo-que-les-llevamos-pidiendo-meses\/#primaryimage\"},\"image\":{\"@id\":\"https:\/\/agrupacionespsoe.es\/ponferrada\/morala-confunde-gobernar-con-hacer-espectaculo-nos-alegramos-que-al-final-vayan-hacer-lo-que-les-llevamos-pidiendo-meses\/#primaryimage\"},\"thumbnailUrl\":\"https:\/\/agrupacionespsoe.es\/ponferrada\/wp-content\/uploads\/sites\/36\/2025\/11\/olegario-R.png\",\"datePublished\":\"2025-11-04T10:59:42+00:00\",\"dateModified\":\"2025-11-04T11:33:09+00:00\",\"breadcrumb\":{\"@id\":\"https:\/\/agrupacionespsoe.es\/ponferrada\/morala-confunde-gobernar-con-hacer-espectaculo-nos-alegramos-que-al-final-vayan-hacer-lo-que-les-llevamos-pidiendo-meses\/#breadcrumb\"},\"inLanguage\":\"es\",\"potentialAction\":[{\"@type\":\"ReadAction\",\"target\":[\"https:\/\/agrupacionespsoe.es\/ponferrada\/morala-confunde-gobernar-con-hacer-espectaculo-nos-alegramos-que-al-final-vayan-hacer-lo-que-les-llevamos-pidiendo-meses\/\"]}]},{\"@type\":\"ImageObject\",\"inLanguage\":\"es\",\"@id\":\"https:\/\/agrupacionespsoe.es\/ponferrada\/morala-confunde-gobernar-con-hacer-espectaculo-nos-alegramos-que-al-final-vayan-hacer-lo-que-les-llevamos-pidiendo-meses\/#primaryimage\",\"url\":\"https:\/\/agrupacionespsoe.es\/ponferrada\/wp-content\/uploads\/sites\/36\/2025\/11\/olegario-R.png\",\"contentUrl\":\"https:\/\/agrupacionespsoe.es\/ponferrada\/wp-content\/uploads\/sites\/36\/2025\/11\/olegario-R.png\",\"width\":942,\"height\":611},{\"@type\":\"BreadcrumbList\",\"@id\":\"https:\/\/agrupacionespsoe.es\/ponferrada\/morala-confunde-gobernar-con-hacer-espectaculo-nos-alegramos-que-al-final-vayan-hacer-lo-que-les-llevamos-pidiendo-meses\/#breadcrumb\",\"itemListElement\":[{\"@type\":\"ListItem\",\"position\":1,\"name\":\"Portada\",\"item\":\"https:\/\/agrupacionespsoe.es\/ponferrada\/\"},{\"@type\":\"ListItem\",\"position\":2,\"name\":\"Morala confunde gobernar con hacer espect\u00e1culo. Nos alegramos que al final vayan hacer lo que les llevamos pidiendo meses.\"}]},{\"@type\":\"WebSite\",\"@id\":\"https:\/\/agrupacionespsoe.es\/ponferrada\/#website\",\"url\":\"https:\/\/agrupacionespsoe.es\/ponferrada\/\",\"name\":\"Agrupaci\u00f3n Socialista de Ponferrada\",\"description\":\"Agrupaci\u00f3n Socialista de Ponferrada\",\"publisher\":{\"@id\":\"https:\/\/agrupacionespsoe.es\/ponferrada\/#organization\"},\"potentialAction\":[{\"@type\":\"SearchAction\",\"target\":{\"@type\":\"EntryPoint\",\"urlTemplate\":\"https:\/\/agrupacionespsoe.es\/ponferrada\/?s={search_term_string}\"},\"query-input\":{\"@type\":\"PropertyValueSpecification\",\"valueRequired\":true,\"valueName\":\"search_term_string\"}}],\"inLanguage\":\"es\"},{\"@type\":\"Organization\",\"@id\":\"https:\/\/agrupacionespsoe.es\/ponferrada\/#organization\",\"name\":\"Agrupaci\u00f3n Socialista de Ponferrada\",\"url\":\"https:\/\/agrupacionespsoe.es\/ponferrada\/\",\"logo\":{\"@type\":\"ImageObject\",\"inLanguage\":\"es\",\"@id\":\"https:\/\/agrupacionespsoe.es\/ponferrada\/#\/schema\/logo\/image\/\",\"url\":\"https:\/\/agrupacionespsoe.es\/wp-content\/uploads\/2022\/07\/Logotipo_electoral_del_PSOE.png\",\"contentUrl\":\"https:\/\/agrupacionespsoe.es\/wp-content\/uploads\/2022\/07\/Logotipo_electoral_del_PSOE.png\",\"width\":422,\"height\":422,\"caption\":\"Agrupaci\u00f3n Socialista de Ponferrada\"},\"image\":{\"@id\":\"https:\/\/agrupacionespsoe.es\/ponferrada\/#\/schema\/logo\/image\/\"}},{\"@type\":\"Person\",\"@id\":\"https:\/\/agrupacionespsoe.es\/ponferrada\/#\/schema\/person\/cd29ee627f3b70c05d415f02596debaa\",\"name\":\"ponferrada2\",\"image\":{\"@type\":\"ImageObject\",\"inLanguage\":\"es\",\"@id\":\"https:\/\/agrupacionespsoe.es\/ponferrada\/#\/schema\/person\/image\/\",\"url\":\"https:\/\/secure.gravatar.com\/avatar\/f499eeb60144c664cf7b7edf75549b50?s=96&d=mm&r=g\",\"contentUrl\":\"https:\/\/secure.gravatar.com\/avatar\/f499eeb60144c664cf7b7edf75549b50?s=96&d=mm&r=g\",\"caption\":\"ponferrada2\"},\"url\":\"https:\/\/agrupacionespsoe.es\/ponferrada\/author\/ponferrada2\/\"}]}<\/script>\n<!-- \/ Yoast SEO plugin. -->","yoast_head_json":{"title":"Morala confunde gobernar con hacer espect\u00e1culo. Nos alegramos que al final vayan hacer lo que les llevamos pidiendo meses. - Agrupaci\u00f3n Socialista de Ponferrada","robots":{"index":"index","follow":"follow","max-snippet":"max-snippet:-1","max-image-preview":"max-image-preview:large","max-video-preview":"max-video-preview:-1"},"canonical":"https:\/\/agrupacionespsoe.es\/ponferrada\/morala-confunde-gobernar-con-hacer-espectaculo-nos-alegramos-que-al-final-vayan-hacer-lo-que-les-llevamos-pidiendo-meses\/","og_locale":"es_ES","og_type":"article","og_title":"Morala confunde gobernar con hacer espect\u00e1culo. Nos alegramos que al final vayan hacer lo que les llevamos pidiendo meses. - Agrupaci\u00f3n Socialista de Ponferrada","og_description":"El Grupo Municipal Socialista lamenta que el alcalde, Marco Morala, vuelva a utilizar las instituciones como escenario de propaganda, intentando culpar a la oposici\u00f3n de su propia incapacidad para gestionar. Desde el grupo socialista se\u00f1alan que a la vista de los acontecimientos, de trabajo y celeridad no puede presumir quien lleva desde que asumi\u00f3 la ...","og_url":"https:\/\/agrupacionespsoe.es\/ponferrada\/morala-confunde-gobernar-con-hacer-espectaculo-nos-alegramos-que-al-final-vayan-hacer-lo-que-les-llevamos-pidiendo-meses\/","og_site_name":"Agrupaci\u00f3n Socialista de Ponferrada","article_published_time":"2025-11-04T10:59:42+00:00","article_modified_time":"2025-11-04T11:33:09+00:00","og_image":[{"width":942,"height":611,"url":"https:\/\/agrupacionespsoe.es\/ponferrada\/wp-content\/uploads\/sites\/36\/2025\/11\/olegario-R.png","type":"image\/png"}],"author":"ponferrada2","twitter_card":"summary_large_image","twitter_misc":{"Escrito por":"ponferrada2","Tiempo de lectura":"3 minutos"},"schema":{"@context":"https:\/\/schema.org","@graph":[{"@type":"Article","@id":"https:\/\/agrupacionespsoe.es\/ponferrada\/morala-confunde-gobernar-con-hacer-espectaculo-nos-alegramos-que-al-final-vayan-hacer-lo-que-les-llevamos-pidiendo-meses\/#article","isPartOf":{"@id":"https:\/\/agrupacionespsoe.es\/ponferrada\/morala-confunde-gobernar-con-hacer-espectaculo-nos-alegramos-que-al-final-vayan-hacer-lo-que-les-llevamos-pidiendo-meses\/"},"author":{"name":"ponferrada2","@id":"https:\/\/agrupacionespsoe.es\/ponferrada\/#\/schema\/person\/cd29ee627f3b70c05d415f02596debaa"},"headline":"Morala confunde gobernar con hacer espect\u00e1culo. Nos alegramos que al final vayan hacer lo que les llevamos pidiendo meses.","datePublished":"2025-11-04T10:59:42+00:00","dateModified":"2025-11-04T11:33:09+00:00","mainEntityOfPage":{"@id":"https:\/\/agrupacionespsoe.es\/ponferrada\/morala-confunde-gobernar-con-hacer-espectaculo-nos-alegramos-que-al-final-vayan-hacer-lo-que-les-llevamos-pidiendo-meses\/"},"wordCount":549,"commentCount":0,"publisher":{"@id":"https:\/\/agrupacionespsoe.es\/ponferrada\/#organization"},"image":{"@id":"https:\/\/agrupacionespsoe.es\/ponferrada\/morala-confunde-gobernar-con-hacer-espectaculo-nos-alegramos-que-al-final-vayan-hacer-lo-que-les-llevamos-pidiendo-meses\/#primaryimage"},"thumbnailUrl":"https:\/\/agrupacionespsoe.es\/ponferrada\/wp-content\/uploads\/sites\/36\/2025\/11\/olegario-R.png","articleSection":["ACTUALIDAD"],"inLanguage":"es","potentialAction":[{"@type":"CommentAction","name":"Comment","target":["https:\/\/agrupacionespsoe.es\/ponferrada\/morala-confunde-gobernar-con-hacer-espectaculo-nos-alegramos-que-al-final-vayan-hacer-lo-que-les-llevamos-pidiendo-meses\/#respond"]}]},{"@type":"WebPage","@id":"https:\/\/agrupacionespsoe.es\/ponferrada\/morala-confunde-gobernar-con-hacer-espectaculo-nos-alegramos-que-al-final-vayan-hacer-lo-que-les-llevamos-pidiendo-meses\/","url":"https:\/\/agrupacionespsoe.es\/ponferrada\/morala-confunde-gobernar-con-hacer-espectaculo-nos-alegramos-que-al-final-vayan-hacer-lo-que-les-llevamos-pidiendo-meses\/","name":"Morala confunde gobernar con hacer espect\u00e1culo. Nos alegramos que al final vayan hacer lo que les llevamos pidiendo meses. - Agrupaci\u00f3n Socialista de Ponferrada","isPartOf":{"@id":"https:\/\/agrupacionespsoe.es\/ponferrada\/#website"},"primaryImageOfPage":{"@id":"https:\/\/agrupacionespsoe.es\/ponferrada\/morala-confunde-gobernar-con-hacer-espectaculo-nos-alegramos-que-al-final-vayan-hacer-lo-que-les-llevamos-pidiendo-meses\/#primaryimage"},"image":{"@id":"https:\/\/agrupacionespsoe.es\/ponferrada\/morala-confunde-gobernar-con-hacer-espectaculo-nos-alegramos-que-al-final-vayan-hacer-lo-que-les-llevamos-pidiendo-meses\/#primaryimage"},"thumbnailUrl":"https:\/\/agrupacionespsoe.es\/ponferrada\/wp-content\/uploads\/sites\/36\/2025\/11\/olegario-R.png","datePublished":"2025-11-04T10:59:42+00:00","dateModified":"2025-11-04T11:33:09+00:00","breadcrumb":{"@id":"https:\/\/agrupacionespsoe.es\/ponferrada\/morala-confunde-gobernar-con-hacer-espectaculo-nos-alegramos-que-al-final-vayan-hacer-lo-que-les-llevamos-pidiendo-meses\/#breadcrumb"},"inLanguage":"es","potentialAction":[{"@type":"ReadAction","target":["https:\/\/agrupacionespsoe.es\/ponferrada\/morala-confunde-gobernar-con-hacer-espectaculo-nos-alegramos-que-al-final-vayan-hacer-lo-que-les-llevamos-pidiendo-meses\/"]}]},{"@type":"ImageObject","inLanguage":"es","@id":"https:\/\/agrupacionespsoe.es\/ponferrada\/morala-confunde-gobernar-con-hacer-espectaculo-nos-alegramos-que-al-final-vayan-hacer-lo-que-les-llevamos-pidiendo-meses\/#primaryimage","url":"https:\/\/agrupacionespsoe.es\/ponferrada\/wp-content\/uploads\/sites\/36\/2025\/11\/olegario-R.png","contentUrl":"https:\/\/agrupacionespsoe.es\/ponferrada\/wp-content\/uploads\/sites\/36\/2025\/11\/olegario-R.png","width":942,"height":611},{"@type":"BreadcrumbList","@id":"https:\/\/agrupacionespsoe.es\/ponferrada\/morala-confunde-gobernar-con-hacer-espectaculo-nos-alegramos-que-al-final-vayan-hacer-lo-que-les-llevamos-pidiendo-meses\/#breadcrumb","itemListElement":[{"@type":"ListItem","position":1,"name":"Portada","item":"https:\/\/agrupacionespsoe.es\/ponferrada\/"},{"@type":"ListItem","position":2,"name":"Morala confunde gobernar con hacer espect\u00e1culo. Nos alegramos que al final vayan hacer lo que les llevamos pidiendo meses."}]},{"@type":"WebSite","@id":"https:\/\/agrupacionespsoe.es\/ponferrada\/#website","url":"https:\/\/agrupacionespsoe.es\/ponferrada\/","name":"Agrupaci\u00f3n Socialista de Ponferrada","description":"Agrupaci\u00f3n Socialista de Ponferrada","publisher":{"@id":"https:\/\/agrupacionespsoe.es\/ponferrada\/#organization"},"potentialAction":[{"@type":"SearchAction","target":{"@type":"EntryPoint","urlTemplate":"https:\/\/agrupacionespsoe.es\/ponferrada\/?s={search_term_string}"},"query-input":{"@type":"PropertyValueSpecification","valueRequired":true,"valueName":"search_term_string"}}],"inLanguage":"es"},{"@type":"Organization","@id":"https:\/\/agrupacionespsoe.es\/ponferrada\/#organization","name":"Agrupaci\u00f3n Socialista de Ponferrada","url":"https:\/\/agrupacionespsoe.es\/ponferrada\/","logo":{"@type":"ImageObject","inLanguage":"es","@id":"https:\/\/agrupacionespsoe.es\/ponferrada\/#\/schema\/logo\/image\/","url":"https:\/\/agrupacionespsoe.es\/wp-content\/uploads\/2022\/07\/Logotipo_electoral_del_PSOE.png","contentUrl":"https:\/\/agrupacionespsoe.es\/wp-content\/uploads\/2022\/07\/Logotipo_electoral_del_PSOE.png","width":422,"height":422,"caption":"Agrupaci\u00f3n Socialista de Ponferrada"},"image":{"@id":"https:\/\/agrupacionespsoe.es\/ponferrada\/#\/schema\/logo\/image\/"}},{"@type":"Person","@id":"https:\/\/agrupacionespsoe.es\/ponferrada\/#\/schema\/person\/cd29ee627f3b70c05d415f02596debaa","name":"ponferrada2","image":{"@type":"ImageObject","inLanguage":"es","@id":"https:\/\/agrupacionespsoe.es\/ponferrada\/#\/schema\/person\/image\/","url":"https:\/\/secure.gravatar.com\/avatar\/f499eeb60144c664cf7b7edf75549b50?s=96&d=mm&r=g","contentUrl":"https:\/\/secure.gravatar.com\/avatar\/f499eeb60144c664cf7b7edf75549b50?s=96&d=mm&r=g","caption":"ponferrada2"},"url":"https:\/\/agrupacionespsoe.es\/ponferrada\/author\/ponferrada2\/"}]}},"jetpack_featured_media_url":"https:\/\/agrupacionespsoe.es\/ponferrada\/wp-content\/uploads\/sites\/36\/2025\/11\/olegario-R.png","jetpack_sharing_enabled":true,"_links":{"self":[{"href":"https:\/\/agrupacionespsoe.es\/ponferrada\/wp-json\/wp\/v2\/posts\/1245","targetHints":{"allow":["GET"]}}],"collection":[{"href":"https:\/\/agrupacionespsoe.es\/ponferrada\/wp-json\/wp\/v2\/posts"}],"about":[{"href":"https:\/\/agrupacionespsoe.es\/ponferrada\/wp-json\/wp\/v2\/types\/post"}],"author":[{"embeddable":true,"href":"https:\/\/agrupacionespsoe.es\/ponferrada\/wp-json\/wp\/v2\/users\/32"}],"replies":[{"embeddable":true,"href":"https:\/\/agrupacionespsoe.es\/ponferrada\/wp-json\/wp\/v2\/comments?post=1245"}],"version-history":[{"count":7,"href":"https:\/\/agrupacionespsoe.es\/ponferrada\/wp-json\/wp\/v2\/posts\/1245\/revisions"}],"predecessor-version":[{"id":1254,"href":"https:\/\/agrupacionespsoe.es\/ponferrada\/wp-json\/wp\/v2\/posts\/1245\/revisions\/1254"}],"wp:featuredmedia":[{"embeddable":true,"href":"https:\/\/agrupacionespsoe.es\/ponferrada\/wp-json\/wp\/v2\/media\/1248"}],"wp:attachment":[{"href":"https:\/\/agrupacionespsoe.es\/ponferrada\/wp-json\/wp\/v2\/media?parent=1245"}],"wp:term":[{"taxonomy":"category","embeddable":true,"href":"https:\/\/agrupacionespsoe.es\/ponferrada\/wp-json\/wp\/v2\/categories?post=1245"},{"taxonomy":"post_tag","embeddable":true,"href":"https:\/\/agrupacionespsoe.es\/ponferrada\/wp-json\/wp\/v2\/tags?post=1245"}],"curies":[{"name":"wp","href":"https:\/\/api.w.org\/{rel}","templated":true}]}}