{"id":1235,"date":"2025-10-31T15:50:22","date_gmt":"2025-10-31T15:50:22","guid":{"rendered":"https:\/\/agrupacionespsoe.es\/ponferrada\/?p=1235"},"modified":"2025-11-14T11:04:54","modified_gmt":"2025-11-14T11:04:54","slug":"caos-y-descontrol-en-el-ayuntamiento-propietarios-alarmados-por-la-invasion-de-fincas-privadas-en-las-obras-del-acceso-a-la-llanada-desde-santo-tomas","status":"publish","type":"post","link":"https:\/\/agrupacionespsoe.es\/ponferrada\/caos-y-descontrol-en-el-ayuntamiento-propietarios-alarmados-por-la-invasion-de-fincas-privadas-en-las-obras-del-acceso-a-la-llanada-desde-santo-tomas\/","title":{"rendered":"Caos y descontrol en el Ayuntamiento: propietarios alarmados por la invasi\u00f3n de fincas privadas en las obras del acceso a la Llanada desde Santo Tom\u00e1s"},"content":{"rendered":"\n<p>El equipo de gobierno vuelve a dar muestra de su deficiente gesti\u00f3n y absoluta falta de control. Las obras de acceso a la Llanada desde Santo Tom\u00e1s de las Ollas, una actuaci\u00f3n necesaria y esperada, se est\u00e1n ejecutando de forma ca\u00f3tica, sin planificaci\u00f3n y con atropellos a los vecinos.<\/p>\n\n\n\n<p>Miembros del grupo municipal socialista se han acercado a las obras de la mejora de acceso desde Santo Tom\u00e1s de las Ollas al \u00e1rea industrial de La Llanada, para comprobar in situ que durante las \u00faltimas dos semanas, las m\u00e1quinas han entrado en fincas de propiedad privada. Los propietarios se han puesto en contacto con el Grupo Socialista para denunciar que no existe autorizaci\u00f3n, ni para la limpieza que han llevado a cabo ni para ocupar varios metros de terreno que no pertenecen al Ayuntamiento. Los propietarios nos han explicado que no han recibido ni una sola comunicaci\u00f3n, ni solicitud de cesi\u00f3n, ni expediente de expropiaci\u00f3n. Simplemente se han encontrado sus terrenos ocupados.<\/p>\n\n\n\n<p>Los propietarios afectados, indignados y alarmados, denuncian lo que consideran una ocupaci\u00f3n arbitraria e ilegal.<\/p>\n\n\n\n<figure class=\"wp-block-image size-large\"><img loading=\"lazy\" decoding=\"async\" width=\"1024\" height=\"768\" src=\"https:\/\/agrupacionespsoe.es\/ponferrada\/wp-content\/uploads\/sites\/36\/2025\/10\/WhatsApp-Image-2025-11-14-at-12.00.18-1024x768.jpeg\" alt=\"\" class=\"wp-image-1291\" srcset=\"https:\/\/agrupacionespsoe.es\/ponferrada\/wp-content\/uploads\/sites\/36\/2025\/10\/WhatsApp-Image-2025-11-14-at-12.00.18-1024x768.jpeg 1024w, https:\/\/agrupacionespsoe.es\/ponferrada\/wp-content\/uploads\/sites\/36\/2025\/10\/WhatsApp-Image-2025-11-14-at-12.00.18-300x225.jpeg 300w, https:\/\/agrupacionespsoe.es\/ponferrada\/wp-content\/uploads\/sites\/36\/2025\/10\/WhatsApp-Image-2025-11-14-at-12.00.18-768x576.jpeg 768w, https:\/\/agrupacionespsoe.es\/ponferrada\/wp-content\/uploads\/sites\/36\/2025\/10\/WhatsApp-Image-2025-11-14-at-12.00.18-1536x1152.jpeg 1536w, https:\/\/agrupacionespsoe.es\/ponferrada\/wp-content\/uploads\/sites\/36\/2025\/10\/WhatsApp-Image-2025-11-14-at-12.00.18.jpeg 2048w\" sizes=\"auto, (max-width: 1024px) 100vw, 1024px\" \/><\/figure>\n\n\n\n<p>Desde el grupo socialista se\u00f1alamos que \u201cson obras imprescindibles, pero nos enteramos por los propios due\u00f1os de que se est\u00e1n invadiendo fincas privadas sin haber hablado con ellos, sin explicarles que se iba a ampliar la calzada sobre sus terrenos. Es la forma de actuar del equipo de gobierno del PP y en esta ocasi\u00f3n puede tener consecuencias graves: los propietarios podr\u00edan ejercer acciones legales por invasi\u00f3n de propiedad, lo que incluso podr\u00eda paralizar una mejora tan necesaria. El equipo de gobierno deber\u00eda actuar con diligencia y respeto. No se puede gobernar desde el caos. Ni los &nbsp;concejales supervisan, ni el alcalde controla\u201d.<\/p>\n\n\n\n<p>Desde el grupo socialista se\u00f1alan que&nbsp; no es una cuesti\u00f3n menor, es el ejemplo de desorden, falta de di\u00e1logo y desprecio por la legalidad. La administraci\u00f3n debe disponer de la autorizaci\u00f3n de los propietarios para ocupar el terreno, no puede hacerlo por la fuerza ni \u201cporque conviene\u201d.<\/p>\n\n\n\n<p>Desde el Grupo Municipal Socialista le pedimos al alcalde que hable con los propietarios afectados y que consiga la autorizaci\u00f3n necesaria antes de que los propietarios ejerzan acciones legales y suponga una paralizaci\u00f3n de las obras.<\/p>\n\n\n\n<p>Finalizan se\u00f1alando que esta obra de acceso a la Llanada se convierte en otro ejemplo del caos municipal que impera en Ponferrada: un Ayuntamiento que act\u00faa sin rumbo, sin planificaci\u00f3n y sin respeto a los vecinos. Sabemos que son dos propietarios pero pueden ser muchos m\u00e1s los afectados y sienta un precedente muy negativo y una inseguridad en los&nbsp; propietarios que pueden encontrarse en la misma situaci\u00f3n en cualquier momento. &nbsp;Cada actuaci\u00f3n de este equipo de gobierno acaba en improvisaci\u00f3n, conflictos y chapuzas.<\/p>\n\n\n\n<figure class=\"wp-block-embed is-type-video is-provider-youtube wp-block-embed-youtube wp-embed-aspect-16-9 wp-has-aspect-ratio\"><div class=\"wp-block-embed__wrapper\">\n<iframe loading=\"lazy\" title=\"Caos y descontrol en el Ayto: propietarios alarmados por la invasi\u00f3n de sus fincas acceso La Llanada\" width=\"500\" height=\"281\" src=\"https:\/\/www.youtube.com\/embed\/-X-fayY-pE8?feature=oembed\" frameborder=\"0\" allow=\"accelerometer; autoplay; clipboard-write; encrypted-media; gyroscope; picture-in-picture; web-share\" referrerpolicy=\"strict-origin-when-cross-origin\" allowfullscreen><\/iframe>\n<\/div><\/figure>\n\n\n\n<p><br><\/p>\n\n\n\n<p><br><\/p>\n\n\n\n<p><\/p>\n","protected":false},"excerpt":{"rendered":"<p>El equipo de gobierno vuelve a dar muestra de su deficiente gesti\u00f3n y absoluta falta de control. Las obras de acceso a la Llanada desde Santo Tom\u00e1s de las Ollas, una actuaci\u00f3n necesaria y esperada, se est\u00e1n ejecutando de forma ca\u00f3tica, sin planificaci\u00f3n y con atropellos a los vecinos. Miembros del grupo municipal socialista se &#8230;<\/p>\n","protected":false},"author":32,"featured_media":1291,"comment_status":"open","ping_status":"open","sticky":false,"template":"","format":"standard","meta":{"_jetpack_memberships_contains_paid_content":false,"footnotes":""},"categories":[6],"tags":[],"class_list":["post-1235","post","type-post","status-publish","format-standard","has-post-thumbnail","hentry","category-actualidad"],"yoast_head":"<!-- This site is optimized with the Yoast SEO plugin v24.0 - https:\/\/yoast.com\/wordpress\/plugins\/seo\/ -->\n<title>Caos y descontrol en el Ayuntamiento: propietarios alarmados por la invasi\u00f3n de fincas privadas en las obras del acceso a la Llanada desde Santo Tom\u00e1s - Agrupaci\u00f3n Socialista de Ponferrada<\/title>\n<meta name=\"robots\" content=\"index, follow, max-snippet:-1, max-image-preview:large, max-video-preview:-1\" \/>\n<link rel=\"canonical\" href=\"https:\/\/agrupacionespsoe.es\/ponferrada\/caos-y-descontrol-en-el-ayuntamiento-propietarios-alarmados-por-la-invasion-de-fincas-privadas-en-las-obras-del-acceso-a-la-llanada-desde-santo-tomas\/\" \/>\n<meta property=\"og:locale\" content=\"es_ES\" \/>\n<meta property=\"og:type\" content=\"article\" \/>\n<meta property=\"og:title\" content=\"Caos y descontrol en el Ayuntamiento: propietarios alarmados por la invasi\u00f3n de fincas privadas en las obras del acceso a la Llanada desde Santo Tom\u00e1s - Agrupaci\u00f3n Socialista de Ponferrada\" \/>\n<meta property=\"og:description\" content=\"El equipo de gobierno vuelve a dar muestra de su deficiente gesti\u00f3n y absoluta falta de control. Las obras de acceso a la Llanada desde Santo Tom\u00e1s de las Ollas, una actuaci\u00f3n necesaria y esperada, se est\u00e1n ejecutando de forma ca\u00f3tica, sin planificaci\u00f3n y con atropellos a los vecinos. Miembros del grupo municipal socialista se ...\" \/>\n<meta property=\"og:url\" content=\"https:\/\/agrupacionespsoe.es\/ponferrada\/caos-y-descontrol-en-el-ayuntamiento-propietarios-alarmados-por-la-invasion-de-fincas-privadas-en-las-obras-del-acceso-a-la-llanada-desde-santo-tomas\/\" \/>\n<meta property=\"og:site_name\" content=\"Agrupaci\u00f3n Socialista de Ponferrada\" \/>\n<meta property=\"article:published_time\" content=\"2025-10-31T15:50:22+00:00\" \/>\n<meta property=\"article:modified_time\" content=\"2025-11-14T11:04:54+00:00\" \/>\n<meta property=\"og:image\" content=\"https:\/\/agrupacionespsoe.es\/ponferrada\/wp-content\/uploads\/sites\/36\/2025\/10\/WhatsApp-Image-2025-11-14-at-12.00.18.jpeg\" \/>\n\t<meta property=\"og:image:width\" content=\"2048\" \/>\n\t<meta property=\"og:image:height\" content=\"1536\" \/>\n\t<meta property=\"og:image:type\" content=\"image\/jpeg\" \/>\n<meta name=\"author\" content=\"ponferrada2\" \/>\n<meta name=\"twitter:card\" content=\"summary_large_image\" \/>\n<meta name=\"twitter:label1\" content=\"Escrito por\" \/>\n\t<meta name=\"twitter:data1\" content=\"ponferrada2\" \/>\n\t<meta name=\"twitter:label2\" content=\"Tiempo de lectura\" \/>\n\t<meta name=\"twitter:data2\" content=\"3 minutos\" \/>\n<script type=\"application\/ld+json\" class=\"yoast-schema-graph\">{\"@context\":\"https:\/\/schema.org\",\"@graph\":[{\"@type\":\"Article\",\"@id\":\"https:\/\/agrupacionespsoe.es\/ponferrada\/caos-y-descontrol-en-el-ayuntamiento-propietarios-alarmados-por-la-invasion-de-fincas-privadas-en-las-obras-del-acceso-a-la-llanada-desde-santo-tomas\/#article\",\"isPartOf\":{\"@id\":\"https:\/\/agrupacionespsoe.es\/ponferrada\/caos-y-descontrol-en-el-ayuntamiento-propietarios-alarmados-por-la-invasion-de-fincas-privadas-en-las-obras-del-acceso-a-la-llanada-desde-santo-tomas\/\"},\"author\":{\"name\":\"ponferrada2\",\"@id\":\"https:\/\/agrupacionespsoe.es\/ponferrada\/#\/schema\/person\/cd29ee627f3b70c05d415f02596debaa\"},\"headline\":\"Caos y descontrol en el Ayuntamiento: propietarios alarmados por la invasi\u00f3n de fincas privadas en las obras del acceso a la Llanada desde Santo Tom\u00e1s\",\"datePublished\":\"2025-10-31T15:50:22+00:00\",\"dateModified\":\"2025-11-14T11:04:54+00:00\",\"mainEntityOfPage\":{\"@id\":\"https:\/\/agrupacionespsoe.es\/ponferrada\/caos-y-descontrol-en-el-ayuntamiento-propietarios-alarmados-por-la-invasion-de-fincas-privadas-en-las-obras-del-acceso-a-la-llanada-desde-santo-tomas\/\"},\"wordCount\":519,\"commentCount\":0,\"publisher\":{\"@id\":\"https:\/\/agrupacionespsoe.es\/ponferrada\/#organization\"},\"image\":{\"@id\":\"https:\/\/agrupacionespsoe.es\/ponferrada\/caos-y-descontrol-en-el-ayuntamiento-propietarios-alarmados-por-la-invasion-de-fincas-privadas-en-las-obras-del-acceso-a-la-llanada-desde-santo-tomas\/#primaryimage\"},\"thumbnailUrl\":\"https:\/\/agrupacionespsoe.es\/ponferrada\/wp-content\/uploads\/sites\/36\/2025\/10\/WhatsApp-Image-2025-11-14-at-12.00.18.jpeg\",\"articleSection\":[\"ACTUALIDAD\"],\"inLanguage\":\"es\",\"potentialAction\":[{\"@type\":\"CommentAction\",\"name\":\"Comment\",\"target\":[\"https:\/\/agrupacionespsoe.es\/ponferrada\/caos-y-descontrol-en-el-ayuntamiento-propietarios-alarmados-por-la-invasion-de-fincas-privadas-en-las-obras-del-acceso-a-la-llanada-desde-santo-tomas\/#respond\"]}]},{\"@type\":\"WebPage\",\"@id\":\"https:\/\/agrupacionespsoe.es\/ponferrada\/caos-y-descontrol-en-el-ayuntamiento-propietarios-alarmados-por-la-invasion-de-fincas-privadas-en-las-obras-del-acceso-a-la-llanada-desde-santo-tomas\/\",\"url\":\"https:\/\/agrupacionespsoe.es\/ponferrada\/caos-y-descontrol-en-el-ayuntamiento-propietarios-alarmados-por-la-invasion-de-fincas-privadas-en-las-obras-del-acceso-a-la-llanada-desde-santo-tomas\/\",\"name\":\"Caos y descontrol en el Ayuntamiento: propietarios alarmados por la invasi\u00f3n de fincas privadas en las obras del acceso a la Llanada desde Santo Tom\u00e1s - Agrupaci\u00f3n Socialista de Ponferrada\",\"isPartOf\":{\"@id\":\"https:\/\/agrupacionespsoe.es\/ponferrada\/#website\"},\"primaryImageOfPage\":{\"@id\":\"https:\/\/agrupacionespsoe.es\/ponferrada\/caos-y-descontrol-en-el-ayuntamiento-propietarios-alarmados-por-la-invasion-de-fincas-privadas-en-las-obras-del-acceso-a-la-llanada-desde-santo-tomas\/#primaryimage\"},\"image\":{\"@id\":\"https:\/\/agrupacionespsoe.es\/ponferrada\/caos-y-descontrol-en-el-ayuntamiento-propietarios-alarmados-por-la-invasion-de-fincas-privadas-en-las-obras-del-acceso-a-la-llanada-desde-santo-tomas\/#primaryimage\"},\"thumbnailUrl\":\"https:\/\/agrupacionespsoe.es\/ponferrada\/wp-content\/uploads\/sites\/36\/2025\/10\/WhatsApp-Image-2025-11-14-at-12.00.18.jpeg\",\"datePublished\":\"2025-10-31T15:50:22+00:00\",\"dateModified\":\"2025-11-14T11:04:54+00:00\",\"breadcrumb\":{\"@id\":\"https:\/\/agrupacionespsoe.es\/ponferrada\/caos-y-descontrol-en-el-ayuntamiento-propietarios-alarmados-por-la-invasion-de-fincas-privadas-en-las-obras-del-acceso-a-la-llanada-desde-santo-tomas\/#breadcrumb\"},\"inLanguage\":\"es\",\"potentialAction\":[{\"@type\":\"ReadAction\",\"target\":[\"https:\/\/agrupacionespsoe.es\/ponferrada\/caos-y-descontrol-en-el-ayuntamiento-propietarios-alarmados-por-la-invasion-de-fincas-privadas-en-las-obras-del-acceso-a-la-llanada-desde-santo-tomas\/\"]}]},{\"@type\":\"ImageObject\",\"inLanguage\":\"es\",\"@id\":\"https:\/\/agrupacionespsoe.es\/ponferrada\/caos-y-descontrol-en-el-ayuntamiento-propietarios-alarmados-por-la-invasion-de-fincas-privadas-en-las-obras-del-acceso-a-la-llanada-desde-santo-tomas\/#primaryimage\",\"url\":\"https:\/\/agrupacionespsoe.es\/ponferrada\/wp-content\/uploads\/sites\/36\/2025\/10\/WhatsApp-Image-2025-11-14-at-12.00.18.jpeg\",\"contentUrl\":\"https:\/\/agrupacionespsoe.es\/ponferrada\/wp-content\/uploads\/sites\/36\/2025\/10\/WhatsApp-Image-2025-11-14-at-12.00.18.jpeg\",\"width\":2048,\"height\":1536},{\"@type\":\"BreadcrumbList\",\"@id\":\"https:\/\/agrupacionespsoe.es\/ponferrada\/caos-y-descontrol-en-el-ayuntamiento-propietarios-alarmados-por-la-invasion-de-fincas-privadas-en-las-obras-del-acceso-a-la-llanada-desde-santo-tomas\/#breadcrumb\",\"itemListElement\":[{\"@type\":\"ListItem\",\"position\":1,\"name\":\"Portada\",\"item\":\"https:\/\/agrupacionespsoe.es\/ponferrada\/\"},{\"@type\":\"ListItem\",\"position\":2,\"name\":\"Caos y descontrol en el Ayuntamiento: propietarios alarmados por la invasi\u00f3n de fincas privadas en las obras del acceso a la Llanada desde Santo Tom\u00e1s\"}]},{\"@type\":\"WebSite\",\"@id\":\"https:\/\/agrupacionespsoe.es\/ponferrada\/#website\",\"url\":\"https:\/\/agrupacionespsoe.es\/ponferrada\/\",\"name\":\"Agrupaci\u00f3n Socialista de Ponferrada\",\"description\":\"Agrupaci\u00f3n Socialista de Ponferrada\",\"publisher\":{\"@id\":\"https:\/\/agrupacionespsoe.es\/ponferrada\/#organization\"},\"potentialAction\":[{\"@type\":\"SearchAction\",\"target\":{\"@type\":\"EntryPoint\",\"urlTemplate\":\"https:\/\/agrupacionespsoe.es\/ponferrada\/?s={search_term_string}\"},\"query-input\":{\"@type\":\"PropertyValueSpecification\",\"valueRequired\":true,\"valueName\":\"search_term_string\"}}],\"inLanguage\":\"es\"},{\"@type\":\"Organization\",\"@id\":\"https:\/\/agrupacionespsoe.es\/ponferrada\/#organization\",\"name\":\"Agrupaci\u00f3n Socialista de Ponferrada\",\"url\":\"https:\/\/agrupacionespsoe.es\/ponferrada\/\",\"logo\":{\"@type\":\"ImageObject\",\"inLanguage\":\"es\",\"@id\":\"https:\/\/agrupacionespsoe.es\/ponferrada\/#\/schema\/logo\/image\/\",\"url\":\"https:\/\/agrupacionespsoe.es\/wp-content\/uploads\/2022\/07\/Logotipo_electoral_del_PSOE.png\",\"contentUrl\":\"https:\/\/agrupacionespsoe.es\/wp-content\/uploads\/2022\/07\/Logotipo_electoral_del_PSOE.png\",\"width\":422,\"height\":422,\"caption\":\"Agrupaci\u00f3n Socialista de Ponferrada\"},\"image\":{\"@id\":\"https:\/\/agrupacionespsoe.es\/ponferrada\/#\/schema\/logo\/image\/\"}},{\"@type\":\"Person\",\"@id\":\"https:\/\/agrupacionespsoe.es\/ponferrada\/#\/schema\/person\/cd29ee627f3b70c05d415f02596debaa\",\"name\":\"ponferrada2\",\"image\":{\"@type\":\"ImageObject\",\"inLanguage\":\"es\",\"@id\":\"https:\/\/agrupacionespsoe.es\/ponferrada\/#\/schema\/person\/image\/\",\"url\":\"https:\/\/secure.gravatar.com\/avatar\/f499eeb60144c664cf7b7edf75549b50?s=96&d=mm&r=g\",\"contentUrl\":\"https:\/\/secure.gravatar.com\/avatar\/f499eeb60144c664cf7b7edf75549b50?s=96&d=mm&r=g\",\"caption\":\"ponferrada2\"},\"url\":\"https:\/\/agrupacionespsoe.es\/ponferrada\/author\/ponferrada2\/\"}]}<\/script>\n<!-- \/ Yoast SEO plugin. -->","yoast_head_json":{"title":"Caos y descontrol en el Ayuntamiento: propietarios alarmados por la invasi\u00f3n de fincas privadas en las obras del acceso a la Llanada desde Santo Tom\u00e1s - Agrupaci\u00f3n Socialista de Ponferrada","robots":{"index":"index","follow":"follow","max-snippet":"max-snippet:-1","max-image-preview":"max-image-preview:large","max-video-preview":"max-video-preview:-1"},"canonical":"https:\/\/agrupacionespsoe.es\/ponferrada\/caos-y-descontrol-en-el-ayuntamiento-propietarios-alarmados-por-la-invasion-de-fincas-privadas-en-las-obras-del-acceso-a-la-llanada-desde-santo-tomas\/","og_locale":"es_ES","og_type":"article","og_title":"Caos y descontrol en el Ayuntamiento: propietarios alarmados por la invasi\u00f3n de fincas privadas en las obras del acceso a la Llanada desde Santo Tom\u00e1s - Agrupaci\u00f3n Socialista de Ponferrada","og_description":"El equipo de gobierno vuelve a dar muestra de su deficiente gesti\u00f3n y absoluta falta de control. Las obras de acceso a la Llanada desde Santo Tom\u00e1s de las Ollas, una actuaci\u00f3n necesaria y esperada, se est\u00e1n ejecutando de forma ca\u00f3tica, sin planificaci\u00f3n y con atropellos a los vecinos. Miembros del grupo municipal socialista se ...","og_url":"https:\/\/agrupacionespsoe.es\/ponferrada\/caos-y-descontrol-en-el-ayuntamiento-propietarios-alarmados-por-la-invasion-de-fincas-privadas-en-las-obras-del-acceso-a-la-llanada-desde-santo-tomas\/","og_site_name":"Agrupaci\u00f3n Socialista de Ponferrada","article_published_time":"2025-10-31T15:50:22+00:00","article_modified_time":"2025-11-14T11:04:54+00:00","og_image":[{"width":2048,"height":1536,"url":"https:\/\/agrupacionespsoe.es\/ponferrada\/wp-content\/uploads\/sites\/36\/2025\/10\/WhatsApp-Image-2025-11-14-at-12.00.18.jpeg","type":"image\/jpeg"}],"author":"ponferrada2","twitter_card":"summary_large_image","twitter_misc":{"Escrito por":"ponferrada2","Tiempo de lectura":"3 minutos"},"schema":{"@context":"https:\/\/schema.org","@graph":[{"@type":"Article","@id":"https:\/\/agrupacionespsoe.es\/ponferrada\/caos-y-descontrol-en-el-ayuntamiento-propietarios-alarmados-por-la-invasion-de-fincas-privadas-en-las-obras-del-acceso-a-la-llanada-desde-santo-tomas\/#article","isPartOf":{"@id":"https:\/\/agrupacionespsoe.es\/ponferrada\/caos-y-descontrol-en-el-ayuntamiento-propietarios-alarmados-por-la-invasion-de-fincas-privadas-en-las-obras-del-acceso-a-la-llanada-desde-santo-tomas\/"},"author":{"name":"ponferrada2","@id":"https:\/\/agrupacionespsoe.es\/ponferrada\/#\/schema\/person\/cd29ee627f3b70c05d415f02596debaa"},"headline":"Caos y descontrol en el Ayuntamiento: propietarios alarmados por la invasi\u00f3n de fincas privadas en las obras del acceso a la Llanada desde Santo Tom\u00e1s","datePublished":"2025-10-31T15:50:22+00:00","dateModified":"2025-11-14T11:04:54+00:00","mainEntityOfPage":{"@id":"https:\/\/agrupacionespsoe.es\/ponferrada\/caos-y-descontrol-en-el-ayuntamiento-propietarios-alarmados-por-la-invasion-de-fincas-privadas-en-las-obras-del-acceso-a-la-llanada-desde-santo-tomas\/"},"wordCount":519,"commentCount":0,"publisher":{"@id":"https:\/\/agrupacionespsoe.es\/ponferrada\/#organization"},"image":{"@id":"https:\/\/agrupacionespsoe.es\/ponferrada\/caos-y-descontrol-en-el-ayuntamiento-propietarios-alarmados-por-la-invasion-de-fincas-privadas-en-las-obras-del-acceso-a-la-llanada-desde-santo-tomas\/#primaryimage"},"thumbnailUrl":"https:\/\/agrupacionespsoe.es\/ponferrada\/wp-content\/uploads\/sites\/36\/2025\/10\/WhatsApp-Image-2025-11-14-at-12.00.18.jpeg","articleSection":["ACTUALIDAD"],"inLanguage":"es","potentialAction":[{"@type":"CommentAction","name":"Comment","target":["https:\/\/agrupacionespsoe.es\/ponferrada\/caos-y-descontrol-en-el-ayuntamiento-propietarios-alarmados-por-la-invasion-de-fincas-privadas-en-las-obras-del-acceso-a-la-llanada-desde-santo-tomas\/#respond"]}]},{"@type":"WebPage","@id":"https:\/\/agrupacionespsoe.es\/ponferrada\/caos-y-descontrol-en-el-ayuntamiento-propietarios-alarmados-por-la-invasion-de-fincas-privadas-en-las-obras-del-acceso-a-la-llanada-desde-santo-tomas\/","url":"https:\/\/agrupacionespsoe.es\/ponferrada\/caos-y-descontrol-en-el-ayuntamiento-propietarios-alarmados-por-la-invasion-de-fincas-privadas-en-las-obras-del-acceso-a-la-llanada-desde-santo-tomas\/","name":"Caos y descontrol en el Ayuntamiento: propietarios alarmados por la invasi\u00f3n de fincas privadas en las obras del acceso a la Llanada desde Santo Tom\u00e1s - Agrupaci\u00f3n Socialista de Ponferrada","isPartOf":{"@id":"https:\/\/agrupacionespsoe.es\/ponferrada\/#website"},"primaryImageOfPage":{"@id":"https:\/\/agrupacionespsoe.es\/ponferrada\/caos-y-descontrol-en-el-ayuntamiento-propietarios-alarmados-por-la-invasion-de-fincas-privadas-en-las-obras-del-acceso-a-la-llanada-desde-santo-tomas\/#primaryimage"},"image":{"@id":"https:\/\/agrupacionespsoe.es\/ponferrada\/caos-y-descontrol-en-el-ayuntamiento-propietarios-alarmados-por-la-invasion-de-fincas-privadas-en-las-obras-del-acceso-a-la-llanada-desde-santo-tomas\/#primaryimage"},"thumbnailUrl":"https:\/\/agrupacionespsoe.es\/ponferrada\/wp-content\/uploads\/sites\/36\/2025\/10\/WhatsApp-Image-2025-11-14-at-12.00.18.jpeg","datePublished":"2025-10-31T15:50:22+00:00","dateModified":"2025-11-14T11:04:54+00:00","breadcrumb":{"@id":"https:\/\/agrupacionespsoe.es\/ponferrada\/caos-y-descontrol-en-el-ayuntamiento-propietarios-alarmados-por-la-invasion-de-fincas-privadas-en-las-obras-del-acceso-a-la-llanada-desde-santo-tomas\/#breadcrumb"},"inLanguage":"es","potentialAction":[{"@type":"ReadAction","target":["https:\/\/agrupacionespsoe.es\/ponferrada\/caos-y-descontrol-en-el-ayuntamiento-propietarios-alarmados-por-la-invasion-de-fincas-privadas-en-las-obras-del-acceso-a-la-llanada-desde-santo-tomas\/"]}]},{"@type":"ImageObject","inLanguage":"es","@id":"https:\/\/agrupacionespsoe.es\/ponferrada\/caos-y-descontrol-en-el-ayuntamiento-propietarios-alarmados-por-la-invasion-de-fincas-privadas-en-las-obras-del-acceso-a-la-llanada-desde-santo-tomas\/#primaryimage","url":"https:\/\/agrupacionespsoe.es\/ponferrada\/wp-content\/uploads\/sites\/36\/2025\/10\/WhatsApp-Image-2025-11-14-at-12.00.18.jpeg","contentUrl":"https:\/\/agrupacionespsoe.es\/ponferrada\/wp-content\/uploads\/sites\/36\/2025\/10\/WhatsApp-Image-2025-11-14-at-12.00.18.jpeg","width":2048,"height":1536},{"@type":"BreadcrumbList","@id":"https:\/\/agrupacionespsoe.es\/ponferrada\/caos-y-descontrol-en-el-ayuntamiento-propietarios-alarmados-por-la-invasion-de-fincas-privadas-en-las-obras-del-acceso-a-la-llanada-desde-santo-tomas\/#breadcrumb","itemListElement":[{"@type":"ListItem","position":1,"name":"Portada","item":"https:\/\/agrupacionespsoe.es\/ponferrada\/"},{"@type":"ListItem","position":2,"name":"Caos y descontrol en el Ayuntamiento: propietarios alarmados por la invasi\u00f3n de fincas privadas en las obras del acceso a la Llanada desde Santo Tom\u00e1s"}]},{"@type":"WebSite","@id":"https:\/\/agrupacionespsoe.es\/ponferrada\/#website","url":"https:\/\/agrupacionespsoe.es\/ponferrada\/","name":"Agrupaci\u00f3n Socialista de Ponferrada","description":"Agrupaci\u00f3n Socialista de Ponferrada","publisher":{"@id":"https:\/\/agrupacionespsoe.es\/ponferrada\/#organization"},"potentialAction":[{"@type":"SearchAction","target":{"@type":"EntryPoint","urlTemplate":"https:\/\/agrupacionespsoe.es\/ponferrada\/?s={search_term_string}"},"query-input":{"@type":"PropertyValueSpecification","valueRequired":true,"valueName":"search_term_string"}}],"inLanguage":"es"},{"@type":"Organization","@id":"https:\/\/agrupacionespsoe.es\/ponferrada\/#organization","name":"Agrupaci\u00f3n Socialista de Ponferrada","url":"https:\/\/agrupacionespsoe.es\/ponferrada\/","logo":{"@type":"ImageObject","inLanguage":"es","@id":"https:\/\/agrupacionespsoe.es\/ponferrada\/#\/schema\/logo\/image\/","url":"https:\/\/agrupacionespsoe.es\/wp-content\/uploads\/2022\/07\/Logotipo_electoral_del_PSOE.png","contentUrl":"https:\/\/agrupacionespsoe.es\/wp-content\/uploads\/2022\/07\/Logotipo_electoral_del_PSOE.png","width":422,"height":422,"caption":"Agrupaci\u00f3n Socialista de Ponferrada"},"image":{"@id":"https:\/\/agrupacionespsoe.es\/ponferrada\/#\/schema\/logo\/image\/"}},{"@type":"Person","@id":"https:\/\/agrupacionespsoe.es\/ponferrada\/#\/schema\/person\/cd29ee627f3b70c05d415f02596debaa","name":"ponferrada2","image":{"@type":"ImageObject","inLanguage":"es","@id":"https:\/\/agrupacionespsoe.es\/ponferrada\/#\/schema\/person\/image\/","url":"https:\/\/secure.gravatar.com\/avatar\/f499eeb60144c664cf7b7edf75549b50?s=96&d=mm&r=g","contentUrl":"https:\/\/secure.gravatar.com\/avatar\/f499eeb60144c664cf7b7edf75549b50?s=96&d=mm&r=g","caption":"ponferrada2"},"url":"https:\/\/agrupacionespsoe.es\/ponferrada\/author\/ponferrada2\/"}]}},"jetpack_featured_media_url":"https:\/\/agrupacionespsoe.es\/ponferrada\/wp-content\/uploads\/sites\/36\/2025\/10\/WhatsApp-Image-2025-11-14-at-12.00.18.jpeg","jetpack_sharing_enabled":true,"_links":{"self":[{"href":"https:\/\/agrupacionespsoe.es\/ponferrada\/wp-json\/wp\/v2\/posts\/1235","targetHints":{"allow":["GET"]}}],"collection":[{"href":"https:\/\/agrupacionespsoe.es\/ponferrada\/wp-json\/wp\/v2\/posts"}],"about":[{"href":"https:\/\/agrupacionespsoe.es\/ponferrada\/wp-json\/wp\/v2\/types\/post"}],"author":[{"embeddable":true,"href":"https:\/\/agrupacionespsoe.es\/ponferrada\/wp-json\/wp\/v2\/users\/32"}],"replies":[{"embeddable":true,"href":"https:\/\/agrupacionespsoe.es\/ponferrada\/wp-json\/wp\/v2\/comments?post=1235"}],"version-history":[{"count":5,"href":"https:\/\/agrupacionespsoe.es\/ponferrada\/wp-json\/wp\/v2\/posts\/1235\/revisions"}],"predecessor-version":[{"id":1295,"href":"https:\/\/agrupacionespsoe.es\/ponferrada\/wp-json\/wp\/v2\/posts\/1235\/revisions\/1295"}],"wp:featuredmedia":[{"embeddable":true,"href":"https:\/\/agrupacionespsoe.es\/ponferrada\/wp-json\/wp\/v2\/media\/1291"}],"wp:attachment":[{"href":"https:\/\/agrupacionespsoe.es\/ponferrada\/wp-json\/wp\/v2\/media?parent=1235"}],"wp:term":[{"taxonomy":"category","embeddable":true,"href":"https:\/\/agrupacionespsoe.es\/ponferrada\/wp-json\/wp\/v2\/categories?post=1235"},{"taxonomy":"post_tag","embeddable":true,"href":"https:\/\/agrupacionespsoe.es\/ponferrada\/wp-json\/wp\/v2\/tags?post=1235"}],"curies":[{"name":"wp","href":"https:\/\/api.w.org\/{rel}","templated":true}]}}