{"id":1229,"date":"2025-10-30T11:46:27","date_gmt":"2025-10-30T11:46:27","guid":{"rendered":"https:\/\/agrupacionespsoe.es\/ponferrada\/?p=1229"},"modified":"2025-10-30T11:46:28","modified_gmt":"2025-10-30T11:46:28","slug":"el-psoe-critica-la-falta-de-dialogo-y-la-arrogancia-del-alcalde-y-exige-la-inmediata-reparacion-de-las-piscinas-climatizadas-del-complejo-lydia-valentin","status":"publish","type":"post","link":"https:\/\/agrupacionespsoe.es\/ponferrada\/el-psoe-critica-la-falta-de-dialogo-y-la-arrogancia-del-alcalde-y-exige-la-inmediata-reparacion-de-las-piscinas-climatizadas-del-complejo-lydia-valentin\/","title":{"rendered":"El PSOE critica la falta de di\u00e1logo y la arrogancia del Alcalde y exige la inmediata reparaci\u00f3n de las piscinas climatizadas del complejo Lydia Valent\u00edn"},"content":{"rendered":"\n<p>El portavoz del Grupo Municipal Socialista, Olegario Ram\u00f3n, ha criticado esta ma\u00f1ana la actitud del alcalde y del equipo de gobierno por su \u201cfalta de di\u00e1logo\u201d y su \u201carrogancia\u201d a la hora de abordar la reparaci\u00f3n de las piscinas municipales del complejo deportivo Lydia Valent\u00edn. Ram\u00f3n ha lamentado que el consistorio \u201cno haya mantenido ninguna conversaci\u00f3n con la oposici\u00f3n\u201d pese a no contar con mayor\u00eda absoluta y que \u201cpretenda aprobar en el Pleno de ma\u00f1ana una operaci\u00f3n compleja y poco transparente que va a condicionar las inversiones en materia de iluminaci\u00f3n del Ayuntamiento durante a\u00f1os\u201d.<\/p>\n\n\n\n<p>Durante su comparecencia ante los medios, el portavoz socialista record\u00f3 que las deficiencias en las instalaciones fueron detectadas a comienzos de 2023, cuando el PSOE a\u00fan estaba al frente del gobierno municipal. \u201cLos t\u00e9cnicos municipales nos trasladaron que las reparaciones eran necesarias y que el coste rondar\u00eda los 670.000 euros. Inmediatamente estudiamos la forma de financiar la actuaci\u00f3n con los remanentes de 2022, que ascend\u00edan a 2,3 millones de euros\u201d, explic\u00f3.<\/p>\n\n\n\n<figure class=\"wp-block-image size-large\"><img loading=\"lazy\" decoding=\"async\" width=\"1024\" height=\"768\" src=\"https:\/\/agrupacionespsoe.es\/ponferrada\/wp-content\/uploads\/sites\/36\/2025\/10\/WhatsApp-Image-2025-10-30-at-12.43.43-1024x768.jpeg\" alt=\"\" class=\"wp-image-1231\" srcset=\"https:\/\/agrupacionespsoe.es\/ponferrada\/wp-content\/uploads\/sites\/36\/2025\/10\/WhatsApp-Image-2025-10-30-at-12.43.43-1024x768.jpeg 1024w, https:\/\/agrupacionespsoe.es\/ponferrada\/wp-content\/uploads\/sites\/36\/2025\/10\/WhatsApp-Image-2025-10-30-at-12.43.43-300x225.jpeg 300w, https:\/\/agrupacionespsoe.es\/ponferrada\/wp-content\/uploads\/sites\/36\/2025\/10\/WhatsApp-Image-2025-10-30-at-12.43.43-768x576.jpeg 768w, https:\/\/agrupacionespsoe.es\/ponferrada\/wp-content\/uploads\/sites\/36\/2025\/10\/WhatsApp-Image-2025-10-30-at-12.43.43-1536x1152.jpeg 1536w, https:\/\/agrupacionespsoe.es\/ponferrada\/wp-content\/uploads\/sites\/36\/2025\/10\/WhatsApp-Image-2025-10-30-at-12.43.43.jpeg 1600w\" sizes=\"auto, (max-width: 1024px) 100vw, 1024px\" \/><\/figure>\n\n\n\n<p>Ram\u00f3n insisti\u00f3 en que \u201chab\u00eda dinero m\u00e1s que suficiente para haber acometido las obras\u201d, pero denunci\u00f3 que el actual equipo de gobierno \u201crechaz\u00f3 la propuesta solo por venir del Partido Socialista\u201d. \u201cDe esos 2,3 millones pr\u00e1cticamente no se ha gastado nada en lo que se prometi\u00f3: ni los 300.000 euros para el campo de f\u00fatbol, ni los 200.000 para cubrir la pista del colegio de Flores, ni los 1,3 millones para reparar aceras\u201d, enumer\u00f3.<\/p>\n\n\n\n<p>El portavoz socialista record\u00f3 adem\u00e1s que el Dia de la Encina de 2023 y de 2024, el consejero Su\u00e1rez-Qui\u00f1ones anunci\u00f3 p\u00fablicamente que la Junta de Castilla y Le\u00f3n asumir\u00eda la reparaci\u00f3n de las piscinas \u201ccostase lo que costase\u201d, un compromiso que, seg\u00fan Ram\u00f3n, \u201cse ha incumplido\u201d. \u201cPrimero propusieron hacerlo a trav\u00e9s del Somacyl, que financiaba la obra y luego hay que devolv\u00e9rsela con intereses\u201d.<\/p>\n\n\n\n<p>Ahora, el Alcalde Morala presenta una nueva f\u00f3rmula de financiaci\u00f3n compartida con la Junta, mediante un convenio que prev\u00e9 un mill\u00f3n de euros de aportaci\u00f3n auton\u00f3mica y el resto con cargo al Ayuntamiento, pagadero en cinco a\u00f1os. \u201cEst\u00e1n vendiendo una operaci\u00f3n que dicen que no cuesta nada al Ayuntamiento, pero los documentos que van al Pleno dejan claro que s\u00ed: el Consistorio asumir\u00e1 m\u00e1s de 200.000 euros anuales a partir del segundo a\u00f1o\u201d, advirti\u00f3 Ram\u00f3n.<\/p>\n\n\n\n<p>El PSOE sostiene que con el mill\u00f3n de euros comprometido por la Junta se podr\u00eda acometer la reparaci\u00f3n integral necesaria para reabrir las piscinas. \u201cSi el Partido Socialista siguiera gobernando, las piscinas ya estar\u00edan abiertas. La situaci\u00f3n actual es responsabilidad exclusiva del equipo de gobierno, que lleva casi tres a\u00f1os con las instalaciones cerradas\u201d, subray\u00f3.<\/p>\n\n\n\n<p>Por \u00faltimo, recalc\u00f3 que con el dinero disponible, el gobierno municipal deber\u00eda ejecutar ya las obras y abrir las piscinas cuanto antes\u201d.<\/p>\n\n\n\n<figure class=\"wp-block-image size-large\"><img loading=\"lazy\" decoding=\"async\" width=\"1024\" height=\"768\" src=\"https:\/\/agrupacionespsoe.es\/ponferrada\/wp-content\/uploads\/sites\/36\/2025\/10\/WhatsApp-Image-2025-10-30-at-12.43.43-1-1024x768.jpeg\" alt=\"\" class=\"wp-image-1230\" srcset=\"https:\/\/agrupacionespsoe.es\/ponferrada\/wp-content\/uploads\/sites\/36\/2025\/10\/WhatsApp-Image-2025-10-30-at-12.43.43-1-1024x768.jpeg 1024w, https:\/\/agrupacionespsoe.es\/ponferrada\/wp-content\/uploads\/sites\/36\/2025\/10\/WhatsApp-Image-2025-10-30-at-12.43.43-1-300x225.jpeg 300w, https:\/\/agrupacionespsoe.es\/ponferrada\/wp-content\/uploads\/sites\/36\/2025\/10\/WhatsApp-Image-2025-10-30-at-12.43.43-1-768x576.jpeg 768w, https:\/\/agrupacionespsoe.es\/ponferrada\/wp-content\/uploads\/sites\/36\/2025\/10\/WhatsApp-Image-2025-10-30-at-12.43.43-1-1536x1152.jpeg 1536w, https:\/\/agrupacionespsoe.es\/ponferrada\/wp-content\/uploads\/sites\/36\/2025\/10\/WhatsApp-Image-2025-10-30-at-12.43.43-1.jpeg 1600w\" sizes=\"auto, (max-width: 1024px) 100vw, 1024px\" \/><\/figure>\n","protected":false},"excerpt":{"rendered":"<p>El portavoz del Grupo Municipal Socialista, Olegario Ram\u00f3n, ha criticado esta ma\u00f1ana la actitud del alcalde y del equipo de gobierno por su \u201cfalta de di\u00e1logo\u201d y su \u201carrogancia\u201d a la hora de abordar la reparaci\u00f3n de las piscinas municipales del complejo deportivo Lydia Valent\u00edn. Ram\u00f3n ha lamentado que el consistorio \u201cno haya mantenido ninguna &#8230;<\/p>\n","protected":false},"author":32,"featured_media":1231,"comment_status":"open","ping_status":"open","sticky":false,"template":"","format":"standard","meta":{"_jetpack_memberships_contains_paid_content":false,"footnotes":""},"categories":[6],"tags":[],"class_list":["post-1229","post","type-post","status-publish","format-standard","has-post-thumbnail","hentry","category-actualidad"],"yoast_head":"<!-- This site is optimized with the Yoast SEO plugin v24.0 - https:\/\/yoast.com\/wordpress\/plugins\/seo\/ -->\n<title>El PSOE critica la falta de di\u00e1logo y la arrogancia del Alcalde y exige la inmediata reparaci\u00f3n de las piscinas climatizadas del complejo Lydia Valent\u00edn - Agrupaci\u00f3n Socialista de Ponferrada<\/title>\n<meta name=\"robots\" content=\"index, follow, max-snippet:-1, max-image-preview:large, max-video-preview:-1\" \/>\n<link rel=\"canonical\" href=\"https:\/\/agrupacionespsoe.es\/ponferrada\/el-psoe-critica-la-falta-de-dialogo-y-la-arrogancia-del-alcalde-y-exige-la-inmediata-reparacion-de-las-piscinas-climatizadas-del-complejo-lydia-valentin\/\" \/>\n<meta property=\"og:locale\" content=\"es_ES\" \/>\n<meta property=\"og:type\" content=\"article\" \/>\n<meta property=\"og:title\" content=\"El PSOE critica la falta de di\u00e1logo y la arrogancia del Alcalde y exige la inmediata reparaci\u00f3n de las piscinas climatizadas del complejo Lydia Valent\u00edn - Agrupaci\u00f3n Socialista de Ponferrada\" \/>\n<meta property=\"og:description\" content=\"El portavoz del Grupo Municipal Socialista, Olegario Ram\u00f3n, ha criticado esta ma\u00f1ana la actitud del alcalde y del equipo de gobierno por su \u201cfalta de di\u00e1logo\u201d y su \u201carrogancia\u201d a la hora de abordar la reparaci\u00f3n de las piscinas municipales del complejo deportivo Lydia Valent\u00edn. Ram\u00f3n ha lamentado que el consistorio \u201cno haya mantenido ninguna ...\" \/>\n<meta property=\"og:url\" content=\"https:\/\/agrupacionespsoe.es\/ponferrada\/el-psoe-critica-la-falta-de-dialogo-y-la-arrogancia-del-alcalde-y-exige-la-inmediata-reparacion-de-las-piscinas-climatizadas-del-complejo-lydia-valentin\/\" \/>\n<meta property=\"og:site_name\" content=\"Agrupaci\u00f3n Socialista de Ponferrada\" \/>\n<meta property=\"article:published_time\" content=\"2025-10-30T11:46:27+00:00\" \/>\n<meta property=\"article:modified_time\" content=\"2025-10-30T11:46:28+00:00\" \/>\n<meta property=\"og:image\" content=\"https:\/\/agrupacionespsoe.es\/ponferrada\/wp-content\/uploads\/sites\/36\/2025\/10\/WhatsApp-Image-2025-10-30-at-12.43.43.jpeg\" \/>\n\t<meta property=\"og:image:width\" content=\"1600\" \/>\n\t<meta property=\"og:image:height\" content=\"1200\" \/>\n\t<meta property=\"og:image:type\" content=\"image\/jpeg\" \/>\n<meta name=\"author\" content=\"ponferrada2\" \/>\n<meta name=\"twitter:card\" content=\"summary_large_image\" \/>\n<meta name=\"twitter:label1\" content=\"Escrito por\" \/>\n\t<meta name=\"twitter:data1\" content=\"ponferrada2\" \/>\n\t<meta name=\"twitter:label2\" content=\"Tiempo de lectura\" \/>\n\t<meta name=\"twitter:data2\" content=\"3 minutos\" \/>\n<script type=\"application\/ld+json\" class=\"yoast-schema-graph\">{\"@context\":\"https:\/\/schema.org\",\"@graph\":[{\"@type\":\"Article\",\"@id\":\"https:\/\/agrupacionespsoe.es\/ponferrada\/el-psoe-critica-la-falta-de-dialogo-y-la-arrogancia-del-alcalde-y-exige-la-inmediata-reparacion-de-las-piscinas-climatizadas-del-complejo-lydia-valentin\/#article\",\"isPartOf\":{\"@id\":\"https:\/\/agrupacionespsoe.es\/ponferrada\/el-psoe-critica-la-falta-de-dialogo-y-la-arrogancia-del-alcalde-y-exige-la-inmediata-reparacion-de-las-piscinas-climatizadas-del-complejo-lydia-valentin\/\"},\"author\":{\"name\":\"ponferrada2\",\"@id\":\"https:\/\/agrupacionespsoe.es\/ponferrada\/#\/schema\/person\/cd29ee627f3b70c05d415f02596debaa\"},\"headline\":\"El PSOE critica la falta de di\u00e1logo y la arrogancia del Alcalde y exige la inmediata reparaci\u00f3n de las piscinas climatizadas del complejo Lydia Valent\u00edn\",\"datePublished\":\"2025-10-30T11:46:27+00:00\",\"dateModified\":\"2025-10-30T11:46:28+00:00\",\"mainEntityOfPage\":{\"@id\":\"https:\/\/agrupacionespsoe.es\/ponferrada\/el-psoe-critica-la-falta-de-dialogo-y-la-arrogancia-del-alcalde-y-exige-la-inmediata-reparacion-de-las-piscinas-climatizadas-del-complejo-lydia-valentin\/\"},\"wordCount\":525,\"commentCount\":0,\"publisher\":{\"@id\":\"https:\/\/agrupacionespsoe.es\/ponferrada\/#organization\"},\"image\":{\"@id\":\"https:\/\/agrupacionespsoe.es\/ponferrada\/el-psoe-critica-la-falta-de-dialogo-y-la-arrogancia-del-alcalde-y-exige-la-inmediata-reparacion-de-las-piscinas-climatizadas-del-complejo-lydia-valentin\/#primaryimage\"},\"thumbnailUrl\":\"https:\/\/agrupacionespsoe.es\/ponferrada\/wp-content\/uploads\/sites\/36\/2025\/10\/WhatsApp-Image-2025-10-30-at-12.43.43.jpeg\",\"articleSection\":[\"ACTUALIDAD\"],\"inLanguage\":\"es\",\"potentialAction\":[{\"@type\":\"CommentAction\",\"name\":\"Comment\",\"target\":[\"https:\/\/agrupacionespsoe.es\/ponferrada\/el-psoe-critica-la-falta-de-dialogo-y-la-arrogancia-del-alcalde-y-exige-la-inmediata-reparacion-de-las-piscinas-climatizadas-del-complejo-lydia-valentin\/#respond\"]}]},{\"@type\":\"WebPage\",\"@id\":\"https:\/\/agrupacionespsoe.es\/ponferrada\/el-psoe-critica-la-falta-de-dialogo-y-la-arrogancia-del-alcalde-y-exige-la-inmediata-reparacion-de-las-piscinas-climatizadas-del-complejo-lydia-valentin\/\",\"url\":\"https:\/\/agrupacionespsoe.es\/ponferrada\/el-psoe-critica-la-falta-de-dialogo-y-la-arrogancia-del-alcalde-y-exige-la-inmediata-reparacion-de-las-piscinas-climatizadas-del-complejo-lydia-valentin\/\",\"name\":\"El PSOE critica la falta de di\u00e1logo y la arrogancia del Alcalde y exige la inmediata reparaci\u00f3n de las piscinas climatizadas del complejo Lydia Valent\u00edn - Agrupaci\u00f3n Socialista de Ponferrada\",\"isPartOf\":{\"@id\":\"https:\/\/agrupacionespsoe.es\/ponferrada\/#website\"},\"primaryImageOfPage\":{\"@id\":\"https:\/\/agrupacionespsoe.es\/ponferrada\/el-psoe-critica-la-falta-de-dialogo-y-la-arrogancia-del-alcalde-y-exige-la-inmediata-reparacion-de-las-piscinas-climatizadas-del-complejo-lydia-valentin\/#primaryimage\"},\"image\":{\"@id\":\"https:\/\/agrupacionespsoe.es\/ponferrada\/el-psoe-critica-la-falta-de-dialogo-y-la-arrogancia-del-alcalde-y-exige-la-inmediata-reparacion-de-las-piscinas-climatizadas-del-complejo-lydia-valentin\/#primaryimage\"},\"thumbnailUrl\":\"https:\/\/agrupacionespsoe.es\/ponferrada\/wp-content\/uploads\/sites\/36\/2025\/10\/WhatsApp-Image-2025-10-30-at-12.43.43.jpeg\",\"datePublished\":\"2025-10-30T11:46:27+00:00\",\"dateModified\":\"2025-10-30T11:46:28+00:00\",\"breadcrumb\":{\"@id\":\"https:\/\/agrupacionespsoe.es\/ponferrada\/el-psoe-critica-la-falta-de-dialogo-y-la-arrogancia-del-alcalde-y-exige-la-inmediata-reparacion-de-las-piscinas-climatizadas-del-complejo-lydia-valentin\/#breadcrumb\"},\"inLanguage\":\"es\",\"potentialAction\":[{\"@type\":\"ReadAction\",\"target\":[\"https:\/\/agrupacionespsoe.es\/ponferrada\/el-psoe-critica-la-falta-de-dialogo-y-la-arrogancia-del-alcalde-y-exige-la-inmediata-reparacion-de-las-piscinas-climatizadas-del-complejo-lydia-valentin\/\"]}]},{\"@type\":\"ImageObject\",\"inLanguage\":\"es\",\"@id\":\"https:\/\/agrupacionespsoe.es\/ponferrada\/el-psoe-critica-la-falta-de-dialogo-y-la-arrogancia-del-alcalde-y-exige-la-inmediata-reparacion-de-las-piscinas-climatizadas-del-complejo-lydia-valentin\/#primaryimage\",\"url\":\"https:\/\/agrupacionespsoe.es\/ponferrada\/wp-content\/uploads\/sites\/36\/2025\/10\/WhatsApp-Image-2025-10-30-at-12.43.43.jpeg\",\"contentUrl\":\"https:\/\/agrupacionespsoe.es\/ponferrada\/wp-content\/uploads\/sites\/36\/2025\/10\/WhatsApp-Image-2025-10-30-at-12.43.43.jpeg\",\"width\":1600,\"height\":1200},{\"@type\":\"BreadcrumbList\",\"@id\":\"https:\/\/agrupacionespsoe.es\/ponferrada\/el-psoe-critica-la-falta-de-dialogo-y-la-arrogancia-del-alcalde-y-exige-la-inmediata-reparacion-de-las-piscinas-climatizadas-del-complejo-lydia-valentin\/#breadcrumb\",\"itemListElement\":[{\"@type\":\"ListItem\",\"position\":1,\"name\":\"Portada\",\"item\":\"https:\/\/agrupacionespsoe.es\/ponferrada\/\"},{\"@type\":\"ListItem\",\"position\":2,\"name\":\"El PSOE critica la falta de di\u00e1logo y la arrogancia del Alcalde y exige la inmediata reparaci\u00f3n de las piscinas climatizadas del complejo Lydia Valent\u00edn\"}]},{\"@type\":\"WebSite\",\"@id\":\"https:\/\/agrupacionespsoe.es\/ponferrada\/#website\",\"url\":\"https:\/\/agrupacionespsoe.es\/ponferrada\/\",\"name\":\"Agrupaci\u00f3n Socialista de Ponferrada\",\"description\":\"Agrupaci\u00f3n Socialista de Ponferrada\",\"publisher\":{\"@id\":\"https:\/\/agrupacionespsoe.es\/ponferrada\/#organization\"},\"potentialAction\":[{\"@type\":\"SearchAction\",\"target\":{\"@type\":\"EntryPoint\",\"urlTemplate\":\"https:\/\/agrupacionespsoe.es\/ponferrada\/?s={search_term_string}\"},\"query-input\":{\"@type\":\"PropertyValueSpecification\",\"valueRequired\":true,\"valueName\":\"search_term_string\"}}],\"inLanguage\":\"es\"},{\"@type\":\"Organization\",\"@id\":\"https:\/\/agrupacionespsoe.es\/ponferrada\/#organization\",\"name\":\"Agrupaci\u00f3n Socialista de Ponferrada\",\"url\":\"https:\/\/agrupacionespsoe.es\/ponferrada\/\",\"logo\":{\"@type\":\"ImageObject\",\"inLanguage\":\"es\",\"@id\":\"https:\/\/agrupacionespsoe.es\/ponferrada\/#\/schema\/logo\/image\/\",\"url\":\"https:\/\/agrupacionespsoe.es\/wp-content\/uploads\/2022\/07\/Logotipo_electoral_del_PSOE.png\",\"contentUrl\":\"https:\/\/agrupacionespsoe.es\/wp-content\/uploads\/2022\/07\/Logotipo_electoral_del_PSOE.png\",\"width\":422,\"height\":422,\"caption\":\"Agrupaci\u00f3n Socialista de Ponferrada\"},\"image\":{\"@id\":\"https:\/\/agrupacionespsoe.es\/ponferrada\/#\/schema\/logo\/image\/\"}},{\"@type\":\"Person\",\"@id\":\"https:\/\/agrupacionespsoe.es\/ponferrada\/#\/schema\/person\/cd29ee627f3b70c05d415f02596debaa\",\"name\":\"ponferrada2\",\"image\":{\"@type\":\"ImageObject\",\"inLanguage\":\"es\",\"@id\":\"https:\/\/agrupacionespsoe.es\/ponferrada\/#\/schema\/person\/image\/\",\"url\":\"https:\/\/secure.gravatar.com\/avatar\/f499eeb60144c664cf7b7edf75549b50?s=96&d=mm&r=g\",\"contentUrl\":\"https:\/\/secure.gravatar.com\/avatar\/f499eeb60144c664cf7b7edf75549b50?s=96&d=mm&r=g\",\"caption\":\"ponferrada2\"},\"url\":\"https:\/\/agrupacionespsoe.es\/ponferrada\/author\/ponferrada2\/\"}]}<\/script>\n<!-- \/ Yoast SEO plugin. -->","yoast_head_json":{"title":"El PSOE critica la falta de di\u00e1logo y la arrogancia del Alcalde y exige la inmediata reparaci\u00f3n de las piscinas climatizadas del complejo Lydia Valent\u00edn - Agrupaci\u00f3n Socialista de Ponferrada","robots":{"index":"index","follow":"follow","max-snippet":"max-snippet:-1","max-image-preview":"max-image-preview:large","max-video-preview":"max-video-preview:-1"},"canonical":"https:\/\/agrupacionespsoe.es\/ponferrada\/el-psoe-critica-la-falta-de-dialogo-y-la-arrogancia-del-alcalde-y-exige-la-inmediata-reparacion-de-las-piscinas-climatizadas-del-complejo-lydia-valentin\/","og_locale":"es_ES","og_type":"article","og_title":"El PSOE critica la falta de di\u00e1logo y la arrogancia del Alcalde y exige la inmediata reparaci\u00f3n de las piscinas climatizadas del complejo Lydia Valent\u00edn - Agrupaci\u00f3n Socialista de Ponferrada","og_description":"El portavoz del Grupo Municipal Socialista, Olegario Ram\u00f3n, ha criticado esta ma\u00f1ana la actitud del alcalde y del equipo de gobierno por su \u201cfalta de di\u00e1logo\u201d y su \u201carrogancia\u201d a la hora de abordar la reparaci\u00f3n de las piscinas municipales del complejo deportivo Lydia Valent\u00edn. Ram\u00f3n ha lamentado que el consistorio \u201cno haya mantenido ninguna ...","og_url":"https:\/\/agrupacionespsoe.es\/ponferrada\/el-psoe-critica-la-falta-de-dialogo-y-la-arrogancia-del-alcalde-y-exige-la-inmediata-reparacion-de-las-piscinas-climatizadas-del-complejo-lydia-valentin\/","og_site_name":"Agrupaci\u00f3n Socialista de Ponferrada","article_published_time":"2025-10-30T11:46:27+00:00","article_modified_time":"2025-10-30T11:46:28+00:00","og_image":[{"width":1600,"height":1200,"url":"https:\/\/agrupacionespsoe.es\/ponferrada\/wp-content\/uploads\/sites\/36\/2025\/10\/WhatsApp-Image-2025-10-30-at-12.43.43.jpeg","type":"image\/jpeg"}],"author":"ponferrada2","twitter_card":"summary_large_image","twitter_misc":{"Escrito por":"ponferrada2","Tiempo de lectura":"3 minutos"},"schema":{"@context":"https:\/\/schema.org","@graph":[{"@type":"Article","@id":"https:\/\/agrupacionespsoe.es\/ponferrada\/el-psoe-critica-la-falta-de-dialogo-y-la-arrogancia-del-alcalde-y-exige-la-inmediata-reparacion-de-las-piscinas-climatizadas-del-complejo-lydia-valentin\/#article","isPartOf":{"@id":"https:\/\/agrupacionespsoe.es\/ponferrada\/el-psoe-critica-la-falta-de-dialogo-y-la-arrogancia-del-alcalde-y-exige-la-inmediata-reparacion-de-las-piscinas-climatizadas-del-complejo-lydia-valentin\/"},"author":{"name":"ponferrada2","@id":"https:\/\/agrupacionespsoe.es\/ponferrada\/#\/schema\/person\/cd29ee627f3b70c05d415f02596debaa"},"headline":"El PSOE critica la falta de di\u00e1logo y la arrogancia del Alcalde y exige la inmediata reparaci\u00f3n de las piscinas climatizadas del complejo Lydia Valent\u00edn","datePublished":"2025-10-30T11:46:27+00:00","dateModified":"2025-10-30T11:46:28+00:00","mainEntityOfPage":{"@id":"https:\/\/agrupacionespsoe.es\/ponferrada\/el-psoe-critica-la-falta-de-dialogo-y-la-arrogancia-del-alcalde-y-exige-la-inmediata-reparacion-de-las-piscinas-climatizadas-del-complejo-lydia-valentin\/"},"wordCount":525,"commentCount":0,"publisher":{"@id":"https:\/\/agrupacionespsoe.es\/ponferrada\/#organization"},"image":{"@id":"https:\/\/agrupacionespsoe.es\/ponferrada\/el-psoe-critica-la-falta-de-dialogo-y-la-arrogancia-del-alcalde-y-exige-la-inmediata-reparacion-de-las-piscinas-climatizadas-del-complejo-lydia-valentin\/#primaryimage"},"thumbnailUrl":"https:\/\/agrupacionespsoe.es\/ponferrada\/wp-content\/uploads\/sites\/36\/2025\/10\/WhatsApp-Image-2025-10-30-at-12.43.43.jpeg","articleSection":["ACTUALIDAD"],"inLanguage":"es","potentialAction":[{"@type":"CommentAction","name":"Comment","target":["https:\/\/agrupacionespsoe.es\/ponferrada\/el-psoe-critica-la-falta-de-dialogo-y-la-arrogancia-del-alcalde-y-exige-la-inmediata-reparacion-de-las-piscinas-climatizadas-del-complejo-lydia-valentin\/#respond"]}]},{"@type":"WebPage","@id":"https:\/\/agrupacionespsoe.es\/ponferrada\/el-psoe-critica-la-falta-de-dialogo-y-la-arrogancia-del-alcalde-y-exige-la-inmediata-reparacion-de-las-piscinas-climatizadas-del-complejo-lydia-valentin\/","url":"https:\/\/agrupacionespsoe.es\/ponferrada\/el-psoe-critica-la-falta-de-dialogo-y-la-arrogancia-del-alcalde-y-exige-la-inmediata-reparacion-de-las-piscinas-climatizadas-del-complejo-lydia-valentin\/","name":"El PSOE critica la falta de di\u00e1logo y la arrogancia del Alcalde y exige la inmediata reparaci\u00f3n de las piscinas climatizadas del complejo Lydia Valent\u00edn - Agrupaci\u00f3n Socialista de Ponferrada","isPartOf":{"@id":"https:\/\/agrupacionespsoe.es\/ponferrada\/#website"},"primaryImageOfPage":{"@id":"https:\/\/agrupacionespsoe.es\/ponferrada\/el-psoe-critica-la-falta-de-dialogo-y-la-arrogancia-del-alcalde-y-exige-la-inmediata-reparacion-de-las-piscinas-climatizadas-del-complejo-lydia-valentin\/#primaryimage"},"image":{"@id":"https:\/\/agrupacionespsoe.es\/ponferrada\/el-psoe-critica-la-falta-de-dialogo-y-la-arrogancia-del-alcalde-y-exige-la-inmediata-reparacion-de-las-piscinas-climatizadas-del-complejo-lydia-valentin\/#primaryimage"},"thumbnailUrl":"https:\/\/agrupacionespsoe.es\/ponferrada\/wp-content\/uploads\/sites\/36\/2025\/10\/WhatsApp-Image-2025-10-30-at-12.43.43.jpeg","datePublished":"2025-10-30T11:46:27+00:00","dateModified":"2025-10-30T11:46:28+00:00","breadcrumb":{"@id":"https:\/\/agrupacionespsoe.es\/ponferrada\/el-psoe-critica-la-falta-de-dialogo-y-la-arrogancia-del-alcalde-y-exige-la-inmediata-reparacion-de-las-piscinas-climatizadas-del-complejo-lydia-valentin\/#breadcrumb"},"inLanguage":"es","potentialAction":[{"@type":"ReadAction","target":["https:\/\/agrupacionespsoe.es\/ponferrada\/el-psoe-critica-la-falta-de-dialogo-y-la-arrogancia-del-alcalde-y-exige-la-inmediata-reparacion-de-las-piscinas-climatizadas-del-complejo-lydia-valentin\/"]}]},{"@type":"ImageObject","inLanguage":"es","@id":"https:\/\/agrupacionespsoe.es\/ponferrada\/el-psoe-critica-la-falta-de-dialogo-y-la-arrogancia-del-alcalde-y-exige-la-inmediata-reparacion-de-las-piscinas-climatizadas-del-complejo-lydia-valentin\/#primaryimage","url":"https:\/\/agrupacionespsoe.es\/ponferrada\/wp-content\/uploads\/sites\/36\/2025\/10\/WhatsApp-Image-2025-10-30-at-12.43.43.jpeg","contentUrl":"https:\/\/agrupacionespsoe.es\/ponferrada\/wp-content\/uploads\/sites\/36\/2025\/10\/WhatsApp-Image-2025-10-30-at-12.43.43.jpeg","width":1600,"height":1200},{"@type":"BreadcrumbList","@id":"https:\/\/agrupacionespsoe.es\/ponferrada\/el-psoe-critica-la-falta-de-dialogo-y-la-arrogancia-del-alcalde-y-exige-la-inmediata-reparacion-de-las-piscinas-climatizadas-del-complejo-lydia-valentin\/#breadcrumb","itemListElement":[{"@type":"ListItem","position":1,"name":"Portada","item":"https:\/\/agrupacionespsoe.es\/ponferrada\/"},{"@type":"ListItem","position":2,"name":"El PSOE critica la falta de di\u00e1logo y la arrogancia del Alcalde y exige la inmediata reparaci\u00f3n de las piscinas climatizadas del complejo Lydia Valent\u00edn"}]},{"@type":"WebSite","@id":"https:\/\/agrupacionespsoe.es\/ponferrada\/#website","url":"https:\/\/agrupacionespsoe.es\/ponferrada\/","name":"Agrupaci\u00f3n Socialista de Ponferrada","description":"Agrupaci\u00f3n Socialista de Ponferrada","publisher":{"@id":"https:\/\/agrupacionespsoe.es\/ponferrada\/#organization"},"potentialAction":[{"@type":"SearchAction","target":{"@type":"EntryPoint","urlTemplate":"https:\/\/agrupacionespsoe.es\/ponferrada\/?s={search_term_string}"},"query-input":{"@type":"PropertyValueSpecification","valueRequired":true,"valueName":"search_term_string"}}],"inLanguage":"es"},{"@type":"Organization","@id":"https:\/\/agrupacionespsoe.es\/ponferrada\/#organization","name":"Agrupaci\u00f3n Socialista de Ponferrada","url":"https:\/\/agrupacionespsoe.es\/ponferrada\/","logo":{"@type":"ImageObject","inLanguage":"es","@id":"https:\/\/agrupacionespsoe.es\/ponferrada\/#\/schema\/logo\/image\/","url":"https:\/\/agrupacionespsoe.es\/wp-content\/uploads\/2022\/07\/Logotipo_electoral_del_PSOE.png","contentUrl":"https:\/\/agrupacionespsoe.es\/wp-content\/uploads\/2022\/07\/Logotipo_electoral_del_PSOE.png","width":422,"height":422,"caption":"Agrupaci\u00f3n Socialista de Ponferrada"},"image":{"@id":"https:\/\/agrupacionespsoe.es\/ponferrada\/#\/schema\/logo\/image\/"}},{"@type":"Person","@id":"https:\/\/agrupacionespsoe.es\/ponferrada\/#\/schema\/person\/cd29ee627f3b70c05d415f02596debaa","name":"ponferrada2","image":{"@type":"ImageObject","inLanguage":"es","@id":"https:\/\/agrupacionespsoe.es\/ponferrada\/#\/schema\/person\/image\/","url":"https:\/\/secure.gravatar.com\/avatar\/f499eeb60144c664cf7b7edf75549b50?s=96&d=mm&r=g","contentUrl":"https:\/\/secure.gravatar.com\/avatar\/f499eeb60144c664cf7b7edf75549b50?s=96&d=mm&r=g","caption":"ponferrada2"},"url":"https:\/\/agrupacionespsoe.es\/ponferrada\/author\/ponferrada2\/"}]}},"jetpack_featured_media_url":"https:\/\/agrupacionespsoe.es\/ponferrada\/wp-content\/uploads\/sites\/36\/2025\/10\/WhatsApp-Image-2025-10-30-at-12.43.43.jpeg","jetpack_sharing_enabled":true,"_links":{"self":[{"href":"https:\/\/agrupacionespsoe.es\/ponferrada\/wp-json\/wp\/v2\/posts\/1229","targetHints":{"allow":["GET"]}}],"collection":[{"href":"https:\/\/agrupacionespsoe.es\/ponferrada\/wp-json\/wp\/v2\/posts"}],"about":[{"href":"https:\/\/agrupacionespsoe.es\/ponferrada\/wp-json\/wp\/v2\/types\/post"}],"author":[{"embeddable":true,"href":"https:\/\/agrupacionespsoe.es\/ponferrada\/wp-json\/wp\/v2\/users\/32"}],"replies":[{"embeddable":true,"href":"https:\/\/agrupacionespsoe.es\/ponferrada\/wp-json\/wp\/v2\/comments?post=1229"}],"version-history":[{"count":2,"href":"https:\/\/agrupacionespsoe.es\/ponferrada\/wp-json\/wp\/v2\/posts\/1229\/revisions"}],"predecessor-version":[{"id":1233,"href":"https:\/\/agrupacionespsoe.es\/ponferrada\/wp-json\/wp\/v2\/posts\/1229\/revisions\/1233"}],"wp:featuredmedia":[{"embeddable":true,"href":"https:\/\/agrupacionespsoe.es\/ponferrada\/wp-json\/wp\/v2\/media\/1231"}],"wp:attachment":[{"href":"https:\/\/agrupacionespsoe.es\/ponferrada\/wp-json\/wp\/v2\/media?parent=1229"}],"wp:term":[{"taxonomy":"category","embeddable":true,"href":"https:\/\/agrupacionespsoe.es\/ponferrada\/wp-json\/wp\/v2\/categories?post=1229"},{"taxonomy":"post_tag","embeddable":true,"href":"https:\/\/agrupacionespsoe.es\/ponferrada\/wp-json\/wp\/v2\/tags?post=1229"}],"curies":[{"name":"wp","href":"https:\/\/api.w.org\/{rel}","templated":true}]}}