{"id":1222,"date":"2025-10-27T12:44:03","date_gmt":"2025-10-27T12:44:03","guid":{"rendered":"https:\/\/agrupacionespsoe.es\/ponferrada\/?p=1222"},"modified":"2025-10-27T12:44:04","modified_gmt":"2025-10-27T12:44:04","slug":"la-biblioteca-infinita-un-proyecto-vacio-que-enterro-al-salibrin","status":"publish","type":"post","link":"https:\/\/agrupacionespsoe.es\/ponferrada\/la-biblioteca-infinita-un-proyecto-vacio-que-enterro-al-salibrin\/","title":{"rendered":"\u201cLa Biblioteca Infinita, un proyecto vac\u00edo que enterr\u00f3 al Salibr\u00edn\u201d"},"content":{"rendered":"\n<p>Cuando el alcalde de Ponferrada, Marco Morala, present\u00f3 con entusiasmo el proyecto Biblioteca Infinita el pasado mes de abril, lo hizo prometiendo \u201cuna nueva etapa de dinamizaci\u00f3n cultural y educativa\u201d que sustituir\u00eda al hist\u00f3rico Sal\u00f3n del Libro Infantil (Salibr\u00edn). Aquella iniciativa, que durante m\u00e1s de dos d\u00e9cadas fue un referente entre los colegios y un aut\u00e9ntico motor de animaci\u00f3n lectora en la ciudad, se daba por concluida para dar paso a un supuesto formato \u201cm\u00e1s moderno y continuo\u201d.<\/p>\n\n\n\n<p>La concejala del PSOE, Judit Lama se\u00f1ala que seis meses despu\u00e9s, la realidad es bien distinta: Biblioteca Infinita ha quedado en un anuncio vac\u00edo.<\/p>\n\n\n\n<p>Judit Lama ha querido se\u00f1alar que el Salibr\u00edn era mucho m\u00e1s que una cita anual con los libros: era un acontecimiento esperado por los colegios, un espacio de encuentro entre escritores, ilustradores, docentes y alumnos, y una fiesta de la lectura que situaba a Ponferrada en el mapa cultural de Castilla y Le\u00f3n.<\/p>\n\n\n\n<p>El Alcalde Morala ha enterrado un proyecto de referencia por un anuncio para colgarse una medalla, sin ninguna actividad. La gesti\u00f3n de la Concejal\u00eda de Cultura, en manos del propio alcalde Morala, evidencia una alarmante dejadez, se ha convertido en una concejal\u00eda sin referente pol\u00edtico que sale adelante por los m\u00e9ritos de t\u00e9cnicos y personal del \u00e1rea. Y este es un ejemplo, acaban con un proyecto consolidado, prometen un \u201cproyecto anual\u201d y han acabado haciendo nada.<\/p>\n\n\n\n<p>El resultado es que Ponferrada ha perdido uno de sus s\u00edmbolos culturales m\u00e1s esperados por los ni\u00f1os y ni\u00f1as, un proyecto con identidad propia que durante m\u00e1s de veinte a\u00f1os acerc\u00f3 la lectura a miles de ni\u00f1os, para cambiarlo por una Biblioteca Infinita que lejos de ser infinita, sino ef\u00edmera; una campa\u00f1a de escaparate que no ha dejado huella.<\/p>\n\n\n\n<figure class=\"wp-block-image size-large\"><img loading=\"lazy\" decoding=\"async\" width=\"1024\" height=\"763\" src=\"https:\/\/agrupacionespsoe.es\/ponferrada\/wp-content\/uploads\/sites\/36\/2025\/10\/Imagen-de-WhatsApp-2025-10-27-a-las-13.41.44_33cd1145-1024x763.jpg\" alt=\"\" class=\"wp-image-1223\" srcset=\"https:\/\/agrupacionespsoe.es\/ponferrada\/wp-content\/uploads\/sites\/36\/2025\/10\/Imagen-de-WhatsApp-2025-10-27-a-las-13.41.44_33cd1145-1024x763.jpg 1024w, https:\/\/agrupacionespsoe.es\/ponferrada\/wp-content\/uploads\/sites\/36\/2025\/10\/Imagen-de-WhatsApp-2025-10-27-a-las-13.41.44_33cd1145-300x223.jpg 300w, https:\/\/agrupacionespsoe.es\/ponferrada\/wp-content\/uploads\/sites\/36\/2025\/10\/Imagen-de-WhatsApp-2025-10-27-a-las-13.41.44_33cd1145-768x572.jpg 768w, https:\/\/agrupacionespsoe.es\/ponferrada\/wp-content\/uploads\/sites\/36\/2025\/10\/Imagen-de-WhatsApp-2025-10-27-a-las-13.41.44_33cd1145.jpg 1392w\" sizes=\"auto, (max-width: 1024px) 100vw, 1024px\" \/><\/figure>\n","protected":false},"excerpt":{"rendered":"<p>Cuando el alcalde de Ponferrada, Marco Morala, present\u00f3 con entusiasmo el proyecto Biblioteca Infinita el pasado mes de abril, lo hizo prometiendo \u201cuna nueva etapa de dinamizaci\u00f3n cultural y educativa\u201d que sustituir\u00eda al hist\u00f3rico Sal\u00f3n del Libro Infantil (Salibr\u00edn). Aquella iniciativa, que durante m\u00e1s de dos d\u00e9cadas fue un referente entre los colegios y un &#8230;<\/p>\n","protected":false},"author":32,"featured_media":1223,"comment_status":"open","ping_status":"open","sticky":false,"template":"","format":"standard","meta":{"_jetpack_memberships_contains_paid_content":false,"footnotes":""},"categories":[6],"tags":[],"class_list":["post-1222","post","type-post","status-publish","format-standard","has-post-thumbnail","hentry","category-actualidad"],"yoast_head":"<!-- This site is optimized with the Yoast SEO plugin v24.0 - https:\/\/yoast.com\/wordpress\/plugins\/seo\/ -->\n<title>\u201cLa Biblioteca Infinita, un proyecto vac\u00edo que enterr\u00f3 al Salibr\u00edn\u201d - Agrupaci\u00f3n Socialista de Ponferrada<\/title>\n<meta name=\"robots\" content=\"index, follow, max-snippet:-1, max-image-preview:large, max-video-preview:-1\" \/>\n<link rel=\"canonical\" href=\"https:\/\/agrupacionespsoe.es\/ponferrada\/la-biblioteca-infinita-un-proyecto-vacio-que-enterro-al-salibrin\/\" \/>\n<meta property=\"og:locale\" content=\"es_ES\" \/>\n<meta property=\"og:type\" content=\"article\" \/>\n<meta property=\"og:title\" content=\"\u201cLa Biblioteca Infinita, un proyecto vac\u00edo que enterr\u00f3 al Salibr\u00edn\u201d - Agrupaci\u00f3n Socialista de Ponferrada\" \/>\n<meta property=\"og:description\" content=\"Cuando el alcalde de Ponferrada, Marco Morala, present\u00f3 con entusiasmo el proyecto Biblioteca Infinita el pasado mes de abril, lo hizo prometiendo \u201cuna nueva etapa de dinamizaci\u00f3n cultural y educativa\u201d que sustituir\u00eda al hist\u00f3rico Sal\u00f3n del Libro Infantil (Salibr\u00edn). Aquella iniciativa, que durante m\u00e1s de dos d\u00e9cadas fue un referente entre los colegios y un ...\" \/>\n<meta property=\"og:url\" content=\"https:\/\/agrupacionespsoe.es\/ponferrada\/la-biblioteca-infinita-un-proyecto-vacio-que-enterro-al-salibrin\/\" \/>\n<meta property=\"og:site_name\" content=\"Agrupaci\u00f3n Socialista de Ponferrada\" \/>\n<meta property=\"article:published_time\" content=\"2025-10-27T12:44:03+00:00\" \/>\n<meta property=\"article:modified_time\" content=\"2025-10-27T12:44:04+00:00\" \/>\n<meta property=\"og:image\" content=\"https:\/\/agrupacionespsoe.es\/ponferrada\/wp-content\/uploads\/sites\/36\/2025\/10\/Imagen-de-WhatsApp-2025-10-27-a-las-13.41.44_33cd1145.jpg\" \/>\n\t<meta property=\"og:image:width\" content=\"1392\" \/>\n\t<meta property=\"og:image:height\" content=\"1037\" \/>\n\t<meta property=\"og:image:type\" content=\"image\/jpeg\" \/>\n<meta name=\"author\" content=\"ponferrada2\" \/>\n<meta name=\"twitter:card\" content=\"summary_large_image\" \/>\n<meta name=\"twitter:label1\" content=\"Escrito por\" \/>\n\t<meta name=\"twitter:data1\" content=\"ponferrada2\" \/>\n\t<meta name=\"twitter:label2\" content=\"Tiempo de lectura\" \/>\n\t<meta name=\"twitter:data2\" content=\"2 minutos\" \/>\n<script type=\"application\/ld+json\" class=\"yoast-schema-graph\">{\"@context\":\"https:\/\/schema.org\",\"@graph\":[{\"@type\":\"Article\",\"@id\":\"https:\/\/agrupacionespsoe.es\/ponferrada\/la-biblioteca-infinita-un-proyecto-vacio-que-enterro-al-salibrin\/#article\",\"isPartOf\":{\"@id\":\"https:\/\/agrupacionespsoe.es\/ponferrada\/la-biblioteca-infinita-un-proyecto-vacio-que-enterro-al-salibrin\/\"},\"author\":{\"name\":\"ponferrada2\",\"@id\":\"https:\/\/agrupacionespsoe.es\/ponferrada\/#\/schema\/person\/cd29ee627f3b70c05d415f02596debaa\"},\"headline\":\"\u201cLa Biblioteca Infinita, un proyecto vac\u00edo que enterr\u00f3 al Salibr\u00edn\u201d\",\"datePublished\":\"2025-10-27T12:44:03+00:00\",\"dateModified\":\"2025-10-27T12:44:04+00:00\",\"mainEntityOfPage\":{\"@id\":\"https:\/\/agrupacionespsoe.es\/ponferrada\/la-biblioteca-infinita-un-proyecto-vacio-que-enterro-al-salibrin\/\"},\"wordCount\":334,\"commentCount\":0,\"publisher\":{\"@id\":\"https:\/\/agrupacionespsoe.es\/ponferrada\/#organization\"},\"image\":{\"@id\":\"https:\/\/agrupacionespsoe.es\/ponferrada\/la-biblioteca-infinita-un-proyecto-vacio-que-enterro-al-salibrin\/#primaryimage\"},\"thumbnailUrl\":\"https:\/\/agrupacionespsoe.es\/ponferrada\/wp-content\/uploads\/sites\/36\/2025\/10\/Imagen-de-WhatsApp-2025-10-27-a-las-13.41.44_33cd1145.jpg\",\"articleSection\":[\"ACTUALIDAD\"],\"inLanguage\":\"es\",\"potentialAction\":[{\"@type\":\"CommentAction\",\"name\":\"Comment\",\"target\":[\"https:\/\/agrupacionespsoe.es\/ponferrada\/la-biblioteca-infinita-un-proyecto-vacio-que-enterro-al-salibrin\/#respond\"]}]},{\"@type\":\"WebPage\",\"@id\":\"https:\/\/agrupacionespsoe.es\/ponferrada\/la-biblioteca-infinita-un-proyecto-vacio-que-enterro-al-salibrin\/\",\"url\":\"https:\/\/agrupacionespsoe.es\/ponferrada\/la-biblioteca-infinita-un-proyecto-vacio-que-enterro-al-salibrin\/\",\"name\":\"\u201cLa Biblioteca Infinita, un proyecto vac\u00edo que enterr\u00f3 al Salibr\u00edn\u201d - Agrupaci\u00f3n Socialista de Ponferrada\",\"isPartOf\":{\"@id\":\"https:\/\/agrupacionespsoe.es\/ponferrada\/#website\"},\"primaryImageOfPage\":{\"@id\":\"https:\/\/agrupacionespsoe.es\/ponferrada\/la-biblioteca-infinita-un-proyecto-vacio-que-enterro-al-salibrin\/#primaryimage\"},\"image\":{\"@id\":\"https:\/\/agrupacionespsoe.es\/ponferrada\/la-biblioteca-infinita-un-proyecto-vacio-que-enterro-al-salibrin\/#primaryimage\"},\"thumbnailUrl\":\"https:\/\/agrupacionespsoe.es\/ponferrada\/wp-content\/uploads\/sites\/36\/2025\/10\/Imagen-de-WhatsApp-2025-10-27-a-las-13.41.44_33cd1145.jpg\",\"datePublished\":\"2025-10-27T12:44:03+00:00\",\"dateModified\":\"2025-10-27T12:44:04+00:00\",\"breadcrumb\":{\"@id\":\"https:\/\/agrupacionespsoe.es\/ponferrada\/la-biblioteca-infinita-un-proyecto-vacio-que-enterro-al-salibrin\/#breadcrumb\"},\"inLanguage\":\"es\",\"potentialAction\":[{\"@type\":\"ReadAction\",\"target\":[\"https:\/\/agrupacionespsoe.es\/ponferrada\/la-biblioteca-infinita-un-proyecto-vacio-que-enterro-al-salibrin\/\"]}]},{\"@type\":\"ImageObject\",\"inLanguage\":\"es\",\"@id\":\"https:\/\/agrupacionespsoe.es\/ponferrada\/la-biblioteca-infinita-un-proyecto-vacio-que-enterro-al-salibrin\/#primaryimage\",\"url\":\"https:\/\/agrupacionespsoe.es\/ponferrada\/wp-content\/uploads\/sites\/36\/2025\/10\/Imagen-de-WhatsApp-2025-10-27-a-las-13.41.44_33cd1145.jpg\",\"contentUrl\":\"https:\/\/agrupacionespsoe.es\/ponferrada\/wp-content\/uploads\/sites\/36\/2025\/10\/Imagen-de-WhatsApp-2025-10-27-a-las-13.41.44_33cd1145.jpg\",\"width\":1392,\"height\":1037},{\"@type\":\"BreadcrumbList\",\"@id\":\"https:\/\/agrupacionespsoe.es\/ponferrada\/la-biblioteca-infinita-un-proyecto-vacio-que-enterro-al-salibrin\/#breadcrumb\",\"itemListElement\":[{\"@type\":\"ListItem\",\"position\":1,\"name\":\"Portada\",\"item\":\"https:\/\/agrupacionespsoe.es\/ponferrada\/\"},{\"@type\":\"ListItem\",\"position\":2,\"name\":\"\u201cLa Biblioteca Infinita, un proyecto vac\u00edo que enterr\u00f3 al Salibr\u00edn\u201d\"}]},{\"@type\":\"WebSite\",\"@id\":\"https:\/\/agrupacionespsoe.es\/ponferrada\/#website\",\"url\":\"https:\/\/agrupacionespsoe.es\/ponferrada\/\",\"name\":\"Agrupaci\u00f3n Socialista de Ponferrada\",\"description\":\"Agrupaci\u00f3n Socialista de Ponferrada\",\"publisher\":{\"@id\":\"https:\/\/agrupacionespsoe.es\/ponferrada\/#organization\"},\"potentialAction\":[{\"@type\":\"SearchAction\",\"target\":{\"@type\":\"EntryPoint\",\"urlTemplate\":\"https:\/\/agrupacionespsoe.es\/ponferrada\/?s={search_term_string}\"},\"query-input\":{\"@type\":\"PropertyValueSpecification\",\"valueRequired\":true,\"valueName\":\"search_term_string\"}}],\"inLanguage\":\"es\"},{\"@type\":\"Organization\",\"@id\":\"https:\/\/agrupacionespsoe.es\/ponferrada\/#organization\",\"name\":\"Agrupaci\u00f3n Socialista de Ponferrada\",\"url\":\"https:\/\/agrupacionespsoe.es\/ponferrada\/\",\"logo\":{\"@type\":\"ImageObject\",\"inLanguage\":\"es\",\"@id\":\"https:\/\/agrupacionespsoe.es\/ponferrada\/#\/schema\/logo\/image\/\",\"url\":\"https:\/\/agrupacionespsoe.es\/wp-content\/uploads\/2022\/07\/Logotipo_electoral_del_PSOE.png\",\"contentUrl\":\"https:\/\/agrupacionespsoe.es\/wp-content\/uploads\/2022\/07\/Logotipo_electoral_del_PSOE.png\",\"width\":422,\"height\":422,\"caption\":\"Agrupaci\u00f3n Socialista de Ponferrada\"},\"image\":{\"@id\":\"https:\/\/agrupacionespsoe.es\/ponferrada\/#\/schema\/logo\/image\/\"}},{\"@type\":\"Person\",\"@id\":\"https:\/\/agrupacionespsoe.es\/ponferrada\/#\/schema\/person\/cd29ee627f3b70c05d415f02596debaa\",\"name\":\"ponferrada2\",\"image\":{\"@type\":\"ImageObject\",\"inLanguage\":\"es\",\"@id\":\"https:\/\/agrupacionespsoe.es\/ponferrada\/#\/schema\/person\/image\/\",\"url\":\"https:\/\/secure.gravatar.com\/avatar\/f499eeb60144c664cf7b7edf75549b50?s=96&d=mm&r=g\",\"contentUrl\":\"https:\/\/secure.gravatar.com\/avatar\/f499eeb60144c664cf7b7edf75549b50?s=96&d=mm&r=g\",\"caption\":\"ponferrada2\"},\"url\":\"https:\/\/agrupacionespsoe.es\/ponferrada\/author\/ponferrada2\/\"}]}<\/script>\n<!-- \/ Yoast SEO plugin. -->","yoast_head_json":{"title":"\u201cLa Biblioteca Infinita, un proyecto vac\u00edo que enterr\u00f3 al Salibr\u00edn\u201d - Agrupaci\u00f3n Socialista de Ponferrada","robots":{"index":"index","follow":"follow","max-snippet":"max-snippet:-1","max-image-preview":"max-image-preview:large","max-video-preview":"max-video-preview:-1"},"canonical":"https:\/\/agrupacionespsoe.es\/ponferrada\/la-biblioteca-infinita-un-proyecto-vacio-que-enterro-al-salibrin\/","og_locale":"es_ES","og_type":"article","og_title":"\u201cLa Biblioteca Infinita, un proyecto vac\u00edo que enterr\u00f3 al Salibr\u00edn\u201d - Agrupaci\u00f3n Socialista de Ponferrada","og_description":"Cuando el alcalde de Ponferrada, Marco Morala, present\u00f3 con entusiasmo el proyecto Biblioteca Infinita el pasado mes de abril, lo hizo prometiendo \u201cuna nueva etapa de dinamizaci\u00f3n cultural y educativa\u201d que sustituir\u00eda al hist\u00f3rico Sal\u00f3n del Libro Infantil (Salibr\u00edn). Aquella iniciativa, que durante m\u00e1s de dos d\u00e9cadas fue un referente entre los colegios y un ...","og_url":"https:\/\/agrupacionespsoe.es\/ponferrada\/la-biblioteca-infinita-un-proyecto-vacio-que-enterro-al-salibrin\/","og_site_name":"Agrupaci\u00f3n Socialista de Ponferrada","article_published_time":"2025-10-27T12:44:03+00:00","article_modified_time":"2025-10-27T12:44:04+00:00","og_image":[{"width":1392,"height":1037,"url":"https:\/\/agrupacionespsoe.es\/ponferrada\/wp-content\/uploads\/sites\/36\/2025\/10\/Imagen-de-WhatsApp-2025-10-27-a-las-13.41.44_33cd1145.jpg","type":"image\/jpeg"}],"author":"ponferrada2","twitter_card":"summary_large_image","twitter_misc":{"Escrito por":"ponferrada2","Tiempo de lectura":"2 minutos"},"schema":{"@context":"https:\/\/schema.org","@graph":[{"@type":"Article","@id":"https:\/\/agrupacionespsoe.es\/ponferrada\/la-biblioteca-infinita-un-proyecto-vacio-que-enterro-al-salibrin\/#article","isPartOf":{"@id":"https:\/\/agrupacionespsoe.es\/ponferrada\/la-biblioteca-infinita-un-proyecto-vacio-que-enterro-al-salibrin\/"},"author":{"name":"ponferrada2","@id":"https:\/\/agrupacionespsoe.es\/ponferrada\/#\/schema\/person\/cd29ee627f3b70c05d415f02596debaa"},"headline":"\u201cLa Biblioteca Infinita, un proyecto vac\u00edo que enterr\u00f3 al Salibr\u00edn\u201d","datePublished":"2025-10-27T12:44:03+00:00","dateModified":"2025-10-27T12:44:04+00:00","mainEntityOfPage":{"@id":"https:\/\/agrupacionespsoe.es\/ponferrada\/la-biblioteca-infinita-un-proyecto-vacio-que-enterro-al-salibrin\/"},"wordCount":334,"commentCount":0,"publisher":{"@id":"https:\/\/agrupacionespsoe.es\/ponferrada\/#organization"},"image":{"@id":"https:\/\/agrupacionespsoe.es\/ponferrada\/la-biblioteca-infinita-un-proyecto-vacio-que-enterro-al-salibrin\/#primaryimage"},"thumbnailUrl":"https:\/\/agrupacionespsoe.es\/ponferrada\/wp-content\/uploads\/sites\/36\/2025\/10\/Imagen-de-WhatsApp-2025-10-27-a-las-13.41.44_33cd1145.jpg","articleSection":["ACTUALIDAD"],"inLanguage":"es","potentialAction":[{"@type":"CommentAction","name":"Comment","target":["https:\/\/agrupacionespsoe.es\/ponferrada\/la-biblioteca-infinita-un-proyecto-vacio-que-enterro-al-salibrin\/#respond"]}]},{"@type":"WebPage","@id":"https:\/\/agrupacionespsoe.es\/ponferrada\/la-biblioteca-infinita-un-proyecto-vacio-que-enterro-al-salibrin\/","url":"https:\/\/agrupacionespsoe.es\/ponferrada\/la-biblioteca-infinita-un-proyecto-vacio-que-enterro-al-salibrin\/","name":"\u201cLa Biblioteca Infinita, un proyecto vac\u00edo que enterr\u00f3 al Salibr\u00edn\u201d - Agrupaci\u00f3n Socialista de Ponferrada","isPartOf":{"@id":"https:\/\/agrupacionespsoe.es\/ponferrada\/#website"},"primaryImageOfPage":{"@id":"https:\/\/agrupacionespsoe.es\/ponferrada\/la-biblioteca-infinita-un-proyecto-vacio-que-enterro-al-salibrin\/#primaryimage"},"image":{"@id":"https:\/\/agrupacionespsoe.es\/ponferrada\/la-biblioteca-infinita-un-proyecto-vacio-que-enterro-al-salibrin\/#primaryimage"},"thumbnailUrl":"https:\/\/agrupacionespsoe.es\/ponferrada\/wp-content\/uploads\/sites\/36\/2025\/10\/Imagen-de-WhatsApp-2025-10-27-a-las-13.41.44_33cd1145.jpg","datePublished":"2025-10-27T12:44:03+00:00","dateModified":"2025-10-27T12:44:04+00:00","breadcrumb":{"@id":"https:\/\/agrupacionespsoe.es\/ponferrada\/la-biblioteca-infinita-un-proyecto-vacio-que-enterro-al-salibrin\/#breadcrumb"},"inLanguage":"es","potentialAction":[{"@type":"ReadAction","target":["https:\/\/agrupacionespsoe.es\/ponferrada\/la-biblioteca-infinita-un-proyecto-vacio-que-enterro-al-salibrin\/"]}]},{"@type":"ImageObject","inLanguage":"es","@id":"https:\/\/agrupacionespsoe.es\/ponferrada\/la-biblioteca-infinita-un-proyecto-vacio-que-enterro-al-salibrin\/#primaryimage","url":"https:\/\/agrupacionespsoe.es\/ponferrada\/wp-content\/uploads\/sites\/36\/2025\/10\/Imagen-de-WhatsApp-2025-10-27-a-las-13.41.44_33cd1145.jpg","contentUrl":"https:\/\/agrupacionespsoe.es\/ponferrada\/wp-content\/uploads\/sites\/36\/2025\/10\/Imagen-de-WhatsApp-2025-10-27-a-las-13.41.44_33cd1145.jpg","width":1392,"height":1037},{"@type":"BreadcrumbList","@id":"https:\/\/agrupacionespsoe.es\/ponferrada\/la-biblioteca-infinita-un-proyecto-vacio-que-enterro-al-salibrin\/#breadcrumb","itemListElement":[{"@type":"ListItem","position":1,"name":"Portada","item":"https:\/\/agrupacionespsoe.es\/ponferrada\/"},{"@type":"ListItem","position":2,"name":"\u201cLa Biblioteca Infinita, un proyecto vac\u00edo que enterr\u00f3 al Salibr\u00edn\u201d"}]},{"@type":"WebSite","@id":"https:\/\/agrupacionespsoe.es\/ponferrada\/#website","url":"https:\/\/agrupacionespsoe.es\/ponferrada\/","name":"Agrupaci\u00f3n Socialista de Ponferrada","description":"Agrupaci\u00f3n Socialista de Ponferrada","publisher":{"@id":"https:\/\/agrupacionespsoe.es\/ponferrada\/#organization"},"potentialAction":[{"@type":"SearchAction","target":{"@type":"EntryPoint","urlTemplate":"https:\/\/agrupacionespsoe.es\/ponferrada\/?s={search_term_string}"},"query-input":{"@type":"PropertyValueSpecification","valueRequired":true,"valueName":"search_term_string"}}],"inLanguage":"es"},{"@type":"Organization","@id":"https:\/\/agrupacionespsoe.es\/ponferrada\/#organization","name":"Agrupaci\u00f3n Socialista de Ponferrada","url":"https:\/\/agrupacionespsoe.es\/ponferrada\/","logo":{"@type":"ImageObject","inLanguage":"es","@id":"https:\/\/agrupacionespsoe.es\/ponferrada\/#\/schema\/logo\/image\/","url":"https:\/\/agrupacionespsoe.es\/wp-content\/uploads\/2022\/07\/Logotipo_electoral_del_PSOE.png","contentUrl":"https:\/\/agrupacionespsoe.es\/wp-content\/uploads\/2022\/07\/Logotipo_electoral_del_PSOE.png","width":422,"height":422,"caption":"Agrupaci\u00f3n Socialista de Ponferrada"},"image":{"@id":"https:\/\/agrupacionespsoe.es\/ponferrada\/#\/schema\/logo\/image\/"}},{"@type":"Person","@id":"https:\/\/agrupacionespsoe.es\/ponferrada\/#\/schema\/person\/cd29ee627f3b70c05d415f02596debaa","name":"ponferrada2","image":{"@type":"ImageObject","inLanguage":"es","@id":"https:\/\/agrupacionespsoe.es\/ponferrada\/#\/schema\/person\/image\/","url":"https:\/\/secure.gravatar.com\/avatar\/f499eeb60144c664cf7b7edf75549b50?s=96&d=mm&r=g","contentUrl":"https:\/\/secure.gravatar.com\/avatar\/f499eeb60144c664cf7b7edf75549b50?s=96&d=mm&r=g","caption":"ponferrada2"},"url":"https:\/\/agrupacionespsoe.es\/ponferrada\/author\/ponferrada2\/"}]}},"jetpack_featured_media_url":"https:\/\/agrupacionespsoe.es\/ponferrada\/wp-content\/uploads\/sites\/36\/2025\/10\/Imagen-de-WhatsApp-2025-10-27-a-las-13.41.44_33cd1145.jpg","jetpack_sharing_enabled":true,"_links":{"self":[{"href":"https:\/\/agrupacionespsoe.es\/ponferrada\/wp-json\/wp\/v2\/posts\/1222","targetHints":{"allow":["GET"]}}],"collection":[{"href":"https:\/\/agrupacionespsoe.es\/ponferrada\/wp-json\/wp\/v2\/posts"}],"about":[{"href":"https:\/\/agrupacionespsoe.es\/ponferrada\/wp-json\/wp\/v2\/types\/post"}],"author":[{"embeddable":true,"href":"https:\/\/agrupacionespsoe.es\/ponferrada\/wp-json\/wp\/v2\/users\/32"}],"replies":[{"embeddable":true,"href":"https:\/\/agrupacionespsoe.es\/ponferrada\/wp-json\/wp\/v2\/comments?post=1222"}],"version-history":[{"count":2,"href":"https:\/\/agrupacionespsoe.es\/ponferrada\/wp-json\/wp\/v2\/posts\/1222\/revisions"}],"predecessor-version":[{"id":1225,"href":"https:\/\/agrupacionespsoe.es\/ponferrada\/wp-json\/wp\/v2\/posts\/1222\/revisions\/1225"}],"wp:featuredmedia":[{"embeddable":true,"href":"https:\/\/agrupacionespsoe.es\/ponferrada\/wp-json\/wp\/v2\/media\/1223"}],"wp:attachment":[{"href":"https:\/\/agrupacionespsoe.es\/ponferrada\/wp-json\/wp\/v2\/media?parent=1222"}],"wp:term":[{"taxonomy":"category","embeddable":true,"href":"https:\/\/agrupacionespsoe.es\/ponferrada\/wp-json\/wp\/v2\/categories?post=1222"},{"taxonomy":"post_tag","embeddable":true,"href":"https:\/\/agrupacionespsoe.es\/ponferrada\/wp-json\/wp\/v2\/tags?post=1222"}],"curies":[{"name":"wp","href":"https:\/\/api.w.org\/{rel}","templated":true}]}}