{"id":1217,"date":"2025-10-24T08:30:51","date_gmt":"2025-10-24T08:30:51","guid":{"rendered":"https:\/\/agrupacionespsoe.es\/ponferrada\/?p=1217"},"modified":"2025-10-24T08:30:52","modified_gmt":"2025-10-24T08:30:52","slug":"la-ciudadania-paga-la-falta-de-gestion-la-charla-sobre-el-plan-especial-del-camino-de-santiago-denuncia-la-paralisis-y-la-perdida-de-oportunidades-en-ponferrada","status":"publish","type":"post","link":"https:\/\/agrupacionespsoe.es\/ponferrada\/la-ciudadania-paga-la-falta-de-gestion-la-charla-sobre-el-plan-especial-del-camino-de-santiago-denuncia-la-paralisis-y-la-perdida-de-oportunidades-en-ponferrada\/","title":{"rendered":"La ciudadan\u00eda paga la falta de gesti\u00f3n: la charla sobre el Plan Especial del Camino de Santiago denuncia la par\u00e1lisis y la p\u00e9rdida de oportunidades en Ponferrada"},"content":{"rendered":"\n<p>La charla-coloquio celebrada en la tarde del jueves sobre el Plan Especial del Camino de Santiago reuni\u00f3 a numeroso p\u00fablico en Ponferrada, con la participaci\u00f3n del arquitecto Pablo L\u00f3pez Presa, la ped\u00e1nea de Columbrianos Isabel Mart\u00ednez Castillo y el portavoz socialista Olegario Ram\u00f3n.<\/p>\n\n\n\n<p>El encuentro sirvi\u00f3 para analizar con detalle las consecuencias que est\u00e1 teniendo la falta de este instrumento urban\u00edstico, cuya ausencia mantiene paralizadas intervenciones p\u00fablicas y privadas en todo el trazado del Camino a su paso por el municipio.<\/p>\n\n\n\n<p>Se hizo un an\u00e1lisis desde el punto de vista t\u00e9cnico, desde el punto de vista social y desde el punto de vista pol\u00edtico. Desde esta perspectiva Olegario Ram\u00f3n record\u00f3 que el Plan Especial del Camino de Santiago era una obligaci\u00f3n legal y que el anterior equipo de gobierno socialista hab\u00eda dejado financiaci\u00f3n garantizada por 230.000 euros dentro del Plan de Sostenibilidad Tur\u00edstica<\/p>\n\n\n\n<p>\u201cSe\u00f1al\u00f3 que era un proyecto perfectamente encajado y financiado. El actual equipo de gobierno decidi\u00f3 recortar esa cantidad a apenas 72.000 euros, provocando que la licitaci\u00f3n quedase desierta. Despu\u00e9s, directamente renunciaron a hacerlo. Es un error pol\u00edtico y de gesti\u00f3n que perjudica a toda la ciudadan\u00eda\u201d<\/p>\n\n\n\n<p>Olegario Ram\u00f3n fue especialmente cr\u00edtico con la prioridad pol\u00edtica que se ha dado a otras actuaciones \u201cde escaparate\u201d, quiso dejar claro que no estamos en contra del mirador de la Encina o el Museo de Arte Sacro, lo que nosotros decimos es que se debe priorizar lo que de verdad afecta y estrangula a la ciudadan\u00eda que tiene propiedades o quiere montar sus negocios a lo largo del trazado del Camino de Santiago, as\u00ed se\u00f1alaba que \u201cse ha optado por gastar en obras vistosas mientras se renuncia a un plan que afecta directamente a la vida de cientos de personas y al desarrollo de la ciudad. Y adem\u00e1s, se incumple la ley auton\u00f3mica\u201d.<\/p>\n\n\n\n<p>En el plano social, para dar voz a los vecinos y vecinas afectadas la ped\u00e1nea de Columbrianos, Isabel Mart\u00ednez Castillo, expuso con claridad la frustraci\u00f3n que viven los vecinos por la falta del Plan Especial: \u201cNo nos dejan hacer nada. Ni los propietarios pueden reformar, ni el propio ayuntamiento puede actuar. El camino est\u00e1 abandonado, lleno de maleza y sin se\u00f1alizaci\u00f3n. Los peregrinos pasan con linternas porque no hay luz. Es una verg\u00fcenza\u201d, denunci\u00f3.<\/p>\n\n\n\n<figure class=\"wp-block-image size-large\"><img loading=\"lazy\" decoding=\"async\" width=\"1024\" height=\"768\" src=\"https:\/\/agrupacionespsoe.es\/ponferrada\/wp-content\/uploads\/sites\/36\/2025\/10\/WhatsApp-Image-2025-10-23-at-20.54.59-1-1024x768.jpeg\" alt=\"\" class=\"wp-image-1219\" srcset=\"https:\/\/agrupacionespsoe.es\/ponferrada\/wp-content\/uploads\/sites\/36\/2025\/10\/WhatsApp-Image-2025-10-23-at-20.54.59-1-1024x768.jpeg 1024w, https:\/\/agrupacionespsoe.es\/ponferrada\/wp-content\/uploads\/sites\/36\/2025\/10\/WhatsApp-Image-2025-10-23-at-20.54.59-1-300x225.jpeg 300w, https:\/\/agrupacionespsoe.es\/ponferrada\/wp-content\/uploads\/sites\/36\/2025\/10\/WhatsApp-Image-2025-10-23-at-20.54.59-1-768x576.jpeg 768w, https:\/\/agrupacionespsoe.es\/ponferrada\/wp-content\/uploads\/sites\/36\/2025\/10\/WhatsApp-Image-2025-10-23-at-20.54.59-1-1536x1152.jpeg 1536w, https:\/\/agrupacionespsoe.es\/ponferrada\/wp-content\/uploads\/sites\/36\/2025\/10\/WhatsApp-Image-2025-10-23-at-20.54.59-1.jpeg 2048w\" sizes=\"auto, (max-width: 1024px) 100vw, 1024px\" \/><\/figure>\n\n\n\n<p>Isabel Mart\u00ednez record\u00f3 que el Camino podr\u00eda ser una oportunidad de desarrollo para Columbrianos y para todo el municipio, \u201cpero as\u00ed como est\u00e1, la gente lo ve como un problema. Los vecinos est\u00e1n cansados y sienten que se les est\u00e1 castigando por vivir en el Camino de Santiago\u201d.<\/p>\n\n\n\n<p>Por su parte, el arquitecto Pablo L\u00f3pez Presa explic\u00f3 en detalle qu\u00e9 supone un Plan Especial y por qu\u00e9 su ausencia bloquea el desarrollo urban\u00edstico y econ\u00f3mico. \u201cDesde el a\u00f1o 2002, la ley obliga a tener un Plan Especial para poder actuar en la zona de influencia del Camino. Sin \u00e9l, est\u00e1 prohibido construir, ampliar o rehabilitar. Y ahora mismo, Ponferrada est\u00e1 en ese limbo\u201d, explic\u00f3.<\/p>\n\n\n\n<p>Pablo L\u00f3pez Presa destac\u00f3 adem\u00e1s que la falta del plan est\u00e1 suponiendo p\u00e9rdidas econ\u00f3micas reales, tanto en inversiones privadas como en posibles fondos p\u00fablicos. Como ejemplo gr\u00e1fico se\u00f1al\u00f3 que \u201cel Ayuntamiento de Le\u00f3n acaba de conseguir 9 millones de euros de fondos europeos vinculados al Camino, mientras Ponferrada sigue sin poder acceder a ese tipo de ayudas por no tener su plan aprobado. Estamos perdiendo tiempo, dinero y oportunidades\u201d.<\/p>\n\n\n\n<p>El arquitecto defendi\u00f3 que la Junta de Castilla y Le\u00f3n deber\u00eda asumir un papel m\u00e1s activo, como hace La Rioja, donde el Gobierno auton\u00f3mico elabor\u00f3 ya en 1998 su propio Plan Especial de Protecci\u00f3n del Camino de Santiago, impulsado y financiado desde la comunidad. As\u00ed se\u00f1alaba que \u201cCastilla y Le\u00f3n ha delegado en los ayuntamientos una tramitaci\u00f3n compleja y costosa que deber\u00eda coordinarse desde la Junta. Lo razonable ser\u00eda un modelo com\u00fan auton\u00f3mico o incluso nacional que garantice coherencia a lo largo del trazado\u201d.<\/p>\n\n\n\n<p>Los tres ponentes coincidieron en que la actual situaci\u00f3n es insostenible: los vecinos est\u00e1n bloqueados, las actividades econ\u00f3micas no pueden desarrollarse y el patrimonio sigue deterior\u00e1ndose. \u201cPonferrada presume del Camino, pero lo tiene abandonado\u201d, lament\u00f3 Isabel Mart\u00ednez, mientras que L\u00f3pez Presa subray\u00f3 que el Camino \u201cno debe verse como un obst\u00e1culo, sino como una oportunidad para revitalizar barrios, atraer visitantes y mejorar el entorno urbano\u201d.<\/p>\n\n\n\n<p>Como conclusi\u00f3n, Olegario Ram\u00f3n record\u00f3 que el Camino de Santiago es \u201cel \u00fanico Bien Patrimonio de la Humanidad que tiene Ponferrada\u201d, y pidi\u00f3 tanto al Ayuntamiento como a la Junta de Castilla y Le\u00f3n \u201cque se tomen en serio su protecci\u00f3n y su potencial\u201d.<\/p>\n\n\n\n<p>Para finalizar Olegario Ram\u00f3n se\u00f1alo que \u201cno se trata solo de cumplir una obligaci\u00f3n legal, sino de apostar por una de las se\u00f1as de identidad m\u00e1s valiosas de esta ciudad. Si no cuidamos nuestro Camino, perderemos una parte esencial de lo que somos\u201d.<\/p>\n\n\n\n<figure class=\"wp-block-image size-large\"><img loading=\"lazy\" decoding=\"async\" width=\"1024\" height=\"768\" src=\"https:\/\/agrupacionespsoe.es\/ponferrada\/wp-content\/uploads\/sites\/36\/2025\/10\/WhatsApp-Image-2025-10-23-at-20.54.59-1024x768.jpeg\" alt=\"\" class=\"wp-image-1218\" srcset=\"https:\/\/agrupacionespsoe.es\/ponferrada\/wp-content\/uploads\/sites\/36\/2025\/10\/WhatsApp-Image-2025-10-23-at-20.54.59-1024x768.jpeg 1024w, https:\/\/agrupacionespsoe.es\/ponferrada\/wp-content\/uploads\/sites\/36\/2025\/10\/WhatsApp-Image-2025-10-23-at-20.54.59-300x225.jpeg 300w, https:\/\/agrupacionespsoe.es\/ponferrada\/wp-content\/uploads\/sites\/36\/2025\/10\/WhatsApp-Image-2025-10-23-at-20.54.59-768x576.jpeg 768w, https:\/\/agrupacionespsoe.es\/ponferrada\/wp-content\/uploads\/sites\/36\/2025\/10\/WhatsApp-Image-2025-10-23-at-20.54.59-1536x1152.jpeg 1536w, https:\/\/agrupacionespsoe.es\/ponferrada\/wp-content\/uploads\/sites\/36\/2025\/10\/WhatsApp-Image-2025-10-23-at-20.54.59.jpeg 2048w\" sizes=\"auto, (max-width: 1024px) 100vw, 1024px\" \/><\/figure>\n","protected":false},"excerpt":{"rendered":"<p>La charla-coloquio celebrada en la tarde del jueves sobre el Plan Especial del Camino de Santiago reuni\u00f3 a numeroso p\u00fablico en Ponferrada, con la participaci\u00f3n del arquitecto Pablo L\u00f3pez Presa, la ped\u00e1nea de Columbrianos Isabel Mart\u00ednez Castillo y el portavoz socialista Olegario Ram\u00f3n. El encuentro sirvi\u00f3 para analizar con detalle las consecuencias que est\u00e1 teniendo &#8230;<\/p>\n","protected":false},"author":32,"featured_media":1219,"comment_status":"open","ping_status":"open","sticky":false,"template":"","format":"standard","meta":{"_jetpack_memberships_contains_paid_content":false,"footnotes":""},"categories":[6],"tags":[],"class_list":["post-1217","post","type-post","status-publish","format-standard","has-post-thumbnail","hentry","category-actualidad"],"yoast_head":"<!-- This site is optimized with the Yoast SEO plugin v24.0 - https:\/\/yoast.com\/wordpress\/plugins\/seo\/ -->\n<title>La ciudadan\u00eda paga la falta de gesti\u00f3n: la charla sobre el Plan Especial del Camino de Santiago denuncia la par\u00e1lisis y la p\u00e9rdida de oportunidades en Ponferrada - Agrupaci\u00f3n Socialista de Ponferrada<\/title>\n<meta name=\"robots\" content=\"index, follow, max-snippet:-1, max-image-preview:large, max-video-preview:-1\" \/>\n<link rel=\"canonical\" href=\"https:\/\/agrupacionespsoe.es\/ponferrada\/la-ciudadania-paga-la-falta-de-gestion-la-charla-sobre-el-plan-especial-del-camino-de-santiago-denuncia-la-paralisis-y-la-perdida-de-oportunidades-en-ponferrada\/\" \/>\n<meta property=\"og:locale\" content=\"es_ES\" \/>\n<meta property=\"og:type\" content=\"article\" \/>\n<meta property=\"og:title\" content=\"La ciudadan\u00eda paga la falta de gesti\u00f3n: la charla sobre el Plan Especial del Camino de Santiago denuncia la par\u00e1lisis y la p\u00e9rdida de oportunidades en Ponferrada - Agrupaci\u00f3n Socialista de Ponferrada\" \/>\n<meta property=\"og:description\" content=\"La charla-coloquio celebrada en la tarde del jueves sobre el Plan Especial del Camino de Santiago reuni\u00f3 a numeroso p\u00fablico en Ponferrada, con la participaci\u00f3n del arquitecto Pablo L\u00f3pez Presa, la ped\u00e1nea de Columbrianos Isabel Mart\u00ednez Castillo y el portavoz socialista Olegario Ram\u00f3n. El encuentro sirvi\u00f3 para analizar con detalle las consecuencias que est\u00e1 teniendo ...\" \/>\n<meta property=\"og:url\" content=\"https:\/\/agrupacionespsoe.es\/ponferrada\/la-ciudadania-paga-la-falta-de-gestion-la-charla-sobre-el-plan-especial-del-camino-de-santiago-denuncia-la-paralisis-y-la-perdida-de-oportunidades-en-ponferrada\/\" \/>\n<meta property=\"og:site_name\" content=\"Agrupaci\u00f3n Socialista de Ponferrada\" \/>\n<meta property=\"article:published_time\" content=\"2025-10-24T08:30:51+00:00\" \/>\n<meta property=\"article:modified_time\" content=\"2025-10-24T08:30:52+00:00\" \/>\n<meta property=\"og:image\" content=\"https:\/\/agrupacionespsoe.es\/ponferrada\/wp-content\/uploads\/sites\/36\/2025\/10\/WhatsApp-Image-2025-10-23-at-20.54.59-1.jpeg\" \/>\n\t<meta property=\"og:image:width\" content=\"2048\" \/>\n\t<meta property=\"og:image:height\" content=\"1536\" \/>\n\t<meta property=\"og:image:type\" content=\"image\/jpeg\" \/>\n<meta name=\"author\" content=\"ponferrada2\" \/>\n<meta name=\"twitter:card\" content=\"summary_large_image\" \/>\n<meta name=\"twitter:label1\" content=\"Escrito por\" \/>\n\t<meta name=\"twitter:data1\" content=\"ponferrada2\" \/>\n\t<meta name=\"twitter:label2\" content=\"Tiempo de lectura\" \/>\n\t<meta name=\"twitter:data2\" content=\"5 minutos\" \/>\n<script type=\"application\/ld+json\" class=\"yoast-schema-graph\">{\"@context\":\"https:\/\/schema.org\",\"@graph\":[{\"@type\":\"Article\",\"@id\":\"https:\/\/agrupacionespsoe.es\/ponferrada\/la-ciudadania-paga-la-falta-de-gestion-la-charla-sobre-el-plan-especial-del-camino-de-santiago-denuncia-la-paralisis-y-la-perdida-de-oportunidades-en-ponferrada\/#article\",\"isPartOf\":{\"@id\":\"https:\/\/agrupacionespsoe.es\/ponferrada\/la-ciudadania-paga-la-falta-de-gestion-la-charla-sobre-el-plan-especial-del-camino-de-santiago-denuncia-la-paralisis-y-la-perdida-de-oportunidades-en-ponferrada\/\"},\"author\":{\"name\":\"ponferrada2\",\"@id\":\"https:\/\/agrupacionespsoe.es\/ponferrada\/#\/schema\/person\/cd29ee627f3b70c05d415f02596debaa\"},\"headline\":\"La ciudadan\u00eda paga la falta de gesti\u00f3n: la charla sobre el Plan Especial del Camino de Santiago denuncia la par\u00e1lisis y la p\u00e9rdida de oportunidades en Ponferrada\",\"datePublished\":\"2025-10-24T08:30:51+00:00\",\"dateModified\":\"2025-10-24T08:30:52+00:00\",\"mainEntityOfPage\":{\"@id\":\"https:\/\/agrupacionespsoe.es\/ponferrada\/la-ciudadania-paga-la-falta-de-gestion-la-charla-sobre-el-plan-especial-del-camino-de-santiago-denuncia-la-paralisis-y-la-perdida-de-oportunidades-en-ponferrada\/\"},\"wordCount\":899,\"commentCount\":0,\"publisher\":{\"@id\":\"https:\/\/agrupacionespsoe.es\/ponferrada\/#organization\"},\"image\":{\"@id\":\"https:\/\/agrupacionespsoe.es\/ponferrada\/la-ciudadania-paga-la-falta-de-gestion-la-charla-sobre-el-plan-especial-del-camino-de-santiago-denuncia-la-paralisis-y-la-perdida-de-oportunidades-en-ponferrada\/#primaryimage\"},\"thumbnailUrl\":\"https:\/\/agrupacionespsoe.es\/ponferrada\/wp-content\/uploads\/sites\/36\/2025\/10\/WhatsApp-Image-2025-10-23-at-20.54.59-1.jpeg\",\"articleSection\":[\"ACTUALIDAD\"],\"inLanguage\":\"es\",\"potentialAction\":[{\"@type\":\"CommentAction\",\"name\":\"Comment\",\"target\":[\"https:\/\/agrupacionespsoe.es\/ponferrada\/la-ciudadania-paga-la-falta-de-gestion-la-charla-sobre-el-plan-especial-del-camino-de-santiago-denuncia-la-paralisis-y-la-perdida-de-oportunidades-en-ponferrada\/#respond\"]}]},{\"@type\":\"WebPage\",\"@id\":\"https:\/\/agrupacionespsoe.es\/ponferrada\/la-ciudadania-paga-la-falta-de-gestion-la-charla-sobre-el-plan-especial-del-camino-de-santiago-denuncia-la-paralisis-y-la-perdida-de-oportunidades-en-ponferrada\/\",\"url\":\"https:\/\/agrupacionespsoe.es\/ponferrada\/la-ciudadania-paga-la-falta-de-gestion-la-charla-sobre-el-plan-especial-del-camino-de-santiago-denuncia-la-paralisis-y-la-perdida-de-oportunidades-en-ponferrada\/\",\"name\":\"La ciudadan\u00eda paga la falta de gesti\u00f3n: la charla sobre el Plan Especial del Camino de Santiago denuncia la par\u00e1lisis y la p\u00e9rdida de oportunidades en Ponferrada - Agrupaci\u00f3n Socialista de Ponferrada\",\"isPartOf\":{\"@id\":\"https:\/\/agrupacionespsoe.es\/ponferrada\/#website\"},\"primaryImageOfPage\":{\"@id\":\"https:\/\/agrupacionespsoe.es\/ponferrada\/la-ciudadania-paga-la-falta-de-gestion-la-charla-sobre-el-plan-especial-del-camino-de-santiago-denuncia-la-paralisis-y-la-perdida-de-oportunidades-en-ponferrada\/#primaryimage\"},\"image\":{\"@id\":\"https:\/\/agrupacionespsoe.es\/ponferrada\/la-ciudadania-paga-la-falta-de-gestion-la-charla-sobre-el-plan-especial-del-camino-de-santiago-denuncia-la-paralisis-y-la-perdida-de-oportunidades-en-ponferrada\/#primaryimage\"},\"thumbnailUrl\":\"https:\/\/agrupacionespsoe.es\/ponferrada\/wp-content\/uploads\/sites\/36\/2025\/10\/WhatsApp-Image-2025-10-23-at-20.54.59-1.jpeg\",\"datePublished\":\"2025-10-24T08:30:51+00:00\",\"dateModified\":\"2025-10-24T08:30:52+00:00\",\"breadcrumb\":{\"@id\":\"https:\/\/agrupacionespsoe.es\/ponferrada\/la-ciudadania-paga-la-falta-de-gestion-la-charla-sobre-el-plan-especial-del-camino-de-santiago-denuncia-la-paralisis-y-la-perdida-de-oportunidades-en-ponferrada\/#breadcrumb\"},\"inLanguage\":\"es\",\"potentialAction\":[{\"@type\":\"ReadAction\",\"target\":[\"https:\/\/agrupacionespsoe.es\/ponferrada\/la-ciudadania-paga-la-falta-de-gestion-la-charla-sobre-el-plan-especial-del-camino-de-santiago-denuncia-la-paralisis-y-la-perdida-de-oportunidades-en-ponferrada\/\"]}]},{\"@type\":\"ImageObject\",\"inLanguage\":\"es\",\"@id\":\"https:\/\/agrupacionespsoe.es\/ponferrada\/la-ciudadania-paga-la-falta-de-gestion-la-charla-sobre-el-plan-especial-del-camino-de-santiago-denuncia-la-paralisis-y-la-perdida-de-oportunidades-en-ponferrada\/#primaryimage\",\"url\":\"https:\/\/agrupacionespsoe.es\/ponferrada\/wp-content\/uploads\/sites\/36\/2025\/10\/WhatsApp-Image-2025-10-23-at-20.54.59-1.jpeg\",\"contentUrl\":\"https:\/\/agrupacionespsoe.es\/ponferrada\/wp-content\/uploads\/sites\/36\/2025\/10\/WhatsApp-Image-2025-10-23-at-20.54.59-1.jpeg\",\"width\":2048,\"height\":1536},{\"@type\":\"BreadcrumbList\",\"@id\":\"https:\/\/agrupacionespsoe.es\/ponferrada\/la-ciudadania-paga-la-falta-de-gestion-la-charla-sobre-el-plan-especial-del-camino-de-santiago-denuncia-la-paralisis-y-la-perdida-de-oportunidades-en-ponferrada\/#breadcrumb\",\"itemListElement\":[{\"@type\":\"ListItem\",\"position\":1,\"name\":\"Portada\",\"item\":\"https:\/\/agrupacionespsoe.es\/ponferrada\/\"},{\"@type\":\"ListItem\",\"position\":2,\"name\":\"La ciudadan\u00eda paga la falta de gesti\u00f3n: la charla sobre el Plan Especial del Camino de Santiago denuncia la par\u00e1lisis y la p\u00e9rdida de oportunidades en Ponferrada\"}]},{\"@type\":\"WebSite\",\"@id\":\"https:\/\/agrupacionespsoe.es\/ponferrada\/#website\",\"url\":\"https:\/\/agrupacionespsoe.es\/ponferrada\/\",\"name\":\"Agrupaci\u00f3n Socialista de Ponferrada\",\"description\":\"Agrupaci\u00f3n Socialista de Ponferrada\",\"publisher\":{\"@id\":\"https:\/\/agrupacionespsoe.es\/ponferrada\/#organization\"},\"potentialAction\":[{\"@type\":\"SearchAction\",\"target\":{\"@type\":\"EntryPoint\",\"urlTemplate\":\"https:\/\/agrupacionespsoe.es\/ponferrada\/?s={search_term_string}\"},\"query-input\":{\"@type\":\"PropertyValueSpecification\",\"valueRequired\":true,\"valueName\":\"search_term_string\"}}],\"inLanguage\":\"es\"},{\"@type\":\"Organization\",\"@id\":\"https:\/\/agrupacionespsoe.es\/ponferrada\/#organization\",\"name\":\"Agrupaci\u00f3n Socialista de Ponferrada\",\"url\":\"https:\/\/agrupacionespsoe.es\/ponferrada\/\",\"logo\":{\"@type\":\"ImageObject\",\"inLanguage\":\"es\",\"@id\":\"https:\/\/agrupacionespsoe.es\/ponferrada\/#\/schema\/logo\/image\/\",\"url\":\"https:\/\/agrupacionespsoe.es\/wp-content\/uploads\/2022\/07\/Logotipo_electoral_del_PSOE.png\",\"contentUrl\":\"https:\/\/agrupacionespsoe.es\/wp-content\/uploads\/2022\/07\/Logotipo_electoral_del_PSOE.png\",\"width\":422,\"height\":422,\"caption\":\"Agrupaci\u00f3n Socialista de Ponferrada\"},\"image\":{\"@id\":\"https:\/\/agrupacionespsoe.es\/ponferrada\/#\/schema\/logo\/image\/\"}},{\"@type\":\"Person\",\"@id\":\"https:\/\/agrupacionespsoe.es\/ponferrada\/#\/schema\/person\/cd29ee627f3b70c05d415f02596debaa\",\"name\":\"ponferrada2\",\"image\":{\"@type\":\"ImageObject\",\"inLanguage\":\"es\",\"@id\":\"https:\/\/agrupacionespsoe.es\/ponferrada\/#\/schema\/person\/image\/\",\"url\":\"https:\/\/secure.gravatar.com\/avatar\/f499eeb60144c664cf7b7edf75549b50?s=96&d=mm&r=g\",\"contentUrl\":\"https:\/\/secure.gravatar.com\/avatar\/f499eeb60144c664cf7b7edf75549b50?s=96&d=mm&r=g\",\"caption\":\"ponferrada2\"},\"url\":\"https:\/\/agrupacionespsoe.es\/ponferrada\/author\/ponferrada2\/\"}]}<\/script>\n<!-- \/ Yoast SEO plugin. -->","yoast_head_json":{"title":"La ciudadan\u00eda paga la falta de gesti\u00f3n: la charla sobre el Plan Especial del Camino de Santiago denuncia la par\u00e1lisis y la p\u00e9rdida de oportunidades en Ponferrada - Agrupaci\u00f3n Socialista de Ponferrada","robots":{"index":"index","follow":"follow","max-snippet":"max-snippet:-1","max-image-preview":"max-image-preview:large","max-video-preview":"max-video-preview:-1"},"canonical":"https:\/\/agrupacionespsoe.es\/ponferrada\/la-ciudadania-paga-la-falta-de-gestion-la-charla-sobre-el-plan-especial-del-camino-de-santiago-denuncia-la-paralisis-y-la-perdida-de-oportunidades-en-ponferrada\/","og_locale":"es_ES","og_type":"article","og_title":"La ciudadan\u00eda paga la falta de gesti\u00f3n: la charla sobre el Plan Especial del Camino de Santiago denuncia la par\u00e1lisis y la p\u00e9rdida de oportunidades en Ponferrada - Agrupaci\u00f3n Socialista de Ponferrada","og_description":"La charla-coloquio celebrada en la tarde del jueves sobre el Plan Especial del Camino de Santiago reuni\u00f3 a numeroso p\u00fablico en Ponferrada, con la participaci\u00f3n del arquitecto Pablo L\u00f3pez Presa, la ped\u00e1nea de Columbrianos Isabel Mart\u00ednez Castillo y el portavoz socialista Olegario Ram\u00f3n. El encuentro sirvi\u00f3 para analizar con detalle las consecuencias que est\u00e1 teniendo ...","og_url":"https:\/\/agrupacionespsoe.es\/ponferrada\/la-ciudadania-paga-la-falta-de-gestion-la-charla-sobre-el-plan-especial-del-camino-de-santiago-denuncia-la-paralisis-y-la-perdida-de-oportunidades-en-ponferrada\/","og_site_name":"Agrupaci\u00f3n Socialista de Ponferrada","article_published_time":"2025-10-24T08:30:51+00:00","article_modified_time":"2025-10-24T08:30:52+00:00","og_image":[{"width":2048,"height":1536,"url":"https:\/\/agrupacionespsoe.es\/ponferrada\/wp-content\/uploads\/sites\/36\/2025\/10\/WhatsApp-Image-2025-10-23-at-20.54.59-1.jpeg","type":"image\/jpeg"}],"author":"ponferrada2","twitter_card":"summary_large_image","twitter_misc":{"Escrito por":"ponferrada2","Tiempo de lectura":"5 minutos"},"schema":{"@context":"https:\/\/schema.org","@graph":[{"@type":"Article","@id":"https:\/\/agrupacionespsoe.es\/ponferrada\/la-ciudadania-paga-la-falta-de-gestion-la-charla-sobre-el-plan-especial-del-camino-de-santiago-denuncia-la-paralisis-y-la-perdida-de-oportunidades-en-ponferrada\/#article","isPartOf":{"@id":"https:\/\/agrupacionespsoe.es\/ponferrada\/la-ciudadania-paga-la-falta-de-gestion-la-charla-sobre-el-plan-especial-del-camino-de-santiago-denuncia-la-paralisis-y-la-perdida-de-oportunidades-en-ponferrada\/"},"author":{"name":"ponferrada2","@id":"https:\/\/agrupacionespsoe.es\/ponferrada\/#\/schema\/person\/cd29ee627f3b70c05d415f02596debaa"},"headline":"La ciudadan\u00eda paga la falta de gesti\u00f3n: la charla sobre el Plan Especial del Camino de Santiago denuncia la par\u00e1lisis y la p\u00e9rdida de oportunidades en Ponferrada","datePublished":"2025-10-24T08:30:51+00:00","dateModified":"2025-10-24T08:30:52+00:00","mainEntityOfPage":{"@id":"https:\/\/agrupacionespsoe.es\/ponferrada\/la-ciudadania-paga-la-falta-de-gestion-la-charla-sobre-el-plan-especial-del-camino-de-santiago-denuncia-la-paralisis-y-la-perdida-de-oportunidades-en-ponferrada\/"},"wordCount":899,"commentCount":0,"publisher":{"@id":"https:\/\/agrupacionespsoe.es\/ponferrada\/#organization"},"image":{"@id":"https:\/\/agrupacionespsoe.es\/ponferrada\/la-ciudadania-paga-la-falta-de-gestion-la-charla-sobre-el-plan-especial-del-camino-de-santiago-denuncia-la-paralisis-y-la-perdida-de-oportunidades-en-ponferrada\/#primaryimage"},"thumbnailUrl":"https:\/\/agrupacionespsoe.es\/ponferrada\/wp-content\/uploads\/sites\/36\/2025\/10\/WhatsApp-Image-2025-10-23-at-20.54.59-1.jpeg","articleSection":["ACTUALIDAD"],"inLanguage":"es","potentialAction":[{"@type":"CommentAction","name":"Comment","target":["https:\/\/agrupacionespsoe.es\/ponferrada\/la-ciudadania-paga-la-falta-de-gestion-la-charla-sobre-el-plan-especial-del-camino-de-santiago-denuncia-la-paralisis-y-la-perdida-de-oportunidades-en-ponferrada\/#respond"]}]},{"@type":"WebPage","@id":"https:\/\/agrupacionespsoe.es\/ponferrada\/la-ciudadania-paga-la-falta-de-gestion-la-charla-sobre-el-plan-especial-del-camino-de-santiago-denuncia-la-paralisis-y-la-perdida-de-oportunidades-en-ponferrada\/","url":"https:\/\/agrupacionespsoe.es\/ponferrada\/la-ciudadania-paga-la-falta-de-gestion-la-charla-sobre-el-plan-especial-del-camino-de-santiago-denuncia-la-paralisis-y-la-perdida-de-oportunidades-en-ponferrada\/","name":"La ciudadan\u00eda paga la falta de gesti\u00f3n: la charla sobre el Plan Especial del Camino de Santiago denuncia la par\u00e1lisis y la p\u00e9rdida de oportunidades en Ponferrada - Agrupaci\u00f3n Socialista de Ponferrada","isPartOf":{"@id":"https:\/\/agrupacionespsoe.es\/ponferrada\/#website"},"primaryImageOfPage":{"@id":"https:\/\/agrupacionespsoe.es\/ponferrada\/la-ciudadania-paga-la-falta-de-gestion-la-charla-sobre-el-plan-especial-del-camino-de-santiago-denuncia-la-paralisis-y-la-perdida-de-oportunidades-en-ponferrada\/#primaryimage"},"image":{"@id":"https:\/\/agrupacionespsoe.es\/ponferrada\/la-ciudadania-paga-la-falta-de-gestion-la-charla-sobre-el-plan-especial-del-camino-de-santiago-denuncia-la-paralisis-y-la-perdida-de-oportunidades-en-ponferrada\/#primaryimage"},"thumbnailUrl":"https:\/\/agrupacionespsoe.es\/ponferrada\/wp-content\/uploads\/sites\/36\/2025\/10\/WhatsApp-Image-2025-10-23-at-20.54.59-1.jpeg","datePublished":"2025-10-24T08:30:51+00:00","dateModified":"2025-10-24T08:30:52+00:00","breadcrumb":{"@id":"https:\/\/agrupacionespsoe.es\/ponferrada\/la-ciudadania-paga-la-falta-de-gestion-la-charla-sobre-el-plan-especial-del-camino-de-santiago-denuncia-la-paralisis-y-la-perdida-de-oportunidades-en-ponferrada\/#breadcrumb"},"inLanguage":"es","potentialAction":[{"@type":"ReadAction","target":["https:\/\/agrupacionespsoe.es\/ponferrada\/la-ciudadania-paga-la-falta-de-gestion-la-charla-sobre-el-plan-especial-del-camino-de-santiago-denuncia-la-paralisis-y-la-perdida-de-oportunidades-en-ponferrada\/"]}]},{"@type":"ImageObject","inLanguage":"es","@id":"https:\/\/agrupacionespsoe.es\/ponferrada\/la-ciudadania-paga-la-falta-de-gestion-la-charla-sobre-el-plan-especial-del-camino-de-santiago-denuncia-la-paralisis-y-la-perdida-de-oportunidades-en-ponferrada\/#primaryimage","url":"https:\/\/agrupacionespsoe.es\/ponferrada\/wp-content\/uploads\/sites\/36\/2025\/10\/WhatsApp-Image-2025-10-23-at-20.54.59-1.jpeg","contentUrl":"https:\/\/agrupacionespsoe.es\/ponferrada\/wp-content\/uploads\/sites\/36\/2025\/10\/WhatsApp-Image-2025-10-23-at-20.54.59-1.jpeg","width":2048,"height":1536},{"@type":"BreadcrumbList","@id":"https:\/\/agrupacionespsoe.es\/ponferrada\/la-ciudadania-paga-la-falta-de-gestion-la-charla-sobre-el-plan-especial-del-camino-de-santiago-denuncia-la-paralisis-y-la-perdida-de-oportunidades-en-ponferrada\/#breadcrumb","itemListElement":[{"@type":"ListItem","position":1,"name":"Portada","item":"https:\/\/agrupacionespsoe.es\/ponferrada\/"},{"@type":"ListItem","position":2,"name":"La ciudadan\u00eda paga la falta de gesti\u00f3n: la charla sobre el Plan Especial del Camino de Santiago denuncia la par\u00e1lisis y la p\u00e9rdida de oportunidades en Ponferrada"}]},{"@type":"WebSite","@id":"https:\/\/agrupacionespsoe.es\/ponferrada\/#website","url":"https:\/\/agrupacionespsoe.es\/ponferrada\/","name":"Agrupaci\u00f3n Socialista de Ponferrada","description":"Agrupaci\u00f3n Socialista de Ponferrada","publisher":{"@id":"https:\/\/agrupacionespsoe.es\/ponferrada\/#organization"},"potentialAction":[{"@type":"SearchAction","target":{"@type":"EntryPoint","urlTemplate":"https:\/\/agrupacionespsoe.es\/ponferrada\/?s={search_term_string}"},"query-input":{"@type":"PropertyValueSpecification","valueRequired":true,"valueName":"search_term_string"}}],"inLanguage":"es"},{"@type":"Organization","@id":"https:\/\/agrupacionespsoe.es\/ponferrada\/#organization","name":"Agrupaci\u00f3n Socialista de Ponferrada","url":"https:\/\/agrupacionespsoe.es\/ponferrada\/","logo":{"@type":"ImageObject","inLanguage":"es","@id":"https:\/\/agrupacionespsoe.es\/ponferrada\/#\/schema\/logo\/image\/","url":"https:\/\/agrupacionespsoe.es\/wp-content\/uploads\/2022\/07\/Logotipo_electoral_del_PSOE.png","contentUrl":"https:\/\/agrupacionespsoe.es\/wp-content\/uploads\/2022\/07\/Logotipo_electoral_del_PSOE.png","width":422,"height":422,"caption":"Agrupaci\u00f3n Socialista de Ponferrada"},"image":{"@id":"https:\/\/agrupacionespsoe.es\/ponferrada\/#\/schema\/logo\/image\/"}},{"@type":"Person","@id":"https:\/\/agrupacionespsoe.es\/ponferrada\/#\/schema\/person\/cd29ee627f3b70c05d415f02596debaa","name":"ponferrada2","image":{"@type":"ImageObject","inLanguage":"es","@id":"https:\/\/agrupacionespsoe.es\/ponferrada\/#\/schema\/person\/image\/","url":"https:\/\/secure.gravatar.com\/avatar\/f499eeb60144c664cf7b7edf75549b50?s=96&d=mm&r=g","contentUrl":"https:\/\/secure.gravatar.com\/avatar\/f499eeb60144c664cf7b7edf75549b50?s=96&d=mm&r=g","caption":"ponferrada2"},"url":"https:\/\/agrupacionespsoe.es\/ponferrada\/author\/ponferrada2\/"}]}},"jetpack_featured_media_url":"https:\/\/agrupacionespsoe.es\/ponferrada\/wp-content\/uploads\/sites\/36\/2025\/10\/WhatsApp-Image-2025-10-23-at-20.54.59-1.jpeg","jetpack_sharing_enabled":true,"_links":{"self":[{"href":"https:\/\/agrupacionespsoe.es\/ponferrada\/wp-json\/wp\/v2\/posts\/1217","targetHints":{"allow":["GET"]}}],"collection":[{"href":"https:\/\/agrupacionespsoe.es\/ponferrada\/wp-json\/wp\/v2\/posts"}],"about":[{"href":"https:\/\/agrupacionespsoe.es\/ponferrada\/wp-json\/wp\/v2\/types\/post"}],"author":[{"embeddable":true,"href":"https:\/\/agrupacionespsoe.es\/ponferrada\/wp-json\/wp\/v2\/users\/32"}],"replies":[{"embeddable":true,"href":"https:\/\/agrupacionespsoe.es\/ponferrada\/wp-json\/wp\/v2\/comments?post=1217"}],"version-history":[{"count":2,"href":"https:\/\/agrupacionespsoe.es\/ponferrada\/wp-json\/wp\/v2\/posts\/1217\/revisions"}],"predecessor-version":[{"id":1221,"href":"https:\/\/agrupacionespsoe.es\/ponferrada\/wp-json\/wp\/v2\/posts\/1217\/revisions\/1221"}],"wp:featuredmedia":[{"embeddable":true,"href":"https:\/\/agrupacionespsoe.es\/ponferrada\/wp-json\/wp\/v2\/media\/1219"}],"wp:attachment":[{"href":"https:\/\/agrupacionespsoe.es\/ponferrada\/wp-json\/wp\/v2\/media?parent=1217"}],"wp:term":[{"taxonomy":"category","embeddable":true,"href":"https:\/\/agrupacionespsoe.es\/ponferrada\/wp-json\/wp\/v2\/categories?post=1217"},{"taxonomy":"post_tag","embeddable":true,"href":"https:\/\/agrupacionespsoe.es\/ponferrada\/wp-json\/wp\/v2\/tags?post=1217"}],"curies":[{"name":"wp","href":"https:\/\/api.w.org\/{rel}","templated":true}]}}