{"id":1181,"date":"2025-10-18T07:43:39","date_gmt":"2025-10-18T07:43:39","guid":{"rendered":"https:\/\/agrupacionespsoe.es\/ponferrada\/?p=1181"},"modified":"2025-10-20T07:49:12","modified_gmt":"2025-10-20T07:49:12","slug":"condenamos-el-vandalismo-pero-exigimos-igualdad-de-trato-en-la-actuacion-municipal","status":"publish","type":"post","link":"https:\/\/agrupacionespsoe.es\/ponferrada\/condenamos-el-vandalismo-pero-exigimos-igualdad-de-trato-en-la-actuacion-municipal\/","title":{"rendered":"Condenamos el vandalismo, pero exigimos igualdad de trato en la actuaci\u00f3n municipal"},"content":{"rendered":"\n<p>Desde el grupo municipal socialista queremos manifestar ante los hechos ocurridos en la ma\u00f1ana de ayer en Ponferrada, donde han aparecido diversas pintadas en la sede del Partido Popular coincidiendo con la visita del consejero de Medio Ambiente Juan Carlos Su\u00e1rez-Qui\u00f1ones, nuestra condena rotunda a cualquier acto vand\u00e1lico sea cual sea su motivaci\u00f3n o el lugar en el que se produzca, porque la discrepancia pol\u00edtica debe expresarse siempre desde el respeto y a trav\u00e9s de los cauces democr\u00e1ticos, nunca mediante da\u00f1os a la propiedad ajena.<\/p>\n\n\n\n<p>Resulta sin embargo inaceptable la doble vara de medir demostrada por el Ayuntamiento de Ponferrada y sobre todo en el Concejal de Medio Ambiente que a la saz\u00f3n es presidente de la junta local del PP de Ponferrada, que ha movilizado en tiempo r\u00e9cord a los servicios municipales de limpieza para eliminar las pintadas en una propiedad privada como es la sede del Partido Popular, mientras decenas de comunidades de vecinos, comercios y muros p\u00fablicos llevan meses esperando una actuaci\u00f3n similar sin obtener respuesta ni la misma diligencia.<\/p>\n\n\n\n<figure class=\"wp-block-image size-large\"><img loading=\"lazy\" decoding=\"async\" width=\"1024\" height=\"460\" src=\"https:\/\/agrupacionespsoe.es\/ponferrada\/wp-content\/uploads\/sites\/36\/2025\/10\/WhatsApp-Image-2025-10-20-at-09.45.41-1024x460.jpeg\" alt=\"\" class=\"wp-image-1183\" srcset=\"https:\/\/agrupacionespsoe.es\/ponferrada\/wp-content\/uploads\/sites\/36\/2025\/10\/WhatsApp-Image-2025-10-20-at-09.45.41-1024x460.jpeg 1024w, https:\/\/agrupacionespsoe.es\/ponferrada\/wp-content\/uploads\/sites\/36\/2025\/10\/WhatsApp-Image-2025-10-20-at-09.45.41-300x135.jpeg 300w, https:\/\/agrupacionespsoe.es\/ponferrada\/wp-content\/uploads\/sites\/36\/2025\/10\/WhatsApp-Image-2025-10-20-at-09.45.41-768x345.jpeg 768w, https:\/\/agrupacionespsoe.es\/ponferrada\/wp-content\/uploads\/sites\/36\/2025\/10\/WhatsApp-Image-2025-10-20-at-09.45.41-1536x690.jpeg 1536w, https:\/\/agrupacionespsoe.es\/ponferrada\/wp-content\/uploads\/sites\/36\/2025\/10\/WhatsApp-Image-2025-10-20-at-09.45.41.jpeg 2048w\" sizes=\"auto, (max-width: 1024px) 100vw, 1024px\" \/><\/figure>\n\n\n\n<p>Queremos recordar que los recursos p\u00fablicos deben destinarse a servicios de inter\u00e9s general y no al mantenimiento o limpieza de sedes de partidos pol\u00edticos que son propiedades privadas, por lo que no es tolerable que se empleen medios municipales con criterios partidistas. A\u00fan es peor si comparamos lo que este mismo equipo de gobierno hizo cuando la sede del PSOE amaneci\u00f3 con pintura roja y result\u00f3 ser material biol\u00f3gico: nada.<\/p>\n\n\n\n<p>En la pr\u00f3xima comisi\u00f3n de medioambiente preguntaremos por el coste que para el ayuntamiento ha tenido esta actuaci\u00f3n y si desde el equipo de gobierno van a pasarle la factura a la sede del PP o estos servicios corren a cargo del presupuesto municipal y cu\u00e1les son los criterios que manejan desde el equipo de gobierno para realizar este tipo de actuaciones, por si el criterio es conocer a quien ejerce la competencia correspondiente.<\/p>\n\n\n\n<p>Reclamaremos adem\u00e1s transparencia sobre qui\u00e9n dio la orden de actuaci\u00f3n inmediata y exigimos que el Ayuntamiento de Ponferrada aplique la misma rapidez y eficacia en todos los barrios y comunidades que sufren pintadas<\/p>\n\n\n\n<p>Desde el grupo socialista reiteramos nuestra condena a cualquier forma de vandalismo pero tambi\u00e9n reclamamos igualdad, neutralidad institucional y un uso responsable de los recursos p\u00fablicos, porque la limpieza y la atenci\u00f3n municipal no pueden depender del color pol\u00edtico del edificio afectado.<\/p>\n\n\n\n<figure class=\"wp-block-image size-large\"><img loading=\"lazy\" decoding=\"async\" width=\"1024\" height=\"576\" src=\"https:\/\/agrupacionespsoe.es\/ponferrada\/wp-content\/uploads\/sites\/36\/2025\/10\/WhatsApp-Image-2025-10-20-at-09.45.41-1-1024x576.jpeg\" alt=\"\" class=\"wp-image-1182\" srcset=\"https:\/\/agrupacionespsoe.es\/ponferrada\/wp-content\/uploads\/sites\/36\/2025\/10\/WhatsApp-Image-2025-10-20-at-09.45.41-1-1024x576.jpeg 1024w, https:\/\/agrupacionespsoe.es\/ponferrada\/wp-content\/uploads\/sites\/36\/2025\/10\/WhatsApp-Image-2025-10-20-at-09.45.41-1-300x169.jpeg 300w, https:\/\/agrupacionespsoe.es\/ponferrada\/wp-content\/uploads\/sites\/36\/2025\/10\/WhatsApp-Image-2025-10-20-at-09.45.41-1-768x432.jpeg 768w, https:\/\/agrupacionespsoe.es\/ponferrada\/wp-content\/uploads\/sites\/36\/2025\/10\/WhatsApp-Image-2025-10-20-at-09.45.41-1-1536x864.jpeg 1536w, https:\/\/agrupacionespsoe.es\/ponferrada\/wp-content\/uploads\/sites\/36\/2025\/10\/WhatsApp-Image-2025-10-20-at-09.45.41-1.jpeg 1600w\" sizes=\"auto, (max-width: 1024px) 100vw, 1024px\" \/><\/figure>\n","protected":false},"excerpt":{"rendered":"<p>Desde el grupo municipal socialista queremos manifestar ante los hechos ocurridos en la ma\u00f1ana de ayer en Ponferrada, donde han aparecido diversas pintadas en la sede del Partido Popular coincidiendo con la visita del consejero de Medio Ambiente Juan Carlos Su\u00e1rez-Qui\u00f1ones, nuestra condena rotunda a cualquier acto vand\u00e1lico sea cual sea su motivaci\u00f3n o el &#8230;<\/p>\n","protected":false},"author":32,"featured_media":1182,"comment_status":"open","ping_status":"open","sticky":false,"template":"","format":"standard","meta":{"_jetpack_memberships_contains_paid_content":false,"footnotes":""},"categories":[6],"tags":[],"class_list":["post-1181","post","type-post","status-publish","format-standard","has-post-thumbnail","hentry","category-actualidad"],"yoast_head":"<!-- This site is optimized with the Yoast SEO plugin v24.0 - https:\/\/yoast.com\/wordpress\/plugins\/seo\/ -->\n<title>Condenamos el vandalismo, pero exigimos igualdad de trato en la actuaci\u00f3n municipal - Agrupaci\u00f3n Socialista de Ponferrada<\/title>\n<meta name=\"robots\" content=\"index, follow, max-snippet:-1, max-image-preview:large, max-video-preview:-1\" \/>\n<link rel=\"canonical\" href=\"https:\/\/agrupacionespsoe.es\/ponferrada\/condenamos-el-vandalismo-pero-exigimos-igualdad-de-trato-en-la-actuacion-municipal\/\" \/>\n<meta property=\"og:locale\" content=\"es_ES\" \/>\n<meta property=\"og:type\" content=\"article\" \/>\n<meta property=\"og:title\" content=\"Condenamos el vandalismo, pero exigimos igualdad de trato en la actuaci\u00f3n municipal - Agrupaci\u00f3n Socialista de Ponferrada\" \/>\n<meta property=\"og:description\" content=\"Desde el grupo municipal socialista queremos manifestar ante los hechos ocurridos en la ma\u00f1ana de ayer en Ponferrada, donde han aparecido diversas pintadas en la sede del Partido Popular coincidiendo con la visita del consejero de Medio Ambiente Juan Carlos Su\u00e1rez-Qui\u00f1ones, nuestra condena rotunda a cualquier acto vand\u00e1lico sea cual sea su motivaci\u00f3n o el ...\" \/>\n<meta property=\"og:url\" content=\"https:\/\/agrupacionespsoe.es\/ponferrada\/condenamos-el-vandalismo-pero-exigimos-igualdad-de-trato-en-la-actuacion-municipal\/\" \/>\n<meta property=\"og:site_name\" content=\"Agrupaci\u00f3n Socialista de Ponferrada\" \/>\n<meta property=\"article:published_time\" content=\"2025-10-18T07:43:39+00:00\" \/>\n<meta property=\"article:modified_time\" content=\"2025-10-20T07:49:12+00:00\" \/>\n<meta property=\"og:image\" content=\"https:\/\/agrupacionespsoe.es\/ponferrada\/wp-content\/uploads\/sites\/36\/2025\/10\/WhatsApp-Image-2025-10-20-at-09.45.41-1.jpeg\" \/>\n\t<meta property=\"og:image:width\" content=\"1600\" \/>\n\t<meta property=\"og:image:height\" content=\"900\" \/>\n\t<meta property=\"og:image:type\" content=\"image\/jpeg\" \/>\n<meta name=\"author\" content=\"ponferrada2\" \/>\n<meta name=\"twitter:card\" content=\"summary_large_image\" \/>\n<meta name=\"twitter:label1\" content=\"Escrito por\" \/>\n\t<meta name=\"twitter:data1\" content=\"ponferrada2\" \/>\n\t<meta name=\"twitter:label2\" content=\"Tiempo de lectura\" \/>\n\t<meta name=\"twitter:data2\" content=\"3 minutos\" \/>\n<script type=\"application\/ld+json\" class=\"yoast-schema-graph\">{\"@context\":\"https:\/\/schema.org\",\"@graph\":[{\"@type\":\"Article\",\"@id\":\"https:\/\/agrupacionespsoe.es\/ponferrada\/condenamos-el-vandalismo-pero-exigimos-igualdad-de-trato-en-la-actuacion-municipal\/#article\",\"isPartOf\":{\"@id\":\"https:\/\/agrupacionespsoe.es\/ponferrada\/condenamos-el-vandalismo-pero-exigimos-igualdad-de-trato-en-la-actuacion-municipal\/\"},\"author\":{\"name\":\"ponferrada2\",\"@id\":\"https:\/\/agrupacionespsoe.es\/ponferrada\/#\/schema\/person\/cd29ee627f3b70c05d415f02596debaa\"},\"headline\":\"Condenamos el vandalismo, pero exigimos igualdad de trato en la actuaci\u00f3n municipal\",\"datePublished\":\"2025-10-18T07:43:39+00:00\",\"dateModified\":\"2025-10-20T07:49:12+00:00\",\"mainEntityOfPage\":{\"@id\":\"https:\/\/agrupacionespsoe.es\/ponferrada\/condenamos-el-vandalismo-pero-exigimos-igualdad-de-trato-en-la-actuacion-municipal\/\"},\"wordCount\":434,\"commentCount\":0,\"publisher\":{\"@id\":\"https:\/\/agrupacionespsoe.es\/ponferrada\/#organization\"},\"image\":{\"@id\":\"https:\/\/agrupacionespsoe.es\/ponferrada\/condenamos-el-vandalismo-pero-exigimos-igualdad-de-trato-en-la-actuacion-municipal\/#primaryimage\"},\"thumbnailUrl\":\"https:\/\/agrupacionespsoe.es\/ponferrada\/wp-content\/uploads\/sites\/36\/2025\/10\/WhatsApp-Image-2025-10-20-at-09.45.41-1.jpeg\",\"articleSection\":[\"ACTUALIDAD\"],\"inLanguage\":\"es\",\"potentialAction\":[{\"@type\":\"CommentAction\",\"name\":\"Comment\",\"target\":[\"https:\/\/agrupacionespsoe.es\/ponferrada\/condenamos-el-vandalismo-pero-exigimos-igualdad-de-trato-en-la-actuacion-municipal\/#respond\"]}]},{\"@type\":\"WebPage\",\"@id\":\"https:\/\/agrupacionespsoe.es\/ponferrada\/condenamos-el-vandalismo-pero-exigimos-igualdad-de-trato-en-la-actuacion-municipal\/\",\"url\":\"https:\/\/agrupacionespsoe.es\/ponferrada\/condenamos-el-vandalismo-pero-exigimos-igualdad-de-trato-en-la-actuacion-municipal\/\",\"name\":\"Condenamos el vandalismo, pero exigimos igualdad de trato en la actuaci\u00f3n municipal - Agrupaci\u00f3n Socialista de Ponferrada\",\"isPartOf\":{\"@id\":\"https:\/\/agrupacionespsoe.es\/ponferrada\/#website\"},\"primaryImageOfPage\":{\"@id\":\"https:\/\/agrupacionespsoe.es\/ponferrada\/condenamos-el-vandalismo-pero-exigimos-igualdad-de-trato-en-la-actuacion-municipal\/#primaryimage\"},\"image\":{\"@id\":\"https:\/\/agrupacionespsoe.es\/ponferrada\/condenamos-el-vandalismo-pero-exigimos-igualdad-de-trato-en-la-actuacion-municipal\/#primaryimage\"},\"thumbnailUrl\":\"https:\/\/agrupacionespsoe.es\/ponferrada\/wp-content\/uploads\/sites\/36\/2025\/10\/WhatsApp-Image-2025-10-20-at-09.45.41-1.jpeg\",\"datePublished\":\"2025-10-18T07:43:39+00:00\",\"dateModified\":\"2025-10-20T07:49:12+00:00\",\"breadcrumb\":{\"@id\":\"https:\/\/agrupacionespsoe.es\/ponferrada\/condenamos-el-vandalismo-pero-exigimos-igualdad-de-trato-en-la-actuacion-municipal\/#breadcrumb\"},\"inLanguage\":\"es\",\"potentialAction\":[{\"@type\":\"ReadAction\",\"target\":[\"https:\/\/agrupacionespsoe.es\/ponferrada\/condenamos-el-vandalismo-pero-exigimos-igualdad-de-trato-en-la-actuacion-municipal\/\"]}]},{\"@type\":\"ImageObject\",\"inLanguage\":\"es\",\"@id\":\"https:\/\/agrupacionespsoe.es\/ponferrada\/condenamos-el-vandalismo-pero-exigimos-igualdad-de-trato-en-la-actuacion-municipal\/#primaryimage\",\"url\":\"https:\/\/agrupacionespsoe.es\/ponferrada\/wp-content\/uploads\/sites\/36\/2025\/10\/WhatsApp-Image-2025-10-20-at-09.45.41-1.jpeg\",\"contentUrl\":\"https:\/\/agrupacionespsoe.es\/ponferrada\/wp-content\/uploads\/sites\/36\/2025\/10\/WhatsApp-Image-2025-10-20-at-09.45.41-1.jpeg\",\"width\":1600,\"height\":900},{\"@type\":\"BreadcrumbList\",\"@id\":\"https:\/\/agrupacionespsoe.es\/ponferrada\/condenamos-el-vandalismo-pero-exigimos-igualdad-de-trato-en-la-actuacion-municipal\/#breadcrumb\",\"itemListElement\":[{\"@type\":\"ListItem\",\"position\":1,\"name\":\"Portada\",\"item\":\"https:\/\/agrupacionespsoe.es\/ponferrada\/\"},{\"@type\":\"ListItem\",\"position\":2,\"name\":\"Condenamos el vandalismo, pero exigimos igualdad de trato en la actuaci\u00f3n municipal\"}]},{\"@type\":\"WebSite\",\"@id\":\"https:\/\/agrupacionespsoe.es\/ponferrada\/#website\",\"url\":\"https:\/\/agrupacionespsoe.es\/ponferrada\/\",\"name\":\"Agrupaci\u00f3n Socialista de Ponferrada\",\"description\":\"Agrupaci\u00f3n Socialista de Ponferrada\",\"publisher\":{\"@id\":\"https:\/\/agrupacionespsoe.es\/ponferrada\/#organization\"},\"potentialAction\":[{\"@type\":\"SearchAction\",\"target\":{\"@type\":\"EntryPoint\",\"urlTemplate\":\"https:\/\/agrupacionespsoe.es\/ponferrada\/?s={search_term_string}\"},\"query-input\":{\"@type\":\"PropertyValueSpecification\",\"valueRequired\":true,\"valueName\":\"search_term_string\"}}],\"inLanguage\":\"es\"},{\"@type\":\"Organization\",\"@id\":\"https:\/\/agrupacionespsoe.es\/ponferrada\/#organization\",\"name\":\"Agrupaci\u00f3n Socialista de Ponferrada\",\"url\":\"https:\/\/agrupacionespsoe.es\/ponferrada\/\",\"logo\":{\"@type\":\"ImageObject\",\"inLanguage\":\"es\",\"@id\":\"https:\/\/agrupacionespsoe.es\/ponferrada\/#\/schema\/logo\/image\/\",\"url\":\"https:\/\/agrupacionespsoe.es\/wp-content\/uploads\/2022\/07\/Logotipo_electoral_del_PSOE.png\",\"contentUrl\":\"https:\/\/agrupacionespsoe.es\/wp-content\/uploads\/2022\/07\/Logotipo_electoral_del_PSOE.png\",\"width\":422,\"height\":422,\"caption\":\"Agrupaci\u00f3n Socialista de Ponferrada\"},\"image\":{\"@id\":\"https:\/\/agrupacionespsoe.es\/ponferrada\/#\/schema\/logo\/image\/\"}},{\"@type\":\"Person\",\"@id\":\"https:\/\/agrupacionespsoe.es\/ponferrada\/#\/schema\/person\/cd29ee627f3b70c05d415f02596debaa\",\"name\":\"ponferrada2\",\"image\":{\"@type\":\"ImageObject\",\"inLanguage\":\"es\",\"@id\":\"https:\/\/agrupacionespsoe.es\/ponferrada\/#\/schema\/person\/image\/\",\"url\":\"https:\/\/secure.gravatar.com\/avatar\/f499eeb60144c664cf7b7edf75549b50?s=96&d=mm&r=g\",\"contentUrl\":\"https:\/\/secure.gravatar.com\/avatar\/f499eeb60144c664cf7b7edf75549b50?s=96&d=mm&r=g\",\"caption\":\"ponferrada2\"},\"url\":\"https:\/\/agrupacionespsoe.es\/ponferrada\/author\/ponferrada2\/\"}]}<\/script>\n<!-- \/ Yoast SEO plugin. -->","yoast_head_json":{"title":"Condenamos el vandalismo, pero exigimos igualdad de trato en la actuaci\u00f3n municipal - Agrupaci\u00f3n Socialista de Ponferrada","robots":{"index":"index","follow":"follow","max-snippet":"max-snippet:-1","max-image-preview":"max-image-preview:large","max-video-preview":"max-video-preview:-1"},"canonical":"https:\/\/agrupacionespsoe.es\/ponferrada\/condenamos-el-vandalismo-pero-exigimos-igualdad-de-trato-en-la-actuacion-municipal\/","og_locale":"es_ES","og_type":"article","og_title":"Condenamos el vandalismo, pero exigimos igualdad de trato en la actuaci\u00f3n municipal - Agrupaci\u00f3n Socialista de Ponferrada","og_description":"Desde el grupo municipal socialista queremos manifestar ante los hechos ocurridos en la ma\u00f1ana de ayer en Ponferrada, donde han aparecido diversas pintadas en la sede del Partido Popular coincidiendo con la visita del consejero de Medio Ambiente Juan Carlos Su\u00e1rez-Qui\u00f1ones, nuestra condena rotunda a cualquier acto vand\u00e1lico sea cual sea su motivaci\u00f3n o el ...","og_url":"https:\/\/agrupacionespsoe.es\/ponferrada\/condenamos-el-vandalismo-pero-exigimos-igualdad-de-trato-en-la-actuacion-municipal\/","og_site_name":"Agrupaci\u00f3n Socialista de Ponferrada","article_published_time":"2025-10-18T07:43:39+00:00","article_modified_time":"2025-10-20T07:49:12+00:00","og_image":[{"width":1600,"height":900,"url":"https:\/\/agrupacionespsoe.es\/ponferrada\/wp-content\/uploads\/sites\/36\/2025\/10\/WhatsApp-Image-2025-10-20-at-09.45.41-1.jpeg","type":"image\/jpeg"}],"author":"ponferrada2","twitter_card":"summary_large_image","twitter_misc":{"Escrito por":"ponferrada2","Tiempo de lectura":"3 minutos"},"schema":{"@context":"https:\/\/schema.org","@graph":[{"@type":"Article","@id":"https:\/\/agrupacionespsoe.es\/ponferrada\/condenamos-el-vandalismo-pero-exigimos-igualdad-de-trato-en-la-actuacion-municipal\/#article","isPartOf":{"@id":"https:\/\/agrupacionespsoe.es\/ponferrada\/condenamos-el-vandalismo-pero-exigimos-igualdad-de-trato-en-la-actuacion-municipal\/"},"author":{"name":"ponferrada2","@id":"https:\/\/agrupacionespsoe.es\/ponferrada\/#\/schema\/person\/cd29ee627f3b70c05d415f02596debaa"},"headline":"Condenamos el vandalismo, pero exigimos igualdad de trato en la actuaci\u00f3n municipal","datePublished":"2025-10-18T07:43:39+00:00","dateModified":"2025-10-20T07:49:12+00:00","mainEntityOfPage":{"@id":"https:\/\/agrupacionespsoe.es\/ponferrada\/condenamos-el-vandalismo-pero-exigimos-igualdad-de-trato-en-la-actuacion-municipal\/"},"wordCount":434,"commentCount":0,"publisher":{"@id":"https:\/\/agrupacionespsoe.es\/ponferrada\/#organization"},"image":{"@id":"https:\/\/agrupacionespsoe.es\/ponferrada\/condenamos-el-vandalismo-pero-exigimos-igualdad-de-trato-en-la-actuacion-municipal\/#primaryimage"},"thumbnailUrl":"https:\/\/agrupacionespsoe.es\/ponferrada\/wp-content\/uploads\/sites\/36\/2025\/10\/WhatsApp-Image-2025-10-20-at-09.45.41-1.jpeg","articleSection":["ACTUALIDAD"],"inLanguage":"es","potentialAction":[{"@type":"CommentAction","name":"Comment","target":["https:\/\/agrupacionespsoe.es\/ponferrada\/condenamos-el-vandalismo-pero-exigimos-igualdad-de-trato-en-la-actuacion-municipal\/#respond"]}]},{"@type":"WebPage","@id":"https:\/\/agrupacionespsoe.es\/ponferrada\/condenamos-el-vandalismo-pero-exigimos-igualdad-de-trato-en-la-actuacion-municipal\/","url":"https:\/\/agrupacionespsoe.es\/ponferrada\/condenamos-el-vandalismo-pero-exigimos-igualdad-de-trato-en-la-actuacion-municipal\/","name":"Condenamos el vandalismo, pero exigimos igualdad de trato en la actuaci\u00f3n municipal - Agrupaci\u00f3n Socialista de Ponferrada","isPartOf":{"@id":"https:\/\/agrupacionespsoe.es\/ponferrada\/#website"},"primaryImageOfPage":{"@id":"https:\/\/agrupacionespsoe.es\/ponferrada\/condenamos-el-vandalismo-pero-exigimos-igualdad-de-trato-en-la-actuacion-municipal\/#primaryimage"},"image":{"@id":"https:\/\/agrupacionespsoe.es\/ponferrada\/condenamos-el-vandalismo-pero-exigimos-igualdad-de-trato-en-la-actuacion-municipal\/#primaryimage"},"thumbnailUrl":"https:\/\/agrupacionespsoe.es\/ponferrada\/wp-content\/uploads\/sites\/36\/2025\/10\/WhatsApp-Image-2025-10-20-at-09.45.41-1.jpeg","datePublished":"2025-10-18T07:43:39+00:00","dateModified":"2025-10-20T07:49:12+00:00","breadcrumb":{"@id":"https:\/\/agrupacionespsoe.es\/ponferrada\/condenamos-el-vandalismo-pero-exigimos-igualdad-de-trato-en-la-actuacion-municipal\/#breadcrumb"},"inLanguage":"es","potentialAction":[{"@type":"ReadAction","target":["https:\/\/agrupacionespsoe.es\/ponferrada\/condenamos-el-vandalismo-pero-exigimos-igualdad-de-trato-en-la-actuacion-municipal\/"]}]},{"@type":"ImageObject","inLanguage":"es","@id":"https:\/\/agrupacionespsoe.es\/ponferrada\/condenamos-el-vandalismo-pero-exigimos-igualdad-de-trato-en-la-actuacion-municipal\/#primaryimage","url":"https:\/\/agrupacionespsoe.es\/ponferrada\/wp-content\/uploads\/sites\/36\/2025\/10\/WhatsApp-Image-2025-10-20-at-09.45.41-1.jpeg","contentUrl":"https:\/\/agrupacionespsoe.es\/ponferrada\/wp-content\/uploads\/sites\/36\/2025\/10\/WhatsApp-Image-2025-10-20-at-09.45.41-1.jpeg","width":1600,"height":900},{"@type":"BreadcrumbList","@id":"https:\/\/agrupacionespsoe.es\/ponferrada\/condenamos-el-vandalismo-pero-exigimos-igualdad-de-trato-en-la-actuacion-municipal\/#breadcrumb","itemListElement":[{"@type":"ListItem","position":1,"name":"Portada","item":"https:\/\/agrupacionespsoe.es\/ponferrada\/"},{"@type":"ListItem","position":2,"name":"Condenamos el vandalismo, pero exigimos igualdad de trato en la actuaci\u00f3n municipal"}]},{"@type":"WebSite","@id":"https:\/\/agrupacionespsoe.es\/ponferrada\/#website","url":"https:\/\/agrupacionespsoe.es\/ponferrada\/","name":"Agrupaci\u00f3n Socialista de Ponferrada","description":"Agrupaci\u00f3n Socialista de Ponferrada","publisher":{"@id":"https:\/\/agrupacionespsoe.es\/ponferrada\/#organization"},"potentialAction":[{"@type":"SearchAction","target":{"@type":"EntryPoint","urlTemplate":"https:\/\/agrupacionespsoe.es\/ponferrada\/?s={search_term_string}"},"query-input":{"@type":"PropertyValueSpecification","valueRequired":true,"valueName":"search_term_string"}}],"inLanguage":"es"},{"@type":"Organization","@id":"https:\/\/agrupacionespsoe.es\/ponferrada\/#organization","name":"Agrupaci\u00f3n Socialista de Ponferrada","url":"https:\/\/agrupacionespsoe.es\/ponferrada\/","logo":{"@type":"ImageObject","inLanguage":"es","@id":"https:\/\/agrupacionespsoe.es\/ponferrada\/#\/schema\/logo\/image\/","url":"https:\/\/agrupacionespsoe.es\/wp-content\/uploads\/2022\/07\/Logotipo_electoral_del_PSOE.png","contentUrl":"https:\/\/agrupacionespsoe.es\/wp-content\/uploads\/2022\/07\/Logotipo_electoral_del_PSOE.png","width":422,"height":422,"caption":"Agrupaci\u00f3n Socialista de Ponferrada"},"image":{"@id":"https:\/\/agrupacionespsoe.es\/ponferrada\/#\/schema\/logo\/image\/"}},{"@type":"Person","@id":"https:\/\/agrupacionespsoe.es\/ponferrada\/#\/schema\/person\/cd29ee627f3b70c05d415f02596debaa","name":"ponferrada2","image":{"@type":"ImageObject","inLanguage":"es","@id":"https:\/\/agrupacionespsoe.es\/ponferrada\/#\/schema\/person\/image\/","url":"https:\/\/secure.gravatar.com\/avatar\/f499eeb60144c664cf7b7edf75549b50?s=96&d=mm&r=g","contentUrl":"https:\/\/secure.gravatar.com\/avatar\/f499eeb60144c664cf7b7edf75549b50?s=96&d=mm&r=g","caption":"ponferrada2"},"url":"https:\/\/agrupacionespsoe.es\/ponferrada\/author\/ponferrada2\/"}]}},"jetpack_featured_media_url":"https:\/\/agrupacionespsoe.es\/ponferrada\/wp-content\/uploads\/sites\/36\/2025\/10\/WhatsApp-Image-2025-10-20-at-09.45.41-1.jpeg","jetpack_sharing_enabled":true,"_links":{"self":[{"href":"https:\/\/agrupacionespsoe.es\/ponferrada\/wp-json\/wp\/v2\/posts\/1181","targetHints":{"allow":["GET"]}}],"collection":[{"href":"https:\/\/agrupacionespsoe.es\/ponferrada\/wp-json\/wp\/v2\/posts"}],"about":[{"href":"https:\/\/agrupacionespsoe.es\/ponferrada\/wp-json\/wp\/v2\/types\/post"}],"author":[{"embeddable":true,"href":"https:\/\/agrupacionespsoe.es\/ponferrada\/wp-json\/wp\/v2\/users\/32"}],"replies":[{"embeddable":true,"href":"https:\/\/agrupacionespsoe.es\/ponferrada\/wp-json\/wp\/v2\/comments?post=1181"}],"version-history":[{"count":2,"href":"https:\/\/agrupacionespsoe.es\/ponferrada\/wp-json\/wp\/v2\/posts\/1181\/revisions"}],"predecessor-version":[{"id":1185,"href":"https:\/\/agrupacionespsoe.es\/ponferrada\/wp-json\/wp\/v2\/posts\/1181\/revisions\/1185"}],"wp:featuredmedia":[{"embeddable":true,"href":"https:\/\/agrupacionespsoe.es\/ponferrada\/wp-json\/wp\/v2\/media\/1182"}],"wp:attachment":[{"href":"https:\/\/agrupacionespsoe.es\/ponferrada\/wp-json\/wp\/v2\/media?parent=1181"}],"wp:term":[{"taxonomy":"category","embeddable":true,"href":"https:\/\/agrupacionespsoe.es\/ponferrada\/wp-json\/wp\/v2\/categories?post=1181"},{"taxonomy":"post_tag","embeddable":true,"href":"https:\/\/agrupacionespsoe.es\/ponferrada\/wp-json\/wp\/v2\/tags?post=1181"}],"curies":[{"name":"wp","href":"https:\/\/api.w.org\/{rel}","templated":true}]}}