{"id":1171,"date":"2025-10-17T11:34:05","date_gmt":"2025-10-17T11:34:05","guid":{"rendered":"https:\/\/agrupacionespsoe.es\/ponferrada\/?p=1171"},"modified":"2025-10-17T11:38:37","modified_gmt":"2025-10-17T11:38:37","slug":"el-psoe-de-ponferrada-califica-los-presupuestos-de-la-junta-para-2026-como-el-certificado-de-defuncion-del-pacto-pp-coalicion-por-el-bierzo","status":"publish","type":"post","link":"https:\/\/agrupacionespsoe.es\/ponferrada\/el-psoe-de-ponferrada-califica-los-presupuestos-de-la-junta-para-2026-como-el-certificado-de-defuncion-del-pacto-pp-coalicion-por-el-bierzo\/","title":{"rendered":"El PSOE de Ponferrada califica los presupuestos de la Junta para 2026 como el \u201ccertificado de defunci\u00f3n\u201d del pacto PP\u2013Coalici\u00f3n por el Bierzo"},"content":{"rendered":"\n<p>El secretario general del PSOE de Ponferrada y portavoz del grupo municipal socialista en el Ayuntamiento, Olegario Ram\u00f3n, ha asegurado hoy que el proyecto de presupuestos de la Junta de Castilla y Le\u00f3n para 2026 \u201ccertifica la defunci\u00f3n del pacto de gobierno entre el Partido Popular y Coalici\u00f3n por el Bierzo\u201d en el Consistorio ponferradino.<\/p>\n\n\n\n<p>En una rueda de prensa ofrecida en la sede socialista, Ram\u00f3n afirm\u00f3 haber analizado \u201cexhaustivamente\u201d las cuentas auton\u00f3micas y concluy\u00f3 que no recogen ni una sola de las inversiones comprometidas en el acuerdo de gobierno firmado por PP y Coalici\u00f3n por el Bierzo.<\/p>\n\n\n\n<p>\u201cEl pacto hablaba de inversiones por valor de varios millones de euros: la urbanizaci\u00f3n de la avenida del Castillo, la reforma de la calle del Cristo, la mejora del mercado de abastos, la estaci\u00f3n de monta\u00f1a del Morredero o la creaci\u00f3n de un centro de FP en el colegio Flores del Sil, entre otras. En los presupuestos no aparece ni un c\u00e9ntimo para ninguna de ellas\u201d, denunci\u00f3 el dirigente socialista.<\/p>\n\n\n\n<figure class=\"wp-block-image size-large\"><img loading=\"lazy\" decoding=\"async\" width=\"724\" height=\"1024\" src=\"https:\/\/agrupacionespsoe.es\/ponferrada\/wp-content\/uploads\/sites\/36\/2025\/10\/Checklist-lista-de-materiales-doodle-azul-724x1024.jpg\" alt=\"\" class=\"wp-image-1176\" srcset=\"https:\/\/agrupacionespsoe.es\/ponferrada\/wp-content\/uploads\/sites\/36\/2025\/10\/Checklist-lista-de-materiales-doodle-azul-724x1024.jpg 724w, https:\/\/agrupacionespsoe.es\/ponferrada\/wp-content\/uploads\/sites\/36\/2025\/10\/Checklist-lista-de-materiales-doodle-azul-212x300.jpg 212w, https:\/\/agrupacionespsoe.es\/ponferrada\/wp-content\/uploads\/sites\/36\/2025\/10\/Checklist-lista-de-materiales-doodle-azul-768x1086.jpg 768w, https:\/\/agrupacionespsoe.es\/ponferrada\/wp-content\/uploads\/sites\/36\/2025\/10\/Checklist-lista-de-materiales-doodle-azul-1086x1536.jpg 1086w, https:\/\/agrupacionespsoe.es\/ponferrada\/wp-content\/uploads\/sites\/36\/2025\/10\/Checklist-lista-de-materiales-doodle-azul.jpg 1414w\" sizes=\"auto, (max-width: 724px) 100vw, 724px\" \/><\/figure>\n\n\n\n<p>Ram\u00f3n consider\u00f3 que esta ausencia de inversiones demuestra que la Junta \u201cda la espalda\u201d a Ponferrada y a sus pueblos, y que Coalici\u00f3n por el Bierzo \u201ctiene muy dif\u00edcil explicar a sus votantes por qu\u00e9 sigue en el gobierno municipal sin haber logrado el cumplimiento de ninguno de los compromisos adquiridos\u201d. \u201cEstamos en los proleg\u00f3menos del sepelio de ese pacto de gobierno\u201d, afirm\u00f3.<\/p>\n\n\n\n<h3 class=\"wp-block-heading\"><strong>Cr\u00edticas al cambio de ubicaci\u00f3n del centro de salud Ponferrada I<\/strong><\/h3>\n\n\n\n<p>El l\u00edder socialista tambi\u00e9n se refiri\u00f3 al retraso en la construcci\u00f3n del nuevo centro de salud Ponferrada I, para el que los presupuestos de la Junta solo reservan 59.290 euros.<br>Ram\u00f3n responsabiliz\u00f3 directamente al alcalde, Marco Morala (PP), de haber paralizado el proyecto \u201cpor una decisi\u00f3n personal equivocada y revanchista\u201d al cambiar su ubicaci\u00f3n prevista en la calle Obispo Osmundo por otra zona \u201cpendiente de desarrollo urban\u00edstico y con amplia contestaci\u00f3n vecinal\u201d.<\/p>\n\n\n\n<p>Seg\u00fan el portavoz del PSOE, \u201cese cambio ha dado a la Junta la excusa perfecta para no ejecutar la obra\u201d, y record\u00f3 que el propio gerente del hospital del Bierzo reconoci\u00f3 recientemente que el proyecto \u201cno puede avanzar porque no hay terrenos disponibles\u201d.<\/p>\n\n\n\n<p>\u201cEl alcalde ha dejado a Ponferrada sin centro de salud, igual que antes nos quedamos sin el edificio de usos m\u00faltiples de la Rosaleda, sin el centro de especialidades o sin el CRIE prometido en el colegio La Puebla. Es un c\u00famulo de incumplimientos que demuestra una absoluta falta de gesti\u00f3n\u201d, concluy\u00f3 Ram\u00f3n.<\/p>\n\n\n\n<figure class=\"wp-block-image size-large\"><img loading=\"lazy\" decoding=\"async\" width=\"1024\" height=\"768\" src=\"https:\/\/agrupacionespsoe.es\/ponferrada\/wp-content\/uploads\/sites\/36\/2025\/10\/WhatsApp-Image-2025-10-17-at-13.33.37-1024x768.jpeg\" alt=\"\" class=\"wp-image-1172\" srcset=\"https:\/\/agrupacionespsoe.es\/ponferrada\/wp-content\/uploads\/sites\/36\/2025\/10\/WhatsApp-Image-2025-10-17-at-13.33.37-1024x768.jpeg 1024w, https:\/\/agrupacionespsoe.es\/ponferrada\/wp-content\/uploads\/sites\/36\/2025\/10\/WhatsApp-Image-2025-10-17-at-13.33.37-300x225.jpeg 300w, https:\/\/agrupacionespsoe.es\/ponferrada\/wp-content\/uploads\/sites\/36\/2025\/10\/WhatsApp-Image-2025-10-17-at-13.33.37-768x576.jpeg 768w, https:\/\/agrupacionespsoe.es\/ponferrada\/wp-content\/uploads\/sites\/36\/2025\/10\/WhatsApp-Image-2025-10-17-at-13.33.37-1536x1152.jpeg 1536w, https:\/\/agrupacionespsoe.es\/ponferrada\/wp-content\/uploads\/sites\/36\/2025\/10\/WhatsApp-Image-2025-10-17-at-13.33.37.jpeg 2048w\" sizes=\"auto, (max-width: 1024px) 100vw, 1024px\" \/><\/figure>\n","protected":false},"excerpt":{"rendered":"<p>El secretario general del PSOE de Ponferrada y portavoz del grupo municipal socialista en el Ayuntamiento, Olegario Ram\u00f3n, ha asegurado hoy que el proyecto de presupuestos de la Junta de Castilla y Le\u00f3n para 2026 \u201ccertifica la defunci\u00f3n del pacto de gobierno entre el Partido Popular y Coalici\u00f3n por el Bierzo\u201d en el Consistorio ponferradino. &#8230;<\/p>\n","protected":false},"author":32,"featured_media":1172,"comment_status":"open","ping_status":"open","sticky":false,"template":"","format":"standard","meta":{"_jetpack_memberships_contains_paid_content":false,"footnotes":""},"categories":[6],"tags":[],"class_list":["post-1171","post","type-post","status-publish","format-standard","has-post-thumbnail","hentry","category-actualidad"],"yoast_head":"<!-- This site is optimized with the Yoast SEO plugin v24.0 - https:\/\/yoast.com\/wordpress\/plugins\/seo\/ -->\n<title>El PSOE de Ponferrada califica los presupuestos de la Junta para 2026 como el \u201ccertificado de defunci\u00f3n\u201d del pacto PP\u2013Coalici\u00f3n por el Bierzo - Agrupaci\u00f3n Socialista de Ponferrada<\/title>\n<meta name=\"robots\" content=\"index, follow, max-snippet:-1, max-image-preview:large, max-video-preview:-1\" \/>\n<link rel=\"canonical\" href=\"https:\/\/agrupacionespsoe.es\/ponferrada\/el-psoe-de-ponferrada-califica-los-presupuestos-de-la-junta-para-2026-como-el-certificado-de-defuncion-del-pacto-pp-coalicion-por-el-bierzo\/\" \/>\n<meta property=\"og:locale\" content=\"es_ES\" \/>\n<meta property=\"og:type\" content=\"article\" \/>\n<meta property=\"og:title\" content=\"El PSOE de Ponferrada califica los presupuestos de la Junta para 2026 como el \u201ccertificado de defunci\u00f3n\u201d del pacto PP\u2013Coalici\u00f3n por el Bierzo - Agrupaci\u00f3n Socialista de Ponferrada\" \/>\n<meta property=\"og:description\" content=\"El secretario general del PSOE de Ponferrada y portavoz del grupo municipal socialista en el Ayuntamiento, Olegario Ram\u00f3n, ha asegurado hoy que el proyecto de presupuestos de la Junta de Castilla y Le\u00f3n para 2026 \u201ccertifica la defunci\u00f3n del pacto de gobierno entre el Partido Popular y Coalici\u00f3n por el Bierzo\u201d en el Consistorio ponferradino. ...\" \/>\n<meta property=\"og:url\" content=\"https:\/\/agrupacionespsoe.es\/ponferrada\/el-psoe-de-ponferrada-califica-los-presupuestos-de-la-junta-para-2026-como-el-certificado-de-defuncion-del-pacto-pp-coalicion-por-el-bierzo\/\" \/>\n<meta property=\"og:site_name\" content=\"Agrupaci\u00f3n Socialista de Ponferrada\" \/>\n<meta property=\"article:published_time\" content=\"2025-10-17T11:34:05+00:00\" \/>\n<meta property=\"article:modified_time\" content=\"2025-10-17T11:38:37+00:00\" \/>\n<meta property=\"og:image\" content=\"https:\/\/agrupacionespsoe.es\/ponferrada\/wp-content\/uploads\/sites\/36\/2025\/10\/WhatsApp-Image-2025-10-17-at-13.33.37.jpeg\" \/>\n\t<meta property=\"og:image:width\" content=\"2048\" \/>\n\t<meta property=\"og:image:height\" content=\"1536\" \/>\n\t<meta property=\"og:image:type\" content=\"image\/jpeg\" \/>\n<meta name=\"author\" content=\"ponferrada2\" \/>\n<meta name=\"twitter:card\" content=\"summary_large_image\" \/>\n<meta name=\"twitter:label1\" content=\"Escrito por\" \/>\n\t<meta name=\"twitter:data1\" content=\"ponferrada2\" \/>\n\t<meta name=\"twitter:label2\" content=\"Tiempo de lectura\" \/>\n\t<meta name=\"twitter:data2\" content=\"3 minutos\" \/>\n<script type=\"application\/ld+json\" class=\"yoast-schema-graph\">{\"@context\":\"https:\/\/schema.org\",\"@graph\":[{\"@type\":\"Article\",\"@id\":\"https:\/\/agrupacionespsoe.es\/ponferrada\/el-psoe-de-ponferrada-califica-los-presupuestos-de-la-junta-para-2026-como-el-certificado-de-defuncion-del-pacto-pp-coalicion-por-el-bierzo\/#article\",\"isPartOf\":{\"@id\":\"https:\/\/agrupacionespsoe.es\/ponferrada\/el-psoe-de-ponferrada-califica-los-presupuestos-de-la-junta-para-2026-como-el-certificado-de-defuncion-del-pacto-pp-coalicion-por-el-bierzo\/\"},\"author\":{\"name\":\"ponferrada2\",\"@id\":\"https:\/\/agrupacionespsoe.es\/ponferrada\/#\/schema\/person\/cd29ee627f3b70c05d415f02596debaa\"},\"headline\":\"El PSOE de Ponferrada califica los presupuestos de la Junta para 2026 como el \u201ccertificado de defunci\u00f3n\u201d del pacto PP\u2013Coalici\u00f3n por el Bierzo\",\"datePublished\":\"2025-10-17T11:34:05+00:00\",\"dateModified\":\"2025-10-17T11:38:37+00:00\",\"mainEntityOfPage\":{\"@id\":\"https:\/\/agrupacionespsoe.es\/ponferrada\/el-psoe-de-ponferrada-califica-los-presupuestos-de-la-junta-para-2026-como-el-certificado-de-defuncion-del-pacto-pp-coalicion-por-el-bierzo\/\"},\"wordCount\":464,\"commentCount\":0,\"publisher\":{\"@id\":\"https:\/\/agrupacionespsoe.es\/ponferrada\/#organization\"},\"image\":{\"@id\":\"https:\/\/agrupacionespsoe.es\/ponferrada\/el-psoe-de-ponferrada-califica-los-presupuestos-de-la-junta-para-2026-como-el-certificado-de-defuncion-del-pacto-pp-coalicion-por-el-bierzo\/#primaryimage\"},\"thumbnailUrl\":\"https:\/\/agrupacionespsoe.es\/ponferrada\/wp-content\/uploads\/sites\/36\/2025\/10\/WhatsApp-Image-2025-10-17-at-13.33.37.jpeg\",\"articleSection\":[\"ACTUALIDAD\"],\"inLanguage\":\"es\",\"potentialAction\":[{\"@type\":\"CommentAction\",\"name\":\"Comment\",\"target\":[\"https:\/\/agrupacionespsoe.es\/ponferrada\/el-psoe-de-ponferrada-califica-los-presupuestos-de-la-junta-para-2026-como-el-certificado-de-defuncion-del-pacto-pp-coalicion-por-el-bierzo\/#respond\"]}]},{\"@type\":\"WebPage\",\"@id\":\"https:\/\/agrupacionespsoe.es\/ponferrada\/el-psoe-de-ponferrada-califica-los-presupuestos-de-la-junta-para-2026-como-el-certificado-de-defuncion-del-pacto-pp-coalicion-por-el-bierzo\/\",\"url\":\"https:\/\/agrupacionespsoe.es\/ponferrada\/el-psoe-de-ponferrada-califica-los-presupuestos-de-la-junta-para-2026-como-el-certificado-de-defuncion-del-pacto-pp-coalicion-por-el-bierzo\/\",\"name\":\"El PSOE de Ponferrada califica los presupuestos de la Junta para 2026 como el \u201ccertificado de defunci\u00f3n\u201d del pacto PP\u2013Coalici\u00f3n por el Bierzo - Agrupaci\u00f3n Socialista de Ponferrada\",\"isPartOf\":{\"@id\":\"https:\/\/agrupacionespsoe.es\/ponferrada\/#website\"},\"primaryImageOfPage\":{\"@id\":\"https:\/\/agrupacionespsoe.es\/ponferrada\/el-psoe-de-ponferrada-califica-los-presupuestos-de-la-junta-para-2026-como-el-certificado-de-defuncion-del-pacto-pp-coalicion-por-el-bierzo\/#primaryimage\"},\"image\":{\"@id\":\"https:\/\/agrupacionespsoe.es\/ponferrada\/el-psoe-de-ponferrada-califica-los-presupuestos-de-la-junta-para-2026-como-el-certificado-de-defuncion-del-pacto-pp-coalicion-por-el-bierzo\/#primaryimage\"},\"thumbnailUrl\":\"https:\/\/agrupacionespsoe.es\/ponferrada\/wp-content\/uploads\/sites\/36\/2025\/10\/WhatsApp-Image-2025-10-17-at-13.33.37.jpeg\",\"datePublished\":\"2025-10-17T11:34:05+00:00\",\"dateModified\":\"2025-10-17T11:38:37+00:00\",\"breadcrumb\":{\"@id\":\"https:\/\/agrupacionespsoe.es\/ponferrada\/el-psoe-de-ponferrada-califica-los-presupuestos-de-la-junta-para-2026-como-el-certificado-de-defuncion-del-pacto-pp-coalicion-por-el-bierzo\/#breadcrumb\"},\"inLanguage\":\"es\",\"potentialAction\":[{\"@type\":\"ReadAction\",\"target\":[\"https:\/\/agrupacionespsoe.es\/ponferrada\/el-psoe-de-ponferrada-califica-los-presupuestos-de-la-junta-para-2026-como-el-certificado-de-defuncion-del-pacto-pp-coalicion-por-el-bierzo\/\"]}]},{\"@type\":\"ImageObject\",\"inLanguage\":\"es\",\"@id\":\"https:\/\/agrupacionespsoe.es\/ponferrada\/el-psoe-de-ponferrada-califica-los-presupuestos-de-la-junta-para-2026-como-el-certificado-de-defuncion-del-pacto-pp-coalicion-por-el-bierzo\/#primaryimage\",\"url\":\"https:\/\/agrupacionespsoe.es\/ponferrada\/wp-content\/uploads\/sites\/36\/2025\/10\/WhatsApp-Image-2025-10-17-at-13.33.37.jpeg\",\"contentUrl\":\"https:\/\/agrupacionespsoe.es\/ponferrada\/wp-content\/uploads\/sites\/36\/2025\/10\/WhatsApp-Image-2025-10-17-at-13.33.37.jpeg\",\"width\":2048,\"height\":1536},{\"@type\":\"BreadcrumbList\",\"@id\":\"https:\/\/agrupacionespsoe.es\/ponferrada\/el-psoe-de-ponferrada-califica-los-presupuestos-de-la-junta-para-2026-como-el-certificado-de-defuncion-del-pacto-pp-coalicion-por-el-bierzo\/#breadcrumb\",\"itemListElement\":[{\"@type\":\"ListItem\",\"position\":1,\"name\":\"Portada\",\"item\":\"https:\/\/agrupacionespsoe.es\/ponferrada\/\"},{\"@type\":\"ListItem\",\"position\":2,\"name\":\"El PSOE de Ponferrada califica los presupuestos de la Junta para 2026 como el \u201ccertificado de defunci\u00f3n\u201d del pacto PP\u2013Coalici\u00f3n por el Bierzo\"}]},{\"@type\":\"WebSite\",\"@id\":\"https:\/\/agrupacionespsoe.es\/ponferrada\/#website\",\"url\":\"https:\/\/agrupacionespsoe.es\/ponferrada\/\",\"name\":\"Agrupaci\u00f3n Socialista de Ponferrada\",\"description\":\"Agrupaci\u00f3n Socialista de Ponferrada\",\"publisher\":{\"@id\":\"https:\/\/agrupacionespsoe.es\/ponferrada\/#organization\"},\"potentialAction\":[{\"@type\":\"SearchAction\",\"target\":{\"@type\":\"EntryPoint\",\"urlTemplate\":\"https:\/\/agrupacionespsoe.es\/ponferrada\/?s={search_term_string}\"},\"query-input\":{\"@type\":\"PropertyValueSpecification\",\"valueRequired\":true,\"valueName\":\"search_term_string\"}}],\"inLanguage\":\"es\"},{\"@type\":\"Organization\",\"@id\":\"https:\/\/agrupacionespsoe.es\/ponferrada\/#organization\",\"name\":\"Agrupaci\u00f3n Socialista de Ponferrada\",\"url\":\"https:\/\/agrupacionespsoe.es\/ponferrada\/\",\"logo\":{\"@type\":\"ImageObject\",\"inLanguage\":\"es\",\"@id\":\"https:\/\/agrupacionespsoe.es\/ponferrada\/#\/schema\/logo\/image\/\",\"url\":\"https:\/\/agrupacionespsoe.es\/wp-content\/uploads\/2022\/07\/Logotipo_electoral_del_PSOE.png\",\"contentUrl\":\"https:\/\/agrupacionespsoe.es\/wp-content\/uploads\/2022\/07\/Logotipo_electoral_del_PSOE.png\",\"width\":422,\"height\":422,\"caption\":\"Agrupaci\u00f3n Socialista de Ponferrada\"},\"image\":{\"@id\":\"https:\/\/agrupacionespsoe.es\/ponferrada\/#\/schema\/logo\/image\/\"}},{\"@type\":\"Person\",\"@id\":\"https:\/\/agrupacionespsoe.es\/ponferrada\/#\/schema\/person\/cd29ee627f3b70c05d415f02596debaa\",\"name\":\"ponferrada2\",\"image\":{\"@type\":\"ImageObject\",\"inLanguage\":\"es\",\"@id\":\"https:\/\/agrupacionespsoe.es\/ponferrada\/#\/schema\/person\/image\/\",\"url\":\"https:\/\/secure.gravatar.com\/avatar\/f499eeb60144c664cf7b7edf75549b50?s=96&d=mm&r=g\",\"contentUrl\":\"https:\/\/secure.gravatar.com\/avatar\/f499eeb60144c664cf7b7edf75549b50?s=96&d=mm&r=g\",\"caption\":\"ponferrada2\"},\"url\":\"https:\/\/agrupacionespsoe.es\/ponferrada\/author\/ponferrada2\/\"}]}<\/script>\n<!-- \/ Yoast SEO plugin. -->","yoast_head_json":{"title":"El PSOE de Ponferrada califica los presupuestos de la Junta para 2026 como el \u201ccertificado de defunci\u00f3n\u201d del pacto PP\u2013Coalici\u00f3n por el Bierzo - Agrupaci\u00f3n Socialista de Ponferrada","robots":{"index":"index","follow":"follow","max-snippet":"max-snippet:-1","max-image-preview":"max-image-preview:large","max-video-preview":"max-video-preview:-1"},"canonical":"https:\/\/agrupacionespsoe.es\/ponferrada\/el-psoe-de-ponferrada-califica-los-presupuestos-de-la-junta-para-2026-como-el-certificado-de-defuncion-del-pacto-pp-coalicion-por-el-bierzo\/","og_locale":"es_ES","og_type":"article","og_title":"El PSOE de Ponferrada califica los presupuestos de la Junta para 2026 como el \u201ccertificado de defunci\u00f3n\u201d del pacto PP\u2013Coalici\u00f3n por el Bierzo - Agrupaci\u00f3n Socialista de Ponferrada","og_description":"El secretario general del PSOE de Ponferrada y portavoz del grupo municipal socialista en el Ayuntamiento, Olegario Ram\u00f3n, ha asegurado hoy que el proyecto de presupuestos de la Junta de Castilla y Le\u00f3n para 2026 \u201ccertifica la defunci\u00f3n del pacto de gobierno entre el Partido Popular y Coalici\u00f3n por el Bierzo\u201d en el Consistorio ponferradino. ...","og_url":"https:\/\/agrupacionespsoe.es\/ponferrada\/el-psoe-de-ponferrada-califica-los-presupuestos-de-la-junta-para-2026-como-el-certificado-de-defuncion-del-pacto-pp-coalicion-por-el-bierzo\/","og_site_name":"Agrupaci\u00f3n Socialista de Ponferrada","article_published_time":"2025-10-17T11:34:05+00:00","article_modified_time":"2025-10-17T11:38:37+00:00","og_image":[{"width":2048,"height":1536,"url":"https:\/\/agrupacionespsoe.es\/ponferrada\/wp-content\/uploads\/sites\/36\/2025\/10\/WhatsApp-Image-2025-10-17-at-13.33.37.jpeg","type":"image\/jpeg"}],"author":"ponferrada2","twitter_card":"summary_large_image","twitter_misc":{"Escrito por":"ponferrada2","Tiempo de lectura":"3 minutos"},"schema":{"@context":"https:\/\/schema.org","@graph":[{"@type":"Article","@id":"https:\/\/agrupacionespsoe.es\/ponferrada\/el-psoe-de-ponferrada-califica-los-presupuestos-de-la-junta-para-2026-como-el-certificado-de-defuncion-del-pacto-pp-coalicion-por-el-bierzo\/#article","isPartOf":{"@id":"https:\/\/agrupacionespsoe.es\/ponferrada\/el-psoe-de-ponferrada-califica-los-presupuestos-de-la-junta-para-2026-como-el-certificado-de-defuncion-del-pacto-pp-coalicion-por-el-bierzo\/"},"author":{"name":"ponferrada2","@id":"https:\/\/agrupacionespsoe.es\/ponferrada\/#\/schema\/person\/cd29ee627f3b70c05d415f02596debaa"},"headline":"El PSOE de Ponferrada califica los presupuestos de la Junta para 2026 como el \u201ccertificado de defunci\u00f3n\u201d del pacto PP\u2013Coalici\u00f3n por el Bierzo","datePublished":"2025-10-17T11:34:05+00:00","dateModified":"2025-10-17T11:38:37+00:00","mainEntityOfPage":{"@id":"https:\/\/agrupacionespsoe.es\/ponferrada\/el-psoe-de-ponferrada-califica-los-presupuestos-de-la-junta-para-2026-como-el-certificado-de-defuncion-del-pacto-pp-coalicion-por-el-bierzo\/"},"wordCount":464,"commentCount":0,"publisher":{"@id":"https:\/\/agrupacionespsoe.es\/ponferrada\/#organization"},"image":{"@id":"https:\/\/agrupacionespsoe.es\/ponferrada\/el-psoe-de-ponferrada-califica-los-presupuestos-de-la-junta-para-2026-como-el-certificado-de-defuncion-del-pacto-pp-coalicion-por-el-bierzo\/#primaryimage"},"thumbnailUrl":"https:\/\/agrupacionespsoe.es\/ponferrada\/wp-content\/uploads\/sites\/36\/2025\/10\/WhatsApp-Image-2025-10-17-at-13.33.37.jpeg","articleSection":["ACTUALIDAD"],"inLanguage":"es","potentialAction":[{"@type":"CommentAction","name":"Comment","target":["https:\/\/agrupacionespsoe.es\/ponferrada\/el-psoe-de-ponferrada-califica-los-presupuestos-de-la-junta-para-2026-como-el-certificado-de-defuncion-del-pacto-pp-coalicion-por-el-bierzo\/#respond"]}]},{"@type":"WebPage","@id":"https:\/\/agrupacionespsoe.es\/ponferrada\/el-psoe-de-ponferrada-califica-los-presupuestos-de-la-junta-para-2026-como-el-certificado-de-defuncion-del-pacto-pp-coalicion-por-el-bierzo\/","url":"https:\/\/agrupacionespsoe.es\/ponferrada\/el-psoe-de-ponferrada-califica-los-presupuestos-de-la-junta-para-2026-como-el-certificado-de-defuncion-del-pacto-pp-coalicion-por-el-bierzo\/","name":"El PSOE de Ponferrada califica los presupuestos de la Junta para 2026 como el \u201ccertificado de defunci\u00f3n\u201d del pacto PP\u2013Coalici\u00f3n por el Bierzo - Agrupaci\u00f3n Socialista de Ponferrada","isPartOf":{"@id":"https:\/\/agrupacionespsoe.es\/ponferrada\/#website"},"primaryImageOfPage":{"@id":"https:\/\/agrupacionespsoe.es\/ponferrada\/el-psoe-de-ponferrada-califica-los-presupuestos-de-la-junta-para-2026-como-el-certificado-de-defuncion-del-pacto-pp-coalicion-por-el-bierzo\/#primaryimage"},"image":{"@id":"https:\/\/agrupacionespsoe.es\/ponferrada\/el-psoe-de-ponferrada-califica-los-presupuestos-de-la-junta-para-2026-como-el-certificado-de-defuncion-del-pacto-pp-coalicion-por-el-bierzo\/#primaryimage"},"thumbnailUrl":"https:\/\/agrupacionespsoe.es\/ponferrada\/wp-content\/uploads\/sites\/36\/2025\/10\/WhatsApp-Image-2025-10-17-at-13.33.37.jpeg","datePublished":"2025-10-17T11:34:05+00:00","dateModified":"2025-10-17T11:38:37+00:00","breadcrumb":{"@id":"https:\/\/agrupacionespsoe.es\/ponferrada\/el-psoe-de-ponferrada-califica-los-presupuestos-de-la-junta-para-2026-como-el-certificado-de-defuncion-del-pacto-pp-coalicion-por-el-bierzo\/#breadcrumb"},"inLanguage":"es","potentialAction":[{"@type":"ReadAction","target":["https:\/\/agrupacionespsoe.es\/ponferrada\/el-psoe-de-ponferrada-califica-los-presupuestos-de-la-junta-para-2026-como-el-certificado-de-defuncion-del-pacto-pp-coalicion-por-el-bierzo\/"]}]},{"@type":"ImageObject","inLanguage":"es","@id":"https:\/\/agrupacionespsoe.es\/ponferrada\/el-psoe-de-ponferrada-califica-los-presupuestos-de-la-junta-para-2026-como-el-certificado-de-defuncion-del-pacto-pp-coalicion-por-el-bierzo\/#primaryimage","url":"https:\/\/agrupacionespsoe.es\/ponferrada\/wp-content\/uploads\/sites\/36\/2025\/10\/WhatsApp-Image-2025-10-17-at-13.33.37.jpeg","contentUrl":"https:\/\/agrupacionespsoe.es\/ponferrada\/wp-content\/uploads\/sites\/36\/2025\/10\/WhatsApp-Image-2025-10-17-at-13.33.37.jpeg","width":2048,"height":1536},{"@type":"BreadcrumbList","@id":"https:\/\/agrupacionespsoe.es\/ponferrada\/el-psoe-de-ponferrada-califica-los-presupuestos-de-la-junta-para-2026-como-el-certificado-de-defuncion-del-pacto-pp-coalicion-por-el-bierzo\/#breadcrumb","itemListElement":[{"@type":"ListItem","position":1,"name":"Portada","item":"https:\/\/agrupacionespsoe.es\/ponferrada\/"},{"@type":"ListItem","position":2,"name":"El PSOE de Ponferrada califica los presupuestos de la Junta para 2026 como el \u201ccertificado de defunci\u00f3n\u201d del pacto PP\u2013Coalici\u00f3n por el Bierzo"}]},{"@type":"WebSite","@id":"https:\/\/agrupacionespsoe.es\/ponferrada\/#website","url":"https:\/\/agrupacionespsoe.es\/ponferrada\/","name":"Agrupaci\u00f3n Socialista de Ponferrada","description":"Agrupaci\u00f3n Socialista de Ponferrada","publisher":{"@id":"https:\/\/agrupacionespsoe.es\/ponferrada\/#organization"},"potentialAction":[{"@type":"SearchAction","target":{"@type":"EntryPoint","urlTemplate":"https:\/\/agrupacionespsoe.es\/ponferrada\/?s={search_term_string}"},"query-input":{"@type":"PropertyValueSpecification","valueRequired":true,"valueName":"search_term_string"}}],"inLanguage":"es"},{"@type":"Organization","@id":"https:\/\/agrupacionespsoe.es\/ponferrada\/#organization","name":"Agrupaci\u00f3n Socialista de Ponferrada","url":"https:\/\/agrupacionespsoe.es\/ponferrada\/","logo":{"@type":"ImageObject","inLanguage":"es","@id":"https:\/\/agrupacionespsoe.es\/ponferrada\/#\/schema\/logo\/image\/","url":"https:\/\/agrupacionespsoe.es\/wp-content\/uploads\/2022\/07\/Logotipo_electoral_del_PSOE.png","contentUrl":"https:\/\/agrupacionespsoe.es\/wp-content\/uploads\/2022\/07\/Logotipo_electoral_del_PSOE.png","width":422,"height":422,"caption":"Agrupaci\u00f3n Socialista de Ponferrada"},"image":{"@id":"https:\/\/agrupacionespsoe.es\/ponferrada\/#\/schema\/logo\/image\/"}},{"@type":"Person","@id":"https:\/\/agrupacionespsoe.es\/ponferrada\/#\/schema\/person\/cd29ee627f3b70c05d415f02596debaa","name":"ponferrada2","image":{"@type":"ImageObject","inLanguage":"es","@id":"https:\/\/agrupacionespsoe.es\/ponferrada\/#\/schema\/person\/image\/","url":"https:\/\/secure.gravatar.com\/avatar\/f499eeb60144c664cf7b7edf75549b50?s=96&d=mm&r=g","contentUrl":"https:\/\/secure.gravatar.com\/avatar\/f499eeb60144c664cf7b7edf75549b50?s=96&d=mm&r=g","caption":"ponferrada2"},"url":"https:\/\/agrupacionespsoe.es\/ponferrada\/author\/ponferrada2\/"}]}},"jetpack_featured_media_url":"https:\/\/agrupacionespsoe.es\/ponferrada\/wp-content\/uploads\/sites\/36\/2025\/10\/WhatsApp-Image-2025-10-17-at-13.33.37.jpeg","jetpack_sharing_enabled":true,"_links":{"self":[{"href":"https:\/\/agrupacionespsoe.es\/ponferrada\/wp-json\/wp\/v2\/posts\/1171","targetHints":{"allow":["GET"]}}],"collection":[{"href":"https:\/\/agrupacionespsoe.es\/ponferrada\/wp-json\/wp\/v2\/posts"}],"about":[{"href":"https:\/\/agrupacionespsoe.es\/ponferrada\/wp-json\/wp\/v2\/types\/post"}],"author":[{"embeddable":true,"href":"https:\/\/agrupacionespsoe.es\/ponferrada\/wp-json\/wp\/v2\/users\/32"}],"replies":[{"embeddable":true,"href":"https:\/\/agrupacionespsoe.es\/ponferrada\/wp-json\/wp\/v2\/comments?post=1171"}],"version-history":[{"count":6,"href":"https:\/\/agrupacionespsoe.es\/ponferrada\/wp-json\/wp\/v2\/posts\/1171\/revisions"}],"predecessor-version":[{"id":1180,"href":"https:\/\/agrupacionespsoe.es\/ponferrada\/wp-json\/wp\/v2\/posts\/1171\/revisions\/1180"}],"wp:featuredmedia":[{"embeddable":true,"href":"https:\/\/agrupacionespsoe.es\/ponferrada\/wp-json\/wp\/v2\/media\/1172"}],"wp:attachment":[{"href":"https:\/\/agrupacionespsoe.es\/ponferrada\/wp-json\/wp\/v2\/media?parent=1171"}],"wp:term":[{"taxonomy":"category","embeddable":true,"href":"https:\/\/agrupacionespsoe.es\/ponferrada\/wp-json\/wp\/v2\/categories?post=1171"},{"taxonomy":"post_tag","embeddable":true,"href":"https:\/\/agrupacionespsoe.es\/ponferrada\/wp-json\/wp\/v2\/tags?post=1171"}],"curies":[{"name":"wp","href":"https:\/\/api.w.org\/{rel}","templated":true}]}}