{"id":1164,"date":"2025-10-15T10:19:41","date_gmt":"2025-10-15T10:19:41","guid":{"rendered":"https:\/\/agrupacionespsoe.es\/ponferrada\/?p=1164"},"modified":"2025-10-15T10:19:49","modified_gmt":"2025-10-15T10:19:49","slug":"el-psoe-de-ponferrada-pone-en-valor-la-convencion-climatica-y-denuncia-la-pasividad-del-pp-y-la-doble-moral-de-morala-le-interesa-el-cambio-climatico-para-ir-corriendo-a-hacerse-una-foto","status":"publish","type":"post","link":"https:\/\/agrupacionespsoe.es\/ponferrada\/el-psoe-de-ponferrada-pone-en-valor-la-convencion-climatica-y-denuncia-la-pasividad-del-pp-y-la-doble-moral-de-morala-le-interesa-el-cambio-climatico-para-ir-corriendo-a-hacerse-una-foto\/","title":{"rendered":"El PSOE de Ponferrada pone en valor la Convenci\u00f3n Clim\u00e1tica y denuncia la pasividad del PP y la doble moral de Morala: le interesa el cambio clim\u00e1tico para ir corriendo a hacerse una foto"},"content":{"rendered":"\n<p>La Agrupaci\u00f3n Socialista de Ponferrada quiere poner en valor la celebraci\u00f3n en la ciudad de la Convenci\u00f3n por un Pacto de Estado frente a la Emergencia Clim\u00e1tica, convocada por el Ministerio para la Transici\u00f3n Ecol\u00f3gica que se celebr\u00f3 los d\u00edas 13 y 14 de octubre. Es una cita de m\u00e1xima relevancia para debatir propuestas y acciones frente al cambio clim\u00e1tico.<\/p>\n\n\n\n<p>Judit Lama la portavoz de la ejecutiva del PSOE de Ponferrada se\u00f1ala que debemos alegrarnos por albergar un foro de esta envergadura que puede proyectar al Bierzo y a Ponferrada. Unos d\u00edas en los que adem\u00e1s de la relevancia del evento ha tenido repercusiones positivas en cuanto a que un gran n\u00famero de cargos p\u00fablicos, expertos y t\u00e9cnicos han estado estos d\u00edas pernoctando en nuestra ciudad.<\/p>\n\n\n\n<p>A\u00f1ade que esta celebraci\u00f3n viene marcada por una ausencia significativa: los alcaldes del Partido Popular han dado plant\u00f3n a la convenci\u00f3n, rechazando participar en un proyecto colectivo que deber\u00eda estar por encima de los colores pol\u00edticos. Esa actitud es una falta de responsabilidad pol\u00edtica hacia sus localidades, hacia el Bierzo y hacia el pa\u00eds. El PP auton\u00f3mico tampoco ha estado presente, subrayando una evidente desafecci\u00f3n y una gran dejadez ante los retos clim\u00e1ticos que golpean esta tierra.<\/p>\n\n\n\n<p>Judit Lama se\u00f1ala que es particularmente criticable que el alcalde de Ponferrada, Marco Morala, en lugar de liderar, estimular la presencia y reivindicar la importancia del evento, se haya limitado a figurar como representaci\u00f3n del PP local. En vez de ejercer liderazgo, ha preferido sumarse a la foto sin exigir el compromiso real de sus compa\u00f1eros de partido.<\/p>\n\n\n\n<p>Esa pasividad cobra especial gravedad en un territorio que ha sufrido recientemente con dureza incendios forestales. No es momento de gestos simb\u00f3licos: cuando ha arrojado humo sobre nuestros montes, cuando se han consumido hect\u00e1reas, cuando miles de vecinos han visto riesgos en su entorno, era precisamente la ocasi\u00f3n para que los alcaldes del PP estuvieran presentes en esta convenci\u00f3n. El PP no est\u00e1 a la altura de la gravedad del momento que vivimos- se\u00f1ala la portavoz.<\/p>\n\n\n\n<p>A juicio del PSOE de Ponferrada esta convenci\u00f3n no es un evento ornamental, como las \u00faltimas visitas de los consejeros de la Junta de Castilla y Le\u00f3n a nuestra ciudad que solo traen promesas, sino una oportunidad para que el Gobierno central, las instituciones auton\u00f3micas y los municipios unan fuerzas con ambici\u00f3n com\u00fan. Que los alcaldes del PP no asistan evidencia que para ellos la emergencia clim\u00e1tica sigue siendo un asunto menor, no una prioridad.<\/p>\n\n\n\n<p>A\u00f1ade que particularmente criticable es la postura del alcalde de Ponferrada, Marco Morala, que solo ha ido a hacerse la foto. El PSOE de Ponferrada cuestiona el compromiso contra la lucha clim\u00e1tica del alcalde Morala ya que mientras era l\u00edder de la oposici\u00f3n, Morala expres\u00f3 p\u00fablicamente su escepticismo hacia iniciativas medioambientales clave. Por ejemplo, calific\u00f3 el proyecto del Anillo Verde como una \u00abobra heredada que su equipo de Gobierno no comparte\u00bb como \u201csuperfluo, poco sostenible, poco meditado y artificial al m\u00e1ximo\u201d, puso en duda su eficacia dec\u00eda que el equipo de gobierno eran unos \u201ciluminados\u201d por proponerlo y que no era necesario en Ponferrada porque no era ni Madrid ni Tokio.<\/p>\n\n\n\n<p>Para Judit estas declaraciones y acciones demuestran una falta de compromiso real con la lucha contra el cambio clim\u00e1tico. Parece que al alcalde Morala le interesa el cambio clim\u00e1tico cuando le sirve para ir corriendo a hacerse una foto con ministros y ministras en la Convenci\u00f3n Clim\u00e1tica.<\/p>\n\n\n\n<p>Finalmente, la portavoz socialista exige una reflexi\u00f3n profunda al alcalde y su equipo en materia medioambiental y lamenta las recientes palabras del alcalde Morala, quien ha afirmado que \u201cesta es la menor de las crisis que afectan al Bierzo\u201d. \u201cSi considera que la emergencia clim\u00e1tica es una crisis menor, demuestra no entender la magnitud del desaf\u00edo ni el papel que debe jugar Ponferrada en su soluci\u00f3n\u201d.<\/p>\n\n\n\n<figure class=\"wp-block-image size-large\"><img loading=\"lazy\" decoding=\"async\" width=\"1024\" height=\"768\" src=\"https:\/\/agrupacionespsoe.es\/ponferrada\/wp-content\/uploads\/sites\/36\/2025\/10\/WhatsApp-Image-2025-10-15-at-12.19.09-1024x768.jpeg\" alt=\"\" class=\"wp-image-1165\" srcset=\"https:\/\/agrupacionespsoe.es\/ponferrada\/wp-content\/uploads\/sites\/36\/2025\/10\/WhatsApp-Image-2025-10-15-at-12.19.09-1024x768.jpeg 1024w, https:\/\/agrupacionespsoe.es\/ponferrada\/wp-content\/uploads\/sites\/36\/2025\/10\/WhatsApp-Image-2025-10-15-at-12.19.09-300x225.jpeg 300w, https:\/\/agrupacionespsoe.es\/ponferrada\/wp-content\/uploads\/sites\/36\/2025\/10\/WhatsApp-Image-2025-10-15-at-12.19.09-768x576.jpeg 768w, https:\/\/agrupacionespsoe.es\/ponferrada\/wp-content\/uploads\/sites\/36\/2025\/10\/WhatsApp-Image-2025-10-15-at-12.19.09-1536x1152.jpeg 1536w, https:\/\/agrupacionespsoe.es\/ponferrada\/wp-content\/uploads\/sites\/36\/2025\/10\/WhatsApp-Image-2025-10-15-at-12.19.09.jpeg 2000w\" sizes=\"auto, (max-width: 1024px) 100vw, 1024px\" \/><\/figure>\n","protected":false},"excerpt":{"rendered":"<p>La Agrupaci\u00f3n Socialista de Ponferrada quiere poner en valor la celebraci\u00f3n en la ciudad de la Convenci\u00f3n por un Pacto de Estado frente a la Emergencia Clim\u00e1tica, convocada por el Ministerio para la Transici\u00f3n Ecol\u00f3gica que se celebr\u00f3 los d\u00edas 13 y 14 de octubre. Es una cita de m\u00e1xima relevancia para debatir propuestas y &#8230;<\/p>\n","protected":false},"author":32,"featured_media":1165,"comment_status":"open","ping_status":"open","sticky":false,"template":"","format":"standard","meta":{"_jetpack_memberships_contains_paid_content":false,"footnotes":""},"categories":[6],"tags":[],"class_list":["post-1164","post","type-post","status-publish","format-standard","has-post-thumbnail","hentry","category-actualidad"],"yoast_head":"<!-- This site is optimized with the Yoast SEO plugin v24.0 - https:\/\/yoast.com\/wordpress\/plugins\/seo\/ -->\n<title>El PSOE de Ponferrada pone en valor la Convenci\u00f3n Clim\u00e1tica y denuncia la pasividad del PP y la doble moral de Morala: le interesa el cambio clim\u00e1tico para ir corriendo a hacerse una foto - Agrupaci\u00f3n Socialista de Ponferrada<\/title>\n<meta name=\"robots\" content=\"index, follow, max-snippet:-1, max-image-preview:large, max-video-preview:-1\" \/>\n<link rel=\"canonical\" href=\"https:\/\/agrupacionespsoe.es\/ponferrada\/el-psoe-de-ponferrada-pone-en-valor-la-convencion-climatica-y-denuncia-la-pasividad-del-pp-y-la-doble-moral-de-morala-le-interesa-el-cambio-climatico-para-ir-corriendo-a-hacerse-una-foto\/\" \/>\n<meta property=\"og:locale\" content=\"es_ES\" \/>\n<meta property=\"og:type\" content=\"article\" \/>\n<meta property=\"og:title\" content=\"El PSOE de Ponferrada pone en valor la Convenci\u00f3n Clim\u00e1tica y denuncia la pasividad del PP y la doble moral de Morala: le interesa el cambio clim\u00e1tico para ir corriendo a hacerse una foto - Agrupaci\u00f3n Socialista de Ponferrada\" \/>\n<meta property=\"og:description\" content=\"La Agrupaci\u00f3n Socialista de Ponferrada quiere poner en valor la celebraci\u00f3n en la ciudad de la Convenci\u00f3n por un Pacto de Estado frente a la Emergencia Clim\u00e1tica, convocada por el Ministerio para la Transici\u00f3n Ecol\u00f3gica que se celebr\u00f3 los d\u00edas 13 y 14 de octubre. Es una cita de m\u00e1xima relevancia para debatir propuestas y ...\" \/>\n<meta property=\"og:url\" content=\"https:\/\/agrupacionespsoe.es\/ponferrada\/el-psoe-de-ponferrada-pone-en-valor-la-convencion-climatica-y-denuncia-la-pasividad-del-pp-y-la-doble-moral-de-morala-le-interesa-el-cambio-climatico-para-ir-corriendo-a-hacerse-una-foto\/\" \/>\n<meta property=\"og:site_name\" content=\"Agrupaci\u00f3n Socialista de Ponferrada\" \/>\n<meta property=\"article:published_time\" content=\"2025-10-15T10:19:41+00:00\" \/>\n<meta property=\"article:modified_time\" content=\"2025-10-15T10:19:49+00:00\" \/>\n<meta property=\"og:image\" content=\"https:\/\/agrupacionespsoe.es\/ponferrada\/wp-content\/uploads\/sites\/36\/2025\/10\/WhatsApp-Image-2025-10-15-at-12.19.09.jpeg\" \/>\n\t<meta property=\"og:image:width\" content=\"2000\" \/>\n\t<meta property=\"og:image:height\" content=\"1500\" \/>\n\t<meta property=\"og:image:type\" content=\"image\/jpeg\" \/>\n<meta name=\"author\" content=\"ponferrada2\" \/>\n<meta name=\"twitter:card\" content=\"summary_large_image\" \/>\n<meta name=\"twitter:label1\" content=\"Escrito por\" \/>\n\t<meta name=\"twitter:data1\" content=\"ponferrada2\" \/>\n\t<meta name=\"twitter:label2\" content=\"Tiempo de lectura\" \/>\n\t<meta name=\"twitter:data2\" content=\"4 minutos\" \/>\n<script type=\"application\/ld+json\" class=\"yoast-schema-graph\">{\"@context\":\"https:\/\/schema.org\",\"@graph\":[{\"@type\":\"Article\",\"@id\":\"https:\/\/agrupacionespsoe.es\/ponferrada\/el-psoe-de-ponferrada-pone-en-valor-la-convencion-climatica-y-denuncia-la-pasividad-del-pp-y-la-doble-moral-de-morala-le-interesa-el-cambio-climatico-para-ir-corriendo-a-hacerse-una-foto\/#article\",\"isPartOf\":{\"@id\":\"https:\/\/agrupacionespsoe.es\/ponferrada\/el-psoe-de-ponferrada-pone-en-valor-la-convencion-climatica-y-denuncia-la-pasividad-del-pp-y-la-doble-moral-de-morala-le-interesa-el-cambio-climatico-para-ir-corriendo-a-hacerse-una-foto\/\"},\"author\":{\"name\":\"ponferrada2\",\"@id\":\"https:\/\/agrupacionespsoe.es\/ponferrada\/#\/schema\/person\/cd29ee627f3b70c05d415f02596debaa\"},\"headline\":\"El PSOE de Ponferrada pone en valor la Convenci\u00f3n Clim\u00e1tica y denuncia la pasividad del PP y la doble moral de Morala: le interesa el cambio clim\u00e1tico para ir corriendo a hacerse una foto\",\"datePublished\":\"2025-10-15T10:19:41+00:00\",\"dateModified\":\"2025-10-15T10:19:49+00:00\",\"mainEntityOfPage\":{\"@id\":\"https:\/\/agrupacionespsoe.es\/ponferrada\/el-psoe-de-ponferrada-pone-en-valor-la-convencion-climatica-y-denuncia-la-pasividad-del-pp-y-la-doble-moral-de-morala-le-interesa-el-cambio-climatico-para-ir-corriendo-a-hacerse-una-foto\/\"},\"wordCount\":727,\"commentCount\":0,\"publisher\":{\"@id\":\"https:\/\/agrupacionespsoe.es\/ponferrada\/#organization\"},\"image\":{\"@id\":\"https:\/\/agrupacionespsoe.es\/ponferrada\/el-psoe-de-ponferrada-pone-en-valor-la-convencion-climatica-y-denuncia-la-pasividad-del-pp-y-la-doble-moral-de-morala-le-interesa-el-cambio-climatico-para-ir-corriendo-a-hacerse-una-foto\/#primaryimage\"},\"thumbnailUrl\":\"https:\/\/agrupacionespsoe.es\/ponferrada\/wp-content\/uploads\/sites\/36\/2025\/10\/WhatsApp-Image-2025-10-15-at-12.19.09.jpeg\",\"articleSection\":[\"ACTUALIDAD\"],\"inLanguage\":\"es\",\"potentialAction\":[{\"@type\":\"CommentAction\",\"name\":\"Comment\",\"target\":[\"https:\/\/agrupacionespsoe.es\/ponferrada\/el-psoe-de-ponferrada-pone-en-valor-la-convencion-climatica-y-denuncia-la-pasividad-del-pp-y-la-doble-moral-de-morala-le-interesa-el-cambio-climatico-para-ir-corriendo-a-hacerse-una-foto\/#respond\"]}]},{\"@type\":\"WebPage\",\"@id\":\"https:\/\/agrupacionespsoe.es\/ponferrada\/el-psoe-de-ponferrada-pone-en-valor-la-convencion-climatica-y-denuncia-la-pasividad-del-pp-y-la-doble-moral-de-morala-le-interesa-el-cambio-climatico-para-ir-corriendo-a-hacerse-una-foto\/\",\"url\":\"https:\/\/agrupacionespsoe.es\/ponferrada\/el-psoe-de-ponferrada-pone-en-valor-la-convencion-climatica-y-denuncia-la-pasividad-del-pp-y-la-doble-moral-de-morala-le-interesa-el-cambio-climatico-para-ir-corriendo-a-hacerse-una-foto\/\",\"name\":\"El PSOE de Ponferrada pone en valor la Convenci\u00f3n Clim\u00e1tica y denuncia la pasividad del PP y la doble moral de Morala: le interesa el cambio clim\u00e1tico para ir corriendo a hacerse una foto - Agrupaci\u00f3n Socialista de Ponferrada\",\"isPartOf\":{\"@id\":\"https:\/\/agrupacionespsoe.es\/ponferrada\/#website\"},\"primaryImageOfPage\":{\"@id\":\"https:\/\/agrupacionespsoe.es\/ponferrada\/el-psoe-de-ponferrada-pone-en-valor-la-convencion-climatica-y-denuncia-la-pasividad-del-pp-y-la-doble-moral-de-morala-le-interesa-el-cambio-climatico-para-ir-corriendo-a-hacerse-una-foto\/#primaryimage\"},\"image\":{\"@id\":\"https:\/\/agrupacionespsoe.es\/ponferrada\/el-psoe-de-ponferrada-pone-en-valor-la-convencion-climatica-y-denuncia-la-pasividad-del-pp-y-la-doble-moral-de-morala-le-interesa-el-cambio-climatico-para-ir-corriendo-a-hacerse-una-foto\/#primaryimage\"},\"thumbnailUrl\":\"https:\/\/agrupacionespsoe.es\/ponferrada\/wp-content\/uploads\/sites\/36\/2025\/10\/WhatsApp-Image-2025-10-15-at-12.19.09.jpeg\",\"datePublished\":\"2025-10-15T10:19:41+00:00\",\"dateModified\":\"2025-10-15T10:19:49+00:00\",\"breadcrumb\":{\"@id\":\"https:\/\/agrupacionespsoe.es\/ponferrada\/el-psoe-de-ponferrada-pone-en-valor-la-convencion-climatica-y-denuncia-la-pasividad-del-pp-y-la-doble-moral-de-morala-le-interesa-el-cambio-climatico-para-ir-corriendo-a-hacerse-una-foto\/#breadcrumb\"},\"inLanguage\":\"es\",\"potentialAction\":[{\"@type\":\"ReadAction\",\"target\":[\"https:\/\/agrupacionespsoe.es\/ponferrada\/el-psoe-de-ponferrada-pone-en-valor-la-convencion-climatica-y-denuncia-la-pasividad-del-pp-y-la-doble-moral-de-morala-le-interesa-el-cambio-climatico-para-ir-corriendo-a-hacerse-una-foto\/\"]}]},{\"@type\":\"ImageObject\",\"inLanguage\":\"es\",\"@id\":\"https:\/\/agrupacionespsoe.es\/ponferrada\/el-psoe-de-ponferrada-pone-en-valor-la-convencion-climatica-y-denuncia-la-pasividad-del-pp-y-la-doble-moral-de-morala-le-interesa-el-cambio-climatico-para-ir-corriendo-a-hacerse-una-foto\/#primaryimage\",\"url\":\"https:\/\/agrupacionespsoe.es\/ponferrada\/wp-content\/uploads\/sites\/36\/2025\/10\/WhatsApp-Image-2025-10-15-at-12.19.09.jpeg\",\"contentUrl\":\"https:\/\/agrupacionespsoe.es\/ponferrada\/wp-content\/uploads\/sites\/36\/2025\/10\/WhatsApp-Image-2025-10-15-at-12.19.09.jpeg\",\"width\":2000,\"height\":1500},{\"@type\":\"BreadcrumbList\",\"@id\":\"https:\/\/agrupacionespsoe.es\/ponferrada\/el-psoe-de-ponferrada-pone-en-valor-la-convencion-climatica-y-denuncia-la-pasividad-del-pp-y-la-doble-moral-de-morala-le-interesa-el-cambio-climatico-para-ir-corriendo-a-hacerse-una-foto\/#breadcrumb\",\"itemListElement\":[{\"@type\":\"ListItem\",\"position\":1,\"name\":\"Portada\",\"item\":\"https:\/\/agrupacionespsoe.es\/ponferrada\/\"},{\"@type\":\"ListItem\",\"position\":2,\"name\":\"El PSOE de Ponferrada pone en valor la Convenci\u00f3n Clim\u00e1tica y denuncia la pasividad del PP y la doble moral de Morala: le interesa el cambio clim\u00e1tico para ir corriendo a hacerse una foto\"}]},{\"@type\":\"WebSite\",\"@id\":\"https:\/\/agrupacionespsoe.es\/ponferrada\/#website\",\"url\":\"https:\/\/agrupacionespsoe.es\/ponferrada\/\",\"name\":\"Agrupaci\u00f3n Socialista de Ponferrada\",\"description\":\"Agrupaci\u00f3n Socialista de Ponferrada\",\"publisher\":{\"@id\":\"https:\/\/agrupacionespsoe.es\/ponferrada\/#organization\"},\"potentialAction\":[{\"@type\":\"SearchAction\",\"target\":{\"@type\":\"EntryPoint\",\"urlTemplate\":\"https:\/\/agrupacionespsoe.es\/ponferrada\/?s={search_term_string}\"},\"query-input\":{\"@type\":\"PropertyValueSpecification\",\"valueRequired\":true,\"valueName\":\"search_term_string\"}}],\"inLanguage\":\"es\"},{\"@type\":\"Organization\",\"@id\":\"https:\/\/agrupacionespsoe.es\/ponferrada\/#organization\",\"name\":\"Agrupaci\u00f3n Socialista de Ponferrada\",\"url\":\"https:\/\/agrupacionespsoe.es\/ponferrada\/\",\"logo\":{\"@type\":\"ImageObject\",\"inLanguage\":\"es\",\"@id\":\"https:\/\/agrupacionespsoe.es\/ponferrada\/#\/schema\/logo\/image\/\",\"url\":\"https:\/\/agrupacionespsoe.es\/wp-content\/uploads\/2022\/07\/Logotipo_electoral_del_PSOE.png\",\"contentUrl\":\"https:\/\/agrupacionespsoe.es\/wp-content\/uploads\/2022\/07\/Logotipo_electoral_del_PSOE.png\",\"width\":422,\"height\":422,\"caption\":\"Agrupaci\u00f3n Socialista de Ponferrada\"},\"image\":{\"@id\":\"https:\/\/agrupacionespsoe.es\/ponferrada\/#\/schema\/logo\/image\/\"}},{\"@type\":\"Person\",\"@id\":\"https:\/\/agrupacionespsoe.es\/ponferrada\/#\/schema\/person\/cd29ee627f3b70c05d415f02596debaa\",\"name\":\"ponferrada2\",\"image\":{\"@type\":\"ImageObject\",\"inLanguage\":\"es\",\"@id\":\"https:\/\/agrupacionespsoe.es\/ponferrada\/#\/schema\/person\/image\/\",\"url\":\"https:\/\/secure.gravatar.com\/avatar\/f499eeb60144c664cf7b7edf75549b50?s=96&d=mm&r=g\",\"contentUrl\":\"https:\/\/secure.gravatar.com\/avatar\/f499eeb60144c664cf7b7edf75549b50?s=96&d=mm&r=g\",\"caption\":\"ponferrada2\"},\"url\":\"https:\/\/agrupacionespsoe.es\/ponferrada\/author\/ponferrada2\/\"}]}<\/script>\n<!-- \/ Yoast SEO plugin. -->","yoast_head_json":{"title":"El PSOE de Ponferrada pone en valor la Convenci\u00f3n Clim\u00e1tica y denuncia la pasividad del PP y la doble moral de Morala: le interesa el cambio clim\u00e1tico para ir corriendo a hacerse una foto - Agrupaci\u00f3n Socialista de Ponferrada","robots":{"index":"index","follow":"follow","max-snippet":"max-snippet:-1","max-image-preview":"max-image-preview:large","max-video-preview":"max-video-preview:-1"},"canonical":"https:\/\/agrupacionespsoe.es\/ponferrada\/el-psoe-de-ponferrada-pone-en-valor-la-convencion-climatica-y-denuncia-la-pasividad-del-pp-y-la-doble-moral-de-morala-le-interesa-el-cambio-climatico-para-ir-corriendo-a-hacerse-una-foto\/","og_locale":"es_ES","og_type":"article","og_title":"El PSOE de Ponferrada pone en valor la Convenci\u00f3n Clim\u00e1tica y denuncia la pasividad del PP y la doble moral de Morala: le interesa el cambio clim\u00e1tico para ir corriendo a hacerse una foto - Agrupaci\u00f3n Socialista de Ponferrada","og_description":"La Agrupaci\u00f3n Socialista de Ponferrada quiere poner en valor la celebraci\u00f3n en la ciudad de la Convenci\u00f3n por un Pacto de Estado frente a la Emergencia Clim\u00e1tica, convocada por el Ministerio para la Transici\u00f3n Ecol\u00f3gica que se celebr\u00f3 los d\u00edas 13 y 14 de octubre. Es una cita de m\u00e1xima relevancia para debatir propuestas y ...","og_url":"https:\/\/agrupacionespsoe.es\/ponferrada\/el-psoe-de-ponferrada-pone-en-valor-la-convencion-climatica-y-denuncia-la-pasividad-del-pp-y-la-doble-moral-de-morala-le-interesa-el-cambio-climatico-para-ir-corriendo-a-hacerse-una-foto\/","og_site_name":"Agrupaci\u00f3n Socialista de Ponferrada","article_published_time":"2025-10-15T10:19:41+00:00","article_modified_time":"2025-10-15T10:19:49+00:00","og_image":[{"width":2000,"height":1500,"url":"https:\/\/agrupacionespsoe.es\/ponferrada\/wp-content\/uploads\/sites\/36\/2025\/10\/WhatsApp-Image-2025-10-15-at-12.19.09.jpeg","type":"image\/jpeg"}],"author":"ponferrada2","twitter_card":"summary_large_image","twitter_misc":{"Escrito por":"ponferrada2","Tiempo de lectura":"4 minutos"},"schema":{"@context":"https:\/\/schema.org","@graph":[{"@type":"Article","@id":"https:\/\/agrupacionespsoe.es\/ponferrada\/el-psoe-de-ponferrada-pone-en-valor-la-convencion-climatica-y-denuncia-la-pasividad-del-pp-y-la-doble-moral-de-morala-le-interesa-el-cambio-climatico-para-ir-corriendo-a-hacerse-una-foto\/#article","isPartOf":{"@id":"https:\/\/agrupacionespsoe.es\/ponferrada\/el-psoe-de-ponferrada-pone-en-valor-la-convencion-climatica-y-denuncia-la-pasividad-del-pp-y-la-doble-moral-de-morala-le-interesa-el-cambio-climatico-para-ir-corriendo-a-hacerse-una-foto\/"},"author":{"name":"ponferrada2","@id":"https:\/\/agrupacionespsoe.es\/ponferrada\/#\/schema\/person\/cd29ee627f3b70c05d415f02596debaa"},"headline":"El PSOE de Ponferrada pone en valor la Convenci\u00f3n Clim\u00e1tica y denuncia la pasividad del PP y la doble moral de Morala: le interesa el cambio clim\u00e1tico para ir corriendo a hacerse una foto","datePublished":"2025-10-15T10:19:41+00:00","dateModified":"2025-10-15T10:19:49+00:00","mainEntityOfPage":{"@id":"https:\/\/agrupacionespsoe.es\/ponferrada\/el-psoe-de-ponferrada-pone-en-valor-la-convencion-climatica-y-denuncia-la-pasividad-del-pp-y-la-doble-moral-de-morala-le-interesa-el-cambio-climatico-para-ir-corriendo-a-hacerse-una-foto\/"},"wordCount":727,"commentCount":0,"publisher":{"@id":"https:\/\/agrupacionespsoe.es\/ponferrada\/#organization"},"image":{"@id":"https:\/\/agrupacionespsoe.es\/ponferrada\/el-psoe-de-ponferrada-pone-en-valor-la-convencion-climatica-y-denuncia-la-pasividad-del-pp-y-la-doble-moral-de-morala-le-interesa-el-cambio-climatico-para-ir-corriendo-a-hacerse-una-foto\/#primaryimage"},"thumbnailUrl":"https:\/\/agrupacionespsoe.es\/ponferrada\/wp-content\/uploads\/sites\/36\/2025\/10\/WhatsApp-Image-2025-10-15-at-12.19.09.jpeg","articleSection":["ACTUALIDAD"],"inLanguage":"es","potentialAction":[{"@type":"CommentAction","name":"Comment","target":["https:\/\/agrupacionespsoe.es\/ponferrada\/el-psoe-de-ponferrada-pone-en-valor-la-convencion-climatica-y-denuncia-la-pasividad-del-pp-y-la-doble-moral-de-morala-le-interesa-el-cambio-climatico-para-ir-corriendo-a-hacerse-una-foto\/#respond"]}]},{"@type":"WebPage","@id":"https:\/\/agrupacionespsoe.es\/ponferrada\/el-psoe-de-ponferrada-pone-en-valor-la-convencion-climatica-y-denuncia-la-pasividad-del-pp-y-la-doble-moral-de-morala-le-interesa-el-cambio-climatico-para-ir-corriendo-a-hacerse-una-foto\/","url":"https:\/\/agrupacionespsoe.es\/ponferrada\/el-psoe-de-ponferrada-pone-en-valor-la-convencion-climatica-y-denuncia-la-pasividad-del-pp-y-la-doble-moral-de-morala-le-interesa-el-cambio-climatico-para-ir-corriendo-a-hacerse-una-foto\/","name":"El PSOE de Ponferrada pone en valor la Convenci\u00f3n Clim\u00e1tica y denuncia la pasividad del PP y la doble moral de Morala: le interesa el cambio clim\u00e1tico para ir corriendo a hacerse una foto - Agrupaci\u00f3n Socialista de Ponferrada","isPartOf":{"@id":"https:\/\/agrupacionespsoe.es\/ponferrada\/#website"},"primaryImageOfPage":{"@id":"https:\/\/agrupacionespsoe.es\/ponferrada\/el-psoe-de-ponferrada-pone-en-valor-la-convencion-climatica-y-denuncia-la-pasividad-del-pp-y-la-doble-moral-de-morala-le-interesa-el-cambio-climatico-para-ir-corriendo-a-hacerse-una-foto\/#primaryimage"},"image":{"@id":"https:\/\/agrupacionespsoe.es\/ponferrada\/el-psoe-de-ponferrada-pone-en-valor-la-convencion-climatica-y-denuncia-la-pasividad-del-pp-y-la-doble-moral-de-morala-le-interesa-el-cambio-climatico-para-ir-corriendo-a-hacerse-una-foto\/#primaryimage"},"thumbnailUrl":"https:\/\/agrupacionespsoe.es\/ponferrada\/wp-content\/uploads\/sites\/36\/2025\/10\/WhatsApp-Image-2025-10-15-at-12.19.09.jpeg","datePublished":"2025-10-15T10:19:41+00:00","dateModified":"2025-10-15T10:19:49+00:00","breadcrumb":{"@id":"https:\/\/agrupacionespsoe.es\/ponferrada\/el-psoe-de-ponferrada-pone-en-valor-la-convencion-climatica-y-denuncia-la-pasividad-del-pp-y-la-doble-moral-de-morala-le-interesa-el-cambio-climatico-para-ir-corriendo-a-hacerse-una-foto\/#breadcrumb"},"inLanguage":"es","potentialAction":[{"@type":"ReadAction","target":["https:\/\/agrupacionespsoe.es\/ponferrada\/el-psoe-de-ponferrada-pone-en-valor-la-convencion-climatica-y-denuncia-la-pasividad-del-pp-y-la-doble-moral-de-morala-le-interesa-el-cambio-climatico-para-ir-corriendo-a-hacerse-una-foto\/"]}]},{"@type":"ImageObject","inLanguage":"es","@id":"https:\/\/agrupacionespsoe.es\/ponferrada\/el-psoe-de-ponferrada-pone-en-valor-la-convencion-climatica-y-denuncia-la-pasividad-del-pp-y-la-doble-moral-de-morala-le-interesa-el-cambio-climatico-para-ir-corriendo-a-hacerse-una-foto\/#primaryimage","url":"https:\/\/agrupacionespsoe.es\/ponferrada\/wp-content\/uploads\/sites\/36\/2025\/10\/WhatsApp-Image-2025-10-15-at-12.19.09.jpeg","contentUrl":"https:\/\/agrupacionespsoe.es\/ponferrada\/wp-content\/uploads\/sites\/36\/2025\/10\/WhatsApp-Image-2025-10-15-at-12.19.09.jpeg","width":2000,"height":1500},{"@type":"BreadcrumbList","@id":"https:\/\/agrupacionespsoe.es\/ponferrada\/el-psoe-de-ponferrada-pone-en-valor-la-convencion-climatica-y-denuncia-la-pasividad-del-pp-y-la-doble-moral-de-morala-le-interesa-el-cambio-climatico-para-ir-corriendo-a-hacerse-una-foto\/#breadcrumb","itemListElement":[{"@type":"ListItem","position":1,"name":"Portada","item":"https:\/\/agrupacionespsoe.es\/ponferrada\/"},{"@type":"ListItem","position":2,"name":"El PSOE de Ponferrada pone en valor la Convenci\u00f3n Clim\u00e1tica y denuncia la pasividad del PP y la doble moral de Morala: le interesa el cambio clim\u00e1tico para ir corriendo a hacerse una foto"}]},{"@type":"WebSite","@id":"https:\/\/agrupacionespsoe.es\/ponferrada\/#website","url":"https:\/\/agrupacionespsoe.es\/ponferrada\/","name":"Agrupaci\u00f3n Socialista de Ponferrada","description":"Agrupaci\u00f3n Socialista de Ponferrada","publisher":{"@id":"https:\/\/agrupacionespsoe.es\/ponferrada\/#organization"},"potentialAction":[{"@type":"SearchAction","target":{"@type":"EntryPoint","urlTemplate":"https:\/\/agrupacionespsoe.es\/ponferrada\/?s={search_term_string}"},"query-input":{"@type":"PropertyValueSpecification","valueRequired":true,"valueName":"search_term_string"}}],"inLanguage":"es"},{"@type":"Organization","@id":"https:\/\/agrupacionespsoe.es\/ponferrada\/#organization","name":"Agrupaci\u00f3n Socialista de Ponferrada","url":"https:\/\/agrupacionespsoe.es\/ponferrada\/","logo":{"@type":"ImageObject","inLanguage":"es","@id":"https:\/\/agrupacionespsoe.es\/ponferrada\/#\/schema\/logo\/image\/","url":"https:\/\/agrupacionespsoe.es\/wp-content\/uploads\/2022\/07\/Logotipo_electoral_del_PSOE.png","contentUrl":"https:\/\/agrupacionespsoe.es\/wp-content\/uploads\/2022\/07\/Logotipo_electoral_del_PSOE.png","width":422,"height":422,"caption":"Agrupaci\u00f3n Socialista de Ponferrada"},"image":{"@id":"https:\/\/agrupacionespsoe.es\/ponferrada\/#\/schema\/logo\/image\/"}},{"@type":"Person","@id":"https:\/\/agrupacionespsoe.es\/ponferrada\/#\/schema\/person\/cd29ee627f3b70c05d415f02596debaa","name":"ponferrada2","image":{"@type":"ImageObject","inLanguage":"es","@id":"https:\/\/agrupacionespsoe.es\/ponferrada\/#\/schema\/person\/image\/","url":"https:\/\/secure.gravatar.com\/avatar\/f499eeb60144c664cf7b7edf75549b50?s=96&d=mm&r=g","contentUrl":"https:\/\/secure.gravatar.com\/avatar\/f499eeb60144c664cf7b7edf75549b50?s=96&d=mm&r=g","caption":"ponferrada2"},"url":"https:\/\/agrupacionespsoe.es\/ponferrada\/author\/ponferrada2\/"}]}},"jetpack_featured_media_url":"https:\/\/agrupacionespsoe.es\/ponferrada\/wp-content\/uploads\/sites\/36\/2025\/10\/WhatsApp-Image-2025-10-15-at-12.19.09.jpeg","jetpack_sharing_enabled":true,"_links":{"self":[{"href":"https:\/\/agrupacionespsoe.es\/ponferrada\/wp-json\/wp\/v2\/posts\/1164","targetHints":{"allow":["GET"]}}],"collection":[{"href":"https:\/\/agrupacionespsoe.es\/ponferrada\/wp-json\/wp\/v2\/posts"}],"about":[{"href":"https:\/\/agrupacionespsoe.es\/ponferrada\/wp-json\/wp\/v2\/types\/post"}],"author":[{"embeddable":true,"href":"https:\/\/agrupacionespsoe.es\/ponferrada\/wp-json\/wp\/v2\/users\/32"}],"replies":[{"embeddable":true,"href":"https:\/\/agrupacionespsoe.es\/ponferrada\/wp-json\/wp\/v2\/comments?post=1164"}],"version-history":[{"count":3,"href":"https:\/\/agrupacionespsoe.es\/ponferrada\/wp-json\/wp\/v2\/posts\/1164\/revisions"}],"predecessor-version":[{"id":1168,"href":"https:\/\/agrupacionespsoe.es\/ponferrada\/wp-json\/wp\/v2\/posts\/1164\/revisions\/1168"}],"wp:featuredmedia":[{"embeddable":true,"href":"https:\/\/agrupacionespsoe.es\/ponferrada\/wp-json\/wp\/v2\/media\/1165"}],"wp:attachment":[{"href":"https:\/\/agrupacionespsoe.es\/ponferrada\/wp-json\/wp\/v2\/media?parent=1164"}],"wp:term":[{"taxonomy":"category","embeddable":true,"href":"https:\/\/agrupacionespsoe.es\/ponferrada\/wp-json\/wp\/v2\/categories?post=1164"},{"taxonomy":"post_tag","embeddable":true,"href":"https:\/\/agrupacionespsoe.es\/ponferrada\/wp-json\/wp\/v2\/tags?post=1164"}],"curies":[{"name":"wp","href":"https:\/\/api.w.org\/{rel}","templated":true}]}}