{"id":1159,"date":"2025-10-10T11:38:57","date_gmt":"2025-10-10T11:38:57","guid":{"rendered":"https:\/\/agrupacionespsoe.es\/ponferrada\/?p=1159"},"modified":"2025-10-10T11:38:57","modified_gmt":"2025-10-10T11:38:57","slug":"el-psoe-de-ponferrada-critica-la-falta-de-transparencia-y-el-derroche-del-equipo-de-gobierno-ante-el-traslado-de-la-escultura-de-los-ciclistas","status":"publish","type":"post","link":"https:\/\/agrupacionespsoe.es\/ponferrada\/el-psoe-de-ponferrada-critica-la-falta-de-transparencia-y-el-derroche-del-equipo-de-gobierno-ante-el-traslado-de-la-escultura-de-los-ciclistas\/","title":{"rendered":"El PSOE de Ponferrada critica la falta de transparencia y el derroche del equipo de gobierno ante el traslado de la escultura de los ciclistas"},"content":{"rendered":"\n<p>El grupo Municipal Socialista quiere denunciar que a punto de cumplirse un a\u00f1o desde su retirada, \u201cla ciudad sigue sin saber d\u00f3nde est\u00e1 ni cu\u00e1ndo volver\u00e1 a colocarse una de las obras m\u00e1s emblem\u00e1ticas de Ponferrada\u201d se refieren al traslado de la emblem\u00e1tica escultura del pelot\u00f3n de ciclistas, que durante a\u00f1os dio la bienvenida a la ciudad en la rotonda de la avenida de Montearenas.<\/p>\n\n\n\n<p>Desde el grupo socialista han querido recordar que el pr\u00f3ximo 6 de noviembre se cumplir\u00e1 un a\u00f1o desde la retirada de la escultura, \u201cy seguimos sin saber d\u00f3nde est\u00e1, en qu\u00e9 condiciones se encuentra ni cu\u00e1ndo se volver\u00e1 a colocar\u201d.<\/p>\n\n\n\n<p>\u201cDesde el equipo de gobierno de PP y CB anunciaron que se iba a trasladar al entorno del pabell\u00f3n de deportes Lydia Valent\u00edn, pero casi un a\u00f1o m\u00e1s tarde no parece que haya una ubicaci\u00f3n concreta, ni un proyecto visible, ni una fecha de instalaci\u00f3n. Lo \u00fanico que sabemos es que los ciclistas desaparecieron de la rotonda y nunca m\u00e1s se supo\u201d, se\u00f1alaron.<\/p>\n\n\n\n<p>Otro ejemplo de la manera de gestionar del Sr. Morala \u201cvuelven a actuar a golpe de improvisaci\u00f3n y titulares\u201d y que \u201clo que deber\u00eda ser una actuaci\u00f3n de mejora y conservaci\u00f3n del patrimonio urbano se ha convertido en un ejemplo m\u00e1s de su desorganizaci\u00f3n. Todo se hace sin planificaci\u00f3n y sin rendir cuentas a la ciudadan\u00eda\u201d, han criticado desde el grupo socialista.<\/p>\n\n\n\n<p>Los socialistas recuerdan que la escultura, obra del artista berciano Pablo Voces Bello, \u201cno es solo un elemento decorativo, sino una pieza con un importante valor simb\u00f3lico y sentimental para Ponferrada\u201d. \u201cFue creada por uno de los mayores talentos art\u00edsticos que ha tenido esta ciudad, un trabajador municipal que dej\u00f3 huella con obras como el monumento a los donantes de sangre o el monumento a la pizarra. Merece un respeto que hoy no se le est\u00e1 dando\u201d, han a\u00f1adido.<\/p>\n\n\n\n<p>El Grupo Socialista ha anunciado adem\u00e1s que preguntar\u00e1 en la pr\u00f3xima comisi\u00f3n municipal sobre los planes concretos del equipo de gobieno para la escultura, su ubicaci\u00f3n definitiva y los plazos que maneja el equipo de gobierno, si es que maneja alguno.<\/p>\n\n\n\n<p>\u201cQueremos saber qu\u00e9 se ha hecho exactamente con la obra y en qu\u00e9 condiciones se encuentra. Nos consta, adem\u00e1s, que la familia del autor ni quer\u00eda que se retirase de su emplazamiento original ni est\u00e1 conforme con el lugar donde pretenden colocarla\u201d, han se\u00f1alado.<\/p>\n\n\n\n<p>\u201cQuer\u00edan pasar a la historia cambiando rotondas y con obras fara\u00f3nicas como el soterramiento o la reforma del mercado de abastos, y lo que van a conseguir es pasar a la historia por el derroche y la inacci\u00f3n en lo importante\u201d<\/p>\n\n\n\n<p>&nbsp;\u201cEste deber ser el ejemplo de esos proyectos que el alcalde califica como proyectos sensatos y \u00fatiles. Pues bien, si esto es lo sensato y lo \u00fatil no queremos saber qu\u00e9 entiende el alcalde por disparates\u201d, a\u00f1adi\u00f3.<\/p>\n\n\n\n<p>El PSOE advierte adem\u00e1s que a diferencia de lo que piensa y repite el Alcalde Ponferrada no avanza con pol\u00edticas cosm\u00e9ticas ni con anuncios publicitarios, \u201cmientras desde el equipo de gobierno se anuncian promociones de viviendas y se celebran con entusiasmo las subvenciones estatales, la realidad es que Ponferrada se desangra en materia de empleo y sigue sin ofrecer alternativas para nuestros j\u00f3venes, mayores, o emprendedores; ni en vivienda, ni en empleos cualificados, ni en ning\u00fan otro \u00e1mbito\u201d, denuncian desde el grupo socialista<\/p>\n\n\n\n<p>Para finalizar se\u00f1alan que \u201cNecesitamos gesti\u00f3n real, planificaci\u00f3n y compromiso con los problemas de fondo, no m\u00e1s titulares de escaparate\u201d, a\u00f1adi\u00f3, recordando que el ejemplo del traslado de la escultura de los ciclistas refleja perfectamente c\u00f3mo gobiernan: hacen un anuncio, gastan dinero y, un a\u00f1o despu\u00e9s, nadie sabe nada de aquello que prometieron.<\/p>\n\n\n\n<figure class=\"wp-block-image size-full\"><img loading=\"lazy\" decoding=\"async\" width=\"826\" height=\"475\" src=\"https:\/\/agrupacionespsoe.es\/ponferrada\/wp-content\/uploads\/sites\/36\/2025\/10\/ciclistas.jpg\" alt=\"\" class=\"wp-image-1160\" srcset=\"https:\/\/agrupacionespsoe.es\/ponferrada\/wp-content\/uploads\/sites\/36\/2025\/10\/ciclistas.jpg 826w, https:\/\/agrupacionespsoe.es\/ponferrada\/wp-content\/uploads\/sites\/36\/2025\/10\/ciclistas-300x173.jpg 300w, https:\/\/agrupacionespsoe.es\/ponferrada\/wp-content\/uploads\/sites\/36\/2025\/10\/ciclistas-768x442.jpg 768w\" sizes=\"auto, (max-width: 826px) 100vw, 826px\" \/><\/figure>\n","protected":false},"excerpt":{"rendered":"<p>El grupo Municipal Socialista quiere denunciar que a punto de cumplirse un a\u00f1o desde su retirada, \u201cla ciudad sigue sin saber d\u00f3nde est\u00e1 ni cu\u00e1ndo volver\u00e1 a colocarse una de las obras m\u00e1s emblem\u00e1ticas de Ponferrada\u201d se refieren al traslado de la emblem\u00e1tica escultura del pelot\u00f3n de ciclistas, que durante a\u00f1os dio la bienvenida a &#8230;<\/p>\n","protected":false},"author":32,"featured_media":1160,"comment_status":"open","ping_status":"open","sticky":false,"template":"","format":"standard","meta":{"_jetpack_memberships_contains_paid_content":false,"footnotes":""},"categories":[6],"tags":[],"class_list":["post-1159","post","type-post","status-publish","format-standard","has-post-thumbnail","hentry","category-actualidad"],"yoast_head":"<!-- This site is optimized with the Yoast SEO plugin v24.0 - https:\/\/yoast.com\/wordpress\/plugins\/seo\/ -->\n<title>El PSOE de Ponferrada critica la falta de transparencia y el derroche del equipo de gobierno ante el traslado de la escultura de los ciclistas - Agrupaci\u00f3n Socialista de Ponferrada<\/title>\n<meta name=\"robots\" content=\"index, follow, max-snippet:-1, max-image-preview:large, max-video-preview:-1\" \/>\n<link rel=\"canonical\" href=\"https:\/\/agrupacionespsoe.es\/ponferrada\/el-psoe-de-ponferrada-critica-la-falta-de-transparencia-y-el-derroche-del-equipo-de-gobierno-ante-el-traslado-de-la-escultura-de-los-ciclistas\/\" \/>\n<meta property=\"og:locale\" content=\"es_ES\" \/>\n<meta property=\"og:type\" content=\"article\" \/>\n<meta property=\"og:title\" content=\"El PSOE de Ponferrada critica la falta de transparencia y el derroche del equipo de gobierno ante el traslado de la escultura de los ciclistas - Agrupaci\u00f3n Socialista de Ponferrada\" \/>\n<meta property=\"og:description\" content=\"El grupo Municipal Socialista quiere denunciar que a punto de cumplirse un a\u00f1o desde su retirada, \u201cla ciudad sigue sin saber d\u00f3nde est\u00e1 ni cu\u00e1ndo volver\u00e1 a colocarse una de las obras m\u00e1s emblem\u00e1ticas de Ponferrada\u201d se refieren al traslado de la emblem\u00e1tica escultura del pelot\u00f3n de ciclistas, que durante a\u00f1os dio la bienvenida a ...\" \/>\n<meta property=\"og:url\" content=\"https:\/\/agrupacionespsoe.es\/ponferrada\/el-psoe-de-ponferrada-critica-la-falta-de-transparencia-y-el-derroche-del-equipo-de-gobierno-ante-el-traslado-de-la-escultura-de-los-ciclistas\/\" \/>\n<meta property=\"og:site_name\" content=\"Agrupaci\u00f3n Socialista de Ponferrada\" \/>\n<meta property=\"article:published_time\" content=\"2025-10-10T11:38:57+00:00\" \/>\n<meta property=\"og:image\" content=\"https:\/\/agrupacionespsoe.es\/ponferrada\/wp-content\/uploads\/sites\/36\/2025\/10\/ciclistas.jpg\" \/>\n\t<meta property=\"og:image:width\" content=\"826\" \/>\n\t<meta property=\"og:image:height\" content=\"475\" \/>\n\t<meta property=\"og:image:type\" content=\"image\/jpeg\" \/>\n<meta name=\"author\" content=\"ponferrada2\" \/>\n<meta name=\"twitter:card\" content=\"summary_large_image\" \/>\n<meta name=\"twitter:label1\" content=\"Escrito por\" \/>\n\t<meta name=\"twitter:data1\" content=\"ponferrada2\" \/>\n\t<meta name=\"twitter:label2\" content=\"Tiempo de lectura\" \/>\n\t<meta name=\"twitter:data2\" content=\"4 minutos\" \/>\n<script type=\"application\/ld+json\" class=\"yoast-schema-graph\">{\"@context\":\"https:\/\/schema.org\",\"@graph\":[{\"@type\":\"Article\",\"@id\":\"https:\/\/agrupacionespsoe.es\/ponferrada\/el-psoe-de-ponferrada-critica-la-falta-de-transparencia-y-el-derroche-del-equipo-de-gobierno-ante-el-traslado-de-la-escultura-de-los-ciclistas\/#article\",\"isPartOf\":{\"@id\":\"https:\/\/agrupacionespsoe.es\/ponferrada\/el-psoe-de-ponferrada-critica-la-falta-de-transparencia-y-el-derroche-del-equipo-de-gobierno-ante-el-traslado-de-la-escultura-de-los-ciclistas\/\"},\"author\":{\"name\":\"ponferrada2\",\"@id\":\"https:\/\/agrupacionespsoe.es\/ponferrada\/#\/schema\/person\/cd29ee627f3b70c05d415f02596debaa\"},\"headline\":\"El PSOE de Ponferrada critica la falta de transparencia y el derroche del equipo de gobierno ante el traslado de la escultura de los ciclistas\",\"datePublished\":\"2025-10-10T11:38:57+00:00\",\"dateModified\":\"2025-10-10T11:38:57+00:00\",\"mainEntityOfPage\":{\"@id\":\"https:\/\/agrupacionespsoe.es\/ponferrada\/el-psoe-de-ponferrada-critica-la-falta-de-transparencia-y-el-derroche-del-equipo-de-gobierno-ante-el-traslado-de-la-escultura-de-los-ciclistas\/\"},\"wordCount\":688,\"commentCount\":0,\"publisher\":{\"@id\":\"https:\/\/agrupacionespsoe.es\/ponferrada\/#organization\"},\"image\":{\"@id\":\"https:\/\/agrupacionespsoe.es\/ponferrada\/el-psoe-de-ponferrada-critica-la-falta-de-transparencia-y-el-derroche-del-equipo-de-gobierno-ante-el-traslado-de-la-escultura-de-los-ciclistas\/#primaryimage\"},\"thumbnailUrl\":\"https:\/\/agrupacionespsoe.es\/ponferrada\/wp-content\/uploads\/sites\/36\/2025\/10\/ciclistas.jpg\",\"articleSection\":[\"ACTUALIDAD\"],\"inLanguage\":\"es\",\"potentialAction\":[{\"@type\":\"CommentAction\",\"name\":\"Comment\",\"target\":[\"https:\/\/agrupacionespsoe.es\/ponferrada\/el-psoe-de-ponferrada-critica-la-falta-de-transparencia-y-el-derroche-del-equipo-de-gobierno-ante-el-traslado-de-la-escultura-de-los-ciclistas\/#respond\"]}]},{\"@type\":\"WebPage\",\"@id\":\"https:\/\/agrupacionespsoe.es\/ponferrada\/el-psoe-de-ponferrada-critica-la-falta-de-transparencia-y-el-derroche-del-equipo-de-gobierno-ante-el-traslado-de-la-escultura-de-los-ciclistas\/\",\"url\":\"https:\/\/agrupacionespsoe.es\/ponferrada\/el-psoe-de-ponferrada-critica-la-falta-de-transparencia-y-el-derroche-del-equipo-de-gobierno-ante-el-traslado-de-la-escultura-de-los-ciclistas\/\",\"name\":\"El PSOE de Ponferrada critica la falta de transparencia y el derroche del equipo de gobierno ante el traslado de la escultura de los ciclistas - Agrupaci\u00f3n Socialista de Ponferrada\",\"isPartOf\":{\"@id\":\"https:\/\/agrupacionespsoe.es\/ponferrada\/#website\"},\"primaryImageOfPage\":{\"@id\":\"https:\/\/agrupacionespsoe.es\/ponferrada\/el-psoe-de-ponferrada-critica-la-falta-de-transparencia-y-el-derroche-del-equipo-de-gobierno-ante-el-traslado-de-la-escultura-de-los-ciclistas\/#primaryimage\"},\"image\":{\"@id\":\"https:\/\/agrupacionespsoe.es\/ponferrada\/el-psoe-de-ponferrada-critica-la-falta-de-transparencia-y-el-derroche-del-equipo-de-gobierno-ante-el-traslado-de-la-escultura-de-los-ciclistas\/#primaryimage\"},\"thumbnailUrl\":\"https:\/\/agrupacionespsoe.es\/ponferrada\/wp-content\/uploads\/sites\/36\/2025\/10\/ciclistas.jpg\",\"datePublished\":\"2025-10-10T11:38:57+00:00\",\"dateModified\":\"2025-10-10T11:38:57+00:00\",\"breadcrumb\":{\"@id\":\"https:\/\/agrupacionespsoe.es\/ponferrada\/el-psoe-de-ponferrada-critica-la-falta-de-transparencia-y-el-derroche-del-equipo-de-gobierno-ante-el-traslado-de-la-escultura-de-los-ciclistas\/#breadcrumb\"},\"inLanguage\":\"es\",\"potentialAction\":[{\"@type\":\"ReadAction\",\"target\":[\"https:\/\/agrupacionespsoe.es\/ponferrada\/el-psoe-de-ponferrada-critica-la-falta-de-transparencia-y-el-derroche-del-equipo-de-gobierno-ante-el-traslado-de-la-escultura-de-los-ciclistas\/\"]}]},{\"@type\":\"ImageObject\",\"inLanguage\":\"es\",\"@id\":\"https:\/\/agrupacionespsoe.es\/ponferrada\/el-psoe-de-ponferrada-critica-la-falta-de-transparencia-y-el-derroche-del-equipo-de-gobierno-ante-el-traslado-de-la-escultura-de-los-ciclistas\/#primaryimage\",\"url\":\"https:\/\/agrupacionespsoe.es\/ponferrada\/wp-content\/uploads\/sites\/36\/2025\/10\/ciclistas.jpg\",\"contentUrl\":\"https:\/\/agrupacionespsoe.es\/ponferrada\/wp-content\/uploads\/sites\/36\/2025\/10\/ciclistas.jpg\",\"width\":826,\"height\":475},{\"@type\":\"BreadcrumbList\",\"@id\":\"https:\/\/agrupacionespsoe.es\/ponferrada\/el-psoe-de-ponferrada-critica-la-falta-de-transparencia-y-el-derroche-del-equipo-de-gobierno-ante-el-traslado-de-la-escultura-de-los-ciclistas\/#breadcrumb\",\"itemListElement\":[{\"@type\":\"ListItem\",\"position\":1,\"name\":\"Portada\",\"item\":\"https:\/\/agrupacionespsoe.es\/ponferrada\/\"},{\"@type\":\"ListItem\",\"position\":2,\"name\":\"El PSOE de Ponferrada critica la falta de transparencia y el derroche del equipo de gobierno ante el traslado de la escultura de los ciclistas\"}]},{\"@type\":\"WebSite\",\"@id\":\"https:\/\/agrupacionespsoe.es\/ponferrada\/#website\",\"url\":\"https:\/\/agrupacionespsoe.es\/ponferrada\/\",\"name\":\"Agrupaci\u00f3n Socialista de Ponferrada\",\"description\":\"Agrupaci\u00f3n Socialista de Ponferrada\",\"publisher\":{\"@id\":\"https:\/\/agrupacionespsoe.es\/ponferrada\/#organization\"},\"potentialAction\":[{\"@type\":\"SearchAction\",\"target\":{\"@type\":\"EntryPoint\",\"urlTemplate\":\"https:\/\/agrupacionespsoe.es\/ponferrada\/?s={search_term_string}\"},\"query-input\":{\"@type\":\"PropertyValueSpecification\",\"valueRequired\":true,\"valueName\":\"search_term_string\"}}],\"inLanguage\":\"es\"},{\"@type\":\"Organization\",\"@id\":\"https:\/\/agrupacionespsoe.es\/ponferrada\/#organization\",\"name\":\"Agrupaci\u00f3n Socialista de Ponferrada\",\"url\":\"https:\/\/agrupacionespsoe.es\/ponferrada\/\",\"logo\":{\"@type\":\"ImageObject\",\"inLanguage\":\"es\",\"@id\":\"https:\/\/agrupacionespsoe.es\/ponferrada\/#\/schema\/logo\/image\/\",\"url\":\"https:\/\/agrupacionespsoe.es\/wp-content\/uploads\/2022\/07\/Logotipo_electoral_del_PSOE.png\",\"contentUrl\":\"https:\/\/agrupacionespsoe.es\/wp-content\/uploads\/2022\/07\/Logotipo_electoral_del_PSOE.png\",\"width\":422,\"height\":422,\"caption\":\"Agrupaci\u00f3n Socialista de Ponferrada\"},\"image\":{\"@id\":\"https:\/\/agrupacionespsoe.es\/ponferrada\/#\/schema\/logo\/image\/\"}},{\"@type\":\"Person\",\"@id\":\"https:\/\/agrupacionespsoe.es\/ponferrada\/#\/schema\/person\/cd29ee627f3b70c05d415f02596debaa\",\"name\":\"ponferrada2\",\"image\":{\"@type\":\"ImageObject\",\"inLanguage\":\"es\",\"@id\":\"https:\/\/agrupacionespsoe.es\/ponferrada\/#\/schema\/person\/image\/\",\"url\":\"https:\/\/secure.gravatar.com\/avatar\/f499eeb60144c664cf7b7edf75549b50?s=96&d=mm&r=g\",\"contentUrl\":\"https:\/\/secure.gravatar.com\/avatar\/f499eeb60144c664cf7b7edf75549b50?s=96&d=mm&r=g\",\"caption\":\"ponferrada2\"},\"url\":\"https:\/\/agrupacionespsoe.es\/ponferrada\/author\/ponferrada2\/\"}]}<\/script>\n<!-- \/ Yoast SEO plugin. -->","yoast_head_json":{"title":"El PSOE de Ponferrada critica la falta de transparencia y el derroche del equipo de gobierno ante el traslado de la escultura de los ciclistas - Agrupaci\u00f3n Socialista de Ponferrada","robots":{"index":"index","follow":"follow","max-snippet":"max-snippet:-1","max-image-preview":"max-image-preview:large","max-video-preview":"max-video-preview:-1"},"canonical":"https:\/\/agrupacionespsoe.es\/ponferrada\/el-psoe-de-ponferrada-critica-la-falta-de-transparencia-y-el-derroche-del-equipo-de-gobierno-ante-el-traslado-de-la-escultura-de-los-ciclistas\/","og_locale":"es_ES","og_type":"article","og_title":"El PSOE de Ponferrada critica la falta de transparencia y el derroche del equipo de gobierno ante el traslado de la escultura de los ciclistas - Agrupaci\u00f3n Socialista de Ponferrada","og_description":"El grupo Municipal Socialista quiere denunciar que a punto de cumplirse un a\u00f1o desde su retirada, \u201cla ciudad sigue sin saber d\u00f3nde est\u00e1 ni cu\u00e1ndo volver\u00e1 a colocarse una de las obras m\u00e1s emblem\u00e1ticas de Ponferrada\u201d se refieren al traslado de la emblem\u00e1tica escultura del pelot\u00f3n de ciclistas, que durante a\u00f1os dio la bienvenida a ...","og_url":"https:\/\/agrupacionespsoe.es\/ponferrada\/el-psoe-de-ponferrada-critica-la-falta-de-transparencia-y-el-derroche-del-equipo-de-gobierno-ante-el-traslado-de-la-escultura-de-los-ciclistas\/","og_site_name":"Agrupaci\u00f3n Socialista de Ponferrada","article_published_time":"2025-10-10T11:38:57+00:00","og_image":[{"width":826,"height":475,"url":"https:\/\/agrupacionespsoe.es\/ponferrada\/wp-content\/uploads\/sites\/36\/2025\/10\/ciclistas.jpg","type":"image\/jpeg"}],"author":"ponferrada2","twitter_card":"summary_large_image","twitter_misc":{"Escrito por":"ponferrada2","Tiempo de lectura":"4 minutos"},"schema":{"@context":"https:\/\/schema.org","@graph":[{"@type":"Article","@id":"https:\/\/agrupacionespsoe.es\/ponferrada\/el-psoe-de-ponferrada-critica-la-falta-de-transparencia-y-el-derroche-del-equipo-de-gobierno-ante-el-traslado-de-la-escultura-de-los-ciclistas\/#article","isPartOf":{"@id":"https:\/\/agrupacionespsoe.es\/ponferrada\/el-psoe-de-ponferrada-critica-la-falta-de-transparencia-y-el-derroche-del-equipo-de-gobierno-ante-el-traslado-de-la-escultura-de-los-ciclistas\/"},"author":{"name":"ponferrada2","@id":"https:\/\/agrupacionespsoe.es\/ponferrada\/#\/schema\/person\/cd29ee627f3b70c05d415f02596debaa"},"headline":"El PSOE de Ponferrada critica la falta de transparencia y el derroche del equipo de gobierno ante el traslado de la escultura de los ciclistas","datePublished":"2025-10-10T11:38:57+00:00","dateModified":"2025-10-10T11:38:57+00:00","mainEntityOfPage":{"@id":"https:\/\/agrupacionespsoe.es\/ponferrada\/el-psoe-de-ponferrada-critica-la-falta-de-transparencia-y-el-derroche-del-equipo-de-gobierno-ante-el-traslado-de-la-escultura-de-los-ciclistas\/"},"wordCount":688,"commentCount":0,"publisher":{"@id":"https:\/\/agrupacionespsoe.es\/ponferrada\/#organization"},"image":{"@id":"https:\/\/agrupacionespsoe.es\/ponferrada\/el-psoe-de-ponferrada-critica-la-falta-de-transparencia-y-el-derroche-del-equipo-de-gobierno-ante-el-traslado-de-la-escultura-de-los-ciclistas\/#primaryimage"},"thumbnailUrl":"https:\/\/agrupacionespsoe.es\/ponferrada\/wp-content\/uploads\/sites\/36\/2025\/10\/ciclistas.jpg","articleSection":["ACTUALIDAD"],"inLanguage":"es","potentialAction":[{"@type":"CommentAction","name":"Comment","target":["https:\/\/agrupacionespsoe.es\/ponferrada\/el-psoe-de-ponferrada-critica-la-falta-de-transparencia-y-el-derroche-del-equipo-de-gobierno-ante-el-traslado-de-la-escultura-de-los-ciclistas\/#respond"]}]},{"@type":"WebPage","@id":"https:\/\/agrupacionespsoe.es\/ponferrada\/el-psoe-de-ponferrada-critica-la-falta-de-transparencia-y-el-derroche-del-equipo-de-gobierno-ante-el-traslado-de-la-escultura-de-los-ciclistas\/","url":"https:\/\/agrupacionespsoe.es\/ponferrada\/el-psoe-de-ponferrada-critica-la-falta-de-transparencia-y-el-derroche-del-equipo-de-gobierno-ante-el-traslado-de-la-escultura-de-los-ciclistas\/","name":"El PSOE de Ponferrada critica la falta de transparencia y el derroche del equipo de gobierno ante el traslado de la escultura de los ciclistas - Agrupaci\u00f3n Socialista de Ponferrada","isPartOf":{"@id":"https:\/\/agrupacionespsoe.es\/ponferrada\/#website"},"primaryImageOfPage":{"@id":"https:\/\/agrupacionespsoe.es\/ponferrada\/el-psoe-de-ponferrada-critica-la-falta-de-transparencia-y-el-derroche-del-equipo-de-gobierno-ante-el-traslado-de-la-escultura-de-los-ciclistas\/#primaryimage"},"image":{"@id":"https:\/\/agrupacionespsoe.es\/ponferrada\/el-psoe-de-ponferrada-critica-la-falta-de-transparencia-y-el-derroche-del-equipo-de-gobierno-ante-el-traslado-de-la-escultura-de-los-ciclistas\/#primaryimage"},"thumbnailUrl":"https:\/\/agrupacionespsoe.es\/ponferrada\/wp-content\/uploads\/sites\/36\/2025\/10\/ciclistas.jpg","datePublished":"2025-10-10T11:38:57+00:00","dateModified":"2025-10-10T11:38:57+00:00","breadcrumb":{"@id":"https:\/\/agrupacionespsoe.es\/ponferrada\/el-psoe-de-ponferrada-critica-la-falta-de-transparencia-y-el-derroche-del-equipo-de-gobierno-ante-el-traslado-de-la-escultura-de-los-ciclistas\/#breadcrumb"},"inLanguage":"es","potentialAction":[{"@type":"ReadAction","target":["https:\/\/agrupacionespsoe.es\/ponferrada\/el-psoe-de-ponferrada-critica-la-falta-de-transparencia-y-el-derroche-del-equipo-de-gobierno-ante-el-traslado-de-la-escultura-de-los-ciclistas\/"]}]},{"@type":"ImageObject","inLanguage":"es","@id":"https:\/\/agrupacionespsoe.es\/ponferrada\/el-psoe-de-ponferrada-critica-la-falta-de-transparencia-y-el-derroche-del-equipo-de-gobierno-ante-el-traslado-de-la-escultura-de-los-ciclistas\/#primaryimage","url":"https:\/\/agrupacionespsoe.es\/ponferrada\/wp-content\/uploads\/sites\/36\/2025\/10\/ciclistas.jpg","contentUrl":"https:\/\/agrupacionespsoe.es\/ponferrada\/wp-content\/uploads\/sites\/36\/2025\/10\/ciclistas.jpg","width":826,"height":475},{"@type":"BreadcrumbList","@id":"https:\/\/agrupacionespsoe.es\/ponferrada\/el-psoe-de-ponferrada-critica-la-falta-de-transparencia-y-el-derroche-del-equipo-de-gobierno-ante-el-traslado-de-la-escultura-de-los-ciclistas\/#breadcrumb","itemListElement":[{"@type":"ListItem","position":1,"name":"Portada","item":"https:\/\/agrupacionespsoe.es\/ponferrada\/"},{"@type":"ListItem","position":2,"name":"El PSOE de Ponferrada critica la falta de transparencia y el derroche del equipo de gobierno ante el traslado de la escultura de los ciclistas"}]},{"@type":"WebSite","@id":"https:\/\/agrupacionespsoe.es\/ponferrada\/#website","url":"https:\/\/agrupacionespsoe.es\/ponferrada\/","name":"Agrupaci\u00f3n Socialista de Ponferrada","description":"Agrupaci\u00f3n Socialista de Ponferrada","publisher":{"@id":"https:\/\/agrupacionespsoe.es\/ponferrada\/#organization"},"potentialAction":[{"@type":"SearchAction","target":{"@type":"EntryPoint","urlTemplate":"https:\/\/agrupacionespsoe.es\/ponferrada\/?s={search_term_string}"},"query-input":{"@type":"PropertyValueSpecification","valueRequired":true,"valueName":"search_term_string"}}],"inLanguage":"es"},{"@type":"Organization","@id":"https:\/\/agrupacionespsoe.es\/ponferrada\/#organization","name":"Agrupaci\u00f3n Socialista de Ponferrada","url":"https:\/\/agrupacionespsoe.es\/ponferrada\/","logo":{"@type":"ImageObject","inLanguage":"es","@id":"https:\/\/agrupacionespsoe.es\/ponferrada\/#\/schema\/logo\/image\/","url":"https:\/\/agrupacionespsoe.es\/wp-content\/uploads\/2022\/07\/Logotipo_electoral_del_PSOE.png","contentUrl":"https:\/\/agrupacionespsoe.es\/wp-content\/uploads\/2022\/07\/Logotipo_electoral_del_PSOE.png","width":422,"height":422,"caption":"Agrupaci\u00f3n Socialista de Ponferrada"},"image":{"@id":"https:\/\/agrupacionespsoe.es\/ponferrada\/#\/schema\/logo\/image\/"}},{"@type":"Person","@id":"https:\/\/agrupacionespsoe.es\/ponferrada\/#\/schema\/person\/cd29ee627f3b70c05d415f02596debaa","name":"ponferrada2","image":{"@type":"ImageObject","inLanguage":"es","@id":"https:\/\/agrupacionespsoe.es\/ponferrada\/#\/schema\/person\/image\/","url":"https:\/\/secure.gravatar.com\/avatar\/f499eeb60144c664cf7b7edf75549b50?s=96&d=mm&r=g","contentUrl":"https:\/\/secure.gravatar.com\/avatar\/f499eeb60144c664cf7b7edf75549b50?s=96&d=mm&r=g","caption":"ponferrada2"},"url":"https:\/\/agrupacionespsoe.es\/ponferrada\/author\/ponferrada2\/"}]}},"jetpack_featured_media_url":"https:\/\/agrupacionespsoe.es\/ponferrada\/wp-content\/uploads\/sites\/36\/2025\/10\/ciclistas.jpg","jetpack_sharing_enabled":true,"_links":{"self":[{"href":"https:\/\/agrupacionespsoe.es\/ponferrada\/wp-json\/wp\/v2\/posts\/1159","targetHints":{"allow":["GET"]}}],"collection":[{"href":"https:\/\/agrupacionespsoe.es\/ponferrada\/wp-json\/wp\/v2\/posts"}],"about":[{"href":"https:\/\/agrupacionespsoe.es\/ponferrada\/wp-json\/wp\/v2\/types\/post"}],"author":[{"embeddable":true,"href":"https:\/\/agrupacionespsoe.es\/ponferrada\/wp-json\/wp\/v2\/users\/32"}],"replies":[{"embeddable":true,"href":"https:\/\/agrupacionespsoe.es\/ponferrada\/wp-json\/wp\/v2\/comments?post=1159"}],"version-history":[{"count":2,"href":"https:\/\/agrupacionespsoe.es\/ponferrada\/wp-json\/wp\/v2\/posts\/1159\/revisions"}],"predecessor-version":[{"id":1162,"href":"https:\/\/agrupacionespsoe.es\/ponferrada\/wp-json\/wp\/v2\/posts\/1159\/revisions\/1162"}],"wp:featuredmedia":[{"embeddable":true,"href":"https:\/\/agrupacionespsoe.es\/ponferrada\/wp-json\/wp\/v2\/media\/1160"}],"wp:attachment":[{"href":"https:\/\/agrupacionespsoe.es\/ponferrada\/wp-json\/wp\/v2\/media?parent=1159"}],"wp:term":[{"taxonomy":"category","embeddable":true,"href":"https:\/\/agrupacionespsoe.es\/ponferrada\/wp-json\/wp\/v2\/categories?post=1159"},{"taxonomy":"post_tag","embeddable":true,"href":"https:\/\/agrupacionespsoe.es\/ponferrada\/wp-json\/wp\/v2\/tags?post=1159"}],"curies":[{"name":"wp","href":"https:\/\/api.w.org\/{rel}","templated":true}]}}