{"id":1156,"date":"2025-10-09T11:18:19","date_gmt":"2025-10-09T11:18:19","guid":{"rendered":"https:\/\/agrupacionespsoe.es\/ponferrada\/?p=1156"},"modified":"2025-10-09T11:18:20","modified_gmt":"2025-10-09T11:18:20","slug":"el-psoe-acusa-a-morala-de-presumir-de-comisiones-que-ni-convoca-ni-hacen-su-trabajo","status":"publish","type":"post","link":"https:\/\/agrupacionespsoe.es\/ponferrada\/el-psoe-acusa-a-morala-de-presumir-de-comisiones-que-ni-convoca-ni-hacen-su-trabajo\/","title":{"rendered":"El PSOE acusa a Morala de presumir de comisiones que ni convoca ni hacen su trabajo"},"content":{"rendered":"\n<p>El grupo municipal socialista critica que el alcalde de Ponferrada, Marco Morala, ha vuelto a demostrar esta semana su falta de diligencia en la gesti\u00f3n de los grandes contratos municipales. En sus declaraciones, el Sr. Morala se limit\u00f3 a presumir de haber constituido las comisiones de trabajo sobre los servicios de autobuses, recogida de basura, limpieza viaria y ORA, cuando su verdadera obligaci\u00f3n no era \u201cconstituirlas\u201d, sino ponerlas en marcha, convocarlas y alcanzar acuerdos reales que garanticen el futuro de estos servicios esenciales.<\/p>\n\n\n\n<p>Se\u00f1alan que el Sr. Morala da ya por hecho que el Ayuntamiento \u201cavanzar\u00e1 hacia la conclusi\u00f3n de las pr\u00f3rrogas\u201d para despu\u00e9s buscar una f\u00f3rmula de continuidad. Sin embargo, esa f\u00f3rmula ya existe: se llama orden de continuidad del servicio, un mecanismo que el propio Partido Popular conoce perfectamente. Desde 2017, el PP ha mantenido mediante este procedimiento la continuidad del servicio de limpieza viaria y recogida de basura, y lo mismo pas\u00f3 con el contrato de transporte urbano.<\/p>\n\n\n\n<p>La gesti\u00f3n del equipo de gobierno del PP en el transporte urbano es el ejemplo m\u00e1s claro de ineficiencia y descoordinaci\u00f3n. Llegaron tarde al acuerdo de pr\u00f3rroga, realizaron una adjudicaci\u00f3n directa por nueve meses, pagando m\u00e1s de un mill\u00f3n de euros adicionales por el mismo servicio, y posteriormente tramitaron un contrato puente de un a\u00f1o, al que tambi\u00e9n llegaron fuera de plazo. Y sospechamos que llegaran tarde para la nueva adjudicaci\u00f3n ya que acaba este fin de a\u00f1o.<\/p>\n\n\n\n<p>A\u00f1aden que en enero de este a\u00f1o anunciaban que Ponferrada dispondr\u00eda del estudio de demanda necesario para decidir el modelo de gesti\u00f3n \u2014p\u00fablica como apuesta el PSOE o privada\u2014, pero diez meses despu\u00e9s seguimos sin conocer si se han entregado los datos y, sobre todo, qu\u00e9 conclusiones aporta.<\/p>\n\n\n\n<p>Desde el grupo municipal socialista se\u00f1alan que constituir comisiones no basta. Hay que convocarlas, trabajar y dialogar. El equipo de gobierno est\u00e1 en minor\u00eda y deber\u00eda entender que no puede esperar que el PSOE o el resto de grupos se plieguen a votar a favor de decisiones solo porque el equipo de gobierno sea perezoso y tenga que tomar decisiones de manera improvisadas. No se puede pedir apoyo a lo que ni siquiera se ha trabajado.<\/p>\n\n\n\n<p>Los grandes contratos que dependen del trabajo del equipo de gobierno y ponemos en duda que sean capaces de llegar a tiempo, porque la experiencia nos lo est\u00e1 demostrando. Las comisiones que han constituido no se han vuelto a reunir ni tienen fecha prevista para su convocatoria, el tiempo pasa y en los servicios que no son esenciales, como la ORA, \u00a0la falta de planificaci\u00f3n y trabajo de este equipo puede provocar que los y las trabajadoras que actualmente trabajan en ese servicio se queden en la calle, al no poder dictarse una orden de continuidad. Ya se deber\u00eda estar trabajando en el nuevo contrato al igual que en los de limpieza viaria y recogida de basura, que acaban en agosto de 2026. Para finalizar desde el grupo socialista pedimos al equipo de gobierno que no busca excusas que se ponga a trabajar de manera seria para alcanzar acuerdos que dejen de mirar para otro lado esperando que pase el tiempo. Si el alcalde y su equipo no asumen esa responsabilidad, ser\u00e1n ellos quienes pongan en riesgo los servicios p\u00fablicos y en el caso de la ORA la estabilidad laboral de sus de trabajadores.<\/p>\n\n\n\n<figure class=\"wp-block-image size-large\"><img loading=\"lazy\" decoding=\"async\" width=\"1024\" height=\"576\" src=\"https:\/\/agrupacionespsoe.es\/ponferrada\/wp-content\/uploads\/sites\/36\/2025\/09\/WhatsApp-Image-2025-09-26-at-12.53.05-1024x576.jpeg\" alt=\"\" class=\"wp-image-1121\" srcset=\"https:\/\/agrupacionespsoe.es\/ponferrada\/wp-content\/uploads\/sites\/36\/2025\/09\/WhatsApp-Image-2025-09-26-at-12.53.05-1024x576.jpeg 1024w, https:\/\/agrupacionespsoe.es\/ponferrada\/wp-content\/uploads\/sites\/36\/2025\/09\/WhatsApp-Image-2025-09-26-at-12.53.05-300x169.jpeg 300w, https:\/\/agrupacionespsoe.es\/ponferrada\/wp-content\/uploads\/sites\/36\/2025\/09\/WhatsApp-Image-2025-09-26-at-12.53.05-768x432.jpeg 768w, https:\/\/agrupacionespsoe.es\/ponferrada\/wp-content\/uploads\/sites\/36\/2025\/09\/WhatsApp-Image-2025-09-26-at-12.53.05-1536x864.jpeg 1536w, https:\/\/agrupacionespsoe.es\/ponferrada\/wp-content\/uploads\/sites\/36\/2025\/09\/WhatsApp-Image-2025-09-26-at-12.53.05.jpeg 2048w\" sizes=\"auto, (max-width: 1024px) 100vw, 1024px\" \/><\/figure>\n","protected":false},"excerpt":{"rendered":"<p>El grupo municipal socialista critica que el alcalde de Ponferrada, Marco Morala, ha vuelto a demostrar esta semana su falta de diligencia en la gesti\u00f3n de los grandes contratos municipales. En sus declaraciones, el Sr. Morala se limit\u00f3 a presumir de haber constituido las comisiones de trabajo sobre los servicios de autobuses, recogida de basura, &#8230;<\/p>\n","protected":false},"author":32,"featured_media":1121,"comment_status":"open","ping_status":"open","sticky":false,"template":"","format":"standard","meta":{"_jetpack_memberships_contains_paid_content":false,"footnotes":""},"categories":[6],"tags":[],"class_list":["post-1156","post","type-post","status-publish","format-standard","has-post-thumbnail","hentry","category-actualidad"],"yoast_head":"<!-- This site is optimized with the Yoast SEO plugin v24.0 - https:\/\/yoast.com\/wordpress\/plugins\/seo\/ -->\n<title>El PSOE acusa a Morala de presumir de comisiones que ni convoca ni hacen su trabajo - Agrupaci\u00f3n Socialista de Ponferrada<\/title>\n<meta name=\"robots\" content=\"index, follow, max-snippet:-1, max-image-preview:large, max-video-preview:-1\" \/>\n<link rel=\"canonical\" href=\"https:\/\/agrupacionespsoe.es\/ponferrada\/el-psoe-acusa-a-morala-de-presumir-de-comisiones-que-ni-convoca-ni-hacen-su-trabajo\/\" \/>\n<meta property=\"og:locale\" content=\"es_ES\" \/>\n<meta property=\"og:type\" content=\"article\" \/>\n<meta property=\"og:title\" content=\"El PSOE acusa a Morala de presumir de comisiones que ni convoca ni hacen su trabajo - Agrupaci\u00f3n Socialista de Ponferrada\" \/>\n<meta property=\"og:description\" content=\"El grupo municipal socialista critica que el alcalde de Ponferrada, Marco Morala, ha vuelto a demostrar esta semana su falta de diligencia en la gesti\u00f3n de los grandes contratos municipales. En sus declaraciones, el Sr. Morala se limit\u00f3 a presumir de haber constituido las comisiones de trabajo sobre los servicios de autobuses, recogida de basura, ...\" \/>\n<meta property=\"og:url\" content=\"https:\/\/agrupacionespsoe.es\/ponferrada\/el-psoe-acusa-a-morala-de-presumir-de-comisiones-que-ni-convoca-ni-hacen-su-trabajo\/\" \/>\n<meta property=\"og:site_name\" content=\"Agrupaci\u00f3n Socialista de Ponferrada\" \/>\n<meta property=\"article:published_time\" content=\"2025-10-09T11:18:19+00:00\" \/>\n<meta property=\"article:modified_time\" content=\"2025-10-09T11:18:20+00:00\" \/>\n<meta property=\"og:image\" content=\"https:\/\/agrupacionespsoe.es\/ponferrada\/wp-content\/uploads\/sites\/36\/2025\/09\/WhatsApp-Image-2025-09-26-at-12.53.05.jpeg\" \/>\n\t<meta property=\"og:image:width\" content=\"2048\" \/>\n\t<meta property=\"og:image:height\" content=\"1152\" \/>\n\t<meta property=\"og:image:type\" content=\"image\/jpeg\" \/>\n<meta name=\"author\" content=\"ponferrada2\" \/>\n<meta name=\"twitter:card\" content=\"summary_large_image\" \/>\n<meta name=\"twitter:label1\" content=\"Escrito por\" \/>\n\t<meta name=\"twitter:data1\" content=\"ponferrada2\" \/>\n\t<meta name=\"twitter:label2\" content=\"Tiempo de lectura\" \/>\n\t<meta name=\"twitter:data2\" content=\"3 minutos\" \/>\n<script type=\"application\/ld+json\" class=\"yoast-schema-graph\">{\"@context\":\"https:\/\/schema.org\",\"@graph\":[{\"@type\":\"Article\",\"@id\":\"https:\/\/agrupacionespsoe.es\/ponferrada\/el-psoe-acusa-a-morala-de-presumir-de-comisiones-que-ni-convoca-ni-hacen-su-trabajo\/#article\",\"isPartOf\":{\"@id\":\"https:\/\/agrupacionespsoe.es\/ponferrada\/el-psoe-acusa-a-morala-de-presumir-de-comisiones-que-ni-convoca-ni-hacen-su-trabajo\/\"},\"author\":{\"name\":\"ponferrada2\",\"@id\":\"https:\/\/agrupacionespsoe.es\/ponferrada\/#\/schema\/person\/cd29ee627f3b70c05d415f02596debaa\"},\"headline\":\"El PSOE acusa a Morala de presumir de comisiones que ni convoca ni hacen su trabajo\",\"datePublished\":\"2025-10-09T11:18:19+00:00\",\"dateModified\":\"2025-10-09T11:18:20+00:00\",\"mainEntityOfPage\":{\"@id\":\"https:\/\/agrupacionespsoe.es\/ponferrada\/el-psoe-acusa-a-morala-de-presumir-de-comisiones-que-ni-convoca-ni-hacen-su-trabajo\/\"},\"wordCount\":603,\"commentCount\":0,\"publisher\":{\"@id\":\"https:\/\/agrupacionespsoe.es\/ponferrada\/#organization\"},\"image\":{\"@id\":\"https:\/\/agrupacionespsoe.es\/ponferrada\/el-psoe-acusa-a-morala-de-presumir-de-comisiones-que-ni-convoca-ni-hacen-su-trabajo\/#primaryimage\"},\"thumbnailUrl\":\"https:\/\/agrupacionespsoe.es\/ponferrada\/wp-content\/uploads\/sites\/36\/2025\/09\/WhatsApp-Image-2025-09-26-at-12.53.05.jpeg\",\"articleSection\":[\"ACTUALIDAD\"],\"inLanguage\":\"es\",\"potentialAction\":[{\"@type\":\"CommentAction\",\"name\":\"Comment\",\"target\":[\"https:\/\/agrupacionespsoe.es\/ponferrada\/el-psoe-acusa-a-morala-de-presumir-de-comisiones-que-ni-convoca-ni-hacen-su-trabajo\/#respond\"]}]},{\"@type\":\"WebPage\",\"@id\":\"https:\/\/agrupacionespsoe.es\/ponferrada\/el-psoe-acusa-a-morala-de-presumir-de-comisiones-que-ni-convoca-ni-hacen-su-trabajo\/\",\"url\":\"https:\/\/agrupacionespsoe.es\/ponferrada\/el-psoe-acusa-a-morala-de-presumir-de-comisiones-que-ni-convoca-ni-hacen-su-trabajo\/\",\"name\":\"El PSOE acusa a Morala de presumir de comisiones que ni convoca ni hacen su trabajo - Agrupaci\u00f3n Socialista de Ponferrada\",\"isPartOf\":{\"@id\":\"https:\/\/agrupacionespsoe.es\/ponferrada\/#website\"},\"primaryImageOfPage\":{\"@id\":\"https:\/\/agrupacionespsoe.es\/ponferrada\/el-psoe-acusa-a-morala-de-presumir-de-comisiones-que-ni-convoca-ni-hacen-su-trabajo\/#primaryimage\"},\"image\":{\"@id\":\"https:\/\/agrupacionespsoe.es\/ponferrada\/el-psoe-acusa-a-morala-de-presumir-de-comisiones-que-ni-convoca-ni-hacen-su-trabajo\/#primaryimage\"},\"thumbnailUrl\":\"https:\/\/agrupacionespsoe.es\/ponferrada\/wp-content\/uploads\/sites\/36\/2025\/09\/WhatsApp-Image-2025-09-26-at-12.53.05.jpeg\",\"datePublished\":\"2025-10-09T11:18:19+00:00\",\"dateModified\":\"2025-10-09T11:18:20+00:00\",\"breadcrumb\":{\"@id\":\"https:\/\/agrupacionespsoe.es\/ponferrada\/el-psoe-acusa-a-morala-de-presumir-de-comisiones-que-ni-convoca-ni-hacen-su-trabajo\/#breadcrumb\"},\"inLanguage\":\"es\",\"potentialAction\":[{\"@type\":\"ReadAction\",\"target\":[\"https:\/\/agrupacionespsoe.es\/ponferrada\/el-psoe-acusa-a-morala-de-presumir-de-comisiones-que-ni-convoca-ni-hacen-su-trabajo\/\"]}]},{\"@type\":\"ImageObject\",\"inLanguage\":\"es\",\"@id\":\"https:\/\/agrupacionespsoe.es\/ponferrada\/el-psoe-acusa-a-morala-de-presumir-de-comisiones-que-ni-convoca-ni-hacen-su-trabajo\/#primaryimage\",\"url\":\"https:\/\/agrupacionespsoe.es\/ponferrada\/wp-content\/uploads\/sites\/36\/2025\/09\/WhatsApp-Image-2025-09-26-at-12.53.05.jpeg\",\"contentUrl\":\"https:\/\/agrupacionespsoe.es\/ponferrada\/wp-content\/uploads\/sites\/36\/2025\/09\/WhatsApp-Image-2025-09-26-at-12.53.05.jpeg\",\"width\":2048,\"height\":1152},{\"@type\":\"BreadcrumbList\",\"@id\":\"https:\/\/agrupacionespsoe.es\/ponferrada\/el-psoe-acusa-a-morala-de-presumir-de-comisiones-que-ni-convoca-ni-hacen-su-trabajo\/#breadcrumb\",\"itemListElement\":[{\"@type\":\"ListItem\",\"position\":1,\"name\":\"Portada\",\"item\":\"https:\/\/agrupacionespsoe.es\/ponferrada\/\"},{\"@type\":\"ListItem\",\"position\":2,\"name\":\"El PSOE acusa a Morala de presumir de comisiones que ni convoca ni hacen su trabajo\"}]},{\"@type\":\"WebSite\",\"@id\":\"https:\/\/agrupacionespsoe.es\/ponferrada\/#website\",\"url\":\"https:\/\/agrupacionespsoe.es\/ponferrada\/\",\"name\":\"Agrupaci\u00f3n Socialista de Ponferrada\",\"description\":\"Agrupaci\u00f3n Socialista de Ponferrada\",\"publisher\":{\"@id\":\"https:\/\/agrupacionespsoe.es\/ponferrada\/#organization\"},\"potentialAction\":[{\"@type\":\"SearchAction\",\"target\":{\"@type\":\"EntryPoint\",\"urlTemplate\":\"https:\/\/agrupacionespsoe.es\/ponferrada\/?s={search_term_string}\"},\"query-input\":{\"@type\":\"PropertyValueSpecification\",\"valueRequired\":true,\"valueName\":\"search_term_string\"}}],\"inLanguage\":\"es\"},{\"@type\":\"Organization\",\"@id\":\"https:\/\/agrupacionespsoe.es\/ponferrada\/#organization\",\"name\":\"Agrupaci\u00f3n Socialista de Ponferrada\",\"url\":\"https:\/\/agrupacionespsoe.es\/ponferrada\/\",\"logo\":{\"@type\":\"ImageObject\",\"inLanguage\":\"es\",\"@id\":\"https:\/\/agrupacionespsoe.es\/ponferrada\/#\/schema\/logo\/image\/\",\"url\":\"https:\/\/agrupacionespsoe.es\/wp-content\/uploads\/2022\/07\/Logotipo_electoral_del_PSOE.png\",\"contentUrl\":\"https:\/\/agrupacionespsoe.es\/wp-content\/uploads\/2022\/07\/Logotipo_electoral_del_PSOE.png\",\"width\":422,\"height\":422,\"caption\":\"Agrupaci\u00f3n Socialista de Ponferrada\"},\"image\":{\"@id\":\"https:\/\/agrupacionespsoe.es\/ponferrada\/#\/schema\/logo\/image\/\"}},{\"@type\":\"Person\",\"@id\":\"https:\/\/agrupacionespsoe.es\/ponferrada\/#\/schema\/person\/cd29ee627f3b70c05d415f02596debaa\",\"name\":\"ponferrada2\",\"image\":{\"@type\":\"ImageObject\",\"inLanguage\":\"es\",\"@id\":\"https:\/\/agrupacionespsoe.es\/ponferrada\/#\/schema\/person\/image\/\",\"url\":\"https:\/\/secure.gravatar.com\/avatar\/f499eeb60144c664cf7b7edf75549b50?s=96&d=mm&r=g\",\"contentUrl\":\"https:\/\/secure.gravatar.com\/avatar\/f499eeb60144c664cf7b7edf75549b50?s=96&d=mm&r=g\",\"caption\":\"ponferrada2\"},\"url\":\"https:\/\/agrupacionespsoe.es\/ponferrada\/author\/ponferrada2\/\"}]}<\/script>\n<!-- \/ Yoast SEO plugin. -->","yoast_head_json":{"title":"El PSOE acusa a Morala de presumir de comisiones que ni convoca ni hacen su trabajo - Agrupaci\u00f3n Socialista de Ponferrada","robots":{"index":"index","follow":"follow","max-snippet":"max-snippet:-1","max-image-preview":"max-image-preview:large","max-video-preview":"max-video-preview:-1"},"canonical":"https:\/\/agrupacionespsoe.es\/ponferrada\/el-psoe-acusa-a-morala-de-presumir-de-comisiones-que-ni-convoca-ni-hacen-su-trabajo\/","og_locale":"es_ES","og_type":"article","og_title":"El PSOE acusa a Morala de presumir de comisiones que ni convoca ni hacen su trabajo - Agrupaci\u00f3n Socialista de Ponferrada","og_description":"El grupo municipal socialista critica que el alcalde de Ponferrada, Marco Morala, ha vuelto a demostrar esta semana su falta de diligencia en la gesti\u00f3n de los grandes contratos municipales. En sus declaraciones, el Sr. Morala se limit\u00f3 a presumir de haber constituido las comisiones de trabajo sobre los servicios de autobuses, recogida de basura, ...","og_url":"https:\/\/agrupacionespsoe.es\/ponferrada\/el-psoe-acusa-a-morala-de-presumir-de-comisiones-que-ni-convoca-ni-hacen-su-trabajo\/","og_site_name":"Agrupaci\u00f3n Socialista de Ponferrada","article_published_time":"2025-10-09T11:18:19+00:00","article_modified_time":"2025-10-09T11:18:20+00:00","og_image":[{"width":2048,"height":1152,"url":"https:\/\/agrupacionespsoe.es\/ponferrada\/wp-content\/uploads\/sites\/36\/2025\/09\/WhatsApp-Image-2025-09-26-at-12.53.05.jpeg","type":"image\/jpeg"}],"author":"ponferrada2","twitter_card":"summary_large_image","twitter_misc":{"Escrito por":"ponferrada2","Tiempo de lectura":"3 minutos"},"schema":{"@context":"https:\/\/schema.org","@graph":[{"@type":"Article","@id":"https:\/\/agrupacionespsoe.es\/ponferrada\/el-psoe-acusa-a-morala-de-presumir-de-comisiones-que-ni-convoca-ni-hacen-su-trabajo\/#article","isPartOf":{"@id":"https:\/\/agrupacionespsoe.es\/ponferrada\/el-psoe-acusa-a-morala-de-presumir-de-comisiones-que-ni-convoca-ni-hacen-su-trabajo\/"},"author":{"name":"ponferrada2","@id":"https:\/\/agrupacionespsoe.es\/ponferrada\/#\/schema\/person\/cd29ee627f3b70c05d415f02596debaa"},"headline":"El PSOE acusa a Morala de presumir de comisiones que ni convoca ni hacen su trabajo","datePublished":"2025-10-09T11:18:19+00:00","dateModified":"2025-10-09T11:18:20+00:00","mainEntityOfPage":{"@id":"https:\/\/agrupacionespsoe.es\/ponferrada\/el-psoe-acusa-a-morala-de-presumir-de-comisiones-que-ni-convoca-ni-hacen-su-trabajo\/"},"wordCount":603,"commentCount":0,"publisher":{"@id":"https:\/\/agrupacionespsoe.es\/ponferrada\/#organization"},"image":{"@id":"https:\/\/agrupacionespsoe.es\/ponferrada\/el-psoe-acusa-a-morala-de-presumir-de-comisiones-que-ni-convoca-ni-hacen-su-trabajo\/#primaryimage"},"thumbnailUrl":"https:\/\/agrupacionespsoe.es\/ponferrada\/wp-content\/uploads\/sites\/36\/2025\/09\/WhatsApp-Image-2025-09-26-at-12.53.05.jpeg","articleSection":["ACTUALIDAD"],"inLanguage":"es","potentialAction":[{"@type":"CommentAction","name":"Comment","target":["https:\/\/agrupacionespsoe.es\/ponferrada\/el-psoe-acusa-a-morala-de-presumir-de-comisiones-que-ni-convoca-ni-hacen-su-trabajo\/#respond"]}]},{"@type":"WebPage","@id":"https:\/\/agrupacionespsoe.es\/ponferrada\/el-psoe-acusa-a-morala-de-presumir-de-comisiones-que-ni-convoca-ni-hacen-su-trabajo\/","url":"https:\/\/agrupacionespsoe.es\/ponferrada\/el-psoe-acusa-a-morala-de-presumir-de-comisiones-que-ni-convoca-ni-hacen-su-trabajo\/","name":"El PSOE acusa a Morala de presumir de comisiones que ni convoca ni hacen su trabajo - Agrupaci\u00f3n Socialista de Ponferrada","isPartOf":{"@id":"https:\/\/agrupacionespsoe.es\/ponferrada\/#website"},"primaryImageOfPage":{"@id":"https:\/\/agrupacionespsoe.es\/ponferrada\/el-psoe-acusa-a-morala-de-presumir-de-comisiones-que-ni-convoca-ni-hacen-su-trabajo\/#primaryimage"},"image":{"@id":"https:\/\/agrupacionespsoe.es\/ponferrada\/el-psoe-acusa-a-morala-de-presumir-de-comisiones-que-ni-convoca-ni-hacen-su-trabajo\/#primaryimage"},"thumbnailUrl":"https:\/\/agrupacionespsoe.es\/ponferrada\/wp-content\/uploads\/sites\/36\/2025\/09\/WhatsApp-Image-2025-09-26-at-12.53.05.jpeg","datePublished":"2025-10-09T11:18:19+00:00","dateModified":"2025-10-09T11:18:20+00:00","breadcrumb":{"@id":"https:\/\/agrupacionespsoe.es\/ponferrada\/el-psoe-acusa-a-morala-de-presumir-de-comisiones-que-ni-convoca-ni-hacen-su-trabajo\/#breadcrumb"},"inLanguage":"es","potentialAction":[{"@type":"ReadAction","target":["https:\/\/agrupacionespsoe.es\/ponferrada\/el-psoe-acusa-a-morala-de-presumir-de-comisiones-que-ni-convoca-ni-hacen-su-trabajo\/"]}]},{"@type":"ImageObject","inLanguage":"es","@id":"https:\/\/agrupacionespsoe.es\/ponferrada\/el-psoe-acusa-a-morala-de-presumir-de-comisiones-que-ni-convoca-ni-hacen-su-trabajo\/#primaryimage","url":"https:\/\/agrupacionespsoe.es\/ponferrada\/wp-content\/uploads\/sites\/36\/2025\/09\/WhatsApp-Image-2025-09-26-at-12.53.05.jpeg","contentUrl":"https:\/\/agrupacionespsoe.es\/ponferrada\/wp-content\/uploads\/sites\/36\/2025\/09\/WhatsApp-Image-2025-09-26-at-12.53.05.jpeg","width":2048,"height":1152},{"@type":"BreadcrumbList","@id":"https:\/\/agrupacionespsoe.es\/ponferrada\/el-psoe-acusa-a-morala-de-presumir-de-comisiones-que-ni-convoca-ni-hacen-su-trabajo\/#breadcrumb","itemListElement":[{"@type":"ListItem","position":1,"name":"Portada","item":"https:\/\/agrupacionespsoe.es\/ponferrada\/"},{"@type":"ListItem","position":2,"name":"El PSOE acusa a Morala de presumir de comisiones que ni convoca ni hacen su trabajo"}]},{"@type":"WebSite","@id":"https:\/\/agrupacionespsoe.es\/ponferrada\/#website","url":"https:\/\/agrupacionespsoe.es\/ponferrada\/","name":"Agrupaci\u00f3n Socialista de Ponferrada","description":"Agrupaci\u00f3n Socialista de Ponferrada","publisher":{"@id":"https:\/\/agrupacionespsoe.es\/ponferrada\/#organization"},"potentialAction":[{"@type":"SearchAction","target":{"@type":"EntryPoint","urlTemplate":"https:\/\/agrupacionespsoe.es\/ponferrada\/?s={search_term_string}"},"query-input":{"@type":"PropertyValueSpecification","valueRequired":true,"valueName":"search_term_string"}}],"inLanguage":"es"},{"@type":"Organization","@id":"https:\/\/agrupacionespsoe.es\/ponferrada\/#organization","name":"Agrupaci\u00f3n Socialista de Ponferrada","url":"https:\/\/agrupacionespsoe.es\/ponferrada\/","logo":{"@type":"ImageObject","inLanguage":"es","@id":"https:\/\/agrupacionespsoe.es\/ponferrada\/#\/schema\/logo\/image\/","url":"https:\/\/agrupacionespsoe.es\/wp-content\/uploads\/2022\/07\/Logotipo_electoral_del_PSOE.png","contentUrl":"https:\/\/agrupacionespsoe.es\/wp-content\/uploads\/2022\/07\/Logotipo_electoral_del_PSOE.png","width":422,"height":422,"caption":"Agrupaci\u00f3n Socialista de Ponferrada"},"image":{"@id":"https:\/\/agrupacionespsoe.es\/ponferrada\/#\/schema\/logo\/image\/"}},{"@type":"Person","@id":"https:\/\/agrupacionespsoe.es\/ponferrada\/#\/schema\/person\/cd29ee627f3b70c05d415f02596debaa","name":"ponferrada2","image":{"@type":"ImageObject","inLanguage":"es","@id":"https:\/\/agrupacionespsoe.es\/ponferrada\/#\/schema\/person\/image\/","url":"https:\/\/secure.gravatar.com\/avatar\/f499eeb60144c664cf7b7edf75549b50?s=96&d=mm&r=g","contentUrl":"https:\/\/secure.gravatar.com\/avatar\/f499eeb60144c664cf7b7edf75549b50?s=96&d=mm&r=g","caption":"ponferrada2"},"url":"https:\/\/agrupacionespsoe.es\/ponferrada\/author\/ponferrada2\/"}]}},"jetpack_featured_media_url":"https:\/\/agrupacionespsoe.es\/ponferrada\/wp-content\/uploads\/sites\/36\/2025\/09\/WhatsApp-Image-2025-09-26-at-12.53.05.jpeg","jetpack_sharing_enabled":true,"_links":{"self":[{"href":"https:\/\/agrupacionespsoe.es\/ponferrada\/wp-json\/wp\/v2\/posts\/1156","targetHints":{"allow":["GET"]}}],"collection":[{"href":"https:\/\/agrupacionespsoe.es\/ponferrada\/wp-json\/wp\/v2\/posts"}],"about":[{"href":"https:\/\/agrupacionespsoe.es\/ponferrada\/wp-json\/wp\/v2\/types\/post"}],"author":[{"embeddable":true,"href":"https:\/\/agrupacionespsoe.es\/ponferrada\/wp-json\/wp\/v2\/users\/32"}],"replies":[{"embeddable":true,"href":"https:\/\/agrupacionespsoe.es\/ponferrada\/wp-json\/wp\/v2\/comments?post=1156"}],"version-history":[{"count":2,"href":"https:\/\/agrupacionespsoe.es\/ponferrada\/wp-json\/wp\/v2\/posts\/1156\/revisions"}],"predecessor-version":[{"id":1158,"href":"https:\/\/agrupacionespsoe.es\/ponferrada\/wp-json\/wp\/v2\/posts\/1156\/revisions\/1158"}],"wp:featuredmedia":[{"embeddable":true,"href":"https:\/\/agrupacionespsoe.es\/ponferrada\/wp-json\/wp\/v2\/media\/1121"}],"wp:attachment":[{"href":"https:\/\/agrupacionespsoe.es\/ponferrada\/wp-json\/wp\/v2\/media?parent=1156"}],"wp:term":[{"taxonomy":"category","embeddable":true,"href":"https:\/\/agrupacionespsoe.es\/ponferrada\/wp-json\/wp\/v2\/categories?post=1156"},{"taxonomy":"post_tag","embeddable":true,"href":"https:\/\/agrupacionespsoe.es\/ponferrada\/wp-json\/wp\/v2\/tags?post=1156"}],"curies":[{"name":"wp","href":"https:\/\/api.w.org\/{rel}","templated":true}]}}