{"id":1152,"date":"2025-10-08T07:51:57","date_gmt":"2025-10-08T07:51:57","guid":{"rendered":"https:\/\/agrupacionespsoe.es\/ponferrada\/?p=1152"},"modified":"2025-10-08T07:51:58","modified_gmt":"2025-10-08T07:51:58","slug":"morala-y-la-junta-excusas-inaccion-y-proyectos-que-nunca-llegan-a-ponferrada","status":"publish","type":"post","link":"https:\/\/agrupacionespsoe.es\/ponferrada\/morala-y-la-junta-excusas-inaccion-y-proyectos-que-nunca-llegan-a-ponferrada\/","title":{"rendered":"\u201cMorala y la Junta: excusas, inacci\u00f3n y proyectos que nunca llegan a Ponferrada\u201d"},"content":{"rendered":"\n<p>La Comisi\u00f3n Ejecutiva Municipal del PSOE de Ponferrada, reunida en la tarde del martes, ha comenzado su sesi\u00f3n mostrando un firme respaldo a Carlos Mart\u00ednez, candidato socialista a la Presidencia de la Junta de Castilla y Le\u00f3n. La Ejecutiva destac\u00f3 la necesidad de hacer un cambio en el gobierno de la Junta de Castilla y Le\u00f3n, y comparti\u00f3 algunas de las reflexiones del propio Mart\u00ednez, quien insiste en que Castilla y Le\u00f3n necesita dejar atr\u00e1s d\u00e9cadas de inmovilismo y avanzar hacia un futuro de oportunidades para los j\u00f3venes, con m\u00e1s inversi\u00f3n en servicios p\u00fablicos, vivienda y empleo.<\/p>\n\n\n\n<p>Tras este primer punto, el debate se centr\u00f3 en la actualidad municipal y, de manera especial, en las \u00faltimas declaraciones del alcalde de Ponferrada.<\/p>\n\n\n\n<p>La Secretaria de Organizaci\u00f3n de la ejecutiva municipal considera inaceptable que el se\u00f1or Morala pretenda presentarse como un alcalde dedicado a \u201ctrabajar en el decreto de pr\u00f3rroga presupuestaria\u201d, cuando es bien sabido que esa pr\u00f3rroga se activa de forma autom\u00e1tica el 1 de enero de 2026. En lugar de vender humo, deber\u00eda estar dedicando su tiempo y sus esfuerzos a cumplir alguno de los compromisos que adquiri\u00f3 con el Grupo Socialista para que este se abstuviera en la votaci\u00f3n de los presupuestos. Compromisos que, a d\u00eda de hoy, siguen sin cumplirse.<\/p>\n\n\n\n<p>Empieza a resultar muy rid\u00edculo que el Sr. Morala insista en cada acto p\u00fablico en lamentar que no puede invertir porque no hay presupuestos. Lo hizo en el acto de la Polic\u00eda Municipal, lo repiti\u00f3 en el evento del baloncesto 6.25&nbsp; y probablemente lo seguir\u00e1 repitiendo, como si de un argumento \u00fanico se tratara. Esos lamentos son solo la coartada de quien no gestiona, de quien no impulsa proyectos ni cumple acuerdos- se\u00f1alo la portavoz de la ejecutiva municipal.<\/p>\n\n\n\n<p>La reuni\u00f3n de la Ejecutiva tambi\u00e9n analiz\u00f3 el \u00faltimo Pleno municipal, que volvi\u00f3 a poner de manifiesto la ausencia de gesti\u00f3n del actual equipo de gobierno. Una sesi\u00f3n sin apenas contenido, donde lo m\u00e1s destacado fueron nuevamente las mociones de la oposici\u00f3n socialista.<\/p>\n\n\n\n<p>Se record\u00f3 que antes incluso de la convocatoria oficial, se retiraron del orden del d\u00eda asuntos pol\u00e9micos como la modificaci\u00f3n del Impuesto de Veh\u00edculos de Tracci\u00f3n Mec\u00e1nica (IVTM), y que el propio concejal de Hacienda se\u00f1alase que no se hab\u00eda aprobado y niegue lo que han votado, empiezan a ser un circo, se\u00f1ala Judit Lama.<\/p>\n\n\n\n<p>El PSOE de Ponferrada denuncia con contundencia la inacci\u00f3n, la dejadez y la falta de proyecto del alcalde Morala y su equipo. Mientras se pierde el tiempo en discursos vac\u00edos y en excusas sobre los presupuestos, los grandes problemas de la ciudad siguen sin respuesta.<\/p>\n\n\n\n<p>Para finalizar la ejecutiva municipal ha mostrado su rechazo m\u00e1s en\u00e9rgico a la decisi\u00f3n de la Junta de Castilla y Le\u00f3n de desviar 22 millones de euros de los fondos de Transici\u00f3n Justa para financiar la macroplanta de biomasa en Le\u00f3n es un aut\u00e9ntico insulto a las cuencas mineras que m\u00e1s han sufrido el cierre de las minas, entre ellas Ponferrada y El Bierzo. Esos recursos deber\u00edan destinarse a proyectos de reindustrializaci\u00f3n y empleo en los territorios afectados. A\u00f1ade que \u201cestas son las supuestas inversiones que seg\u00fan el Sr. Morala destina la Junta de Castilla y Le\u00f3n a Ponferrada, que sigue insistiendo en que la Junta es la \u00fanica que invierte en nuestra ciudad\u201d.<\/p>\n\n\n\n<p>Para finalizar tambi\u00e9n han criticado el anuncio de la creaci\u00f3n de una supuesta \u201coficina de vivienda\u201d que para los socialistas\u00a0 no es m\u00e1s que otro ejercicio de propaganda vac\u00edo del alcalde Morala. A su juicio se saca de la manga un registro que vende como soluci\u00f3n para los j\u00f3venes, cuando para poder acceder incluso a este tr\u00e1mite ya exigen estar inscritos o haber solicitado la inscripci\u00f3n en el verdadero Registro P\u00fablico de Demandantes de Vivienda de Protecci\u00f3n P\u00fablica de Castilla y Le\u00f3n, el \u00fanico que realmente vale. Mientras tanto, la Junta ni siquiera ha cumplido con la construcci\u00f3n de las 20 viviendas comprometidas para la juventud, ni ha hecho nada del acuerdo que hab\u00eda adquirido para la rehabilitaci\u00f3n de las viviendas del antiguo MOPU. Una cortina de humo m\u00e1s que evidencia que ni la Junta ni el equipo de gobierno de Morala tienen un proyecto serio para garantizar vivienda asequible a la ciudadan\u00eda de Ponferrada.<\/p>\n\n\n\n<figure class=\"wp-block-image size-large\"><img loading=\"lazy\" decoding=\"async\" width=\"1024\" height=\"768\" src=\"https:\/\/agrupacionespsoe.es\/ponferrada\/wp-content\/uploads\/sites\/36\/2025\/10\/EJECUTIVA-OCTUBRE-1024x768.jpeg\" alt=\"\" class=\"wp-image-1153\" srcset=\"https:\/\/agrupacionespsoe.es\/ponferrada\/wp-content\/uploads\/sites\/36\/2025\/10\/EJECUTIVA-OCTUBRE-1024x768.jpeg 1024w, https:\/\/agrupacionespsoe.es\/ponferrada\/wp-content\/uploads\/sites\/36\/2025\/10\/EJECUTIVA-OCTUBRE-300x225.jpeg 300w, https:\/\/agrupacionespsoe.es\/ponferrada\/wp-content\/uploads\/sites\/36\/2025\/10\/EJECUTIVA-OCTUBRE-768x576.jpeg 768w, https:\/\/agrupacionespsoe.es\/ponferrada\/wp-content\/uploads\/sites\/36\/2025\/10\/EJECUTIVA-OCTUBRE-1536x1152.jpeg 1536w, https:\/\/agrupacionespsoe.es\/ponferrada\/wp-content\/uploads\/sites\/36\/2025\/10\/EJECUTIVA-OCTUBRE.jpeg 2000w\" sizes=\"auto, (max-width: 1024px) 100vw, 1024px\" \/><\/figure>\n","protected":false},"excerpt":{"rendered":"<p>La Comisi\u00f3n Ejecutiva Municipal del PSOE de Ponferrada, reunida en la tarde del martes, ha comenzado su sesi\u00f3n mostrando un firme respaldo a Carlos Mart\u00ednez, candidato socialista a la Presidencia de la Junta de Castilla y Le\u00f3n. La Ejecutiva destac\u00f3 la necesidad de hacer un cambio en el gobierno de la Junta de Castilla y &#8230;<\/p>\n","protected":false},"author":32,"featured_media":1153,"comment_status":"open","ping_status":"open","sticky":false,"template":"","format":"standard","meta":{"_jetpack_memberships_contains_paid_content":false,"footnotes":""},"categories":[6],"tags":[],"class_list":["post-1152","post","type-post","status-publish","format-standard","has-post-thumbnail","hentry","category-actualidad"],"yoast_head":"<!-- This site is optimized with the Yoast SEO plugin v24.0 - https:\/\/yoast.com\/wordpress\/plugins\/seo\/ -->\n<title>\u201cMorala y la Junta: excusas, inacci\u00f3n y proyectos que nunca llegan a Ponferrada\u201d - Agrupaci\u00f3n Socialista de Ponferrada<\/title>\n<meta name=\"robots\" content=\"index, follow, max-snippet:-1, max-image-preview:large, max-video-preview:-1\" \/>\n<link rel=\"canonical\" href=\"https:\/\/agrupacionespsoe.es\/ponferrada\/morala-y-la-junta-excusas-inaccion-y-proyectos-que-nunca-llegan-a-ponferrada\/\" \/>\n<meta property=\"og:locale\" content=\"es_ES\" \/>\n<meta property=\"og:type\" content=\"article\" \/>\n<meta property=\"og:title\" content=\"\u201cMorala y la Junta: excusas, inacci\u00f3n y proyectos que nunca llegan a Ponferrada\u201d - Agrupaci\u00f3n Socialista de Ponferrada\" \/>\n<meta property=\"og:description\" content=\"La Comisi\u00f3n Ejecutiva Municipal del PSOE de Ponferrada, reunida en la tarde del martes, ha comenzado su sesi\u00f3n mostrando un firme respaldo a Carlos Mart\u00ednez, candidato socialista a la Presidencia de la Junta de Castilla y Le\u00f3n. La Ejecutiva destac\u00f3 la necesidad de hacer un cambio en el gobierno de la Junta de Castilla y ...\" \/>\n<meta property=\"og:url\" content=\"https:\/\/agrupacionespsoe.es\/ponferrada\/morala-y-la-junta-excusas-inaccion-y-proyectos-que-nunca-llegan-a-ponferrada\/\" \/>\n<meta property=\"og:site_name\" content=\"Agrupaci\u00f3n Socialista de Ponferrada\" \/>\n<meta property=\"article:published_time\" content=\"2025-10-08T07:51:57+00:00\" \/>\n<meta property=\"article:modified_time\" content=\"2025-10-08T07:51:58+00:00\" \/>\n<meta property=\"og:image\" content=\"https:\/\/agrupacionespsoe.es\/ponferrada\/wp-content\/uploads\/sites\/36\/2025\/10\/EJECUTIVA-OCTUBRE.jpeg\" \/>\n\t<meta property=\"og:image:width\" content=\"2000\" \/>\n\t<meta property=\"og:image:height\" content=\"1500\" \/>\n\t<meta property=\"og:image:type\" content=\"image\/jpeg\" \/>\n<meta name=\"author\" content=\"ponferrada2\" \/>\n<meta name=\"twitter:card\" content=\"summary_large_image\" \/>\n<meta name=\"twitter:label1\" content=\"Escrito por\" \/>\n\t<meta name=\"twitter:data1\" content=\"ponferrada2\" \/>\n\t<meta name=\"twitter:label2\" content=\"Tiempo de lectura\" \/>\n\t<meta name=\"twitter:data2\" content=\"4 minutos\" \/>\n<script type=\"application\/ld+json\" class=\"yoast-schema-graph\">{\"@context\":\"https:\/\/schema.org\",\"@graph\":[{\"@type\":\"Article\",\"@id\":\"https:\/\/agrupacionespsoe.es\/ponferrada\/morala-y-la-junta-excusas-inaccion-y-proyectos-que-nunca-llegan-a-ponferrada\/#article\",\"isPartOf\":{\"@id\":\"https:\/\/agrupacionespsoe.es\/ponferrada\/morala-y-la-junta-excusas-inaccion-y-proyectos-que-nunca-llegan-a-ponferrada\/\"},\"author\":{\"name\":\"ponferrada2\",\"@id\":\"https:\/\/agrupacionespsoe.es\/ponferrada\/#\/schema\/person\/cd29ee627f3b70c05d415f02596debaa\"},\"headline\":\"\u201cMorala y la Junta: excusas, inacci\u00f3n y proyectos que nunca llegan a Ponferrada\u201d\",\"datePublished\":\"2025-10-08T07:51:57+00:00\",\"dateModified\":\"2025-10-08T07:51:58+00:00\",\"mainEntityOfPage\":{\"@id\":\"https:\/\/agrupacionespsoe.es\/ponferrada\/morala-y-la-junta-excusas-inaccion-y-proyectos-que-nunca-llegan-a-ponferrada\/\"},\"wordCount\":785,\"commentCount\":0,\"publisher\":{\"@id\":\"https:\/\/agrupacionespsoe.es\/ponferrada\/#organization\"},\"image\":{\"@id\":\"https:\/\/agrupacionespsoe.es\/ponferrada\/morala-y-la-junta-excusas-inaccion-y-proyectos-que-nunca-llegan-a-ponferrada\/#primaryimage\"},\"thumbnailUrl\":\"https:\/\/agrupacionespsoe.es\/ponferrada\/wp-content\/uploads\/sites\/36\/2025\/10\/EJECUTIVA-OCTUBRE.jpeg\",\"articleSection\":[\"ACTUALIDAD\"],\"inLanguage\":\"es\",\"potentialAction\":[{\"@type\":\"CommentAction\",\"name\":\"Comment\",\"target\":[\"https:\/\/agrupacionespsoe.es\/ponferrada\/morala-y-la-junta-excusas-inaccion-y-proyectos-que-nunca-llegan-a-ponferrada\/#respond\"]}]},{\"@type\":\"WebPage\",\"@id\":\"https:\/\/agrupacionespsoe.es\/ponferrada\/morala-y-la-junta-excusas-inaccion-y-proyectos-que-nunca-llegan-a-ponferrada\/\",\"url\":\"https:\/\/agrupacionespsoe.es\/ponferrada\/morala-y-la-junta-excusas-inaccion-y-proyectos-que-nunca-llegan-a-ponferrada\/\",\"name\":\"\u201cMorala y la Junta: excusas, inacci\u00f3n y proyectos que nunca llegan a Ponferrada\u201d - Agrupaci\u00f3n Socialista de Ponferrada\",\"isPartOf\":{\"@id\":\"https:\/\/agrupacionespsoe.es\/ponferrada\/#website\"},\"primaryImageOfPage\":{\"@id\":\"https:\/\/agrupacionespsoe.es\/ponferrada\/morala-y-la-junta-excusas-inaccion-y-proyectos-que-nunca-llegan-a-ponferrada\/#primaryimage\"},\"image\":{\"@id\":\"https:\/\/agrupacionespsoe.es\/ponferrada\/morala-y-la-junta-excusas-inaccion-y-proyectos-que-nunca-llegan-a-ponferrada\/#primaryimage\"},\"thumbnailUrl\":\"https:\/\/agrupacionespsoe.es\/ponferrada\/wp-content\/uploads\/sites\/36\/2025\/10\/EJECUTIVA-OCTUBRE.jpeg\",\"datePublished\":\"2025-10-08T07:51:57+00:00\",\"dateModified\":\"2025-10-08T07:51:58+00:00\",\"breadcrumb\":{\"@id\":\"https:\/\/agrupacionespsoe.es\/ponferrada\/morala-y-la-junta-excusas-inaccion-y-proyectos-que-nunca-llegan-a-ponferrada\/#breadcrumb\"},\"inLanguage\":\"es\",\"potentialAction\":[{\"@type\":\"ReadAction\",\"target\":[\"https:\/\/agrupacionespsoe.es\/ponferrada\/morala-y-la-junta-excusas-inaccion-y-proyectos-que-nunca-llegan-a-ponferrada\/\"]}]},{\"@type\":\"ImageObject\",\"inLanguage\":\"es\",\"@id\":\"https:\/\/agrupacionespsoe.es\/ponferrada\/morala-y-la-junta-excusas-inaccion-y-proyectos-que-nunca-llegan-a-ponferrada\/#primaryimage\",\"url\":\"https:\/\/agrupacionespsoe.es\/ponferrada\/wp-content\/uploads\/sites\/36\/2025\/10\/EJECUTIVA-OCTUBRE.jpeg\",\"contentUrl\":\"https:\/\/agrupacionespsoe.es\/ponferrada\/wp-content\/uploads\/sites\/36\/2025\/10\/EJECUTIVA-OCTUBRE.jpeg\",\"width\":2000,\"height\":1500},{\"@type\":\"BreadcrumbList\",\"@id\":\"https:\/\/agrupacionespsoe.es\/ponferrada\/morala-y-la-junta-excusas-inaccion-y-proyectos-que-nunca-llegan-a-ponferrada\/#breadcrumb\",\"itemListElement\":[{\"@type\":\"ListItem\",\"position\":1,\"name\":\"Portada\",\"item\":\"https:\/\/agrupacionespsoe.es\/ponferrada\/\"},{\"@type\":\"ListItem\",\"position\":2,\"name\":\"\u201cMorala y la Junta: excusas, inacci\u00f3n y proyectos que nunca llegan a Ponferrada\u201d\"}]},{\"@type\":\"WebSite\",\"@id\":\"https:\/\/agrupacionespsoe.es\/ponferrada\/#website\",\"url\":\"https:\/\/agrupacionespsoe.es\/ponferrada\/\",\"name\":\"Agrupaci\u00f3n Socialista de Ponferrada\",\"description\":\"Agrupaci\u00f3n Socialista de Ponferrada\",\"publisher\":{\"@id\":\"https:\/\/agrupacionespsoe.es\/ponferrada\/#organization\"},\"potentialAction\":[{\"@type\":\"SearchAction\",\"target\":{\"@type\":\"EntryPoint\",\"urlTemplate\":\"https:\/\/agrupacionespsoe.es\/ponferrada\/?s={search_term_string}\"},\"query-input\":{\"@type\":\"PropertyValueSpecification\",\"valueRequired\":true,\"valueName\":\"search_term_string\"}}],\"inLanguage\":\"es\"},{\"@type\":\"Organization\",\"@id\":\"https:\/\/agrupacionespsoe.es\/ponferrada\/#organization\",\"name\":\"Agrupaci\u00f3n Socialista de Ponferrada\",\"url\":\"https:\/\/agrupacionespsoe.es\/ponferrada\/\",\"logo\":{\"@type\":\"ImageObject\",\"inLanguage\":\"es\",\"@id\":\"https:\/\/agrupacionespsoe.es\/ponferrada\/#\/schema\/logo\/image\/\",\"url\":\"https:\/\/agrupacionespsoe.es\/wp-content\/uploads\/2022\/07\/Logotipo_electoral_del_PSOE.png\",\"contentUrl\":\"https:\/\/agrupacionespsoe.es\/wp-content\/uploads\/2022\/07\/Logotipo_electoral_del_PSOE.png\",\"width\":422,\"height\":422,\"caption\":\"Agrupaci\u00f3n Socialista de Ponferrada\"},\"image\":{\"@id\":\"https:\/\/agrupacionespsoe.es\/ponferrada\/#\/schema\/logo\/image\/\"}},{\"@type\":\"Person\",\"@id\":\"https:\/\/agrupacionespsoe.es\/ponferrada\/#\/schema\/person\/cd29ee627f3b70c05d415f02596debaa\",\"name\":\"ponferrada2\",\"image\":{\"@type\":\"ImageObject\",\"inLanguage\":\"es\",\"@id\":\"https:\/\/agrupacionespsoe.es\/ponferrada\/#\/schema\/person\/image\/\",\"url\":\"https:\/\/secure.gravatar.com\/avatar\/f499eeb60144c664cf7b7edf75549b50?s=96&d=mm&r=g\",\"contentUrl\":\"https:\/\/secure.gravatar.com\/avatar\/f499eeb60144c664cf7b7edf75549b50?s=96&d=mm&r=g\",\"caption\":\"ponferrada2\"},\"url\":\"https:\/\/agrupacionespsoe.es\/ponferrada\/author\/ponferrada2\/\"}]}<\/script>\n<!-- \/ Yoast SEO plugin. -->","yoast_head_json":{"title":"\u201cMorala y la Junta: excusas, inacci\u00f3n y proyectos que nunca llegan a Ponferrada\u201d - Agrupaci\u00f3n Socialista de Ponferrada","robots":{"index":"index","follow":"follow","max-snippet":"max-snippet:-1","max-image-preview":"max-image-preview:large","max-video-preview":"max-video-preview:-1"},"canonical":"https:\/\/agrupacionespsoe.es\/ponferrada\/morala-y-la-junta-excusas-inaccion-y-proyectos-que-nunca-llegan-a-ponferrada\/","og_locale":"es_ES","og_type":"article","og_title":"\u201cMorala y la Junta: excusas, inacci\u00f3n y proyectos que nunca llegan a Ponferrada\u201d - Agrupaci\u00f3n Socialista de Ponferrada","og_description":"La Comisi\u00f3n Ejecutiva Municipal del PSOE de Ponferrada, reunida en la tarde del martes, ha comenzado su sesi\u00f3n mostrando un firme respaldo a Carlos Mart\u00ednez, candidato socialista a la Presidencia de la Junta de Castilla y Le\u00f3n. La Ejecutiva destac\u00f3 la necesidad de hacer un cambio en el gobierno de la Junta de Castilla y ...","og_url":"https:\/\/agrupacionespsoe.es\/ponferrada\/morala-y-la-junta-excusas-inaccion-y-proyectos-que-nunca-llegan-a-ponferrada\/","og_site_name":"Agrupaci\u00f3n Socialista de Ponferrada","article_published_time":"2025-10-08T07:51:57+00:00","article_modified_time":"2025-10-08T07:51:58+00:00","og_image":[{"width":2000,"height":1500,"url":"https:\/\/agrupacionespsoe.es\/ponferrada\/wp-content\/uploads\/sites\/36\/2025\/10\/EJECUTIVA-OCTUBRE.jpeg","type":"image\/jpeg"}],"author":"ponferrada2","twitter_card":"summary_large_image","twitter_misc":{"Escrito por":"ponferrada2","Tiempo de lectura":"4 minutos"},"schema":{"@context":"https:\/\/schema.org","@graph":[{"@type":"Article","@id":"https:\/\/agrupacionespsoe.es\/ponferrada\/morala-y-la-junta-excusas-inaccion-y-proyectos-que-nunca-llegan-a-ponferrada\/#article","isPartOf":{"@id":"https:\/\/agrupacionespsoe.es\/ponferrada\/morala-y-la-junta-excusas-inaccion-y-proyectos-que-nunca-llegan-a-ponferrada\/"},"author":{"name":"ponferrada2","@id":"https:\/\/agrupacionespsoe.es\/ponferrada\/#\/schema\/person\/cd29ee627f3b70c05d415f02596debaa"},"headline":"\u201cMorala y la Junta: excusas, inacci\u00f3n y proyectos que nunca llegan a Ponferrada\u201d","datePublished":"2025-10-08T07:51:57+00:00","dateModified":"2025-10-08T07:51:58+00:00","mainEntityOfPage":{"@id":"https:\/\/agrupacionespsoe.es\/ponferrada\/morala-y-la-junta-excusas-inaccion-y-proyectos-que-nunca-llegan-a-ponferrada\/"},"wordCount":785,"commentCount":0,"publisher":{"@id":"https:\/\/agrupacionespsoe.es\/ponferrada\/#organization"},"image":{"@id":"https:\/\/agrupacionespsoe.es\/ponferrada\/morala-y-la-junta-excusas-inaccion-y-proyectos-que-nunca-llegan-a-ponferrada\/#primaryimage"},"thumbnailUrl":"https:\/\/agrupacionespsoe.es\/ponferrada\/wp-content\/uploads\/sites\/36\/2025\/10\/EJECUTIVA-OCTUBRE.jpeg","articleSection":["ACTUALIDAD"],"inLanguage":"es","potentialAction":[{"@type":"CommentAction","name":"Comment","target":["https:\/\/agrupacionespsoe.es\/ponferrada\/morala-y-la-junta-excusas-inaccion-y-proyectos-que-nunca-llegan-a-ponferrada\/#respond"]}]},{"@type":"WebPage","@id":"https:\/\/agrupacionespsoe.es\/ponferrada\/morala-y-la-junta-excusas-inaccion-y-proyectos-que-nunca-llegan-a-ponferrada\/","url":"https:\/\/agrupacionespsoe.es\/ponferrada\/morala-y-la-junta-excusas-inaccion-y-proyectos-que-nunca-llegan-a-ponferrada\/","name":"\u201cMorala y la Junta: excusas, inacci\u00f3n y proyectos que nunca llegan a Ponferrada\u201d - Agrupaci\u00f3n Socialista de Ponferrada","isPartOf":{"@id":"https:\/\/agrupacionespsoe.es\/ponferrada\/#website"},"primaryImageOfPage":{"@id":"https:\/\/agrupacionespsoe.es\/ponferrada\/morala-y-la-junta-excusas-inaccion-y-proyectos-que-nunca-llegan-a-ponferrada\/#primaryimage"},"image":{"@id":"https:\/\/agrupacionespsoe.es\/ponferrada\/morala-y-la-junta-excusas-inaccion-y-proyectos-que-nunca-llegan-a-ponferrada\/#primaryimage"},"thumbnailUrl":"https:\/\/agrupacionespsoe.es\/ponferrada\/wp-content\/uploads\/sites\/36\/2025\/10\/EJECUTIVA-OCTUBRE.jpeg","datePublished":"2025-10-08T07:51:57+00:00","dateModified":"2025-10-08T07:51:58+00:00","breadcrumb":{"@id":"https:\/\/agrupacionespsoe.es\/ponferrada\/morala-y-la-junta-excusas-inaccion-y-proyectos-que-nunca-llegan-a-ponferrada\/#breadcrumb"},"inLanguage":"es","potentialAction":[{"@type":"ReadAction","target":["https:\/\/agrupacionespsoe.es\/ponferrada\/morala-y-la-junta-excusas-inaccion-y-proyectos-que-nunca-llegan-a-ponferrada\/"]}]},{"@type":"ImageObject","inLanguage":"es","@id":"https:\/\/agrupacionespsoe.es\/ponferrada\/morala-y-la-junta-excusas-inaccion-y-proyectos-que-nunca-llegan-a-ponferrada\/#primaryimage","url":"https:\/\/agrupacionespsoe.es\/ponferrada\/wp-content\/uploads\/sites\/36\/2025\/10\/EJECUTIVA-OCTUBRE.jpeg","contentUrl":"https:\/\/agrupacionespsoe.es\/ponferrada\/wp-content\/uploads\/sites\/36\/2025\/10\/EJECUTIVA-OCTUBRE.jpeg","width":2000,"height":1500},{"@type":"BreadcrumbList","@id":"https:\/\/agrupacionespsoe.es\/ponferrada\/morala-y-la-junta-excusas-inaccion-y-proyectos-que-nunca-llegan-a-ponferrada\/#breadcrumb","itemListElement":[{"@type":"ListItem","position":1,"name":"Portada","item":"https:\/\/agrupacionespsoe.es\/ponferrada\/"},{"@type":"ListItem","position":2,"name":"\u201cMorala y la Junta: excusas, inacci\u00f3n y proyectos que nunca llegan a Ponferrada\u201d"}]},{"@type":"WebSite","@id":"https:\/\/agrupacionespsoe.es\/ponferrada\/#website","url":"https:\/\/agrupacionespsoe.es\/ponferrada\/","name":"Agrupaci\u00f3n Socialista de Ponferrada","description":"Agrupaci\u00f3n Socialista de Ponferrada","publisher":{"@id":"https:\/\/agrupacionespsoe.es\/ponferrada\/#organization"},"potentialAction":[{"@type":"SearchAction","target":{"@type":"EntryPoint","urlTemplate":"https:\/\/agrupacionespsoe.es\/ponferrada\/?s={search_term_string}"},"query-input":{"@type":"PropertyValueSpecification","valueRequired":true,"valueName":"search_term_string"}}],"inLanguage":"es"},{"@type":"Organization","@id":"https:\/\/agrupacionespsoe.es\/ponferrada\/#organization","name":"Agrupaci\u00f3n Socialista de Ponferrada","url":"https:\/\/agrupacionespsoe.es\/ponferrada\/","logo":{"@type":"ImageObject","inLanguage":"es","@id":"https:\/\/agrupacionespsoe.es\/ponferrada\/#\/schema\/logo\/image\/","url":"https:\/\/agrupacionespsoe.es\/wp-content\/uploads\/2022\/07\/Logotipo_electoral_del_PSOE.png","contentUrl":"https:\/\/agrupacionespsoe.es\/wp-content\/uploads\/2022\/07\/Logotipo_electoral_del_PSOE.png","width":422,"height":422,"caption":"Agrupaci\u00f3n Socialista de Ponferrada"},"image":{"@id":"https:\/\/agrupacionespsoe.es\/ponferrada\/#\/schema\/logo\/image\/"}},{"@type":"Person","@id":"https:\/\/agrupacionespsoe.es\/ponferrada\/#\/schema\/person\/cd29ee627f3b70c05d415f02596debaa","name":"ponferrada2","image":{"@type":"ImageObject","inLanguage":"es","@id":"https:\/\/agrupacionespsoe.es\/ponferrada\/#\/schema\/person\/image\/","url":"https:\/\/secure.gravatar.com\/avatar\/f499eeb60144c664cf7b7edf75549b50?s=96&d=mm&r=g","contentUrl":"https:\/\/secure.gravatar.com\/avatar\/f499eeb60144c664cf7b7edf75549b50?s=96&d=mm&r=g","caption":"ponferrada2"},"url":"https:\/\/agrupacionespsoe.es\/ponferrada\/author\/ponferrada2\/"}]}},"jetpack_featured_media_url":"https:\/\/agrupacionespsoe.es\/ponferrada\/wp-content\/uploads\/sites\/36\/2025\/10\/EJECUTIVA-OCTUBRE.jpeg","jetpack_sharing_enabled":true,"_links":{"self":[{"href":"https:\/\/agrupacionespsoe.es\/ponferrada\/wp-json\/wp\/v2\/posts\/1152","targetHints":{"allow":["GET"]}}],"collection":[{"href":"https:\/\/agrupacionespsoe.es\/ponferrada\/wp-json\/wp\/v2\/posts"}],"about":[{"href":"https:\/\/agrupacionespsoe.es\/ponferrada\/wp-json\/wp\/v2\/types\/post"}],"author":[{"embeddable":true,"href":"https:\/\/agrupacionespsoe.es\/ponferrada\/wp-json\/wp\/v2\/users\/32"}],"replies":[{"embeddable":true,"href":"https:\/\/agrupacionespsoe.es\/ponferrada\/wp-json\/wp\/v2\/comments?post=1152"}],"version-history":[{"count":2,"href":"https:\/\/agrupacionespsoe.es\/ponferrada\/wp-json\/wp\/v2\/posts\/1152\/revisions"}],"predecessor-version":[{"id":1155,"href":"https:\/\/agrupacionespsoe.es\/ponferrada\/wp-json\/wp\/v2\/posts\/1152\/revisions\/1155"}],"wp:featuredmedia":[{"embeddable":true,"href":"https:\/\/agrupacionespsoe.es\/ponferrada\/wp-json\/wp\/v2\/media\/1153"}],"wp:attachment":[{"href":"https:\/\/agrupacionespsoe.es\/ponferrada\/wp-json\/wp\/v2\/media?parent=1152"}],"wp:term":[{"taxonomy":"category","embeddable":true,"href":"https:\/\/agrupacionespsoe.es\/ponferrada\/wp-json\/wp\/v2\/categories?post=1152"},{"taxonomy":"post_tag","embeddable":true,"href":"https:\/\/agrupacionespsoe.es\/ponferrada\/wp-json\/wp\/v2\/tags?post=1152"}],"curies":[{"name":"wp","href":"https:\/\/api.w.org\/{rel}","templated":true}]}}