{"id":1129,"date":"2025-09-29T14:58:40","date_gmt":"2025-09-29T14:58:40","guid":{"rendered":"https:\/\/agrupacionespsoe.es\/ponferrada\/?p=1129"},"modified":"2025-09-29T14:58:40","modified_gmt":"2025-09-29T14:58:40","slug":"improvisacion-y-mala-gestion-el-psoe-cuestiona-el-proyecto-del-mirador-y-museo-de-la-encina-en-ponferrada","status":"publish","type":"post","link":"https:\/\/agrupacionespsoe.es\/ponferrada\/improvisacion-y-mala-gestion-el-psoe-cuestiona-el-proyecto-del-mirador-y-museo-de-la-encina-en-ponferrada\/","title":{"rendered":"\u201cImprovisaci\u00f3n y mala gesti\u00f3n\u201d: el PSOE cuestiona el proyecto del mirador y museo de la Encina en Ponferrada"},"content":{"rendered":"\n<p>El Grupo Municipal Socialista en el Ayuntamiento de Ponferrada ha vuelto a poner en cuesti\u00f3n la gesti\u00f3n del equipo de gobierno en torno a las obras de rehabilitaci\u00f3n de la torre de la Bas\u00edlica de la Encina como mirador tur\u00edstico y el museo de arte sacro.<\/p>\n\n\n\n<p>Los socialistas recuerdan que, entre el mirador y el museo sacro, se ha comprometido ya una inversi\u00f3n p\u00fablica superior a 500.000 euros (333.799,75 euros para la torre y el mirador y 173.723,94 euros para el museo), un dinero que han quitado de la partida destinada a la rehabilitaci\u00f3n del casco antiguo,&nbsp; sin que hasta la fecha exista un convenio de gesti\u00f3n sobre qui\u00e9n se encargar\u00e1 de explotar y administrar esas instalaciones, ni c\u00f3mo se organizar\u00e1 la recaudaci\u00f3n de las entradas.<\/p>\n\n\n\n<p>En la \u00faltima comisi\u00f3n del \u00e1rea, a preguntas del grupo municipal socialista el equipo de gobierno inform\u00f3 de que la pr\u00f3xima semana se celebrar\u00e1 una reuni\u00f3n con el Obispado para abordar estas cuestiones. Para el PSOE, esa explicaci\u00f3n \u201cno es m\u00e1s que una excusa\u201d, ya que actualmente la di\u00f3cesis no cuenta con obispo. \u201cDespu\u00e9s de gastar dinero p\u00fablico en un bien que no es de titularidad municipal, ahora se acuerdan de llamar a la puerta del propietario para ver si les permite ponerlo a disposici\u00f3n de la ciudadan\u00eda. Eso no es planificaci\u00f3n, es solo improvisaci\u00f3n\u201d, se\u00f1alan.<\/p>\n\n\n\n<p>El PSOE considera que la forma de actuar del equipo de gobierno es meter la pata y luego intentar solucionarlo con un mal parche, \u201cSe va a invertir una cantidad muy importante de recursos sin tener resuelto lo fundamental: qui\u00e9n va a gestionar el equipamiento, qu\u00e9 papel va a tener el Ayuntamiento y qu\u00e9 contraprestaciones tendr\u00e1 y qui\u00e9n gestionar\u00e1 la recaudaci\u00f3n de las entradas. A d\u00eda de hoy, todo eso sigue siendo una inc\u00f3gnita\u201d.<\/p>\n\n\n\n<p>Para los socialistas, la situaci\u00f3n evidencia una forma de gobernar marcada por la falta de previsi\u00f3n. \u201cLa forma de gesti\u00f3n del Plan de Turismo Sostenible ha sido una chapuza desde el principio, est\u00e1n malgastando una inversi\u00f3n que era fundamental para Ponferrada y esto es el ejemplo primero cambian una actuaci\u00f3n necesaria como la rehabilitaci\u00f3n del casco antiguo por estas dos obras y comprometen recursos econ\u00f3micos considerables y finalmente, cuando todo est\u00e1 en marcha, se preocupan de negociar con los propietarios. Es justo lo contrario de lo que deber\u00eda hacerse. Lo l\u00f3gico hubiera sido garantizar desde el principio un convenio de gesti\u00f3n estable, transparente y beneficioso para Ponferrada, y sobre esa base continuar con el proyecto\u201d.<\/p>\n\n\n\n<p>Los socialistas recuerdan que han tenido tiempo de sobra, la obra se anunci\u00f3 por parte del Alcalde en noviembre del a\u00f1o pasado, casi un a\u00f1o despu\u00e9s no les ha dado tiempo a resolver c\u00f3mo se va a gestionar es \u201cun ejemplo claro de improvisaci\u00f3n y de mala gesti\u00f3n de los recursos p\u00fablicos\u201d y reclaman al equipo de gobierno que aclare cu\u00e1l ser\u00e1 el modelo de gesti\u00f3n del mirador y del museo sacro, que informen al menos de la propuesta que como equipo de gobierno tienen si es que tienen alguna, c\u00f3mo se articular\u00e1 la colaboraci\u00f3n con el Obispado y qu\u00e9 garant\u00edas tiene Ponferrada de que la inversi\u00f3n realizada no quedar\u00e1 sin el rendimiento social y tur\u00edstico que se espera.\u201d<\/p>\n\n\n\n<figure class=\"wp-block-gallery has-nested-images columns-default is-cropped wp-block-gallery-1 is-layout-flex wp-block-gallery-is-layout-flex\">\n<figure class=\"wp-block-image size-large\"><img loading=\"lazy\" decoding=\"async\" width=\"1024\" height=\"768\" data-id=\"1131\" src=\"https:\/\/agrupacionespsoe.es\/ponferrada\/wp-content\/uploads\/sites\/36\/2025\/09\/WhatsApp-Image-2025-09-29-at-16.30.28-2-1024x768.jpeg\" alt=\"\" class=\"wp-image-1131\" srcset=\"https:\/\/agrupacionespsoe.es\/ponferrada\/wp-content\/uploads\/sites\/36\/2025\/09\/WhatsApp-Image-2025-09-29-at-16.30.28-2-1024x768.jpeg 1024w, https:\/\/agrupacionespsoe.es\/ponferrada\/wp-content\/uploads\/sites\/36\/2025\/09\/WhatsApp-Image-2025-09-29-at-16.30.28-2-300x225.jpeg 300w, https:\/\/agrupacionespsoe.es\/ponferrada\/wp-content\/uploads\/sites\/36\/2025\/09\/WhatsApp-Image-2025-09-29-at-16.30.28-2-768x576.jpeg 768w, https:\/\/agrupacionespsoe.es\/ponferrada\/wp-content\/uploads\/sites\/36\/2025\/09\/WhatsApp-Image-2025-09-29-at-16.30.28-2-1536x1152.jpeg 1536w, https:\/\/agrupacionespsoe.es\/ponferrada\/wp-content\/uploads\/sites\/36\/2025\/09\/WhatsApp-Image-2025-09-29-at-16.30.28-2.jpeg 2048w\" sizes=\"auto, (max-width: 1024px) 100vw, 1024px\" \/><\/figure>\n\n\n\n<figure class=\"wp-block-image size-large\"><img loading=\"lazy\" decoding=\"async\" width=\"1024\" height=\"768\" data-id=\"1132\" src=\"https:\/\/agrupacionespsoe.es\/ponferrada\/wp-content\/uploads\/sites\/36\/2025\/09\/WhatsApp-Image-2025-09-29-at-16.30.28-1-1024x768.jpeg\" alt=\"\" class=\"wp-image-1132\" srcset=\"https:\/\/agrupacionespsoe.es\/ponferrada\/wp-content\/uploads\/sites\/36\/2025\/09\/WhatsApp-Image-2025-09-29-at-16.30.28-1-1024x768.jpeg 1024w, https:\/\/agrupacionespsoe.es\/ponferrada\/wp-content\/uploads\/sites\/36\/2025\/09\/WhatsApp-Image-2025-09-29-at-16.30.28-1-300x225.jpeg 300w, https:\/\/agrupacionespsoe.es\/ponferrada\/wp-content\/uploads\/sites\/36\/2025\/09\/WhatsApp-Image-2025-09-29-at-16.30.28-1-768x576.jpeg 768w, https:\/\/agrupacionespsoe.es\/ponferrada\/wp-content\/uploads\/sites\/36\/2025\/09\/WhatsApp-Image-2025-09-29-at-16.30.28-1-1536x1152.jpeg 1536w, https:\/\/agrupacionespsoe.es\/ponferrada\/wp-content\/uploads\/sites\/36\/2025\/09\/WhatsApp-Image-2025-09-29-at-16.30.28-1.jpeg 2048w\" sizes=\"auto, (max-width: 1024px) 100vw, 1024px\" \/><\/figure>\n\n\n\n<figure class=\"wp-block-image size-large\"><img loading=\"lazy\" decoding=\"async\" width=\"1024\" height=\"768\" data-id=\"1133\" src=\"https:\/\/agrupacionespsoe.es\/ponferrada\/wp-content\/uploads\/sites\/36\/2025\/09\/WhatsApp-Image-2025-09-29-at-16.30.28-1024x768.jpeg\" alt=\"\" class=\"wp-image-1133\" srcset=\"https:\/\/agrupacionespsoe.es\/ponferrada\/wp-content\/uploads\/sites\/36\/2025\/09\/WhatsApp-Image-2025-09-29-at-16.30.28-1024x768.jpeg 1024w, https:\/\/agrupacionespsoe.es\/ponferrada\/wp-content\/uploads\/sites\/36\/2025\/09\/WhatsApp-Image-2025-09-29-at-16.30.28-300x225.jpeg 300w, https:\/\/agrupacionespsoe.es\/ponferrada\/wp-content\/uploads\/sites\/36\/2025\/09\/WhatsApp-Image-2025-09-29-at-16.30.28-768x576.jpeg 768w, https:\/\/agrupacionespsoe.es\/ponferrada\/wp-content\/uploads\/sites\/36\/2025\/09\/WhatsApp-Image-2025-09-29-at-16.30.28-1536x1152.jpeg 1536w, https:\/\/agrupacionespsoe.es\/ponferrada\/wp-content\/uploads\/sites\/36\/2025\/09\/WhatsApp-Image-2025-09-29-at-16.30.28.jpeg 2048w\" sizes=\"auto, (max-width: 1024px) 100vw, 1024px\" \/><\/figure>\n\n\n\n<figure class=\"wp-block-image size-large\"><img loading=\"lazy\" decoding=\"async\" width=\"1024\" height=\"768\" data-id=\"1130\" src=\"https:\/\/agrupacionespsoe.es\/ponferrada\/wp-content\/uploads\/sites\/36\/2025\/09\/WhatsApp-Image-2025-09-29-at-16.30.27-1024x768.jpeg\" alt=\"\" class=\"wp-image-1130\" srcset=\"https:\/\/agrupacionespsoe.es\/ponferrada\/wp-content\/uploads\/sites\/36\/2025\/09\/WhatsApp-Image-2025-09-29-at-16.30.27-1024x768.jpeg 1024w, https:\/\/agrupacionespsoe.es\/ponferrada\/wp-content\/uploads\/sites\/36\/2025\/09\/WhatsApp-Image-2025-09-29-at-16.30.27-300x225.jpeg 300w, https:\/\/agrupacionespsoe.es\/ponferrada\/wp-content\/uploads\/sites\/36\/2025\/09\/WhatsApp-Image-2025-09-29-at-16.30.27-768x576.jpeg 768w, https:\/\/agrupacionespsoe.es\/ponferrada\/wp-content\/uploads\/sites\/36\/2025\/09\/WhatsApp-Image-2025-09-29-at-16.30.27-1536x1152.jpeg 1536w, https:\/\/agrupacionespsoe.es\/ponferrada\/wp-content\/uploads\/sites\/36\/2025\/09\/WhatsApp-Image-2025-09-29-at-16.30.27.jpeg 1600w\" sizes=\"auto, (max-width: 1024px) 100vw, 1024px\" \/><\/figure>\n<\/figure>\n","protected":false},"excerpt":{"rendered":"<p>El Grupo Municipal Socialista en el Ayuntamiento de Ponferrada ha vuelto a poner en cuesti\u00f3n la gesti\u00f3n del equipo de gobierno en torno a las obras de rehabilitaci\u00f3n de la torre de la Bas\u00edlica de la Encina como mirador tur\u00edstico y el museo de arte sacro. Los socialistas recuerdan que, entre el mirador y el &#8230;<\/p>\n","protected":false},"author":32,"featured_media":1130,"comment_status":"open","ping_status":"open","sticky":false,"template":"","format":"standard","meta":{"_jetpack_memberships_contains_paid_content":false,"footnotes":""},"categories":[6],"tags":[],"class_list":["post-1129","post","type-post","status-publish","format-standard","has-post-thumbnail","hentry","category-actualidad"],"yoast_head":"<!-- This site is optimized with the Yoast SEO plugin v24.0 - https:\/\/yoast.com\/wordpress\/plugins\/seo\/ -->\n<title>\u201cImprovisaci\u00f3n y mala gesti\u00f3n\u201d: el PSOE cuestiona el proyecto del mirador y museo de la Encina en Ponferrada - Agrupaci\u00f3n Socialista de Ponferrada<\/title>\n<meta name=\"robots\" content=\"index, follow, max-snippet:-1, max-image-preview:large, max-video-preview:-1\" \/>\n<link rel=\"canonical\" href=\"https:\/\/agrupacionespsoe.es\/ponferrada\/improvisacion-y-mala-gestion-el-psoe-cuestiona-el-proyecto-del-mirador-y-museo-de-la-encina-en-ponferrada\/\" \/>\n<meta property=\"og:locale\" content=\"es_ES\" \/>\n<meta property=\"og:type\" content=\"article\" \/>\n<meta property=\"og:title\" content=\"\u201cImprovisaci\u00f3n y mala gesti\u00f3n\u201d: el PSOE cuestiona el proyecto del mirador y museo de la Encina en Ponferrada - Agrupaci\u00f3n Socialista de Ponferrada\" \/>\n<meta property=\"og:description\" content=\"El Grupo Municipal Socialista en el Ayuntamiento de Ponferrada ha vuelto a poner en cuesti\u00f3n la gesti\u00f3n del equipo de gobierno en torno a las obras de rehabilitaci\u00f3n de la torre de la Bas\u00edlica de la Encina como mirador tur\u00edstico y el museo de arte sacro. Los socialistas recuerdan que, entre el mirador y el ...\" \/>\n<meta property=\"og:url\" content=\"https:\/\/agrupacionespsoe.es\/ponferrada\/improvisacion-y-mala-gestion-el-psoe-cuestiona-el-proyecto-del-mirador-y-museo-de-la-encina-en-ponferrada\/\" \/>\n<meta property=\"og:site_name\" content=\"Agrupaci\u00f3n Socialista de Ponferrada\" \/>\n<meta property=\"article:published_time\" content=\"2025-09-29T14:58:40+00:00\" \/>\n<meta property=\"og:image\" content=\"https:\/\/agrupacionespsoe.es\/ponferrada\/wp-content\/uploads\/sites\/36\/2025\/09\/WhatsApp-Image-2025-09-29-at-16.30.27.jpeg\" \/>\n\t<meta property=\"og:image:width\" content=\"1600\" \/>\n\t<meta property=\"og:image:height\" content=\"1200\" \/>\n\t<meta property=\"og:image:type\" content=\"image\/jpeg\" \/>\n<meta name=\"author\" content=\"ponferrada2\" \/>\n<meta name=\"twitter:card\" content=\"summary_large_image\" \/>\n<meta name=\"twitter:label1\" content=\"Escrito por\" \/>\n\t<meta name=\"twitter:data1\" content=\"ponferrada2\" \/>\n\t<meta name=\"twitter:label2\" content=\"Tiempo de lectura\" \/>\n\t<meta name=\"twitter:data2\" content=\"4 minutos\" \/>\n<script type=\"application\/ld+json\" class=\"yoast-schema-graph\">{\"@context\":\"https:\/\/schema.org\",\"@graph\":[{\"@type\":\"Article\",\"@id\":\"https:\/\/agrupacionespsoe.es\/ponferrada\/improvisacion-y-mala-gestion-el-psoe-cuestiona-el-proyecto-del-mirador-y-museo-de-la-encina-en-ponferrada\/#article\",\"isPartOf\":{\"@id\":\"https:\/\/agrupacionespsoe.es\/ponferrada\/improvisacion-y-mala-gestion-el-psoe-cuestiona-el-proyecto-del-mirador-y-museo-de-la-encina-en-ponferrada\/\"},\"author\":{\"name\":\"ponferrada2\",\"@id\":\"https:\/\/agrupacionespsoe.es\/ponferrada\/#\/schema\/person\/cd29ee627f3b70c05d415f02596debaa\"},\"headline\":\"\u201cImprovisaci\u00f3n y mala gesti\u00f3n\u201d: el PSOE cuestiona el proyecto del mirador y museo de la Encina en Ponferrada\",\"datePublished\":\"2025-09-29T14:58:40+00:00\",\"dateModified\":\"2025-09-29T14:58:40+00:00\",\"mainEntityOfPage\":{\"@id\":\"https:\/\/agrupacionespsoe.es\/ponferrada\/improvisacion-y-mala-gestion-el-psoe-cuestiona-el-proyecto-del-mirador-y-museo-de-la-encina-en-ponferrada\/\"},\"wordCount\":603,\"commentCount\":0,\"publisher\":{\"@id\":\"https:\/\/agrupacionespsoe.es\/ponferrada\/#organization\"},\"image\":{\"@id\":\"https:\/\/agrupacionespsoe.es\/ponferrada\/improvisacion-y-mala-gestion-el-psoe-cuestiona-el-proyecto-del-mirador-y-museo-de-la-encina-en-ponferrada\/#primaryimage\"},\"thumbnailUrl\":\"https:\/\/agrupacionespsoe.es\/ponferrada\/wp-content\/uploads\/sites\/36\/2025\/09\/WhatsApp-Image-2025-09-29-at-16.30.27.jpeg\",\"articleSection\":[\"ACTUALIDAD\"],\"inLanguage\":\"es\",\"potentialAction\":[{\"@type\":\"CommentAction\",\"name\":\"Comment\",\"target\":[\"https:\/\/agrupacionespsoe.es\/ponferrada\/improvisacion-y-mala-gestion-el-psoe-cuestiona-el-proyecto-del-mirador-y-museo-de-la-encina-en-ponferrada\/#respond\"]}]},{\"@type\":\"WebPage\",\"@id\":\"https:\/\/agrupacionespsoe.es\/ponferrada\/improvisacion-y-mala-gestion-el-psoe-cuestiona-el-proyecto-del-mirador-y-museo-de-la-encina-en-ponferrada\/\",\"url\":\"https:\/\/agrupacionespsoe.es\/ponferrada\/improvisacion-y-mala-gestion-el-psoe-cuestiona-el-proyecto-del-mirador-y-museo-de-la-encina-en-ponferrada\/\",\"name\":\"\u201cImprovisaci\u00f3n y mala gesti\u00f3n\u201d: el PSOE cuestiona el proyecto del mirador y museo de la Encina en Ponferrada - Agrupaci\u00f3n Socialista de Ponferrada\",\"isPartOf\":{\"@id\":\"https:\/\/agrupacionespsoe.es\/ponferrada\/#website\"},\"primaryImageOfPage\":{\"@id\":\"https:\/\/agrupacionespsoe.es\/ponferrada\/improvisacion-y-mala-gestion-el-psoe-cuestiona-el-proyecto-del-mirador-y-museo-de-la-encina-en-ponferrada\/#primaryimage\"},\"image\":{\"@id\":\"https:\/\/agrupacionespsoe.es\/ponferrada\/improvisacion-y-mala-gestion-el-psoe-cuestiona-el-proyecto-del-mirador-y-museo-de-la-encina-en-ponferrada\/#primaryimage\"},\"thumbnailUrl\":\"https:\/\/agrupacionespsoe.es\/ponferrada\/wp-content\/uploads\/sites\/36\/2025\/09\/WhatsApp-Image-2025-09-29-at-16.30.27.jpeg\",\"datePublished\":\"2025-09-29T14:58:40+00:00\",\"dateModified\":\"2025-09-29T14:58:40+00:00\",\"breadcrumb\":{\"@id\":\"https:\/\/agrupacionespsoe.es\/ponferrada\/improvisacion-y-mala-gestion-el-psoe-cuestiona-el-proyecto-del-mirador-y-museo-de-la-encina-en-ponferrada\/#breadcrumb\"},\"inLanguage\":\"es\",\"potentialAction\":[{\"@type\":\"ReadAction\",\"target\":[\"https:\/\/agrupacionespsoe.es\/ponferrada\/improvisacion-y-mala-gestion-el-psoe-cuestiona-el-proyecto-del-mirador-y-museo-de-la-encina-en-ponferrada\/\"]}]},{\"@type\":\"ImageObject\",\"inLanguage\":\"es\",\"@id\":\"https:\/\/agrupacionespsoe.es\/ponferrada\/improvisacion-y-mala-gestion-el-psoe-cuestiona-el-proyecto-del-mirador-y-museo-de-la-encina-en-ponferrada\/#primaryimage\",\"url\":\"https:\/\/agrupacionespsoe.es\/ponferrada\/wp-content\/uploads\/sites\/36\/2025\/09\/WhatsApp-Image-2025-09-29-at-16.30.27.jpeg\",\"contentUrl\":\"https:\/\/agrupacionespsoe.es\/ponferrada\/wp-content\/uploads\/sites\/36\/2025\/09\/WhatsApp-Image-2025-09-29-at-16.30.27.jpeg\",\"width\":1600,\"height\":1200},{\"@type\":\"BreadcrumbList\",\"@id\":\"https:\/\/agrupacionespsoe.es\/ponferrada\/improvisacion-y-mala-gestion-el-psoe-cuestiona-el-proyecto-del-mirador-y-museo-de-la-encina-en-ponferrada\/#breadcrumb\",\"itemListElement\":[{\"@type\":\"ListItem\",\"position\":1,\"name\":\"Portada\",\"item\":\"https:\/\/agrupacionespsoe.es\/ponferrada\/\"},{\"@type\":\"ListItem\",\"position\":2,\"name\":\"\u201cImprovisaci\u00f3n y mala gesti\u00f3n\u201d: el PSOE cuestiona el proyecto del mirador y museo de la Encina en Ponferrada\"}]},{\"@type\":\"WebSite\",\"@id\":\"https:\/\/agrupacionespsoe.es\/ponferrada\/#website\",\"url\":\"https:\/\/agrupacionespsoe.es\/ponferrada\/\",\"name\":\"Agrupaci\u00f3n Socialista de Ponferrada\",\"description\":\"Agrupaci\u00f3n Socialista de Ponferrada\",\"publisher\":{\"@id\":\"https:\/\/agrupacionespsoe.es\/ponferrada\/#organization\"},\"potentialAction\":[{\"@type\":\"SearchAction\",\"target\":{\"@type\":\"EntryPoint\",\"urlTemplate\":\"https:\/\/agrupacionespsoe.es\/ponferrada\/?s={search_term_string}\"},\"query-input\":{\"@type\":\"PropertyValueSpecification\",\"valueRequired\":true,\"valueName\":\"search_term_string\"}}],\"inLanguage\":\"es\"},{\"@type\":\"Organization\",\"@id\":\"https:\/\/agrupacionespsoe.es\/ponferrada\/#organization\",\"name\":\"Agrupaci\u00f3n Socialista de Ponferrada\",\"url\":\"https:\/\/agrupacionespsoe.es\/ponferrada\/\",\"logo\":{\"@type\":\"ImageObject\",\"inLanguage\":\"es\",\"@id\":\"https:\/\/agrupacionespsoe.es\/ponferrada\/#\/schema\/logo\/image\/\",\"url\":\"https:\/\/agrupacionespsoe.es\/wp-content\/uploads\/2022\/07\/Logotipo_electoral_del_PSOE.png\",\"contentUrl\":\"https:\/\/agrupacionespsoe.es\/wp-content\/uploads\/2022\/07\/Logotipo_electoral_del_PSOE.png\",\"width\":422,\"height\":422,\"caption\":\"Agrupaci\u00f3n Socialista de Ponferrada\"},\"image\":{\"@id\":\"https:\/\/agrupacionespsoe.es\/ponferrada\/#\/schema\/logo\/image\/\"}},{\"@type\":\"Person\",\"@id\":\"https:\/\/agrupacionespsoe.es\/ponferrada\/#\/schema\/person\/cd29ee627f3b70c05d415f02596debaa\",\"name\":\"ponferrada2\",\"image\":{\"@type\":\"ImageObject\",\"inLanguage\":\"es\",\"@id\":\"https:\/\/agrupacionespsoe.es\/ponferrada\/#\/schema\/person\/image\/\",\"url\":\"https:\/\/secure.gravatar.com\/avatar\/f499eeb60144c664cf7b7edf75549b50?s=96&d=mm&r=g\",\"contentUrl\":\"https:\/\/secure.gravatar.com\/avatar\/f499eeb60144c664cf7b7edf75549b50?s=96&d=mm&r=g\",\"caption\":\"ponferrada2\"},\"url\":\"https:\/\/agrupacionespsoe.es\/ponferrada\/author\/ponferrada2\/\"}]}<\/script>\n<!-- \/ Yoast SEO plugin. -->","yoast_head_json":{"title":"\u201cImprovisaci\u00f3n y mala gesti\u00f3n\u201d: el PSOE cuestiona el proyecto del mirador y museo de la Encina en Ponferrada - Agrupaci\u00f3n Socialista de Ponferrada","robots":{"index":"index","follow":"follow","max-snippet":"max-snippet:-1","max-image-preview":"max-image-preview:large","max-video-preview":"max-video-preview:-1"},"canonical":"https:\/\/agrupacionespsoe.es\/ponferrada\/improvisacion-y-mala-gestion-el-psoe-cuestiona-el-proyecto-del-mirador-y-museo-de-la-encina-en-ponferrada\/","og_locale":"es_ES","og_type":"article","og_title":"\u201cImprovisaci\u00f3n y mala gesti\u00f3n\u201d: el PSOE cuestiona el proyecto del mirador y museo de la Encina en Ponferrada - Agrupaci\u00f3n Socialista de Ponferrada","og_description":"El Grupo Municipal Socialista en el Ayuntamiento de Ponferrada ha vuelto a poner en cuesti\u00f3n la gesti\u00f3n del equipo de gobierno en torno a las obras de rehabilitaci\u00f3n de la torre de la Bas\u00edlica de la Encina como mirador tur\u00edstico y el museo de arte sacro. Los socialistas recuerdan que, entre el mirador y el ...","og_url":"https:\/\/agrupacionespsoe.es\/ponferrada\/improvisacion-y-mala-gestion-el-psoe-cuestiona-el-proyecto-del-mirador-y-museo-de-la-encina-en-ponferrada\/","og_site_name":"Agrupaci\u00f3n Socialista de Ponferrada","article_published_time":"2025-09-29T14:58:40+00:00","og_image":[{"width":1600,"height":1200,"url":"https:\/\/agrupacionespsoe.es\/ponferrada\/wp-content\/uploads\/sites\/36\/2025\/09\/WhatsApp-Image-2025-09-29-at-16.30.27.jpeg","type":"image\/jpeg"}],"author":"ponferrada2","twitter_card":"summary_large_image","twitter_misc":{"Escrito por":"ponferrada2","Tiempo de lectura":"4 minutos"},"schema":{"@context":"https:\/\/schema.org","@graph":[{"@type":"Article","@id":"https:\/\/agrupacionespsoe.es\/ponferrada\/improvisacion-y-mala-gestion-el-psoe-cuestiona-el-proyecto-del-mirador-y-museo-de-la-encina-en-ponferrada\/#article","isPartOf":{"@id":"https:\/\/agrupacionespsoe.es\/ponferrada\/improvisacion-y-mala-gestion-el-psoe-cuestiona-el-proyecto-del-mirador-y-museo-de-la-encina-en-ponferrada\/"},"author":{"name":"ponferrada2","@id":"https:\/\/agrupacionespsoe.es\/ponferrada\/#\/schema\/person\/cd29ee627f3b70c05d415f02596debaa"},"headline":"\u201cImprovisaci\u00f3n y mala gesti\u00f3n\u201d: el PSOE cuestiona el proyecto del mirador y museo de la Encina en Ponferrada","datePublished":"2025-09-29T14:58:40+00:00","dateModified":"2025-09-29T14:58:40+00:00","mainEntityOfPage":{"@id":"https:\/\/agrupacionespsoe.es\/ponferrada\/improvisacion-y-mala-gestion-el-psoe-cuestiona-el-proyecto-del-mirador-y-museo-de-la-encina-en-ponferrada\/"},"wordCount":603,"commentCount":0,"publisher":{"@id":"https:\/\/agrupacionespsoe.es\/ponferrada\/#organization"},"image":{"@id":"https:\/\/agrupacionespsoe.es\/ponferrada\/improvisacion-y-mala-gestion-el-psoe-cuestiona-el-proyecto-del-mirador-y-museo-de-la-encina-en-ponferrada\/#primaryimage"},"thumbnailUrl":"https:\/\/agrupacionespsoe.es\/ponferrada\/wp-content\/uploads\/sites\/36\/2025\/09\/WhatsApp-Image-2025-09-29-at-16.30.27.jpeg","articleSection":["ACTUALIDAD"],"inLanguage":"es","potentialAction":[{"@type":"CommentAction","name":"Comment","target":["https:\/\/agrupacionespsoe.es\/ponferrada\/improvisacion-y-mala-gestion-el-psoe-cuestiona-el-proyecto-del-mirador-y-museo-de-la-encina-en-ponferrada\/#respond"]}]},{"@type":"WebPage","@id":"https:\/\/agrupacionespsoe.es\/ponferrada\/improvisacion-y-mala-gestion-el-psoe-cuestiona-el-proyecto-del-mirador-y-museo-de-la-encina-en-ponferrada\/","url":"https:\/\/agrupacionespsoe.es\/ponferrada\/improvisacion-y-mala-gestion-el-psoe-cuestiona-el-proyecto-del-mirador-y-museo-de-la-encina-en-ponferrada\/","name":"\u201cImprovisaci\u00f3n y mala gesti\u00f3n\u201d: el PSOE cuestiona el proyecto del mirador y museo de la Encina en Ponferrada - Agrupaci\u00f3n Socialista de Ponferrada","isPartOf":{"@id":"https:\/\/agrupacionespsoe.es\/ponferrada\/#website"},"primaryImageOfPage":{"@id":"https:\/\/agrupacionespsoe.es\/ponferrada\/improvisacion-y-mala-gestion-el-psoe-cuestiona-el-proyecto-del-mirador-y-museo-de-la-encina-en-ponferrada\/#primaryimage"},"image":{"@id":"https:\/\/agrupacionespsoe.es\/ponferrada\/improvisacion-y-mala-gestion-el-psoe-cuestiona-el-proyecto-del-mirador-y-museo-de-la-encina-en-ponferrada\/#primaryimage"},"thumbnailUrl":"https:\/\/agrupacionespsoe.es\/ponferrada\/wp-content\/uploads\/sites\/36\/2025\/09\/WhatsApp-Image-2025-09-29-at-16.30.27.jpeg","datePublished":"2025-09-29T14:58:40+00:00","dateModified":"2025-09-29T14:58:40+00:00","breadcrumb":{"@id":"https:\/\/agrupacionespsoe.es\/ponferrada\/improvisacion-y-mala-gestion-el-psoe-cuestiona-el-proyecto-del-mirador-y-museo-de-la-encina-en-ponferrada\/#breadcrumb"},"inLanguage":"es","potentialAction":[{"@type":"ReadAction","target":["https:\/\/agrupacionespsoe.es\/ponferrada\/improvisacion-y-mala-gestion-el-psoe-cuestiona-el-proyecto-del-mirador-y-museo-de-la-encina-en-ponferrada\/"]}]},{"@type":"ImageObject","inLanguage":"es","@id":"https:\/\/agrupacionespsoe.es\/ponferrada\/improvisacion-y-mala-gestion-el-psoe-cuestiona-el-proyecto-del-mirador-y-museo-de-la-encina-en-ponferrada\/#primaryimage","url":"https:\/\/agrupacionespsoe.es\/ponferrada\/wp-content\/uploads\/sites\/36\/2025\/09\/WhatsApp-Image-2025-09-29-at-16.30.27.jpeg","contentUrl":"https:\/\/agrupacionespsoe.es\/ponferrada\/wp-content\/uploads\/sites\/36\/2025\/09\/WhatsApp-Image-2025-09-29-at-16.30.27.jpeg","width":1600,"height":1200},{"@type":"BreadcrumbList","@id":"https:\/\/agrupacionespsoe.es\/ponferrada\/improvisacion-y-mala-gestion-el-psoe-cuestiona-el-proyecto-del-mirador-y-museo-de-la-encina-en-ponferrada\/#breadcrumb","itemListElement":[{"@type":"ListItem","position":1,"name":"Portada","item":"https:\/\/agrupacionespsoe.es\/ponferrada\/"},{"@type":"ListItem","position":2,"name":"\u201cImprovisaci\u00f3n y mala gesti\u00f3n\u201d: el PSOE cuestiona el proyecto del mirador y museo de la Encina en Ponferrada"}]},{"@type":"WebSite","@id":"https:\/\/agrupacionespsoe.es\/ponferrada\/#website","url":"https:\/\/agrupacionespsoe.es\/ponferrada\/","name":"Agrupaci\u00f3n Socialista de Ponferrada","description":"Agrupaci\u00f3n Socialista de Ponferrada","publisher":{"@id":"https:\/\/agrupacionespsoe.es\/ponferrada\/#organization"},"potentialAction":[{"@type":"SearchAction","target":{"@type":"EntryPoint","urlTemplate":"https:\/\/agrupacionespsoe.es\/ponferrada\/?s={search_term_string}"},"query-input":{"@type":"PropertyValueSpecification","valueRequired":true,"valueName":"search_term_string"}}],"inLanguage":"es"},{"@type":"Organization","@id":"https:\/\/agrupacionespsoe.es\/ponferrada\/#organization","name":"Agrupaci\u00f3n Socialista de Ponferrada","url":"https:\/\/agrupacionespsoe.es\/ponferrada\/","logo":{"@type":"ImageObject","inLanguage":"es","@id":"https:\/\/agrupacionespsoe.es\/ponferrada\/#\/schema\/logo\/image\/","url":"https:\/\/agrupacionespsoe.es\/wp-content\/uploads\/2022\/07\/Logotipo_electoral_del_PSOE.png","contentUrl":"https:\/\/agrupacionespsoe.es\/wp-content\/uploads\/2022\/07\/Logotipo_electoral_del_PSOE.png","width":422,"height":422,"caption":"Agrupaci\u00f3n Socialista de Ponferrada"},"image":{"@id":"https:\/\/agrupacionespsoe.es\/ponferrada\/#\/schema\/logo\/image\/"}},{"@type":"Person","@id":"https:\/\/agrupacionespsoe.es\/ponferrada\/#\/schema\/person\/cd29ee627f3b70c05d415f02596debaa","name":"ponferrada2","image":{"@type":"ImageObject","inLanguage":"es","@id":"https:\/\/agrupacionespsoe.es\/ponferrada\/#\/schema\/person\/image\/","url":"https:\/\/secure.gravatar.com\/avatar\/f499eeb60144c664cf7b7edf75549b50?s=96&d=mm&r=g","contentUrl":"https:\/\/secure.gravatar.com\/avatar\/f499eeb60144c664cf7b7edf75549b50?s=96&d=mm&r=g","caption":"ponferrada2"},"url":"https:\/\/agrupacionespsoe.es\/ponferrada\/author\/ponferrada2\/"}]}},"jetpack_featured_media_url":"https:\/\/agrupacionespsoe.es\/ponferrada\/wp-content\/uploads\/sites\/36\/2025\/09\/WhatsApp-Image-2025-09-29-at-16.30.27.jpeg","jetpack_sharing_enabled":true,"_links":{"self":[{"href":"https:\/\/agrupacionespsoe.es\/ponferrada\/wp-json\/wp\/v2\/posts\/1129","targetHints":{"allow":["GET"]}}],"collection":[{"href":"https:\/\/agrupacionespsoe.es\/ponferrada\/wp-json\/wp\/v2\/posts"}],"about":[{"href":"https:\/\/agrupacionespsoe.es\/ponferrada\/wp-json\/wp\/v2\/types\/post"}],"author":[{"embeddable":true,"href":"https:\/\/agrupacionespsoe.es\/ponferrada\/wp-json\/wp\/v2\/users\/32"}],"replies":[{"embeddable":true,"href":"https:\/\/agrupacionespsoe.es\/ponferrada\/wp-json\/wp\/v2\/comments?post=1129"}],"version-history":[{"count":2,"href":"https:\/\/agrupacionespsoe.es\/ponferrada\/wp-json\/wp\/v2\/posts\/1129\/revisions"}],"predecessor-version":[{"id":1135,"href":"https:\/\/agrupacionespsoe.es\/ponferrada\/wp-json\/wp\/v2\/posts\/1129\/revisions\/1135"}],"wp:featuredmedia":[{"embeddable":true,"href":"https:\/\/agrupacionespsoe.es\/ponferrada\/wp-json\/wp\/v2\/media\/1130"}],"wp:attachment":[{"href":"https:\/\/agrupacionespsoe.es\/ponferrada\/wp-json\/wp\/v2\/media?parent=1129"}],"wp:term":[{"taxonomy":"category","embeddable":true,"href":"https:\/\/agrupacionespsoe.es\/ponferrada\/wp-json\/wp\/v2\/categories?post=1129"},{"taxonomy":"post_tag","embeddable":true,"href":"https:\/\/agrupacionespsoe.es\/ponferrada\/wp-json\/wp\/v2\/tags?post=1129"}],"curies":[{"name":"wp","href":"https:\/\/api.w.org\/{rel}","templated":true}]}}