{"id":1124,"date":"2025-09-24T11:29:00","date_gmt":"2025-09-24T11:29:00","guid":{"rendered":"https:\/\/agrupacionespsoe.es\/ponferrada\/?p=1124"},"modified":"2025-09-26T14:31:59","modified_gmt":"2025-09-26T14:31:59","slug":"el-psoe-de-ponferrada-denuncia-la-permisividad-del-ayuntamiento-con-la-exhibicion-de-simbologia-nazi-y-franquista-en-la-feria-de-antiguedades","status":"publish","type":"post","link":"https:\/\/agrupacionespsoe.es\/ponferrada\/el-psoe-de-ponferrada-denuncia-la-permisividad-del-ayuntamiento-con-la-exhibicion-de-simbologia-nazi-y-franquista-en-la-feria-de-antiguedades\/","title":{"rendered":"\u201cEl PSOE de Ponferrada denuncia la permisividad del Ayuntamiento con la exhibici\u00f3n de simbolog\u00eda nazi y franquista en la feria de antig\u00fcedades\u201d"},"content":{"rendered":"\n<p>El grupo Municipal Socialista del Ayuntamiento de Ponferrada quiere mostrar su m\u00e1s firme rechazo a la exhibici\u00f3n y venta de objetos con simbolog\u00eda nazi y franquista que se han podido ver este pasado fin de semana en la feria de antig\u00fcedades organizada por la Concejal\u00eda de Comercio del Ayuntamiento de Ponferrada.<\/p>\n\n\n\n<p>En la comisi\u00f3n del \u00e1rea celebrada esta misma ma\u00f1ana, la concejala socialista Silvia Blanco ha preguntado al equipo de gobierno c\u00f3mo se hab\u00eda realizado la selecci\u00f3n de los puestos participantes y si el Ayuntamiento conoc\u00eda de antemano la mercanc\u00eda que iba a exponerse al p\u00fablico. Asimismo, quisimos conocer qu\u00e9 valoraci\u00f3n hace el gobierno municipal de que, en un evento promovido por una concejal\u00eda, se permitiera la venta de material que supone una clara apolog\u00eda del nazismo y del fascismo.<\/p>\n\n\n\n<p>Contin\u00faa se\u00f1alando que en la comisi\u00f3n, la respuesta del concejal fue a\u00fan m\u00e1s preocupante, parece que lo minimiza o incluso lo acepta al afirmar que <em>\u201ccada uno guarda y colecciona lo que quiere o lo que le gusta\u201d<\/em> y que <em>\u201capolog\u00eda tambi\u00e9n hace el Gobierno de Espa\u00f1a actual con ETA y con Bildu\u201d<\/em>. Desde nuestro grupo consideramos inaceptable este intento de banalizar la presencia de simbolog\u00eda nazi y fascista en una feria organizada por el propio Ayuntamiento, tratando de justificarlo con comparaciones pol\u00edticas improcedentes. No hablamos de simples \u201cantig\u00fcedades\u201d, sino de objetos que representan ideolog\u00edas totalitarias consideramos inadmisible que, bajo el amparo institucional del Ayuntamiento, se den cabida a s\u00edmbolos que representan ideolog\u00edas responsables de millones de muertes, de la persecuci\u00f3n de minor\u00edas y de la negaci\u00f3n de las libertades democr\u00e1ticas. Ponferrada es una ciudad abierta, plural y democr\u00e1tica, y no puede tolerar que en sus ferias oficiales se legitimen mensajes de odio ni s\u00edmbolos vinculados a dictaduras.<\/p>\n\n\n\n<p>Tambi\u00e9n ha querido recordar que la Ley de Memoria Democr\u00e1tica se\u00f1ala que los responsables de su retirada de elementos contrarios a la memoria democr\u00e1tica son las instituciones propietarias de los edificios. \u00c9l, el Alcalde o cualquiera del equipo de gobierno podr\u00eda haber ordenado su retirada<\/p>\n\n\n\n<p>Por \u00faltimo se\u00f1ala que tambi\u00e9n hemos rogado al equipo de gobierno que en futuras ediciones se establezcan mecanismos de control que garanticen que no se permita la exhibici\u00f3n ni la venta de este tipo de objetos, incompatibles con los valores democr\u00e1ticos y con la convivencia que defiende nuestra sociedad.<\/p>\n\n\n\n<figure class=\"wp-block-gallery has-nested-images columns-default is-cropped wp-block-gallery-1 is-layout-flex wp-block-gallery-is-layout-flex\">\n<figure class=\"wp-block-image size-large\"><img loading=\"lazy\" decoding=\"async\" width=\"768\" height=\"1024\" data-id=\"1125\" src=\"https:\/\/agrupacionespsoe.es\/ponferrada\/wp-content\/uploads\/sites\/36\/2025\/09\/71077e36-8139-4fef-9694-9b8fe48a9fe0-768x1024.jpg\" alt=\"\" class=\"wp-image-1125\" srcset=\"https:\/\/agrupacionespsoe.es\/ponferrada\/wp-content\/uploads\/sites\/36\/2025\/09\/71077e36-8139-4fef-9694-9b8fe48a9fe0-768x1024.jpg 768w, https:\/\/agrupacionespsoe.es\/ponferrada\/wp-content\/uploads\/sites\/36\/2025\/09\/71077e36-8139-4fef-9694-9b8fe48a9fe0-225x300.jpg 225w, https:\/\/agrupacionespsoe.es\/ponferrada\/wp-content\/uploads\/sites\/36\/2025\/09\/71077e36-8139-4fef-9694-9b8fe48a9fe0-1152x1536.jpg 1152w, https:\/\/agrupacionespsoe.es\/ponferrada\/wp-content\/uploads\/sites\/36\/2025\/09\/71077e36-8139-4fef-9694-9b8fe48a9fe0.jpg 1200w\" sizes=\"auto, (max-width: 768px) 100vw, 768px\" \/><\/figure>\n\n\n\n<figure class=\"wp-block-image size-large\"><img loading=\"lazy\" decoding=\"async\" width=\"576\" height=\"1024\" data-id=\"1126\" src=\"https:\/\/agrupacionespsoe.es\/ponferrada\/wp-content\/uploads\/sites\/36\/2025\/09\/WhatsApp-Image-2025-09-24-at-09.48.48-1-576x1024.jpeg\" alt=\"\" class=\"wp-image-1126\" srcset=\"https:\/\/agrupacionespsoe.es\/ponferrada\/wp-content\/uploads\/sites\/36\/2025\/09\/WhatsApp-Image-2025-09-24-at-09.48.48-1-576x1024.jpeg 576w, https:\/\/agrupacionespsoe.es\/ponferrada\/wp-content\/uploads\/sites\/36\/2025\/09\/WhatsApp-Image-2025-09-24-at-09.48.48-1-169x300.jpeg 169w, https:\/\/agrupacionespsoe.es\/ponferrada\/wp-content\/uploads\/sites\/36\/2025\/09\/WhatsApp-Image-2025-09-24-at-09.48.48-1-768x1366.jpeg 768w, https:\/\/agrupacionespsoe.es\/ponferrada\/wp-content\/uploads\/sites\/36\/2025\/09\/WhatsApp-Image-2025-09-24-at-09.48.48-1-864x1536.jpeg 864w, https:\/\/agrupacionespsoe.es\/ponferrada\/wp-content\/uploads\/sites\/36\/2025\/09\/WhatsApp-Image-2025-09-24-at-09.48.48-1.jpeg 899w\" sizes=\"auto, (max-width: 576px) 100vw, 576px\" \/><\/figure>\n<\/figure>\n","protected":false},"excerpt":{"rendered":"<p>El grupo Municipal Socialista del Ayuntamiento de Ponferrada quiere mostrar su m\u00e1s firme rechazo a la exhibici\u00f3n y venta de objetos con simbolog\u00eda nazi y franquista que se han podido ver este pasado fin de semana en la feria de antig\u00fcedades organizada por la Concejal\u00eda de Comercio del Ayuntamiento de Ponferrada. En la comisi\u00f3n del &#8230;<\/p>\n","protected":false},"author":32,"featured_media":1126,"comment_status":"open","ping_status":"open","sticky":false,"template":"","format":"standard","meta":{"_jetpack_memberships_contains_paid_content":false,"footnotes":""},"categories":[6],"tags":[],"class_list":["post-1124","post","type-post","status-publish","format-standard","has-post-thumbnail","hentry","category-actualidad"],"yoast_head":"<!-- This site is optimized with the Yoast SEO plugin v24.0 - https:\/\/yoast.com\/wordpress\/plugins\/seo\/ -->\n<title>\u201cEl PSOE de Ponferrada denuncia la permisividad del Ayuntamiento con la exhibici\u00f3n de simbolog\u00eda nazi y franquista en la feria de antig\u00fcedades\u201d - Agrupaci\u00f3n Socialista de Ponferrada<\/title>\n<meta name=\"robots\" content=\"index, follow, max-snippet:-1, max-image-preview:large, max-video-preview:-1\" \/>\n<link rel=\"canonical\" href=\"https:\/\/agrupacionespsoe.es\/ponferrada\/el-psoe-de-ponferrada-denuncia-la-permisividad-del-ayuntamiento-con-la-exhibicion-de-simbologia-nazi-y-franquista-en-la-feria-de-antiguedades\/\" \/>\n<meta property=\"og:locale\" content=\"es_ES\" \/>\n<meta property=\"og:type\" content=\"article\" \/>\n<meta property=\"og:title\" content=\"\u201cEl PSOE de Ponferrada denuncia la permisividad del Ayuntamiento con la exhibici\u00f3n de simbolog\u00eda nazi y franquista en la feria de antig\u00fcedades\u201d - Agrupaci\u00f3n Socialista de Ponferrada\" \/>\n<meta property=\"og:description\" content=\"El grupo Municipal Socialista del Ayuntamiento de Ponferrada quiere mostrar su m\u00e1s firme rechazo a la exhibici\u00f3n y venta de objetos con simbolog\u00eda nazi y franquista que se han podido ver este pasado fin de semana en la feria de antig\u00fcedades organizada por la Concejal\u00eda de Comercio del Ayuntamiento de Ponferrada. En la comisi\u00f3n del ...\" \/>\n<meta property=\"og:url\" content=\"https:\/\/agrupacionespsoe.es\/ponferrada\/el-psoe-de-ponferrada-denuncia-la-permisividad-del-ayuntamiento-con-la-exhibicion-de-simbologia-nazi-y-franquista-en-la-feria-de-antiguedades\/\" \/>\n<meta property=\"og:site_name\" content=\"Agrupaci\u00f3n Socialista de Ponferrada\" \/>\n<meta property=\"article:published_time\" content=\"2025-09-24T11:29:00+00:00\" \/>\n<meta property=\"article:modified_time\" content=\"2025-09-26T14:31:59+00:00\" \/>\n<meta property=\"og:image\" content=\"https:\/\/agrupacionespsoe.es\/ponferrada\/wp-content\/uploads\/sites\/36\/2025\/09\/WhatsApp-Image-2025-09-24-at-09.48.48-1.jpeg\" \/>\n\t<meta property=\"og:image:width\" content=\"899\" \/>\n\t<meta property=\"og:image:height\" content=\"1599\" \/>\n\t<meta property=\"og:image:type\" content=\"image\/jpeg\" \/>\n<meta name=\"author\" content=\"ponferrada2\" \/>\n<meta name=\"twitter:card\" content=\"summary_large_image\" \/>\n<meta name=\"twitter:label1\" content=\"Escrito por\" \/>\n\t<meta name=\"twitter:data1\" content=\"ponferrada2\" \/>\n\t<meta name=\"twitter:label2\" content=\"Tiempo de lectura\" \/>\n\t<meta name=\"twitter:data2\" content=\"3 minutos\" \/>\n<script type=\"application\/ld+json\" class=\"yoast-schema-graph\">{\"@context\":\"https:\/\/schema.org\",\"@graph\":[{\"@type\":\"Article\",\"@id\":\"https:\/\/agrupacionespsoe.es\/ponferrada\/el-psoe-de-ponferrada-denuncia-la-permisividad-del-ayuntamiento-con-la-exhibicion-de-simbologia-nazi-y-franquista-en-la-feria-de-antiguedades\/#article\",\"isPartOf\":{\"@id\":\"https:\/\/agrupacionespsoe.es\/ponferrada\/el-psoe-de-ponferrada-denuncia-la-permisividad-del-ayuntamiento-con-la-exhibicion-de-simbologia-nazi-y-franquista-en-la-feria-de-antiguedades\/\"},\"author\":{\"name\":\"ponferrada2\",\"@id\":\"https:\/\/agrupacionespsoe.es\/ponferrada\/#\/schema\/person\/cd29ee627f3b70c05d415f02596debaa\"},\"headline\":\"\u201cEl PSOE de Ponferrada denuncia la permisividad del Ayuntamiento con la exhibici\u00f3n de simbolog\u00eda nazi y franquista en la feria de antig\u00fcedades\u201d\",\"datePublished\":\"2025-09-24T11:29:00+00:00\",\"dateModified\":\"2025-09-26T14:31:59+00:00\",\"mainEntityOfPage\":{\"@id\":\"https:\/\/agrupacionespsoe.es\/ponferrada\/el-psoe-de-ponferrada-denuncia-la-permisividad-del-ayuntamiento-con-la-exhibicion-de-simbologia-nazi-y-franquista-en-la-feria-de-antiguedades\/\"},\"wordCount\":452,\"commentCount\":0,\"publisher\":{\"@id\":\"https:\/\/agrupacionespsoe.es\/ponferrada\/#organization\"},\"image\":{\"@id\":\"https:\/\/agrupacionespsoe.es\/ponferrada\/el-psoe-de-ponferrada-denuncia-la-permisividad-del-ayuntamiento-con-la-exhibicion-de-simbologia-nazi-y-franquista-en-la-feria-de-antiguedades\/#primaryimage\"},\"thumbnailUrl\":\"https:\/\/agrupacionespsoe.es\/ponferrada\/wp-content\/uploads\/sites\/36\/2025\/09\/WhatsApp-Image-2025-09-24-at-09.48.48-1.jpeg\",\"articleSection\":[\"ACTUALIDAD\"],\"inLanguage\":\"es\",\"potentialAction\":[{\"@type\":\"CommentAction\",\"name\":\"Comment\",\"target\":[\"https:\/\/agrupacionespsoe.es\/ponferrada\/el-psoe-de-ponferrada-denuncia-la-permisividad-del-ayuntamiento-con-la-exhibicion-de-simbologia-nazi-y-franquista-en-la-feria-de-antiguedades\/#respond\"]}]},{\"@type\":\"WebPage\",\"@id\":\"https:\/\/agrupacionespsoe.es\/ponferrada\/el-psoe-de-ponferrada-denuncia-la-permisividad-del-ayuntamiento-con-la-exhibicion-de-simbologia-nazi-y-franquista-en-la-feria-de-antiguedades\/\",\"url\":\"https:\/\/agrupacionespsoe.es\/ponferrada\/el-psoe-de-ponferrada-denuncia-la-permisividad-del-ayuntamiento-con-la-exhibicion-de-simbologia-nazi-y-franquista-en-la-feria-de-antiguedades\/\",\"name\":\"\u201cEl PSOE de Ponferrada denuncia la permisividad del Ayuntamiento con la exhibici\u00f3n de simbolog\u00eda nazi y franquista en la feria de antig\u00fcedades\u201d - Agrupaci\u00f3n Socialista de Ponferrada\",\"isPartOf\":{\"@id\":\"https:\/\/agrupacionespsoe.es\/ponferrada\/#website\"},\"primaryImageOfPage\":{\"@id\":\"https:\/\/agrupacionespsoe.es\/ponferrada\/el-psoe-de-ponferrada-denuncia-la-permisividad-del-ayuntamiento-con-la-exhibicion-de-simbologia-nazi-y-franquista-en-la-feria-de-antiguedades\/#primaryimage\"},\"image\":{\"@id\":\"https:\/\/agrupacionespsoe.es\/ponferrada\/el-psoe-de-ponferrada-denuncia-la-permisividad-del-ayuntamiento-con-la-exhibicion-de-simbologia-nazi-y-franquista-en-la-feria-de-antiguedades\/#primaryimage\"},\"thumbnailUrl\":\"https:\/\/agrupacionespsoe.es\/ponferrada\/wp-content\/uploads\/sites\/36\/2025\/09\/WhatsApp-Image-2025-09-24-at-09.48.48-1.jpeg\",\"datePublished\":\"2025-09-24T11:29:00+00:00\",\"dateModified\":\"2025-09-26T14:31:59+00:00\",\"breadcrumb\":{\"@id\":\"https:\/\/agrupacionespsoe.es\/ponferrada\/el-psoe-de-ponferrada-denuncia-la-permisividad-del-ayuntamiento-con-la-exhibicion-de-simbologia-nazi-y-franquista-en-la-feria-de-antiguedades\/#breadcrumb\"},\"inLanguage\":\"es\",\"potentialAction\":[{\"@type\":\"ReadAction\",\"target\":[\"https:\/\/agrupacionespsoe.es\/ponferrada\/el-psoe-de-ponferrada-denuncia-la-permisividad-del-ayuntamiento-con-la-exhibicion-de-simbologia-nazi-y-franquista-en-la-feria-de-antiguedades\/\"]}]},{\"@type\":\"ImageObject\",\"inLanguage\":\"es\",\"@id\":\"https:\/\/agrupacionespsoe.es\/ponferrada\/el-psoe-de-ponferrada-denuncia-la-permisividad-del-ayuntamiento-con-la-exhibicion-de-simbologia-nazi-y-franquista-en-la-feria-de-antiguedades\/#primaryimage\",\"url\":\"https:\/\/agrupacionespsoe.es\/ponferrada\/wp-content\/uploads\/sites\/36\/2025\/09\/WhatsApp-Image-2025-09-24-at-09.48.48-1.jpeg\",\"contentUrl\":\"https:\/\/agrupacionespsoe.es\/ponferrada\/wp-content\/uploads\/sites\/36\/2025\/09\/WhatsApp-Image-2025-09-24-at-09.48.48-1.jpeg\",\"width\":899,\"height\":1599},{\"@type\":\"BreadcrumbList\",\"@id\":\"https:\/\/agrupacionespsoe.es\/ponferrada\/el-psoe-de-ponferrada-denuncia-la-permisividad-del-ayuntamiento-con-la-exhibicion-de-simbologia-nazi-y-franquista-en-la-feria-de-antiguedades\/#breadcrumb\",\"itemListElement\":[{\"@type\":\"ListItem\",\"position\":1,\"name\":\"Portada\",\"item\":\"https:\/\/agrupacionespsoe.es\/ponferrada\/\"},{\"@type\":\"ListItem\",\"position\":2,\"name\":\"\u201cEl PSOE de Ponferrada denuncia la permisividad del Ayuntamiento con la exhibici\u00f3n de simbolog\u00eda nazi y franquista en la feria de antig\u00fcedades\u201d\"}]},{\"@type\":\"WebSite\",\"@id\":\"https:\/\/agrupacionespsoe.es\/ponferrada\/#website\",\"url\":\"https:\/\/agrupacionespsoe.es\/ponferrada\/\",\"name\":\"Agrupaci\u00f3n Socialista de Ponferrada\",\"description\":\"Agrupaci\u00f3n Socialista de Ponferrada\",\"publisher\":{\"@id\":\"https:\/\/agrupacionespsoe.es\/ponferrada\/#organization\"},\"potentialAction\":[{\"@type\":\"SearchAction\",\"target\":{\"@type\":\"EntryPoint\",\"urlTemplate\":\"https:\/\/agrupacionespsoe.es\/ponferrada\/?s={search_term_string}\"},\"query-input\":{\"@type\":\"PropertyValueSpecification\",\"valueRequired\":true,\"valueName\":\"search_term_string\"}}],\"inLanguage\":\"es\"},{\"@type\":\"Organization\",\"@id\":\"https:\/\/agrupacionespsoe.es\/ponferrada\/#organization\",\"name\":\"Agrupaci\u00f3n Socialista de Ponferrada\",\"url\":\"https:\/\/agrupacionespsoe.es\/ponferrada\/\",\"logo\":{\"@type\":\"ImageObject\",\"inLanguage\":\"es\",\"@id\":\"https:\/\/agrupacionespsoe.es\/ponferrada\/#\/schema\/logo\/image\/\",\"url\":\"https:\/\/agrupacionespsoe.es\/wp-content\/uploads\/2022\/07\/Logotipo_electoral_del_PSOE.png\",\"contentUrl\":\"https:\/\/agrupacionespsoe.es\/wp-content\/uploads\/2022\/07\/Logotipo_electoral_del_PSOE.png\",\"width\":422,\"height\":422,\"caption\":\"Agrupaci\u00f3n Socialista de Ponferrada\"},\"image\":{\"@id\":\"https:\/\/agrupacionespsoe.es\/ponferrada\/#\/schema\/logo\/image\/\"}},{\"@type\":\"Person\",\"@id\":\"https:\/\/agrupacionespsoe.es\/ponferrada\/#\/schema\/person\/cd29ee627f3b70c05d415f02596debaa\",\"name\":\"ponferrada2\",\"image\":{\"@type\":\"ImageObject\",\"inLanguage\":\"es\",\"@id\":\"https:\/\/agrupacionespsoe.es\/ponferrada\/#\/schema\/person\/image\/\",\"url\":\"https:\/\/secure.gravatar.com\/avatar\/f499eeb60144c664cf7b7edf75549b50?s=96&d=mm&r=g\",\"contentUrl\":\"https:\/\/secure.gravatar.com\/avatar\/f499eeb60144c664cf7b7edf75549b50?s=96&d=mm&r=g\",\"caption\":\"ponferrada2\"},\"url\":\"https:\/\/agrupacionespsoe.es\/ponferrada\/author\/ponferrada2\/\"}]}<\/script>\n<!-- \/ Yoast SEO plugin. -->","yoast_head_json":{"title":"\u201cEl PSOE de Ponferrada denuncia la permisividad del Ayuntamiento con la exhibici\u00f3n de simbolog\u00eda nazi y franquista en la feria de antig\u00fcedades\u201d - Agrupaci\u00f3n Socialista de Ponferrada","robots":{"index":"index","follow":"follow","max-snippet":"max-snippet:-1","max-image-preview":"max-image-preview:large","max-video-preview":"max-video-preview:-1"},"canonical":"https:\/\/agrupacionespsoe.es\/ponferrada\/el-psoe-de-ponferrada-denuncia-la-permisividad-del-ayuntamiento-con-la-exhibicion-de-simbologia-nazi-y-franquista-en-la-feria-de-antiguedades\/","og_locale":"es_ES","og_type":"article","og_title":"\u201cEl PSOE de Ponferrada denuncia la permisividad del Ayuntamiento con la exhibici\u00f3n de simbolog\u00eda nazi y franquista en la feria de antig\u00fcedades\u201d - Agrupaci\u00f3n Socialista de Ponferrada","og_description":"El grupo Municipal Socialista del Ayuntamiento de Ponferrada quiere mostrar su m\u00e1s firme rechazo a la exhibici\u00f3n y venta de objetos con simbolog\u00eda nazi y franquista que se han podido ver este pasado fin de semana en la feria de antig\u00fcedades organizada por la Concejal\u00eda de Comercio del Ayuntamiento de Ponferrada. En la comisi\u00f3n del ...","og_url":"https:\/\/agrupacionespsoe.es\/ponferrada\/el-psoe-de-ponferrada-denuncia-la-permisividad-del-ayuntamiento-con-la-exhibicion-de-simbologia-nazi-y-franquista-en-la-feria-de-antiguedades\/","og_site_name":"Agrupaci\u00f3n Socialista de Ponferrada","article_published_time":"2025-09-24T11:29:00+00:00","article_modified_time":"2025-09-26T14:31:59+00:00","og_image":[{"width":899,"height":1599,"url":"https:\/\/agrupacionespsoe.es\/ponferrada\/wp-content\/uploads\/sites\/36\/2025\/09\/WhatsApp-Image-2025-09-24-at-09.48.48-1.jpeg","type":"image\/jpeg"}],"author":"ponferrada2","twitter_card":"summary_large_image","twitter_misc":{"Escrito por":"ponferrada2","Tiempo de lectura":"3 minutos"},"schema":{"@context":"https:\/\/schema.org","@graph":[{"@type":"Article","@id":"https:\/\/agrupacionespsoe.es\/ponferrada\/el-psoe-de-ponferrada-denuncia-la-permisividad-del-ayuntamiento-con-la-exhibicion-de-simbologia-nazi-y-franquista-en-la-feria-de-antiguedades\/#article","isPartOf":{"@id":"https:\/\/agrupacionespsoe.es\/ponferrada\/el-psoe-de-ponferrada-denuncia-la-permisividad-del-ayuntamiento-con-la-exhibicion-de-simbologia-nazi-y-franquista-en-la-feria-de-antiguedades\/"},"author":{"name":"ponferrada2","@id":"https:\/\/agrupacionespsoe.es\/ponferrada\/#\/schema\/person\/cd29ee627f3b70c05d415f02596debaa"},"headline":"\u201cEl PSOE de Ponferrada denuncia la permisividad del Ayuntamiento con la exhibici\u00f3n de simbolog\u00eda nazi y franquista en la feria de antig\u00fcedades\u201d","datePublished":"2025-09-24T11:29:00+00:00","dateModified":"2025-09-26T14:31:59+00:00","mainEntityOfPage":{"@id":"https:\/\/agrupacionespsoe.es\/ponferrada\/el-psoe-de-ponferrada-denuncia-la-permisividad-del-ayuntamiento-con-la-exhibicion-de-simbologia-nazi-y-franquista-en-la-feria-de-antiguedades\/"},"wordCount":452,"commentCount":0,"publisher":{"@id":"https:\/\/agrupacionespsoe.es\/ponferrada\/#organization"},"image":{"@id":"https:\/\/agrupacionespsoe.es\/ponferrada\/el-psoe-de-ponferrada-denuncia-la-permisividad-del-ayuntamiento-con-la-exhibicion-de-simbologia-nazi-y-franquista-en-la-feria-de-antiguedades\/#primaryimage"},"thumbnailUrl":"https:\/\/agrupacionespsoe.es\/ponferrada\/wp-content\/uploads\/sites\/36\/2025\/09\/WhatsApp-Image-2025-09-24-at-09.48.48-1.jpeg","articleSection":["ACTUALIDAD"],"inLanguage":"es","potentialAction":[{"@type":"CommentAction","name":"Comment","target":["https:\/\/agrupacionespsoe.es\/ponferrada\/el-psoe-de-ponferrada-denuncia-la-permisividad-del-ayuntamiento-con-la-exhibicion-de-simbologia-nazi-y-franquista-en-la-feria-de-antiguedades\/#respond"]}]},{"@type":"WebPage","@id":"https:\/\/agrupacionespsoe.es\/ponferrada\/el-psoe-de-ponferrada-denuncia-la-permisividad-del-ayuntamiento-con-la-exhibicion-de-simbologia-nazi-y-franquista-en-la-feria-de-antiguedades\/","url":"https:\/\/agrupacionespsoe.es\/ponferrada\/el-psoe-de-ponferrada-denuncia-la-permisividad-del-ayuntamiento-con-la-exhibicion-de-simbologia-nazi-y-franquista-en-la-feria-de-antiguedades\/","name":"\u201cEl PSOE de Ponferrada denuncia la permisividad del Ayuntamiento con la exhibici\u00f3n de simbolog\u00eda nazi y franquista en la feria de antig\u00fcedades\u201d - Agrupaci\u00f3n Socialista de Ponferrada","isPartOf":{"@id":"https:\/\/agrupacionespsoe.es\/ponferrada\/#website"},"primaryImageOfPage":{"@id":"https:\/\/agrupacionespsoe.es\/ponferrada\/el-psoe-de-ponferrada-denuncia-la-permisividad-del-ayuntamiento-con-la-exhibicion-de-simbologia-nazi-y-franquista-en-la-feria-de-antiguedades\/#primaryimage"},"image":{"@id":"https:\/\/agrupacionespsoe.es\/ponferrada\/el-psoe-de-ponferrada-denuncia-la-permisividad-del-ayuntamiento-con-la-exhibicion-de-simbologia-nazi-y-franquista-en-la-feria-de-antiguedades\/#primaryimage"},"thumbnailUrl":"https:\/\/agrupacionespsoe.es\/ponferrada\/wp-content\/uploads\/sites\/36\/2025\/09\/WhatsApp-Image-2025-09-24-at-09.48.48-1.jpeg","datePublished":"2025-09-24T11:29:00+00:00","dateModified":"2025-09-26T14:31:59+00:00","breadcrumb":{"@id":"https:\/\/agrupacionespsoe.es\/ponferrada\/el-psoe-de-ponferrada-denuncia-la-permisividad-del-ayuntamiento-con-la-exhibicion-de-simbologia-nazi-y-franquista-en-la-feria-de-antiguedades\/#breadcrumb"},"inLanguage":"es","potentialAction":[{"@type":"ReadAction","target":["https:\/\/agrupacionespsoe.es\/ponferrada\/el-psoe-de-ponferrada-denuncia-la-permisividad-del-ayuntamiento-con-la-exhibicion-de-simbologia-nazi-y-franquista-en-la-feria-de-antiguedades\/"]}]},{"@type":"ImageObject","inLanguage":"es","@id":"https:\/\/agrupacionespsoe.es\/ponferrada\/el-psoe-de-ponferrada-denuncia-la-permisividad-del-ayuntamiento-con-la-exhibicion-de-simbologia-nazi-y-franquista-en-la-feria-de-antiguedades\/#primaryimage","url":"https:\/\/agrupacionespsoe.es\/ponferrada\/wp-content\/uploads\/sites\/36\/2025\/09\/WhatsApp-Image-2025-09-24-at-09.48.48-1.jpeg","contentUrl":"https:\/\/agrupacionespsoe.es\/ponferrada\/wp-content\/uploads\/sites\/36\/2025\/09\/WhatsApp-Image-2025-09-24-at-09.48.48-1.jpeg","width":899,"height":1599},{"@type":"BreadcrumbList","@id":"https:\/\/agrupacionespsoe.es\/ponferrada\/el-psoe-de-ponferrada-denuncia-la-permisividad-del-ayuntamiento-con-la-exhibicion-de-simbologia-nazi-y-franquista-en-la-feria-de-antiguedades\/#breadcrumb","itemListElement":[{"@type":"ListItem","position":1,"name":"Portada","item":"https:\/\/agrupacionespsoe.es\/ponferrada\/"},{"@type":"ListItem","position":2,"name":"\u201cEl PSOE de Ponferrada denuncia la permisividad del Ayuntamiento con la exhibici\u00f3n de simbolog\u00eda nazi y franquista en la feria de antig\u00fcedades\u201d"}]},{"@type":"WebSite","@id":"https:\/\/agrupacionespsoe.es\/ponferrada\/#website","url":"https:\/\/agrupacionespsoe.es\/ponferrada\/","name":"Agrupaci\u00f3n Socialista de Ponferrada","description":"Agrupaci\u00f3n Socialista de Ponferrada","publisher":{"@id":"https:\/\/agrupacionespsoe.es\/ponferrada\/#organization"},"potentialAction":[{"@type":"SearchAction","target":{"@type":"EntryPoint","urlTemplate":"https:\/\/agrupacionespsoe.es\/ponferrada\/?s={search_term_string}"},"query-input":{"@type":"PropertyValueSpecification","valueRequired":true,"valueName":"search_term_string"}}],"inLanguage":"es"},{"@type":"Organization","@id":"https:\/\/agrupacionespsoe.es\/ponferrada\/#organization","name":"Agrupaci\u00f3n Socialista de Ponferrada","url":"https:\/\/agrupacionespsoe.es\/ponferrada\/","logo":{"@type":"ImageObject","inLanguage":"es","@id":"https:\/\/agrupacionespsoe.es\/ponferrada\/#\/schema\/logo\/image\/","url":"https:\/\/agrupacionespsoe.es\/wp-content\/uploads\/2022\/07\/Logotipo_electoral_del_PSOE.png","contentUrl":"https:\/\/agrupacionespsoe.es\/wp-content\/uploads\/2022\/07\/Logotipo_electoral_del_PSOE.png","width":422,"height":422,"caption":"Agrupaci\u00f3n Socialista de Ponferrada"},"image":{"@id":"https:\/\/agrupacionespsoe.es\/ponferrada\/#\/schema\/logo\/image\/"}},{"@type":"Person","@id":"https:\/\/agrupacionespsoe.es\/ponferrada\/#\/schema\/person\/cd29ee627f3b70c05d415f02596debaa","name":"ponferrada2","image":{"@type":"ImageObject","inLanguage":"es","@id":"https:\/\/agrupacionespsoe.es\/ponferrada\/#\/schema\/person\/image\/","url":"https:\/\/secure.gravatar.com\/avatar\/f499eeb60144c664cf7b7edf75549b50?s=96&d=mm&r=g","contentUrl":"https:\/\/secure.gravatar.com\/avatar\/f499eeb60144c664cf7b7edf75549b50?s=96&d=mm&r=g","caption":"ponferrada2"},"url":"https:\/\/agrupacionespsoe.es\/ponferrada\/author\/ponferrada2\/"}]}},"jetpack_featured_media_url":"https:\/\/agrupacionespsoe.es\/ponferrada\/wp-content\/uploads\/sites\/36\/2025\/09\/WhatsApp-Image-2025-09-24-at-09.48.48-1.jpeg","jetpack_sharing_enabled":true,"_links":{"self":[{"href":"https:\/\/agrupacionespsoe.es\/ponferrada\/wp-json\/wp\/v2\/posts\/1124","targetHints":{"allow":["GET"]}}],"collection":[{"href":"https:\/\/agrupacionespsoe.es\/ponferrada\/wp-json\/wp\/v2\/posts"}],"about":[{"href":"https:\/\/agrupacionespsoe.es\/ponferrada\/wp-json\/wp\/v2\/types\/post"}],"author":[{"embeddable":true,"href":"https:\/\/agrupacionespsoe.es\/ponferrada\/wp-json\/wp\/v2\/users\/32"}],"replies":[{"embeddable":true,"href":"https:\/\/agrupacionespsoe.es\/ponferrada\/wp-json\/wp\/v2\/comments?post=1124"}],"version-history":[{"count":2,"href":"https:\/\/agrupacionespsoe.es\/ponferrada\/wp-json\/wp\/v2\/posts\/1124\/revisions"}],"predecessor-version":[{"id":1128,"href":"https:\/\/agrupacionespsoe.es\/ponferrada\/wp-json\/wp\/v2\/posts\/1124\/revisions\/1128"}],"wp:featuredmedia":[{"embeddable":true,"href":"https:\/\/agrupacionespsoe.es\/ponferrada\/wp-json\/wp\/v2\/media\/1126"}],"wp:attachment":[{"href":"https:\/\/agrupacionespsoe.es\/ponferrada\/wp-json\/wp\/v2\/media?parent=1124"}],"wp:term":[{"taxonomy":"category","embeddable":true,"href":"https:\/\/agrupacionespsoe.es\/ponferrada\/wp-json\/wp\/v2\/categories?post=1124"},{"taxonomy":"post_tag","embeddable":true,"href":"https:\/\/agrupacionespsoe.es\/ponferrada\/wp-json\/wp\/v2\/tags?post=1124"}],"curies":[{"name":"wp","href":"https:\/\/api.w.org\/{rel}","templated":true}]}}