{"id":1120,"date":"2025-09-26T14:27:53","date_gmt":"2025-09-26T14:27:53","guid":{"rendered":"https:\/\/agrupacionespsoe.es\/ponferrada\/?p=1120"},"modified":"2025-09-26T14:27:54","modified_gmt":"2025-09-26T14:27:54","slug":"pleno-municipal-mas-vacio-de-gestion-y-mas-improvisacion-del-pp","status":"publish","type":"post","link":"https:\/\/agrupacionespsoe.es\/ponferrada\/pleno-municipal-mas-vacio-de-gestion-y-mas-improvisacion-del-pp\/","title":{"rendered":"Pleno municipal: m\u00e1s vac\u00edo de gesti\u00f3n y m\u00e1s improvisaci\u00f3n del PP"},"content":{"rendered":"\n<p>El pleno celebrado hoy en el Ayuntamiento de Ponferrada ha vuelto a evidenciar la inacci\u00f3n, la falta de gesti\u00f3n y de proyectos de futuro de este equipo de gobierno. Una sesi\u00f3n que, m\u00e1s all\u00e1 de las mociones presentadas por el Grupo Municipal Socialista, no ha aprobado ning\u00fan punto de relevancia para la ciudadan\u00eda.<\/p>\n\n\n\n<p>La concejala socialista, Silvia Blanco se\u00f1ala que de hecho, antes de la convocatoria oficial ya fueron retirados del orden del d\u00eda algunos asuntos importantes, como la modificaci\u00f3n del Impuesto de Veh\u00edculos de Tracci\u00f3n Mec\u00e1nica (IVTM). No podemos dejar de mencionar la situaci\u00f3n generada con esta misma ordenanza: en la Comisi\u00f3n de Hacienda del pasado martes se dictamin\u00f3 con los votos favorables del PP la supresi\u00f3n de la bonificaci\u00f3n a los h\u00edbridos no enchufables, medida que afectaba a un gran n\u00famero de veh\u00edculos. Sin embargo, horas m\u00e1s tarde el propio concejal de Hacienda neg\u00f3 que se hubiese aprobado tal cuesti\u00f3n, asegurando que era \u201clo que nosotros cre\u00edamos\u201d. Una nueva muestra de la confusi\u00f3n y la falta de seriedad del gobierno local, donde parece que la verdad es un concepto flexible, que cambia seg\u00fan convenga explicar las cosas.<\/p>\n\n\n\n<p>Contin\u00faa diciendo que lo mismo ha ocurrido con el acuerdo que supuestamente iba a resolver el cierre de las piscinas, que como otras muchas cosas de este equipo de gobierno se queda en anuncios y no pasa nunca a ser realidades.<\/p>\n\n\n\n<p>A su juicio lo m\u00e1s destacado del Pleno y lo que ha generado m\u00e1s debate han sido nuevamente las mociones lo que es una anomal\u00eda en un pleno municipal y el motivo de que se produzca no es otro que desde el equipo de gobierno no tienen proyectos ni ideas.<\/p>\n\n\n\n<p>Desde el Grupo Municipal quieren adem\u00e1s explicar la raz\u00f3n de llevar al Pleno Municipal la moci\u00f3n sobre el respeto de los derechos humanos de los y las Palestinas, cre\u00edamos necesario que el Ayuntamiento de Ponferrada se postulara y alzase su voz en defensa de los derechos humanos, y de la paz frente al sufrimiento del pueblo palestino y creemos que compartimos este sentimiento con la mayor\u00eda de la ciudadan\u00eda de Ponferrada.<\/p>\n\n\n\n<p>Se\u00f1ala que otra de las cuestiones que gener\u00f3 debate fue el expediente de reconocimiento extrajudicial de cr\u00e9ditos por el servicio de transporte urbano, una omisi\u00f3n de fiscalizaci\u00f3n que viene a convalidar el pago de unas facturas del servicio &nbsp;que se derivan de no tener un contrato a tiempo. &nbsp;Queremos dejar muy claro que nuestra postura no es contra la empresa, que ha realizado el servicio y que en ning\u00fan caso quedar\u00e1 sin cobrar lo que leg\u00edtimamente le corresponde. Nuestra denuncia se dirige exclusivamente a la gesti\u00f3n del equipo de gobierno, que no planific\u00f3 a tiempo el nuevo contrato, obligando a una prestaci\u00f3n irregular durante un periodo transitorio.<\/p>\n\n\n\n<p>Silvia Blanco indica que esta situaci\u00f3n no es un caso aislado, sino un modo de gobernar: improvisaci\u00f3n, dejadez y falta de competencia. Por eso votamos en contra. Porque este Ayuntamiento no puede normalizar la irregularidad y convertir la omisi\u00f3n en la forma habitual de tramitar el gasto. Se trata de una llamada de atenci\u00f3n clara y firme al PP: Ponferrada necesita gesti\u00f3n seria y planificada, no parches constantes.<\/p>\n\n\n\n<p>Acaba diciendo que a su juicio volvemos a vivir un pleno de escaso contenido, donde los grandes problemas de la ciudad siguen sin respuesta, donde no se planifica ni define el futuro de Ponferrada y donde lo m\u00e1s constructivo proviene de las iniciativas de la oposici\u00f3n socialista.<\/p>\n\n\n\n<figure class=\"wp-block-image size-large\"><img loading=\"lazy\" decoding=\"async\" width=\"1024\" height=\"576\" src=\"https:\/\/agrupacionespsoe.es\/ponferrada\/wp-content\/uploads\/sites\/36\/2025\/09\/WhatsApp-Image-2025-09-26-at-12.53.05-1024x576.jpeg\" alt=\"\" class=\"wp-image-1121\" srcset=\"https:\/\/agrupacionespsoe.es\/ponferrada\/wp-content\/uploads\/sites\/36\/2025\/09\/WhatsApp-Image-2025-09-26-at-12.53.05-1024x576.jpeg 1024w, https:\/\/agrupacionespsoe.es\/ponferrada\/wp-content\/uploads\/sites\/36\/2025\/09\/WhatsApp-Image-2025-09-26-at-12.53.05-300x169.jpeg 300w, https:\/\/agrupacionespsoe.es\/ponferrada\/wp-content\/uploads\/sites\/36\/2025\/09\/WhatsApp-Image-2025-09-26-at-12.53.05-768x432.jpeg 768w, https:\/\/agrupacionespsoe.es\/ponferrada\/wp-content\/uploads\/sites\/36\/2025\/09\/WhatsApp-Image-2025-09-26-at-12.53.05-1536x864.jpeg 1536w, https:\/\/agrupacionespsoe.es\/ponferrada\/wp-content\/uploads\/sites\/36\/2025\/09\/WhatsApp-Image-2025-09-26-at-12.53.05.jpeg 2048w\" sizes=\"auto, (max-width: 1024px) 100vw, 1024px\" \/><\/figure>\n","protected":false},"excerpt":{"rendered":"<p>El pleno celebrado hoy en el Ayuntamiento de Ponferrada ha vuelto a evidenciar la inacci\u00f3n, la falta de gesti\u00f3n y de proyectos de futuro de este equipo de gobierno. Una sesi\u00f3n que, m\u00e1s all\u00e1 de las mociones presentadas por el Grupo Municipal Socialista, no ha aprobado ning\u00fan punto de relevancia para la ciudadan\u00eda. La concejala &#8230;<\/p>\n","protected":false},"author":32,"featured_media":1121,"comment_status":"open","ping_status":"open","sticky":false,"template":"","format":"standard","meta":{"_jetpack_memberships_contains_paid_content":false,"footnotes":""},"categories":[6],"tags":[],"class_list":["post-1120","post","type-post","status-publish","format-standard","has-post-thumbnail","hentry","category-actualidad"],"yoast_head":"<!-- This site is optimized with the Yoast SEO plugin v24.0 - https:\/\/yoast.com\/wordpress\/plugins\/seo\/ -->\n<title>Pleno municipal: m\u00e1s vac\u00edo de gesti\u00f3n y m\u00e1s improvisaci\u00f3n del PP - Agrupaci\u00f3n Socialista de Ponferrada<\/title>\n<meta name=\"robots\" content=\"index, follow, max-snippet:-1, max-image-preview:large, max-video-preview:-1\" \/>\n<link rel=\"canonical\" href=\"https:\/\/agrupacionespsoe.es\/ponferrada\/pleno-municipal-mas-vacio-de-gestion-y-mas-improvisacion-del-pp\/\" \/>\n<meta property=\"og:locale\" content=\"es_ES\" \/>\n<meta property=\"og:type\" content=\"article\" \/>\n<meta property=\"og:title\" content=\"Pleno municipal: m\u00e1s vac\u00edo de gesti\u00f3n y m\u00e1s improvisaci\u00f3n del PP - Agrupaci\u00f3n Socialista de Ponferrada\" \/>\n<meta property=\"og:description\" content=\"El pleno celebrado hoy en el Ayuntamiento de Ponferrada ha vuelto a evidenciar la inacci\u00f3n, la falta de gesti\u00f3n y de proyectos de futuro de este equipo de gobierno. Una sesi\u00f3n que, m\u00e1s all\u00e1 de las mociones presentadas por el Grupo Municipal Socialista, no ha aprobado ning\u00fan punto de relevancia para la ciudadan\u00eda. La concejala ...\" \/>\n<meta property=\"og:url\" content=\"https:\/\/agrupacionespsoe.es\/ponferrada\/pleno-municipal-mas-vacio-de-gestion-y-mas-improvisacion-del-pp\/\" \/>\n<meta property=\"og:site_name\" content=\"Agrupaci\u00f3n Socialista de Ponferrada\" \/>\n<meta property=\"article:published_time\" content=\"2025-09-26T14:27:53+00:00\" \/>\n<meta property=\"article:modified_time\" content=\"2025-09-26T14:27:54+00:00\" \/>\n<meta property=\"og:image\" content=\"https:\/\/agrupacionespsoe.es\/ponferrada\/wp-content\/uploads\/sites\/36\/2025\/09\/WhatsApp-Image-2025-09-26-at-12.53.05.jpeg\" \/>\n\t<meta property=\"og:image:width\" content=\"2048\" \/>\n\t<meta property=\"og:image:height\" content=\"1152\" \/>\n\t<meta property=\"og:image:type\" content=\"image\/jpeg\" \/>\n<meta name=\"author\" content=\"ponferrada2\" \/>\n<meta name=\"twitter:card\" content=\"summary_large_image\" \/>\n<meta name=\"twitter:label1\" content=\"Escrito por\" \/>\n\t<meta name=\"twitter:data1\" content=\"ponferrada2\" \/>\n\t<meta name=\"twitter:label2\" content=\"Tiempo de lectura\" \/>\n\t<meta name=\"twitter:data2\" content=\"4 minutos\" \/>\n<script type=\"application\/ld+json\" class=\"yoast-schema-graph\">{\"@context\":\"https:\/\/schema.org\",\"@graph\":[{\"@type\":\"Article\",\"@id\":\"https:\/\/agrupacionespsoe.es\/ponferrada\/pleno-municipal-mas-vacio-de-gestion-y-mas-improvisacion-del-pp\/#article\",\"isPartOf\":{\"@id\":\"https:\/\/agrupacionespsoe.es\/ponferrada\/pleno-municipal-mas-vacio-de-gestion-y-mas-improvisacion-del-pp\/\"},\"author\":{\"name\":\"ponferrada2\",\"@id\":\"https:\/\/agrupacionespsoe.es\/ponferrada\/#\/schema\/person\/cd29ee627f3b70c05d415f02596debaa\"},\"headline\":\"Pleno municipal: m\u00e1s vac\u00edo de gesti\u00f3n y m\u00e1s improvisaci\u00f3n del PP\",\"datePublished\":\"2025-09-26T14:27:53+00:00\",\"dateModified\":\"2025-09-26T14:27:54+00:00\",\"mainEntityOfPage\":{\"@id\":\"https:\/\/agrupacionespsoe.es\/ponferrada\/pleno-municipal-mas-vacio-de-gestion-y-mas-improvisacion-del-pp\/\"},\"wordCount\":640,\"commentCount\":0,\"publisher\":{\"@id\":\"https:\/\/agrupacionespsoe.es\/ponferrada\/#organization\"},\"image\":{\"@id\":\"https:\/\/agrupacionespsoe.es\/ponferrada\/pleno-municipal-mas-vacio-de-gestion-y-mas-improvisacion-del-pp\/#primaryimage\"},\"thumbnailUrl\":\"https:\/\/agrupacionespsoe.es\/ponferrada\/wp-content\/uploads\/sites\/36\/2025\/09\/WhatsApp-Image-2025-09-26-at-12.53.05.jpeg\",\"articleSection\":[\"ACTUALIDAD\"],\"inLanguage\":\"es\",\"potentialAction\":[{\"@type\":\"CommentAction\",\"name\":\"Comment\",\"target\":[\"https:\/\/agrupacionespsoe.es\/ponferrada\/pleno-municipal-mas-vacio-de-gestion-y-mas-improvisacion-del-pp\/#respond\"]}]},{\"@type\":\"WebPage\",\"@id\":\"https:\/\/agrupacionespsoe.es\/ponferrada\/pleno-municipal-mas-vacio-de-gestion-y-mas-improvisacion-del-pp\/\",\"url\":\"https:\/\/agrupacionespsoe.es\/ponferrada\/pleno-municipal-mas-vacio-de-gestion-y-mas-improvisacion-del-pp\/\",\"name\":\"Pleno municipal: m\u00e1s vac\u00edo de gesti\u00f3n y m\u00e1s improvisaci\u00f3n del PP - Agrupaci\u00f3n Socialista de Ponferrada\",\"isPartOf\":{\"@id\":\"https:\/\/agrupacionespsoe.es\/ponferrada\/#website\"},\"primaryImageOfPage\":{\"@id\":\"https:\/\/agrupacionespsoe.es\/ponferrada\/pleno-municipal-mas-vacio-de-gestion-y-mas-improvisacion-del-pp\/#primaryimage\"},\"image\":{\"@id\":\"https:\/\/agrupacionespsoe.es\/ponferrada\/pleno-municipal-mas-vacio-de-gestion-y-mas-improvisacion-del-pp\/#primaryimage\"},\"thumbnailUrl\":\"https:\/\/agrupacionespsoe.es\/ponferrada\/wp-content\/uploads\/sites\/36\/2025\/09\/WhatsApp-Image-2025-09-26-at-12.53.05.jpeg\",\"datePublished\":\"2025-09-26T14:27:53+00:00\",\"dateModified\":\"2025-09-26T14:27:54+00:00\",\"breadcrumb\":{\"@id\":\"https:\/\/agrupacionespsoe.es\/ponferrada\/pleno-municipal-mas-vacio-de-gestion-y-mas-improvisacion-del-pp\/#breadcrumb\"},\"inLanguage\":\"es\",\"potentialAction\":[{\"@type\":\"ReadAction\",\"target\":[\"https:\/\/agrupacionespsoe.es\/ponferrada\/pleno-municipal-mas-vacio-de-gestion-y-mas-improvisacion-del-pp\/\"]}]},{\"@type\":\"ImageObject\",\"inLanguage\":\"es\",\"@id\":\"https:\/\/agrupacionespsoe.es\/ponferrada\/pleno-municipal-mas-vacio-de-gestion-y-mas-improvisacion-del-pp\/#primaryimage\",\"url\":\"https:\/\/agrupacionespsoe.es\/ponferrada\/wp-content\/uploads\/sites\/36\/2025\/09\/WhatsApp-Image-2025-09-26-at-12.53.05.jpeg\",\"contentUrl\":\"https:\/\/agrupacionespsoe.es\/ponferrada\/wp-content\/uploads\/sites\/36\/2025\/09\/WhatsApp-Image-2025-09-26-at-12.53.05.jpeg\",\"width\":2048,\"height\":1152},{\"@type\":\"BreadcrumbList\",\"@id\":\"https:\/\/agrupacionespsoe.es\/ponferrada\/pleno-municipal-mas-vacio-de-gestion-y-mas-improvisacion-del-pp\/#breadcrumb\",\"itemListElement\":[{\"@type\":\"ListItem\",\"position\":1,\"name\":\"Portada\",\"item\":\"https:\/\/agrupacionespsoe.es\/ponferrada\/\"},{\"@type\":\"ListItem\",\"position\":2,\"name\":\"Pleno municipal: m\u00e1s vac\u00edo de gesti\u00f3n y m\u00e1s improvisaci\u00f3n del PP\"}]},{\"@type\":\"WebSite\",\"@id\":\"https:\/\/agrupacionespsoe.es\/ponferrada\/#website\",\"url\":\"https:\/\/agrupacionespsoe.es\/ponferrada\/\",\"name\":\"Agrupaci\u00f3n Socialista de Ponferrada\",\"description\":\"Agrupaci\u00f3n Socialista de Ponferrada\",\"publisher\":{\"@id\":\"https:\/\/agrupacionespsoe.es\/ponferrada\/#organization\"},\"potentialAction\":[{\"@type\":\"SearchAction\",\"target\":{\"@type\":\"EntryPoint\",\"urlTemplate\":\"https:\/\/agrupacionespsoe.es\/ponferrada\/?s={search_term_string}\"},\"query-input\":{\"@type\":\"PropertyValueSpecification\",\"valueRequired\":true,\"valueName\":\"search_term_string\"}}],\"inLanguage\":\"es\"},{\"@type\":\"Organization\",\"@id\":\"https:\/\/agrupacionespsoe.es\/ponferrada\/#organization\",\"name\":\"Agrupaci\u00f3n Socialista de Ponferrada\",\"url\":\"https:\/\/agrupacionespsoe.es\/ponferrada\/\",\"logo\":{\"@type\":\"ImageObject\",\"inLanguage\":\"es\",\"@id\":\"https:\/\/agrupacionespsoe.es\/ponferrada\/#\/schema\/logo\/image\/\",\"url\":\"https:\/\/agrupacionespsoe.es\/wp-content\/uploads\/2022\/07\/Logotipo_electoral_del_PSOE.png\",\"contentUrl\":\"https:\/\/agrupacionespsoe.es\/wp-content\/uploads\/2022\/07\/Logotipo_electoral_del_PSOE.png\",\"width\":422,\"height\":422,\"caption\":\"Agrupaci\u00f3n Socialista de Ponferrada\"},\"image\":{\"@id\":\"https:\/\/agrupacionespsoe.es\/ponferrada\/#\/schema\/logo\/image\/\"}},{\"@type\":\"Person\",\"@id\":\"https:\/\/agrupacionespsoe.es\/ponferrada\/#\/schema\/person\/cd29ee627f3b70c05d415f02596debaa\",\"name\":\"ponferrada2\",\"image\":{\"@type\":\"ImageObject\",\"inLanguage\":\"es\",\"@id\":\"https:\/\/agrupacionespsoe.es\/ponferrada\/#\/schema\/person\/image\/\",\"url\":\"https:\/\/secure.gravatar.com\/avatar\/f499eeb60144c664cf7b7edf75549b50?s=96&d=mm&r=g\",\"contentUrl\":\"https:\/\/secure.gravatar.com\/avatar\/f499eeb60144c664cf7b7edf75549b50?s=96&d=mm&r=g\",\"caption\":\"ponferrada2\"},\"url\":\"https:\/\/agrupacionespsoe.es\/ponferrada\/author\/ponferrada2\/\"}]}<\/script>\n<!-- \/ Yoast SEO plugin. -->","yoast_head_json":{"title":"Pleno municipal: m\u00e1s vac\u00edo de gesti\u00f3n y m\u00e1s improvisaci\u00f3n del PP - Agrupaci\u00f3n Socialista de Ponferrada","robots":{"index":"index","follow":"follow","max-snippet":"max-snippet:-1","max-image-preview":"max-image-preview:large","max-video-preview":"max-video-preview:-1"},"canonical":"https:\/\/agrupacionespsoe.es\/ponferrada\/pleno-municipal-mas-vacio-de-gestion-y-mas-improvisacion-del-pp\/","og_locale":"es_ES","og_type":"article","og_title":"Pleno municipal: m\u00e1s vac\u00edo de gesti\u00f3n y m\u00e1s improvisaci\u00f3n del PP - Agrupaci\u00f3n Socialista de Ponferrada","og_description":"El pleno celebrado hoy en el Ayuntamiento de Ponferrada ha vuelto a evidenciar la inacci\u00f3n, la falta de gesti\u00f3n y de proyectos de futuro de este equipo de gobierno. Una sesi\u00f3n que, m\u00e1s all\u00e1 de las mociones presentadas por el Grupo Municipal Socialista, no ha aprobado ning\u00fan punto de relevancia para la ciudadan\u00eda. La concejala ...","og_url":"https:\/\/agrupacionespsoe.es\/ponferrada\/pleno-municipal-mas-vacio-de-gestion-y-mas-improvisacion-del-pp\/","og_site_name":"Agrupaci\u00f3n Socialista de Ponferrada","article_published_time":"2025-09-26T14:27:53+00:00","article_modified_time":"2025-09-26T14:27:54+00:00","og_image":[{"width":2048,"height":1152,"url":"https:\/\/agrupacionespsoe.es\/ponferrada\/wp-content\/uploads\/sites\/36\/2025\/09\/WhatsApp-Image-2025-09-26-at-12.53.05.jpeg","type":"image\/jpeg"}],"author":"ponferrada2","twitter_card":"summary_large_image","twitter_misc":{"Escrito por":"ponferrada2","Tiempo de lectura":"4 minutos"},"schema":{"@context":"https:\/\/schema.org","@graph":[{"@type":"Article","@id":"https:\/\/agrupacionespsoe.es\/ponferrada\/pleno-municipal-mas-vacio-de-gestion-y-mas-improvisacion-del-pp\/#article","isPartOf":{"@id":"https:\/\/agrupacionespsoe.es\/ponferrada\/pleno-municipal-mas-vacio-de-gestion-y-mas-improvisacion-del-pp\/"},"author":{"name":"ponferrada2","@id":"https:\/\/agrupacionespsoe.es\/ponferrada\/#\/schema\/person\/cd29ee627f3b70c05d415f02596debaa"},"headline":"Pleno municipal: m\u00e1s vac\u00edo de gesti\u00f3n y m\u00e1s improvisaci\u00f3n del PP","datePublished":"2025-09-26T14:27:53+00:00","dateModified":"2025-09-26T14:27:54+00:00","mainEntityOfPage":{"@id":"https:\/\/agrupacionespsoe.es\/ponferrada\/pleno-municipal-mas-vacio-de-gestion-y-mas-improvisacion-del-pp\/"},"wordCount":640,"commentCount":0,"publisher":{"@id":"https:\/\/agrupacionespsoe.es\/ponferrada\/#organization"},"image":{"@id":"https:\/\/agrupacionespsoe.es\/ponferrada\/pleno-municipal-mas-vacio-de-gestion-y-mas-improvisacion-del-pp\/#primaryimage"},"thumbnailUrl":"https:\/\/agrupacionespsoe.es\/ponferrada\/wp-content\/uploads\/sites\/36\/2025\/09\/WhatsApp-Image-2025-09-26-at-12.53.05.jpeg","articleSection":["ACTUALIDAD"],"inLanguage":"es","potentialAction":[{"@type":"CommentAction","name":"Comment","target":["https:\/\/agrupacionespsoe.es\/ponferrada\/pleno-municipal-mas-vacio-de-gestion-y-mas-improvisacion-del-pp\/#respond"]}]},{"@type":"WebPage","@id":"https:\/\/agrupacionespsoe.es\/ponferrada\/pleno-municipal-mas-vacio-de-gestion-y-mas-improvisacion-del-pp\/","url":"https:\/\/agrupacionespsoe.es\/ponferrada\/pleno-municipal-mas-vacio-de-gestion-y-mas-improvisacion-del-pp\/","name":"Pleno municipal: m\u00e1s vac\u00edo de gesti\u00f3n y m\u00e1s improvisaci\u00f3n del PP - Agrupaci\u00f3n Socialista de Ponferrada","isPartOf":{"@id":"https:\/\/agrupacionespsoe.es\/ponferrada\/#website"},"primaryImageOfPage":{"@id":"https:\/\/agrupacionespsoe.es\/ponferrada\/pleno-municipal-mas-vacio-de-gestion-y-mas-improvisacion-del-pp\/#primaryimage"},"image":{"@id":"https:\/\/agrupacionespsoe.es\/ponferrada\/pleno-municipal-mas-vacio-de-gestion-y-mas-improvisacion-del-pp\/#primaryimage"},"thumbnailUrl":"https:\/\/agrupacionespsoe.es\/ponferrada\/wp-content\/uploads\/sites\/36\/2025\/09\/WhatsApp-Image-2025-09-26-at-12.53.05.jpeg","datePublished":"2025-09-26T14:27:53+00:00","dateModified":"2025-09-26T14:27:54+00:00","breadcrumb":{"@id":"https:\/\/agrupacionespsoe.es\/ponferrada\/pleno-municipal-mas-vacio-de-gestion-y-mas-improvisacion-del-pp\/#breadcrumb"},"inLanguage":"es","potentialAction":[{"@type":"ReadAction","target":["https:\/\/agrupacionespsoe.es\/ponferrada\/pleno-municipal-mas-vacio-de-gestion-y-mas-improvisacion-del-pp\/"]}]},{"@type":"ImageObject","inLanguage":"es","@id":"https:\/\/agrupacionespsoe.es\/ponferrada\/pleno-municipal-mas-vacio-de-gestion-y-mas-improvisacion-del-pp\/#primaryimage","url":"https:\/\/agrupacionespsoe.es\/ponferrada\/wp-content\/uploads\/sites\/36\/2025\/09\/WhatsApp-Image-2025-09-26-at-12.53.05.jpeg","contentUrl":"https:\/\/agrupacionespsoe.es\/ponferrada\/wp-content\/uploads\/sites\/36\/2025\/09\/WhatsApp-Image-2025-09-26-at-12.53.05.jpeg","width":2048,"height":1152},{"@type":"BreadcrumbList","@id":"https:\/\/agrupacionespsoe.es\/ponferrada\/pleno-municipal-mas-vacio-de-gestion-y-mas-improvisacion-del-pp\/#breadcrumb","itemListElement":[{"@type":"ListItem","position":1,"name":"Portada","item":"https:\/\/agrupacionespsoe.es\/ponferrada\/"},{"@type":"ListItem","position":2,"name":"Pleno municipal: m\u00e1s vac\u00edo de gesti\u00f3n y m\u00e1s improvisaci\u00f3n del PP"}]},{"@type":"WebSite","@id":"https:\/\/agrupacionespsoe.es\/ponferrada\/#website","url":"https:\/\/agrupacionespsoe.es\/ponferrada\/","name":"Agrupaci\u00f3n Socialista de Ponferrada","description":"Agrupaci\u00f3n Socialista de Ponferrada","publisher":{"@id":"https:\/\/agrupacionespsoe.es\/ponferrada\/#organization"},"potentialAction":[{"@type":"SearchAction","target":{"@type":"EntryPoint","urlTemplate":"https:\/\/agrupacionespsoe.es\/ponferrada\/?s={search_term_string}"},"query-input":{"@type":"PropertyValueSpecification","valueRequired":true,"valueName":"search_term_string"}}],"inLanguage":"es"},{"@type":"Organization","@id":"https:\/\/agrupacionespsoe.es\/ponferrada\/#organization","name":"Agrupaci\u00f3n Socialista de Ponferrada","url":"https:\/\/agrupacionespsoe.es\/ponferrada\/","logo":{"@type":"ImageObject","inLanguage":"es","@id":"https:\/\/agrupacionespsoe.es\/ponferrada\/#\/schema\/logo\/image\/","url":"https:\/\/agrupacionespsoe.es\/wp-content\/uploads\/2022\/07\/Logotipo_electoral_del_PSOE.png","contentUrl":"https:\/\/agrupacionespsoe.es\/wp-content\/uploads\/2022\/07\/Logotipo_electoral_del_PSOE.png","width":422,"height":422,"caption":"Agrupaci\u00f3n Socialista de Ponferrada"},"image":{"@id":"https:\/\/agrupacionespsoe.es\/ponferrada\/#\/schema\/logo\/image\/"}},{"@type":"Person","@id":"https:\/\/agrupacionespsoe.es\/ponferrada\/#\/schema\/person\/cd29ee627f3b70c05d415f02596debaa","name":"ponferrada2","image":{"@type":"ImageObject","inLanguage":"es","@id":"https:\/\/agrupacionespsoe.es\/ponferrada\/#\/schema\/person\/image\/","url":"https:\/\/secure.gravatar.com\/avatar\/f499eeb60144c664cf7b7edf75549b50?s=96&d=mm&r=g","contentUrl":"https:\/\/secure.gravatar.com\/avatar\/f499eeb60144c664cf7b7edf75549b50?s=96&d=mm&r=g","caption":"ponferrada2"},"url":"https:\/\/agrupacionespsoe.es\/ponferrada\/author\/ponferrada2\/"}]}},"jetpack_featured_media_url":"https:\/\/agrupacionespsoe.es\/ponferrada\/wp-content\/uploads\/sites\/36\/2025\/09\/WhatsApp-Image-2025-09-26-at-12.53.05.jpeg","jetpack_sharing_enabled":true,"_links":{"self":[{"href":"https:\/\/agrupacionespsoe.es\/ponferrada\/wp-json\/wp\/v2\/posts\/1120","targetHints":{"allow":["GET"]}}],"collection":[{"href":"https:\/\/agrupacionespsoe.es\/ponferrada\/wp-json\/wp\/v2\/posts"}],"about":[{"href":"https:\/\/agrupacionespsoe.es\/ponferrada\/wp-json\/wp\/v2\/types\/post"}],"author":[{"embeddable":true,"href":"https:\/\/agrupacionespsoe.es\/ponferrada\/wp-json\/wp\/v2\/users\/32"}],"replies":[{"embeddable":true,"href":"https:\/\/agrupacionespsoe.es\/ponferrada\/wp-json\/wp\/v2\/comments?post=1120"}],"version-history":[{"count":2,"href":"https:\/\/agrupacionespsoe.es\/ponferrada\/wp-json\/wp\/v2\/posts\/1120\/revisions"}],"predecessor-version":[{"id":1123,"href":"https:\/\/agrupacionespsoe.es\/ponferrada\/wp-json\/wp\/v2\/posts\/1120\/revisions\/1123"}],"wp:featuredmedia":[{"embeddable":true,"href":"https:\/\/agrupacionespsoe.es\/ponferrada\/wp-json\/wp\/v2\/media\/1121"}],"wp:attachment":[{"href":"https:\/\/agrupacionespsoe.es\/ponferrada\/wp-json\/wp\/v2\/media?parent=1120"}],"wp:term":[{"taxonomy":"category","embeddable":true,"href":"https:\/\/agrupacionespsoe.es\/ponferrada\/wp-json\/wp\/v2\/categories?post=1120"},{"taxonomy":"post_tag","embeddable":true,"href":"https:\/\/agrupacionespsoe.es\/ponferrada\/wp-json\/wp\/v2\/tags?post=1120"}],"curies":[{"name":"wp","href":"https:\/\/api.w.org\/{rel}","templated":true}]}}