{"id":1112,"date":"2025-09-23T11:27:26","date_gmt":"2025-09-23T11:27:26","guid":{"rendered":"https:\/\/agrupacionespsoe.es\/ponferrada\/?p=1112"},"modified":"2025-09-23T11:27:27","modified_gmt":"2025-09-23T11:27:27","slug":"morala-y-sus-excusas-del-no-subir-es-bajar-al-encarecimiento-del-ivtm","status":"publish","type":"post","link":"https:\/\/agrupacionespsoe.es\/ponferrada\/morala-y-sus-excusas-del-no-subir-es-bajar-al-encarecimiento-del-ivtm\/","title":{"rendered":"\u201cMorala y sus excusas: del \u2018no subir es bajar\u2019 al encarecimiento del IVTM\u201d"},"content":{"rendered":"\n<p>El Grupo Municipal Socialista del Ayuntamiento de Ponferrada denuncia la reciente propuesta del equipo de gobierno, encabezado por Marco Morala, sobre la modificaci\u00f3n del Impuesto sobre Veh\u00edculos de Tracci\u00f3n Mec\u00e1nica (IVTM). La medida que han llevado a la comisi\u00f3n de hacienda y presumiblemente se va a llevar a Pleno, limita las bonificaciones fiscales para veh\u00edculos el\u00e9ctricos e h\u00edbridos, en definitiva supone un incremento de la presi\u00f3n fiscal sobre los ciudadanos.<\/p>\n\n\n\n<p>Mabel Fern\u00e1ndez, anterior concejala de Hacienda en el equipo de Olegario Ram\u00f3n, se\u00f1ala que esta propuesta contrasta de manera evidente con las promesas electorales de Marco Morala durante la campa\u00f1a municipal, en las que se comprometi\u00f3 a reducir la presi\u00f3n fiscal a los ciudadanos. Morala asegur\u00f3 entonces que su primera labor como gobierno ser\u00eda reducir los tributos locales, tanto impuestos como tasas, y aplicar beneficios fiscales a familias, empresas y veh\u00edculos pesados, con el objetivo de aliviar la carga econ\u00f3mica de los vecinos desde el primer a\u00f1o de mandato.<\/p>\n\n\n\n<p>Mabel Fern\u00e1ndez a\u00f1ade que en su papel de portavoz de la oposici\u00f3n, Morala critic\u00f3 de manera reiterada la elevada presi\u00f3n fiscal que sufr\u00eda Ponferrada bajo el gobierno socialista, se\u00f1alando que los ciudadanos estaban sometidos a una \u201cprisi\u00f3n fiscal\u201d que dificultaba la actividad econ\u00f3mica, la inversi\u00f3n y la creaci\u00f3n de empleo. Sin embargo, durante estos m\u00e1s de dos a\u00f1os de mandato, nunca impuls\u00f3 ninguna medida concreta para aliviar esta situaci\u00f3n.<\/p>\n\n\n\n<p>Lejos de cumplir con la palabra dada lo que ha hecho Morala como alcalde es intentar incrementar de manera desproporcionada a peque\u00f1os agricultores la tasa del mercadillo, y ahora proponen esta modificaci\u00f3n en el impuesto de circulaci\u00f3n.&nbsp; El Grupo Municipal Socialista considera que estas decisiones suponen un incumplimiento&nbsp; flagrante de la palabra dada a los ciudadanos y contribuye al descr\u00e9dito de la pol\u00edtica y de los pol\u00edticos. &nbsp;<\/p>\n\n\n\n<p>Mabel Fern\u00e1ndez se\u00f1ala que ya son demasiadas las excusas que ha puesto para no cumplir con lo que prometi\u00f3 a los ciudadanos. Ha llegado hasta el rid\u00edculo de decir que \u201cno subir es bajar\u201d o que su gesti\u00f3n se ve condicionada por la herencia de la deuda de 15 millones que dej\u00f3 el gobierno socialista. La realidad, sin embargo, es otra: no ha aplicado rebajas fiscales porque sab\u00eda perfectamente que estaba enga\u00f1ando a los vecinos desde la campa\u00f1a electoral, y porque su gesti\u00f3n se caracteriza por derrochar el dinero p\u00fablico en disparates y gastos innecesarios.<\/p>\n\n\n\n<figure class=\"wp-block-image size-large\"><img loading=\"lazy\" decoding=\"async\" width=\"720\" height=\"1024\" src=\"https:\/\/agrupacionespsoe.es\/ponferrada\/wp-content\/uploads\/sites\/36\/2025\/02\/WhatsApp-Image-2025-02-04-at-11.25.22-720x1024.jpeg\" alt=\"\" class=\"wp-image-774\" srcset=\"https:\/\/agrupacionespsoe.es\/ponferrada\/wp-content\/uploads\/sites\/36\/2025\/02\/WhatsApp-Image-2025-02-04-at-11.25.22-720x1024.jpeg 720w, https:\/\/agrupacionespsoe.es\/ponferrada\/wp-content\/uploads\/sites\/36\/2025\/02\/WhatsApp-Image-2025-02-04-at-11.25.22-211x300.jpeg 211w, https:\/\/agrupacionespsoe.es\/ponferrada\/wp-content\/uploads\/sites\/36\/2025\/02\/WhatsApp-Image-2025-02-04-at-11.25.22-768x1092.jpeg 768w, https:\/\/agrupacionespsoe.es\/ponferrada\/wp-content\/uploads\/sites\/36\/2025\/02\/WhatsApp-Image-2025-02-04-at-11.25.22.jpeg 797w\" sizes=\"auto, (max-width: 720px) 100vw, 720px\" \/><\/figure>\n","protected":false},"excerpt":{"rendered":"<p>El Grupo Municipal Socialista del Ayuntamiento de Ponferrada denuncia la reciente propuesta del equipo de gobierno, encabezado por Marco Morala, sobre la modificaci\u00f3n del Impuesto sobre Veh\u00edculos de Tracci\u00f3n Mec\u00e1nica (IVTM). La medida que han llevado a la comisi\u00f3n de hacienda y presumiblemente se va a llevar a Pleno, limita las bonificaciones fiscales para veh\u00edculos &#8230;<\/p>\n","protected":false},"author":32,"featured_media":774,"comment_status":"open","ping_status":"open","sticky":false,"template":"","format":"standard","meta":{"_jetpack_memberships_contains_paid_content":false,"footnotes":""},"categories":[6],"tags":[],"class_list":["post-1112","post","type-post","status-publish","format-standard","has-post-thumbnail","hentry","category-actualidad"],"yoast_head":"<!-- This site is optimized with the Yoast SEO plugin v24.0 - https:\/\/yoast.com\/wordpress\/plugins\/seo\/ -->\n<title>\u201cMorala y sus excusas: del \u2018no subir es bajar\u2019 al encarecimiento del IVTM\u201d - Agrupaci\u00f3n Socialista de Ponferrada<\/title>\n<meta name=\"robots\" content=\"index, follow, max-snippet:-1, max-image-preview:large, max-video-preview:-1\" \/>\n<link rel=\"canonical\" href=\"https:\/\/agrupacionespsoe.es\/ponferrada\/morala-y-sus-excusas-del-no-subir-es-bajar-al-encarecimiento-del-ivtm\/\" \/>\n<meta property=\"og:locale\" content=\"es_ES\" \/>\n<meta property=\"og:type\" content=\"article\" \/>\n<meta property=\"og:title\" content=\"\u201cMorala y sus excusas: del \u2018no subir es bajar\u2019 al encarecimiento del IVTM\u201d - Agrupaci\u00f3n Socialista de Ponferrada\" \/>\n<meta property=\"og:description\" content=\"El Grupo Municipal Socialista del Ayuntamiento de Ponferrada denuncia la reciente propuesta del equipo de gobierno, encabezado por Marco Morala, sobre la modificaci\u00f3n del Impuesto sobre Veh\u00edculos de Tracci\u00f3n Mec\u00e1nica (IVTM). La medida que han llevado a la comisi\u00f3n de hacienda y presumiblemente se va a llevar a Pleno, limita las bonificaciones fiscales para veh\u00edculos ...\" \/>\n<meta property=\"og:url\" content=\"https:\/\/agrupacionespsoe.es\/ponferrada\/morala-y-sus-excusas-del-no-subir-es-bajar-al-encarecimiento-del-ivtm\/\" \/>\n<meta property=\"og:site_name\" content=\"Agrupaci\u00f3n Socialista de Ponferrada\" \/>\n<meta property=\"article:published_time\" content=\"2025-09-23T11:27:26+00:00\" \/>\n<meta property=\"article:modified_time\" content=\"2025-09-23T11:27:27+00:00\" \/>\n<meta property=\"og:image\" content=\"https:\/\/agrupacionespsoe.es\/ponferrada\/wp-content\/uploads\/sites\/36\/2025\/02\/WhatsApp-Image-2025-02-04-at-11.25.22.jpeg\" \/>\n\t<meta property=\"og:image:width\" content=\"797\" \/>\n\t<meta property=\"og:image:height\" content=\"1133\" \/>\n\t<meta property=\"og:image:type\" content=\"image\/jpeg\" \/>\n<meta name=\"author\" content=\"ponferrada2\" \/>\n<meta name=\"twitter:card\" content=\"summary_large_image\" \/>\n<meta name=\"twitter:label1\" content=\"Escrito por\" \/>\n\t<meta name=\"twitter:data1\" content=\"ponferrada2\" \/>\n\t<meta name=\"twitter:label2\" content=\"Tiempo de lectura\" \/>\n\t<meta name=\"twitter:data2\" content=\"3 minutos\" \/>\n<script type=\"application\/ld+json\" class=\"yoast-schema-graph\">{\"@context\":\"https:\/\/schema.org\",\"@graph\":[{\"@type\":\"Article\",\"@id\":\"https:\/\/agrupacionespsoe.es\/ponferrada\/morala-y-sus-excusas-del-no-subir-es-bajar-al-encarecimiento-del-ivtm\/#article\",\"isPartOf\":{\"@id\":\"https:\/\/agrupacionespsoe.es\/ponferrada\/morala-y-sus-excusas-del-no-subir-es-bajar-al-encarecimiento-del-ivtm\/\"},\"author\":{\"name\":\"ponferrada2\",\"@id\":\"https:\/\/agrupacionespsoe.es\/ponferrada\/#\/schema\/person\/cd29ee627f3b70c05d415f02596debaa\"},\"headline\":\"\u201cMorala y sus excusas: del \u2018no subir es bajar\u2019 al encarecimiento del IVTM\u201d\",\"datePublished\":\"2025-09-23T11:27:26+00:00\",\"dateModified\":\"2025-09-23T11:27:27+00:00\",\"mainEntityOfPage\":{\"@id\":\"https:\/\/agrupacionespsoe.es\/ponferrada\/morala-y-sus-excusas-del-no-subir-es-bajar-al-encarecimiento-del-ivtm\/\"},\"wordCount\":451,\"commentCount\":0,\"publisher\":{\"@id\":\"https:\/\/agrupacionespsoe.es\/ponferrada\/#organization\"},\"image\":{\"@id\":\"https:\/\/agrupacionespsoe.es\/ponferrada\/morala-y-sus-excusas-del-no-subir-es-bajar-al-encarecimiento-del-ivtm\/#primaryimage\"},\"thumbnailUrl\":\"https:\/\/agrupacionespsoe.es\/ponferrada\/wp-content\/uploads\/sites\/36\/2025\/02\/WhatsApp-Image-2025-02-04-at-11.25.22.jpeg\",\"articleSection\":[\"ACTUALIDAD\"],\"inLanguage\":\"es\",\"potentialAction\":[{\"@type\":\"CommentAction\",\"name\":\"Comment\",\"target\":[\"https:\/\/agrupacionespsoe.es\/ponferrada\/morala-y-sus-excusas-del-no-subir-es-bajar-al-encarecimiento-del-ivtm\/#respond\"]}]},{\"@type\":\"WebPage\",\"@id\":\"https:\/\/agrupacionespsoe.es\/ponferrada\/morala-y-sus-excusas-del-no-subir-es-bajar-al-encarecimiento-del-ivtm\/\",\"url\":\"https:\/\/agrupacionespsoe.es\/ponferrada\/morala-y-sus-excusas-del-no-subir-es-bajar-al-encarecimiento-del-ivtm\/\",\"name\":\"\u201cMorala y sus excusas: del \u2018no subir es bajar\u2019 al encarecimiento del IVTM\u201d - Agrupaci\u00f3n Socialista de Ponferrada\",\"isPartOf\":{\"@id\":\"https:\/\/agrupacionespsoe.es\/ponferrada\/#website\"},\"primaryImageOfPage\":{\"@id\":\"https:\/\/agrupacionespsoe.es\/ponferrada\/morala-y-sus-excusas-del-no-subir-es-bajar-al-encarecimiento-del-ivtm\/#primaryimage\"},\"image\":{\"@id\":\"https:\/\/agrupacionespsoe.es\/ponferrada\/morala-y-sus-excusas-del-no-subir-es-bajar-al-encarecimiento-del-ivtm\/#primaryimage\"},\"thumbnailUrl\":\"https:\/\/agrupacionespsoe.es\/ponferrada\/wp-content\/uploads\/sites\/36\/2025\/02\/WhatsApp-Image-2025-02-04-at-11.25.22.jpeg\",\"datePublished\":\"2025-09-23T11:27:26+00:00\",\"dateModified\":\"2025-09-23T11:27:27+00:00\",\"breadcrumb\":{\"@id\":\"https:\/\/agrupacionespsoe.es\/ponferrada\/morala-y-sus-excusas-del-no-subir-es-bajar-al-encarecimiento-del-ivtm\/#breadcrumb\"},\"inLanguage\":\"es\",\"potentialAction\":[{\"@type\":\"ReadAction\",\"target\":[\"https:\/\/agrupacionespsoe.es\/ponferrada\/morala-y-sus-excusas-del-no-subir-es-bajar-al-encarecimiento-del-ivtm\/\"]}]},{\"@type\":\"ImageObject\",\"inLanguage\":\"es\",\"@id\":\"https:\/\/agrupacionespsoe.es\/ponferrada\/morala-y-sus-excusas-del-no-subir-es-bajar-al-encarecimiento-del-ivtm\/#primaryimage\",\"url\":\"https:\/\/agrupacionespsoe.es\/ponferrada\/wp-content\/uploads\/sites\/36\/2025\/02\/WhatsApp-Image-2025-02-04-at-11.25.22.jpeg\",\"contentUrl\":\"https:\/\/agrupacionespsoe.es\/ponferrada\/wp-content\/uploads\/sites\/36\/2025\/02\/WhatsApp-Image-2025-02-04-at-11.25.22.jpeg\",\"width\":797,\"height\":1133},{\"@type\":\"BreadcrumbList\",\"@id\":\"https:\/\/agrupacionespsoe.es\/ponferrada\/morala-y-sus-excusas-del-no-subir-es-bajar-al-encarecimiento-del-ivtm\/#breadcrumb\",\"itemListElement\":[{\"@type\":\"ListItem\",\"position\":1,\"name\":\"Portada\",\"item\":\"https:\/\/agrupacionespsoe.es\/ponferrada\/\"},{\"@type\":\"ListItem\",\"position\":2,\"name\":\"\u201cMorala y sus excusas: del \u2018no subir es bajar\u2019 al encarecimiento del IVTM\u201d\"}]},{\"@type\":\"WebSite\",\"@id\":\"https:\/\/agrupacionespsoe.es\/ponferrada\/#website\",\"url\":\"https:\/\/agrupacionespsoe.es\/ponferrada\/\",\"name\":\"Agrupaci\u00f3n Socialista de Ponferrada\",\"description\":\"Agrupaci\u00f3n Socialista de Ponferrada\",\"publisher\":{\"@id\":\"https:\/\/agrupacionespsoe.es\/ponferrada\/#organization\"},\"potentialAction\":[{\"@type\":\"SearchAction\",\"target\":{\"@type\":\"EntryPoint\",\"urlTemplate\":\"https:\/\/agrupacionespsoe.es\/ponferrada\/?s={search_term_string}\"},\"query-input\":{\"@type\":\"PropertyValueSpecification\",\"valueRequired\":true,\"valueName\":\"search_term_string\"}}],\"inLanguage\":\"es\"},{\"@type\":\"Organization\",\"@id\":\"https:\/\/agrupacionespsoe.es\/ponferrada\/#organization\",\"name\":\"Agrupaci\u00f3n Socialista de Ponferrada\",\"url\":\"https:\/\/agrupacionespsoe.es\/ponferrada\/\",\"logo\":{\"@type\":\"ImageObject\",\"inLanguage\":\"es\",\"@id\":\"https:\/\/agrupacionespsoe.es\/ponferrada\/#\/schema\/logo\/image\/\",\"url\":\"https:\/\/agrupacionespsoe.es\/wp-content\/uploads\/2022\/07\/Logotipo_electoral_del_PSOE.png\",\"contentUrl\":\"https:\/\/agrupacionespsoe.es\/wp-content\/uploads\/2022\/07\/Logotipo_electoral_del_PSOE.png\",\"width\":422,\"height\":422,\"caption\":\"Agrupaci\u00f3n Socialista de Ponferrada\"},\"image\":{\"@id\":\"https:\/\/agrupacionespsoe.es\/ponferrada\/#\/schema\/logo\/image\/\"}},{\"@type\":\"Person\",\"@id\":\"https:\/\/agrupacionespsoe.es\/ponferrada\/#\/schema\/person\/cd29ee627f3b70c05d415f02596debaa\",\"name\":\"ponferrada2\",\"image\":{\"@type\":\"ImageObject\",\"inLanguage\":\"es\",\"@id\":\"https:\/\/agrupacionespsoe.es\/ponferrada\/#\/schema\/person\/image\/\",\"url\":\"https:\/\/secure.gravatar.com\/avatar\/f499eeb60144c664cf7b7edf75549b50?s=96&d=mm&r=g\",\"contentUrl\":\"https:\/\/secure.gravatar.com\/avatar\/f499eeb60144c664cf7b7edf75549b50?s=96&d=mm&r=g\",\"caption\":\"ponferrada2\"},\"url\":\"https:\/\/agrupacionespsoe.es\/ponferrada\/author\/ponferrada2\/\"}]}<\/script>\n<!-- \/ Yoast SEO plugin. -->","yoast_head_json":{"title":"\u201cMorala y sus excusas: del \u2018no subir es bajar\u2019 al encarecimiento del IVTM\u201d - Agrupaci\u00f3n Socialista de Ponferrada","robots":{"index":"index","follow":"follow","max-snippet":"max-snippet:-1","max-image-preview":"max-image-preview:large","max-video-preview":"max-video-preview:-1"},"canonical":"https:\/\/agrupacionespsoe.es\/ponferrada\/morala-y-sus-excusas-del-no-subir-es-bajar-al-encarecimiento-del-ivtm\/","og_locale":"es_ES","og_type":"article","og_title":"\u201cMorala y sus excusas: del \u2018no subir es bajar\u2019 al encarecimiento del IVTM\u201d - Agrupaci\u00f3n Socialista de Ponferrada","og_description":"El Grupo Municipal Socialista del Ayuntamiento de Ponferrada denuncia la reciente propuesta del equipo de gobierno, encabezado por Marco Morala, sobre la modificaci\u00f3n del Impuesto sobre Veh\u00edculos de Tracci\u00f3n Mec\u00e1nica (IVTM). La medida que han llevado a la comisi\u00f3n de hacienda y presumiblemente se va a llevar a Pleno, limita las bonificaciones fiscales para veh\u00edculos ...","og_url":"https:\/\/agrupacionespsoe.es\/ponferrada\/morala-y-sus-excusas-del-no-subir-es-bajar-al-encarecimiento-del-ivtm\/","og_site_name":"Agrupaci\u00f3n Socialista de Ponferrada","article_published_time":"2025-09-23T11:27:26+00:00","article_modified_time":"2025-09-23T11:27:27+00:00","og_image":[{"width":797,"height":1133,"url":"https:\/\/agrupacionespsoe.es\/ponferrada\/wp-content\/uploads\/sites\/36\/2025\/02\/WhatsApp-Image-2025-02-04-at-11.25.22.jpeg","type":"image\/jpeg"}],"author":"ponferrada2","twitter_card":"summary_large_image","twitter_misc":{"Escrito por":"ponferrada2","Tiempo de lectura":"3 minutos"},"schema":{"@context":"https:\/\/schema.org","@graph":[{"@type":"Article","@id":"https:\/\/agrupacionespsoe.es\/ponferrada\/morala-y-sus-excusas-del-no-subir-es-bajar-al-encarecimiento-del-ivtm\/#article","isPartOf":{"@id":"https:\/\/agrupacionespsoe.es\/ponferrada\/morala-y-sus-excusas-del-no-subir-es-bajar-al-encarecimiento-del-ivtm\/"},"author":{"name":"ponferrada2","@id":"https:\/\/agrupacionespsoe.es\/ponferrada\/#\/schema\/person\/cd29ee627f3b70c05d415f02596debaa"},"headline":"\u201cMorala y sus excusas: del \u2018no subir es bajar\u2019 al encarecimiento del IVTM\u201d","datePublished":"2025-09-23T11:27:26+00:00","dateModified":"2025-09-23T11:27:27+00:00","mainEntityOfPage":{"@id":"https:\/\/agrupacionespsoe.es\/ponferrada\/morala-y-sus-excusas-del-no-subir-es-bajar-al-encarecimiento-del-ivtm\/"},"wordCount":451,"commentCount":0,"publisher":{"@id":"https:\/\/agrupacionespsoe.es\/ponferrada\/#organization"},"image":{"@id":"https:\/\/agrupacionespsoe.es\/ponferrada\/morala-y-sus-excusas-del-no-subir-es-bajar-al-encarecimiento-del-ivtm\/#primaryimage"},"thumbnailUrl":"https:\/\/agrupacionespsoe.es\/ponferrada\/wp-content\/uploads\/sites\/36\/2025\/02\/WhatsApp-Image-2025-02-04-at-11.25.22.jpeg","articleSection":["ACTUALIDAD"],"inLanguage":"es","potentialAction":[{"@type":"CommentAction","name":"Comment","target":["https:\/\/agrupacionespsoe.es\/ponferrada\/morala-y-sus-excusas-del-no-subir-es-bajar-al-encarecimiento-del-ivtm\/#respond"]}]},{"@type":"WebPage","@id":"https:\/\/agrupacionespsoe.es\/ponferrada\/morala-y-sus-excusas-del-no-subir-es-bajar-al-encarecimiento-del-ivtm\/","url":"https:\/\/agrupacionespsoe.es\/ponferrada\/morala-y-sus-excusas-del-no-subir-es-bajar-al-encarecimiento-del-ivtm\/","name":"\u201cMorala y sus excusas: del \u2018no subir es bajar\u2019 al encarecimiento del IVTM\u201d - Agrupaci\u00f3n Socialista de Ponferrada","isPartOf":{"@id":"https:\/\/agrupacionespsoe.es\/ponferrada\/#website"},"primaryImageOfPage":{"@id":"https:\/\/agrupacionespsoe.es\/ponferrada\/morala-y-sus-excusas-del-no-subir-es-bajar-al-encarecimiento-del-ivtm\/#primaryimage"},"image":{"@id":"https:\/\/agrupacionespsoe.es\/ponferrada\/morala-y-sus-excusas-del-no-subir-es-bajar-al-encarecimiento-del-ivtm\/#primaryimage"},"thumbnailUrl":"https:\/\/agrupacionespsoe.es\/ponferrada\/wp-content\/uploads\/sites\/36\/2025\/02\/WhatsApp-Image-2025-02-04-at-11.25.22.jpeg","datePublished":"2025-09-23T11:27:26+00:00","dateModified":"2025-09-23T11:27:27+00:00","breadcrumb":{"@id":"https:\/\/agrupacionespsoe.es\/ponferrada\/morala-y-sus-excusas-del-no-subir-es-bajar-al-encarecimiento-del-ivtm\/#breadcrumb"},"inLanguage":"es","potentialAction":[{"@type":"ReadAction","target":["https:\/\/agrupacionespsoe.es\/ponferrada\/morala-y-sus-excusas-del-no-subir-es-bajar-al-encarecimiento-del-ivtm\/"]}]},{"@type":"ImageObject","inLanguage":"es","@id":"https:\/\/agrupacionespsoe.es\/ponferrada\/morala-y-sus-excusas-del-no-subir-es-bajar-al-encarecimiento-del-ivtm\/#primaryimage","url":"https:\/\/agrupacionespsoe.es\/ponferrada\/wp-content\/uploads\/sites\/36\/2025\/02\/WhatsApp-Image-2025-02-04-at-11.25.22.jpeg","contentUrl":"https:\/\/agrupacionespsoe.es\/ponferrada\/wp-content\/uploads\/sites\/36\/2025\/02\/WhatsApp-Image-2025-02-04-at-11.25.22.jpeg","width":797,"height":1133},{"@type":"BreadcrumbList","@id":"https:\/\/agrupacionespsoe.es\/ponferrada\/morala-y-sus-excusas-del-no-subir-es-bajar-al-encarecimiento-del-ivtm\/#breadcrumb","itemListElement":[{"@type":"ListItem","position":1,"name":"Portada","item":"https:\/\/agrupacionespsoe.es\/ponferrada\/"},{"@type":"ListItem","position":2,"name":"\u201cMorala y sus excusas: del \u2018no subir es bajar\u2019 al encarecimiento del IVTM\u201d"}]},{"@type":"WebSite","@id":"https:\/\/agrupacionespsoe.es\/ponferrada\/#website","url":"https:\/\/agrupacionespsoe.es\/ponferrada\/","name":"Agrupaci\u00f3n Socialista de Ponferrada","description":"Agrupaci\u00f3n Socialista de Ponferrada","publisher":{"@id":"https:\/\/agrupacionespsoe.es\/ponferrada\/#organization"},"potentialAction":[{"@type":"SearchAction","target":{"@type":"EntryPoint","urlTemplate":"https:\/\/agrupacionespsoe.es\/ponferrada\/?s={search_term_string}"},"query-input":{"@type":"PropertyValueSpecification","valueRequired":true,"valueName":"search_term_string"}}],"inLanguage":"es"},{"@type":"Organization","@id":"https:\/\/agrupacionespsoe.es\/ponferrada\/#organization","name":"Agrupaci\u00f3n Socialista de Ponferrada","url":"https:\/\/agrupacionespsoe.es\/ponferrada\/","logo":{"@type":"ImageObject","inLanguage":"es","@id":"https:\/\/agrupacionespsoe.es\/ponferrada\/#\/schema\/logo\/image\/","url":"https:\/\/agrupacionespsoe.es\/wp-content\/uploads\/2022\/07\/Logotipo_electoral_del_PSOE.png","contentUrl":"https:\/\/agrupacionespsoe.es\/wp-content\/uploads\/2022\/07\/Logotipo_electoral_del_PSOE.png","width":422,"height":422,"caption":"Agrupaci\u00f3n Socialista de Ponferrada"},"image":{"@id":"https:\/\/agrupacionespsoe.es\/ponferrada\/#\/schema\/logo\/image\/"}},{"@type":"Person","@id":"https:\/\/agrupacionespsoe.es\/ponferrada\/#\/schema\/person\/cd29ee627f3b70c05d415f02596debaa","name":"ponferrada2","image":{"@type":"ImageObject","inLanguage":"es","@id":"https:\/\/agrupacionespsoe.es\/ponferrada\/#\/schema\/person\/image\/","url":"https:\/\/secure.gravatar.com\/avatar\/f499eeb60144c664cf7b7edf75549b50?s=96&d=mm&r=g","contentUrl":"https:\/\/secure.gravatar.com\/avatar\/f499eeb60144c664cf7b7edf75549b50?s=96&d=mm&r=g","caption":"ponferrada2"},"url":"https:\/\/agrupacionespsoe.es\/ponferrada\/author\/ponferrada2\/"}]}},"jetpack_featured_media_url":"https:\/\/agrupacionespsoe.es\/ponferrada\/wp-content\/uploads\/sites\/36\/2025\/02\/WhatsApp-Image-2025-02-04-at-11.25.22.jpeg","jetpack_sharing_enabled":true,"_links":{"self":[{"href":"https:\/\/agrupacionespsoe.es\/ponferrada\/wp-json\/wp\/v2\/posts\/1112","targetHints":{"allow":["GET"]}}],"collection":[{"href":"https:\/\/agrupacionespsoe.es\/ponferrada\/wp-json\/wp\/v2\/posts"}],"about":[{"href":"https:\/\/agrupacionespsoe.es\/ponferrada\/wp-json\/wp\/v2\/types\/post"}],"author":[{"embeddable":true,"href":"https:\/\/agrupacionespsoe.es\/ponferrada\/wp-json\/wp\/v2\/users\/32"}],"replies":[{"embeddable":true,"href":"https:\/\/agrupacionespsoe.es\/ponferrada\/wp-json\/wp\/v2\/comments?post=1112"}],"version-history":[{"count":2,"href":"https:\/\/agrupacionespsoe.es\/ponferrada\/wp-json\/wp\/v2\/posts\/1112\/revisions"}],"predecessor-version":[{"id":1114,"href":"https:\/\/agrupacionespsoe.es\/ponferrada\/wp-json\/wp\/v2\/posts\/1112\/revisions\/1114"}],"wp:featuredmedia":[{"embeddable":true,"href":"https:\/\/agrupacionespsoe.es\/ponferrada\/wp-json\/wp\/v2\/media\/774"}],"wp:attachment":[{"href":"https:\/\/agrupacionespsoe.es\/ponferrada\/wp-json\/wp\/v2\/media?parent=1112"}],"wp:term":[{"taxonomy":"category","embeddable":true,"href":"https:\/\/agrupacionespsoe.es\/ponferrada\/wp-json\/wp\/v2\/categories?post=1112"},{"taxonomy":"post_tag","embeddable":true,"href":"https:\/\/agrupacionespsoe.es\/ponferrada\/wp-json\/wp\/v2\/tags?post=1112"}],"curies":[{"name":"wp","href":"https:\/\/api.w.org\/{rel}","templated":true}]}}