{"id":1107,"date":"2025-09-17T10:15:39","date_gmt":"2025-09-17T10:15:39","guid":{"rendered":"https:\/\/agrupacionespsoe.es\/ponferrada\/?p=1107"},"modified":"2025-09-17T10:15:40","modified_gmt":"2025-09-17T10:15:40","slug":"el-psoe-de-ponferrada-reclama-prevencion-frente-a-incendios-participacion-ciudadana-en-las-fiestas-y-defiende-los-derechos-humanos-en-gaza","status":"publish","type":"post","link":"https:\/\/agrupacionespsoe.es\/ponferrada\/el-psoe-de-ponferrada-reclama-prevencion-frente-a-incendios-participacion-ciudadana-en-las-fiestas-y-defiende-los-derechos-humanos-en-gaza\/","title":{"rendered":"\u201cEl PSOE de Ponferrada reclama prevenci\u00f3n frente a incendios, participaci\u00f3n ciudadana en las fiestas y defiende los derechos humanos en Gaza\u201d"},"content":{"rendered":"\n<p>La Comisi\u00f3n Ejecutiva Municipal del PSOE de Ponferrada ha retomado la actividad org\u00e1nica con su reuni\u00f3n mensual ordinaria.<\/p>\n\n\n\n<p>En la primera reuni\u00f3n que han tenido despu\u00e9s del nefasto agosto que ha sufrido la provincia y el Bierzo en particular, la Comisi\u00f3n Ejecutiva ha expresado su profunda preocupaci\u00f3n por los graves incendios forestales que este verano han vuelto a golpear con dureza a El Bierzo, arrasando miles de hect\u00e1reas de superficie arbolada y agr\u00edcola, poniendo en riesgo pueblos enteros y afectando directamente a la salud y a la econom\u00eda de la comarca.<\/p>\n\n\n\n<p>La Secretaria de Organizaci\u00f3n de la Ejecutiva Municipal, Judit Lama ha se\u00f1alado que \u201cel Bierzo no puede permitirse que cada verano se repita el mismo drama. Nuestros montes, nuestra biodiversidad, nuestra agricultura y hasta la salud de la poblaci\u00f3n est\u00e1n en juego. Es una emergencia que exige planificaci\u00f3n, recursos, voluntad pol\u00edtica y responsabilidades pol\u00edticas, ni el Consejero de Medio Ambiente Suarez-Qui\u00f1ones, ni el Director General de Patrimonio Natural y Pol\u00edtica Forestal, Jos\u00e9 \u00c1ngel Arranz Sanz y sobre todo el Presidente Ma\u00f1ueco han estado a la altura de sus cargos pol\u00edticos y los ponferradinos y ponferradinas no nos merecemos estos malos gestores.\u201d<\/p>\n\n\n\n<p>Los socialistas recuerdan adem\u00e1s las pol\u00e9micas declaraciones del consejero de Medio Ambiente, Su\u00e1rez-Qui\u00f1ones<strong>,<\/strong> afirmando que \u201cmantener el operativo de incendios todo el a\u00f1o es absurdo y un despilfarro\u201d, una postura que evidencia la falta de compromiso con la prevenci\u00f3n y la seguridad del territorio.\u00a0 Una gesti\u00f3n que no podemos olvidar y tenemos que recordar el a\u00f1o que viene en las elecciones auton\u00f3micas.<\/p>\n\n\n\n<p>Ha se\u00f1alado que gracias a la gesti\u00f3n del PP en la Junta tenemos la comunidad aut\u00f3noma m\u00e1s precaria para con su operativo de lucha contra incendios forestales. Los bomberos forestales necesitan un reconocimiento de su categor\u00eda profesional, para proteger nuestros pueblos y nuestro medio natural necesitamos m\u00e1s meses de trabajo, m\u00e1s medios, m\u00e1s formaci\u00f3n, una categor\u00eda profesional y menos pol\u00edticas del PP.<\/p>\n\n\n\n<p>Judit Lama subraya que \u201clos incendios se apagan en invierno, con trabajos preventivos, podas y labores de silvicultura que permitan desempe\u00f1ar la labor de manera segura y eficaz durante la \u00e9poca de alto riesgo, y para desempe\u00f1ar esta labor en Ponferrada necesitamos que cumplan con la normativa y aprueben y pongan en funcionamiento el Plan de Ordenaci\u00f3n Integral de los Montes de Ponferrada\u201d.<\/p>\n\n\n\n<p>La ejecutiva municipal, como no pod\u00eda ser de otra manera, tambi\u00e9n ha mostrado su apoyo a la firme a la valiente posici\u00f3n del presidente del Gobierno, Pedro S\u00e1nchez, ante la dram\u00e1tica situaci\u00f3n que vive el pueblo palestino en Gaza.<\/p>\n\n\n\n<p>La ofensiva que est\u00e1 sufriendo la poblaci\u00f3n civil constituye un aut\u00e9ntico exterminio que la comunidad internacional no puede seguir tolerando en silencio. Miles de vidas segadas, familias enteras destrozadas y la destrucci\u00f3n sistem\u00e1tica de infraestructuras b\u00e1sicas son el reflejo de una tragedia humanitaria que exige respuestas claras y valientes.<\/p>\n\n\n\n<p>Desde la Ejecutiva Municipal se ha mostrado tambi\u00e9n el apoyo a las manifestaciones pac\u00edficas que se han producido en todo el pa\u00eds, incluida Ponferrada, durante la Vuelta a Espa\u00f1a y otras concentraciones de solidaridad con Palestina, defendemos el derecho de la ciudadan\u00eda a expresarse de manera pac\u00edfica y reivindicativa.<\/p>\n\n\n\n<p>A\u00f1ade que \u201cmientras otros gobiernos miran hacia otro lado, Espa\u00f1a, con Pedro S\u00e1nchez al frente, ha optado por defender los valores universales de la justicia, los derechos humanos y la dignidad de todos los pueblos, algo de lo que todos los y las espa\u00f1olas tenemos que estar orgullosos\u201d.<\/p>\n\n\n\n<p>En otro orden de cosas, centrados en temas m\u00e1s locales, desde la comisi\u00f3n ejecutiva municipal se ha hecho una valoraci\u00f3n de las recientes Fiestas de la Encina, unas fiestas que, a nuestro juicio han pasado \u201csin pena ni gloria\u201d.<\/p>\n\n\n\n<p>Judit Lama se\u00f1ala que a pesar de que el alcalde, Marco Morala, y el concejal de Fiestas insisten cada a\u00f1o en calificarlas como \u201clas mejores de la historia\u201d, los socialistas se\u00f1alan que la realidad dista mucho de esa afirmaci\u00f3n. Los programas, sostienen, se repiten a\u00f1o tras a\u00f1o sin aportar novedades de fondo, y la valoraci\u00f3n ciudadana no se corresponde con la cantidad de dinero p\u00fablico invertido: seg\u00fan una encuesta de un medio de comunicaci\u00f3n local, el 67% de los participantes consider\u00f3 que las fiestas suspend\u00edan o eran malas.<\/p>\n\n\n\n<p>\u201cEl modelo de fiestas actual evidencia una falta de participaci\u00f3n ciudadana real\u201d, se\u00f1alan. M\u00e1s all\u00e1 de la concentraci\u00f3n final de pe\u00f1as, no existe espacio para la implicaci\u00f3n de vecinos y asociaciones. Por el contrario, parecen unas celebraciones que normalizan el consumo excesivo de alcohol y permiten el botell\u00f3n en las orquestas, alej\u00e1ndose de cualquier objetivo de promoci\u00f3n cultural o inclusiva.<\/p>\n\n\n\n<p>Los socialistas critican adem\u00e1s que las \u201cnovedades\u201d introducidas cada a\u00f1o se limitan a gastar dinero en eventos llamativos, en lugar de invertir en trabajo serio, planificaci\u00f3n y actividades que generen valor cultural y comunitario. En definitiva, unas fiestas que est\u00e1n lejos del \u00e9xito rotundo que predica el equipo de gobierno y que necesitan replantearse profundamente para ser realmente representativas, participativas y de calidad para todos los ponferradinos y ponferradinas.<\/p>\n\n\n\n<figure class=\"wp-block-image size-large\"><img loading=\"lazy\" decoding=\"async\" width=\"1024\" height=\"768\" src=\"https:\/\/agrupacionespsoe.es\/ponferrada\/wp-content\/uploads\/sites\/36\/2025\/09\/WhatsApp-Image-2025-09-17-at-10.20.49-1024x768.jpeg\" alt=\"\" class=\"wp-image-1108\" srcset=\"https:\/\/agrupacionespsoe.es\/ponferrada\/wp-content\/uploads\/sites\/36\/2025\/09\/WhatsApp-Image-2025-09-17-at-10.20.49-1024x768.jpeg 1024w, https:\/\/agrupacionespsoe.es\/ponferrada\/wp-content\/uploads\/sites\/36\/2025\/09\/WhatsApp-Image-2025-09-17-at-10.20.49-300x225.jpeg 300w, https:\/\/agrupacionespsoe.es\/ponferrada\/wp-content\/uploads\/sites\/36\/2025\/09\/WhatsApp-Image-2025-09-17-at-10.20.49-768x576.jpeg 768w, https:\/\/agrupacionespsoe.es\/ponferrada\/wp-content\/uploads\/sites\/36\/2025\/09\/WhatsApp-Image-2025-09-17-at-10.20.49-1536x1152.jpeg 1536w, https:\/\/agrupacionespsoe.es\/ponferrada\/wp-content\/uploads\/sites\/36\/2025\/09\/WhatsApp-Image-2025-09-17-at-10.20.49.jpeg 1600w\" sizes=\"auto, (max-width: 1024px) 100vw, 1024px\" \/><\/figure>\n","protected":false},"excerpt":{"rendered":"<p>La Comisi\u00f3n Ejecutiva Municipal del PSOE de Ponferrada ha retomado la actividad org\u00e1nica con su reuni\u00f3n mensual ordinaria. En la primera reuni\u00f3n que han tenido despu\u00e9s del nefasto agosto que ha sufrido la provincia y el Bierzo en particular, la Comisi\u00f3n Ejecutiva ha expresado su profunda preocupaci\u00f3n por los graves incendios forestales que este verano &#8230;<\/p>\n","protected":false},"author":32,"featured_media":1108,"comment_status":"open","ping_status":"open","sticky":false,"template":"","format":"standard","meta":{"_jetpack_memberships_contains_paid_content":false,"footnotes":""},"categories":[6],"tags":[],"class_list":["post-1107","post","type-post","status-publish","format-standard","has-post-thumbnail","hentry","category-actualidad"],"yoast_head":"<!-- This site is optimized with the Yoast SEO plugin v24.0 - https:\/\/yoast.com\/wordpress\/plugins\/seo\/ -->\n<title>\u201cEl PSOE de Ponferrada reclama prevenci\u00f3n frente a incendios, participaci\u00f3n ciudadana en las fiestas y defiende los derechos humanos en Gaza\u201d - Agrupaci\u00f3n Socialista de Ponferrada<\/title>\n<meta name=\"robots\" content=\"index, follow, max-snippet:-1, max-image-preview:large, max-video-preview:-1\" \/>\n<link rel=\"canonical\" href=\"https:\/\/agrupacionespsoe.es\/ponferrada\/el-psoe-de-ponferrada-reclama-prevencion-frente-a-incendios-participacion-ciudadana-en-las-fiestas-y-defiende-los-derechos-humanos-en-gaza\/\" \/>\n<meta property=\"og:locale\" content=\"es_ES\" \/>\n<meta property=\"og:type\" content=\"article\" \/>\n<meta property=\"og:title\" content=\"\u201cEl PSOE de Ponferrada reclama prevenci\u00f3n frente a incendios, participaci\u00f3n ciudadana en las fiestas y defiende los derechos humanos en Gaza\u201d - Agrupaci\u00f3n Socialista de Ponferrada\" \/>\n<meta property=\"og:description\" content=\"La Comisi\u00f3n Ejecutiva Municipal del PSOE de Ponferrada ha retomado la actividad org\u00e1nica con su reuni\u00f3n mensual ordinaria. En la primera reuni\u00f3n que han tenido despu\u00e9s del nefasto agosto que ha sufrido la provincia y el Bierzo en particular, la Comisi\u00f3n Ejecutiva ha expresado su profunda preocupaci\u00f3n por los graves incendios forestales que este verano ...\" \/>\n<meta property=\"og:url\" content=\"https:\/\/agrupacionespsoe.es\/ponferrada\/el-psoe-de-ponferrada-reclama-prevencion-frente-a-incendios-participacion-ciudadana-en-las-fiestas-y-defiende-los-derechos-humanos-en-gaza\/\" \/>\n<meta property=\"og:site_name\" content=\"Agrupaci\u00f3n Socialista de Ponferrada\" \/>\n<meta property=\"article:published_time\" content=\"2025-09-17T10:15:39+00:00\" \/>\n<meta property=\"article:modified_time\" content=\"2025-09-17T10:15:40+00:00\" \/>\n<meta property=\"og:image\" content=\"https:\/\/agrupacionespsoe.es\/ponferrada\/wp-content\/uploads\/sites\/36\/2025\/09\/WhatsApp-Image-2025-09-17-at-10.20.49.jpeg\" \/>\n\t<meta property=\"og:image:width\" content=\"1600\" \/>\n\t<meta property=\"og:image:height\" content=\"1200\" \/>\n\t<meta property=\"og:image:type\" content=\"image\/jpeg\" \/>\n<meta name=\"author\" content=\"ponferrada2\" \/>\n<meta name=\"twitter:card\" content=\"summary_large_image\" \/>\n<meta name=\"twitter:label1\" content=\"Escrito por\" \/>\n\t<meta name=\"twitter:data1\" content=\"ponferrada2\" \/>\n\t<meta name=\"twitter:label2\" content=\"Tiempo de lectura\" \/>\n\t<meta name=\"twitter:data2\" content=\"5 minutos\" \/>\n<script type=\"application\/ld+json\" class=\"yoast-schema-graph\">{\"@context\":\"https:\/\/schema.org\",\"@graph\":[{\"@type\":\"Article\",\"@id\":\"https:\/\/agrupacionespsoe.es\/ponferrada\/el-psoe-de-ponferrada-reclama-prevencion-frente-a-incendios-participacion-ciudadana-en-las-fiestas-y-defiende-los-derechos-humanos-en-gaza\/#article\",\"isPartOf\":{\"@id\":\"https:\/\/agrupacionespsoe.es\/ponferrada\/el-psoe-de-ponferrada-reclama-prevencion-frente-a-incendios-participacion-ciudadana-en-las-fiestas-y-defiende-los-derechos-humanos-en-gaza\/\"},\"author\":{\"name\":\"ponferrada2\",\"@id\":\"https:\/\/agrupacionespsoe.es\/ponferrada\/#\/schema\/person\/cd29ee627f3b70c05d415f02596debaa\"},\"headline\":\"\u201cEl PSOE de Ponferrada reclama prevenci\u00f3n frente a incendios, participaci\u00f3n ciudadana en las fiestas y defiende los derechos humanos en Gaza\u201d\",\"datePublished\":\"2025-09-17T10:15:39+00:00\",\"dateModified\":\"2025-09-17T10:15:40+00:00\",\"mainEntityOfPage\":{\"@id\":\"https:\/\/agrupacionespsoe.es\/ponferrada\/el-psoe-de-ponferrada-reclama-prevencion-frente-a-incendios-participacion-ciudadana-en-las-fiestas-y-defiende-los-derechos-humanos-en-gaza\/\"},\"wordCount\":934,\"commentCount\":0,\"publisher\":{\"@id\":\"https:\/\/agrupacionespsoe.es\/ponferrada\/#organization\"},\"image\":{\"@id\":\"https:\/\/agrupacionespsoe.es\/ponferrada\/el-psoe-de-ponferrada-reclama-prevencion-frente-a-incendios-participacion-ciudadana-en-las-fiestas-y-defiende-los-derechos-humanos-en-gaza\/#primaryimage\"},\"thumbnailUrl\":\"https:\/\/agrupacionespsoe.es\/ponferrada\/wp-content\/uploads\/sites\/36\/2025\/09\/WhatsApp-Image-2025-09-17-at-10.20.49.jpeg\",\"articleSection\":[\"ACTUALIDAD\"],\"inLanguage\":\"es\",\"potentialAction\":[{\"@type\":\"CommentAction\",\"name\":\"Comment\",\"target\":[\"https:\/\/agrupacionespsoe.es\/ponferrada\/el-psoe-de-ponferrada-reclama-prevencion-frente-a-incendios-participacion-ciudadana-en-las-fiestas-y-defiende-los-derechos-humanos-en-gaza\/#respond\"]}]},{\"@type\":\"WebPage\",\"@id\":\"https:\/\/agrupacionespsoe.es\/ponferrada\/el-psoe-de-ponferrada-reclama-prevencion-frente-a-incendios-participacion-ciudadana-en-las-fiestas-y-defiende-los-derechos-humanos-en-gaza\/\",\"url\":\"https:\/\/agrupacionespsoe.es\/ponferrada\/el-psoe-de-ponferrada-reclama-prevencion-frente-a-incendios-participacion-ciudadana-en-las-fiestas-y-defiende-los-derechos-humanos-en-gaza\/\",\"name\":\"\u201cEl PSOE de Ponferrada reclama prevenci\u00f3n frente a incendios, participaci\u00f3n ciudadana en las fiestas y defiende los derechos humanos en Gaza\u201d - Agrupaci\u00f3n Socialista de Ponferrada\",\"isPartOf\":{\"@id\":\"https:\/\/agrupacionespsoe.es\/ponferrada\/#website\"},\"primaryImageOfPage\":{\"@id\":\"https:\/\/agrupacionespsoe.es\/ponferrada\/el-psoe-de-ponferrada-reclama-prevencion-frente-a-incendios-participacion-ciudadana-en-las-fiestas-y-defiende-los-derechos-humanos-en-gaza\/#primaryimage\"},\"image\":{\"@id\":\"https:\/\/agrupacionespsoe.es\/ponferrada\/el-psoe-de-ponferrada-reclama-prevencion-frente-a-incendios-participacion-ciudadana-en-las-fiestas-y-defiende-los-derechos-humanos-en-gaza\/#primaryimage\"},\"thumbnailUrl\":\"https:\/\/agrupacionespsoe.es\/ponferrada\/wp-content\/uploads\/sites\/36\/2025\/09\/WhatsApp-Image-2025-09-17-at-10.20.49.jpeg\",\"datePublished\":\"2025-09-17T10:15:39+00:00\",\"dateModified\":\"2025-09-17T10:15:40+00:00\",\"breadcrumb\":{\"@id\":\"https:\/\/agrupacionespsoe.es\/ponferrada\/el-psoe-de-ponferrada-reclama-prevencion-frente-a-incendios-participacion-ciudadana-en-las-fiestas-y-defiende-los-derechos-humanos-en-gaza\/#breadcrumb\"},\"inLanguage\":\"es\",\"potentialAction\":[{\"@type\":\"ReadAction\",\"target\":[\"https:\/\/agrupacionespsoe.es\/ponferrada\/el-psoe-de-ponferrada-reclama-prevencion-frente-a-incendios-participacion-ciudadana-en-las-fiestas-y-defiende-los-derechos-humanos-en-gaza\/\"]}]},{\"@type\":\"ImageObject\",\"inLanguage\":\"es\",\"@id\":\"https:\/\/agrupacionespsoe.es\/ponferrada\/el-psoe-de-ponferrada-reclama-prevencion-frente-a-incendios-participacion-ciudadana-en-las-fiestas-y-defiende-los-derechos-humanos-en-gaza\/#primaryimage\",\"url\":\"https:\/\/agrupacionespsoe.es\/ponferrada\/wp-content\/uploads\/sites\/36\/2025\/09\/WhatsApp-Image-2025-09-17-at-10.20.49.jpeg\",\"contentUrl\":\"https:\/\/agrupacionespsoe.es\/ponferrada\/wp-content\/uploads\/sites\/36\/2025\/09\/WhatsApp-Image-2025-09-17-at-10.20.49.jpeg\",\"width\":1600,\"height\":1200},{\"@type\":\"BreadcrumbList\",\"@id\":\"https:\/\/agrupacionespsoe.es\/ponferrada\/el-psoe-de-ponferrada-reclama-prevencion-frente-a-incendios-participacion-ciudadana-en-las-fiestas-y-defiende-los-derechos-humanos-en-gaza\/#breadcrumb\",\"itemListElement\":[{\"@type\":\"ListItem\",\"position\":1,\"name\":\"Portada\",\"item\":\"https:\/\/agrupacionespsoe.es\/ponferrada\/\"},{\"@type\":\"ListItem\",\"position\":2,\"name\":\"\u201cEl PSOE de Ponferrada reclama prevenci\u00f3n frente a incendios, participaci\u00f3n ciudadana en las fiestas y defiende los derechos humanos en Gaza\u201d\"}]},{\"@type\":\"WebSite\",\"@id\":\"https:\/\/agrupacionespsoe.es\/ponferrada\/#website\",\"url\":\"https:\/\/agrupacionespsoe.es\/ponferrada\/\",\"name\":\"Agrupaci\u00f3n Socialista de Ponferrada\",\"description\":\"Agrupaci\u00f3n Socialista de Ponferrada\",\"publisher\":{\"@id\":\"https:\/\/agrupacionespsoe.es\/ponferrada\/#organization\"},\"potentialAction\":[{\"@type\":\"SearchAction\",\"target\":{\"@type\":\"EntryPoint\",\"urlTemplate\":\"https:\/\/agrupacionespsoe.es\/ponferrada\/?s={search_term_string}\"},\"query-input\":{\"@type\":\"PropertyValueSpecification\",\"valueRequired\":true,\"valueName\":\"search_term_string\"}}],\"inLanguage\":\"es\"},{\"@type\":\"Organization\",\"@id\":\"https:\/\/agrupacionespsoe.es\/ponferrada\/#organization\",\"name\":\"Agrupaci\u00f3n Socialista de Ponferrada\",\"url\":\"https:\/\/agrupacionespsoe.es\/ponferrada\/\",\"logo\":{\"@type\":\"ImageObject\",\"inLanguage\":\"es\",\"@id\":\"https:\/\/agrupacionespsoe.es\/ponferrada\/#\/schema\/logo\/image\/\",\"url\":\"https:\/\/agrupacionespsoe.es\/wp-content\/uploads\/2022\/07\/Logotipo_electoral_del_PSOE.png\",\"contentUrl\":\"https:\/\/agrupacionespsoe.es\/wp-content\/uploads\/2022\/07\/Logotipo_electoral_del_PSOE.png\",\"width\":422,\"height\":422,\"caption\":\"Agrupaci\u00f3n Socialista de Ponferrada\"},\"image\":{\"@id\":\"https:\/\/agrupacionespsoe.es\/ponferrada\/#\/schema\/logo\/image\/\"}},{\"@type\":\"Person\",\"@id\":\"https:\/\/agrupacionespsoe.es\/ponferrada\/#\/schema\/person\/cd29ee627f3b70c05d415f02596debaa\",\"name\":\"ponferrada2\",\"image\":{\"@type\":\"ImageObject\",\"inLanguage\":\"es\",\"@id\":\"https:\/\/agrupacionespsoe.es\/ponferrada\/#\/schema\/person\/image\/\",\"url\":\"https:\/\/secure.gravatar.com\/avatar\/f499eeb60144c664cf7b7edf75549b50?s=96&d=mm&r=g\",\"contentUrl\":\"https:\/\/secure.gravatar.com\/avatar\/f499eeb60144c664cf7b7edf75549b50?s=96&d=mm&r=g\",\"caption\":\"ponferrada2\"},\"url\":\"https:\/\/agrupacionespsoe.es\/ponferrada\/author\/ponferrada2\/\"}]}<\/script>\n<!-- \/ Yoast SEO plugin. -->","yoast_head_json":{"title":"\u201cEl PSOE de Ponferrada reclama prevenci\u00f3n frente a incendios, participaci\u00f3n ciudadana en las fiestas y defiende los derechos humanos en Gaza\u201d - Agrupaci\u00f3n Socialista de Ponferrada","robots":{"index":"index","follow":"follow","max-snippet":"max-snippet:-1","max-image-preview":"max-image-preview:large","max-video-preview":"max-video-preview:-1"},"canonical":"https:\/\/agrupacionespsoe.es\/ponferrada\/el-psoe-de-ponferrada-reclama-prevencion-frente-a-incendios-participacion-ciudadana-en-las-fiestas-y-defiende-los-derechos-humanos-en-gaza\/","og_locale":"es_ES","og_type":"article","og_title":"\u201cEl PSOE de Ponferrada reclama prevenci\u00f3n frente a incendios, participaci\u00f3n ciudadana en las fiestas y defiende los derechos humanos en Gaza\u201d - Agrupaci\u00f3n Socialista de Ponferrada","og_description":"La Comisi\u00f3n Ejecutiva Municipal del PSOE de Ponferrada ha retomado la actividad org\u00e1nica con su reuni\u00f3n mensual ordinaria. En la primera reuni\u00f3n que han tenido despu\u00e9s del nefasto agosto que ha sufrido la provincia y el Bierzo en particular, la Comisi\u00f3n Ejecutiva ha expresado su profunda preocupaci\u00f3n por los graves incendios forestales que este verano ...","og_url":"https:\/\/agrupacionespsoe.es\/ponferrada\/el-psoe-de-ponferrada-reclama-prevencion-frente-a-incendios-participacion-ciudadana-en-las-fiestas-y-defiende-los-derechos-humanos-en-gaza\/","og_site_name":"Agrupaci\u00f3n Socialista de Ponferrada","article_published_time":"2025-09-17T10:15:39+00:00","article_modified_time":"2025-09-17T10:15:40+00:00","og_image":[{"width":1600,"height":1200,"url":"https:\/\/agrupacionespsoe.es\/ponferrada\/wp-content\/uploads\/sites\/36\/2025\/09\/WhatsApp-Image-2025-09-17-at-10.20.49.jpeg","type":"image\/jpeg"}],"author":"ponferrada2","twitter_card":"summary_large_image","twitter_misc":{"Escrito por":"ponferrada2","Tiempo de lectura":"5 minutos"},"schema":{"@context":"https:\/\/schema.org","@graph":[{"@type":"Article","@id":"https:\/\/agrupacionespsoe.es\/ponferrada\/el-psoe-de-ponferrada-reclama-prevencion-frente-a-incendios-participacion-ciudadana-en-las-fiestas-y-defiende-los-derechos-humanos-en-gaza\/#article","isPartOf":{"@id":"https:\/\/agrupacionespsoe.es\/ponferrada\/el-psoe-de-ponferrada-reclama-prevencion-frente-a-incendios-participacion-ciudadana-en-las-fiestas-y-defiende-los-derechos-humanos-en-gaza\/"},"author":{"name":"ponferrada2","@id":"https:\/\/agrupacionespsoe.es\/ponferrada\/#\/schema\/person\/cd29ee627f3b70c05d415f02596debaa"},"headline":"\u201cEl PSOE de Ponferrada reclama prevenci\u00f3n frente a incendios, participaci\u00f3n ciudadana en las fiestas y defiende los derechos humanos en Gaza\u201d","datePublished":"2025-09-17T10:15:39+00:00","dateModified":"2025-09-17T10:15:40+00:00","mainEntityOfPage":{"@id":"https:\/\/agrupacionespsoe.es\/ponferrada\/el-psoe-de-ponferrada-reclama-prevencion-frente-a-incendios-participacion-ciudadana-en-las-fiestas-y-defiende-los-derechos-humanos-en-gaza\/"},"wordCount":934,"commentCount":0,"publisher":{"@id":"https:\/\/agrupacionespsoe.es\/ponferrada\/#organization"},"image":{"@id":"https:\/\/agrupacionespsoe.es\/ponferrada\/el-psoe-de-ponferrada-reclama-prevencion-frente-a-incendios-participacion-ciudadana-en-las-fiestas-y-defiende-los-derechos-humanos-en-gaza\/#primaryimage"},"thumbnailUrl":"https:\/\/agrupacionespsoe.es\/ponferrada\/wp-content\/uploads\/sites\/36\/2025\/09\/WhatsApp-Image-2025-09-17-at-10.20.49.jpeg","articleSection":["ACTUALIDAD"],"inLanguage":"es","potentialAction":[{"@type":"CommentAction","name":"Comment","target":["https:\/\/agrupacionespsoe.es\/ponferrada\/el-psoe-de-ponferrada-reclama-prevencion-frente-a-incendios-participacion-ciudadana-en-las-fiestas-y-defiende-los-derechos-humanos-en-gaza\/#respond"]}]},{"@type":"WebPage","@id":"https:\/\/agrupacionespsoe.es\/ponferrada\/el-psoe-de-ponferrada-reclama-prevencion-frente-a-incendios-participacion-ciudadana-en-las-fiestas-y-defiende-los-derechos-humanos-en-gaza\/","url":"https:\/\/agrupacionespsoe.es\/ponferrada\/el-psoe-de-ponferrada-reclama-prevencion-frente-a-incendios-participacion-ciudadana-en-las-fiestas-y-defiende-los-derechos-humanos-en-gaza\/","name":"\u201cEl PSOE de Ponferrada reclama prevenci\u00f3n frente a incendios, participaci\u00f3n ciudadana en las fiestas y defiende los derechos humanos en Gaza\u201d - Agrupaci\u00f3n Socialista de Ponferrada","isPartOf":{"@id":"https:\/\/agrupacionespsoe.es\/ponferrada\/#website"},"primaryImageOfPage":{"@id":"https:\/\/agrupacionespsoe.es\/ponferrada\/el-psoe-de-ponferrada-reclama-prevencion-frente-a-incendios-participacion-ciudadana-en-las-fiestas-y-defiende-los-derechos-humanos-en-gaza\/#primaryimage"},"image":{"@id":"https:\/\/agrupacionespsoe.es\/ponferrada\/el-psoe-de-ponferrada-reclama-prevencion-frente-a-incendios-participacion-ciudadana-en-las-fiestas-y-defiende-los-derechos-humanos-en-gaza\/#primaryimage"},"thumbnailUrl":"https:\/\/agrupacionespsoe.es\/ponferrada\/wp-content\/uploads\/sites\/36\/2025\/09\/WhatsApp-Image-2025-09-17-at-10.20.49.jpeg","datePublished":"2025-09-17T10:15:39+00:00","dateModified":"2025-09-17T10:15:40+00:00","breadcrumb":{"@id":"https:\/\/agrupacionespsoe.es\/ponferrada\/el-psoe-de-ponferrada-reclama-prevencion-frente-a-incendios-participacion-ciudadana-en-las-fiestas-y-defiende-los-derechos-humanos-en-gaza\/#breadcrumb"},"inLanguage":"es","potentialAction":[{"@type":"ReadAction","target":["https:\/\/agrupacionespsoe.es\/ponferrada\/el-psoe-de-ponferrada-reclama-prevencion-frente-a-incendios-participacion-ciudadana-en-las-fiestas-y-defiende-los-derechos-humanos-en-gaza\/"]}]},{"@type":"ImageObject","inLanguage":"es","@id":"https:\/\/agrupacionespsoe.es\/ponferrada\/el-psoe-de-ponferrada-reclama-prevencion-frente-a-incendios-participacion-ciudadana-en-las-fiestas-y-defiende-los-derechos-humanos-en-gaza\/#primaryimage","url":"https:\/\/agrupacionespsoe.es\/ponferrada\/wp-content\/uploads\/sites\/36\/2025\/09\/WhatsApp-Image-2025-09-17-at-10.20.49.jpeg","contentUrl":"https:\/\/agrupacionespsoe.es\/ponferrada\/wp-content\/uploads\/sites\/36\/2025\/09\/WhatsApp-Image-2025-09-17-at-10.20.49.jpeg","width":1600,"height":1200},{"@type":"BreadcrumbList","@id":"https:\/\/agrupacionespsoe.es\/ponferrada\/el-psoe-de-ponferrada-reclama-prevencion-frente-a-incendios-participacion-ciudadana-en-las-fiestas-y-defiende-los-derechos-humanos-en-gaza\/#breadcrumb","itemListElement":[{"@type":"ListItem","position":1,"name":"Portada","item":"https:\/\/agrupacionespsoe.es\/ponferrada\/"},{"@type":"ListItem","position":2,"name":"\u201cEl PSOE de Ponferrada reclama prevenci\u00f3n frente a incendios, participaci\u00f3n ciudadana en las fiestas y defiende los derechos humanos en Gaza\u201d"}]},{"@type":"WebSite","@id":"https:\/\/agrupacionespsoe.es\/ponferrada\/#website","url":"https:\/\/agrupacionespsoe.es\/ponferrada\/","name":"Agrupaci\u00f3n Socialista de Ponferrada","description":"Agrupaci\u00f3n Socialista de Ponferrada","publisher":{"@id":"https:\/\/agrupacionespsoe.es\/ponferrada\/#organization"},"potentialAction":[{"@type":"SearchAction","target":{"@type":"EntryPoint","urlTemplate":"https:\/\/agrupacionespsoe.es\/ponferrada\/?s={search_term_string}"},"query-input":{"@type":"PropertyValueSpecification","valueRequired":true,"valueName":"search_term_string"}}],"inLanguage":"es"},{"@type":"Organization","@id":"https:\/\/agrupacionespsoe.es\/ponferrada\/#organization","name":"Agrupaci\u00f3n Socialista de Ponferrada","url":"https:\/\/agrupacionespsoe.es\/ponferrada\/","logo":{"@type":"ImageObject","inLanguage":"es","@id":"https:\/\/agrupacionespsoe.es\/ponferrada\/#\/schema\/logo\/image\/","url":"https:\/\/agrupacionespsoe.es\/wp-content\/uploads\/2022\/07\/Logotipo_electoral_del_PSOE.png","contentUrl":"https:\/\/agrupacionespsoe.es\/wp-content\/uploads\/2022\/07\/Logotipo_electoral_del_PSOE.png","width":422,"height":422,"caption":"Agrupaci\u00f3n Socialista de Ponferrada"},"image":{"@id":"https:\/\/agrupacionespsoe.es\/ponferrada\/#\/schema\/logo\/image\/"}},{"@type":"Person","@id":"https:\/\/agrupacionespsoe.es\/ponferrada\/#\/schema\/person\/cd29ee627f3b70c05d415f02596debaa","name":"ponferrada2","image":{"@type":"ImageObject","inLanguage":"es","@id":"https:\/\/agrupacionespsoe.es\/ponferrada\/#\/schema\/person\/image\/","url":"https:\/\/secure.gravatar.com\/avatar\/f499eeb60144c664cf7b7edf75549b50?s=96&d=mm&r=g","contentUrl":"https:\/\/secure.gravatar.com\/avatar\/f499eeb60144c664cf7b7edf75549b50?s=96&d=mm&r=g","caption":"ponferrada2"},"url":"https:\/\/agrupacionespsoe.es\/ponferrada\/author\/ponferrada2\/"}]}},"jetpack_featured_media_url":"https:\/\/agrupacionespsoe.es\/ponferrada\/wp-content\/uploads\/sites\/36\/2025\/09\/WhatsApp-Image-2025-09-17-at-10.20.49.jpeg","jetpack_sharing_enabled":true,"_links":{"self":[{"href":"https:\/\/agrupacionespsoe.es\/ponferrada\/wp-json\/wp\/v2\/posts\/1107","targetHints":{"allow":["GET"]}}],"collection":[{"href":"https:\/\/agrupacionespsoe.es\/ponferrada\/wp-json\/wp\/v2\/posts"}],"about":[{"href":"https:\/\/agrupacionespsoe.es\/ponferrada\/wp-json\/wp\/v2\/types\/post"}],"author":[{"embeddable":true,"href":"https:\/\/agrupacionespsoe.es\/ponferrada\/wp-json\/wp\/v2\/users\/32"}],"replies":[{"embeddable":true,"href":"https:\/\/agrupacionespsoe.es\/ponferrada\/wp-json\/wp\/v2\/comments?post=1107"}],"version-history":[{"count":2,"href":"https:\/\/agrupacionespsoe.es\/ponferrada\/wp-json\/wp\/v2\/posts\/1107\/revisions"}],"predecessor-version":[{"id":1110,"href":"https:\/\/agrupacionespsoe.es\/ponferrada\/wp-json\/wp\/v2\/posts\/1107\/revisions\/1110"}],"wp:featuredmedia":[{"embeddable":true,"href":"https:\/\/agrupacionespsoe.es\/ponferrada\/wp-json\/wp\/v2\/media\/1108"}],"wp:attachment":[{"href":"https:\/\/agrupacionespsoe.es\/ponferrada\/wp-json\/wp\/v2\/media?parent=1107"}],"wp:term":[{"taxonomy":"category","embeddable":true,"href":"https:\/\/agrupacionespsoe.es\/ponferrada\/wp-json\/wp\/v2\/categories?post=1107"},{"taxonomy":"post_tag","embeddable":true,"href":"https:\/\/agrupacionespsoe.es\/ponferrada\/wp-json\/wp\/v2\/tags?post=1107"}],"curies":[{"name":"wp","href":"https:\/\/api.w.org\/{rel}","templated":true}]}}