{"id":1095,"date":"2025-09-16T09:55:01","date_gmt":"2025-09-16T09:55:01","guid":{"rendered":"https:\/\/agrupacionespsoe.es\/ponferrada\/?p=1095"},"modified":"2025-09-16T10:29:57","modified_gmt":"2025-09-16T10:29:57","slug":"las-obras-de-integracion-de-la-avda-gran-via-reino-de-leon-y-el-parque-de-la-concordia-tres-meses-de-cierre-para-pintar-tres-pasos-de-cebra","status":"publish","type":"post","link":"https:\/\/agrupacionespsoe.es\/ponferrada\/las-obras-de-integracion-de-la-avda-gran-via-reino-de-leon-y-el-parque-de-la-concordia-tres-meses-de-cierre-para-pintar-tres-pasos-de-cebra\/","title":{"rendered":"Las obras de integraci\u00f3n de la Avda. Gran V\u00eda Reino de Le\u00f3n y el Parque de la Concordia: TRES MESES DE CIERRE PARA PINTAR TRES PASOS DE CEBRA"},"content":{"rendered":"\n<p>El Grupo Municipal Socialista del Ayuntamiento de Ponferrada critica las obras de integraci\u00f3n de la Avenida Gran V\u00eda de Reino de Le\u00f3n en el Parque de la Concordia que forma parte del proyecto Ponferrada en el camino, puente al futuro, financiado con Fondos Europeos.<\/p>\n\n\n\n<p>La concejala socialista, Silvia Blanco, recuerda que ese proyecto fue conseguido por el anterior equipo de gobierno de Olegario Ram\u00f3n y que iba a suponer un antes y un despu\u00e9s en la fisionom\u00eda de Ponferrada.<\/p>\n\n\n\n<p>Recuerda que el pasado 4 de septiembre el alcalde de Ponferrada, Marco Morala, acompa\u00f1ado de varios concejales de su equipo de gobierno, inaugur\u00f3 las obras de integraci\u00f3n entre la avenida Reino de Le\u00f3n y el Parque de la Concordia. Una actuaci\u00f3n que ha supuesto una inversi\u00f3n de 141.000 euros y m\u00e1s de tres meses de trabajos.<\/p>\n\n\n\n<p>Se\u00f1ala que bajo ese nombre tan rimbombante la realidad, sin embargo, dista mucho de la propaganda oficial. Durante todo este tiempo uno de los cuatro accesos a la zona alta y que une el barrio de Los Jud\u00edos y de Las Huertas ha permanecido cerrado, y el resultado final se ha limitado a pintar tres pasos de cebra consecutivos que no parecen tener mucho sentido y que ponemos en duda que sirvan para garantizan ni la visibilidad de los conductores ni la seguridad de los peatones. En definitiva, la integraci\u00f3n deber\u00eda significar algo m\u00e1s ambicioso que pintar tres pasos de cebra y arreglar la acera, m\u00e1s si tenemos en cuenta que est\u00e1 en pleno Camino de Santiago.<\/p>\n\n\n\n<p>La concejala socialista se\u00f1ala que a la vista del final de la obra, parece que lejos de mejorar la seguridad vial, eliminando el ensanche de calzada que exist\u00eda para proteger el obelisco se ha complicado la circulaci\u00f3n de los veh\u00edculos que transitan por la v\u00eda.<\/p>\n\n\n\n<p>Contin\u00faa a\u00f1adiendo que no parece pr\u00e1ctico que no se haya aprovechado el cierre del puente para sustituir la chapa instalada en junio de 2024, que entend\u00edamos que era una soluci\u00f3n provisional. Un a\u00f1o despu\u00e9s sigue ah\u00ed, oxidada, acumulando agua y ofreciendo una imagen cutre y vulgar en un puente que representaba la transformaci\u00f3n de Ponferrada. Ni siquiera han tenido la idea de repintar el paso de peatones m\u00e1s utilizado, el que est\u00e1 frente a la Biblioteca Municipal.<\/p>\n\n\n\n<p>En definitiva, tres meses de molestias para los vecinos y un gasto importante que se traduce \u00fanicamente en tres pasos de peatones mal planteados y en la supresi\u00f3n de una medida de seguridad vial existente.<\/p>\n\n\n\n<p>Para finalizar se\u00f1ala que este es un ejemplo m\u00e1s de la falta de ideas e inacci\u00f3n del actual equipo de gobierno del Partido Popular. Es una l\u00e1stima que un proyecto como \u201cPonferrada, Puente al Futuro\u201d, dotado con casi 3,2 millones de euros y llamado a transformar la fisonom\u00eda de la ciudad, se quede en actuaciones improvisadas y carentes de sentido. Otro paso atr\u00e1s para Ponferrada de la mano del equipo de gobierno de Morala.<\/p>\n\n\n\n<figure class=\"wp-block-gallery has-nested-images columns-default is-cropped wp-block-gallery-1 is-layout-flex wp-block-gallery-is-layout-flex\">\n<figure class=\"wp-block-image size-large\"><img loading=\"lazy\" decoding=\"async\" width=\"1024\" height=\"768\" data-id=\"1104\" src=\"https:\/\/agrupacionespsoe.es\/ponferrada\/wp-content\/uploads\/sites\/36\/2025\/09\/WhatsApp-Image-2025-09-16-at-12.28.51-1-1024x768.jpeg\" alt=\"\" class=\"wp-image-1104\" srcset=\"https:\/\/agrupacionespsoe.es\/ponferrada\/wp-content\/uploads\/sites\/36\/2025\/09\/WhatsApp-Image-2025-09-16-at-12.28.51-1-1024x768.jpeg 1024w, https:\/\/agrupacionespsoe.es\/ponferrada\/wp-content\/uploads\/sites\/36\/2025\/09\/WhatsApp-Image-2025-09-16-at-12.28.51-1-300x225.jpeg 300w, https:\/\/agrupacionespsoe.es\/ponferrada\/wp-content\/uploads\/sites\/36\/2025\/09\/WhatsApp-Image-2025-09-16-at-12.28.51-1-768x576.jpeg 768w, https:\/\/agrupacionespsoe.es\/ponferrada\/wp-content\/uploads\/sites\/36\/2025\/09\/WhatsApp-Image-2025-09-16-at-12.28.51-1-1536x1152.jpeg 1536w, https:\/\/agrupacionespsoe.es\/ponferrada\/wp-content\/uploads\/sites\/36\/2025\/09\/WhatsApp-Image-2025-09-16-at-12.28.51-1.jpeg 2048w\" sizes=\"auto, (max-width: 1024px) 100vw, 1024px\" \/><\/figure>\n\n\n\n<figure class=\"wp-block-image size-large\"><img loading=\"lazy\" decoding=\"async\" width=\"1024\" height=\"768\" data-id=\"1102\" src=\"https:\/\/agrupacionespsoe.es\/ponferrada\/wp-content\/uploads\/sites\/36\/2025\/09\/WhatsApp-Image-2025-09-16-at-12.28.51-2-1024x768.jpeg\" alt=\"\" class=\"wp-image-1102\" srcset=\"https:\/\/agrupacionespsoe.es\/ponferrada\/wp-content\/uploads\/sites\/36\/2025\/09\/WhatsApp-Image-2025-09-16-at-12.28.51-2-1024x768.jpeg 1024w, https:\/\/agrupacionespsoe.es\/ponferrada\/wp-content\/uploads\/sites\/36\/2025\/09\/WhatsApp-Image-2025-09-16-at-12.28.51-2-300x225.jpeg 300w, https:\/\/agrupacionespsoe.es\/ponferrada\/wp-content\/uploads\/sites\/36\/2025\/09\/WhatsApp-Image-2025-09-16-at-12.28.51-2-768x576.jpeg 768w, https:\/\/agrupacionespsoe.es\/ponferrada\/wp-content\/uploads\/sites\/36\/2025\/09\/WhatsApp-Image-2025-09-16-at-12.28.51-2-1536x1152.jpeg 1536w, https:\/\/agrupacionespsoe.es\/ponferrada\/wp-content\/uploads\/sites\/36\/2025\/09\/WhatsApp-Image-2025-09-16-at-12.28.51-2.jpeg 2048w\" sizes=\"auto, (max-width: 1024px) 100vw, 1024px\" \/><\/figure>\n\n\n\n<figure class=\"wp-block-image size-large\"><img loading=\"lazy\" decoding=\"async\" width=\"1024\" height=\"768\" data-id=\"1103\" src=\"https:\/\/agrupacionespsoe.es\/ponferrada\/wp-content\/uploads\/sites\/36\/2025\/09\/WhatsApp-Image-2025-09-16-at-12.28.51-3-1024x768.jpeg\" alt=\"\" class=\"wp-image-1103\" srcset=\"https:\/\/agrupacionespsoe.es\/ponferrada\/wp-content\/uploads\/sites\/36\/2025\/09\/WhatsApp-Image-2025-09-16-at-12.28.51-3-1024x768.jpeg 1024w, https:\/\/agrupacionespsoe.es\/ponferrada\/wp-content\/uploads\/sites\/36\/2025\/09\/WhatsApp-Image-2025-09-16-at-12.28.51-3-300x225.jpeg 300w, https:\/\/agrupacionespsoe.es\/ponferrada\/wp-content\/uploads\/sites\/36\/2025\/09\/WhatsApp-Image-2025-09-16-at-12.28.51-3-768x576.jpeg 768w, https:\/\/agrupacionespsoe.es\/ponferrada\/wp-content\/uploads\/sites\/36\/2025\/09\/WhatsApp-Image-2025-09-16-at-12.28.51-3-1536x1152.jpeg 1536w, https:\/\/agrupacionespsoe.es\/ponferrada\/wp-content\/uploads\/sites\/36\/2025\/09\/WhatsApp-Image-2025-09-16-at-12.28.51-3.jpeg 2048w\" sizes=\"auto, (max-width: 1024px) 100vw, 1024px\" \/><\/figure>\n\n\n\n<figure class=\"wp-block-image size-large\"><img loading=\"lazy\" decoding=\"async\" width=\"1024\" height=\"768\" data-id=\"1101\" src=\"https:\/\/agrupacionespsoe.es\/ponferrada\/wp-content\/uploads\/sites\/36\/2025\/09\/WhatsApp-Image-2025-09-16-at-12.28.51-1024x768.jpeg\" alt=\"\" class=\"wp-image-1101\" srcset=\"https:\/\/agrupacionespsoe.es\/ponferrada\/wp-content\/uploads\/sites\/36\/2025\/09\/WhatsApp-Image-2025-09-16-at-12.28.51-1024x768.jpeg 1024w, https:\/\/agrupacionespsoe.es\/ponferrada\/wp-content\/uploads\/sites\/36\/2025\/09\/WhatsApp-Image-2025-09-16-at-12.28.51-300x225.jpeg 300w, https:\/\/agrupacionespsoe.es\/ponferrada\/wp-content\/uploads\/sites\/36\/2025\/09\/WhatsApp-Image-2025-09-16-at-12.28.51-768x576.jpeg 768w, https:\/\/agrupacionespsoe.es\/ponferrada\/wp-content\/uploads\/sites\/36\/2025\/09\/WhatsApp-Image-2025-09-16-at-12.28.51-1536x1152.jpeg 1536w, https:\/\/agrupacionespsoe.es\/ponferrada\/wp-content\/uploads\/sites\/36\/2025\/09\/WhatsApp-Image-2025-09-16-at-12.28.51.jpeg 2048w\" sizes=\"auto, (max-width: 1024px) 100vw, 1024px\" \/><\/figure>\n<\/figure>\n","protected":false},"excerpt":{"rendered":"<p>El Grupo Municipal Socialista del Ayuntamiento de Ponferrada critica las obras de integraci\u00f3n de la Avenida Gran V\u00eda de Reino de Le\u00f3n en el Parque de la Concordia que forma parte del proyecto Ponferrada en el camino, puente al futuro, financiado con Fondos Europeos. La concejala socialista, Silvia Blanco, recuerda que ese proyecto fue conseguido &#8230;<\/p>\n","protected":false},"author":32,"featured_media":1102,"comment_status":"open","ping_status":"open","sticky":false,"template":"","format":"standard","meta":{"_jetpack_memberships_contains_paid_content":false,"footnotes":""},"categories":[6],"tags":[],"class_list":["post-1095","post","type-post","status-publish","format-standard","has-post-thumbnail","hentry","category-actualidad"],"yoast_head":"<!-- This site is optimized with the Yoast SEO plugin v24.0 - https:\/\/yoast.com\/wordpress\/plugins\/seo\/ -->\n<title>Las obras de integraci\u00f3n de la Avda. Gran V\u00eda Reino de Le\u00f3n y el Parque de la Concordia: TRES MESES DE CIERRE PARA PINTAR TRES PASOS DE CEBRA - Agrupaci\u00f3n Socialista de Ponferrada<\/title>\n<meta name=\"robots\" content=\"index, follow, max-snippet:-1, max-image-preview:large, max-video-preview:-1\" \/>\n<link rel=\"canonical\" href=\"https:\/\/agrupacionespsoe.es\/ponferrada\/las-obras-de-integracion-de-la-avda-gran-via-reino-de-leon-y-el-parque-de-la-concordia-tres-meses-de-cierre-para-pintar-tres-pasos-de-cebra\/\" \/>\n<meta property=\"og:locale\" content=\"es_ES\" \/>\n<meta property=\"og:type\" content=\"article\" \/>\n<meta property=\"og:title\" content=\"Las obras de integraci\u00f3n de la Avda. Gran V\u00eda Reino de Le\u00f3n y el Parque de la Concordia: TRES MESES DE CIERRE PARA PINTAR TRES PASOS DE CEBRA - Agrupaci\u00f3n Socialista de Ponferrada\" \/>\n<meta property=\"og:description\" content=\"El Grupo Municipal Socialista del Ayuntamiento de Ponferrada critica las obras de integraci\u00f3n de la Avenida Gran V\u00eda de Reino de Le\u00f3n en el Parque de la Concordia que forma parte del proyecto Ponferrada en el camino, puente al futuro, financiado con Fondos Europeos. La concejala socialista, Silvia Blanco, recuerda que ese proyecto fue conseguido ...\" \/>\n<meta property=\"og:url\" content=\"https:\/\/agrupacionespsoe.es\/ponferrada\/las-obras-de-integracion-de-la-avda-gran-via-reino-de-leon-y-el-parque-de-la-concordia-tres-meses-de-cierre-para-pintar-tres-pasos-de-cebra\/\" \/>\n<meta property=\"og:site_name\" content=\"Agrupaci\u00f3n Socialista de Ponferrada\" \/>\n<meta property=\"article:published_time\" content=\"2025-09-16T09:55:01+00:00\" \/>\n<meta property=\"article:modified_time\" content=\"2025-09-16T10:29:57+00:00\" \/>\n<meta property=\"og:image\" content=\"https:\/\/agrupacionespsoe.es\/ponferrada\/wp-content\/uploads\/sites\/36\/2025\/09\/WhatsApp-Image-2025-09-16-at-12.28.51-2.jpeg\" \/>\n\t<meta property=\"og:image:width\" content=\"2048\" \/>\n\t<meta property=\"og:image:height\" content=\"1536\" \/>\n\t<meta property=\"og:image:type\" content=\"image\/jpeg\" \/>\n<meta name=\"author\" content=\"ponferrada2\" \/>\n<meta name=\"twitter:card\" content=\"summary_large_image\" \/>\n<meta name=\"twitter:label1\" content=\"Escrito por\" \/>\n\t<meta name=\"twitter:data1\" content=\"ponferrada2\" \/>\n\t<meta name=\"twitter:label2\" content=\"Tiempo de lectura\" \/>\n\t<meta name=\"twitter:data2\" content=\"4 minutos\" \/>\n<script type=\"application\/ld+json\" class=\"yoast-schema-graph\">{\"@context\":\"https:\/\/schema.org\",\"@graph\":[{\"@type\":\"Article\",\"@id\":\"https:\/\/agrupacionespsoe.es\/ponferrada\/las-obras-de-integracion-de-la-avda-gran-via-reino-de-leon-y-el-parque-de-la-concordia-tres-meses-de-cierre-para-pintar-tres-pasos-de-cebra\/#article\",\"isPartOf\":{\"@id\":\"https:\/\/agrupacionespsoe.es\/ponferrada\/las-obras-de-integracion-de-la-avda-gran-via-reino-de-leon-y-el-parque-de-la-concordia-tres-meses-de-cierre-para-pintar-tres-pasos-de-cebra\/\"},\"author\":{\"name\":\"ponferrada2\",\"@id\":\"https:\/\/agrupacionespsoe.es\/ponferrada\/#\/schema\/person\/cd29ee627f3b70c05d415f02596debaa\"},\"headline\":\"Las obras de integraci\u00f3n de la Avda. Gran V\u00eda Reino de Le\u00f3n y el Parque de la Concordia: TRES MESES DE CIERRE PARA PINTAR TRES PASOS DE CEBRA\",\"datePublished\":\"2025-09-16T09:55:01+00:00\",\"dateModified\":\"2025-09-16T10:29:57+00:00\",\"mainEntityOfPage\":{\"@id\":\"https:\/\/agrupacionespsoe.es\/ponferrada\/las-obras-de-integracion-de-la-avda-gran-via-reino-de-leon-y-el-parque-de-la-concordia-tres-meses-de-cierre-para-pintar-tres-pasos-de-cebra\/\"},\"wordCount\":549,\"commentCount\":0,\"publisher\":{\"@id\":\"https:\/\/agrupacionespsoe.es\/ponferrada\/#organization\"},\"image\":{\"@id\":\"https:\/\/agrupacionespsoe.es\/ponferrada\/las-obras-de-integracion-de-la-avda-gran-via-reino-de-leon-y-el-parque-de-la-concordia-tres-meses-de-cierre-para-pintar-tres-pasos-de-cebra\/#primaryimage\"},\"thumbnailUrl\":\"https:\/\/agrupacionespsoe.es\/ponferrada\/wp-content\/uploads\/sites\/36\/2025\/09\/WhatsApp-Image-2025-09-16-at-12.28.51-2.jpeg\",\"articleSection\":[\"ACTUALIDAD\"],\"inLanguage\":\"es\",\"potentialAction\":[{\"@type\":\"CommentAction\",\"name\":\"Comment\",\"target\":[\"https:\/\/agrupacionespsoe.es\/ponferrada\/las-obras-de-integracion-de-la-avda-gran-via-reino-de-leon-y-el-parque-de-la-concordia-tres-meses-de-cierre-para-pintar-tres-pasos-de-cebra\/#respond\"]}]},{\"@type\":\"WebPage\",\"@id\":\"https:\/\/agrupacionespsoe.es\/ponferrada\/las-obras-de-integracion-de-la-avda-gran-via-reino-de-leon-y-el-parque-de-la-concordia-tres-meses-de-cierre-para-pintar-tres-pasos-de-cebra\/\",\"url\":\"https:\/\/agrupacionespsoe.es\/ponferrada\/las-obras-de-integracion-de-la-avda-gran-via-reino-de-leon-y-el-parque-de-la-concordia-tres-meses-de-cierre-para-pintar-tres-pasos-de-cebra\/\",\"name\":\"Las obras de integraci\u00f3n de la Avda. Gran V\u00eda Reino de Le\u00f3n y el Parque de la Concordia: TRES MESES DE CIERRE PARA PINTAR TRES PASOS DE CEBRA - Agrupaci\u00f3n Socialista de Ponferrada\",\"isPartOf\":{\"@id\":\"https:\/\/agrupacionespsoe.es\/ponferrada\/#website\"},\"primaryImageOfPage\":{\"@id\":\"https:\/\/agrupacionespsoe.es\/ponferrada\/las-obras-de-integracion-de-la-avda-gran-via-reino-de-leon-y-el-parque-de-la-concordia-tres-meses-de-cierre-para-pintar-tres-pasos-de-cebra\/#primaryimage\"},\"image\":{\"@id\":\"https:\/\/agrupacionespsoe.es\/ponferrada\/las-obras-de-integracion-de-la-avda-gran-via-reino-de-leon-y-el-parque-de-la-concordia-tres-meses-de-cierre-para-pintar-tres-pasos-de-cebra\/#primaryimage\"},\"thumbnailUrl\":\"https:\/\/agrupacionespsoe.es\/ponferrada\/wp-content\/uploads\/sites\/36\/2025\/09\/WhatsApp-Image-2025-09-16-at-12.28.51-2.jpeg\",\"datePublished\":\"2025-09-16T09:55:01+00:00\",\"dateModified\":\"2025-09-16T10:29:57+00:00\",\"breadcrumb\":{\"@id\":\"https:\/\/agrupacionespsoe.es\/ponferrada\/las-obras-de-integracion-de-la-avda-gran-via-reino-de-leon-y-el-parque-de-la-concordia-tres-meses-de-cierre-para-pintar-tres-pasos-de-cebra\/#breadcrumb\"},\"inLanguage\":\"es\",\"potentialAction\":[{\"@type\":\"ReadAction\",\"target\":[\"https:\/\/agrupacionespsoe.es\/ponferrada\/las-obras-de-integracion-de-la-avda-gran-via-reino-de-leon-y-el-parque-de-la-concordia-tres-meses-de-cierre-para-pintar-tres-pasos-de-cebra\/\"]}]},{\"@type\":\"ImageObject\",\"inLanguage\":\"es\",\"@id\":\"https:\/\/agrupacionespsoe.es\/ponferrada\/las-obras-de-integracion-de-la-avda-gran-via-reino-de-leon-y-el-parque-de-la-concordia-tres-meses-de-cierre-para-pintar-tres-pasos-de-cebra\/#primaryimage\",\"url\":\"https:\/\/agrupacionespsoe.es\/ponferrada\/wp-content\/uploads\/sites\/36\/2025\/09\/WhatsApp-Image-2025-09-16-at-12.28.51-2.jpeg\",\"contentUrl\":\"https:\/\/agrupacionespsoe.es\/ponferrada\/wp-content\/uploads\/sites\/36\/2025\/09\/WhatsApp-Image-2025-09-16-at-12.28.51-2.jpeg\",\"width\":2048,\"height\":1536},{\"@type\":\"BreadcrumbList\",\"@id\":\"https:\/\/agrupacionespsoe.es\/ponferrada\/las-obras-de-integracion-de-la-avda-gran-via-reino-de-leon-y-el-parque-de-la-concordia-tres-meses-de-cierre-para-pintar-tres-pasos-de-cebra\/#breadcrumb\",\"itemListElement\":[{\"@type\":\"ListItem\",\"position\":1,\"name\":\"Portada\",\"item\":\"https:\/\/agrupacionespsoe.es\/ponferrada\/\"},{\"@type\":\"ListItem\",\"position\":2,\"name\":\"Las obras de integraci\u00f3n de la Avda. Gran V\u00eda Reino de Le\u00f3n y el Parque de la Concordia: TRES MESES DE CIERRE PARA PINTAR TRES PASOS DE CEBRA\"}]},{\"@type\":\"WebSite\",\"@id\":\"https:\/\/agrupacionespsoe.es\/ponferrada\/#website\",\"url\":\"https:\/\/agrupacionespsoe.es\/ponferrada\/\",\"name\":\"Agrupaci\u00f3n Socialista de Ponferrada\",\"description\":\"Agrupaci\u00f3n Socialista de Ponferrada\",\"publisher\":{\"@id\":\"https:\/\/agrupacionespsoe.es\/ponferrada\/#organization\"},\"potentialAction\":[{\"@type\":\"SearchAction\",\"target\":{\"@type\":\"EntryPoint\",\"urlTemplate\":\"https:\/\/agrupacionespsoe.es\/ponferrada\/?s={search_term_string}\"},\"query-input\":{\"@type\":\"PropertyValueSpecification\",\"valueRequired\":true,\"valueName\":\"search_term_string\"}}],\"inLanguage\":\"es\"},{\"@type\":\"Organization\",\"@id\":\"https:\/\/agrupacionespsoe.es\/ponferrada\/#organization\",\"name\":\"Agrupaci\u00f3n Socialista de Ponferrada\",\"url\":\"https:\/\/agrupacionespsoe.es\/ponferrada\/\",\"logo\":{\"@type\":\"ImageObject\",\"inLanguage\":\"es\",\"@id\":\"https:\/\/agrupacionespsoe.es\/ponferrada\/#\/schema\/logo\/image\/\",\"url\":\"https:\/\/agrupacionespsoe.es\/wp-content\/uploads\/2022\/07\/Logotipo_electoral_del_PSOE.png\",\"contentUrl\":\"https:\/\/agrupacionespsoe.es\/wp-content\/uploads\/2022\/07\/Logotipo_electoral_del_PSOE.png\",\"width\":422,\"height\":422,\"caption\":\"Agrupaci\u00f3n Socialista de Ponferrada\"},\"image\":{\"@id\":\"https:\/\/agrupacionespsoe.es\/ponferrada\/#\/schema\/logo\/image\/\"}},{\"@type\":\"Person\",\"@id\":\"https:\/\/agrupacionespsoe.es\/ponferrada\/#\/schema\/person\/cd29ee627f3b70c05d415f02596debaa\",\"name\":\"ponferrada2\",\"image\":{\"@type\":\"ImageObject\",\"inLanguage\":\"es\",\"@id\":\"https:\/\/agrupacionespsoe.es\/ponferrada\/#\/schema\/person\/image\/\",\"url\":\"https:\/\/secure.gravatar.com\/avatar\/f499eeb60144c664cf7b7edf75549b50?s=96&d=mm&r=g\",\"contentUrl\":\"https:\/\/secure.gravatar.com\/avatar\/f499eeb60144c664cf7b7edf75549b50?s=96&d=mm&r=g\",\"caption\":\"ponferrada2\"},\"url\":\"https:\/\/agrupacionespsoe.es\/ponferrada\/author\/ponferrada2\/\"}]}<\/script>\n<!-- \/ Yoast SEO plugin. -->","yoast_head_json":{"title":"Las obras de integraci\u00f3n de la Avda. Gran V\u00eda Reino de Le\u00f3n y el Parque de la Concordia: TRES MESES DE CIERRE PARA PINTAR TRES PASOS DE CEBRA - Agrupaci\u00f3n Socialista de Ponferrada","robots":{"index":"index","follow":"follow","max-snippet":"max-snippet:-1","max-image-preview":"max-image-preview:large","max-video-preview":"max-video-preview:-1"},"canonical":"https:\/\/agrupacionespsoe.es\/ponferrada\/las-obras-de-integracion-de-la-avda-gran-via-reino-de-leon-y-el-parque-de-la-concordia-tres-meses-de-cierre-para-pintar-tres-pasos-de-cebra\/","og_locale":"es_ES","og_type":"article","og_title":"Las obras de integraci\u00f3n de la Avda. Gran V\u00eda Reino de Le\u00f3n y el Parque de la Concordia: TRES MESES DE CIERRE PARA PINTAR TRES PASOS DE CEBRA - Agrupaci\u00f3n Socialista de Ponferrada","og_description":"El Grupo Municipal Socialista del Ayuntamiento de Ponferrada critica las obras de integraci\u00f3n de la Avenida Gran V\u00eda de Reino de Le\u00f3n en el Parque de la Concordia que forma parte del proyecto Ponferrada en el camino, puente al futuro, financiado con Fondos Europeos. La concejala socialista, Silvia Blanco, recuerda que ese proyecto fue conseguido ...","og_url":"https:\/\/agrupacionespsoe.es\/ponferrada\/las-obras-de-integracion-de-la-avda-gran-via-reino-de-leon-y-el-parque-de-la-concordia-tres-meses-de-cierre-para-pintar-tres-pasos-de-cebra\/","og_site_name":"Agrupaci\u00f3n Socialista de Ponferrada","article_published_time":"2025-09-16T09:55:01+00:00","article_modified_time":"2025-09-16T10:29:57+00:00","og_image":[{"width":2048,"height":1536,"url":"https:\/\/agrupacionespsoe.es\/ponferrada\/wp-content\/uploads\/sites\/36\/2025\/09\/WhatsApp-Image-2025-09-16-at-12.28.51-2.jpeg","type":"image\/jpeg"}],"author":"ponferrada2","twitter_card":"summary_large_image","twitter_misc":{"Escrito por":"ponferrada2","Tiempo de lectura":"4 minutos"},"schema":{"@context":"https:\/\/schema.org","@graph":[{"@type":"Article","@id":"https:\/\/agrupacionespsoe.es\/ponferrada\/las-obras-de-integracion-de-la-avda-gran-via-reino-de-leon-y-el-parque-de-la-concordia-tres-meses-de-cierre-para-pintar-tres-pasos-de-cebra\/#article","isPartOf":{"@id":"https:\/\/agrupacionespsoe.es\/ponferrada\/las-obras-de-integracion-de-la-avda-gran-via-reino-de-leon-y-el-parque-de-la-concordia-tres-meses-de-cierre-para-pintar-tres-pasos-de-cebra\/"},"author":{"name":"ponferrada2","@id":"https:\/\/agrupacionespsoe.es\/ponferrada\/#\/schema\/person\/cd29ee627f3b70c05d415f02596debaa"},"headline":"Las obras de integraci\u00f3n de la Avda. Gran V\u00eda Reino de Le\u00f3n y el Parque de la Concordia: TRES MESES DE CIERRE PARA PINTAR TRES PASOS DE CEBRA","datePublished":"2025-09-16T09:55:01+00:00","dateModified":"2025-09-16T10:29:57+00:00","mainEntityOfPage":{"@id":"https:\/\/agrupacionespsoe.es\/ponferrada\/las-obras-de-integracion-de-la-avda-gran-via-reino-de-leon-y-el-parque-de-la-concordia-tres-meses-de-cierre-para-pintar-tres-pasos-de-cebra\/"},"wordCount":549,"commentCount":0,"publisher":{"@id":"https:\/\/agrupacionespsoe.es\/ponferrada\/#organization"},"image":{"@id":"https:\/\/agrupacionespsoe.es\/ponferrada\/las-obras-de-integracion-de-la-avda-gran-via-reino-de-leon-y-el-parque-de-la-concordia-tres-meses-de-cierre-para-pintar-tres-pasos-de-cebra\/#primaryimage"},"thumbnailUrl":"https:\/\/agrupacionespsoe.es\/ponferrada\/wp-content\/uploads\/sites\/36\/2025\/09\/WhatsApp-Image-2025-09-16-at-12.28.51-2.jpeg","articleSection":["ACTUALIDAD"],"inLanguage":"es","potentialAction":[{"@type":"CommentAction","name":"Comment","target":["https:\/\/agrupacionespsoe.es\/ponferrada\/las-obras-de-integracion-de-la-avda-gran-via-reino-de-leon-y-el-parque-de-la-concordia-tres-meses-de-cierre-para-pintar-tres-pasos-de-cebra\/#respond"]}]},{"@type":"WebPage","@id":"https:\/\/agrupacionespsoe.es\/ponferrada\/las-obras-de-integracion-de-la-avda-gran-via-reino-de-leon-y-el-parque-de-la-concordia-tres-meses-de-cierre-para-pintar-tres-pasos-de-cebra\/","url":"https:\/\/agrupacionespsoe.es\/ponferrada\/las-obras-de-integracion-de-la-avda-gran-via-reino-de-leon-y-el-parque-de-la-concordia-tres-meses-de-cierre-para-pintar-tres-pasos-de-cebra\/","name":"Las obras de integraci\u00f3n de la Avda. Gran V\u00eda Reino de Le\u00f3n y el Parque de la Concordia: TRES MESES DE CIERRE PARA PINTAR TRES PASOS DE CEBRA - Agrupaci\u00f3n Socialista de Ponferrada","isPartOf":{"@id":"https:\/\/agrupacionespsoe.es\/ponferrada\/#website"},"primaryImageOfPage":{"@id":"https:\/\/agrupacionespsoe.es\/ponferrada\/las-obras-de-integracion-de-la-avda-gran-via-reino-de-leon-y-el-parque-de-la-concordia-tres-meses-de-cierre-para-pintar-tres-pasos-de-cebra\/#primaryimage"},"image":{"@id":"https:\/\/agrupacionespsoe.es\/ponferrada\/las-obras-de-integracion-de-la-avda-gran-via-reino-de-leon-y-el-parque-de-la-concordia-tres-meses-de-cierre-para-pintar-tres-pasos-de-cebra\/#primaryimage"},"thumbnailUrl":"https:\/\/agrupacionespsoe.es\/ponferrada\/wp-content\/uploads\/sites\/36\/2025\/09\/WhatsApp-Image-2025-09-16-at-12.28.51-2.jpeg","datePublished":"2025-09-16T09:55:01+00:00","dateModified":"2025-09-16T10:29:57+00:00","breadcrumb":{"@id":"https:\/\/agrupacionespsoe.es\/ponferrada\/las-obras-de-integracion-de-la-avda-gran-via-reino-de-leon-y-el-parque-de-la-concordia-tres-meses-de-cierre-para-pintar-tres-pasos-de-cebra\/#breadcrumb"},"inLanguage":"es","potentialAction":[{"@type":"ReadAction","target":["https:\/\/agrupacionespsoe.es\/ponferrada\/las-obras-de-integracion-de-la-avda-gran-via-reino-de-leon-y-el-parque-de-la-concordia-tres-meses-de-cierre-para-pintar-tres-pasos-de-cebra\/"]}]},{"@type":"ImageObject","inLanguage":"es","@id":"https:\/\/agrupacionespsoe.es\/ponferrada\/las-obras-de-integracion-de-la-avda-gran-via-reino-de-leon-y-el-parque-de-la-concordia-tres-meses-de-cierre-para-pintar-tres-pasos-de-cebra\/#primaryimage","url":"https:\/\/agrupacionespsoe.es\/ponferrada\/wp-content\/uploads\/sites\/36\/2025\/09\/WhatsApp-Image-2025-09-16-at-12.28.51-2.jpeg","contentUrl":"https:\/\/agrupacionespsoe.es\/ponferrada\/wp-content\/uploads\/sites\/36\/2025\/09\/WhatsApp-Image-2025-09-16-at-12.28.51-2.jpeg","width":2048,"height":1536},{"@type":"BreadcrumbList","@id":"https:\/\/agrupacionespsoe.es\/ponferrada\/las-obras-de-integracion-de-la-avda-gran-via-reino-de-leon-y-el-parque-de-la-concordia-tres-meses-de-cierre-para-pintar-tres-pasos-de-cebra\/#breadcrumb","itemListElement":[{"@type":"ListItem","position":1,"name":"Portada","item":"https:\/\/agrupacionespsoe.es\/ponferrada\/"},{"@type":"ListItem","position":2,"name":"Las obras de integraci\u00f3n de la Avda. Gran V\u00eda Reino de Le\u00f3n y el Parque de la Concordia: TRES MESES DE CIERRE PARA PINTAR TRES PASOS DE CEBRA"}]},{"@type":"WebSite","@id":"https:\/\/agrupacionespsoe.es\/ponferrada\/#website","url":"https:\/\/agrupacionespsoe.es\/ponferrada\/","name":"Agrupaci\u00f3n Socialista de Ponferrada","description":"Agrupaci\u00f3n Socialista de Ponferrada","publisher":{"@id":"https:\/\/agrupacionespsoe.es\/ponferrada\/#organization"},"potentialAction":[{"@type":"SearchAction","target":{"@type":"EntryPoint","urlTemplate":"https:\/\/agrupacionespsoe.es\/ponferrada\/?s={search_term_string}"},"query-input":{"@type":"PropertyValueSpecification","valueRequired":true,"valueName":"search_term_string"}}],"inLanguage":"es"},{"@type":"Organization","@id":"https:\/\/agrupacionespsoe.es\/ponferrada\/#organization","name":"Agrupaci\u00f3n Socialista de Ponferrada","url":"https:\/\/agrupacionespsoe.es\/ponferrada\/","logo":{"@type":"ImageObject","inLanguage":"es","@id":"https:\/\/agrupacionespsoe.es\/ponferrada\/#\/schema\/logo\/image\/","url":"https:\/\/agrupacionespsoe.es\/wp-content\/uploads\/2022\/07\/Logotipo_electoral_del_PSOE.png","contentUrl":"https:\/\/agrupacionespsoe.es\/wp-content\/uploads\/2022\/07\/Logotipo_electoral_del_PSOE.png","width":422,"height":422,"caption":"Agrupaci\u00f3n Socialista de Ponferrada"},"image":{"@id":"https:\/\/agrupacionespsoe.es\/ponferrada\/#\/schema\/logo\/image\/"}},{"@type":"Person","@id":"https:\/\/agrupacionespsoe.es\/ponferrada\/#\/schema\/person\/cd29ee627f3b70c05d415f02596debaa","name":"ponferrada2","image":{"@type":"ImageObject","inLanguage":"es","@id":"https:\/\/agrupacionespsoe.es\/ponferrada\/#\/schema\/person\/image\/","url":"https:\/\/secure.gravatar.com\/avatar\/f499eeb60144c664cf7b7edf75549b50?s=96&d=mm&r=g","contentUrl":"https:\/\/secure.gravatar.com\/avatar\/f499eeb60144c664cf7b7edf75549b50?s=96&d=mm&r=g","caption":"ponferrada2"},"url":"https:\/\/agrupacionespsoe.es\/ponferrada\/author\/ponferrada2\/"}]}},"jetpack_featured_media_url":"https:\/\/agrupacionespsoe.es\/ponferrada\/wp-content\/uploads\/sites\/36\/2025\/09\/WhatsApp-Image-2025-09-16-at-12.28.51-2.jpeg","jetpack_sharing_enabled":true,"_links":{"self":[{"href":"https:\/\/agrupacionespsoe.es\/ponferrada\/wp-json\/wp\/v2\/posts\/1095","targetHints":{"allow":["GET"]}}],"collection":[{"href":"https:\/\/agrupacionespsoe.es\/ponferrada\/wp-json\/wp\/v2\/posts"}],"about":[{"href":"https:\/\/agrupacionespsoe.es\/ponferrada\/wp-json\/wp\/v2\/types\/post"}],"author":[{"embeddable":true,"href":"https:\/\/agrupacionespsoe.es\/ponferrada\/wp-json\/wp\/v2\/users\/32"}],"replies":[{"embeddable":true,"href":"https:\/\/agrupacionespsoe.es\/ponferrada\/wp-json\/wp\/v2\/comments?post=1095"}],"version-history":[{"count":6,"href":"https:\/\/agrupacionespsoe.es\/ponferrada\/wp-json\/wp\/v2\/posts\/1095\/revisions"}],"predecessor-version":[{"id":1106,"href":"https:\/\/agrupacionespsoe.es\/ponferrada\/wp-json\/wp\/v2\/posts\/1095\/revisions\/1106"}],"wp:featuredmedia":[{"embeddable":true,"href":"https:\/\/agrupacionespsoe.es\/ponferrada\/wp-json\/wp\/v2\/media\/1102"}],"wp:attachment":[{"href":"https:\/\/agrupacionespsoe.es\/ponferrada\/wp-json\/wp\/v2\/media?parent=1095"}],"wp:term":[{"taxonomy":"category","embeddable":true,"href":"https:\/\/agrupacionespsoe.es\/ponferrada\/wp-json\/wp\/v2\/categories?post=1095"},{"taxonomy":"post_tag","embeddable":true,"href":"https:\/\/agrupacionespsoe.es\/ponferrada\/wp-json\/wp\/v2\/tags?post=1095"}],"curies":[{"name":"wp","href":"https:\/\/api.w.org\/{rel}","templated":true}]}}