{"id":1091,"date":"2025-09-12T13:29:22","date_gmt":"2025-09-12T13:29:22","guid":{"rendered":"https:\/\/agrupacionespsoe.es\/ponferrada\/?p=1091"},"modified":"2025-09-12T13:29:23","modified_gmt":"2025-09-12T13:29:23","slug":"olegario-ramon-psoe-denuncia-la-inaccion-de-la-junta-en-la-aprobacion-del-plan-de-ordenacion-de-montes-y-las-falsas-promesas-de-pp-y-cb-para-gobernar","status":"publish","type":"post","link":"https:\/\/agrupacionespsoe.es\/ponferrada\/olegario-ramon-psoe-denuncia-la-inaccion-de-la-junta-en-la-aprobacion-del-plan-de-ordenacion-de-montes-y-las-falsas-promesas-de-pp-y-cb-para-gobernar\/","title":{"rendered":"Olegario Ram\u00f3n (PSOE) denuncia la inacci\u00f3n de la Junta en la aprobaci\u00f3n del Plan de Ordenaci\u00f3n de Montes y las falsas promesas de PP y CB para gobernar"},"content":{"rendered":"\n<p>El portavoz del Grupo Municipal Socialista en el Ayuntamiento de Ponferrada, Olegario Ram\u00f3n, ha denunciado hoy la falta de avances por parte de la Junta de Castilla y Le\u00f3n en la tramitaci\u00f3n del Plan de Ordenaci\u00f3n Integral de los Montes de Ponferrada (POIMPO), un documento clave para la gesti\u00f3n forestal y la prevenci\u00f3n de incendios.<\/p>\n\n\n\n<p>Ram\u00f3n record\u00f3 que el plan comenz\u00f3 a elaborarse en 2006 tras una oleada de incendios y que desde 2009 la Junta mantiene bloqueado el procedimiento, pese a las continuas peticiones del Ayuntamiento y de la ciudadan\u00eda.<\/p>\n\n\n\n<p>Durante el mandato socialista (2019-2023) se impulsaron los trabajos, con la creaci\u00f3n de una comisi\u00f3n de seguimiento y la celebraci\u00f3n de sus dos primeras reuniones. Adem\u00e1s, se atendieron varios requerimientos de la Junta y se subi\u00f3 la documentaci\u00f3n exigida a la plataforma oficial. Sin embargo, el portavoz lament\u00f3 que desde entonces la Junta solo haya planteado requerimientos menores \u2014como la correcci\u00f3n del cargo de un representante en el documento\u2014 y siga sin dar el visto bueno definitivo.<\/p>\n\n\n\n<p>El dirigente socialista quiso desmentir las declaraciones del actual alcalde, que presume de haber promovido avances en la tramitaci\u00f3n del plan. \u201cEso es falso. El alcalde miente. Los \u00fanicos movimientos que ha tenido el POIMPO en este mandato han sido a instancias del Grupo Municipal Socialista\u201d, subray\u00f3 Ram\u00f3n.<\/p>\n\n\n\n<p>En este sentido, record\u00f3 que el PSOE ha elevado reiteradas peticiones y preguntas en los plenos del 27 de octubre de 2023, 26 de abril de 2024 y 20 de diciembre de 2024, as\u00ed como en la comisi\u00f3n del 30 de junio de 2025. Adem\u00e1s, a iniciativa socialista, el 31 de enero de 2025 se aprob\u00f3 por unanimidad una moci\u00f3n en la que se reconoc\u00eda el retraso inaceptable del plan y se instaba a la Junta a agilizarlo.<\/p>\n\n\n\n<p>\u201cEl plan de ordenaci\u00f3n no es el \u00fanico mecanismo para combatir los incendios, pero ordenar los montes es luchar contra el fuego. Cada verano queda m\u00e1s patente la urgencia de aprobarlo\u201d, se\u00f1al\u00f3 el portavoz socialista.<\/p>\n\n\n\n<p>El PSOE exigi\u00f3 al equipo de gobierno municipal que ejerza la presi\u00f3n pol\u00edtica necesaria y reclame a la Junta que desbloquee de inmediato el POIMPO, tal como ya se aprob\u00f3 en la citada moci\u00f3n.<\/p>\n\n\n\n<p>Asimismo, Ram\u00f3n denunci\u00f3 el incumplimiento del pacto de gobierno entre PP\u2013Coalici\u00f3n por El Bierzo\u2013Vox, con el supuesto apoyo de la Junta de Castilla y Le\u00f3n que preve\u00eda una inversi\u00f3n anual de 150.000 euros en un plan forestal rural de defensa contra el fuego. \u201cDesde 2023 no se ha ejecutado ni un solo euro, obligando a realizar desbroces de urgencia durante los incendios de este verano, cuando deber\u00edan haberse planificado con antelaci\u00f3n\u201d, critic\u00f3.<\/p>\n\n\n\n<p>\u201cEl medio rural est\u00e1 absolutamente olvidado. Pedimos que dejen de gastar en fiestas y galas y que atiendan de una vez a la prevenci\u00f3n de incendios y al cuidado de nuestros pueblos\u201d, concluy\u00f3 Ram\u00f3n.<\/p>\n\n\n\n<p>EN RELACI\u00d3N CON EL PLAN ESPECIAL DEL CAMINO DE SANTIAGO<\/p>\n\n\n\n<p>El Portavoz del Grupo Municipal Socialista, Olegario Ram\u00f3n alert\u00f3 tambi\u00e9n del incumplimiento del compromiso de elaborar el Plan Especial del Camino de Santiago, una obligaci\u00f3n legal establecida por la propia Junta de Castilla y Le\u00f3n.<\/p>\n\n\n\n<p>Ram\u00f3n record\u00f3 que el actual equipo de gobierno ha llegado incluso a excluir este plan del programa de sostenibilidad tur\u00edstica en destino, priorizando proyectos como la construcci\u00f3n de un mirador en una iglesia.<\/p>\n\n\n\n<p>Seg\u00fan el portavoz socialista, esta dejadez est\u00e1 provocando graves consecuencias: \u201cNo se conceden licencias ni autorizaciones en el \u00e1mbito del Camino de Santiago porque Patrimonio exige la aprobaci\u00f3n previa del plan especial. Esto frena iniciativas vecinales, inversiones en hosteler\u00eda y el desarrollo de proyectos vinculados a uno de los mayores motores tur\u00edsticos de Ponferrada\u201d.<\/p>\n\n\n\n<p>El PSOE exige que se retome de inmediato la tramitaci\u00f3n del Plan Especial, \u201cvital no solo para proteger el patrimonio cultural, sino tambi\u00e9n para impulsar la econom\u00eda local vinculada al Camino de Santiago\u201d.<\/p>\n\n\n\n<figure class=\"wp-block-image size-large\"><img loading=\"lazy\" decoding=\"async\" width=\"1024\" height=\"671\" src=\"https:\/\/agrupacionespsoe.es\/ponferrada\/wp-content\/uploads\/sites\/36\/2025\/09\/WhatsApp-Image-2025-09-12-at-11.24.16-1024x671.jpeg\" alt=\"\" class=\"wp-image-1092\" srcset=\"https:\/\/agrupacionespsoe.es\/ponferrada\/wp-content\/uploads\/sites\/36\/2025\/09\/WhatsApp-Image-2025-09-12-at-11.24.16-1024x671.jpeg 1024w, https:\/\/agrupacionespsoe.es\/ponferrada\/wp-content\/uploads\/sites\/36\/2025\/09\/WhatsApp-Image-2025-09-12-at-11.24.16-300x196.jpeg 300w, https:\/\/agrupacionespsoe.es\/ponferrada\/wp-content\/uploads\/sites\/36\/2025\/09\/WhatsApp-Image-2025-09-12-at-11.24.16-768x503.jpeg 768w, https:\/\/agrupacionespsoe.es\/ponferrada\/wp-content\/uploads\/sites\/36\/2025\/09\/WhatsApp-Image-2025-09-12-at-11.24.16-1536x1006.jpeg 1536w, https:\/\/agrupacionespsoe.es\/ponferrada\/wp-content\/uploads\/sites\/36\/2025\/09\/WhatsApp-Image-2025-09-12-at-11.24.16.jpeg 2048w\" sizes=\"auto, (max-width: 1024px) 100vw, 1024px\" \/><\/figure>\n","protected":false},"excerpt":{"rendered":"<p>El portavoz del Grupo Municipal Socialista en el Ayuntamiento de Ponferrada, Olegario Ram\u00f3n, ha denunciado hoy la falta de avances por parte de la Junta de Castilla y Le\u00f3n en la tramitaci\u00f3n del Plan de Ordenaci\u00f3n Integral de los Montes de Ponferrada (POIMPO), un documento clave para la gesti\u00f3n forestal y la prevenci\u00f3n de incendios. &#8230;<\/p>\n","protected":false},"author":32,"featured_media":1092,"comment_status":"open","ping_status":"open","sticky":false,"template":"","format":"standard","meta":{"_jetpack_memberships_contains_paid_content":false,"footnotes":""},"categories":[6],"tags":[],"class_list":["post-1091","post","type-post","status-publish","format-standard","has-post-thumbnail","hentry","category-actualidad"],"yoast_head":"<!-- This site is optimized with the Yoast SEO plugin v24.0 - https:\/\/yoast.com\/wordpress\/plugins\/seo\/ -->\n<title>Olegario Ram\u00f3n (PSOE) denuncia la inacci\u00f3n de la Junta en la aprobaci\u00f3n del Plan de Ordenaci\u00f3n de Montes y las falsas promesas de PP y CB para gobernar - Agrupaci\u00f3n Socialista de Ponferrada<\/title>\n<meta name=\"robots\" content=\"index, follow, max-snippet:-1, max-image-preview:large, max-video-preview:-1\" \/>\n<link rel=\"canonical\" href=\"https:\/\/agrupacionespsoe.es\/ponferrada\/olegario-ramon-psoe-denuncia-la-inaccion-de-la-junta-en-la-aprobacion-del-plan-de-ordenacion-de-montes-y-las-falsas-promesas-de-pp-y-cb-para-gobernar\/\" \/>\n<meta property=\"og:locale\" content=\"es_ES\" \/>\n<meta property=\"og:type\" content=\"article\" \/>\n<meta property=\"og:title\" content=\"Olegario Ram\u00f3n (PSOE) denuncia la inacci\u00f3n de la Junta en la aprobaci\u00f3n del Plan de Ordenaci\u00f3n de Montes y las falsas promesas de PP y CB para gobernar - Agrupaci\u00f3n Socialista de Ponferrada\" \/>\n<meta property=\"og:description\" content=\"El portavoz del Grupo Municipal Socialista en el Ayuntamiento de Ponferrada, Olegario Ram\u00f3n, ha denunciado hoy la falta de avances por parte de la Junta de Castilla y Le\u00f3n en la tramitaci\u00f3n del Plan de Ordenaci\u00f3n Integral de los Montes de Ponferrada (POIMPO), un documento clave para la gesti\u00f3n forestal y la prevenci\u00f3n de incendios. ...\" \/>\n<meta property=\"og:url\" content=\"https:\/\/agrupacionespsoe.es\/ponferrada\/olegario-ramon-psoe-denuncia-la-inaccion-de-la-junta-en-la-aprobacion-del-plan-de-ordenacion-de-montes-y-las-falsas-promesas-de-pp-y-cb-para-gobernar\/\" \/>\n<meta property=\"og:site_name\" content=\"Agrupaci\u00f3n Socialista de Ponferrada\" \/>\n<meta property=\"article:published_time\" content=\"2025-09-12T13:29:22+00:00\" \/>\n<meta property=\"article:modified_time\" content=\"2025-09-12T13:29:23+00:00\" \/>\n<meta property=\"og:image\" content=\"https:\/\/agrupacionespsoe.es\/ponferrada\/wp-content\/uploads\/sites\/36\/2025\/09\/WhatsApp-Image-2025-09-12-at-11.24.16.jpeg\" \/>\n\t<meta property=\"og:image:width\" content=\"2048\" \/>\n\t<meta property=\"og:image:height\" content=\"1341\" \/>\n\t<meta property=\"og:image:type\" content=\"image\/jpeg\" \/>\n<meta name=\"author\" content=\"ponferrada2\" \/>\n<meta name=\"twitter:card\" content=\"summary_large_image\" \/>\n<meta name=\"twitter:label1\" content=\"Escrito por\" \/>\n\t<meta name=\"twitter:data1\" content=\"ponferrada2\" \/>\n\t<meta name=\"twitter:label2\" content=\"Tiempo de lectura\" \/>\n\t<meta name=\"twitter:data2\" content=\"4 minutos\" \/>\n<script type=\"application\/ld+json\" class=\"yoast-schema-graph\">{\"@context\":\"https:\/\/schema.org\",\"@graph\":[{\"@type\":\"Article\",\"@id\":\"https:\/\/agrupacionespsoe.es\/ponferrada\/olegario-ramon-psoe-denuncia-la-inaccion-de-la-junta-en-la-aprobacion-del-plan-de-ordenacion-de-montes-y-las-falsas-promesas-de-pp-y-cb-para-gobernar\/#article\",\"isPartOf\":{\"@id\":\"https:\/\/agrupacionespsoe.es\/ponferrada\/olegario-ramon-psoe-denuncia-la-inaccion-de-la-junta-en-la-aprobacion-del-plan-de-ordenacion-de-montes-y-las-falsas-promesas-de-pp-y-cb-para-gobernar\/\"},\"author\":{\"name\":\"ponferrada2\",\"@id\":\"https:\/\/agrupacionespsoe.es\/ponferrada\/#\/schema\/person\/cd29ee627f3b70c05d415f02596debaa\"},\"headline\":\"Olegario Ram\u00f3n (PSOE) denuncia la inacci\u00f3n de la Junta en la aprobaci\u00f3n del Plan de Ordenaci\u00f3n de Montes y las falsas promesas de PP y CB para gobernar\",\"datePublished\":\"2025-09-12T13:29:22+00:00\",\"dateModified\":\"2025-09-12T13:29:23+00:00\",\"mainEntityOfPage\":{\"@id\":\"https:\/\/agrupacionespsoe.es\/ponferrada\/olegario-ramon-psoe-denuncia-la-inaccion-de-la-junta-en-la-aprobacion-del-plan-de-ordenacion-de-montes-y-las-falsas-promesas-de-pp-y-cb-para-gobernar\/\"},\"wordCount\":704,\"commentCount\":0,\"publisher\":{\"@id\":\"https:\/\/agrupacionespsoe.es\/ponferrada\/#organization\"},\"image\":{\"@id\":\"https:\/\/agrupacionespsoe.es\/ponferrada\/olegario-ramon-psoe-denuncia-la-inaccion-de-la-junta-en-la-aprobacion-del-plan-de-ordenacion-de-montes-y-las-falsas-promesas-de-pp-y-cb-para-gobernar\/#primaryimage\"},\"thumbnailUrl\":\"https:\/\/agrupacionespsoe.es\/ponferrada\/wp-content\/uploads\/sites\/36\/2025\/09\/WhatsApp-Image-2025-09-12-at-11.24.16.jpeg\",\"articleSection\":[\"ACTUALIDAD\"],\"inLanguage\":\"es\",\"potentialAction\":[{\"@type\":\"CommentAction\",\"name\":\"Comment\",\"target\":[\"https:\/\/agrupacionespsoe.es\/ponferrada\/olegario-ramon-psoe-denuncia-la-inaccion-de-la-junta-en-la-aprobacion-del-plan-de-ordenacion-de-montes-y-las-falsas-promesas-de-pp-y-cb-para-gobernar\/#respond\"]}]},{\"@type\":\"WebPage\",\"@id\":\"https:\/\/agrupacionespsoe.es\/ponferrada\/olegario-ramon-psoe-denuncia-la-inaccion-de-la-junta-en-la-aprobacion-del-plan-de-ordenacion-de-montes-y-las-falsas-promesas-de-pp-y-cb-para-gobernar\/\",\"url\":\"https:\/\/agrupacionespsoe.es\/ponferrada\/olegario-ramon-psoe-denuncia-la-inaccion-de-la-junta-en-la-aprobacion-del-plan-de-ordenacion-de-montes-y-las-falsas-promesas-de-pp-y-cb-para-gobernar\/\",\"name\":\"Olegario Ram\u00f3n (PSOE) denuncia la inacci\u00f3n de la Junta en la aprobaci\u00f3n del Plan de Ordenaci\u00f3n de Montes y las falsas promesas de PP y CB para gobernar - Agrupaci\u00f3n Socialista de Ponferrada\",\"isPartOf\":{\"@id\":\"https:\/\/agrupacionespsoe.es\/ponferrada\/#website\"},\"primaryImageOfPage\":{\"@id\":\"https:\/\/agrupacionespsoe.es\/ponferrada\/olegario-ramon-psoe-denuncia-la-inaccion-de-la-junta-en-la-aprobacion-del-plan-de-ordenacion-de-montes-y-las-falsas-promesas-de-pp-y-cb-para-gobernar\/#primaryimage\"},\"image\":{\"@id\":\"https:\/\/agrupacionespsoe.es\/ponferrada\/olegario-ramon-psoe-denuncia-la-inaccion-de-la-junta-en-la-aprobacion-del-plan-de-ordenacion-de-montes-y-las-falsas-promesas-de-pp-y-cb-para-gobernar\/#primaryimage\"},\"thumbnailUrl\":\"https:\/\/agrupacionespsoe.es\/ponferrada\/wp-content\/uploads\/sites\/36\/2025\/09\/WhatsApp-Image-2025-09-12-at-11.24.16.jpeg\",\"datePublished\":\"2025-09-12T13:29:22+00:00\",\"dateModified\":\"2025-09-12T13:29:23+00:00\",\"breadcrumb\":{\"@id\":\"https:\/\/agrupacionespsoe.es\/ponferrada\/olegario-ramon-psoe-denuncia-la-inaccion-de-la-junta-en-la-aprobacion-del-plan-de-ordenacion-de-montes-y-las-falsas-promesas-de-pp-y-cb-para-gobernar\/#breadcrumb\"},\"inLanguage\":\"es\",\"potentialAction\":[{\"@type\":\"ReadAction\",\"target\":[\"https:\/\/agrupacionespsoe.es\/ponferrada\/olegario-ramon-psoe-denuncia-la-inaccion-de-la-junta-en-la-aprobacion-del-plan-de-ordenacion-de-montes-y-las-falsas-promesas-de-pp-y-cb-para-gobernar\/\"]}]},{\"@type\":\"ImageObject\",\"inLanguage\":\"es\",\"@id\":\"https:\/\/agrupacionespsoe.es\/ponferrada\/olegario-ramon-psoe-denuncia-la-inaccion-de-la-junta-en-la-aprobacion-del-plan-de-ordenacion-de-montes-y-las-falsas-promesas-de-pp-y-cb-para-gobernar\/#primaryimage\",\"url\":\"https:\/\/agrupacionespsoe.es\/ponferrada\/wp-content\/uploads\/sites\/36\/2025\/09\/WhatsApp-Image-2025-09-12-at-11.24.16.jpeg\",\"contentUrl\":\"https:\/\/agrupacionespsoe.es\/ponferrada\/wp-content\/uploads\/sites\/36\/2025\/09\/WhatsApp-Image-2025-09-12-at-11.24.16.jpeg\",\"width\":2048,\"height\":1341},{\"@type\":\"BreadcrumbList\",\"@id\":\"https:\/\/agrupacionespsoe.es\/ponferrada\/olegario-ramon-psoe-denuncia-la-inaccion-de-la-junta-en-la-aprobacion-del-plan-de-ordenacion-de-montes-y-las-falsas-promesas-de-pp-y-cb-para-gobernar\/#breadcrumb\",\"itemListElement\":[{\"@type\":\"ListItem\",\"position\":1,\"name\":\"Portada\",\"item\":\"https:\/\/agrupacionespsoe.es\/ponferrada\/\"},{\"@type\":\"ListItem\",\"position\":2,\"name\":\"Olegario Ram\u00f3n (PSOE) denuncia la inacci\u00f3n de la Junta en la aprobaci\u00f3n del Plan de Ordenaci\u00f3n de Montes y las falsas promesas de PP y CB para gobernar\"}]},{\"@type\":\"WebSite\",\"@id\":\"https:\/\/agrupacionespsoe.es\/ponferrada\/#website\",\"url\":\"https:\/\/agrupacionespsoe.es\/ponferrada\/\",\"name\":\"Agrupaci\u00f3n Socialista de Ponferrada\",\"description\":\"Agrupaci\u00f3n Socialista de Ponferrada\",\"publisher\":{\"@id\":\"https:\/\/agrupacionespsoe.es\/ponferrada\/#organization\"},\"potentialAction\":[{\"@type\":\"SearchAction\",\"target\":{\"@type\":\"EntryPoint\",\"urlTemplate\":\"https:\/\/agrupacionespsoe.es\/ponferrada\/?s={search_term_string}\"},\"query-input\":{\"@type\":\"PropertyValueSpecification\",\"valueRequired\":true,\"valueName\":\"search_term_string\"}}],\"inLanguage\":\"es\"},{\"@type\":\"Organization\",\"@id\":\"https:\/\/agrupacionespsoe.es\/ponferrada\/#organization\",\"name\":\"Agrupaci\u00f3n Socialista de Ponferrada\",\"url\":\"https:\/\/agrupacionespsoe.es\/ponferrada\/\",\"logo\":{\"@type\":\"ImageObject\",\"inLanguage\":\"es\",\"@id\":\"https:\/\/agrupacionespsoe.es\/ponferrada\/#\/schema\/logo\/image\/\",\"url\":\"https:\/\/agrupacionespsoe.es\/wp-content\/uploads\/2022\/07\/Logotipo_electoral_del_PSOE.png\",\"contentUrl\":\"https:\/\/agrupacionespsoe.es\/wp-content\/uploads\/2022\/07\/Logotipo_electoral_del_PSOE.png\",\"width\":422,\"height\":422,\"caption\":\"Agrupaci\u00f3n Socialista de Ponferrada\"},\"image\":{\"@id\":\"https:\/\/agrupacionespsoe.es\/ponferrada\/#\/schema\/logo\/image\/\"}},{\"@type\":\"Person\",\"@id\":\"https:\/\/agrupacionespsoe.es\/ponferrada\/#\/schema\/person\/cd29ee627f3b70c05d415f02596debaa\",\"name\":\"ponferrada2\",\"image\":{\"@type\":\"ImageObject\",\"inLanguage\":\"es\",\"@id\":\"https:\/\/agrupacionespsoe.es\/ponferrada\/#\/schema\/person\/image\/\",\"url\":\"https:\/\/secure.gravatar.com\/avatar\/f499eeb60144c664cf7b7edf75549b50?s=96&d=mm&r=g\",\"contentUrl\":\"https:\/\/secure.gravatar.com\/avatar\/f499eeb60144c664cf7b7edf75549b50?s=96&d=mm&r=g\",\"caption\":\"ponferrada2\"},\"url\":\"https:\/\/agrupacionespsoe.es\/ponferrada\/author\/ponferrada2\/\"}]}<\/script>\n<!-- \/ Yoast SEO plugin. -->","yoast_head_json":{"title":"Olegario Ram\u00f3n (PSOE) denuncia la inacci\u00f3n de la Junta en la aprobaci\u00f3n del Plan de Ordenaci\u00f3n de Montes y las falsas promesas de PP y CB para gobernar - Agrupaci\u00f3n Socialista de Ponferrada","robots":{"index":"index","follow":"follow","max-snippet":"max-snippet:-1","max-image-preview":"max-image-preview:large","max-video-preview":"max-video-preview:-1"},"canonical":"https:\/\/agrupacionespsoe.es\/ponferrada\/olegario-ramon-psoe-denuncia-la-inaccion-de-la-junta-en-la-aprobacion-del-plan-de-ordenacion-de-montes-y-las-falsas-promesas-de-pp-y-cb-para-gobernar\/","og_locale":"es_ES","og_type":"article","og_title":"Olegario Ram\u00f3n (PSOE) denuncia la inacci\u00f3n de la Junta en la aprobaci\u00f3n del Plan de Ordenaci\u00f3n de Montes y las falsas promesas de PP y CB para gobernar - Agrupaci\u00f3n Socialista de Ponferrada","og_description":"El portavoz del Grupo Municipal Socialista en el Ayuntamiento de Ponferrada, Olegario Ram\u00f3n, ha denunciado hoy la falta de avances por parte de la Junta de Castilla y Le\u00f3n en la tramitaci\u00f3n del Plan de Ordenaci\u00f3n Integral de los Montes de Ponferrada (POIMPO), un documento clave para la gesti\u00f3n forestal y la prevenci\u00f3n de incendios. ...","og_url":"https:\/\/agrupacionespsoe.es\/ponferrada\/olegario-ramon-psoe-denuncia-la-inaccion-de-la-junta-en-la-aprobacion-del-plan-de-ordenacion-de-montes-y-las-falsas-promesas-de-pp-y-cb-para-gobernar\/","og_site_name":"Agrupaci\u00f3n Socialista de Ponferrada","article_published_time":"2025-09-12T13:29:22+00:00","article_modified_time":"2025-09-12T13:29:23+00:00","og_image":[{"width":2048,"height":1341,"url":"https:\/\/agrupacionespsoe.es\/ponferrada\/wp-content\/uploads\/sites\/36\/2025\/09\/WhatsApp-Image-2025-09-12-at-11.24.16.jpeg","type":"image\/jpeg"}],"author":"ponferrada2","twitter_card":"summary_large_image","twitter_misc":{"Escrito por":"ponferrada2","Tiempo de lectura":"4 minutos"},"schema":{"@context":"https:\/\/schema.org","@graph":[{"@type":"Article","@id":"https:\/\/agrupacionespsoe.es\/ponferrada\/olegario-ramon-psoe-denuncia-la-inaccion-de-la-junta-en-la-aprobacion-del-plan-de-ordenacion-de-montes-y-las-falsas-promesas-de-pp-y-cb-para-gobernar\/#article","isPartOf":{"@id":"https:\/\/agrupacionespsoe.es\/ponferrada\/olegario-ramon-psoe-denuncia-la-inaccion-de-la-junta-en-la-aprobacion-del-plan-de-ordenacion-de-montes-y-las-falsas-promesas-de-pp-y-cb-para-gobernar\/"},"author":{"name":"ponferrada2","@id":"https:\/\/agrupacionespsoe.es\/ponferrada\/#\/schema\/person\/cd29ee627f3b70c05d415f02596debaa"},"headline":"Olegario Ram\u00f3n (PSOE) denuncia la inacci\u00f3n de la Junta en la aprobaci\u00f3n del Plan de Ordenaci\u00f3n de Montes y las falsas promesas de PP y CB para gobernar","datePublished":"2025-09-12T13:29:22+00:00","dateModified":"2025-09-12T13:29:23+00:00","mainEntityOfPage":{"@id":"https:\/\/agrupacionespsoe.es\/ponferrada\/olegario-ramon-psoe-denuncia-la-inaccion-de-la-junta-en-la-aprobacion-del-plan-de-ordenacion-de-montes-y-las-falsas-promesas-de-pp-y-cb-para-gobernar\/"},"wordCount":704,"commentCount":0,"publisher":{"@id":"https:\/\/agrupacionespsoe.es\/ponferrada\/#organization"},"image":{"@id":"https:\/\/agrupacionespsoe.es\/ponferrada\/olegario-ramon-psoe-denuncia-la-inaccion-de-la-junta-en-la-aprobacion-del-plan-de-ordenacion-de-montes-y-las-falsas-promesas-de-pp-y-cb-para-gobernar\/#primaryimage"},"thumbnailUrl":"https:\/\/agrupacionespsoe.es\/ponferrada\/wp-content\/uploads\/sites\/36\/2025\/09\/WhatsApp-Image-2025-09-12-at-11.24.16.jpeg","articleSection":["ACTUALIDAD"],"inLanguage":"es","potentialAction":[{"@type":"CommentAction","name":"Comment","target":["https:\/\/agrupacionespsoe.es\/ponferrada\/olegario-ramon-psoe-denuncia-la-inaccion-de-la-junta-en-la-aprobacion-del-plan-de-ordenacion-de-montes-y-las-falsas-promesas-de-pp-y-cb-para-gobernar\/#respond"]}]},{"@type":"WebPage","@id":"https:\/\/agrupacionespsoe.es\/ponferrada\/olegario-ramon-psoe-denuncia-la-inaccion-de-la-junta-en-la-aprobacion-del-plan-de-ordenacion-de-montes-y-las-falsas-promesas-de-pp-y-cb-para-gobernar\/","url":"https:\/\/agrupacionespsoe.es\/ponferrada\/olegario-ramon-psoe-denuncia-la-inaccion-de-la-junta-en-la-aprobacion-del-plan-de-ordenacion-de-montes-y-las-falsas-promesas-de-pp-y-cb-para-gobernar\/","name":"Olegario Ram\u00f3n (PSOE) denuncia la inacci\u00f3n de la Junta en la aprobaci\u00f3n del Plan de Ordenaci\u00f3n de Montes y las falsas promesas de PP y CB para gobernar - Agrupaci\u00f3n Socialista de Ponferrada","isPartOf":{"@id":"https:\/\/agrupacionespsoe.es\/ponferrada\/#website"},"primaryImageOfPage":{"@id":"https:\/\/agrupacionespsoe.es\/ponferrada\/olegario-ramon-psoe-denuncia-la-inaccion-de-la-junta-en-la-aprobacion-del-plan-de-ordenacion-de-montes-y-las-falsas-promesas-de-pp-y-cb-para-gobernar\/#primaryimage"},"image":{"@id":"https:\/\/agrupacionespsoe.es\/ponferrada\/olegario-ramon-psoe-denuncia-la-inaccion-de-la-junta-en-la-aprobacion-del-plan-de-ordenacion-de-montes-y-las-falsas-promesas-de-pp-y-cb-para-gobernar\/#primaryimage"},"thumbnailUrl":"https:\/\/agrupacionespsoe.es\/ponferrada\/wp-content\/uploads\/sites\/36\/2025\/09\/WhatsApp-Image-2025-09-12-at-11.24.16.jpeg","datePublished":"2025-09-12T13:29:22+00:00","dateModified":"2025-09-12T13:29:23+00:00","breadcrumb":{"@id":"https:\/\/agrupacionespsoe.es\/ponferrada\/olegario-ramon-psoe-denuncia-la-inaccion-de-la-junta-en-la-aprobacion-del-plan-de-ordenacion-de-montes-y-las-falsas-promesas-de-pp-y-cb-para-gobernar\/#breadcrumb"},"inLanguage":"es","potentialAction":[{"@type":"ReadAction","target":["https:\/\/agrupacionespsoe.es\/ponferrada\/olegario-ramon-psoe-denuncia-la-inaccion-de-la-junta-en-la-aprobacion-del-plan-de-ordenacion-de-montes-y-las-falsas-promesas-de-pp-y-cb-para-gobernar\/"]}]},{"@type":"ImageObject","inLanguage":"es","@id":"https:\/\/agrupacionespsoe.es\/ponferrada\/olegario-ramon-psoe-denuncia-la-inaccion-de-la-junta-en-la-aprobacion-del-plan-de-ordenacion-de-montes-y-las-falsas-promesas-de-pp-y-cb-para-gobernar\/#primaryimage","url":"https:\/\/agrupacionespsoe.es\/ponferrada\/wp-content\/uploads\/sites\/36\/2025\/09\/WhatsApp-Image-2025-09-12-at-11.24.16.jpeg","contentUrl":"https:\/\/agrupacionespsoe.es\/ponferrada\/wp-content\/uploads\/sites\/36\/2025\/09\/WhatsApp-Image-2025-09-12-at-11.24.16.jpeg","width":2048,"height":1341},{"@type":"BreadcrumbList","@id":"https:\/\/agrupacionespsoe.es\/ponferrada\/olegario-ramon-psoe-denuncia-la-inaccion-de-la-junta-en-la-aprobacion-del-plan-de-ordenacion-de-montes-y-las-falsas-promesas-de-pp-y-cb-para-gobernar\/#breadcrumb","itemListElement":[{"@type":"ListItem","position":1,"name":"Portada","item":"https:\/\/agrupacionespsoe.es\/ponferrada\/"},{"@type":"ListItem","position":2,"name":"Olegario Ram\u00f3n (PSOE) denuncia la inacci\u00f3n de la Junta en la aprobaci\u00f3n del Plan de Ordenaci\u00f3n de Montes y las falsas promesas de PP y CB para gobernar"}]},{"@type":"WebSite","@id":"https:\/\/agrupacionespsoe.es\/ponferrada\/#website","url":"https:\/\/agrupacionespsoe.es\/ponferrada\/","name":"Agrupaci\u00f3n Socialista de Ponferrada","description":"Agrupaci\u00f3n Socialista de Ponferrada","publisher":{"@id":"https:\/\/agrupacionespsoe.es\/ponferrada\/#organization"},"potentialAction":[{"@type":"SearchAction","target":{"@type":"EntryPoint","urlTemplate":"https:\/\/agrupacionespsoe.es\/ponferrada\/?s={search_term_string}"},"query-input":{"@type":"PropertyValueSpecification","valueRequired":true,"valueName":"search_term_string"}}],"inLanguage":"es"},{"@type":"Organization","@id":"https:\/\/agrupacionespsoe.es\/ponferrada\/#organization","name":"Agrupaci\u00f3n Socialista de Ponferrada","url":"https:\/\/agrupacionespsoe.es\/ponferrada\/","logo":{"@type":"ImageObject","inLanguage":"es","@id":"https:\/\/agrupacionespsoe.es\/ponferrada\/#\/schema\/logo\/image\/","url":"https:\/\/agrupacionespsoe.es\/wp-content\/uploads\/2022\/07\/Logotipo_electoral_del_PSOE.png","contentUrl":"https:\/\/agrupacionespsoe.es\/wp-content\/uploads\/2022\/07\/Logotipo_electoral_del_PSOE.png","width":422,"height":422,"caption":"Agrupaci\u00f3n Socialista de Ponferrada"},"image":{"@id":"https:\/\/agrupacionespsoe.es\/ponferrada\/#\/schema\/logo\/image\/"}},{"@type":"Person","@id":"https:\/\/agrupacionespsoe.es\/ponferrada\/#\/schema\/person\/cd29ee627f3b70c05d415f02596debaa","name":"ponferrada2","image":{"@type":"ImageObject","inLanguage":"es","@id":"https:\/\/agrupacionespsoe.es\/ponferrada\/#\/schema\/person\/image\/","url":"https:\/\/secure.gravatar.com\/avatar\/f499eeb60144c664cf7b7edf75549b50?s=96&d=mm&r=g","contentUrl":"https:\/\/secure.gravatar.com\/avatar\/f499eeb60144c664cf7b7edf75549b50?s=96&d=mm&r=g","caption":"ponferrada2"},"url":"https:\/\/agrupacionespsoe.es\/ponferrada\/author\/ponferrada2\/"}]}},"jetpack_featured_media_url":"https:\/\/agrupacionespsoe.es\/ponferrada\/wp-content\/uploads\/sites\/36\/2025\/09\/WhatsApp-Image-2025-09-12-at-11.24.16.jpeg","jetpack_sharing_enabled":true,"_links":{"self":[{"href":"https:\/\/agrupacionespsoe.es\/ponferrada\/wp-json\/wp\/v2\/posts\/1091","targetHints":{"allow":["GET"]}}],"collection":[{"href":"https:\/\/agrupacionespsoe.es\/ponferrada\/wp-json\/wp\/v2\/posts"}],"about":[{"href":"https:\/\/agrupacionespsoe.es\/ponferrada\/wp-json\/wp\/v2\/types\/post"}],"author":[{"embeddable":true,"href":"https:\/\/agrupacionespsoe.es\/ponferrada\/wp-json\/wp\/v2\/users\/32"}],"replies":[{"embeddable":true,"href":"https:\/\/agrupacionespsoe.es\/ponferrada\/wp-json\/wp\/v2\/comments?post=1091"}],"version-history":[{"count":2,"href":"https:\/\/agrupacionespsoe.es\/ponferrada\/wp-json\/wp\/v2\/posts\/1091\/revisions"}],"predecessor-version":[{"id":1094,"href":"https:\/\/agrupacionespsoe.es\/ponferrada\/wp-json\/wp\/v2\/posts\/1091\/revisions\/1094"}],"wp:featuredmedia":[{"embeddable":true,"href":"https:\/\/agrupacionespsoe.es\/ponferrada\/wp-json\/wp\/v2\/media\/1092"}],"wp:attachment":[{"href":"https:\/\/agrupacionespsoe.es\/ponferrada\/wp-json\/wp\/v2\/media?parent=1091"}],"wp:term":[{"taxonomy":"category","embeddable":true,"href":"https:\/\/agrupacionespsoe.es\/ponferrada\/wp-json\/wp\/v2\/categories?post=1091"},{"taxonomy":"post_tag","embeddable":true,"href":"https:\/\/agrupacionespsoe.es\/ponferrada\/wp-json\/wp\/v2\/tags?post=1091"}],"curies":[{"name":"wp","href":"https:\/\/api.w.org\/{rel}","templated":true}]}}