{"id":1087,"date":"2025-09-11T09:48:33","date_gmt":"2025-09-11T09:48:33","guid":{"rendered":"https:\/\/agrupacionespsoe.es\/ponferrada\/?p=1087"},"modified":"2025-09-11T09:48:34","modified_gmt":"2025-09-11T09:48:34","slug":"el-psoe-de-ponferrada-reclama-rigor-y-dialogo-frente-a-la-presion-politica-del-alcalde-con-la-reforma-de-las-piscinas-climatizadas-del-toralin","status":"publish","type":"post","link":"https:\/\/agrupacionespsoe.es\/ponferrada\/el-psoe-de-ponferrada-reclama-rigor-y-dialogo-frente-a-la-presion-politica-del-alcalde-con-la-reforma-de-las-piscinas-climatizadas-del-toralin\/","title":{"rendered":"El PSOE de Ponferrada reclama rigor y di\u00e1logo frente a la presi\u00f3n pol\u00edtica del alcalde con la reforma de las piscinas climatizadas del Toral\u00edn"},"content":{"rendered":"\n<p>El Grupo Municipal Socialista recuerda que en 2023 la Junta de Castilla y Le\u00f3n, a trav\u00e9s del consejero Su\u00e1rez-Qui\u00f1ones, prometi\u00f3 una inversi\u00f3n urgente para reabrir las piscinas climatizadas del Toral\u00edn, cerradas desde que el Sr. Morala es Alcalde de Ponferrada.<\/p>\n\n\n\n<p>La concejala socialista Silvia Blanco se\u00f1ala que \u201ca d\u00eda de hoy, ese compromiso sigue sin cumplirse y, lejos de buscar soluciones efectivas, el alcalde Morala pretende trasladar la mayor parte del coste de la reparaci\u00f3n al Ayuntamiento y responsabilizar a la oposici\u00f3n. Despu\u00e9s de dos a\u00f1os sin tener el servicio no merecemos otra cosa que la Junta de Castilla y Le\u00f3n cumpla con su compromiso y asuma el total de la inversi\u00f3n necesaria para la reapertura de las piscinas climatizadas. \u201c<\/p>\n\n\n\n<p>A\u00f1ade que el alcalde, Marco Morala, en lugar de buscar el consenso necesario, pese a conocer de antemano que carece de mayor\u00eda suficiente y que el PSOE ya ha advertido que no vamos a apoyar ninguna inversi\u00f3n mientras el PP no cumpla con los compromisos que asumieron en el acuerdo de los presupuestos de 2024. Tratar de resolver un problema a base de desaf\u00edos y reproches solo demuestra la falta de proyecto, ideas y capacidad de di\u00e1logo de un alcalde que, tras dos a\u00f1os de mandato, contin\u00faa prometiendo lo mismo que al inicio.<\/p>\n\n\n\n<p>\u201cNos resulta irresponsable llevar a pleno asuntos sin tener una mayor\u00eda suficiente, como viene ocurriendo de forma repetida. Morala est\u00e1 en minor\u00eda y gobernar implica llegar a acuerdos y negociar. Ya son demasiados los puntos que retira, deja sobre la mesa, enmienda a s\u00ed mismo o pierde; situaciones que generan desconcierto y verg\u00fcenza ajena. Si no es capaz de negociar y buscar consensos, no merece gobernar; empezamos a pensar que el cargo le queda muy grande.\u201d<\/p>\n\n\n\n<p>A juicio de la concejala socialista lo m\u00e1s grave es la contradicci\u00f3n entre lo que dice y lo que hace. En su discurso del D\u00eda de la Encina, Morala reclamaba consenso, colaboraci\u00f3n institucional y di\u00e1logo como principios b\u00e1sicos para el futuro de Ponferrada. Sin embargo, d\u00edas despu\u00e9s pretende llevar a pleno la financiaci\u00f3n de la reforma de las piscinas sin haber dialogado con nadie, presionando y culpando de antemano a la oposici\u00f3n. Esa incoherencia evidencia que su discurso no es m\u00e1s que propaganda vac\u00eda y que su forma de gobernar est\u00e1 muy lejos de las palabras que pronuncia en actos solemnes. Para finalizar se\u00f1ala que desde el PSOE exigimos rigor y seriedad: lo que Ponferrada necesita no es presi\u00f3n pol\u00edtica ni titulares, sino soluciones reales y compromisos cumplidos. La ciudad y sus vecinos merecen un gobierno que trabaje con responsabilidad, no uno que pleno tras pleno demuestre su inacci\u00f3n y su falta de trabajo, el equipo de gobierno de Morala ya no puede ocultar m\u00e1s su ineficacia detr\u00e1s de amenazas y contradicciones.<\/p>\n\n\n\n<figure class=\"wp-block-image size-large\"><img loading=\"lazy\" decoding=\"async\" width=\"1024\" height=\"854\" src=\"https:\/\/agrupacionespsoe.es\/ponferrada\/wp-content\/uploads\/sites\/36\/2025\/05\/WhatsApp-Image-2025-05-15-at-10.58.21-1024x854.jpeg\" alt=\"\" class=\"wp-image-910\" srcset=\"https:\/\/agrupacionespsoe.es\/ponferrada\/wp-content\/uploads\/sites\/36\/2025\/05\/WhatsApp-Image-2025-05-15-at-10.58.21-1024x854.jpeg 1024w, https:\/\/agrupacionespsoe.es\/ponferrada\/wp-content\/uploads\/sites\/36\/2025\/05\/WhatsApp-Image-2025-05-15-at-10.58.21-300x250.jpeg 300w, https:\/\/agrupacionespsoe.es\/ponferrada\/wp-content\/uploads\/sites\/36\/2025\/05\/WhatsApp-Image-2025-05-15-at-10.58.21-768x641.jpeg 768w, https:\/\/agrupacionespsoe.es\/ponferrada\/wp-content\/uploads\/sites\/36\/2025\/05\/WhatsApp-Image-2025-05-15-at-10.58.21-1536x1282.jpeg 1536w, https:\/\/agrupacionespsoe.es\/ponferrada\/wp-content\/uploads\/sites\/36\/2025\/05\/WhatsApp-Image-2025-05-15-at-10.58.21.jpeg 1600w\" sizes=\"auto, (max-width: 1024px) 100vw, 1024px\" \/><\/figure>\n","protected":false},"excerpt":{"rendered":"<p>El Grupo Municipal Socialista recuerda que en 2023 la Junta de Castilla y Le\u00f3n, a trav\u00e9s del consejero Su\u00e1rez-Qui\u00f1ones, prometi\u00f3 una inversi\u00f3n urgente para reabrir las piscinas climatizadas del Toral\u00edn, cerradas desde que el Sr. Morala es Alcalde de Ponferrada. La concejala socialista Silvia Blanco se\u00f1ala que \u201ca d\u00eda de hoy, ese compromiso sigue sin &#8230;<\/p>\n","protected":false},"author":32,"featured_media":910,"comment_status":"open","ping_status":"open","sticky":false,"template":"","format":"standard","meta":{"_jetpack_memberships_contains_paid_content":false,"footnotes":""},"categories":[6],"tags":[],"class_list":["post-1087","post","type-post","status-publish","format-standard","has-post-thumbnail","hentry","category-actualidad"],"yoast_head":"<!-- This site is optimized with the Yoast SEO plugin v24.0 - https:\/\/yoast.com\/wordpress\/plugins\/seo\/ -->\n<title>El PSOE de Ponferrada reclama rigor y di\u00e1logo frente a la presi\u00f3n pol\u00edtica del alcalde con la reforma de las piscinas climatizadas del Toral\u00edn - Agrupaci\u00f3n Socialista de Ponferrada<\/title>\n<meta name=\"robots\" content=\"index, follow, max-snippet:-1, max-image-preview:large, max-video-preview:-1\" \/>\n<link rel=\"canonical\" href=\"https:\/\/agrupacionespsoe.es\/ponferrada\/el-psoe-de-ponferrada-reclama-rigor-y-dialogo-frente-a-la-presion-politica-del-alcalde-con-la-reforma-de-las-piscinas-climatizadas-del-toralin\/\" \/>\n<meta property=\"og:locale\" content=\"es_ES\" \/>\n<meta property=\"og:type\" content=\"article\" \/>\n<meta property=\"og:title\" content=\"El PSOE de Ponferrada reclama rigor y di\u00e1logo frente a la presi\u00f3n pol\u00edtica del alcalde con la reforma de las piscinas climatizadas del Toral\u00edn - Agrupaci\u00f3n Socialista de Ponferrada\" \/>\n<meta property=\"og:description\" content=\"El Grupo Municipal Socialista recuerda que en 2023 la Junta de Castilla y Le\u00f3n, a trav\u00e9s del consejero Su\u00e1rez-Qui\u00f1ones, prometi\u00f3 una inversi\u00f3n urgente para reabrir las piscinas climatizadas del Toral\u00edn, cerradas desde que el Sr. Morala es Alcalde de Ponferrada. La concejala socialista Silvia Blanco se\u00f1ala que \u201ca d\u00eda de hoy, ese compromiso sigue sin ...\" \/>\n<meta property=\"og:url\" content=\"https:\/\/agrupacionespsoe.es\/ponferrada\/el-psoe-de-ponferrada-reclama-rigor-y-dialogo-frente-a-la-presion-politica-del-alcalde-con-la-reforma-de-las-piscinas-climatizadas-del-toralin\/\" \/>\n<meta property=\"og:site_name\" content=\"Agrupaci\u00f3n Socialista de Ponferrada\" \/>\n<meta property=\"article:published_time\" content=\"2025-09-11T09:48:33+00:00\" \/>\n<meta property=\"article:modified_time\" content=\"2025-09-11T09:48:34+00:00\" \/>\n<meta property=\"og:image\" content=\"https:\/\/agrupacionespsoe.es\/ponferrada\/wp-content\/uploads\/sites\/36\/2025\/05\/WhatsApp-Image-2025-05-15-at-10.58.21.jpeg\" \/>\n\t<meta property=\"og:image:width\" content=\"1600\" \/>\n\t<meta property=\"og:image:height\" content=\"1335\" \/>\n\t<meta property=\"og:image:type\" content=\"image\/jpeg\" \/>\n<meta name=\"author\" content=\"ponferrada2\" \/>\n<meta name=\"twitter:card\" content=\"summary_large_image\" \/>\n<meta name=\"twitter:label1\" content=\"Escrito por\" \/>\n\t<meta name=\"twitter:data1\" content=\"ponferrada2\" \/>\n\t<meta name=\"twitter:label2\" content=\"Tiempo de lectura\" \/>\n\t<meta name=\"twitter:data2\" content=\"3 minutos\" \/>\n<script type=\"application\/ld+json\" class=\"yoast-schema-graph\">{\"@context\":\"https:\/\/schema.org\",\"@graph\":[{\"@type\":\"Article\",\"@id\":\"https:\/\/agrupacionespsoe.es\/ponferrada\/el-psoe-de-ponferrada-reclama-rigor-y-dialogo-frente-a-la-presion-politica-del-alcalde-con-la-reforma-de-las-piscinas-climatizadas-del-toralin\/#article\",\"isPartOf\":{\"@id\":\"https:\/\/agrupacionespsoe.es\/ponferrada\/el-psoe-de-ponferrada-reclama-rigor-y-dialogo-frente-a-la-presion-politica-del-alcalde-con-la-reforma-de-las-piscinas-climatizadas-del-toralin\/\"},\"author\":{\"name\":\"ponferrada2\",\"@id\":\"https:\/\/agrupacionespsoe.es\/ponferrada\/#\/schema\/person\/cd29ee627f3b70c05d415f02596debaa\"},\"headline\":\"El PSOE de Ponferrada reclama rigor y di\u00e1logo frente a la presi\u00f3n pol\u00edtica del alcalde con la reforma de las piscinas climatizadas del Toral\u00edn\",\"datePublished\":\"2025-09-11T09:48:33+00:00\",\"dateModified\":\"2025-09-11T09:48:34+00:00\",\"mainEntityOfPage\":{\"@id\":\"https:\/\/agrupacionespsoe.es\/ponferrada\/el-psoe-de-ponferrada-reclama-rigor-y-dialogo-frente-a-la-presion-politica-del-alcalde-con-la-reforma-de-las-piscinas-climatizadas-del-toralin\/\"},\"wordCount\":529,\"commentCount\":0,\"publisher\":{\"@id\":\"https:\/\/agrupacionespsoe.es\/ponferrada\/#organization\"},\"image\":{\"@id\":\"https:\/\/agrupacionespsoe.es\/ponferrada\/el-psoe-de-ponferrada-reclama-rigor-y-dialogo-frente-a-la-presion-politica-del-alcalde-con-la-reforma-de-las-piscinas-climatizadas-del-toralin\/#primaryimage\"},\"thumbnailUrl\":\"https:\/\/agrupacionespsoe.es\/ponferrada\/wp-content\/uploads\/sites\/36\/2025\/05\/WhatsApp-Image-2025-05-15-at-10.58.21.jpeg\",\"articleSection\":[\"ACTUALIDAD\"],\"inLanguage\":\"es\",\"potentialAction\":[{\"@type\":\"CommentAction\",\"name\":\"Comment\",\"target\":[\"https:\/\/agrupacionespsoe.es\/ponferrada\/el-psoe-de-ponferrada-reclama-rigor-y-dialogo-frente-a-la-presion-politica-del-alcalde-con-la-reforma-de-las-piscinas-climatizadas-del-toralin\/#respond\"]}]},{\"@type\":\"WebPage\",\"@id\":\"https:\/\/agrupacionespsoe.es\/ponferrada\/el-psoe-de-ponferrada-reclama-rigor-y-dialogo-frente-a-la-presion-politica-del-alcalde-con-la-reforma-de-las-piscinas-climatizadas-del-toralin\/\",\"url\":\"https:\/\/agrupacionespsoe.es\/ponferrada\/el-psoe-de-ponferrada-reclama-rigor-y-dialogo-frente-a-la-presion-politica-del-alcalde-con-la-reforma-de-las-piscinas-climatizadas-del-toralin\/\",\"name\":\"El PSOE de Ponferrada reclama rigor y di\u00e1logo frente a la presi\u00f3n pol\u00edtica del alcalde con la reforma de las piscinas climatizadas del Toral\u00edn - Agrupaci\u00f3n Socialista de Ponferrada\",\"isPartOf\":{\"@id\":\"https:\/\/agrupacionespsoe.es\/ponferrada\/#website\"},\"primaryImageOfPage\":{\"@id\":\"https:\/\/agrupacionespsoe.es\/ponferrada\/el-psoe-de-ponferrada-reclama-rigor-y-dialogo-frente-a-la-presion-politica-del-alcalde-con-la-reforma-de-las-piscinas-climatizadas-del-toralin\/#primaryimage\"},\"image\":{\"@id\":\"https:\/\/agrupacionespsoe.es\/ponferrada\/el-psoe-de-ponferrada-reclama-rigor-y-dialogo-frente-a-la-presion-politica-del-alcalde-con-la-reforma-de-las-piscinas-climatizadas-del-toralin\/#primaryimage\"},\"thumbnailUrl\":\"https:\/\/agrupacionespsoe.es\/ponferrada\/wp-content\/uploads\/sites\/36\/2025\/05\/WhatsApp-Image-2025-05-15-at-10.58.21.jpeg\",\"datePublished\":\"2025-09-11T09:48:33+00:00\",\"dateModified\":\"2025-09-11T09:48:34+00:00\",\"breadcrumb\":{\"@id\":\"https:\/\/agrupacionespsoe.es\/ponferrada\/el-psoe-de-ponferrada-reclama-rigor-y-dialogo-frente-a-la-presion-politica-del-alcalde-con-la-reforma-de-las-piscinas-climatizadas-del-toralin\/#breadcrumb\"},\"inLanguage\":\"es\",\"potentialAction\":[{\"@type\":\"ReadAction\",\"target\":[\"https:\/\/agrupacionespsoe.es\/ponferrada\/el-psoe-de-ponferrada-reclama-rigor-y-dialogo-frente-a-la-presion-politica-del-alcalde-con-la-reforma-de-las-piscinas-climatizadas-del-toralin\/\"]}]},{\"@type\":\"ImageObject\",\"inLanguage\":\"es\",\"@id\":\"https:\/\/agrupacionespsoe.es\/ponferrada\/el-psoe-de-ponferrada-reclama-rigor-y-dialogo-frente-a-la-presion-politica-del-alcalde-con-la-reforma-de-las-piscinas-climatizadas-del-toralin\/#primaryimage\",\"url\":\"https:\/\/agrupacionespsoe.es\/ponferrada\/wp-content\/uploads\/sites\/36\/2025\/05\/WhatsApp-Image-2025-05-15-at-10.58.21.jpeg\",\"contentUrl\":\"https:\/\/agrupacionespsoe.es\/ponferrada\/wp-content\/uploads\/sites\/36\/2025\/05\/WhatsApp-Image-2025-05-15-at-10.58.21.jpeg\",\"width\":1600,\"height\":1335},{\"@type\":\"BreadcrumbList\",\"@id\":\"https:\/\/agrupacionespsoe.es\/ponferrada\/el-psoe-de-ponferrada-reclama-rigor-y-dialogo-frente-a-la-presion-politica-del-alcalde-con-la-reforma-de-las-piscinas-climatizadas-del-toralin\/#breadcrumb\",\"itemListElement\":[{\"@type\":\"ListItem\",\"position\":1,\"name\":\"Portada\",\"item\":\"https:\/\/agrupacionespsoe.es\/ponferrada\/\"},{\"@type\":\"ListItem\",\"position\":2,\"name\":\"El PSOE de Ponferrada reclama rigor y di\u00e1logo frente a la presi\u00f3n pol\u00edtica del alcalde con la reforma de las piscinas climatizadas del Toral\u00edn\"}]},{\"@type\":\"WebSite\",\"@id\":\"https:\/\/agrupacionespsoe.es\/ponferrada\/#website\",\"url\":\"https:\/\/agrupacionespsoe.es\/ponferrada\/\",\"name\":\"Agrupaci\u00f3n Socialista de Ponferrada\",\"description\":\"Agrupaci\u00f3n Socialista de Ponferrada\",\"publisher\":{\"@id\":\"https:\/\/agrupacionespsoe.es\/ponferrada\/#organization\"},\"potentialAction\":[{\"@type\":\"SearchAction\",\"target\":{\"@type\":\"EntryPoint\",\"urlTemplate\":\"https:\/\/agrupacionespsoe.es\/ponferrada\/?s={search_term_string}\"},\"query-input\":{\"@type\":\"PropertyValueSpecification\",\"valueRequired\":true,\"valueName\":\"search_term_string\"}}],\"inLanguage\":\"es\"},{\"@type\":\"Organization\",\"@id\":\"https:\/\/agrupacionespsoe.es\/ponferrada\/#organization\",\"name\":\"Agrupaci\u00f3n Socialista de Ponferrada\",\"url\":\"https:\/\/agrupacionespsoe.es\/ponferrada\/\",\"logo\":{\"@type\":\"ImageObject\",\"inLanguage\":\"es\",\"@id\":\"https:\/\/agrupacionespsoe.es\/ponferrada\/#\/schema\/logo\/image\/\",\"url\":\"https:\/\/agrupacionespsoe.es\/wp-content\/uploads\/2022\/07\/Logotipo_electoral_del_PSOE.png\",\"contentUrl\":\"https:\/\/agrupacionespsoe.es\/wp-content\/uploads\/2022\/07\/Logotipo_electoral_del_PSOE.png\",\"width\":422,\"height\":422,\"caption\":\"Agrupaci\u00f3n Socialista de Ponferrada\"},\"image\":{\"@id\":\"https:\/\/agrupacionespsoe.es\/ponferrada\/#\/schema\/logo\/image\/\"}},{\"@type\":\"Person\",\"@id\":\"https:\/\/agrupacionespsoe.es\/ponferrada\/#\/schema\/person\/cd29ee627f3b70c05d415f02596debaa\",\"name\":\"ponferrada2\",\"image\":{\"@type\":\"ImageObject\",\"inLanguage\":\"es\",\"@id\":\"https:\/\/agrupacionespsoe.es\/ponferrada\/#\/schema\/person\/image\/\",\"url\":\"https:\/\/secure.gravatar.com\/avatar\/f499eeb60144c664cf7b7edf75549b50?s=96&d=mm&r=g\",\"contentUrl\":\"https:\/\/secure.gravatar.com\/avatar\/f499eeb60144c664cf7b7edf75549b50?s=96&d=mm&r=g\",\"caption\":\"ponferrada2\"},\"url\":\"https:\/\/agrupacionespsoe.es\/ponferrada\/author\/ponferrada2\/\"}]}<\/script>\n<!-- \/ Yoast SEO plugin. -->","yoast_head_json":{"title":"El PSOE de Ponferrada reclama rigor y di\u00e1logo frente a la presi\u00f3n pol\u00edtica del alcalde con la reforma de las piscinas climatizadas del Toral\u00edn - Agrupaci\u00f3n Socialista de Ponferrada","robots":{"index":"index","follow":"follow","max-snippet":"max-snippet:-1","max-image-preview":"max-image-preview:large","max-video-preview":"max-video-preview:-1"},"canonical":"https:\/\/agrupacionespsoe.es\/ponferrada\/el-psoe-de-ponferrada-reclama-rigor-y-dialogo-frente-a-la-presion-politica-del-alcalde-con-la-reforma-de-las-piscinas-climatizadas-del-toralin\/","og_locale":"es_ES","og_type":"article","og_title":"El PSOE de Ponferrada reclama rigor y di\u00e1logo frente a la presi\u00f3n pol\u00edtica del alcalde con la reforma de las piscinas climatizadas del Toral\u00edn - Agrupaci\u00f3n Socialista de Ponferrada","og_description":"El Grupo Municipal Socialista recuerda que en 2023 la Junta de Castilla y Le\u00f3n, a trav\u00e9s del consejero Su\u00e1rez-Qui\u00f1ones, prometi\u00f3 una inversi\u00f3n urgente para reabrir las piscinas climatizadas del Toral\u00edn, cerradas desde que el Sr. Morala es Alcalde de Ponferrada. La concejala socialista Silvia Blanco se\u00f1ala que \u201ca d\u00eda de hoy, ese compromiso sigue sin ...","og_url":"https:\/\/agrupacionespsoe.es\/ponferrada\/el-psoe-de-ponferrada-reclama-rigor-y-dialogo-frente-a-la-presion-politica-del-alcalde-con-la-reforma-de-las-piscinas-climatizadas-del-toralin\/","og_site_name":"Agrupaci\u00f3n Socialista de Ponferrada","article_published_time":"2025-09-11T09:48:33+00:00","article_modified_time":"2025-09-11T09:48:34+00:00","og_image":[{"width":1600,"height":1335,"url":"https:\/\/agrupacionespsoe.es\/ponferrada\/wp-content\/uploads\/sites\/36\/2025\/05\/WhatsApp-Image-2025-05-15-at-10.58.21.jpeg","type":"image\/jpeg"}],"author":"ponferrada2","twitter_card":"summary_large_image","twitter_misc":{"Escrito por":"ponferrada2","Tiempo de lectura":"3 minutos"},"schema":{"@context":"https:\/\/schema.org","@graph":[{"@type":"Article","@id":"https:\/\/agrupacionespsoe.es\/ponferrada\/el-psoe-de-ponferrada-reclama-rigor-y-dialogo-frente-a-la-presion-politica-del-alcalde-con-la-reforma-de-las-piscinas-climatizadas-del-toralin\/#article","isPartOf":{"@id":"https:\/\/agrupacionespsoe.es\/ponferrada\/el-psoe-de-ponferrada-reclama-rigor-y-dialogo-frente-a-la-presion-politica-del-alcalde-con-la-reforma-de-las-piscinas-climatizadas-del-toralin\/"},"author":{"name":"ponferrada2","@id":"https:\/\/agrupacionespsoe.es\/ponferrada\/#\/schema\/person\/cd29ee627f3b70c05d415f02596debaa"},"headline":"El PSOE de Ponferrada reclama rigor y di\u00e1logo frente a la presi\u00f3n pol\u00edtica del alcalde con la reforma de las piscinas climatizadas del Toral\u00edn","datePublished":"2025-09-11T09:48:33+00:00","dateModified":"2025-09-11T09:48:34+00:00","mainEntityOfPage":{"@id":"https:\/\/agrupacionespsoe.es\/ponferrada\/el-psoe-de-ponferrada-reclama-rigor-y-dialogo-frente-a-la-presion-politica-del-alcalde-con-la-reforma-de-las-piscinas-climatizadas-del-toralin\/"},"wordCount":529,"commentCount":0,"publisher":{"@id":"https:\/\/agrupacionespsoe.es\/ponferrada\/#organization"},"image":{"@id":"https:\/\/agrupacionespsoe.es\/ponferrada\/el-psoe-de-ponferrada-reclama-rigor-y-dialogo-frente-a-la-presion-politica-del-alcalde-con-la-reforma-de-las-piscinas-climatizadas-del-toralin\/#primaryimage"},"thumbnailUrl":"https:\/\/agrupacionespsoe.es\/ponferrada\/wp-content\/uploads\/sites\/36\/2025\/05\/WhatsApp-Image-2025-05-15-at-10.58.21.jpeg","articleSection":["ACTUALIDAD"],"inLanguage":"es","potentialAction":[{"@type":"CommentAction","name":"Comment","target":["https:\/\/agrupacionespsoe.es\/ponferrada\/el-psoe-de-ponferrada-reclama-rigor-y-dialogo-frente-a-la-presion-politica-del-alcalde-con-la-reforma-de-las-piscinas-climatizadas-del-toralin\/#respond"]}]},{"@type":"WebPage","@id":"https:\/\/agrupacionespsoe.es\/ponferrada\/el-psoe-de-ponferrada-reclama-rigor-y-dialogo-frente-a-la-presion-politica-del-alcalde-con-la-reforma-de-las-piscinas-climatizadas-del-toralin\/","url":"https:\/\/agrupacionespsoe.es\/ponferrada\/el-psoe-de-ponferrada-reclama-rigor-y-dialogo-frente-a-la-presion-politica-del-alcalde-con-la-reforma-de-las-piscinas-climatizadas-del-toralin\/","name":"El PSOE de Ponferrada reclama rigor y di\u00e1logo frente a la presi\u00f3n pol\u00edtica del alcalde con la reforma de las piscinas climatizadas del Toral\u00edn - Agrupaci\u00f3n Socialista de Ponferrada","isPartOf":{"@id":"https:\/\/agrupacionespsoe.es\/ponferrada\/#website"},"primaryImageOfPage":{"@id":"https:\/\/agrupacionespsoe.es\/ponferrada\/el-psoe-de-ponferrada-reclama-rigor-y-dialogo-frente-a-la-presion-politica-del-alcalde-con-la-reforma-de-las-piscinas-climatizadas-del-toralin\/#primaryimage"},"image":{"@id":"https:\/\/agrupacionespsoe.es\/ponferrada\/el-psoe-de-ponferrada-reclama-rigor-y-dialogo-frente-a-la-presion-politica-del-alcalde-con-la-reforma-de-las-piscinas-climatizadas-del-toralin\/#primaryimage"},"thumbnailUrl":"https:\/\/agrupacionespsoe.es\/ponferrada\/wp-content\/uploads\/sites\/36\/2025\/05\/WhatsApp-Image-2025-05-15-at-10.58.21.jpeg","datePublished":"2025-09-11T09:48:33+00:00","dateModified":"2025-09-11T09:48:34+00:00","breadcrumb":{"@id":"https:\/\/agrupacionespsoe.es\/ponferrada\/el-psoe-de-ponferrada-reclama-rigor-y-dialogo-frente-a-la-presion-politica-del-alcalde-con-la-reforma-de-las-piscinas-climatizadas-del-toralin\/#breadcrumb"},"inLanguage":"es","potentialAction":[{"@type":"ReadAction","target":["https:\/\/agrupacionespsoe.es\/ponferrada\/el-psoe-de-ponferrada-reclama-rigor-y-dialogo-frente-a-la-presion-politica-del-alcalde-con-la-reforma-de-las-piscinas-climatizadas-del-toralin\/"]}]},{"@type":"ImageObject","inLanguage":"es","@id":"https:\/\/agrupacionespsoe.es\/ponferrada\/el-psoe-de-ponferrada-reclama-rigor-y-dialogo-frente-a-la-presion-politica-del-alcalde-con-la-reforma-de-las-piscinas-climatizadas-del-toralin\/#primaryimage","url":"https:\/\/agrupacionespsoe.es\/ponferrada\/wp-content\/uploads\/sites\/36\/2025\/05\/WhatsApp-Image-2025-05-15-at-10.58.21.jpeg","contentUrl":"https:\/\/agrupacionespsoe.es\/ponferrada\/wp-content\/uploads\/sites\/36\/2025\/05\/WhatsApp-Image-2025-05-15-at-10.58.21.jpeg","width":1600,"height":1335},{"@type":"BreadcrumbList","@id":"https:\/\/agrupacionespsoe.es\/ponferrada\/el-psoe-de-ponferrada-reclama-rigor-y-dialogo-frente-a-la-presion-politica-del-alcalde-con-la-reforma-de-las-piscinas-climatizadas-del-toralin\/#breadcrumb","itemListElement":[{"@type":"ListItem","position":1,"name":"Portada","item":"https:\/\/agrupacionespsoe.es\/ponferrada\/"},{"@type":"ListItem","position":2,"name":"El PSOE de Ponferrada reclama rigor y di\u00e1logo frente a la presi\u00f3n pol\u00edtica del alcalde con la reforma de las piscinas climatizadas del Toral\u00edn"}]},{"@type":"WebSite","@id":"https:\/\/agrupacionespsoe.es\/ponferrada\/#website","url":"https:\/\/agrupacionespsoe.es\/ponferrada\/","name":"Agrupaci\u00f3n Socialista de Ponferrada","description":"Agrupaci\u00f3n Socialista de Ponferrada","publisher":{"@id":"https:\/\/agrupacionespsoe.es\/ponferrada\/#organization"},"potentialAction":[{"@type":"SearchAction","target":{"@type":"EntryPoint","urlTemplate":"https:\/\/agrupacionespsoe.es\/ponferrada\/?s={search_term_string}"},"query-input":{"@type":"PropertyValueSpecification","valueRequired":true,"valueName":"search_term_string"}}],"inLanguage":"es"},{"@type":"Organization","@id":"https:\/\/agrupacionespsoe.es\/ponferrada\/#organization","name":"Agrupaci\u00f3n Socialista de Ponferrada","url":"https:\/\/agrupacionespsoe.es\/ponferrada\/","logo":{"@type":"ImageObject","inLanguage":"es","@id":"https:\/\/agrupacionespsoe.es\/ponferrada\/#\/schema\/logo\/image\/","url":"https:\/\/agrupacionespsoe.es\/wp-content\/uploads\/2022\/07\/Logotipo_electoral_del_PSOE.png","contentUrl":"https:\/\/agrupacionespsoe.es\/wp-content\/uploads\/2022\/07\/Logotipo_electoral_del_PSOE.png","width":422,"height":422,"caption":"Agrupaci\u00f3n Socialista de Ponferrada"},"image":{"@id":"https:\/\/agrupacionespsoe.es\/ponferrada\/#\/schema\/logo\/image\/"}},{"@type":"Person","@id":"https:\/\/agrupacionespsoe.es\/ponferrada\/#\/schema\/person\/cd29ee627f3b70c05d415f02596debaa","name":"ponferrada2","image":{"@type":"ImageObject","inLanguage":"es","@id":"https:\/\/agrupacionespsoe.es\/ponferrada\/#\/schema\/person\/image\/","url":"https:\/\/secure.gravatar.com\/avatar\/f499eeb60144c664cf7b7edf75549b50?s=96&d=mm&r=g","contentUrl":"https:\/\/secure.gravatar.com\/avatar\/f499eeb60144c664cf7b7edf75549b50?s=96&d=mm&r=g","caption":"ponferrada2"},"url":"https:\/\/agrupacionespsoe.es\/ponferrada\/author\/ponferrada2\/"}]}},"jetpack_featured_media_url":"https:\/\/agrupacionespsoe.es\/ponferrada\/wp-content\/uploads\/sites\/36\/2025\/05\/WhatsApp-Image-2025-05-15-at-10.58.21.jpeg","jetpack_sharing_enabled":true,"_links":{"self":[{"href":"https:\/\/agrupacionespsoe.es\/ponferrada\/wp-json\/wp\/v2\/posts\/1087","targetHints":{"allow":["GET"]}}],"collection":[{"href":"https:\/\/agrupacionespsoe.es\/ponferrada\/wp-json\/wp\/v2\/posts"}],"about":[{"href":"https:\/\/agrupacionespsoe.es\/ponferrada\/wp-json\/wp\/v2\/types\/post"}],"author":[{"embeddable":true,"href":"https:\/\/agrupacionespsoe.es\/ponferrada\/wp-json\/wp\/v2\/users\/32"}],"replies":[{"embeddable":true,"href":"https:\/\/agrupacionespsoe.es\/ponferrada\/wp-json\/wp\/v2\/comments?post=1087"}],"version-history":[{"count":2,"href":"https:\/\/agrupacionespsoe.es\/ponferrada\/wp-json\/wp\/v2\/posts\/1087\/revisions"}],"predecessor-version":[{"id":1089,"href":"https:\/\/agrupacionespsoe.es\/ponferrada\/wp-json\/wp\/v2\/posts\/1087\/revisions\/1089"}],"wp:featuredmedia":[{"embeddable":true,"href":"https:\/\/agrupacionespsoe.es\/ponferrada\/wp-json\/wp\/v2\/media\/910"}],"wp:attachment":[{"href":"https:\/\/agrupacionespsoe.es\/ponferrada\/wp-json\/wp\/v2\/media?parent=1087"}],"wp:term":[{"taxonomy":"category","embeddable":true,"href":"https:\/\/agrupacionespsoe.es\/ponferrada\/wp-json\/wp\/v2\/categories?post=1087"},{"taxonomy":"post_tag","embeddable":true,"href":"https:\/\/agrupacionespsoe.es\/ponferrada\/wp-json\/wp\/v2\/tags?post=1087"}],"curies":[{"name":"wp","href":"https:\/\/api.w.org\/{rel}","templated":true}]}}