{"id":1084,"date":"2025-08-29T13:25:00","date_gmt":"2025-08-29T13:25:00","guid":{"rendered":"https:\/\/agrupacionespsoe.es\/ponferrada\/?p=1084"},"modified":"2025-09-04T08:27:13","modified_gmt":"2025-09-04T08:27:13","slug":"en-relacion-con-el-arreglo-de-las-piscinas-el-pp-en-ponferrada-solo-esta-preocupado-por-favorecer-al-pp-en-la-junta-de-castilla-y-leon","status":"publish","type":"post","link":"https:\/\/agrupacionespsoe.es\/ponferrada\/en-relacion-con-el-arreglo-de-las-piscinas-el-pp-en-ponferrada-solo-esta-preocupado-por-favorecer-al-pp-en-la-junta-de-castilla-y-leon\/","title":{"rendered":"En relaci\u00f3n con el arreglo de las piscinas el PP en Ponferrada solo est\u00e1 preocupado por favorecer al PP en la Junta de Castilla y Le\u00f3n"},"content":{"rendered":"\n<p>Preguntado por el proyecto de 2,9 millones de euros presentado como \u201cla \u00faltima oportunidad\u201d para dotar a Ponferrada de piscinas climatizadas, Olegario Ram\u00f3n fue tajante: <em>\u201cHe dicho claramente que antes de nada deben cumplir lo que firmaron y prometieron. Adem\u00e1s, conviene recordar que un consejero de la Junta de Castilla y Le\u00f3n asegur\u00f3 p\u00fablicamente que la instituci\u00f3n auton\u00f3mica financiar\u00eda la totalidad de la reparaci\u00f3n, costara lo que costara. Ahora parece que el Ayuntamiento tendr\u00e1 que asumir entre 1,8 y 1,9 millones, lo cual supone que se est\u00e1 enga\u00f1ando a los vecinos\u201d<\/em>.<\/p>\n\n\n\n<p>El portavoz critic\u00f3 que el equipo de gobierno \u201cmire por el bien del Partido Popular en la Junta y no por el bien del municipio\u201d, y denunci\u00f3 que no es cierto que la operaci\u00f3n vaya a salir \u201ca coste cero\u201d. Seg\u00fan detall\u00f3, la financiaci\u00f3n prevista contempla recursos del Somacyl y la venta de excedentes energ\u00e9ticos hasta 2036, fondos que podr\u00edan destinarse a necesidades m\u00e1s urgentes, como el apoyo a los pueblos del medio rural que han sufrido los recientes incendios.<\/p>\n\n\n\n<p><em>\u201cEse dinero deber\u00eda invertirse en atender las prioridades reales de los vecinos y no en operaciones que se presentan como gratuitas cuando en realidad hipotecan al Ayuntamiento durante m\u00e1s de una d\u00e9cada\u201d<\/em>, advirti\u00f3 Ram\u00f3n.<\/p>\n\n\n\n<p>Finalmente, reiter\u00f3 que su grupo no apoyar\u00e1 este proyecto mientras no se cumplan previamente los compromisos presupuestarios acordados en 2024: <em>\u201cNo vamos a avalar nuevas inversiones hasta que se respeten los acuerdos firmados. El cumplimiento de la palabra dada es la base de cualquier negociaci\u00f3n\u201d<\/em>.<\/p>\n","protected":false},"excerpt":{"rendered":"<p>Preguntado por el proyecto de 2,9 millones de euros presentado como \u201cla \u00faltima oportunidad\u201d para dotar a Ponferrada de piscinas climatizadas, Olegario Ram\u00f3n fue tajante: \u201cHe dicho claramente que antes de nada deben cumplir lo que firmaron y prometieron. Adem\u00e1s, conviene recordar que un consejero de la Junta de Castilla y Le\u00f3n asegur\u00f3 p\u00fablicamente que &#8230;<\/p>\n","protected":false},"author":32,"featured_media":1079,"comment_status":"open","ping_status":"open","sticky":false,"template":"","format":"standard","meta":{"_jetpack_memberships_contains_paid_content":false,"footnotes":""},"categories":[6],"tags":[],"class_list":["post-1084","post","type-post","status-publish","format-standard","has-post-thumbnail","hentry","category-actualidad"],"yoast_head":"<!-- This site is optimized with the Yoast SEO plugin v24.0 - https:\/\/yoast.com\/wordpress\/plugins\/seo\/ -->\n<title>En relaci\u00f3n con el arreglo de las piscinas el PP en Ponferrada solo est\u00e1 preocupado por favorecer al PP en la Junta de Castilla y Le\u00f3n - Agrupaci\u00f3n Socialista de Ponferrada<\/title>\n<meta name=\"robots\" content=\"index, follow, max-snippet:-1, max-image-preview:large, max-video-preview:-1\" \/>\n<link rel=\"canonical\" href=\"https:\/\/agrupacionespsoe.es\/ponferrada\/en-relacion-con-el-arreglo-de-las-piscinas-el-pp-en-ponferrada-solo-esta-preocupado-por-favorecer-al-pp-en-la-junta-de-castilla-y-leon\/\" \/>\n<meta property=\"og:locale\" content=\"es_ES\" \/>\n<meta property=\"og:type\" content=\"article\" \/>\n<meta property=\"og:title\" content=\"En relaci\u00f3n con el arreglo de las piscinas el PP en Ponferrada solo est\u00e1 preocupado por favorecer al PP en la Junta de Castilla y Le\u00f3n - Agrupaci\u00f3n Socialista de Ponferrada\" \/>\n<meta property=\"og:description\" content=\"Preguntado por el proyecto de 2,9 millones de euros presentado como \u201cla \u00faltima oportunidad\u201d para dotar a Ponferrada de piscinas climatizadas, Olegario Ram\u00f3n fue tajante: \u201cHe dicho claramente que antes de nada deben cumplir lo que firmaron y prometieron. Adem\u00e1s, conviene recordar que un consejero de la Junta de Castilla y Le\u00f3n asegur\u00f3 p\u00fablicamente que ...\" \/>\n<meta property=\"og:url\" content=\"https:\/\/agrupacionespsoe.es\/ponferrada\/en-relacion-con-el-arreglo-de-las-piscinas-el-pp-en-ponferrada-solo-esta-preocupado-por-favorecer-al-pp-en-la-junta-de-castilla-y-leon\/\" \/>\n<meta property=\"og:site_name\" content=\"Agrupaci\u00f3n Socialista de Ponferrada\" \/>\n<meta property=\"article:published_time\" content=\"2025-08-29T13:25:00+00:00\" \/>\n<meta property=\"article:modified_time\" content=\"2025-09-04T08:27:13+00:00\" \/>\n<meta property=\"og:image\" content=\"https:\/\/agrupacionespsoe.es\/ponferrada\/wp-content\/uploads\/sites\/36\/2025\/08\/WhatsApp-Image-2025-09-04-at-10.19.53.jpeg\" \/>\n\t<meta property=\"og:image:width\" content=\"1600\" \/>\n\t<meta property=\"og:image:height\" content=\"1200\" \/>\n\t<meta property=\"og:image:type\" content=\"image\/jpeg\" \/>\n<meta name=\"author\" content=\"ponferrada2\" \/>\n<meta name=\"twitter:card\" content=\"summary_large_image\" \/>\n<meta name=\"twitter:label1\" content=\"Escrito por\" \/>\n\t<meta name=\"twitter:data1\" content=\"ponferrada2\" \/>\n\t<meta name=\"twitter:label2\" content=\"Tiempo de lectura\" \/>\n\t<meta name=\"twitter:data2\" content=\"2 minutos\" \/>\n<script type=\"application\/ld+json\" class=\"yoast-schema-graph\">{\"@context\":\"https:\/\/schema.org\",\"@graph\":[{\"@type\":\"Article\",\"@id\":\"https:\/\/agrupacionespsoe.es\/ponferrada\/en-relacion-con-el-arreglo-de-las-piscinas-el-pp-en-ponferrada-solo-esta-preocupado-por-favorecer-al-pp-en-la-junta-de-castilla-y-leon\/#article\",\"isPartOf\":{\"@id\":\"https:\/\/agrupacionespsoe.es\/ponferrada\/en-relacion-con-el-arreglo-de-las-piscinas-el-pp-en-ponferrada-solo-esta-preocupado-por-favorecer-al-pp-en-la-junta-de-castilla-y-leon\/\"},\"author\":{\"name\":\"ponferrada2\",\"@id\":\"https:\/\/agrupacionespsoe.es\/ponferrada\/#\/schema\/person\/cd29ee627f3b70c05d415f02596debaa\"},\"headline\":\"En relaci\u00f3n con el arreglo de las piscinas el PP en Ponferrada solo est\u00e1 preocupado por favorecer al PP en la Junta de Castilla y Le\u00f3n\",\"datePublished\":\"2025-08-29T13:25:00+00:00\",\"dateModified\":\"2025-09-04T08:27:13+00:00\",\"mainEntityOfPage\":{\"@id\":\"https:\/\/agrupacionespsoe.es\/ponferrada\/en-relacion-con-el-arreglo-de-las-piscinas-el-pp-en-ponferrada-solo-esta-preocupado-por-favorecer-al-pp-en-la-junta-de-castilla-y-leon\/\"},\"wordCount\":293,\"commentCount\":0,\"publisher\":{\"@id\":\"https:\/\/agrupacionespsoe.es\/ponferrada\/#organization\"},\"image\":{\"@id\":\"https:\/\/agrupacionespsoe.es\/ponferrada\/en-relacion-con-el-arreglo-de-las-piscinas-el-pp-en-ponferrada-solo-esta-preocupado-por-favorecer-al-pp-en-la-junta-de-castilla-y-leon\/#primaryimage\"},\"thumbnailUrl\":\"https:\/\/agrupacionespsoe.es\/ponferrada\/wp-content\/uploads\/sites\/36\/2025\/08\/WhatsApp-Image-2025-09-04-at-10.19.53.jpeg\",\"articleSection\":[\"ACTUALIDAD\"],\"inLanguage\":\"es\",\"potentialAction\":[{\"@type\":\"CommentAction\",\"name\":\"Comment\",\"target\":[\"https:\/\/agrupacionespsoe.es\/ponferrada\/en-relacion-con-el-arreglo-de-las-piscinas-el-pp-en-ponferrada-solo-esta-preocupado-por-favorecer-al-pp-en-la-junta-de-castilla-y-leon\/#respond\"]}]},{\"@type\":\"WebPage\",\"@id\":\"https:\/\/agrupacionespsoe.es\/ponferrada\/en-relacion-con-el-arreglo-de-las-piscinas-el-pp-en-ponferrada-solo-esta-preocupado-por-favorecer-al-pp-en-la-junta-de-castilla-y-leon\/\",\"url\":\"https:\/\/agrupacionespsoe.es\/ponferrada\/en-relacion-con-el-arreglo-de-las-piscinas-el-pp-en-ponferrada-solo-esta-preocupado-por-favorecer-al-pp-en-la-junta-de-castilla-y-leon\/\",\"name\":\"En relaci\u00f3n con el arreglo de las piscinas el PP en Ponferrada solo est\u00e1 preocupado por favorecer al PP en la Junta de Castilla y Le\u00f3n - Agrupaci\u00f3n Socialista de Ponferrada\",\"isPartOf\":{\"@id\":\"https:\/\/agrupacionespsoe.es\/ponferrada\/#website\"},\"primaryImageOfPage\":{\"@id\":\"https:\/\/agrupacionespsoe.es\/ponferrada\/en-relacion-con-el-arreglo-de-las-piscinas-el-pp-en-ponferrada-solo-esta-preocupado-por-favorecer-al-pp-en-la-junta-de-castilla-y-leon\/#primaryimage\"},\"image\":{\"@id\":\"https:\/\/agrupacionespsoe.es\/ponferrada\/en-relacion-con-el-arreglo-de-las-piscinas-el-pp-en-ponferrada-solo-esta-preocupado-por-favorecer-al-pp-en-la-junta-de-castilla-y-leon\/#primaryimage\"},\"thumbnailUrl\":\"https:\/\/agrupacionespsoe.es\/ponferrada\/wp-content\/uploads\/sites\/36\/2025\/08\/WhatsApp-Image-2025-09-04-at-10.19.53.jpeg\",\"datePublished\":\"2025-08-29T13:25:00+00:00\",\"dateModified\":\"2025-09-04T08:27:13+00:00\",\"breadcrumb\":{\"@id\":\"https:\/\/agrupacionespsoe.es\/ponferrada\/en-relacion-con-el-arreglo-de-las-piscinas-el-pp-en-ponferrada-solo-esta-preocupado-por-favorecer-al-pp-en-la-junta-de-castilla-y-leon\/#breadcrumb\"},\"inLanguage\":\"es\",\"potentialAction\":[{\"@type\":\"ReadAction\",\"target\":[\"https:\/\/agrupacionespsoe.es\/ponferrada\/en-relacion-con-el-arreglo-de-las-piscinas-el-pp-en-ponferrada-solo-esta-preocupado-por-favorecer-al-pp-en-la-junta-de-castilla-y-leon\/\"]}]},{\"@type\":\"ImageObject\",\"inLanguage\":\"es\",\"@id\":\"https:\/\/agrupacionespsoe.es\/ponferrada\/en-relacion-con-el-arreglo-de-las-piscinas-el-pp-en-ponferrada-solo-esta-preocupado-por-favorecer-al-pp-en-la-junta-de-castilla-y-leon\/#primaryimage\",\"url\":\"https:\/\/agrupacionespsoe.es\/ponferrada\/wp-content\/uploads\/sites\/36\/2025\/08\/WhatsApp-Image-2025-09-04-at-10.19.53.jpeg\",\"contentUrl\":\"https:\/\/agrupacionespsoe.es\/ponferrada\/wp-content\/uploads\/sites\/36\/2025\/08\/WhatsApp-Image-2025-09-04-at-10.19.53.jpeg\",\"width\":1600,\"height\":1200},{\"@type\":\"BreadcrumbList\",\"@id\":\"https:\/\/agrupacionespsoe.es\/ponferrada\/en-relacion-con-el-arreglo-de-las-piscinas-el-pp-en-ponferrada-solo-esta-preocupado-por-favorecer-al-pp-en-la-junta-de-castilla-y-leon\/#breadcrumb\",\"itemListElement\":[{\"@type\":\"ListItem\",\"position\":1,\"name\":\"Portada\",\"item\":\"https:\/\/agrupacionespsoe.es\/ponferrada\/\"},{\"@type\":\"ListItem\",\"position\":2,\"name\":\"En relaci\u00f3n con el arreglo de las piscinas el PP en Ponferrada solo est\u00e1 preocupado por favorecer al PP en la Junta de Castilla y Le\u00f3n\"}]},{\"@type\":\"WebSite\",\"@id\":\"https:\/\/agrupacionespsoe.es\/ponferrada\/#website\",\"url\":\"https:\/\/agrupacionespsoe.es\/ponferrada\/\",\"name\":\"Agrupaci\u00f3n Socialista de Ponferrada\",\"description\":\"Agrupaci\u00f3n Socialista de Ponferrada\",\"publisher\":{\"@id\":\"https:\/\/agrupacionespsoe.es\/ponferrada\/#organization\"},\"potentialAction\":[{\"@type\":\"SearchAction\",\"target\":{\"@type\":\"EntryPoint\",\"urlTemplate\":\"https:\/\/agrupacionespsoe.es\/ponferrada\/?s={search_term_string}\"},\"query-input\":{\"@type\":\"PropertyValueSpecification\",\"valueRequired\":true,\"valueName\":\"search_term_string\"}}],\"inLanguage\":\"es\"},{\"@type\":\"Organization\",\"@id\":\"https:\/\/agrupacionespsoe.es\/ponferrada\/#organization\",\"name\":\"Agrupaci\u00f3n Socialista de Ponferrada\",\"url\":\"https:\/\/agrupacionespsoe.es\/ponferrada\/\",\"logo\":{\"@type\":\"ImageObject\",\"inLanguage\":\"es\",\"@id\":\"https:\/\/agrupacionespsoe.es\/ponferrada\/#\/schema\/logo\/image\/\",\"url\":\"https:\/\/agrupacionespsoe.es\/wp-content\/uploads\/2022\/07\/Logotipo_electoral_del_PSOE.png\",\"contentUrl\":\"https:\/\/agrupacionespsoe.es\/wp-content\/uploads\/2022\/07\/Logotipo_electoral_del_PSOE.png\",\"width\":422,\"height\":422,\"caption\":\"Agrupaci\u00f3n Socialista de Ponferrada\"},\"image\":{\"@id\":\"https:\/\/agrupacionespsoe.es\/ponferrada\/#\/schema\/logo\/image\/\"}},{\"@type\":\"Person\",\"@id\":\"https:\/\/agrupacionespsoe.es\/ponferrada\/#\/schema\/person\/cd29ee627f3b70c05d415f02596debaa\",\"name\":\"ponferrada2\",\"image\":{\"@type\":\"ImageObject\",\"inLanguage\":\"es\",\"@id\":\"https:\/\/agrupacionespsoe.es\/ponferrada\/#\/schema\/person\/image\/\",\"url\":\"https:\/\/secure.gravatar.com\/avatar\/f499eeb60144c664cf7b7edf75549b50?s=96&d=mm&r=g\",\"contentUrl\":\"https:\/\/secure.gravatar.com\/avatar\/f499eeb60144c664cf7b7edf75549b50?s=96&d=mm&r=g\",\"caption\":\"ponferrada2\"},\"url\":\"https:\/\/agrupacionespsoe.es\/ponferrada\/author\/ponferrada2\/\"}]}<\/script>\n<!-- \/ Yoast SEO plugin. -->","yoast_head_json":{"title":"En relaci\u00f3n con el arreglo de las piscinas el PP en Ponferrada solo est\u00e1 preocupado por favorecer al PP en la Junta de Castilla y Le\u00f3n - Agrupaci\u00f3n Socialista de Ponferrada","robots":{"index":"index","follow":"follow","max-snippet":"max-snippet:-1","max-image-preview":"max-image-preview:large","max-video-preview":"max-video-preview:-1"},"canonical":"https:\/\/agrupacionespsoe.es\/ponferrada\/en-relacion-con-el-arreglo-de-las-piscinas-el-pp-en-ponferrada-solo-esta-preocupado-por-favorecer-al-pp-en-la-junta-de-castilla-y-leon\/","og_locale":"es_ES","og_type":"article","og_title":"En relaci\u00f3n con el arreglo de las piscinas el PP en Ponferrada solo est\u00e1 preocupado por favorecer al PP en la Junta de Castilla y Le\u00f3n - Agrupaci\u00f3n Socialista de Ponferrada","og_description":"Preguntado por el proyecto de 2,9 millones de euros presentado como \u201cla \u00faltima oportunidad\u201d para dotar a Ponferrada de piscinas climatizadas, Olegario Ram\u00f3n fue tajante: \u201cHe dicho claramente que antes de nada deben cumplir lo que firmaron y prometieron. Adem\u00e1s, conviene recordar que un consejero de la Junta de Castilla y Le\u00f3n asegur\u00f3 p\u00fablicamente que ...","og_url":"https:\/\/agrupacionespsoe.es\/ponferrada\/en-relacion-con-el-arreglo-de-las-piscinas-el-pp-en-ponferrada-solo-esta-preocupado-por-favorecer-al-pp-en-la-junta-de-castilla-y-leon\/","og_site_name":"Agrupaci\u00f3n Socialista de Ponferrada","article_published_time":"2025-08-29T13:25:00+00:00","article_modified_time":"2025-09-04T08:27:13+00:00","og_image":[{"width":1600,"height":1200,"url":"https:\/\/agrupacionespsoe.es\/ponferrada\/wp-content\/uploads\/sites\/36\/2025\/08\/WhatsApp-Image-2025-09-04-at-10.19.53.jpeg","type":"image\/jpeg"}],"author":"ponferrada2","twitter_card":"summary_large_image","twitter_misc":{"Escrito por":"ponferrada2","Tiempo de lectura":"2 minutos"},"schema":{"@context":"https:\/\/schema.org","@graph":[{"@type":"Article","@id":"https:\/\/agrupacionespsoe.es\/ponferrada\/en-relacion-con-el-arreglo-de-las-piscinas-el-pp-en-ponferrada-solo-esta-preocupado-por-favorecer-al-pp-en-la-junta-de-castilla-y-leon\/#article","isPartOf":{"@id":"https:\/\/agrupacionespsoe.es\/ponferrada\/en-relacion-con-el-arreglo-de-las-piscinas-el-pp-en-ponferrada-solo-esta-preocupado-por-favorecer-al-pp-en-la-junta-de-castilla-y-leon\/"},"author":{"name":"ponferrada2","@id":"https:\/\/agrupacionespsoe.es\/ponferrada\/#\/schema\/person\/cd29ee627f3b70c05d415f02596debaa"},"headline":"En relaci\u00f3n con el arreglo de las piscinas el PP en Ponferrada solo est\u00e1 preocupado por favorecer al PP en la Junta de Castilla y Le\u00f3n","datePublished":"2025-08-29T13:25:00+00:00","dateModified":"2025-09-04T08:27:13+00:00","mainEntityOfPage":{"@id":"https:\/\/agrupacionespsoe.es\/ponferrada\/en-relacion-con-el-arreglo-de-las-piscinas-el-pp-en-ponferrada-solo-esta-preocupado-por-favorecer-al-pp-en-la-junta-de-castilla-y-leon\/"},"wordCount":293,"commentCount":0,"publisher":{"@id":"https:\/\/agrupacionespsoe.es\/ponferrada\/#organization"},"image":{"@id":"https:\/\/agrupacionespsoe.es\/ponferrada\/en-relacion-con-el-arreglo-de-las-piscinas-el-pp-en-ponferrada-solo-esta-preocupado-por-favorecer-al-pp-en-la-junta-de-castilla-y-leon\/#primaryimage"},"thumbnailUrl":"https:\/\/agrupacionespsoe.es\/ponferrada\/wp-content\/uploads\/sites\/36\/2025\/08\/WhatsApp-Image-2025-09-04-at-10.19.53.jpeg","articleSection":["ACTUALIDAD"],"inLanguage":"es","potentialAction":[{"@type":"CommentAction","name":"Comment","target":["https:\/\/agrupacionespsoe.es\/ponferrada\/en-relacion-con-el-arreglo-de-las-piscinas-el-pp-en-ponferrada-solo-esta-preocupado-por-favorecer-al-pp-en-la-junta-de-castilla-y-leon\/#respond"]}]},{"@type":"WebPage","@id":"https:\/\/agrupacionespsoe.es\/ponferrada\/en-relacion-con-el-arreglo-de-las-piscinas-el-pp-en-ponferrada-solo-esta-preocupado-por-favorecer-al-pp-en-la-junta-de-castilla-y-leon\/","url":"https:\/\/agrupacionespsoe.es\/ponferrada\/en-relacion-con-el-arreglo-de-las-piscinas-el-pp-en-ponferrada-solo-esta-preocupado-por-favorecer-al-pp-en-la-junta-de-castilla-y-leon\/","name":"En relaci\u00f3n con el arreglo de las piscinas el PP en Ponferrada solo est\u00e1 preocupado por favorecer al PP en la Junta de Castilla y Le\u00f3n - Agrupaci\u00f3n Socialista de Ponferrada","isPartOf":{"@id":"https:\/\/agrupacionespsoe.es\/ponferrada\/#website"},"primaryImageOfPage":{"@id":"https:\/\/agrupacionespsoe.es\/ponferrada\/en-relacion-con-el-arreglo-de-las-piscinas-el-pp-en-ponferrada-solo-esta-preocupado-por-favorecer-al-pp-en-la-junta-de-castilla-y-leon\/#primaryimage"},"image":{"@id":"https:\/\/agrupacionespsoe.es\/ponferrada\/en-relacion-con-el-arreglo-de-las-piscinas-el-pp-en-ponferrada-solo-esta-preocupado-por-favorecer-al-pp-en-la-junta-de-castilla-y-leon\/#primaryimage"},"thumbnailUrl":"https:\/\/agrupacionespsoe.es\/ponferrada\/wp-content\/uploads\/sites\/36\/2025\/08\/WhatsApp-Image-2025-09-04-at-10.19.53.jpeg","datePublished":"2025-08-29T13:25:00+00:00","dateModified":"2025-09-04T08:27:13+00:00","breadcrumb":{"@id":"https:\/\/agrupacionespsoe.es\/ponferrada\/en-relacion-con-el-arreglo-de-las-piscinas-el-pp-en-ponferrada-solo-esta-preocupado-por-favorecer-al-pp-en-la-junta-de-castilla-y-leon\/#breadcrumb"},"inLanguage":"es","potentialAction":[{"@type":"ReadAction","target":["https:\/\/agrupacionespsoe.es\/ponferrada\/en-relacion-con-el-arreglo-de-las-piscinas-el-pp-en-ponferrada-solo-esta-preocupado-por-favorecer-al-pp-en-la-junta-de-castilla-y-leon\/"]}]},{"@type":"ImageObject","inLanguage":"es","@id":"https:\/\/agrupacionespsoe.es\/ponferrada\/en-relacion-con-el-arreglo-de-las-piscinas-el-pp-en-ponferrada-solo-esta-preocupado-por-favorecer-al-pp-en-la-junta-de-castilla-y-leon\/#primaryimage","url":"https:\/\/agrupacionespsoe.es\/ponferrada\/wp-content\/uploads\/sites\/36\/2025\/08\/WhatsApp-Image-2025-09-04-at-10.19.53.jpeg","contentUrl":"https:\/\/agrupacionespsoe.es\/ponferrada\/wp-content\/uploads\/sites\/36\/2025\/08\/WhatsApp-Image-2025-09-04-at-10.19.53.jpeg","width":1600,"height":1200},{"@type":"BreadcrumbList","@id":"https:\/\/agrupacionespsoe.es\/ponferrada\/en-relacion-con-el-arreglo-de-las-piscinas-el-pp-en-ponferrada-solo-esta-preocupado-por-favorecer-al-pp-en-la-junta-de-castilla-y-leon\/#breadcrumb","itemListElement":[{"@type":"ListItem","position":1,"name":"Portada","item":"https:\/\/agrupacionespsoe.es\/ponferrada\/"},{"@type":"ListItem","position":2,"name":"En relaci\u00f3n con el arreglo de las piscinas el PP en Ponferrada solo est\u00e1 preocupado por favorecer al PP en la Junta de Castilla y Le\u00f3n"}]},{"@type":"WebSite","@id":"https:\/\/agrupacionespsoe.es\/ponferrada\/#website","url":"https:\/\/agrupacionespsoe.es\/ponferrada\/","name":"Agrupaci\u00f3n Socialista de Ponferrada","description":"Agrupaci\u00f3n Socialista de Ponferrada","publisher":{"@id":"https:\/\/agrupacionespsoe.es\/ponferrada\/#organization"},"potentialAction":[{"@type":"SearchAction","target":{"@type":"EntryPoint","urlTemplate":"https:\/\/agrupacionespsoe.es\/ponferrada\/?s={search_term_string}"},"query-input":{"@type":"PropertyValueSpecification","valueRequired":true,"valueName":"search_term_string"}}],"inLanguage":"es"},{"@type":"Organization","@id":"https:\/\/agrupacionespsoe.es\/ponferrada\/#organization","name":"Agrupaci\u00f3n Socialista de Ponferrada","url":"https:\/\/agrupacionespsoe.es\/ponferrada\/","logo":{"@type":"ImageObject","inLanguage":"es","@id":"https:\/\/agrupacionespsoe.es\/ponferrada\/#\/schema\/logo\/image\/","url":"https:\/\/agrupacionespsoe.es\/wp-content\/uploads\/2022\/07\/Logotipo_electoral_del_PSOE.png","contentUrl":"https:\/\/agrupacionespsoe.es\/wp-content\/uploads\/2022\/07\/Logotipo_electoral_del_PSOE.png","width":422,"height":422,"caption":"Agrupaci\u00f3n Socialista de Ponferrada"},"image":{"@id":"https:\/\/agrupacionespsoe.es\/ponferrada\/#\/schema\/logo\/image\/"}},{"@type":"Person","@id":"https:\/\/agrupacionespsoe.es\/ponferrada\/#\/schema\/person\/cd29ee627f3b70c05d415f02596debaa","name":"ponferrada2","image":{"@type":"ImageObject","inLanguage":"es","@id":"https:\/\/agrupacionespsoe.es\/ponferrada\/#\/schema\/person\/image\/","url":"https:\/\/secure.gravatar.com\/avatar\/f499eeb60144c664cf7b7edf75549b50?s=96&d=mm&r=g","contentUrl":"https:\/\/secure.gravatar.com\/avatar\/f499eeb60144c664cf7b7edf75549b50?s=96&d=mm&r=g","caption":"ponferrada2"},"url":"https:\/\/agrupacionespsoe.es\/ponferrada\/author\/ponferrada2\/"}]}},"jetpack_featured_media_url":"https:\/\/agrupacionespsoe.es\/ponferrada\/wp-content\/uploads\/sites\/36\/2025\/08\/WhatsApp-Image-2025-09-04-at-10.19.53.jpeg","jetpack_sharing_enabled":true,"_links":{"self":[{"href":"https:\/\/agrupacionespsoe.es\/ponferrada\/wp-json\/wp\/v2\/posts\/1084","targetHints":{"allow":["GET"]}}],"collection":[{"href":"https:\/\/agrupacionespsoe.es\/ponferrada\/wp-json\/wp\/v2\/posts"}],"about":[{"href":"https:\/\/agrupacionespsoe.es\/ponferrada\/wp-json\/wp\/v2\/types\/post"}],"author":[{"embeddable":true,"href":"https:\/\/agrupacionespsoe.es\/ponferrada\/wp-json\/wp\/v2\/users\/32"}],"replies":[{"embeddable":true,"href":"https:\/\/agrupacionespsoe.es\/ponferrada\/wp-json\/wp\/v2\/comments?post=1084"}],"version-history":[{"count":2,"href":"https:\/\/agrupacionespsoe.es\/ponferrada\/wp-json\/wp\/v2\/posts\/1084\/revisions"}],"predecessor-version":[{"id":1086,"href":"https:\/\/agrupacionespsoe.es\/ponferrada\/wp-json\/wp\/v2\/posts\/1084\/revisions\/1086"}],"wp:featuredmedia":[{"embeddable":true,"href":"https:\/\/agrupacionespsoe.es\/ponferrada\/wp-json\/wp\/v2\/media\/1079"}],"wp:attachment":[{"href":"https:\/\/agrupacionespsoe.es\/ponferrada\/wp-json\/wp\/v2\/media?parent=1084"}],"wp:term":[{"taxonomy":"category","embeddable":true,"href":"https:\/\/agrupacionespsoe.es\/ponferrada\/wp-json\/wp\/v2\/categories?post=1084"},{"taxonomy":"post_tag","embeddable":true,"href":"https:\/\/agrupacionespsoe.es\/ponferrada\/wp-json\/wp\/v2\/tags?post=1084"}],"curies":[{"name":"wp","href":"https:\/\/api.w.org\/{rel}","templated":true}]}}