{"id":1076,"date":"2025-08-29T12:16:00","date_gmt":"2025-08-29T12:16:00","guid":{"rendered":"https:\/\/agrupacionespsoe.es\/ponferrada\/?p=1076"},"modified":"2025-09-04T08:25:39","modified_gmt":"2025-09-04T08:25:39","slug":"olegario-ramon-condiciona-cualquier-negociacion-en-ponferrada-al-cumplimiento-integro-del-acuerdo-presupuestario-de-2024","status":"publish","type":"post","link":"https:\/\/agrupacionespsoe.es\/ponferrada\/olegario-ramon-condiciona-cualquier-negociacion-en-ponferrada-al-cumplimiento-integro-del-acuerdo-presupuestario-de-2024\/","title":{"rendered":"Olegario Ram\u00f3n condiciona cualquier negociaci\u00f3n en Ponferrada al cumplimiento \u00edntegro del acuerdo presupuestario de 2024"},"content":{"rendered":"\n<p>El portavoz municipal, Olegario Ram\u00f3n, ha manifestado en rueda de prensa su \u201cprofunda preocupaci\u00f3n\u201d por lo que considera un \u201cclaro y manifiesto incumplimiento\u201d de los acuerdos vinculados a la aprobaci\u00f3n del presupuesto de 2024, alcanzados entre su grupo y el equipo de gobierno del Ayuntamiento de Ponferrada.<\/p>\n\n\n\n<p>Ram\u00f3n record\u00f3 que su formaci\u00f3n facilit\u00f3 la aprobaci\u00f3n del presupuesto mediante la abstenci\u00f3n, condicionada a la ejecuci\u00f3n de una serie de compromisos que, seg\u00fan afirm\u00f3, \u201cno solo no se han cumplido en su mayor\u00eda, sino que algunos se han llevado a cabo de manera manifiestamente deficiente\u201d.<\/p>\n\n\n\n<p>Entre los ejemplos mencionados destac\u00f3:<\/p>\n\n\n\n<ul class=\"wp-block-list\">\n<li>Los problemas de abastecimiento de agua en San Clemente, donde la soluci\u00f3n t\u00e9cnica aplicada este verano ha dejado a la localidad sin suministro en dos ocasiones.<\/li>\n\n\n\n<li>La actuaci\u00f3n en Bouzas, \u201cmuy alejada de lo pactado inicialmente\u201d.<\/li>\n\n\n\n<li>La falta de acondicionamiento de la plaza de San Clemente <\/li>\n\n\n\n<li>La falta de avances en el Cylog<\/li>\n\n\n\n<li>La ausencia de avances en la creaci\u00f3n de la escuela y museo de cer\u00e1mica.<\/li>\n\n\n\n<li>La inexistencia de viviendas sociales previstas para 2024 y 2025.<\/li>\n\n\n\n<li>La falta de constituci\u00f3n de la comisi\u00f3n mixta para el proyecto del Bosque Urbano.<\/li>\n\n\n\n<li>La no ejecuci\u00f3n de la pista deportiva en Cuatrovientos.<\/li>\n\n\n\n<li>La ausencia del plan especial para la retirada de fibrocemento en la red de abastecimiento.<\/li>\n\n\n\n<li>La no creaci\u00f3n de la mesa del agua para mejorar la gesti\u00f3n del servicio en las pedan\u00edas.<\/li>\n<\/ul>\n\n\n\n<p>El portavoz fue tajante: <em>\u201cMientras no se cumpla \u00edntegramente el acuerdo de 2024, no participaremos en negociaciones ni apoyaremos nuevas inversiones propuestas por el Ayuntamiento\u201d<\/em>.<\/p>\n\n\n\n<p>No obstante, precis\u00f3 que su grupo buscar\u00e1 f\u00f3rmulas para que este bloqueo \u201cno perjudique a colectivos que dependen casi en exclusiva de la ayuda municipal, como asociaciones o clubes deportivos\u201d.<\/p>\n\n\n\n<p>Asimismo, Ram\u00f3n pidi\u00f3 al equipo de gobierno que priorice las inversiones en el medio rural, \u201cespecialmente en aquellos pueblos que han sufrido incendios durante las \u00faltimas semanas\u201d. En este sentido, denunci\u00f3 el incumplimiento del acuerdo de gobierno entre PP y Coalici\u00f3n por el Bierzo que contemplaba una inversi\u00f3n anual de 150.000 euros en un plan forestal de defensa frente a incendios: <em>\u201cSi ese compromiso se hubiera cumplido, estar\u00edamos en mejores condiciones de afrontar esta situaci\u00f3n\u201d<\/em>.<\/p>\n\n\n\n<figure class=\"wp-block-image size-large\"><img loading=\"lazy\" decoding=\"async\" width=\"1024\" height=\"768\" src=\"https:\/\/agrupacionespsoe.es\/ponferrada\/wp-content\/uploads\/sites\/36\/2025\/08\/WhatsApp-Image-2025-09-04-at-10.19.53-1024x768.jpeg\" alt=\"\" class=\"wp-image-1079\" srcset=\"https:\/\/agrupacionespsoe.es\/ponferrada\/wp-content\/uploads\/sites\/36\/2025\/08\/WhatsApp-Image-2025-09-04-at-10.19.53-1024x768.jpeg 1024w, https:\/\/agrupacionespsoe.es\/ponferrada\/wp-content\/uploads\/sites\/36\/2025\/08\/WhatsApp-Image-2025-09-04-at-10.19.53-300x225.jpeg 300w, https:\/\/agrupacionespsoe.es\/ponferrada\/wp-content\/uploads\/sites\/36\/2025\/08\/WhatsApp-Image-2025-09-04-at-10.19.53-768x576.jpeg 768w, https:\/\/agrupacionespsoe.es\/ponferrada\/wp-content\/uploads\/sites\/36\/2025\/08\/WhatsApp-Image-2025-09-04-at-10.19.53-1536x1152.jpeg 1536w, https:\/\/agrupacionespsoe.es\/ponferrada\/wp-content\/uploads\/sites\/36\/2025\/08\/WhatsApp-Image-2025-09-04-at-10.19.53.jpeg 1600w\" sizes=\"auto, (max-width: 1024px) 100vw, 1024px\" \/><\/figure>\n","protected":false},"excerpt":{"rendered":"<p>El portavoz municipal, Olegario Ram\u00f3n, ha manifestado en rueda de prensa su \u201cprofunda preocupaci\u00f3n\u201d por lo que considera un \u201cclaro y manifiesto incumplimiento\u201d de los acuerdos vinculados a la aprobaci\u00f3n del presupuesto de 2024, alcanzados entre su grupo y el equipo de gobierno del Ayuntamiento de Ponferrada. Ram\u00f3n record\u00f3 que su formaci\u00f3n facilit\u00f3 la aprobaci\u00f3n &#8230;<\/p>\n","protected":false},"author":32,"featured_media":1079,"comment_status":"open","ping_status":"open","sticky":false,"template":"","format":"standard","meta":{"_jetpack_memberships_contains_paid_content":false,"footnotes":""},"categories":[6],"tags":[],"class_list":["post-1076","post","type-post","status-publish","format-standard","has-post-thumbnail","hentry","category-actualidad"],"yoast_head":"<!-- This site is optimized with the Yoast SEO plugin v24.0 - https:\/\/yoast.com\/wordpress\/plugins\/seo\/ -->\n<title>Olegario Ram\u00f3n condiciona cualquier negociaci\u00f3n en Ponferrada al cumplimiento \u00edntegro del acuerdo presupuestario de 2024 - Agrupaci\u00f3n Socialista de Ponferrada<\/title>\n<meta name=\"robots\" content=\"index, follow, max-snippet:-1, max-image-preview:large, max-video-preview:-1\" \/>\n<link rel=\"canonical\" href=\"https:\/\/agrupacionespsoe.es\/ponferrada\/olegario-ramon-condiciona-cualquier-negociacion-en-ponferrada-al-cumplimiento-integro-del-acuerdo-presupuestario-de-2024\/\" \/>\n<meta property=\"og:locale\" content=\"es_ES\" \/>\n<meta property=\"og:type\" content=\"article\" \/>\n<meta property=\"og:title\" content=\"Olegario Ram\u00f3n condiciona cualquier negociaci\u00f3n en Ponferrada al cumplimiento \u00edntegro del acuerdo presupuestario de 2024 - Agrupaci\u00f3n Socialista de Ponferrada\" \/>\n<meta property=\"og:description\" content=\"El portavoz municipal, Olegario Ram\u00f3n, ha manifestado en rueda de prensa su \u201cprofunda preocupaci\u00f3n\u201d por lo que considera un \u201cclaro y manifiesto incumplimiento\u201d de los acuerdos vinculados a la aprobaci\u00f3n del presupuesto de 2024, alcanzados entre su grupo y el equipo de gobierno del Ayuntamiento de Ponferrada. Ram\u00f3n record\u00f3 que su formaci\u00f3n facilit\u00f3 la aprobaci\u00f3n ...\" \/>\n<meta property=\"og:url\" content=\"https:\/\/agrupacionespsoe.es\/ponferrada\/olegario-ramon-condiciona-cualquier-negociacion-en-ponferrada-al-cumplimiento-integro-del-acuerdo-presupuestario-de-2024\/\" \/>\n<meta property=\"og:site_name\" content=\"Agrupaci\u00f3n Socialista de Ponferrada\" \/>\n<meta property=\"article:published_time\" content=\"2025-08-29T12:16:00+00:00\" \/>\n<meta property=\"article:modified_time\" content=\"2025-09-04T08:25:39+00:00\" \/>\n<meta property=\"og:image\" content=\"https:\/\/agrupacionespsoe.es\/ponferrada\/wp-content\/uploads\/sites\/36\/2025\/08\/WhatsApp-Image-2025-09-04-at-10.19.53.jpeg\" \/>\n\t<meta property=\"og:image:width\" content=\"1600\" \/>\n\t<meta property=\"og:image:height\" content=\"1200\" \/>\n\t<meta property=\"og:image:type\" content=\"image\/jpeg\" \/>\n<meta name=\"author\" content=\"ponferrada2\" \/>\n<meta name=\"twitter:card\" content=\"summary_large_image\" \/>\n<meta name=\"twitter:label1\" content=\"Escrito por\" \/>\n\t<meta name=\"twitter:data1\" content=\"ponferrada2\" \/>\n\t<meta name=\"twitter:label2\" content=\"Tiempo de lectura\" \/>\n\t<meta name=\"twitter:data2\" content=\"3 minutos\" \/>\n<script type=\"application\/ld+json\" class=\"yoast-schema-graph\">{\"@context\":\"https:\/\/schema.org\",\"@graph\":[{\"@type\":\"Article\",\"@id\":\"https:\/\/agrupacionespsoe.es\/ponferrada\/olegario-ramon-condiciona-cualquier-negociacion-en-ponferrada-al-cumplimiento-integro-del-acuerdo-presupuestario-de-2024\/#article\",\"isPartOf\":{\"@id\":\"https:\/\/agrupacionespsoe.es\/ponferrada\/olegario-ramon-condiciona-cualquier-negociacion-en-ponferrada-al-cumplimiento-integro-del-acuerdo-presupuestario-de-2024\/\"},\"author\":{\"name\":\"ponferrada2\",\"@id\":\"https:\/\/agrupacionespsoe.es\/ponferrada\/#\/schema\/person\/cd29ee627f3b70c05d415f02596debaa\"},\"headline\":\"Olegario Ram\u00f3n condiciona cualquier negociaci\u00f3n en Ponferrada al cumplimiento \u00edntegro del acuerdo presupuestario de 2024\",\"datePublished\":\"2025-08-29T12:16:00+00:00\",\"dateModified\":\"2025-09-04T08:25:39+00:00\",\"mainEntityOfPage\":{\"@id\":\"https:\/\/agrupacionespsoe.es\/ponferrada\/olegario-ramon-condiciona-cualquier-negociacion-en-ponferrada-al-cumplimiento-integro-del-acuerdo-presupuestario-de-2024\/\"},\"wordCount\":398,\"commentCount\":0,\"publisher\":{\"@id\":\"https:\/\/agrupacionespsoe.es\/ponferrada\/#organization\"},\"image\":{\"@id\":\"https:\/\/agrupacionespsoe.es\/ponferrada\/olegario-ramon-condiciona-cualquier-negociacion-en-ponferrada-al-cumplimiento-integro-del-acuerdo-presupuestario-de-2024\/#primaryimage\"},\"thumbnailUrl\":\"https:\/\/agrupacionespsoe.es\/ponferrada\/wp-content\/uploads\/sites\/36\/2025\/08\/WhatsApp-Image-2025-09-04-at-10.19.53.jpeg\",\"articleSection\":[\"ACTUALIDAD\"],\"inLanguage\":\"es\",\"potentialAction\":[{\"@type\":\"CommentAction\",\"name\":\"Comment\",\"target\":[\"https:\/\/agrupacionespsoe.es\/ponferrada\/olegario-ramon-condiciona-cualquier-negociacion-en-ponferrada-al-cumplimiento-integro-del-acuerdo-presupuestario-de-2024\/#respond\"]}]},{\"@type\":\"WebPage\",\"@id\":\"https:\/\/agrupacionespsoe.es\/ponferrada\/olegario-ramon-condiciona-cualquier-negociacion-en-ponferrada-al-cumplimiento-integro-del-acuerdo-presupuestario-de-2024\/\",\"url\":\"https:\/\/agrupacionespsoe.es\/ponferrada\/olegario-ramon-condiciona-cualquier-negociacion-en-ponferrada-al-cumplimiento-integro-del-acuerdo-presupuestario-de-2024\/\",\"name\":\"Olegario Ram\u00f3n condiciona cualquier negociaci\u00f3n en Ponferrada al cumplimiento \u00edntegro del acuerdo presupuestario de 2024 - Agrupaci\u00f3n Socialista de Ponferrada\",\"isPartOf\":{\"@id\":\"https:\/\/agrupacionespsoe.es\/ponferrada\/#website\"},\"primaryImageOfPage\":{\"@id\":\"https:\/\/agrupacionespsoe.es\/ponferrada\/olegario-ramon-condiciona-cualquier-negociacion-en-ponferrada-al-cumplimiento-integro-del-acuerdo-presupuestario-de-2024\/#primaryimage\"},\"image\":{\"@id\":\"https:\/\/agrupacionespsoe.es\/ponferrada\/olegario-ramon-condiciona-cualquier-negociacion-en-ponferrada-al-cumplimiento-integro-del-acuerdo-presupuestario-de-2024\/#primaryimage\"},\"thumbnailUrl\":\"https:\/\/agrupacionespsoe.es\/ponferrada\/wp-content\/uploads\/sites\/36\/2025\/08\/WhatsApp-Image-2025-09-04-at-10.19.53.jpeg\",\"datePublished\":\"2025-08-29T12:16:00+00:00\",\"dateModified\":\"2025-09-04T08:25:39+00:00\",\"breadcrumb\":{\"@id\":\"https:\/\/agrupacionespsoe.es\/ponferrada\/olegario-ramon-condiciona-cualquier-negociacion-en-ponferrada-al-cumplimiento-integro-del-acuerdo-presupuestario-de-2024\/#breadcrumb\"},\"inLanguage\":\"es\",\"potentialAction\":[{\"@type\":\"ReadAction\",\"target\":[\"https:\/\/agrupacionespsoe.es\/ponferrada\/olegario-ramon-condiciona-cualquier-negociacion-en-ponferrada-al-cumplimiento-integro-del-acuerdo-presupuestario-de-2024\/\"]}]},{\"@type\":\"ImageObject\",\"inLanguage\":\"es\",\"@id\":\"https:\/\/agrupacionespsoe.es\/ponferrada\/olegario-ramon-condiciona-cualquier-negociacion-en-ponferrada-al-cumplimiento-integro-del-acuerdo-presupuestario-de-2024\/#primaryimage\",\"url\":\"https:\/\/agrupacionespsoe.es\/ponferrada\/wp-content\/uploads\/sites\/36\/2025\/08\/WhatsApp-Image-2025-09-04-at-10.19.53.jpeg\",\"contentUrl\":\"https:\/\/agrupacionespsoe.es\/ponferrada\/wp-content\/uploads\/sites\/36\/2025\/08\/WhatsApp-Image-2025-09-04-at-10.19.53.jpeg\",\"width\":1600,\"height\":1200},{\"@type\":\"BreadcrumbList\",\"@id\":\"https:\/\/agrupacionespsoe.es\/ponferrada\/olegario-ramon-condiciona-cualquier-negociacion-en-ponferrada-al-cumplimiento-integro-del-acuerdo-presupuestario-de-2024\/#breadcrumb\",\"itemListElement\":[{\"@type\":\"ListItem\",\"position\":1,\"name\":\"Portada\",\"item\":\"https:\/\/agrupacionespsoe.es\/ponferrada\/\"},{\"@type\":\"ListItem\",\"position\":2,\"name\":\"Olegario Ram\u00f3n condiciona cualquier negociaci\u00f3n en Ponferrada al cumplimiento \u00edntegro del acuerdo presupuestario de 2024\"}]},{\"@type\":\"WebSite\",\"@id\":\"https:\/\/agrupacionespsoe.es\/ponferrada\/#website\",\"url\":\"https:\/\/agrupacionespsoe.es\/ponferrada\/\",\"name\":\"Agrupaci\u00f3n Socialista de Ponferrada\",\"description\":\"Agrupaci\u00f3n Socialista de Ponferrada\",\"publisher\":{\"@id\":\"https:\/\/agrupacionespsoe.es\/ponferrada\/#organization\"},\"potentialAction\":[{\"@type\":\"SearchAction\",\"target\":{\"@type\":\"EntryPoint\",\"urlTemplate\":\"https:\/\/agrupacionespsoe.es\/ponferrada\/?s={search_term_string}\"},\"query-input\":{\"@type\":\"PropertyValueSpecification\",\"valueRequired\":true,\"valueName\":\"search_term_string\"}}],\"inLanguage\":\"es\"},{\"@type\":\"Organization\",\"@id\":\"https:\/\/agrupacionespsoe.es\/ponferrada\/#organization\",\"name\":\"Agrupaci\u00f3n Socialista de Ponferrada\",\"url\":\"https:\/\/agrupacionespsoe.es\/ponferrada\/\",\"logo\":{\"@type\":\"ImageObject\",\"inLanguage\":\"es\",\"@id\":\"https:\/\/agrupacionespsoe.es\/ponferrada\/#\/schema\/logo\/image\/\",\"url\":\"https:\/\/agrupacionespsoe.es\/wp-content\/uploads\/2022\/07\/Logotipo_electoral_del_PSOE.png\",\"contentUrl\":\"https:\/\/agrupacionespsoe.es\/wp-content\/uploads\/2022\/07\/Logotipo_electoral_del_PSOE.png\",\"width\":422,\"height\":422,\"caption\":\"Agrupaci\u00f3n Socialista de Ponferrada\"},\"image\":{\"@id\":\"https:\/\/agrupacionespsoe.es\/ponferrada\/#\/schema\/logo\/image\/\"}},{\"@type\":\"Person\",\"@id\":\"https:\/\/agrupacionespsoe.es\/ponferrada\/#\/schema\/person\/cd29ee627f3b70c05d415f02596debaa\",\"name\":\"ponferrada2\",\"image\":{\"@type\":\"ImageObject\",\"inLanguage\":\"es\",\"@id\":\"https:\/\/agrupacionespsoe.es\/ponferrada\/#\/schema\/person\/image\/\",\"url\":\"https:\/\/secure.gravatar.com\/avatar\/f499eeb60144c664cf7b7edf75549b50?s=96&d=mm&r=g\",\"contentUrl\":\"https:\/\/secure.gravatar.com\/avatar\/f499eeb60144c664cf7b7edf75549b50?s=96&d=mm&r=g\",\"caption\":\"ponferrada2\"},\"url\":\"https:\/\/agrupacionespsoe.es\/ponferrada\/author\/ponferrada2\/\"}]}<\/script>\n<!-- \/ Yoast SEO plugin. -->","yoast_head_json":{"title":"Olegario Ram\u00f3n condiciona cualquier negociaci\u00f3n en Ponferrada al cumplimiento \u00edntegro del acuerdo presupuestario de 2024 - Agrupaci\u00f3n Socialista de Ponferrada","robots":{"index":"index","follow":"follow","max-snippet":"max-snippet:-1","max-image-preview":"max-image-preview:large","max-video-preview":"max-video-preview:-1"},"canonical":"https:\/\/agrupacionespsoe.es\/ponferrada\/olegario-ramon-condiciona-cualquier-negociacion-en-ponferrada-al-cumplimiento-integro-del-acuerdo-presupuestario-de-2024\/","og_locale":"es_ES","og_type":"article","og_title":"Olegario Ram\u00f3n condiciona cualquier negociaci\u00f3n en Ponferrada al cumplimiento \u00edntegro del acuerdo presupuestario de 2024 - Agrupaci\u00f3n Socialista de Ponferrada","og_description":"El portavoz municipal, Olegario Ram\u00f3n, ha manifestado en rueda de prensa su \u201cprofunda preocupaci\u00f3n\u201d por lo que considera un \u201cclaro y manifiesto incumplimiento\u201d de los acuerdos vinculados a la aprobaci\u00f3n del presupuesto de 2024, alcanzados entre su grupo y el equipo de gobierno del Ayuntamiento de Ponferrada. Ram\u00f3n record\u00f3 que su formaci\u00f3n facilit\u00f3 la aprobaci\u00f3n ...","og_url":"https:\/\/agrupacionespsoe.es\/ponferrada\/olegario-ramon-condiciona-cualquier-negociacion-en-ponferrada-al-cumplimiento-integro-del-acuerdo-presupuestario-de-2024\/","og_site_name":"Agrupaci\u00f3n Socialista de Ponferrada","article_published_time":"2025-08-29T12:16:00+00:00","article_modified_time":"2025-09-04T08:25:39+00:00","og_image":[{"width":1600,"height":1200,"url":"https:\/\/agrupacionespsoe.es\/ponferrada\/wp-content\/uploads\/sites\/36\/2025\/08\/WhatsApp-Image-2025-09-04-at-10.19.53.jpeg","type":"image\/jpeg"}],"author":"ponferrada2","twitter_card":"summary_large_image","twitter_misc":{"Escrito por":"ponferrada2","Tiempo de lectura":"3 minutos"},"schema":{"@context":"https:\/\/schema.org","@graph":[{"@type":"Article","@id":"https:\/\/agrupacionespsoe.es\/ponferrada\/olegario-ramon-condiciona-cualquier-negociacion-en-ponferrada-al-cumplimiento-integro-del-acuerdo-presupuestario-de-2024\/#article","isPartOf":{"@id":"https:\/\/agrupacionespsoe.es\/ponferrada\/olegario-ramon-condiciona-cualquier-negociacion-en-ponferrada-al-cumplimiento-integro-del-acuerdo-presupuestario-de-2024\/"},"author":{"name":"ponferrada2","@id":"https:\/\/agrupacionespsoe.es\/ponferrada\/#\/schema\/person\/cd29ee627f3b70c05d415f02596debaa"},"headline":"Olegario Ram\u00f3n condiciona cualquier negociaci\u00f3n en Ponferrada al cumplimiento \u00edntegro del acuerdo presupuestario de 2024","datePublished":"2025-08-29T12:16:00+00:00","dateModified":"2025-09-04T08:25:39+00:00","mainEntityOfPage":{"@id":"https:\/\/agrupacionespsoe.es\/ponferrada\/olegario-ramon-condiciona-cualquier-negociacion-en-ponferrada-al-cumplimiento-integro-del-acuerdo-presupuestario-de-2024\/"},"wordCount":398,"commentCount":0,"publisher":{"@id":"https:\/\/agrupacionespsoe.es\/ponferrada\/#organization"},"image":{"@id":"https:\/\/agrupacionespsoe.es\/ponferrada\/olegario-ramon-condiciona-cualquier-negociacion-en-ponferrada-al-cumplimiento-integro-del-acuerdo-presupuestario-de-2024\/#primaryimage"},"thumbnailUrl":"https:\/\/agrupacionespsoe.es\/ponferrada\/wp-content\/uploads\/sites\/36\/2025\/08\/WhatsApp-Image-2025-09-04-at-10.19.53.jpeg","articleSection":["ACTUALIDAD"],"inLanguage":"es","potentialAction":[{"@type":"CommentAction","name":"Comment","target":["https:\/\/agrupacionespsoe.es\/ponferrada\/olegario-ramon-condiciona-cualquier-negociacion-en-ponferrada-al-cumplimiento-integro-del-acuerdo-presupuestario-de-2024\/#respond"]}]},{"@type":"WebPage","@id":"https:\/\/agrupacionespsoe.es\/ponferrada\/olegario-ramon-condiciona-cualquier-negociacion-en-ponferrada-al-cumplimiento-integro-del-acuerdo-presupuestario-de-2024\/","url":"https:\/\/agrupacionespsoe.es\/ponferrada\/olegario-ramon-condiciona-cualquier-negociacion-en-ponferrada-al-cumplimiento-integro-del-acuerdo-presupuestario-de-2024\/","name":"Olegario Ram\u00f3n condiciona cualquier negociaci\u00f3n en Ponferrada al cumplimiento \u00edntegro del acuerdo presupuestario de 2024 - Agrupaci\u00f3n Socialista de Ponferrada","isPartOf":{"@id":"https:\/\/agrupacionespsoe.es\/ponferrada\/#website"},"primaryImageOfPage":{"@id":"https:\/\/agrupacionespsoe.es\/ponferrada\/olegario-ramon-condiciona-cualquier-negociacion-en-ponferrada-al-cumplimiento-integro-del-acuerdo-presupuestario-de-2024\/#primaryimage"},"image":{"@id":"https:\/\/agrupacionespsoe.es\/ponferrada\/olegario-ramon-condiciona-cualquier-negociacion-en-ponferrada-al-cumplimiento-integro-del-acuerdo-presupuestario-de-2024\/#primaryimage"},"thumbnailUrl":"https:\/\/agrupacionespsoe.es\/ponferrada\/wp-content\/uploads\/sites\/36\/2025\/08\/WhatsApp-Image-2025-09-04-at-10.19.53.jpeg","datePublished":"2025-08-29T12:16:00+00:00","dateModified":"2025-09-04T08:25:39+00:00","breadcrumb":{"@id":"https:\/\/agrupacionespsoe.es\/ponferrada\/olegario-ramon-condiciona-cualquier-negociacion-en-ponferrada-al-cumplimiento-integro-del-acuerdo-presupuestario-de-2024\/#breadcrumb"},"inLanguage":"es","potentialAction":[{"@type":"ReadAction","target":["https:\/\/agrupacionespsoe.es\/ponferrada\/olegario-ramon-condiciona-cualquier-negociacion-en-ponferrada-al-cumplimiento-integro-del-acuerdo-presupuestario-de-2024\/"]}]},{"@type":"ImageObject","inLanguage":"es","@id":"https:\/\/agrupacionespsoe.es\/ponferrada\/olegario-ramon-condiciona-cualquier-negociacion-en-ponferrada-al-cumplimiento-integro-del-acuerdo-presupuestario-de-2024\/#primaryimage","url":"https:\/\/agrupacionespsoe.es\/ponferrada\/wp-content\/uploads\/sites\/36\/2025\/08\/WhatsApp-Image-2025-09-04-at-10.19.53.jpeg","contentUrl":"https:\/\/agrupacionespsoe.es\/ponferrada\/wp-content\/uploads\/sites\/36\/2025\/08\/WhatsApp-Image-2025-09-04-at-10.19.53.jpeg","width":1600,"height":1200},{"@type":"BreadcrumbList","@id":"https:\/\/agrupacionespsoe.es\/ponferrada\/olegario-ramon-condiciona-cualquier-negociacion-en-ponferrada-al-cumplimiento-integro-del-acuerdo-presupuestario-de-2024\/#breadcrumb","itemListElement":[{"@type":"ListItem","position":1,"name":"Portada","item":"https:\/\/agrupacionespsoe.es\/ponferrada\/"},{"@type":"ListItem","position":2,"name":"Olegario Ram\u00f3n condiciona cualquier negociaci\u00f3n en Ponferrada al cumplimiento \u00edntegro del acuerdo presupuestario de 2024"}]},{"@type":"WebSite","@id":"https:\/\/agrupacionespsoe.es\/ponferrada\/#website","url":"https:\/\/agrupacionespsoe.es\/ponferrada\/","name":"Agrupaci\u00f3n Socialista de Ponferrada","description":"Agrupaci\u00f3n Socialista de Ponferrada","publisher":{"@id":"https:\/\/agrupacionespsoe.es\/ponferrada\/#organization"},"potentialAction":[{"@type":"SearchAction","target":{"@type":"EntryPoint","urlTemplate":"https:\/\/agrupacionespsoe.es\/ponferrada\/?s={search_term_string}"},"query-input":{"@type":"PropertyValueSpecification","valueRequired":true,"valueName":"search_term_string"}}],"inLanguage":"es"},{"@type":"Organization","@id":"https:\/\/agrupacionespsoe.es\/ponferrada\/#organization","name":"Agrupaci\u00f3n Socialista de Ponferrada","url":"https:\/\/agrupacionespsoe.es\/ponferrada\/","logo":{"@type":"ImageObject","inLanguage":"es","@id":"https:\/\/agrupacionespsoe.es\/ponferrada\/#\/schema\/logo\/image\/","url":"https:\/\/agrupacionespsoe.es\/wp-content\/uploads\/2022\/07\/Logotipo_electoral_del_PSOE.png","contentUrl":"https:\/\/agrupacionespsoe.es\/wp-content\/uploads\/2022\/07\/Logotipo_electoral_del_PSOE.png","width":422,"height":422,"caption":"Agrupaci\u00f3n Socialista de Ponferrada"},"image":{"@id":"https:\/\/agrupacionespsoe.es\/ponferrada\/#\/schema\/logo\/image\/"}},{"@type":"Person","@id":"https:\/\/agrupacionespsoe.es\/ponferrada\/#\/schema\/person\/cd29ee627f3b70c05d415f02596debaa","name":"ponferrada2","image":{"@type":"ImageObject","inLanguage":"es","@id":"https:\/\/agrupacionespsoe.es\/ponferrada\/#\/schema\/person\/image\/","url":"https:\/\/secure.gravatar.com\/avatar\/f499eeb60144c664cf7b7edf75549b50?s=96&d=mm&r=g","contentUrl":"https:\/\/secure.gravatar.com\/avatar\/f499eeb60144c664cf7b7edf75549b50?s=96&d=mm&r=g","caption":"ponferrada2"},"url":"https:\/\/agrupacionespsoe.es\/ponferrada\/author\/ponferrada2\/"}]}},"jetpack_featured_media_url":"https:\/\/agrupacionespsoe.es\/ponferrada\/wp-content\/uploads\/sites\/36\/2025\/08\/WhatsApp-Image-2025-09-04-at-10.19.53.jpeg","jetpack_sharing_enabled":true,"_links":{"self":[{"href":"https:\/\/agrupacionespsoe.es\/ponferrada\/wp-json\/wp\/v2\/posts\/1076","targetHints":{"allow":["GET"]}}],"collection":[{"href":"https:\/\/agrupacionespsoe.es\/ponferrada\/wp-json\/wp\/v2\/posts"}],"about":[{"href":"https:\/\/agrupacionespsoe.es\/ponferrada\/wp-json\/wp\/v2\/types\/post"}],"author":[{"embeddable":true,"href":"https:\/\/agrupacionespsoe.es\/ponferrada\/wp-json\/wp\/v2\/users\/32"}],"replies":[{"embeddable":true,"href":"https:\/\/agrupacionespsoe.es\/ponferrada\/wp-json\/wp\/v2\/comments?post=1076"}],"version-history":[{"count":5,"href":"https:\/\/agrupacionespsoe.es\/ponferrada\/wp-json\/wp\/v2\/posts\/1076\/revisions"}],"predecessor-version":[{"id":1083,"href":"https:\/\/agrupacionespsoe.es\/ponferrada\/wp-json\/wp\/v2\/posts\/1076\/revisions\/1083"}],"wp:featuredmedia":[{"embeddable":true,"href":"https:\/\/agrupacionespsoe.es\/ponferrada\/wp-json\/wp\/v2\/media\/1079"}],"wp:attachment":[{"href":"https:\/\/agrupacionespsoe.es\/ponferrada\/wp-json\/wp\/v2\/media?parent=1076"}],"wp:term":[{"taxonomy":"category","embeddable":true,"href":"https:\/\/agrupacionespsoe.es\/ponferrada\/wp-json\/wp\/v2\/categories?post=1076"},{"taxonomy":"post_tag","embeddable":true,"href":"https:\/\/agrupacionespsoe.es\/ponferrada\/wp-json\/wp\/v2\/tags?post=1076"}],"curies":[{"name":"wp","href":"https:\/\/api.w.org\/{rel}","templated":true}]}}