{"id":1066,"date":"2025-09-03T12:04:00","date_gmt":"2025-09-03T12:04:00","guid":{"rendered":"https:\/\/agrupacionespsoe.es\/ponferrada\/?p=1066"},"modified":"2025-09-04T08:10:47","modified_gmt":"2025-09-04T08:10:47","slug":"el-grupo-municipal-socialista-denuncia-la-mala-gestion-de-la-oficina-de-turismo","status":"publish","type":"post","link":"https:\/\/agrupacionespsoe.es\/ponferrada\/el-grupo-municipal-socialista-denuncia-la-mala-gestion-de-la-oficina-de-turismo\/","title":{"rendered":"El Grupo Municipal Socialista denuncia la mala gesti\u00f3n de la Oficina de Turismo"},"content":{"rendered":"\n<p>El Grupo Municipal Socialista de Ponferrada lamenta y denuncia p\u00fablicamente la deficiente gesti\u00f3n de la Oficina de Turismo, que una vez m\u00e1s ha vuelto a dejar patente la falta de planificaci\u00f3n y el abandono de un servicio b\u00e1sico para nuestra ciudad.<\/p>\n\n\n\n<p>La concejala socialista Silvia Blanco se\u00f1ala que no s\u00f3lo se trata de que la oficina de turismo est\u00e9 cerrada con aviso o sin \u00e9l, sino que considera que el horario de atenci\u00f3n es claramente insuficiente, abre en horario de 10.15h a 16.45h.<\/p>\n\n\n\n<p>Desde el grupo socialista se les ha pedido en numerosas ocasiones que se ampl\u00ede este horario, tanto en Comisi\u00f3n como en Pleno, al menos durante los meses de verano, para ofrecer a vecinos y visitantes una atenci\u00f3n m\u00e1s completa y acorde con las necesidades de Ponferrada, pero no hemos obtenido respuesta.<\/p>\n\n\n\n<p>Adem\u00e1s, el pasado 1 de septiembre, coincidiendo con las Fiestas de la Encina, la Oficina de Turismo permaneci\u00f3 cerrada sin previo aviso. No fue hasta que este grupo municipal lo denunci\u00f3 cuando se improvis\u00f3 una \u201csoluci\u00f3n\u201d vergonzante: dejar las cajas de los programas de fiestas en el exterior para que los ciudadanos y visitantes los cogieran directamente, convirtiendo la Oficina de Turismo en un mero self-service, lo que creemos que es inaceptable para una ciudad como Ponferrada.<\/p>\n\n\n\n<p>No se trata de un hecho aislado. Tambi\u00e9n los d\u00edas 18 y 19 de agosto la Oficina permaneci\u00f3 cerrada, dejando a turistas, visitantes y peregrinos sin un punto de informaci\u00f3n fundamental.<\/p>\n\n\n\n<p>Nos preguntamos \u00bfsi los del d\u00eda 1 era una baja laboral, los otros d\u00edas en los que estuvo cerrada, cu\u00e1l era el motivo?. Es curioso que hasta principios de este a\u00f1o ten\u00edan una persona asignada a la oficina de turismo que hab\u00edan trasladado de otro servicio, seg\u00fan ellos mismos dec\u00edan en el decreto se \u201cnecesitaba reforzar el servicio\u201d no entendemos por qu\u00e9 a partir de febrero ya no es necesario ese refuerzo y nos encontramos con la oficina de turismo cerrada en pleno agosto y con un horario totalmente insuficiente.<\/p>\n\n\n\n<p>Se\u00f1ala que lo que creemos que realmente ocurre es que no son capaces de organizar el personal, de prever las vacaciones ni cubrir los servicios con la m\u00ednima antelaci\u00f3n. Es pura descoordinaci\u00f3n o igual sobran asesores en el equipo de gobierno y falta personal de atenci\u00f3n directa a la ciudadan\u00eda. Pero lo que est\u00e1 claro es que desde que el Sr. Morala es Alcalde hay un deterioro de la calidad del servicio evidente.<\/p>\n\n\n\n<p>Con esta gesti\u00f3n, el alcalde Morala demuestra que no apuesta por el turismo ni por ofrecer servicios de calidad a quienes visitan Ponferrada. Al contrario. Mientras tanto, el concejal de Personal est\u00e1 m\u00e1s preocupado en otras tareas, y el concejal de Turismo se dedica a justificar sus incumplimientos y su salario en lugar de trabajar en sus \u00e1reas.<\/p>\n\n\n\n<p>Finaliza se\u00f1alando que desde el Grupo Municipal Socialista exigimos al equipo de gobierno una planificaci\u00f3n seria, una reorganizaci\u00f3n responsable y un compromiso real con el turismo, que es motor de desarrollo econ\u00f3mico y social de Ponferrada. Nuestra ciudad merece una Oficina de Turismo a la altura de su patrimonio y de sus visitantes, no un servicio cerrado, improvisado y abandonado. No nos podemos permitir dar esta imagen de abandono a quienes nos visitan.<\/p>\n\n\n\n<figure class=\"wp-block-gallery has-nested-images columns-default is-cropped wp-block-gallery-1 is-layout-flex wp-block-gallery-is-layout-flex\">\n<figure class=\"wp-block-image size-large\"><img loading=\"lazy\" decoding=\"async\" width=\"1024\" height=\"768\" data-id=\"1068\" src=\"https:\/\/agrupacionespsoe.es\/ponferrada\/wp-content\/uploads\/sites\/36\/2025\/09\/WhatsApp-Image-2025-09-01-at-13.20.56-1-1024x768.jpeg\" alt=\"\" class=\"wp-image-1068\" srcset=\"https:\/\/agrupacionespsoe.es\/ponferrada\/wp-content\/uploads\/sites\/36\/2025\/09\/WhatsApp-Image-2025-09-01-at-13.20.56-1-1024x768.jpeg 1024w, https:\/\/agrupacionespsoe.es\/ponferrada\/wp-content\/uploads\/sites\/36\/2025\/09\/WhatsApp-Image-2025-09-01-at-13.20.56-1-300x225.jpeg 300w, https:\/\/agrupacionespsoe.es\/ponferrada\/wp-content\/uploads\/sites\/36\/2025\/09\/WhatsApp-Image-2025-09-01-at-13.20.56-1-768x576.jpeg 768w, https:\/\/agrupacionespsoe.es\/ponferrada\/wp-content\/uploads\/sites\/36\/2025\/09\/WhatsApp-Image-2025-09-01-at-13.20.56-1-1536x1152.jpeg 1536w, https:\/\/agrupacionespsoe.es\/ponferrada\/wp-content\/uploads\/sites\/36\/2025\/09\/WhatsApp-Image-2025-09-01-at-13.20.56-1.jpeg 1600w\" sizes=\"auto, (max-width: 1024px) 100vw, 1024px\" \/><\/figure>\n\n\n\n<figure class=\"wp-block-image size-large\"><img loading=\"lazy\" decoding=\"async\" width=\"1024\" height=\"768\" data-id=\"1069\" src=\"https:\/\/agrupacionespsoe.es\/ponferrada\/wp-content\/uploads\/sites\/36\/2025\/09\/WhatsApp-Image-2025-09-01-at-16.42.01-1024x768.jpeg\" alt=\"\" class=\"wp-image-1069\" srcset=\"https:\/\/agrupacionespsoe.es\/ponferrada\/wp-content\/uploads\/sites\/36\/2025\/09\/WhatsApp-Image-2025-09-01-at-16.42.01-1024x768.jpeg 1024w, https:\/\/agrupacionespsoe.es\/ponferrada\/wp-content\/uploads\/sites\/36\/2025\/09\/WhatsApp-Image-2025-09-01-at-16.42.01-300x225.jpeg 300w, https:\/\/agrupacionespsoe.es\/ponferrada\/wp-content\/uploads\/sites\/36\/2025\/09\/WhatsApp-Image-2025-09-01-at-16.42.01-768x576.jpeg 768w, https:\/\/agrupacionespsoe.es\/ponferrada\/wp-content\/uploads\/sites\/36\/2025\/09\/WhatsApp-Image-2025-09-01-at-16.42.01-1536x1152.jpeg 1536w, https:\/\/agrupacionespsoe.es\/ponferrada\/wp-content\/uploads\/sites\/36\/2025\/09\/WhatsApp-Image-2025-09-01-at-16.42.01.jpeg 1600w\" sizes=\"auto, (max-width: 1024px) 100vw, 1024px\" \/><\/figure>\n\n\n\n<figure class=\"wp-block-image size-large\"><img loading=\"lazy\" decoding=\"async\" width=\"678\" height=\"508\" data-id=\"1073\" src=\"https:\/\/agrupacionespsoe.es\/ponferrada\/wp-content\/uploads\/sites\/36\/2025\/09\/WhatsApp-Image-2025-09-02-at-09.13.48-edited-2.jpeg\" alt=\"\" class=\"wp-image-1073\" srcset=\"https:\/\/agrupacionespsoe.es\/ponferrada\/wp-content\/uploads\/sites\/36\/2025\/09\/WhatsApp-Image-2025-09-02-at-09.13.48-edited-2.jpeg 678w, https:\/\/agrupacionespsoe.es\/ponferrada\/wp-content\/uploads\/sites\/36\/2025\/09\/WhatsApp-Image-2025-09-02-at-09.13.48-edited-2-300x225.jpeg 300w\" sizes=\"auto, (max-width: 678px) 100vw, 678px\" \/><\/figure>\n<\/figure>\n","protected":false},"excerpt":{"rendered":"<p>El Grupo Municipal Socialista de Ponferrada lamenta y denuncia p\u00fablicamente la deficiente gesti\u00f3n de la Oficina de Turismo, que una vez m\u00e1s ha vuelto a dejar patente la falta de planificaci\u00f3n y el abandono de un servicio b\u00e1sico para nuestra ciudad. La concejala socialista Silvia Blanco se\u00f1ala que no s\u00f3lo se trata de que la &#8230;<\/p>\n","protected":false},"author":32,"featured_media":910,"comment_status":"open","ping_status":"open","sticky":false,"template":"","format":"standard","meta":{"_jetpack_memberships_contains_paid_content":false,"footnotes":""},"categories":[6],"tags":[],"class_list":["post-1066","post","type-post","status-publish","format-standard","has-post-thumbnail","hentry","category-actualidad"],"yoast_head":"<!-- This site is optimized with the Yoast SEO plugin v24.0 - https:\/\/yoast.com\/wordpress\/plugins\/seo\/ -->\n<title>El Grupo Municipal Socialista denuncia la mala gesti\u00f3n de la Oficina de Turismo - Agrupaci\u00f3n Socialista de Ponferrada<\/title>\n<meta name=\"robots\" content=\"index, follow, max-snippet:-1, max-image-preview:large, max-video-preview:-1\" \/>\n<link rel=\"canonical\" href=\"https:\/\/agrupacionespsoe.es\/ponferrada\/el-grupo-municipal-socialista-denuncia-la-mala-gestion-de-la-oficina-de-turismo\/\" \/>\n<meta property=\"og:locale\" content=\"es_ES\" \/>\n<meta property=\"og:type\" content=\"article\" \/>\n<meta property=\"og:title\" content=\"El Grupo Municipal Socialista denuncia la mala gesti\u00f3n de la Oficina de Turismo - Agrupaci\u00f3n Socialista de Ponferrada\" \/>\n<meta property=\"og:description\" content=\"El Grupo Municipal Socialista de Ponferrada lamenta y denuncia p\u00fablicamente la deficiente gesti\u00f3n de la Oficina de Turismo, que una vez m\u00e1s ha vuelto a dejar patente la falta de planificaci\u00f3n y el abandono de un servicio b\u00e1sico para nuestra ciudad. La concejala socialista Silvia Blanco se\u00f1ala que no s\u00f3lo se trata de que la ...\" \/>\n<meta property=\"og:url\" content=\"https:\/\/agrupacionespsoe.es\/ponferrada\/el-grupo-municipal-socialista-denuncia-la-mala-gestion-de-la-oficina-de-turismo\/\" \/>\n<meta property=\"og:site_name\" content=\"Agrupaci\u00f3n Socialista de Ponferrada\" \/>\n<meta property=\"article:published_time\" content=\"2025-09-03T12:04:00+00:00\" \/>\n<meta property=\"article:modified_time\" content=\"2025-09-04T08:10:47+00:00\" \/>\n<meta property=\"og:image\" content=\"https:\/\/agrupacionespsoe.es\/ponferrada\/wp-content\/uploads\/sites\/36\/2025\/05\/WhatsApp-Image-2025-05-15-at-10.58.21.jpeg\" \/>\n\t<meta property=\"og:image:width\" content=\"1600\" \/>\n\t<meta property=\"og:image:height\" content=\"1335\" \/>\n\t<meta property=\"og:image:type\" content=\"image\/jpeg\" \/>\n<meta name=\"author\" content=\"ponferrada2\" \/>\n<meta name=\"twitter:card\" content=\"summary_large_image\" \/>\n<meta name=\"twitter:label1\" content=\"Escrito por\" \/>\n\t<meta name=\"twitter:data1\" content=\"ponferrada2\" \/>\n\t<meta name=\"twitter:label2\" content=\"Tiempo de lectura\" \/>\n\t<meta name=\"twitter:data2\" content=\"4 minutos\" \/>\n<script type=\"application\/ld+json\" class=\"yoast-schema-graph\">{\"@context\":\"https:\/\/schema.org\",\"@graph\":[{\"@type\":\"Article\",\"@id\":\"https:\/\/agrupacionespsoe.es\/ponferrada\/el-grupo-municipal-socialista-denuncia-la-mala-gestion-de-la-oficina-de-turismo\/#article\",\"isPartOf\":{\"@id\":\"https:\/\/agrupacionespsoe.es\/ponferrada\/el-grupo-municipal-socialista-denuncia-la-mala-gestion-de-la-oficina-de-turismo\/\"},\"author\":{\"name\":\"ponferrada2\",\"@id\":\"https:\/\/agrupacionespsoe.es\/ponferrada\/#\/schema\/person\/cd29ee627f3b70c05d415f02596debaa\"},\"headline\":\"El Grupo Municipal Socialista denuncia la mala gesti\u00f3n de la Oficina de Turismo\",\"datePublished\":\"2025-09-03T12:04:00+00:00\",\"dateModified\":\"2025-09-04T08:10:47+00:00\",\"mainEntityOfPage\":{\"@id\":\"https:\/\/agrupacionespsoe.es\/ponferrada\/el-grupo-municipal-socialista-denuncia-la-mala-gestion-de-la-oficina-de-turismo\/\"},\"wordCount\":583,\"commentCount\":0,\"publisher\":{\"@id\":\"https:\/\/agrupacionespsoe.es\/ponferrada\/#organization\"},\"image\":{\"@id\":\"https:\/\/agrupacionespsoe.es\/ponferrada\/el-grupo-municipal-socialista-denuncia-la-mala-gestion-de-la-oficina-de-turismo\/#primaryimage\"},\"thumbnailUrl\":\"https:\/\/agrupacionespsoe.es\/ponferrada\/wp-content\/uploads\/sites\/36\/2025\/05\/WhatsApp-Image-2025-05-15-at-10.58.21.jpeg\",\"articleSection\":[\"ACTUALIDAD\"],\"inLanguage\":\"es\",\"potentialAction\":[{\"@type\":\"CommentAction\",\"name\":\"Comment\",\"target\":[\"https:\/\/agrupacionespsoe.es\/ponferrada\/el-grupo-municipal-socialista-denuncia-la-mala-gestion-de-la-oficina-de-turismo\/#respond\"]}]},{\"@type\":\"WebPage\",\"@id\":\"https:\/\/agrupacionespsoe.es\/ponferrada\/el-grupo-municipal-socialista-denuncia-la-mala-gestion-de-la-oficina-de-turismo\/\",\"url\":\"https:\/\/agrupacionespsoe.es\/ponferrada\/el-grupo-municipal-socialista-denuncia-la-mala-gestion-de-la-oficina-de-turismo\/\",\"name\":\"El Grupo Municipal Socialista denuncia la mala gesti\u00f3n de la Oficina de Turismo - Agrupaci\u00f3n Socialista de Ponferrada\",\"isPartOf\":{\"@id\":\"https:\/\/agrupacionespsoe.es\/ponferrada\/#website\"},\"primaryImageOfPage\":{\"@id\":\"https:\/\/agrupacionespsoe.es\/ponferrada\/el-grupo-municipal-socialista-denuncia-la-mala-gestion-de-la-oficina-de-turismo\/#primaryimage\"},\"image\":{\"@id\":\"https:\/\/agrupacionespsoe.es\/ponferrada\/el-grupo-municipal-socialista-denuncia-la-mala-gestion-de-la-oficina-de-turismo\/#primaryimage\"},\"thumbnailUrl\":\"https:\/\/agrupacionespsoe.es\/ponferrada\/wp-content\/uploads\/sites\/36\/2025\/05\/WhatsApp-Image-2025-05-15-at-10.58.21.jpeg\",\"datePublished\":\"2025-09-03T12:04:00+00:00\",\"dateModified\":\"2025-09-04T08:10:47+00:00\",\"breadcrumb\":{\"@id\":\"https:\/\/agrupacionespsoe.es\/ponferrada\/el-grupo-municipal-socialista-denuncia-la-mala-gestion-de-la-oficina-de-turismo\/#breadcrumb\"},\"inLanguage\":\"es\",\"potentialAction\":[{\"@type\":\"ReadAction\",\"target\":[\"https:\/\/agrupacionespsoe.es\/ponferrada\/el-grupo-municipal-socialista-denuncia-la-mala-gestion-de-la-oficina-de-turismo\/\"]}]},{\"@type\":\"ImageObject\",\"inLanguage\":\"es\",\"@id\":\"https:\/\/agrupacionespsoe.es\/ponferrada\/el-grupo-municipal-socialista-denuncia-la-mala-gestion-de-la-oficina-de-turismo\/#primaryimage\",\"url\":\"https:\/\/agrupacionespsoe.es\/ponferrada\/wp-content\/uploads\/sites\/36\/2025\/05\/WhatsApp-Image-2025-05-15-at-10.58.21.jpeg\",\"contentUrl\":\"https:\/\/agrupacionespsoe.es\/ponferrada\/wp-content\/uploads\/sites\/36\/2025\/05\/WhatsApp-Image-2025-05-15-at-10.58.21.jpeg\",\"width\":1600,\"height\":1335},{\"@type\":\"BreadcrumbList\",\"@id\":\"https:\/\/agrupacionespsoe.es\/ponferrada\/el-grupo-municipal-socialista-denuncia-la-mala-gestion-de-la-oficina-de-turismo\/#breadcrumb\",\"itemListElement\":[{\"@type\":\"ListItem\",\"position\":1,\"name\":\"Portada\",\"item\":\"https:\/\/agrupacionespsoe.es\/ponferrada\/\"},{\"@type\":\"ListItem\",\"position\":2,\"name\":\"El Grupo Municipal Socialista denuncia la mala gesti\u00f3n de la Oficina de Turismo\"}]},{\"@type\":\"WebSite\",\"@id\":\"https:\/\/agrupacionespsoe.es\/ponferrada\/#website\",\"url\":\"https:\/\/agrupacionespsoe.es\/ponferrada\/\",\"name\":\"Agrupaci\u00f3n Socialista de Ponferrada\",\"description\":\"Agrupaci\u00f3n Socialista de Ponferrada\",\"publisher\":{\"@id\":\"https:\/\/agrupacionespsoe.es\/ponferrada\/#organization\"},\"potentialAction\":[{\"@type\":\"SearchAction\",\"target\":{\"@type\":\"EntryPoint\",\"urlTemplate\":\"https:\/\/agrupacionespsoe.es\/ponferrada\/?s={search_term_string}\"},\"query-input\":{\"@type\":\"PropertyValueSpecification\",\"valueRequired\":true,\"valueName\":\"search_term_string\"}}],\"inLanguage\":\"es\"},{\"@type\":\"Organization\",\"@id\":\"https:\/\/agrupacionespsoe.es\/ponferrada\/#organization\",\"name\":\"Agrupaci\u00f3n Socialista de Ponferrada\",\"url\":\"https:\/\/agrupacionespsoe.es\/ponferrada\/\",\"logo\":{\"@type\":\"ImageObject\",\"inLanguage\":\"es\",\"@id\":\"https:\/\/agrupacionespsoe.es\/ponferrada\/#\/schema\/logo\/image\/\",\"url\":\"https:\/\/agrupacionespsoe.es\/wp-content\/uploads\/2022\/07\/Logotipo_electoral_del_PSOE.png\",\"contentUrl\":\"https:\/\/agrupacionespsoe.es\/wp-content\/uploads\/2022\/07\/Logotipo_electoral_del_PSOE.png\",\"width\":422,\"height\":422,\"caption\":\"Agrupaci\u00f3n Socialista de Ponferrada\"},\"image\":{\"@id\":\"https:\/\/agrupacionespsoe.es\/ponferrada\/#\/schema\/logo\/image\/\"}},{\"@type\":\"Person\",\"@id\":\"https:\/\/agrupacionespsoe.es\/ponferrada\/#\/schema\/person\/cd29ee627f3b70c05d415f02596debaa\",\"name\":\"ponferrada2\",\"image\":{\"@type\":\"ImageObject\",\"inLanguage\":\"es\",\"@id\":\"https:\/\/agrupacionespsoe.es\/ponferrada\/#\/schema\/person\/image\/\",\"url\":\"https:\/\/secure.gravatar.com\/avatar\/f499eeb60144c664cf7b7edf75549b50?s=96&d=mm&r=g\",\"contentUrl\":\"https:\/\/secure.gravatar.com\/avatar\/f499eeb60144c664cf7b7edf75549b50?s=96&d=mm&r=g\",\"caption\":\"ponferrada2\"},\"url\":\"https:\/\/agrupacionespsoe.es\/ponferrada\/author\/ponferrada2\/\"}]}<\/script>\n<!-- \/ Yoast SEO plugin. -->","yoast_head_json":{"title":"El Grupo Municipal Socialista denuncia la mala gesti\u00f3n de la Oficina de Turismo - Agrupaci\u00f3n Socialista de Ponferrada","robots":{"index":"index","follow":"follow","max-snippet":"max-snippet:-1","max-image-preview":"max-image-preview:large","max-video-preview":"max-video-preview:-1"},"canonical":"https:\/\/agrupacionespsoe.es\/ponferrada\/el-grupo-municipal-socialista-denuncia-la-mala-gestion-de-la-oficina-de-turismo\/","og_locale":"es_ES","og_type":"article","og_title":"El Grupo Municipal Socialista denuncia la mala gesti\u00f3n de la Oficina de Turismo - Agrupaci\u00f3n Socialista de Ponferrada","og_description":"El Grupo Municipal Socialista de Ponferrada lamenta y denuncia p\u00fablicamente la deficiente gesti\u00f3n de la Oficina de Turismo, que una vez m\u00e1s ha vuelto a dejar patente la falta de planificaci\u00f3n y el abandono de un servicio b\u00e1sico para nuestra ciudad. La concejala socialista Silvia Blanco se\u00f1ala que no s\u00f3lo se trata de que la ...","og_url":"https:\/\/agrupacionespsoe.es\/ponferrada\/el-grupo-municipal-socialista-denuncia-la-mala-gestion-de-la-oficina-de-turismo\/","og_site_name":"Agrupaci\u00f3n Socialista de Ponferrada","article_published_time":"2025-09-03T12:04:00+00:00","article_modified_time":"2025-09-04T08:10:47+00:00","og_image":[{"width":1600,"height":1335,"url":"https:\/\/agrupacionespsoe.es\/ponferrada\/wp-content\/uploads\/sites\/36\/2025\/05\/WhatsApp-Image-2025-05-15-at-10.58.21.jpeg","type":"image\/jpeg"}],"author":"ponferrada2","twitter_card":"summary_large_image","twitter_misc":{"Escrito por":"ponferrada2","Tiempo de lectura":"4 minutos"},"schema":{"@context":"https:\/\/schema.org","@graph":[{"@type":"Article","@id":"https:\/\/agrupacionespsoe.es\/ponferrada\/el-grupo-municipal-socialista-denuncia-la-mala-gestion-de-la-oficina-de-turismo\/#article","isPartOf":{"@id":"https:\/\/agrupacionespsoe.es\/ponferrada\/el-grupo-municipal-socialista-denuncia-la-mala-gestion-de-la-oficina-de-turismo\/"},"author":{"name":"ponferrada2","@id":"https:\/\/agrupacionespsoe.es\/ponferrada\/#\/schema\/person\/cd29ee627f3b70c05d415f02596debaa"},"headline":"El Grupo Municipal Socialista denuncia la mala gesti\u00f3n de la Oficina de Turismo","datePublished":"2025-09-03T12:04:00+00:00","dateModified":"2025-09-04T08:10:47+00:00","mainEntityOfPage":{"@id":"https:\/\/agrupacionespsoe.es\/ponferrada\/el-grupo-municipal-socialista-denuncia-la-mala-gestion-de-la-oficina-de-turismo\/"},"wordCount":583,"commentCount":0,"publisher":{"@id":"https:\/\/agrupacionespsoe.es\/ponferrada\/#organization"},"image":{"@id":"https:\/\/agrupacionespsoe.es\/ponferrada\/el-grupo-municipal-socialista-denuncia-la-mala-gestion-de-la-oficina-de-turismo\/#primaryimage"},"thumbnailUrl":"https:\/\/agrupacionespsoe.es\/ponferrada\/wp-content\/uploads\/sites\/36\/2025\/05\/WhatsApp-Image-2025-05-15-at-10.58.21.jpeg","articleSection":["ACTUALIDAD"],"inLanguage":"es","potentialAction":[{"@type":"CommentAction","name":"Comment","target":["https:\/\/agrupacionespsoe.es\/ponferrada\/el-grupo-municipal-socialista-denuncia-la-mala-gestion-de-la-oficina-de-turismo\/#respond"]}]},{"@type":"WebPage","@id":"https:\/\/agrupacionespsoe.es\/ponferrada\/el-grupo-municipal-socialista-denuncia-la-mala-gestion-de-la-oficina-de-turismo\/","url":"https:\/\/agrupacionespsoe.es\/ponferrada\/el-grupo-municipal-socialista-denuncia-la-mala-gestion-de-la-oficina-de-turismo\/","name":"El Grupo Municipal Socialista denuncia la mala gesti\u00f3n de la Oficina de Turismo - Agrupaci\u00f3n Socialista de Ponferrada","isPartOf":{"@id":"https:\/\/agrupacionespsoe.es\/ponferrada\/#website"},"primaryImageOfPage":{"@id":"https:\/\/agrupacionespsoe.es\/ponferrada\/el-grupo-municipal-socialista-denuncia-la-mala-gestion-de-la-oficina-de-turismo\/#primaryimage"},"image":{"@id":"https:\/\/agrupacionespsoe.es\/ponferrada\/el-grupo-municipal-socialista-denuncia-la-mala-gestion-de-la-oficina-de-turismo\/#primaryimage"},"thumbnailUrl":"https:\/\/agrupacionespsoe.es\/ponferrada\/wp-content\/uploads\/sites\/36\/2025\/05\/WhatsApp-Image-2025-05-15-at-10.58.21.jpeg","datePublished":"2025-09-03T12:04:00+00:00","dateModified":"2025-09-04T08:10:47+00:00","breadcrumb":{"@id":"https:\/\/agrupacionespsoe.es\/ponferrada\/el-grupo-municipal-socialista-denuncia-la-mala-gestion-de-la-oficina-de-turismo\/#breadcrumb"},"inLanguage":"es","potentialAction":[{"@type":"ReadAction","target":["https:\/\/agrupacionespsoe.es\/ponferrada\/el-grupo-municipal-socialista-denuncia-la-mala-gestion-de-la-oficina-de-turismo\/"]}]},{"@type":"ImageObject","inLanguage":"es","@id":"https:\/\/agrupacionespsoe.es\/ponferrada\/el-grupo-municipal-socialista-denuncia-la-mala-gestion-de-la-oficina-de-turismo\/#primaryimage","url":"https:\/\/agrupacionespsoe.es\/ponferrada\/wp-content\/uploads\/sites\/36\/2025\/05\/WhatsApp-Image-2025-05-15-at-10.58.21.jpeg","contentUrl":"https:\/\/agrupacionespsoe.es\/ponferrada\/wp-content\/uploads\/sites\/36\/2025\/05\/WhatsApp-Image-2025-05-15-at-10.58.21.jpeg","width":1600,"height":1335},{"@type":"BreadcrumbList","@id":"https:\/\/agrupacionespsoe.es\/ponferrada\/el-grupo-municipal-socialista-denuncia-la-mala-gestion-de-la-oficina-de-turismo\/#breadcrumb","itemListElement":[{"@type":"ListItem","position":1,"name":"Portada","item":"https:\/\/agrupacionespsoe.es\/ponferrada\/"},{"@type":"ListItem","position":2,"name":"El Grupo Municipal Socialista denuncia la mala gesti\u00f3n de la Oficina de Turismo"}]},{"@type":"WebSite","@id":"https:\/\/agrupacionespsoe.es\/ponferrada\/#website","url":"https:\/\/agrupacionespsoe.es\/ponferrada\/","name":"Agrupaci\u00f3n Socialista de Ponferrada","description":"Agrupaci\u00f3n Socialista de Ponferrada","publisher":{"@id":"https:\/\/agrupacionespsoe.es\/ponferrada\/#organization"},"potentialAction":[{"@type":"SearchAction","target":{"@type":"EntryPoint","urlTemplate":"https:\/\/agrupacionespsoe.es\/ponferrada\/?s={search_term_string}"},"query-input":{"@type":"PropertyValueSpecification","valueRequired":true,"valueName":"search_term_string"}}],"inLanguage":"es"},{"@type":"Organization","@id":"https:\/\/agrupacionespsoe.es\/ponferrada\/#organization","name":"Agrupaci\u00f3n Socialista de Ponferrada","url":"https:\/\/agrupacionespsoe.es\/ponferrada\/","logo":{"@type":"ImageObject","inLanguage":"es","@id":"https:\/\/agrupacionespsoe.es\/ponferrada\/#\/schema\/logo\/image\/","url":"https:\/\/agrupacionespsoe.es\/wp-content\/uploads\/2022\/07\/Logotipo_electoral_del_PSOE.png","contentUrl":"https:\/\/agrupacionespsoe.es\/wp-content\/uploads\/2022\/07\/Logotipo_electoral_del_PSOE.png","width":422,"height":422,"caption":"Agrupaci\u00f3n Socialista de Ponferrada"},"image":{"@id":"https:\/\/agrupacionespsoe.es\/ponferrada\/#\/schema\/logo\/image\/"}},{"@type":"Person","@id":"https:\/\/agrupacionespsoe.es\/ponferrada\/#\/schema\/person\/cd29ee627f3b70c05d415f02596debaa","name":"ponferrada2","image":{"@type":"ImageObject","inLanguage":"es","@id":"https:\/\/agrupacionespsoe.es\/ponferrada\/#\/schema\/person\/image\/","url":"https:\/\/secure.gravatar.com\/avatar\/f499eeb60144c664cf7b7edf75549b50?s=96&d=mm&r=g","contentUrl":"https:\/\/secure.gravatar.com\/avatar\/f499eeb60144c664cf7b7edf75549b50?s=96&d=mm&r=g","caption":"ponferrada2"},"url":"https:\/\/agrupacionespsoe.es\/ponferrada\/author\/ponferrada2\/"}]}},"jetpack_featured_media_url":"https:\/\/agrupacionespsoe.es\/ponferrada\/wp-content\/uploads\/sites\/36\/2025\/05\/WhatsApp-Image-2025-05-15-at-10.58.21.jpeg","jetpack_sharing_enabled":true,"_links":{"self":[{"href":"https:\/\/agrupacionespsoe.es\/ponferrada\/wp-json\/wp\/v2\/posts\/1066","targetHints":{"allow":["GET"]}}],"collection":[{"href":"https:\/\/agrupacionespsoe.es\/ponferrada\/wp-json\/wp\/v2\/posts"}],"about":[{"href":"https:\/\/agrupacionespsoe.es\/ponferrada\/wp-json\/wp\/v2\/types\/post"}],"author":[{"embeddable":true,"href":"https:\/\/agrupacionespsoe.es\/ponferrada\/wp-json\/wp\/v2\/users\/32"}],"replies":[{"embeddable":true,"href":"https:\/\/agrupacionespsoe.es\/ponferrada\/wp-json\/wp\/v2\/comments?post=1066"}],"version-history":[{"count":2,"href":"https:\/\/agrupacionespsoe.es\/ponferrada\/wp-json\/wp\/v2\/posts\/1066\/revisions"}],"predecessor-version":[{"id":1075,"href":"https:\/\/agrupacionespsoe.es\/ponferrada\/wp-json\/wp\/v2\/posts\/1066\/revisions\/1075"}],"wp:featuredmedia":[{"embeddable":true,"href":"https:\/\/agrupacionespsoe.es\/ponferrada\/wp-json\/wp\/v2\/media\/910"}],"wp:attachment":[{"href":"https:\/\/agrupacionespsoe.es\/ponferrada\/wp-json\/wp\/v2\/media?parent=1066"}],"wp:term":[{"taxonomy":"category","embeddable":true,"href":"https:\/\/agrupacionespsoe.es\/ponferrada\/wp-json\/wp\/v2\/categories?post=1066"},{"taxonomy":"post_tag","embeddable":true,"href":"https:\/\/agrupacionespsoe.es\/ponferrada\/wp-json\/wp\/v2\/tags?post=1066"}],"curies":[{"name":"wp","href":"https:\/\/api.w.org\/{rel}","templated":true}]}}