{"id":1062,"date":"2025-07-31T15:00:21","date_gmt":"2025-07-31T15:00:21","guid":{"rendered":"https:\/\/agrupacionespsoe.es\/ponferrada\/?p=1062"},"modified":"2025-07-31T15:00:22","modified_gmt":"2025-07-31T15:00:22","slug":"el-psoe-denuncia-la-mala-gestion-del-pp-en-ponferrada-que-deja-sin-plan-especial-del-camino-de-santiago-lo-que-conlleva-la-paralizacion-de-cualquier-actividad-publica-o-privada-en-el-tramo-del-camino","status":"publish","type":"post","link":"https:\/\/agrupacionespsoe.es\/ponferrada\/el-psoe-denuncia-la-mala-gestion-del-pp-en-ponferrada-que-deja-sin-plan-especial-del-camino-de-santiago-lo-que-conlleva-la-paralizacion-de-cualquier-actividad-publica-o-privada-en-el-tramo-del-camino\/","title":{"rendered":"El PSOE denuncia la mala gesti\u00f3n del PP en Ponferrada que deja sin Plan Especial del Camino de Santiago lo que conlleva la paralizaci\u00f3n de cualquier actividad p\u00fablica o privada en el tramo del Camino de Santiago por el municipio."},"content":{"rendered":"\n<p>El Grupo Municipal Socialista en el Ayuntamiento de Ponferrada critica la mala gesti\u00f3n del actual equipo de gobierno del PP y CB, que ha supuesto que la licitaci\u00f3n del Plan de protecci\u00f3n especial del Camino de Santiago quedase desierta.<\/p>\n\n\n\n<p>La concejala socialista, Silvia Blanco ha recordado que gracias al trabajo del anterior equipo de gobierno, Ponferrada consigui\u00f3 una financiaci\u00f3n de casi 3,2 millones de euros en el marco de un proyecto de turismo sostenible. Dentro de ese proyecto estaba previsto destinar 215.000 euros a la elaboraci\u00f3n del Plan Especial del Camino de Santiago, un documento urban\u00edstico imprescindible para proteger y ordenar los entornos por donde transcurre el Camino. Este tipo de planes facilita la conservaci\u00f3n del trazado hist\u00f3rico, regula intervenciones en el patrimonio, da seguridad jur\u00eddica a los propietarios de solares y abre la puerta a posibles ayudas y beneficios urban\u00edsticos, adem\u00e1s de reforzar la imagen tur\u00edstica de la ciudad.<\/p>\n\n\n\n<p>Sin embargo, el PP decidi\u00f3 desviar la mayor parte de esos fondos hacia otras actuaciones. Esta modificaci\u00f3n dej\u00f3 apenas 72.000 euros para el Plan Especial del Camino de Santiago, una cifra insuficiente que ha provocado que la licitaci\u00f3n para redactar dicho Plan quede desierta, retrasando una actuaci\u00f3n clave y perjudicando de forma directa a la ciudadan\u00eda y a los propietarios de inmuebles y solares a lo largo del Camino que ahora mismo se encuentran c\u00f3mo la administraci\u00f3n paraliza cualquier actividad privada, no pueden construir nada en sus solares y tienen dificultades para iniciar actividades econ\u00f3micas. Si bien es cierto que hubo una empresa que opt\u00f3 por la licitaci\u00f3n finalmente un incumplimiento en los plazos supuso que tuviera que quedar desierto, lo que refuerza nuestra convicci\u00f3n de que una dotaci\u00f3n econ\u00f3mica m\u00e1s adecuada habr\u00eda atra\u00eddo a m\u00e1s licitadores.<\/p>\n\n\n\n<p>Desde el Grupo Socialista ya advertimos en la comisi\u00f3n correspondiente que esa partida econ\u00f3mica no iba a ser suficiente y reclamamos que se distribuyera de manera m\u00e1s equilibrada, para garantizar que se solucionen problemas reales que afectan al d\u00eda a d\u00eda de los vecinos y vecinas de Ponferrada. Lamentablemente, el equipo de gobierno ha preferido priorizar obras de escaparate antes que actuaciones que protegen nuestro patrimonio, y facilitan los tr\u00e1mites a la ciudadan\u00eda.<\/p>\n\n\n\n<p>Para finalizar pedimos al alcalde que &nbsp;se reequilibren la financiaci\u00f3n del proyecto y permitan que Ponferrada cuente, cuanto antes, con el Plan Especial del Camino de Santiago, queremos recordar que los proyectos vinculados con el Plan de Turismo Sostenible tienen que estar finalizados este a\u00f1o y empieza a ser preocupante el ritmo tan lento con el que est\u00e1n realizando las inversiones.<\/p>\n\n\n\n<figure class=\"wp-block-image size-large\"><img loading=\"lazy\" decoding=\"async\" width=\"1024\" height=\"768\" src=\"https:\/\/agrupacionespsoe.es\/ponferrada\/wp-content\/uploads\/sites\/36\/2025\/06\/WhatsApp-Image-2025-06-24-at-12.48.16-1024x768.jpeg\" alt=\"\" class=\"wp-image-963\" srcset=\"https:\/\/agrupacionespsoe.es\/ponferrada\/wp-content\/uploads\/sites\/36\/2025\/06\/WhatsApp-Image-2025-06-24-at-12.48.16-1024x768.jpeg 1024w, https:\/\/agrupacionespsoe.es\/ponferrada\/wp-content\/uploads\/sites\/36\/2025\/06\/WhatsApp-Image-2025-06-24-at-12.48.16-300x225.jpeg 300w, https:\/\/agrupacionespsoe.es\/ponferrada\/wp-content\/uploads\/sites\/36\/2025\/06\/WhatsApp-Image-2025-06-24-at-12.48.16-768x576.jpeg 768w, https:\/\/agrupacionespsoe.es\/ponferrada\/wp-content\/uploads\/sites\/36\/2025\/06\/WhatsApp-Image-2025-06-24-at-12.48.16-1536x1152.jpeg 1536w, https:\/\/agrupacionespsoe.es\/ponferrada\/wp-content\/uploads\/sites\/36\/2025\/06\/WhatsApp-Image-2025-06-24-at-12.48.16.jpeg 1600w\" sizes=\"auto, (max-width: 1024px) 100vw, 1024px\" \/><\/figure>\n","protected":false},"excerpt":{"rendered":"<p>El Grupo Municipal Socialista en el Ayuntamiento de Ponferrada critica la mala gesti\u00f3n del actual equipo de gobierno del PP y CB, que ha supuesto que la licitaci\u00f3n del Plan de protecci\u00f3n especial del Camino de Santiago quedase desierta. La concejala socialista, Silvia Blanco ha recordado que gracias al trabajo del anterior equipo de gobierno, &#8230;<\/p>\n","protected":false},"author":32,"featured_media":963,"comment_status":"open","ping_status":"open","sticky":false,"template":"","format":"standard","meta":{"_jetpack_memberships_contains_paid_content":false,"footnotes":""},"categories":[6],"tags":[],"class_list":["post-1062","post","type-post","status-publish","format-standard","has-post-thumbnail","hentry","category-actualidad"],"yoast_head":"<!-- This site is optimized with the Yoast SEO plugin v24.0 - https:\/\/yoast.com\/wordpress\/plugins\/seo\/ -->\n<title>El PSOE denuncia la mala gesti\u00f3n del PP en Ponferrada que deja sin Plan Especial del Camino de Santiago lo que conlleva la paralizaci\u00f3n de cualquier actividad p\u00fablica o privada en el tramo del Camino de Santiago por el municipio. - Agrupaci\u00f3n Socialista de Ponferrada<\/title>\n<meta name=\"robots\" content=\"index, follow, max-snippet:-1, max-image-preview:large, max-video-preview:-1\" \/>\n<link rel=\"canonical\" href=\"https:\/\/agrupacionespsoe.es\/ponferrada\/el-psoe-denuncia-la-mala-gestion-del-pp-en-ponferrada-que-deja-sin-plan-especial-del-camino-de-santiago-lo-que-conlleva-la-paralizacion-de-cualquier-actividad-publica-o-privada-en-el-tramo-del-camino\/\" \/>\n<meta property=\"og:locale\" content=\"es_ES\" \/>\n<meta property=\"og:type\" content=\"article\" \/>\n<meta property=\"og:title\" content=\"El PSOE denuncia la mala gesti\u00f3n del PP en Ponferrada que deja sin Plan Especial del Camino de Santiago lo que conlleva la paralizaci\u00f3n de cualquier actividad p\u00fablica o privada en el tramo del Camino de Santiago por el municipio. - Agrupaci\u00f3n Socialista de Ponferrada\" \/>\n<meta property=\"og:description\" content=\"El Grupo Municipal Socialista en el Ayuntamiento de Ponferrada critica la mala gesti\u00f3n del actual equipo de gobierno del PP y CB, que ha supuesto que la licitaci\u00f3n del Plan de protecci\u00f3n especial del Camino de Santiago quedase desierta. La concejala socialista, Silvia Blanco ha recordado que gracias al trabajo del anterior equipo de gobierno, ...\" \/>\n<meta property=\"og:url\" content=\"https:\/\/agrupacionespsoe.es\/ponferrada\/el-psoe-denuncia-la-mala-gestion-del-pp-en-ponferrada-que-deja-sin-plan-especial-del-camino-de-santiago-lo-que-conlleva-la-paralizacion-de-cualquier-actividad-publica-o-privada-en-el-tramo-del-camino\/\" \/>\n<meta property=\"og:site_name\" content=\"Agrupaci\u00f3n Socialista de Ponferrada\" \/>\n<meta property=\"article:published_time\" content=\"2025-07-31T15:00:21+00:00\" \/>\n<meta property=\"article:modified_time\" content=\"2025-07-31T15:00:22+00:00\" \/>\n<meta property=\"og:image\" content=\"https:\/\/agrupacionespsoe.es\/ponferrada\/wp-content\/uploads\/sites\/36\/2025\/06\/WhatsApp-Image-2025-06-24-at-12.48.16.jpeg\" \/>\n\t<meta property=\"og:image:width\" content=\"1600\" \/>\n\t<meta property=\"og:image:height\" content=\"1200\" \/>\n\t<meta property=\"og:image:type\" content=\"image\/jpeg\" \/>\n<meta name=\"author\" content=\"ponferrada2\" \/>\n<meta name=\"twitter:card\" content=\"summary_large_image\" \/>\n<meta name=\"twitter:label1\" content=\"Escrito por\" \/>\n\t<meta name=\"twitter:data1\" content=\"ponferrada2\" \/>\n\t<meta name=\"twitter:label2\" content=\"Tiempo de lectura\" \/>\n\t<meta name=\"twitter:data2\" content=\"3 minutos\" \/>\n<script type=\"application\/ld+json\" class=\"yoast-schema-graph\">{\"@context\":\"https:\/\/schema.org\",\"@graph\":[{\"@type\":\"Article\",\"@id\":\"https:\/\/agrupacionespsoe.es\/ponferrada\/el-psoe-denuncia-la-mala-gestion-del-pp-en-ponferrada-que-deja-sin-plan-especial-del-camino-de-santiago-lo-que-conlleva-la-paralizacion-de-cualquier-actividad-publica-o-privada-en-el-tramo-del-camino\/#article\",\"isPartOf\":{\"@id\":\"https:\/\/agrupacionespsoe.es\/ponferrada\/el-psoe-denuncia-la-mala-gestion-del-pp-en-ponferrada-que-deja-sin-plan-especial-del-camino-de-santiago-lo-que-conlleva-la-paralizacion-de-cualquier-actividad-publica-o-privada-en-el-tramo-del-camino\/\"},\"author\":{\"name\":\"ponferrada2\",\"@id\":\"https:\/\/agrupacionespsoe.es\/ponferrada\/#\/schema\/person\/cd29ee627f3b70c05d415f02596debaa\"},\"headline\":\"El PSOE denuncia la mala gesti\u00f3n del PP en Ponferrada que deja sin Plan Especial del Camino de Santiago lo que conlleva la paralizaci\u00f3n de cualquier actividad p\u00fablica o privada en el tramo del Camino de Santiago por el municipio.\",\"datePublished\":\"2025-07-31T15:00:21+00:00\",\"dateModified\":\"2025-07-31T15:00:22+00:00\",\"mainEntityOfPage\":{\"@id\":\"https:\/\/agrupacionespsoe.es\/ponferrada\/el-psoe-denuncia-la-mala-gestion-del-pp-en-ponferrada-que-deja-sin-plan-especial-del-camino-de-santiago-lo-que-conlleva-la-paralizacion-de-cualquier-actividad-publica-o-privada-en-el-tramo-del-camino\/\"},\"wordCount\":499,\"commentCount\":0,\"publisher\":{\"@id\":\"https:\/\/agrupacionespsoe.es\/ponferrada\/#organization\"},\"image\":{\"@id\":\"https:\/\/agrupacionespsoe.es\/ponferrada\/el-psoe-denuncia-la-mala-gestion-del-pp-en-ponferrada-que-deja-sin-plan-especial-del-camino-de-santiago-lo-que-conlleva-la-paralizacion-de-cualquier-actividad-publica-o-privada-en-el-tramo-del-camino\/#primaryimage\"},\"thumbnailUrl\":\"https:\/\/agrupacionespsoe.es\/ponferrada\/wp-content\/uploads\/sites\/36\/2025\/06\/WhatsApp-Image-2025-06-24-at-12.48.16.jpeg\",\"articleSection\":[\"ACTUALIDAD\"],\"inLanguage\":\"es\",\"potentialAction\":[{\"@type\":\"CommentAction\",\"name\":\"Comment\",\"target\":[\"https:\/\/agrupacionespsoe.es\/ponferrada\/el-psoe-denuncia-la-mala-gestion-del-pp-en-ponferrada-que-deja-sin-plan-especial-del-camino-de-santiago-lo-que-conlleva-la-paralizacion-de-cualquier-actividad-publica-o-privada-en-el-tramo-del-camino\/#respond\"]}]},{\"@type\":\"WebPage\",\"@id\":\"https:\/\/agrupacionespsoe.es\/ponferrada\/el-psoe-denuncia-la-mala-gestion-del-pp-en-ponferrada-que-deja-sin-plan-especial-del-camino-de-santiago-lo-que-conlleva-la-paralizacion-de-cualquier-actividad-publica-o-privada-en-el-tramo-del-camino\/\",\"url\":\"https:\/\/agrupacionespsoe.es\/ponferrada\/el-psoe-denuncia-la-mala-gestion-del-pp-en-ponferrada-que-deja-sin-plan-especial-del-camino-de-santiago-lo-que-conlleva-la-paralizacion-de-cualquier-actividad-publica-o-privada-en-el-tramo-del-camino\/\",\"name\":\"El PSOE denuncia la mala gesti\u00f3n del PP en Ponferrada que deja sin Plan Especial del Camino de Santiago lo que conlleva la paralizaci\u00f3n de cualquier actividad p\u00fablica o privada en el tramo del Camino de Santiago por el municipio. - Agrupaci\u00f3n Socialista de Ponferrada\",\"isPartOf\":{\"@id\":\"https:\/\/agrupacionespsoe.es\/ponferrada\/#website\"},\"primaryImageOfPage\":{\"@id\":\"https:\/\/agrupacionespsoe.es\/ponferrada\/el-psoe-denuncia-la-mala-gestion-del-pp-en-ponferrada-que-deja-sin-plan-especial-del-camino-de-santiago-lo-que-conlleva-la-paralizacion-de-cualquier-actividad-publica-o-privada-en-el-tramo-del-camino\/#primaryimage\"},\"image\":{\"@id\":\"https:\/\/agrupacionespsoe.es\/ponferrada\/el-psoe-denuncia-la-mala-gestion-del-pp-en-ponferrada-que-deja-sin-plan-especial-del-camino-de-santiago-lo-que-conlleva-la-paralizacion-de-cualquier-actividad-publica-o-privada-en-el-tramo-del-camino\/#primaryimage\"},\"thumbnailUrl\":\"https:\/\/agrupacionespsoe.es\/ponferrada\/wp-content\/uploads\/sites\/36\/2025\/06\/WhatsApp-Image-2025-06-24-at-12.48.16.jpeg\",\"datePublished\":\"2025-07-31T15:00:21+00:00\",\"dateModified\":\"2025-07-31T15:00:22+00:00\",\"breadcrumb\":{\"@id\":\"https:\/\/agrupacionespsoe.es\/ponferrada\/el-psoe-denuncia-la-mala-gestion-del-pp-en-ponferrada-que-deja-sin-plan-especial-del-camino-de-santiago-lo-que-conlleva-la-paralizacion-de-cualquier-actividad-publica-o-privada-en-el-tramo-del-camino\/#breadcrumb\"},\"inLanguage\":\"es\",\"potentialAction\":[{\"@type\":\"ReadAction\",\"target\":[\"https:\/\/agrupacionespsoe.es\/ponferrada\/el-psoe-denuncia-la-mala-gestion-del-pp-en-ponferrada-que-deja-sin-plan-especial-del-camino-de-santiago-lo-que-conlleva-la-paralizacion-de-cualquier-actividad-publica-o-privada-en-el-tramo-del-camino\/\"]}]},{\"@type\":\"ImageObject\",\"inLanguage\":\"es\",\"@id\":\"https:\/\/agrupacionespsoe.es\/ponferrada\/el-psoe-denuncia-la-mala-gestion-del-pp-en-ponferrada-que-deja-sin-plan-especial-del-camino-de-santiago-lo-que-conlleva-la-paralizacion-de-cualquier-actividad-publica-o-privada-en-el-tramo-del-camino\/#primaryimage\",\"url\":\"https:\/\/agrupacionespsoe.es\/ponferrada\/wp-content\/uploads\/sites\/36\/2025\/06\/WhatsApp-Image-2025-06-24-at-12.48.16.jpeg\",\"contentUrl\":\"https:\/\/agrupacionespsoe.es\/ponferrada\/wp-content\/uploads\/sites\/36\/2025\/06\/WhatsApp-Image-2025-06-24-at-12.48.16.jpeg\",\"width\":1600,\"height\":1200},{\"@type\":\"BreadcrumbList\",\"@id\":\"https:\/\/agrupacionespsoe.es\/ponferrada\/el-psoe-denuncia-la-mala-gestion-del-pp-en-ponferrada-que-deja-sin-plan-especial-del-camino-de-santiago-lo-que-conlleva-la-paralizacion-de-cualquier-actividad-publica-o-privada-en-el-tramo-del-camino\/#breadcrumb\",\"itemListElement\":[{\"@type\":\"ListItem\",\"position\":1,\"name\":\"Portada\",\"item\":\"https:\/\/agrupacionespsoe.es\/ponferrada\/\"},{\"@type\":\"ListItem\",\"position\":2,\"name\":\"El PSOE denuncia la mala gesti\u00f3n del PP en Ponferrada que deja sin Plan Especial del Camino de Santiago lo que conlleva la paralizaci\u00f3n de cualquier actividad p\u00fablica o privada en el tramo del Camino de Santiago por el municipio.\"}]},{\"@type\":\"WebSite\",\"@id\":\"https:\/\/agrupacionespsoe.es\/ponferrada\/#website\",\"url\":\"https:\/\/agrupacionespsoe.es\/ponferrada\/\",\"name\":\"Agrupaci\u00f3n Socialista de Ponferrada\",\"description\":\"Agrupaci\u00f3n Socialista de Ponferrada\",\"publisher\":{\"@id\":\"https:\/\/agrupacionespsoe.es\/ponferrada\/#organization\"},\"potentialAction\":[{\"@type\":\"SearchAction\",\"target\":{\"@type\":\"EntryPoint\",\"urlTemplate\":\"https:\/\/agrupacionespsoe.es\/ponferrada\/?s={search_term_string}\"},\"query-input\":{\"@type\":\"PropertyValueSpecification\",\"valueRequired\":true,\"valueName\":\"search_term_string\"}}],\"inLanguage\":\"es\"},{\"@type\":\"Organization\",\"@id\":\"https:\/\/agrupacionespsoe.es\/ponferrada\/#organization\",\"name\":\"Agrupaci\u00f3n Socialista de Ponferrada\",\"url\":\"https:\/\/agrupacionespsoe.es\/ponferrada\/\",\"logo\":{\"@type\":\"ImageObject\",\"inLanguage\":\"es\",\"@id\":\"https:\/\/agrupacionespsoe.es\/ponferrada\/#\/schema\/logo\/image\/\",\"url\":\"https:\/\/agrupacionespsoe.es\/wp-content\/uploads\/2022\/07\/Logotipo_electoral_del_PSOE.png\",\"contentUrl\":\"https:\/\/agrupacionespsoe.es\/wp-content\/uploads\/2022\/07\/Logotipo_electoral_del_PSOE.png\",\"width\":422,\"height\":422,\"caption\":\"Agrupaci\u00f3n Socialista de Ponferrada\"},\"image\":{\"@id\":\"https:\/\/agrupacionespsoe.es\/ponferrada\/#\/schema\/logo\/image\/\"}},{\"@type\":\"Person\",\"@id\":\"https:\/\/agrupacionespsoe.es\/ponferrada\/#\/schema\/person\/cd29ee627f3b70c05d415f02596debaa\",\"name\":\"ponferrada2\",\"image\":{\"@type\":\"ImageObject\",\"inLanguage\":\"es\",\"@id\":\"https:\/\/agrupacionespsoe.es\/ponferrada\/#\/schema\/person\/image\/\",\"url\":\"https:\/\/secure.gravatar.com\/avatar\/f499eeb60144c664cf7b7edf75549b50?s=96&d=mm&r=g\",\"contentUrl\":\"https:\/\/secure.gravatar.com\/avatar\/f499eeb60144c664cf7b7edf75549b50?s=96&d=mm&r=g\",\"caption\":\"ponferrada2\"},\"url\":\"https:\/\/agrupacionespsoe.es\/ponferrada\/author\/ponferrada2\/\"}]}<\/script>\n<!-- \/ Yoast SEO plugin. -->","yoast_head_json":{"title":"El PSOE denuncia la mala gesti\u00f3n del PP en Ponferrada que deja sin Plan Especial del Camino de Santiago lo que conlleva la paralizaci\u00f3n de cualquier actividad p\u00fablica o privada en el tramo del Camino de Santiago por el municipio. - Agrupaci\u00f3n Socialista de Ponferrada","robots":{"index":"index","follow":"follow","max-snippet":"max-snippet:-1","max-image-preview":"max-image-preview:large","max-video-preview":"max-video-preview:-1"},"canonical":"https:\/\/agrupacionespsoe.es\/ponferrada\/el-psoe-denuncia-la-mala-gestion-del-pp-en-ponferrada-que-deja-sin-plan-especial-del-camino-de-santiago-lo-que-conlleva-la-paralizacion-de-cualquier-actividad-publica-o-privada-en-el-tramo-del-camino\/","og_locale":"es_ES","og_type":"article","og_title":"El PSOE denuncia la mala gesti\u00f3n del PP en Ponferrada que deja sin Plan Especial del Camino de Santiago lo que conlleva la paralizaci\u00f3n de cualquier actividad p\u00fablica o privada en el tramo del Camino de Santiago por el municipio. - Agrupaci\u00f3n Socialista de Ponferrada","og_description":"El Grupo Municipal Socialista en el Ayuntamiento de Ponferrada critica la mala gesti\u00f3n del actual equipo de gobierno del PP y CB, que ha supuesto que la licitaci\u00f3n del Plan de protecci\u00f3n especial del Camino de Santiago quedase desierta. La concejala socialista, Silvia Blanco ha recordado que gracias al trabajo del anterior equipo de gobierno, ...","og_url":"https:\/\/agrupacionespsoe.es\/ponferrada\/el-psoe-denuncia-la-mala-gestion-del-pp-en-ponferrada-que-deja-sin-plan-especial-del-camino-de-santiago-lo-que-conlleva-la-paralizacion-de-cualquier-actividad-publica-o-privada-en-el-tramo-del-camino\/","og_site_name":"Agrupaci\u00f3n Socialista de Ponferrada","article_published_time":"2025-07-31T15:00:21+00:00","article_modified_time":"2025-07-31T15:00:22+00:00","og_image":[{"width":1600,"height":1200,"url":"https:\/\/agrupacionespsoe.es\/ponferrada\/wp-content\/uploads\/sites\/36\/2025\/06\/WhatsApp-Image-2025-06-24-at-12.48.16.jpeg","type":"image\/jpeg"}],"author":"ponferrada2","twitter_card":"summary_large_image","twitter_misc":{"Escrito por":"ponferrada2","Tiempo de lectura":"3 minutos"},"schema":{"@context":"https:\/\/schema.org","@graph":[{"@type":"Article","@id":"https:\/\/agrupacionespsoe.es\/ponferrada\/el-psoe-denuncia-la-mala-gestion-del-pp-en-ponferrada-que-deja-sin-plan-especial-del-camino-de-santiago-lo-que-conlleva-la-paralizacion-de-cualquier-actividad-publica-o-privada-en-el-tramo-del-camino\/#article","isPartOf":{"@id":"https:\/\/agrupacionespsoe.es\/ponferrada\/el-psoe-denuncia-la-mala-gestion-del-pp-en-ponferrada-que-deja-sin-plan-especial-del-camino-de-santiago-lo-que-conlleva-la-paralizacion-de-cualquier-actividad-publica-o-privada-en-el-tramo-del-camino\/"},"author":{"name":"ponferrada2","@id":"https:\/\/agrupacionespsoe.es\/ponferrada\/#\/schema\/person\/cd29ee627f3b70c05d415f02596debaa"},"headline":"El PSOE denuncia la mala gesti\u00f3n del PP en Ponferrada que deja sin Plan Especial del Camino de Santiago lo que conlleva la paralizaci\u00f3n de cualquier actividad p\u00fablica o privada en el tramo del Camino de Santiago por el municipio.","datePublished":"2025-07-31T15:00:21+00:00","dateModified":"2025-07-31T15:00:22+00:00","mainEntityOfPage":{"@id":"https:\/\/agrupacionespsoe.es\/ponferrada\/el-psoe-denuncia-la-mala-gestion-del-pp-en-ponferrada-que-deja-sin-plan-especial-del-camino-de-santiago-lo-que-conlleva-la-paralizacion-de-cualquier-actividad-publica-o-privada-en-el-tramo-del-camino\/"},"wordCount":499,"commentCount":0,"publisher":{"@id":"https:\/\/agrupacionespsoe.es\/ponferrada\/#organization"},"image":{"@id":"https:\/\/agrupacionespsoe.es\/ponferrada\/el-psoe-denuncia-la-mala-gestion-del-pp-en-ponferrada-que-deja-sin-plan-especial-del-camino-de-santiago-lo-que-conlleva-la-paralizacion-de-cualquier-actividad-publica-o-privada-en-el-tramo-del-camino\/#primaryimage"},"thumbnailUrl":"https:\/\/agrupacionespsoe.es\/ponferrada\/wp-content\/uploads\/sites\/36\/2025\/06\/WhatsApp-Image-2025-06-24-at-12.48.16.jpeg","articleSection":["ACTUALIDAD"],"inLanguage":"es","potentialAction":[{"@type":"CommentAction","name":"Comment","target":["https:\/\/agrupacionespsoe.es\/ponferrada\/el-psoe-denuncia-la-mala-gestion-del-pp-en-ponferrada-que-deja-sin-plan-especial-del-camino-de-santiago-lo-que-conlleva-la-paralizacion-de-cualquier-actividad-publica-o-privada-en-el-tramo-del-camino\/#respond"]}]},{"@type":"WebPage","@id":"https:\/\/agrupacionespsoe.es\/ponferrada\/el-psoe-denuncia-la-mala-gestion-del-pp-en-ponferrada-que-deja-sin-plan-especial-del-camino-de-santiago-lo-que-conlleva-la-paralizacion-de-cualquier-actividad-publica-o-privada-en-el-tramo-del-camino\/","url":"https:\/\/agrupacionespsoe.es\/ponferrada\/el-psoe-denuncia-la-mala-gestion-del-pp-en-ponferrada-que-deja-sin-plan-especial-del-camino-de-santiago-lo-que-conlleva-la-paralizacion-de-cualquier-actividad-publica-o-privada-en-el-tramo-del-camino\/","name":"El PSOE denuncia la mala gesti\u00f3n del PP en Ponferrada que deja sin Plan Especial del Camino de Santiago lo que conlleva la paralizaci\u00f3n de cualquier actividad p\u00fablica o privada en el tramo del Camino de Santiago por el municipio. - Agrupaci\u00f3n Socialista de Ponferrada","isPartOf":{"@id":"https:\/\/agrupacionespsoe.es\/ponferrada\/#website"},"primaryImageOfPage":{"@id":"https:\/\/agrupacionespsoe.es\/ponferrada\/el-psoe-denuncia-la-mala-gestion-del-pp-en-ponferrada-que-deja-sin-plan-especial-del-camino-de-santiago-lo-que-conlleva-la-paralizacion-de-cualquier-actividad-publica-o-privada-en-el-tramo-del-camino\/#primaryimage"},"image":{"@id":"https:\/\/agrupacionespsoe.es\/ponferrada\/el-psoe-denuncia-la-mala-gestion-del-pp-en-ponferrada-que-deja-sin-plan-especial-del-camino-de-santiago-lo-que-conlleva-la-paralizacion-de-cualquier-actividad-publica-o-privada-en-el-tramo-del-camino\/#primaryimage"},"thumbnailUrl":"https:\/\/agrupacionespsoe.es\/ponferrada\/wp-content\/uploads\/sites\/36\/2025\/06\/WhatsApp-Image-2025-06-24-at-12.48.16.jpeg","datePublished":"2025-07-31T15:00:21+00:00","dateModified":"2025-07-31T15:00:22+00:00","breadcrumb":{"@id":"https:\/\/agrupacionespsoe.es\/ponferrada\/el-psoe-denuncia-la-mala-gestion-del-pp-en-ponferrada-que-deja-sin-plan-especial-del-camino-de-santiago-lo-que-conlleva-la-paralizacion-de-cualquier-actividad-publica-o-privada-en-el-tramo-del-camino\/#breadcrumb"},"inLanguage":"es","potentialAction":[{"@type":"ReadAction","target":["https:\/\/agrupacionespsoe.es\/ponferrada\/el-psoe-denuncia-la-mala-gestion-del-pp-en-ponferrada-que-deja-sin-plan-especial-del-camino-de-santiago-lo-que-conlleva-la-paralizacion-de-cualquier-actividad-publica-o-privada-en-el-tramo-del-camino\/"]}]},{"@type":"ImageObject","inLanguage":"es","@id":"https:\/\/agrupacionespsoe.es\/ponferrada\/el-psoe-denuncia-la-mala-gestion-del-pp-en-ponferrada-que-deja-sin-plan-especial-del-camino-de-santiago-lo-que-conlleva-la-paralizacion-de-cualquier-actividad-publica-o-privada-en-el-tramo-del-camino\/#primaryimage","url":"https:\/\/agrupacionespsoe.es\/ponferrada\/wp-content\/uploads\/sites\/36\/2025\/06\/WhatsApp-Image-2025-06-24-at-12.48.16.jpeg","contentUrl":"https:\/\/agrupacionespsoe.es\/ponferrada\/wp-content\/uploads\/sites\/36\/2025\/06\/WhatsApp-Image-2025-06-24-at-12.48.16.jpeg","width":1600,"height":1200},{"@type":"BreadcrumbList","@id":"https:\/\/agrupacionespsoe.es\/ponferrada\/el-psoe-denuncia-la-mala-gestion-del-pp-en-ponferrada-que-deja-sin-plan-especial-del-camino-de-santiago-lo-que-conlleva-la-paralizacion-de-cualquier-actividad-publica-o-privada-en-el-tramo-del-camino\/#breadcrumb","itemListElement":[{"@type":"ListItem","position":1,"name":"Portada","item":"https:\/\/agrupacionespsoe.es\/ponferrada\/"},{"@type":"ListItem","position":2,"name":"El PSOE denuncia la mala gesti\u00f3n del PP en Ponferrada que deja sin Plan Especial del Camino de Santiago lo que conlleva la paralizaci\u00f3n de cualquier actividad p\u00fablica o privada en el tramo del Camino de Santiago por el municipio."}]},{"@type":"WebSite","@id":"https:\/\/agrupacionespsoe.es\/ponferrada\/#website","url":"https:\/\/agrupacionespsoe.es\/ponferrada\/","name":"Agrupaci\u00f3n Socialista de Ponferrada","description":"Agrupaci\u00f3n Socialista de Ponferrada","publisher":{"@id":"https:\/\/agrupacionespsoe.es\/ponferrada\/#organization"},"potentialAction":[{"@type":"SearchAction","target":{"@type":"EntryPoint","urlTemplate":"https:\/\/agrupacionespsoe.es\/ponferrada\/?s={search_term_string}"},"query-input":{"@type":"PropertyValueSpecification","valueRequired":true,"valueName":"search_term_string"}}],"inLanguage":"es"},{"@type":"Organization","@id":"https:\/\/agrupacionespsoe.es\/ponferrada\/#organization","name":"Agrupaci\u00f3n Socialista de Ponferrada","url":"https:\/\/agrupacionespsoe.es\/ponferrada\/","logo":{"@type":"ImageObject","inLanguage":"es","@id":"https:\/\/agrupacionespsoe.es\/ponferrada\/#\/schema\/logo\/image\/","url":"https:\/\/agrupacionespsoe.es\/wp-content\/uploads\/2022\/07\/Logotipo_electoral_del_PSOE.png","contentUrl":"https:\/\/agrupacionespsoe.es\/wp-content\/uploads\/2022\/07\/Logotipo_electoral_del_PSOE.png","width":422,"height":422,"caption":"Agrupaci\u00f3n Socialista de Ponferrada"},"image":{"@id":"https:\/\/agrupacionespsoe.es\/ponferrada\/#\/schema\/logo\/image\/"}},{"@type":"Person","@id":"https:\/\/agrupacionespsoe.es\/ponferrada\/#\/schema\/person\/cd29ee627f3b70c05d415f02596debaa","name":"ponferrada2","image":{"@type":"ImageObject","inLanguage":"es","@id":"https:\/\/agrupacionespsoe.es\/ponferrada\/#\/schema\/person\/image\/","url":"https:\/\/secure.gravatar.com\/avatar\/f499eeb60144c664cf7b7edf75549b50?s=96&d=mm&r=g","contentUrl":"https:\/\/secure.gravatar.com\/avatar\/f499eeb60144c664cf7b7edf75549b50?s=96&d=mm&r=g","caption":"ponferrada2"},"url":"https:\/\/agrupacionespsoe.es\/ponferrada\/author\/ponferrada2\/"}]}},"jetpack_featured_media_url":"https:\/\/agrupacionespsoe.es\/ponferrada\/wp-content\/uploads\/sites\/36\/2025\/06\/WhatsApp-Image-2025-06-24-at-12.48.16.jpeg","jetpack_sharing_enabled":true,"_links":{"self":[{"href":"https:\/\/agrupacionespsoe.es\/ponferrada\/wp-json\/wp\/v2\/posts\/1062","targetHints":{"allow":["GET"]}}],"collection":[{"href":"https:\/\/agrupacionespsoe.es\/ponferrada\/wp-json\/wp\/v2\/posts"}],"about":[{"href":"https:\/\/agrupacionespsoe.es\/ponferrada\/wp-json\/wp\/v2\/types\/post"}],"author":[{"embeddable":true,"href":"https:\/\/agrupacionespsoe.es\/ponferrada\/wp-json\/wp\/v2\/users\/32"}],"replies":[{"embeddable":true,"href":"https:\/\/agrupacionespsoe.es\/ponferrada\/wp-json\/wp\/v2\/comments?post=1062"}],"version-history":[{"count":2,"href":"https:\/\/agrupacionespsoe.es\/ponferrada\/wp-json\/wp\/v2\/posts\/1062\/revisions"}],"predecessor-version":[{"id":1064,"href":"https:\/\/agrupacionespsoe.es\/ponferrada\/wp-json\/wp\/v2\/posts\/1062\/revisions\/1064"}],"wp:featuredmedia":[{"embeddable":true,"href":"https:\/\/agrupacionespsoe.es\/ponferrada\/wp-json\/wp\/v2\/media\/963"}],"wp:attachment":[{"href":"https:\/\/agrupacionespsoe.es\/ponferrada\/wp-json\/wp\/v2\/media?parent=1062"}],"wp:term":[{"taxonomy":"category","embeddable":true,"href":"https:\/\/agrupacionespsoe.es\/ponferrada\/wp-json\/wp\/v2\/categories?post=1062"},{"taxonomy":"post_tag","embeddable":true,"href":"https:\/\/agrupacionespsoe.es\/ponferrada\/wp-json\/wp\/v2\/tags?post=1062"}],"curies":[{"name":"wp","href":"https:\/\/api.w.org\/{rel}","templated":true}]}}