{"id":1053,"date":"2025-07-28T08:18:20","date_gmt":"2025-07-28T08:18:20","guid":{"rendered":"https:\/\/agrupacionespsoe.es\/ponferrada\/?p=1053"},"modified":"2025-07-28T08:52:53","modified_gmt":"2025-07-28T08:52:53","slug":"mas-deuda-menos-servicios-el-modelo-del-pp-en-ponferrada","status":"publish","type":"post","link":"https:\/\/agrupacionespsoe.es\/ponferrada\/mas-deuda-menos-servicios-el-modelo-del-pp-en-ponferrada\/","title":{"rendered":"\u00abM\u00e1s deuda, menos servicios: el modelo del PP en Ponferrada\u00bb"},"content":{"rendered":"\n<p>La gesti\u00f3n del equipo de gobierno del Partido Popular en Ponferrada vuelve a demostrar que su modelo es insostenible, irresponsable y absolutamente alejado de los intereses de la ciudadan\u00eda. Al PP le han bastado dos a\u00f1os al frente del gobierno para incrementar la deuda viva municipal en m\u00e1s de tres millones de euros, pasando de 19,4 millones en 2023 a 22,5 millones en 2024, lo que se traduce en 357 euros de deuda por habitante.<\/p>\n\n\n\n<p>La concejala socialista Mabel Fern\u00e1ndez explica que, cuanto mayor sea la deuda, m\u00e1s dinero tiene que destinar el Ayuntamiento cada a\u00f1o al pago de intereses y amortizaci\u00f3n de esa deuda. Ese dinero no puede usarse para mejorar barrios, limpiar calles, invertir en instalaciones deportivas, ayudas sociales, cultura o transporte. Es decir, una parte del presupuesto desaparece en pagar lo que se debe y no va ni a mejorar los servicios de la ciudadan\u00eda ni a inversiones en los barrios y pedan\u00edas.<\/p>\n\n\n\n<p>Mabel Fern\u00e1ndez se\u00f1ala que \u201cla realidad es que mientras el alcalde Marco Morala y su equipo insisten en vender una imagen de \u201cbuena gesti\u00f3n\u201d, los datos oficiales desmienten ese relato. Ponferrada vuelve a endeudarse a un ritmo preocupante y lo que es peor, es gasto improductivo, del que no revierte en la ciudadan\u00eda, no hay nuevas infraestructuras, ni mejoras en los servicios p\u00fablicos o una planificaci\u00f3n seria del futuro de la ciudad. Lo \u00fanico que ha crecido son los gastos muchos de ellos y otros claramente electoralistas.\u201d<\/p>\n\n\n\n<p>Desde que asumieron el gobierno municipal en 2023, el PP ha demostrado que su prioridad no es la eficiencia presupuestaria, ni la sostenibilidad financiera, ni el bienestar colectivo, sino la ejecuci\u00f3n de gasto apresurado y desordenado. El resultado: hemos vuelto a niveles de endeudamiento propios de etapas pasadas, cuando Ponferrada lleg\u00f3 a acumular m\u00e1s de 41 millones de euros en deuda viva bajo gobiernos del Partido Popular.<\/p>\n\n\n\n<figure class=\"wp-block-image size-large\"><img loading=\"lazy\" decoding=\"async\" width=\"720\" height=\"1024\" src=\"https:\/\/agrupacionespsoe.es\/ponferrada\/wp-content\/uploads\/sites\/36\/2025\/02\/WhatsApp-Image-2025-02-04-at-11.25.22-720x1024.jpeg\" alt=\"\" class=\"wp-image-774\" srcset=\"https:\/\/agrupacionespsoe.es\/ponferrada\/wp-content\/uploads\/sites\/36\/2025\/02\/WhatsApp-Image-2025-02-04-at-11.25.22-720x1024.jpeg 720w, https:\/\/agrupacionespsoe.es\/ponferrada\/wp-content\/uploads\/sites\/36\/2025\/02\/WhatsApp-Image-2025-02-04-at-11.25.22-211x300.jpeg 211w, https:\/\/agrupacionespsoe.es\/ponferrada\/wp-content\/uploads\/sites\/36\/2025\/02\/WhatsApp-Image-2025-02-04-at-11.25.22-768x1092.jpeg 768w, https:\/\/agrupacionespsoe.es\/ponferrada\/wp-content\/uploads\/sites\/36\/2025\/02\/WhatsApp-Image-2025-02-04-at-11.25.22.jpeg 797w\" sizes=\"auto, (max-width: 720px) 100vw, 720px\" \/><\/figure>\n\n\n\n<p>Los datos son esclarecedores y no buenos para el PP: entre 2019 y 2023, etapa en la que el PP no gobern\u00f3, se logr\u00f3 reducir la deuda casi a la mitad. Destacamos el mandato anterior del PSOE donde apostando por pol\u00edticas responsables, inversi\u00f3n \u00fatil y una contenci\u00f3n del gasto innecesario se logr\u00f3 en 2022 llegar a los mejores datos de deuda en los \u00faltimos 15 a\u00f1os. El mandato del Grupo Socialista permiti\u00f3 recuperar la capacidad financiera del Ayuntamiento y mejorar progresivamente los servicios p\u00fablicos sin cargar sobre las espaldas de los ciudadanos el coste de la ineficiencia.<\/p>\n\n\n\n<p>Contin\u00faa diciendo que a diferencia de la gesti\u00f3n anterior, ahora tienen que aprobar un Plan Econ\u00f3mico-Financiero porque el Ayuntamiento ha superado los l\u00edmites de gasto, lo cual evidencia que las cuentas no cuadran. Porque el Plan Econ\u00f3mico Financiero no es m\u00e1s que una medida de ajuste impuesta por la ley ante la mala gesti\u00f3n de los recursos p\u00fablicos. En lugar de actuar con responsabilidad y planificaci\u00f3n, el PP ha optado por gastar m\u00e1s de lo que pod\u00eda, sobre todo en gasto superfluo y como siempre ser\u00e1n los vecinos y vecinas de Ponferrada quienes paguen las consecuencias de esta imprudencia.<\/p>\n\n\n\n<p>Mabel Fern\u00e1ndez finaliza pidiendo al PP que dejen de gastar, que abandonen la senda del despilfarro y comience a gestionar con responsabilidad. No se puede seguir comprometiendo el futuro econ\u00f3mico del Ayuntamiento con decisiones poco meditadas. Es hora de priorizar el inter\u00e9s general: que el dinero de los impuestos de los ponferradinos se destine a mejorar los servicios p\u00fablicos y a realizar inversiones \u00fatiles para la ciudadan\u00eda, en lugar de continuar engordando la factura de los intereses de la deuda.<\/p>\n\n\n\n<figure class=\"wp-block-image size-large\"><img loading=\"lazy\" decoding=\"async\" width=\"1024\" height=\"603\" src=\"https:\/\/agrupacionespsoe.es\/ponferrada\/wp-content\/uploads\/sites\/36\/2025\/07\/WhatsApp-Image-2025-07-26-at-09.31.41-1-1024x603.jpeg\" alt=\"\" class=\"wp-image-1054\" srcset=\"https:\/\/agrupacionespsoe.es\/ponferrada\/wp-content\/uploads\/sites\/36\/2025\/07\/WhatsApp-Image-2025-07-26-at-09.31.41-1-1024x603.jpeg 1024w, https:\/\/agrupacionespsoe.es\/ponferrada\/wp-content\/uploads\/sites\/36\/2025\/07\/WhatsApp-Image-2025-07-26-at-09.31.41-1-300x177.jpeg 300w, https:\/\/agrupacionespsoe.es\/ponferrada\/wp-content\/uploads\/sites\/36\/2025\/07\/WhatsApp-Image-2025-07-26-at-09.31.41-1-768x452.jpeg 768w, https:\/\/agrupacionespsoe.es\/ponferrada\/wp-content\/uploads\/sites\/36\/2025\/07\/WhatsApp-Image-2025-07-26-at-09.31.41-1.jpeg 1329w\" sizes=\"auto, (max-width: 1024px) 100vw, 1024px\" \/><\/figure>\n","protected":false},"excerpt":{"rendered":"<p>La gesti\u00f3n del equipo de gobierno del Partido Popular en Ponferrada vuelve a demostrar que su modelo es insostenible, irresponsable y absolutamente alejado de los intereses de la ciudadan\u00eda. Al PP le han bastado dos a\u00f1os al frente del gobierno para incrementar la deuda viva municipal en m\u00e1s de tres millones de euros, pasando de &#8230;<\/p>\n","protected":false},"author":32,"featured_media":774,"comment_status":"open","ping_status":"open","sticky":false,"template":"","format":"standard","meta":{"_jetpack_memberships_contains_paid_content":false,"footnotes":""},"categories":[6],"tags":[],"class_list":["post-1053","post","type-post","status-publish","format-standard","has-post-thumbnail","hentry","category-actualidad"],"yoast_head":"<!-- This site is optimized with the Yoast SEO plugin v24.0 - https:\/\/yoast.com\/wordpress\/plugins\/seo\/ -->\n<title>&quot;M\u00e1s deuda, menos servicios: el modelo del PP en Ponferrada&quot; - Agrupaci\u00f3n Socialista de Ponferrada<\/title>\n<meta name=\"robots\" content=\"index, follow, max-snippet:-1, max-image-preview:large, max-video-preview:-1\" \/>\n<link rel=\"canonical\" href=\"https:\/\/agrupacionespsoe.es\/ponferrada\/mas-deuda-menos-servicios-el-modelo-del-pp-en-ponferrada\/\" \/>\n<meta property=\"og:locale\" content=\"es_ES\" \/>\n<meta property=\"og:type\" content=\"article\" \/>\n<meta property=\"og:title\" content=\"&quot;M\u00e1s deuda, menos servicios: el modelo del PP en Ponferrada&quot; - Agrupaci\u00f3n Socialista de Ponferrada\" \/>\n<meta property=\"og:description\" content=\"La gesti\u00f3n del equipo de gobierno del Partido Popular en Ponferrada vuelve a demostrar que su modelo es insostenible, irresponsable y absolutamente alejado de los intereses de la ciudadan\u00eda. Al PP le han bastado dos a\u00f1os al frente del gobierno para incrementar la deuda viva municipal en m\u00e1s de tres millones de euros, pasando de ...\" \/>\n<meta property=\"og:url\" content=\"https:\/\/agrupacionespsoe.es\/ponferrada\/mas-deuda-menos-servicios-el-modelo-del-pp-en-ponferrada\/\" \/>\n<meta property=\"og:site_name\" content=\"Agrupaci\u00f3n Socialista de Ponferrada\" \/>\n<meta property=\"article:published_time\" content=\"2025-07-28T08:18:20+00:00\" \/>\n<meta property=\"article:modified_time\" content=\"2025-07-28T08:52:53+00:00\" \/>\n<meta property=\"og:image\" content=\"https:\/\/agrupacionespsoe.es\/ponferrada\/wp-content\/uploads\/sites\/36\/2025\/02\/WhatsApp-Image-2025-02-04-at-11.25.22.jpeg\" \/>\n\t<meta property=\"og:image:width\" content=\"797\" \/>\n\t<meta property=\"og:image:height\" content=\"1133\" \/>\n\t<meta property=\"og:image:type\" content=\"image\/jpeg\" \/>\n<meta name=\"author\" content=\"ponferrada2\" \/>\n<meta name=\"twitter:card\" content=\"summary_large_image\" \/>\n<meta name=\"twitter:label1\" content=\"Escrito por\" \/>\n\t<meta name=\"twitter:data1\" content=\"ponferrada2\" \/>\n\t<meta name=\"twitter:label2\" content=\"Tiempo de lectura\" \/>\n\t<meta name=\"twitter:data2\" content=\"4 minutos\" \/>\n<script type=\"application\/ld+json\" class=\"yoast-schema-graph\">{\"@context\":\"https:\/\/schema.org\",\"@graph\":[{\"@type\":\"Article\",\"@id\":\"https:\/\/agrupacionespsoe.es\/ponferrada\/mas-deuda-menos-servicios-el-modelo-del-pp-en-ponferrada\/#article\",\"isPartOf\":{\"@id\":\"https:\/\/agrupacionespsoe.es\/ponferrada\/mas-deuda-menos-servicios-el-modelo-del-pp-en-ponferrada\/\"},\"author\":{\"name\":\"ponferrada2\",\"@id\":\"https:\/\/agrupacionespsoe.es\/ponferrada\/#\/schema\/person\/cd29ee627f3b70c05d415f02596debaa\"},\"headline\":\"\u00abM\u00e1s deuda, menos servicios: el modelo del PP en Ponferrada\u00bb\",\"datePublished\":\"2025-07-28T08:18:20+00:00\",\"dateModified\":\"2025-07-28T08:52:53+00:00\",\"mainEntityOfPage\":{\"@id\":\"https:\/\/agrupacionespsoe.es\/ponferrada\/mas-deuda-menos-servicios-el-modelo-del-pp-en-ponferrada\/\"},\"wordCount\":626,\"commentCount\":0,\"publisher\":{\"@id\":\"https:\/\/agrupacionespsoe.es\/ponferrada\/#organization\"},\"image\":{\"@id\":\"https:\/\/agrupacionespsoe.es\/ponferrada\/mas-deuda-menos-servicios-el-modelo-del-pp-en-ponferrada\/#primaryimage\"},\"thumbnailUrl\":\"https:\/\/agrupacionespsoe.es\/ponferrada\/wp-content\/uploads\/sites\/36\/2025\/02\/WhatsApp-Image-2025-02-04-at-11.25.22.jpeg\",\"articleSection\":[\"ACTUALIDAD\"],\"inLanguage\":\"es\",\"potentialAction\":[{\"@type\":\"CommentAction\",\"name\":\"Comment\",\"target\":[\"https:\/\/agrupacionespsoe.es\/ponferrada\/mas-deuda-menos-servicios-el-modelo-del-pp-en-ponferrada\/#respond\"]}]},{\"@type\":\"WebPage\",\"@id\":\"https:\/\/agrupacionespsoe.es\/ponferrada\/mas-deuda-menos-servicios-el-modelo-del-pp-en-ponferrada\/\",\"url\":\"https:\/\/agrupacionespsoe.es\/ponferrada\/mas-deuda-menos-servicios-el-modelo-del-pp-en-ponferrada\/\",\"name\":\"\\\"M\u00e1s deuda, menos servicios: el modelo del PP en Ponferrada\\\" - Agrupaci\u00f3n Socialista de Ponferrada\",\"isPartOf\":{\"@id\":\"https:\/\/agrupacionespsoe.es\/ponferrada\/#website\"},\"primaryImageOfPage\":{\"@id\":\"https:\/\/agrupacionespsoe.es\/ponferrada\/mas-deuda-menos-servicios-el-modelo-del-pp-en-ponferrada\/#primaryimage\"},\"image\":{\"@id\":\"https:\/\/agrupacionespsoe.es\/ponferrada\/mas-deuda-menos-servicios-el-modelo-del-pp-en-ponferrada\/#primaryimage\"},\"thumbnailUrl\":\"https:\/\/agrupacionespsoe.es\/ponferrada\/wp-content\/uploads\/sites\/36\/2025\/02\/WhatsApp-Image-2025-02-04-at-11.25.22.jpeg\",\"datePublished\":\"2025-07-28T08:18:20+00:00\",\"dateModified\":\"2025-07-28T08:52:53+00:00\",\"breadcrumb\":{\"@id\":\"https:\/\/agrupacionespsoe.es\/ponferrada\/mas-deuda-menos-servicios-el-modelo-del-pp-en-ponferrada\/#breadcrumb\"},\"inLanguage\":\"es\",\"potentialAction\":[{\"@type\":\"ReadAction\",\"target\":[\"https:\/\/agrupacionespsoe.es\/ponferrada\/mas-deuda-menos-servicios-el-modelo-del-pp-en-ponferrada\/\"]}]},{\"@type\":\"ImageObject\",\"inLanguage\":\"es\",\"@id\":\"https:\/\/agrupacionespsoe.es\/ponferrada\/mas-deuda-menos-servicios-el-modelo-del-pp-en-ponferrada\/#primaryimage\",\"url\":\"https:\/\/agrupacionespsoe.es\/ponferrada\/wp-content\/uploads\/sites\/36\/2025\/02\/WhatsApp-Image-2025-02-04-at-11.25.22.jpeg\",\"contentUrl\":\"https:\/\/agrupacionespsoe.es\/ponferrada\/wp-content\/uploads\/sites\/36\/2025\/02\/WhatsApp-Image-2025-02-04-at-11.25.22.jpeg\",\"width\":797,\"height\":1133},{\"@type\":\"BreadcrumbList\",\"@id\":\"https:\/\/agrupacionespsoe.es\/ponferrada\/mas-deuda-menos-servicios-el-modelo-del-pp-en-ponferrada\/#breadcrumb\",\"itemListElement\":[{\"@type\":\"ListItem\",\"position\":1,\"name\":\"Portada\",\"item\":\"https:\/\/agrupacionespsoe.es\/ponferrada\/\"},{\"@type\":\"ListItem\",\"position\":2,\"name\":\"\u00abM\u00e1s deuda, menos servicios: el modelo del PP en Ponferrada\u00bb\"}]},{\"@type\":\"WebSite\",\"@id\":\"https:\/\/agrupacionespsoe.es\/ponferrada\/#website\",\"url\":\"https:\/\/agrupacionespsoe.es\/ponferrada\/\",\"name\":\"Agrupaci\u00f3n Socialista de Ponferrada\",\"description\":\"Agrupaci\u00f3n Socialista de Ponferrada\",\"publisher\":{\"@id\":\"https:\/\/agrupacionespsoe.es\/ponferrada\/#organization\"},\"potentialAction\":[{\"@type\":\"SearchAction\",\"target\":{\"@type\":\"EntryPoint\",\"urlTemplate\":\"https:\/\/agrupacionespsoe.es\/ponferrada\/?s={search_term_string}\"},\"query-input\":{\"@type\":\"PropertyValueSpecification\",\"valueRequired\":true,\"valueName\":\"search_term_string\"}}],\"inLanguage\":\"es\"},{\"@type\":\"Organization\",\"@id\":\"https:\/\/agrupacionespsoe.es\/ponferrada\/#organization\",\"name\":\"Agrupaci\u00f3n Socialista de Ponferrada\",\"url\":\"https:\/\/agrupacionespsoe.es\/ponferrada\/\",\"logo\":{\"@type\":\"ImageObject\",\"inLanguage\":\"es\",\"@id\":\"https:\/\/agrupacionespsoe.es\/ponferrada\/#\/schema\/logo\/image\/\",\"url\":\"https:\/\/agrupacionespsoe.es\/wp-content\/uploads\/2022\/07\/Logotipo_electoral_del_PSOE.png\",\"contentUrl\":\"https:\/\/agrupacionespsoe.es\/wp-content\/uploads\/2022\/07\/Logotipo_electoral_del_PSOE.png\",\"width\":422,\"height\":422,\"caption\":\"Agrupaci\u00f3n Socialista de Ponferrada\"},\"image\":{\"@id\":\"https:\/\/agrupacionespsoe.es\/ponferrada\/#\/schema\/logo\/image\/\"}},{\"@type\":\"Person\",\"@id\":\"https:\/\/agrupacionespsoe.es\/ponferrada\/#\/schema\/person\/cd29ee627f3b70c05d415f02596debaa\",\"name\":\"ponferrada2\",\"image\":{\"@type\":\"ImageObject\",\"inLanguage\":\"es\",\"@id\":\"https:\/\/agrupacionespsoe.es\/ponferrada\/#\/schema\/person\/image\/\",\"url\":\"https:\/\/secure.gravatar.com\/avatar\/f499eeb60144c664cf7b7edf75549b50?s=96&d=mm&r=g\",\"contentUrl\":\"https:\/\/secure.gravatar.com\/avatar\/f499eeb60144c664cf7b7edf75549b50?s=96&d=mm&r=g\",\"caption\":\"ponferrada2\"},\"url\":\"https:\/\/agrupacionespsoe.es\/ponferrada\/author\/ponferrada2\/\"}]}<\/script>\n<!-- \/ Yoast SEO plugin. -->","yoast_head_json":{"title":"\"M\u00e1s deuda, menos servicios: el modelo del PP en Ponferrada\" - Agrupaci\u00f3n Socialista de Ponferrada","robots":{"index":"index","follow":"follow","max-snippet":"max-snippet:-1","max-image-preview":"max-image-preview:large","max-video-preview":"max-video-preview:-1"},"canonical":"https:\/\/agrupacionespsoe.es\/ponferrada\/mas-deuda-menos-servicios-el-modelo-del-pp-en-ponferrada\/","og_locale":"es_ES","og_type":"article","og_title":"\"M\u00e1s deuda, menos servicios: el modelo del PP en Ponferrada\" - Agrupaci\u00f3n Socialista de Ponferrada","og_description":"La gesti\u00f3n del equipo de gobierno del Partido Popular en Ponferrada vuelve a demostrar que su modelo es insostenible, irresponsable y absolutamente alejado de los intereses de la ciudadan\u00eda. Al PP le han bastado dos a\u00f1os al frente del gobierno para incrementar la deuda viva municipal en m\u00e1s de tres millones de euros, pasando de ...","og_url":"https:\/\/agrupacionespsoe.es\/ponferrada\/mas-deuda-menos-servicios-el-modelo-del-pp-en-ponferrada\/","og_site_name":"Agrupaci\u00f3n Socialista de Ponferrada","article_published_time":"2025-07-28T08:18:20+00:00","article_modified_time":"2025-07-28T08:52:53+00:00","og_image":[{"width":797,"height":1133,"url":"https:\/\/agrupacionespsoe.es\/ponferrada\/wp-content\/uploads\/sites\/36\/2025\/02\/WhatsApp-Image-2025-02-04-at-11.25.22.jpeg","type":"image\/jpeg"}],"author":"ponferrada2","twitter_card":"summary_large_image","twitter_misc":{"Escrito por":"ponferrada2","Tiempo de lectura":"4 minutos"},"schema":{"@context":"https:\/\/schema.org","@graph":[{"@type":"Article","@id":"https:\/\/agrupacionespsoe.es\/ponferrada\/mas-deuda-menos-servicios-el-modelo-del-pp-en-ponferrada\/#article","isPartOf":{"@id":"https:\/\/agrupacionespsoe.es\/ponferrada\/mas-deuda-menos-servicios-el-modelo-del-pp-en-ponferrada\/"},"author":{"name":"ponferrada2","@id":"https:\/\/agrupacionespsoe.es\/ponferrada\/#\/schema\/person\/cd29ee627f3b70c05d415f02596debaa"},"headline":"\u00abM\u00e1s deuda, menos servicios: el modelo del PP en Ponferrada\u00bb","datePublished":"2025-07-28T08:18:20+00:00","dateModified":"2025-07-28T08:52:53+00:00","mainEntityOfPage":{"@id":"https:\/\/agrupacionespsoe.es\/ponferrada\/mas-deuda-menos-servicios-el-modelo-del-pp-en-ponferrada\/"},"wordCount":626,"commentCount":0,"publisher":{"@id":"https:\/\/agrupacionespsoe.es\/ponferrada\/#organization"},"image":{"@id":"https:\/\/agrupacionespsoe.es\/ponferrada\/mas-deuda-menos-servicios-el-modelo-del-pp-en-ponferrada\/#primaryimage"},"thumbnailUrl":"https:\/\/agrupacionespsoe.es\/ponferrada\/wp-content\/uploads\/sites\/36\/2025\/02\/WhatsApp-Image-2025-02-04-at-11.25.22.jpeg","articleSection":["ACTUALIDAD"],"inLanguage":"es","potentialAction":[{"@type":"CommentAction","name":"Comment","target":["https:\/\/agrupacionespsoe.es\/ponferrada\/mas-deuda-menos-servicios-el-modelo-del-pp-en-ponferrada\/#respond"]}]},{"@type":"WebPage","@id":"https:\/\/agrupacionespsoe.es\/ponferrada\/mas-deuda-menos-servicios-el-modelo-del-pp-en-ponferrada\/","url":"https:\/\/agrupacionespsoe.es\/ponferrada\/mas-deuda-menos-servicios-el-modelo-del-pp-en-ponferrada\/","name":"\"M\u00e1s deuda, menos servicios: el modelo del PP en Ponferrada\" - Agrupaci\u00f3n Socialista de Ponferrada","isPartOf":{"@id":"https:\/\/agrupacionespsoe.es\/ponferrada\/#website"},"primaryImageOfPage":{"@id":"https:\/\/agrupacionespsoe.es\/ponferrada\/mas-deuda-menos-servicios-el-modelo-del-pp-en-ponferrada\/#primaryimage"},"image":{"@id":"https:\/\/agrupacionespsoe.es\/ponferrada\/mas-deuda-menos-servicios-el-modelo-del-pp-en-ponferrada\/#primaryimage"},"thumbnailUrl":"https:\/\/agrupacionespsoe.es\/ponferrada\/wp-content\/uploads\/sites\/36\/2025\/02\/WhatsApp-Image-2025-02-04-at-11.25.22.jpeg","datePublished":"2025-07-28T08:18:20+00:00","dateModified":"2025-07-28T08:52:53+00:00","breadcrumb":{"@id":"https:\/\/agrupacionespsoe.es\/ponferrada\/mas-deuda-menos-servicios-el-modelo-del-pp-en-ponferrada\/#breadcrumb"},"inLanguage":"es","potentialAction":[{"@type":"ReadAction","target":["https:\/\/agrupacionespsoe.es\/ponferrada\/mas-deuda-menos-servicios-el-modelo-del-pp-en-ponferrada\/"]}]},{"@type":"ImageObject","inLanguage":"es","@id":"https:\/\/agrupacionespsoe.es\/ponferrada\/mas-deuda-menos-servicios-el-modelo-del-pp-en-ponferrada\/#primaryimage","url":"https:\/\/agrupacionespsoe.es\/ponferrada\/wp-content\/uploads\/sites\/36\/2025\/02\/WhatsApp-Image-2025-02-04-at-11.25.22.jpeg","contentUrl":"https:\/\/agrupacionespsoe.es\/ponferrada\/wp-content\/uploads\/sites\/36\/2025\/02\/WhatsApp-Image-2025-02-04-at-11.25.22.jpeg","width":797,"height":1133},{"@type":"BreadcrumbList","@id":"https:\/\/agrupacionespsoe.es\/ponferrada\/mas-deuda-menos-servicios-el-modelo-del-pp-en-ponferrada\/#breadcrumb","itemListElement":[{"@type":"ListItem","position":1,"name":"Portada","item":"https:\/\/agrupacionespsoe.es\/ponferrada\/"},{"@type":"ListItem","position":2,"name":"\u00abM\u00e1s deuda, menos servicios: el modelo del PP en Ponferrada\u00bb"}]},{"@type":"WebSite","@id":"https:\/\/agrupacionespsoe.es\/ponferrada\/#website","url":"https:\/\/agrupacionespsoe.es\/ponferrada\/","name":"Agrupaci\u00f3n Socialista de Ponferrada","description":"Agrupaci\u00f3n Socialista de Ponferrada","publisher":{"@id":"https:\/\/agrupacionespsoe.es\/ponferrada\/#organization"},"potentialAction":[{"@type":"SearchAction","target":{"@type":"EntryPoint","urlTemplate":"https:\/\/agrupacionespsoe.es\/ponferrada\/?s={search_term_string}"},"query-input":{"@type":"PropertyValueSpecification","valueRequired":true,"valueName":"search_term_string"}}],"inLanguage":"es"},{"@type":"Organization","@id":"https:\/\/agrupacionespsoe.es\/ponferrada\/#organization","name":"Agrupaci\u00f3n Socialista de Ponferrada","url":"https:\/\/agrupacionespsoe.es\/ponferrada\/","logo":{"@type":"ImageObject","inLanguage":"es","@id":"https:\/\/agrupacionespsoe.es\/ponferrada\/#\/schema\/logo\/image\/","url":"https:\/\/agrupacionespsoe.es\/wp-content\/uploads\/2022\/07\/Logotipo_electoral_del_PSOE.png","contentUrl":"https:\/\/agrupacionespsoe.es\/wp-content\/uploads\/2022\/07\/Logotipo_electoral_del_PSOE.png","width":422,"height":422,"caption":"Agrupaci\u00f3n Socialista de Ponferrada"},"image":{"@id":"https:\/\/agrupacionespsoe.es\/ponferrada\/#\/schema\/logo\/image\/"}},{"@type":"Person","@id":"https:\/\/agrupacionespsoe.es\/ponferrada\/#\/schema\/person\/cd29ee627f3b70c05d415f02596debaa","name":"ponferrada2","image":{"@type":"ImageObject","inLanguage":"es","@id":"https:\/\/agrupacionespsoe.es\/ponferrada\/#\/schema\/person\/image\/","url":"https:\/\/secure.gravatar.com\/avatar\/f499eeb60144c664cf7b7edf75549b50?s=96&d=mm&r=g","contentUrl":"https:\/\/secure.gravatar.com\/avatar\/f499eeb60144c664cf7b7edf75549b50?s=96&d=mm&r=g","caption":"ponferrada2"},"url":"https:\/\/agrupacionespsoe.es\/ponferrada\/author\/ponferrada2\/"}]}},"jetpack_featured_media_url":"https:\/\/agrupacionespsoe.es\/ponferrada\/wp-content\/uploads\/sites\/36\/2025\/02\/WhatsApp-Image-2025-02-04-at-11.25.22.jpeg","jetpack_sharing_enabled":true,"_links":{"self":[{"href":"https:\/\/agrupacionespsoe.es\/ponferrada\/wp-json\/wp\/v2\/posts\/1053","targetHints":{"allow":["GET"]}}],"collection":[{"href":"https:\/\/agrupacionespsoe.es\/ponferrada\/wp-json\/wp\/v2\/posts"}],"about":[{"href":"https:\/\/agrupacionespsoe.es\/ponferrada\/wp-json\/wp\/v2\/types\/post"}],"author":[{"embeddable":true,"href":"https:\/\/agrupacionespsoe.es\/ponferrada\/wp-json\/wp\/v2\/users\/32"}],"replies":[{"embeddable":true,"href":"https:\/\/agrupacionespsoe.es\/ponferrada\/wp-json\/wp\/v2\/comments?post=1053"}],"version-history":[{"count":3,"href":"https:\/\/agrupacionespsoe.es\/ponferrada\/wp-json\/wp\/v2\/posts\/1053\/revisions"}],"predecessor-version":[{"id":1058,"href":"https:\/\/agrupacionespsoe.es\/ponferrada\/wp-json\/wp\/v2\/posts\/1053\/revisions\/1058"}],"wp:featuredmedia":[{"embeddable":true,"href":"https:\/\/agrupacionespsoe.es\/ponferrada\/wp-json\/wp\/v2\/media\/774"}],"wp:attachment":[{"href":"https:\/\/agrupacionespsoe.es\/ponferrada\/wp-json\/wp\/v2\/media?parent=1053"}],"wp:term":[{"taxonomy":"category","embeddable":true,"href":"https:\/\/agrupacionespsoe.es\/ponferrada\/wp-json\/wp\/v2\/categories?post=1053"},{"taxonomy":"post_tag","embeddable":true,"href":"https:\/\/agrupacionespsoe.es\/ponferrada\/wp-json\/wp\/v2\/tags?post=1053"}],"curies":[{"name":"wp","href":"https:\/\/api.w.org\/{rel}","templated":true}]}}