{"id":1044,"date":"2025-07-22T09:22:43","date_gmt":"2025-07-22T09:22:43","guid":{"rendered":"https:\/\/agrupacionespsoe.es\/ponferrada\/?p=1044"},"modified":"2025-07-22T09:28:50","modified_gmt":"2025-07-22T09:28:50","slug":"el-psoe-de-ponferrada-denuncia-que-el-proyecto-de-viviendas-sociales-en-navaliegos-queda-en-el-aire-por-la-incapacidad-del-equipo-de-gobierno","status":"publish","type":"post","link":"https:\/\/agrupacionespsoe.es\/ponferrada\/el-psoe-de-ponferrada-denuncia-que-el-proyecto-de-viviendas-sociales-en-navaliegos-queda-en-el-aire-por-la-incapacidad-del-equipo-de-gobierno\/","title":{"rendered":"El PSOE de Ponferrada denuncia que el proyecto de viviendas sociales en Navaliegos queda en el aire por la incapacidad del equipo de gobierno"},"content":{"rendered":"\n<p>La Comisi\u00f3n Ejecutiva Municipal del PSOE de Ponferrada se reuni\u00f3 en la tarde de ayer, como viene siendo habitual, se dio un repaso y se analiz\u00f3 la actividad del Grupo Municipal Socialista en el Ayuntamiento.<\/p>\n\n\n\n<p>La secretaria de organizaci\u00f3n y portavoz de la ejecutiva informa que entre los diversos asuntos tratados, el tema que gener\u00f3 mayor preocupaci\u00f3n fue, una vez m\u00e1s, la absoluta par\u00e1lisis de la pol\u00edtica de vivienda p\u00fablica en nuestro municipio. Ayer se conoc\u00eda que la licitaci\u00f3n para la rehabilitaci\u00f3n de tres viviendas sociales en la Casa de los Maestros de Navaliegos ha quedado desierta, lo que deja en el aire otro de los compromisos que el equipo de gobierno de PP y Coalici\u00f3n por El Bierzo asumi\u00f3 para obtener el apoyo necesario a los presupuestos de 2024. A estas alturas de mandato no sabemos si se trata de torpeza administrativa o de falta de voluntad pol\u00edtica, ha se\u00f1alado.<\/p>\n\n\n\n<p>Recuerda que el proyecto, contaba con un presupuesto de casi 182.000 euros, para la adecuaci\u00f3n de tres viviendas municipales, as\u00ed como mejoras estructurales y energ\u00e9ticas para facilitar su uso como alquiler social. El Grupo Municipal Socialista en el anterior mandato inici\u00f3 este proyecto con la desafectaci\u00f3n de su uso escolar con la clara intenci\u00f3n de contribuir al inter\u00e9s general, pero a d\u00eda de hoy ni hay viviendas, ni se prev\u00e9 que las haya. \u201cA este ritmo, tendremos que esperar a que el PSOE vuelva a gobernar en Ponferrada para ver la primera llave de una vivienda social entregada\u201d.<\/p>\n\n\n\n<p>Desde la ejecutiva tambi\u00e9n se inform\u00f3 que PP y CB ya desech\u00f3 el proyecto de construcci\u00f3n de viviendas sociales en las antiguas casas de los maestros del Campo de la Cruz, tampoco sabemos nada de las 20 viviendas comprometidas con el SOMACYL, cuya licencia de obras fue concedida en febrero de 2025. Y como ejemplo claro de la pol\u00edtica de vivienda de PP y CB: una de las dos viviendas que son propiedad del Ayuntamiento aparec\u00eda en el proyecto de presupuestos de 2025 para su venta. Es decir, en lugar de ponerla a disposici\u00f3n para su alquiler social o para familias en riesgo de exclusi\u00f3n, pensaban venderla al mejor postor.<\/p>\n\n\n\n<p>Desde el PSOE creemos que todo esto no es casualidad, es una cuesti\u00f3n ideol\u00f3gica. Para la derecha, la vivienda p\u00fablica es una molestia, un gasto, un concepto que estorba a su visi\u00f3n mercantilista de la ciudad. Prefieren solares vac\u00edos o vendidos en lugar de poner la vivienda a disposici\u00f3n de la ciudadan\u00eda, que es lo mismo que han hecho con el solar del antiguo cuartel de la guardia civil.<\/p>\n\n\n\n<p>La situaci\u00f3n no es aislada. La incapacidad recurrente del Ayuntamiento para culminar licitaciones clave est\u00e1 bloqueando y paralizando proyectos importantes para la ciudadan\u00eda y nos est\u00e1 saliendo mucho m\u00e1s caro los servicios o las obras que se llevan a cabo.<\/p>\n\n\n\n<p>Desde el PSOE de Ponferrada exigimos que el equipo de gobierno reaccione de una vez y que tome medidas urgentes para volver a licitar de inmediato el proyecto de Navaliegos, desbloquear las actuaciones previstas y dejar de jugar con las expectativas de cientos de vecinos y vecinas que necesitan una vivienda digna.<\/p>\n\n\n\n<figure class=\"wp-block-image size-large\"><img loading=\"lazy\" decoding=\"async\" width=\"1024\" height=\"768\" src=\"https:\/\/agrupacionespsoe.es\/ponferrada\/wp-content\/uploads\/sites\/36\/2025\/07\/WhatsApp-Image-2025-07-22-at-07.23.17-1024x768.jpeg\" alt=\"\" class=\"wp-image-1045\" srcset=\"https:\/\/agrupacionespsoe.es\/ponferrada\/wp-content\/uploads\/sites\/36\/2025\/07\/WhatsApp-Image-2025-07-22-at-07.23.17-1024x768.jpeg 1024w, https:\/\/agrupacionespsoe.es\/ponferrada\/wp-content\/uploads\/sites\/36\/2025\/07\/WhatsApp-Image-2025-07-22-at-07.23.17-300x225.jpeg 300w, https:\/\/agrupacionespsoe.es\/ponferrada\/wp-content\/uploads\/sites\/36\/2025\/07\/WhatsApp-Image-2025-07-22-at-07.23.17-768x576.jpeg 768w, https:\/\/agrupacionespsoe.es\/ponferrada\/wp-content\/uploads\/sites\/36\/2025\/07\/WhatsApp-Image-2025-07-22-at-07.23.17-1536x1152.jpeg 1536w, https:\/\/agrupacionespsoe.es\/ponferrada\/wp-content\/uploads\/sites\/36\/2025\/07\/WhatsApp-Image-2025-07-22-at-07.23.17.jpeg 1600w\" sizes=\"auto, (max-width: 1024px) 100vw, 1024px\" \/><\/figure>\n","protected":false},"excerpt":{"rendered":"<p>La Comisi\u00f3n Ejecutiva Municipal del PSOE de Ponferrada se reuni\u00f3 en la tarde de ayer, como viene siendo habitual, se dio un repaso y se analiz\u00f3 la actividad del Grupo Municipal Socialista en el Ayuntamiento. La secretaria de organizaci\u00f3n y portavoz de la ejecutiva informa que entre los diversos asuntos tratados, el tema que gener\u00f3 &#8230;<\/p>\n","protected":false},"author":32,"featured_media":1045,"comment_status":"open","ping_status":"open","sticky":false,"template":"","format":"standard","meta":{"_jetpack_memberships_contains_paid_content":false,"footnotes":""},"categories":[6],"tags":[],"class_list":["post-1044","post","type-post","status-publish","format-standard","has-post-thumbnail","hentry","category-actualidad"],"yoast_head":"<!-- This site is optimized with the Yoast SEO plugin v24.0 - https:\/\/yoast.com\/wordpress\/plugins\/seo\/ -->\n<title>El PSOE de Ponferrada denuncia que el proyecto de viviendas sociales en Navaliegos queda en el aire por la incapacidad del equipo de gobierno - Agrupaci\u00f3n Socialista de Ponferrada<\/title>\n<meta name=\"robots\" content=\"index, follow, max-snippet:-1, max-image-preview:large, max-video-preview:-1\" \/>\n<link rel=\"canonical\" href=\"https:\/\/agrupacionespsoe.es\/ponferrada\/el-psoe-de-ponferrada-denuncia-que-el-proyecto-de-viviendas-sociales-en-navaliegos-queda-en-el-aire-por-la-incapacidad-del-equipo-de-gobierno\/\" \/>\n<meta property=\"og:locale\" content=\"es_ES\" \/>\n<meta property=\"og:type\" content=\"article\" \/>\n<meta property=\"og:title\" content=\"El PSOE de Ponferrada denuncia que el proyecto de viviendas sociales en Navaliegos queda en el aire por la incapacidad del equipo de gobierno - Agrupaci\u00f3n Socialista de Ponferrada\" \/>\n<meta property=\"og:description\" content=\"La Comisi\u00f3n Ejecutiva Municipal del PSOE de Ponferrada se reuni\u00f3 en la tarde de ayer, como viene siendo habitual, se dio un repaso y se analiz\u00f3 la actividad del Grupo Municipal Socialista en el Ayuntamiento. La secretaria de organizaci\u00f3n y portavoz de la ejecutiva informa que entre los diversos asuntos tratados, el tema que gener\u00f3 ...\" \/>\n<meta property=\"og:url\" content=\"https:\/\/agrupacionespsoe.es\/ponferrada\/el-psoe-de-ponferrada-denuncia-que-el-proyecto-de-viviendas-sociales-en-navaliegos-queda-en-el-aire-por-la-incapacidad-del-equipo-de-gobierno\/\" \/>\n<meta property=\"og:site_name\" content=\"Agrupaci\u00f3n Socialista de Ponferrada\" \/>\n<meta property=\"article:published_time\" content=\"2025-07-22T09:22:43+00:00\" \/>\n<meta property=\"article:modified_time\" content=\"2025-07-22T09:28:50+00:00\" \/>\n<meta property=\"og:image\" content=\"https:\/\/agrupacionespsoe.es\/ponferrada\/wp-content\/uploads\/sites\/36\/2025\/07\/WhatsApp-Image-2025-07-22-at-07.23.17.jpeg\" \/>\n\t<meta property=\"og:image:width\" content=\"1600\" \/>\n\t<meta property=\"og:image:height\" content=\"1200\" \/>\n\t<meta property=\"og:image:type\" content=\"image\/jpeg\" \/>\n<meta name=\"author\" content=\"ponferrada2\" \/>\n<meta name=\"twitter:card\" content=\"summary_large_image\" \/>\n<meta name=\"twitter:label1\" content=\"Escrito por\" \/>\n\t<meta name=\"twitter:data1\" content=\"ponferrada2\" \/>\n\t<meta name=\"twitter:label2\" content=\"Tiempo de lectura\" \/>\n\t<meta name=\"twitter:data2\" content=\"3 minutos\" \/>\n<script type=\"application\/ld+json\" class=\"yoast-schema-graph\">{\"@context\":\"https:\/\/schema.org\",\"@graph\":[{\"@type\":\"Article\",\"@id\":\"https:\/\/agrupacionespsoe.es\/ponferrada\/el-psoe-de-ponferrada-denuncia-que-el-proyecto-de-viviendas-sociales-en-navaliegos-queda-en-el-aire-por-la-incapacidad-del-equipo-de-gobierno\/#article\",\"isPartOf\":{\"@id\":\"https:\/\/agrupacionespsoe.es\/ponferrada\/el-psoe-de-ponferrada-denuncia-que-el-proyecto-de-viviendas-sociales-en-navaliegos-queda-en-el-aire-por-la-incapacidad-del-equipo-de-gobierno\/\"},\"author\":{\"name\":\"ponferrada2\",\"@id\":\"https:\/\/agrupacionespsoe.es\/ponferrada\/#\/schema\/person\/cd29ee627f3b70c05d415f02596debaa\"},\"headline\":\"El PSOE de Ponferrada denuncia que el proyecto de viviendas sociales en Navaliegos queda en el aire por la incapacidad del equipo de gobierno\",\"datePublished\":\"2025-07-22T09:22:43+00:00\",\"dateModified\":\"2025-07-22T09:28:50+00:00\",\"mainEntityOfPage\":{\"@id\":\"https:\/\/agrupacionespsoe.es\/ponferrada\/el-psoe-de-ponferrada-denuncia-que-el-proyecto-de-viviendas-sociales-en-navaliegos-queda-en-el-aire-por-la-incapacidad-del-equipo-de-gobierno\/\"},\"wordCount\":574,\"commentCount\":0,\"publisher\":{\"@id\":\"https:\/\/agrupacionespsoe.es\/ponferrada\/#organization\"},\"image\":{\"@id\":\"https:\/\/agrupacionespsoe.es\/ponferrada\/el-psoe-de-ponferrada-denuncia-que-el-proyecto-de-viviendas-sociales-en-navaliegos-queda-en-el-aire-por-la-incapacidad-del-equipo-de-gobierno\/#primaryimage\"},\"thumbnailUrl\":\"https:\/\/agrupacionespsoe.es\/ponferrada\/wp-content\/uploads\/sites\/36\/2025\/07\/WhatsApp-Image-2025-07-22-at-07.23.17.jpeg\",\"articleSection\":[\"ACTUALIDAD\"],\"inLanguage\":\"es\",\"potentialAction\":[{\"@type\":\"CommentAction\",\"name\":\"Comment\",\"target\":[\"https:\/\/agrupacionespsoe.es\/ponferrada\/el-psoe-de-ponferrada-denuncia-que-el-proyecto-de-viviendas-sociales-en-navaliegos-queda-en-el-aire-por-la-incapacidad-del-equipo-de-gobierno\/#respond\"]}]},{\"@type\":\"WebPage\",\"@id\":\"https:\/\/agrupacionespsoe.es\/ponferrada\/el-psoe-de-ponferrada-denuncia-que-el-proyecto-de-viviendas-sociales-en-navaliegos-queda-en-el-aire-por-la-incapacidad-del-equipo-de-gobierno\/\",\"url\":\"https:\/\/agrupacionespsoe.es\/ponferrada\/el-psoe-de-ponferrada-denuncia-que-el-proyecto-de-viviendas-sociales-en-navaliegos-queda-en-el-aire-por-la-incapacidad-del-equipo-de-gobierno\/\",\"name\":\"El PSOE de Ponferrada denuncia que el proyecto de viviendas sociales en Navaliegos queda en el aire por la incapacidad del equipo de gobierno - Agrupaci\u00f3n Socialista de Ponferrada\",\"isPartOf\":{\"@id\":\"https:\/\/agrupacionespsoe.es\/ponferrada\/#website\"},\"primaryImageOfPage\":{\"@id\":\"https:\/\/agrupacionespsoe.es\/ponferrada\/el-psoe-de-ponferrada-denuncia-que-el-proyecto-de-viviendas-sociales-en-navaliegos-queda-en-el-aire-por-la-incapacidad-del-equipo-de-gobierno\/#primaryimage\"},\"image\":{\"@id\":\"https:\/\/agrupacionespsoe.es\/ponferrada\/el-psoe-de-ponferrada-denuncia-que-el-proyecto-de-viviendas-sociales-en-navaliegos-queda-en-el-aire-por-la-incapacidad-del-equipo-de-gobierno\/#primaryimage\"},\"thumbnailUrl\":\"https:\/\/agrupacionespsoe.es\/ponferrada\/wp-content\/uploads\/sites\/36\/2025\/07\/WhatsApp-Image-2025-07-22-at-07.23.17.jpeg\",\"datePublished\":\"2025-07-22T09:22:43+00:00\",\"dateModified\":\"2025-07-22T09:28:50+00:00\",\"breadcrumb\":{\"@id\":\"https:\/\/agrupacionespsoe.es\/ponferrada\/el-psoe-de-ponferrada-denuncia-que-el-proyecto-de-viviendas-sociales-en-navaliegos-queda-en-el-aire-por-la-incapacidad-del-equipo-de-gobierno\/#breadcrumb\"},\"inLanguage\":\"es\",\"potentialAction\":[{\"@type\":\"ReadAction\",\"target\":[\"https:\/\/agrupacionespsoe.es\/ponferrada\/el-psoe-de-ponferrada-denuncia-que-el-proyecto-de-viviendas-sociales-en-navaliegos-queda-en-el-aire-por-la-incapacidad-del-equipo-de-gobierno\/\"]}]},{\"@type\":\"ImageObject\",\"inLanguage\":\"es\",\"@id\":\"https:\/\/agrupacionespsoe.es\/ponferrada\/el-psoe-de-ponferrada-denuncia-que-el-proyecto-de-viviendas-sociales-en-navaliegos-queda-en-el-aire-por-la-incapacidad-del-equipo-de-gobierno\/#primaryimage\",\"url\":\"https:\/\/agrupacionespsoe.es\/ponferrada\/wp-content\/uploads\/sites\/36\/2025\/07\/WhatsApp-Image-2025-07-22-at-07.23.17.jpeg\",\"contentUrl\":\"https:\/\/agrupacionespsoe.es\/ponferrada\/wp-content\/uploads\/sites\/36\/2025\/07\/WhatsApp-Image-2025-07-22-at-07.23.17.jpeg\",\"width\":1600,\"height\":1200},{\"@type\":\"BreadcrumbList\",\"@id\":\"https:\/\/agrupacionespsoe.es\/ponferrada\/el-psoe-de-ponferrada-denuncia-que-el-proyecto-de-viviendas-sociales-en-navaliegos-queda-en-el-aire-por-la-incapacidad-del-equipo-de-gobierno\/#breadcrumb\",\"itemListElement\":[{\"@type\":\"ListItem\",\"position\":1,\"name\":\"Portada\",\"item\":\"https:\/\/agrupacionespsoe.es\/ponferrada\/\"},{\"@type\":\"ListItem\",\"position\":2,\"name\":\"El PSOE de Ponferrada denuncia que el proyecto de viviendas sociales en Navaliegos queda en el aire por la incapacidad del equipo de gobierno\"}]},{\"@type\":\"WebSite\",\"@id\":\"https:\/\/agrupacionespsoe.es\/ponferrada\/#website\",\"url\":\"https:\/\/agrupacionespsoe.es\/ponferrada\/\",\"name\":\"Agrupaci\u00f3n Socialista de Ponferrada\",\"description\":\"Agrupaci\u00f3n Socialista de Ponferrada\",\"publisher\":{\"@id\":\"https:\/\/agrupacionespsoe.es\/ponferrada\/#organization\"},\"potentialAction\":[{\"@type\":\"SearchAction\",\"target\":{\"@type\":\"EntryPoint\",\"urlTemplate\":\"https:\/\/agrupacionespsoe.es\/ponferrada\/?s={search_term_string}\"},\"query-input\":{\"@type\":\"PropertyValueSpecification\",\"valueRequired\":true,\"valueName\":\"search_term_string\"}}],\"inLanguage\":\"es\"},{\"@type\":\"Organization\",\"@id\":\"https:\/\/agrupacionespsoe.es\/ponferrada\/#organization\",\"name\":\"Agrupaci\u00f3n Socialista de Ponferrada\",\"url\":\"https:\/\/agrupacionespsoe.es\/ponferrada\/\",\"logo\":{\"@type\":\"ImageObject\",\"inLanguage\":\"es\",\"@id\":\"https:\/\/agrupacionespsoe.es\/ponferrada\/#\/schema\/logo\/image\/\",\"url\":\"https:\/\/agrupacionespsoe.es\/wp-content\/uploads\/2022\/07\/Logotipo_electoral_del_PSOE.png\",\"contentUrl\":\"https:\/\/agrupacionespsoe.es\/wp-content\/uploads\/2022\/07\/Logotipo_electoral_del_PSOE.png\",\"width\":422,\"height\":422,\"caption\":\"Agrupaci\u00f3n Socialista de Ponferrada\"},\"image\":{\"@id\":\"https:\/\/agrupacionespsoe.es\/ponferrada\/#\/schema\/logo\/image\/\"}},{\"@type\":\"Person\",\"@id\":\"https:\/\/agrupacionespsoe.es\/ponferrada\/#\/schema\/person\/cd29ee627f3b70c05d415f02596debaa\",\"name\":\"ponferrada2\",\"image\":{\"@type\":\"ImageObject\",\"inLanguage\":\"es\",\"@id\":\"https:\/\/agrupacionespsoe.es\/ponferrada\/#\/schema\/person\/image\/\",\"url\":\"https:\/\/secure.gravatar.com\/avatar\/f499eeb60144c664cf7b7edf75549b50?s=96&d=mm&r=g\",\"contentUrl\":\"https:\/\/secure.gravatar.com\/avatar\/f499eeb60144c664cf7b7edf75549b50?s=96&d=mm&r=g\",\"caption\":\"ponferrada2\"},\"url\":\"https:\/\/agrupacionespsoe.es\/ponferrada\/author\/ponferrada2\/\"}]}<\/script>\n<!-- \/ Yoast SEO plugin. -->","yoast_head_json":{"title":"El PSOE de Ponferrada denuncia que el proyecto de viviendas sociales en Navaliegos queda en el aire por la incapacidad del equipo de gobierno - Agrupaci\u00f3n Socialista de Ponferrada","robots":{"index":"index","follow":"follow","max-snippet":"max-snippet:-1","max-image-preview":"max-image-preview:large","max-video-preview":"max-video-preview:-1"},"canonical":"https:\/\/agrupacionespsoe.es\/ponferrada\/el-psoe-de-ponferrada-denuncia-que-el-proyecto-de-viviendas-sociales-en-navaliegos-queda-en-el-aire-por-la-incapacidad-del-equipo-de-gobierno\/","og_locale":"es_ES","og_type":"article","og_title":"El PSOE de Ponferrada denuncia que el proyecto de viviendas sociales en Navaliegos queda en el aire por la incapacidad del equipo de gobierno - Agrupaci\u00f3n Socialista de Ponferrada","og_description":"La Comisi\u00f3n Ejecutiva Municipal del PSOE de Ponferrada se reuni\u00f3 en la tarde de ayer, como viene siendo habitual, se dio un repaso y se analiz\u00f3 la actividad del Grupo Municipal Socialista en el Ayuntamiento. La secretaria de organizaci\u00f3n y portavoz de la ejecutiva informa que entre los diversos asuntos tratados, el tema que gener\u00f3 ...","og_url":"https:\/\/agrupacionespsoe.es\/ponferrada\/el-psoe-de-ponferrada-denuncia-que-el-proyecto-de-viviendas-sociales-en-navaliegos-queda-en-el-aire-por-la-incapacidad-del-equipo-de-gobierno\/","og_site_name":"Agrupaci\u00f3n Socialista de Ponferrada","article_published_time":"2025-07-22T09:22:43+00:00","article_modified_time":"2025-07-22T09:28:50+00:00","og_image":[{"width":1600,"height":1200,"url":"https:\/\/agrupacionespsoe.es\/ponferrada\/wp-content\/uploads\/sites\/36\/2025\/07\/WhatsApp-Image-2025-07-22-at-07.23.17.jpeg","type":"image\/jpeg"}],"author":"ponferrada2","twitter_card":"summary_large_image","twitter_misc":{"Escrito por":"ponferrada2","Tiempo de lectura":"3 minutos"},"schema":{"@context":"https:\/\/schema.org","@graph":[{"@type":"Article","@id":"https:\/\/agrupacionespsoe.es\/ponferrada\/el-psoe-de-ponferrada-denuncia-que-el-proyecto-de-viviendas-sociales-en-navaliegos-queda-en-el-aire-por-la-incapacidad-del-equipo-de-gobierno\/#article","isPartOf":{"@id":"https:\/\/agrupacionespsoe.es\/ponferrada\/el-psoe-de-ponferrada-denuncia-que-el-proyecto-de-viviendas-sociales-en-navaliegos-queda-en-el-aire-por-la-incapacidad-del-equipo-de-gobierno\/"},"author":{"name":"ponferrada2","@id":"https:\/\/agrupacionespsoe.es\/ponferrada\/#\/schema\/person\/cd29ee627f3b70c05d415f02596debaa"},"headline":"El PSOE de Ponferrada denuncia que el proyecto de viviendas sociales en Navaliegos queda en el aire por la incapacidad del equipo de gobierno","datePublished":"2025-07-22T09:22:43+00:00","dateModified":"2025-07-22T09:28:50+00:00","mainEntityOfPage":{"@id":"https:\/\/agrupacionespsoe.es\/ponferrada\/el-psoe-de-ponferrada-denuncia-que-el-proyecto-de-viviendas-sociales-en-navaliegos-queda-en-el-aire-por-la-incapacidad-del-equipo-de-gobierno\/"},"wordCount":574,"commentCount":0,"publisher":{"@id":"https:\/\/agrupacionespsoe.es\/ponferrada\/#organization"},"image":{"@id":"https:\/\/agrupacionespsoe.es\/ponferrada\/el-psoe-de-ponferrada-denuncia-que-el-proyecto-de-viviendas-sociales-en-navaliegos-queda-en-el-aire-por-la-incapacidad-del-equipo-de-gobierno\/#primaryimage"},"thumbnailUrl":"https:\/\/agrupacionespsoe.es\/ponferrada\/wp-content\/uploads\/sites\/36\/2025\/07\/WhatsApp-Image-2025-07-22-at-07.23.17.jpeg","articleSection":["ACTUALIDAD"],"inLanguage":"es","potentialAction":[{"@type":"CommentAction","name":"Comment","target":["https:\/\/agrupacionespsoe.es\/ponferrada\/el-psoe-de-ponferrada-denuncia-que-el-proyecto-de-viviendas-sociales-en-navaliegos-queda-en-el-aire-por-la-incapacidad-del-equipo-de-gobierno\/#respond"]}]},{"@type":"WebPage","@id":"https:\/\/agrupacionespsoe.es\/ponferrada\/el-psoe-de-ponferrada-denuncia-que-el-proyecto-de-viviendas-sociales-en-navaliegos-queda-en-el-aire-por-la-incapacidad-del-equipo-de-gobierno\/","url":"https:\/\/agrupacionespsoe.es\/ponferrada\/el-psoe-de-ponferrada-denuncia-que-el-proyecto-de-viviendas-sociales-en-navaliegos-queda-en-el-aire-por-la-incapacidad-del-equipo-de-gobierno\/","name":"El PSOE de Ponferrada denuncia que el proyecto de viviendas sociales en Navaliegos queda en el aire por la incapacidad del equipo de gobierno - Agrupaci\u00f3n Socialista de Ponferrada","isPartOf":{"@id":"https:\/\/agrupacionespsoe.es\/ponferrada\/#website"},"primaryImageOfPage":{"@id":"https:\/\/agrupacionespsoe.es\/ponferrada\/el-psoe-de-ponferrada-denuncia-que-el-proyecto-de-viviendas-sociales-en-navaliegos-queda-en-el-aire-por-la-incapacidad-del-equipo-de-gobierno\/#primaryimage"},"image":{"@id":"https:\/\/agrupacionespsoe.es\/ponferrada\/el-psoe-de-ponferrada-denuncia-que-el-proyecto-de-viviendas-sociales-en-navaliegos-queda-en-el-aire-por-la-incapacidad-del-equipo-de-gobierno\/#primaryimage"},"thumbnailUrl":"https:\/\/agrupacionespsoe.es\/ponferrada\/wp-content\/uploads\/sites\/36\/2025\/07\/WhatsApp-Image-2025-07-22-at-07.23.17.jpeg","datePublished":"2025-07-22T09:22:43+00:00","dateModified":"2025-07-22T09:28:50+00:00","breadcrumb":{"@id":"https:\/\/agrupacionespsoe.es\/ponferrada\/el-psoe-de-ponferrada-denuncia-que-el-proyecto-de-viviendas-sociales-en-navaliegos-queda-en-el-aire-por-la-incapacidad-del-equipo-de-gobierno\/#breadcrumb"},"inLanguage":"es","potentialAction":[{"@type":"ReadAction","target":["https:\/\/agrupacionespsoe.es\/ponferrada\/el-psoe-de-ponferrada-denuncia-que-el-proyecto-de-viviendas-sociales-en-navaliegos-queda-en-el-aire-por-la-incapacidad-del-equipo-de-gobierno\/"]}]},{"@type":"ImageObject","inLanguage":"es","@id":"https:\/\/agrupacionespsoe.es\/ponferrada\/el-psoe-de-ponferrada-denuncia-que-el-proyecto-de-viviendas-sociales-en-navaliegos-queda-en-el-aire-por-la-incapacidad-del-equipo-de-gobierno\/#primaryimage","url":"https:\/\/agrupacionespsoe.es\/ponferrada\/wp-content\/uploads\/sites\/36\/2025\/07\/WhatsApp-Image-2025-07-22-at-07.23.17.jpeg","contentUrl":"https:\/\/agrupacionespsoe.es\/ponferrada\/wp-content\/uploads\/sites\/36\/2025\/07\/WhatsApp-Image-2025-07-22-at-07.23.17.jpeg","width":1600,"height":1200},{"@type":"BreadcrumbList","@id":"https:\/\/agrupacionespsoe.es\/ponferrada\/el-psoe-de-ponferrada-denuncia-que-el-proyecto-de-viviendas-sociales-en-navaliegos-queda-en-el-aire-por-la-incapacidad-del-equipo-de-gobierno\/#breadcrumb","itemListElement":[{"@type":"ListItem","position":1,"name":"Portada","item":"https:\/\/agrupacionespsoe.es\/ponferrada\/"},{"@type":"ListItem","position":2,"name":"El PSOE de Ponferrada denuncia que el proyecto de viviendas sociales en Navaliegos queda en el aire por la incapacidad del equipo de gobierno"}]},{"@type":"WebSite","@id":"https:\/\/agrupacionespsoe.es\/ponferrada\/#website","url":"https:\/\/agrupacionespsoe.es\/ponferrada\/","name":"Agrupaci\u00f3n Socialista de Ponferrada","description":"Agrupaci\u00f3n Socialista de Ponferrada","publisher":{"@id":"https:\/\/agrupacionespsoe.es\/ponferrada\/#organization"},"potentialAction":[{"@type":"SearchAction","target":{"@type":"EntryPoint","urlTemplate":"https:\/\/agrupacionespsoe.es\/ponferrada\/?s={search_term_string}"},"query-input":{"@type":"PropertyValueSpecification","valueRequired":true,"valueName":"search_term_string"}}],"inLanguage":"es"},{"@type":"Organization","@id":"https:\/\/agrupacionespsoe.es\/ponferrada\/#organization","name":"Agrupaci\u00f3n Socialista de Ponferrada","url":"https:\/\/agrupacionespsoe.es\/ponferrada\/","logo":{"@type":"ImageObject","inLanguage":"es","@id":"https:\/\/agrupacionespsoe.es\/ponferrada\/#\/schema\/logo\/image\/","url":"https:\/\/agrupacionespsoe.es\/wp-content\/uploads\/2022\/07\/Logotipo_electoral_del_PSOE.png","contentUrl":"https:\/\/agrupacionespsoe.es\/wp-content\/uploads\/2022\/07\/Logotipo_electoral_del_PSOE.png","width":422,"height":422,"caption":"Agrupaci\u00f3n Socialista de Ponferrada"},"image":{"@id":"https:\/\/agrupacionespsoe.es\/ponferrada\/#\/schema\/logo\/image\/"}},{"@type":"Person","@id":"https:\/\/agrupacionespsoe.es\/ponferrada\/#\/schema\/person\/cd29ee627f3b70c05d415f02596debaa","name":"ponferrada2","image":{"@type":"ImageObject","inLanguage":"es","@id":"https:\/\/agrupacionespsoe.es\/ponferrada\/#\/schema\/person\/image\/","url":"https:\/\/secure.gravatar.com\/avatar\/f499eeb60144c664cf7b7edf75549b50?s=96&d=mm&r=g","contentUrl":"https:\/\/secure.gravatar.com\/avatar\/f499eeb60144c664cf7b7edf75549b50?s=96&d=mm&r=g","caption":"ponferrada2"},"url":"https:\/\/agrupacionespsoe.es\/ponferrada\/author\/ponferrada2\/"}]}},"jetpack_featured_media_url":"https:\/\/agrupacionespsoe.es\/ponferrada\/wp-content\/uploads\/sites\/36\/2025\/07\/WhatsApp-Image-2025-07-22-at-07.23.17.jpeg","jetpack_sharing_enabled":true,"_links":{"self":[{"href":"https:\/\/agrupacionespsoe.es\/ponferrada\/wp-json\/wp\/v2\/posts\/1044","targetHints":{"allow":["GET"]}}],"collection":[{"href":"https:\/\/agrupacionespsoe.es\/ponferrada\/wp-json\/wp\/v2\/posts"}],"about":[{"href":"https:\/\/agrupacionespsoe.es\/ponferrada\/wp-json\/wp\/v2\/types\/post"}],"author":[{"embeddable":true,"href":"https:\/\/agrupacionespsoe.es\/ponferrada\/wp-json\/wp\/v2\/users\/32"}],"replies":[{"embeddable":true,"href":"https:\/\/agrupacionespsoe.es\/ponferrada\/wp-json\/wp\/v2\/comments?post=1044"}],"version-history":[{"count":3,"href":"https:\/\/agrupacionespsoe.es\/ponferrada\/wp-json\/wp\/v2\/posts\/1044\/revisions"}],"predecessor-version":[{"id":1048,"href":"https:\/\/agrupacionespsoe.es\/ponferrada\/wp-json\/wp\/v2\/posts\/1044\/revisions\/1048"}],"wp:featuredmedia":[{"embeddable":true,"href":"https:\/\/agrupacionespsoe.es\/ponferrada\/wp-json\/wp\/v2\/media\/1045"}],"wp:attachment":[{"href":"https:\/\/agrupacionespsoe.es\/ponferrada\/wp-json\/wp\/v2\/media?parent=1044"}],"wp:term":[{"taxonomy":"category","embeddable":true,"href":"https:\/\/agrupacionespsoe.es\/ponferrada\/wp-json\/wp\/v2\/categories?post=1044"},{"taxonomy":"post_tag","embeddable":true,"href":"https:\/\/agrupacionespsoe.es\/ponferrada\/wp-json\/wp\/v2\/tags?post=1044"}],"curies":[{"name":"wp","href":"https:\/\/api.w.org\/{rel}","templated":true}]}}