{"id":1040,"date":"2025-07-21T09:16:29","date_gmt":"2025-07-21T09:16:29","guid":{"rendered":"https:\/\/agrupacionespsoe.es\/ponferrada\/?p=1040"},"modified":"2025-07-22T09:20:49","modified_gmt":"2025-07-22T09:20:49","slug":"olegario-ramon-si-el-proyecto-de-la-central-de-calor-lo-hubiera-hecho-el-psoe-desde-el-principio-no-estaria-donde-esta","status":"publish","type":"post","link":"https:\/\/agrupacionespsoe.es\/ponferrada\/olegario-ramon-si-el-proyecto-de-la-central-de-calor-lo-hubiera-hecho-el-psoe-desde-el-principio-no-estaria-donde-esta\/","title":{"rendered":"Olegario Ram\u00f3n: \u00abSi el proyecto de la central de calor lo hubiera hecho el PSOE desde el principio, no estar\u00eda donde est\u00e1\u00bb"},"content":{"rendered":"\n<p>El portavoz del Grupo Socialista en el Ayuntamiento de Ponferrada, Olegario Ram\u00f3n, compareci\u00f3 en rueda de prensa para ofrecer explicaciones sobre la actuaci\u00f3n de su equipo de gobierno durante el anterior mandato en relaci\u00f3n con la central de calor, tras la reciente sentencia judicial que anula varias autorizaciones vinculadas a este proyecto.<\/p>\n\n\n\n<p>Ram\u00f3n comenz\u00f3 reconociendo la contundencia de la sentencia y la necesidad de dar explicaciones, ya que los acuerdos anulados fueron adoptados bajo su responsabilidad como alcalde. Subray\u00f3 que, cuando el PSOE lleg\u00f3 al gobierno municipal, la central de calor ya estaba construida y las redes llegaban hasta el pol\u00edgono de las Huertas del Sacramento, por lo que el Ayuntamiento se encontr\u00f3 con una realidad consolidada a la que hab\u00eda que dar respuesta.<\/p>\n\n\n\n<p>La empresa p\u00fablica Somacyl solicit\u00f3 entonces la legalizaci\u00f3n de la central. Los informes t\u00e9cnicos eran favorables, y la negativa del Ayuntamiento a tramitar la licencia habr\u00eda supuesto &nbsp;una responsabilidad patrimonial que la propia empresa cifraba en m\u00e1s de 4 millones de euros, un riesgo que no se pod\u00eda asumir a la ligera.<\/p>\n\n\n\n<p>El anterior equipo de gobierno opt\u00f3, siguiendo criterios t\u00e9cnicos un\u00e1nimes, por tramitar un Plan Especial de Infraestructuras para dar cobertura legal al proyecto, dado que el suelo donde se ubicaba la central era urbanizable, pero carec\u00eda de desarrollo urban\u00edstico (ni programa de actuaci\u00f3n ni proyecto de urbanizaci\u00f3n). El plan fue sometido dos veces a informaci\u00f3n p\u00fablica, recibi\u00f3 informe ambiental favorable de la Junta de Castilla y Le\u00f3n y fue aprobado en el Pleno del 28 de octubre de 2022 con el voto favorable del Partido Popular.<\/p>\n\n\n\n<p>Posteriormente, se aprob\u00f3 un plan de despliegue que organizaba el desarrollo de las redes en seis zonas: la zona 0 (central) y las zonas 1 a 5. En diciembre de 2022, la Junta de Gobierno aprob\u00f3 las zonas 0, 1 y 2. Las zonas 3, 4 y 5 quedaron pendientes.<\/p>\n\n\n\n<p>Ram\u00f3n lament\u00f3 que desde el actual equipo de gobierno, y en concreto desde el concejal de Urbanismo, se intente trasladar toda la responsabilidad al PSOE. \u201cNosotros no nos escondemos, pero no se puede olvidar que el Partido Popular fue quien otorg\u00f3 la primera ocupaci\u00f3n y el inicio de actividad. Tambi\u00e9n participaron en la aprobaci\u00f3n del plan especial\u201d.<\/p>\n\n\n\n<p>En cuanto a la sentencia, Ram\u00f3n apunt\u00f3 que reconoce la validez formal de haber publicado una memoria y no el proyecto completo, aunque considera que hubiera sido preferible dar m\u00e1s informaci\u00f3n. Asimismo, defendi\u00f3 que el procedimiento permiti\u00f3 alegaciones y que se actu\u00f3 siempre en base a informes t\u00e9cnicos favorables y buscando garant\u00edas legales adicionales.<\/p>\n\n\n\n<p>\u201cEl objetivo fue legalizar una situaci\u00f3n heredada, evitar una enorme responsabilidad econ\u00f3mica para el Ayuntamiento y dotar de cobertura jur\u00eddica a una infraestructura ya existente. Si este proyecto lo hubi\u00e9ramos iniciado nosotros desde cero, seguramente no estar\u00eda donde est\u00e1\u201d, afirm\u00f3.<\/p>\n\n\n\n<p>Por \u00faltimo, inst\u00f3 al actual equipo de gobierno a definir su postura con claridad: \u201cSi creen que todo fue un desastre, que no recurran la sentencia. Pero si creen, como se reflej\u00f3 en su d\u00eda con sus votos y decisiones, que hubo argumentos jur\u00eddicos s\u00f3lidos, entonces que recurran con coherencia\u201d.<\/p>\n\n\n\n<figure class=\"wp-block-image size-large\"><img loading=\"lazy\" decoding=\"async\" width=\"1024\" height=\"854\" src=\"https:\/\/agrupacionespsoe.es\/ponferrada\/wp-content\/uploads\/sites\/36\/2025\/07\/WhatsApp-Image-2025-07-22-at-11.20.17-1024x854.jpeg\" alt=\"\" class=\"wp-image-1041\" srcset=\"https:\/\/agrupacionespsoe.es\/ponferrada\/wp-content\/uploads\/sites\/36\/2025\/07\/WhatsApp-Image-2025-07-22-at-11.20.17-1024x854.jpeg 1024w, https:\/\/agrupacionespsoe.es\/ponferrada\/wp-content\/uploads\/sites\/36\/2025\/07\/WhatsApp-Image-2025-07-22-at-11.20.17-300x250.jpeg 300w, https:\/\/agrupacionespsoe.es\/ponferrada\/wp-content\/uploads\/sites\/36\/2025\/07\/WhatsApp-Image-2025-07-22-at-11.20.17-768x641.jpeg 768w, https:\/\/agrupacionespsoe.es\/ponferrada\/wp-content\/uploads\/sites\/36\/2025\/07\/WhatsApp-Image-2025-07-22-at-11.20.17-1536x1282.jpeg 1536w, https:\/\/agrupacionespsoe.es\/ponferrada\/wp-content\/uploads\/sites\/36\/2025\/07\/WhatsApp-Image-2025-07-22-at-11.20.17.jpeg 1600w\" sizes=\"auto, (max-width: 1024px) 100vw, 1024px\" \/><\/figure>\n","protected":false},"excerpt":{"rendered":"<p>El portavoz del Grupo Socialista en el Ayuntamiento de Ponferrada, Olegario Ram\u00f3n, compareci\u00f3 en rueda de prensa para ofrecer explicaciones sobre la actuaci\u00f3n de su equipo de gobierno durante el anterior mandato en relaci\u00f3n con la central de calor, tras la reciente sentencia judicial que anula varias autorizaciones vinculadas a este proyecto. Ram\u00f3n comenz\u00f3 reconociendo &#8230;<\/p>\n","protected":false},"author":32,"featured_media":1041,"comment_status":"open","ping_status":"open","sticky":false,"template":"","format":"standard","meta":{"_jetpack_memberships_contains_paid_content":false,"footnotes":""},"categories":[6],"tags":[],"class_list":["post-1040","post","type-post","status-publish","format-standard","has-post-thumbnail","hentry","category-actualidad"],"yoast_head":"<!-- This site is optimized with the Yoast SEO plugin v24.0 - https:\/\/yoast.com\/wordpress\/plugins\/seo\/ -->\n<title>Olegario Ram\u00f3n: &quot;Si el proyecto de la central de calor lo hubiera hecho el PSOE desde el principio, no estar\u00eda donde est\u00e1&quot; - Agrupaci\u00f3n Socialista de Ponferrada<\/title>\n<meta name=\"robots\" content=\"index, follow, max-snippet:-1, max-image-preview:large, max-video-preview:-1\" \/>\n<link rel=\"canonical\" href=\"https:\/\/agrupacionespsoe.es\/ponferrada\/olegario-ramon-si-el-proyecto-de-la-central-de-calor-lo-hubiera-hecho-el-psoe-desde-el-principio-no-estaria-donde-esta\/\" \/>\n<meta property=\"og:locale\" content=\"es_ES\" \/>\n<meta property=\"og:type\" content=\"article\" \/>\n<meta property=\"og:title\" content=\"Olegario Ram\u00f3n: &quot;Si el proyecto de la central de calor lo hubiera hecho el PSOE desde el principio, no estar\u00eda donde est\u00e1&quot; - Agrupaci\u00f3n Socialista de Ponferrada\" \/>\n<meta property=\"og:description\" content=\"El portavoz del Grupo Socialista en el Ayuntamiento de Ponferrada, Olegario Ram\u00f3n, compareci\u00f3 en rueda de prensa para ofrecer explicaciones sobre la actuaci\u00f3n de su equipo de gobierno durante el anterior mandato en relaci\u00f3n con la central de calor, tras la reciente sentencia judicial que anula varias autorizaciones vinculadas a este proyecto. Ram\u00f3n comenz\u00f3 reconociendo ...\" \/>\n<meta property=\"og:url\" content=\"https:\/\/agrupacionespsoe.es\/ponferrada\/olegario-ramon-si-el-proyecto-de-la-central-de-calor-lo-hubiera-hecho-el-psoe-desde-el-principio-no-estaria-donde-esta\/\" \/>\n<meta property=\"og:site_name\" content=\"Agrupaci\u00f3n Socialista de Ponferrada\" \/>\n<meta property=\"article:published_time\" content=\"2025-07-21T09:16:29+00:00\" \/>\n<meta property=\"article:modified_time\" content=\"2025-07-22T09:20:49+00:00\" \/>\n<meta property=\"og:image\" content=\"https:\/\/agrupacionespsoe.es\/ponferrada\/wp-content\/uploads\/sites\/36\/2025\/07\/WhatsApp-Image-2025-07-22-at-11.20.17.jpeg\" \/>\n\t<meta property=\"og:image:width\" content=\"1600\" \/>\n\t<meta property=\"og:image:height\" content=\"1335\" \/>\n\t<meta property=\"og:image:type\" content=\"image\/jpeg\" \/>\n<meta name=\"author\" content=\"ponferrada2\" \/>\n<meta name=\"twitter:card\" content=\"summary_large_image\" \/>\n<meta name=\"twitter:label1\" content=\"Escrito por\" \/>\n\t<meta name=\"twitter:data1\" content=\"ponferrada2\" \/>\n\t<meta name=\"twitter:label2\" content=\"Tiempo de lectura\" \/>\n\t<meta name=\"twitter:data2\" content=\"3 minutos\" \/>\n<script type=\"application\/ld+json\" class=\"yoast-schema-graph\">{\"@context\":\"https:\/\/schema.org\",\"@graph\":[{\"@type\":\"Article\",\"@id\":\"https:\/\/agrupacionespsoe.es\/ponferrada\/olegario-ramon-si-el-proyecto-de-la-central-de-calor-lo-hubiera-hecho-el-psoe-desde-el-principio-no-estaria-donde-esta\/#article\",\"isPartOf\":{\"@id\":\"https:\/\/agrupacionespsoe.es\/ponferrada\/olegario-ramon-si-el-proyecto-de-la-central-de-calor-lo-hubiera-hecho-el-psoe-desde-el-principio-no-estaria-donde-esta\/\"},\"author\":{\"name\":\"ponferrada2\",\"@id\":\"https:\/\/agrupacionespsoe.es\/ponferrada\/#\/schema\/person\/cd29ee627f3b70c05d415f02596debaa\"},\"headline\":\"Olegario Ram\u00f3n: \u00abSi el proyecto de la central de calor lo hubiera hecho el PSOE desde el principio, no estar\u00eda donde est\u00e1\u00bb\",\"datePublished\":\"2025-07-21T09:16:29+00:00\",\"dateModified\":\"2025-07-22T09:20:49+00:00\",\"mainEntityOfPage\":{\"@id\":\"https:\/\/agrupacionespsoe.es\/ponferrada\/olegario-ramon-si-el-proyecto-de-la-central-de-calor-lo-hubiera-hecho-el-psoe-desde-el-principio-no-estaria-donde-esta\/\"},\"wordCount\":563,\"commentCount\":0,\"publisher\":{\"@id\":\"https:\/\/agrupacionespsoe.es\/ponferrada\/#organization\"},\"image\":{\"@id\":\"https:\/\/agrupacionespsoe.es\/ponferrada\/olegario-ramon-si-el-proyecto-de-la-central-de-calor-lo-hubiera-hecho-el-psoe-desde-el-principio-no-estaria-donde-esta\/#primaryimage\"},\"thumbnailUrl\":\"https:\/\/agrupacionespsoe.es\/ponferrada\/wp-content\/uploads\/sites\/36\/2025\/07\/WhatsApp-Image-2025-07-22-at-11.20.17.jpeg\",\"articleSection\":[\"ACTUALIDAD\"],\"inLanguage\":\"es\",\"potentialAction\":[{\"@type\":\"CommentAction\",\"name\":\"Comment\",\"target\":[\"https:\/\/agrupacionespsoe.es\/ponferrada\/olegario-ramon-si-el-proyecto-de-la-central-de-calor-lo-hubiera-hecho-el-psoe-desde-el-principio-no-estaria-donde-esta\/#respond\"]}]},{\"@type\":\"WebPage\",\"@id\":\"https:\/\/agrupacionespsoe.es\/ponferrada\/olegario-ramon-si-el-proyecto-de-la-central-de-calor-lo-hubiera-hecho-el-psoe-desde-el-principio-no-estaria-donde-esta\/\",\"url\":\"https:\/\/agrupacionespsoe.es\/ponferrada\/olegario-ramon-si-el-proyecto-de-la-central-de-calor-lo-hubiera-hecho-el-psoe-desde-el-principio-no-estaria-donde-esta\/\",\"name\":\"Olegario Ram\u00f3n: \\\"Si el proyecto de la central de calor lo hubiera hecho el PSOE desde el principio, no estar\u00eda donde est\u00e1\\\" - Agrupaci\u00f3n Socialista de Ponferrada\",\"isPartOf\":{\"@id\":\"https:\/\/agrupacionespsoe.es\/ponferrada\/#website\"},\"primaryImageOfPage\":{\"@id\":\"https:\/\/agrupacionespsoe.es\/ponferrada\/olegario-ramon-si-el-proyecto-de-la-central-de-calor-lo-hubiera-hecho-el-psoe-desde-el-principio-no-estaria-donde-esta\/#primaryimage\"},\"image\":{\"@id\":\"https:\/\/agrupacionespsoe.es\/ponferrada\/olegario-ramon-si-el-proyecto-de-la-central-de-calor-lo-hubiera-hecho-el-psoe-desde-el-principio-no-estaria-donde-esta\/#primaryimage\"},\"thumbnailUrl\":\"https:\/\/agrupacionespsoe.es\/ponferrada\/wp-content\/uploads\/sites\/36\/2025\/07\/WhatsApp-Image-2025-07-22-at-11.20.17.jpeg\",\"datePublished\":\"2025-07-21T09:16:29+00:00\",\"dateModified\":\"2025-07-22T09:20:49+00:00\",\"breadcrumb\":{\"@id\":\"https:\/\/agrupacionespsoe.es\/ponferrada\/olegario-ramon-si-el-proyecto-de-la-central-de-calor-lo-hubiera-hecho-el-psoe-desde-el-principio-no-estaria-donde-esta\/#breadcrumb\"},\"inLanguage\":\"es\",\"potentialAction\":[{\"@type\":\"ReadAction\",\"target\":[\"https:\/\/agrupacionespsoe.es\/ponferrada\/olegario-ramon-si-el-proyecto-de-la-central-de-calor-lo-hubiera-hecho-el-psoe-desde-el-principio-no-estaria-donde-esta\/\"]}]},{\"@type\":\"ImageObject\",\"inLanguage\":\"es\",\"@id\":\"https:\/\/agrupacionespsoe.es\/ponferrada\/olegario-ramon-si-el-proyecto-de-la-central-de-calor-lo-hubiera-hecho-el-psoe-desde-el-principio-no-estaria-donde-esta\/#primaryimage\",\"url\":\"https:\/\/agrupacionespsoe.es\/ponferrada\/wp-content\/uploads\/sites\/36\/2025\/07\/WhatsApp-Image-2025-07-22-at-11.20.17.jpeg\",\"contentUrl\":\"https:\/\/agrupacionespsoe.es\/ponferrada\/wp-content\/uploads\/sites\/36\/2025\/07\/WhatsApp-Image-2025-07-22-at-11.20.17.jpeg\",\"width\":1600,\"height\":1335},{\"@type\":\"BreadcrumbList\",\"@id\":\"https:\/\/agrupacionespsoe.es\/ponferrada\/olegario-ramon-si-el-proyecto-de-la-central-de-calor-lo-hubiera-hecho-el-psoe-desde-el-principio-no-estaria-donde-esta\/#breadcrumb\",\"itemListElement\":[{\"@type\":\"ListItem\",\"position\":1,\"name\":\"Portada\",\"item\":\"https:\/\/agrupacionespsoe.es\/ponferrada\/\"},{\"@type\":\"ListItem\",\"position\":2,\"name\":\"Olegario Ram\u00f3n: \u00abSi el proyecto de la central de calor lo hubiera hecho el PSOE desde el principio, no estar\u00eda donde est\u00e1\u00bb\"}]},{\"@type\":\"WebSite\",\"@id\":\"https:\/\/agrupacionespsoe.es\/ponferrada\/#website\",\"url\":\"https:\/\/agrupacionespsoe.es\/ponferrada\/\",\"name\":\"Agrupaci\u00f3n Socialista de Ponferrada\",\"description\":\"Agrupaci\u00f3n Socialista de Ponferrada\",\"publisher\":{\"@id\":\"https:\/\/agrupacionespsoe.es\/ponferrada\/#organization\"},\"potentialAction\":[{\"@type\":\"SearchAction\",\"target\":{\"@type\":\"EntryPoint\",\"urlTemplate\":\"https:\/\/agrupacionespsoe.es\/ponferrada\/?s={search_term_string}\"},\"query-input\":{\"@type\":\"PropertyValueSpecification\",\"valueRequired\":true,\"valueName\":\"search_term_string\"}}],\"inLanguage\":\"es\"},{\"@type\":\"Organization\",\"@id\":\"https:\/\/agrupacionespsoe.es\/ponferrada\/#organization\",\"name\":\"Agrupaci\u00f3n Socialista de Ponferrada\",\"url\":\"https:\/\/agrupacionespsoe.es\/ponferrada\/\",\"logo\":{\"@type\":\"ImageObject\",\"inLanguage\":\"es\",\"@id\":\"https:\/\/agrupacionespsoe.es\/ponferrada\/#\/schema\/logo\/image\/\",\"url\":\"https:\/\/agrupacionespsoe.es\/wp-content\/uploads\/2022\/07\/Logotipo_electoral_del_PSOE.png\",\"contentUrl\":\"https:\/\/agrupacionespsoe.es\/wp-content\/uploads\/2022\/07\/Logotipo_electoral_del_PSOE.png\",\"width\":422,\"height\":422,\"caption\":\"Agrupaci\u00f3n Socialista de Ponferrada\"},\"image\":{\"@id\":\"https:\/\/agrupacionespsoe.es\/ponferrada\/#\/schema\/logo\/image\/\"}},{\"@type\":\"Person\",\"@id\":\"https:\/\/agrupacionespsoe.es\/ponferrada\/#\/schema\/person\/cd29ee627f3b70c05d415f02596debaa\",\"name\":\"ponferrada2\",\"image\":{\"@type\":\"ImageObject\",\"inLanguage\":\"es\",\"@id\":\"https:\/\/agrupacionespsoe.es\/ponferrada\/#\/schema\/person\/image\/\",\"url\":\"https:\/\/secure.gravatar.com\/avatar\/f499eeb60144c664cf7b7edf75549b50?s=96&d=mm&r=g\",\"contentUrl\":\"https:\/\/secure.gravatar.com\/avatar\/f499eeb60144c664cf7b7edf75549b50?s=96&d=mm&r=g\",\"caption\":\"ponferrada2\"},\"url\":\"https:\/\/agrupacionespsoe.es\/ponferrada\/author\/ponferrada2\/\"}]}<\/script>\n<!-- \/ Yoast SEO plugin. -->","yoast_head_json":{"title":"Olegario Ram\u00f3n: \"Si el proyecto de la central de calor lo hubiera hecho el PSOE desde el principio, no estar\u00eda donde est\u00e1\" - Agrupaci\u00f3n Socialista de Ponferrada","robots":{"index":"index","follow":"follow","max-snippet":"max-snippet:-1","max-image-preview":"max-image-preview:large","max-video-preview":"max-video-preview:-1"},"canonical":"https:\/\/agrupacionespsoe.es\/ponferrada\/olegario-ramon-si-el-proyecto-de-la-central-de-calor-lo-hubiera-hecho-el-psoe-desde-el-principio-no-estaria-donde-esta\/","og_locale":"es_ES","og_type":"article","og_title":"Olegario Ram\u00f3n: \"Si el proyecto de la central de calor lo hubiera hecho el PSOE desde el principio, no estar\u00eda donde est\u00e1\" - Agrupaci\u00f3n Socialista de Ponferrada","og_description":"El portavoz del Grupo Socialista en el Ayuntamiento de Ponferrada, Olegario Ram\u00f3n, compareci\u00f3 en rueda de prensa para ofrecer explicaciones sobre la actuaci\u00f3n de su equipo de gobierno durante el anterior mandato en relaci\u00f3n con la central de calor, tras la reciente sentencia judicial que anula varias autorizaciones vinculadas a este proyecto. Ram\u00f3n comenz\u00f3 reconociendo ...","og_url":"https:\/\/agrupacionespsoe.es\/ponferrada\/olegario-ramon-si-el-proyecto-de-la-central-de-calor-lo-hubiera-hecho-el-psoe-desde-el-principio-no-estaria-donde-esta\/","og_site_name":"Agrupaci\u00f3n Socialista de Ponferrada","article_published_time":"2025-07-21T09:16:29+00:00","article_modified_time":"2025-07-22T09:20:49+00:00","og_image":[{"width":1600,"height":1335,"url":"https:\/\/agrupacionespsoe.es\/ponferrada\/wp-content\/uploads\/sites\/36\/2025\/07\/WhatsApp-Image-2025-07-22-at-11.20.17.jpeg","type":"image\/jpeg"}],"author":"ponferrada2","twitter_card":"summary_large_image","twitter_misc":{"Escrito por":"ponferrada2","Tiempo de lectura":"3 minutos"},"schema":{"@context":"https:\/\/schema.org","@graph":[{"@type":"Article","@id":"https:\/\/agrupacionespsoe.es\/ponferrada\/olegario-ramon-si-el-proyecto-de-la-central-de-calor-lo-hubiera-hecho-el-psoe-desde-el-principio-no-estaria-donde-esta\/#article","isPartOf":{"@id":"https:\/\/agrupacionespsoe.es\/ponferrada\/olegario-ramon-si-el-proyecto-de-la-central-de-calor-lo-hubiera-hecho-el-psoe-desde-el-principio-no-estaria-donde-esta\/"},"author":{"name":"ponferrada2","@id":"https:\/\/agrupacionespsoe.es\/ponferrada\/#\/schema\/person\/cd29ee627f3b70c05d415f02596debaa"},"headline":"Olegario Ram\u00f3n: \u00abSi el proyecto de la central de calor lo hubiera hecho el PSOE desde el principio, no estar\u00eda donde est\u00e1\u00bb","datePublished":"2025-07-21T09:16:29+00:00","dateModified":"2025-07-22T09:20:49+00:00","mainEntityOfPage":{"@id":"https:\/\/agrupacionespsoe.es\/ponferrada\/olegario-ramon-si-el-proyecto-de-la-central-de-calor-lo-hubiera-hecho-el-psoe-desde-el-principio-no-estaria-donde-esta\/"},"wordCount":563,"commentCount":0,"publisher":{"@id":"https:\/\/agrupacionespsoe.es\/ponferrada\/#organization"},"image":{"@id":"https:\/\/agrupacionespsoe.es\/ponferrada\/olegario-ramon-si-el-proyecto-de-la-central-de-calor-lo-hubiera-hecho-el-psoe-desde-el-principio-no-estaria-donde-esta\/#primaryimage"},"thumbnailUrl":"https:\/\/agrupacionespsoe.es\/ponferrada\/wp-content\/uploads\/sites\/36\/2025\/07\/WhatsApp-Image-2025-07-22-at-11.20.17.jpeg","articleSection":["ACTUALIDAD"],"inLanguage":"es","potentialAction":[{"@type":"CommentAction","name":"Comment","target":["https:\/\/agrupacionespsoe.es\/ponferrada\/olegario-ramon-si-el-proyecto-de-la-central-de-calor-lo-hubiera-hecho-el-psoe-desde-el-principio-no-estaria-donde-esta\/#respond"]}]},{"@type":"WebPage","@id":"https:\/\/agrupacionespsoe.es\/ponferrada\/olegario-ramon-si-el-proyecto-de-la-central-de-calor-lo-hubiera-hecho-el-psoe-desde-el-principio-no-estaria-donde-esta\/","url":"https:\/\/agrupacionespsoe.es\/ponferrada\/olegario-ramon-si-el-proyecto-de-la-central-de-calor-lo-hubiera-hecho-el-psoe-desde-el-principio-no-estaria-donde-esta\/","name":"Olegario Ram\u00f3n: \"Si el proyecto de la central de calor lo hubiera hecho el PSOE desde el principio, no estar\u00eda donde est\u00e1\" - Agrupaci\u00f3n Socialista de Ponferrada","isPartOf":{"@id":"https:\/\/agrupacionespsoe.es\/ponferrada\/#website"},"primaryImageOfPage":{"@id":"https:\/\/agrupacionespsoe.es\/ponferrada\/olegario-ramon-si-el-proyecto-de-la-central-de-calor-lo-hubiera-hecho-el-psoe-desde-el-principio-no-estaria-donde-esta\/#primaryimage"},"image":{"@id":"https:\/\/agrupacionespsoe.es\/ponferrada\/olegario-ramon-si-el-proyecto-de-la-central-de-calor-lo-hubiera-hecho-el-psoe-desde-el-principio-no-estaria-donde-esta\/#primaryimage"},"thumbnailUrl":"https:\/\/agrupacionespsoe.es\/ponferrada\/wp-content\/uploads\/sites\/36\/2025\/07\/WhatsApp-Image-2025-07-22-at-11.20.17.jpeg","datePublished":"2025-07-21T09:16:29+00:00","dateModified":"2025-07-22T09:20:49+00:00","breadcrumb":{"@id":"https:\/\/agrupacionespsoe.es\/ponferrada\/olegario-ramon-si-el-proyecto-de-la-central-de-calor-lo-hubiera-hecho-el-psoe-desde-el-principio-no-estaria-donde-esta\/#breadcrumb"},"inLanguage":"es","potentialAction":[{"@type":"ReadAction","target":["https:\/\/agrupacionespsoe.es\/ponferrada\/olegario-ramon-si-el-proyecto-de-la-central-de-calor-lo-hubiera-hecho-el-psoe-desde-el-principio-no-estaria-donde-esta\/"]}]},{"@type":"ImageObject","inLanguage":"es","@id":"https:\/\/agrupacionespsoe.es\/ponferrada\/olegario-ramon-si-el-proyecto-de-la-central-de-calor-lo-hubiera-hecho-el-psoe-desde-el-principio-no-estaria-donde-esta\/#primaryimage","url":"https:\/\/agrupacionespsoe.es\/ponferrada\/wp-content\/uploads\/sites\/36\/2025\/07\/WhatsApp-Image-2025-07-22-at-11.20.17.jpeg","contentUrl":"https:\/\/agrupacionespsoe.es\/ponferrada\/wp-content\/uploads\/sites\/36\/2025\/07\/WhatsApp-Image-2025-07-22-at-11.20.17.jpeg","width":1600,"height":1335},{"@type":"BreadcrumbList","@id":"https:\/\/agrupacionespsoe.es\/ponferrada\/olegario-ramon-si-el-proyecto-de-la-central-de-calor-lo-hubiera-hecho-el-psoe-desde-el-principio-no-estaria-donde-esta\/#breadcrumb","itemListElement":[{"@type":"ListItem","position":1,"name":"Portada","item":"https:\/\/agrupacionespsoe.es\/ponferrada\/"},{"@type":"ListItem","position":2,"name":"Olegario Ram\u00f3n: \u00abSi el proyecto de la central de calor lo hubiera hecho el PSOE desde el principio, no estar\u00eda donde est\u00e1\u00bb"}]},{"@type":"WebSite","@id":"https:\/\/agrupacionespsoe.es\/ponferrada\/#website","url":"https:\/\/agrupacionespsoe.es\/ponferrada\/","name":"Agrupaci\u00f3n Socialista de Ponferrada","description":"Agrupaci\u00f3n Socialista de Ponferrada","publisher":{"@id":"https:\/\/agrupacionespsoe.es\/ponferrada\/#organization"},"potentialAction":[{"@type":"SearchAction","target":{"@type":"EntryPoint","urlTemplate":"https:\/\/agrupacionespsoe.es\/ponferrada\/?s={search_term_string}"},"query-input":{"@type":"PropertyValueSpecification","valueRequired":true,"valueName":"search_term_string"}}],"inLanguage":"es"},{"@type":"Organization","@id":"https:\/\/agrupacionespsoe.es\/ponferrada\/#organization","name":"Agrupaci\u00f3n Socialista de Ponferrada","url":"https:\/\/agrupacionespsoe.es\/ponferrada\/","logo":{"@type":"ImageObject","inLanguage":"es","@id":"https:\/\/agrupacionespsoe.es\/ponferrada\/#\/schema\/logo\/image\/","url":"https:\/\/agrupacionespsoe.es\/wp-content\/uploads\/2022\/07\/Logotipo_electoral_del_PSOE.png","contentUrl":"https:\/\/agrupacionespsoe.es\/wp-content\/uploads\/2022\/07\/Logotipo_electoral_del_PSOE.png","width":422,"height":422,"caption":"Agrupaci\u00f3n Socialista de Ponferrada"},"image":{"@id":"https:\/\/agrupacionespsoe.es\/ponferrada\/#\/schema\/logo\/image\/"}},{"@type":"Person","@id":"https:\/\/agrupacionespsoe.es\/ponferrada\/#\/schema\/person\/cd29ee627f3b70c05d415f02596debaa","name":"ponferrada2","image":{"@type":"ImageObject","inLanguage":"es","@id":"https:\/\/agrupacionespsoe.es\/ponferrada\/#\/schema\/person\/image\/","url":"https:\/\/secure.gravatar.com\/avatar\/f499eeb60144c664cf7b7edf75549b50?s=96&d=mm&r=g","contentUrl":"https:\/\/secure.gravatar.com\/avatar\/f499eeb60144c664cf7b7edf75549b50?s=96&d=mm&r=g","caption":"ponferrada2"},"url":"https:\/\/agrupacionespsoe.es\/ponferrada\/author\/ponferrada2\/"}]}},"jetpack_featured_media_url":"https:\/\/agrupacionespsoe.es\/ponferrada\/wp-content\/uploads\/sites\/36\/2025\/07\/WhatsApp-Image-2025-07-22-at-11.20.17.jpeg","jetpack_sharing_enabled":true,"_links":{"self":[{"href":"https:\/\/agrupacionespsoe.es\/ponferrada\/wp-json\/wp\/v2\/posts\/1040","targetHints":{"allow":["GET"]}}],"collection":[{"href":"https:\/\/agrupacionespsoe.es\/ponferrada\/wp-json\/wp\/v2\/posts"}],"about":[{"href":"https:\/\/agrupacionespsoe.es\/ponferrada\/wp-json\/wp\/v2\/types\/post"}],"author":[{"embeddable":true,"href":"https:\/\/agrupacionespsoe.es\/ponferrada\/wp-json\/wp\/v2\/users\/32"}],"replies":[{"embeddable":true,"href":"https:\/\/agrupacionespsoe.es\/ponferrada\/wp-json\/wp\/v2\/comments?post=1040"}],"version-history":[{"count":2,"href":"https:\/\/agrupacionespsoe.es\/ponferrada\/wp-json\/wp\/v2\/posts\/1040\/revisions"}],"predecessor-version":[{"id":1043,"href":"https:\/\/agrupacionespsoe.es\/ponferrada\/wp-json\/wp\/v2\/posts\/1040\/revisions\/1043"}],"wp:featuredmedia":[{"embeddable":true,"href":"https:\/\/agrupacionespsoe.es\/ponferrada\/wp-json\/wp\/v2\/media\/1041"}],"wp:attachment":[{"href":"https:\/\/agrupacionespsoe.es\/ponferrada\/wp-json\/wp\/v2\/media?parent=1040"}],"wp:term":[{"taxonomy":"category","embeddable":true,"href":"https:\/\/agrupacionespsoe.es\/ponferrada\/wp-json\/wp\/v2\/categories?post=1040"},{"taxonomy":"post_tag","embeddable":true,"href":"https:\/\/agrupacionespsoe.es\/ponferrada\/wp-json\/wp\/v2\/tags?post=1040"}],"curies":[{"name":"wp","href":"https:\/\/api.w.org\/{rel}","templated":true}]}}