{"id":1033,"date":"2025-07-18T07:46:59","date_gmt":"2025-07-18T07:46:59","guid":{"rendered":"https:\/\/agrupacionespsoe.es\/ponferrada\/?p=1033"},"modified":"2025-07-18T07:46:59","modified_gmt":"2025-07-18T07:46:59","slug":"el-grupo-socialista-pide-que-vuelvan-a-licitar-la-obra-de-la-plaza-de-los-cantos-en-cuatrovientos-y-que-el-equipo-de-gobierno-de-pp-y-cb-cumpla-lo-pactado","status":"publish","type":"post","link":"https:\/\/agrupacionespsoe.es\/ponferrada\/el-grupo-socialista-pide-que-vuelvan-a-licitar-la-obra-de-la-plaza-de-los-cantos-en-cuatrovientos-y-que-el-equipo-de-gobierno-de-pp-y-cb-cumpla-lo-pactado\/","title":{"rendered":"El Grupo Socialista pide que vuelvan a licitar la obra de la Plaza de Los Cantos en Cuatrovientos y que el equipo de gobierno de PP y CB cumpla lo pactado"},"content":{"rendered":"\n<p>El Grupo Municipal Socialista en el Ayuntamiento de Ponferrada denuncia el fracaso del equipo de gobierno del PP y Coalici\u00f3n por El Bierzo (CB) para cumplir los compromisos que asumieron en el acuerdo que permiti\u00f3 aprobar los presupuestos municipales de 2024.<\/p>\n\n\n\n<p>La concejal socialista Silvia Blanco, ha recordado que la abstenci\u00f3n del PSOE fue un ejercicio de responsabilidad, poniendo por delante de los intereses de la ciudadan\u00eda. Sin embargo, los hechos demuestran que, salvo en la no privatizaci\u00f3n de servicios y el rechazo de las exigencias de Vox, pr\u00e1cticamente nada m\u00e1s se ha materializado de las medidas pactadas.<\/p>\n\n\n\n<p>Ha se\u00f1alado que de todas las propuestas incorporadas al presupuesto a iniciativa del Grupo Socialista, m\u00e1s de 15, apenas se han cumplido unas pocas, y muchas siguen sin ejecutarse o ni siquiera se han iniciado. Solo se ha avanzado en el compromiso de no privatizar servicios esenciales, como las piscinas, parques y jardines o la brigada de pintura, y en mantener a Vox fuera de la toma de decisiones y de las partidas presupuestarias. Tambi\u00e9n se ha puesto en marcha un sistema que confiamos funcione para evitar los cortes de agua en San Clemente de Valdueza.<\/p>\n\n\n\n<p>A\u00f1ade que por lo dem\u00e1s, los avances son escasos o nulos. La rehabilitaci\u00f3n de viviendas de la casa de los maestros de Navaliegos no ha empezado, no se sabe nada de la creaci\u00f3n de la Escuela y Museo de Cer\u00e1mica, no se ha avanzado en la soluci\u00f3n del cementerio de Fuentesnuevas y tampoco se ha concluido el estudio de detalle que desarrollar\u00e1 el CYLOG, por mencionar algunas de las propuestas.<\/p>\n\n\n\n<p>Recientemente hemos conocido que la licitaci\u00f3n para el acondicionamiento de la plaza de Cuatrovientos, conocida como plaza de Los Cantos, una de las actuaciones que se contemplaban en el acuerdo, ha quedado desierta. Desde el PSOE ya advertimos que la dotaci\u00f3n econ\u00f3mica prevista por el equipo de gobierno era claramente insuficiente, y lamentablemente el tiempo nos ha dado la raz\u00f3n. El compromiso con el PSOE contemplaba una intervenci\u00f3n m\u00e1s ambiciosa incluyendo una pista deportiva, fue recortado hasta el m\u00ednimo, y ni siquiera as\u00ed ha sido capaz de atraer ofertas. A esto se suma la chapuza realizada en el muro de la Era de Bouzas, donde solo se ha arreglado un peque\u00f1o tramo, dejando el resto en estado lamentable.<\/p>\n\n\n\n<p>Lamentamos profundamente la falta de respeto del equipo de gobierno de PP y Coalici\u00f3n por El Bierzo a los compromisos que adquirieron con nuestro grupo y, por extensi\u00f3n, con toda la ciudadan\u00eda. Esta forma de actuar demuestra lo poco que valen los acuerdos firmados y lo dif\u00edcil que resulta confiar en un gobierno que ni cumple ni comunica. Ni siquiera han tenido la m\u00ednima cortes\u00eda institucional de informarnos de que la licitaci\u00f3n para la plaza de Cuatrovientos hab\u00eda quedado desierta; como tantas otras veces, hemos tenido que enterarnos revisando la documentaci\u00f3n p\u00fablica por nuestra cuenta.<\/p>\n\n\n\n<p>Finaliza diciendo que mientras el equipo de gobierno del PP y CB no escatima en gastar miles y miles de euros en fiestas y saraos, los vecinos y vecinas de Cuatrovientos tendr\u00e1n que seguir esperando por la reforma de la plaza de Los Cantos, que contin\u00faa en un estado lamentable. Es incomprensible que se priorice el espect\u00e1culo frente a las necesidades reales de los barrios.<\/p>\n\n\n\n<p>Por eso, pedimos al equipo de gobierno que cumpla con los compromisos adquiridos y que se proceda a una nueva licitaci\u00f3n de la reforma de la plaza de Cuatrovientos, con una partida presupuestaria adecuada que permita llevar a cabo una intervenci\u00f3n digna y necesaria. Los vecinos y vecinas de este barrio merecen una plaza en condiciones, como cualquier otro barrio de Ponferrada.<\/p>\n\n\n\n<p>Esta forma de gobernar consolida una Ponferrada de desigualdad, donde hay vecinos de primera (zona centro y alta), vecinos de segunda (el resto de la ciudad) y vecinos de tercera (los pueblos y pedan\u00edas). Los vecinos y vecinas de los barrios y pedan\u00edas merecen el mismo trato, las mismas oportunidades y los mismos servicios que el resto de la ciudad.<\/p>\n\n\n\n<figure class=\"wp-block-gallery has-nested-images columns-default is-cropped wp-block-gallery-1 is-layout-flex wp-block-gallery-is-layout-flex\">\n<figure class=\"wp-block-image size-large\"><img loading=\"lazy\" decoding=\"async\" width=\"1024\" height=\"768\" data-id=\"1034\" src=\"https:\/\/agrupacionespsoe.es\/ponferrada\/wp-content\/uploads\/sites\/36\/2025\/07\/pz.-los-cantos-cuatrovientos-1-1024x768.jpeg\" alt=\"\" class=\"wp-image-1034\" srcset=\"https:\/\/agrupacionespsoe.es\/ponferrada\/wp-content\/uploads\/sites\/36\/2025\/07\/pz.-los-cantos-cuatrovientos-1-1024x768.jpeg 1024w, https:\/\/agrupacionespsoe.es\/ponferrada\/wp-content\/uploads\/sites\/36\/2025\/07\/pz.-los-cantos-cuatrovientos-1-300x225.jpeg 300w, https:\/\/agrupacionespsoe.es\/ponferrada\/wp-content\/uploads\/sites\/36\/2025\/07\/pz.-los-cantos-cuatrovientos-1-768x576.jpeg 768w, https:\/\/agrupacionespsoe.es\/ponferrada\/wp-content\/uploads\/sites\/36\/2025\/07\/pz.-los-cantos-cuatrovientos-1-1536x1152.jpeg 1536w, https:\/\/agrupacionespsoe.es\/ponferrada\/wp-content\/uploads\/sites\/36\/2025\/07\/pz.-los-cantos-cuatrovientos-1.jpeg 2000w\" sizes=\"auto, (max-width: 1024px) 100vw, 1024px\" \/><\/figure>\n\n\n\n<figure class=\"wp-block-image size-large\"><img loading=\"lazy\" decoding=\"async\" width=\"1024\" height=\"768\" data-id=\"1035\" src=\"https:\/\/agrupacionespsoe.es\/ponferrada\/wp-content\/uploads\/sites\/36\/2025\/07\/pz.-los-cantos-cuatrovientos-2-1024x768.jpeg\" alt=\"\" class=\"wp-image-1035\" srcset=\"https:\/\/agrupacionespsoe.es\/ponferrada\/wp-content\/uploads\/sites\/36\/2025\/07\/pz.-los-cantos-cuatrovientos-2-1024x768.jpeg 1024w, https:\/\/agrupacionespsoe.es\/ponferrada\/wp-content\/uploads\/sites\/36\/2025\/07\/pz.-los-cantos-cuatrovientos-2-300x225.jpeg 300w, https:\/\/agrupacionespsoe.es\/ponferrada\/wp-content\/uploads\/sites\/36\/2025\/07\/pz.-los-cantos-cuatrovientos-2-768x576.jpeg 768w, https:\/\/agrupacionespsoe.es\/ponferrada\/wp-content\/uploads\/sites\/36\/2025\/07\/pz.-los-cantos-cuatrovientos-2-1536x1152.jpeg 1536w, https:\/\/agrupacionespsoe.es\/ponferrada\/wp-content\/uploads\/sites\/36\/2025\/07\/pz.-los-cantos-cuatrovientos-2.jpeg 2000w\" sizes=\"auto, (max-width: 1024px) 100vw, 1024px\" \/><\/figure>\n\n\n\n<figure class=\"wp-block-image size-large\"><img loading=\"lazy\" decoding=\"async\" width=\"1024\" height=\"768\" data-id=\"1036\" src=\"https:\/\/agrupacionespsoe.es\/ponferrada\/wp-content\/uploads\/sites\/36\/2025\/07\/pz.-los-cantos-cuatrovientos-3-1024x768.jpeg\" alt=\"\" class=\"wp-image-1036\" srcset=\"https:\/\/agrupacionespsoe.es\/ponferrada\/wp-content\/uploads\/sites\/36\/2025\/07\/pz.-los-cantos-cuatrovientos-3-1024x768.jpeg 1024w, https:\/\/agrupacionespsoe.es\/ponferrada\/wp-content\/uploads\/sites\/36\/2025\/07\/pz.-los-cantos-cuatrovientos-3-300x225.jpeg 300w, https:\/\/agrupacionespsoe.es\/ponferrada\/wp-content\/uploads\/sites\/36\/2025\/07\/pz.-los-cantos-cuatrovientos-3-768x576.jpeg 768w, https:\/\/agrupacionespsoe.es\/ponferrada\/wp-content\/uploads\/sites\/36\/2025\/07\/pz.-los-cantos-cuatrovientos-3-1536x1152.jpeg 1536w, https:\/\/agrupacionespsoe.es\/ponferrada\/wp-content\/uploads\/sites\/36\/2025\/07\/pz.-los-cantos-cuatrovientos-3.jpeg 2000w\" sizes=\"auto, (max-width: 1024px) 100vw, 1024px\" \/><\/figure>\n\n\n\n<figure class=\"wp-block-image size-large\"><img loading=\"lazy\" decoding=\"async\" width=\"1024\" height=\"768\" data-id=\"1037\" src=\"https:\/\/agrupacionespsoe.es\/ponferrada\/wp-content\/uploads\/sites\/36\/2025\/07\/pz.-los-cantos-cuatrovientos-4-1024x768.jpeg\" alt=\"\" class=\"wp-image-1037\" srcset=\"https:\/\/agrupacionespsoe.es\/ponferrada\/wp-content\/uploads\/sites\/36\/2025\/07\/pz.-los-cantos-cuatrovientos-4-1024x768.jpeg 1024w, https:\/\/agrupacionespsoe.es\/ponferrada\/wp-content\/uploads\/sites\/36\/2025\/07\/pz.-los-cantos-cuatrovientos-4-300x225.jpeg 300w, https:\/\/agrupacionespsoe.es\/ponferrada\/wp-content\/uploads\/sites\/36\/2025\/07\/pz.-los-cantos-cuatrovientos-4-768x576.jpeg 768w, https:\/\/agrupacionespsoe.es\/ponferrada\/wp-content\/uploads\/sites\/36\/2025\/07\/pz.-los-cantos-cuatrovientos-4-1536x1152.jpeg 1536w, https:\/\/agrupacionespsoe.es\/ponferrada\/wp-content\/uploads\/sites\/36\/2025\/07\/pz.-los-cantos-cuatrovientos-4.jpeg 2000w\" sizes=\"auto, (max-width: 1024px) 100vw, 1024px\" \/><\/figure>\n<\/figure>\n","protected":false},"excerpt":{"rendered":"<p>El Grupo Municipal Socialista en el Ayuntamiento de Ponferrada denuncia el fracaso del equipo de gobierno del PP y Coalici\u00f3n por El Bierzo (CB) para cumplir los compromisos que asumieron en el acuerdo que permiti\u00f3 aprobar los presupuestos municipales de 2024. La concejal socialista Silvia Blanco, ha recordado que la abstenci\u00f3n del PSOE fue un &#8230;<\/p>\n","protected":false},"author":32,"featured_media":1037,"comment_status":"open","ping_status":"open","sticky":false,"template":"","format":"standard","meta":{"_jetpack_memberships_contains_paid_content":false,"footnotes":""},"categories":[6],"tags":[],"class_list":["post-1033","post","type-post","status-publish","format-standard","has-post-thumbnail","hentry","category-actualidad"],"yoast_head":"<!-- This site is optimized with the Yoast SEO plugin v24.0 - https:\/\/yoast.com\/wordpress\/plugins\/seo\/ -->\n<title>El Grupo Socialista pide que vuelvan a licitar la obra de la Plaza de Los Cantos en Cuatrovientos y que el equipo de gobierno de PP y CB cumpla lo pactado - Agrupaci\u00f3n Socialista de Ponferrada<\/title>\n<meta name=\"robots\" content=\"index, follow, max-snippet:-1, max-image-preview:large, max-video-preview:-1\" \/>\n<link rel=\"canonical\" href=\"https:\/\/agrupacionespsoe.es\/ponferrada\/el-grupo-socialista-pide-que-vuelvan-a-licitar-la-obra-de-la-plaza-de-los-cantos-en-cuatrovientos-y-que-el-equipo-de-gobierno-de-pp-y-cb-cumpla-lo-pactado\/\" \/>\n<meta property=\"og:locale\" content=\"es_ES\" \/>\n<meta property=\"og:type\" content=\"article\" \/>\n<meta property=\"og:title\" content=\"El Grupo Socialista pide que vuelvan a licitar la obra de la Plaza de Los Cantos en Cuatrovientos y que el equipo de gobierno de PP y CB cumpla lo pactado - Agrupaci\u00f3n Socialista de Ponferrada\" \/>\n<meta property=\"og:description\" content=\"El Grupo Municipal Socialista en el Ayuntamiento de Ponferrada denuncia el fracaso del equipo de gobierno del PP y Coalici\u00f3n por El Bierzo (CB) para cumplir los compromisos que asumieron en el acuerdo que permiti\u00f3 aprobar los presupuestos municipales de 2024. La concejal socialista Silvia Blanco, ha recordado que la abstenci\u00f3n del PSOE fue un ...\" \/>\n<meta property=\"og:url\" content=\"https:\/\/agrupacionespsoe.es\/ponferrada\/el-grupo-socialista-pide-que-vuelvan-a-licitar-la-obra-de-la-plaza-de-los-cantos-en-cuatrovientos-y-que-el-equipo-de-gobierno-de-pp-y-cb-cumpla-lo-pactado\/\" \/>\n<meta property=\"og:site_name\" content=\"Agrupaci\u00f3n Socialista de Ponferrada\" \/>\n<meta property=\"article:published_time\" content=\"2025-07-18T07:46:59+00:00\" \/>\n<meta property=\"og:image\" content=\"https:\/\/agrupacionespsoe.es\/ponferrada\/wp-content\/uploads\/sites\/36\/2025\/07\/pz.-los-cantos-cuatrovientos-4.jpeg\" \/>\n\t<meta property=\"og:image:width\" content=\"2000\" \/>\n\t<meta property=\"og:image:height\" content=\"1500\" \/>\n\t<meta property=\"og:image:type\" content=\"image\/jpeg\" \/>\n<meta name=\"author\" content=\"ponferrada2\" \/>\n<meta name=\"twitter:card\" content=\"summary_large_image\" \/>\n<meta name=\"twitter:label1\" content=\"Escrito por\" \/>\n\t<meta name=\"twitter:data1\" content=\"ponferrada2\" \/>\n\t<meta name=\"twitter:label2\" content=\"Tiempo de lectura\" \/>\n\t<meta name=\"twitter:data2\" content=\"5 minutos\" \/>\n<script type=\"application\/ld+json\" class=\"yoast-schema-graph\">{\"@context\":\"https:\/\/schema.org\",\"@graph\":[{\"@type\":\"Article\",\"@id\":\"https:\/\/agrupacionespsoe.es\/ponferrada\/el-grupo-socialista-pide-que-vuelvan-a-licitar-la-obra-de-la-plaza-de-los-cantos-en-cuatrovientos-y-que-el-equipo-de-gobierno-de-pp-y-cb-cumpla-lo-pactado\/#article\",\"isPartOf\":{\"@id\":\"https:\/\/agrupacionespsoe.es\/ponferrada\/el-grupo-socialista-pide-que-vuelvan-a-licitar-la-obra-de-la-plaza-de-los-cantos-en-cuatrovientos-y-que-el-equipo-de-gobierno-de-pp-y-cb-cumpla-lo-pactado\/\"},\"author\":{\"name\":\"ponferrada2\",\"@id\":\"https:\/\/agrupacionespsoe.es\/ponferrada\/#\/schema\/person\/cd29ee627f3b70c05d415f02596debaa\"},\"headline\":\"El Grupo Socialista pide que vuelvan a licitar la obra de la Plaza de Los Cantos en Cuatrovientos y que el equipo de gobierno de PP y CB cumpla lo pactado\",\"datePublished\":\"2025-07-18T07:46:59+00:00\",\"dateModified\":\"2025-07-18T07:46:59+00:00\",\"mainEntityOfPage\":{\"@id\":\"https:\/\/agrupacionespsoe.es\/ponferrada\/el-grupo-socialista-pide-que-vuelvan-a-licitar-la-obra-de-la-plaza-de-los-cantos-en-cuatrovientos-y-que-el-equipo-de-gobierno-de-pp-y-cb-cumpla-lo-pactado\/\"},\"wordCount\":733,\"commentCount\":0,\"publisher\":{\"@id\":\"https:\/\/agrupacionespsoe.es\/ponferrada\/#organization\"},\"image\":{\"@id\":\"https:\/\/agrupacionespsoe.es\/ponferrada\/el-grupo-socialista-pide-que-vuelvan-a-licitar-la-obra-de-la-plaza-de-los-cantos-en-cuatrovientos-y-que-el-equipo-de-gobierno-de-pp-y-cb-cumpla-lo-pactado\/#primaryimage\"},\"thumbnailUrl\":\"https:\/\/agrupacionespsoe.es\/ponferrada\/wp-content\/uploads\/sites\/36\/2025\/07\/pz.-los-cantos-cuatrovientos-4.jpeg\",\"articleSection\":[\"ACTUALIDAD\"],\"inLanguage\":\"es\",\"potentialAction\":[{\"@type\":\"CommentAction\",\"name\":\"Comment\",\"target\":[\"https:\/\/agrupacionespsoe.es\/ponferrada\/el-grupo-socialista-pide-que-vuelvan-a-licitar-la-obra-de-la-plaza-de-los-cantos-en-cuatrovientos-y-que-el-equipo-de-gobierno-de-pp-y-cb-cumpla-lo-pactado\/#respond\"]}]},{\"@type\":\"WebPage\",\"@id\":\"https:\/\/agrupacionespsoe.es\/ponferrada\/el-grupo-socialista-pide-que-vuelvan-a-licitar-la-obra-de-la-plaza-de-los-cantos-en-cuatrovientos-y-que-el-equipo-de-gobierno-de-pp-y-cb-cumpla-lo-pactado\/\",\"url\":\"https:\/\/agrupacionespsoe.es\/ponferrada\/el-grupo-socialista-pide-que-vuelvan-a-licitar-la-obra-de-la-plaza-de-los-cantos-en-cuatrovientos-y-que-el-equipo-de-gobierno-de-pp-y-cb-cumpla-lo-pactado\/\",\"name\":\"El Grupo Socialista pide que vuelvan a licitar la obra de la Plaza de Los Cantos en Cuatrovientos y que el equipo de gobierno de PP y CB cumpla lo pactado - Agrupaci\u00f3n Socialista de Ponferrada\",\"isPartOf\":{\"@id\":\"https:\/\/agrupacionespsoe.es\/ponferrada\/#website\"},\"primaryImageOfPage\":{\"@id\":\"https:\/\/agrupacionespsoe.es\/ponferrada\/el-grupo-socialista-pide-que-vuelvan-a-licitar-la-obra-de-la-plaza-de-los-cantos-en-cuatrovientos-y-que-el-equipo-de-gobierno-de-pp-y-cb-cumpla-lo-pactado\/#primaryimage\"},\"image\":{\"@id\":\"https:\/\/agrupacionespsoe.es\/ponferrada\/el-grupo-socialista-pide-que-vuelvan-a-licitar-la-obra-de-la-plaza-de-los-cantos-en-cuatrovientos-y-que-el-equipo-de-gobierno-de-pp-y-cb-cumpla-lo-pactado\/#primaryimage\"},\"thumbnailUrl\":\"https:\/\/agrupacionespsoe.es\/ponferrada\/wp-content\/uploads\/sites\/36\/2025\/07\/pz.-los-cantos-cuatrovientos-4.jpeg\",\"datePublished\":\"2025-07-18T07:46:59+00:00\",\"dateModified\":\"2025-07-18T07:46:59+00:00\",\"breadcrumb\":{\"@id\":\"https:\/\/agrupacionespsoe.es\/ponferrada\/el-grupo-socialista-pide-que-vuelvan-a-licitar-la-obra-de-la-plaza-de-los-cantos-en-cuatrovientos-y-que-el-equipo-de-gobierno-de-pp-y-cb-cumpla-lo-pactado\/#breadcrumb\"},\"inLanguage\":\"es\",\"potentialAction\":[{\"@type\":\"ReadAction\",\"target\":[\"https:\/\/agrupacionespsoe.es\/ponferrada\/el-grupo-socialista-pide-que-vuelvan-a-licitar-la-obra-de-la-plaza-de-los-cantos-en-cuatrovientos-y-que-el-equipo-de-gobierno-de-pp-y-cb-cumpla-lo-pactado\/\"]}]},{\"@type\":\"ImageObject\",\"inLanguage\":\"es\",\"@id\":\"https:\/\/agrupacionespsoe.es\/ponferrada\/el-grupo-socialista-pide-que-vuelvan-a-licitar-la-obra-de-la-plaza-de-los-cantos-en-cuatrovientos-y-que-el-equipo-de-gobierno-de-pp-y-cb-cumpla-lo-pactado\/#primaryimage\",\"url\":\"https:\/\/agrupacionespsoe.es\/ponferrada\/wp-content\/uploads\/sites\/36\/2025\/07\/pz.-los-cantos-cuatrovientos-4.jpeg\",\"contentUrl\":\"https:\/\/agrupacionespsoe.es\/ponferrada\/wp-content\/uploads\/sites\/36\/2025\/07\/pz.-los-cantos-cuatrovientos-4.jpeg\",\"width\":2000,\"height\":1500},{\"@type\":\"BreadcrumbList\",\"@id\":\"https:\/\/agrupacionespsoe.es\/ponferrada\/el-grupo-socialista-pide-que-vuelvan-a-licitar-la-obra-de-la-plaza-de-los-cantos-en-cuatrovientos-y-que-el-equipo-de-gobierno-de-pp-y-cb-cumpla-lo-pactado\/#breadcrumb\",\"itemListElement\":[{\"@type\":\"ListItem\",\"position\":1,\"name\":\"Portada\",\"item\":\"https:\/\/agrupacionespsoe.es\/ponferrada\/\"},{\"@type\":\"ListItem\",\"position\":2,\"name\":\"El Grupo Socialista pide que vuelvan a licitar la obra de la Plaza de Los Cantos en Cuatrovientos y que el equipo de gobierno de PP y CB cumpla lo pactado\"}]},{\"@type\":\"WebSite\",\"@id\":\"https:\/\/agrupacionespsoe.es\/ponferrada\/#website\",\"url\":\"https:\/\/agrupacionespsoe.es\/ponferrada\/\",\"name\":\"Agrupaci\u00f3n Socialista de Ponferrada\",\"description\":\"Agrupaci\u00f3n Socialista de Ponferrada\",\"publisher\":{\"@id\":\"https:\/\/agrupacionespsoe.es\/ponferrada\/#organization\"},\"potentialAction\":[{\"@type\":\"SearchAction\",\"target\":{\"@type\":\"EntryPoint\",\"urlTemplate\":\"https:\/\/agrupacionespsoe.es\/ponferrada\/?s={search_term_string}\"},\"query-input\":{\"@type\":\"PropertyValueSpecification\",\"valueRequired\":true,\"valueName\":\"search_term_string\"}}],\"inLanguage\":\"es\"},{\"@type\":\"Organization\",\"@id\":\"https:\/\/agrupacionespsoe.es\/ponferrada\/#organization\",\"name\":\"Agrupaci\u00f3n Socialista de Ponferrada\",\"url\":\"https:\/\/agrupacionespsoe.es\/ponferrada\/\",\"logo\":{\"@type\":\"ImageObject\",\"inLanguage\":\"es\",\"@id\":\"https:\/\/agrupacionespsoe.es\/ponferrada\/#\/schema\/logo\/image\/\",\"url\":\"https:\/\/agrupacionespsoe.es\/wp-content\/uploads\/2022\/07\/Logotipo_electoral_del_PSOE.png\",\"contentUrl\":\"https:\/\/agrupacionespsoe.es\/wp-content\/uploads\/2022\/07\/Logotipo_electoral_del_PSOE.png\",\"width\":422,\"height\":422,\"caption\":\"Agrupaci\u00f3n Socialista de Ponferrada\"},\"image\":{\"@id\":\"https:\/\/agrupacionespsoe.es\/ponferrada\/#\/schema\/logo\/image\/\"}},{\"@type\":\"Person\",\"@id\":\"https:\/\/agrupacionespsoe.es\/ponferrada\/#\/schema\/person\/cd29ee627f3b70c05d415f02596debaa\",\"name\":\"ponferrada2\",\"image\":{\"@type\":\"ImageObject\",\"inLanguage\":\"es\",\"@id\":\"https:\/\/agrupacionespsoe.es\/ponferrada\/#\/schema\/person\/image\/\",\"url\":\"https:\/\/secure.gravatar.com\/avatar\/f499eeb60144c664cf7b7edf75549b50?s=96&d=mm&r=g\",\"contentUrl\":\"https:\/\/secure.gravatar.com\/avatar\/f499eeb60144c664cf7b7edf75549b50?s=96&d=mm&r=g\",\"caption\":\"ponferrada2\"},\"url\":\"https:\/\/agrupacionespsoe.es\/ponferrada\/author\/ponferrada2\/\"}]}<\/script>\n<!-- \/ Yoast SEO plugin. -->","yoast_head_json":{"title":"El Grupo Socialista pide que vuelvan a licitar la obra de la Plaza de Los Cantos en Cuatrovientos y que el equipo de gobierno de PP y CB cumpla lo pactado - Agrupaci\u00f3n Socialista de Ponferrada","robots":{"index":"index","follow":"follow","max-snippet":"max-snippet:-1","max-image-preview":"max-image-preview:large","max-video-preview":"max-video-preview:-1"},"canonical":"https:\/\/agrupacionespsoe.es\/ponferrada\/el-grupo-socialista-pide-que-vuelvan-a-licitar-la-obra-de-la-plaza-de-los-cantos-en-cuatrovientos-y-que-el-equipo-de-gobierno-de-pp-y-cb-cumpla-lo-pactado\/","og_locale":"es_ES","og_type":"article","og_title":"El Grupo Socialista pide que vuelvan a licitar la obra de la Plaza de Los Cantos en Cuatrovientos y que el equipo de gobierno de PP y CB cumpla lo pactado - Agrupaci\u00f3n Socialista de Ponferrada","og_description":"El Grupo Municipal Socialista en el Ayuntamiento de Ponferrada denuncia el fracaso del equipo de gobierno del PP y Coalici\u00f3n por El Bierzo (CB) para cumplir los compromisos que asumieron en el acuerdo que permiti\u00f3 aprobar los presupuestos municipales de 2024. La concejal socialista Silvia Blanco, ha recordado que la abstenci\u00f3n del PSOE fue un ...","og_url":"https:\/\/agrupacionespsoe.es\/ponferrada\/el-grupo-socialista-pide-que-vuelvan-a-licitar-la-obra-de-la-plaza-de-los-cantos-en-cuatrovientos-y-que-el-equipo-de-gobierno-de-pp-y-cb-cumpla-lo-pactado\/","og_site_name":"Agrupaci\u00f3n Socialista de Ponferrada","article_published_time":"2025-07-18T07:46:59+00:00","og_image":[{"width":2000,"height":1500,"url":"https:\/\/agrupacionespsoe.es\/ponferrada\/wp-content\/uploads\/sites\/36\/2025\/07\/pz.-los-cantos-cuatrovientos-4.jpeg","type":"image\/jpeg"}],"author":"ponferrada2","twitter_card":"summary_large_image","twitter_misc":{"Escrito por":"ponferrada2","Tiempo de lectura":"5 minutos"},"schema":{"@context":"https:\/\/schema.org","@graph":[{"@type":"Article","@id":"https:\/\/agrupacionespsoe.es\/ponferrada\/el-grupo-socialista-pide-que-vuelvan-a-licitar-la-obra-de-la-plaza-de-los-cantos-en-cuatrovientos-y-que-el-equipo-de-gobierno-de-pp-y-cb-cumpla-lo-pactado\/#article","isPartOf":{"@id":"https:\/\/agrupacionespsoe.es\/ponferrada\/el-grupo-socialista-pide-que-vuelvan-a-licitar-la-obra-de-la-plaza-de-los-cantos-en-cuatrovientos-y-que-el-equipo-de-gobierno-de-pp-y-cb-cumpla-lo-pactado\/"},"author":{"name":"ponferrada2","@id":"https:\/\/agrupacionespsoe.es\/ponferrada\/#\/schema\/person\/cd29ee627f3b70c05d415f02596debaa"},"headline":"El Grupo Socialista pide que vuelvan a licitar la obra de la Plaza de Los Cantos en Cuatrovientos y que el equipo de gobierno de PP y CB cumpla lo pactado","datePublished":"2025-07-18T07:46:59+00:00","dateModified":"2025-07-18T07:46:59+00:00","mainEntityOfPage":{"@id":"https:\/\/agrupacionespsoe.es\/ponferrada\/el-grupo-socialista-pide-que-vuelvan-a-licitar-la-obra-de-la-plaza-de-los-cantos-en-cuatrovientos-y-que-el-equipo-de-gobierno-de-pp-y-cb-cumpla-lo-pactado\/"},"wordCount":733,"commentCount":0,"publisher":{"@id":"https:\/\/agrupacionespsoe.es\/ponferrada\/#organization"},"image":{"@id":"https:\/\/agrupacionespsoe.es\/ponferrada\/el-grupo-socialista-pide-que-vuelvan-a-licitar-la-obra-de-la-plaza-de-los-cantos-en-cuatrovientos-y-que-el-equipo-de-gobierno-de-pp-y-cb-cumpla-lo-pactado\/#primaryimage"},"thumbnailUrl":"https:\/\/agrupacionespsoe.es\/ponferrada\/wp-content\/uploads\/sites\/36\/2025\/07\/pz.-los-cantos-cuatrovientos-4.jpeg","articleSection":["ACTUALIDAD"],"inLanguage":"es","potentialAction":[{"@type":"CommentAction","name":"Comment","target":["https:\/\/agrupacionespsoe.es\/ponferrada\/el-grupo-socialista-pide-que-vuelvan-a-licitar-la-obra-de-la-plaza-de-los-cantos-en-cuatrovientos-y-que-el-equipo-de-gobierno-de-pp-y-cb-cumpla-lo-pactado\/#respond"]}]},{"@type":"WebPage","@id":"https:\/\/agrupacionespsoe.es\/ponferrada\/el-grupo-socialista-pide-que-vuelvan-a-licitar-la-obra-de-la-plaza-de-los-cantos-en-cuatrovientos-y-que-el-equipo-de-gobierno-de-pp-y-cb-cumpla-lo-pactado\/","url":"https:\/\/agrupacionespsoe.es\/ponferrada\/el-grupo-socialista-pide-que-vuelvan-a-licitar-la-obra-de-la-plaza-de-los-cantos-en-cuatrovientos-y-que-el-equipo-de-gobierno-de-pp-y-cb-cumpla-lo-pactado\/","name":"El Grupo Socialista pide que vuelvan a licitar la obra de la Plaza de Los Cantos en Cuatrovientos y que el equipo de gobierno de PP y CB cumpla lo pactado - Agrupaci\u00f3n Socialista de Ponferrada","isPartOf":{"@id":"https:\/\/agrupacionespsoe.es\/ponferrada\/#website"},"primaryImageOfPage":{"@id":"https:\/\/agrupacionespsoe.es\/ponferrada\/el-grupo-socialista-pide-que-vuelvan-a-licitar-la-obra-de-la-plaza-de-los-cantos-en-cuatrovientos-y-que-el-equipo-de-gobierno-de-pp-y-cb-cumpla-lo-pactado\/#primaryimage"},"image":{"@id":"https:\/\/agrupacionespsoe.es\/ponferrada\/el-grupo-socialista-pide-que-vuelvan-a-licitar-la-obra-de-la-plaza-de-los-cantos-en-cuatrovientos-y-que-el-equipo-de-gobierno-de-pp-y-cb-cumpla-lo-pactado\/#primaryimage"},"thumbnailUrl":"https:\/\/agrupacionespsoe.es\/ponferrada\/wp-content\/uploads\/sites\/36\/2025\/07\/pz.-los-cantos-cuatrovientos-4.jpeg","datePublished":"2025-07-18T07:46:59+00:00","dateModified":"2025-07-18T07:46:59+00:00","breadcrumb":{"@id":"https:\/\/agrupacionespsoe.es\/ponferrada\/el-grupo-socialista-pide-que-vuelvan-a-licitar-la-obra-de-la-plaza-de-los-cantos-en-cuatrovientos-y-que-el-equipo-de-gobierno-de-pp-y-cb-cumpla-lo-pactado\/#breadcrumb"},"inLanguage":"es","potentialAction":[{"@type":"ReadAction","target":["https:\/\/agrupacionespsoe.es\/ponferrada\/el-grupo-socialista-pide-que-vuelvan-a-licitar-la-obra-de-la-plaza-de-los-cantos-en-cuatrovientos-y-que-el-equipo-de-gobierno-de-pp-y-cb-cumpla-lo-pactado\/"]}]},{"@type":"ImageObject","inLanguage":"es","@id":"https:\/\/agrupacionespsoe.es\/ponferrada\/el-grupo-socialista-pide-que-vuelvan-a-licitar-la-obra-de-la-plaza-de-los-cantos-en-cuatrovientos-y-que-el-equipo-de-gobierno-de-pp-y-cb-cumpla-lo-pactado\/#primaryimage","url":"https:\/\/agrupacionespsoe.es\/ponferrada\/wp-content\/uploads\/sites\/36\/2025\/07\/pz.-los-cantos-cuatrovientos-4.jpeg","contentUrl":"https:\/\/agrupacionespsoe.es\/ponferrada\/wp-content\/uploads\/sites\/36\/2025\/07\/pz.-los-cantos-cuatrovientos-4.jpeg","width":2000,"height":1500},{"@type":"BreadcrumbList","@id":"https:\/\/agrupacionespsoe.es\/ponferrada\/el-grupo-socialista-pide-que-vuelvan-a-licitar-la-obra-de-la-plaza-de-los-cantos-en-cuatrovientos-y-que-el-equipo-de-gobierno-de-pp-y-cb-cumpla-lo-pactado\/#breadcrumb","itemListElement":[{"@type":"ListItem","position":1,"name":"Portada","item":"https:\/\/agrupacionespsoe.es\/ponferrada\/"},{"@type":"ListItem","position":2,"name":"El Grupo Socialista pide que vuelvan a licitar la obra de la Plaza de Los Cantos en Cuatrovientos y que el equipo de gobierno de PP y CB cumpla lo pactado"}]},{"@type":"WebSite","@id":"https:\/\/agrupacionespsoe.es\/ponferrada\/#website","url":"https:\/\/agrupacionespsoe.es\/ponferrada\/","name":"Agrupaci\u00f3n Socialista de Ponferrada","description":"Agrupaci\u00f3n Socialista de Ponferrada","publisher":{"@id":"https:\/\/agrupacionespsoe.es\/ponferrada\/#organization"},"potentialAction":[{"@type":"SearchAction","target":{"@type":"EntryPoint","urlTemplate":"https:\/\/agrupacionespsoe.es\/ponferrada\/?s={search_term_string}"},"query-input":{"@type":"PropertyValueSpecification","valueRequired":true,"valueName":"search_term_string"}}],"inLanguage":"es"},{"@type":"Organization","@id":"https:\/\/agrupacionespsoe.es\/ponferrada\/#organization","name":"Agrupaci\u00f3n Socialista de Ponferrada","url":"https:\/\/agrupacionespsoe.es\/ponferrada\/","logo":{"@type":"ImageObject","inLanguage":"es","@id":"https:\/\/agrupacionespsoe.es\/ponferrada\/#\/schema\/logo\/image\/","url":"https:\/\/agrupacionespsoe.es\/wp-content\/uploads\/2022\/07\/Logotipo_electoral_del_PSOE.png","contentUrl":"https:\/\/agrupacionespsoe.es\/wp-content\/uploads\/2022\/07\/Logotipo_electoral_del_PSOE.png","width":422,"height":422,"caption":"Agrupaci\u00f3n Socialista de Ponferrada"},"image":{"@id":"https:\/\/agrupacionespsoe.es\/ponferrada\/#\/schema\/logo\/image\/"}},{"@type":"Person","@id":"https:\/\/agrupacionespsoe.es\/ponferrada\/#\/schema\/person\/cd29ee627f3b70c05d415f02596debaa","name":"ponferrada2","image":{"@type":"ImageObject","inLanguage":"es","@id":"https:\/\/agrupacionespsoe.es\/ponferrada\/#\/schema\/person\/image\/","url":"https:\/\/secure.gravatar.com\/avatar\/f499eeb60144c664cf7b7edf75549b50?s=96&d=mm&r=g","contentUrl":"https:\/\/secure.gravatar.com\/avatar\/f499eeb60144c664cf7b7edf75549b50?s=96&d=mm&r=g","caption":"ponferrada2"},"url":"https:\/\/agrupacionespsoe.es\/ponferrada\/author\/ponferrada2\/"}]}},"jetpack_featured_media_url":"https:\/\/agrupacionespsoe.es\/ponferrada\/wp-content\/uploads\/sites\/36\/2025\/07\/pz.-los-cantos-cuatrovientos-4.jpeg","jetpack_sharing_enabled":true,"_links":{"self":[{"href":"https:\/\/agrupacionespsoe.es\/ponferrada\/wp-json\/wp\/v2\/posts\/1033","targetHints":{"allow":["GET"]}}],"collection":[{"href":"https:\/\/agrupacionespsoe.es\/ponferrada\/wp-json\/wp\/v2\/posts"}],"about":[{"href":"https:\/\/agrupacionespsoe.es\/ponferrada\/wp-json\/wp\/v2\/types\/post"}],"author":[{"embeddable":true,"href":"https:\/\/agrupacionespsoe.es\/ponferrada\/wp-json\/wp\/v2\/users\/32"}],"replies":[{"embeddable":true,"href":"https:\/\/agrupacionespsoe.es\/ponferrada\/wp-json\/wp\/v2\/comments?post=1033"}],"version-history":[{"count":2,"href":"https:\/\/agrupacionespsoe.es\/ponferrada\/wp-json\/wp\/v2\/posts\/1033\/revisions"}],"predecessor-version":[{"id":1039,"href":"https:\/\/agrupacionespsoe.es\/ponferrada\/wp-json\/wp\/v2\/posts\/1033\/revisions\/1039"}],"wp:featuredmedia":[{"embeddable":true,"href":"https:\/\/agrupacionespsoe.es\/ponferrada\/wp-json\/wp\/v2\/media\/1037"}],"wp:attachment":[{"href":"https:\/\/agrupacionespsoe.es\/ponferrada\/wp-json\/wp\/v2\/media?parent=1033"}],"wp:term":[{"taxonomy":"category","embeddable":true,"href":"https:\/\/agrupacionespsoe.es\/ponferrada\/wp-json\/wp\/v2\/categories?post=1033"},{"taxonomy":"post_tag","embeddable":true,"href":"https:\/\/agrupacionespsoe.es\/ponferrada\/wp-json\/wp\/v2\/tags?post=1033"}],"curies":[{"name":"wp","href":"https:\/\/api.w.org\/{rel}","templated":true}]}}