{"id":1023,"date":"2025-07-15T10:23:03","date_gmt":"2025-07-15T10:23:03","guid":{"rendered":"https:\/\/agrupacionespsoe.es\/ponferrada\/?p=1023"},"modified":"2025-07-16T08:47:49","modified_gmt":"2025-07-16T08:47:49","slug":"el-grupo-municipal-socialista-denuncia-la-pasividad-de-marco-morala-en-la-acumulacion-de-escombros-en-el-barrio-de-la-rosaleda","status":"publish","type":"post","link":"https:\/\/agrupacionespsoe.es\/ponferrada\/el-grupo-municipal-socialista-denuncia-la-pasividad-de-marco-morala-en-la-acumulacion-de-escombros-en-el-barrio-de-la-rosaleda\/","title":{"rendered":"El Grupo Municipal Socialista denuncia la pasividad de Marco Morala en \u00a0la acumulaci\u00f3n de escombros en el barrio de la Rosaleda"},"content":{"rendered":"\n<p>Desde el Grupo Municipal Socialista de Ponferrada queremos denunciar el doble rasero y la incoherencia pol\u00edtica que demuestra el actual alcalde, Marco Morala, al comparar sus exigencias cuando estaba en la oposici\u00f3n con su pasividad y silencio ahora que gobierna la ciudad.<\/p>\n\n\n\n<p>La concejala socialista, Silvia Blanco, ha recordado como Marco Morala, cuando era portavoz del Partido Popular en el Ayuntamiento, criticaba duramente al anterior equipo de Gobierno por dejar unos pocos escombros en el entorno del Toralin durante un periodo de una semana, y en aquel momento hablaba de \u201ctropel\u00eda visual\u201d \u201cgraves riesgos para los ciudadanos y atropello medioambiental grav\u00edsimo\u201d y no dud\u00f3 entonces en exigir responsabilidades pol\u00edticas y hasta la dimisi\u00f3n del concejal del \u00e1rea correspondiente.<\/p>\n\n\n\n<p>Sin embargo, hoy, cuando es alcalde, permite sin ning\u00fan reparo que se acumulen toneladas de escombros en una parcela municipal en el barrio de la Rosaleda durante meses, procedentes de las obras de la red de calor, sin licencia de actividad ni autorizaci\u00f3n conocida para la ocupaci\u00f3n de dominio p\u00fablico, generando polvo, ruidos y molestias continuas a los vecinos.<\/p>\n\n\n\n<p>Silvia Blanco se\u00f1ala que desde el Grupo Socialista hemos solicitado informaci\u00f3n tanto por escrito como en comisi\u00f3n sobre esta situaci\u00f3n irregular y sobre la existencia de permisos o licencias para el uso de ese espacio p\u00fablico, sin obtener hasta la fecha ninguna respuesta, mientras los escombros siguen acumul\u00e1ndose, los camiones pesados circulan por encima de las aceras con el riesgo de causar da\u00f1os y el vecindario sufre las consecuencias de la desidia municipal.<\/p>\n\n\n\n<p>Para finalizar ha exigido al alcalde, Marco Morala, que act\u00fae con la misma diligencia que reclamaba cuando estaba en la oposici\u00f3n. No se puede permitir que se utilicen espacios p\u00fablicos como vertederos improvisados sin control, que se produzca un tr\u00e1nsito continuo de veh\u00edculos pesados por zonas no habilitadas, mientras los vecinos soportan molestias y deterioro en su entorno.<\/p>\n\n\n\n<p>La transparencia, la responsabilidad y la buena gesti\u00f3n que Marco Morala tanto exig\u00eda cuando era oposici\u00f3n, brillan ahora por su ausencia. Una vez m\u00e1s, se demuestra la irresponsabilidad con la que hacia oposici\u00f3n y la par\u00e1lisis y dejadez con la que gobierna.<\/p>\n\n\n\n<figure class=\"wp-block-gallery has-nested-images columns-default is-cropped wp-block-gallery-1 is-layout-flex wp-block-gallery-is-layout-flex\">\n<figure class=\"wp-block-image size-large\"><img loading=\"lazy\" decoding=\"async\" width=\"1024\" height=\"473\" data-id=\"1024\" src=\"https:\/\/agrupacionespsoe.es\/ponferrada\/wp-content\/uploads\/sites\/36\/2025\/07\/escombros-rosaleda-3-1024x473.jpeg\" alt=\"\" class=\"wp-image-1024\" srcset=\"https:\/\/agrupacionespsoe.es\/ponferrada\/wp-content\/uploads\/sites\/36\/2025\/07\/escombros-rosaleda-3-1024x473.jpeg 1024w, https:\/\/agrupacionespsoe.es\/ponferrada\/wp-content\/uploads\/sites\/36\/2025\/07\/escombros-rosaleda-3-300x138.jpeg 300w, https:\/\/agrupacionespsoe.es\/ponferrada\/wp-content\/uploads\/sites\/36\/2025\/07\/escombros-rosaleda-3-768x354.jpeg 768w, https:\/\/agrupacionespsoe.es\/ponferrada\/wp-content\/uploads\/sites\/36\/2025\/07\/escombros-rosaleda-3-1536x709.jpeg 1536w, https:\/\/agrupacionespsoe.es\/ponferrada\/wp-content\/uploads\/sites\/36\/2025\/07\/escombros-rosaleda-3.jpeg 1976w\" sizes=\"auto, (max-width: 1024px) 100vw, 1024px\" \/><\/figure>\n\n\n\n<figure class=\"wp-block-image size-large\"><img loading=\"lazy\" decoding=\"async\" width=\"1024\" height=\"473\" data-id=\"1026\" src=\"https:\/\/agrupacionespsoe.es\/ponferrada\/wp-content\/uploads\/sites\/36\/2025\/07\/escombros-rosaleda-2-1024x473.jpeg\" alt=\"\" class=\"wp-image-1026\" srcset=\"https:\/\/agrupacionespsoe.es\/ponferrada\/wp-content\/uploads\/sites\/36\/2025\/07\/escombros-rosaleda-2-1024x473.jpeg 1024w, https:\/\/agrupacionespsoe.es\/ponferrada\/wp-content\/uploads\/sites\/36\/2025\/07\/escombros-rosaleda-2-300x138.jpeg 300w, https:\/\/agrupacionespsoe.es\/ponferrada\/wp-content\/uploads\/sites\/36\/2025\/07\/escombros-rosaleda-2-768x354.jpeg 768w, https:\/\/agrupacionespsoe.es\/ponferrada\/wp-content\/uploads\/sites\/36\/2025\/07\/escombros-rosaleda-2-1536x709.jpeg 1536w, https:\/\/agrupacionespsoe.es\/ponferrada\/wp-content\/uploads\/sites\/36\/2025\/07\/escombros-rosaleda-2.jpeg 1976w\" sizes=\"auto, (max-width: 1024px) 100vw, 1024px\" \/><\/figure>\n\n\n\n<figure class=\"wp-block-image size-large\"><img loading=\"lazy\" decoding=\"async\" width=\"1024\" height=\"473\" data-id=\"1025\" src=\"https:\/\/agrupacionespsoe.es\/ponferrada\/wp-content\/uploads\/sites\/36\/2025\/07\/escombros-rosaleda-1-1024x473.jpeg\" alt=\"\" class=\"wp-image-1025\" srcset=\"https:\/\/agrupacionespsoe.es\/ponferrada\/wp-content\/uploads\/sites\/36\/2025\/07\/escombros-rosaleda-1-1024x473.jpeg 1024w, https:\/\/agrupacionespsoe.es\/ponferrada\/wp-content\/uploads\/sites\/36\/2025\/07\/escombros-rosaleda-1-300x138.jpeg 300w, https:\/\/agrupacionespsoe.es\/ponferrada\/wp-content\/uploads\/sites\/36\/2025\/07\/escombros-rosaleda-1-768x354.jpeg 768w, https:\/\/agrupacionespsoe.es\/ponferrada\/wp-content\/uploads\/sites\/36\/2025\/07\/escombros-rosaleda-1-1536x709.jpeg 1536w, https:\/\/agrupacionespsoe.es\/ponferrada\/wp-content\/uploads\/sites\/36\/2025\/07\/escombros-rosaleda-1.jpeg 1976w\" sizes=\"auto, (max-width: 1024px) 100vw, 1024px\" \/><\/figure>\n<\/figure>\n","protected":false},"excerpt":{"rendered":"<p>Desde el Grupo Municipal Socialista de Ponferrada queremos denunciar el doble rasero y la incoherencia pol\u00edtica que demuestra el actual alcalde, Marco Morala, al comparar sus exigencias cuando estaba en la oposici\u00f3n con su pasividad y silencio ahora que gobierna la ciudad. La concejala socialista, Silvia Blanco, ha recordado como Marco Morala, cuando era portavoz &#8230;<\/p>\n","protected":false},"author":32,"featured_media":1024,"comment_status":"open","ping_status":"open","sticky":false,"template":"","format":"standard","meta":{"_jetpack_memberships_contains_paid_content":false,"footnotes":""},"categories":[6],"tags":[],"class_list":["post-1023","post","type-post","status-publish","format-standard","has-post-thumbnail","hentry","category-actualidad"],"yoast_head":"<!-- This site is optimized with the Yoast SEO plugin v24.0 - https:\/\/yoast.com\/wordpress\/plugins\/seo\/ -->\n<title>El Grupo Municipal Socialista denuncia la pasividad de Marco Morala en \u00a0la acumulaci\u00f3n de escombros en el barrio de la Rosaleda - Agrupaci\u00f3n Socialista de Ponferrada<\/title>\n<meta name=\"robots\" content=\"index, follow, max-snippet:-1, max-image-preview:large, max-video-preview:-1\" \/>\n<link rel=\"canonical\" href=\"https:\/\/agrupacionespsoe.es\/ponferrada\/el-grupo-municipal-socialista-denuncia-la-pasividad-de-marco-morala-en-la-acumulacion-de-escombros-en-el-barrio-de-la-rosaleda\/\" \/>\n<meta property=\"og:locale\" content=\"es_ES\" \/>\n<meta property=\"og:type\" content=\"article\" \/>\n<meta property=\"og:title\" content=\"El Grupo Municipal Socialista denuncia la pasividad de Marco Morala en \u00a0la acumulaci\u00f3n de escombros en el barrio de la Rosaleda - Agrupaci\u00f3n Socialista de Ponferrada\" \/>\n<meta property=\"og:description\" content=\"Desde el Grupo Municipal Socialista de Ponferrada queremos denunciar el doble rasero y la incoherencia pol\u00edtica que demuestra el actual alcalde, Marco Morala, al comparar sus exigencias cuando estaba en la oposici\u00f3n con su pasividad y silencio ahora que gobierna la ciudad. La concejala socialista, Silvia Blanco, ha recordado como Marco Morala, cuando era portavoz ...\" \/>\n<meta property=\"og:url\" content=\"https:\/\/agrupacionespsoe.es\/ponferrada\/el-grupo-municipal-socialista-denuncia-la-pasividad-de-marco-morala-en-la-acumulacion-de-escombros-en-el-barrio-de-la-rosaleda\/\" \/>\n<meta property=\"og:site_name\" content=\"Agrupaci\u00f3n Socialista de Ponferrada\" \/>\n<meta property=\"article:published_time\" content=\"2025-07-15T10:23:03+00:00\" \/>\n<meta property=\"article:modified_time\" content=\"2025-07-16T08:47:49+00:00\" \/>\n<meta property=\"og:image\" content=\"https:\/\/agrupacionespsoe.es\/ponferrada\/wp-content\/uploads\/sites\/36\/2025\/07\/escombros-rosaleda-3.jpeg\" \/>\n\t<meta property=\"og:image:width\" content=\"1976\" \/>\n\t<meta property=\"og:image:height\" content=\"912\" \/>\n\t<meta property=\"og:image:type\" content=\"image\/jpeg\" \/>\n<meta name=\"author\" content=\"ponferrada2\" \/>\n<meta name=\"twitter:card\" content=\"summary_large_image\" \/>\n<meta name=\"twitter:label1\" content=\"Escrito por\" \/>\n\t<meta name=\"twitter:data1\" content=\"ponferrada2\" \/>\n\t<meta name=\"twitter:label2\" content=\"Tiempo de lectura\" \/>\n\t<meta name=\"twitter:data2\" content=\"3 minutos\" \/>\n<script type=\"application\/ld+json\" class=\"yoast-schema-graph\">{\"@context\":\"https:\/\/schema.org\",\"@graph\":[{\"@type\":\"Article\",\"@id\":\"https:\/\/agrupacionespsoe.es\/ponferrada\/el-grupo-municipal-socialista-denuncia-la-pasividad-de-marco-morala-en-la-acumulacion-de-escombros-en-el-barrio-de-la-rosaleda\/#article\",\"isPartOf\":{\"@id\":\"https:\/\/agrupacionespsoe.es\/ponferrada\/el-grupo-municipal-socialista-denuncia-la-pasividad-de-marco-morala-en-la-acumulacion-de-escombros-en-el-barrio-de-la-rosaleda\/\"},\"author\":{\"name\":\"ponferrada2\",\"@id\":\"https:\/\/agrupacionespsoe.es\/ponferrada\/#\/schema\/person\/cd29ee627f3b70c05d415f02596debaa\"},\"headline\":\"El Grupo Municipal Socialista denuncia la pasividad de Marco Morala en \u00a0la acumulaci\u00f3n de escombros en el barrio de la Rosaleda\",\"datePublished\":\"2025-07-15T10:23:03+00:00\",\"dateModified\":\"2025-07-16T08:47:49+00:00\",\"mainEntityOfPage\":{\"@id\":\"https:\/\/agrupacionespsoe.es\/ponferrada\/el-grupo-municipal-socialista-denuncia-la-pasividad-de-marco-morala-en-la-acumulacion-de-escombros-en-el-barrio-de-la-rosaleda\/\"},\"wordCount\":400,\"commentCount\":0,\"publisher\":{\"@id\":\"https:\/\/agrupacionespsoe.es\/ponferrada\/#organization\"},\"image\":{\"@id\":\"https:\/\/agrupacionespsoe.es\/ponferrada\/el-grupo-municipal-socialista-denuncia-la-pasividad-de-marco-morala-en-la-acumulacion-de-escombros-en-el-barrio-de-la-rosaleda\/#primaryimage\"},\"thumbnailUrl\":\"https:\/\/agrupacionespsoe.es\/ponferrada\/wp-content\/uploads\/sites\/36\/2025\/07\/escombros-rosaleda-3.jpeg\",\"articleSection\":[\"ACTUALIDAD\"],\"inLanguage\":\"es\",\"potentialAction\":[{\"@type\":\"CommentAction\",\"name\":\"Comment\",\"target\":[\"https:\/\/agrupacionespsoe.es\/ponferrada\/el-grupo-municipal-socialista-denuncia-la-pasividad-de-marco-morala-en-la-acumulacion-de-escombros-en-el-barrio-de-la-rosaleda\/#respond\"]}]},{\"@type\":\"WebPage\",\"@id\":\"https:\/\/agrupacionespsoe.es\/ponferrada\/el-grupo-municipal-socialista-denuncia-la-pasividad-de-marco-morala-en-la-acumulacion-de-escombros-en-el-barrio-de-la-rosaleda\/\",\"url\":\"https:\/\/agrupacionespsoe.es\/ponferrada\/el-grupo-municipal-socialista-denuncia-la-pasividad-de-marco-morala-en-la-acumulacion-de-escombros-en-el-barrio-de-la-rosaleda\/\",\"name\":\"El Grupo Municipal Socialista denuncia la pasividad de Marco Morala en \u00a0la acumulaci\u00f3n de escombros en el barrio de la Rosaleda - Agrupaci\u00f3n Socialista de Ponferrada\",\"isPartOf\":{\"@id\":\"https:\/\/agrupacionespsoe.es\/ponferrada\/#website\"},\"primaryImageOfPage\":{\"@id\":\"https:\/\/agrupacionespsoe.es\/ponferrada\/el-grupo-municipal-socialista-denuncia-la-pasividad-de-marco-morala-en-la-acumulacion-de-escombros-en-el-barrio-de-la-rosaleda\/#primaryimage\"},\"image\":{\"@id\":\"https:\/\/agrupacionespsoe.es\/ponferrada\/el-grupo-municipal-socialista-denuncia-la-pasividad-de-marco-morala-en-la-acumulacion-de-escombros-en-el-barrio-de-la-rosaleda\/#primaryimage\"},\"thumbnailUrl\":\"https:\/\/agrupacionespsoe.es\/ponferrada\/wp-content\/uploads\/sites\/36\/2025\/07\/escombros-rosaleda-3.jpeg\",\"datePublished\":\"2025-07-15T10:23:03+00:00\",\"dateModified\":\"2025-07-16T08:47:49+00:00\",\"breadcrumb\":{\"@id\":\"https:\/\/agrupacionespsoe.es\/ponferrada\/el-grupo-municipal-socialista-denuncia-la-pasividad-de-marco-morala-en-la-acumulacion-de-escombros-en-el-barrio-de-la-rosaleda\/#breadcrumb\"},\"inLanguage\":\"es\",\"potentialAction\":[{\"@type\":\"ReadAction\",\"target\":[\"https:\/\/agrupacionespsoe.es\/ponferrada\/el-grupo-municipal-socialista-denuncia-la-pasividad-de-marco-morala-en-la-acumulacion-de-escombros-en-el-barrio-de-la-rosaleda\/\"]}]},{\"@type\":\"ImageObject\",\"inLanguage\":\"es\",\"@id\":\"https:\/\/agrupacionespsoe.es\/ponferrada\/el-grupo-municipal-socialista-denuncia-la-pasividad-de-marco-morala-en-la-acumulacion-de-escombros-en-el-barrio-de-la-rosaleda\/#primaryimage\",\"url\":\"https:\/\/agrupacionespsoe.es\/ponferrada\/wp-content\/uploads\/sites\/36\/2025\/07\/escombros-rosaleda-3.jpeg\",\"contentUrl\":\"https:\/\/agrupacionespsoe.es\/ponferrada\/wp-content\/uploads\/sites\/36\/2025\/07\/escombros-rosaleda-3.jpeg\",\"width\":1976,\"height\":912},{\"@type\":\"BreadcrumbList\",\"@id\":\"https:\/\/agrupacionespsoe.es\/ponferrada\/el-grupo-municipal-socialista-denuncia-la-pasividad-de-marco-morala-en-la-acumulacion-de-escombros-en-el-barrio-de-la-rosaleda\/#breadcrumb\",\"itemListElement\":[{\"@type\":\"ListItem\",\"position\":1,\"name\":\"Portada\",\"item\":\"https:\/\/agrupacionespsoe.es\/ponferrada\/\"},{\"@type\":\"ListItem\",\"position\":2,\"name\":\"El Grupo Municipal Socialista denuncia la pasividad de Marco Morala en \u00a0la acumulaci\u00f3n de escombros en el barrio de la Rosaleda\"}]},{\"@type\":\"WebSite\",\"@id\":\"https:\/\/agrupacionespsoe.es\/ponferrada\/#website\",\"url\":\"https:\/\/agrupacionespsoe.es\/ponferrada\/\",\"name\":\"Agrupaci\u00f3n Socialista de Ponferrada\",\"description\":\"Agrupaci\u00f3n Socialista de Ponferrada\",\"publisher\":{\"@id\":\"https:\/\/agrupacionespsoe.es\/ponferrada\/#organization\"},\"potentialAction\":[{\"@type\":\"SearchAction\",\"target\":{\"@type\":\"EntryPoint\",\"urlTemplate\":\"https:\/\/agrupacionespsoe.es\/ponferrada\/?s={search_term_string}\"},\"query-input\":{\"@type\":\"PropertyValueSpecification\",\"valueRequired\":true,\"valueName\":\"search_term_string\"}}],\"inLanguage\":\"es\"},{\"@type\":\"Organization\",\"@id\":\"https:\/\/agrupacionespsoe.es\/ponferrada\/#organization\",\"name\":\"Agrupaci\u00f3n Socialista de Ponferrada\",\"url\":\"https:\/\/agrupacionespsoe.es\/ponferrada\/\",\"logo\":{\"@type\":\"ImageObject\",\"inLanguage\":\"es\",\"@id\":\"https:\/\/agrupacionespsoe.es\/ponferrada\/#\/schema\/logo\/image\/\",\"url\":\"https:\/\/agrupacionespsoe.es\/wp-content\/uploads\/2022\/07\/Logotipo_electoral_del_PSOE.png\",\"contentUrl\":\"https:\/\/agrupacionespsoe.es\/wp-content\/uploads\/2022\/07\/Logotipo_electoral_del_PSOE.png\",\"width\":422,\"height\":422,\"caption\":\"Agrupaci\u00f3n Socialista de Ponferrada\"},\"image\":{\"@id\":\"https:\/\/agrupacionespsoe.es\/ponferrada\/#\/schema\/logo\/image\/\"}},{\"@type\":\"Person\",\"@id\":\"https:\/\/agrupacionespsoe.es\/ponferrada\/#\/schema\/person\/cd29ee627f3b70c05d415f02596debaa\",\"name\":\"ponferrada2\",\"image\":{\"@type\":\"ImageObject\",\"inLanguage\":\"es\",\"@id\":\"https:\/\/agrupacionespsoe.es\/ponferrada\/#\/schema\/person\/image\/\",\"url\":\"https:\/\/secure.gravatar.com\/avatar\/f499eeb60144c664cf7b7edf75549b50?s=96&d=mm&r=g\",\"contentUrl\":\"https:\/\/secure.gravatar.com\/avatar\/f499eeb60144c664cf7b7edf75549b50?s=96&d=mm&r=g\",\"caption\":\"ponferrada2\"},\"url\":\"https:\/\/agrupacionespsoe.es\/ponferrada\/author\/ponferrada2\/\"}]}<\/script>\n<!-- \/ Yoast SEO plugin. -->","yoast_head_json":{"title":"El Grupo Municipal Socialista denuncia la pasividad de Marco Morala en \u00a0la acumulaci\u00f3n de escombros en el barrio de la Rosaleda - Agrupaci\u00f3n Socialista de Ponferrada","robots":{"index":"index","follow":"follow","max-snippet":"max-snippet:-1","max-image-preview":"max-image-preview:large","max-video-preview":"max-video-preview:-1"},"canonical":"https:\/\/agrupacionespsoe.es\/ponferrada\/el-grupo-municipal-socialista-denuncia-la-pasividad-de-marco-morala-en-la-acumulacion-de-escombros-en-el-barrio-de-la-rosaleda\/","og_locale":"es_ES","og_type":"article","og_title":"El Grupo Municipal Socialista denuncia la pasividad de Marco Morala en \u00a0la acumulaci\u00f3n de escombros en el barrio de la Rosaleda - Agrupaci\u00f3n Socialista de Ponferrada","og_description":"Desde el Grupo Municipal Socialista de Ponferrada queremos denunciar el doble rasero y la incoherencia pol\u00edtica que demuestra el actual alcalde, Marco Morala, al comparar sus exigencias cuando estaba en la oposici\u00f3n con su pasividad y silencio ahora que gobierna la ciudad. La concejala socialista, Silvia Blanco, ha recordado como Marco Morala, cuando era portavoz ...","og_url":"https:\/\/agrupacionespsoe.es\/ponferrada\/el-grupo-municipal-socialista-denuncia-la-pasividad-de-marco-morala-en-la-acumulacion-de-escombros-en-el-barrio-de-la-rosaleda\/","og_site_name":"Agrupaci\u00f3n Socialista de Ponferrada","article_published_time":"2025-07-15T10:23:03+00:00","article_modified_time":"2025-07-16T08:47:49+00:00","og_image":[{"width":1976,"height":912,"url":"https:\/\/agrupacionespsoe.es\/ponferrada\/wp-content\/uploads\/sites\/36\/2025\/07\/escombros-rosaleda-3.jpeg","type":"image\/jpeg"}],"author":"ponferrada2","twitter_card":"summary_large_image","twitter_misc":{"Escrito por":"ponferrada2","Tiempo de lectura":"3 minutos"},"schema":{"@context":"https:\/\/schema.org","@graph":[{"@type":"Article","@id":"https:\/\/agrupacionespsoe.es\/ponferrada\/el-grupo-municipal-socialista-denuncia-la-pasividad-de-marco-morala-en-la-acumulacion-de-escombros-en-el-barrio-de-la-rosaleda\/#article","isPartOf":{"@id":"https:\/\/agrupacionespsoe.es\/ponferrada\/el-grupo-municipal-socialista-denuncia-la-pasividad-de-marco-morala-en-la-acumulacion-de-escombros-en-el-barrio-de-la-rosaleda\/"},"author":{"name":"ponferrada2","@id":"https:\/\/agrupacionespsoe.es\/ponferrada\/#\/schema\/person\/cd29ee627f3b70c05d415f02596debaa"},"headline":"El Grupo Municipal Socialista denuncia la pasividad de Marco Morala en \u00a0la acumulaci\u00f3n de escombros en el barrio de la Rosaleda","datePublished":"2025-07-15T10:23:03+00:00","dateModified":"2025-07-16T08:47:49+00:00","mainEntityOfPage":{"@id":"https:\/\/agrupacionespsoe.es\/ponferrada\/el-grupo-municipal-socialista-denuncia-la-pasividad-de-marco-morala-en-la-acumulacion-de-escombros-en-el-barrio-de-la-rosaleda\/"},"wordCount":400,"commentCount":0,"publisher":{"@id":"https:\/\/agrupacionespsoe.es\/ponferrada\/#organization"},"image":{"@id":"https:\/\/agrupacionespsoe.es\/ponferrada\/el-grupo-municipal-socialista-denuncia-la-pasividad-de-marco-morala-en-la-acumulacion-de-escombros-en-el-barrio-de-la-rosaleda\/#primaryimage"},"thumbnailUrl":"https:\/\/agrupacionespsoe.es\/ponferrada\/wp-content\/uploads\/sites\/36\/2025\/07\/escombros-rosaleda-3.jpeg","articleSection":["ACTUALIDAD"],"inLanguage":"es","potentialAction":[{"@type":"CommentAction","name":"Comment","target":["https:\/\/agrupacionespsoe.es\/ponferrada\/el-grupo-municipal-socialista-denuncia-la-pasividad-de-marco-morala-en-la-acumulacion-de-escombros-en-el-barrio-de-la-rosaleda\/#respond"]}]},{"@type":"WebPage","@id":"https:\/\/agrupacionespsoe.es\/ponferrada\/el-grupo-municipal-socialista-denuncia-la-pasividad-de-marco-morala-en-la-acumulacion-de-escombros-en-el-barrio-de-la-rosaleda\/","url":"https:\/\/agrupacionespsoe.es\/ponferrada\/el-grupo-municipal-socialista-denuncia-la-pasividad-de-marco-morala-en-la-acumulacion-de-escombros-en-el-barrio-de-la-rosaleda\/","name":"El Grupo Municipal Socialista denuncia la pasividad de Marco Morala en \u00a0la acumulaci\u00f3n de escombros en el barrio de la Rosaleda - Agrupaci\u00f3n Socialista de Ponferrada","isPartOf":{"@id":"https:\/\/agrupacionespsoe.es\/ponferrada\/#website"},"primaryImageOfPage":{"@id":"https:\/\/agrupacionespsoe.es\/ponferrada\/el-grupo-municipal-socialista-denuncia-la-pasividad-de-marco-morala-en-la-acumulacion-de-escombros-en-el-barrio-de-la-rosaleda\/#primaryimage"},"image":{"@id":"https:\/\/agrupacionespsoe.es\/ponferrada\/el-grupo-municipal-socialista-denuncia-la-pasividad-de-marco-morala-en-la-acumulacion-de-escombros-en-el-barrio-de-la-rosaleda\/#primaryimage"},"thumbnailUrl":"https:\/\/agrupacionespsoe.es\/ponferrada\/wp-content\/uploads\/sites\/36\/2025\/07\/escombros-rosaleda-3.jpeg","datePublished":"2025-07-15T10:23:03+00:00","dateModified":"2025-07-16T08:47:49+00:00","breadcrumb":{"@id":"https:\/\/agrupacionespsoe.es\/ponferrada\/el-grupo-municipal-socialista-denuncia-la-pasividad-de-marco-morala-en-la-acumulacion-de-escombros-en-el-barrio-de-la-rosaleda\/#breadcrumb"},"inLanguage":"es","potentialAction":[{"@type":"ReadAction","target":["https:\/\/agrupacionespsoe.es\/ponferrada\/el-grupo-municipal-socialista-denuncia-la-pasividad-de-marco-morala-en-la-acumulacion-de-escombros-en-el-barrio-de-la-rosaleda\/"]}]},{"@type":"ImageObject","inLanguage":"es","@id":"https:\/\/agrupacionespsoe.es\/ponferrada\/el-grupo-municipal-socialista-denuncia-la-pasividad-de-marco-morala-en-la-acumulacion-de-escombros-en-el-barrio-de-la-rosaleda\/#primaryimage","url":"https:\/\/agrupacionespsoe.es\/ponferrada\/wp-content\/uploads\/sites\/36\/2025\/07\/escombros-rosaleda-3.jpeg","contentUrl":"https:\/\/agrupacionespsoe.es\/ponferrada\/wp-content\/uploads\/sites\/36\/2025\/07\/escombros-rosaleda-3.jpeg","width":1976,"height":912},{"@type":"BreadcrumbList","@id":"https:\/\/agrupacionespsoe.es\/ponferrada\/el-grupo-municipal-socialista-denuncia-la-pasividad-de-marco-morala-en-la-acumulacion-de-escombros-en-el-barrio-de-la-rosaleda\/#breadcrumb","itemListElement":[{"@type":"ListItem","position":1,"name":"Portada","item":"https:\/\/agrupacionespsoe.es\/ponferrada\/"},{"@type":"ListItem","position":2,"name":"El Grupo Municipal Socialista denuncia la pasividad de Marco Morala en \u00a0la acumulaci\u00f3n de escombros en el barrio de la Rosaleda"}]},{"@type":"WebSite","@id":"https:\/\/agrupacionespsoe.es\/ponferrada\/#website","url":"https:\/\/agrupacionespsoe.es\/ponferrada\/","name":"Agrupaci\u00f3n Socialista de Ponferrada","description":"Agrupaci\u00f3n Socialista de Ponferrada","publisher":{"@id":"https:\/\/agrupacionespsoe.es\/ponferrada\/#organization"},"potentialAction":[{"@type":"SearchAction","target":{"@type":"EntryPoint","urlTemplate":"https:\/\/agrupacionespsoe.es\/ponferrada\/?s={search_term_string}"},"query-input":{"@type":"PropertyValueSpecification","valueRequired":true,"valueName":"search_term_string"}}],"inLanguage":"es"},{"@type":"Organization","@id":"https:\/\/agrupacionespsoe.es\/ponferrada\/#organization","name":"Agrupaci\u00f3n Socialista de Ponferrada","url":"https:\/\/agrupacionespsoe.es\/ponferrada\/","logo":{"@type":"ImageObject","inLanguage":"es","@id":"https:\/\/agrupacionespsoe.es\/ponferrada\/#\/schema\/logo\/image\/","url":"https:\/\/agrupacionespsoe.es\/wp-content\/uploads\/2022\/07\/Logotipo_electoral_del_PSOE.png","contentUrl":"https:\/\/agrupacionespsoe.es\/wp-content\/uploads\/2022\/07\/Logotipo_electoral_del_PSOE.png","width":422,"height":422,"caption":"Agrupaci\u00f3n Socialista de Ponferrada"},"image":{"@id":"https:\/\/agrupacionespsoe.es\/ponferrada\/#\/schema\/logo\/image\/"}},{"@type":"Person","@id":"https:\/\/agrupacionespsoe.es\/ponferrada\/#\/schema\/person\/cd29ee627f3b70c05d415f02596debaa","name":"ponferrada2","image":{"@type":"ImageObject","inLanguage":"es","@id":"https:\/\/agrupacionespsoe.es\/ponferrada\/#\/schema\/person\/image\/","url":"https:\/\/secure.gravatar.com\/avatar\/f499eeb60144c664cf7b7edf75549b50?s=96&d=mm&r=g","contentUrl":"https:\/\/secure.gravatar.com\/avatar\/f499eeb60144c664cf7b7edf75549b50?s=96&d=mm&r=g","caption":"ponferrada2"},"url":"https:\/\/agrupacionespsoe.es\/ponferrada\/author\/ponferrada2\/"}]}},"jetpack_featured_media_url":"https:\/\/agrupacionespsoe.es\/ponferrada\/wp-content\/uploads\/sites\/36\/2025\/07\/escombros-rosaleda-3.jpeg","jetpack_sharing_enabled":true,"_links":{"self":[{"href":"https:\/\/agrupacionespsoe.es\/ponferrada\/wp-json\/wp\/v2\/posts\/1023","targetHints":{"allow":["GET"]}}],"collection":[{"href":"https:\/\/agrupacionespsoe.es\/ponferrada\/wp-json\/wp\/v2\/posts"}],"about":[{"href":"https:\/\/agrupacionespsoe.es\/ponferrada\/wp-json\/wp\/v2\/types\/post"}],"author":[{"embeddable":true,"href":"https:\/\/agrupacionespsoe.es\/ponferrada\/wp-json\/wp\/v2\/users\/32"}],"replies":[{"embeddable":true,"href":"https:\/\/agrupacionespsoe.es\/ponferrada\/wp-json\/wp\/v2\/comments?post=1023"}],"version-history":[{"count":2,"href":"https:\/\/agrupacionespsoe.es\/ponferrada\/wp-json\/wp\/v2\/posts\/1023\/revisions"}],"predecessor-version":[{"id":1028,"href":"https:\/\/agrupacionespsoe.es\/ponferrada\/wp-json\/wp\/v2\/posts\/1023\/revisions\/1028"}],"wp:featuredmedia":[{"embeddable":true,"href":"https:\/\/agrupacionespsoe.es\/ponferrada\/wp-json\/wp\/v2\/media\/1024"}],"wp:attachment":[{"href":"https:\/\/agrupacionespsoe.es\/ponferrada\/wp-json\/wp\/v2\/media?parent=1023"}],"wp:term":[{"taxonomy":"category","embeddable":true,"href":"https:\/\/agrupacionespsoe.es\/ponferrada\/wp-json\/wp\/v2\/categories?post=1023"},{"taxonomy":"post_tag","embeddable":true,"href":"https:\/\/agrupacionespsoe.es\/ponferrada\/wp-json\/wp\/v2\/tags?post=1023"}],"curies":[{"name":"wp","href":"https:\/\/api.w.org\/{rel}","templated":true}]}}