{"id":1011,"date":"2025-07-13T14:13:44","date_gmt":"2025-07-13T14:13:44","guid":{"rendered":"https:\/\/agrupacionespsoe.es\/ponferrada\/?p=1011"},"modified":"2025-07-13T15:21:43","modified_gmt":"2025-07-13T15:21:43","slug":"el-psoe-de-ponferrada-condena-las-pintadas-xenofobas-aparecidas-en-el-paseo-del-rio-y-exige-su-retirada-inmediata","status":"publish","type":"post","link":"https:\/\/agrupacionespsoe.es\/ponferrada\/el-psoe-de-ponferrada-condena-las-pintadas-xenofobas-aparecidas-en-el-paseo-del-rio-y-exige-su-retirada-inmediata\/","title":{"rendered":"El PSOE de Ponferrada condena las pintadas xen\u00f3fobas aparecidas en el paseo del r\u00edo y exige su retirada inmediata"},"content":{"rendered":"\n<p>El secretario de Migraciones de la Comisi\u00f3n Ejecutiva Municipal del PSOE de Ponferrada, Jancel Ferreras, quiere manifestar su m\u00e1s firme condena ante las pintadas xen\u00f3fobas y racistas aparecidas en el puente del Paseo del R\u00edo en Ponferrada, en las que se pueden leer mensajes como \u201cEspa\u00f1a para los espa\u00f1oles\u201d, \u201cFuera extranjeros\u201d, \u201cViva Espa\u00f1a\u201d, \u201cIslam = mierda\u201d, \u201cFuera paguitas\u201d o \u201cFuera de Espa\u00f1a panchitos, moros y negros\u201d.<\/p>\n\n\n\n<p>\u201cEstas pintadas son absolutamente repugnantes y reflejan el odio y la intolerancia que algunos quieren sembrar en nuestra sociedad. No representan ni a Ponferrada ni al Bierzo, territorios que siempre se han caracterizado por ser acogedores y respetuosos con la diversidad\u201d, ha se\u00f1alado Jansel Ferreras.<\/p>\n\n\n\n<figure class=\"wp-block-gallery has-nested-images columns-default is-cropped wp-block-gallery-1 is-layout-flex wp-block-gallery-is-layout-flex\">\n<figure class=\"wp-block-image size-full\"><img loading=\"lazy\" decoding=\"async\" width=\"461\" height=\"615\" data-id=\"1016\" src=\"https:\/\/agrupacionespsoe.es\/ponferrada\/wp-content\/uploads\/sites\/36\/2025\/07\/image.png\" alt=\"\" class=\"wp-image-1016\" srcset=\"https:\/\/agrupacionespsoe.es\/ponferrada\/wp-content\/uploads\/sites\/36\/2025\/07\/image.png 461w, https:\/\/agrupacionespsoe.es\/ponferrada\/wp-content\/uploads\/sites\/36\/2025\/07\/image-225x300.png 225w\" sizes=\"auto, (max-width: 461px) 100vw, 461px\" \/><\/figure>\n\n\n\n<figure class=\"wp-block-image size-full\"><img loading=\"lazy\" decoding=\"async\" width=\"1600\" height=\"1200\" data-id=\"1018\" src=\"https:\/\/agrupacionespsoe.es\/ponferrada\/wp-content\/uploads\/sites\/36\/2025\/07\/WhatsApp-Image-2025-07-13-at-16.55.02.jpeg\" alt=\"\" class=\"wp-image-1018\" srcset=\"https:\/\/agrupacionespsoe.es\/ponferrada\/wp-content\/uploads\/sites\/36\/2025\/07\/WhatsApp-Image-2025-07-13-at-16.55.02.jpeg 1600w, https:\/\/agrupacionespsoe.es\/ponferrada\/wp-content\/uploads\/sites\/36\/2025\/07\/WhatsApp-Image-2025-07-13-at-16.55.02-300x225.jpeg 300w, https:\/\/agrupacionespsoe.es\/ponferrada\/wp-content\/uploads\/sites\/36\/2025\/07\/WhatsApp-Image-2025-07-13-at-16.55.02-1024x768.jpeg 1024w, https:\/\/agrupacionespsoe.es\/ponferrada\/wp-content\/uploads\/sites\/36\/2025\/07\/WhatsApp-Image-2025-07-13-at-16.55.02-768x576.jpeg 768w, https:\/\/agrupacionespsoe.es\/ponferrada\/wp-content\/uploads\/sites\/36\/2025\/07\/WhatsApp-Image-2025-07-13-at-16.55.02-1536x1152.jpeg 1536w\" sizes=\"auto, (max-width: 1600px) 100vw, 1600px\" \/><\/figure>\n<\/figure>\n\n\n\n<p>Desde el PSOE de Ponferrada se alerta sobre c\u00f3mo la polarizaci\u00f3n pol\u00edtica y los discursos de odio que ciertos partidos de extrema derecha, como Vox, est\u00e1n lanzando cada d\u00eda, est\u00e1n generando un clima de crispaci\u00f3n social que alienta este tipo de actos. \u201cNo podemos normalizar mensajes que criminalizan a personas por su origen, su color de piel o su religi\u00f3n. Estamos viendo c\u00f3mo las propuestas pol\u00edticas de odio tienen consecuencias reales en nuestras calles y alimentan la intolerancia\u201d, ha a\u00f1adido Jancel, quien ha criticado tambi\u00e9n las medidas anunciadas esta semana por Vox en materia de inmigraci\u00f3n, que \u201csolo buscan enfrentar a la poblaci\u00f3n y estigmatizar a colectivos vulnerables\u201d.<\/p>\n\n\n\n<p>El PSOE exige al Ayuntamiento de Ponferrada la retirada inmediata de estas pintadas y anuncia que el Grupo Municipal Socialista solicitar\u00e1 formalmente que se tapen esas pinturas a la mayor brevedad posible y que se adopte una declaraci\u00f3n institucional de condena contra este tipo de actos intolerantes. \u201cQueremos dejar claro que Ponferrada es y seguir\u00e1 siendo una ciudad abierta, inclusiva y solidaria, donde no caben ni el racismo ni la xenofobia. Actitudes como estas sobran en Ponferrada y en toda la comarca del Bierzo\u201d, ha concluido Jancel Ferreras.<\/p>\n\n\n\n<figure class=\"wp-block-image size-large\"><img loading=\"lazy\" decoding=\"async\" width=\"683\" height=\"512\" src=\"https:\/\/agrupacionespsoe.es\/ponferrada\/wp-content\/uploads\/sites\/36\/2025\/07\/WhatsApp-Image-2025-06-23-at-10.53.26-edited-1.jpeg\" alt=\"\" class=\"wp-image-1013\" srcset=\"https:\/\/agrupacionespsoe.es\/ponferrada\/wp-content\/uploads\/sites\/36\/2025\/07\/WhatsApp-Image-2025-06-23-at-10.53.26-edited-1.jpeg 683w, https:\/\/agrupacionespsoe.es\/ponferrada\/wp-content\/uploads\/sites\/36\/2025\/07\/WhatsApp-Image-2025-06-23-at-10.53.26-edited-1-300x225.jpeg 300w\" sizes=\"auto, (max-width: 683px) 100vw, 683px\" \/><\/figure>\n","protected":false},"excerpt":{"rendered":"<p>El secretario de Migraciones de la Comisi\u00f3n Ejecutiva Municipal del PSOE de Ponferrada, Jancel Ferreras, quiere manifestar su m\u00e1s firme condena ante las pintadas xen\u00f3fobas y racistas aparecidas en el puente del Paseo del R\u00edo en Ponferrada, en las que se pueden leer mensajes como \u201cEspa\u00f1a para los espa\u00f1oles\u201d, \u201cFuera extranjeros\u201d, \u201cViva Espa\u00f1a\u201d, \u201cIslam = &#8230;<\/p>\n","protected":false},"author":32,"featured_media":959,"comment_status":"open","ping_status":"open","sticky":false,"template":"","format":"standard","meta":{"_jetpack_memberships_contains_paid_content":false,"footnotes":""},"categories":[6],"tags":[],"class_list":["post-1011","post","type-post","status-publish","format-standard","has-post-thumbnail","hentry","category-actualidad"],"yoast_head":"<!-- This site is optimized with the Yoast SEO plugin v24.0 - https:\/\/yoast.com\/wordpress\/plugins\/seo\/ -->\n<title>El PSOE de Ponferrada condena las pintadas xen\u00f3fobas aparecidas en el paseo del r\u00edo y exige su retirada inmediata - Agrupaci\u00f3n Socialista de Ponferrada<\/title>\n<meta name=\"robots\" content=\"index, follow, max-snippet:-1, max-image-preview:large, max-video-preview:-1\" \/>\n<link rel=\"canonical\" href=\"https:\/\/agrupacionespsoe.es\/ponferrada\/el-psoe-de-ponferrada-condena-las-pintadas-xenofobas-aparecidas-en-el-paseo-del-rio-y-exige-su-retirada-inmediata\/\" \/>\n<meta property=\"og:locale\" content=\"es_ES\" \/>\n<meta property=\"og:type\" content=\"article\" \/>\n<meta property=\"og:title\" content=\"El PSOE de Ponferrada condena las pintadas xen\u00f3fobas aparecidas en el paseo del r\u00edo y exige su retirada inmediata - Agrupaci\u00f3n Socialista de Ponferrada\" \/>\n<meta property=\"og:description\" content=\"El secretario de Migraciones de la Comisi\u00f3n Ejecutiva Municipal del PSOE de Ponferrada, Jancel Ferreras, quiere manifestar su m\u00e1s firme condena ante las pintadas xen\u00f3fobas y racistas aparecidas en el puente del Paseo del R\u00edo en Ponferrada, en las que se pueden leer mensajes como \u201cEspa\u00f1a para los espa\u00f1oles\u201d, \u201cFuera extranjeros\u201d, \u201cViva Espa\u00f1a\u201d, \u201cIslam = ...\" \/>\n<meta property=\"og:url\" content=\"https:\/\/agrupacionespsoe.es\/ponferrada\/el-psoe-de-ponferrada-condena-las-pintadas-xenofobas-aparecidas-en-el-paseo-del-rio-y-exige-su-retirada-inmediata\/\" \/>\n<meta property=\"og:site_name\" content=\"Agrupaci\u00f3n Socialista de Ponferrada\" \/>\n<meta property=\"article:published_time\" content=\"2025-07-13T14:13:44+00:00\" \/>\n<meta property=\"article:modified_time\" content=\"2025-07-13T15:21:43+00:00\" \/>\n<meta property=\"og:image\" content=\"https:\/\/agrupacionespsoe.es\/ponferrada\/wp-content\/uploads\/sites\/36\/2025\/06\/WhatsApp-Image-2025-06-23-at-10.53.26.jpeg\" \/>\n\t<meta property=\"og:image:width\" content=\"2048\" \/>\n\t<meta property=\"og:image:height\" content=\"1536\" \/>\n\t<meta property=\"og:image:type\" content=\"image\/jpeg\" \/>\n<meta name=\"author\" content=\"ponferrada2\" \/>\n<meta name=\"twitter:card\" content=\"summary_large_image\" \/>\n<meta name=\"twitter:label1\" content=\"Escrito por\" \/>\n\t<meta name=\"twitter:data1\" content=\"ponferrada2\" \/>\n\t<meta name=\"twitter:label2\" content=\"Tiempo de lectura\" \/>\n\t<meta name=\"twitter:data2\" content=\"3 minutos\" \/>\n<script type=\"application\/ld+json\" class=\"yoast-schema-graph\">{\"@context\":\"https:\/\/schema.org\",\"@graph\":[{\"@type\":\"Article\",\"@id\":\"https:\/\/agrupacionespsoe.es\/ponferrada\/el-psoe-de-ponferrada-condena-las-pintadas-xenofobas-aparecidas-en-el-paseo-del-rio-y-exige-su-retirada-inmediata\/#article\",\"isPartOf\":{\"@id\":\"https:\/\/agrupacionespsoe.es\/ponferrada\/el-psoe-de-ponferrada-condena-las-pintadas-xenofobas-aparecidas-en-el-paseo-del-rio-y-exige-su-retirada-inmediata\/\"},\"author\":{\"name\":\"ponferrada2\",\"@id\":\"https:\/\/agrupacionespsoe.es\/ponferrada\/#\/schema\/person\/cd29ee627f3b70c05d415f02596debaa\"},\"headline\":\"El PSOE de Ponferrada condena las pintadas xen\u00f3fobas aparecidas en el paseo del r\u00edo y exige su retirada inmediata\",\"datePublished\":\"2025-07-13T14:13:44+00:00\",\"dateModified\":\"2025-07-13T15:21:43+00:00\",\"mainEntityOfPage\":{\"@id\":\"https:\/\/agrupacionespsoe.es\/ponferrada\/el-psoe-de-ponferrada-condena-las-pintadas-xenofobas-aparecidas-en-el-paseo-del-rio-y-exige-su-retirada-inmediata\/\"},\"wordCount\":351,\"commentCount\":0,\"publisher\":{\"@id\":\"https:\/\/agrupacionespsoe.es\/ponferrada\/#organization\"},\"image\":{\"@id\":\"https:\/\/agrupacionespsoe.es\/ponferrada\/el-psoe-de-ponferrada-condena-las-pintadas-xenofobas-aparecidas-en-el-paseo-del-rio-y-exige-su-retirada-inmediata\/#primaryimage\"},\"thumbnailUrl\":\"https:\/\/agrupacionespsoe.es\/ponferrada\/wp-content\/uploads\/sites\/36\/2025\/06\/WhatsApp-Image-2025-06-23-at-10.53.26.jpeg\",\"articleSection\":[\"ACTUALIDAD\"],\"inLanguage\":\"es\",\"potentialAction\":[{\"@type\":\"CommentAction\",\"name\":\"Comment\",\"target\":[\"https:\/\/agrupacionespsoe.es\/ponferrada\/el-psoe-de-ponferrada-condena-las-pintadas-xenofobas-aparecidas-en-el-paseo-del-rio-y-exige-su-retirada-inmediata\/#respond\"]}]},{\"@type\":\"WebPage\",\"@id\":\"https:\/\/agrupacionespsoe.es\/ponferrada\/el-psoe-de-ponferrada-condena-las-pintadas-xenofobas-aparecidas-en-el-paseo-del-rio-y-exige-su-retirada-inmediata\/\",\"url\":\"https:\/\/agrupacionespsoe.es\/ponferrada\/el-psoe-de-ponferrada-condena-las-pintadas-xenofobas-aparecidas-en-el-paseo-del-rio-y-exige-su-retirada-inmediata\/\",\"name\":\"El PSOE de Ponferrada condena las pintadas xen\u00f3fobas aparecidas en el paseo del r\u00edo y exige su retirada inmediata - Agrupaci\u00f3n Socialista de Ponferrada\",\"isPartOf\":{\"@id\":\"https:\/\/agrupacionespsoe.es\/ponferrada\/#website\"},\"primaryImageOfPage\":{\"@id\":\"https:\/\/agrupacionespsoe.es\/ponferrada\/el-psoe-de-ponferrada-condena-las-pintadas-xenofobas-aparecidas-en-el-paseo-del-rio-y-exige-su-retirada-inmediata\/#primaryimage\"},\"image\":{\"@id\":\"https:\/\/agrupacionespsoe.es\/ponferrada\/el-psoe-de-ponferrada-condena-las-pintadas-xenofobas-aparecidas-en-el-paseo-del-rio-y-exige-su-retirada-inmediata\/#primaryimage\"},\"thumbnailUrl\":\"https:\/\/agrupacionespsoe.es\/ponferrada\/wp-content\/uploads\/sites\/36\/2025\/06\/WhatsApp-Image-2025-06-23-at-10.53.26.jpeg\",\"datePublished\":\"2025-07-13T14:13:44+00:00\",\"dateModified\":\"2025-07-13T15:21:43+00:00\",\"breadcrumb\":{\"@id\":\"https:\/\/agrupacionespsoe.es\/ponferrada\/el-psoe-de-ponferrada-condena-las-pintadas-xenofobas-aparecidas-en-el-paseo-del-rio-y-exige-su-retirada-inmediata\/#breadcrumb\"},\"inLanguage\":\"es\",\"potentialAction\":[{\"@type\":\"ReadAction\",\"target\":[\"https:\/\/agrupacionespsoe.es\/ponferrada\/el-psoe-de-ponferrada-condena-las-pintadas-xenofobas-aparecidas-en-el-paseo-del-rio-y-exige-su-retirada-inmediata\/\"]}]},{\"@type\":\"ImageObject\",\"inLanguage\":\"es\",\"@id\":\"https:\/\/agrupacionespsoe.es\/ponferrada\/el-psoe-de-ponferrada-condena-las-pintadas-xenofobas-aparecidas-en-el-paseo-del-rio-y-exige-su-retirada-inmediata\/#primaryimage\",\"url\":\"https:\/\/agrupacionespsoe.es\/ponferrada\/wp-content\/uploads\/sites\/36\/2025\/06\/WhatsApp-Image-2025-06-23-at-10.53.26.jpeg\",\"contentUrl\":\"https:\/\/agrupacionespsoe.es\/ponferrada\/wp-content\/uploads\/sites\/36\/2025\/06\/WhatsApp-Image-2025-06-23-at-10.53.26.jpeg\",\"width\":2048,\"height\":1536},{\"@type\":\"BreadcrumbList\",\"@id\":\"https:\/\/agrupacionespsoe.es\/ponferrada\/el-psoe-de-ponferrada-condena-las-pintadas-xenofobas-aparecidas-en-el-paseo-del-rio-y-exige-su-retirada-inmediata\/#breadcrumb\",\"itemListElement\":[{\"@type\":\"ListItem\",\"position\":1,\"name\":\"Portada\",\"item\":\"https:\/\/agrupacionespsoe.es\/ponferrada\/\"},{\"@type\":\"ListItem\",\"position\":2,\"name\":\"El PSOE de Ponferrada condena las pintadas xen\u00f3fobas aparecidas en el paseo del r\u00edo y exige su retirada inmediata\"}]},{\"@type\":\"WebSite\",\"@id\":\"https:\/\/agrupacionespsoe.es\/ponferrada\/#website\",\"url\":\"https:\/\/agrupacionespsoe.es\/ponferrada\/\",\"name\":\"Agrupaci\u00f3n Socialista de Ponferrada\",\"description\":\"Agrupaci\u00f3n Socialista de Ponferrada\",\"publisher\":{\"@id\":\"https:\/\/agrupacionespsoe.es\/ponferrada\/#organization\"},\"potentialAction\":[{\"@type\":\"SearchAction\",\"target\":{\"@type\":\"EntryPoint\",\"urlTemplate\":\"https:\/\/agrupacionespsoe.es\/ponferrada\/?s={search_term_string}\"},\"query-input\":{\"@type\":\"PropertyValueSpecification\",\"valueRequired\":true,\"valueName\":\"search_term_string\"}}],\"inLanguage\":\"es\"},{\"@type\":\"Organization\",\"@id\":\"https:\/\/agrupacionespsoe.es\/ponferrada\/#organization\",\"name\":\"Agrupaci\u00f3n Socialista de Ponferrada\",\"url\":\"https:\/\/agrupacionespsoe.es\/ponferrada\/\",\"logo\":{\"@type\":\"ImageObject\",\"inLanguage\":\"es\",\"@id\":\"https:\/\/agrupacionespsoe.es\/ponferrada\/#\/schema\/logo\/image\/\",\"url\":\"https:\/\/agrupacionespsoe.es\/wp-content\/uploads\/2022\/07\/Logotipo_electoral_del_PSOE.png\",\"contentUrl\":\"https:\/\/agrupacionespsoe.es\/wp-content\/uploads\/2022\/07\/Logotipo_electoral_del_PSOE.png\",\"width\":422,\"height\":422,\"caption\":\"Agrupaci\u00f3n Socialista de Ponferrada\"},\"image\":{\"@id\":\"https:\/\/agrupacionespsoe.es\/ponferrada\/#\/schema\/logo\/image\/\"}},{\"@type\":\"Person\",\"@id\":\"https:\/\/agrupacionespsoe.es\/ponferrada\/#\/schema\/person\/cd29ee627f3b70c05d415f02596debaa\",\"name\":\"ponferrada2\",\"image\":{\"@type\":\"ImageObject\",\"inLanguage\":\"es\",\"@id\":\"https:\/\/agrupacionespsoe.es\/ponferrada\/#\/schema\/person\/image\/\",\"url\":\"https:\/\/secure.gravatar.com\/avatar\/f499eeb60144c664cf7b7edf75549b50?s=96&d=mm&r=g\",\"contentUrl\":\"https:\/\/secure.gravatar.com\/avatar\/f499eeb60144c664cf7b7edf75549b50?s=96&d=mm&r=g\",\"caption\":\"ponferrada2\"},\"url\":\"https:\/\/agrupacionespsoe.es\/ponferrada\/author\/ponferrada2\/\"}]}<\/script>\n<!-- \/ Yoast SEO plugin. -->","yoast_head_json":{"title":"El PSOE de Ponferrada condena las pintadas xen\u00f3fobas aparecidas en el paseo del r\u00edo y exige su retirada inmediata - Agrupaci\u00f3n Socialista de Ponferrada","robots":{"index":"index","follow":"follow","max-snippet":"max-snippet:-1","max-image-preview":"max-image-preview:large","max-video-preview":"max-video-preview:-1"},"canonical":"https:\/\/agrupacionespsoe.es\/ponferrada\/el-psoe-de-ponferrada-condena-las-pintadas-xenofobas-aparecidas-en-el-paseo-del-rio-y-exige-su-retirada-inmediata\/","og_locale":"es_ES","og_type":"article","og_title":"El PSOE de Ponferrada condena las pintadas xen\u00f3fobas aparecidas en el paseo del r\u00edo y exige su retirada inmediata - Agrupaci\u00f3n Socialista de Ponferrada","og_description":"El secretario de Migraciones de la Comisi\u00f3n Ejecutiva Municipal del PSOE de Ponferrada, Jancel Ferreras, quiere manifestar su m\u00e1s firme condena ante las pintadas xen\u00f3fobas y racistas aparecidas en el puente del Paseo del R\u00edo en Ponferrada, en las que se pueden leer mensajes como \u201cEspa\u00f1a para los espa\u00f1oles\u201d, \u201cFuera extranjeros\u201d, \u201cViva Espa\u00f1a\u201d, \u201cIslam = ...","og_url":"https:\/\/agrupacionespsoe.es\/ponferrada\/el-psoe-de-ponferrada-condena-las-pintadas-xenofobas-aparecidas-en-el-paseo-del-rio-y-exige-su-retirada-inmediata\/","og_site_name":"Agrupaci\u00f3n Socialista de Ponferrada","article_published_time":"2025-07-13T14:13:44+00:00","article_modified_time":"2025-07-13T15:21:43+00:00","og_image":[{"width":2048,"height":1536,"url":"https:\/\/agrupacionespsoe.es\/ponferrada\/wp-content\/uploads\/sites\/36\/2025\/06\/WhatsApp-Image-2025-06-23-at-10.53.26.jpeg","type":"image\/jpeg"}],"author":"ponferrada2","twitter_card":"summary_large_image","twitter_misc":{"Escrito por":"ponferrada2","Tiempo de lectura":"3 minutos"},"schema":{"@context":"https:\/\/schema.org","@graph":[{"@type":"Article","@id":"https:\/\/agrupacionespsoe.es\/ponferrada\/el-psoe-de-ponferrada-condena-las-pintadas-xenofobas-aparecidas-en-el-paseo-del-rio-y-exige-su-retirada-inmediata\/#article","isPartOf":{"@id":"https:\/\/agrupacionespsoe.es\/ponferrada\/el-psoe-de-ponferrada-condena-las-pintadas-xenofobas-aparecidas-en-el-paseo-del-rio-y-exige-su-retirada-inmediata\/"},"author":{"name":"ponferrada2","@id":"https:\/\/agrupacionespsoe.es\/ponferrada\/#\/schema\/person\/cd29ee627f3b70c05d415f02596debaa"},"headline":"El PSOE de Ponferrada condena las pintadas xen\u00f3fobas aparecidas en el paseo del r\u00edo y exige su retirada inmediata","datePublished":"2025-07-13T14:13:44+00:00","dateModified":"2025-07-13T15:21:43+00:00","mainEntityOfPage":{"@id":"https:\/\/agrupacionespsoe.es\/ponferrada\/el-psoe-de-ponferrada-condena-las-pintadas-xenofobas-aparecidas-en-el-paseo-del-rio-y-exige-su-retirada-inmediata\/"},"wordCount":351,"commentCount":0,"publisher":{"@id":"https:\/\/agrupacionespsoe.es\/ponferrada\/#organization"},"image":{"@id":"https:\/\/agrupacionespsoe.es\/ponferrada\/el-psoe-de-ponferrada-condena-las-pintadas-xenofobas-aparecidas-en-el-paseo-del-rio-y-exige-su-retirada-inmediata\/#primaryimage"},"thumbnailUrl":"https:\/\/agrupacionespsoe.es\/ponferrada\/wp-content\/uploads\/sites\/36\/2025\/06\/WhatsApp-Image-2025-06-23-at-10.53.26.jpeg","articleSection":["ACTUALIDAD"],"inLanguage":"es","potentialAction":[{"@type":"CommentAction","name":"Comment","target":["https:\/\/agrupacionespsoe.es\/ponferrada\/el-psoe-de-ponferrada-condena-las-pintadas-xenofobas-aparecidas-en-el-paseo-del-rio-y-exige-su-retirada-inmediata\/#respond"]}]},{"@type":"WebPage","@id":"https:\/\/agrupacionespsoe.es\/ponferrada\/el-psoe-de-ponferrada-condena-las-pintadas-xenofobas-aparecidas-en-el-paseo-del-rio-y-exige-su-retirada-inmediata\/","url":"https:\/\/agrupacionespsoe.es\/ponferrada\/el-psoe-de-ponferrada-condena-las-pintadas-xenofobas-aparecidas-en-el-paseo-del-rio-y-exige-su-retirada-inmediata\/","name":"El PSOE de Ponferrada condena las pintadas xen\u00f3fobas aparecidas en el paseo del r\u00edo y exige su retirada inmediata - Agrupaci\u00f3n Socialista de Ponferrada","isPartOf":{"@id":"https:\/\/agrupacionespsoe.es\/ponferrada\/#website"},"primaryImageOfPage":{"@id":"https:\/\/agrupacionespsoe.es\/ponferrada\/el-psoe-de-ponferrada-condena-las-pintadas-xenofobas-aparecidas-en-el-paseo-del-rio-y-exige-su-retirada-inmediata\/#primaryimage"},"image":{"@id":"https:\/\/agrupacionespsoe.es\/ponferrada\/el-psoe-de-ponferrada-condena-las-pintadas-xenofobas-aparecidas-en-el-paseo-del-rio-y-exige-su-retirada-inmediata\/#primaryimage"},"thumbnailUrl":"https:\/\/agrupacionespsoe.es\/ponferrada\/wp-content\/uploads\/sites\/36\/2025\/06\/WhatsApp-Image-2025-06-23-at-10.53.26.jpeg","datePublished":"2025-07-13T14:13:44+00:00","dateModified":"2025-07-13T15:21:43+00:00","breadcrumb":{"@id":"https:\/\/agrupacionespsoe.es\/ponferrada\/el-psoe-de-ponferrada-condena-las-pintadas-xenofobas-aparecidas-en-el-paseo-del-rio-y-exige-su-retirada-inmediata\/#breadcrumb"},"inLanguage":"es","potentialAction":[{"@type":"ReadAction","target":["https:\/\/agrupacionespsoe.es\/ponferrada\/el-psoe-de-ponferrada-condena-las-pintadas-xenofobas-aparecidas-en-el-paseo-del-rio-y-exige-su-retirada-inmediata\/"]}]},{"@type":"ImageObject","inLanguage":"es","@id":"https:\/\/agrupacionespsoe.es\/ponferrada\/el-psoe-de-ponferrada-condena-las-pintadas-xenofobas-aparecidas-en-el-paseo-del-rio-y-exige-su-retirada-inmediata\/#primaryimage","url":"https:\/\/agrupacionespsoe.es\/ponferrada\/wp-content\/uploads\/sites\/36\/2025\/06\/WhatsApp-Image-2025-06-23-at-10.53.26.jpeg","contentUrl":"https:\/\/agrupacionespsoe.es\/ponferrada\/wp-content\/uploads\/sites\/36\/2025\/06\/WhatsApp-Image-2025-06-23-at-10.53.26.jpeg","width":2048,"height":1536},{"@type":"BreadcrumbList","@id":"https:\/\/agrupacionespsoe.es\/ponferrada\/el-psoe-de-ponferrada-condena-las-pintadas-xenofobas-aparecidas-en-el-paseo-del-rio-y-exige-su-retirada-inmediata\/#breadcrumb","itemListElement":[{"@type":"ListItem","position":1,"name":"Portada","item":"https:\/\/agrupacionespsoe.es\/ponferrada\/"},{"@type":"ListItem","position":2,"name":"El PSOE de Ponferrada condena las pintadas xen\u00f3fobas aparecidas en el paseo del r\u00edo y exige su retirada inmediata"}]},{"@type":"WebSite","@id":"https:\/\/agrupacionespsoe.es\/ponferrada\/#website","url":"https:\/\/agrupacionespsoe.es\/ponferrada\/","name":"Agrupaci\u00f3n Socialista de Ponferrada","description":"Agrupaci\u00f3n Socialista de Ponferrada","publisher":{"@id":"https:\/\/agrupacionespsoe.es\/ponferrada\/#organization"},"potentialAction":[{"@type":"SearchAction","target":{"@type":"EntryPoint","urlTemplate":"https:\/\/agrupacionespsoe.es\/ponferrada\/?s={search_term_string}"},"query-input":{"@type":"PropertyValueSpecification","valueRequired":true,"valueName":"search_term_string"}}],"inLanguage":"es"},{"@type":"Organization","@id":"https:\/\/agrupacionespsoe.es\/ponferrada\/#organization","name":"Agrupaci\u00f3n Socialista de Ponferrada","url":"https:\/\/agrupacionespsoe.es\/ponferrada\/","logo":{"@type":"ImageObject","inLanguage":"es","@id":"https:\/\/agrupacionespsoe.es\/ponferrada\/#\/schema\/logo\/image\/","url":"https:\/\/agrupacionespsoe.es\/wp-content\/uploads\/2022\/07\/Logotipo_electoral_del_PSOE.png","contentUrl":"https:\/\/agrupacionespsoe.es\/wp-content\/uploads\/2022\/07\/Logotipo_electoral_del_PSOE.png","width":422,"height":422,"caption":"Agrupaci\u00f3n Socialista de Ponferrada"},"image":{"@id":"https:\/\/agrupacionespsoe.es\/ponferrada\/#\/schema\/logo\/image\/"}},{"@type":"Person","@id":"https:\/\/agrupacionespsoe.es\/ponferrada\/#\/schema\/person\/cd29ee627f3b70c05d415f02596debaa","name":"ponferrada2","image":{"@type":"ImageObject","inLanguage":"es","@id":"https:\/\/agrupacionespsoe.es\/ponferrada\/#\/schema\/person\/image\/","url":"https:\/\/secure.gravatar.com\/avatar\/f499eeb60144c664cf7b7edf75549b50?s=96&d=mm&r=g","contentUrl":"https:\/\/secure.gravatar.com\/avatar\/f499eeb60144c664cf7b7edf75549b50?s=96&d=mm&r=g","caption":"ponferrada2"},"url":"https:\/\/agrupacionespsoe.es\/ponferrada\/author\/ponferrada2\/"}]}},"jetpack_featured_media_url":"https:\/\/agrupacionespsoe.es\/ponferrada\/wp-content\/uploads\/sites\/36\/2025\/06\/WhatsApp-Image-2025-06-23-at-10.53.26.jpeg","jetpack_sharing_enabled":true,"_links":{"self":[{"href":"https:\/\/agrupacionespsoe.es\/ponferrada\/wp-json\/wp\/v2\/posts\/1011","targetHints":{"allow":["GET"]}}],"collection":[{"href":"https:\/\/agrupacionespsoe.es\/ponferrada\/wp-json\/wp\/v2\/posts"}],"about":[{"href":"https:\/\/agrupacionespsoe.es\/ponferrada\/wp-json\/wp\/v2\/types\/post"}],"author":[{"embeddable":true,"href":"https:\/\/agrupacionespsoe.es\/ponferrada\/wp-json\/wp\/v2\/users\/32"}],"replies":[{"embeddable":true,"href":"https:\/\/agrupacionespsoe.es\/ponferrada\/wp-json\/wp\/v2\/comments?post=1011"}],"version-history":[{"count":6,"href":"https:\/\/agrupacionespsoe.es\/ponferrada\/wp-json\/wp\/v2\/posts\/1011\/revisions"}],"predecessor-version":[{"id":1022,"href":"https:\/\/agrupacionespsoe.es\/ponferrada\/wp-json\/wp\/v2\/posts\/1011\/revisions\/1022"}],"wp:featuredmedia":[{"embeddable":true,"href":"https:\/\/agrupacionespsoe.es\/ponferrada\/wp-json\/wp\/v2\/media\/959"}],"wp:attachment":[{"href":"https:\/\/agrupacionespsoe.es\/ponferrada\/wp-json\/wp\/v2\/media?parent=1011"}],"wp:term":[{"taxonomy":"category","embeddable":true,"href":"https:\/\/agrupacionespsoe.es\/ponferrada\/wp-json\/wp\/v2\/categories?post=1011"},{"taxonomy":"post_tag","embeddable":true,"href":"https:\/\/agrupacionespsoe.es\/ponferrada\/wp-json\/wp\/v2\/tags?post=1011"}],"curies":[{"name":"wp","href":"https:\/\/api.w.org\/{rel}","templated":true}]}}