{"id":1007,"date":"2025-07-11T10:08:52","date_gmt":"2025-07-11T10:08:52","guid":{"rendered":"https:\/\/agrupacionespsoe.es\/ponferrada\/?p=1007"},"modified":"2025-07-11T10:08:54","modified_gmt":"2025-07-11T10:08:54","slug":"el-psoe-recoge-demandas-y-denuncias-de-los-pedaneos-y-vecinos-de-las-pedanias-en-una-reunion-de-trabajo","status":"publish","type":"post","link":"https:\/\/agrupacionespsoe.es\/ponferrada\/el-psoe-recoge-demandas-y-denuncias-de-los-pedaneos-y-vecinos-de-las-pedanias-en-una-reunion-de-trabajo\/","title":{"rendered":"El PSOE recoge demandas y denuncias de los ped\u00e1neos y vecinos de las pedan\u00edas en una reuni\u00f3n de trabajo"},"content":{"rendered":"\n<p>El Grupo Municipal Socialista del Ayuntamiento de Ponferrada ha mantenido recientemente una reuni\u00f3n con ped\u00e1neos y ped\u00e1neas de distintas pedan\u00edas del municipio, en la que se han abordado numerosos problemas y necesidades que afectan a estas localidades y que requieren una respuesta urgente por parte del equipo de Gobierno.<\/p>\n\n\n\n<p>En San Clemente, se ha puesto de manifiesto la escasa presi\u00f3n de las bocas de riego, lo que supone un riesgo en caso de incendio. Tambi\u00e9n se han se\u00f1alado deficiencias en los puentes y en la plaza de la localidad. Todas ellas reivindicaciones que desde la pedan\u00eda y desde el Grupo Socialista se llevan haciendo desde hace m\u00e1s de un a\u00f1o sin que exista una respuesta por parte del equipo de gobierno.<\/p>\n\n\n\n<p>En Bouzas, la ped\u00e1nea ha vuelto a criticar la chapuza realizada en el muro de la era, parece mentira que no haya voluntad por parte del ayuntamiento para acabar una obra que estaba comprometida en los presupuestos del a\u00f1o pasado. Por parte del grupo socialista se inform\u00f3 que el acuerdo era hacer la obra y finalizarla de manera satisfactoria, independientemente de la cantidad consignada.<\/p>\n\n\n\n<p>En Pe\u00f1alba, la principal reclamaci\u00f3n es la mejora y reparaci\u00f3n de los ba\u00f1os p\u00fablicos, una infraestructura necesaria para visitantes. La ped\u00e1nea se\u00f1ala que no es verdad que se apueste por el turismo si los turistas no tienen las infraestructuras b\u00e1sicas.<\/p>\n\n\n\n<p>La ped\u00e1nea tambi\u00e9n ha trasladado la preocupaci\u00f3n por el dispositivo previsto para la Vuelta Ciclista, solicitando soluciones para los aparcamientos, la ubicaci\u00f3n de caravanas y la garant\u00eda de una v\u00eda de evacuaci\u00f3n en caso de emergencia.<\/p>\n\n\n\n<p>En Columbrianos, la ped\u00e1nea tambi\u00e9n ha reclamado la reparaci\u00f3n urgente de las deficiencias en el alcantarillado, , tanto en la zona de La Cabrita como en el Camino Linares.<\/p>\n\n\n\n<p>En Dehesas, se ha denunciado que no se ha llevado a cabo el desbroce de caminos prometido por el concejal Alonso para los meses de mayo o junio. Tambi\u00e9n le preocupa el mal estado de los aparatos biosaludables situados junto al Centro C\u00edvico, que precisan mantenimiento o sustituci\u00f3n, un estado de abandono que se lleva denunciando m\u00e1s de un a\u00f1o.<\/p>\n\n\n\n<p>En Fuentesnuevas, el PSOE va a exigir al equipo de Gobierno que se solucione el grave problema generado por la anterior ped\u00e1nea del PP, Mary Crespo, quien realiz\u00f3 la compra de parcelas para la ampliaci\u00f3n del cementerio sin que la pedan\u00eda tenga recursos econ\u00f3micos para afrontar esa deuda, y que ha provocado la situaci\u00f3n conocida por todos.<\/p>\n\n\n\n<p>Lo que ha sido una opini\u00f3n un\u00e1nime es el sentimiento de abandono que perciben los vecinos y vecinas del medio rural, un malestar que tiene su reflejo m\u00e1s claro en la vegetaci\u00f3n que lo inunda todo por la falta de mantenimiento, pero tambi\u00e9n en la ausencia de inversiones que nunca acaban de llegar y que son imprescindibles para el desarrollo y la calidad de vida en las pedan\u00edas.<\/p>\n\n\n\n<p>Para finalizar, desde el Grupo Socialista se denuncia que el alcalde vuelve, una vez m\u00e1s, a priorizar unas pedan\u00edas frente a otras, generando desequilibrios y agravios comparativos entre vecinos del mismo municipio. Esta discriminaci\u00f3n tambi\u00e9n se refleja en la constante preferencia por el medio urbano frente al rural, creando ciudadanos de primera y de segunda y profundizando en la sensaci\u00f3n de abandono que sufren quienes viven en las pedan\u00edas.<\/p>\n\n\n\n<figure class=\"wp-block-image size-large\"><img loading=\"lazy\" decoding=\"async\" width=\"1024\" height=\"768\" src=\"https:\/\/agrupacionespsoe.es\/ponferrada\/wp-content\/uploads\/sites\/36\/2025\/07\/WhatsApp-Image-2025-07-11-at-12.08.03-1024x768.jpeg\" alt=\"\" class=\"wp-image-1008\" srcset=\"https:\/\/agrupacionespsoe.es\/ponferrada\/wp-content\/uploads\/sites\/36\/2025\/07\/WhatsApp-Image-2025-07-11-at-12.08.03-1024x768.jpeg 1024w, https:\/\/agrupacionespsoe.es\/ponferrada\/wp-content\/uploads\/sites\/36\/2025\/07\/WhatsApp-Image-2025-07-11-at-12.08.03-300x225.jpeg 300w, https:\/\/agrupacionespsoe.es\/ponferrada\/wp-content\/uploads\/sites\/36\/2025\/07\/WhatsApp-Image-2025-07-11-at-12.08.03-768x576.jpeg 768w, https:\/\/agrupacionespsoe.es\/ponferrada\/wp-content\/uploads\/sites\/36\/2025\/07\/WhatsApp-Image-2025-07-11-at-12.08.03-1536x1152.jpeg 1536w, https:\/\/agrupacionespsoe.es\/ponferrada\/wp-content\/uploads\/sites\/36\/2025\/07\/WhatsApp-Image-2025-07-11-at-12.08.03.jpeg 2048w\" sizes=\"auto, (max-width: 1024px) 100vw, 1024px\" \/><\/figure>\n","protected":false},"excerpt":{"rendered":"<p>El Grupo Municipal Socialista del Ayuntamiento de Ponferrada ha mantenido recientemente una reuni\u00f3n con ped\u00e1neos y ped\u00e1neas de distintas pedan\u00edas del municipio, en la que se han abordado numerosos problemas y necesidades que afectan a estas localidades y que requieren una respuesta urgente por parte del equipo de Gobierno. En San Clemente, se ha puesto &#8230;<\/p>\n","protected":false},"author":32,"featured_media":1008,"comment_status":"open","ping_status":"open","sticky":false,"template":"","format":"standard","meta":{"_jetpack_memberships_contains_paid_content":false,"footnotes":""},"categories":[6],"tags":[],"class_list":["post-1007","post","type-post","status-publish","format-standard","has-post-thumbnail","hentry","category-actualidad"],"yoast_head":"<!-- This site is optimized with the Yoast SEO plugin v24.0 - https:\/\/yoast.com\/wordpress\/plugins\/seo\/ -->\n<title>El PSOE recoge demandas y denuncias de los ped\u00e1neos y vecinos de las pedan\u00edas en una reuni\u00f3n de trabajo - Agrupaci\u00f3n Socialista de Ponferrada<\/title>\n<meta name=\"robots\" content=\"index, follow, max-snippet:-1, max-image-preview:large, max-video-preview:-1\" \/>\n<link rel=\"canonical\" href=\"https:\/\/agrupacionespsoe.es\/ponferrada\/el-psoe-recoge-demandas-y-denuncias-de-los-pedaneos-y-vecinos-de-las-pedanias-en-una-reunion-de-trabajo\/\" \/>\n<meta property=\"og:locale\" content=\"es_ES\" \/>\n<meta property=\"og:type\" content=\"article\" \/>\n<meta property=\"og:title\" content=\"El PSOE recoge demandas y denuncias de los ped\u00e1neos y vecinos de las pedan\u00edas en una reuni\u00f3n de trabajo - Agrupaci\u00f3n Socialista de Ponferrada\" \/>\n<meta property=\"og:description\" content=\"El Grupo Municipal Socialista del Ayuntamiento de Ponferrada ha mantenido recientemente una reuni\u00f3n con ped\u00e1neos y ped\u00e1neas de distintas pedan\u00edas del municipio, en la que se han abordado numerosos problemas y necesidades que afectan a estas localidades y que requieren una respuesta urgente por parte del equipo de Gobierno. En San Clemente, se ha puesto ...\" \/>\n<meta property=\"og:url\" content=\"https:\/\/agrupacionespsoe.es\/ponferrada\/el-psoe-recoge-demandas-y-denuncias-de-los-pedaneos-y-vecinos-de-las-pedanias-en-una-reunion-de-trabajo\/\" \/>\n<meta property=\"og:site_name\" content=\"Agrupaci\u00f3n Socialista de Ponferrada\" \/>\n<meta property=\"article:published_time\" content=\"2025-07-11T10:08:52+00:00\" \/>\n<meta property=\"article:modified_time\" content=\"2025-07-11T10:08:54+00:00\" \/>\n<meta property=\"og:image\" content=\"https:\/\/agrupacionespsoe.es\/ponferrada\/wp-content\/uploads\/sites\/36\/2025\/07\/WhatsApp-Image-2025-07-11-at-12.08.03.jpeg\" \/>\n\t<meta property=\"og:image:width\" content=\"2048\" \/>\n\t<meta property=\"og:image:height\" content=\"1536\" \/>\n\t<meta property=\"og:image:type\" content=\"image\/jpeg\" \/>\n<meta name=\"author\" content=\"ponferrada2\" \/>\n<meta name=\"twitter:card\" content=\"summary_large_image\" \/>\n<meta name=\"twitter:label1\" content=\"Escrito por\" \/>\n\t<meta name=\"twitter:data1\" content=\"ponferrada2\" \/>\n\t<meta name=\"twitter:label2\" content=\"Tiempo de lectura\" \/>\n\t<meta name=\"twitter:data2\" content=\"3 minutos\" \/>\n<script type=\"application\/ld+json\" class=\"yoast-schema-graph\">{\"@context\":\"https:\/\/schema.org\",\"@graph\":[{\"@type\":\"Article\",\"@id\":\"https:\/\/agrupacionespsoe.es\/ponferrada\/el-psoe-recoge-demandas-y-denuncias-de-los-pedaneos-y-vecinos-de-las-pedanias-en-una-reunion-de-trabajo\/#article\",\"isPartOf\":{\"@id\":\"https:\/\/agrupacionespsoe.es\/ponferrada\/el-psoe-recoge-demandas-y-denuncias-de-los-pedaneos-y-vecinos-de-las-pedanias-en-una-reunion-de-trabajo\/\"},\"author\":{\"name\":\"ponferrada2\",\"@id\":\"https:\/\/agrupacionespsoe.es\/ponferrada\/#\/schema\/person\/cd29ee627f3b70c05d415f02596debaa\"},\"headline\":\"El PSOE recoge demandas y denuncias de los ped\u00e1neos y vecinos de las pedan\u00edas en una reuni\u00f3n de trabajo\",\"datePublished\":\"2025-07-11T10:08:52+00:00\",\"dateModified\":\"2025-07-11T10:08:54+00:00\",\"mainEntityOfPage\":{\"@id\":\"https:\/\/agrupacionespsoe.es\/ponferrada\/el-psoe-recoge-demandas-y-denuncias-de-los-pedaneos-y-vecinos-de-las-pedanias-en-una-reunion-de-trabajo\/\"},\"wordCount\":617,\"commentCount\":0,\"publisher\":{\"@id\":\"https:\/\/agrupacionespsoe.es\/ponferrada\/#organization\"},\"image\":{\"@id\":\"https:\/\/agrupacionespsoe.es\/ponferrada\/el-psoe-recoge-demandas-y-denuncias-de-los-pedaneos-y-vecinos-de-las-pedanias-en-una-reunion-de-trabajo\/#primaryimage\"},\"thumbnailUrl\":\"https:\/\/agrupacionespsoe.es\/ponferrada\/wp-content\/uploads\/sites\/36\/2025\/07\/WhatsApp-Image-2025-07-11-at-12.08.03.jpeg\",\"articleSection\":[\"ACTUALIDAD\"],\"inLanguage\":\"es\",\"potentialAction\":[{\"@type\":\"CommentAction\",\"name\":\"Comment\",\"target\":[\"https:\/\/agrupacionespsoe.es\/ponferrada\/el-psoe-recoge-demandas-y-denuncias-de-los-pedaneos-y-vecinos-de-las-pedanias-en-una-reunion-de-trabajo\/#respond\"]}]},{\"@type\":\"WebPage\",\"@id\":\"https:\/\/agrupacionespsoe.es\/ponferrada\/el-psoe-recoge-demandas-y-denuncias-de-los-pedaneos-y-vecinos-de-las-pedanias-en-una-reunion-de-trabajo\/\",\"url\":\"https:\/\/agrupacionespsoe.es\/ponferrada\/el-psoe-recoge-demandas-y-denuncias-de-los-pedaneos-y-vecinos-de-las-pedanias-en-una-reunion-de-trabajo\/\",\"name\":\"El PSOE recoge demandas y denuncias de los ped\u00e1neos y vecinos de las pedan\u00edas en una reuni\u00f3n de trabajo - Agrupaci\u00f3n Socialista de Ponferrada\",\"isPartOf\":{\"@id\":\"https:\/\/agrupacionespsoe.es\/ponferrada\/#website\"},\"primaryImageOfPage\":{\"@id\":\"https:\/\/agrupacionespsoe.es\/ponferrada\/el-psoe-recoge-demandas-y-denuncias-de-los-pedaneos-y-vecinos-de-las-pedanias-en-una-reunion-de-trabajo\/#primaryimage\"},\"image\":{\"@id\":\"https:\/\/agrupacionespsoe.es\/ponferrada\/el-psoe-recoge-demandas-y-denuncias-de-los-pedaneos-y-vecinos-de-las-pedanias-en-una-reunion-de-trabajo\/#primaryimage\"},\"thumbnailUrl\":\"https:\/\/agrupacionespsoe.es\/ponferrada\/wp-content\/uploads\/sites\/36\/2025\/07\/WhatsApp-Image-2025-07-11-at-12.08.03.jpeg\",\"datePublished\":\"2025-07-11T10:08:52+00:00\",\"dateModified\":\"2025-07-11T10:08:54+00:00\",\"breadcrumb\":{\"@id\":\"https:\/\/agrupacionespsoe.es\/ponferrada\/el-psoe-recoge-demandas-y-denuncias-de-los-pedaneos-y-vecinos-de-las-pedanias-en-una-reunion-de-trabajo\/#breadcrumb\"},\"inLanguage\":\"es\",\"potentialAction\":[{\"@type\":\"ReadAction\",\"target\":[\"https:\/\/agrupacionespsoe.es\/ponferrada\/el-psoe-recoge-demandas-y-denuncias-de-los-pedaneos-y-vecinos-de-las-pedanias-en-una-reunion-de-trabajo\/\"]}]},{\"@type\":\"ImageObject\",\"inLanguage\":\"es\",\"@id\":\"https:\/\/agrupacionespsoe.es\/ponferrada\/el-psoe-recoge-demandas-y-denuncias-de-los-pedaneos-y-vecinos-de-las-pedanias-en-una-reunion-de-trabajo\/#primaryimage\",\"url\":\"https:\/\/agrupacionespsoe.es\/ponferrada\/wp-content\/uploads\/sites\/36\/2025\/07\/WhatsApp-Image-2025-07-11-at-12.08.03.jpeg\",\"contentUrl\":\"https:\/\/agrupacionespsoe.es\/ponferrada\/wp-content\/uploads\/sites\/36\/2025\/07\/WhatsApp-Image-2025-07-11-at-12.08.03.jpeg\",\"width\":2048,\"height\":1536},{\"@type\":\"BreadcrumbList\",\"@id\":\"https:\/\/agrupacionespsoe.es\/ponferrada\/el-psoe-recoge-demandas-y-denuncias-de-los-pedaneos-y-vecinos-de-las-pedanias-en-una-reunion-de-trabajo\/#breadcrumb\",\"itemListElement\":[{\"@type\":\"ListItem\",\"position\":1,\"name\":\"Portada\",\"item\":\"https:\/\/agrupacionespsoe.es\/ponferrada\/\"},{\"@type\":\"ListItem\",\"position\":2,\"name\":\"El PSOE recoge demandas y denuncias de los ped\u00e1neos y vecinos de las pedan\u00edas en una reuni\u00f3n de trabajo\"}]},{\"@type\":\"WebSite\",\"@id\":\"https:\/\/agrupacionespsoe.es\/ponferrada\/#website\",\"url\":\"https:\/\/agrupacionespsoe.es\/ponferrada\/\",\"name\":\"Agrupaci\u00f3n Socialista de Ponferrada\",\"description\":\"Agrupaci\u00f3n Socialista de Ponferrada\",\"publisher\":{\"@id\":\"https:\/\/agrupacionespsoe.es\/ponferrada\/#organization\"},\"potentialAction\":[{\"@type\":\"SearchAction\",\"target\":{\"@type\":\"EntryPoint\",\"urlTemplate\":\"https:\/\/agrupacionespsoe.es\/ponferrada\/?s={search_term_string}\"},\"query-input\":{\"@type\":\"PropertyValueSpecification\",\"valueRequired\":true,\"valueName\":\"search_term_string\"}}],\"inLanguage\":\"es\"},{\"@type\":\"Organization\",\"@id\":\"https:\/\/agrupacionespsoe.es\/ponferrada\/#organization\",\"name\":\"Agrupaci\u00f3n Socialista de Ponferrada\",\"url\":\"https:\/\/agrupacionespsoe.es\/ponferrada\/\",\"logo\":{\"@type\":\"ImageObject\",\"inLanguage\":\"es\",\"@id\":\"https:\/\/agrupacionespsoe.es\/ponferrada\/#\/schema\/logo\/image\/\",\"url\":\"https:\/\/agrupacionespsoe.es\/wp-content\/uploads\/2022\/07\/Logotipo_electoral_del_PSOE.png\",\"contentUrl\":\"https:\/\/agrupacionespsoe.es\/wp-content\/uploads\/2022\/07\/Logotipo_electoral_del_PSOE.png\",\"width\":422,\"height\":422,\"caption\":\"Agrupaci\u00f3n Socialista de Ponferrada\"},\"image\":{\"@id\":\"https:\/\/agrupacionespsoe.es\/ponferrada\/#\/schema\/logo\/image\/\"}},{\"@type\":\"Person\",\"@id\":\"https:\/\/agrupacionespsoe.es\/ponferrada\/#\/schema\/person\/cd29ee627f3b70c05d415f02596debaa\",\"name\":\"ponferrada2\",\"image\":{\"@type\":\"ImageObject\",\"inLanguage\":\"es\",\"@id\":\"https:\/\/agrupacionespsoe.es\/ponferrada\/#\/schema\/person\/image\/\",\"url\":\"https:\/\/secure.gravatar.com\/avatar\/f499eeb60144c664cf7b7edf75549b50?s=96&d=mm&r=g\",\"contentUrl\":\"https:\/\/secure.gravatar.com\/avatar\/f499eeb60144c664cf7b7edf75549b50?s=96&d=mm&r=g\",\"caption\":\"ponferrada2\"},\"url\":\"https:\/\/agrupacionespsoe.es\/ponferrada\/author\/ponferrada2\/\"}]}<\/script>\n<!-- \/ Yoast SEO plugin. -->","yoast_head_json":{"title":"El PSOE recoge demandas y denuncias de los ped\u00e1neos y vecinos de las pedan\u00edas en una reuni\u00f3n de trabajo - Agrupaci\u00f3n Socialista de Ponferrada","robots":{"index":"index","follow":"follow","max-snippet":"max-snippet:-1","max-image-preview":"max-image-preview:large","max-video-preview":"max-video-preview:-1"},"canonical":"https:\/\/agrupacionespsoe.es\/ponferrada\/el-psoe-recoge-demandas-y-denuncias-de-los-pedaneos-y-vecinos-de-las-pedanias-en-una-reunion-de-trabajo\/","og_locale":"es_ES","og_type":"article","og_title":"El PSOE recoge demandas y denuncias de los ped\u00e1neos y vecinos de las pedan\u00edas en una reuni\u00f3n de trabajo - Agrupaci\u00f3n Socialista de Ponferrada","og_description":"El Grupo Municipal Socialista del Ayuntamiento de Ponferrada ha mantenido recientemente una reuni\u00f3n con ped\u00e1neos y ped\u00e1neas de distintas pedan\u00edas del municipio, en la que se han abordado numerosos problemas y necesidades que afectan a estas localidades y que requieren una respuesta urgente por parte del equipo de Gobierno. En San Clemente, se ha puesto ...","og_url":"https:\/\/agrupacionespsoe.es\/ponferrada\/el-psoe-recoge-demandas-y-denuncias-de-los-pedaneos-y-vecinos-de-las-pedanias-en-una-reunion-de-trabajo\/","og_site_name":"Agrupaci\u00f3n Socialista de Ponferrada","article_published_time":"2025-07-11T10:08:52+00:00","article_modified_time":"2025-07-11T10:08:54+00:00","og_image":[{"width":2048,"height":1536,"url":"https:\/\/agrupacionespsoe.es\/ponferrada\/wp-content\/uploads\/sites\/36\/2025\/07\/WhatsApp-Image-2025-07-11-at-12.08.03.jpeg","type":"image\/jpeg"}],"author":"ponferrada2","twitter_card":"summary_large_image","twitter_misc":{"Escrito por":"ponferrada2","Tiempo de lectura":"3 minutos"},"schema":{"@context":"https:\/\/schema.org","@graph":[{"@type":"Article","@id":"https:\/\/agrupacionespsoe.es\/ponferrada\/el-psoe-recoge-demandas-y-denuncias-de-los-pedaneos-y-vecinos-de-las-pedanias-en-una-reunion-de-trabajo\/#article","isPartOf":{"@id":"https:\/\/agrupacionespsoe.es\/ponferrada\/el-psoe-recoge-demandas-y-denuncias-de-los-pedaneos-y-vecinos-de-las-pedanias-en-una-reunion-de-trabajo\/"},"author":{"name":"ponferrada2","@id":"https:\/\/agrupacionespsoe.es\/ponferrada\/#\/schema\/person\/cd29ee627f3b70c05d415f02596debaa"},"headline":"El PSOE recoge demandas y denuncias de los ped\u00e1neos y vecinos de las pedan\u00edas en una reuni\u00f3n de trabajo","datePublished":"2025-07-11T10:08:52+00:00","dateModified":"2025-07-11T10:08:54+00:00","mainEntityOfPage":{"@id":"https:\/\/agrupacionespsoe.es\/ponferrada\/el-psoe-recoge-demandas-y-denuncias-de-los-pedaneos-y-vecinos-de-las-pedanias-en-una-reunion-de-trabajo\/"},"wordCount":617,"commentCount":0,"publisher":{"@id":"https:\/\/agrupacionespsoe.es\/ponferrada\/#organization"},"image":{"@id":"https:\/\/agrupacionespsoe.es\/ponferrada\/el-psoe-recoge-demandas-y-denuncias-de-los-pedaneos-y-vecinos-de-las-pedanias-en-una-reunion-de-trabajo\/#primaryimage"},"thumbnailUrl":"https:\/\/agrupacionespsoe.es\/ponferrada\/wp-content\/uploads\/sites\/36\/2025\/07\/WhatsApp-Image-2025-07-11-at-12.08.03.jpeg","articleSection":["ACTUALIDAD"],"inLanguage":"es","potentialAction":[{"@type":"CommentAction","name":"Comment","target":["https:\/\/agrupacionespsoe.es\/ponferrada\/el-psoe-recoge-demandas-y-denuncias-de-los-pedaneos-y-vecinos-de-las-pedanias-en-una-reunion-de-trabajo\/#respond"]}]},{"@type":"WebPage","@id":"https:\/\/agrupacionespsoe.es\/ponferrada\/el-psoe-recoge-demandas-y-denuncias-de-los-pedaneos-y-vecinos-de-las-pedanias-en-una-reunion-de-trabajo\/","url":"https:\/\/agrupacionespsoe.es\/ponferrada\/el-psoe-recoge-demandas-y-denuncias-de-los-pedaneos-y-vecinos-de-las-pedanias-en-una-reunion-de-trabajo\/","name":"El PSOE recoge demandas y denuncias de los ped\u00e1neos y vecinos de las pedan\u00edas en una reuni\u00f3n de trabajo - Agrupaci\u00f3n Socialista de Ponferrada","isPartOf":{"@id":"https:\/\/agrupacionespsoe.es\/ponferrada\/#website"},"primaryImageOfPage":{"@id":"https:\/\/agrupacionespsoe.es\/ponferrada\/el-psoe-recoge-demandas-y-denuncias-de-los-pedaneos-y-vecinos-de-las-pedanias-en-una-reunion-de-trabajo\/#primaryimage"},"image":{"@id":"https:\/\/agrupacionespsoe.es\/ponferrada\/el-psoe-recoge-demandas-y-denuncias-de-los-pedaneos-y-vecinos-de-las-pedanias-en-una-reunion-de-trabajo\/#primaryimage"},"thumbnailUrl":"https:\/\/agrupacionespsoe.es\/ponferrada\/wp-content\/uploads\/sites\/36\/2025\/07\/WhatsApp-Image-2025-07-11-at-12.08.03.jpeg","datePublished":"2025-07-11T10:08:52+00:00","dateModified":"2025-07-11T10:08:54+00:00","breadcrumb":{"@id":"https:\/\/agrupacionespsoe.es\/ponferrada\/el-psoe-recoge-demandas-y-denuncias-de-los-pedaneos-y-vecinos-de-las-pedanias-en-una-reunion-de-trabajo\/#breadcrumb"},"inLanguage":"es","potentialAction":[{"@type":"ReadAction","target":["https:\/\/agrupacionespsoe.es\/ponferrada\/el-psoe-recoge-demandas-y-denuncias-de-los-pedaneos-y-vecinos-de-las-pedanias-en-una-reunion-de-trabajo\/"]}]},{"@type":"ImageObject","inLanguage":"es","@id":"https:\/\/agrupacionespsoe.es\/ponferrada\/el-psoe-recoge-demandas-y-denuncias-de-los-pedaneos-y-vecinos-de-las-pedanias-en-una-reunion-de-trabajo\/#primaryimage","url":"https:\/\/agrupacionespsoe.es\/ponferrada\/wp-content\/uploads\/sites\/36\/2025\/07\/WhatsApp-Image-2025-07-11-at-12.08.03.jpeg","contentUrl":"https:\/\/agrupacionespsoe.es\/ponferrada\/wp-content\/uploads\/sites\/36\/2025\/07\/WhatsApp-Image-2025-07-11-at-12.08.03.jpeg","width":2048,"height":1536},{"@type":"BreadcrumbList","@id":"https:\/\/agrupacionespsoe.es\/ponferrada\/el-psoe-recoge-demandas-y-denuncias-de-los-pedaneos-y-vecinos-de-las-pedanias-en-una-reunion-de-trabajo\/#breadcrumb","itemListElement":[{"@type":"ListItem","position":1,"name":"Portada","item":"https:\/\/agrupacionespsoe.es\/ponferrada\/"},{"@type":"ListItem","position":2,"name":"El PSOE recoge demandas y denuncias de los ped\u00e1neos y vecinos de las pedan\u00edas en una reuni\u00f3n de trabajo"}]},{"@type":"WebSite","@id":"https:\/\/agrupacionespsoe.es\/ponferrada\/#website","url":"https:\/\/agrupacionespsoe.es\/ponferrada\/","name":"Agrupaci\u00f3n Socialista de Ponferrada","description":"Agrupaci\u00f3n Socialista de Ponferrada","publisher":{"@id":"https:\/\/agrupacionespsoe.es\/ponferrada\/#organization"},"potentialAction":[{"@type":"SearchAction","target":{"@type":"EntryPoint","urlTemplate":"https:\/\/agrupacionespsoe.es\/ponferrada\/?s={search_term_string}"},"query-input":{"@type":"PropertyValueSpecification","valueRequired":true,"valueName":"search_term_string"}}],"inLanguage":"es"},{"@type":"Organization","@id":"https:\/\/agrupacionespsoe.es\/ponferrada\/#organization","name":"Agrupaci\u00f3n Socialista de Ponferrada","url":"https:\/\/agrupacionespsoe.es\/ponferrada\/","logo":{"@type":"ImageObject","inLanguage":"es","@id":"https:\/\/agrupacionespsoe.es\/ponferrada\/#\/schema\/logo\/image\/","url":"https:\/\/agrupacionespsoe.es\/wp-content\/uploads\/2022\/07\/Logotipo_electoral_del_PSOE.png","contentUrl":"https:\/\/agrupacionespsoe.es\/wp-content\/uploads\/2022\/07\/Logotipo_electoral_del_PSOE.png","width":422,"height":422,"caption":"Agrupaci\u00f3n Socialista de Ponferrada"},"image":{"@id":"https:\/\/agrupacionespsoe.es\/ponferrada\/#\/schema\/logo\/image\/"}},{"@type":"Person","@id":"https:\/\/agrupacionespsoe.es\/ponferrada\/#\/schema\/person\/cd29ee627f3b70c05d415f02596debaa","name":"ponferrada2","image":{"@type":"ImageObject","inLanguage":"es","@id":"https:\/\/agrupacionespsoe.es\/ponferrada\/#\/schema\/person\/image\/","url":"https:\/\/secure.gravatar.com\/avatar\/f499eeb60144c664cf7b7edf75549b50?s=96&d=mm&r=g","contentUrl":"https:\/\/secure.gravatar.com\/avatar\/f499eeb60144c664cf7b7edf75549b50?s=96&d=mm&r=g","caption":"ponferrada2"},"url":"https:\/\/agrupacionespsoe.es\/ponferrada\/author\/ponferrada2\/"}]}},"jetpack_featured_media_url":"https:\/\/agrupacionespsoe.es\/ponferrada\/wp-content\/uploads\/sites\/36\/2025\/07\/WhatsApp-Image-2025-07-11-at-12.08.03.jpeg","jetpack_sharing_enabled":true,"_links":{"self":[{"href":"https:\/\/agrupacionespsoe.es\/ponferrada\/wp-json\/wp\/v2\/posts\/1007","targetHints":{"allow":["GET"]}}],"collection":[{"href":"https:\/\/agrupacionespsoe.es\/ponferrada\/wp-json\/wp\/v2\/posts"}],"about":[{"href":"https:\/\/agrupacionespsoe.es\/ponferrada\/wp-json\/wp\/v2\/types\/post"}],"author":[{"embeddable":true,"href":"https:\/\/agrupacionespsoe.es\/ponferrada\/wp-json\/wp\/v2\/users\/32"}],"replies":[{"embeddable":true,"href":"https:\/\/agrupacionespsoe.es\/ponferrada\/wp-json\/wp\/v2\/comments?post=1007"}],"version-history":[{"count":2,"href":"https:\/\/agrupacionespsoe.es\/ponferrada\/wp-json\/wp\/v2\/posts\/1007\/revisions"}],"predecessor-version":[{"id":1010,"href":"https:\/\/agrupacionespsoe.es\/ponferrada\/wp-json\/wp\/v2\/posts\/1007\/revisions\/1010"}],"wp:featuredmedia":[{"embeddable":true,"href":"https:\/\/agrupacionespsoe.es\/ponferrada\/wp-json\/wp\/v2\/media\/1008"}],"wp:attachment":[{"href":"https:\/\/agrupacionespsoe.es\/ponferrada\/wp-json\/wp\/v2\/media?parent=1007"}],"wp:term":[{"taxonomy":"category","embeddable":true,"href":"https:\/\/agrupacionespsoe.es\/ponferrada\/wp-json\/wp\/v2\/categories?post=1007"},{"taxonomy":"post_tag","embeddable":true,"href":"https:\/\/agrupacionespsoe.es\/ponferrada\/wp-json\/wp\/v2\/tags?post=1007"}],"curies":[{"name":"wp","href":"https:\/\/api.w.org\/{rel}","templated":true}]}}