{"id":1001,"date":"2025-07-07T10:35:19","date_gmt":"2025-07-07T10:35:19","guid":{"rendered":"https:\/\/agrupacionespsoe.es\/ponferrada\/?p=1001"},"modified":"2025-07-10T10:58:53","modified_gmt":"2025-07-10T10:58:53","slug":"el-psoe-de-ponferrada-visita-el-congreso-de-los-diputados-y-analiza-la-situacion-politica-con-javier-alfonso-cendon","status":"publish","type":"post","link":"https:\/\/agrupacionespsoe.es\/ponferrada\/el-psoe-de-ponferrada-visita-el-congreso-de-los-diputados-y-analiza-la-situacion-politica-con-javier-alfonso-cendon\/","title":{"rendered":"El PSOE de Ponferrada visita el Congreso de los Diputados y analiza la situaci\u00f3n pol\u00edtica con Javier Alfonso Cend\u00f3n."},"content":{"rendered":"\n<p>La Agrupaci\u00f3n Municipal Socialista de Ponferrada realiz\u00f3 el pasado 7 de julio una visita institucional al Congreso de los Diputados, donde fueron recibidos por el diputado nacional y secretario general provincial, Javier Alfonso Cend\u00f3n.<\/p>\n\n\n\n<p>Durante el encuentro, Javier Alfonso Cend\u00f3n traslad\u00f3 a la militancia que nos acompa\u00f1\u00f3 el d\u00eda a d\u00eda de la actividad parlamentaria, compartiendo detalles sobre el intenso trabajo legislativo y los retos a los que se enfrenta el Congreso en este momento pol\u00edtico complejo.<\/p>\n\n\n\n<p>La reuni\u00f3n sirvi\u00f3 tambi\u00e9n para intercambiar impresiones sobre la actualidad pol\u00edtica nacional y provincial, as\u00ed como para reflexionar sobre el dif\u00edcil contexto que atraviesa el PSOE, marcado por una situaci\u00f3n pol\u00edtica delicada que exige firmeza, unidad y compromiso.<\/p>\n\n\n\n<p>Desde la Agrupaci\u00f3n Municipal Socialista de Ponferrada se destaca que estos encuentros son fundamentales para fortalecer los lazos entre las instituciones y garantizar que las necesidades de Ponferrada y del Bierzo tengan eco en Madrid. Asimismo, agradecen a Javier Alfonso Cend\u00f3n su disponibilidad, cercan\u00eda y compromiso constante con la realidad municipal.<\/p>\n\n\n\n<figure class=\"wp-block-image size-large\"><img loading=\"lazy\" decoding=\"async\" width=\"1024\" height=\"682\" src=\"https:\/\/agrupacionespsoe.es\/ponferrada\/wp-content\/uploads\/sites\/36\/2025\/07\/WhatsApp-Image-2025-07-07-at-12.23.56-1-1024x682.jpeg\" alt=\"\" class=\"wp-image-1002\" srcset=\"https:\/\/agrupacionespsoe.es\/ponferrada\/wp-content\/uploads\/sites\/36\/2025\/07\/WhatsApp-Image-2025-07-07-at-12.23.56-1-1024x682.jpeg 1024w, https:\/\/agrupacionespsoe.es\/ponferrada\/wp-content\/uploads\/sites\/36\/2025\/07\/WhatsApp-Image-2025-07-07-at-12.23.56-1-300x200.jpeg 300w, https:\/\/agrupacionespsoe.es\/ponferrada\/wp-content\/uploads\/sites\/36\/2025\/07\/WhatsApp-Image-2025-07-07-at-12.23.56-1-768x512.jpeg 768w, https:\/\/agrupacionespsoe.es\/ponferrada\/wp-content\/uploads\/sites\/36\/2025\/07\/WhatsApp-Image-2025-07-07-at-12.23.56-1-1536x1023.jpeg 1536w, https:\/\/agrupacionespsoe.es\/ponferrada\/wp-content\/uploads\/sites\/36\/2025\/07\/WhatsApp-Image-2025-07-07-at-12.23.56-1.jpeg 1600w\" sizes=\"auto, (max-width: 1024px) 100vw, 1024px\" \/><\/figure>\n","protected":false},"excerpt":{"rendered":"<p>La Agrupaci\u00f3n Municipal Socialista de Ponferrada realiz\u00f3 el pasado 7 de julio una visita institucional al Congreso de los Diputados, donde fueron recibidos por el diputado nacional y secretario general provincial, Javier Alfonso Cend\u00f3n. Durante el encuentro, Javier Alfonso Cend\u00f3n traslad\u00f3 a la militancia que nos acompa\u00f1\u00f3 el d\u00eda a d\u00eda de la actividad parlamentaria, &#8230;<\/p>\n","protected":false},"author":32,"featured_media":1003,"comment_status":"open","ping_status":"open","sticky":false,"template":"","format":"standard","meta":{"_jetpack_memberships_contains_paid_content":false,"footnotes":""},"categories":[6],"tags":[],"class_list":["post-1001","post","type-post","status-publish","format-standard","has-post-thumbnail","hentry","category-actualidad"],"yoast_head":"<!-- This site is optimized with the Yoast SEO plugin v24.0 - https:\/\/yoast.com\/wordpress\/plugins\/seo\/ -->\n<title>El PSOE de Ponferrada visita el Congreso de los Diputados y analiza la situaci\u00f3n pol\u00edtica con Javier Alfonso Cend\u00f3n. - Agrupaci\u00f3n Socialista de Ponferrada<\/title>\n<meta name=\"robots\" content=\"index, follow, max-snippet:-1, max-image-preview:large, max-video-preview:-1\" \/>\n<link rel=\"canonical\" href=\"https:\/\/agrupacionespsoe.es\/ponferrada\/el-psoe-de-ponferrada-visita-el-congreso-de-los-diputados-y-analiza-la-situacion-politica-con-javier-alfonso-cendon\/\" \/>\n<meta property=\"og:locale\" content=\"es_ES\" \/>\n<meta property=\"og:type\" content=\"article\" \/>\n<meta property=\"og:title\" content=\"El PSOE de Ponferrada visita el Congreso de los Diputados y analiza la situaci\u00f3n pol\u00edtica con Javier Alfonso Cend\u00f3n. - Agrupaci\u00f3n Socialista de Ponferrada\" \/>\n<meta property=\"og:description\" content=\"La Agrupaci\u00f3n Municipal Socialista de Ponferrada realiz\u00f3 el pasado 7 de julio una visita institucional al Congreso de los Diputados, donde fueron recibidos por el diputado nacional y secretario general provincial, Javier Alfonso Cend\u00f3n. Durante el encuentro, Javier Alfonso Cend\u00f3n traslad\u00f3 a la militancia que nos acompa\u00f1\u00f3 el d\u00eda a d\u00eda de la actividad parlamentaria, ...\" \/>\n<meta property=\"og:url\" content=\"https:\/\/agrupacionespsoe.es\/ponferrada\/el-psoe-de-ponferrada-visita-el-congreso-de-los-diputados-y-analiza-la-situacion-politica-con-javier-alfonso-cendon\/\" \/>\n<meta property=\"og:site_name\" content=\"Agrupaci\u00f3n Socialista de Ponferrada\" \/>\n<meta property=\"article:published_time\" content=\"2025-07-07T10:35:19+00:00\" \/>\n<meta property=\"article:modified_time\" content=\"2025-07-10T10:58:53+00:00\" \/>\n<meta property=\"og:image\" content=\"https:\/\/agrupacionespsoe.es\/ponferrada\/wp-content\/uploads\/sites\/36\/2025\/07\/WhatsApp-Image-2025-07-07-at-12.23.56.jpeg\" \/>\n\t<meta property=\"og:image:width\" content=\"1600\" \/>\n\t<meta property=\"og:image:height\" content=\"1066\" \/>\n\t<meta property=\"og:image:type\" content=\"image\/jpeg\" \/>\n<meta name=\"author\" content=\"ponferrada2\" \/>\n<meta name=\"twitter:card\" content=\"summary_large_image\" \/>\n<meta name=\"twitter:label1\" content=\"Escrito por\" \/>\n\t<meta name=\"twitter:data1\" content=\"ponferrada2\" \/>\n\t<meta name=\"twitter:label2\" content=\"Tiempo de lectura\" \/>\n\t<meta name=\"twitter:data2\" content=\"2 minutos\" \/>\n<script type=\"application\/ld+json\" class=\"yoast-schema-graph\">{\"@context\":\"https:\/\/schema.org\",\"@graph\":[{\"@type\":\"Article\",\"@id\":\"https:\/\/agrupacionespsoe.es\/ponferrada\/el-psoe-de-ponferrada-visita-el-congreso-de-los-diputados-y-analiza-la-situacion-politica-con-javier-alfonso-cendon\/#article\",\"isPartOf\":{\"@id\":\"https:\/\/agrupacionespsoe.es\/ponferrada\/el-psoe-de-ponferrada-visita-el-congreso-de-los-diputados-y-analiza-la-situacion-politica-con-javier-alfonso-cendon\/\"},\"author\":{\"name\":\"ponferrada2\",\"@id\":\"https:\/\/agrupacionespsoe.es\/ponferrada\/#\/schema\/person\/cd29ee627f3b70c05d415f02596debaa\"},\"headline\":\"El PSOE de Ponferrada visita el Congreso de los Diputados y analiza la situaci\u00f3n pol\u00edtica con Javier Alfonso Cend\u00f3n.\",\"datePublished\":\"2025-07-07T10:35:19+00:00\",\"dateModified\":\"2025-07-10T10:58:53+00:00\",\"mainEntityOfPage\":{\"@id\":\"https:\/\/agrupacionespsoe.es\/ponferrada\/el-psoe-de-ponferrada-visita-el-congreso-de-los-diputados-y-analiza-la-situacion-politica-con-javier-alfonso-cendon\/\"},\"wordCount\":202,\"commentCount\":0,\"publisher\":{\"@id\":\"https:\/\/agrupacionespsoe.es\/ponferrada\/#organization\"},\"image\":{\"@id\":\"https:\/\/agrupacionespsoe.es\/ponferrada\/el-psoe-de-ponferrada-visita-el-congreso-de-los-diputados-y-analiza-la-situacion-politica-con-javier-alfonso-cendon\/#primaryimage\"},\"thumbnailUrl\":\"https:\/\/agrupacionespsoe.es\/ponferrada\/wp-content\/uploads\/sites\/36\/2025\/07\/WhatsApp-Image-2025-07-07-at-12.23.56.jpeg\",\"articleSection\":[\"ACTUALIDAD\"],\"inLanguage\":\"es\",\"potentialAction\":[{\"@type\":\"CommentAction\",\"name\":\"Comment\",\"target\":[\"https:\/\/agrupacionespsoe.es\/ponferrada\/el-psoe-de-ponferrada-visita-el-congreso-de-los-diputados-y-analiza-la-situacion-politica-con-javier-alfonso-cendon\/#respond\"]}]},{\"@type\":\"WebPage\",\"@id\":\"https:\/\/agrupacionespsoe.es\/ponferrada\/el-psoe-de-ponferrada-visita-el-congreso-de-los-diputados-y-analiza-la-situacion-politica-con-javier-alfonso-cendon\/\",\"url\":\"https:\/\/agrupacionespsoe.es\/ponferrada\/el-psoe-de-ponferrada-visita-el-congreso-de-los-diputados-y-analiza-la-situacion-politica-con-javier-alfonso-cendon\/\",\"name\":\"El PSOE de Ponferrada visita el Congreso de los Diputados y analiza la situaci\u00f3n pol\u00edtica con Javier Alfonso Cend\u00f3n. - Agrupaci\u00f3n Socialista de Ponferrada\",\"isPartOf\":{\"@id\":\"https:\/\/agrupacionespsoe.es\/ponferrada\/#website\"},\"primaryImageOfPage\":{\"@id\":\"https:\/\/agrupacionespsoe.es\/ponferrada\/el-psoe-de-ponferrada-visita-el-congreso-de-los-diputados-y-analiza-la-situacion-politica-con-javier-alfonso-cendon\/#primaryimage\"},\"image\":{\"@id\":\"https:\/\/agrupacionespsoe.es\/ponferrada\/el-psoe-de-ponferrada-visita-el-congreso-de-los-diputados-y-analiza-la-situacion-politica-con-javier-alfonso-cendon\/#primaryimage\"},\"thumbnailUrl\":\"https:\/\/agrupacionespsoe.es\/ponferrada\/wp-content\/uploads\/sites\/36\/2025\/07\/WhatsApp-Image-2025-07-07-at-12.23.56.jpeg\",\"datePublished\":\"2025-07-07T10:35:19+00:00\",\"dateModified\":\"2025-07-10T10:58:53+00:00\",\"breadcrumb\":{\"@id\":\"https:\/\/agrupacionespsoe.es\/ponferrada\/el-psoe-de-ponferrada-visita-el-congreso-de-los-diputados-y-analiza-la-situacion-politica-con-javier-alfonso-cendon\/#breadcrumb\"},\"inLanguage\":\"es\",\"potentialAction\":[{\"@type\":\"ReadAction\",\"target\":[\"https:\/\/agrupacionespsoe.es\/ponferrada\/el-psoe-de-ponferrada-visita-el-congreso-de-los-diputados-y-analiza-la-situacion-politica-con-javier-alfonso-cendon\/\"]}]},{\"@type\":\"ImageObject\",\"inLanguage\":\"es\",\"@id\":\"https:\/\/agrupacionespsoe.es\/ponferrada\/el-psoe-de-ponferrada-visita-el-congreso-de-los-diputados-y-analiza-la-situacion-politica-con-javier-alfonso-cendon\/#primaryimage\",\"url\":\"https:\/\/agrupacionespsoe.es\/ponferrada\/wp-content\/uploads\/sites\/36\/2025\/07\/WhatsApp-Image-2025-07-07-at-12.23.56.jpeg\",\"contentUrl\":\"https:\/\/agrupacionespsoe.es\/ponferrada\/wp-content\/uploads\/sites\/36\/2025\/07\/WhatsApp-Image-2025-07-07-at-12.23.56.jpeg\",\"width\":1600,\"height\":1066},{\"@type\":\"BreadcrumbList\",\"@id\":\"https:\/\/agrupacionespsoe.es\/ponferrada\/el-psoe-de-ponferrada-visita-el-congreso-de-los-diputados-y-analiza-la-situacion-politica-con-javier-alfonso-cendon\/#breadcrumb\",\"itemListElement\":[{\"@type\":\"ListItem\",\"position\":1,\"name\":\"Portada\",\"item\":\"https:\/\/agrupacionespsoe.es\/ponferrada\/\"},{\"@type\":\"ListItem\",\"position\":2,\"name\":\"El PSOE de Ponferrada visita el Congreso de los Diputados y analiza la situaci\u00f3n pol\u00edtica con Javier Alfonso Cend\u00f3n.\"}]},{\"@type\":\"WebSite\",\"@id\":\"https:\/\/agrupacionespsoe.es\/ponferrada\/#website\",\"url\":\"https:\/\/agrupacionespsoe.es\/ponferrada\/\",\"name\":\"Agrupaci\u00f3n Socialista de Ponferrada\",\"description\":\"Agrupaci\u00f3n Socialista de Ponferrada\",\"publisher\":{\"@id\":\"https:\/\/agrupacionespsoe.es\/ponferrada\/#organization\"},\"potentialAction\":[{\"@type\":\"SearchAction\",\"target\":{\"@type\":\"EntryPoint\",\"urlTemplate\":\"https:\/\/agrupacionespsoe.es\/ponferrada\/?s={search_term_string}\"},\"query-input\":{\"@type\":\"PropertyValueSpecification\",\"valueRequired\":true,\"valueName\":\"search_term_string\"}}],\"inLanguage\":\"es\"},{\"@type\":\"Organization\",\"@id\":\"https:\/\/agrupacionespsoe.es\/ponferrada\/#organization\",\"name\":\"Agrupaci\u00f3n Socialista de Ponferrada\",\"url\":\"https:\/\/agrupacionespsoe.es\/ponferrada\/\",\"logo\":{\"@type\":\"ImageObject\",\"inLanguage\":\"es\",\"@id\":\"https:\/\/agrupacionespsoe.es\/ponferrada\/#\/schema\/logo\/image\/\",\"url\":\"https:\/\/agrupacionespsoe.es\/wp-content\/uploads\/2022\/07\/Logotipo_electoral_del_PSOE.png\",\"contentUrl\":\"https:\/\/agrupacionespsoe.es\/wp-content\/uploads\/2022\/07\/Logotipo_electoral_del_PSOE.png\",\"width\":422,\"height\":422,\"caption\":\"Agrupaci\u00f3n Socialista de Ponferrada\"},\"image\":{\"@id\":\"https:\/\/agrupacionespsoe.es\/ponferrada\/#\/schema\/logo\/image\/\"}},{\"@type\":\"Person\",\"@id\":\"https:\/\/agrupacionespsoe.es\/ponferrada\/#\/schema\/person\/cd29ee627f3b70c05d415f02596debaa\",\"name\":\"ponferrada2\",\"image\":{\"@type\":\"ImageObject\",\"inLanguage\":\"es\",\"@id\":\"https:\/\/agrupacionespsoe.es\/ponferrada\/#\/schema\/person\/image\/\",\"url\":\"https:\/\/secure.gravatar.com\/avatar\/f499eeb60144c664cf7b7edf75549b50?s=96&d=mm&r=g\",\"contentUrl\":\"https:\/\/secure.gravatar.com\/avatar\/f499eeb60144c664cf7b7edf75549b50?s=96&d=mm&r=g\",\"caption\":\"ponferrada2\"},\"url\":\"https:\/\/agrupacionespsoe.es\/ponferrada\/author\/ponferrada2\/\"}]}<\/script>\n<!-- \/ Yoast SEO plugin. -->","yoast_head_json":{"title":"El PSOE de Ponferrada visita el Congreso de los Diputados y analiza la situaci\u00f3n pol\u00edtica con Javier Alfonso Cend\u00f3n. - Agrupaci\u00f3n Socialista de Ponferrada","robots":{"index":"index","follow":"follow","max-snippet":"max-snippet:-1","max-image-preview":"max-image-preview:large","max-video-preview":"max-video-preview:-1"},"canonical":"https:\/\/agrupacionespsoe.es\/ponferrada\/el-psoe-de-ponferrada-visita-el-congreso-de-los-diputados-y-analiza-la-situacion-politica-con-javier-alfonso-cendon\/","og_locale":"es_ES","og_type":"article","og_title":"El PSOE de Ponferrada visita el Congreso de los Diputados y analiza la situaci\u00f3n pol\u00edtica con Javier Alfonso Cend\u00f3n. - Agrupaci\u00f3n Socialista de Ponferrada","og_description":"La Agrupaci\u00f3n Municipal Socialista de Ponferrada realiz\u00f3 el pasado 7 de julio una visita institucional al Congreso de los Diputados, donde fueron recibidos por el diputado nacional y secretario general provincial, Javier Alfonso Cend\u00f3n. Durante el encuentro, Javier Alfonso Cend\u00f3n traslad\u00f3 a la militancia que nos acompa\u00f1\u00f3 el d\u00eda a d\u00eda de la actividad parlamentaria, ...","og_url":"https:\/\/agrupacionespsoe.es\/ponferrada\/el-psoe-de-ponferrada-visita-el-congreso-de-los-diputados-y-analiza-la-situacion-politica-con-javier-alfonso-cendon\/","og_site_name":"Agrupaci\u00f3n Socialista de Ponferrada","article_published_time":"2025-07-07T10:35:19+00:00","article_modified_time":"2025-07-10T10:58:53+00:00","og_image":[{"width":1600,"height":1066,"url":"https:\/\/agrupacionespsoe.es\/ponferrada\/wp-content\/uploads\/sites\/36\/2025\/07\/WhatsApp-Image-2025-07-07-at-12.23.56.jpeg","type":"image\/jpeg"}],"author":"ponferrada2","twitter_card":"summary_large_image","twitter_misc":{"Escrito por":"ponferrada2","Tiempo de lectura":"2 minutos"},"schema":{"@context":"https:\/\/schema.org","@graph":[{"@type":"Article","@id":"https:\/\/agrupacionespsoe.es\/ponferrada\/el-psoe-de-ponferrada-visita-el-congreso-de-los-diputados-y-analiza-la-situacion-politica-con-javier-alfonso-cendon\/#article","isPartOf":{"@id":"https:\/\/agrupacionespsoe.es\/ponferrada\/el-psoe-de-ponferrada-visita-el-congreso-de-los-diputados-y-analiza-la-situacion-politica-con-javier-alfonso-cendon\/"},"author":{"name":"ponferrada2","@id":"https:\/\/agrupacionespsoe.es\/ponferrada\/#\/schema\/person\/cd29ee627f3b70c05d415f02596debaa"},"headline":"El PSOE de Ponferrada visita el Congreso de los Diputados y analiza la situaci\u00f3n pol\u00edtica con Javier Alfonso Cend\u00f3n.","datePublished":"2025-07-07T10:35:19+00:00","dateModified":"2025-07-10T10:58:53+00:00","mainEntityOfPage":{"@id":"https:\/\/agrupacionespsoe.es\/ponferrada\/el-psoe-de-ponferrada-visita-el-congreso-de-los-diputados-y-analiza-la-situacion-politica-con-javier-alfonso-cendon\/"},"wordCount":202,"commentCount":0,"publisher":{"@id":"https:\/\/agrupacionespsoe.es\/ponferrada\/#organization"},"image":{"@id":"https:\/\/agrupacionespsoe.es\/ponferrada\/el-psoe-de-ponferrada-visita-el-congreso-de-los-diputados-y-analiza-la-situacion-politica-con-javier-alfonso-cendon\/#primaryimage"},"thumbnailUrl":"https:\/\/agrupacionespsoe.es\/ponferrada\/wp-content\/uploads\/sites\/36\/2025\/07\/WhatsApp-Image-2025-07-07-at-12.23.56.jpeg","articleSection":["ACTUALIDAD"],"inLanguage":"es","potentialAction":[{"@type":"CommentAction","name":"Comment","target":["https:\/\/agrupacionespsoe.es\/ponferrada\/el-psoe-de-ponferrada-visita-el-congreso-de-los-diputados-y-analiza-la-situacion-politica-con-javier-alfonso-cendon\/#respond"]}]},{"@type":"WebPage","@id":"https:\/\/agrupacionespsoe.es\/ponferrada\/el-psoe-de-ponferrada-visita-el-congreso-de-los-diputados-y-analiza-la-situacion-politica-con-javier-alfonso-cendon\/","url":"https:\/\/agrupacionespsoe.es\/ponferrada\/el-psoe-de-ponferrada-visita-el-congreso-de-los-diputados-y-analiza-la-situacion-politica-con-javier-alfonso-cendon\/","name":"El PSOE de Ponferrada visita el Congreso de los Diputados y analiza la situaci\u00f3n pol\u00edtica con Javier Alfonso Cend\u00f3n. - Agrupaci\u00f3n Socialista de Ponferrada","isPartOf":{"@id":"https:\/\/agrupacionespsoe.es\/ponferrada\/#website"},"primaryImageOfPage":{"@id":"https:\/\/agrupacionespsoe.es\/ponferrada\/el-psoe-de-ponferrada-visita-el-congreso-de-los-diputados-y-analiza-la-situacion-politica-con-javier-alfonso-cendon\/#primaryimage"},"image":{"@id":"https:\/\/agrupacionespsoe.es\/ponferrada\/el-psoe-de-ponferrada-visita-el-congreso-de-los-diputados-y-analiza-la-situacion-politica-con-javier-alfonso-cendon\/#primaryimage"},"thumbnailUrl":"https:\/\/agrupacionespsoe.es\/ponferrada\/wp-content\/uploads\/sites\/36\/2025\/07\/WhatsApp-Image-2025-07-07-at-12.23.56.jpeg","datePublished":"2025-07-07T10:35:19+00:00","dateModified":"2025-07-10T10:58:53+00:00","breadcrumb":{"@id":"https:\/\/agrupacionespsoe.es\/ponferrada\/el-psoe-de-ponferrada-visita-el-congreso-de-los-diputados-y-analiza-la-situacion-politica-con-javier-alfonso-cendon\/#breadcrumb"},"inLanguage":"es","potentialAction":[{"@type":"ReadAction","target":["https:\/\/agrupacionespsoe.es\/ponferrada\/el-psoe-de-ponferrada-visita-el-congreso-de-los-diputados-y-analiza-la-situacion-politica-con-javier-alfonso-cendon\/"]}]},{"@type":"ImageObject","inLanguage":"es","@id":"https:\/\/agrupacionespsoe.es\/ponferrada\/el-psoe-de-ponferrada-visita-el-congreso-de-los-diputados-y-analiza-la-situacion-politica-con-javier-alfonso-cendon\/#primaryimage","url":"https:\/\/agrupacionespsoe.es\/ponferrada\/wp-content\/uploads\/sites\/36\/2025\/07\/WhatsApp-Image-2025-07-07-at-12.23.56.jpeg","contentUrl":"https:\/\/agrupacionespsoe.es\/ponferrada\/wp-content\/uploads\/sites\/36\/2025\/07\/WhatsApp-Image-2025-07-07-at-12.23.56.jpeg","width":1600,"height":1066},{"@type":"BreadcrumbList","@id":"https:\/\/agrupacionespsoe.es\/ponferrada\/el-psoe-de-ponferrada-visita-el-congreso-de-los-diputados-y-analiza-la-situacion-politica-con-javier-alfonso-cendon\/#breadcrumb","itemListElement":[{"@type":"ListItem","position":1,"name":"Portada","item":"https:\/\/agrupacionespsoe.es\/ponferrada\/"},{"@type":"ListItem","position":2,"name":"El PSOE de Ponferrada visita el Congreso de los Diputados y analiza la situaci\u00f3n pol\u00edtica con Javier Alfonso Cend\u00f3n."}]},{"@type":"WebSite","@id":"https:\/\/agrupacionespsoe.es\/ponferrada\/#website","url":"https:\/\/agrupacionespsoe.es\/ponferrada\/","name":"Agrupaci\u00f3n Socialista de Ponferrada","description":"Agrupaci\u00f3n Socialista de Ponferrada","publisher":{"@id":"https:\/\/agrupacionespsoe.es\/ponferrada\/#organization"},"potentialAction":[{"@type":"SearchAction","target":{"@type":"EntryPoint","urlTemplate":"https:\/\/agrupacionespsoe.es\/ponferrada\/?s={search_term_string}"},"query-input":{"@type":"PropertyValueSpecification","valueRequired":true,"valueName":"search_term_string"}}],"inLanguage":"es"},{"@type":"Organization","@id":"https:\/\/agrupacionespsoe.es\/ponferrada\/#organization","name":"Agrupaci\u00f3n Socialista de Ponferrada","url":"https:\/\/agrupacionespsoe.es\/ponferrada\/","logo":{"@type":"ImageObject","inLanguage":"es","@id":"https:\/\/agrupacionespsoe.es\/ponferrada\/#\/schema\/logo\/image\/","url":"https:\/\/agrupacionespsoe.es\/wp-content\/uploads\/2022\/07\/Logotipo_electoral_del_PSOE.png","contentUrl":"https:\/\/agrupacionespsoe.es\/wp-content\/uploads\/2022\/07\/Logotipo_electoral_del_PSOE.png","width":422,"height":422,"caption":"Agrupaci\u00f3n Socialista de Ponferrada"},"image":{"@id":"https:\/\/agrupacionespsoe.es\/ponferrada\/#\/schema\/logo\/image\/"}},{"@type":"Person","@id":"https:\/\/agrupacionespsoe.es\/ponferrada\/#\/schema\/person\/cd29ee627f3b70c05d415f02596debaa","name":"ponferrada2","image":{"@type":"ImageObject","inLanguage":"es","@id":"https:\/\/agrupacionespsoe.es\/ponferrada\/#\/schema\/person\/image\/","url":"https:\/\/secure.gravatar.com\/avatar\/f499eeb60144c664cf7b7edf75549b50?s=96&d=mm&r=g","contentUrl":"https:\/\/secure.gravatar.com\/avatar\/f499eeb60144c664cf7b7edf75549b50?s=96&d=mm&r=g","caption":"ponferrada2"},"url":"https:\/\/agrupacionespsoe.es\/ponferrada\/author\/ponferrada2\/"}]}},"jetpack_featured_media_url":"https:\/\/agrupacionespsoe.es\/ponferrada\/wp-content\/uploads\/sites\/36\/2025\/07\/WhatsApp-Image-2025-07-07-at-12.23.56.jpeg","jetpack_sharing_enabled":true,"_links":{"self":[{"href":"https:\/\/agrupacionespsoe.es\/ponferrada\/wp-json\/wp\/v2\/posts\/1001","targetHints":{"allow":["GET"]}}],"collection":[{"href":"https:\/\/agrupacionespsoe.es\/ponferrada\/wp-json\/wp\/v2\/posts"}],"about":[{"href":"https:\/\/agrupacionespsoe.es\/ponferrada\/wp-json\/wp\/v2\/types\/post"}],"author":[{"embeddable":true,"href":"https:\/\/agrupacionespsoe.es\/ponferrada\/wp-json\/wp\/v2\/users\/32"}],"replies":[{"embeddable":true,"href":"https:\/\/agrupacionespsoe.es\/ponferrada\/wp-json\/wp\/v2\/comments?post=1001"}],"version-history":[{"count":3,"href":"https:\/\/agrupacionespsoe.es\/ponferrada\/wp-json\/wp\/v2\/posts\/1001\/revisions"}],"predecessor-version":[{"id":1006,"href":"https:\/\/agrupacionespsoe.es\/ponferrada\/wp-json\/wp\/v2\/posts\/1001\/revisions\/1006"}],"wp:featuredmedia":[{"embeddable":true,"href":"https:\/\/agrupacionespsoe.es\/ponferrada\/wp-json\/wp\/v2\/media\/1003"}],"wp:attachment":[{"href":"https:\/\/agrupacionespsoe.es\/ponferrada\/wp-json\/wp\/v2\/media?parent=1001"}],"wp:term":[{"taxonomy":"category","embeddable":true,"href":"https:\/\/agrupacionespsoe.es\/ponferrada\/wp-json\/wp\/v2\/categories?post=1001"},{"taxonomy":"post_tag","embeddable":true,"href":"https:\/\/agrupacionespsoe.es\/ponferrada\/wp-json\/wp\/v2\/tags?post=1001"}],"curies":[{"name":"wp","href":"https:\/\/api.w.org\/{rel}","templated":true}]}}