{"id":413,"date":"2025-11-25T10:16:56","date_gmt":"2025-11-25T10:16:56","guid":{"rendered":"https:\/\/agrupacionespsoe.es\/pedroche\/?p=413"},"modified":"2025-11-25T10:24:16","modified_gmt":"2025-11-25T10:24:16","slug":"el-sobrecoste-en-festejos-en-pedroche","status":"publish","type":"post","link":"https:\/\/agrupacionespsoe.es\/pedroche\/el-sobrecoste-en-festejos-en-pedroche\/","title":{"rendered":"El sobrecoste en festejos en Pedroche"},"content":{"rendered":"\n<p>En una sesi\u00f3n del Pleno, ayer se aprob\u00f3 el presupuesto municipal de Pedroche para 2026, pero antes se hicieron una serie de modificaciones y suplementos del cr\u00e9dito previsto para este a\u00f1o 2025.<\/p>\n\n\n\n<p>En el presupuesto de 2025, de este a\u00f1o, se reserv\u00f3 5.000 \u20ac para Los Mayos, otros 5.000 \u20ac para el D\u00eda de las Migas, 40.000 \u20ac para Asonada y 6.800 \u20ac para la campa\u00f1a de compras de Navidad. Aparte de estas actividades y de la feria, <strong>se reserv\u00f3 15.000 \u20ac para otros festejos<\/strong>.<\/p>\n\n\n\n<p>Ayer se aprob\u00f3 aumentar esa partida con 24.127,91 \u20ac m\u00e1s, proveniente de una reforma de una nave del pol\u00edgono industrial que no se ha llevado a cabo, m\u00e1s 8.042,91 \u20ac de otras partidas que no se han gastado en su totalidad.<\/p>\n\n\n\n<p><strong>Es decir, aparte de feria, mayos, migas, Asonada y campa\u00f1a de Navidad, el Equipo de Gobierno del PP se gastar\u00e1 este a\u00f1o en otras actividades culturales o festivas un total de 47.170,82 \u20ac<\/strong> (frente a los 15.000 \u20ac previstos).<\/p>\n\n\n\n<p><strong>Para la feria se reserv\u00f3 93.193,96 \u20ac<\/strong>. Tambi\u00e9n ayer se aprob\u00f3 comerle a la manzana, es decir, restarle al remanente de tesorer\u00eda, m\u00e1s claro, al dinero que tiene guardado el Ayuntamiento para inversiones o gastos imprevistos, la cantidad de 41.140 \u20ac para a\u00f1adirlos a la partida destinada a la feria.<\/p>\n\n\n\n<p><strong>Es decir, el gasto este a\u00f1o en la feria ha sido de 134.333,96 \u20ac<\/strong> (frente a los 93.193,96 \u20ac previstos).<\/p>\n\n\n\n<p>El Grupo Socialista Municipal critica abiertamente la mala gesti\u00f3n econ\u00f3mica de este Equipo de Gobierno del PP, donde se olvida de inversiones necesarias para Pedroche y se vuelca en un gasto incontrolado, no presupuestado, en el apartado dedicado a fiestas. A\u00fan as\u00ed, vot\u00f3 a favor tanto de la transferencia de cr\u00e9dito como del suplemento con el remanente, ya que los proveedores y trabajadores deben cobrar sus facturas y servicios prestados, no tienen culpa de la falta de control econ\u00f3mico de este Equipo de Gobierno.<\/p>\n","protected":false},"excerpt":{"rendered":"<p>En una sesi\u00f3n del Pleno, ayer se aprob\u00f3 el presupuesto municipal de Pedroche para 2026, pero antes se hicieron una serie de modificaciones y suplementos del cr\u00e9dito previsto para este a\u00f1o 2025. En el presupuesto de 2025, de este a\u00f1o, se reserv\u00f3 5.000 \u20ac para Los Mayos, otros 5.000 \u20ac para el D\u00eda de las &#8230;<\/p>\n","protected":false},"author":125,"featured_media":350,"comment_status":"closed","ping_status":"open","sticky":false,"template":"","format":"standard","meta":{"_jetpack_memberships_contains_paid_content":false,"footnotes":""},"categories":[6],"tags":[],"class_list":["post-413","post","type-post","status-publish","format-standard","has-post-thumbnail","hentry","category-pedroche"],"yoast_head":"<!-- This site is optimized with the Yoast SEO plugin v24.0 - https:\/\/yoast.com\/wordpress\/plugins\/seo\/ -->\n<title>El sobrecoste en festejos en Pedroche - Agrupaci\u00f3n Socialista de Pedroche<\/title>\n<meta name=\"robots\" content=\"index, follow, max-snippet:-1, max-image-preview:large, max-video-preview:-1\" \/>\n<link rel=\"canonical\" href=\"https:\/\/agrupacionespsoe.es\/pedroche\/el-sobrecoste-en-festejos-en-pedroche\/\" \/>\n<meta property=\"og:locale\" content=\"es_ES\" \/>\n<meta property=\"og:type\" content=\"article\" \/>\n<meta property=\"og:title\" content=\"El sobrecoste en festejos en Pedroche - Agrupaci\u00f3n Socialista de Pedroche\" \/>\n<meta property=\"og:description\" content=\"En una sesi\u00f3n del Pleno, ayer se aprob\u00f3 el presupuesto municipal de Pedroche para 2026, pero antes se hicieron una serie de modificaciones y suplementos del cr\u00e9dito previsto para este a\u00f1o 2025. En el presupuesto de 2025, de este a\u00f1o, se reserv\u00f3 5.000 \u20ac para Los Mayos, otros 5.000 \u20ac para el D\u00eda de las ...\" \/>\n<meta property=\"og:url\" content=\"https:\/\/agrupacionespsoe.es\/pedroche\/el-sobrecoste-en-festejos-en-pedroche\/\" \/>\n<meta property=\"og:site_name\" content=\"Agrupaci\u00f3n Socialista de Pedroche\" \/>\n<meta property=\"article:published_time\" content=\"2025-11-25T10:16:56+00:00\" \/>\n<meta property=\"article:modified_time\" content=\"2025-11-25T10:24:16+00:00\" \/>\n<meta property=\"og:image\" content=\"https:\/\/agrupacionespsoe.es\/pedroche\/wp-content\/uploads\/sites\/79\/2025\/02\/salondeplenos.jpg\" \/>\n\t<meta property=\"og:image:width\" content=\"1600\" \/>\n\t<meta property=\"og:image:height\" content=\"1200\" \/>\n\t<meta property=\"og:image:type\" content=\"image\/jpeg\" \/>\n<meta name=\"author\" content=\"pedroche2\" \/>\n<meta name=\"twitter:card\" content=\"summary_large_image\" \/>\n<meta name=\"twitter:label1\" content=\"Escrito por\" \/>\n\t<meta name=\"twitter:data1\" content=\"pedroche2\" \/>\n\t<meta name=\"twitter:label2\" content=\"Tiempo de lectura\" \/>\n\t<meta name=\"twitter:data2\" content=\"2 minutos\" \/>\n<script type=\"application\/ld+json\" class=\"yoast-schema-graph\">{\"@context\":\"https:\/\/schema.org\",\"@graph\":[{\"@type\":\"Article\",\"@id\":\"https:\/\/agrupacionespsoe.es\/pedroche\/el-sobrecoste-en-festejos-en-pedroche\/#article\",\"isPartOf\":{\"@id\":\"https:\/\/agrupacionespsoe.es\/pedroche\/el-sobrecoste-en-festejos-en-pedroche\/\"},\"author\":{\"name\":\"pedroche2\",\"@id\":\"https:\/\/agrupacionespsoe.es\/pedroche\/#\/schema\/person\/acf80f35d39cc7f7bb29d731960fbbf6\"},\"headline\":\"El sobrecoste en festejos en Pedroche\",\"datePublished\":\"2025-11-25T10:16:56+00:00\",\"dateModified\":\"2025-11-25T10:24:16+00:00\",\"mainEntityOfPage\":{\"@id\":\"https:\/\/agrupacionespsoe.es\/pedroche\/el-sobrecoste-en-festejos-en-pedroche\/\"},\"wordCount\":317,\"publisher\":{\"@id\":\"https:\/\/agrupacionespsoe.es\/pedroche\/#organization\"},\"image\":{\"@id\":\"https:\/\/agrupacionespsoe.es\/pedroche\/el-sobrecoste-en-festejos-en-pedroche\/#primaryimage\"},\"thumbnailUrl\":\"https:\/\/agrupacionespsoe.es\/pedroche\/wp-content\/uploads\/sites\/79\/2025\/02\/salondeplenos.jpg\",\"articleSection\":[\"PEDROCHE\"],\"inLanguage\":\"es\"},{\"@type\":\"WebPage\",\"@id\":\"https:\/\/agrupacionespsoe.es\/pedroche\/el-sobrecoste-en-festejos-en-pedroche\/\",\"url\":\"https:\/\/agrupacionespsoe.es\/pedroche\/el-sobrecoste-en-festejos-en-pedroche\/\",\"name\":\"El sobrecoste en festejos en Pedroche - Agrupaci\u00f3n Socialista de Pedroche\",\"isPartOf\":{\"@id\":\"https:\/\/agrupacionespsoe.es\/pedroche\/#website\"},\"primaryImageOfPage\":{\"@id\":\"https:\/\/agrupacionespsoe.es\/pedroche\/el-sobrecoste-en-festejos-en-pedroche\/#primaryimage\"},\"image\":{\"@id\":\"https:\/\/agrupacionespsoe.es\/pedroche\/el-sobrecoste-en-festejos-en-pedroche\/#primaryimage\"},\"thumbnailUrl\":\"https:\/\/agrupacionespsoe.es\/pedroche\/wp-content\/uploads\/sites\/79\/2025\/02\/salondeplenos.jpg\",\"datePublished\":\"2025-11-25T10:16:56+00:00\",\"dateModified\":\"2025-11-25T10:24:16+00:00\",\"breadcrumb\":{\"@id\":\"https:\/\/agrupacionespsoe.es\/pedroche\/el-sobrecoste-en-festejos-en-pedroche\/#breadcrumb\"},\"inLanguage\":\"es\",\"potentialAction\":[{\"@type\":\"ReadAction\",\"target\":[\"https:\/\/agrupacionespsoe.es\/pedroche\/el-sobrecoste-en-festejos-en-pedroche\/\"]}]},{\"@type\":\"ImageObject\",\"inLanguage\":\"es\",\"@id\":\"https:\/\/agrupacionespsoe.es\/pedroche\/el-sobrecoste-en-festejos-en-pedroche\/#primaryimage\",\"url\":\"https:\/\/agrupacionespsoe.es\/pedroche\/wp-content\/uploads\/sites\/79\/2025\/02\/salondeplenos.jpg\",\"contentUrl\":\"https:\/\/agrupacionespsoe.es\/pedroche\/wp-content\/uploads\/sites\/79\/2025\/02\/salondeplenos.jpg\",\"width\":1600,\"height\":1200},{\"@type\":\"BreadcrumbList\",\"@id\":\"https:\/\/agrupacionespsoe.es\/pedroche\/el-sobrecoste-en-festejos-en-pedroche\/#breadcrumb\",\"itemListElement\":[{\"@type\":\"ListItem\",\"position\":1,\"name\":\"Portada\",\"item\":\"https:\/\/agrupacionespsoe.es\/pedroche\/\"},{\"@type\":\"ListItem\",\"position\":2,\"name\":\"El sobrecoste en festejos en Pedroche\"}]},{\"@type\":\"WebSite\",\"@id\":\"https:\/\/agrupacionespsoe.es\/pedroche\/#website\",\"url\":\"https:\/\/agrupacionespsoe.es\/pedroche\/\",\"name\":\"Agrupaci\u00f3n Socialista de Pedroche\",\"description\":\"Agrupaci\u00f3n Socialista de Pedroche\",\"publisher\":{\"@id\":\"https:\/\/agrupacionespsoe.es\/pedroche\/#organization\"},\"potentialAction\":[{\"@type\":\"SearchAction\",\"target\":{\"@type\":\"EntryPoint\",\"urlTemplate\":\"https:\/\/agrupacionespsoe.es\/pedroche\/?s={search_term_string}\"},\"query-input\":{\"@type\":\"PropertyValueSpecification\",\"valueRequired\":true,\"valueName\":\"search_term_string\"}}],\"inLanguage\":\"es\"},{\"@type\":\"Organization\",\"@id\":\"https:\/\/agrupacionespsoe.es\/pedroche\/#organization\",\"name\":\"Agrupaci\u00f3n Socialista de Pedroche\",\"url\":\"https:\/\/agrupacionespsoe.es\/pedroche\/\",\"logo\":{\"@type\":\"ImageObject\",\"inLanguage\":\"es\",\"@id\":\"https:\/\/agrupacionespsoe.es\/pedroche\/#\/schema\/logo\/image\/\",\"url\":\"https:\/\/agrupacionespsoe.es\/wp-content\/uploads\/2022\/07\/Logotipo_electoral_del_PSOE.png\",\"contentUrl\":\"https:\/\/agrupacionespsoe.es\/wp-content\/uploads\/2022\/07\/Logotipo_electoral_del_PSOE.png\",\"width\":422,\"height\":422,\"caption\":\"Agrupaci\u00f3n Socialista de Pedroche\"},\"image\":{\"@id\":\"https:\/\/agrupacionespsoe.es\/pedroche\/#\/schema\/logo\/image\/\"}},{\"@type\":\"Person\",\"@id\":\"https:\/\/agrupacionespsoe.es\/pedroche\/#\/schema\/person\/acf80f35d39cc7f7bb29d731960fbbf6\",\"name\":\"pedroche2\",\"image\":{\"@type\":\"ImageObject\",\"inLanguage\":\"es\",\"@id\":\"https:\/\/agrupacionespsoe.es\/pedroche\/#\/schema\/person\/image\/\",\"url\":\"https:\/\/secure.gravatar.com\/avatar\/1f410c7932c1a650bc65aef28226ac2d?s=96&d=mm&r=g\",\"contentUrl\":\"https:\/\/secure.gravatar.com\/avatar\/1f410c7932c1a650bc65aef28226ac2d?s=96&d=mm&r=g\",\"caption\":\"pedroche2\"},\"url\":\"https:\/\/agrupacionespsoe.es\/pedroche\/author\/pedroche2\/\"}]}<\/script>\n<!-- \/ Yoast SEO plugin. -->","yoast_head_json":{"title":"El sobrecoste en festejos en Pedroche - Agrupaci\u00f3n Socialista de Pedroche","robots":{"index":"index","follow":"follow","max-snippet":"max-snippet:-1","max-image-preview":"max-image-preview:large","max-video-preview":"max-video-preview:-1"},"canonical":"https:\/\/agrupacionespsoe.es\/pedroche\/el-sobrecoste-en-festejos-en-pedroche\/","og_locale":"es_ES","og_type":"article","og_title":"El sobrecoste en festejos en Pedroche - Agrupaci\u00f3n Socialista de Pedroche","og_description":"En una sesi\u00f3n del Pleno, ayer se aprob\u00f3 el presupuesto municipal de Pedroche para 2026, pero antes se hicieron una serie de modificaciones y suplementos del cr\u00e9dito previsto para este a\u00f1o 2025. En el presupuesto de 2025, de este a\u00f1o, se reserv\u00f3 5.000 \u20ac para Los Mayos, otros 5.000 \u20ac para el D\u00eda de las ...","og_url":"https:\/\/agrupacionespsoe.es\/pedroche\/el-sobrecoste-en-festejos-en-pedroche\/","og_site_name":"Agrupaci\u00f3n Socialista de Pedroche","article_published_time":"2025-11-25T10:16:56+00:00","article_modified_time":"2025-11-25T10:24:16+00:00","og_image":[{"width":1600,"height":1200,"url":"https:\/\/agrupacionespsoe.es\/pedroche\/wp-content\/uploads\/sites\/79\/2025\/02\/salondeplenos.jpg","type":"image\/jpeg"}],"author":"pedroche2","twitter_card":"summary_large_image","twitter_misc":{"Escrito por":"pedroche2","Tiempo de lectura":"2 minutos"},"schema":{"@context":"https:\/\/schema.org","@graph":[{"@type":"Article","@id":"https:\/\/agrupacionespsoe.es\/pedroche\/el-sobrecoste-en-festejos-en-pedroche\/#article","isPartOf":{"@id":"https:\/\/agrupacionespsoe.es\/pedroche\/el-sobrecoste-en-festejos-en-pedroche\/"},"author":{"name":"pedroche2","@id":"https:\/\/agrupacionespsoe.es\/pedroche\/#\/schema\/person\/acf80f35d39cc7f7bb29d731960fbbf6"},"headline":"El sobrecoste en festejos en Pedroche","datePublished":"2025-11-25T10:16:56+00:00","dateModified":"2025-11-25T10:24:16+00:00","mainEntityOfPage":{"@id":"https:\/\/agrupacionespsoe.es\/pedroche\/el-sobrecoste-en-festejos-en-pedroche\/"},"wordCount":317,"publisher":{"@id":"https:\/\/agrupacionespsoe.es\/pedroche\/#organization"},"image":{"@id":"https:\/\/agrupacionespsoe.es\/pedroche\/el-sobrecoste-en-festejos-en-pedroche\/#primaryimage"},"thumbnailUrl":"https:\/\/agrupacionespsoe.es\/pedroche\/wp-content\/uploads\/sites\/79\/2025\/02\/salondeplenos.jpg","articleSection":["PEDROCHE"],"inLanguage":"es"},{"@type":"WebPage","@id":"https:\/\/agrupacionespsoe.es\/pedroche\/el-sobrecoste-en-festejos-en-pedroche\/","url":"https:\/\/agrupacionespsoe.es\/pedroche\/el-sobrecoste-en-festejos-en-pedroche\/","name":"El sobrecoste en festejos en Pedroche - Agrupaci\u00f3n Socialista de Pedroche","isPartOf":{"@id":"https:\/\/agrupacionespsoe.es\/pedroche\/#website"},"primaryImageOfPage":{"@id":"https:\/\/agrupacionespsoe.es\/pedroche\/el-sobrecoste-en-festejos-en-pedroche\/#primaryimage"},"image":{"@id":"https:\/\/agrupacionespsoe.es\/pedroche\/el-sobrecoste-en-festejos-en-pedroche\/#primaryimage"},"thumbnailUrl":"https:\/\/agrupacionespsoe.es\/pedroche\/wp-content\/uploads\/sites\/79\/2025\/02\/salondeplenos.jpg","datePublished":"2025-11-25T10:16:56+00:00","dateModified":"2025-11-25T10:24:16+00:00","breadcrumb":{"@id":"https:\/\/agrupacionespsoe.es\/pedroche\/el-sobrecoste-en-festejos-en-pedroche\/#breadcrumb"},"inLanguage":"es","potentialAction":[{"@type":"ReadAction","target":["https:\/\/agrupacionespsoe.es\/pedroche\/el-sobrecoste-en-festejos-en-pedroche\/"]}]},{"@type":"ImageObject","inLanguage":"es","@id":"https:\/\/agrupacionespsoe.es\/pedroche\/el-sobrecoste-en-festejos-en-pedroche\/#primaryimage","url":"https:\/\/agrupacionespsoe.es\/pedroche\/wp-content\/uploads\/sites\/79\/2025\/02\/salondeplenos.jpg","contentUrl":"https:\/\/agrupacionespsoe.es\/pedroche\/wp-content\/uploads\/sites\/79\/2025\/02\/salondeplenos.jpg","width":1600,"height":1200},{"@type":"BreadcrumbList","@id":"https:\/\/agrupacionespsoe.es\/pedroche\/el-sobrecoste-en-festejos-en-pedroche\/#breadcrumb","itemListElement":[{"@type":"ListItem","position":1,"name":"Portada","item":"https:\/\/agrupacionespsoe.es\/pedroche\/"},{"@type":"ListItem","position":2,"name":"El sobrecoste en festejos en Pedroche"}]},{"@type":"WebSite","@id":"https:\/\/agrupacionespsoe.es\/pedroche\/#website","url":"https:\/\/agrupacionespsoe.es\/pedroche\/","name":"Agrupaci\u00f3n Socialista de Pedroche","description":"Agrupaci\u00f3n Socialista de Pedroche","publisher":{"@id":"https:\/\/agrupacionespsoe.es\/pedroche\/#organization"},"potentialAction":[{"@type":"SearchAction","target":{"@type":"EntryPoint","urlTemplate":"https:\/\/agrupacionespsoe.es\/pedroche\/?s={search_term_string}"},"query-input":{"@type":"PropertyValueSpecification","valueRequired":true,"valueName":"search_term_string"}}],"inLanguage":"es"},{"@type":"Organization","@id":"https:\/\/agrupacionespsoe.es\/pedroche\/#organization","name":"Agrupaci\u00f3n Socialista de Pedroche","url":"https:\/\/agrupacionespsoe.es\/pedroche\/","logo":{"@type":"ImageObject","inLanguage":"es","@id":"https:\/\/agrupacionespsoe.es\/pedroche\/#\/schema\/logo\/image\/","url":"https:\/\/agrupacionespsoe.es\/wp-content\/uploads\/2022\/07\/Logotipo_electoral_del_PSOE.png","contentUrl":"https:\/\/agrupacionespsoe.es\/wp-content\/uploads\/2022\/07\/Logotipo_electoral_del_PSOE.png","width":422,"height":422,"caption":"Agrupaci\u00f3n Socialista de Pedroche"},"image":{"@id":"https:\/\/agrupacionespsoe.es\/pedroche\/#\/schema\/logo\/image\/"}},{"@type":"Person","@id":"https:\/\/agrupacionespsoe.es\/pedroche\/#\/schema\/person\/acf80f35d39cc7f7bb29d731960fbbf6","name":"pedroche2","image":{"@type":"ImageObject","inLanguage":"es","@id":"https:\/\/agrupacionespsoe.es\/pedroche\/#\/schema\/person\/image\/","url":"https:\/\/secure.gravatar.com\/avatar\/1f410c7932c1a650bc65aef28226ac2d?s=96&d=mm&r=g","contentUrl":"https:\/\/secure.gravatar.com\/avatar\/1f410c7932c1a650bc65aef28226ac2d?s=96&d=mm&r=g","caption":"pedroche2"},"url":"https:\/\/agrupacionespsoe.es\/pedroche\/author\/pedroche2\/"}]}},"jetpack_featured_media_url":"https:\/\/agrupacionespsoe.es\/pedroche\/wp-content\/uploads\/sites\/79\/2025\/02\/salondeplenos.jpg","jetpack_sharing_enabled":true,"_links":{"self":[{"href":"https:\/\/agrupacionespsoe.es\/pedroche\/wp-json\/wp\/v2\/posts\/413","targetHints":{"allow":["GET"]}}],"collection":[{"href":"https:\/\/agrupacionespsoe.es\/pedroche\/wp-json\/wp\/v2\/posts"}],"about":[{"href":"https:\/\/agrupacionespsoe.es\/pedroche\/wp-json\/wp\/v2\/types\/post"}],"author":[{"embeddable":true,"href":"https:\/\/agrupacionespsoe.es\/pedroche\/wp-json\/wp\/v2\/users\/125"}],"replies":[{"embeddable":true,"href":"https:\/\/agrupacionespsoe.es\/pedroche\/wp-json\/wp\/v2\/comments?post=413"}],"version-history":[{"count":4,"href":"https:\/\/agrupacionespsoe.es\/pedroche\/wp-json\/wp\/v2\/posts\/413\/revisions"}],"predecessor-version":[{"id":418,"href":"https:\/\/agrupacionespsoe.es\/pedroche\/wp-json\/wp\/v2\/posts\/413\/revisions\/418"}],"wp:featuredmedia":[{"embeddable":true,"href":"https:\/\/agrupacionespsoe.es\/pedroche\/wp-json\/wp\/v2\/media\/350"}],"wp:attachment":[{"href":"https:\/\/agrupacionespsoe.es\/pedroche\/wp-json\/wp\/v2\/media?parent=413"}],"wp:term":[{"taxonomy":"category","embeddable":true,"href":"https:\/\/agrupacionespsoe.es\/pedroche\/wp-json\/wp\/v2\/categories?post=413"},{"taxonomy":"post_tag","embeddable":true,"href":"https:\/\/agrupacionespsoe.es\/pedroche\/wp-json\/wp\/v2\/tags?post=413"}],"curies":[{"name":"wp","href":"https:\/\/api.w.org\/{rel}","templated":true}]}}