{"id":403,"date":"2025-07-15T06:00:00","date_gmt":"2025-07-15T06:00:00","guid":{"rendered":"https:\/\/agrupacionespsoe.es\/pedroche\/?p=403"},"modified":"2025-07-16T16:05:35","modified_gmt":"2025-07-16T16:05:35","slug":"el-psoe-de-pedroche-le-pide-al-pp-que-no-le-falte-el-respeto-a-quienes-nos-precedieron-y-a-la-historia","status":"publish","type":"post","link":"https:\/\/agrupacionespsoe.es\/pedroche\/el-psoe-de-pedroche-le-pide-al-pp-que-no-le-falte-el-respeto-a-quienes-nos-precedieron-y-a-la-historia\/","title":{"rendered":"El PSOE de Pedroche le pide al PP que no le falte el respeto a quienes nos precedieron y a la historia"},"content":{"rendered":"\n<p>En el pasado pleno de junio, el Grupo Socialista achacamos al Equipo de Gobierno del PP el af\u00e1n que tiene de querer que los vecinos y vecinas se olviden del pasado. Lo hicimos con ejemplos muy claros.<\/p>\n\n\n\n<p>Nos llam\u00f3 la atenci\u00f3n la <strong>retirada de la placa del campo de f\u00fatbol<\/strong>, la que se puso tras la importante remodelaci\u00f3n que tuvo lugar en 2011, convirti\u00e9ndose en un campo de f\u00fatbol de c\u00e9sped artificial con instalaciones e iluminaci\u00f3n renovada. M\u00e1s tarde se nos inform\u00f3 de que se encontraba en mal estado. Lo que no se aclara es si estaba en peor o mejor estado que otras placas conmemorativas que hacen referencia a cargos p\u00fablicos anteriores, como la que se encuentra en el parque municipal. Esta otra placa, pr\u00e1cticamente olvidada, fue restaurada por el anterior Equipo de Gobierno socialista, que repint\u00f3 sus letras con el \u00fanico prop\u00f3sito de conservar su visibilidad y su valor hist\u00f3rico.<\/p>\n\n\n\n<p>Tambi\u00e9n, como ya hemos se\u00f1alado en anteriores plenos, <strong>la Semana Cultural, que superaba ya su 43\u00aa edici\u00f3n, era una tradici\u00f3n consolidada en nuestro municipio, independientemente de qui\u00e9n gobernara<\/strong>. Sin embargo, este equipo de gobierno, que ahora la ignora, parece empe\u00f1ado en borrar la historia reciente de Pedroche y las iniciativas nacidas de sus propios vecinos.<\/p>\n\n\n\n<p><strong>Lo mismo ha ocurrido con la centenaria Funci\u00f3n de los Soldados<\/strong>, una manifestaci\u00f3n cultural que forma parte de nuestro pueblo y que <a href=\"https:\/\/agrupacionespsoe.es\/pedroche\/el-psoe-de-pedroche-critica-los-cambios-en-la-tradicional-funcion-de-los-soldados\/\">ahora se est\u00e1 manoseando y desvirtuando<\/a>.<\/p>\n\n\n\n<p>Desde el Grupo Socialista queremos dejar claro que, a pesar de las intentonas siempre habr\u00e1 quien se encargue de proteger y transmitir la memoria y la historia de Pedroche y de sus gentes.<\/p>\n\n\n\n<p><strong>Rogamos que no se falte al respeto a quienes nos precedieron, ni se borre el trabajo de aquellos que han contribuido a construir el Pedroche que hoy conocemos.<\/strong> Porque no debemos olvidar que ninguno de nosotros est\u00e1 aqu\u00ed por m\u00e9ritos individuales. Es el pueblo quien nos ha colocado en esta responsabilidad, y es a \u00e9l a quien debemos lealtad.<\/p>\n","protected":false},"excerpt":{"rendered":"<p>En el pasado pleno de junio, el Grupo Socialista achacamos al Equipo de Gobierno del PP el af\u00e1n que tiene de querer que los vecinos y vecinas se olviden del pasado. Lo hicimos con ejemplos muy claros. Nos llam\u00f3 la atenci\u00f3n la retirada de la placa del campo de f\u00fatbol, la que se puso tras &#8230;<\/p>\n","protected":false},"author":125,"featured_media":350,"comment_status":"closed","ping_status":"open","sticky":false,"template":"","format":"standard","meta":{"_jetpack_memberships_contains_paid_content":false,"footnotes":""},"categories":[6],"tags":[],"class_list":["post-403","post","type-post","status-publish","format-standard","has-post-thumbnail","hentry","category-pedroche"],"yoast_head":"<!-- This site is optimized with the Yoast SEO plugin v24.0 - https:\/\/yoast.com\/wordpress\/plugins\/seo\/ -->\n<title>El PSOE de Pedroche le pide al PP que no le falte el respeto a quienes nos precedieron y a la historia - Agrupaci\u00f3n Socialista de Pedroche<\/title>\n<meta name=\"robots\" content=\"index, follow, max-snippet:-1, max-image-preview:large, max-video-preview:-1\" \/>\n<link rel=\"canonical\" href=\"https:\/\/agrupacionespsoe.es\/pedroche\/el-psoe-de-pedroche-le-pide-al-pp-que-no-le-falte-el-respeto-a-quienes-nos-precedieron-y-a-la-historia\/\" \/>\n<meta property=\"og:locale\" content=\"es_ES\" \/>\n<meta property=\"og:type\" content=\"article\" \/>\n<meta property=\"og:title\" content=\"El PSOE de Pedroche le pide al PP que no le falte el respeto a quienes nos precedieron y a la historia - Agrupaci\u00f3n Socialista de Pedroche\" \/>\n<meta property=\"og:description\" content=\"En el pasado pleno de junio, el Grupo Socialista achacamos al Equipo de Gobierno del PP el af\u00e1n que tiene de querer que los vecinos y vecinas se olviden del pasado. Lo hicimos con ejemplos muy claros. Nos llam\u00f3 la atenci\u00f3n la retirada de la placa del campo de f\u00fatbol, la que se puso tras ...\" \/>\n<meta property=\"og:url\" content=\"https:\/\/agrupacionespsoe.es\/pedroche\/el-psoe-de-pedroche-le-pide-al-pp-que-no-le-falte-el-respeto-a-quienes-nos-precedieron-y-a-la-historia\/\" \/>\n<meta property=\"og:site_name\" content=\"Agrupaci\u00f3n Socialista de Pedroche\" \/>\n<meta property=\"article:published_time\" content=\"2025-07-15T06:00:00+00:00\" \/>\n<meta property=\"article:modified_time\" content=\"2025-07-16T16:05:35+00:00\" \/>\n<meta property=\"og:image\" content=\"https:\/\/agrupacionespsoe.es\/pedroche\/wp-content\/uploads\/sites\/79\/2025\/02\/salondeplenos.jpg\" \/>\n\t<meta property=\"og:image:width\" content=\"1600\" \/>\n\t<meta property=\"og:image:height\" content=\"1200\" \/>\n\t<meta property=\"og:image:type\" content=\"image\/jpeg\" \/>\n<meta name=\"author\" content=\"pedroche2\" \/>\n<meta name=\"twitter:card\" content=\"summary_large_image\" \/>\n<meta name=\"twitter:label1\" content=\"Escrito por\" \/>\n\t<meta name=\"twitter:data1\" content=\"pedroche2\" \/>\n\t<meta name=\"twitter:label2\" content=\"Tiempo de lectura\" \/>\n\t<meta name=\"twitter:data2\" content=\"2 minutos\" \/>\n<script type=\"application\/ld+json\" class=\"yoast-schema-graph\">{\"@context\":\"https:\/\/schema.org\",\"@graph\":[{\"@type\":\"Article\",\"@id\":\"https:\/\/agrupacionespsoe.es\/pedroche\/el-psoe-de-pedroche-le-pide-al-pp-que-no-le-falte-el-respeto-a-quienes-nos-precedieron-y-a-la-historia\/#article\",\"isPartOf\":{\"@id\":\"https:\/\/agrupacionespsoe.es\/pedroche\/el-psoe-de-pedroche-le-pide-al-pp-que-no-le-falte-el-respeto-a-quienes-nos-precedieron-y-a-la-historia\/\"},\"author\":{\"name\":\"pedroche2\",\"@id\":\"https:\/\/agrupacionespsoe.es\/pedroche\/#\/schema\/person\/acf80f35d39cc7f7bb29d731960fbbf6\"},\"headline\":\"El PSOE de Pedroche le pide al PP que no le falte el respeto a quienes nos precedieron y a la historia\",\"datePublished\":\"2025-07-15T06:00:00+00:00\",\"dateModified\":\"2025-07-16T16:05:35+00:00\",\"mainEntityOfPage\":{\"@id\":\"https:\/\/agrupacionespsoe.es\/pedroche\/el-psoe-de-pedroche-le-pide-al-pp-que-no-le-falte-el-respeto-a-quienes-nos-precedieron-y-a-la-historia\/\"},\"wordCount\":369,\"publisher\":{\"@id\":\"https:\/\/agrupacionespsoe.es\/pedroche\/#organization\"},\"image\":{\"@id\":\"https:\/\/agrupacionespsoe.es\/pedroche\/el-psoe-de-pedroche-le-pide-al-pp-que-no-le-falte-el-respeto-a-quienes-nos-precedieron-y-a-la-historia\/#primaryimage\"},\"thumbnailUrl\":\"https:\/\/agrupacionespsoe.es\/pedroche\/wp-content\/uploads\/sites\/79\/2025\/02\/salondeplenos.jpg\",\"articleSection\":[\"PEDROCHE\"],\"inLanguage\":\"es\"},{\"@type\":\"WebPage\",\"@id\":\"https:\/\/agrupacionespsoe.es\/pedroche\/el-psoe-de-pedroche-le-pide-al-pp-que-no-le-falte-el-respeto-a-quienes-nos-precedieron-y-a-la-historia\/\",\"url\":\"https:\/\/agrupacionespsoe.es\/pedroche\/el-psoe-de-pedroche-le-pide-al-pp-que-no-le-falte-el-respeto-a-quienes-nos-precedieron-y-a-la-historia\/\",\"name\":\"El PSOE de Pedroche le pide al PP que no le falte el respeto a quienes nos precedieron y a la historia - Agrupaci\u00f3n Socialista de Pedroche\",\"isPartOf\":{\"@id\":\"https:\/\/agrupacionespsoe.es\/pedroche\/#website\"},\"primaryImageOfPage\":{\"@id\":\"https:\/\/agrupacionespsoe.es\/pedroche\/el-psoe-de-pedroche-le-pide-al-pp-que-no-le-falte-el-respeto-a-quienes-nos-precedieron-y-a-la-historia\/#primaryimage\"},\"image\":{\"@id\":\"https:\/\/agrupacionespsoe.es\/pedroche\/el-psoe-de-pedroche-le-pide-al-pp-que-no-le-falte-el-respeto-a-quienes-nos-precedieron-y-a-la-historia\/#primaryimage\"},\"thumbnailUrl\":\"https:\/\/agrupacionespsoe.es\/pedroche\/wp-content\/uploads\/sites\/79\/2025\/02\/salondeplenos.jpg\",\"datePublished\":\"2025-07-15T06:00:00+00:00\",\"dateModified\":\"2025-07-16T16:05:35+00:00\",\"breadcrumb\":{\"@id\":\"https:\/\/agrupacionespsoe.es\/pedroche\/el-psoe-de-pedroche-le-pide-al-pp-que-no-le-falte-el-respeto-a-quienes-nos-precedieron-y-a-la-historia\/#breadcrumb\"},\"inLanguage\":\"es\",\"potentialAction\":[{\"@type\":\"ReadAction\",\"target\":[\"https:\/\/agrupacionespsoe.es\/pedroche\/el-psoe-de-pedroche-le-pide-al-pp-que-no-le-falte-el-respeto-a-quienes-nos-precedieron-y-a-la-historia\/\"]}]},{\"@type\":\"ImageObject\",\"inLanguage\":\"es\",\"@id\":\"https:\/\/agrupacionespsoe.es\/pedroche\/el-psoe-de-pedroche-le-pide-al-pp-que-no-le-falte-el-respeto-a-quienes-nos-precedieron-y-a-la-historia\/#primaryimage\",\"url\":\"https:\/\/agrupacionespsoe.es\/pedroche\/wp-content\/uploads\/sites\/79\/2025\/02\/salondeplenos.jpg\",\"contentUrl\":\"https:\/\/agrupacionespsoe.es\/pedroche\/wp-content\/uploads\/sites\/79\/2025\/02\/salondeplenos.jpg\",\"width\":1600,\"height\":1200},{\"@type\":\"BreadcrumbList\",\"@id\":\"https:\/\/agrupacionespsoe.es\/pedroche\/el-psoe-de-pedroche-le-pide-al-pp-que-no-le-falte-el-respeto-a-quienes-nos-precedieron-y-a-la-historia\/#breadcrumb\",\"itemListElement\":[{\"@type\":\"ListItem\",\"position\":1,\"name\":\"Portada\",\"item\":\"https:\/\/agrupacionespsoe.es\/pedroche\/\"},{\"@type\":\"ListItem\",\"position\":2,\"name\":\"El PSOE de Pedroche le pide al PP que no le falte el respeto a quienes nos precedieron y a la historia\"}]},{\"@type\":\"WebSite\",\"@id\":\"https:\/\/agrupacionespsoe.es\/pedroche\/#website\",\"url\":\"https:\/\/agrupacionespsoe.es\/pedroche\/\",\"name\":\"Agrupaci\u00f3n Socialista de Pedroche\",\"description\":\"Agrupaci\u00f3n Socialista de Pedroche\",\"publisher\":{\"@id\":\"https:\/\/agrupacionespsoe.es\/pedroche\/#organization\"},\"potentialAction\":[{\"@type\":\"SearchAction\",\"target\":{\"@type\":\"EntryPoint\",\"urlTemplate\":\"https:\/\/agrupacionespsoe.es\/pedroche\/?s={search_term_string}\"},\"query-input\":{\"@type\":\"PropertyValueSpecification\",\"valueRequired\":true,\"valueName\":\"search_term_string\"}}],\"inLanguage\":\"es\"},{\"@type\":\"Organization\",\"@id\":\"https:\/\/agrupacionespsoe.es\/pedroche\/#organization\",\"name\":\"Agrupaci\u00f3n Socialista de Pedroche\",\"url\":\"https:\/\/agrupacionespsoe.es\/pedroche\/\",\"logo\":{\"@type\":\"ImageObject\",\"inLanguage\":\"es\",\"@id\":\"https:\/\/agrupacionespsoe.es\/pedroche\/#\/schema\/logo\/image\/\",\"url\":\"https:\/\/agrupacionespsoe.es\/wp-content\/uploads\/2022\/07\/Logotipo_electoral_del_PSOE.png\",\"contentUrl\":\"https:\/\/agrupacionespsoe.es\/wp-content\/uploads\/2022\/07\/Logotipo_electoral_del_PSOE.png\",\"width\":422,\"height\":422,\"caption\":\"Agrupaci\u00f3n Socialista de Pedroche\"},\"image\":{\"@id\":\"https:\/\/agrupacionespsoe.es\/pedroche\/#\/schema\/logo\/image\/\"}},{\"@type\":\"Person\",\"@id\":\"https:\/\/agrupacionespsoe.es\/pedroche\/#\/schema\/person\/acf80f35d39cc7f7bb29d731960fbbf6\",\"name\":\"pedroche2\",\"image\":{\"@type\":\"ImageObject\",\"inLanguage\":\"es\",\"@id\":\"https:\/\/agrupacionespsoe.es\/pedroche\/#\/schema\/person\/image\/\",\"url\":\"https:\/\/secure.gravatar.com\/avatar\/1f410c7932c1a650bc65aef28226ac2d?s=96&d=mm&r=g\",\"contentUrl\":\"https:\/\/secure.gravatar.com\/avatar\/1f410c7932c1a650bc65aef28226ac2d?s=96&d=mm&r=g\",\"caption\":\"pedroche2\"},\"url\":\"https:\/\/agrupacionespsoe.es\/pedroche\/author\/pedroche2\/\"}]}<\/script>\n<!-- \/ Yoast SEO plugin. -->","yoast_head_json":{"title":"El PSOE de Pedroche le pide al PP que no le falte el respeto a quienes nos precedieron y a la historia - Agrupaci\u00f3n Socialista de Pedroche","robots":{"index":"index","follow":"follow","max-snippet":"max-snippet:-1","max-image-preview":"max-image-preview:large","max-video-preview":"max-video-preview:-1"},"canonical":"https:\/\/agrupacionespsoe.es\/pedroche\/el-psoe-de-pedroche-le-pide-al-pp-que-no-le-falte-el-respeto-a-quienes-nos-precedieron-y-a-la-historia\/","og_locale":"es_ES","og_type":"article","og_title":"El PSOE de Pedroche le pide al PP que no le falte el respeto a quienes nos precedieron y a la historia - Agrupaci\u00f3n Socialista de Pedroche","og_description":"En el pasado pleno de junio, el Grupo Socialista achacamos al Equipo de Gobierno del PP el af\u00e1n que tiene de querer que los vecinos y vecinas se olviden del pasado. Lo hicimos con ejemplos muy claros. Nos llam\u00f3 la atenci\u00f3n la retirada de la placa del campo de f\u00fatbol, la que se puso tras ...","og_url":"https:\/\/agrupacionespsoe.es\/pedroche\/el-psoe-de-pedroche-le-pide-al-pp-que-no-le-falte-el-respeto-a-quienes-nos-precedieron-y-a-la-historia\/","og_site_name":"Agrupaci\u00f3n Socialista de Pedroche","article_published_time":"2025-07-15T06:00:00+00:00","article_modified_time":"2025-07-16T16:05:35+00:00","og_image":[{"width":1600,"height":1200,"url":"https:\/\/agrupacionespsoe.es\/pedroche\/wp-content\/uploads\/sites\/79\/2025\/02\/salondeplenos.jpg","type":"image\/jpeg"}],"author":"pedroche2","twitter_card":"summary_large_image","twitter_misc":{"Escrito por":"pedroche2","Tiempo de lectura":"2 minutos"},"schema":{"@context":"https:\/\/schema.org","@graph":[{"@type":"Article","@id":"https:\/\/agrupacionespsoe.es\/pedroche\/el-psoe-de-pedroche-le-pide-al-pp-que-no-le-falte-el-respeto-a-quienes-nos-precedieron-y-a-la-historia\/#article","isPartOf":{"@id":"https:\/\/agrupacionespsoe.es\/pedroche\/el-psoe-de-pedroche-le-pide-al-pp-que-no-le-falte-el-respeto-a-quienes-nos-precedieron-y-a-la-historia\/"},"author":{"name":"pedroche2","@id":"https:\/\/agrupacionespsoe.es\/pedroche\/#\/schema\/person\/acf80f35d39cc7f7bb29d731960fbbf6"},"headline":"El PSOE de Pedroche le pide al PP que no le falte el respeto a quienes nos precedieron y a la historia","datePublished":"2025-07-15T06:00:00+00:00","dateModified":"2025-07-16T16:05:35+00:00","mainEntityOfPage":{"@id":"https:\/\/agrupacionespsoe.es\/pedroche\/el-psoe-de-pedroche-le-pide-al-pp-que-no-le-falte-el-respeto-a-quienes-nos-precedieron-y-a-la-historia\/"},"wordCount":369,"publisher":{"@id":"https:\/\/agrupacionespsoe.es\/pedroche\/#organization"},"image":{"@id":"https:\/\/agrupacionespsoe.es\/pedroche\/el-psoe-de-pedroche-le-pide-al-pp-que-no-le-falte-el-respeto-a-quienes-nos-precedieron-y-a-la-historia\/#primaryimage"},"thumbnailUrl":"https:\/\/agrupacionespsoe.es\/pedroche\/wp-content\/uploads\/sites\/79\/2025\/02\/salondeplenos.jpg","articleSection":["PEDROCHE"],"inLanguage":"es"},{"@type":"WebPage","@id":"https:\/\/agrupacionespsoe.es\/pedroche\/el-psoe-de-pedroche-le-pide-al-pp-que-no-le-falte-el-respeto-a-quienes-nos-precedieron-y-a-la-historia\/","url":"https:\/\/agrupacionespsoe.es\/pedroche\/el-psoe-de-pedroche-le-pide-al-pp-que-no-le-falte-el-respeto-a-quienes-nos-precedieron-y-a-la-historia\/","name":"El PSOE de Pedroche le pide al PP que no le falte el respeto a quienes nos precedieron y a la historia - Agrupaci\u00f3n Socialista de Pedroche","isPartOf":{"@id":"https:\/\/agrupacionespsoe.es\/pedroche\/#website"},"primaryImageOfPage":{"@id":"https:\/\/agrupacionespsoe.es\/pedroche\/el-psoe-de-pedroche-le-pide-al-pp-que-no-le-falte-el-respeto-a-quienes-nos-precedieron-y-a-la-historia\/#primaryimage"},"image":{"@id":"https:\/\/agrupacionespsoe.es\/pedroche\/el-psoe-de-pedroche-le-pide-al-pp-que-no-le-falte-el-respeto-a-quienes-nos-precedieron-y-a-la-historia\/#primaryimage"},"thumbnailUrl":"https:\/\/agrupacionespsoe.es\/pedroche\/wp-content\/uploads\/sites\/79\/2025\/02\/salondeplenos.jpg","datePublished":"2025-07-15T06:00:00+00:00","dateModified":"2025-07-16T16:05:35+00:00","breadcrumb":{"@id":"https:\/\/agrupacionespsoe.es\/pedroche\/el-psoe-de-pedroche-le-pide-al-pp-que-no-le-falte-el-respeto-a-quienes-nos-precedieron-y-a-la-historia\/#breadcrumb"},"inLanguage":"es","potentialAction":[{"@type":"ReadAction","target":["https:\/\/agrupacionespsoe.es\/pedroche\/el-psoe-de-pedroche-le-pide-al-pp-que-no-le-falte-el-respeto-a-quienes-nos-precedieron-y-a-la-historia\/"]}]},{"@type":"ImageObject","inLanguage":"es","@id":"https:\/\/agrupacionespsoe.es\/pedroche\/el-psoe-de-pedroche-le-pide-al-pp-que-no-le-falte-el-respeto-a-quienes-nos-precedieron-y-a-la-historia\/#primaryimage","url":"https:\/\/agrupacionespsoe.es\/pedroche\/wp-content\/uploads\/sites\/79\/2025\/02\/salondeplenos.jpg","contentUrl":"https:\/\/agrupacionespsoe.es\/pedroche\/wp-content\/uploads\/sites\/79\/2025\/02\/salondeplenos.jpg","width":1600,"height":1200},{"@type":"BreadcrumbList","@id":"https:\/\/agrupacionespsoe.es\/pedroche\/el-psoe-de-pedroche-le-pide-al-pp-que-no-le-falte-el-respeto-a-quienes-nos-precedieron-y-a-la-historia\/#breadcrumb","itemListElement":[{"@type":"ListItem","position":1,"name":"Portada","item":"https:\/\/agrupacionespsoe.es\/pedroche\/"},{"@type":"ListItem","position":2,"name":"El PSOE de Pedroche le pide al PP que no le falte el respeto a quienes nos precedieron y a la historia"}]},{"@type":"WebSite","@id":"https:\/\/agrupacionespsoe.es\/pedroche\/#website","url":"https:\/\/agrupacionespsoe.es\/pedroche\/","name":"Agrupaci\u00f3n Socialista de Pedroche","description":"Agrupaci\u00f3n Socialista de Pedroche","publisher":{"@id":"https:\/\/agrupacionespsoe.es\/pedroche\/#organization"},"potentialAction":[{"@type":"SearchAction","target":{"@type":"EntryPoint","urlTemplate":"https:\/\/agrupacionespsoe.es\/pedroche\/?s={search_term_string}"},"query-input":{"@type":"PropertyValueSpecification","valueRequired":true,"valueName":"search_term_string"}}],"inLanguage":"es"},{"@type":"Organization","@id":"https:\/\/agrupacionespsoe.es\/pedroche\/#organization","name":"Agrupaci\u00f3n Socialista de Pedroche","url":"https:\/\/agrupacionespsoe.es\/pedroche\/","logo":{"@type":"ImageObject","inLanguage":"es","@id":"https:\/\/agrupacionespsoe.es\/pedroche\/#\/schema\/logo\/image\/","url":"https:\/\/agrupacionespsoe.es\/wp-content\/uploads\/2022\/07\/Logotipo_electoral_del_PSOE.png","contentUrl":"https:\/\/agrupacionespsoe.es\/wp-content\/uploads\/2022\/07\/Logotipo_electoral_del_PSOE.png","width":422,"height":422,"caption":"Agrupaci\u00f3n Socialista de Pedroche"},"image":{"@id":"https:\/\/agrupacionespsoe.es\/pedroche\/#\/schema\/logo\/image\/"}},{"@type":"Person","@id":"https:\/\/agrupacionespsoe.es\/pedroche\/#\/schema\/person\/acf80f35d39cc7f7bb29d731960fbbf6","name":"pedroche2","image":{"@type":"ImageObject","inLanguage":"es","@id":"https:\/\/agrupacionespsoe.es\/pedroche\/#\/schema\/person\/image\/","url":"https:\/\/secure.gravatar.com\/avatar\/1f410c7932c1a650bc65aef28226ac2d?s=96&d=mm&r=g","contentUrl":"https:\/\/secure.gravatar.com\/avatar\/1f410c7932c1a650bc65aef28226ac2d?s=96&d=mm&r=g","caption":"pedroche2"},"url":"https:\/\/agrupacionespsoe.es\/pedroche\/author\/pedroche2\/"}]}},"jetpack_featured_media_url":"https:\/\/agrupacionespsoe.es\/pedroche\/wp-content\/uploads\/sites\/79\/2025\/02\/salondeplenos.jpg","jetpack_sharing_enabled":true,"_links":{"self":[{"href":"https:\/\/agrupacionespsoe.es\/pedroche\/wp-json\/wp\/v2\/posts\/403","targetHints":{"allow":["GET"]}}],"collection":[{"href":"https:\/\/agrupacionespsoe.es\/pedroche\/wp-json\/wp\/v2\/posts"}],"about":[{"href":"https:\/\/agrupacionespsoe.es\/pedroche\/wp-json\/wp\/v2\/types\/post"}],"author":[{"embeddable":true,"href":"https:\/\/agrupacionespsoe.es\/pedroche\/wp-json\/wp\/v2\/users\/125"}],"replies":[{"embeddable":true,"href":"https:\/\/agrupacionespsoe.es\/pedroche\/wp-json\/wp\/v2\/comments?post=403"}],"version-history":[{"count":2,"href":"https:\/\/agrupacionespsoe.es\/pedroche\/wp-json\/wp\/v2\/posts\/403\/revisions"}],"predecessor-version":[{"id":405,"href":"https:\/\/agrupacionespsoe.es\/pedroche\/wp-json\/wp\/v2\/posts\/403\/revisions\/405"}],"wp:featuredmedia":[{"embeddable":true,"href":"https:\/\/agrupacionespsoe.es\/pedroche\/wp-json\/wp\/v2\/media\/350"}],"wp:attachment":[{"href":"https:\/\/agrupacionespsoe.es\/pedroche\/wp-json\/wp\/v2\/media?parent=403"}],"wp:term":[{"taxonomy":"category","embeddable":true,"href":"https:\/\/agrupacionespsoe.es\/pedroche\/wp-json\/wp\/v2\/categories?post=403"},{"taxonomy":"post_tag","embeddable":true,"href":"https:\/\/agrupacionespsoe.es\/pedroche\/wp-json\/wp\/v2\/tags?post=403"}],"curies":[{"name":"wp","href":"https:\/\/api.w.org\/{rel}","templated":true}]}}