{"id":398,"date":"2025-07-14T06:31:07","date_gmt":"2025-07-14T06:31:07","guid":{"rendered":"https:\/\/agrupacionespsoe.es\/pedroche\/?p=398"},"modified":"2025-07-14T06:31:08","modified_gmt":"2025-07-14T06:31:08","slug":"el-pp-de-pedroche-sigue-ninguneando-a-determinados-colectivos","status":"publish","type":"post","link":"https:\/\/agrupacionespsoe.es\/pedroche\/el-pp-de-pedroche-sigue-ninguneando-a-determinados-colectivos\/","title":{"rendered":"El PP de Pedroche sigue ninguneando a determinados colectivos"},"content":{"rendered":"\n<p><strong>En el pleno del pasado mes de junio, el Grupo Socialista volvi\u00f3 a hacer hincapi\u00e9 en el af\u00e1n de este Equipo de Gobierno del PP de ninguneo a determinados colectivos de Pedroche.<\/strong><\/p>\n\n\n\n<p>Los populares insisten en justificarse continuamente, pero los hechos demuestran su intenci\u00f3n, la invisibilizaci\u00f3n de colectivos hist\u00f3ricamente marginados, como el colectivo LGTBIQ+. Desde el inicio de esta legislatura, sus gestos han ido encaminados no al reconocimiento, sino a restar protagonismo a quienes durante d\u00e9cadas han luchado por sus derechos.<\/p>\n\n\n\n<p>Un a\u00f1o m\u00e1s, y ya van tres, <strong>no se ha organizado por parte del Ayuntamiento ning\u00fan acto para conmemorar el D\u00eda del Orgullo LGTBIQ+<\/strong>.<\/p>\n\n\n\n<p>Igual ocurre con el colectivo de mujeres, dando una de cal y otra de arena. Ahora s\u00ed, ahora no.<\/p>\n\n\n\n<p>De los cinco representantes del Equipo de Gobierno del PP<strong>, ninguno acudi\u00f3 a la \u00ab<em>II Marcha Camina con Nosotras<\/em>\u00ab<\/strong> llevada a cabo el pasado 12 de abril. Tampoco se organiz\u00f3 un acto institucional celebrando, inaugurando o cerrando las Jornadas por el D\u00eda de la Mujer, del 5 al 7 de marzo.<\/p>\n\n\n\n<p><strong><a href=\"http:\/\/www.pedrodelafuente.es\/sobre-la-retirada-de-la-senal-de-la-campana-ni-una-mas\/\">Se retir\u00f3 la placa contra la violencia machista<\/a><\/strong> de la plaza de las Siete Villas, un gesto simb\u00f3lico de gran importancia que no se puede despreciar. Se le recrimin\u00f3 y no le dieron importancia, ni al hecho ni a su significado.<\/p>\n\n\n\n<p>Eso s\u00ed, otra cosa es cuando estos mismos colectivos se convierten en mano de obra para sacar las \u201c<em>casta\u00f1as del fuego<\/em>\u201d. Entonces s\u00ed, se les da una palmadita en la espalda. Pero no se puede estar con ellos solo cuando interesa.<\/p>\n\n\n\n<p>Desde el Grupo Socialista rogamos que se les d\u00e9 visibilidad a todos los colectivos, que se les escuche y que se act\u00fae en consecuencia, no solo con palabras, sino con hechos.<\/p>\n\n\n\n<p>Exigimos que este Ayuntamiento sea garante de la lucha por la igualdad y el reconocimiento de la diversidad, que son derechos humanos. Porque, \u00bfsaben realmente lo que le importa a la ciudadan\u00eda? Las fiestas pueden entretenernos, pero la gente, y especialmente los j\u00f3venes, tiene criterio, se preocupa por su futuro y por el de sus familias.<\/p>\n\n\n\n<p><strong>Pero parece que a este Equipo de Gobierno no le importa todo esto.<\/strong><\/p>\n","protected":false},"excerpt":{"rendered":"<p>En el pleno del pasado mes de junio, el Grupo Socialista volvi\u00f3 a hacer hincapi\u00e9 en el af\u00e1n de este Equipo de Gobierno del PP de ninguneo a determinados colectivos de Pedroche. Los populares insisten en justificarse continuamente, pero los hechos demuestran su intenci\u00f3n, la invisibilizaci\u00f3n de colectivos hist\u00f3ricamente marginados, como el colectivo LGTBIQ+. Desde &#8230;<\/p>\n","protected":false},"author":125,"featured_media":399,"comment_status":"closed","ping_status":"open","sticky":false,"template":"","format":"standard","meta":{"_jetpack_memberships_contains_paid_content":false,"footnotes":""},"categories":[6],"tags":[],"class_list":["post-398","post","type-post","status-publish","format-standard","has-post-thumbnail","hentry","category-pedroche"],"yoast_head":"<!-- This site is optimized with the Yoast SEO plugin v24.0 - https:\/\/yoast.com\/wordpress\/plugins\/seo\/ -->\n<title>El PP de Pedroche sigue ninguneando a determinados colectivos - Agrupaci\u00f3n Socialista de Pedroche<\/title>\n<meta name=\"robots\" content=\"index, follow, max-snippet:-1, max-image-preview:large, max-video-preview:-1\" \/>\n<link rel=\"canonical\" href=\"https:\/\/agrupacionespsoe.es\/pedroche\/el-pp-de-pedroche-sigue-ninguneando-a-determinados-colectivos\/\" \/>\n<meta property=\"og:locale\" content=\"es_ES\" \/>\n<meta property=\"og:type\" content=\"article\" \/>\n<meta property=\"og:title\" content=\"El PP de Pedroche sigue ninguneando a determinados colectivos - Agrupaci\u00f3n Socialista de Pedroche\" \/>\n<meta property=\"og:description\" content=\"En el pleno del pasado mes de junio, el Grupo Socialista volvi\u00f3 a hacer hincapi\u00e9 en el af\u00e1n de este Equipo de Gobierno del PP de ninguneo a determinados colectivos de Pedroche. Los populares insisten en justificarse continuamente, pero los hechos demuestran su intenci\u00f3n, la invisibilizaci\u00f3n de colectivos hist\u00f3ricamente marginados, como el colectivo LGTBIQ+. Desde ...\" \/>\n<meta property=\"og:url\" content=\"https:\/\/agrupacionespsoe.es\/pedroche\/el-pp-de-pedroche-sigue-ninguneando-a-determinados-colectivos\/\" \/>\n<meta property=\"og:site_name\" content=\"Agrupaci\u00f3n Socialista de Pedroche\" \/>\n<meta property=\"article:published_time\" content=\"2025-07-14T06:31:07+00:00\" \/>\n<meta property=\"article:modified_time\" content=\"2025-07-14T06:31:08+00:00\" \/>\n<meta property=\"og:image\" content=\"https:\/\/agrupacionespsoe.es\/pedroche\/wp-content\/uploads\/sites\/79\/2025\/07\/colectivos.jpg\" \/>\n\t<meta property=\"og:image:width\" content=\"1300\" \/>\n\t<meta property=\"og:image:height\" content=\"637\" \/>\n\t<meta property=\"og:image:type\" content=\"image\/jpeg\" \/>\n<meta name=\"author\" content=\"pedroche2\" \/>\n<meta name=\"twitter:card\" content=\"summary_large_image\" \/>\n<meta name=\"twitter:label1\" content=\"Escrito por\" \/>\n\t<meta name=\"twitter:data1\" content=\"pedroche2\" \/>\n\t<meta name=\"twitter:label2\" content=\"Tiempo de lectura\" \/>\n\t<meta name=\"twitter:data2\" content=\"2 minutos\" \/>\n<script type=\"application\/ld+json\" class=\"yoast-schema-graph\">{\"@context\":\"https:\/\/schema.org\",\"@graph\":[{\"@type\":\"Article\",\"@id\":\"https:\/\/agrupacionespsoe.es\/pedroche\/el-pp-de-pedroche-sigue-ninguneando-a-determinados-colectivos\/#article\",\"isPartOf\":{\"@id\":\"https:\/\/agrupacionespsoe.es\/pedroche\/el-pp-de-pedroche-sigue-ninguneando-a-determinados-colectivos\/\"},\"author\":{\"name\":\"pedroche2\",\"@id\":\"https:\/\/agrupacionespsoe.es\/pedroche\/#\/schema\/person\/acf80f35d39cc7f7bb29d731960fbbf6\"},\"headline\":\"El PP de Pedroche sigue ninguneando a determinados colectivos\",\"datePublished\":\"2025-07-14T06:31:07+00:00\",\"dateModified\":\"2025-07-14T06:31:08+00:00\",\"mainEntityOfPage\":{\"@id\":\"https:\/\/agrupacionespsoe.es\/pedroche\/el-pp-de-pedroche-sigue-ninguneando-a-determinados-colectivos\/\"},\"wordCount\":378,\"publisher\":{\"@id\":\"https:\/\/agrupacionespsoe.es\/pedroche\/#organization\"},\"image\":{\"@id\":\"https:\/\/agrupacionespsoe.es\/pedroche\/el-pp-de-pedroche-sigue-ninguneando-a-determinados-colectivos\/#primaryimage\"},\"thumbnailUrl\":\"https:\/\/agrupacionespsoe.es\/pedroche\/wp-content\/uploads\/sites\/79\/2025\/07\/colectivos.jpg\",\"articleSection\":[\"PEDROCHE\"],\"inLanguage\":\"es\"},{\"@type\":\"WebPage\",\"@id\":\"https:\/\/agrupacionespsoe.es\/pedroche\/el-pp-de-pedroche-sigue-ninguneando-a-determinados-colectivos\/\",\"url\":\"https:\/\/agrupacionespsoe.es\/pedroche\/el-pp-de-pedroche-sigue-ninguneando-a-determinados-colectivos\/\",\"name\":\"El PP de Pedroche sigue ninguneando a determinados colectivos - Agrupaci\u00f3n Socialista de Pedroche\",\"isPartOf\":{\"@id\":\"https:\/\/agrupacionespsoe.es\/pedroche\/#website\"},\"primaryImageOfPage\":{\"@id\":\"https:\/\/agrupacionespsoe.es\/pedroche\/el-pp-de-pedroche-sigue-ninguneando-a-determinados-colectivos\/#primaryimage\"},\"image\":{\"@id\":\"https:\/\/agrupacionespsoe.es\/pedroche\/el-pp-de-pedroche-sigue-ninguneando-a-determinados-colectivos\/#primaryimage\"},\"thumbnailUrl\":\"https:\/\/agrupacionespsoe.es\/pedroche\/wp-content\/uploads\/sites\/79\/2025\/07\/colectivos.jpg\",\"datePublished\":\"2025-07-14T06:31:07+00:00\",\"dateModified\":\"2025-07-14T06:31:08+00:00\",\"breadcrumb\":{\"@id\":\"https:\/\/agrupacionespsoe.es\/pedroche\/el-pp-de-pedroche-sigue-ninguneando-a-determinados-colectivos\/#breadcrumb\"},\"inLanguage\":\"es\",\"potentialAction\":[{\"@type\":\"ReadAction\",\"target\":[\"https:\/\/agrupacionespsoe.es\/pedroche\/el-pp-de-pedroche-sigue-ninguneando-a-determinados-colectivos\/\"]}]},{\"@type\":\"ImageObject\",\"inLanguage\":\"es\",\"@id\":\"https:\/\/agrupacionespsoe.es\/pedroche\/el-pp-de-pedroche-sigue-ninguneando-a-determinados-colectivos\/#primaryimage\",\"url\":\"https:\/\/agrupacionespsoe.es\/pedroche\/wp-content\/uploads\/sites\/79\/2025\/07\/colectivos.jpg\",\"contentUrl\":\"https:\/\/agrupacionespsoe.es\/pedroche\/wp-content\/uploads\/sites\/79\/2025\/07\/colectivos.jpg\",\"width\":1300,\"height\":637},{\"@type\":\"BreadcrumbList\",\"@id\":\"https:\/\/agrupacionespsoe.es\/pedroche\/el-pp-de-pedroche-sigue-ninguneando-a-determinados-colectivos\/#breadcrumb\",\"itemListElement\":[{\"@type\":\"ListItem\",\"position\":1,\"name\":\"Portada\",\"item\":\"https:\/\/agrupacionespsoe.es\/pedroche\/\"},{\"@type\":\"ListItem\",\"position\":2,\"name\":\"El PP de Pedroche sigue ninguneando a determinados colectivos\"}]},{\"@type\":\"WebSite\",\"@id\":\"https:\/\/agrupacionespsoe.es\/pedroche\/#website\",\"url\":\"https:\/\/agrupacionespsoe.es\/pedroche\/\",\"name\":\"Agrupaci\u00f3n Socialista de Pedroche\",\"description\":\"Agrupaci\u00f3n Socialista de Pedroche\",\"publisher\":{\"@id\":\"https:\/\/agrupacionespsoe.es\/pedroche\/#organization\"},\"potentialAction\":[{\"@type\":\"SearchAction\",\"target\":{\"@type\":\"EntryPoint\",\"urlTemplate\":\"https:\/\/agrupacionespsoe.es\/pedroche\/?s={search_term_string}\"},\"query-input\":{\"@type\":\"PropertyValueSpecification\",\"valueRequired\":true,\"valueName\":\"search_term_string\"}}],\"inLanguage\":\"es\"},{\"@type\":\"Organization\",\"@id\":\"https:\/\/agrupacionespsoe.es\/pedroche\/#organization\",\"name\":\"Agrupaci\u00f3n Socialista de Pedroche\",\"url\":\"https:\/\/agrupacionespsoe.es\/pedroche\/\",\"logo\":{\"@type\":\"ImageObject\",\"inLanguage\":\"es\",\"@id\":\"https:\/\/agrupacionespsoe.es\/pedroche\/#\/schema\/logo\/image\/\",\"url\":\"https:\/\/agrupacionespsoe.es\/wp-content\/uploads\/2022\/07\/Logotipo_electoral_del_PSOE.png\",\"contentUrl\":\"https:\/\/agrupacionespsoe.es\/wp-content\/uploads\/2022\/07\/Logotipo_electoral_del_PSOE.png\",\"width\":422,\"height\":422,\"caption\":\"Agrupaci\u00f3n Socialista de Pedroche\"},\"image\":{\"@id\":\"https:\/\/agrupacionespsoe.es\/pedroche\/#\/schema\/logo\/image\/\"}},{\"@type\":\"Person\",\"@id\":\"https:\/\/agrupacionespsoe.es\/pedroche\/#\/schema\/person\/acf80f35d39cc7f7bb29d731960fbbf6\",\"name\":\"pedroche2\",\"image\":{\"@type\":\"ImageObject\",\"inLanguage\":\"es\",\"@id\":\"https:\/\/agrupacionespsoe.es\/pedroche\/#\/schema\/person\/image\/\",\"url\":\"https:\/\/secure.gravatar.com\/avatar\/1f410c7932c1a650bc65aef28226ac2d?s=96&d=mm&r=g\",\"contentUrl\":\"https:\/\/secure.gravatar.com\/avatar\/1f410c7932c1a650bc65aef28226ac2d?s=96&d=mm&r=g\",\"caption\":\"pedroche2\"},\"url\":\"https:\/\/agrupacionespsoe.es\/pedroche\/author\/pedroche2\/\"}]}<\/script>\n<!-- \/ Yoast SEO plugin. -->","yoast_head_json":{"title":"El PP de Pedroche sigue ninguneando a determinados colectivos - Agrupaci\u00f3n Socialista de Pedroche","robots":{"index":"index","follow":"follow","max-snippet":"max-snippet:-1","max-image-preview":"max-image-preview:large","max-video-preview":"max-video-preview:-1"},"canonical":"https:\/\/agrupacionespsoe.es\/pedroche\/el-pp-de-pedroche-sigue-ninguneando-a-determinados-colectivos\/","og_locale":"es_ES","og_type":"article","og_title":"El PP de Pedroche sigue ninguneando a determinados colectivos - Agrupaci\u00f3n Socialista de Pedroche","og_description":"En el pleno del pasado mes de junio, el Grupo Socialista volvi\u00f3 a hacer hincapi\u00e9 en el af\u00e1n de este Equipo de Gobierno del PP de ninguneo a determinados colectivos de Pedroche. Los populares insisten en justificarse continuamente, pero los hechos demuestran su intenci\u00f3n, la invisibilizaci\u00f3n de colectivos hist\u00f3ricamente marginados, como el colectivo LGTBIQ+. Desde ...","og_url":"https:\/\/agrupacionespsoe.es\/pedroche\/el-pp-de-pedroche-sigue-ninguneando-a-determinados-colectivos\/","og_site_name":"Agrupaci\u00f3n Socialista de Pedroche","article_published_time":"2025-07-14T06:31:07+00:00","article_modified_time":"2025-07-14T06:31:08+00:00","og_image":[{"width":1300,"height":637,"url":"https:\/\/agrupacionespsoe.es\/pedroche\/wp-content\/uploads\/sites\/79\/2025\/07\/colectivos.jpg","type":"image\/jpeg"}],"author":"pedroche2","twitter_card":"summary_large_image","twitter_misc":{"Escrito por":"pedroche2","Tiempo de lectura":"2 minutos"},"schema":{"@context":"https:\/\/schema.org","@graph":[{"@type":"Article","@id":"https:\/\/agrupacionespsoe.es\/pedroche\/el-pp-de-pedroche-sigue-ninguneando-a-determinados-colectivos\/#article","isPartOf":{"@id":"https:\/\/agrupacionespsoe.es\/pedroche\/el-pp-de-pedroche-sigue-ninguneando-a-determinados-colectivos\/"},"author":{"name":"pedroche2","@id":"https:\/\/agrupacionespsoe.es\/pedroche\/#\/schema\/person\/acf80f35d39cc7f7bb29d731960fbbf6"},"headline":"El PP de Pedroche sigue ninguneando a determinados colectivos","datePublished":"2025-07-14T06:31:07+00:00","dateModified":"2025-07-14T06:31:08+00:00","mainEntityOfPage":{"@id":"https:\/\/agrupacionespsoe.es\/pedroche\/el-pp-de-pedroche-sigue-ninguneando-a-determinados-colectivos\/"},"wordCount":378,"publisher":{"@id":"https:\/\/agrupacionespsoe.es\/pedroche\/#organization"},"image":{"@id":"https:\/\/agrupacionespsoe.es\/pedroche\/el-pp-de-pedroche-sigue-ninguneando-a-determinados-colectivos\/#primaryimage"},"thumbnailUrl":"https:\/\/agrupacionespsoe.es\/pedroche\/wp-content\/uploads\/sites\/79\/2025\/07\/colectivos.jpg","articleSection":["PEDROCHE"],"inLanguage":"es"},{"@type":"WebPage","@id":"https:\/\/agrupacionespsoe.es\/pedroche\/el-pp-de-pedroche-sigue-ninguneando-a-determinados-colectivos\/","url":"https:\/\/agrupacionespsoe.es\/pedroche\/el-pp-de-pedroche-sigue-ninguneando-a-determinados-colectivos\/","name":"El PP de Pedroche sigue ninguneando a determinados colectivos - Agrupaci\u00f3n Socialista de Pedroche","isPartOf":{"@id":"https:\/\/agrupacionespsoe.es\/pedroche\/#website"},"primaryImageOfPage":{"@id":"https:\/\/agrupacionespsoe.es\/pedroche\/el-pp-de-pedroche-sigue-ninguneando-a-determinados-colectivos\/#primaryimage"},"image":{"@id":"https:\/\/agrupacionespsoe.es\/pedroche\/el-pp-de-pedroche-sigue-ninguneando-a-determinados-colectivos\/#primaryimage"},"thumbnailUrl":"https:\/\/agrupacionespsoe.es\/pedroche\/wp-content\/uploads\/sites\/79\/2025\/07\/colectivos.jpg","datePublished":"2025-07-14T06:31:07+00:00","dateModified":"2025-07-14T06:31:08+00:00","breadcrumb":{"@id":"https:\/\/agrupacionespsoe.es\/pedroche\/el-pp-de-pedroche-sigue-ninguneando-a-determinados-colectivos\/#breadcrumb"},"inLanguage":"es","potentialAction":[{"@type":"ReadAction","target":["https:\/\/agrupacionespsoe.es\/pedroche\/el-pp-de-pedroche-sigue-ninguneando-a-determinados-colectivos\/"]}]},{"@type":"ImageObject","inLanguage":"es","@id":"https:\/\/agrupacionespsoe.es\/pedroche\/el-pp-de-pedroche-sigue-ninguneando-a-determinados-colectivos\/#primaryimage","url":"https:\/\/agrupacionespsoe.es\/pedroche\/wp-content\/uploads\/sites\/79\/2025\/07\/colectivos.jpg","contentUrl":"https:\/\/agrupacionespsoe.es\/pedroche\/wp-content\/uploads\/sites\/79\/2025\/07\/colectivos.jpg","width":1300,"height":637},{"@type":"BreadcrumbList","@id":"https:\/\/agrupacionespsoe.es\/pedroche\/el-pp-de-pedroche-sigue-ninguneando-a-determinados-colectivos\/#breadcrumb","itemListElement":[{"@type":"ListItem","position":1,"name":"Portada","item":"https:\/\/agrupacionespsoe.es\/pedroche\/"},{"@type":"ListItem","position":2,"name":"El PP de Pedroche sigue ninguneando a determinados colectivos"}]},{"@type":"WebSite","@id":"https:\/\/agrupacionespsoe.es\/pedroche\/#website","url":"https:\/\/agrupacionespsoe.es\/pedroche\/","name":"Agrupaci\u00f3n Socialista de Pedroche","description":"Agrupaci\u00f3n Socialista de Pedroche","publisher":{"@id":"https:\/\/agrupacionespsoe.es\/pedroche\/#organization"},"potentialAction":[{"@type":"SearchAction","target":{"@type":"EntryPoint","urlTemplate":"https:\/\/agrupacionespsoe.es\/pedroche\/?s={search_term_string}"},"query-input":{"@type":"PropertyValueSpecification","valueRequired":true,"valueName":"search_term_string"}}],"inLanguage":"es"},{"@type":"Organization","@id":"https:\/\/agrupacionespsoe.es\/pedroche\/#organization","name":"Agrupaci\u00f3n Socialista de Pedroche","url":"https:\/\/agrupacionespsoe.es\/pedroche\/","logo":{"@type":"ImageObject","inLanguage":"es","@id":"https:\/\/agrupacionespsoe.es\/pedroche\/#\/schema\/logo\/image\/","url":"https:\/\/agrupacionespsoe.es\/wp-content\/uploads\/2022\/07\/Logotipo_electoral_del_PSOE.png","contentUrl":"https:\/\/agrupacionespsoe.es\/wp-content\/uploads\/2022\/07\/Logotipo_electoral_del_PSOE.png","width":422,"height":422,"caption":"Agrupaci\u00f3n Socialista de Pedroche"},"image":{"@id":"https:\/\/agrupacionespsoe.es\/pedroche\/#\/schema\/logo\/image\/"}},{"@type":"Person","@id":"https:\/\/agrupacionespsoe.es\/pedroche\/#\/schema\/person\/acf80f35d39cc7f7bb29d731960fbbf6","name":"pedroche2","image":{"@type":"ImageObject","inLanguage":"es","@id":"https:\/\/agrupacionespsoe.es\/pedroche\/#\/schema\/person\/image\/","url":"https:\/\/secure.gravatar.com\/avatar\/1f410c7932c1a650bc65aef28226ac2d?s=96&d=mm&r=g","contentUrl":"https:\/\/secure.gravatar.com\/avatar\/1f410c7932c1a650bc65aef28226ac2d?s=96&d=mm&r=g","caption":"pedroche2"},"url":"https:\/\/agrupacionespsoe.es\/pedroche\/author\/pedroche2\/"}]}},"jetpack_featured_media_url":"https:\/\/agrupacionespsoe.es\/pedroche\/wp-content\/uploads\/sites\/79\/2025\/07\/colectivos.jpg","jetpack_sharing_enabled":true,"_links":{"self":[{"href":"https:\/\/agrupacionespsoe.es\/pedroche\/wp-json\/wp\/v2\/posts\/398","targetHints":{"allow":["GET"]}}],"collection":[{"href":"https:\/\/agrupacionespsoe.es\/pedroche\/wp-json\/wp\/v2\/posts"}],"about":[{"href":"https:\/\/agrupacionespsoe.es\/pedroche\/wp-json\/wp\/v2\/types\/post"}],"author":[{"embeddable":true,"href":"https:\/\/agrupacionespsoe.es\/pedroche\/wp-json\/wp\/v2\/users\/125"}],"replies":[{"embeddable":true,"href":"https:\/\/agrupacionespsoe.es\/pedroche\/wp-json\/wp\/v2\/comments?post=398"}],"version-history":[{"count":3,"href":"https:\/\/agrupacionespsoe.es\/pedroche\/wp-json\/wp\/v2\/posts\/398\/revisions"}],"predecessor-version":[{"id":402,"href":"https:\/\/agrupacionespsoe.es\/pedroche\/wp-json\/wp\/v2\/posts\/398\/revisions\/402"}],"wp:featuredmedia":[{"embeddable":true,"href":"https:\/\/agrupacionespsoe.es\/pedroche\/wp-json\/wp\/v2\/media\/399"}],"wp:attachment":[{"href":"https:\/\/agrupacionespsoe.es\/pedroche\/wp-json\/wp\/v2\/media?parent=398"}],"wp:term":[{"taxonomy":"category","embeddable":true,"href":"https:\/\/agrupacionespsoe.es\/pedroche\/wp-json\/wp\/v2\/categories?post=398"},{"taxonomy":"post_tag","embeddable":true,"href":"https:\/\/agrupacionespsoe.es\/pedroche\/wp-json\/wp\/v2\/tags?post=398"}],"curies":[{"name":"wp","href":"https:\/\/api.w.org\/{rel}","templated":true}]}}